{"id":49182,"date":"2018-01-31T16:13:17","date_gmt":"2018-01-31T19:13:17","guid":{"rendered":"http:\/\/anoticiaonline.com.br\/site\/?p=49182"},"modified":"2018-01-31T16:13:17","modified_gmt":"2018-01-31T19:13:17","slug":"exames-dao-resultado-negativo-para-febre-amarela-em-muriae","status":"publish","type":"post","link":"https:\/\/anoticiaonline.com.br\/site\/exames-dao-resultado-negativo-para-febre-amarela-em-muriae\/","title":{"rendered":"Exames d\u00e3o resultado negativo para febre amarela em Muria\u00e9"},"content":{"rendered":"<p>A febre amarela foi descartada como causa da interna\u00e7\u00e3o de dois pacientes que deram entrada no Hospital S\u00e3o Paulo nos \u00faltimos dias. A informa\u00e7\u00e3o vem da Funda\u00e7\u00e3o Ezequiel Dias, laborat\u00f3rio de Belo Horizonte respons\u00e1vel pela an\u00e1lise do sangue coletado na semana passada, confirmando que os exames de ambos deram negativo para a doen\u00e7a.<\/p>\n<p>O resultado reitera a informa\u00e7\u00e3o emitida na quinta-feira (25), pelo m\u00e9dico Daniel Licy, a respeito da morte da senhora de 79 anos que era uma das pessoas internadas sob suspeita de febre amarela. Na ocasi\u00e3o, o infectologista relatou que a paciente veio a \u00f3bito em consequ\u00eancia de uma icter\u00edcia obstrutiva \u2013 ou seja, de obstru\u00e7\u00e3o das vias de passagem da bile, o fluido que \u00e9 produzido pelo f\u00edgado e armazenado na ves\u00edcula. O problema tamb\u00e9m provoca amarelamento da pele, mas n\u00e3o tem, necessariamente, rela\u00e7\u00e3o com a doen\u00e7a causada pelos mosquitos Haemagogus e Aedes aegypti.<\/p>\n<p><a href=\"https:\/\/anoticiaonline.com.br\/site\/wp-content\/uploads\/2018\/01\/Exames-d\u00e3o-resultado-negativo-para-febre-amarela-em-Muria\u00e9.jpg\"><img fetchpriority=\"high\" decoding=\"async\" class=\"alignnone size-full wp-image-49183\" src=\"https:\/\/anoticiaonline.com.br\/site\/wp-content\/uploads\/2018\/01\/Exames-d\u00e3o-resultado-negativo-para-febre-amarela-em-Muria\u00e9.jpg\" alt=\"\" width=\"640\" height=\"427\" srcset=\"https:\/\/anoticiaonline.com.br\/site\/wp-content\/uploads\/2018\/01\/Exames-d\u00e3o-resultado-negativo-para-febre-amarela-em-Muria\u00e9.jpg 640w, https:\/\/anoticiaonline.com.br\/site\/wp-content\/uploads\/2018\/01\/Exames-d\u00e3o-resultado-negativo-para-febre-amarela-em-Muria\u00e9-300x200.jpg 300w\" sizes=\"(max-width: 640px) 100vw, 640px\" \/><\/a><\/p>\n<p>Vale lembrar que, de acordo com recomenda\u00e7\u00e3o do Minist\u00e9rio da Sa\u00fade, uma dose da vacina \u00e9 suficiente para oferecer prote\u00e7\u00e3o por toda a vida. A imuniza\u00e7\u00e3o est\u00e1 dispon\u00edvel em todos os postos de sa\u00fade da cidade e vem sendo aplicada de acordo com escala criada pela secretaria municipal de Sa\u00fade.<\/p>\n<p><strong>Confira a escala de vacina\u00e7\u00e3o nas unidades de sa\u00fade de Muria\u00e9:<\/strong><br \/>\n<strong>Segundas-feiras:<\/strong>\u00a0Planalto, Dornelas, Porto, Joan\u00f3polis e Gaspar<br \/>\n<strong>Ter\u00e7as-feiras:<\/strong>\u00a0PSF Safira, Barra I e Inconfid\u00eancia<br \/>\n<strong>Quartas-feiras:<\/strong>\u00a0S\u00e3o Gotardo, Cl\u00f3vis de Aquino, S\u00e3o Francisco, Santa Terezinha, S\u00e3o Crist\u00f3v\u00e3o, Jos\u00e9 Cirilo, Cardoso de Melo, Santana, Barra II e Vermelho<br \/>\n<strong>Quintas-feiras:<\/strong>\u00a0Centro, Marambaia, S\u00e3o Pedro, Itamuri, Belis\u00e1rio, Boa Fam\u00edlia, Policl\u00ednica Safira e Aeroporto<br \/>\n<strong>Sextas-feiras:<\/strong>\u00a0Santo Ant\u00f4nio, Bom Jesus da Cachoeira e Primavera<\/p>\n<p>&nbsp;<\/p>\n<p>Cr\u00e9ditos: ASCOM PMM<\/p>\n","protected":false},"excerpt":{"rendered":"<p>A febre amarela foi descartada como causa da interna\u00e7\u00e3o de dois pacientes que deram entrada no Hospital S\u00e3o Paulo nos \u00faltimos dias. A informa\u00e7\u00e3o vem da Funda\u00e7\u00e3o Ezequiel Dias, laborat\u00f3rio de Belo Horizonte respons\u00e1vel pela an\u00e1lise do sangue coletado na semana passada, confirmando que os exames de ambos deram negativo para a doen\u00e7a. O resultado &#8230; <a title=\"Exames d\u00e3o resultado negativo para febre amarela em Muria\u00e9\" class=\"read-more\" href=\"https:\/\/anoticiaonline.com.br\/site\/exames-dao-resultado-negativo-para-febre-amarela-em-muriae\/\" aria-label=\"Read more about Exames d\u00e3o resultado negativo para febre amarela em Muria\u00e9\">Ler mais<\/a><\/p>\n","protected":false},"author":2,"featured_media":49183,"comment_status":"open","ping_status":"open","sticky":false,"template":"","format":"standard","meta":{"_acf_changed":false,"_monsterinsights_skip_tracking":false,"footnotes":""},"categories":[30],"tags":[1914,74,51,50],"class_list":["post-49182","post","type-post","status-publish","format-standard","has-post-thumbnail","hentry","category-muriae","tag-febre-amarela","tag-muriae","tag-saude","tag-vacinacao"],"acf":[],"aioseo_notices":[],"aioseo_head":"\n\t\t<!-- All in One SEO 5.0.0.1 - aioseo.com -->\n\t<meta name=\"description\" content=\"A febre amarela foi descartada como causa da interna\u00e7\u00e3o de dois pacientes que deram entrada no Hospital S\u00e3o Paulo nos \u00faltimos dias. A informa\u00e7\u00e3o vem da Funda\u00e7\u00e3o Ezequiel Dias, laborat\u00f3rio de Belo Horizonte respons\u00e1vel pela an\u00e1lise do sangue coletado na semana passada, confirmando que os exames de ambos deram negativo para a doen\u00e7a. O resultado\" \/>\n\t<meta name=\"robots\" content=\"max-image-preview:large\" \/>\n\t<meta name=\"author\" content=\"Juliana Laviola\"\/>\n\t<link rel=\"canonical\" href=\"https:\/\/anoticiaonline.com.br\/site\/exames-dao-resultado-negativo-para-febre-amarela-em-muriae\/\" \/>\n\t<meta name=\"generator\" content=\"All in One SEO (AIOSEO) 5.0.0.1\" \/>\n\t\t<meta property=\"og:locale\" content=\"pt_BR\" \/>\n\t\t<meta property=\"og:site_name\" content=\"A Not\u00edcia Online - Noticias de Muria\u00e9 e regi\u00e3o\" \/>\n\t\t<meta property=\"og:type\" content=\"article\" \/>\n\t\t<meta property=\"og:title\" content=\"Exames d\u00e3o resultado negativo para febre amarela em Muria\u00e9 - A Not\u00edcia Online\" \/>\n\t\t<meta property=\"og:description\" content=\"A febre amarela foi descartada como causa da interna\u00e7\u00e3o de dois pacientes que deram entrada no Hospital S\u00e3o Paulo nos \u00faltimos dias. A informa\u00e7\u00e3o vem da Funda\u00e7\u00e3o Ezequiel Dias, laborat\u00f3rio de Belo Horizonte respons\u00e1vel pela an\u00e1lise do sangue coletado na semana passada, confirmando que os exames de ambos deram negativo para a doen\u00e7a. O resultado\" \/>\n\t\t<meta property=\"og:url\" content=\"https:\/\/anoticiaonline.com.br\/site\/exames-dao-resultado-negativo-para-febre-amarela-em-muriae\/\" \/>\n\t\t<meta property=\"og:image\" content=\"https:\/\/scontent-gig4-1.xx.fbcdn.net\/v\/t39.30808-1\/270437624_4564083193639691_6907940295614233970_n.jpg?stp=dst-jpg_s200x200_tt6&#038;_nc_cat=111&#038;ccb=1-7&#038;_nc_sid=f907e8&#038;_nc_ohc=SM1wRlP3lJwQ7kNvwEPuBYA&#038;_nc_oc=AdnqrjDN_BNjSSHWO-GbkIWH6fkGMLw4bqvL_NH6e2wMveX7G-rP2dAqsDSq1mJMOaY&#038;_nc_zt=24&#038;_nc_ht=scontent-gig4-1.xx&#038;_nc_gid=AoBFJeGrT1hVaew_6rchkQ&#038;oh=00_AfX7QmFGhQhG2jAllVgXCiM1ZrWgvtp80-Bfppyexh1QEg&#038;oe=689E923C\" \/>\n\t\t<meta property=\"og:image:secure_url\" content=\"https:\/\/scontent-gig4-1.xx.fbcdn.net\/v\/t39.30808-1\/270437624_4564083193639691_6907940295614233970_n.jpg?stp=dst-jpg_s200x200_tt6&#038;_nc_cat=111&#038;ccb=1-7&#038;_nc_sid=f907e8&#038;_nc_ohc=SM1wRlP3lJwQ7kNvwEPuBYA&#038;_nc_oc=AdnqrjDN_BNjSSHWO-GbkIWH6fkGMLw4bqvL_NH6e2wMveX7G-rP2dAqsDSq1mJMOaY&#038;_nc_zt=24&#038;_nc_ht=scontent-gig4-1.xx&#038;_nc_gid=AoBFJeGrT1hVaew_6rchkQ&#038;oh=00_AfX7QmFGhQhG2jAllVgXCiM1ZrWgvtp80-Bfppyexh1QEg&#038;oe=689E923C\" \/>\n\t\t<meta property=\"article:published_time\" content=\"2018-01-31T19:13:17+00:00\" \/>\n\t\t<meta property=\"article:modified_time\" content=\"2018-01-31T19:13:17+00:00\" \/>\n\t\t<meta name=\"twitter:card\" content=\"summary_large_image\" \/>\n\t\t<meta name=\"twitter:title\" content=\"Exames d\u00e3o resultado negativo para febre amarela em Muria\u00e9 - A Not\u00edcia Online\" \/>\n\t\t<meta name=\"twitter:description\" content=\"A febre amarela foi descartada como causa da interna\u00e7\u00e3o de dois pacientes que deram entrada no Hospital S\u00e3o Paulo nos \u00faltimos dias. A informa\u00e7\u00e3o vem da Funda\u00e7\u00e3o Ezequiel Dias, laborat\u00f3rio de Belo Horizonte respons\u00e1vel pela an\u00e1lise do sangue coletado na semana passada, confirmando que os exames de ambos deram negativo para a doen\u00e7a. O resultado\" \/>\n\t\t<meta name=\"twitter:image\" content=\"https:\/\/scontent-gig4-1.xx.fbcdn.net\/v\/t39.30808-1\/270437624_4564083193639691_6907940295614233970_n.jpg?stp=dst-jpg_s200x200_tt6&amp;_nc_cat=111&amp;ccb=1-7&amp;_nc_sid=f907e8&amp;_nc_ohc=SM1wRlP3lJwQ7kNvwEPuBYA&amp;_nc_oc=AdnqrjDN_BNjSSHWO-GbkIWH6fkGMLw4bqvL_NH6e2wMveX7G-rP2dAqsDSq1mJMOaY&amp;_nc_zt=24&amp;_nc_ht=scontent-gig4-1.xx&amp;_nc_gid=AoBFJeGrT1hVaew_6rchkQ&amp;oh=00_AfX7QmFGhQhG2jAllVgXCiM1ZrWgvtp80-Bfppyexh1QEg&amp;oe=689E923C\" \/>\n\t\t<script type=\"application\/ld+json\" class=\"aioseo-schema\">\n\t\t\t{\"@context\":\"https:\\\/\\\/schema.org\",\"@graph\":[{\"@type\":\"BlogPosting\",\"@id\":\"https:\\\/\\\/anoticiaonline.com.br\\\/site\\\/exames-dao-resultado-negativo-para-febre-amarela-em-muriae\\\/#blogposting\",\"name\":\"Exames d\\u00e3o resultado negativo para febre amarela em Muria\\u00e9 - A Not\\u00edcia Online\",\"headline\":\"Exames d\\u00e3o resultado negativo para febre amarela em Muria\\u00e9\",\"author\":{\"@id\":\"https:\\\/\\\/anoticiaonline.com.br\\\/site\\\/author\\\/juliana\\\/#author\"},\"publisher\":{\"@id\":\"https:\\\/\\\/anoticiaonline.com.br\\\/site\\\/#organization\"},\"image\":{\"@type\":\"ImageObject\",\"url\":\"https:\\\/\\\/anoticiaonline.com.br\\\/site\\\/wp-content\\\/uploads\\\/2018\\\/01\\\/Exames-d\\u00e3o-resultado-negativo-para-febre-amarela-em-Muria\\u00e9.jpg\",\"width\":640,\"height\":427},\"datePublished\":\"2018-01-31T16:13:17-03:00\",\"dateModified\":\"2018-01-31T16:13:17-03:00\",\"inLanguage\":\"pt-BR\",\"mainEntityOfPage\":{\"@id\":\"https:\\\/\\\/anoticiaonline.com.br\\\/site\\\/exames-dao-resultado-negativo-para-febre-amarela-em-muriae\\\/#webpage\"},\"isPartOf\":{\"@id\":\"https:\\\/\\\/anoticiaonline.com.br\\\/site\\\/exames-dao-resultado-negativo-para-febre-amarela-em-muriae\\\/#webpage\"},\"articleSection\":\"Blog, febre amarela, Muria\\u00e9, sa\\u00fade, vacina\\u00e7\\u00e3o\"},{\"@type\":\"BreadcrumbList\",\"@id\":\"https:\\\/\\\/anoticiaonline.com.br\\\/site\\\/exames-dao-resultado-negativo-para-febre-amarela-em-muriae\\\/#breadcrumblist\",\"itemListElement\":[{\"@type\":\"ListItem\",\"@id\":\"https:\\\/\\\/anoticiaonline.com.br\\\/site#listItem\",\"position\":1,\"name\":\"Home\",\"item\":\"https:\\\/\\\/anoticiaonline.com.br\\\/site\",\"nextItem\":{\"@type\":\"ListItem\",\"@id\":\"https:\\\/\\\/anoticiaonline.com.br\\\/site\\\/categoria\\\/muriae\\\/#listItem\",\"name\":\"Blog\"}},{\"@type\":\"ListItem\",\"@id\":\"https:\\\/\\\/anoticiaonline.com.br\\\/site\\\/categoria\\\/muriae\\\/#listItem\",\"position\":2,\"name\":\"Blog\",\"item\":\"https:\\\/\\\/anoticiaonline.com.br\\\/site\\\/categoria\\\/muriae\\\/\",\"nextItem\":{\"@type\":\"ListItem\",\"@id\":\"https:\\\/\\\/anoticiaonline.com.br\\\/site\\\/exames-dao-resultado-negativo-para-febre-amarela-em-muriae\\\/#listItem\",\"name\":\"Exames d\\u00e3o resultado negativo para febre amarela em Muria\\u00e9\"},\"previousItem\":{\"@type\":\"ListItem\",\"@id\":\"https:\\\/\\\/anoticiaonline.com.br\\\/site#listItem\",\"name\":\"Home\"}},{\"@type\":\"ListItem\",\"@id\":\"https:\\\/\\\/anoticiaonline.com.br\\\/site\\\/exames-dao-resultado-negativo-para-febre-amarela-em-muriae\\\/#listItem\",\"position\":3,\"name\":\"Exames d\\u00e3o resultado negativo para febre amarela em Muria\\u00e9\",\"previousItem\":{\"@type\":\"ListItem\",\"@id\":\"https:\\\/\\\/anoticiaonline.com.br\\\/site\\\/categoria\\\/muriae\\\/#listItem\",\"name\":\"Blog\"}}]},{\"@type\":\"Organization\",\"@id\":\"https:\\\/\\\/anoticiaonline.com.br\\\/site\\\/#organization\",\"name\":\"A Not\\u00edcia Online\",\"description\":\"Noticias de Muria\\u00e9 e regi\\u00e3o\",\"url\":\"https:\\\/\\\/anoticiaonline.com.br\\\/site\\\/\",\"logo\":{\"@type\":\"ImageObject\",\"url\":\"https:\\\/\\\/scontent-gig4-1.xx.fbcdn.net\\\/v\\\/t39.30808-1\\\/270437624_4564083193639691_6907940295614233970_n.jpg?stp=dst-jpg_s200x200_tt6&_nc_cat=111&ccb=1-7&_nc_sid=f907e8&_nc_ohc=SM1wRlP3lJwQ7kNvwEPuBYA&_nc_oc=AdnqrjDN_BNjSSHWO-GbkIWH6fkGMLw4bqvL_NH6e2wMveX7G-rP2dAqsDSq1mJMOaY&_nc_zt=24&_nc_ht=scontent-gig4-1.xx&_nc_gid=AoBFJeGrT1hVaew_6rchkQ&oh=00_AfX7QmFGhQhG2jAllVgXCiM1ZrWgvtp80-Bfppyexh1QEg&oe=689E923C\",\"@id\":\"https:\\\/\\\/anoticiaonline.com.br\\\/site\\\/exames-dao-resultado-negativo-para-febre-amarela-em-muriae\\\/#organizationLogo\"},\"image\":{\"@id\":\"https:\\\/\\\/anoticiaonline.com.br\\\/site\\\/exames-dao-resultado-negativo-para-febre-amarela-em-muriae\\\/#organizationLogo\"}},{\"@type\":\"Person\",\"@id\":\"https:\\\/\\\/anoticiaonline.com.br\\\/site\\\/author\\\/juliana\\\/#author\",\"url\":\"https:\\\/\\\/anoticiaonline.com.br\\\/site\\\/author\\\/juliana\\\/\",\"name\":\"Juliana Laviola\",\"image\":{\"@type\":\"ImageObject\",\"@id\":\"https:\\\/\\\/anoticiaonline.com.br\\\/site\\\/exames-dao-resultado-negativo-para-febre-amarela-em-muriae\\\/#authorImage\",\"url\":\"https:\\\/\\\/secure.gravatar.com\\\/avatar\\\/b8d45f5c699b100dfaf0e543582f38f38bf94cb7ae3a5e9abf8d891a34773335?s=96&d=mm&r=g\",\"width\":96,\"height\":96,\"caption\":\"Juliana Laviola\"}},{\"@type\":\"WebPage\",\"@id\":\"https:\\\/\\\/anoticiaonline.com.br\\\/site\\\/exames-dao-resultado-negativo-para-febre-amarela-em-muriae\\\/#webpage\",\"url\":\"https:\\\/\\\/anoticiaonline.com.br\\\/site\\\/exames-dao-resultado-negativo-para-febre-amarela-em-muriae\\\/\",\"name\":\"Exames d\\u00e3o resultado negativo para febre amarela em Muria\\u00e9 - A Not\\u00edcia Online\",\"description\":\"A febre amarela foi descartada como causa da interna\\u00e7\\u00e3o de dois pacientes que deram entrada no Hospital S\\u00e3o Paulo nos \\u00faltimos dias. A informa\\u00e7\\u00e3o vem da Funda\\u00e7\\u00e3o Ezequiel Dias, laborat\\u00f3rio de Belo Horizonte respons\\u00e1vel pela an\\u00e1lise do sangue coletado na semana passada, confirmando que os exames de ambos deram negativo para a doen\\u00e7a. O resultado\",\"inLanguage\":\"pt-BR\",\"isPartOf\":{\"@id\":\"https:\\\/\\\/anoticiaonline.com.br\\\/site\\\/#website\"},\"breadcrumb\":{\"@id\":\"https:\\\/\\\/anoticiaonline.com.br\\\/site\\\/exames-dao-resultado-negativo-para-febre-amarela-em-muriae\\\/#breadcrumblist\"},\"author\":{\"@id\":\"https:\\\/\\\/anoticiaonline.com.br\\\/site\\\/author\\\/juliana\\\/#author\"},\"creator\":{\"@id\":\"https:\\\/\\\/anoticiaonline.com.br\\\/site\\\/author\\\/juliana\\\/#author\"},\"image\":{\"@type\":\"ImageObject\",\"url\":\"https:\\\/\\\/anoticiaonline.com.br\\\/site\\\/wp-content\\\/uploads\\\/2018\\\/01\\\/Exames-d\\u00e3o-resultado-negativo-para-febre-amarela-em-Muria\\u00e9.jpg\",\"@id\":\"https:\\\/\\\/anoticiaonline.com.br\\\/site\\\/exames-dao-resultado-negativo-para-febre-amarela-em-muriae\\\/#mainImage\",\"width\":640,\"height\":427},\"primaryImageOfPage\":{\"@id\":\"https:\\\/\\\/anoticiaonline.com.br\\\/site\\\/exames-dao-resultado-negativo-para-febre-amarela-em-muriae\\\/#mainImage\"},\"datePublished\":\"2018-01-31T16:13:17-03:00\",\"dateModified\":\"2018-01-31T16:13:17-03:00\"},{\"@type\":\"WebSite\",\"@id\":\"https:\\\/\\\/anoticiaonline.com.br\\\/site\\\/#website\",\"url\":\"https:\\\/\\\/anoticiaonline.com.br\\\/site\\\/\",\"name\":\"A Not\\u00edcia Online\",\"description\":\"Noticias de Muria\\u00e9 e regi\\u00e3o\",\"inLanguage\":\"pt-BR\",\"publisher\":{\"@id\":\"https:\\\/\\\/anoticiaonline.com.br\\\/site\\\/#organization\"}}]}\n\t\t<\/script>\n\t\t<!-- All in One SEO -->\n\n","aioseo_head_json":{"title":"Exames d\u00e3o resultado negativo para febre amarela em Muria\u00e9 - A Not\u00edcia Online","description":"A febre amarela foi descartada como causa da interna\u00e7\u00e3o de dois pacientes que deram entrada no Hospital S\u00e3o Paulo nos \u00faltimos dias. A informa\u00e7\u00e3o vem da Funda\u00e7\u00e3o Ezequiel Dias, laborat\u00f3rio de Belo Horizonte respons\u00e1vel pela an\u00e1lise do sangue coletado na semana passada, confirmando que os exames de ambos deram negativo para a doen\u00e7a. O resultado","canonical_url":"https:\/\/anoticiaonline.com.br\/site\/exames-dao-resultado-negativo-para-febre-amarela-em-muriae\/","robots":"max-image-preview:large","keywords":"","webmasterTools":{"miscellaneous":""},"schema":{"@context":"https:\/\/schema.org","@graph":[{"@type":"BlogPosting","@id":"https:\/\/anoticiaonline.com.br\/site\/exames-dao-resultado-negativo-para-febre-amarela-em-muriae\/#blogposting","name":"Exames d\u00e3o resultado negativo para febre amarela em Muria\u00e9 - A Not\u00edcia Online","headline":"Exames d\u00e3o resultado negativo para febre amarela em Muria\u00e9","author":{"@id":"https:\/\/anoticiaonline.com.br\/site\/author\/juliana\/#author"},"publisher":{"@id":"https:\/\/anoticiaonline.com.br\/site\/#organization"},"image":{"@type":"ImageObject","url":"https:\/\/anoticiaonline.com.br\/site\/wp-content\/uploads\/2018\/01\/Exames-d\u00e3o-resultado-negativo-para-febre-amarela-em-Muria\u00e9.jpg","width":640,"height":427},"datePublished":"2018-01-31T16:13:17-03:00","dateModified":"2018-01-31T16:13:17-03:00","inLanguage":"pt-BR","mainEntityOfPage":{"@id":"https:\/\/anoticiaonline.com.br\/site\/exames-dao-resultado-negativo-para-febre-amarela-em-muriae\/#webpage"},"isPartOf":{"@id":"https:\/\/anoticiaonline.com.br\/site\/exames-dao-resultado-negativo-para-febre-amarela-em-muriae\/#webpage"},"articleSection":"Blog, febre amarela, Muria\u00e9, sa\u00fade, vacina\u00e7\u00e3o"},{"@type":"BreadcrumbList","@id":"https:\/\/anoticiaonline.com.br\/site\/exames-dao-resultado-negativo-para-febre-amarela-em-muriae\/#breadcrumblist","itemListElement":[{"@type":"ListItem","@id":"https:\/\/anoticiaonline.com.br\/site#listItem","position":1,"name":"Home","item":"https:\/\/anoticiaonline.com.br\/site","nextItem":{"@type":"ListItem","@id":"https:\/\/anoticiaonline.com.br\/site\/categoria\/muriae\/#listItem","name":"Blog"}},{"@type":"ListItem","@id":"https:\/\/anoticiaonline.com.br\/site\/categoria\/muriae\/#listItem","position":2,"name":"Blog","item":"https:\/\/anoticiaonline.com.br\/site\/categoria\/muriae\/","nextItem":{"@type":"ListItem","@id":"https:\/\/anoticiaonline.com.br\/site\/exames-dao-resultado-negativo-para-febre-amarela-em-muriae\/#listItem","name":"Exames d\u00e3o resultado negativo para febre amarela em Muria\u00e9"},"previousItem":{"@type":"ListItem","@id":"https:\/\/anoticiaonline.com.br\/site#listItem","name":"Home"}},{"@type":"ListItem","@id":"https:\/\/anoticiaonline.com.br\/site\/exames-dao-resultado-negativo-para-febre-amarela-em-muriae\/#listItem","position":3,"name":"Exames d\u00e3o resultado negativo para febre amarela em Muria\u00e9","previousItem":{"@type":"ListItem","@id":"https:\/\/anoticiaonline.com.br\/site\/categoria\/muriae\/#listItem","name":"Blog"}}]},{"@type":"Organization","@id":"https:\/\/anoticiaonline.com.br\/site\/#organization","name":"A Not\u00edcia Online","description":"Noticias de Muria\u00e9 e regi\u00e3o","url":"https:\/\/anoticiaonline.com.br\/site\/","logo":{"@type":"ImageObject","url":"https:\/\/scontent-gig4-1.xx.fbcdn.net\/v\/t39.30808-1\/270437624_4564083193639691_6907940295614233970_n.jpg?stp=dst-jpg_s200x200_tt6&_nc_cat=111&ccb=1-7&_nc_sid=f907e8&_nc_ohc=SM1wRlP3lJwQ7kNvwEPuBYA&_nc_oc=AdnqrjDN_BNjSSHWO-GbkIWH6fkGMLw4bqvL_NH6e2wMveX7G-rP2dAqsDSq1mJMOaY&_nc_zt=24&_nc_ht=scontent-gig4-1.xx&_nc_gid=AoBFJeGrT1hVaew_6rchkQ&oh=00_AfX7QmFGhQhG2jAllVgXCiM1ZrWgvtp80-Bfppyexh1QEg&oe=689E923C","@id":"https:\/\/anoticiaonline.com.br\/site\/exames-dao-resultado-negativo-para-febre-amarela-em-muriae\/#organizationLogo"},"image":{"@id":"https:\/\/anoticiaonline.com.br\/site\/exames-dao-resultado-negativo-para-febre-amarela-em-muriae\/#organizationLogo"}},{"@type":"Person","@id":"https:\/\/anoticiaonline.com.br\/site\/author\/juliana\/#author","url":"https:\/\/anoticiaonline.com.br\/site\/author\/juliana\/","name":"Juliana Laviola","image":{"@type":"ImageObject","@id":"https:\/\/anoticiaonline.com.br\/site\/exames-dao-resultado-negativo-para-febre-amarela-em-muriae\/#authorImage","url":"https:\/\/secure.gravatar.com\/avatar\/b8d45f5c699b100dfaf0e543582f38f38bf94cb7ae3a5e9abf8d891a34773335?s=96&d=mm&r=g","width":96,"height":96,"caption":"Juliana Laviola"}},{"@type":"WebPage","@id":"https:\/\/anoticiaonline.com.br\/site\/exames-dao-resultado-negativo-para-febre-amarela-em-muriae\/#webpage","url":"https:\/\/anoticiaonline.com.br\/site\/exames-dao-resultado-negativo-para-febre-amarela-em-muriae\/","name":"Exames d\u00e3o resultado negativo para febre amarela em Muria\u00e9 - A Not\u00edcia Online","description":"A febre amarela foi descartada como causa da interna\u00e7\u00e3o de dois pacientes que deram entrada no Hospital S\u00e3o Paulo nos \u00faltimos dias. A informa\u00e7\u00e3o vem da Funda\u00e7\u00e3o Ezequiel Dias, laborat\u00f3rio de Belo Horizonte respons\u00e1vel pela an\u00e1lise do sangue coletado na semana passada, confirmando que os exames de ambos deram negativo para a doen\u00e7a. O resultado","inLanguage":"pt-BR","isPartOf":{"@id":"https:\/\/anoticiaonline.com.br\/site\/#website"},"breadcrumb":{"@id":"https:\/\/anoticiaonline.com.br\/site\/exames-dao-resultado-negativo-para-febre-amarela-em-muriae\/#breadcrumblist"},"author":{"@id":"https:\/\/anoticiaonline.com.br\/site\/author\/juliana\/#author"},"creator":{"@id":"https:\/\/anoticiaonline.com.br\/site\/author\/juliana\/#author"},"image":{"@type":"ImageObject","url":"https:\/\/anoticiaonline.com.br\/site\/wp-content\/uploads\/2018\/01\/Exames-d\u00e3o-resultado-negativo-para-febre-amarela-em-Muria\u00e9.jpg","@id":"https:\/\/anoticiaonline.com.br\/site\/exames-dao-resultado-negativo-para-febre-amarela-em-muriae\/#mainImage","width":640,"height":427},"primaryImageOfPage":{"@id":"https:\/\/anoticiaonline.com.br\/site\/exames-dao-resultado-negativo-para-febre-amarela-em-muriae\/#mainImage"},"datePublished":"2018-01-31T16:13:17-03:00","dateModified":"2018-01-31T16:13:17-03:00"},{"@type":"WebSite","@id":"https:\/\/anoticiaonline.com.br\/site\/#website","url":"https:\/\/anoticiaonline.com.br\/site\/","name":"A Not\u00edcia Online","description":"Noticias de Muria\u00e9 e regi\u00e3o","inLanguage":"pt-BR","publisher":{"@id":"https:\/\/anoticiaonline.com.br\/site\/#organization"}}]},"og:locale":"pt_BR","og:site_name":"A Not\u00edcia Online - Noticias de Muria\u00e9 e regi\u00e3o","og:type":"article","og:title":"Exames d\u00e3o resultado negativo para febre amarela em Muria\u00e9 - A Not\u00edcia Online","og:description":"A febre amarela foi descartada como causa da interna\u00e7\u00e3o de dois pacientes que deram entrada no Hospital S\u00e3o Paulo nos \u00faltimos dias. A informa\u00e7\u00e3o vem da Funda\u00e7\u00e3o Ezequiel Dias, laborat\u00f3rio de Belo Horizonte respons\u00e1vel pela an\u00e1lise do sangue coletado na semana passada, confirmando que os exames de ambos deram negativo para a doen\u00e7a. O resultado","og:url":"https:\/\/anoticiaonline.com.br\/site\/exames-dao-resultado-negativo-para-febre-amarela-em-muriae\/","og:image":"https:\/\/scontent-gig4-1.xx.fbcdn.net\/v\/t39.30808-1\/270437624_4564083193639691_6907940295614233970_n.jpg?stp=dst-jpg_s200x200_tt6&#038;_nc_cat=111&#038;ccb=1-7&#038;_nc_sid=f907e8&#038;_nc_ohc=SM1wRlP3lJwQ7kNvwEPuBYA&#038;_nc_oc=AdnqrjDN_BNjSSHWO-GbkIWH6fkGMLw4bqvL_NH6e2wMveX7G-rP2dAqsDSq1mJMOaY&#038;_nc_zt=24&#038;_nc_ht=scontent-gig4-1.xx&#038;_nc_gid=AoBFJeGrT1hVaew_6rchkQ&#038;oh=00_AfX7QmFGhQhG2jAllVgXCiM1ZrWgvtp80-Bfppyexh1QEg&#038;oe=689E923C","og:image:secure_url":"https:\/\/scontent-gig4-1.xx.fbcdn.net\/v\/t39.30808-1\/270437624_4564083193639691_6907940295614233970_n.jpg?stp=dst-jpg_s200x200_tt6&#038;_nc_cat=111&#038;ccb=1-7&#038;_nc_sid=f907e8&#038;_nc_ohc=SM1wRlP3lJwQ7kNvwEPuBYA&#038;_nc_oc=AdnqrjDN_BNjSSHWO-GbkIWH6fkGMLw4bqvL_NH6e2wMveX7G-rP2dAqsDSq1mJMOaY&#038;_nc_zt=24&#038;_nc_ht=scontent-gig4-1.xx&#038;_nc_gid=AoBFJeGrT1hVaew_6rchkQ&#038;oh=00_AfX7QmFGhQhG2jAllVgXCiM1ZrWgvtp80-Bfppyexh1QEg&#038;oe=689E923C","article:published_time":"2018-01-31T19:13:17+00:00","article:modified_time":"2018-01-31T19:13:17+00:00","twitter:card":"summary_large_image","twitter:title":"Exames d\u00e3o resultado negativo para febre amarela em Muria\u00e9 - A Not\u00edcia Online","twitter:description":"A febre amarela foi descartada como causa da interna\u00e7\u00e3o de dois pacientes que deram entrada no Hospital S\u00e3o Paulo nos \u00faltimos dias. A informa\u00e7\u00e3o vem da Funda\u00e7\u00e3o Ezequiel Dias, laborat\u00f3rio de Belo Horizonte respons\u00e1vel pela an\u00e1lise do sangue coletado na semana passada, confirmando que os exames de ambos deram negativo para a doen\u00e7a. O resultado","twitter:image":"https:\/\/scontent-gig4-1.xx.fbcdn.net\/v\/t39.30808-1\/270437624_4564083193639691_6907940295614233970_n.jpg?stp=dst-jpg_s200x200_tt6&_nc_cat=111&ccb=1-7&_nc_sid=f907e8&_nc_ohc=SM1wRlP3lJwQ7kNvwEPuBYA&_nc_oc=AdnqrjDN_BNjSSHWO-GbkIWH6fkGMLw4bqvL_NH6e2wMveX7G-rP2dAqsDSq1mJMOaY&_nc_zt=24&_nc_ht=scontent-gig4-1.xx&_nc_gid=AoBFJeGrT1hVaew_6rchkQ&oh=00_AfX7QmFGhQhG2jAllVgXCiM1ZrWgvtp80-Bfppyexh1QEg&oe=689E923C"},"aioseo_meta_data":{"post_id":"49182","title":null,"description":null,"keywords":null,"keyphrases":null,"primary_term":null,"canonical_url":null,"og_title":null,"og_description":null,"og_object_type":"default","og_image_type":"default","og_image_url":null,"og_image_width":null,"og_image_height":null,"og_image_custom_url":null,"og_image_custom_fields":null,"og_video":null,"og_custom_url":null,"og_article_section":null,"og_article_tags":null,"twitter_use_og":false,"twitter_card":"default","twitter_image_type":"default","twitter_image_url":null,"twitter_image_custom_url":null,"twitter_image_custom_fields":null,"twitter_title":null,"twitter_description":null,"schema":{"blockGraphs":[],"customGraphs":[],"default":{"data":{"Article":[],"Course":[],"Dataset":[],"FAQPage":[],"Movie":[],"Person":[],"Product":[],"ProductReview":[],"Car":[],"Recipe":[],"Service":[],"SoftwareApplication":[],"WebPage":[]},"graphName":"","isEnabled":true},"graphs":[]},"schema_type":"default","schema_type_options":null,"pillar_content":false,"robots_default":true,"robots_noindex":false,"robots_noarchive":false,"robots_nosnippet":false,"robots_nofollow":false,"robots_noimageindex":false,"robots_noodp":false,"robots_notranslate":false,"robots_max_snippet":null,"robots_max_videopreview":null,"robots_max_imagepreview":"large","priority":null,"frequency":null,"local_seo":null,"breadcrumb_settings":null,"limit_modified_date":false,"ai":null,"created":"2025-08-16 20:12:18","updated":"2025-08-16 20:12:18","focus_keyword":null,"additional_keywords":null,"truseo_locale":null,"seo_analyzer_scan_date":null},"aioseo_breadcrumb":"<div class=\"aioseo-breadcrumbs\"><span class=\"aioseo-breadcrumb\">\n\t\t\t<a href=\"https:\/\/anoticiaonline.com.br\/site\" title=\"Home\">Home<\/a>\n\t\t<\/span><span class=\"aioseo-breadcrumb-separator\">&raquo;<\/span><span class=\"aioseo-breadcrumb\">\n\t\t\t<a href=\"https:\/\/anoticiaonline.com.br\/site\/categoria\/muriae\/\" title=\"Blog\">Blog<\/a>\n\t\t<\/span><span class=\"aioseo-breadcrumb-separator\">&raquo;<\/span><span class=\"aioseo-breadcrumb\">\n\t\t\tExames d\u00e3o resultado negativo para febre amarela em Muria\u00e9\n\t\t<\/span><\/div>","aioseo_breadcrumb_json":[{"label":"Home","link":"https:\/\/anoticiaonline.com.br\/site"},{"label":"Blog","link":"https:\/\/anoticiaonline.com.br\/site\/categoria\/muriae\/"},{"label":"Exames d\u00e3o resultado negativo para febre amarela em Muria\u00e9","link":"https:\/\/anoticiaonline.com.br\/site\/exames-dao-resultado-negativo-para-febre-amarela-em-muriae\/"}],"views":145,"_links":{"self":[{"href":"https:\/\/anoticiaonline.com.br\/site\/wp-json\/wp\/v2\/posts\/49182","targetHints":{"allow":["GET"]}}],"collection":[{"href":"https:\/\/anoticiaonline.com.br\/site\/wp-json\/wp\/v2\/posts"}],"about":[{"href":"https:\/\/anoticiaonline.com.br\/site\/wp-json\/wp\/v2\/types\/post"}],"author":[{"embeddable":true,"href":"https:\/\/anoticiaonline.com.br\/site\/wp-json\/wp\/v2\/users\/2"}],"replies":[{"embeddable":true,"href":"https:\/\/anoticiaonline.com.br\/site\/wp-json\/wp\/v2\/comments?post=49182"}],"version-history":[{"count":0,"href":"https:\/\/anoticiaonline.com.br\/site\/wp-json\/wp\/v2\/posts\/49182\/revisions"}],"wp:featuredmedia":[{"embeddable":true,"href":"https:\/\/anoticiaonline.com.br\/site\/wp-json\/wp\/v2\/media\/49183"}],"wp:attachment":[{"href":"https:\/\/anoticiaonline.com.br\/site\/wp-json\/wp\/v2\/media?parent=49182"}],"wp:term":[{"taxonomy":"category","embeddable":true,"href":"https:\/\/anoticiaonline.com.br\/site\/wp-json\/wp\/v2\/categories?post=49182"},{"taxonomy":"post_tag","embeddable":true,"href":"https:\/\/anoticiaonline.com.br\/site\/wp-json\/wp\/v2\/tags?post=49182"}],"curies":[{"name":"wp","href":"https:\/\/api.w.org\/{rel}","templated":true}]}}