{"id":49135,"date":"2018-01-24T09:44:25","date_gmt":"2018-01-24T12:44:25","guid":{"rendered":"http:\/\/anoticiaonline.com.br\/site\/?p=49135"},"modified":"2020-01-27T14:00:44","modified_gmt":"2020-01-27T17:00:44","slug":"cavalgada-reune-amantes-do-cavalo-em-distrito-de-muriae","status":"publish","type":"post","link":"https:\/\/anoticiaonline.com.br\/site\/cavalgada-reune-amantes-do-cavalo-em-distrito-de-muriae\/","title":{"rendered":"Cavalgada re\u00fane amantes do cavalo"},"content":{"rendered":"<p><em><a href=\"https:\/\/anoticiaonline.com.br\/site\/wp-content\/uploads\/2018\/01\/DSC_0385.jpg\"><img fetchpriority=\"high\" decoding=\"async\" class=\"aligncenter size-full wp-image-49146\" src=\"https:\/\/anoticiaonline.com.br\/site\/wp-content\/uploads\/2018\/01\/DSC_0385.jpg\" alt=\"\" width=\"640\" height=\"427\" srcset=\"https:\/\/anoticiaonline.com.br\/site\/wp-content\/uploads\/2018\/01\/DSC_0385.jpg 640w, https:\/\/anoticiaonline.com.br\/site\/wp-content\/uploads\/2018\/01\/DSC_0385-300x200.jpg 300w\" sizes=\"(max-width: 640px) 100vw, 640px\" \/><\/a><a href=\"https:\/\/anoticiaonline.com.br\/site\/wp-content\/uploads\/2018\/01\/DSC_0380.jpg\"><img decoding=\"async\" class=\"aligncenter size-full wp-image-49144\" src=\"https:\/\/anoticiaonline.com.br\/site\/wp-content\/uploads\/2018\/01\/DSC_0380.jpg\" alt=\"\" width=\"640\" height=\"427\" srcset=\"https:\/\/anoticiaonline.com.br\/site\/wp-content\/uploads\/2018\/01\/DSC_0380.jpg 640w, https:\/\/anoticiaonline.com.br\/site\/wp-content\/uploads\/2018\/01\/DSC_0380-300x200.jpg 300w\" sizes=\"(max-width: 640px) 100vw, 640px\" \/><\/a><a href=\"https:\/\/anoticiaonline.com.br\/site\/wp-content\/uploads\/2018\/01\/DSC_0362.jpg\"><img decoding=\"async\" class=\"aligncenter size-full wp-image-49140\" src=\"https:\/\/anoticiaonline.com.br\/site\/wp-content\/uploads\/2018\/01\/DSC_0362.jpg\" alt=\"\" width=\"513\" height=\"393\" srcset=\"https:\/\/anoticiaonline.com.br\/site\/wp-content\/uploads\/2018\/01\/DSC_0362.jpg 513w, https:\/\/anoticiaonline.com.br\/site\/wp-content\/uploads\/2018\/01\/DSC_0362-300x230.jpg 300w\" sizes=\"(max-width: 513px) 100vw, 513px\" \/><\/a><\/em><\/p>\n<p><strong><em>Evento contou com o apoio e incentivo do muriaeense Rog\u00e9rio do Carmo<\/em><\/strong><\/p>\n<p>Valorizar e incentivar a cultura: estes foram os objetivos da Cavalgada que saiu do distrito de Boa Fam\u00edlia e chegou at\u00e9 a Fazenda \u00c1gua Santa, na manh\u00e3 de domingo (21). A organiza\u00e7\u00e3o ficou por conta da locutora e entusiasta do meio rural, Giani Carla Aguiar Braga, e contou com o apoio do muriaeense Rog\u00e9rio do Carmo Pereira.<br \/>\nDezenas de cavaleiros vindos de v\u00e1rias regi\u00f5es como: Divis\u00f3rio, C\u00f3rrego da Laje, Inhambu, Macuco, S\u00e3o Fernando, Boa Fam\u00edlia e Bom Jesus da Cachoeira percorreram um percurso de 6 km at\u00e9 chegarem \u00e0 Fazenda, na propriedade do Sr. Pedro Luiz Pereira, onde, em seguida, foi servido um delicioso almo\u00e7o feito no fog\u00e3o a lenha, acompanhado de muita \u2018moda de viola\u2019.<br \/>\nGiani Carla afirmou que a ideia foi reunir os amantes e aficionados pelo cavalo. \u201cTemos cavaleiros e amazonas da \u00c1gua Santa, que \u00e9 um lugar estrat\u00e9gico, por ficar entre os distritos de Bom Jesus da Cachoeira, S\u00e3o Fernando e Boa Fam\u00edlia. Aqui j\u00e1 existe a tradi\u00e7\u00e3o de cavalgada e n\u00e3o podemos deixar isso morrer. Agrade\u00e7o a todos que compareceram e tamb\u00e9m aos apoiadores Rog\u00e9rio do Carmo e Waldeci Jos\u00e9\u201d.<br \/>\nSegundo ao anfitri\u00e3o, Sr. Pedro Luiz, sua fam\u00edlia sempre gostou muito de Cavalgada e coincidiu da Giani fazer o convite, que foi aceito por ele e por sua fam\u00edlia. \u201cTodos s\u00e3o amigos e muito bem vindos. Espero que essa seja a primeira de muitas cavalgadas que vamos realizar aqui.\u201d O produtor ainda contou que a festa tamb\u00e9m comemorou o anivers\u00e1rio da sua esposa, D. Alice Maria de Jesus Pereira, que aniversaria no dia 31 de janeiro. \u201cEla \u00e9 minha companheira na vida e na lida aqui na ro\u00e7a\u201d, salientou.<br \/>\nA cavalgada \u00e9 sempre um resgate \u00e0 cultura, lembra-se sempre da \u00e9poca em que o pa\u00eds era movido pelas tropas de mulas e burros. Pensando nesse resgate \u00e9 que o muriaaense Rog\u00e9rio do Carmo procurou incentivar e apoiar o evento. \u201cPara mim \u00e9 sempre um prazer apoiar os eventos na nossa cidade de Muria\u00e9 e distritos, sejam eles no esporte, lazer, no meio rural ou cultural. No mundo em que vivemos, com tanta correria e tecnologia, \u00e9 raro podermos estar em fam\u00edlia, aproveitando momentos de paz e tranquilidade. Em v\u00e1rias cavalgadas que fui, seja na Usina da Fuma\u00e7a ou Itamuri, sempre vi crian\u00e7as de 4 a 10 anos preocupadas em cuidar dos animais e do meio ambiente. \u00c9 isso o que quero incentivar\u201d, refor\u00e7ou.<\/p>\n<p>Rog\u00e9rio do Carmo ainda aproveitou para enviar um recado. \u201cTemos que incentivar todas as a\u00e7\u00f5es que valorizem o homem do campo, pois ele \u00e9 quem produz os nossos bens aliment\u00edcios: nossas verduras, legumes, leite e seus derivados. Nossa alimenta\u00e7\u00e3o saud\u00e1vel e nossa qualidade de vida dependem diretamente dos produtores rurais. Na oportunidade agrade\u00e7o \u00e0 Giani por \u2018tomar a r\u00e9dea\u2019 da condu\u00e7\u00e3o do evento e ao Sr. Pedro Luiz por abrir as porteiras da sua fazenda para essa realiza\u00e7\u00e3o\u201d, finalizou.<\/p>\n<p><em><a href=\"https:\/\/anoticiaonline.com.br\/site\/wp-content\/uploads\/2018\/01\/DSC_0383.jpg\"><img loading=\"lazy\" decoding=\"async\" class=\"aligncenter size-full wp-image-49145\" src=\"https:\/\/anoticiaonline.com.br\/site\/wp-content\/uploads\/2018\/01\/DSC_0383.jpg\" alt=\"\" width=\"640\" height=\"427\" srcset=\"https:\/\/anoticiaonline.com.br\/site\/wp-content\/uploads\/2018\/01\/DSC_0383.jpg 640w, https:\/\/anoticiaonline.com.br\/site\/wp-content\/uploads\/2018\/01\/DSC_0383-300x200.jpg 300w\" sizes=\"(max-width: 640px) 100vw, 640px\" \/><\/a><a href=\"https:\/\/anoticiaonline.com.br\/site\/wp-content\/uploads\/2018\/01\/DSC_0354.jpg\"><img loading=\"lazy\" decoding=\"async\" class=\"aligncenter size-full wp-image-49137\" src=\"https:\/\/anoticiaonline.com.br\/site\/wp-content\/uploads\/2018\/01\/DSC_0354.jpg\" alt=\"\" width=\"640\" height=\"377\" srcset=\"https:\/\/anoticiaonline.com.br\/site\/wp-content\/uploads\/2018\/01\/DSC_0354.jpg 640w, https:\/\/anoticiaonline.com.br\/site\/wp-content\/uploads\/2018\/01\/DSC_0354-300x177.jpg 300w\" sizes=\"(max-width: 640px) 100vw, 640px\" \/><\/a><a href=\"https:\/\/anoticiaonline.com.br\/site\/wp-content\/uploads\/2018\/01\/DSC_0365.jpg\"><img loading=\"lazy\" decoding=\"async\" class=\"aligncenter size-full wp-image-49141\" src=\"https:\/\/anoticiaonline.com.br\/site\/wp-content\/uploads\/2018\/01\/DSC_0365.jpg\" alt=\"\" width=\"640\" height=\"427\" srcset=\"https:\/\/anoticiaonline.com.br\/site\/wp-content\/uploads\/2018\/01\/DSC_0365.jpg 640w, https:\/\/anoticiaonline.com.br\/site\/wp-content\/uploads\/2018\/01\/DSC_0365-300x200.jpg 300w\" sizes=\"(max-width: 640px) 100vw, 640px\" \/><\/a> <a href=\"https:\/\/anoticiaonline.com.br\/site\/wp-content\/uploads\/2018\/01\/DSC_0374.jpg\"><img loading=\"lazy\" decoding=\"async\" class=\"aligncenter size-full wp-image-49142\" src=\"https:\/\/anoticiaonline.com.br\/site\/wp-content\/uploads\/2018\/01\/DSC_0374.jpg\" alt=\"\" width=\"640\" height=\"427\" srcset=\"https:\/\/anoticiaonline.com.br\/site\/wp-content\/uploads\/2018\/01\/DSC_0374.jpg 640w, https:\/\/anoticiaonline.com.br\/site\/wp-content\/uploads\/2018\/01\/DSC_0374-300x200.jpg 300w\" sizes=\"(max-width: 640px) 100vw, 640px\" \/><\/a> <a href=\"https:\/\/anoticiaonline.com.br\/site\/wp-content\/uploads\/2018\/01\/DSC_0378.jpg\"><img loading=\"lazy\" decoding=\"async\" class=\"aligncenter size-full wp-image-49143\" src=\"https:\/\/anoticiaonline.com.br\/site\/wp-content\/uploads\/2018\/01\/DSC_0378.jpg\" alt=\"\" width=\"640\" height=\"427\" srcset=\"https:\/\/anoticiaonline.com.br\/site\/wp-content\/uploads\/2018\/01\/DSC_0378.jpg 640w, https:\/\/anoticiaonline.com.br\/site\/wp-content\/uploads\/2018\/01\/DSC_0378-300x200.jpg 300w\" sizes=\"(max-width: 640px) 100vw, 640px\" \/><\/a><a href=\"https:\/\/anoticiaonline.com.br\/site\/wp-content\/uploads\/2018\/01\/DSC_0736.jpg\"><img loading=\"lazy\" decoding=\"async\" class=\"aligncenter size-full wp-image-49147\" src=\"https:\/\/anoticiaonline.com.br\/site\/wp-content\/uploads\/2018\/01\/DSC_0736.jpg\" alt=\"\" width=\"640\" height=\"426\" srcset=\"https:\/\/anoticiaonline.com.br\/site\/wp-content\/uploads\/2018\/01\/DSC_0736.jpg 640w, https:\/\/anoticiaonline.com.br\/site\/wp-content\/uploads\/2018\/01\/DSC_0736-300x200.jpg 300w\" sizes=\"(max-width: 640px) 100vw, 640px\" \/><\/a> <a href=\"https:\/\/anoticiaonline.com.br\/site\/wp-content\/uploads\/2018\/01\/f73a9ca0-0993-40e0-82d2-78b3997edf6b.jpg\"><img loading=\"lazy\" decoding=\"async\" class=\"aligncenter size-full wp-image-49148\" src=\"https:\/\/anoticiaonline.com.br\/site\/wp-content\/uploads\/2018\/01\/f73a9ca0-0993-40e0-82d2-78b3997edf6b.jpg\" alt=\"\" width=\"640\" height=\"410\" srcset=\"https:\/\/anoticiaonline.com.br\/site\/wp-content\/uploads\/2018\/01\/f73a9ca0-0993-40e0-82d2-78b3997edf6b.jpg 640w, https:\/\/anoticiaonline.com.br\/site\/wp-content\/uploads\/2018\/01\/f73a9ca0-0993-40e0-82d2-78b3997edf6b-300x192.jpg 300w\" sizes=\"(max-width: 640px) 100vw, 640px\" \/><\/a><\/em><\/p>\n<p>&nbsp;<\/p>\n","protected":false},"excerpt":{"rendered":"<p>Evento contou com o apoio e incentivo do muriaeense Rog\u00e9rio do Carmo Valorizar e incentivar a cultura: estes foram os objetivos da Cavalgada que saiu do distrito de Boa Fam\u00edlia e chegou at\u00e9 a Fazenda \u00c1gua Santa, na manh\u00e3 de domingo (21). A organiza\u00e7\u00e3o ficou por conta da locutora e entusiasta do meio rural, Giani &#8230; <a title=\"Cavalgada re\u00fane amantes do cavalo\" class=\"read-more\" href=\"https:\/\/anoticiaonline.com.br\/site\/cavalgada-reune-amantes-do-cavalo-em-distrito-de-muriae\/\" aria-label=\"Read more about Cavalgada re\u00fane amantes do cavalo\">Ler mais<\/a><\/p>\n","protected":false},"author":2,"featured_media":49145,"comment_status":"open","ping_status":"open","sticky":false,"template":"","format":"standard","meta":{"_acf_changed":false,"_monsterinsights_skip_tracking":false,"footnotes":""},"categories":[6],"tags":[1908,1907,642,1901,1904,1906,1902,1626,506,74,1900,1899,824,1905,1903],"class_list":["post-49135","post","type-post","status-publish","format-standard","has-post-thumbnail","hentry","category-regiao","tag-boa-familia","tag-bom-jesus-da-cachoeira","tag-cavalgada","tag-corrego-da-laje","tag-d-alice-maria-de-jesus-pereira","tag-giani-carla","tag-inhambu","tag-lazer","tag-macuco","tag-muriae","tag-na-manha-de-domingo-21-a-organizacao-ficou-por-conta-da-locutora-e-entusiasta-do-meio-rural","tag-rogerio-do-carmo","tag-sao-fernando","tag-sejam-eles-no-esporte","tag-sr-pedro-luiz"],"acf":[],"aioseo_notices":[],"aioseo_head":"\n\t\t<!-- All in One SEO 5.0.0.1 - aioseo.com -->\n\t<meta name=\"description\" content=\"Evento contou com o apoio e incentivo do muriaeense Rog\u00e9rio do Carmo Valorizar e incentivar a cultura: estes foram os objetivos da Cavalgada que saiu do distrito de Boa Fam\u00edlia e chegou at\u00e9 a Fazenda \u00c1gua Santa, na manh\u00e3 de domingo (21). A organiza\u00e7\u00e3o ficou por conta da locutora e entusiasta do meio rural, Giani\" \/>\n\t<meta name=\"robots\" content=\"max-image-preview:large\" \/>\n\t<meta name=\"author\" content=\"Juliana Laviola\"\/>\n\t<link rel=\"canonical\" href=\"https:\/\/anoticiaonline.com.br\/site\/cavalgada-reune-amantes-do-cavalo-em-distrito-de-muriae\/\" \/>\n\t<meta name=\"generator\" content=\"All in One SEO (AIOSEO) 5.0.0.1\" \/>\n\t\t<meta property=\"og:locale\" content=\"pt_BR\" \/>\n\t\t<meta property=\"og:site_name\" content=\"A Not\u00edcia Online - Noticias de Muria\u00e9 e regi\u00e3o\" \/>\n\t\t<meta property=\"og:type\" content=\"article\" \/>\n\t\t<meta property=\"og:title\" content=\"Cavalgada re\u00fane amantes do cavalo - A Not\u00edcia Online\" \/>\n\t\t<meta property=\"og:description\" content=\"Evento contou com o apoio e incentivo do muriaeense Rog\u00e9rio do Carmo Valorizar e incentivar a cultura: estes foram os objetivos da Cavalgada que saiu do distrito de Boa Fam\u00edlia e chegou at\u00e9 a Fazenda \u00c1gua Santa, na manh\u00e3 de domingo (21). A organiza\u00e7\u00e3o ficou por conta da locutora e entusiasta do meio rural, Giani\" \/>\n\t\t<meta property=\"og:url\" content=\"https:\/\/anoticiaonline.com.br\/site\/cavalgada-reune-amantes-do-cavalo-em-distrito-de-muriae\/\" \/>\n\t\t<meta property=\"og:image\" content=\"https:\/\/scontent-gig4-1.xx.fbcdn.net\/v\/t39.30808-1\/270437624_4564083193639691_6907940295614233970_n.jpg?stp=dst-jpg_s200x200_tt6&#038;_nc_cat=111&#038;ccb=1-7&#038;_nc_sid=f907e8&#038;_nc_ohc=SM1wRlP3lJwQ7kNvwEPuBYA&#038;_nc_oc=AdnqrjDN_BNjSSHWO-GbkIWH6fkGMLw4bqvL_NH6e2wMveX7G-rP2dAqsDSq1mJMOaY&#038;_nc_zt=24&#038;_nc_ht=scontent-gig4-1.xx&#038;_nc_gid=AoBFJeGrT1hVaew_6rchkQ&#038;oh=00_AfX7QmFGhQhG2jAllVgXCiM1ZrWgvtp80-Bfppyexh1QEg&#038;oe=689E923C\" \/>\n\t\t<meta property=\"og:image:secure_url\" content=\"https:\/\/scontent-gig4-1.xx.fbcdn.net\/v\/t39.30808-1\/270437624_4564083193639691_6907940295614233970_n.jpg?stp=dst-jpg_s200x200_tt6&#038;_nc_cat=111&#038;ccb=1-7&#038;_nc_sid=f907e8&#038;_nc_ohc=SM1wRlP3lJwQ7kNvwEPuBYA&#038;_nc_oc=AdnqrjDN_BNjSSHWO-GbkIWH6fkGMLw4bqvL_NH6e2wMveX7G-rP2dAqsDSq1mJMOaY&#038;_nc_zt=24&#038;_nc_ht=scontent-gig4-1.xx&#038;_nc_gid=AoBFJeGrT1hVaew_6rchkQ&#038;oh=00_AfX7QmFGhQhG2jAllVgXCiM1ZrWgvtp80-Bfppyexh1QEg&#038;oe=689E923C\" \/>\n\t\t<meta property=\"article:published_time\" content=\"2018-01-24T12:44:25+00:00\" \/>\n\t\t<meta property=\"article:modified_time\" content=\"2020-01-27T17:00:44+00:00\" \/>\n\t\t<meta name=\"twitter:card\" content=\"summary_large_image\" \/>\n\t\t<meta name=\"twitter:title\" content=\"Cavalgada re\u00fane amantes do cavalo - A Not\u00edcia Online\" \/>\n\t\t<meta name=\"twitter:description\" content=\"Evento contou com o apoio e incentivo do muriaeense Rog\u00e9rio do Carmo Valorizar e incentivar a cultura: estes foram os objetivos da Cavalgada que saiu do distrito de Boa Fam\u00edlia e chegou at\u00e9 a Fazenda \u00c1gua Santa, na manh\u00e3 de domingo (21). A organiza\u00e7\u00e3o ficou por conta da locutora e entusiasta do meio rural, Giani\" \/>\n\t\t<meta name=\"twitter:image\" content=\"https:\/\/scontent-gig4-1.xx.fbcdn.net\/v\/t39.30808-1\/270437624_4564083193639691_6907940295614233970_n.jpg?stp=dst-jpg_s200x200_tt6&amp;_nc_cat=111&amp;ccb=1-7&amp;_nc_sid=f907e8&amp;_nc_ohc=SM1wRlP3lJwQ7kNvwEPuBYA&amp;_nc_oc=AdnqrjDN_BNjSSHWO-GbkIWH6fkGMLw4bqvL_NH6e2wMveX7G-rP2dAqsDSq1mJMOaY&amp;_nc_zt=24&amp;_nc_ht=scontent-gig4-1.xx&amp;_nc_gid=AoBFJeGrT1hVaew_6rchkQ&amp;oh=00_AfX7QmFGhQhG2jAllVgXCiM1ZrWgvtp80-Bfppyexh1QEg&amp;oe=689E923C\" \/>\n\t\t<script type=\"application\/ld+json\" class=\"aioseo-schema\">\n\t\t\t{\"@context\":\"https:\\\/\\\/schema.org\",\"@graph\":[{\"@type\":\"BlogPosting\",\"@id\":\"https:\\\/\\\/anoticiaonline.com.br\\\/site\\\/cavalgada-reune-amantes-do-cavalo-em-distrito-de-muriae\\\/#blogposting\",\"name\":\"Cavalgada re\\u00fane amantes do cavalo - A Not\\u00edcia Online\",\"headline\":\"Cavalgada re\\u00fane amantes do cavalo\",\"author\":{\"@id\":\"https:\\\/\\\/anoticiaonline.com.br\\\/site\\\/author\\\/juliana\\\/#author\"},\"publisher\":{\"@id\":\"https:\\\/\\\/anoticiaonline.com.br\\\/site\\\/#organization\"},\"image\":{\"@type\":\"ImageObject\",\"url\":\"https:\\\/\\\/anoticiaonline.com.br\\\/site\\\/wp-content\\\/uploads\\\/2018\\\/01\\\/DSC_0383.jpg\",\"width\":640,\"height\":427},\"datePublished\":\"2018-01-24T09:44:25-03:00\",\"dateModified\":\"2020-01-27T14:00:44-03:00\",\"inLanguage\":\"pt-BR\",\"mainEntityOfPage\":{\"@id\":\"https:\\\/\\\/anoticiaonline.com.br\\\/site\\\/cavalgada-reune-amantes-do-cavalo-em-distrito-de-muriae\\\/#webpage\"},\"isPartOf\":{\"@id\":\"https:\\\/\\\/anoticiaonline.com.br\\\/site\\\/cavalgada-reune-amantes-do-cavalo-em-distrito-de-muriae\\\/#webpage\"},\"articleSection\":\"Regi\\u00e3o, Boa Fam\\u00edlia, Bom Jesus da Cachoeira, cavalgada, C\\u00f3rrego da Laje, D. Alice Maria de Jesus Pereira, Giani Carla, Inhambu, lazer, Macuco, Muria\\u00e9, na manh\\u00e3 de domingo (21). A organiza\\u00e7\\u00e3o ficou por conta da locutora e entusiasta do meio rural, Rog\\u00e9rio do Carmo, S\\u00e3o Fernando, sejam eles no esporte, Sr. Pedro Luiz\"},{\"@type\":\"BreadcrumbList\",\"@id\":\"https:\\\/\\\/anoticiaonline.com.br\\\/site\\\/cavalgada-reune-amantes-do-cavalo-em-distrito-de-muriae\\\/#breadcrumblist\",\"itemListElement\":[{\"@type\":\"ListItem\",\"@id\":\"https:\\\/\\\/anoticiaonline.com.br\\\/site#listItem\",\"position\":1,\"name\":\"Home\",\"item\":\"https:\\\/\\\/anoticiaonline.com.br\\\/site\",\"nextItem\":{\"@type\":\"ListItem\",\"@id\":\"https:\\\/\\\/anoticiaonline.com.br\\\/site\\\/categoria\\\/regiao\\\/#listItem\",\"name\":\"Regi\\u00e3o\"}},{\"@type\":\"ListItem\",\"@id\":\"https:\\\/\\\/anoticiaonline.com.br\\\/site\\\/categoria\\\/regiao\\\/#listItem\",\"position\":2,\"name\":\"Regi\\u00e3o\",\"item\":\"https:\\\/\\\/anoticiaonline.com.br\\\/site\\\/categoria\\\/regiao\\\/\",\"nextItem\":{\"@type\":\"ListItem\",\"@id\":\"https:\\\/\\\/anoticiaonline.com.br\\\/site\\\/cavalgada-reune-amantes-do-cavalo-em-distrito-de-muriae\\\/#listItem\",\"name\":\"Cavalgada re\\u00fane amantes do cavalo\"},\"previousItem\":{\"@type\":\"ListItem\",\"@id\":\"https:\\\/\\\/anoticiaonline.com.br\\\/site#listItem\",\"name\":\"Home\"}},{\"@type\":\"ListItem\",\"@id\":\"https:\\\/\\\/anoticiaonline.com.br\\\/site\\\/cavalgada-reune-amantes-do-cavalo-em-distrito-de-muriae\\\/#listItem\",\"position\":3,\"name\":\"Cavalgada re\\u00fane amantes do cavalo\",\"previousItem\":{\"@type\":\"ListItem\",\"@id\":\"https:\\\/\\\/anoticiaonline.com.br\\\/site\\\/categoria\\\/regiao\\\/#listItem\",\"name\":\"Regi\\u00e3o\"}}]},{\"@type\":\"Organization\",\"@id\":\"https:\\\/\\\/anoticiaonline.com.br\\\/site\\\/#organization\",\"name\":\"A Not\\u00edcia Online\",\"description\":\"Noticias de Muria\\u00e9 e regi\\u00e3o\",\"url\":\"https:\\\/\\\/anoticiaonline.com.br\\\/site\\\/\",\"logo\":{\"@type\":\"ImageObject\",\"url\":\"https:\\\/\\\/scontent-gig4-1.xx.fbcdn.net\\\/v\\\/t39.30808-1\\\/270437624_4564083193639691_6907940295614233970_n.jpg?stp=dst-jpg_s200x200_tt6&_nc_cat=111&ccb=1-7&_nc_sid=f907e8&_nc_ohc=SM1wRlP3lJwQ7kNvwEPuBYA&_nc_oc=AdnqrjDN_BNjSSHWO-GbkIWH6fkGMLw4bqvL_NH6e2wMveX7G-rP2dAqsDSq1mJMOaY&_nc_zt=24&_nc_ht=scontent-gig4-1.xx&_nc_gid=AoBFJeGrT1hVaew_6rchkQ&oh=00_AfX7QmFGhQhG2jAllVgXCiM1ZrWgvtp80-Bfppyexh1QEg&oe=689E923C\",\"@id\":\"https:\\\/\\\/anoticiaonline.com.br\\\/site\\\/cavalgada-reune-amantes-do-cavalo-em-distrito-de-muriae\\\/#organizationLogo\"},\"image\":{\"@id\":\"https:\\\/\\\/anoticiaonline.com.br\\\/site\\\/cavalgada-reune-amantes-do-cavalo-em-distrito-de-muriae\\\/#organizationLogo\"}},{\"@type\":\"Person\",\"@id\":\"https:\\\/\\\/anoticiaonline.com.br\\\/site\\\/author\\\/juliana\\\/#author\",\"url\":\"https:\\\/\\\/anoticiaonline.com.br\\\/site\\\/author\\\/juliana\\\/\",\"name\":\"Juliana Laviola\",\"image\":{\"@type\":\"ImageObject\",\"@id\":\"https:\\\/\\\/anoticiaonline.com.br\\\/site\\\/cavalgada-reune-amantes-do-cavalo-em-distrito-de-muriae\\\/#authorImage\",\"url\":\"https:\\\/\\\/secure.gravatar.com\\\/avatar\\\/b8d45f5c699b100dfaf0e543582f38f38bf94cb7ae3a5e9abf8d891a34773335?s=96&d=mm&r=g\",\"width\":96,\"height\":96,\"caption\":\"Juliana Laviola\"}},{\"@type\":\"WebPage\",\"@id\":\"https:\\\/\\\/anoticiaonline.com.br\\\/site\\\/cavalgada-reune-amantes-do-cavalo-em-distrito-de-muriae\\\/#webpage\",\"url\":\"https:\\\/\\\/anoticiaonline.com.br\\\/site\\\/cavalgada-reune-amantes-do-cavalo-em-distrito-de-muriae\\\/\",\"name\":\"Cavalgada re\\u00fane amantes do cavalo - A Not\\u00edcia Online\",\"description\":\"Evento contou com o apoio e incentivo do muriaeense Rog\\u00e9rio do Carmo Valorizar e incentivar a cultura: estes foram os objetivos da Cavalgada que saiu do distrito de Boa Fam\\u00edlia e chegou at\\u00e9 a Fazenda \\u00c1gua Santa, na manh\\u00e3 de domingo (21). A organiza\\u00e7\\u00e3o ficou por conta da locutora e entusiasta do meio rural, Giani\",\"inLanguage\":\"pt-BR\",\"isPartOf\":{\"@id\":\"https:\\\/\\\/anoticiaonline.com.br\\\/site\\\/#website\"},\"breadcrumb\":{\"@id\":\"https:\\\/\\\/anoticiaonline.com.br\\\/site\\\/cavalgada-reune-amantes-do-cavalo-em-distrito-de-muriae\\\/#breadcrumblist\"},\"author\":{\"@id\":\"https:\\\/\\\/anoticiaonline.com.br\\\/site\\\/author\\\/juliana\\\/#author\"},\"creator\":{\"@id\":\"https:\\\/\\\/anoticiaonline.com.br\\\/site\\\/author\\\/juliana\\\/#author\"},\"image\":{\"@type\":\"ImageObject\",\"url\":\"https:\\\/\\\/anoticiaonline.com.br\\\/site\\\/wp-content\\\/uploads\\\/2018\\\/01\\\/DSC_0383.jpg\",\"@id\":\"https:\\\/\\\/anoticiaonline.com.br\\\/site\\\/cavalgada-reune-amantes-do-cavalo-em-distrito-de-muriae\\\/#mainImage\",\"width\":640,\"height\":427},\"primaryImageOfPage\":{\"@id\":\"https:\\\/\\\/anoticiaonline.com.br\\\/site\\\/cavalgada-reune-amantes-do-cavalo-em-distrito-de-muriae\\\/#mainImage\"},\"datePublished\":\"2018-01-24T09:44:25-03:00\",\"dateModified\":\"2020-01-27T14:00:44-03:00\"},{\"@type\":\"WebSite\",\"@id\":\"https:\\\/\\\/anoticiaonline.com.br\\\/site\\\/#website\",\"url\":\"https:\\\/\\\/anoticiaonline.com.br\\\/site\\\/\",\"name\":\"A Not\\u00edcia Online\",\"description\":\"Noticias de Muria\\u00e9 e regi\\u00e3o\",\"inLanguage\":\"pt-BR\",\"publisher\":{\"@id\":\"https:\\\/\\\/anoticiaonline.com.br\\\/site\\\/#organization\"}}]}\n\t\t<\/script>\n\t\t<!-- All in One SEO -->\n\n","aioseo_head_json":{"title":"Cavalgada re\u00fane amantes do cavalo - A Not\u00edcia Online","description":"Evento contou com o apoio e incentivo do muriaeense Rog\u00e9rio do Carmo Valorizar e incentivar a cultura: estes foram os objetivos da Cavalgada que saiu do distrito de Boa Fam\u00edlia e chegou at\u00e9 a Fazenda \u00c1gua Santa, na manh\u00e3 de domingo (21). A organiza\u00e7\u00e3o ficou por conta da locutora e entusiasta do meio rural, Giani","canonical_url":"https:\/\/anoticiaonline.com.br\/site\/cavalgada-reune-amantes-do-cavalo-em-distrito-de-muriae\/","robots":"max-image-preview:large","keywords":"","webmasterTools":{"miscellaneous":""},"schema":{"@context":"https:\/\/schema.org","@graph":[{"@type":"BlogPosting","@id":"https:\/\/anoticiaonline.com.br\/site\/cavalgada-reune-amantes-do-cavalo-em-distrito-de-muriae\/#blogposting","name":"Cavalgada re\u00fane amantes do cavalo - A Not\u00edcia Online","headline":"Cavalgada re\u00fane amantes do cavalo","author":{"@id":"https:\/\/anoticiaonline.com.br\/site\/author\/juliana\/#author"},"publisher":{"@id":"https:\/\/anoticiaonline.com.br\/site\/#organization"},"image":{"@type":"ImageObject","url":"https:\/\/anoticiaonline.com.br\/site\/wp-content\/uploads\/2018\/01\/DSC_0383.jpg","width":640,"height":427},"datePublished":"2018-01-24T09:44:25-03:00","dateModified":"2020-01-27T14:00:44-03:00","inLanguage":"pt-BR","mainEntityOfPage":{"@id":"https:\/\/anoticiaonline.com.br\/site\/cavalgada-reune-amantes-do-cavalo-em-distrito-de-muriae\/#webpage"},"isPartOf":{"@id":"https:\/\/anoticiaonline.com.br\/site\/cavalgada-reune-amantes-do-cavalo-em-distrito-de-muriae\/#webpage"},"articleSection":"Regi\u00e3o, Boa Fam\u00edlia, Bom Jesus da Cachoeira, cavalgada, C\u00f3rrego da Laje, D. Alice Maria de Jesus Pereira, Giani Carla, Inhambu, lazer, Macuco, Muria\u00e9, na manh\u00e3 de domingo (21). A organiza\u00e7\u00e3o ficou por conta da locutora e entusiasta do meio rural, Rog\u00e9rio do Carmo, S\u00e3o Fernando, sejam eles no esporte, Sr. Pedro Luiz"},{"@type":"BreadcrumbList","@id":"https:\/\/anoticiaonline.com.br\/site\/cavalgada-reune-amantes-do-cavalo-em-distrito-de-muriae\/#breadcrumblist","itemListElement":[{"@type":"ListItem","@id":"https:\/\/anoticiaonline.com.br\/site#listItem","position":1,"name":"Home","item":"https:\/\/anoticiaonline.com.br\/site","nextItem":{"@type":"ListItem","@id":"https:\/\/anoticiaonline.com.br\/site\/categoria\/regiao\/#listItem","name":"Regi\u00e3o"}},{"@type":"ListItem","@id":"https:\/\/anoticiaonline.com.br\/site\/categoria\/regiao\/#listItem","position":2,"name":"Regi\u00e3o","item":"https:\/\/anoticiaonline.com.br\/site\/categoria\/regiao\/","nextItem":{"@type":"ListItem","@id":"https:\/\/anoticiaonline.com.br\/site\/cavalgada-reune-amantes-do-cavalo-em-distrito-de-muriae\/#listItem","name":"Cavalgada re\u00fane amantes do cavalo"},"previousItem":{"@type":"ListItem","@id":"https:\/\/anoticiaonline.com.br\/site#listItem","name":"Home"}},{"@type":"ListItem","@id":"https:\/\/anoticiaonline.com.br\/site\/cavalgada-reune-amantes-do-cavalo-em-distrito-de-muriae\/#listItem","position":3,"name":"Cavalgada re\u00fane amantes do cavalo","previousItem":{"@type":"ListItem","@id":"https:\/\/anoticiaonline.com.br\/site\/categoria\/regiao\/#listItem","name":"Regi\u00e3o"}}]},{"@type":"Organization","@id":"https:\/\/anoticiaonline.com.br\/site\/#organization","name":"A Not\u00edcia Online","description":"Noticias de Muria\u00e9 e regi\u00e3o","url":"https:\/\/anoticiaonline.com.br\/site\/","logo":{"@type":"ImageObject","url":"https:\/\/scontent-gig4-1.xx.fbcdn.net\/v\/t39.30808-1\/270437624_4564083193639691_6907940295614233970_n.jpg?stp=dst-jpg_s200x200_tt6&_nc_cat=111&ccb=1-7&_nc_sid=f907e8&_nc_ohc=SM1wRlP3lJwQ7kNvwEPuBYA&_nc_oc=AdnqrjDN_BNjSSHWO-GbkIWH6fkGMLw4bqvL_NH6e2wMveX7G-rP2dAqsDSq1mJMOaY&_nc_zt=24&_nc_ht=scontent-gig4-1.xx&_nc_gid=AoBFJeGrT1hVaew_6rchkQ&oh=00_AfX7QmFGhQhG2jAllVgXCiM1ZrWgvtp80-Bfppyexh1QEg&oe=689E923C","@id":"https:\/\/anoticiaonline.com.br\/site\/cavalgada-reune-amantes-do-cavalo-em-distrito-de-muriae\/#organizationLogo"},"image":{"@id":"https:\/\/anoticiaonline.com.br\/site\/cavalgada-reune-amantes-do-cavalo-em-distrito-de-muriae\/#organizationLogo"}},{"@type":"Person","@id":"https:\/\/anoticiaonline.com.br\/site\/author\/juliana\/#author","url":"https:\/\/anoticiaonline.com.br\/site\/author\/juliana\/","name":"Juliana Laviola","image":{"@type":"ImageObject","@id":"https:\/\/anoticiaonline.com.br\/site\/cavalgada-reune-amantes-do-cavalo-em-distrito-de-muriae\/#authorImage","url":"https:\/\/secure.gravatar.com\/avatar\/b8d45f5c699b100dfaf0e543582f38f38bf94cb7ae3a5e9abf8d891a34773335?s=96&d=mm&r=g","width":96,"height":96,"caption":"Juliana Laviola"}},{"@type":"WebPage","@id":"https:\/\/anoticiaonline.com.br\/site\/cavalgada-reune-amantes-do-cavalo-em-distrito-de-muriae\/#webpage","url":"https:\/\/anoticiaonline.com.br\/site\/cavalgada-reune-amantes-do-cavalo-em-distrito-de-muriae\/","name":"Cavalgada re\u00fane amantes do cavalo - A Not\u00edcia Online","description":"Evento contou com o apoio e incentivo do muriaeense Rog\u00e9rio do Carmo Valorizar e incentivar a cultura: estes foram os objetivos da Cavalgada que saiu do distrito de Boa Fam\u00edlia e chegou at\u00e9 a Fazenda \u00c1gua Santa, na manh\u00e3 de domingo (21). A organiza\u00e7\u00e3o ficou por conta da locutora e entusiasta do meio rural, Giani","inLanguage":"pt-BR","isPartOf":{"@id":"https:\/\/anoticiaonline.com.br\/site\/#website"},"breadcrumb":{"@id":"https:\/\/anoticiaonline.com.br\/site\/cavalgada-reune-amantes-do-cavalo-em-distrito-de-muriae\/#breadcrumblist"},"author":{"@id":"https:\/\/anoticiaonline.com.br\/site\/author\/juliana\/#author"},"creator":{"@id":"https:\/\/anoticiaonline.com.br\/site\/author\/juliana\/#author"},"image":{"@type":"ImageObject","url":"https:\/\/anoticiaonline.com.br\/site\/wp-content\/uploads\/2018\/01\/DSC_0383.jpg","@id":"https:\/\/anoticiaonline.com.br\/site\/cavalgada-reune-amantes-do-cavalo-em-distrito-de-muriae\/#mainImage","width":640,"height":427},"primaryImageOfPage":{"@id":"https:\/\/anoticiaonline.com.br\/site\/cavalgada-reune-amantes-do-cavalo-em-distrito-de-muriae\/#mainImage"},"datePublished":"2018-01-24T09:44:25-03:00","dateModified":"2020-01-27T14:00:44-03:00"},{"@type":"WebSite","@id":"https:\/\/anoticiaonline.com.br\/site\/#website","url":"https:\/\/anoticiaonline.com.br\/site\/","name":"A Not\u00edcia Online","description":"Noticias de Muria\u00e9 e regi\u00e3o","inLanguage":"pt-BR","publisher":{"@id":"https:\/\/anoticiaonline.com.br\/site\/#organization"}}]},"og:locale":"pt_BR","og:site_name":"A Not\u00edcia Online - Noticias de Muria\u00e9 e regi\u00e3o","og:type":"article","og:title":"Cavalgada re\u00fane amantes do cavalo - A Not\u00edcia Online","og:description":"Evento contou com o apoio e incentivo do muriaeense Rog\u00e9rio do Carmo Valorizar e incentivar a cultura: estes foram os objetivos da Cavalgada que saiu do distrito de Boa Fam\u00edlia e chegou at\u00e9 a Fazenda \u00c1gua Santa, na manh\u00e3 de domingo (21). A organiza\u00e7\u00e3o ficou por conta da locutora e entusiasta do meio rural, Giani","og:url":"https:\/\/anoticiaonline.com.br\/site\/cavalgada-reune-amantes-do-cavalo-em-distrito-de-muriae\/","og:image":"https:\/\/scontent-gig4-1.xx.fbcdn.net\/v\/t39.30808-1\/270437624_4564083193639691_6907940295614233970_n.jpg?stp=dst-jpg_s200x200_tt6&#038;_nc_cat=111&#038;ccb=1-7&#038;_nc_sid=f907e8&#038;_nc_ohc=SM1wRlP3lJwQ7kNvwEPuBYA&#038;_nc_oc=AdnqrjDN_BNjSSHWO-GbkIWH6fkGMLw4bqvL_NH6e2wMveX7G-rP2dAqsDSq1mJMOaY&#038;_nc_zt=24&#038;_nc_ht=scontent-gig4-1.xx&#038;_nc_gid=AoBFJeGrT1hVaew_6rchkQ&#038;oh=00_AfX7QmFGhQhG2jAllVgXCiM1ZrWgvtp80-Bfppyexh1QEg&#038;oe=689E923C","og:image:secure_url":"https:\/\/scontent-gig4-1.xx.fbcdn.net\/v\/t39.30808-1\/270437624_4564083193639691_6907940295614233970_n.jpg?stp=dst-jpg_s200x200_tt6&#038;_nc_cat=111&#038;ccb=1-7&#038;_nc_sid=f907e8&#038;_nc_ohc=SM1wRlP3lJwQ7kNvwEPuBYA&#038;_nc_oc=AdnqrjDN_BNjSSHWO-GbkIWH6fkGMLw4bqvL_NH6e2wMveX7G-rP2dAqsDSq1mJMOaY&#038;_nc_zt=24&#038;_nc_ht=scontent-gig4-1.xx&#038;_nc_gid=AoBFJeGrT1hVaew_6rchkQ&#038;oh=00_AfX7QmFGhQhG2jAllVgXCiM1ZrWgvtp80-Bfppyexh1QEg&#038;oe=689E923C","article:published_time":"2018-01-24T12:44:25+00:00","article:modified_time":"2020-01-27T17:00:44+00:00","twitter:card":"summary_large_image","twitter:title":"Cavalgada re\u00fane amantes do cavalo - A Not\u00edcia Online","twitter:description":"Evento contou com o apoio e incentivo do muriaeense Rog\u00e9rio do Carmo Valorizar e incentivar a cultura: estes foram os objetivos da Cavalgada que saiu do distrito de Boa Fam\u00edlia e chegou at\u00e9 a Fazenda \u00c1gua Santa, na manh\u00e3 de domingo (21). A organiza\u00e7\u00e3o ficou por conta da locutora e entusiasta do meio rural, Giani","twitter:image":"https:\/\/scontent-gig4-1.xx.fbcdn.net\/v\/t39.30808-1\/270437624_4564083193639691_6907940295614233970_n.jpg?stp=dst-jpg_s200x200_tt6&_nc_cat=111&ccb=1-7&_nc_sid=f907e8&_nc_ohc=SM1wRlP3lJwQ7kNvwEPuBYA&_nc_oc=AdnqrjDN_BNjSSHWO-GbkIWH6fkGMLw4bqvL_NH6e2wMveX7G-rP2dAqsDSq1mJMOaY&_nc_zt=24&_nc_ht=scontent-gig4-1.xx&_nc_gid=AoBFJeGrT1hVaew_6rchkQ&oh=00_AfX7QmFGhQhG2jAllVgXCiM1ZrWgvtp80-Bfppyexh1QEg&oe=689E923C"},"aioseo_meta_data":{"post_id":"49135","title":null,"description":null,"keywords":null,"keyphrases":null,"primary_term":null,"canonical_url":null,"og_title":null,"og_description":null,"og_object_type":"default","og_image_type":"default","og_image_url":null,"og_image_width":null,"og_image_height":null,"og_image_custom_url":null,"og_image_custom_fields":null,"og_video":null,"og_custom_url":null,"og_article_section":null,"og_article_tags":null,"twitter_use_og":false,"twitter_card":"default","twitter_image_type":"default","twitter_image_url":null,"twitter_image_custom_url":null,"twitter_image_custom_fields":null,"twitter_title":null,"twitter_description":null,"schema":{"blockGraphs":[],"customGraphs":[],"default":{"data":{"Article":[],"Course":[],"Dataset":[],"FAQPage":[],"Movie":[],"Person":[],"Product":[],"ProductReview":[],"Car":[],"Recipe":[],"Service":[],"SoftwareApplication":[],"WebPage":[]},"graphName":"","isEnabled":true},"graphs":[]},"schema_type":"default","schema_type_options":null,"pillar_content":false,"robots_default":true,"robots_noindex":false,"robots_noarchive":false,"robots_nosnippet":false,"robots_nofollow":false,"robots_noimageindex":false,"robots_noodp":false,"robots_notranslate":false,"robots_max_snippet":null,"robots_max_videopreview":null,"robots_max_imagepreview":"large","priority":null,"frequency":null,"local_seo":null,"breadcrumb_settings":null,"limit_modified_date":false,"ai":null,"created":"2025-08-16 20:10:22","updated":"2025-08-16 20:10:22","focus_keyword":null,"additional_keywords":null,"truseo_locale":null,"seo_analyzer_scan_date":null},"aioseo_breadcrumb":"<div class=\"aioseo-breadcrumbs\"><span class=\"aioseo-breadcrumb\">\n\t\t\t<a href=\"https:\/\/anoticiaonline.com.br\/site\" title=\"Home\">Home<\/a>\n\t\t<\/span><span class=\"aioseo-breadcrumb-separator\">&raquo;<\/span><span class=\"aioseo-breadcrumb\">\n\t\t\t<a href=\"https:\/\/anoticiaonline.com.br\/site\/categoria\/regiao\/\" title=\"Regi\u00e3o\">Regi\u00e3o<\/a>\n\t\t<\/span><span class=\"aioseo-breadcrumb-separator\">&raquo;<\/span><span class=\"aioseo-breadcrumb\">\n\t\t\tCavalgada re\u00fane amantes do cavalo\n\t\t<\/span><\/div>","aioseo_breadcrumb_json":[{"label":"Home","link":"https:\/\/anoticiaonline.com.br\/site"},{"label":"Regi\u00e3o","link":"https:\/\/anoticiaonline.com.br\/site\/categoria\/regiao\/"},{"label":"Cavalgada re\u00fane amantes do cavalo","link":"https:\/\/anoticiaonline.com.br\/site\/cavalgada-reune-amantes-do-cavalo-em-distrito-de-muriae\/"}],"views":141,"_links":{"self":[{"href":"https:\/\/anoticiaonline.com.br\/site\/wp-json\/wp\/v2\/posts\/49135","targetHints":{"allow":["GET"]}}],"collection":[{"href":"https:\/\/anoticiaonline.com.br\/site\/wp-json\/wp\/v2\/posts"}],"about":[{"href":"https:\/\/anoticiaonline.com.br\/site\/wp-json\/wp\/v2\/types\/post"}],"author":[{"embeddable":true,"href":"https:\/\/anoticiaonline.com.br\/site\/wp-json\/wp\/v2\/users\/2"}],"replies":[{"embeddable":true,"href":"https:\/\/anoticiaonline.com.br\/site\/wp-json\/wp\/v2\/comments?post=49135"}],"version-history":[{"count":0,"href":"https:\/\/anoticiaonline.com.br\/site\/wp-json\/wp\/v2\/posts\/49135\/revisions"}],"wp:featuredmedia":[{"embeddable":true,"href":"https:\/\/anoticiaonline.com.br\/site\/wp-json\/wp\/v2\/media\/49145"}],"wp:attachment":[{"href":"https:\/\/anoticiaonline.com.br\/site\/wp-json\/wp\/v2\/media?parent=49135"}],"wp:term":[{"taxonomy":"category","embeddable":true,"href":"https:\/\/anoticiaonline.com.br\/site\/wp-json\/wp\/v2\/categories?post=49135"},{"taxonomy":"post_tag","embeddable":true,"href":"https:\/\/anoticiaonline.com.br\/site\/wp-json\/wp\/v2\/tags?post=49135"}],"curies":[{"name":"wp","href":"https:\/\/api.w.org\/{rel}","templated":true}]}}