{"id":49108,"date":"2018-01-03T14:16:39","date_gmt":"2018-01-03T17:16:39","guid":{"rendered":"http:\/\/anoticiaonline.com.br\/site\/?p=49108"},"modified":"2018-01-16T14:29:13","modified_gmt":"2018-01-16T17:29:13","slug":"camara-de-muriae-ja-tem-novo-presidente-ademar-camerino","status":"publish","type":"post","link":"https:\/\/anoticiaonline.com.br\/site\/camara-de-muriae-ja-tem-novo-presidente-ademar-camerino\/","title":{"rendered":"C\u00e2mara de Muria\u00e9 j\u00e1 tem novo presidente: Ademar Camerino"},"content":{"rendered":"<p><span style=\"color: #000000; font-family: Calibri; font-size: medium;\"><a href=\"https:\/\/anoticiaonline.com.br\/site\/wp-content\/uploads\/2018\/01\/PRIMEIRO-DISCURSO-DO-PRESIDENTE-AP\u00d3S-A-POSSE.jpg\"><img fetchpriority=\"high\" decoding=\"async\" class=\"aligncenter size-full wp-image-49114\" src=\"https:\/\/anoticiaonline.com.br\/site\/wp-content\/uploads\/2018\/01\/PRIMEIRO-DISCURSO-DO-PRESIDENTE-AP\u00d3S-A-POSSE.jpg\" alt=\"\" width=\"640\" height=\"480\" srcset=\"https:\/\/anoticiaonline.com.br\/site\/wp-content\/uploads\/2018\/01\/PRIMEIRO-DISCURSO-DO-PRESIDENTE-AP\u00d3S-A-POSSE.jpg 640w, https:\/\/anoticiaonline.com.br\/site\/wp-content\/uploads\/2018\/01\/PRIMEIRO-DISCURSO-DO-PRESIDENTE-AP\u00d3S-A-POSSE-300x225.jpg 300w\" sizes=\"(max-width: 640px) 100vw, 640px\" \/><\/a><a href=\"https:\/\/anoticiaonline.com.br\/site\/wp-content\/uploads\/2018\/01\/MESA-DIRETORA.jpg\"><img decoding=\"async\" class=\"aligncenter size-full wp-image-49111\" src=\"https:\/\/anoticiaonline.com.br\/site\/wp-content\/uploads\/2018\/01\/MESA-DIRETORA.jpg\" alt=\"\" width=\"640\" height=\"425\" srcset=\"https:\/\/anoticiaonline.com.br\/site\/wp-content\/uploads\/2018\/01\/MESA-DIRETORA.jpg 640w, https:\/\/anoticiaonline.com.br\/site\/wp-content\/uploads\/2018\/01\/MESA-DIRETORA-300x199.jpg 300w\" sizes=\"(max-width: 640px) 100vw, 640px\" \/><\/a><a href=\"https:\/\/anoticiaonline.com.br\/site\/wp-content\/uploads\/2018\/01\/394e494f-c120-44e2-978c-0609c459461c.jpg\"><img decoding=\"async\" class=\"aligncenter size-full wp-image-49109\" src=\"https:\/\/anoticiaonline.com.br\/site\/wp-content\/uploads\/2018\/01\/394e494f-c120-44e2-978c-0609c459461c.jpg\" alt=\"\" width=\"640\" height=\"445\" srcset=\"https:\/\/anoticiaonline.com.br\/site\/wp-content\/uploads\/2018\/01\/394e494f-c120-44e2-978c-0609c459461c.jpg 640w, https:\/\/anoticiaonline.com.br\/site\/wp-content\/uploads\/2018\/01\/394e494f-c120-44e2-978c-0609c459461c-300x209.jpg 300w\" sizes=\"(max-width: 640px) 100vw, 640px\" \/><\/a> <a href=\"https:\/\/anoticiaonline.com.br\/site\/wp-content\/uploads\/2018\/01\/MESA-COM-AUTORIDADES.jpg\"><img loading=\"lazy\" decoding=\"async\" class=\"aligncenter size-full wp-image-49110\" src=\"https:\/\/anoticiaonline.com.br\/site\/wp-content\/uploads\/2018\/01\/MESA-COM-AUTORIDADES.jpg\" alt=\"\" width=\"640\" height=\"480\" srcset=\"https:\/\/anoticiaonline.com.br\/site\/wp-content\/uploads\/2018\/01\/MESA-COM-AUTORIDADES.jpg 640w, https:\/\/anoticiaonline.com.br\/site\/wp-content\/uploads\/2018\/01\/MESA-COM-AUTORIDADES-300x225.jpg 300w\" sizes=\"(max-width: 640px) 100vw, 640px\" \/><\/a><a href=\"https:\/\/anoticiaonline.com.br\/site\/wp-content\/uploads\/2018\/01\/MESA-E-SEC-SERGIO-DISCURSANDO.jpg\"><img loading=\"lazy\" decoding=\"async\" class=\"aligncenter size-full wp-image-49112\" src=\"https:\/\/anoticiaonline.com.br\/site\/wp-content\/uploads\/2018\/01\/MESA-E-SEC-SERGIO-DISCURSANDO.jpg\" alt=\"\" width=\"640\" height=\"480\" srcset=\"https:\/\/anoticiaonline.com.br\/site\/wp-content\/uploads\/2018\/01\/MESA-E-SEC-SERGIO-DISCURSANDO.jpg 640w, https:\/\/anoticiaonline.com.br\/site\/wp-content\/uploads\/2018\/01\/MESA-E-SEC-SERGIO-DISCURSANDO-300x225.jpg 300w\" sizes=\"(max-width: 640px) 100vw, 640px\" \/><\/a> <a href=\"https:\/\/anoticiaonline.com.br\/site\/wp-content\/uploads\/2018\/01\/PLEN\u00c1RIO.jpg\"><img loading=\"lazy\" decoding=\"async\" class=\"aligncenter size-full wp-image-49113\" src=\"https:\/\/anoticiaonline.com.br\/site\/wp-content\/uploads\/2018\/01\/PLEN\u00c1RIO.jpg\" alt=\"\" width=\"640\" height=\"480\" srcset=\"https:\/\/anoticiaonline.com.br\/site\/wp-content\/uploads\/2018\/01\/PLEN\u00c1RIO.jpg 640w, https:\/\/anoticiaonline.com.br\/site\/wp-content\/uploads\/2018\/01\/PLEN\u00c1RIO-300x225.jpg 300w\" sizes=\"(max-width: 640px) 100vw, 640px\" \/><\/a>Ademar Camerino (PROS) assume a presid\u00eancia da C\u00e2mara Municipal de Muria\u00e9 na noite de 03 de janeiro, em cerim\u00f4nia de Posse realizada no plen\u00e1rio do Legislativo Municipal com a presen\u00e7a de diversas autoridades e popula\u00e7\u00e3o de Muria\u00e9. Tamb\u00e9m integram a novo mesa diretora da C\u00e2mara os vereadores Celsinho (DEM), primeiro vice-presidente; Dr. Jos\u00e9 Carlos (PSB), segundo vice-presidente; Ciso (PPS), primeiro secret\u00e1rio e Lelei (DEM), segundo secret\u00e1rio. A cerim\u00f4nia iniciou sob a condu\u00e7\u00e3o do presidente de 2017, vereador Carlos Delfim (PSDB), que agradeceu ao povo de Muria\u00e9 sua condu\u00e7\u00e3o ao cargo como vereador mais votado no pleito de 2016, antes de passar a presid\u00eancia e condu\u00e7\u00e3o dos trabalhos ao vereador Ademar.<\/span><\/p>\n<p><span style=\"color: #000000; font-family: Calibri; font-size: medium;\">Grande parte dos secret\u00e1rios municipais, subsecret\u00e1rios e coordenadores, lideran\u00e7as de bairros e de organiza\u00e7\u00f5es civis, al\u00e9m de representantes de outros organismos p\u00fablicos estiveram presente ao evento. A mesa foi composta pelo presidente de 2016, vereador Carlos Delfim e seu secret\u00e1rio vereador David Lacerda; o presidente eleito Ademar Camerino e seu secret\u00e1rio vereador Ciso; o vice-prefeito de Muria\u00e9, Dr. Marcos Guarino; o secret\u00e1rio Municipal de Administra\u00e7\u00e3o, Sergio Soares Duarte; o delegado da Pol\u00edcia Civil de MG, Dr. Rangel Martino de Oliveira Paiva, que esteve representando o Delegado Regional da 4\u00aa DRPC, Dr. Dem\u00e9trio; Andre Luiz Barbosa de Carvalho, vereador presidente da C\u00e2mara Municipal de Laranjal e o pastor Adilson Campos Carvalho, superintendente da regi\u00e3o 888 da Igreja do Evangelho Quadrangular, que apresentou a tradicional palavra b\u00edblica, que sempre ocorre nas aberturas das sess\u00f5es da C\u00e2mara de Muria\u00e9.<\/span><\/p>\n<p><span style=\"font-size: medium;\"><span style=\"color: #000000;\"><span style=\"font-family: Calibri;\">O prefeito Grego, por motivo de problemas de sa\u00fade em fam\u00edlia, n\u00e3o pode comparecer, mas enviou um v\u00eddeo de congratula\u00e7\u00e3o a nova mesa diretora da C\u00e2mara. Al\u00e9m do registro de diversas autoridades, foram lidas, na cerim\u00f4nia, as correspond\u00eancias do diretor-presidente da Codemig, Marcos Ant\u00f4nio Castello Branco, e dos deputados Estadual Braulio Braz e Federal George Hilton desejando sucesso \u00e0 nova dire\u00e7\u00e3o da C\u00e2mara de Muria\u00e9 e colocando-se a disposi\u00e7\u00e3o. Ap\u00f3s o ato de posse e fala de agradecimento do ex-presidente Carlos Delfim, o secret\u00e1rio Municipal de Administra\u00e7\u00e3o, S\u00e9rgio Duarte, falou em nome do Executivo, das dificuldades enfrentadas e avan\u00e7os conquistados no primeiro ano de governo e das expectativas para com o trabalho do Executivo e do Legislativo em 2018. O presidente da C\u00e2mara, Ademar Camerino encerrou a cerim\u00f4nia agradecendo o apoio da fam\u00edlia, dos colegas vereadores que o conduziram de forma un\u00e2nime ao cargo, do Executivo pela parceria em prol da popula\u00e7\u00e3o e de todos que o vem apoiando em seus mais de 20 anos de vida p\u00fablica.\u00a0\u00a0\u00a0\u00a0<\/span><\/span><\/span><\/p>\n","protected":false},"excerpt":{"rendered":"<p>Ademar Camerino (PROS) assume a presid\u00eancia da C\u00e2mara Municipal de Muria\u00e9 na noite de 03 de janeiro, em cerim\u00f4nia de Posse realizada no plen\u00e1rio do Legislativo Municipal com a presen\u00e7a de diversas autoridades e popula\u00e7\u00e3o de Muria\u00e9. Tamb\u00e9m integram a novo mesa diretora da C\u00e2mara os vereadores Celsinho (DEM), primeiro vice-presidente; Dr. Jos\u00e9 Carlos (PSB), &#8230; <a title=\"C\u00e2mara de Muria\u00e9 j\u00e1 tem novo presidente: Ademar Camerino\" class=\"read-more\" href=\"https:\/\/anoticiaonline.com.br\/site\/camara-de-muriae-ja-tem-novo-presidente-ademar-camerino\/\" aria-label=\"Read more about C\u00e2mara de Muria\u00e9 j\u00e1 tem novo presidente: Ademar Camerino\">Ler mais<\/a><\/p>\n","protected":false},"author":2,"featured_media":49111,"comment_status":"open","ping_status":"open","sticky":false,"template":"","format":"standard","meta":{"_acf_changed":false,"_monsterinsights_skip_tracking":false,"footnotes":""},"categories":[1],"tags":[1747,1894,294,1896,420,1895,74,1897,1748,455,1898],"class_list":["post-49108","post","type-post","status-publish","format-standard","has-post-thumbnail","hentry","category-gerais","tag-ademar-camerino","tag-amara-municipal-de-muriae","tag-camara-municipal","tag-dem","tag-eleicao","tag-legislativo-municipal","tag-muriae","tag-pps","tag-pros","tag-psb","tag-psdb"],"acf":[],"aioseo_notices":[],"aioseo_head":"\n\t\t<!-- All in One SEO 5.0.0.1 - aioseo.com -->\n\t<meta name=\"description\" content=\"Ademar Camerino (PROS) assume a presid\u00eancia da C\u00e2mara Municipal de Muria\u00e9 na noite de 03 de janeiro, em cerim\u00f4nia de Posse realizada no plen\u00e1rio do Legislativo Municipal com a presen\u00e7a de diversas autoridades e popula\u00e7\u00e3o de Muria\u00e9. Tamb\u00e9m integram a novo mesa diretora da C\u00e2mara os vereadores Celsinho (DEM), primeiro vice-presidente; Dr. Jos\u00e9 Carlos (PSB),\" \/>\n\t<meta name=\"robots\" content=\"max-image-preview:large\" \/>\n\t<meta name=\"author\" content=\"Juliana Laviola\"\/>\n\t<link rel=\"canonical\" href=\"https:\/\/anoticiaonline.com.br\/site\/camara-de-muriae-ja-tem-novo-presidente-ademar-camerino\/\" \/>\n\t<meta name=\"generator\" content=\"All in One SEO (AIOSEO) 5.0.0.1\" \/>\n\t\t<meta property=\"og:locale\" content=\"pt_BR\" \/>\n\t\t<meta property=\"og:site_name\" content=\"A Not\u00edcia Online - Noticias de Muria\u00e9 e regi\u00e3o\" \/>\n\t\t<meta property=\"og:type\" content=\"article\" \/>\n\t\t<meta property=\"og:title\" content=\"C\u00e2mara de Muria\u00e9 j\u00e1 tem novo presidente: Ademar Camerino - A Not\u00edcia Online\" \/>\n\t\t<meta property=\"og:description\" content=\"Ademar Camerino (PROS) assume a presid\u00eancia da C\u00e2mara Municipal de Muria\u00e9 na noite de 03 de janeiro, em cerim\u00f4nia de Posse realizada no plen\u00e1rio do Legislativo Municipal com a presen\u00e7a de diversas autoridades e popula\u00e7\u00e3o de Muria\u00e9. Tamb\u00e9m integram a novo mesa diretora da C\u00e2mara os vereadores Celsinho (DEM), primeiro vice-presidente; Dr. Jos\u00e9 Carlos (PSB),\" \/>\n\t\t<meta property=\"og:url\" content=\"https:\/\/anoticiaonline.com.br\/site\/camara-de-muriae-ja-tem-novo-presidente-ademar-camerino\/\" \/>\n\t\t<meta property=\"og:image\" content=\"https:\/\/scontent-gig4-1.xx.fbcdn.net\/v\/t39.30808-1\/270437624_4564083193639691_6907940295614233970_n.jpg?stp=dst-jpg_s200x200_tt6&#038;_nc_cat=111&#038;ccb=1-7&#038;_nc_sid=f907e8&#038;_nc_ohc=SM1wRlP3lJwQ7kNvwEPuBYA&#038;_nc_oc=AdnqrjDN_BNjSSHWO-GbkIWH6fkGMLw4bqvL_NH6e2wMveX7G-rP2dAqsDSq1mJMOaY&#038;_nc_zt=24&#038;_nc_ht=scontent-gig4-1.xx&#038;_nc_gid=AoBFJeGrT1hVaew_6rchkQ&#038;oh=00_AfX7QmFGhQhG2jAllVgXCiM1ZrWgvtp80-Bfppyexh1QEg&#038;oe=689E923C\" \/>\n\t\t<meta property=\"og:image:secure_url\" content=\"https:\/\/scontent-gig4-1.xx.fbcdn.net\/v\/t39.30808-1\/270437624_4564083193639691_6907940295614233970_n.jpg?stp=dst-jpg_s200x200_tt6&#038;_nc_cat=111&#038;ccb=1-7&#038;_nc_sid=f907e8&#038;_nc_ohc=SM1wRlP3lJwQ7kNvwEPuBYA&#038;_nc_oc=AdnqrjDN_BNjSSHWO-GbkIWH6fkGMLw4bqvL_NH6e2wMveX7G-rP2dAqsDSq1mJMOaY&#038;_nc_zt=24&#038;_nc_ht=scontent-gig4-1.xx&#038;_nc_gid=AoBFJeGrT1hVaew_6rchkQ&#038;oh=00_AfX7QmFGhQhG2jAllVgXCiM1ZrWgvtp80-Bfppyexh1QEg&#038;oe=689E923C\" \/>\n\t\t<meta property=\"article:published_time\" content=\"2018-01-03T17:16:39+00:00\" \/>\n\t\t<meta property=\"article:modified_time\" content=\"2018-01-16T17:29:13+00:00\" \/>\n\t\t<meta name=\"twitter:card\" content=\"summary_large_image\" \/>\n\t\t<meta name=\"twitter:title\" content=\"C\u00e2mara de Muria\u00e9 j\u00e1 tem novo presidente: Ademar Camerino - A Not\u00edcia Online\" \/>\n\t\t<meta name=\"twitter:description\" content=\"Ademar Camerino (PROS) assume a presid\u00eancia da C\u00e2mara Municipal de Muria\u00e9 na noite de 03 de janeiro, em cerim\u00f4nia de Posse realizada no plen\u00e1rio do Legislativo Municipal com a presen\u00e7a de diversas autoridades e popula\u00e7\u00e3o de Muria\u00e9. Tamb\u00e9m integram a novo mesa diretora da C\u00e2mara os vereadores Celsinho (DEM), primeiro vice-presidente; Dr. Jos\u00e9 Carlos (PSB),\" \/>\n\t\t<meta name=\"twitter:image\" content=\"https:\/\/scontent-gig4-1.xx.fbcdn.net\/v\/t39.30808-1\/270437624_4564083193639691_6907940295614233970_n.jpg?stp=dst-jpg_s200x200_tt6&amp;_nc_cat=111&amp;ccb=1-7&amp;_nc_sid=f907e8&amp;_nc_ohc=SM1wRlP3lJwQ7kNvwEPuBYA&amp;_nc_oc=AdnqrjDN_BNjSSHWO-GbkIWH6fkGMLw4bqvL_NH6e2wMveX7G-rP2dAqsDSq1mJMOaY&amp;_nc_zt=24&amp;_nc_ht=scontent-gig4-1.xx&amp;_nc_gid=AoBFJeGrT1hVaew_6rchkQ&amp;oh=00_AfX7QmFGhQhG2jAllVgXCiM1ZrWgvtp80-Bfppyexh1QEg&amp;oe=689E923C\" \/>\n\t\t<script type=\"application\/ld+json\" class=\"aioseo-schema\">\n\t\t\t{\"@context\":\"https:\\\/\\\/schema.org\",\"@graph\":[{\"@type\":\"BlogPosting\",\"@id\":\"https:\\\/\\\/anoticiaonline.com.br\\\/site\\\/camara-de-muriae-ja-tem-novo-presidente-ademar-camerino\\\/#blogposting\",\"name\":\"C\\u00e2mara de Muria\\u00e9 j\\u00e1 tem novo presidente: Ademar Camerino - A Not\\u00edcia Online\",\"headline\":\"C\\u00e2mara de Muria\\u00e9 j\\u00e1 tem novo presidente: Ademar Camerino\",\"author\":{\"@id\":\"https:\\\/\\\/anoticiaonline.com.br\\\/site\\\/author\\\/juliana\\\/#author\"},\"publisher\":{\"@id\":\"https:\\\/\\\/anoticiaonline.com.br\\\/site\\\/#organization\"},\"image\":{\"@type\":\"ImageObject\",\"url\":\"https:\\\/\\\/anoticiaonline.com.br\\\/site\\\/wp-content\\\/uploads\\\/2018\\\/01\\\/MESA-DIRETORA.jpg\",\"width\":640,\"height\":425},\"datePublished\":\"2018-01-03T14:16:39-03:00\",\"dateModified\":\"2018-01-16T14:29:13-03:00\",\"inLanguage\":\"pt-BR\",\"mainEntityOfPage\":{\"@id\":\"https:\\\/\\\/anoticiaonline.com.br\\\/site\\\/camara-de-muriae-ja-tem-novo-presidente-ademar-camerino\\\/#webpage\"},\"isPartOf\":{\"@id\":\"https:\\\/\\\/anoticiaonline.com.br\\\/site\\\/camara-de-muriae-ja-tem-novo-presidente-ademar-camerino\\\/#webpage\"},\"articleSection\":\"Gerais, Ademar Camerino, \\u00e2mara Municipal de Muria\\u00e9, c\\u00e2mara municipal, DEM, elei\\u00e7\\u00e3o, Legislativo Municipal, Muria\\u00e9, PPS, PROS, PSB, PSDB\"},{\"@type\":\"BreadcrumbList\",\"@id\":\"https:\\\/\\\/anoticiaonline.com.br\\\/site\\\/camara-de-muriae-ja-tem-novo-presidente-ademar-camerino\\\/#breadcrumblist\",\"itemListElement\":[{\"@type\":\"ListItem\",\"@id\":\"https:\\\/\\\/anoticiaonline.com.br\\\/site#listItem\",\"position\":1,\"name\":\"Home\",\"item\":\"https:\\\/\\\/anoticiaonline.com.br\\\/site\",\"nextItem\":{\"@type\":\"ListItem\",\"@id\":\"https:\\\/\\\/anoticiaonline.com.br\\\/site\\\/categoria\\\/gerais\\\/#listItem\",\"name\":\"Gerais\"}},{\"@type\":\"ListItem\",\"@id\":\"https:\\\/\\\/anoticiaonline.com.br\\\/site\\\/categoria\\\/gerais\\\/#listItem\",\"position\":2,\"name\":\"Gerais\",\"item\":\"https:\\\/\\\/anoticiaonline.com.br\\\/site\\\/categoria\\\/gerais\\\/\",\"nextItem\":{\"@type\":\"ListItem\",\"@id\":\"https:\\\/\\\/anoticiaonline.com.br\\\/site\\\/camara-de-muriae-ja-tem-novo-presidente-ademar-camerino\\\/#listItem\",\"name\":\"C\\u00e2mara de Muria\\u00e9 j\\u00e1 tem novo presidente: Ademar Camerino\"},\"previousItem\":{\"@type\":\"ListItem\",\"@id\":\"https:\\\/\\\/anoticiaonline.com.br\\\/site#listItem\",\"name\":\"Home\"}},{\"@type\":\"ListItem\",\"@id\":\"https:\\\/\\\/anoticiaonline.com.br\\\/site\\\/camara-de-muriae-ja-tem-novo-presidente-ademar-camerino\\\/#listItem\",\"position\":3,\"name\":\"C\\u00e2mara de Muria\\u00e9 j\\u00e1 tem novo presidente: Ademar Camerino\",\"previousItem\":{\"@type\":\"ListItem\",\"@id\":\"https:\\\/\\\/anoticiaonline.com.br\\\/site\\\/categoria\\\/gerais\\\/#listItem\",\"name\":\"Gerais\"}}]},{\"@type\":\"Organization\",\"@id\":\"https:\\\/\\\/anoticiaonline.com.br\\\/site\\\/#organization\",\"name\":\"A Not\\u00edcia Online\",\"description\":\"Noticias de Muria\\u00e9 e regi\\u00e3o\",\"url\":\"https:\\\/\\\/anoticiaonline.com.br\\\/site\\\/\",\"logo\":{\"@type\":\"ImageObject\",\"url\":\"https:\\\/\\\/scontent-gig4-1.xx.fbcdn.net\\\/v\\\/t39.30808-1\\\/270437624_4564083193639691_6907940295614233970_n.jpg?stp=dst-jpg_s200x200_tt6&_nc_cat=111&ccb=1-7&_nc_sid=f907e8&_nc_ohc=SM1wRlP3lJwQ7kNvwEPuBYA&_nc_oc=AdnqrjDN_BNjSSHWO-GbkIWH6fkGMLw4bqvL_NH6e2wMveX7G-rP2dAqsDSq1mJMOaY&_nc_zt=24&_nc_ht=scontent-gig4-1.xx&_nc_gid=AoBFJeGrT1hVaew_6rchkQ&oh=00_AfX7QmFGhQhG2jAllVgXCiM1ZrWgvtp80-Bfppyexh1QEg&oe=689E923C\",\"@id\":\"https:\\\/\\\/anoticiaonline.com.br\\\/site\\\/camara-de-muriae-ja-tem-novo-presidente-ademar-camerino\\\/#organizationLogo\"},\"image\":{\"@id\":\"https:\\\/\\\/anoticiaonline.com.br\\\/site\\\/camara-de-muriae-ja-tem-novo-presidente-ademar-camerino\\\/#organizationLogo\"}},{\"@type\":\"Person\",\"@id\":\"https:\\\/\\\/anoticiaonline.com.br\\\/site\\\/author\\\/juliana\\\/#author\",\"url\":\"https:\\\/\\\/anoticiaonline.com.br\\\/site\\\/author\\\/juliana\\\/\",\"name\":\"Juliana Laviola\",\"image\":{\"@type\":\"ImageObject\",\"@id\":\"https:\\\/\\\/anoticiaonline.com.br\\\/site\\\/camara-de-muriae-ja-tem-novo-presidente-ademar-camerino\\\/#authorImage\",\"url\":\"https:\\\/\\\/secure.gravatar.com\\\/avatar\\\/b8d45f5c699b100dfaf0e543582f38f38bf94cb7ae3a5e9abf8d891a34773335?s=96&d=mm&r=g\",\"width\":96,\"height\":96,\"caption\":\"Juliana Laviola\"}},{\"@type\":\"WebPage\",\"@id\":\"https:\\\/\\\/anoticiaonline.com.br\\\/site\\\/camara-de-muriae-ja-tem-novo-presidente-ademar-camerino\\\/#webpage\",\"url\":\"https:\\\/\\\/anoticiaonline.com.br\\\/site\\\/camara-de-muriae-ja-tem-novo-presidente-ademar-camerino\\\/\",\"name\":\"C\\u00e2mara de Muria\\u00e9 j\\u00e1 tem novo presidente: Ademar Camerino - A Not\\u00edcia Online\",\"description\":\"Ademar Camerino (PROS) assume a presid\\u00eancia da C\\u00e2mara Municipal de Muria\\u00e9 na noite de 03 de janeiro, em cerim\\u00f4nia de Posse realizada no plen\\u00e1rio do Legislativo Municipal com a presen\\u00e7a de diversas autoridades e popula\\u00e7\\u00e3o de Muria\\u00e9. Tamb\\u00e9m integram a novo mesa diretora da C\\u00e2mara os vereadores Celsinho (DEM), primeiro vice-presidente; Dr. Jos\\u00e9 Carlos (PSB),\",\"inLanguage\":\"pt-BR\",\"isPartOf\":{\"@id\":\"https:\\\/\\\/anoticiaonline.com.br\\\/site\\\/#website\"},\"breadcrumb\":{\"@id\":\"https:\\\/\\\/anoticiaonline.com.br\\\/site\\\/camara-de-muriae-ja-tem-novo-presidente-ademar-camerino\\\/#breadcrumblist\"},\"author\":{\"@id\":\"https:\\\/\\\/anoticiaonline.com.br\\\/site\\\/author\\\/juliana\\\/#author\"},\"creator\":{\"@id\":\"https:\\\/\\\/anoticiaonline.com.br\\\/site\\\/author\\\/juliana\\\/#author\"},\"image\":{\"@type\":\"ImageObject\",\"url\":\"https:\\\/\\\/anoticiaonline.com.br\\\/site\\\/wp-content\\\/uploads\\\/2018\\\/01\\\/MESA-DIRETORA.jpg\",\"@id\":\"https:\\\/\\\/anoticiaonline.com.br\\\/site\\\/camara-de-muriae-ja-tem-novo-presidente-ademar-camerino\\\/#mainImage\",\"width\":640,\"height\":425},\"primaryImageOfPage\":{\"@id\":\"https:\\\/\\\/anoticiaonline.com.br\\\/site\\\/camara-de-muriae-ja-tem-novo-presidente-ademar-camerino\\\/#mainImage\"},\"datePublished\":\"2018-01-03T14:16:39-03:00\",\"dateModified\":\"2018-01-16T14:29:13-03:00\"},{\"@type\":\"WebSite\",\"@id\":\"https:\\\/\\\/anoticiaonline.com.br\\\/site\\\/#website\",\"url\":\"https:\\\/\\\/anoticiaonline.com.br\\\/site\\\/\",\"name\":\"A Not\\u00edcia Online\",\"description\":\"Noticias de Muria\\u00e9 e regi\\u00e3o\",\"inLanguage\":\"pt-BR\",\"publisher\":{\"@id\":\"https:\\\/\\\/anoticiaonline.com.br\\\/site\\\/#organization\"}}]}\n\t\t<\/script>\n\t\t<!-- All in One SEO -->\n\n","aioseo_head_json":{"title":"C\u00e2mara de Muria\u00e9 j\u00e1 tem novo presidente: Ademar Camerino - A Not\u00edcia Online","description":"Ademar Camerino (PROS) assume a presid\u00eancia da C\u00e2mara Municipal de Muria\u00e9 na noite de 03 de janeiro, em cerim\u00f4nia de Posse realizada no plen\u00e1rio do Legislativo Municipal com a presen\u00e7a de diversas autoridades e popula\u00e7\u00e3o de Muria\u00e9. Tamb\u00e9m integram a novo mesa diretora da C\u00e2mara os vereadores Celsinho (DEM), primeiro vice-presidente; Dr. Jos\u00e9 Carlos (PSB),","canonical_url":"https:\/\/anoticiaonline.com.br\/site\/camara-de-muriae-ja-tem-novo-presidente-ademar-camerino\/","robots":"max-image-preview:large","keywords":"","webmasterTools":{"miscellaneous":""},"schema":{"@context":"https:\/\/schema.org","@graph":[{"@type":"BlogPosting","@id":"https:\/\/anoticiaonline.com.br\/site\/camara-de-muriae-ja-tem-novo-presidente-ademar-camerino\/#blogposting","name":"C\u00e2mara de Muria\u00e9 j\u00e1 tem novo presidente: Ademar Camerino - A Not\u00edcia Online","headline":"C\u00e2mara de Muria\u00e9 j\u00e1 tem novo presidente: Ademar Camerino","author":{"@id":"https:\/\/anoticiaonline.com.br\/site\/author\/juliana\/#author"},"publisher":{"@id":"https:\/\/anoticiaonline.com.br\/site\/#organization"},"image":{"@type":"ImageObject","url":"https:\/\/anoticiaonline.com.br\/site\/wp-content\/uploads\/2018\/01\/MESA-DIRETORA.jpg","width":640,"height":425},"datePublished":"2018-01-03T14:16:39-03:00","dateModified":"2018-01-16T14:29:13-03:00","inLanguage":"pt-BR","mainEntityOfPage":{"@id":"https:\/\/anoticiaonline.com.br\/site\/camara-de-muriae-ja-tem-novo-presidente-ademar-camerino\/#webpage"},"isPartOf":{"@id":"https:\/\/anoticiaonline.com.br\/site\/camara-de-muriae-ja-tem-novo-presidente-ademar-camerino\/#webpage"},"articleSection":"Gerais, Ademar Camerino, \u00e2mara Municipal de Muria\u00e9, c\u00e2mara municipal, DEM, elei\u00e7\u00e3o, Legislativo Municipal, Muria\u00e9, PPS, PROS, PSB, PSDB"},{"@type":"BreadcrumbList","@id":"https:\/\/anoticiaonline.com.br\/site\/camara-de-muriae-ja-tem-novo-presidente-ademar-camerino\/#breadcrumblist","itemListElement":[{"@type":"ListItem","@id":"https:\/\/anoticiaonline.com.br\/site#listItem","position":1,"name":"Home","item":"https:\/\/anoticiaonline.com.br\/site","nextItem":{"@type":"ListItem","@id":"https:\/\/anoticiaonline.com.br\/site\/categoria\/gerais\/#listItem","name":"Gerais"}},{"@type":"ListItem","@id":"https:\/\/anoticiaonline.com.br\/site\/categoria\/gerais\/#listItem","position":2,"name":"Gerais","item":"https:\/\/anoticiaonline.com.br\/site\/categoria\/gerais\/","nextItem":{"@type":"ListItem","@id":"https:\/\/anoticiaonline.com.br\/site\/camara-de-muriae-ja-tem-novo-presidente-ademar-camerino\/#listItem","name":"C\u00e2mara de Muria\u00e9 j\u00e1 tem novo presidente: Ademar Camerino"},"previousItem":{"@type":"ListItem","@id":"https:\/\/anoticiaonline.com.br\/site#listItem","name":"Home"}},{"@type":"ListItem","@id":"https:\/\/anoticiaonline.com.br\/site\/camara-de-muriae-ja-tem-novo-presidente-ademar-camerino\/#listItem","position":3,"name":"C\u00e2mara de Muria\u00e9 j\u00e1 tem novo presidente: Ademar Camerino","previousItem":{"@type":"ListItem","@id":"https:\/\/anoticiaonline.com.br\/site\/categoria\/gerais\/#listItem","name":"Gerais"}}]},{"@type":"Organization","@id":"https:\/\/anoticiaonline.com.br\/site\/#organization","name":"A Not\u00edcia Online","description":"Noticias de Muria\u00e9 e regi\u00e3o","url":"https:\/\/anoticiaonline.com.br\/site\/","logo":{"@type":"ImageObject","url":"https:\/\/scontent-gig4-1.xx.fbcdn.net\/v\/t39.30808-1\/270437624_4564083193639691_6907940295614233970_n.jpg?stp=dst-jpg_s200x200_tt6&_nc_cat=111&ccb=1-7&_nc_sid=f907e8&_nc_ohc=SM1wRlP3lJwQ7kNvwEPuBYA&_nc_oc=AdnqrjDN_BNjSSHWO-GbkIWH6fkGMLw4bqvL_NH6e2wMveX7G-rP2dAqsDSq1mJMOaY&_nc_zt=24&_nc_ht=scontent-gig4-1.xx&_nc_gid=AoBFJeGrT1hVaew_6rchkQ&oh=00_AfX7QmFGhQhG2jAllVgXCiM1ZrWgvtp80-Bfppyexh1QEg&oe=689E923C","@id":"https:\/\/anoticiaonline.com.br\/site\/camara-de-muriae-ja-tem-novo-presidente-ademar-camerino\/#organizationLogo"},"image":{"@id":"https:\/\/anoticiaonline.com.br\/site\/camara-de-muriae-ja-tem-novo-presidente-ademar-camerino\/#organizationLogo"}},{"@type":"Person","@id":"https:\/\/anoticiaonline.com.br\/site\/author\/juliana\/#author","url":"https:\/\/anoticiaonline.com.br\/site\/author\/juliana\/","name":"Juliana Laviola","image":{"@type":"ImageObject","@id":"https:\/\/anoticiaonline.com.br\/site\/camara-de-muriae-ja-tem-novo-presidente-ademar-camerino\/#authorImage","url":"https:\/\/secure.gravatar.com\/avatar\/b8d45f5c699b100dfaf0e543582f38f38bf94cb7ae3a5e9abf8d891a34773335?s=96&d=mm&r=g","width":96,"height":96,"caption":"Juliana Laviola"}},{"@type":"WebPage","@id":"https:\/\/anoticiaonline.com.br\/site\/camara-de-muriae-ja-tem-novo-presidente-ademar-camerino\/#webpage","url":"https:\/\/anoticiaonline.com.br\/site\/camara-de-muriae-ja-tem-novo-presidente-ademar-camerino\/","name":"C\u00e2mara de Muria\u00e9 j\u00e1 tem novo presidente: Ademar Camerino - A Not\u00edcia Online","description":"Ademar Camerino (PROS) assume a presid\u00eancia da C\u00e2mara Municipal de Muria\u00e9 na noite de 03 de janeiro, em cerim\u00f4nia de Posse realizada no plen\u00e1rio do Legislativo Municipal com a presen\u00e7a de diversas autoridades e popula\u00e7\u00e3o de Muria\u00e9. Tamb\u00e9m integram a novo mesa diretora da C\u00e2mara os vereadores Celsinho (DEM), primeiro vice-presidente; Dr. Jos\u00e9 Carlos (PSB),","inLanguage":"pt-BR","isPartOf":{"@id":"https:\/\/anoticiaonline.com.br\/site\/#website"},"breadcrumb":{"@id":"https:\/\/anoticiaonline.com.br\/site\/camara-de-muriae-ja-tem-novo-presidente-ademar-camerino\/#breadcrumblist"},"author":{"@id":"https:\/\/anoticiaonline.com.br\/site\/author\/juliana\/#author"},"creator":{"@id":"https:\/\/anoticiaonline.com.br\/site\/author\/juliana\/#author"},"image":{"@type":"ImageObject","url":"https:\/\/anoticiaonline.com.br\/site\/wp-content\/uploads\/2018\/01\/MESA-DIRETORA.jpg","@id":"https:\/\/anoticiaonline.com.br\/site\/camara-de-muriae-ja-tem-novo-presidente-ademar-camerino\/#mainImage","width":640,"height":425},"primaryImageOfPage":{"@id":"https:\/\/anoticiaonline.com.br\/site\/camara-de-muriae-ja-tem-novo-presidente-ademar-camerino\/#mainImage"},"datePublished":"2018-01-03T14:16:39-03:00","dateModified":"2018-01-16T14:29:13-03:00"},{"@type":"WebSite","@id":"https:\/\/anoticiaonline.com.br\/site\/#website","url":"https:\/\/anoticiaonline.com.br\/site\/","name":"A Not\u00edcia Online","description":"Noticias de Muria\u00e9 e regi\u00e3o","inLanguage":"pt-BR","publisher":{"@id":"https:\/\/anoticiaonline.com.br\/site\/#organization"}}]},"og:locale":"pt_BR","og:site_name":"A Not\u00edcia Online - Noticias de Muria\u00e9 e regi\u00e3o","og:type":"article","og:title":"C\u00e2mara de Muria\u00e9 j\u00e1 tem novo presidente: Ademar Camerino - A Not\u00edcia Online","og:description":"Ademar Camerino (PROS) assume a presid\u00eancia da C\u00e2mara Municipal de Muria\u00e9 na noite de 03 de janeiro, em cerim\u00f4nia de Posse realizada no plen\u00e1rio do Legislativo Municipal com a presen\u00e7a de diversas autoridades e popula\u00e7\u00e3o de Muria\u00e9. Tamb\u00e9m integram a novo mesa diretora da C\u00e2mara os vereadores Celsinho (DEM), primeiro vice-presidente; Dr. Jos\u00e9 Carlos (PSB),","og:url":"https:\/\/anoticiaonline.com.br\/site\/camara-de-muriae-ja-tem-novo-presidente-ademar-camerino\/","og:image":"https:\/\/scontent-gig4-1.xx.fbcdn.net\/v\/t39.30808-1\/270437624_4564083193639691_6907940295614233970_n.jpg?stp=dst-jpg_s200x200_tt6&#038;_nc_cat=111&#038;ccb=1-7&#038;_nc_sid=f907e8&#038;_nc_ohc=SM1wRlP3lJwQ7kNvwEPuBYA&#038;_nc_oc=AdnqrjDN_BNjSSHWO-GbkIWH6fkGMLw4bqvL_NH6e2wMveX7G-rP2dAqsDSq1mJMOaY&#038;_nc_zt=24&#038;_nc_ht=scontent-gig4-1.xx&#038;_nc_gid=AoBFJeGrT1hVaew_6rchkQ&#038;oh=00_AfX7QmFGhQhG2jAllVgXCiM1ZrWgvtp80-Bfppyexh1QEg&#038;oe=689E923C","og:image:secure_url":"https:\/\/scontent-gig4-1.xx.fbcdn.net\/v\/t39.30808-1\/270437624_4564083193639691_6907940295614233970_n.jpg?stp=dst-jpg_s200x200_tt6&#038;_nc_cat=111&#038;ccb=1-7&#038;_nc_sid=f907e8&#038;_nc_ohc=SM1wRlP3lJwQ7kNvwEPuBYA&#038;_nc_oc=AdnqrjDN_BNjSSHWO-GbkIWH6fkGMLw4bqvL_NH6e2wMveX7G-rP2dAqsDSq1mJMOaY&#038;_nc_zt=24&#038;_nc_ht=scontent-gig4-1.xx&#038;_nc_gid=AoBFJeGrT1hVaew_6rchkQ&#038;oh=00_AfX7QmFGhQhG2jAllVgXCiM1ZrWgvtp80-Bfppyexh1QEg&#038;oe=689E923C","article:published_time":"2018-01-03T17:16:39+00:00","article:modified_time":"2018-01-16T17:29:13+00:00","twitter:card":"summary_large_image","twitter:title":"C\u00e2mara de Muria\u00e9 j\u00e1 tem novo presidente: Ademar Camerino - A Not\u00edcia Online","twitter:description":"Ademar Camerino (PROS) assume a presid\u00eancia da C\u00e2mara Municipal de Muria\u00e9 na noite de 03 de janeiro, em cerim\u00f4nia de Posse realizada no plen\u00e1rio do Legislativo Municipal com a presen\u00e7a de diversas autoridades e popula\u00e7\u00e3o de Muria\u00e9. Tamb\u00e9m integram a novo mesa diretora da C\u00e2mara os vereadores Celsinho (DEM), primeiro vice-presidente; Dr. Jos\u00e9 Carlos (PSB),","twitter:image":"https:\/\/scontent-gig4-1.xx.fbcdn.net\/v\/t39.30808-1\/270437624_4564083193639691_6907940295614233970_n.jpg?stp=dst-jpg_s200x200_tt6&_nc_cat=111&ccb=1-7&_nc_sid=f907e8&_nc_ohc=SM1wRlP3lJwQ7kNvwEPuBYA&_nc_oc=AdnqrjDN_BNjSSHWO-GbkIWH6fkGMLw4bqvL_NH6e2wMveX7G-rP2dAqsDSq1mJMOaY&_nc_zt=24&_nc_ht=scontent-gig4-1.xx&_nc_gid=AoBFJeGrT1hVaew_6rchkQ&oh=00_AfX7QmFGhQhG2jAllVgXCiM1ZrWgvtp80-Bfppyexh1QEg&oe=689E923C"},"aioseo_meta_data":{"post_id":"49108","title":null,"description":null,"keywords":null,"keyphrases":null,"primary_term":null,"canonical_url":null,"og_title":null,"og_description":null,"og_object_type":"default","og_image_type":"default","og_image_url":null,"og_image_width":null,"og_image_height":null,"og_image_custom_url":null,"og_image_custom_fields":null,"og_video":null,"og_custom_url":null,"og_article_section":null,"og_article_tags":null,"twitter_use_og":false,"twitter_card":"default","twitter_image_type":"default","twitter_image_url":null,"twitter_image_custom_url":null,"twitter_image_custom_fields":null,"twitter_title":null,"twitter_description":null,"schema":{"blockGraphs":[],"customGraphs":[],"default":{"data":{"Article":[],"Course":[],"Dataset":[],"FAQPage":[],"Movie":[],"Person":[],"Product":[],"ProductReview":[],"Car":[],"Recipe":[],"Service":[],"SoftwareApplication":[],"WebPage":[]},"graphName":"","isEnabled":true},"graphs":[]},"schema_type":"default","schema_type_options":null,"pillar_content":false,"robots_default":true,"robots_noindex":false,"robots_noarchive":false,"robots_nosnippet":false,"robots_nofollow":false,"robots_noimageindex":false,"robots_noodp":false,"robots_notranslate":false,"robots_max_snippet":null,"robots_max_videopreview":null,"robots_max_imagepreview":"large","priority":null,"frequency":null,"local_seo":null,"breadcrumb_settings":null,"limit_modified_date":false,"ai":null,"created":"2025-08-16 20:10:22","updated":"2025-08-16 20:10:22","focus_keyword":null,"additional_keywords":null,"truseo_locale":null,"seo_analyzer_scan_date":null},"aioseo_breadcrumb":"<div class=\"aioseo-breadcrumbs\"><span class=\"aioseo-breadcrumb\">\n\t\t\t<a href=\"https:\/\/anoticiaonline.com.br\/site\" title=\"Home\">Home<\/a>\n\t\t<\/span><span class=\"aioseo-breadcrumb-separator\">&raquo;<\/span><span class=\"aioseo-breadcrumb\">\n\t\t\t<a href=\"https:\/\/anoticiaonline.com.br\/site\/categoria\/gerais\/\" title=\"Gerais\">Gerais<\/a>\n\t\t<\/span><span class=\"aioseo-breadcrumb-separator\">&raquo;<\/span><span class=\"aioseo-breadcrumb\">\n\t\t\tC\u00e2mara de Muria\u00e9 j\u00e1 tem novo presidente: Ademar Camerino\n\t\t<\/span><\/div>","aioseo_breadcrumb_json":[{"label":"Home","link":"https:\/\/anoticiaonline.com.br\/site"},{"label":"Gerais","link":"https:\/\/anoticiaonline.com.br\/site\/categoria\/gerais\/"},{"label":"C\u00e2mara de Muria\u00e9 j\u00e1 tem novo presidente: Ademar Camerino","link":"https:\/\/anoticiaonline.com.br\/site\/camara-de-muriae-ja-tem-novo-presidente-ademar-camerino\/"}],"views":153,"_links":{"self":[{"href":"https:\/\/anoticiaonline.com.br\/site\/wp-json\/wp\/v2\/posts\/49108","targetHints":{"allow":["GET"]}}],"collection":[{"href":"https:\/\/anoticiaonline.com.br\/site\/wp-json\/wp\/v2\/posts"}],"about":[{"href":"https:\/\/anoticiaonline.com.br\/site\/wp-json\/wp\/v2\/types\/post"}],"author":[{"embeddable":true,"href":"https:\/\/anoticiaonline.com.br\/site\/wp-json\/wp\/v2\/users\/2"}],"replies":[{"embeddable":true,"href":"https:\/\/anoticiaonline.com.br\/site\/wp-json\/wp\/v2\/comments?post=49108"}],"version-history":[{"count":0,"href":"https:\/\/anoticiaonline.com.br\/site\/wp-json\/wp\/v2\/posts\/49108\/revisions"}],"wp:featuredmedia":[{"embeddable":true,"href":"https:\/\/anoticiaonline.com.br\/site\/wp-json\/wp\/v2\/media\/49111"}],"wp:attachment":[{"href":"https:\/\/anoticiaonline.com.br\/site\/wp-json\/wp\/v2\/media?parent=49108"}],"wp:term":[{"taxonomy":"category","embeddable":true,"href":"https:\/\/anoticiaonline.com.br\/site\/wp-json\/wp\/v2\/categories?post=49108"},{"taxonomy":"post_tag","embeddable":true,"href":"https:\/\/anoticiaonline.com.br\/site\/wp-json\/wp\/v2\/tags?post=49108"}],"curies":[{"name":"wp","href":"https:\/\/api.w.org\/{rel}","templated":true}]}}