{"id":48638,"date":"2017-12-26T16:32:34","date_gmt":"2017-12-26T19:32:34","guid":{"rendered":"http:\/\/anoticiaonline.com.br\/site\/?p=48638"},"modified":"2017-12-26T16:39:48","modified_gmt":"2017-12-26T19:39:48","slug":"fique-atento-aos-reajustes-de-mensalidades-e-compras-de-material-escolar","status":"publish","type":"post","link":"https:\/\/anoticiaonline.com.br\/site\/fique-atento-aos-reajustes-de-mensalidades-e-compras-de-material-escolar\/","title":{"rendered":"Fique atento aos reajustes de mensalidades e compras de material escolar"},"content":{"rendered":"<p>Fim de ano chegando e as escolas j\u00e1 come\u00e7am a anunciar os seus novos pre\u00e7os e \u00e9 preciso ficar atento. De acordo com a Lei n\u00ba 9.870, n\u00e3o existe um teto de reajuste escolar, contudo o novo valor deve estar de acordo com as despesas da escola e s\u00f3 poder\u00e1 ser realizado uma vez a cada 12 meses. Al\u00e9m disso, a necessidade do aumento deve ser comprovada por meio de planilha de custos, mesmo que o reajuste seja resultado de modifica\u00e7\u00f5es no processo did\u00e1tico-pedag\u00f3gico. Os novos valores juntamente com os documentos que comprovem o aumento devem ser fixados em locais vis\u00edveis e de f\u00e1cil acesso na escola 45 dias antes do prazo final para a realiza\u00e7\u00e3o da matr\u00edcula, e enviados aos respons\u00e1veis quando solicitado. Caso o consumidor n\u00e3o concorde com o aumento, considerando-o abusivo conteste, podendo utilizar, inclusive, o Procon ou o Juizado Especial C\u00edvel.<\/p>\n<p><a href=\"https:\/\/anoticiaonline.com.br\/site\/wp-content\/uploads\/2017\/12\/Fique-atento-aos-reajustes-de-mensalidades-e-\u00e0s-compras-de-material-escolar.jpg\"><img fetchpriority=\"high\" decoding=\"async\" class=\"alignnone size-full wp-image-48639\" src=\"https:\/\/anoticiaonline.com.br\/site\/wp-content\/uploads\/2017\/12\/Fique-atento-aos-reajustes-de-mensalidades-e-\u00e0s-compras-de-material-escolar.jpg\" alt=\"\" width=\"640\" height=\"427\" srcset=\"https:\/\/anoticiaonline.com.br\/site\/wp-content\/uploads\/2017\/12\/Fique-atento-aos-reajustes-de-mensalidades-e-\u00e0s-compras-de-material-escolar.jpg 640w, https:\/\/anoticiaonline.com.br\/site\/wp-content\/uploads\/2017\/12\/Fique-atento-aos-reajustes-de-mensalidades-e-\u00e0s-compras-de-material-escolar-300x200.jpg 300w\" sizes=\"(max-width: 640px) 100vw, 640px\" \/><\/a><\/p>\n<p><strong>Cuidados na compra de material escolar &#8211;<\/strong> Entre as primeiras despesas do in\u00edcio do ano est\u00e1 a de material escolar. Para ajustar os gastos ao seu or\u00e7amento, a pesquisa de pre\u00e7o \u00e9 uma pr\u00e1tica importante; portanto, fa\u00e7a-a em diversos pontos de vendas, como: papelarias, dep\u00f3sitos, lojas de departamentos entre outros. Saiba que o material da &#8220;moda&#8221; ou o mais sofisticado nem sempre \u00e9 o de melhor qualidade ou de melhor pre\u00e7o.<\/p>\n<p>Verifique quais os produtos em bom estado que voc\u00ea j\u00e1 possui. Em segundo lugar, \u00c9 importante lembrar que a escola n\u00e3o pode exigir a aquisi\u00e7\u00e3o de produtos de uma determinada marca ou em determinado local. Cabe ao consumidor a qualidade e o pre\u00e7o de produtos similares que tamb\u00e9m podem atender as necessidades, com economia. Produtos sofisticados ou com caracter\u00edsticas de brinquedos podem distrair a aten\u00e7\u00e3o da crian\u00e7a, prejudicando o seu desempenho.<\/p>\n<p>Lembre que o material escolar constitui instrumento de trabalho para o aprendizado; portanto, deve estar adequado \u00e0 finalidade a que se destina. Observe algumas recomenda\u00e7\u00f5es na hora da escolha dos produtos:<\/p>\n<p><strong>Caderno &#8211;<\/strong> verifique a impress\u00e3o das linhas e margens, se as folhas n\u00e3o possuem dobraduras, rugas, manchas ou furos. Cadernos de capa dura apresentam maior resist\u00eancia, embora possam ser mais caros;<\/p>\n<p><strong>R\u00e9gua, esquadro e compasso \u2013<\/strong> note se a impress\u00e3o da escala e dos n\u00fameros \u00e9 leg\u00edvel, bem como se existem rebarbas, ranhuras, lascas ou pontos de ferrugem;<\/p>\n<p><strong>Borracha \u2013<\/strong> escolha o produto apropriado para apagar l\u00e1pis ou canetas. Cuidado com as borrachas coloridas, de formatos diferentes e com aromas, que podem desde induzir a crian\u00e7a pequena a ingeri-las at\u00e9 distra\u00ed-las ou conduzi-las a outros h\u00e1bitos prejudiciais;<\/p>\n<p><strong>Apontador &#8211;<\/strong> n\u00e3o deve apresentar manchas ou sinais de ferrugem. Teste o produto, antes de comprar;<\/p>\n<p><strong>L\u00e1pis &#8211;<\/strong> conforme o trabalho, escolha o tipo mais adequado. Para a escrita, recomenda-se o n\u00famero 2. O produto n\u00e3o deve apresentar amassados, lascas ou ranhuras;<\/p>\n<p><strong>Caneta &#8211;<\/strong> verifique se a carga de tinta est\u00e1 completa e se n\u00e3o h\u00e1 vazamentos. Teste o produto. A escolha deve considerar a faixa et\u00e1ria do aluno.<\/p>\n<p><strong>Massa para modelar, giz de cera, cola, tintas &#8211;<\/strong> observe se h\u00e1 subst\u00e2ncias t\u00f3xicas, verificando atentamente a composi\u00e7\u00e3o do produto, bem como as instru\u00e7\u00f5es ou recomenda\u00e7\u00f5es de uso e a facilidade de limpeza.<\/p>\n<p>Cr\u00e9ditos: ASCOM Procon Muria\u00e9<\/p>\n","protected":false},"excerpt":{"rendered":"<p>Fim de ano chegando e as escolas j\u00e1 come\u00e7am a anunciar os seus novos pre\u00e7os e \u00e9 preciso ficar atento. De acordo com a Lei n\u00ba 9.870, n\u00e3o existe um teto de reajuste escolar, contudo o novo valor deve estar de acordo com as despesas da escola e s\u00f3 poder\u00e1 ser realizado uma vez a &#8230; <a title=\"Fique atento aos reajustes de mensalidades e compras de material escolar\" class=\"read-more\" href=\"https:\/\/anoticiaonline.com.br\/site\/fique-atento-aos-reajustes-de-mensalidades-e-compras-de-material-escolar\/\" aria-label=\"Read more about Fique atento aos reajustes de mensalidades e compras de material escolar\">Ler mais<\/a><\/p>\n","protected":false},"author":2,"featured_media":48639,"comment_status":"open","ping_status":"open","sticky":false,"template":"","format":"standard","meta":{"_acf_changed":false,"_monsterinsights_skip_tracking":false,"footnotes":""},"categories":[1],"tags":[910,1836,113,389,1837],"class_list":["post-48638","post","type-post","status-publish","format-standard","has-post-thumbnail","hentry","category-gerais","tag-economia","tag-material-escolar","tag-procon","tag-reajuste","tag-volta-as-aulas"],"acf":[],"aioseo_notices":[],"aioseo_head":"\n\t\t<!-- All in One SEO 5.0.0.1 - aioseo.com -->\n\t<meta name=\"description\" content=\"Fim de ano chegando e as escolas j\u00e1 come\u00e7am a anunciar os seus novos pre\u00e7os e \u00e9 preciso ficar atento. De acordo com a Lei n\u00ba 9.870, n\u00e3o existe um teto de reajuste escolar, contudo o novo valor deve estar de acordo com as despesas da escola e s\u00f3 poder\u00e1 ser realizado uma vez a\" \/>\n\t<meta name=\"robots\" content=\"max-image-preview:large\" \/>\n\t<meta name=\"author\" content=\"Juliana Laviola\"\/>\n\t<link rel=\"canonical\" href=\"https:\/\/anoticiaonline.com.br\/site\/fique-atento-aos-reajustes-de-mensalidades-e-compras-de-material-escolar\/\" \/>\n\t<meta name=\"generator\" content=\"All in One SEO (AIOSEO) 5.0.0.1\" \/>\n\t\t<meta property=\"og:locale\" content=\"pt_BR\" \/>\n\t\t<meta property=\"og:site_name\" content=\"A Not\u00edcia Online - Noticias de Muria\u00e9 e regi\u00e3o\" \/>\n\t\t<meta property=\"og:type\" content=\"article\" \/>\n\t\t<meta property=\"og:title\" content=\"Fique atento aos reajustes de mensalidades e compras de material escolar - A Not\u00edcia Online\" \/>\n\t\t<meta property=\"og:description\" content=\"Fim de ano chegando e as escolas j\u00e1 come\u00e7am a anunciar os seus novos pre\u00e7os e \u00e9 preciso ficar atento. De acordo com a Lei n\u00ba 9.870, n\u00e3o existe um teto de reajuste escolar, contudo o novo valor deve estar de acordo com as despesas da escola e s\u00f3 poder\u00e1 ser realizado uma vez a\" \/>\n\t\t<meta property=\"og:url\" content=\"https:\/\/anoticiaonline.com.br\/site\/fique-atento-aos-reajustes-de-mensalidades-e-compras-de-material-escolar\/\" \/>\n\t\t<meta property=\"og:image\" content=\"https:\/\/scontent-gig4-1.xx.fbcdn.net\/v\/t39.30808-1\/270437624_4564083193639691_6907940295614233970_n.jpg?stp=dst-jpg_s200x200_tt6&#038;_nc_cat=111&#038;ccb=1-7&#038;_nc_sid=f907e8&#038;_nc_ohc=SM1wRlP3lJwQ7kNvwEPuBYA&#038;_nc_oc=AdnqrjDN_BNjSSHWO-GbkIWH6fkGMLw4bqvL_NH6e2wMveX7G-rP2dAqsDSq1mJMOaY&#038;_nc_zt=24&#038;_nc_ht=scontent-gig4-1.xx&#038;_nc_gid=AoBFJeGrT1hVaew_6rchkQ&#038;oh=00_AfX7QmFGhQhG2jAllVgXCiM1ZrWgvtp80-Bfppyexh1QEg&#038;oe=689E923C\" \/>\n\t\t<meta property=\"og:image:secure_url\" content=\"https:\/\/scontent-gig4-1.xx.fbcdn.net\/v\/t39.30808-1\/270437624_4564083193639691_6907940295614233970_n.jpg?stp=dst-jpg_s200x200_tt6&#038;_nc_cat=111&#038;ccb=1-7&#038;_nc_sid=f907e8&#038;_nc_ohc=SM1wRlP3lJwQ7kNvwEPuBYA&#038;_nc_oc=AdnqrjDN_BNjSSHWO-GbkIWH6fkGMLw4bqvL_NH6e2wMveX7G-rP2dAqsDSq1mJMOaY&#038;_nc_zt=24&#038;_nc_ht=scontent-gig4-1.xx&#038;_nc_gid=AoBFJeGrT1hVaew_6rchkQ&#038;oh=00_AfX7QmFGhQhG2jAllVgXCiM1ZrWgvtp80-Bfppyexh1QEg&#038;oe=689E923C\" \/>\n\t\t<meta property=\"article:published_time\" content=\"2017-12-26T19:32:34+00:00\" \/>\n\t\t<meta property=\"article:modified_time\" content=\"2017-12-26T19:39:48+00:00\" \/>\n\t\t<meta name=\"twitter:card\" content=\"summary_large_image\" \/>\n\t\t<meta name=\"twitter:title\" content=\"Fique atento aos reajustes de mensalidades e compras de material escolar - A Not\u00edcia Online\" \/>\n\t\t<meta name=\"twitter:description\" content=\"Fim de ano chegando e as escolas j\u00e1 come\u00e7am a anunciar os seus novos pre\u00e7os e \u00e9 preciso ficar atento. De acordo com a Lei n\u00ba 9.870, n\u00e3o existe um teto de reajuste escolar, contudo o novo valor deve estar de acordo com as despesas da escola e s\u00f3 poder\u00e1 ser realizado uma vez a\" \/>\n\t\t<meta name=\"twitter:image\" content=\"https:\/\/scontent-gig4-1.xx.fbcdn.net\/v\/t39.30808-1\/270437624_4564083193639691_6907940295614233970_n.jpg?stp=dst-jpg_s200x200_tt6&amp;_nc_cat=111&amp;ccb=1-7&amp;_nc_sid=f907e8&amp;_nc_ohc=SM1wRlP3lJwQ7kNvwEPuBYA&amp;_nc_oc=AdnqrjDN_BNjSSHWO-GbkIWH6fkGMLw4bqvL_NH6e2wMveX7G-rP2dAqsDSq1mJMOaY&amp;_nc_zt=24&amp;_nc_ht=scontent-gig4-1.xx&amp;_nc_gid=AoBFJeGrT1hVaew_6rchkQ&amp;oh=00_AfX7QmFGhQhG2jAllVgXCiM1ZrWgvtp80-Bfppyexh1QEg&amp;oe=689E923C\" \/>\n\t\t<script type=\"application\/ld+json\" class=\"aioseo-schema\">\n\t\t\t{\"@context\":\"https:\\\/\\\/schema.org\",\"@graph\":[{\"@type\":\"BlogPosting\",\"@id\":\"https:\\\/\\\/anoticiaonline.com.br\\\/site\\\/fique-atento-aos-reajustes-de-mensalidades-e-compras-de-material-escolar\\\/#blogposting\",\"name\":\"Fique atento aos reajustes de mensalidades e compras de material escolar - A Not\\u00edcia Online\",\"headline\":\"Fique atento aos reajustes de mensalidades e compras de material escolar\",\"author\":{\"@id\":\"https:\\\/\\\/anoticiaonline.com.br\\\/site\\\/author\\\/juliana\\\/#author\"},\"publisher\":{\"@id\":\"https:\\\/\\\/anoticiaonline.com.br\\\/site\\\/#organization\"},\"image\":{\"@type\":\"ImageObject\",\"url\":\"https:\\\/\\\/anoticiaonline.com.br\\\/site\\\/wp-content\\\/uploads\\\/2017\\\/12\\\/Fique-atento-aos-reajustes-de-mensalidades-e-\\u00e0s-compras-de-material-escolar.jpg\",\"width\":640,\"height\":427},\"datePublished\":\"2017-12-26T16:32:34-03:00\",\"dateModified\":\"2017-12-26T16:39:48-03:00\",\"inLanguage\":\"pt-BR\",\"mainEntityOfPage\":{\"@id\":\"https:\\\/\\\/anoticiaonline.com.br\\\/site\\\/fique-atento-aos-reajustes-de-mensalidades-e-compras-de-material-escolar\\\/#webpage\"},\"isPartOf\":{\"@id\":\"https:\\\/\\\/anoticiaonline.com.br\\\/site\\\/fique-atento-aos-reajustes-de-mensalidades-e-compras-de-material-escolar\\\/#webpage\"},\"articleSection\":\"Gerais, economia, material escolar, procon, reajuste, volta as aulas\"},{\"@type\":\"BreadcrumbList\",\"@id\":\"https:\\\/\\\/anoticiaonline.com.br\\\/site\\\/fique-atento-aos-reajustes-de-mensalidades-e-compras-de-material-escolar\\\/#breadcrumblist\",\"itemListElement\":[{\"@type\":\"ListItem\",\"@id\":\"https:\\\/\\\/anoticiaonline.com.br\\\/site#listItem\",\"position\":1,\"name\":\"Home\",\"item\":\"https:\\\/\\\/anoticiaonline.com.br\\\/site\",\"nextItem\":{\"@type\":\"ListItem\",\"@id\":\"https:\\\/\\\/anoticiaonline.com.br\\\/site\\\/categoria\\\/gerais\\\/#listItem\",\"name\":\"Gerais\"}},{\"@type\":\"ListItem\",\"@id\":\"https:\\\/\\\/anoticiaonline.com.br\\\/site\\\/categoria\\\/gerais\\\/#listItem\",\"position\":2,\"name\":\"Gerais\",\"item\":\"https:\\\/\\\/anoticiaonline.com.br\\\/site\\\/categoria\\\/gerais\\\/\",\"nextItem\":{\"@type\":\"ListItem\",\"@id\":\"https:\\\/\\\/anoticiaonline.com.br\\\/site\\\/fique-atento-aos-reajustes-de-mensalidades-e-compras-de-material-escolar\\\/#listItem\",\"name\":\"Fique atento aos reajustes de mensalidades e compras de material escolar\"},\"previousItem\":{\"@type\":\"ListItem\",\"@id\":\"https:\\\/\\\/anoticiaonline.com.br\\\/site#listItem\",\"name\":\"Home\"}},{\"@type\":\"ListItem\",\"@id\":\"https:\\\/\\\/anoticiaonline.com.br\\\/site\\\/fique-atento-aos-reajustes-de-mensalidades-e-compras-de-material-escolar\\\/#listItem\",\"position\":3,\"name\":\"Fique atento aos reajustes de mensalidades e compras de material escolar\",\"previousItem\":{\"@type\":\"ListItem\",\"@id\":\"https:\\\/\\\/anoticiaonline.com.br\\\/site\\\/categoria\\\/gerais\\\/#listItem\",\"name\":\"Gerais\"}}]},{\"@type\":\"Organization\",\"@id\":\"https:\\\/\\\/anoticiaonline.com.br\\\/site\\\/#organization\",\"name\":\"A Not\\u00edcia Online\",\"description\":\"Noticias de Muria\\u00e9 e regi\\u00e3o\",\"url\":\"https:\\\/\\\/anoticiaonline.com.br\\\/site\\\/\",\"logo\":{\"@type\":\"ImageObject\",\"url\":\"https:\\\/\\\/scontent-gig4-1.xx.fbcdn.net\\\/v\\\/t39.30808-1\\\/270437624_4564083193639691_6907940295614233970_n.jpg?stp=dst-jpg_s200x200_tt6&_nc_cat=111&ccb=1-7&_nc_sid=f907e8&_nc_ohc=SM1wRlP3lJwQ7kNvwEPuBYA&_nc_oc=AdnqrjDN_BNjSSHWO-GbkIWH6fkGMLw4bqvL_NH6e2wMveX7G-rP2dAqsDSq1mJMOaY&_nc_zt=24&_nc_ht=scontent-gig4-1.xx&_nc_gid=AoBFJeGrT1hVaew_6rchkQ&oh=00_AfX7QmFGhQhG2jAllVgXCiM1ZrWgvtp80-Bfppyexh1QEg&oe=689E923C\",\"@id\":\"https:\\\/\\\/anoticiaonline.com.br\\\/site\\\/fique-atento-aos-reajustes-de-mensalidades-e-compras-de-material-escolar\\\/#organizationLogo\"},\"image\":{\"@id\":\"https:\\\/\\\/anoticiaonline.com.br\\\/site\\\/fique-atento-aos-reajustes-de-mensalidades-e-compras-de-material-escolar\\\/#organizationLogo\"}},{\"@type\":\"Person\",\"@id\":\"https:\\\/\\\/anoticiaonline.com.br\\\/site\\\/author\\\/juliana\\\/#author\",\"url\":\"https:\\\/\\\/anoticiaonline.com.br\\\/site\\\/author\\\/juliana\\\/\",\"name\":\"Juliana Laviola\",\"image\":{\"@type\":\"ImageObject\",\"@id\":\"https:\\\/\\\/anoticiaonline.com.br\\\/site\\\/fique-atento-aos-reajustes-de-mensalidades-e-compras-de-material-escolar\\\/#authorImage\",\"url\":\"https:\\\/\\\/secure.gravatar.com\\\/avatar\\\/b8d45f5c699b100dfaf0e543582f38f38bf94cb7ae3a5e9abf8d891a34773335?s=96&d=mm&r=g\",\"width\":96,\"height\":96,\"caption\":\"Juliana Laviola\"}},{\"@type\":\"WebPage\",\"@id\":\"https:\\\/\\\/anoticiaonline.com.br\\\/site\\\/fique-atento-aos-reajustes-de-mensalidades-e-compras-de-material-escolar\\\/#webpage\",\"url\":\"https:\\\/\\\/anoticiaonline.com.br\\\/site\\\/fique-atento-aos-reajustes-de-mensalidades-e-compras-de-material-escolar\\\/\",\"name\":\"Fique atento aos reajustes de mensalidades e compras de material escolar - A Not\\u00edcia Online\",\"description\":\"Fim de ano chegando e as escolas j\\u00e1 come\\u00e7am a anunciar os seus novos pre\\u00e7os e \\u00e9 preciso ficar atento. De acordo com a Lei n\\u00ba 9.870, n\\u00e3o existe um teto de reajuste escolar, contudo o novo valor deve estar de acordo com as despesas da escola e s\\u00f3 poder\\u00e1 ser realizado uma vez a\",\"inLanguage\":\"pt-BR\",\"isPartOf\":{\"@id\":\"https:\\\/\\\/anoticiaonline.com.br\\\/site\\\/#website\"},\"breadcrumb\":{\"@id\":\"https:\\\/\\\/anoticiaonline.com.br\\\/site\\\/fique-atento-aos-reajustes-de-mensalidades-e-compras-de-material-escolar\\\/#breadcrumblist\"},\"author\":{\"@id\":\"https:\\\/\\\/anoticiaonline.com.br\\\/site\\\/author\\\/juliana\\\/#author\"},\"creator\":{\"@id\":\"https:\\\/\\\/anoticiaonline.com.br\\\/site\\\/author\\\/juliana\\\/#author\"},\"image\":{\"@type\":\"ImageObject\",\"url\":\"https:\\\/\\\/anoticiaonline.com.br\\\/site\\\/wp-content\\\/uploads\\\/2017\\\/12\\\/Fique-atento-aos-reajustes-de-mensalidades-e-\\u00e0s-compras-de-material-escolar.jpg\",\"@id\":\"https:\\\/\\\/anoticiaonline.com.br\\\/site\\\/fique-atento-aos-reajustes-de-mensalidades-e-compras-de-material-escolar\\\/#mainImage\",\"width\":640,\"height\":427},\"primaryImageOfPage\":{\"@id\":\"https:\\\/\\\/anoticiaonline.com.br\\\/site\\\/fique-atento-aos-reajustes-de-mensalidades-e-compras-de-material-escolar\\\/#mainImage\"},\"datePublished\":\"2017-12-26T16:32:34-03:00\",\"dateModified\":\"2017-12-26T16:39:48-03:00\"},{\"@type\":\"WebSite\",\"@id\":\"https:\\\/\\\/anoticiaonline.com.br\\\/site\\\/#website\",\"url\":\"https:\\\/\\\/anoticiaonline.com.br\\\/site\\\/\",\"name\":\"A Not\\u00edcia Online\",\"description\":\"Noticias de Muria\\u00e9 e regi\\u00e3o\",\"inLanguage\":\"pt-BR\",\"publisher\":{\"@id\":\"https:\\\/\\\/anoticiaonline.com.br\\\/site\\\/#organization\"}}]}\n\t\t<\/script>\n\t\t<!-- All in One SEO -->\n\n","aioseo_head_json":{"title":"Fique atento aos reajustes de mensalidades e compras de material escolar - A Not\u00edcia Online","description":"Fim de ano chegando e as escolas j\u00e1 come\u00e7am a anunciar os seus novos pre\u00e7os e \u00e9 preciso ficar atento. De acordo com a Lei n\u00ba 9.870, n\u00e3o existe um teto de reajuste escolar, contudo o novo valor deve estar de acordo com as despesas da escola e s\u00f3 poder\u00e1 ser realizado uma vez a","canonical_url":"https:\/\/anoticiaonline.com.br\/site\/fique-atento-aos-reajustes-de-mensalidades-e-compras-de-material-escolar\/","robots":"max-image-preview:large","keywords":"","webmasterTools":{"miscellaneous":""},"schema":{"@context":"https:\/\/schema.org","@graph":[{"@type":"BlogPosting","@id":"https:\/\/anoticiaonline.com.br\/site\/fique-atento-aos-reajustes-de-mensalidades-e-compras-de-material-escolar\/#blogposting","name":"Fique atento aos reajustes de mensalidades e compras de material escolar - A Not\u00edcia Online","headline":"Fique atento aos reajustes de mensalidades e compras de material escolar","author":{"@id":"https:\/\/anoticiaonline.com.br\/site\/author\/juliana\/#author"},"publisher":{"@id":"https:\/\/anoticiaonline.com.br\/site\/#organization"},"image":{"@type":"ImageObject","url":"https:\/\/anoticiaonline.com.br\/site\/wp-content\/uploads\/2017\/12\/Fique-atento-aos-reajustes-de-mensalidades-e-\u00e0s-compras-de-material-escolar.jpg","width":640,"height":427},"datePublished":"2017-12-26T16:32:34-03:00","dateModified":"2017-12-26T16:39:48-03:00","inLanguage":"pt-BR","mainEntityOfPage":{"@id":"https:\/\/anoticiaonline.com.br\/site\/fique-atento-aos-reajustes-de-mensalidades-e-compras-de-material-escolar\/#webpage"},"isPartOf":{"@id":"https:\/\/anoticiaonline.com.br\/site\/fique-atento-aos-reajustes-de-mensalidades-e-compras-de-material-escolar\/#webpage"},"articleSection":"Gerais, economia, material escolar, procon, reajuste, volta as aulas"},{"@type":"BreadcrumbList","@id":"https:\/\/anoticiaonline.com.br\/site\/fique-atento-aos-reajustes-de-mensalidades-e-compras-de-material-escolar\/#breadcrumblist","itemListElement":[{"@type":"ListItem","@id":"https:\/\/anoticiaonline.com.br\/site#listItem","position":1,"name":"Home","item":"https:\/\/anoticiaonline.com.br\/site","nextItem":{"@type":"ListItem","@id":"https:\/\/anoticiaonline.com.br\/site\/categoria\/gerais\/#listItem","name":"Gerais"}},{"@type":"ListItem","@id":"https:\/\/anoticiaonline.com.br\/site\/categoria\/gerais\/#listItem","position":2,"name":"Gerais","item":"https:\/\/anoticiaonline.com.br\/site\/categoria\/gerais\/","nextItem":{"@type":"ListItem","@id":"https:\/\/anoticiaonline.com.br\/site\/fique-atento-aos-reajustes-de-mensalidades-e-compras-de-material-escolar\/#listItem","name":"Fique atento aos reajustes de mensalidades e compras de material escolar"},"previousItem":{"@type":"ListItem","@id":"https:\/\/anoticiaonline.com.br\/site#listItem","name":"Home"}},{"@type":"ListItem","@id":"https:\/\/anoticiaonline.com.br\/site\/fique-atento-aos-reajustes-de-mensalidades-e-compras-de-material-escolar\/#listItem","position":3,"name":"Fique atento aos reajustes de mensalidades e compras de material escolar","previousItem":{"@type":"ListItem","@id":"https:\/\/anoticiaonline.com.br\/site\/categoria\/gerais\/#listItem","name":"Gerais"}}]},{"@type":"Organization","@id":"https:\/\/anoticiaonline.com.br\/site\/#organization","name":"A Not\u00edcia Online","description":"Noticias de Muria\u00e9 e regi\u00e3o","url":"https:\/\/anoticiaonline.com.br\/site\/","logo":{"@type":"ImageObject","url":"https:\/\/scontent-gig4-1.xx.fbcdn.net\/v\/t39.30808-1\/270437624_4564083193639691_6907940295614233970_n.jpg?stp=dst-jpg_s200x200_tt6&_nc_cat=111&ccb=1-7&_nc_sid=f907e8&_nc_ohc=SM1wRlP3lJwQ7kNvwEPuBYA&_nc_oc=AdnqrjDN_BNjSSHWO-GbkIWH6fkGMLw4bqvL_NH6e2wMveX7G-rP2dAqsDSq1mJMOaY&_nc_zt=24&_nc_ht=scontent-gig4-1.xx&_nc_gid=AoBFJeGrT1hVaew_6rchkQ&oh=00_AfX7QmFGhQhG2jAllVgXCiM1ZrWgvtp80-Bfppyexh1QEg&oe=689E923C","@id":"https:\/\/anoticiaonline.com.br\/site\/fique-atento-aos-reajustes-de-mensalidades-e-compras-de-material-escolar\/#organizationLogo"},"image":{"@id":"https:\/\/anoticiaonline.com.br\/site\/fique-atento-aos-reajustes-de-mensalidades-e-compras-de-material-escolar\/#organizationLogo"}},{"@type":"Person","@id":"https:\/\/anoticiaonline.com.br\/site\/author\/juliana\/#author","url":"https:\/\/anoticiaonline.com.br\/site\/author\/juliana\/","name":"Juliana Laviola","image":{"@type":"ImageObject","@id":"https:\/\/anoticiaonline.com.br\/site\/fique-atento-aos-reajustes-de-mensalidades-e-compras-de-material-escolar\/#authorImage","url":"https:\/\/secure.gravatar.com\/avatar\/b8d45f5c699b100dfaf0e543582f38f38bf94cb7ae3a5e9abf8d891a34773335?s=96&d=mm&r=g","width":96,"height":96,"caption":"Juliana Laviola"}},{"@type":"WebPage","@id":"https:\/\/anoticiaonline.com.br\/site\/fique-atento-aos-reajustes-de-mensalidades-e-compras-de-material-escolar\/#webpage","url":"https:\/\/anoticiaonline.com.br\/site\/fique-atento-aos-reajustes-de-mensalidades-e-compras-de-material-escolar\/","name":"Fique atento aos reajustes de mensalidades e compras de material escolar - A Not\u00edcia Online","description":"Fim de ano chegando e as escolas j\u00e1 come\u00e7am a anunciar os seus novos pre\u00e7os e \u00e9 preciso ficar atento. De acordo com a Lei n\u00ba 9.870, n\u00e3o existe um teto de reajuste escolar, contudo o novo valor deve estar de acordo com as despesas da escola e s\u00f3 poder\u00e1 ser realizado uma vez a","inLanguage":"pt-BR","isPartOf":{"@id":"https:\/\/anoticiaonline.com.br\/site\/#website"},"breadcrumb":{"@id":"https:\/\/anoticiaonline.com.br\/site\/fique-atento-aos-reajustes-de-mensalidades-e-compras-de-material-escolar\/#breadcrumblist"},"author":{"@id":"https:\/\/anoticiaonline.com.br\/site\/author\/juliana\/#author"},"creator":{"@id":"https:\/\/anoticiaonline.com.br\/site\/author\/juliana\/#author"},"image":{"@type":"ImageObject","url":"https:\/\/anoticiaonline.com.br\/site\/wp-content\/uploads\/2017\/12\/Fique-atento-aos-reajustes-de-mensalidades-e-\u00e0s-compras-de-material-escolar.jpg","@id":"https:\/\/anoticiaonline.com.br\/site\/fique-atento-aos-reajustes-de-mensalidades-e-compras-de-material-escolar\/#mainImage","width":640,"height":427},"primaryImageOfPage":{"@id":"https:\/\/anoticiaonline.com.br\/site\/fique-atento-aos-reajustes-de-mensalidades-e-compras-de-material-escolar\/#mainImage"},"datePublished":"2017-12-26T16:32:34-03:00","dateModified":"2017-12-26T16:39:48-03:00"},{"@type":"WebSite","@id":"https:\/\/anoticiaonline.com.br\/site\/#website","url":"https:\/\/anoticiaonline.com.br\/site\/","name":"A Not\u00edcia Online","description":"Noticias de Muria\u00e9 e regi\u00e3o","inLanguage":"pt-BR","publisher":{"@id":"https:\/\/anoticiaonline.com.br\/site\/#organization"}}]},"og:locale":"pt_BR","og:site_name":"A Not\u00edcia Online - Noticias de Muria\u00e9 e regi\u00e3o","og:type":"article","og:title":"Fique atento aos reajustes de mensalidades e compras de material escolar - A Not\u00edcia Online","og:description":"Fim de ano chegando e as escolas j\u00e1 come\u00e7am a anunciar os seus novos pre\u00e7os e \u00e9 preciso ficar atento. De acordo com a Lei n\u00ba 9.870, n\u00e3o existe um teto de reajuste escolar, contudo o novo valor deve estar de acordo com as despesas da escola e s\u00f3 poder\u00e1 ser realizado uma vez a","og:url":"https:\/\/anoticiaonline.com.br\/site\/fique-atento-aos-reajustes-de-mensalidades-e-compras-de-material-escolar\/","og:image":"https:\/\/scontent-gig4-1.xx.fbcdn.net\/v\/t39.30808-1\/270437624_4564083193639691_6907940295614233970_n.jpg?stp=dst-jpg_s200x200_tt6&#038;_nc_cat=111&#038;ccb=1-7&#038;_nc_sid=f907e8&#038;_nc_ohc=SM1wRlP3lJwQ7kNvwEPuBYA&#038;_nc_oc=AdnqrjDN_BNjSSHWO-GbkIWH6fkGMLw4bqvL_NH6e2wMveX7G-rP2dAqsDSq1mJMOaY&#038;_nc_zt=24&#038;_nc_ht=scontent-gig4-1.xx&#038;_nc_gid=AoBFJeGrT1hVaew_6rchkQ&#038;oh=00_AfX7QmFGhQhG2jAllVgXCiM1ZrWgvtp80-Bfppyexh1QEg&#038;oe=689E923C","og:image:secure_url":"https:\/\/scontent-gig4-1.xx.fbcdn.net\/v\/t39.30808-1\/270437624_4564083193639691_6907940295614233970_n.jpg?stp=dst-jpg_s200x200_tt6&#038;_nc_cat=111&#038;ccb=1-7&#038;_nc_sid=f907e8&#038;_nc_ohc=SM1wRlP3lJwQ7kNvwEPuBYA&#038;_nc_oc=AdnqrjDN_BNjSSHWO-GbkIWH6fkGMLw4bqvL_NH6e2wMveX7G-rP2dAqsDSq1mJMOaY&#038;_nc_zt=24&#038;_nc_ht=scontent-gig4-1.xx&#038;_nc_gid=AoBFJeGrT1hVaew_6rchkQ&#038;oh=00_AfX7QmFGhQhG2jAllVgXCiM1ZrWgvtp80-Bfppyexh1QEg&#038;oe=689E923C","article:published_time":"2017-12-26T19:32:34+00:00","article:modified_time":"2017-12-26T19:39:48+00:00","twitter:card":"summary_large_image","twitter:title":"Fique atento aos reajustes de mensalidades e compras de material escolar - A Not\u00edcia Online","twitter:description":"Fim de ano chegando e as escolas j\u00e1 come\u00e7am a anunciar os seus novos pre\u00e7os e \u00e9 preciso ficar atento. De acordo com a Lei n\u00ba 9.870, n\u00e3o existe um teto de reajuste escolar, contudo o novo valor deve estar de acordo com as despesas da escola e s\u00f3 poder\u00e1 ser realizado uma vez a","twitter:image":"https:\/\/scontent-gig4-1.xx.fbcdn.net\/v\/t39.30808-1\/270437624_4564083193639691_6907940295614233970_n.jpg?stp=dst-jpg_s200x200_tt6&_nc_cat=111&ccb=1-7&_nc_sid=f907e8&_nc_ohc=SM1wRlP3lJwQ7kNvwEPuBYA&_nc_oc=AdnqrjDN_BNjSSHWO-GbkIWH6fkGMLw4bqvL_NH6e2wMveX7G-rP2dAqsDSq1mJMOaY&_nc_zt=24&_nc_ht=scontent-gig4-1.xx&_nc_gid=AoBFJeGrT1hVaew_6rchkQ&oh=00_AfX7QmFGhQhG2jAllVgXCiM1ZrWgvtp80-Bfppyexh1QEg&oe=689E923C"},"aioseo_meta_data":{"post_id":"48638","title":null,"description":null,"keywords":null,"keyphrases":null,"primary_term":null,"canonical_url":null,"og_title":null,"og_description":null,"og_object_type":"default","og_image_type":"default","og_image_url":null,"og_image_width":null,"og_image_height":null,"og_image_custom_url":null,"og_image_custom_fields":null,"og_video":null,"og_custom_url":null,"og_article_section":null,"og_article_tags":null,"twitter_use_og":false,"twitter_card":"default","twitter_image_type":"default","twitter_image_url":null,"twitter_image_custom_url":null,"twitter_image_custom_fields":null,"twitter_title":null,"twitter_description":null,"schema":{"blockGraphs":[],"customGraphs":[],"default":{"data":{"Article":[],"Course":[],"Dataset":[],"FAQPage":[],"Movie":[],"Person":[],"Product":[],"ProductReview":[],"Car":[],"Recipe":[],"Service":[],"SoftwareApplication":[],"WebPage":[]},"graphName":"","isEnabled":true},"graphs":[]},"schema_type":"default","schema_type_options":null,"pillar_content":false,"robots_default":true,"robots_noindex":false,"robots_noarchive":false,"robots_nosnippet":false,"robots_nofollow":false,"robots_noimageindex":false,"robots_noodp":false,"robots_notranslate":false,"robots_max_snippet":null,"robots_max_videopreview":null,"robots_max_imagepreview":"large","priority":null,"frequency":null,"local_seo":null,"breadcrumb_settings":null,"limit_modified_date":false,"ai":null,"created":"2025-08-16 20:07:19","updated":"2025-08-16 20:07:19","focus_keyword":null,"additional_keywords":null,"truseo_locale":null,"seo_analyzer_scan_date":null},"aioseo_breadcrumb":"<div class=\"aioseo-breadcrumbs\"><span class=\"aioseo-breadcrumb\">\n\t\t\t<a href=\"https:\/\/anoticiaonline.com.br\/site\" title=\"Home\">Home<\/a>\n\t\t<\/span><span class=\"aioseo-breadcrumb-separator\">&raquo;<\/span><span class=\"aioseo-breadcrumb\">\n\t\t\t<a href=\"https:\/\/anoticiaonline.com.br\/site\/categoria\/gerais\/\" title=\"Gerais\">Gerais<\/a>\n\t\t<\/span><span class=\"aioseo-breadcrumb-separator\">&raquo;<\/span><span class=\"aioseo-breadcrumb\">\n\t\t\tFique atento aos reajustes de mensalidades e compras de material escolar\n\t\t<\/span><\/div>","aioseo_breadcrumb_json":[{"label":"Home","link":"https:\/\/anoticiaonline.com.br\/site"},{"label":"Gerais","link":"https:\/\/anoticiaonline.com.br\/site\/categoria\/gerais\/"},{"label":"Fique atento aos reajustes de mensalidades e compras de material escolar","link":"https:\/\/anoticiaonline.com.br\/site\/fique-atento-aos-reajustes-de-mensalidades-e-compras-de-material-escolar\/"}],"views":131,"_links":{"self":[{"href":"https:\/\/anoticiaonline.com.br\/site\/wp-json\/wp\/v2\/posts\/48638","targetHints":{"allow":["GET"]}}],"collection":[{"href":"https:\/\/anoticiaonline.com.br\/site\/wp-json\/wp\/v2\/posts"}],"about":[{"href":"https:\/\/anoticiaonline.com.br\/site\/wp-json\/wp\/v2\/types\/post"}],"author":[{"embeddable":true,"href":"https:\/\/anoticiaonline.com.br\/site\/wp-json\/wp\/v2\/users\/2"}],"replies":[{"embeddable":true,"href":"https:\/\/anoticiaonline.com.br\/site\/wp-json\/wp\/v2\/comments?post=48638"}],"version-history":[{"count":0,"href":"https:\/\/anoticiaonline.com.br\/site\/wp-json\/wp\/v2\/posts\/48638\/revisions"}],"wp:featuredmedia":[{"embeddable":true,"href":"https:\/\/anoticiaonline.com.br\/site\/wp-json\/wp\/v2\/media\/48639"}],"wp:attachment":[{"href":"https:\/\/anoticiaonline.com.br\/site\/wp-json\/wp\/v2\/media?parent=48638"}],"wp:term":[{"taxonomy":"category","embeddable":true,"href":"https:\/\/anoticiaonline.com.br\/site\/wp-json\/wp\/v2\/categories?post=48638"},{"taxonomy":"post_tag","embeddable":true,"href":"https:\/\/anoticiaonline.com.br\/site\/wp-json\/wp\/v2\/tags?post=48638"}],"curies":[{"name":"wp","href":"https:\/\/api.w.org\/{rel}","templated":true}]}}