{"id":48596,"date":"2017-12-21T09:31:13","date_gmt":"2017-12-21T12:31:13","guid":{"rendered":"http:\/\/anoticiaonline.com.br\/site\/?p=48596"},"modified":"2017-12-21T09:31:13","modified_gmt":"2017-12-21T12:31:13","slug":"cisleste-realiza-confraternizacao-de-fim-de-ano","status":"publish","type":"post","link":"https:\/\/anoticiaonline.com.br\/site\/cisleste-realiza-confraternizacao-de-fim-de-ano\/","title":{"rendered":"Cisleste realiza confraterniza\u00e7\u00e3o de Fim de Ano"},"content":{"rendered":"<p><a href=\"https:\/\/anoticiaonline.com.br\/site\/wp-content\/uploads\/2017\/12\/DSC_1351.jpg\"><img fetchpriority=\"high\" decoding=\"async\" class=\"alignnone size-full wp-image-48597\" src=\"https:\/\/anoticiaonline.com.br\/site\/wp-content\/uploads\/2017\/12\/DSC_1351.jpg\" alt=\"\" width=\"640\" height=\"427\" srcset=\"https:\/\/anoticiaonline.com.br\/site\/wp-content\/uploads\/2017\/12\/DSC_1351.jpg 640w, https:\/\/anoticiaonline.com.br\/site\/wp-content\/uploads\/2017\/12\/DSC_1351-300x200.jpg 300w\" sizes=\"(max-width: 640px) 100vw, 640px\" \/><\/a><\/p>\n<p class=\"m-1054114712094200119gmail-msonospacing\" style=\"text-align: justify; background: white;\"><span style=\"color: #222222;\">Os representantes dos 15 munic\u00edpios filiados funcion\u00e1rios do Cisleste, juntamente com seus familiares, participaram da confraterniza\u00e7\u00e3o com um animado churrasco para comemorar os resultados e as atividades realizadas durante o ano de 2017 no Cons\u00f3rcio Cons\u00f3rcio Intermunicipal de Sa\u00fade da Mata Leste.<\/span><\/p>\n<p class=\"m-1054114712094200119gmail-msonospacing\" style=\"text-align: justify; background: white;\"><span style=\"color: #222222;\">O Cisleste existe desde 1995 para atender os 15 munic\u00edpios filiados, com consultas especializadas e exames de m\u00e9dia complexidade, al\u00e9m de outros conv\u00eanios, com compras diretas de exames a pre\u00e7os mais acess\u00edveis. Nesse sentido, busca, juntamente com as prefeituras conveniadas, identificar os vazios assistenciais, as necessidades mais urgentes e tamb\u00e9m a resolutividade dos casos que lhes s\u00e3o propostos. <\/span><\/p>\n<p class=\"m-1054114712094200119gmail-msonospacing\" style=\"text-align: justify; background: white;\"><span style=\"color: #222222;\">Na quinta-feira (14), o prefeito de Muria\u00e9, Grego, que participou da festividade, foi eleito por aclama\u00e7\u00e3o para ser o novo presidente do Cons\u00f3rcio, para o mandato de janeiro a dezembro de 2018. A vice-presid\u00eancia ser\u00e1 ocupada pelo prefeito de S\u00e3o Sebasti\u00e3o da Vargem Alegre, Claudiomir Vieira, atual presidente.<\/span><\/p>\n<p class=\"m-1054114712094200119gmail-msonospacing\" style=\"text-align: justify; background: white;\"><span style=\"color: #222222;\">De acordo com Claudiomir, a confraterniza\u00e7\u00e3o \u00e9 o momento para elevar os pensamentos em Deus e agradecer pelo sucesso de nosso trabalho. \u201c\u00c9 muito importante essa uni\u00e3o dos funcion\u00e1rios do Cisleste, que se re\u00fanem juntamente com seus familiares para comemorar o encerramento de mais um ano. Tamb\u00e9m aproveitamos para comemorar a elei\u00e7\u00e3o do prefeito Grego, como novo presidente do Cons\u00f3rcio. Sabemos que Grego possui uma gest\u00e3o diferenciada em Muria\u00e9, acredito ele ir\u00e1 contribuir muito com a administra\u00e7\u00e3o do Cisleste, cuja sede encontra-se na cidade onde ele \u00e9 prefeito municipal. Aproveito a oportunidade para agradecer, em nome do diretor executivo Ren\u00e9 Leite Magalh\u00e3es, e dos prefeitos municipais, a presen\u00e7a de todos os familiares dos funcion\u00e1rios do Cisleste, que vieram nos prestigiar neste evento\u201d, diz.<\/span><\/p>\n<p class=\"m-1054114712094200119gmail-msonospacing\" style=\"text-align: justify; background: white;\"><span style=\"color: #222222;\">Ren\u00ea Leite Magalh\u00e3es, diretor executivo microrregional do Cisleste, esteve presente na ocasi\u00e3o, e disse que este momento \u00e9 importante para descontrair ap\u00f3s um ano de muitos trabalhos e realiza\u00e7\u00f5es. \u201cEstar aqui com os funcion\u00e1rios, secret\u00e1rios e prefeitos do Cisleste para comemorar um ano de sucesso e de servi\u00e7os prestados aos munic\u00edpios filiados. Essa comemora\u00e7\u00e3o serve para celebrar o dever cumprido, que estamos cada vez querendo fazer mais e que o pr\u00f3ximo ano seja ainda melhor\u201d, conta. <\/span><\/p>\n<p class=\"m-1054114712094200119gmail-msonospacing\" style=\"text-align: justify; background: white;\"><span style=\"color: #222222;\">O m\u00e9dico oncologista e deputado estadual, Wilson Batista, esteve presente na confraterniza\u00e7\u00e3o do Cisleste e elogiou o trabalho realizado pelo cons\u00f3rcio. \u201cO Cisleste \u00e9 fundamental para os munic\u00edpios menores porque \u00e9 muito dif\u00edcil para o prefeito manter todas as especialidades. Assim, com o cons\u00f3rcio, \u00e9 poss\u00edvel encaminhar diversos pacientes para um tratamento espec\u00edfico em outra localidade, diminuindo custos e atendendo toda a popula\u00e7\u00e3o. Sem d\u00favida, \u00e9 um trabalho extremamente importante. Estar aqui hoje, como m\u00e9dico, \u00e9 muito importante\u201d, diz.<\/span><\/p>\n","protected":false},"excerpt":{"rendered":"<p>Os representantes dos 15 munic\u00edpios filiados funcion\u00e1rios do Cisleste, juntamente com seus familiares, participaram da confraterniza\u00e7\u00e3o com um animado churrasco para comemorar os resultados e as atividades realizadas durante o ano de 2017 no Cons\u00f3rcio Cons\u00f3rcio Intermunicipal de Sa\u00fade da Mata Leste. O Cisleste existe desde 1995 para atender os 15 munic\u00edpios filiados, com consultas &#8230; <a title=\"Cisleste realiza confraterniza\u00e7\u00e3o de Fim de Ano\" class=\"read-more\" href=\"https:\/\/anoticiaonline.com.br\/site\/cisleste-realiza-confraternizacao-de-fim-de-ano\/\" aria-label=\"Read more about Cisleste realiza confraterniza\u00e7\u00e3o de Fim de Ano\">Ler mais<\/a><\/p>\n","protected":false},"author":2,"featured_media":48597,"comment_status":"open","ping_status":"open","sticky":false,"template":"","format":"standard","meta":{"_acf_changed":false,"_monsterinsights_skip_tracking":false,"footnotes":""},"categories":[30,6],"tags":[1771,1821,1822,74,1823,51],"class_list":["post-48596","post","type-post","status-publish","format-standard","has-post-thumbnail","hentry","category-muriae","category-regiao","tag-cisleste","tag-confraternizacao","tag-fim-de-ano","tag-muriae","tag-prefeitos","tag-saude"],"acf":[],"aioseo_notices":[],"aioseo_head":"\n\t\t<!-- All in One SEO 5.0.0.1 - aioseo.com -->\n\t<meta name=\"description\" content=\"Os representantes dos 15 munic\u00edpios filiados funcion\u00e1rios do Cisleste, juntamente com seus familiares, participaram da confraterniza\u00e7\u00e3o com um animado churrasco para comemorar os resultados e as atividades realizadas durante o ano de 2017 no Cons\u00f3rcio Cons\u00f3rcio Intermunicipal de Sa\u00fade da Mata Leste. O Cisleste existe desde 1995 para atender os 15 munic\u00edpios filiados, com consultas\" \/>\n\t<meta name=\"robots\" content=\"max-image-preview:large\" \/>\n\t<meta name=\"author\" content=\"Juliana Laviola\"\/>\n\t<link rel=\"canonical\" href=\"https:\/\/anoticiaonline.com.br\/site\/cisleste-realiza-confraternizacao-de-fim-de-ano\/\" \/>\n\t<meta name=\"generator\" content=\"All in One SEO (AIOSEO) 5.0.0.1\" \/>\n\t\t<meta property=\"og:locale\" content=\"pt_BR\" \/>\n\t\t<meta property=\"og:site_name\" content=\"A Not\u00edcia Online - Noticias de Muria\u00e9 e regi\u00e3o\" \/>\n\t\t<meta property=\"og:type\" content=\"article\" \/>\n\t\t<meta property=\"og:title\" content=\"Cisleste realiza confraterniza\u00e7\u00e3o de Fim de Ano - A Not\u00edcia Online\" \/>\n\t\t<meta property=\"og:description\" content=\"Os representantes dos 15 munic\u00edpios filiados funcion\u00e1rios do Cisleste, juntamente com seus familiares, participaram da confraterniza\u00e7\u00e3o com um animado churrasco para comemorar os resultados e as atividades realizadas durante o ano de 2017 no Cons\u00f3rcio Cons\u00f3rcio Intermunicipal de Sa\u00fade da Mata Leste. O Cisleste existe desde 1995 para atender os 15 munic\u00edpios filiados, com consultas\" \/>\n\t\t<meta property=\"og:url\" content=\"https:\/\/anoticiaonline.com.br\/site\/cisleste-realiza-confraternizacao-de-fim-de-ano\/\" \/>\n\t\t<meta property=\"og:image\" content=\"https:\/\/scontent-gig4-1.xx.fbcdn.net\/v\/t39.30808-1\/270437624_4564083193639691_6907940295614233970_n.jpg?stp=dst-jpg_s200x200_tt6&#038;_nc_cat=111&#038;ccb=1-7&#038;_nc_sid=f907e8&#038;_nc_ohc=SM1wRlP3lJwQ7kNvwEPuBYA&#038;_nc_oc=AdnqrjDN_BNjSSHWO-GbkIWH6fkGMLw4bqvL_NH6e2wMveX7G-rP2dAqsDSq1mJMOaY&#038;_nc_zt=24&#038;_nc_ht=scontent-gig4-1.xx&#038;_nc_gid=AoBFJeGrT1hVaew_6rchkQ&#038;oh=00_AfX7QmFGhQhG2jAllVgXCiM1ZrWgvtp80-Bfppyexh1QEg&#038;oe=689E923C\" \/>\n\t\t<meta property=\"og:image:secure_url\" content=\"https:\/\/scontent-gig4-1.xx.fbcdn.net\/v\/t39.30808-1\/270437624_4564083193639691_6907940295614233970_n.jpg?stp=dst-jpg_s200x200_tt6&#038;_nc_cat=111&#038;ccb=1-7&#038;_nc_sid=f907e8&#038;_nc_ohc=SM1wRlP3lJwQ7kNvwEPuBYA&#038;_nc_oc=AdnqrjDN_BNjSSHWO-GbkIWH6fkGMLw4bqvL_NH6e2wMveX7G-rP2dAqsDSq1mJMOaY&#038;_nc_zt=24&#038;_nc_ht=scontent-gig4-1.xx&#038;_nc_gid=AoBFJeGrT1hVaew_6rchkQ&#038;oh=00_AfX7QmFGhQhG2jAllVgXCiM1ZrWgvtp80-Bfppyexh1QEg&#038;oe=689E923C\" \/>\n\t\t<meta property=\"article:published_time\" content=\"2017-12-21T12:31:13+00:00\" \/>\n\t\t<meta property=\"article:modified_time\" content=\"2017-12-21T12:31:13+00:00\" \/>\n\t\t<meta name=\"twitter:card\" content=\"summary_large_image\" \/>\n\t\t<meta name=\"twitter:title\" content=\"Cisleste realiza confraterniza\u00e7\u00e3o de Fim de Ano - A Not\u00edcia Online\" \/>\n\t\t<meta name=\"twitter:description\" content=\"Os representantes dos 15 munic\u00edpios filiados funcion\u00e1rios do Cisleste, juntamente com seus familiares, participaram da confraterniza\u00e7\u00e3o com um animado churrasco para comemorar os resultados e as atividades realizadas durante o ano de 2017 no Cons\u00f3rcio Cons\u00f3rcio Intermunicipal de Sa\u00fade da Mata Leste. O Cisleste existe desde 1995 para atender os 15 munic\u00edpios filiados, com consultas\" \/>\n\t\t<meta name=\"twitter:image\" content=\"https:\/\/scontent-gig4-1.xx.fbcdn.net\/v\/t39.30808-1\/270437624_4564083193639691_6907940295614233970_n.jpg?stp=dst-jpg_s200x200_tt6&amp;_nc_cat=111&amp;ccb=1-7&amp;_nc_sid=f907e8&amp;_nc_ohc=SM1wRlP3lJwQ7kNvwEPuBYA&amp;_nc_oc=AdnqrjDN_BNjSSHWO-GbkIWH6fkGMLw4bqvL_NH6e2wMveX7G-rP2dAqsDSq1mJMOaY&amp;_nc_zt=24&amp;_nc_ht=scontent-gig4-1.xx&amp;_nc_gid=AoBFJeGrT1hVaew_6rchkQ&amp;oh=00_AfX7QmFGhQhG2jAllVgXCiM1ZrWgvtp80-Bfppyexh1QEg&amp;oe=689E923C\" \/>\n\t\t<script type=\"application\/ld+json\" class=\"aioseo-schema\">\n\t\t\t{\"@context\":\"https:\\\/\\\/schema.org\",\"@graph\":[{\"@type\":\"BlogPosting\",\"@id\":\"https:\\\/\\\/anoticiaonline.com.br\\\/site\\\/cisleste-realiza-confraternizacao-de-fim-de-ano\\\/#blogposting\",\"name\":\"Cisleste realiza confraterniza\\u00e7\\u00e3o de Fim de Ano - A Not\\u00edcia Online\",\"headline\":\"Cisleste realiza confraterniza\\u00e7\\u00e3o de Fim de Ano\",\"author\":{\"@id\":\"https:\\\/\\\/anoticiaonline.com.br\\\/site\\\/author\\\/juliana\\\/#author\"},\"publisher\":{\"@id\":\"https:\\\/\\\/anoticiaonline.com.br\\\/site\\\/#organization\"},\"image\":{\"@type\":\"ImageObject\",\"url\":\"https:\\\/\\\/anoticiaonline.com.br\\\/site\\\/wp-content\\\/uploads\\\/2017\\\/12\\\/DSC_1351.jpg\",\"width\":640,\"height\":427},\"datePublished\":\"2017-12-21T09:31:13-03:00\",\"dateModified\":\"2017-12-21T09:31:13-03:00\",\"inLanguage\":\"pt-BR\",\"mainEntityOfPage\":{\"@id\":\"https:\\\/\\\/anoticiaonline.com.br\\\/site\\\/cisleste-realiza-confraternizacao-de-fim-de-ano\\\/#webpage\"},\"isPartOf\":{\"@id\":\"https:\\\/\\\/anoticiaonline.com.br\\\/site\\\/cisleste-realiza-confraternizacao-de-fim-de-ano\\\/#webpage\"},\"articleSection\":\"Blog, Regi\\u00e3o, Cisleste, confraterniza\\u00e7\\u00e3o, fim de ano, Muria\\u00e9, prefeitos, sa\\u00fade\"},{\"@type\":\"BreadcrumbList\",\"@id\":\"https:\\\/\\\/anoticiaonline.com.br\\\/site\\\/cisleste-realiza-confraternizacao-de-fim-de-ano\\\/#breadcrumblist\",\"itemListElement\":[{\"@type\":\"ListItem\",\"@id\":\"https:\\\/\\\/anoticiaonline.com.br\\\/site#listItem\",\"position\":1,\"name\":\"Home\",\"item\":\"https:\\\/\\\/anoticiaonline.com.br\\\/site\",\"nextItem\":{\"@type\":\"ListItem\",\"@id\":\"https:\\\/\\\/anoticiaonline.com.br\\\/site\\\/categoria\\\/regiao\\\/#listItem\",\"name\":\"Regi\\u00e3o\"}},{\"@type\":\"ListItem\",\"@id\":\"https:\\\/\\\/anoticiaonline.com.br\\\/site\\\/categoria\\\/regiao\\\/#listItem\",\"position\":2,\"name\":\"Regi\\u00e3o\",\"item\":\"https:\\\/\\\/anoticiaonline.com.br\\\/site\\\/categoria\\\/regiao\\\/\",\"nextItem\":{\"@type\":\"ListItem\",\"@id\":\"https:\\\/\\\/anoticiaonline.com.br\\\/site\\\/cisleste-realiza-confraternizacao-de-fim-de-ano\\\/#listItem\",\"name\":\"Cisleste realiza confraterniza\\u00e7\\u00e3o de Fim de Ano\"},\"previousItem\":{\"@type\":\"ListItem\",\"@id\":\"https:\\\/\\\/anoticiaonline.com.br\\\/site#listItem\",\"name\":\"Home\"}},{\"@type\":\"ListItem\",\"@id\":\"https:\\\/\\\/anoticiaonline.com.br\\\/site\\\/cisleste-realiza-confraternizacao-de-fim-de-ano\\\/#listItem\",\"position\":3,\"name\":\"Cisleste realiza confraterniza\\u00e7\\u00e3o de Fim de Ano\",\"previousItem\":{\"@type\":\"ListItem\",\"@id\":\"https:\\\/\\\/anoticiaonline.com.br\\\/site\\\/categoria\\\/regiao\\\/#listItem\",\"name\":\"Regi\\u00e3o\"}}]},{\"@type\":\"Organization\",\"@id\":\"https:\\\/\\\/anoticiaonline.com.br\\\/site\\\/#organization\",\"name\":\"A Not\\u00edcia Online\",\"description\":\"Noticias de Muria\\u00e9 e regi\\u00e3o\",\"url\":\"https:\\\/\\\/anoticiaonline.com.br\\\/site\\\/\",\"logo\":{\"@type\":\"ImageObject\",\"url\":\"https:\\\/\\\/scontent-gig4-1.xx.fbcdn.net\\\/v\\\/t39.30808-1\\\/270437624_4564083193639691_6907940295614233970_n.jpg?stp=dst-jpg_s200x200_tt6&_nc_cat=111&ccb=1-7&_nc_sid=f907e8&_nc_ohc=SM1wRlP3lJwQ7kNvwEPuBYA&_nc_oc=AdnqrjDN_BNjSSHWO-GbkIWH6fkGMLw4bqvL_NH6e2wMveX7G-rP2dAqsDSq1mJMOaY&_nc_zt=24&_nc_ht=scontent-gig4-1.xx&_nc_gid=AoBFJeGrT1hVaew_6rchkQ&oh=00_AfX7QmFGhQhG2jAllVgXCiM1ZrWgvtp80-Bfppyexh1QEg&oe=689E923C\",\"@id\":\"https:\\\/\\\/anoticiaonline.com.br\\\/site\\\/cisleste-realiza-confraternizacao-de-fim-de-ano\\\/#organizationLogo\"},\"image\":{\"@id\":\"https:\\\/\\\/anoticiaonline.com.br\\\/site\\\/cisleste-realiza-confraternizacao-de-fim-de-ano\\\/#organizationLogo\"}},{\"@type\":\"Person\",\"@id\":\"https:\\\/\\\/anoticiaonline.com.br\\\/site\\\/author\\\/juliana\\\/#author\",\"url\":\"https:\\\/\\\/anoticiaonline.com.br\\\/site\\\/author\\\/juliana\\\/\",\"name\":\"Juliana Laviola\",\"image\":{\"@type\":\"ImageObject\",\"@id\":\"https:\\\/\\\/anoticiaonline.com.br\\\/site\\\/cisleste-realiza-confraternizacao-de-fim-de-ano\\\/#authorImage\",\"url\":\"https:\\\/\\\/secure.gravatar.com\\\/avatar\\\/b8d45f5c699b100dfaf0e543582f38f38bf94cb7ae3a5e9abf8d891a34773335?s=96&d=mm&r=g\",\"width\":96,\"height\":96,\"caption\":\"Juliana Laviola\"}},{\"@type\":\"WebPage\",\"@id\":\"https:\\\/\\\/anoticiaonline.com.br\\\/site\\\/cisleste-realiza-confraternizacao-de-fim-de-ano\\\/#webpage\",\"url\":\"https:\\\/\\\/anoticiaonline.com.br\\\/site\\\/cisleste-realiza-confraternizacao-de-fim-de-ano\\\/\",\"name\":\"Cisleste realiza confraterniza\\u00e7\\u00e3o de Fim de Ano - A Not\\u00edcia Online\",\"description\":\"Os representantes dos 15 munic\\u00edpios filiados funcion\\u00e1rios do Cisleste, juntamente com seus familiares, participaram da confraterniza\\u00e7\\u00e3o com um animado churrasco para comemorar os resultados e as atividades realizadas durante o ano de 2017 no Cons\\u00f3rcio Cons\\u00f3rcio Intermunicipal de Sa\\u00fade da Mata Leste. O Cisleste existe desde 1995 para atender os 15 munic\\u00edpios filiados, com consultas\",\"inLanguage\":\"pt-BR\",\"isPartOf\":{\"@id\":\"https:\\\/\\\/anoticiaonline.com.br\\\/site\\\/#website\"},\"breadcrumb\":{\"@id\":\"https:\\\/\\\/anoticiaonline.com.br\\\/site\\\/cisleste-realiza-confraternizacao-de-fim-de-ano\\\/#breadcrumblist\"},\"author\":{\"@id\":\"https:\\\/\\\/anoticiaonline.com.br\\\/site\\\/author\\\/juliana\\\/#author\"},\"creator\":{\"@id\":\"https:\\\/\\\/anoticiaonline.com.br\\\/site\\\/author\\\/juliana\\\/#author\"},\"image\":{\"@type\":\"ImageObject\",\"url\":\"https:\\\/\\\/anoticiaonline.com.br\\\/site\\\/wp-content\\\/uploads\\\/2017\\\/12\\\/DSC_1351.jpg\",\"@id\":\"https:\\\/\\\/anoticiaonline.com.br\\\/site\\\/cisleste-realiza-confraternizacao-de-fim-de-ano\\\/#mainImage\",\"width\":640,\"height\":427},\"primaryImageOfPage\":{\"@id\":\"https:\\\/\\\/anoticiaonline.com.br\\\/site\\\/cisleste-realiza-confraternizacao-de-fim-de-ano\\\/#mainImage\"},\"datePublished\":\"2017-12-21T09:31:13-03:00\",\"dateModified\":\"2017-12-21T09:31:13-03:00\"},{\"@type\":\"WebSite\",\"@id\":\"https:\\\/\\\/anoticiaonline.com.br\\\/site\\\/#website\",\"url\":\"https:\\\/\\\/anoticiaonline.com.br\\\/site\\\/\",\"name\":\"A Not\\u00edcia Online\",\"description\":\"Noticias de Muria\\u00e9 e regi\\u00e3o\",\"inLanguage\":\"pt-BR\",\"publisher\":{\"@id\":\"https:\\\/\\\/anoticiaonline.com.br\\\/site\\\/#organization\"}}]}\n\t\t<\/script>\n\t\t<!-- All in One SEO -->\n\n","aioseo_head_json":{"title":"Cisleste realiza confraterniza\u00e7\u00e3o de Fim de Ano - A Not\u00edcia Online","description":"Os representantes dos 15 munic\u00edpios filiados funcion\u00e1rios do Cisleste, juntamente com seus familiares, participaram da confraterniza\u00e7\u00e3o com um animado churrasco para comemorar os resultados e as atividades realizadas durante o ano de 2017 no Cons\u00f3rcio Cons\u00f3rcio Intermunicipal de Sa\u00fade da Mata Leste. O Cisleste existe desde 1995 para atender os 15 munic\u00edpios filiados, com consultas","canonical_url":"https:\/\/anoticiaonline.com.br\/site\/cisleste-realiza-confraternizacao-de-fim-de-ano\/","robots":"max-image-preview:large","keywords":"","webmasterTools":{"miscellaneous":""},"schema":{"@context":"https:\/\/schema.org","@graph":[{"@type":"BlogPosting","@id":"https:\/\/anoticiaonline.com.br\/site\/cisleste-realiza-confraternizacao-de-fim-de-ano\/#blogposting","name":"Cisleste realiza confraterniza\u00e7\u00e3o de Fim de Ano - A Not\u00edcia Online","headline":"Cisleste realiza confraterniza\u00e7\u00e3o de Fim de Ano","author":{"@id":"https:\/\/anoticiaonline.com.br\/site\/author\/juliana\/#author"},"publisher":{"@id":"https:\/\/anoticiaonline.com.br\/site\/#organization"},"image":{"@type":"ImageObject","url":"https:\/\/anoticiaonline.com.br\/site\/wp-content\/uploads\/2017\/12\/DSC_1351.jpg","width":640,"height":427},"datePublished":"2017-12-21T09:31:13-03:00","dateModified":"2017-12-21T09:31:13-03:00","inLanguage":"pt-BR","mainEntityOfPage":{"@id":"https:\/\/anoticiaonline.com.br\/site\/cisleste-realiza-confraternizacao-de-fim-de-ano\/#webpage"},"isPartOf":{"@id":"https:\/\/anoticiaonline.com.br\/site\/cisleste-realiza-confraternizacao-de-fim-de-ano\/#webpage"},"articleSection":"Blog, Regi\u00e3o, Cisleste, confraterniza\u00e7\u00e3o, fim de ano, Muria\u00e9, prefeitos, sa\u00fade"},{"@type":"BreadcrumbList","@id":"https:\/\/anoticiaonline.com.br\/site\/cisleste-realiza-confraternizacao-de-fim-de-ano\/#breadcrumblist","itemListElement":[{"@type":"ListItem","@id":"https:\/\/anoticiaonline.com.br\/site#listItem","position":1,"name":"Home","item":"https:\/\/anoticiaonline.com.br\/site","nextItem":{"@type":"ListItem","@id":"https:\/\/anoticiaonline.com.br\/site\/categoria\/regiao\/#listItem","name":"Regi\u00e3o"}},{"@type":"ListItem","@id":"https:\/\/anoticiaonline.com.br\/site\/categoria\/regiao\/#listItem","position":2,"name":"Regi\u00e3o","item":"https:\/\/anoticiaonline.com.br\/site\/categoria\/regiao\/","nextItem":{"@type":"ListItem","@id":"https:\/\/anoticiaonline.com.br\/site\/cisleste-realiza-confraternizacao-de-fim-de-ano\/#listItem","name":"Cisleste realiza confraterniza\u00e7\u00e3o de Fim de Ano"},"previousItem":{"@type":"ListItem","@id":"https:\/\/anoticiaonline.com.br\/site#listItem","name":"Home"}},{"@type":"ListItem","@id":"https:\/\/anoticiaonline.com.br\/site\/cisleste-realiza-confraternizacao-de-fim-de-ano\/#listItem","position":3,"name":"Cisleste realiza confraterniza\u00e7\u00e3o de Fim de Ano","previousItem":{"@type":"ListItem","@id":"https:\/\/anoticiaonline.com.br\/site\/categoria\/regiao\/#listItem","name":"Regi\u00e3o"}}]},{"@type":"Organization","@id":"https:\/\/anoticiaonline.com.br\/site\/#organization","name":"A Not\u00edcia Online","description":"Noticias de Muria\u00e9 e regi\u00e3o","url":"https:\/\/anoticiaonline.com.br\/site\/","logo":{"@type":"ImageObject","url":"https:\/\/scontent-gig4-1.xx.fbcdn.net\/v\/t39.30808-1\/270437624_4564083193639691_6907940295614233970_n.jpg?stp=dst-jpg_s200x200_tt6&_nc_cat=111&ccb=1-7&_nc_sid=f907e8&_nc_ohc=SM1wRlP3lJwQ7kNvwEPuBYA&_nc_oc=AdnqrjDN_BNjSSHWO-GbkIWH6fkGMLw4bqvL_NH6e2wMveX7G-rP2dAqsDSq1mJMOaY&_nc_zt=24&_nc_ht=scontent-gig4-1.xx&_nc_gid=AoBFJeGrT1hVaew_6rchkQ&oh=00_AfX7QmFGhQhG2jAllVgXCiM1ZrWgvtp80-Bfppyexh1QEg&oe=689E923C","@id":"https:\/\/anoticiaonline.com.br\/site\/cisleste-realiza-confraternizacao-de-fim-de-ano\/#organizationLogo"},"image":{"@id":"https:\/\/anoticiaonline.com.br\/site\/cisleste-realiza-confraternizacao-de-fim-de-ano\/#organizationLogo"}},{"@type":"Person","@id":"https:\/\/anoticiaonline.com.br\/site\/author\/juliana\/#author","url":"https:\/\/anoticiaonline.com.br\/site\/author\/juliana\/","name":"Juliana Laviola","image":{"@type":"ImageObject","@id":"https:\/\/anoticiaonline.com.br\/site\/cisleste-realiza-confraternizacao-de-fim-de-ano\/#authorImage","url":"https:\/\/secure.gravatar.com\/avatar\/b8d45f5c699b100dfaf0e543582f38f38bf94cb7ae3a5e9abf8d891a34773335?s=96&d=mm&r=g","width":96,"height":96,"caption":"Juliana Laviola"}},{"@type":"WebPage","@id":"https:\/\/anoticiaonline.com.br\/site\/cisleste-realiza-confraternizacao-de-fim-de-ano\/#webpage","url":"https:\/\/anoticiaonline.com.br\/site\/cisleste-realiza-confraternizacao-de-fim-de-ano\/","name":"Cisleste realiza confraterniza\u00e7\u00e3o de Fim de Ano - A Not\u00edcia Online","description":"Os representantes dos 15 munic\u00edpios filiados funcion\u00e1rios do Cisleste, juntamente com seus familiares, participaram da confraterniza\u00e7\u00e3o com um animado churrasco para comemorar os resultados e as atividades realizadas durante o ano de 2017 no Cons\u00f3rcio Cons\u00f3rcio Intermunicipal de Sa\u00fade da Mata Leste. O Cisleste existe desde 1995 para atender os 15 munic\u00edpios filiados, com consultas","inLanguage":"pt-BR","isPartOf":{"@id":"https:\/\/anoticiaonline.com.br\/site\/#website"},"breadcrumb":{"@id":"https:\/\/anoticiaonline.com.br\/site\/cisleste-realiza-confraternizacao-de-fim-de-ano\/#breadcrumblist"},"author":{"@id":"https:\/\/anoticiaonline.com.br\/site\/author\/juliana\/#author"},"creator":{"@id":"https:\/\/anoticiaonline.com.br\/site\/author\/juliana\/#author"},"image":{"@type":"ImageObject","url":"https:\/\/anoticiaonline.com.br\/site\/wp-content\/uploads\/2017\/12\/DSC_1351.jpg","@id":"https:\/\/anoticiaonline.com.br\/site\/cisleste-realiza-confraternizacao-de-fim-de-ano\/#mainImage","width":640,"height":427},"primaryImageOfPage":{"@id":"https:\/\/anoticiaonline.com.br\/site\/cisleste-realiza-confraternizacao-de-fim-de-ano\/#mainImage"},"datePublished":"2017-12-21T09:31:13-03:00","dateModified":"2017-12-21T09:31:13-03:00"},{"@type":"WebSite","@id":"https:\/\/anoticiaonline.com.br\/site\/#website","url":"https:\/\/anoticiaonline.com.br\/site\/","name":"A Not\u00edcia Online","description":"Noticias de Muria\u00e9 e regi\u00e3o","inLanguage":"pt-BR","publisher":{"@id":"https:\/\/anoticiaonline.com.br\/site\/#organization"}}]},"og:locale":"pt_BR","og:site_name":"A Not\u00edcia Online - Noticias de Muria\u00e9 e regi\u00e3o","og:type":"article","og:title":"Cisleste realiza confraterniza\u00e7\u00e3o de Fim de Ano - A Not\u00edcia Online","og:description":"Os representantes dos 15 munic\u00edpios filiados funcion\u00e1rios do Cisleste, juntamente com seus familiares, participaram da confraterniza\u00e7\u00e3o com um animado churrasco para comemorar os resultados e as atividades realizadas durante o ano de 2017 no Cons\u00f3rcio Cons\u00f3rcio Intermunicipal de Sa\u00fade da Mata Leste. O Cisleste existe desde 1995 para atender os 15 munic\u00edpios filiados, com consultas","og:url":"https:\/\/anoticiaonline.com.br\/site\/cisleste-realiza-confraternizacao-de-fim-de-ano\/","og:image":"https:\/\/scontent-gig4-1.xx.fbcdn.net\/v\/t39.30808-1\/270437624_4564083193639691_6907940295614233970_n.jpg?stp=dst-jpg_s200x200_tt6&#038;_nc_cat=111&#038;ccb=1-7&#038;_nc_sid=f907e8&#038;_nc_ohc=SM1wRlP3lJwQ7kNvwEPuBYA&#038;_nc_oc=AdnqrjDN_BNjSSHWO-GbkIWH6fkGMLw4bqvL_NH6e2wMveX7G-rP2dAqsDSq1mJMOaY&#038;_nc_zt=24&#038;_nc_ht=scontent-gig4-1.xx&#038;_nc_gid=AoBFJeGrT1hVaew_6rchkQ&#038;oh=00_AfX7QmFGhQhG2jAllVgXCiM1ZrWgvtp80-Bfppyexh1QEg&#038;oe=689E923C","og:image:secure_url":"https:\/\/scontent-gig4-1.xx.fbcdn.net\/v\/t39.30808-1\/270437624_4564083193639691_6907940295614233970_n.jpg?stp=dst-jpg_s200x200_tt6&#038;_nc_cat=111&#038;ccb=1-7&#038;_nc_sid=f907e8&#038;_nc_ohc=SM1wRlP3lJwQ7kNvwEPuBYA&#038;_nc_oc=AdnqrjDN_BNjSSHWO-GbkIWH6fkGMLw4bqvL_NH6e2wMveX7G-rP2dAqsDSq1mJMOaY&#038;_nc_zt=24&#038;_nc_ht=scontent-gig4-1.xx&#038;_nc_gid=AoBFJeGrT1hVaew_6rchkQ&#038;oh=00_AfX7QmFGhQhG2jAllVgXCiM1ZrWgvtp80-Bfppyexh1QEg&#038;oe=689E923C","article:published_time":"2017-12-21T12:31:13+00:00","article:modified_time":"2017-12-21T12:31:13+00:00","twitter:card":"summary_large_image","twitter:title":"Cisleste realiza confraterniza\u00e7\u00e3o de Fim de Ano - A Not\u00edcia Online","twitter:description":"Os representantes dos 15 munic\u00edpios filiados funcion\u00e1rios do Cisleste, juntamente com seus familiares, participaram da confraterniza\u00e7\u00e3o com um animado churrasco para comemorar os resultados e as atividades realizadas durante o ano de 2017 no Cons\u00f3rcio Cons\u00f3rcio Intermunicipal de Sa\u00fade da Mata Leste. O Cisleste existe desde 1995 para atender os 15 munic\u00edpios filiados, com consultas","twitter:image":"https:\/\/scontent-gig4-1.xx.fbcdn.net\/v\/t39.30808-1\/270437624_4564083193639691_6907940295614233970_n.jpg?stp=dst-jpg_s200x200_tt6&_nc_cat=111&ccb=1-7&_nc_sid=f907e8&_nc_ohc=SM1wRlP3lJwQ7kNvwEPuBYA&_nc_oc=AdnqrjDN_BNjSSHWO-GbkIWH6fkGMLw4bqvL_NH6e2wMveX7G-rP2dAqsDSq1mJMOaY&_nc_zt=24&_nc_ht=scontent-gig4-1.xx&_nc_gid=AoBFJeGrT1hVaew_6rchkQ&oh=00_AfX7QmFGhQhG2jAllVgXCiM1ZrWgvtp80-Bfppyexh1QEg&oe=689E923C"},"aioseo_meta_data":{"post_id":"48596","title":null,"description":null,"keywords":null,"keyphrases":null,"primary_term":null,"canonical_url":null,"og_title":null,"og_description":null,"og_object_type":"default","og_image_type":"default","og_image_url":null,"og_image_width":null,"og_image_height":null,"og_image_custom_url":null,"og_image_custom_fields":null,"og_video":null,"og_custom_url":null,"og_article_section":null,"og_article_tags":null,"twitter_use_og":false,"twitter_card":"default","twitter_image_type":"default","twitter_image_url":null,"twitter_image_custom_url":null,"twitter_image_custom_fields":null,"twitter_title":null,"twitter_description":null,"schema":{"blockGraphs":[],"customGraphs":[],"default":{"data":{"Article":[],"Course":[],"Dataset":[],"FAQPage":[],"Movie":[],"Person":[],"Product":[],"ProductReview":[],"Car":[],"Recipe":[],"Service":[],"SoftwareApplication":[],"WebPage":[]},"graphName":"","isEnabled":true},"graphs":[]},"schema_type":"default","schema_type_options":null,"pillar_content":false,"robots_default":true,"robots_noindex":false,"robots_noarchive":false,"robots_nosnippet":false,"robots_nofollow":false,"robots_noimageindex":false,"robots_noodp":false,"robots_notranslate":false,"robots_max_snippet":null,"robots_max_videopreview":null,"robots_max_imagepreview":"large","priority":null,"frequency":null,"local_seo":null,"breadcrumb_settings":null,"limit_modified_date":false,"ai":null,"created":"2025-08-16 20:06:19","updated":"2025-08-16 20:06:19","focus_keyword":null,"additional_keywords":null,"truseo_locale":null,"seo_analyzer_scan_date":null},"aioseo_breadcrumb":"<div class=\"aioseo-breadcrumbs\"><span class=\"aioseo-breadcrumb\">\n\t\t\t<a href=\"https:\/\/anoticiaonline.com.br\/site\" title=\"Home\">Home<\/a>\n\t\t<\/span><span class=\"aioseo-breadcrumb-separator\">&raquo;<\/span><span class=\"aioseo-breadcrumb\">\n\t\t\t<a href=\"https:\/\/anoticiaonline.com.br\/site\/categoria\/regiao\/\" title=\"Regi\u00e3o\">Regi\u00e3o<\/a>\n\t\t<\/span><span class=\"aioseo-breadcrumb-separator\">&raquo;<\/span><span class=\"aioseo-breadcrumb\">\n\t\t\tCisleste realiza confraterniza\u00e7\u00e3o de Fim de Ano\n\t\t<\/span><\/div>","aioseo_breadcrumb_json":[{"label":"Home","link":"https:\/\/anoticiaonline.com.br\/site"},{"label":"Regi\u00e3o","link":"https:\/\/anoticiaonline.com.br\/site\/categoria\/regiao\/"},{"label":"Cisleste realiza confraterniza\u00e7\u00e3o de Fim de Ano","link":"https:\/\/anoticiaonline.com.br\/site\/cisleste-realiza-confraternizacao-de-fim-de-ano\/"}],"views":122,"_links":{"self":[{"href":"https:\/\/anoticiaonline.com.br\/site\/wp-json\/wp\/v2\/posts\/48596","targetHints":{"allow":["GET"]}}],"collection":[{"href":"https:\/\/anoticiaonline.com.br\/site\/wp-json\/wp\/v2\/posts"}],"about":[{"href":"https:\/\/anoticiaonline.com.br\/site\/wp-json\/wp\/v2\/types\/post"}],"author":[{"embeddable":true,"href":"https:\/\/anoticiaonline.com.br\/site\/wp-json\/wp\/v2\/users\/2"}],"replies":[{"embeddable":true,"href":"https:\/\/anoticiaonline.com.br\/site\/wp-json\/wp\/v2\/comments?post=48596"}],"version-history":[{"count":0,"href":"https:\/\/anoticiaonline.com.br\/site\/wp-json\/wp\/v2\/posts\/48596\/revisions"}],"wp:featuredmedia":[{"embeddable":true,"href":"https:\/\/anoticiaonline.com.br\/site\/wp-json\/wp\/v2\/media\/48597"}],"wp:attachment":[{"href":"https:\/\/anoticiaonline.com.br\/site\/wp-json\/wp\/v2\/media?parent=48596"}],"wp:term":[{"taxonomy":"category","embeddable":true,"href":"https:\/\/anoticiaonline.com.br\/site\/wp-json\/wp\/v2\/categories?post=48596"},{"taxonomy":"post_tag","embeddable":true,"href":"https:\/\/anoticiaonline.com.br\/site\/wp-json\/wp\/v2\/tags?post=48596"}],"curies":[{"name":"wp","href":"https:\/\/api.w.org\/{rel}","templated":true}]}}