{"id":48464,"date":"2017-12-20T19:34:49","date_gmt":"2017-12-20T22:34:49","guid":{"rendered":"http:\/\/anoticiaonline.com.br\/site\/?p=48464"},"modified":"2017-12-20T19:39:04","modified_gmt":"2017-12-20T22:39:04","slug":"elias-muratori-lanca-seu-4o-livro","status":"publish","type":"post","link":"https:\/\/anoticiaonline.com.br\/site\/elias-muratori-lanca-seu-4o-livro\/","title":{"rendered":"Elias Muratori lan\u00e7a seu 4\u00ba livro"},"content":{"rendered":"<p><a href=\"https:\/\/anoticiaonline.com.br\/site\/wp-content\/uploads\/2017\/12\/DSC_1465.jpg\"><img fetchpriority=\"high\" decoding=\"async\" class=\"aligncenter size-full wp-image-48499\" src=\"https:\/\/anoticiaonline.com.br\/site\/wp-content\/uploads\/2017\/12\/DSC_1465.jpg\" alt=\"\" width=\"640\" height=\"424\" srcset=\"https:\/\/anoticiaonline.com.br\/site\/wp-content\/uploads\/2017\/12\/DSC_1465.jpg 640w, https:\/\/anoticiaonline.com.br\/site\/wp-content\/uploads\/2017\/12\/DSC_1465-300x199.jpg 300w\" sizes=\"(max-width: 640px) 100vw, 640px\" \/><\/a> <a href=\"https:\/\/anoticiaonline.com.br\/site\/wp-content\/uploads\/2017\/12\/DSC_1488.jpg\"><img decoding=\"async\" class=\"aligncenter size-full wp-image-48500\" src=\"https:\/\/anoticiaonline.com.br\/site\/wp-content\/uploads\/2017\/12\/DSC_1488.jpg\" alt=\"\" width=\"640\" height=\"424\" srcset=\"https:\/\/anoticiaonline.com.br\/site\/wp-content\/uploads\/2017\/12\/DSC_1488.jpg 640w, https:\/\/anoticiaonline.com.br\/site\/wp-content\/uploads\/2017\/12\/DSC_1488-300x199.jpg 300w\" sizes=\"(max-width: 640px) 100vw, 640px\" \/><\/a> <a href=\"https:\/\/anoticiaonline.com.br\/site\/wp-content\/uploads\/2017\/12\/DSC_1490.jpg\"><img decoding=\"async\" class=\"aligncenter size-full wp-image-48501\" src=\"https:\/\/anoticiaonline.com.br\/site\/wp-content\/uploads\/2017\/12\/DSC_1490.jpg\" alt=\"\" width=\"640\" height=\"424\" srcset=\"https:\/\/anoticiaonline.com.br\/site\/wp-content\/uploads\/2017\/12\/DSC_1490.jpg 640w, https:\/\/anoticiaonline.com.br\/site\/wp-content\/uploads\/2017\/12\/DSC_1490-300x199.jpg 300w\" sizes=\"(max-width: 640px) 100vw, 640px\" \/><\/a>O escritor Elias Muratori, membro e diretor de rela\u00e7\u00f5es p\u00fablicas da Academia Muriaeense de Letras (AMLE), lan\u00e7ou, no s\u00e1bado (16), seu 4\u00ba livro chamado \u201cO Menino Passarinho\u201d. O lan\u00e7amento aconteceu na sede da Academia, situada na Vila Eud\u00f3xia Can\u00eado, no Centro da cidade. O projeto teve o incentivo da Lei Municipal de incentivo \u00e0 cultura, Alcyr Pires Vermelho.<\/p>\n<p>\u201cO Menino Passarinho \u00e9 um conto curto, com poucas p\u00e1ginas, e como j\u00e1 me disseram, gostoso de ler. Apesar de ser literatura infanto-juvenil, a hist\u00f3ria fala sobre muitos aspectos e lembran\u00e7as do passado, o que acaba agradando tamb\u00e9m os idosos\u201d, conta o autor que buscou inspira\u00e7\u00e3o em seu tempo de crian\u00e7a.<\/p>\n<p>O livro possui ilustra\u00e7\u00f5es de Flaviano Guin\u00e9 e pref\u00e1cio de Val\u00e9ria Fernandes. Elias Muratori \u00e9 autor tamb\u00e9m de \u201cHist\u00f3rias, F\u00e1bulas e Par\u00e1bolas\u201d, publicado em 2004; \u201cJesus e sua Did\u00e1tica de Comunica\u00e7\u00e3o\u201d, publicado em 2008 e, \u201cCr\u00f4ntos\u201d, publicado em 2011.<\/p>\n<p><strong>O MENINO PASSARINHO \u2013<\/strong> discorre sobre os desejos de um menino que com sua f\u00e9rtil imagina\u00e7\u00e3o se transforma em um passarinho e \u201cvoa\u201d para cima da velha \u201cjardineira\u201d, que regularmente transita pela encruzilhada pr\u00f3xima de sua casa.<\/p>\n<p>Uma vez l\u00e1 no alto crava suas garras \u00e0 prote\u00e7\u00e3o do maleiro afixado sobre o teto da condu\u00e7\u00e3o e viaja at\u00e9 os \u201cestrangeiros\u201d, vivendo in\u00fameras fa\u00e7anhas estrada afora.<\/p>\n<p>As aventuras d\u2019O Menino Passarinho permitem ao pequenino viajador realizar sonhos, quase imposs\u00edveis, que sempre povoam sua mente, em sua pequenina \u201ccacholinha\u201d. O que far\u00e1 enroscar, tamb\u00e9m o leitor, nas viagens do moleque personagem.<\/p>\n<p>&nbsp;<\/p>\n<p><img decoding=\"async\" class=\"ngg_displayed_gallery mceItem\" src=\"https:\/\/anoticiaonline.com.br\/site\/nextgen-attach_to_post\/preview\/id--48537\" \/><\/p>\n<p>&nbsp;<\/p>\n","protected":false},"excerpt":{"rendered":"<p>O escritor Elias Muratori, membro e diretor de rela\u00e7\u00f5es p\u00fablicas da Academia Muriaeense de Letras (AMLE), lan\u00e7ou, no s\u00e1bado (16), seu 4\u00ba livro chamado \u201cO Menino Passarinho\u201d. O lan\u00e7amento aconteceu na sede da Academia, situada na Vila Eud\u00f3xia Can\u00eado, no Centro da cidade. O projeto teve o incentivo da Lei Municipal de incentivo \u00e0 cultura, &#8230; <a title=\"Elias Muratori lan\u00e7a seu 4\u00ba livro\" class=\"read-more\" href=\"https:\/\/anoticiaonline.com.br\/site\/elias-muratori-lanca-seu-4o-livro\/\" aria-label=\"Read more about Elias Muratori lan\u00e7a seu 4\u00ba livro\">Ler mais<\/a><\/p>\n","protected":false},"author":2,"featured_media":48499,"comment_status":"open","ping_status":"open","sticky":false,"template":"","format":"standard","meta":{"_acf_changed":false,"_monsterinsights_skip_tracking":false,"footnotes":""},"categories":[19],"tags":[1808,694,102,1806,1807,216,1809],"class_list":["post-48464","post","type-post","status-publish","format-standard","has-post-thumbnail","hentry","category-cultura","tag-academia-muriaeense-de-letras-amle","tag-alcyr-pires-vermelho","tag-amle","tag-elias-muratori","tag-escritor-elias-muratori","tag-livro","tag-o-menino-passarinho"],"acf":[],"aioseo_notices":[],"aioseo_head":"\n\t\t<!-- All in One SEO 5.0.0.1 - aioseo.com -->\n\t<meta name=\"description\" content=\"O escritor Elias Muratori, membro e diretor de rela\u00e7\u00f5es p\u00fablicas da Academia Muriaeense de Letras (AMLE), lan\u00e7ou, no s\u00e1bado (16), seu 4\u00ba livro chamado \u201cO Menino Passarinho\u201d. O lan\u00e7amento aconteceu na sede da Academia, situada na Vila Eud\u00f3xia Can\u00eado, no Centro da cidade. O projeto teve o incentivo da Lei Municipal de incentivo \u00e0 cultura,\" \/>\n\t<meta name=\"robots\" content=\"max-image-preview:large\" \/>\n\t<meta name=\"author\" content=\"Juliana Laviola\"\/>\n\t<link rel=\"canonical\" href=\"https:\/\/anoticiaonline.com.br\/site\/elias-muratori-lanca-seu-4o-livro\/\" \/>\n\t<meta name=\"generator\" content=\"All in One SEO (AIOSEO) 5.0.0.1\" \/>\n\t\t<meta property=\"og:locale\" content=\"pt_BR\" \/>\n\t\t<meta property=\"og:site_name\" content=\"A Not\u00edcia Online - Noticias de Muria\u00e9 e regi\u00e3o\" \/>\n\t\t<meta property=\"og:type\" content=\"article\" \/>\n\t\t<meta property=\"og:title\" content=\"Elias Muratori lan\u00e7a seu 4\u00ba livro - A Not\u00edcia Online\" \/>\n\t\t<meta property=\"og:description\" content=\"O escritor Elias Muratori, membro e diretor de rela\u00e7\u00f5es p\u00fablicas da Academia Muriaeense de Letras (AMLE), lan\u00e7ou, no s\u00e1bado (16), seu 4\u00ba livro chamado \u201cO Menino Passarinho\u201d. O lan\u00e7amento aconteceu na sede da Academia, situada na Vila Eud\u00f3xia Can\u00eado, no Centro da cidade. O projeto teve o incentivo da Lei Municipal de incentivo \u00e0 cultura,\" \/>\n\t\t<meta property=\"og:url\" content=\"https:\/\/anoticiaonline.com.br\/site\/elias-muratori-lanca-seu-4o-livro\/\" \/>\n\t\t<meta property=\"og:image\" content=\"https:\/\/scontent-gig4-1.xx.fbcdn.net\/v\/t39.30808-1\/270437624_4564083193639691_6907940295614233970_n.jpg?stp=dst-jpg_s200x200_tt6&#038;_nc_cat=111&#038;ccb=1-7&#038;_nc_sid=f907e8&#038;_nc_ohc=SM1wRlP3lJwQ7kNvwEPuBYA&#038;_nc_oc=AdnqrjDN_BNjSSHWO-GbkIWH6fkGMLw4bqvL_NH6e2wMveX7G-rP2dAqsDSq1mJMOaY&#038;_nc_zt=24&#038;_nc_ht=scontent-gig4-1.xx&#038;_nc_gid=AoBFJeGrT1hVaew_6rchkQ&#038;oh=00_AfX7QmFGhQhG2jAllVgXCiM1ZrWgvtp80-Bfppyexh1QEg&#038;oe=689E923C\" \/>\n\t\t<meta property=\"og:image:secure_url\" content=\"https:\/\/scontent-gig4-1.xx.fbcdn.net\/v\/t39.30808-1\/270437624_4564083193639691_6907940295614233970_n.jpg?stp=dst-jpg_s200x200_tt6&#038;_nc_cat=111&#038;ccb=1-7&#038;_nc_sid=f907e8&#038;_nc_ohc=SM1wRlP3lJwQ7kNvwEPuBYA&#038;_nc_oc=AdnqrjDN_BNjSSHWO-GbkIWH6fkGMLw4bqvL_NH6e2wMveX7G-rP2dAqsDSq1mJMOaY&#038;_nc_zt=24&#038;_nc_ht=scontent-gig4-1.xx&#038;_nc_gid=AoBFJeGrT1hVaew_6rchkQ&#038;oh=00_AfX7QmFGhQhG2jAllVgXCiM1ZrWgvtp80-Bfppyexh1QEg&#038;oe=689E923C\" \/>\n\t\t<meta property=\"article:published_time\" content=\"2017-12-20T22:34:49+00:00\" \/>\n\t\t<meta property=\"article:modified_time\" content=\"2017-12-20T22:39:04+00:00\" \/>\n\t\t<meta name=\"twitter:card\" content=\"summary_large_image\" \/>\n\t\t<meta name=\"twitter:title\" content=\"Elias Muratori lan\u00e7a seu 4\u00ba livro - A Not\u00edcia Online\" \/>\n\t\t<meta name=\"twitter:description\" content=\"O escritor Elias Muratori, membro e diretor de rela\u00e7\u00f5es p\u00fablicas da Academia Muriaeense de Letras (AMLE), lan\u00e7ou, no s\u00e1bado (16), seu 4\u00ba livro chamado \u201cO Menino Passarinho\u201d. O lan\u00e7amento aconteceu na sede da Academia, situada na Vila Eud\u00f3xia Can\u00eado, no Centro da cidade. O projeto teve o incentivo da Lei Municipal de incentivo \u00e0 cultura,\" \/>\n\t\t<meta name=\"twitter:image\" content=\"https:\/\/scontent-gig4-1.xx.fbcdn.net\/v\/t39.30808-1\/270437624_4564083193639691_6907940295614233970_n.jpg?stp=dst-jpg_s200x200_tt6&amp;_nc_cat=111&amp;ccb=1-7&amp;_nc_sid=f907e8&amp;_nc_ohc=SM1wRlP3lJwQ7kNvwEPuBYA&amp;_nc_oc=AdnqrjDN_BNjSSHWO-GbkIWH6fkGMLw4bqvL_NH6e2wMveX7G-rP2dAqsDSq1mJMOaY&amp;_nc_zt=24&amp;_nc_ht=scontent-gig4-1.xx&amp;_nc_gid=AoBFJeGrT1hVaew_6rchkQ&amp;oh=00_AfX7QmFGhQhG2jAllVgXCiM1ZrWgvtp80-Bfppyexh1QEg&amp;oe=689E923C\" \/>\n\t\t<script type=\"application\/ld+json\" class=\"aioseo-schema\">\n\t\t\t{\"@context\":\"https:\\\/\\\/schema.org\",\"@graph\":[{\"@type\":\"BlogPosting\",\"@id\":\"https:\\\/\\\/anoticiaonline.com.br\\\/site\\\/elias-muratori-lanca-seu-4o-livro\\\/#blogposting\",\"name\":\"Elias Muratori lan\\u00e7a seu 4\\u00ba livro - A Not\\u00edcia Online\",\"headline\":\"Elias Muratori lan\\u00e7a seu 4\\u00ba livro\",\"author\":{\"@id\":\"https:\\\/\\\/anoticiaonline.com.br\\\/site\\\/author\\\/juliana\\\/#author\"},\"publisher\":{\"@id\":\"https:\\\/\\\/anoticiaonline.com.br\\\/site\\\/#organization\"},\"image\":{\"@type\":\"ImageObject\",\"url\":\"https:\\\/\\\/anoticiaonline.com.br\\\/site\\\/wp-content\\\/uploads\\\/2017\\\/12\\\/DSC_1465.jpg\",\"width\":640,\"height\":424},\"datePublished\":\"2017-12-20T19:34:49-03:00\",\"dateModified\":\"2017-12-20T19:39:04-03:00\",\"inLanguage\":\"pt-BR\",\"mainEntityOfPage\":{\"@id\":\"https:\\\/\\\/anoticiaonline.com.br\\\/site\\\/elias-muratori-lanca-seu-4o-livro\\\/#webpage\"},\"isPartOf\":{\"@id\":\"https:\\\/\\\/anoticiaonline.com.br\\\/site\\\/elias-muratori-lanca-seu-4o-livro\\\/#webpage\"},\"articleSection\":\"Cultura, Academia Muriaeense de Letras (AMLE), Alcyr Pires Vermelho, amle, Elias Muratori, escritor Elias Muratori, livro, O Menino Passarinho\"},{\"@type\":\"BreadcrumbList\",\"@id\":\"https:\\\/\\\/anoticiaonline.com.br\\\/site\\\/elias-muratori-lanca-seu-4o-livro\\\/#breadcrumblist\",\"itemListElement\":[{\"@type\":\"ListItem\",\"@id\":\"https:\\\/\\\/anoticiaonline.com.br\\\/site#listItem\",\"position\":1,\"name\":\"Home\",\"item\":\"https:\\\/\\\/anoticiaonline.com.br\\\/site\",\"nextItem\":{\"@type\":\"ListItem\",\"@id\":\"https:\\\/\\\/anoticiaonline.com.br\\\/site\\\/categoria\\\/muriae\\\/#listItem\",\"name\":\"Blog\"}},{\"@type\":\"ListItem\",\"@id\":\"https:\\\/\\\/anoticiaonline.com.br\\\/site\\\/categoria\\\/muriae\\\/#listItem\",\"position\":2,\"name\":\"Blog\",\"item\":\"https:\\\/\\\/anoticiaonline.com.br\\\/site\\\/categoria\\\/muriae\\\/\",\"nextItem\":{\"@type\":\"ListItem\",\"@id\":\"https:\\\/\\\/anoticiaonline.com.br\\\/site\\\/categoria\\\/muriae\\\/cultura\\\/#listItem\",\"name\":\"Cultura\"},\"previousItem\":{\"@type\":\"ListItem\",\"@id\":\"https:\\\/\\\/anoticiaonline.com.br\\\/site#listItem\",\"name\":\"Home\"}},{\"@type\":\"ListItem\",\"@id\":\"https:\\\/\\\/anoticiaonline.com.br\\\/site\\\/categoria\\\/muriae\\\/cultura\\\/#listItem\",\"position\":3,\"name\":\"Cultura\",\"item\":\"https:\\\/\\\/anoticiaonline.com.br\\\/site\\\/categoria\\\/muriae\\\/cultura\\\/\",\"nextItem\":{\"@type\":\"ListItem\",\"@id\":\"https:\\\/\\\/anoticiaonline.com.br\\\/site\\\/elias-muratori-lanca-seu-4o-livro\\\/#listItem\",\"name\":\"Elias Muratori lan\\u00e7a seu 4\\u00ba livro\"},\"previousItem\":{\"@type\":\"ListItem\",\"@id\":\"https:\\\/\\\/anoticiaonline.com.br\\\/site\\\/categoria\\\/muriae\\\/#listItem\",\"name\":\"Blog\"}},{\"@type\":\"ListItem\",\"@id\":\"https:\\\/\\\/anoticiaonline.com.br\\\/site\\\/elias-muratori-lanca-seu-4o-livro\\\/#listItem\",\"position\":4,\"name\":\"Elias Muratori lan\\u00e7a seu 4\\u00ba livro\",\"previousItem\":{\"@type\":\"ListItem\",\"@id\":\"https:\\\/\\\/anoticiaonline.com.br\\\/site\\\/categoria\\\/muriae\\\/cultura\\\/#listItem\",\"name\":\"Cultura\"}}]},{\"@type\":\"Organization\",\"@id\":\"https:\\\/\\\/anoticiaonline.com.br\\\/site\\\/#organization\",\"name\":\"A Not\\u00edcia Online\",\"description\":\"Noticias de Muria\\u00e9 e regi\\u00e3o\",\"url\":\"https:\\\/\\\/anoticiaonline.com.br\\\/site\\\/\",\"logo\":{\"@type\":\"ImageObject\",\"url\":\"https:\\\/\\\/scontent-gig4-1.xx.fbcdn.net\\\/v\\\/t39.30808-1\\\/270437624_4564083193639691_6907940295614233970_n.jpg?stp=dst-jpg_s200x200_tt6&_nc_cat=111&ccb=1-7&_nc_sid=f907e8&_nc_ohc=SM1wRlP3lJwQ7kNvwEPuBYA&_nc_oc=AdnqrjDN_BNjSSHWO-GbkIWH6fkGMLw4bqvL_NH6e2wMveX7G-rP2dAqsDSq1mJMOaY&_nc_zt=24&_nc_ht=scontent-gig4-1.xx&_nc_gid=AoBFJeGrT1hVaew_6rchkQ&oh=00_AfX7QmFGhQhG2jAllVgXCiM1ZrWgvtp80-Bfppyexh1QEg&oe=689E923C\",\"@id\":\"https:\\\/\\\/anoticiaonline.com.br\\\/site\\\/elias-muratori-lanca-seu-4o-livro\\\/#organizationLogo\"},\"image\":{\"@id\":\"https:\\\/\\\/anoticiaonline.com.br\\\/site\\\/elias-muratori-lanca-seu-4o-livro\\\/#organizationLogo\"}},{\"@type\":\"Person\",\"@id\":\"https:\\\/\\\/anoticiaonline.com.br\\\/site\\\/author\\\/juliana\\\/#author\",\"url\":\"https:\\\/\\\/anoticiaonline.com.br\\\/site\\\/author\\\/juliana\\\/\",\"name\":\"Juliana Laviola\",\"image\":{\"@type\":\"ImageObject\",\"@id\":\"https:\\\/\\\/anoticiaonline.com.br\\\/site\\\/elias-muratori-lanca-seu-4o-livro\\\/#authorImage\",\"url\":\"https:\\\/\\\/secure.gravatar.com\\\/avatar\\\/b8d45f5c699b100dfaf0e543582f38f38bf94cb7ae3a5e9abf8d891a34773335?s=96&d=mm&r=g\",\"width\":96,\"height\":96,\"caption\":\"Juliana Laviola\"}},{\"@type\":\"WebPage\",\"@id\":\"https:\\\/\\\/anoticiaonline.com.br\\\/site\\\/elias-muratori-lanca-seu-4o-livro\\\/#webpage\",\"url\":\"https:\\\/\\\/anoticiaonline.com.br\\\/site\\\/elias-muratori-lanca-seu-4o-livro\\\/\",\"name\":\"Elias Muratori lan\\u00e7a seu 4\\u00ba livro - A Not\\u00edcia Online\",\"description\":\"O escritor Elias Muratori, membro e diretor de rela\\u00e7\\u00f5es p\\u00fablicas da Academia Muriaeense de Letras (AMLE), lan\\u00e7ou, no s\\u00e1bado (16), seu 4\\u00ba livro chamado \\u201cO Menino Passarinho\\u201d. O lan\\u00e7amento aconteceu na sede da Academia, situada na Vila Eud\\u00f3xia Can\\u00eado, no Centro da cidade. O projeto teve o incentivo da Lei Municipal de incentivo \\u00e0 cultura,\",\"inLanguage\":\"pt-BR\",\"isPartOf\":{\"@id\":\"https:\\\/\\\/anoticiaonline.com.br\\\/site\\\/#website\"},\"breadcrumb\":{\"@id\":\"https:\\\/\\\/anoticiaonline.com.br\\\/site\\\/elias-muratori-lanca-seu-4o-livro\\\/#breadcrumblist\"},\"author\":{\"@id\":\"https:\\\/\\\/anoticiaonline.com.br\\\/site\\\/author\\\/juliana\\\/#author\"},\"creator\":{\"@id\":\"https:\\\/\\\/anoticiaonline.com.br\\\/site\\\/author\\\/juliana\\\/#author\"},\"image\":{\"@type\":\"ImageObject\",\"url\":\"https:\\\/\\\/anoticiaonline.com.br\\\/site\\\/wp-content\\\/uploads\\\/2017\\\/12\\\/DSC_1465.jpg\",\"@id\":\"https:\\\/\\\/anoticiaonline.com.br\\\/site\\\/elias-muratori-lanca-seu-4o-livro\\\/#mainImage\",\"width\":640,\"height\":424},\"primaryImageOfPage\":{\"@id\":\"https:\\\/\\\/anoticiaonline.com.br\\\/site\\\/elias-muratori-lanca-seu-4o-livro\\\/#mainImage\"},\"datePublished\":\"2017-12-20T19:34:49-03:00\",\"dateModified\":\"2017-12-20T19:39:04-03:00\"},{\"@type\":\"WebSite\",\"@id\":\"https:\\\/\\\/anoticiaonline.com.br\\\/site\\\/#website\",\"url\":\"https:\\\/\\\/anoticiaonline.com.br\\\/site\\\/\",\"name\":\"A Not\\u00edcia Online\",\"description\":\"Noticias de Muria\\u00e9 e regi\\u00e3o\",\"inLanguage\":\"pt-BR\",\"publisher\":{\"@id\":\"https:\\\/\\\/anoticiaonline.com.br\\\/site\\\/#organization\"}}]}\n\t\t<\/script>\n\t\t<!-- All in One SEO -->\n\n","aioseo_head_json":{"title":"Elias Muratori lan\u00e7a seu 4\u00ba livro - A Not\u00edcia Online","description":"O escritor Elias Muratori, membro e diretor de rela\u00e7\u00f5es p\u00fablicas da Academia Muriaeense de Letras (AMLE), lan\u00e7ou, no s\u00e1bado (16), seu 4\u00ba livro chamado \u201cO Menino Passarinho\u201d. O lan\u00e7amento aconteceu na sede da Academia, situada na Vila Eud\u00f3xia Can\u00eado, no Centro da cidade. O projeto teve o incentivo da Lei Municipal de incentivo \u00e0 cultura,","canonical_url":"https:\/\/anoticiaonline.com.br\/site\/elias-muratori-lanca-seu-4o-livro\/","robots":"max-image-preview:large","keywords":"","webmasterTools":{"miscellaneous":""},"schema":{"@context":"https:\/\/schema.org","@graph":[{"@type":"BlogPosting","@id":"https:\/\/anoticiaonline.com.br\/site\/elias-muratori-lanca-seu-4o-livro\/#blogposting","name":"Elias Muratori lan\u00e7a seu 4\u00ba livro - A Not\u00edcia Online","headline":"Elias Muratori lan\u00e7a seu 4\u00ba livro","author":{"@id":"https:\/\/anoticiaonline.com.br\/site\/author\/juliana\/#author"},"publisher":{"@id":"https:\/\/anoticiaonline.com.br\/site\/#organization"},"image":{"@type":"ImageObject","url":"https:\/\/anoticiaonline.com.br\/site\/wp-content\/uploads\/2017\/12\/DSC_1465.jpg","width":640,"height":424},"datePublished":"2017-12-20T19:34:49-03:00","dateModified":"2017-12-20T19:39:04-03:00","inLanguage":"pt-BR","mainEntityOfPage":{"@id":"https:\/\/anoticiaonline.com.br\/site\/elias-muratori-lanca-seu-4o-livro\/#webpage"},"isPartOf":{"@id":"https:\/\/anoticiaonline.com.br\/site\/elias-muratori-lanca-seu-4o-livro\/#webpage"},"articleSection":"Cultura, Academia Muriaeense de Letras (AMLE), Alcyr Pires Vermelho, amle, Elias Muratori, escritor Elias Muratori, livro, O Menino Passarinho"},{"@type":"BreadcrumbList","@id":"https:\/\/anoticiaonline.com.br\/site\/elias-muratori-lanca-seu-4o-livro\/#breadcrumblist","itemListElement":[{"@type":"ListItem","@id":"https:\/\/anoticiaonline.com.br\/site#listItem","position":1,"name":"Home","item":"https:\/\/anoticiaonline.com.br\/site","nextItem":{"@type":"ListItem","@id":"https:\/\/anoticiaonline.com.br\/site\/categoria\/muriae\/#listItem","name":"Blog"}},{"@type":"ListItem","@id":"https:\/\/anoticiaonline.com.br\/site\/categoria\/muriae\/#listItem","position":2,"name":"Blog","item":"https:\/\/anoticiaonline.com.br\/site\/categoria\/muriae\/","nextItem":{"@type":"ListItem","@id":"https:\/\/anoticiaonline.com.br\/site\/categoria\/muriae\/cultura\/#listItem","name":"Cultura"},"previousItem":{"@type":"ListItem","@id":"https:\/\/anoticiaonline.com.br\/site#listItem","name":"Home"}},{"@type":"ListItem","@id":"https:\/\/anoticiaonline.com.br\/site\/categoria\/muriae\/cultura\/#listItem","position":3,"name":"Cultura","item":"https:\/\/anoticiaonline.com.br\/site\/categoria\/muriae\/cultura\/","nextItem":{"@type":"ListItem","@id":"https:\/\/anoticiaonline.com.br\/site\/elias-muratori-lanca-seu-4o-livro\/#listItem","name":"Elias Muratori lan\u00e7a seu 4\u00ba livro"},"previousItem":{"@type":"ListItem","@id":"https:\/\/anoticiaonline.com.br\/site\/categoria\/muriae\/#listItem","name":"Blog"}},{"@type":"ListItem","@id":"https:\/\/anoticiaonline.com.br\/site\/elias-muratori-lanca-seu-4o-livro\/#listItem","position":4,"name":"Elias Muratori lan\u00e7a seu 4\u00ba livro","previousItem":{"@type":"ListItem","@id":"https:\/\/anoticiaonline.com.br\/site\/categoria\/muriae\/cultura\/#listItem","name":"Cultura"}}]},{"@type":"Organization","@id":"https:\/\/anoticiaonline.com.br\/site\/#organization","name":"A Not\u00edcia Online","description":"Noticias de Muria\u00e9 e regi\u00e3o","url":"https:\/\/anoticiaonline.com.br\/site\/","logo":{"@type":"ImageObject","url":"https:\/\/scontent-gig4-1.xx.fbcdn.net\/v\/t39.30808-1\/270437624_4564083193639691_6907940295614233970_n.jpg?stp=dst-jpg_s200x200_tt6&_nc_cat=111&ccb=1-7&_nc_sid=f907e8&_nc_ohc=SM1wRlP3lJwQ7kNvwEPuBYA&_nc_oc=AdnqrjDN_BNjSSHWO-GbkIWH6fkGMLw4bqvL_NH6e2wMveX7G-rP2dAqsDSq1mJMOaY&_nc_zt=24&_nc_ht=scontent-gig4-1.xx&_nc_gid=AoBFJeGrT1hVaew_6rchkQ&oh=00_AfX7QmFGhQhG2jAllVgXCiM1ZrWgvtp80-Bfppyexh1QEg&oe=689E923C","@id":"https:\/\/anoticiaonline.com.br\/site\/elias-muratori-lanca-seu-4o-livro\/#organizationLogo"},"image":{"@id":"https:\/\/anoticiaonline.com.br\/site\/elias-muratori-lanca-seu-4o-livro\/#organizationLogo"}},{"@type":"Person","@id":"https:\/\/anoticiaonline.com.br\/site\/author\/juliana\/#author","url":"https:\/\/anoticiaonline.com.br\/site\/author\/juliana\/","name":"Juliana Laviola","image":{"@type":"ImageObject","@id":"https:\/\/anoticiaonline.com.br\/site\/elias-muratori-lanca-seu-4o-livro\/#authorImage","url":"https:\/\/secure.gravatar.com\/avatar\/b8d45f5c699b100dfaf0e543582f38f38bf94cb7ae3a5e9abf8d891a34773335?s=96&d=mm&r=g","width":96,"height":96,"caption":"Juliana Laviola"}},{"@type":"WebPage","@id":"https:\/\/anoticiaonline.com.br\/site\/elias-muratori-lanca-seu-4o-livro\/#webpage","url":"https:\/\/anoticiaonline.com.br\/site\/elias-muratori-lanca-seu-4o-livro\/","name":"Elias Muratori lan\u00e7a seu 4\u00ba livro - A Not\u00edcia Online","description":"O escritor Elias Muratori, membro e diretor de rela\u00e7\u00f5es p\u00fablicas da Academia Muriaeense de Letras (AMLE), lan\u00e7ou, no s\u00e1bado (16), seu 4\u00ba livro chamado \u201cO Menino Passarinho\u201d. O lan\u00e7amento aconteceu na sede da Academia, situada na Vila Eud\u00f3xia Can\u00eado, no Centro da cidade. O projeto teve o incentivo da Lei Municipal de incentivo \u00e0 cultura,","inLanguage":"pt-BR","isPartOf":{"@id":"https:\/\/anoticiaonline.com.br\/site\/#website"},"breadcrumb":{"@id":"https:\/\/anoticiaonline.com.br\/site\/elias-muratori-lanca-seu-4o-livro\/#breadcrumblist"},"author":{"@id":"https:\/\/anoticiaonline.com.br\/site\/author\/juliana\/#author"},"creator":{"@id":"https:\/\/anoticiaonline.com.br\/site\/author\/juliana\/#author"},"image":{"@type":"ImageObject","url":"https:\/\/anoticiaonline.com.br\/site\/wp-content\/uploads\/2017\/12\/DSC_1465.jpg","@id":"https:\/\/anoticiaonline.com.br\/site\/elias-muratori-lanca-seu-4o-livro\/#mainImage","width":640,"height":424},"primaryImageOfPage":{"@id":"https:\/\/anoticiaonline.com.br\/site\/elias-muratori-lanca-seu-4o-livro\/#mainImage"},"datePublished":"2017-12-20T19:34:49-03:00","dateModified":"2017-12-20T19:39:04-03:00"},{"@type":"WebSite","@id":"https:\/\/anoticiaonline.com.br\/site\/#website","url":"https:\/\/anoticiaonline.com.br\/site\/","name":"A Not\u00edcia Online","description":"Noticias de Muria\u00e9 e regi\u00e3o","inLanguage":"pt-BR","publisher":{"@id":"https:\/\/anoticiaonline.com.br\/site\/#organization"}}]},"og:locale":"pt_BR","og:site_name":"A Not\u00edcia Online - Noticias de Muria\u00e9 e regi\u00e3o","og:type":"article","og:title":"Elias Muratori lan\u00e7a seu 4\u00ba livro - A Not\u00edcia Online","og:description":"O escritor Elias Muratori, membro e diretor de rela\u00e7\u00f5es p\u00fablicas da Academia Muriaeense de Letras (AMLE), lan\u00e7ou, no s\u00e1bado (16), seu 4\u00ba livro chamado \u201cO Menino Passarinho\u201d. O lan\u00e7amento aconteceu na sede da Academia, situada na Vila Eud\u00f3xia Can\u00eado, no Centro da cidade. O projeto teve o incentivo da Lei Municipal de incentivo \u00e0 cultura,","og:url":"https:\/\/anoticiaonline.com.br\/site\/elias-muratori-lanca-seu-4o-livro\/","og:image":"https:\/\/scontent-gig4-1.xx.fbcdn.net\/v\/t39.30808-1\/270437624_4564083193639691_6907940295614233970_n.jpg?stp=dst-jpg_s200x200_tt6&#038;_nc_cat=111&#038;ccb=1-7&#038;_nc_sid=f907e8&#038;_nc_ohc=SM1wRlP3lJwQ7kNvwEPuBYA&#038;_nc_oc=AdnqrjDN_BNjSSHWO-GbkIWH6fkGMLw4bqvL_NH6e2wMveX7G-rP2dAqsDSq1mJMOaY&#038;_nc_zt=24&#038;_nc_ht=scontent-gig4-1.xx&#038;_nc_gid=AoBFJeGrT1hVaew_6rchkQ&#038;oh=00_AfX7QmFGhQhG2jAllVgXCiM1ZrWgvtp80-Bfppyexh1QEg&#038;oe=689E923C","og:image:secure_url":"https:\/\/scontent-gig4-1.xx.fbcdn.net\/v\/t39.30808-1\/270437624_4564083193639691_6907940295614233970_n.jpg?stp=dst-jpg_s200x200_tt6&#038;_nc_cat=111&#038;ccb=1-7&#038;_nc_sid=f907e8&#038;_nc_ohc=SM1wRlP3lJwQ7kNvwEPuBYA&#038;_nc_oc=AdnqrjDN_BNjSSHWO-GbkIWH6fkGMLw4bqvL_NH6e2wMveX7G-rP2dAqsDSq1mJMOaY&#038;_nc_zt=24&#038;_nc_ht=scontent-gig4-1.xx&#038;_nc_gid=AoBFJeGrT1hVaew_6rchkQ&#038;oh=00_AfX7QmFGhQhG2jAllVgXCiM1ZrWgvtp80-Bfppyexh1QEg&#038;oe=689E923C","article:published_time":"2017-12-20T22:34:49+00:00","article:modified_time":"2017-12-20T22:39:04+00:00","twitter:card":"summary_large_image","twitter:title":"Elias Muratori lan\u00e7a seu 4\u00ba livro - A Not\u00edcia Online","twitter:description":"O escritor Elias Muratori, membro e diretor de rela\u00e7\u00f5es p\u00fablicas da Academia Muriaeense de Letras (AMLE), lan\u00e7ou, no s\u00e1bado (16), seu 4\u00ba livro chamado \u201cO Menino Passarinho\u201d. O lan\u00e7amento aconteceu na sede da Academia, situada na Vila Eud\u00f3xia Can\u00eado, no Centro da cidade. O projeto teve o incentivo da Lei Municipal de incentivo \u00e0 cultura,","twitter:image":"https:\/\/scontent-gig4-1.xx.fbcdn.net\/v\/t39.30808-1\/270437624_4564083193639691_6907940295614233970_n.jpg?stp=dst-jpg_s200x200_tt6&_nc_cat=111&ccb=1-7&_nc_sid=f907e8&_nc_ohc=SM1wRlP3lJwQ7kNvwEPuBYA&_nc_oc=AdnqrjDN_BNjSSHWO-GbkIWH6fkGMLw4bqvL_NH6e2wMveX7G-rP2dAqsDSq1mJMOaY&_nc_zt=24&_nc_ht=scontent-gig4-1.xx&_nc_gid=AoBFJeGrT1hVaew_6rchkQ&oh=00_AfX7QmFGhQhG2jAllVgXCiM1ZrWgvtp80-Bfppyexh1QEg&oe=689E923C"},"aioseo_meta_data":{"post_id":"48464","title":null,"description":null,"keywords":null,"keyphrases":null,"primary_term":null,"canonical_url":null,"og_title":null,"og_description":null,"og_object_type":"default","og_image_type":"default","og_image_url":null,"og_image_width":null,"og_image_height":null,"og_image_custom_url":null,"og_image_custom_fields":null,"og_video":null,"og_custom_url":null,"og_article_section":null,"og_article_tags":null,"twitter_use_og":false,"twitter_card":"default","twitter_image_type":"default","twitter_image_url":null,"twitter_image_custom_url":null,"twitter_image_custom_fields":null,"twitter_title":null,"twitter_description":null,"schema":{"blockGraphs":[],"customGraphs":[],"default":{"data":{"Article":[],"Course":[],"Dataset":[],"FAQPage":[],"Movie":[],"Person":[],"Product":[],"ProductReview":[],"Car":[],"Recipe":[],"Service":[],"SoftwareApplication":[],"WebPage":[]},"graphName":"","isEnabled":true},"graphs":[]},"schema_type":"default","schema_type_options":null,"pillar_content":false,"robots_default":true,"robots_noindex":false,"robots_noarchive":false,"robots_nosnippet":false,"robots_nofollow":false,"robots_noimageindex":false,"robots_noodp":false,"robots_notranslate":false,"robots_max_snippet":null,"robots_max_videopreview":null,"robots_max_imagepreview":"large","priority":null,"frequency":null,"local_seo":null,"breadcrumb_settings":null,"limit_modified_date":false,"ai":null,"created":"2025-08-16 20:06:19","updated":"2025-08-16 20:06:19","focus_keyword":null,"additional_keywords":null,"truseo_locale":null,"seo_analyzer_scan_date":null},"aioseo_breadcrumb":"<div class=\"aioseo-breadcrumbs\"><span class=\"aioseo-breadcrumb\">\n\t\t\t<a href=\"https:\/\/anoticiaonline.com.br\/site\" title=\"Home\">Home<\/a>\n\t\t<\/span><span class=\"aioseo-breadcrumb-separator\">&raquo;<\/span><span class=\"aioseo-breadcrumb\">\n\t\t\t<a href=\"https:\/\/anoticiaonline.com.br\/site\/categoria\/muriae\/\" title=\"Blog\">Blog<\/a>\n\t\t<\/span><span class=\"aioseo-breadcrumb-separator\">&raquo;<\/span><span class=\"aioseo-breadcrumb\">\n\t\t\t<a href=\"https:\/\/anoticiaonline.com.br\/site\/categoria\/muriae\/cultura\/\" title=\"Cultura\">Cultura<\/a>\n\t\t<\/span><span class=\"aioseo-breadcrumb-separator\">&raquo;<\/span><span class=\"aioseo-breadcrumb\">\n\t\t\tElias Muratori lan\u00e7a seu 4\u00ba livro\n\t\t<\/span><\/div>","aioseo_breadcrumb_json":[{"label":"Home","link":"https:\/\/anoticiaonline.com.br\/site"},{"label":"Blog","link":"https:\/\/anoticiaonline.com.br\/site\/categoria\/muriae\/"},{"label":"Cultura","link":"https:\/\/anoticiaonline.com.br\/site\/categoria\/muriae\/cultura\/"},{"label":"Elias Muratori lan\u00e7a seu 4\u00ba livro","link":"https:\/\/anoticiaonline.com.br\/site\/elias-muratori-lanca-seu-4o-livro\/"}],"views":143,"_links":{"self":[{"href":"https:\/\/anoticiaonline.com.br\/site\/wp-json\/wp\/v2\/posts\/48464","targetHints":{"allow":["GET"]}}],"collection":[{"href":"https:\/\/anoticiaonline.com.br\/site\/wp-json\/wp\/v2\/posts"}],"about":[{"href":"https:\/\/anoticiaonline.com.br\/site\/wp-json\/wp\/v2\/types\/post"}],"author":[{"embeddable":true,"href":"https:\/\/anoticiaonline.com.br\/site\/wp-json\/wp\/v2\/users\/2"}],"replies":[{"embeddable":true,"href":"https:\/\/anoticiaonline.com.br\/site\/wp-json\/wp\/v2\/comments?post=48464"}],"version-history":[{"count":0,"href":"https:\/\/anoticiaonline.com.br\/site\/wp-json\/wp\/v2\/posts\/48464\/revisions"}],"wp:featuredmedia":[{"embeddable":true,"href":"https:\/\/anoticiaonline.com.br\/site\/wp-json\/wp\/v2\/media\/48499"}],"wp:attachment":[{"href":"https:\/\/anoticiaonline.com.br\/site\/wp-json\/wp\/v2\/media?parent=48464"}],"wp:term":[{"taxonomy":"category","embeddable":true,"href":"https:\/\/anoticiaonline.com.br\/site\/wp-json\/wp\/v2\/categories?post=48464"},{"taxonomy":"post_tag","embeddable":true,"href":"https:\/\/anoticiaonline.com.br\/site\/wp-json\/wp\/v2\/tags?post=48464"}],"curies":[{"name":"wp","href":"https:\/\/api.w.org\/{rel}","templated":true}]}}