{"id":4832,"date":"2015-10-15T15:19:44","date_gmt":"2015-10-15T18:19:44","guid":{"rendered":"http:\/\/anoticiaonline.com.br\/site\/?p=4832"},"modified":"2015-10-15T16:41:38","modified_gmt":"2015-10-15T19:41:38","slug":"reducao-dos-niveis-de-agua-da-represa-em-sao-francisco-do-gloria-e-motivo-de-preocupacao-2","status":"publish","type":"post","link":"https:\/\/anoticiaonline.com.br\/site\/reducao-dos-niveis-de-agua-da-represa-em-sao-francisco-do-gloria-e-motivo-de-preocupacao-2\/","title":{"rendered":"Redu\u00e7\u00e3o dos n\u00edveis de \u00e1gua da represa em S\u00e3o Francisco do Gl\u00f3ria \u00e9 motivo de preocupa\u00e7\u00e3o"},"content":{"rendered":"<p><a href=\"https:\/\/anoticiaonline.com.br\/site\/wp-content\/uploads\/2015\/10\/IMG_1126.jpg\"><img fetchpriority=\"high\" decoding=\"async\" class=\" size-medium wp-image-4860 alignleft\" src=\"https:\/\/anoticiaonline.com.br\/site\/wp-content\/uploads\/2015\/10\/IMG_1126-300x225.jpg\" alt=\"IMG_1126\" width=\"300\" height=\"225\" srcset=\"https:\/\/anoticiaonline.com.br\/site\/wp-content\/uploads\/2015\/10\/IMG_1126-300x225.jpg 300w, https:\/\/anoticiaonline.com.br\/site\/wp-content\/uploads\/2015\/10\/IMG_1126.jpg 640w\" sizes=\"(max-width: 300px) 100vw, 300px\" \/><\/a>Mais uma vez, a redu\u00e7\u00e3o dos n\u00edveis de \u00e1gua da represa de S\u00e3o Francisco do Gl\u00f3ria \u00e9 motivo de aten\u00e7\u00e3o e preocupa\u00e7\u00e3o. Segundo a Prefeitura, esta \u00e9 a terceira vez que se registram n\u00edveis t\u00e3o baixos no reservat\u00f3rio respons\u00e1vel pelo abastecimento de \u00e1gua da cidade. A escassez de chuvas \u00e9 a principal respons\u00e1vel pelo baixo \u00edndice.<\/p>\n<p>A Prefeitura de S\u00e3o Francisco divulgou novas fotos e comunica aos franciscanos que a \u00e1gua que tem n\u00e3o est\u00e1 conseguindo suprir a demanda, por isso a distribui\u00e7\u00e3o est\u00e1 sendo realizada em poucas horas do dia, para que mesmo com pouco volume, os moradores n\u00e3o fiquem totalmente sem \u00e1gua. \u201cEssa medida foi adotada depois de serem constatados grandes desperd\u00edcios por parte de moradores, que mesmo sabendo do problema continuam enchendo piscinas, deixado mangueiras abertas e desperdi\u00e7ando\u201d, afirma o Executivo municipal.<\/p>\n<p>Ainda de acordo com a Prefeitura, as pessoas que usarem a \u00e1gua inadequadamente ser\u00e3o advertidas com ocorr\u00eancia e notifica\u00e7\u00e3o, de acordo com a Lei\u00a0 n\u00ba 1.157\/2015, que institui at\u00e9 aplica\u00e7\u00e3o de multa.<\/p>\n<p>Assim, a administra\u00e7\u00e3o recomenda que a popula\u00e7\u00e3o economize ao m\u00e1ximo, tomando banhos r\u00e1pidos, lavando cal\u00e7adas com baldes ao inv\u00e9s de utilizar a mangueira, e n\u00e3o deixar a torneiras abertas por muito tempo. \u201cCom isso, ajudamos a preservar e economizar o que ainda nos resta enquanto a chuva n\u00e3o vem\u201d, finaliza.<\/p>\n","protected":false},"excerpt":{"rendered":"<p>Mais uma vez, a redu\u00e7\u00e3o dos n\u00edveis de \u00e1gua da represa de S\u00e3o Francisco do Gl\u00f3ria \u00e9 motivo de aten\u00e7\u00e3o e preocupa\u00e7\u00e3o. Segundo a Prefeitura, esta \u00e9 a terceira vez que se registram n\u00edveis t\u00e3o baixos no reservat\u00f3rio respons\u00e1vel pelo abastecimento de \u00e1gua da cidade. A escassez de chuvas \u00e9 a principal respons\u00e1vel pelo baixo &#8230; <a title=\"Redu\u00e7\u00e3o dos n\u00edveis de \u00e1gua da represa em S\u00e3o Francisco do Gl\u00f3ria \u00e9 motivo de preocupa\u00e7\u00e3o\" class=\"read-more\" href=\"https:\/\/anoticiaonline.com.br\/site\/reducao-dos-niveis-de-agua-da-represa-em-sao-francisco-do-gloria-e-motivo-de-preocupacao-2\/\" aria-label=\"Read more about Redu\u00e7\u00e3o dos n\u00edveis de \u00e1gua da represa em S\u00e3o Francisco do Gl\u00f3ria \u00e9 motivo de preocupa\u00e7\u00e3o\">Ler mais<\/a><\/p>\n","protected":false},"author":2,"featured_media":4860,"comment_status":"open","ping_status":"open","sticky":false,"template":"","format":"standard","meta":{"_acf_changed":false,"_monsterinsights_skip_tracking":false,"footnotes":""},"categories":[6],"tags":[3],"class_list":["post-4832","post","type-post","status-publish","format-standard","has-post-thumbnail","hentry","category-regiao","tag-slide"],"acf":[],"aioseo_notices":[],"aioseo_head":"\n\t\t<!-- All in One SEO 5.0.0.1 - aioseo.com -->\n\t<meta name=\"description\" content=\"Mais uma vez, a redu\u00e7\u00e3o dos n\u00edveis de \u00e1gua da represa de S\u00e3o Francisco do Gl\u00f3ria \u00e9 motivo de aten\u00e7\u00e3o e preocupa\u00e7\u00e3o. Segundo a Prefeitura, esta \u00e9 a terceira vez que se registram n\u00edveis t\u00e3o baixos no reservat\u00f3rio respons\u00e1vel pelo abastecimento de \u00e1gua da cidade. A escassez de chuvas \u00e9 a principal respons\u00e1vel pelo baixo\" \/>\n\t<meta name=\"robots\" content=\"max-image-preview:large\" \/>\n\t<meta name=\"author\" content=\"Juliana Laviola\"\/>\n\t<link rel=\"canonical\" href=\"https:\/\/anoticiaonline.com.br\/site\/reducao-dos-niveis-de-agua-da-represa-em-sao-francisco-do-gloria-e-motivo-de-preocupacao-2\/\" \/>\n\t<meta name=\"generator\" content=\"All in One SEO (AIOSEO) 5.0.0.1\" \/>\n\t\t<meta property=\"og:locale\" content=\"pt_BR\" \/>\n\t\t<meta property=\"og:site_name\" content=\"A Not\u00edcia Online - Noticias de Muria\u00e9 e regi\u00e3o\" \/>\n\t\t<meta property=\"og:type\" content=\"article\" \/>\n\t\t<meta property=\"og:title\" content=\"Redu\u00e7\u00e3o dos n\u00edveis de \u00e1gua da represa em S\u00e3o Francisco do Gl\u00f3ria \u00e9 motivo de preocupa\u00e7\u00e3o - A Not\u00edcia Online\" \/>\n\t\t<meta property=\"og:description\" content=\"Mais uma vez, a redu\u00e7\u00e3o dos n\u00edveis de \u00e1gua da represa de S\u00e3o Francisco do Gl\u00f3ria \u00e9 motivo de aten\u00e7\u00e3o e preocupa\u00e7\u00e3o. Segundo a Prefeitura, esta \u00e9 a terceira vez que se registram n\u00edveis t\u00e3o baixos no reservat\u00f3rio respons\u00e1vel pelo abastecimento de \u00e1gua da cidade. A escassez de chuvas \u00e9 a principal respons\u00e1vel pelo baixo\" \/>\n\t\t<meta property=\"og:url\" content=\"https:\/\/anoticiaonline.com.br\/site\/reducao-dos-niveis-de-agua-da-represa-em-sao-francisco-do-gloria-e-motivo-de-preocupacao-2\/\" \/>\n\t\t<meta property=\"og:image\" content=\"https:\/\/scontent-gig4-1.xx.fbcdn.net\/v\/t39.30808-1\/270437624_4564083193639691_6907940295614233970_n.jpg?stp=dst-jpg_s200x200_tt6&#038;_nc_cat=111&#038;ccb=1-7&#038;_nc_sid=f907e8&#038;_nc_ohc=SM1wRlP3lJwQ7kNvwEPuBYA&#038;_nc_oc=AdnqrjDN_BNjSSHWO-GbkIWH6fkGMLw4bqvL_NH6e2wMveX7G-rP2dAqsDSq1mJMOaY&#038;_nc_zt=24&#038;_nc_ht=scontent-gig4-1.xx&#038;_nc_gid=AoBFJeGrT1hVaew_6rchkQ&#038;oh=00_AfX7QmFGhQhG2jAllVgXCiM1ZrWgvtp80-Bfppyexh1QEg&#038;oe=689E923C\" \/>\n\t\t<meta property=\"og:image:secure_url\" content=\"https:\/\/scontent-gig4-1.xx.fbcdn.net\/v\/t39.30808-1\/270437624_4564083193639691_6907940295614233970_n.jpg?stp=dst-jpg_s200x200_tt6&#038;_nc_cat=111&#038;ccb=1-7&#038;_nc_sid=f907e8&#038;_nc_ohc=SM1wRlP3lJwQ7kNvwEPuBYA&#038;_nc_oc=AdnqrjDN_BNjSSHWO-GbkIWH6fkGMLw4bqvL_NH6e2wMveX7G-rP2dAqsDSq1mJMOaY&#038;_nc_zt=24&#038;_nc_ht=scontent-gig4-1.xx&#038;_nc_gid=AoBFJeGrT1hVaew_6rchkQ&#038;oh=00_AfX7QmFGhQhG2jAllVgXCiM1ZrWgvtp80-Bfppyexh1QEg&#038;oe=689E923C\" \/>\n\t\t<meta property=\"article:published_time\" content=\"2015-10-15T18:19:44+00:00\" \/>\n\t\t<meta property=\"article:modified_time\" content=\"2015-10-15T19:41:38+00:00\" \/>\n\t\t<meta name=\"twitter:card\" content=\"summary_large_image\" \/>\n\t\t<meta name=\"twitter:title\" content=\"Redu\u00e7\u00e3o dos n\u00edveis de \u00e1gua da represa em S\u00e3o Francisco do Gl\u00f3ria \u00e9 motivo de preocupa\u00e7\u00e3o - A Not\u00edcia Online\" \/>\n\t\t<meta name=\"twitter:description\" content=\"Mais uma vez, a redu\u00e7\u00e3o dos n\u00edveis de \u00e1gua da represa de S\u00e3o Francisco do Gl\u00f3ria \u00e9 motivo de aten\u00e7\u00e3o e preocupa\u00e7\u00e3o. Segundo a Prefeitura, esta \u00e9 a terceira vez que se registram n\u00edveis t\u00e3o baixos no reservat\u00f3rio respons\u00e1vel pelo abastecimento de \u00e1gua da cidade. A escassez de chuvas \u00e9 a principal respons\u00e1vel pelo baixo\" \/>\n\t\t<meta name=\"twitter:image\" content=\"https:\/\/scontent-gig4-1.xx.fbcdn.net\/v\/t39.30808-1\/270437624_4564083193639691_6907940295614233970_n.jpg?stp=dst-jpg_s200x200_tt6&amp;_nc_cat=111&amp;ccb=1-7&amp;_nc_sid=f907e8&amp;_nc_ohc=SM1wRlP3lJwQ7kNvwEPuBYA&amp;_nc_oc=AdnqrjDN_BNjSSHWO-GbkIWH6fkGMLw4bqvL_NH6e2wMveX7G-rP2dAqsDSq1mJMOaY&amp;_nc_zt=24&amp;_nc_ht=scontent-gig4-1.xx&amp;_nc_gid=AoBFJeGrT1hVaew_6rchkQ&amp;oh=00_AfX7QmFGhQhG2jAllVgXCiM1ZrWgvtp80-Bfppyexh1QEg&amp;oe=689E923C\" \/>\n\t\t<script type=\"application\/ld+json\" class=\"aioseo-schema\">\n\t\t\t{\"@context\":\"https:\\\/\\\/schema.org\",\"@graph\":[{\"@type\":\"BlogPosting\",\"@id\":\"https:\\\/\\\/anoticiaonline.com.br\\\/site\\\/reducao-dos-niveis-de-agua-da-represa-em-sao-francisco-do-gloria-e-motivo-de-preocupacao-2\\\/#blogposting\",\"name\":\"Redu\\u00e7\\u00e3o dos n\\u00edveis de \\u00e1gua da represa em S\\u00e3o Francisco do Gl\\u00f3ria \\u00e9 motivo de preocupa\\u00e7\\u00e3o - A Not\\u00edcia Online\",\"headline\":\"Redu\\u00e7\\u00e3o dos n\\u00edveis de \\u00e1gua da represa em S\\u00e3o Francisco do Gl\\u00f3ria \\u00e9 motivo de preocupa\\u00e7\\u00e3o\",\"author\":{\"@id\":\"https:\\\/\\\/anoticiaonline.com.br\\\/site\\\/author\\\/juliana\\\/#author\"},\"publisher\":{\"@id\":\"https:\\\/\\\/anoticiaonline.com.br\\\/site\\\/#organization\"},\"image\":{\"@type\":\"ImageObject\",\"url\":\"https:\\\/\\\/anoticiaonline.com.br\\\/site\\\/wp-content\\\/uploads\\\/2015\\\/10\\\/IMG_1126.jpg\",\"width\":640,\"height\":480},\"datePublished\":\"2015-10-15T15:19:44-03:00\",\"dateModified\":\"2015-10-15T16:41:38-03:00\",\"inLanguage\":\"pt-BR\",\"mainEntityOfPage\":{\"@id\":\"https:\\\/\\\/anoticiaonline.com.br\\\/site\\\/reducao-dos-niveis-de-agua-da-represa-em-sao-francisco-do-gloria-e-motivo-de-preocupacao-2\\\/#webpage\"},\"isPartOf\":{\"@id\":\"https:\\\/\\\/anoticiaonline.com.br\\\/site\\\/reducao-dos-niveis-de-agua-da-represa-em-sao-francisco-do-gloria-e-motivo-de-preocupacao-2\\\/#webpage\"},\"articleSection\":\"Regi\\u00e3o, slide\"},{\"@type\":\"BreadcrumbList\",\"@id\":\"https:\\\/\\\/anoticiaonline.com.br\\\/site\\\/reducao-dos-niveis-de-agua-da-represa-em-sao-francisco-do-gloria-e-motivo-de-preocupacao-2\\\/#breadcrumblist\",\"itemListElement\":[{\"@type\":\"ListItem\",\"@id\":\"https:\\\/\\\/anoticiaonline.com.br\\\/site#listItem\",\"position\":1,\"name\":\"Home\",\"item\":\"https:\\\/\\\/anoticiaonline.com.br\\\/site\",\"nextItem\":{\"@type\":\"ListItem\",\"@id\":\"https:\\\/\\\/anoticiaonline.com.br\\\/site\\\/categoria\\\/regiao\\\/#listItem\",\"name\":\"Regi\\u00e3o\"}},{\"@type\":\"ListItem\",\"@id\":\"https:\\\/\\\/anoticiaonline.com.br\\\/site\\\/categoria\\\/regiao\\\/#listItem\",\"position\":2,\"name\":\"Regi\\u00e3o\",\"item\":\"https:\\\/\\\/anoticiaonline.com.br\\\/site\\\/categoria\\\/regiao\\\/\",\"nextItem\":{\"@type\":\"ListItem\",\"@id\":\"https:\\\/\\\/anoticiaonline.com.br\\\/site\\\/reducao-dos-niveis-de-agua-da-represa-em-sao-francisco-do-gloria-e-motivo-de-preocupacao-2\\\/#listItem\",\"name\":\"Redu\\u00e7\\u00e3o dos n\\u00edveis de \\u00e1gua da represa em S\\u00e3o Francisco do Gl\\u00f3ria \\u00e9 motivo de preocupa\\u00e7\\u00e3o\"},\"previousItem\":{\"@type\":\"ListItem\",\"@id\":\"https:\\\/\\\/anoticiaonline.com.br\\\/site#listItem\",\"name\":\"Home\"}},{\"@type\":\"ListItem\",\"@id\":\"https:\\\/\\\/anoticiaonline.com.br\\\/site\\\/reducao-dos-niveis-de-agua-da-represa-em-sao-francisco-do-gloria-e-motivo-de-preocupacao-2\\\/#listItem\",\"position\":3,\"name\":\"Redu\\u00e7\\u00e3o dos n\\u00edveis de \\u00e1gua da represa em S\\u00e3o Francisco do Gl\\u00f3ria \\u00e9 motivo de preocupa\\u00e7\\u00e3o\",\"previousItem\":{\"@type\":\"ListItem\",\"@id\":\"https:\\\/\\\/anoticiaonline.com.br\\\/site\\\/categoria\\\/regiao\\\/#listItem\",\"name\":\"Regi\\u00e3o\"}}]},{\"@type\":\"Organization\",\"@id\":\"https:\\\/\\\/anoticiaonline.com.br\\\/site\\\/#organization\",\"name\":\"A Not\\u00edcia Online\",\"description\":\"Noticias de Muria\\u00e9 e regi\\u00e3o\",\"url\":\"https:\\\/\\\/anoticiaonline.com.br\\\/site\\\/\",\"logo\":{\"@type\":\"ImageObject\",\"url\":\"https:\\\/\\\/scontent-gig4-1.xx.fbcdn.net\\\/v\\\/t39.30808-1\\\/270437624_4564083193639691_6907940295614233970_n.jpg?stp=dst-jpg_s200x200_tt6&_nc_cat=111&ccb=1-7&_nc_sid=f907e8&_nc_ohc=SM1wRlP3lJwQ7kNvwEPuBYA&_nc_oc=AdnqrjDN_BNjSSHWO-GbkIWH6fkGMLw4bqvL_NH6e2wMveX7G-rP2dAqsDSq1mJMOaY&_nc_zt=24&_nc_ht=scontent-gig4-1.xx&_nc_gid=AoBFJeGrT1hVaew_6rchkQ&oh=00_AfX7QmFGhQhG2jAllVgXCiM1ZrWgvtp80-Bfppyexh1QEg&oe=689E923C\",\"@id\":\"https:\\\/\\\/anoticiaonline.com.br\\\/site\\\/reducao-dos-niveis-de-agua-da-represa-em-sao-francisco-do-gloria-e-motivo-de-preocupacao-2\\\/#organizationLogo\"},\"image\":{\"@id\":\"https:\\\/\\\/anoticiaonline.com.br\\\/site\\\/reducao-dos-niveis-de-agua-da-represa-em-sao-francisco-do-gloria-e-motivo-de-preocupacao-2\\\/#organizationLogo\"}},{\"@type\":\"Person\",\"@id\":\"https:\\\/\\\/anoticiaonline.com.br\\\/site\\\/author\\\/juliana\\\/#author\",\"url\":\"https:\\\/\\\/anoticiaonline.com.br\\\/site\\\/author\\\/juliana\\\/\",\"name\":\"Juliana Laviola\",\"image\":{\"@type\":\"ImageObject\",\"@id\":\"https:\\\/\\\/anoticiaonline.com.br\\\/site\\\/reducao-dos-niveis-de-agua-da-represa-em-sao-francisco-do-gloria-e-motivo-de-preocupacao-2\\\/#authorImage\",\"url\":\"https:\\\/\\\/secure.gravatar.com\\\/avatar\\\/b8d45f5c699b100dfaf0e543582f38f38bf94cb7ae3a5e9abf8d891a34773335?s=96&d=mm&r=g\",\"width\":96,\"height\":96,\"caption\":\"Juliana Laviola\"}},{\"@type\":\"WebPage\",\"@id\":\"https:\\\/\\\/anoticiaonline.com.br\\\/site\\\/reducao-dos-niveis-de-agua-da-represa-em-sao-francisco-do-gloria-e-motivo-de-preocupacao-2\\\/#webpage\",\"url\":\"https:\\\/\\\/anoticiaonline.com.br\\\/site\\\/reducao-dos-niveis-de-agua-da-represa-em-sao-francisco-do-gloria-e-motivo-de-preocupacao-2\\\/\",\"name\":\"Redu\\u00e7\\u00e3o dos n\\u00edveis de \\u00e1gua da represa em S\\u00e3o Francisco do Gl\\u00f3ria \\u00e9 motivo de preocupa\\u00e7\\u00e3o - A Not\\u00edcia Online\",\"description\":\"Mais uma vez, a redu\\u00e7\\u00e3o dos n\\u00edveis de \\u00e1gua da represa de S\\u00e3o Francisco do Gl\\u00f3ria \\u00e9 motivo de aten\\u00e7\\u00e3o e preocupa\\u00e7\\u00e3o. Segundo a Prefeitura, esta \\u00e9 a terceira vez que se registram n\\u00edveis t\\u00e3o baixos no reservat\\u00f3rio respons\\u00e1vel pelo abastecimento de \\u00e1gua da cidade. A escassez de chuvas \\u00e9 a principal respons\\u00e1vel pelo baixo\",\"inLanguage\":\"pt-BR\",\"isPartOf\":{\"@id\":\"https:\\\/\\\/anoticiaonline.com.br\\\/site\\\/#website\"},\"breadcrumb\":{\"@id\":\"https:\\\/\\\/anoticiaonline.com.br\\\/site\\\/reducao-dos-niveis-de-agua-da-represa-em-sao-francisco-do-gloria-e-motivo-de-preocupacao-2\\\/#breadcrumblist\"},\"author\":{\"@id\":\"https:\\\/\\\/anoticiaonline.com.br\\\/site\\\/author\\\/juliana\\\/#author\"},\"creator\":{\"@id\":\"https:\\\/\\\/anoticiaonline.com.br\\\/site\\\/author\\\/juliana\\\/#author\"},\"image\":{\"@type\":\"ImageObject\",\"url\":\"https:\\\/\\\/anoticiaonline.com.br\\\/site\\\/wp-content\\\/uploads\\\/2015\\\/10\\\/IMG_1126.jpg\",\"@id\":\"https:\\\/\\\/anoticiaonline.com.br\\\/site\\\/reducao-dos-niveis-de-agua-da-represa-em-sao-francisco-do-gloria-e-motivo-de-preocupacao-2\\\/#mainImage\",\"width\":640,\"height\":480},\"primaryImageOfPage\":{\"@id\":\"https:\\\/\\\/anoticiaonline.com.br\\\/site\\\/reducao-dos-niveis-de-agua-da-represa-em-sao-francisco-do-gloria-e-motivo-de-preocupacao-2\\\/#mainImage\"},\"datePublished\":\"2015-10-15T15:19:44-03:00\",\"dateModified\":\"2015-10-15T16:41:38-03:00\"},{\"@type\":\"WebSite\",\"@id\":\"https:\\\/\\\/anoticiaonline.com.br\\\/site\\\/#website\",\"url\":\"https:\\\/\\\/anoticiaonline.com.br\\\/site\\\/\",\"name\":\"A Not\\u00edcia Online\",\"description\":\"Noticias de Muria\\u00e9 e regi\\u00e3o\",\"inLanguage\":\"pt-BR\",\"publisher\":{\"@id\":\"https:\\\/\\\/anoticiaonline.com.br\\\/site\\\/#organization\"}}]}\n\t\t<\/script>\n\t\t<!-- All in One SEO -->\n\n","aioseo_head_json":{"title":"Redu\u00e7\u00e3o dos n\u00edveis de \u00e1gua da represa em S\u00e3o Francisco do Gl\u00f3ria \u00e9 motivo de preocupa\u00e7\u00e3o - A Not\u00edcia Online","description":"Mais uma vez, a redu\u00e7\u00e3o dos n\u00edveis de \u00e1gua da represa de S\u00e3o Francisco do Gl\u00f3ria \u00e9 motivo de aten\u00e7\u00e3o e preocupa\u00e7\u00e3o. Segundo a Prefeitura, esta \u00e9 a terceira vez que se registram n\u00edveis t\u00e3o baixos no reservat\u00f3rio respons\u00e1vel pelo abastecimento de \u00e1gua da cidade. A escassez de chuvas \u00e9 a principal respons\u00e1vel pelo baixo","canonical_url":"https:\/\/anoticiaonline.com.br\/site\/reducao-dos-niveis-de-agua-da-represa-em-sao-francisco-do-gloria-e-motivo-de-preocupacao-2\/","robots":"max-image-preview:large","keywords":"","webmasterTools":{"miscellaneous":""},"schema":{"@context":"https:\/\/schema.org","@graph":[{"@type":"BlogPosting","@id":"https:\/\/anoticiaonline.com.br\/site\/reducao-dos-niveis-de-agua-da-represa-em-sao-francisco-do-gloria-e-motivo-de-preocupacao-2\/#blogposting","name":"Redu\u00e7\u00e3o dos n\u00edveis de \u00e1gua da represa em S\u00e3o Francisco do Gl\u00f3ria \u00e9 motivo de preocupa\u00e7\u00e3o - A Not\u00edcia Online","headline":"Redu\u00e7\u00e3o dos n\u00edveis de \u00e1gua da represa em S\u00e3o Francisco do Gl\u00f3ria \u00e9 motivo de preocupa\u00e7\u00e3o","author":{"@id":"https:\/\/anoticiaonline.com.br\/site\/author\/juliana\/#author"},"publisher":{"@id":"https:\/\/anoticiaonline.com.br\/site\/#organization"},"image":{"@type":"ImageObject","url":"https:\/\/anoticiaonline.com.br\/site\/wp-content\/uploads\/2015\/10\/IMG_1126.jpg","width":640,"height":480},"datePublished":"2015-10-15T15:19:44-03:00","dateModified":"2015-10-15T16:41:38-03:00","inLanguage":"pt-BR","mainEntityOfPage":{"@id":"https:\/\/anoticiaonline.com.br\/site\/reducao-dos-niveis-de-agua-da-represa-em-sao-francisco-do-gloria-e-motivo-de-preocupacao-2\/#webpage"},"isPartOf":{"@id":"https:\/\/anoticiaonline.com.br\/site\/reducao-dos-niveis-de-agua-da-represa-em-sao-francisco-do-gloria-e-motivo-de-preocupacao-2\/#webpage"},"articleSection":"Regi\u00e3o, slide"},{"@type":"BreadcrumbList","@id":"https:\/\/anoticiaonline.com.br\/site\/reducao-dos-niveis-de-agua-da-represa-em-sao-francisco-do-gloria-e-motivo-de-preocupacao-2\/#breadcrumblist","itemListElement":[{"@type":"ListItem","@id":"https:\/\/anoticiaonline.com.br\/site#listItem","position":1,"name":"Home","item":"https:\/\/anoticiaonline.com.br\/site","nextItem":{"@type":"ListItem","@id":"https:\/\/anoticiaonline.com.br\/site\/categoria\/regiao\/#listItem","name":"Regi\u00e3o"}},{"@type":"ListItem","@id":"https:\/\/anoticiaonline.com.br\/site\/categoria\/regiao\/#listItem","position":2,"name":"Regi\u00e3o","item":"https:\/\/anoticiaonline.com.br\/site\/categoria\/regiao\/","nextItem":{"@type":"ListItem","@id":"https:\/\/anoticiaonline.com.br\/site\/reducao-dos-niveis-de-agua-da-represa-em-sao-francisco-do-gloria-e-motivo-de-preocupacao-2\/#listItem","name":"Redu\u00e7\u00e3o dos n\u00edveis de \u00e1gua da represa em S\u00e3o Francisco do Gl\u00f3ria \u00e9 motivo de preocupa\u00e7\u00e3o"},"previousItem":{"@type":"ListItem","@id":"https:\/\/anoticiaonline.com.br\/site#listItem","name":"Home"}},{"@type":"ListItem","@id":"https:\/\/anoticiaonline.com.br\/site\/reducao-dos-niveis-de-agua-da-represa-em-sao-francisco-do-gloria-e-motivo-de-preocupacao-2\/#listItem","position":3,"name":"Redu\u00e7\u00e3o dos n\u00edveis de \u00e1gua da represa em S\u00e3o Francisco do Gl\u00f3ria \u00e9 motivo de preocupa\u00e7\u00e3o","previousItem":{"@type":"ListItem","@id":"https:\/\/anoticiaonline.com.br\/site\/categoria\/regiao\/#listItem","name":"Regi\u00e3o"}}]},{"@type":"Organization","@id":"https:\/\/anoticiaonline.com.br\/site\/#organization","name":"A Not\u00edcia Online","description":"Noticias de Muria\u00e9 e regi\u00e3o","url":"https:\/\/anoticiaonline.com.br\/site\/","logo":{"@type":"ImageObject","url":"https:\/\/scontent-gig4-1.xx.fbcdn.net\/v\/t39.30808-1\/270437624_4564083193639691_6907940295614233970_n.jpg?stp=dst-jpg_s200x200_tt6&_nc_cat=111&ccb=1-7&_nc_sid=f907e8&_nc_ohc=SM1wRlP3lJwQ7kNvwEPuBYA&_nc_oc=AdnqrjDN_BNjSSHWO-GbkIWH6fkGMLw4bqvL_NH6e2wMveX7G-rP2dAqsDSq1mJMOaY&_nc_zt=24&_nc_ht=scontent-gig4-1.xx&_nc_gid=AoBFJeGrT1hVaew_6rchkQ&oh=00_AfX7QmFGhQhG2jAllVgXCiM1ZrWgvtp80-Bfppyexh1QEg&oe=689E923C","@id":"https:\/\/anoticiaonline.com.br\/site\/reducao-dos-niveis-de-agua-da-represa-em-sao-francisco-do-gloria-e-motivo-de-preocupacao-2\/#organizationLogo"},"image":{"@id":"https:\/\/anoticiaonline.com.br\/site\/reducao-dos-niveis-de-agua-da-represa-em-sao-francisco-do-gloria-e-motivo-de-preocupacao-2\/#organizationLogo"}},{"@type":"Person","@id":"https:\/\/anoticiaonline.com.br\/site\/author\/juliana\/#author","url":"https:\/\/anoticiaonline.com.br\/site\/author\/juliana\/","name":"Juliana Laviola","image":{"@type":"ImageObject","@id":"https:\/\/anoticiaonline.com.br\/site\/reducao-dos-niveis-de-agua-da-represa-em-sao-francisco-do-gloria-e-motivo-de-preocupacao-2\/#authorImage","url":"https:\/\/secure.gravatar.com\/avatar\/b8d45f5c699b100dfaf0e543582f38f38bf94cb7ae3a5e9abf8d891a34773335?s=96&d=mm&r=g","width":96,"height":96,"caption":"Juliana Laviola"}},{"@type":"WebPage","@id":"https:\/\/anoticiaonline.com.br\/site\/reducao-dos-niveis-de-agua-da-represa-em-sao-francisco-do-gloria-e-motivo-de-preocupacao-2\/#webpage","url":"https:\/\/anoticiaonline.com.br\/site\/reducao-dos-niveis-de-agua-da-represa-em-sao-francisco-do-gloria-e-motivo-de-preocupacao-2\/","name":"Redu\u00e7\u00e3o dos n\u00edveis de \u00e1gua da represa em S\u00e3o Francisco do Gl\u00f3ria \u00e9 motivo de preocupa\u00e7\u00e3o - A Not\u00edcia Online","description":"Mais uma vez, a redu\u00e7\u00e3o dos n\u00edveis de \u00e1gua da represa de S\u00e3o Francisco do Gl\u00f3ria \u00e9 motivo de aten\u00e7\u00e3o e preocupa\u00e7\u00e3o. Segundo a Prefeitura, esta \u00e9 a terceira vez que se registram n\u00edveis t\u00e3o baixos no reservat\u00f3rio respons\u00e1vel pelo abastecimento de \u00e1gua da cidade. A escassez de chuvas \u00e9 a principal respons\u00e1vel pelo baixo","inLanguage":"pt-BR","isPartOf":{"@id":"https:\/\/anoticiaonline.com.br\/site\/#website"},"breadcrumb":{"@id":"https:\/\/anoticiaonline.com.br\/site\/reducao-dos-niveis-de-agua-da-represa-em-sao-francisco-do-gloria-e-motivo-de-preocupacao-2\/#breadcrumblist"},"author":{"@id":"https:\/\/anoticiaonline.com.br\/site\/author\/juliana\/#author"},"creator":{"@id":"https:\/\/anoticiaonline.com.br\/site\/author\/juliana\/#author"},"image":{"@type":"ImageObject","url":"https:\/\/anoticiaonline.com.br\/site\/wp-content\/uploads\/2015\/10\/IMG_1126.jpg","@id":"https:\/\/anoticiaonline.com.br\/site\/reducao-dos-niveis-de-agua-da-represa-em-sao-francisco-do-gloria-e-motivo-de-preocupacao-2\/#mainImage","width":640,"height":480},"primaryImageOfPage":{"@id":"https:\/\/anoticiaonline.com.br\/site\/reducao-dos-niveis-de-agua-da-represa-em-sao-francisco-do-gloria-e-motivo-de-preocupacao-2\/#mainImage"},"datePublished":"2015-10-15T15:19:44-03:00","dateModified":"2015-10-15T16:41:38-03:00"},{"@type":"WebSite","@id":"https:\/\/anoticiaonline.com.br\/site\/#website","url":"https:\/\/anoticiaonline.com.br\/site\/","name":"A Not\u00edcia Online","description":"Noticias de Muria\u00e9 e regi\u00e3o","inLanguage":"pt-BR","publisher":{"@id":"https:\/\/anoticiaonline.com.br\/site\/#organization"}}]},"og:locale":"pt_BR","og:site_name":"A Not\u00edcia Online - Noticias de Muria\u00e9 e regi\u00e3o","og:type":"article","og:title":"Redu\u00e7\u00e3o dos n\u00edveis de \u00e1gua da represa em S\u00e3o Francisco do Gl\u00f3ria \u00e9 motivo de preocupa\u00e7\u00e3o - A Not\u00edcia Online","og:description":"Mais uma vez, a redu\u00e7\u00e3o dos n\u00edveis de \u00e1gua da represa de S\u00e3o Francisco do Gl\u00f3ria \u00e9 motivo de aten\u00e7\u00e3o e preocupa\u00e7\u00e3o. Segundo a Prefeitura, esta \u00e9 a terceira vez que se registram n\u00edveis t\u00e3o baixos no reservat\u00f3rio respons\u00e1vel pelo abastecimento de \u00e1gua da cidade. A escassez de chuvas \u00e9 a principal respons\u00e1vel pelo baixo","og:url":"https:\/\/anoticiaonline.com.br\/site\/reducao-dos-niveis-de-agua-da-represa-em-sao-francisco-do-gloria-e-motivo-de-preocupacao-2\/","og:image":"https:\/\/scontent-gig4-1.xx.fbcdn.net\/v\/t39.30808-1\/270437624_4564083193639691_6907940295614233970_n.jpg?stp=dst-jpg_s200x200_tt6&#038;_nc_cat=111&#038;ccb=1-7&#038;_nc_sid=f907e8&#038;_nc_ohc=SM1wRlP3lJwQ7kNvwEPuBYA&#038;_nc_oc=AdnqrjDN_BNjSSHWO-GbkIWH6fkGMLw4bqvL_NH6e2wMveX7G-rP2dAqsDSq1mJMOaY&#038;_nc_zt=24&#038;_nc_ht=scontent-gig4-1.xx&#038;_nc_gid=AoBFJeGrT1hVaew_6rchkQ&#038;oh=00_AfX7QmFGhQhG2jAllVgXCiM1ZrWgvtp80-Bfppyexh1QEg&#038;oe=689E923C","og:image:secure_url":"https:\/\/scontent-gig4-1.xx.fbcdn.net\/v\/t39.30808-1\/270437624_4564083193639691_6907940295614233970_n.jpg?stp=dst-jpg_s200x200_tt6&#038;_nc_cat=111&#038;ccb=1-7&#038;_nc_sid=f907e8&#038;_nc_ohc=SM1wRlP3lJwQ7kNvwEPuBYA&#038;_nc_oc=AdnqrjDN_BNjSSHWO-GbkIWH6fkGMLw4bqvL_NH6e2wMveX7G-rP2dAqsDSq1mJMOaY&#038;_nc_zt=24&#038;_nc_ht=scontent-gig4-1.xx&#038;_nc_gid=AoBFJeGrT1hVaew_6rchkQ&#038;oh=00_AfX7QmFGhQhG2jAllVgXCiM1ZrWgvtp80-Bfppyexh1QEg&#038;oe=689E923C","article:published_time":"2015-10-15T18:19:44+00:00","article:modified_time":"2015-10-15T19:41:38+00:00","twitter:card":"summary_large_image","twitter:title":"Redu\u00e7\u00e3o dos n\u00edveis de \u00e1gua da represa em S\u00e3o Francisco do Gl\u00f3ria \u00e9 motivo de preocupa\u00e7\u00e3o - A Not\u00edcia Online","twitter:description":"Mais uma vez, a redu\u00e7\u00e3o dos n\u00edveis de \u00e1gua da represa de S\u00e3o Francisco do Gl\u00f3ria \u00e9 motivo de aten\u00e7\u00e3o e preocupa\u00e7\u00e3o. Segundo a Prefeitura, esta \u00e9 a terceira vez que se registram n\u00edveis t\u00e3o baixos no reservat\u00f3rio respons\u00e1vel pelo abastecimento de \u00e1gua da cidade. A escassez de chuvas \u00e9 a principal respons\u00e1vel pelo baixo","twitter:image":"https:\/\/scontent-gig4-1.xx.fbcdn.net\/v\/t39.30808-1\/270437624_4564083193639691_6907940295614233970_n.jpg?stp=dst-jpg_s200x200_tt6&_nc_cat=111&ccb=1-7&_nc_sid=f907e8&_nc_ohc=SM1wRlP3lJwQ7kNvwEPuBYA&_nc_oc=AdnqrjDN_BNjSSHWO-GbkIWH6fkGMLw4bqvL_NH6e2wMveX7G-rP2dAqsDSq1mJMOaY&_nc_zt=24&_nc_ht=scontent-gig4-1.xx&_nc_gid=AoBFJeGrT1hVaew_6rchkQ&oh=00_AfX7QmFGhQhG2jAllVgXCiM1ZrWgvtp80-Bfppyexh1QEg&oe=689E923C"},"aioseo_meta_data":{"post_id":"4832","title":null,"description":null,"keywords":null,"keyphrases":null,"primary_term":null,"canonical_url":null,"og_title":null,"og_description":null,"og_object_type":"default","og_image_type":"default","og_image_url":null,"og_image_width":null,"og_image_height":null,"og_image_custom_url":null,"og_image_custom_fields":null,"og_video":null,"og_custom_url":null,"og_article_section":null,"og_article_tags":null,"twitter_use_og":false,"twitter_card":"default","twitter_image_type":"default","twitter_image_url":null,"twitter_image_custom_url":null,"twitter_image_custom_fields":null,"twitter_title":null,"twitter_description":null,"schema":{"blockGraphs":[],"customGraphs":[],"default":{"data":{"Article":[],"Course":[],"Dataset":[],"FAQPage":[],"Movie":[],"Person":[],"Product":[],"ProductReview":[],"Car":[],"Recipe":[],"Service":[],"SoftwareApplication":[],"WebPage":[]},"graphName":"","isEnabled":true},"graphs":[]},"schema_type":"default","schema_type_options":null,"pillar_content":false,"robots_default":true,"robots_noindex":false,"robots_noarchive":false,"robots_nosnippet":false,"robots_nofollow":false,"robots_noimageindex":false,"robots_noodp":false,"robots_notranslate":false,"robots_max_snippet":null,"robots_max_videopreview":null,"robots_max_imagepreview":"large","priority":null,"frequency":null,"local_seo":null,"breadcrumb_settings":null,"limit_modified_date":false,"ai":null,"created":"2025-08-16 13:34:15","updated":"2025-08-16 13:34:15","focus_keyword":null,"additional_keywords":null,"truseo_locale":null,"seo_analyzer_scan_date":null},"aioseo_breadcrumb":"<div class=\"aioseo-breadcrumbs\"><span class=\"aioseo-breadcrumb\">\n\t\t\t<a href=\"https:\/\/anoticiaonline.com.br\/site\" title=\"Home\">Home<\/a>\n\t\t<\/span><span class=\"aioseo-breadcrumb-separator\">&raquo;<\/span><span class=\"aioseo-breadcrumb\">\n\t\t\t<a href=\"https:\/\/anoticiaonline.com.br\/site\/categoria\/regiao\/\" title=\"Regi\u00e3o\">Regi\u00e3o<\/a>\n\t\t<\/span><span class=\"aioseo-breadcrumb-separator\">&raquo;<\/span><span class=\"aioseo-breadcrumb\">\n\t\t\tRedu\u00e7\u00e3o dos n\u00edveis de \u00e1gua da represa em S\u00e3o Francisco do Gl\u00f3ria \u00e9 motivo de preocupa\u00e7\u00e3o\n\t\t<\/span><\/div>","aioseo_breadcrumb_json":[{"label":"Home","link":"https:\/\/anoticiaonline.com.br\/site"},{"label":"Regi\u00e3o","link":"https:\/\/anoticiaonline.com.br\/site\/categoria\/regiao\/"},{"label":"Redu\u00e7\u00e3o dos n\u00edveis de \u00e1gua da represa em S\u00e3o Francisco do Gl\u00f3ria \u00e9 motivo de preocupa\u00e7\u00e3o","link":"https:\/\/anoticiaonline.com.br\/site\/reducao-dos-niveis-de-agua-da-represa-em-sao-francisco-do-gloria-e-motivo-de-preocupacao-2\/"}],"views":155,"_links":{"self":[{"href":"https:\/\/anoticiaonline.com.br\/site\/wp-json\/wp\/v2\/posts\/4832","targetHints":{"allow":["GET"]}}],"collection":[{"href":"https:\/\/anoticiaonline.com.br\/site\/wp-json\/wp\/v2\/posts"}],"about":[{"href":"https:\/\/anoticiaonline.com.br\/site\/wp-json\/wp\/v2\/types\/post"}],"author":[{"embeddable":true,"href":"https:\/\/anoticiaonline.com.br\/site\/wp-json\/wp\/v2\/users\/2"}],"replies":[{"embeddable":true,"href":"https:\/\/anoticiaonline.com.br\/site\/wp-json\/wp\/v2\/comments?post=4832"}],"version-history":[{"count":0,"href":"https:\/\/anoticiaonline.com.br\/site\/wp-json\/wp\/v2\/posts\/4832\/revisions"}],"wp:featuredmedia":[{"embeddable":true,"href":"https:\/\/anoticiaonline.com.br\/site\/wp-json\/wp\/v2\/media\/4860"}],"wp:attachment":[{"href":"https:\/\/anoticiaonline.com.br\/site\/wp-json\/wp\/v2\/media?parent=4832"}],"wp:term":[{"taxonomy":"category","embeddable":true,"href":"https:\/\/anoticiaonline.com.br\/site\/wp-json\/wp\/v2\/categories?post=4832"},{"taxonomy":"post_tag","embeddable":true,"href":"https:\/\/anoticiaonline.com.br\/site\/wp-json\/wp\/v2\/tags?post=4832"}],"curies":[{"name":"wp","href":"https:\/\/api.w.org\/{rel}","templated":true}]}}