{"id":48132,"date":"2017-12-20T18:24:28","date_gmt":"2017-12-20T21:24:28","guid":{"rendered":"http:\/\/anoticiaonline.com.br\/site\/?p=48132"},"modified":"2017-12-20T18:31:57","modified_gmt":"2017-12-20T21:31:57","slug":"grego-e-o-novo-presidente-do-cisleste","status":"publish","type":"post","link":"https:\/\/anoticiaonline.com.br\/site\/grego-e-o-novo-presidente-do-cisleste\/","title":{"rendered":"Grego \u00e9 o novo presidente do Cisleste"},"content":{"rendered":"<p><a href=\"https:\/\/anoticiaonline.com.br\/site\/wp-content\/uploads\/2017\/12\/DSC_1026.jpg\"><img fetchpriority=\"high\" decoding=\"async\" class=\"aligncenter size-full wp-image-48218\" src=\"https:\/\/anoticiaonline.com.br\/site\/wp-content\/uploads\/2017\/12\/DSC_1026.jpg\" alt=\"\" width=\"640\" height=\"426\" srcset=\"https:\/\/anoticiaonline.com.br\/site\/wp-content\/uploads\/2017\/12\/DSC_1026.jpg 640w, https:\/\/anoticiaonline.com.br\/site\/wp-content\/uploads\/2017\/12\/DSC_1026-300x200.jpg 300w\" sizes=\"(max-width: 640px) 100vw, 640px\" \/><\/a> <a href=\"https:\/\/anoticiaonline.com.br\/site\/wp-content\/uploads\/2017\/12\/DSC_1059.jpg\"><img decoding=\"async\" class=\"aligncenter size-full wp-image-48219\" src=\"https:\/\/anoticiaonline.com.br\/site\/wp-content\/uploads\/2017\/12\/DSC_1059.jpg\" alt=\"\" width=\"640\" height=\"426\" srcset=\"https:\/\/anoticiaonline.com.br\/site\/wp-content\/uploads\/2017\/12\/DSC_1059.jpg 640w, https:\/\/anoticiaonline.com.br\/site\/wp-content\/uploads\/2017\/12\/DSC_1059-300x200.jpg 300w\" sizes=\"(max-width: 640px) 100vw, 640px\" \/><\/a> <a href=\"https:\/\/anoticiaonline.com.br\/site\/wp-content\/uploads\/2017\/12\/DSC_1065.jpg\"><img decoding=\"async\" class=\"aligncenter size-full wp-image-48220\" src=\"https:\/\/anoticiaonline.com.br\/site\/wp-content\/uploads\/2017\/12\/DSC_1065.jpg\" alt=\"\" width=\"640\" height=\"426\" srcset=\"https:\/\/anoticiaonline.com.br\/site\/wp-content\/uploads\/2017\/12\/DSC_1065.jpg 640w, https:\/\/anoticiaonline.com.br\/site\/wp-content\/uploads\/2017\/12\/DSC_1065-300x200.jpg 300w\" sizes=\"(max-width: 640px) 100vw, 640px\" \/><\/a> <a href=\"https:\/\/anoticiaonline.com.br\/site\/wp-content\/uploads\/2017\/12\/DSC_1093.jpg\"><img loading=\"lazy\" decoding=\"async\" class=\"aligncenter size-full wp-image-48221\" src=\"https:\/\/anoticiaonline.com.br\/site\/wp-content\/uploads\/2017\/12\/DSC_1093.jpg\" alt=\"\" width=\"640\" height=\"426\" srcset=\"https:\/\/anoticiaonline.com.br\/site\/wp-content\/uploads\/2017\/12\/DSC_1093.jpg 640w, https:\/\/anoticiaonline.com.br\/site\/wp-content\/uploads\/2017\/12\/DSC_1093-300x200.jpg 300w\" sizes=\"(max-width: 640px) 100vw, 640px\" \/><\/a> <a href=\"https:\/\/anoticiaonline.com.br\/site\/wp-content\/uploads\/2017\/12\/DSC_1099.jpg\"><img loading=\"lazy\" decoding=\"async\" class=\"aligncenter size-full wp-image-48222\" src=\"https:\/\/anoticiaonline.com.br\/site\/wp-content\/uploads\/2017\/12\/DSC_1099.jpg\" alt=\"\" width=\"640\" height=\"426\" srcset=\"https:\/\/anoticiaonline.com.br\/site\/wp-content\/uploads\/2017\/12\/DSC_1099.jpg 640w, https:\/\/anoticiaonline.com.br\/site\/wp-content\/uploads\/2017\/12\/DSC_1099-300x200.jpg 300w\" sizes=\"(max-width: 640px) 100vw, 640px\" \/><\/a>O prefeito de Muria\u00e9, Grego, foi eleito por aclama\u00e7\u00e3o para ser o novo presidente do Cons\u00f3rcio Intermunicipal de Sa\u00fade da Mata Leste (Cisleste), para o mandato de janeiro a dezembro de 2018. A elei\u00e7\u00e3o da nova presid\u00eancia e do Conselho T\u00e9cnico, que representa os secret\u00e1rios de sa\u00fade da regi\u00e3o, aconteceu na tarde de quinta-feira (14), na sede do Cons\u00f3rcio, Centro de Muria\u00e9. A vice-presid\u00eancia ser\u00e1 ocupada pelo prefeito de S\u00e3o Sebasti\u00e3o da Vargem Alegre, Claudiomir Viera.<\/p>\n<p>O Cisleste existe desde 1995 para atender os 15 munic\u00edpios filiados, com consultas especializadas e exames de m\u00e9dia complexidade, al\u00e9m de outros conv\u00eanios, com compras diretas de exames a pre\u00e7os mais acess\u00edveis. Nesse sentido, busca, juntamente com as prefeituras conveniadas, identificar os vazios assistenciais, as necessidades mais urgentes e tamb\u00e9m a resolutividade dos casos que lhes s\u00e3o propostos.<\/p>\n<p>\u201cEste \u00e9 um momento importante, pois os prefeitos colocam seus anseios \u00e0 uma nova diretoria . Tivemos uma elei\u00e7\u00e3o tranquila, ficou, por unanimidade, eleito o prefeito Grego, que vai ajudar muito o Cons\u00f3rcio, pela sua representatividade e prest\u00edgio na regi\u00e3o, e por Muria\u00e9 ser uma cidade polo. Tudo isso vai proporcionar o crescimento do Cisleste, a fim de oferecer melhores servi\u00e7os de sa\u00fade \u00e0 popula\u00e7\u00e3o\u201d, afirma o diretor executivo microrregional do Cons\u00f3rcio, Ren\u00ea Leite Magalh\u00e3es.<\/p>\n<p>O prefeito Grego afirma que o trabalho ser\u00e1 voltado para a busca de apoio e parcerias em prol da Sa\u00fade da regi\u00e3o. \u201cColoquei meu nome \u00e0 disposi\u00e7\u00e3o para somar com os munic\u00edpios. Vamos trabalhar em busca de mais apoio e parcerias, a fim de oferecer \u00e0 popula\u00e7\u00e3o servi\u00e7os de sa\u00fade mais acess\u00edveis e de qualidade\u201d, diz.<\/p>\n<p>O prefeito de S\u00e3o Sebasti\u00e3o da Vargem Alegre, Claudiomir Vieira, ent\u00e3o presidente do Cisleste, ocupar\u00e1 o cargo de vice a partir do m\u00eas de janeiro. \u201cSou um grande admirador do prefeito Grego e vamos trabalhar juntos para somar na pr\u00f3xima gest\u00e3o do Cisleste. Em minha gest\u00e3o buscamos alcan\u00e7ar parcerias e conseguimos realizar 36 mil atendimentos, al\u00e9m de conseguir repasses feitos por deputados para investir na estrutura e na garantia de novos servi\u00e7os para os pr\u00f3ximos anos\u201d, conta.<\/p>\n<p>&nbsp;<\/p>\n","protected":false},"excerpt":{"rendered":"<p>O prefeito de Muria\u00e9, Grego, foi eleito por aclama\u00e7\u00e3o para ser o novo presidente do Cons\u00f3rcio Intermunicipal de Sa\u00fade da Mata Leste (Cisleste), para o mandato de janeiro a dezembro de 2018. A elei\u00e7\u00e3o da nova presid\u00eancia e do Conselho T\u00e9cnico, que representa os secret\u00e1rios de sa\u00fade da regi\u00e3o, aconteceu na tarde de quinta-feira (14), &#8230; <a title=\"Grego \u00e9 o novo presidente do Cisleste\" class=\"read-more\" href=\"https:\/\/anoticiaonline.com.br\/site\/grego-e-o-novo-presidente-do-cisleste\/\" aria-label=\"Read more about Grego \u00e9 o novo presidente do Cisleste\">Ler mais<\/a><\/p>\n","protected":false},"author":2,"featured_media":48222,"comment_status":"open","ping_status":"open","sticky":false,"template":"","format":"standard","meta":{"_acf_changed":false,"_monsterinsights_skip_tracking":false,"footnotes":""},"categories":[6],"tags":[1771,1774,1772,1770,420,199,1775,1773,198,1768,246,505,1769,1429,51],"class_list":["post-48132","post","type-post","status-publish","format-standard","has-post-thumbnail","hentry","category-regiao","tag-cisleste","tag-claudiomir-viera","tag-conselho-tecnico","tag-consorcio-intermunicipal-de-saude-da-mata-leste","tag-eleicao","tag-grego","tag-muriae4","tag-nova-presidencia","tag-prefeito","tag-prefeito-de-muriae","tag-prefeitura","tag-presidente","tag-presidente-do-consorcio-intermunicipal-de-saude-da-mata-leste-cisleste","tag-sao-sebastiao-da-vargem-alegre","tag-saude"],"acf":[],"aioseo_notices":[],"aioseo_head":"\n\t\t<!-- All in One SEO 5.0.0.1 - aioseo.com -->\n\t<meta name=\"description\" content=\"O prefeito de Muria\u00e9, Grego, foi eleito por aclama\u00e7\u00e3o para ser o novo presidente do Cons\u00f3rcio Intermunicipal de Sa\u00fade da Mata Leste (Cisleste), para o mandato de janeiro a dezembro de 2018. A elei\u00e7\u00e3o da nova presid\u00eancia e do Conselho T\u00e9cnico, que representa os secret\u00e1rios de sa\u00fade da regi\u00e3o, aconteceu na tarde de quinta-feira (14),\" \/>\n\t<meta name=\"robots\" content=\"max-image-preview:large\" \/>\n\t<meta name=\"author\" content=\"Juliana Laviola\"\/>\n\t<link rel=\"canonical\" href=\"https:\/\/anoticiaonline.com.br\/site\/grego-e-o-novo-presidente-do-cisleste\/\" \/>\n\t<meta name=\"generator\" content=\"All in One SEO (AIOSEO) 5.0.0.1\" \/>\n\t\t<meta property=\"og:locale\" content=\"pt_BR\" \/>\n\t\t<meta property=\"og:site_name\" content=\"A Not\u00edcia Online - Noticias de Muria\u00e9 e regi\u00e3o\" \/>\n\t\t<meta property=\"og:type\" content=\"article\" \/>\n\t\t<meta property=\"og:title\" content=\"Grego \u00e9 o novo presidente do Cisleste - A Not\u00edcia Online\" \/>\n\t\t<meta property=\"og:description\" content=\"O prefeito de Muria\u00e9, Grego, foi eleito por aclama\u00e7\u00e3o para ser o novo presidente do Cons\u00f3rcio Intermunicipal de Sa\u00fade da Mata Leste (Cisleste), para o mandato de janeiro a dezembro de 2018. A elei\u00e7\u00e3o da nova presid\u00eancia e do Conselho T\u00e9cnico, que representa os secret\u00e1rios de sa\u00fade da regi\u00e3o, aconteceu na tarde de quinta-feira (14),\" \/>\n\t\t<meta property=\"og:url\" content=\"https:\/\/anoticiaonline.com.br\/site\/grego-e-o-novo-presidente-do-cisleste\/\" \/>\n\t\t<meta property=\"og:image\" content=\"https:\/\/scontent-gig4-1.xx.fbcdn.net\/v\/t39.30808-1\/270437624_4564083193639691_6907940295614233970_n.jpg?stp=dst-jpg_s200x200_tt6&#038;_nc_cat=111&#038;ccb=1-7&#038;_nc_sid=f907e8&#038;_nc_ohc=SM1wRlP3lJwQ7kNvwEPuBYA&#038;_nc_oc=AdnqrjDN_BNjSSHWO-GbkIWH6fkGMLw4bqvL_NH6e2wMveX7G-rP2dAqsDSq1mJMOaY&#038;_nc_zt=24&#038;_nc_ht=scontent-gig4-1.xx&#038;_nc_gid=AoBFJeGrT1hVaew_6rchkQ&#038;oh=00_AfX7QmFGhQhG2jAllVgXCiM1ZrWgvtp80-Bfppyexh1QEg&#038;oe=689E923C\" \/>\n\t\t<meta property=\"og:image:secure_url\" content=\"https:\/\/scontent-gig4-1.xx.fbcdn.net\/v\/t39.30808-1\/270437624_4564083193639691_6907940295614233970_n.jpg?stp=dst-jpg_s200x200_tt6&#038;_nc_cat=111&#038;ccb=1-7&#038;_nc_sid=f907e8&#038;_nc_ohc=SM1wRlP3lJwQ7kNvwEPuBYA&#038;_nc_oc=AdnqrjDN_BNjSSHWO-GbkIWH6fkGMLw4bqvL_NH6e2wMveX7G-rP2dAqsDSq1mJMOaY&#038;_nc_zt=24&#038;_nc_ht=scontent-gig4-1.xx&#038;_nc_gid=AoBFJeGrT1hVaew_6rchkQ&#038;oh=00_AfX7QmFGhQhG2jAllVgXCiM1ZrWgvtp80-Bfppyexh1QEg&#038;oe=689E923C\" \/>\n\t\t<meta property=\"article:published_time\" content=\"2017-12-20T21:24:28+00:00\" \/>\n\t\t<meta property=\"article:modified_time\" content=\"2017-12-20T21:31:57+00:00\" \/>\n\t\t<meta name=\"twitter:card\" content=\"summary_large_image\" \/>\n\t\t<meta name=\"twitter:title\" content=\"Grego \u00e9 o novo presidente do Cisleste - A Not\u00edcia Online\" \/>\n\t\t<meta name=\"twitter:description\" content=\"O prefeito de Muria\u00e9, Grego, foi eleito por aclama\u00e7\u00e3o para ser o novo presidente do Cons\u00f3rcio Intermunicipal de Sa\u00fade da Mata Leste (Cisleste), para o mandato de janeiro a dezembro de 2018. A elei\u00e7\u00e3o da nova presid\u00eancia e do Conselho T\u00e9cnico, que representa os secret\u00e1rios de sa\u00fade da regi\u00e3o, aconteceu na tarde de quinta-feira (14),\" \/>\n\t\t<meta name=\"twitter:image\" content=\"https:\/\/scontent-gig4-1.xx.fbcdn.net\/v\/t39.30808-1\/270437624_4564083193639691_6907940295614233970_n.jpg?stp=dst-jpg_s200x200_tt6&amp;_nc_cat=111&amp;ccb=1-7&amp;_nc_sid=f907e8&amp;_nc_ohc=SM1wRlP3lJwQ7kNvwEPuBYA&amp;_nc_oc=AdnqrjDN_BNjSSHWO-GbkIWH6fkGMLw4bqvL_NH6e2wMveX7G-rP2dAqsDSq1mJMOaY&amp;_nc_zt=24&amp;_nc_ht=scontent-gig4-1.xx&amp;_nc_gid=AoBFJeGrT1hVaew_6rchkQ&amp;oh=00_AfX7QmFGhQhG2jAllVgXCiM1ZrWgvtp80-Bfppyexh1QEg&amp;oe=689E923C\" \/>\n\t\t<script type=\"application\/ld+json\" class=\"aioseo-schema\">\n\t\t\t{\"@context\":\"https:\\\/\\\/schema.org\",\"@graph\":[{\"@type\":\"BlogPosting\",\"@id\":\"https:\\\/\\\/anoticiaonline.com.br\\\/site\\\/grego-e-o-novo-presidente-do-cisleste\\\/#blogposting\",\"name\":\"Grego \\u00e9 o novo presidente do Cisleste - A Not\\u00edcia Online\",\"headline\":\"Grego \\u00e9 o novo presidente do Cisleste\",\"author\":{\"@id\":\"https:\\\/\\\/anoticiaonline.com.br\\\/site\\\/author\\\/juliana\\\/#author\"},\"publisher\":{\"@id\":\"https:\\\/\\\/anoticiaonline.com.br\\\/site\\\/#organization\"},\"image\":{\"@type\":\"ImageObject\",\"url\":\"https:\\\/\\\/anoticiaonline.com.br\\\/site\\\/wp-content\\\/uploads\\\/2017\\\/12\\\/DSC_1099.jpg\",\"width\":640,\"height\":426},\"datePublished\":\"2017-12-20T18:24:28-03:00\",\"dateModified\":\"2017-12-20T18:31:57-03:00\",\"inLanguage\":\"pt-BR\",\"mainEntityOfPage\":{\"@id\":\"https:\\\/\\\/anoticiaonline.com.br\\\/site\\\/grego-e-o-novo-presidente-do-cisleste\\\/#webpage\"},\"isPartOf\":{\"@id\":\"https:\\\/\\\/anoticiaonline.com.br\\\/site\\\/grego-e-o-novo-presidente-do-cisleste\\\/#webpage\"},\"articleSection\":\"Regi\\u00e3o, Cisleste, Claudiomir Viera, Conselho T\\u00e9cnico, Cons\\u00f3rcio Intermunicipal de Sa\\u00fade da Mata Leste, elei\\u00e7\\u00e3o, grego, Muria\\u00e94, nova presid\\u00eancia, prefeito, prefeito de Muria\\u00e9, prefeitura, presidente, presidente do Cons\\u00f3rcio Intermunicipal de Sa\\u00fade da Mata Leste (Cisleste), S\\u00e3o Sebasti\\u00e3o da Vargem Alegre, sa\\u00fade\"},{\"@type\":\"BreadcrumbList\",\"@id\":\"https:\\\/\\\/anoticiaonline.com.br\\\/site\\\/grego-e-o-novo-presidente-do-cisleste\\\/#breadcrumblist\",\"itemListElement\":[{\"@type\":\"ListItem\",\"@id\":\"https:\\\/\\\/anoticiaonline.com.br\\\/site#listItem\",\"position\":1,\"name\":\"Home\",\"item\":\"https:\\\/\\\/anoticiaonline.com.br\\\/site\",\"nextItem\":{\"@type\":\"ListItem\",\"@id\":\"https:\\\/\\\/anoticiaonline.com.br\\\/site\\\/categoria\\\/regiao\\\/#listItem\",\"name\":\"Regi\\u00e3o\"}},{\"@type\":\"ListItem\",\"@id\":\"https:\\\/\\\/anoticiaonline.com.br\\\/site\\\/categoria\\\/regiao\\\/#listItem\",\"position\":2,\"name\":\"Regi\\u00e3o\",\"item\":\"https:\\\/\\\/anoticiaonline.com.br\\\/site\\\/categoria\\\/regiao\\\/\",\"nextItem\":{\"@type\":\"ListItem\",\"@id\":\"https:\\\/\\\/anoticiaonline.com.br\\\/site\\\/grego-e-o-novo-presidente-do-cisleste\\\/#listItem\",\"name\":\"Grego \\u00e9 o novo presidente do Cisleste\"},\"previousItem\":{\"@type\":\"ListItem\",\"@id\":\"https:\\\/\\\/anoticiaonline.com.br\\\/site#listItem\",\"name\":\"Home\"}},{\"@type\":\"ListItem\",\"@id\":\"https:\\\/\\\/anoticiaonline.com.br\\\/site\\\/grego-e-o-novo-presidente-do-cisleste\\\/#listItem\",\"position\":3,\"name\":\"Grego \\u00e9 o novo presidente do Cisleste\",\"previousItem\":{\"@type\":\"ListItem\",\"@id\":\"https:\\\/\\\/anoticiaonline.com.br\\\/site\\\/categoria\\\/regiao\\\/#listItem\",\"name\":\"Regi\\u00e3o\"}}]},{\"@type\":\"Organization\",\"@id\":\"https:\\\/\\\/anoticiaonline.com.br\\\/site\\\/#organization\",\"name\":\"A Not\\u00edcia Online\",\"description\":\"Noticias de Muria\\u00e9 e regi\\u00e3o\",\"url\":\"https:\\\/\\\/anoticiaonline.com.br\\\/site\\\/\",\"logo\":{\"@type\":\"ImageObject\",\"url\":\"https:\\\/\\\/scontent-gig4-1.xx.fbcdn.net\\\/v\\\/t39.30808-1\\\/270437624_4564083193639691_6907940295614233970_n.jpg?stp=dst-jpg_s200x200_tt6&_nc_cat=111&ccb=1-7&_nc_sid=f907e8&_nc_ohc=SM1wRlP3lJwQ7kNvwEPuBYA&_nc_oc=AdnqrjDN_BNjSSHWO-GbkIWH6fkGMLw4bqvL_NH6e2wMveX7G-rP2dAqsDSq1mJMOaY&_nc_zt=24&_nc_ht=scontent-gig4-1.xx&_nc_gid=AoBFJeGrT1hVaew_6rchkQ&oh=00_AfX7QmFGhQhG2jAllVgXCiM1ZrWgvtp80-Bfppyexh1QEg&oe=689E923C\",\"@id\":\"https:\\\/\\\/anoticiaonline.com.br\\\/site\\\/grego-e-o-novo-presidente-do-cisleste\\\/#organizationLogo\"},\"image\":{\"@id\":\"https:\\\/\\\/anoticiaonline.com.br\\\/site\\\/grego-e-o-novo-presidente-do-cisleste\\\/#organizationLogo\"}},{\"@type\":\"Person\",\"@id\":\"https:\\\/\\\/anoticiaonline.com.br\\\/site\\\/author\\\/juliana\\\/#author\",\"url\":\"https:\\\/\\\/anoticiaonline.com.br\\\/site\\\/author\\\/juliana\\\/\",\"name\":\"Juliana Laviola\",\"image\":{\"@type\":\"ImageObject\",\"@id\":\"https:\\\/\\\/anoticiaonline.com.br\\\/site\\\/grego-e-o-novo-presidente-do-cisleste\\\/#authorImage\",\"url\":\"https:\\\/\\\/secure.gravatar.com\\\/avatar\\\/b8d45f5c699b100dfaf0e543582f38f38bf94cb7ae3a5e9abf8d891a34773335?s=96&d=mm&r=g\",\"width\":96,\"height\":96,\"caption\":\"Juliana Laviola\"}},{\"@type\":\"WebPage\",\"@id\":\"https:\\\/\\\/anoticiaonline.com.br\\\/site\\\/grego-e-o-novo-presidente-do-cisleste\\\/#webpage\",\"url\":\"https:\\\/\\\/anoticiaonline.com.br\\\/site\\\/grego-e-o-novo-presidente-do-cisleste\\\/\",\"name\":\"Grego \\u00e9 o novo presidente do Cisleste - A Not\\u00edcia Online\",\"description\":\"O prefeito de Muria\\u00e9, Grego, foi eleito por aclama\\u00e7\\u00e3o para ser o novo presidente do Cons\\u00f3rcio Intermunicipal de Sa\\u00fade da Mata Leste (Cisleste), para o mandato de janeiro a dezembro de 2018. A elei\\u00e7\\u00e3o da nova presid\\u00eancia e do Conselho T\\u00e9cnico, que representa os secret\\u00e1rios de sa\\u00fade da regi\\u00e3o, aconteceu na tarde de quinta-feira (14),\",\"inLanguage\":\"pt-BR\",\"isPartOf\":{\"@id\":\"https:\\\/\\\/anoticiaonline.com.br\\\/site\\\/#website\"},\"breadcrumb\":{\"@id\":\"https:\\\/\\\/anoticiaonline.com.br\\\/site\\\/grego-e-o-novo-presidente-do-cisleste\\\/#breadcrumblist\"},\"author\":{\"@id\":\"https:\\\/\\\/anoticiaonline.com.br\\\/site\\\/author\\\/juliana\\\/#author\"},\"creator\":{\"@id\":\"https:\\\/\\\/anoticiaonline.com.br\\\/site\\\/author\\\/juliana\\\/#author\"},\"image\":{\"@type\":\"ImageObject\",\"url\":\"https:\\\/\\\/anoticiaonline.com.br\\\/site\\\/wp-content\\\/uploads\\\/2017\\\/12\\\/DSC_1099.jpg\",\"@id\":\"https:\\\/\\\/anoticiaonline.com.br\\\/site\\\/grego-e-o-novo-presidente-do-cisleste\\\/#mainImage\",\"width\":640,\"height\":426},\"primaryImageOfPage\":{\"@id\":\"https:\\\/\\\/anoticiaonline.com.br\\\/site\\\/grego-e-o-novo-presidente-do-cisleste\\\/#mainImage\"},\"datePublished\":\"2017-12-20T18:24:28-03:00\",\"dateModified\":\"2017-12-20T18:31:57-03:00\"},{\"@type\":\"WebSite\",\"@id\":\"https:\\\/\\\/anoticiaonline.com.br\\\/site\\\/#website\",\"url\":\"https:\\\/\\\/anoticiaonline.com.br\\\/site\\\/\",\"name\":\"A Not\\u00edcia Online\",\"description\":\"Noticias de Muria\\u00e9 e regi\\u00e3o\",\"inLanguage\":\"pt-BR\",\"publisher\":{\"@id\":\"https:\\\/\\\/anoticiaonline.com.br\\\/site\\\/#organization\"}}]}\n\t\t<\/script>\n\t\t<!-- All in One SEO -->\n\n","aioseo_head_json":{"title":"Grego \u00e9 o novo presidente do Cisleste - A Not\u00edcia Online","description":"O prefeito de Muria\u00e9, Grego, foi eleito por aclama\u00e7\u00e3o para ser o novo presidente do Cons\u00f3rcio Intermunicipal de Sa\u00fade da Mata Leste (Cisleste), para o mandato de janeiro a dezembro de 2018. A elei\u00e7\u00e3o da nova presid\u00eancia e do Conselho T\u00e9cnico, que representa os secret\u00e1rios de sa\u00fade da regi\u00e3o, aconteceu na tarde de quinta-feira (14),","canonical_url":"https:\/\/anoticiaonline.com.br\/site\/grego-e-o-novo-presidente-do-cisleste\/","robots":"max-image-preview:large","keywords":"","webmasterTools":{"miscellaneous":""},"schema":{"@context":"https:\/\/schema.org","@graph":[{"@type":"BlogPosting","@id":"https:\/\/anoticiaonline.com.br\/site\/grego-e-o-novo-presidente-do-cisleste\/#blogposting","name":"Grego \u00e9 o novo presidente do Cisleste - A Not\u00edcia Online","headline":"Grego \u00e9 o novo presidente do Cisleste","author":{"@id":"https:\/\/anoticiaonline.com.br\/site\/author\/juliana\/#author"},"publisher":{"@id":"https:\/\/anoticiaonline.com.br\/site\/#organization"},"image":{"@type":"ImageObject","url":"https:\/\/anoticiaonline.com.br\/site\/wp-content\/uploads\/2017\/12\/DSC_1099.jpg","width":640,"height":426},"datePublished":"2017-12-20T18:24:28-03:00","dateModified":"2017-12-20T18:31:57-03:00","inLanguage":"pt-BR","mainEntityOfPage":{"@id":"https:\/\/anoticiaonline.com.br\/site\/grego-e-o-novo-presidente-do-cisleste\/#webpage"},"isPartOf":{"@id":"https:\/\/anoticiaonline.com.br\/site\/grego-e-o-novo-presidente-do-cisleste\/#webpage"},"articleSection":"Regi\u00e3o, Cisleste, Claudiomir Viera, Conselho T\u00e9cnico, Cons\u00f3rcio Intermunicipal de Sa\u00fade da Mata Leste, elei\u00e7\u00e3o, grego, Muria\u00e94, nova presid\u00eancia, prefeito, prefeito de Muria\u00e9, prefeitura, presidente, presidente do Cons\u00f3rcio Intermunicipal de Sa\u00fade da Mata Leste (Cisleste), S\u00e3o Sebasti\u00e3o da Vargem Alegre, sa\u00fade"},{"@type":"BreadcrumbList","@id":"https:\/\/anoticiaonline.com.br\/site\/grego-e-o-novo-presidente-do-cisleste\/#breadcrumblist","itemListElement":[{"@type":"ListItem","@id":"https:\/\/anoticiaonline.com.br\/site#listItem","position":1,"name":"Home","item":"https:\/\/anoticiaonline.com.br\/site","nextItem":{"@type":"ListItem","@id":"https:\/\/anoticiaonline.com.br\/site\/categoria\/regiao\/#listItem","name":"Regi\u00e3o"}},{"@type":"ListItem","@id":"https:\/\/anoticiaonline.com.br\/site\/categoria\/regiao\/#listItem","position":2,"name":"Regi\u00e3o","item":"https:\/\/anoticiaonline.com.br\/site\/categoria\/regiao\/","nextItem":{"@type":"ListItem","@id":"https:\/\/anoticiaonline.com.br\/site\/grego-e-o-novo-presidente-do-cisleste\/#listItem","name":"Grego \u00e9 o novo presidente do Cisleste"},"previousItem":{"@type":"ListItem","@id":"https:\/\/anoticiaonline.com.br\/site#listItem","name":"Home"}},{"@type":"ListItem","@id":"https:\/\/anoticiaonline.com.br\/site\/grego-e-o-novo-presidente-do-cisleste\/#listItem","position":3,"name":"Grego \u00e9 o novo presidente do Cisleste","previousItem":{"@type":"ListItem","@id":"https:\/\/anoticiaonline.com.br\/site\/categoria\/regiao\/#listItem","name":"Regi\u00e3o"}}]},{"@type":"Organization","@id":"https:\/\/anoticiaonline.com.br\/site\/#organization","name":"A Not\u00edcia Online","description":"Noticias de Muria\u00e9 e regi\u00e3o","url":"https:\/\/anoticiaonline.com.br\/site\/","logo":{"@type":"ImageObject","url":"https:\/\/scontent-gig4-1.xx.fbcdn.net\/v\/t39.30808-1\/270437624_4564083193639691_6907940295614233970_n.jpg?stp=dst-jpg_s200x200_tt6&_nc_cat=111&ccb=1-7&_nc_sid=f907e8&_nc_ohc=SM1wRlP3lJwQ7kNvwEPuBYA&_nc_oc=AdnqrjDN_BNjSSHWO-GbkIWH6fkGMLw4bqvL_NH6e2wMveX7G-rP2dAqsDSq1mJMOaY&_nc_zt=24&_nc_ht=scontent-gig4-1.xx&_nc_gid=AoBFJeGrT1hVaew_6rchkQ&oh=00_AfX7QmFGhQhG2jAllVgXCiM1ZrWgvtp80-Bfppyexh1QEg&oe=689E923C","@id":"https:\/\/anoticiaonline.com.br\/site\/grego-e-o-novo-presidente-do-cisleste\/#organizationLogo"},"image":{"@id":"https:\/\/anoticiaonline.com.br\/site\/grego-e-o-novo-presidente-do-cisleste\/#organizationLogo"}},{"@type":"Person","@id":"https:\/\/anoticiaonline.com.br\/site\/author\/juliana\/#author","url":"https:\/\/anoticiaonline.com.br\/site\/author\/juliana\/","name":"Juliana Laviola","image":{"@type":"ImageObject","@id":"https:\/\/anoticiaonline.com.br\/site\/grego-e-o-novo-presidente-do-cisleste\/#authorImage","url":"https:\/\/secure.gravatar.com\/avatar\/b8d45f5c699b100dfaf0e543582f38f38bf94cb7ae3a5e9abf8d891a34773335?s=96&d=mm&r=g","width":96,"height":96,"caption":"Juliana Laviola"}},{"@type":"WebPage","@id":"https:\/\/anoticiaonline.com.br\/site\/grego-e-o-novo-presidente-do-cisleste\/#webpage","url":"https:\/\/anoticiaonline.com.br\/site\/grego-e-o-novo-presidente-do-cisleste\/","name":"Grego \u00e9 o novo presidente do Cisleste - A Not\u00edcia Online","description":"O prefeito de Muria\u00e9, Grego, foi eleito por aclama\u00e7\u00e3o para ser o novo presidente do Cons\u00f3rcio Intermunicipal de Sa\u00fade da Mata Leste (Cisleste), para o mandato de janeiro a dezembro de 2018. A elei\u00e7\u00e3o da nova presid\u00eancia e do Conselho T\u00e9cnico, que representa os secret\u00e1rios de sa\u00fade da regi\u00e3o, aconteceu na tarde de quinta-feira (14),","inLanguage":"pt-BR","isPartOf":{"@id":"https:\/\/anoticiaonline.com.br\/site\/#website"},"breadcrumb":{"@id":"https:\/\/anoticiaonline.com.br\/site\/grego-e-o-novo-presidente-do-cisleste\/#breadcrumblist"},"author":{"@id":"https:\/\/anoticiaonline.com.br\/site\/author\/juliana\/#author"},"creator":{"@id":"https:\/\/anoticiaonline.com.br\/site\/author\/juliana\/#author"},"image":{"@type":"ImageObject","url":"https:\/\/anoticiaonline.com.br\/site\/wp-content\/uploads\/2017\/12\/DSC_1099.jpg","@id":"https:\/\/anoticiaonline.com.br\/site\/grego-e-o-novo-presidente-do-cisleste\/#mainImage","width":640,"height":426},"primaryImageOfPage":{"@id":"https:\/\/anoticiaonline.com.br\/site\/grego-e-o-novo-presidente-do-cisleste\/#mainImage"},"datePublished":"2017-12-20T18:24:28-03:00","dateModified":"2017-12-20T18:31:57-03:00"},{"@type":"WebSite","@id":"https:\/\/anoticiaonline.com.br\/site\/#website","url":"https:\/\/anoticiaonline.com.br\/site\/","name":"A Not\u00edcia Online","description":"Noticias de Muria\u00e9 e regi\u00e3o","inLanguage":"pt-BR","publisher":{"@id":"https:\/\/anoticiaonline.com.br\/site\/#organization"}}]},"og:locale":"pt_BR","og:site_name":"A Not\u00edcia Online - Noticias de Muria\u00e9 e regi\u00e3o","og:type":"article","og:title":"Grego \u00e9 o novo presidente do Cisleste - A Not\u00edcia Online","og:description":"O prefeito de Muria\u00e9, Grego, foi eleito por aclama\u00e7\u00e3o para ser o novo presidente do Cons\u00f3rcio Intermunicipal de Sa\u00fade da Mata Leste (Cisleste), para o mandato de janeiro a dezembro de 2018. A elei\u00e7\u00e3o da nova presid\u00eancia e do Conselho T\u00e9cnico, que representa os secret\u00e1rios de sa\u00fade da regi\u00e3o, aconteceu na tarde de quinta-feira (14),","og:url":"https:\/\/anoticiaonline.com.br\/site\/grego-e-o-novo-presidente-do-cisleste\/","og:image":"https:\/\/scontent-gig4-1.xx.fbcdn.net\/v\/t39.30808-1\/270437624_4564083193639691_6907940295614233970_n.jpg?stp=dst-jpg_s200x200_tt6&#038;_nc_cat=111&#038;ccb=1-7&#038;_nc_sid=f907e8&#038;_nc_ohc=SM1wRlP3lJwQ7kNvwEPuBYA&#038;_nc_oc=AdnqrjDN_BNjSSHWO-GbkIWH6fkGMLw4bqvL_NH6e2wMveX7G-rP2dAqsDSq1mJMOaY&#038;_nc_zt=24&#038;_nc_ht=scontent-gig4-1.xx&#038;_nc_gid=AoBFJeGrT1hVaew_6rchkQ&#038;oh=00_AfX7QmFGhQhG2jAllVgXCiM1ZrWgvtp80-Bfppyexh1QEg&#038;oe=689E923C","og:image:secure_url":"https:\/\/scontent-gig4-1.xx.fbcdn.net\/v\/t39.30808-1\/270437624_4564083193639691_6907940295614233970_n.jpg?stp=dst-jpg_s200x200_tt6&#038;_nc_cat=111&#038;ccb=1-7&#038;_nc_sid=f907e8&#038;_nc_ohc=SM1wRlP3lJwQ7kNvwEPuBYA&#038;_nc_oc=AdnqrjDN_BNjSSHWO-GbkIWH6fkGMLw4bqvL_NH6e2wMveX7G-rP2dAqsDSq1mJMOaY&#038;_nc_zt=24&#038;_nc_ht=scontent-gig4-1.xx&#038;_nc_gid=AoBFJeGrT1hVaew_6rchkQ&#038;oh=00_AfX7QmFGhQhG2jAllVgXCiM1ZrWgvtp80-Bfppyexh1QEg&#038;oe=689E923C","article:published_time":"2017-12-20T21:24:28+00:00","article:modified_time":"2017-12-20T21:31:57+00:00","twitter:card":"summary_large_image","twitter:title":"Grego \u00e9 o novo presidente do Cisleste - A Not\u00edcia Online","twitter:description":"O prefeito de Muria\u00e9, Grego, foi eleito por aclama\u00e7\u00e3o para ser o novo presidente do Cons\u00f3rcio Intermunicipal de Sa\u00fade da Mata Leste (Cisleste), para o mandato de janeiro a dezembro de 2018. A elei\u00e7\u00e3o da nova presid\u00eancia e do Conselho T\u00e9cnico, que representa os secret\u00e1rios de sa\u00fade da regi\u00e3o, aconteceu na tarde de quinta-feira (14),","twitter:image":"https:\/\/scontent-gig4-1.xx.fbcdn.net\/v\/t39.30808-1\/270437624_4564083193639691_6907940295614233970_n.jpg?stp=dst-jpg_s200x200_tt6&_nc_cat=111&ccb=1-7&_nc_sid=f907e8&_nc_ohc=SM1wRlP3lJwQ7kNvwEPuBYA&_nc_oc=AdnqrjDN_BNjSSHWO-GbkIWH6fkGMLw4bqvL_NH6e2wMveX7G-rP2dAqsDSq1mJMOaY&_nc_zt=24&_nc_ht=scontent-gig4-1.xx&_nc_gid=AoBFJeGrT1hVaew_6rchkQ&oh=00_AfX7QmFGhQhG2jAllVgXCiM1ZrWgvtp80-Bfppyexh1QEg&oe=689E923C"},"aioseo_meta_data":{"post_id":"48132","title":null,"description":null,"keywords":null,"keyphrases":null,"primary_term":null,"canonical_url":null,"og_title":null,"og_description":null,"og_object_type":"default","og_image_type":"default","og_image_url":null,"og_image_width":null,"og_image_height":null,"og_image_custom_url":null,"og_image_custom_fields":null,"og_video":null,"og_custom_url":null,"og_article_section":null,"og_article_tags":null,"twitter_use_og":false,"twitter_card":"default","twitter_image_type":"default","twitter_image_url":null,"twitter_image_custom_url":null,"twitter_image_custom_fields":null,"twitter_title":null,"twitter_description":null,"schema":{"blockGraphs":[],"customGraphs":[],"default":{"data":{"Article":[],"Course":[],"Dataset":[],"FAQPage":[],"Movie":[],"Person":[],"Product":[],"ProductReview":[],"Car":[],"Recipe":[],"Service":[],"SoftwareApplication":[],"WebPage":[]},"graphName":"","isEnabled":true},"graphs":[]},"schema_type":"default","schema_type_options":null,"pillar_content":false,"robots_default":true,"robots_noindex":false,"robots_noarchive":false,"robots_nosnippet":false,"robots_nofollow":false,"robots_noimageindex":false,"robots_noodp":false,"robots_notranslate":false,"robots_max_snippet":null,"robots_max_videopreview":null,"robots_max_imagepreview":"large","priority":null,"frequency":null,"local_seo":null,"breadcrumb_settings":null,"limit_modified_date":false,"ai":null,"created":"2025-08-16 20:05:35","updated":"2025-08-16 20:05:35","focus_keyword":null,"additional_keywords":null,"truseo_locale":null,"seo_analyzer_scan_date":null},"aioseo_breadcrumb":"<div class=\"aioseo-breadcrumbs\"><span class=\"aioseo-breadcrumb\">\n\t\t\t<a href=\"https:\/\/anoticiaonline.com.br\/site\" title=\"Home\">Home<\/a>\n\t\t<\/span><span class=\"aioseo-breadcrumb-separator\">&raquo;<\/span><span class=\"aioseo-breadcrumb\">\n\t\t\t<a href=\"https:\/\/anoticiaonline.com.br\/site\/categoria\/regiao\/\" title=\"Regi\u00e3o\">Regi\u00e3o<\/a>\n\t\t<\/span><span class=\"aioseo-breadcrumb-separator\">&raquo;<\/span><span class=\"aioseo-breadcrumb\">\n\t\t\tGrego \u00e9 o novo presidente do Cisleste\n\t\t<\/span><\/div>","aioseo_breadcrumb_json":[{"label":"Home","link":"https:\/\/anoticiaonline.com.br\/site"},{"label":"Regi\u00e3o","link":"https:\/\/anoticiaonline.com.br\/site\/categoria\/regiao\/"},{"label":"Grego \u00e9 o novo presidente do Cisleste","link":"https:\/\/anoticiaonline.com.br\/site\/grego-e-o-novo-presidente-do-cisleste\/"}],"views":152,"_links":{"self":[{"href":"https:\/\/anoticiaonline.com.br\/site\/wp-json\/wp\/v2\/posts\/48132","targetHints":{"allow":["GET"]}}],"collection":[{"href":"https:\/\/anoticiaonline.com.br\/site\/wp-json\/wp\/v2\/posts"}],"about":[{"href":"https:\/\/anoticiaonline.com.br\/site\/wp-json\/wp\/v2\/types\/post"}],"author":[{"embeddable":true,"href":"https:\/\/anoticiaonline.com.br\/site\/wp-json\/wp\/v2\/users\/2"}],"replies":[{"embeddable":true,"href":"https:\/\/anoticiaonline.com.br\/site\/wp-json\/wp\/v2\/comments?post=48132"}],"version-history":[{"count":0,"href":"https:\/\/anoticiaonline.com.br\/site\/wp-json\/wp\/v2\/posts\/48132\/revisions"}],"wp:featuredmedia":[{"embeddable":true,"href":"https:\/\/anoticiaonline.com.br\/site\/wp-json\/wp\/v2\/media\/48222"}],"wp:attachment":[{"href":"https:\/\/anoticiaonline.com.br\/site\/wp-json\/wp\/v2\/media?parent=48132"}],"wp:term":[{"taxonomy":"category","embeddable":true,"href":"https:\/\/anoticiaonline.com.br\/site\/wp-json\/wp\/v2\/categories?post=48132"},{"taxonomy":"post_tag","embeddable":true,"href":"https:\/\/anoticiaonline.com.br\/site\/wp-json\/wp\/v2\/tags?post=48132"}],"curies":[{"name":"wp","href":"https:\/\/api.w.org\/{rel}","templated":true}]}}