{"id":4810,"date":"2015-10-16T08:00:52","date_gmt":"2015-10-16T11:00:52","guid":{"rendered":"http:\/\/anoticiaonline.com.br\/site\/?p=4810"},"modified":"2015-10-14T17:35:32","modified_gmt":"2015-10-14T20:35:32","slug":"peca-o-pequeno-principe-sera-apresentada-neste-final-de-semana-no-belmira-vilas-boas","status":"publish","type":"post","link":"https:\/\/anoticiaonline.com.br\/site\/peca-o-pequeno-principe-sera-apresentada-neste-final-de-semana-no-belmira-vilas-boas\/","title":{"rendered":"Pe\u00e7a \u2018O Pequeno Pr\u00edncipe\u2019 ser\u00e1 apresentada neste final de semana, no Belmira Vilas Boas"},"content":{"rendered":"<p><a href=\"https:\/\/anoticiaonline.com.br\/site\/wp-content\/uploads\/2015\/10\/o-pequeno-principe.jpg\"><img fetchpriority=\"high\" decoding=\"async\" class=\" size-medium wp-image-4811 alignleft\" src=\"https:\/\/anoticiaonline.com.br\/site\/wp-content\/uploads\/2015\/10\/o-pequeno-principe-189x300.jpg\" alt=\"o pequeno principe\" width=\"189\" height=\"300\" srcset=\"https:\/\/anoticiaonline.com.br\/site\/wp-content\/uploads\/2015\/10\/o-pequeno-principe-189x300.jpg 189w, https:\/\/anoticiaonline.com.br\/site\/wp-content\/uploads\/2015\/10\/o-pequeno-principe.jpg 404w\" sizes=\"(max-width: 189px) 100vw, 189px\" \/><\/a>O Teatro Belmira Vilas Boas apresenta neste s\u00e1bado e domingo (17 e 18), a pe\u00e7a \u201cO Pequeno Pr\u00edncipe\u201d, inspirada na obra do escritor franc\u00eas Antoine de Saint-Exup\u00e9ry, publicada em 1943 nos Estados Unidos. No s\u00e1bado, a apresenta\u00e7\u00e3o acontece \u00e0s 17h30min e \u00e0s 19h30min. No domingo, os hor\u00e1rios de apresenta\u00e7\u00e3o s\u00e3o \u00e0s 10h30min e \u00e0s 17h30min<\/p>\n","protected":false},"excerpt":{"rendered":"<p>O Teatro Belmira Vilas Boas apresenta neste s\u00e1bado e domingo (17 e 18), a pe\u00e7a \u201cO Pequeno Pr\u00edncipe\u201d, inspirada na obra do escritor franc\u00eas Antoine de Saint-Exup\u00e9ry, publicada em 1943 nos Estados Unidos. No s\u00e1bado, a apresenta\u00e7\u00e3o acontece \u00e0s 17h30min e \u00e0s 19h30min. No domingo, os hor\u00e1rios de apresenta\u00e7\u00e3o s\u00e3o \u00e0s 10h30min e \u00e0s 17h30min<\/p>\n","protected":false},"author":2,"featured_media":4811,"comment_status":"open","ping_status":"open","sticky":false,"template":"","format":"standard","meta":{"_acf_changed":false,"_monsterinsights_skip_tracking":false,"footnotes":""},"categories":[19],"tags":[3],"class_list":["post-4810","post","type-post","status-publish","format-standard","has-post-thumbnail","hentry","category-cultura","tag-slide"],"acf":[],"aioseo_notices":[],"aioseo_head":"\n\t\t<!-- All in One SEO 5.0.0.1 - aioseo.com -->\n\t<meta name=\"description\" content=\"O Teatro Belmira Vilas Boas apresenta neste s\u00e1bado e domingo (17 e 18), a pe\u00e7a \u201cO Pequeno Pr\u00edncipe\u201d, inspirada na obra do escritor franc\u00eas Antoine de Saint-Exup\u00e9ry, publicada em 1943 nos Estados Unidos. No s\u00e1bado, a apresenta\u00e7\u00e3o acontece \u00e0s 17h30min e \u00e0s 19h30min. No domingo, os hor\u00e1rios de apresenta\u00e7\u00e3o s\u00e3o \u00e0s 10h30min e \u00e0s 17h30min\" \/>\n\t<meta name=\"robots\" content=\"max-image-preview:large\" \/>\n\t<meta name=\"author\" content=\"Juliana Laviola\"\/>\n\t<link rel=\"canonical\" href=\"https:\/\/anoticiaonline.com.br\/site\/peca-o-pequeno-principe-sera-apresentada-neste-final-de-semana-no-belmira-vilas-boas\/\" \/>\n\t<meta name=\"generator\" content=\"All in One SEO (AIOSEO) 5.0.0.1\" \/>\n\t\t<meta property=\"og:locale\" content=\"pt_BR\" \/>\n\t\t<meta property=\"og:site_name\" content=\"A Not\u00edcia Online - Noticias de Muria\u00e9 e regi\u00e3o\" \/>\n\t\t<meta property=\"og:type\" content=\"article\" \/>\n\t\t<meta property=\"og:title\" content=\"Pe\u00e7a \u2018O Pequeno Pr\u00edncipe\u2019 ser\u00e1 apresentada neste final de semana, no Belmira Vilas Boas - A Not\u00edcia Online\" \/>\n\t\t<meta property=\"og:description\" content=\"O Teatro Belmira Vilas Boas apresenta neste s\u00e1bado e domingo (17 e 18), a pe\u00e7a \u201cO Pequeno Pr\u00edncipe\u201d, inspirada na obra do escritor franc\u00eas Antoine de Saint-Exup\u00e9ry, publicada em 1943 nos Estados Unidos. No s\u00e1bado, a apresenta\u00e7\u00e3o acontece \u00e0s 17h30min e \u00e0s 19h30min. No domingo, os hor\u00e1rios de apresenta\u00e7\u00e3o s\u00e3o \u00e0s 10h30min e \u00e0s 17h30min\" \/>\n\t\t<meta property=\"og:url\" content=\"https:\/\/anoticiaonline.com.br\/site\/peca-o-pequeno-principe-sera-apresentada-neste-final-de-semana-no-belmira-vilas-boas\/\" \/>\n\t\t<meta property=\"og:image\" content=\"https:\/\/scontent-gig4-1.xx.fbcdn.net\/v\/t39.30808-1\/270437624_4564083193639691_6907940295614233970_n.jpg?stp=dst-jpg_s200x200_tt6&#038;_nc_cat=111&#038;ccb=1-7&#038;_nc_sid=f907e8&#038;_nc_ohc=SM1wRlP3lJwQ7kNvwEPuBYA&#038;_nc_oc=AdnqrjDN_BNjSSHWO-GbkIWH6fkGMLw4bqvL_NH6e2wMveX7G-rP2dAqsDSq1mJMOaY&#038;_nc_zt=24&#038;_nc_ht=scontent-gig4-1.xx&#038;_nc_gid=AoBFJeGrT1hVaew_6rchkQ&#038;oh=00_AfX7QmFGhQhG2jAllVgXCiM1ZrWgvtp80-Bfppyexh1QEg&#038;oe=689E923C\" \/>\n\t\t<meta property=\"og:image:secure_url\" content=\"https:\/\/scontent-gig4-1.xx.fbcdn.net\/v\/t39.30808-1\/270437624_4564083193639691_6907940295614233970_n.jpg?stp=dst-jpg_s200x200_tt6&#038;_nc_cat=111&#038;ccb=1-7&#038;_nc_sid=f907e8&#038;_nc_ohc=SM1wRlP3lJwQ7kNvwEPuBYA&#038;_nc_oc=AdnqrjDN_BNjSSHWO-GbkIWH6fkGMLw4bqvL_NH6e2wMveX7G-rP2dAqsDSq1mJMOaY&#038;_nc_zt=24&#038;_nc_ht=scontent-gig4-1.xx&#038;_nc_gid=AoBFJeGrT1hVaew_6rchkQ&#038;oh=00_AfX7QmFGhQhG2jAllVgXCiM1ZrWgvtp80-Bfppyexh1QEg&#038;oe=689E923C\" \/>\n\t\t<meta property=\"article:published_time\" content=\"2015-10-16T11:00:52+00:00\" \/>\n\t\t<meta property=\"article:modified_time\" content=\"2015-10-14T20:35:32+00:00\" \/>\n\t\t<meta name=\"twitter:card\" content=\"summary_large_image\" \/>\n\t\t<meta name=\"twitter:title\" content=\"Pe\u00e7a \u2018O Pequeno Pr\u00edncipe\u2019 ser\u00e1 apresentada neste final de semana, no Belmira Vilas Boas - A Not\u00edcia Online\" \/>\n\t\t<meta name=\"twitter:description\" content=\"O Teatro Belmira Vilas Boas apresenta neste s\u00e1bado e domingo (17 e 18), a pe\u00e7a \u201cO Pequeno Pr\u00edncipe\u201d, inspirada na obra do escritor franc\u00eas Antoine de Saint-Exup\u00e9ry, publicada em 1943 nos Estados Unidos. No s\u00e1bado, a apresenta\u00e7\u00e3o acontece \u00e0s 17h30min e \u00e0s 19h30min. No domingo, os hor\u00e1rios de apresenta\u00e7\u00e3o s\u00e3o \u00e0s 10h30min e \u00e0s 17h30min\" \/>\n\t\t<meta name=\"twitter:image\" content=\"https:\/\/scontent-gig4-1.xx.fbcdn.net\/v\/t39.30808-1\/270437624_4564083193639691_6907940295614233970_n.jpg?stp=dst-jpg_s200x200_tt6&amp;_nc_cat=111&amp;ccb=1-7&amp;_nc_sid=f907e8&amp;_nc_ohc=SM1wRlP3lJwQ7kNvwEPuBYA&amp;_nc_oc=AdnqrjDN_BNjSSHWO-GbkIWH6fkGMLw4bqvL_NH6e2wMveX7G-rP2dAqsDSq1mJMOaY&amp;_nc_zt=24&amp;_nc_ht=scontent-gig4-1.xx&amp;_nc_gid=AoBFJeGrT1hVaew_6rchkQ&amp;oh=00_AfX7QmFGhQhG2jAllVgXCiM1ZrWgvtp80-Bfppyexh1QEg&amp;oe=689E923C\" \/>\n\t\t<script type=\"application\/ld+json\" class=\"aioseo-schema\">\n\t\t\t{\"@context\":\"https:\\\/\\\/schema.org\",\"@graph\":[{\"@type\":\"BlogPosting\",\"@id\":\"https:\\\/\\\/anoticiaonline.com.br\\\/site\\\/peca-o-pequeno-principe-sera-apresentada-neste-final-de-semana-no-belmira-vilas-boas\\\/#blogposting\",\"name\":\"Pe\\u00e7a \\u2018O Pequeno Pr\\u00edncipe\\u2019 ser\\u00e1 apresentada neste final de semana, no Belmira Vilas Boas - A Not\\u00edcia Online\",\"headline\":\"Pe\\u00e7a \\u2018O Pequeno Pr\\u00edncipe\\u2019 ser\\u00e1 apresentada neste final de semana, no Belmira Vilas Boas\",\"author\":{\"@id\":\"https:\\\/\\\/anoticiaonline.com.br\\\/site\\\/author\\\/juliana\\\/#author\"},\"publisher\":{\"@id\":\"https:\\\/\\\/anoticiaonline.com.br\\\/site\\\/#organization\"},\"image\":{\"@type\":\"ImageObject\",\"url\":\"https:\\\/\\\/anoticiaonline.com.br\\\/site\\\/wp-content\\\/uploads\\\/2015\\\/10\\\/o-pequeno-principe.jpg\",\"width\":404,\"height\":640},\"datePublished\":\"2015-10-16T08:00:52-03:00\",\"dateModified\":\"2015-10-14T17:35:32-03:00\",\"inLanguage\":\"pt-BR\",\"mainEntityOfPage\":{\"@id\":\"https:\\\/\\\/anoticiaonline.com.br\\\/site\\\/peca-o-pequeno-principe-sera-apresentada-neste-final-de-semana-no-belmira-vilas-boas\\\/#webpage\"},\"isPartOf\":{\"@id\":\"https:\\\/\\\/anoticiaonline.com.br\\\/site\\\/peca-o-pequeno-principe-sera-apresentada-neste-final-de-semana-no-belmira-vilas-boas\\\/#webpage\"},\"articleSection\":\"Cultura, slide\"},{\"@type\":\"BreadcrumbList\",\"@id\":\"https:\\\/\\\/anoticiaonline.com.br\\\/site\\\/peca-o-pequeno-principe-sera-apresentada-neste-final-de-semana-no-belmira-vilas-boas\\\/#breadcrumblist\",\"itemListElement\":[{\"@type\":\"ListItem\",\"@id\":\"https:\\\/\\\/anoticiaonline.com.br\\\/site#listItem\",\"position\":1,\"name\":\"Home\",\"item\":\"https:\\\/\\\/anoticiaonline.com.br\\\/site\",\"nextItem\":{\"@type\":\"ListItem\",\"@id\":\"https:\\\/\\\/anoticiaonline.com.br\\\/site\\\/categoria\\\/muriae\\\/#listItem\",\"name\":\"Blog\"}},{\"@type\":\"ListItem\",\"@id\":\"https:\\\/\\\/anoticiaonline.com.br\\\/site\\\/categoria\\\/muriae\\\/#listItem\",\"position\":2,\"name\":\"Blog\",\"item\":\"https:\\\/\\\/anoticiaonline.com.br\\\/site\\\/categoria\\\/muriae\\\/\",\"nextItem\":{\"@type\":\"ListItem\",\"@id\":\"https:\\\/\\\/anoticiaonline.com.br\\\/site\\\/categoria\\\/muriae\\\/cultura\\\/#listItem\",\"name\":\"Cultura\"},\"previousItem\":{\"@type\":\"ListItem\",\"@id\":\"https:\\\/\\\/anoticiaonline.com.br\\\/site#listItem\",\"name\":\"Home\"}},{\"@type\":\"ListItem\",\"@id\":\"https:\\\/\\\/anoticiaonline.com.br\\\/site\\\/categoria\\\/muriae\\\/cultura\\\/#listItem\",\"position\":3,\"name\":\"Cultura\",\"item\":\"https:\\\/\\\/anoticiaonline.com.br\\\/site\\\/categoria\\\/muriae\\\/cultura\\\/\",\"nextItem\":{\"@type\":\"ListItem\",\"@id\":\"https:\\\/\\\/anoticiaonline.com.br\\\/site\\\/peca-o-pequeno-principe-sera-apresentada-neste-final-de-semana-no-belmira-vilas-boas\\\/#listItem\",\"name\":\"Pe\\u00e7a \\u2018O Pequeno Pr\\u00edncipe\\u2019 ser\\u00e1 apresentada neste final de semana, no Belmira Vilas Boas\"},\"previousItem\":{\"@type\":\"ListItem\",\"@id\":\"https:\\\/\\\/anoticiaonline.com.br\\\/site\\\/categoria\\\/muriae\\\/#listItem\",\"name\":\"Blog\"}},{\"@type\":\"ListItem\",\"@id\":\"https:\\\/\\\/anoticiaonline.com.br\\\/site\\\/peca-o-pequeno-principe-sera-apresentada-neste-final-de-semana-no-belmira-vilas-boas\\\/#listItem\",\"position\":4,\"name\":\"Pe\\u00e7a \\u2018O Pequeno Pr\\u00edncipe\\u2019 ser\\u00e1 apresentada neste final de semana, no Belmira Vilas Boas\",\"previousItem\":{\"@type\":\"ListItem\",\"@id\":\"https:\\\/\\\/anoticiaonline.com.br\\\/site\\\/categoria\\\/muriae\\\/cultura\\\/#listItem\",\"name\":\"Cultura\"}}]},{\"@type\":\"Organization\",\"@id\":\"https:\\\/\\\/anoticiaonline.com.br\\\/site\\\/#organization\",\"name\":\"A Not\\u00edcia Online\",\"description\":\"Noticias de Muria\\u00e9 e regi\\u00e3o\",\"url\":\"https:\\\/\\\/anoticiaonline.com.br\\\/site\\\/\",\"logo\":{\"@type\":\"ImageObject\",\"url\":\"https:\\\/\\\/scontent-gig4-1.xx.fbcdn.net\\\/v\\\/t39.30808-1\\\/270437624_4564083193639691_6907940295614233970_n.jpg?stp=dst-jpg_s200x200_tt6&_nc_cat=111&ccb=1-7&_nc_sid=f907e8&_nc_ohc=SM1wRlP3lJwQ7kNvwEPuBYA&_nc_oc=AdnqrjDN_BNjSSHWO-GbkIWH6fkGMLw4bqvL_NH6e2wMveX7G-rP2dAqsDSq1mJMOaY&_nc_zt=24&_nc_ht=scontent-gig4-1.xx&_nc_gid=AoBFJeGrT1hVaew_6rchkQ&oh=00_AfX7QmFGhQhG2jAllVgXCiM1ZrWgvtp80-Bfppyexh1QEg&oe=689E923C\",\"@id\":\"https:\\\/\\\/anoticiaonline.com.br\\\/site\\\/peca-o-pequeno-principe-sera-apresentada-neste-final-de-semana-no-belmira-vilas-boas\\\/#organizationLogo\"},\"image\":{\"@id\":\"https:\\\/\\\/anoticiaonline.com.br\\\/site\\\/peca-o-pequeno-principe-sera-apresentada-neste-final-de-semana-no-belmira-vilas-boas\\\/#organizationLogo\"}},{\"@type\":\"Person\",\"@id\":\"https:\\\/\\\/anoticiaonline.com.br\\\/site\\\/author\\\/juliana\\\/#author\",\"url\":\"https:\\\/\\\/anoticiaonline.com.br\\\/site\\\/author\\\/juliana\\\/\",\"name\":\"Juliana Laviola\",\"image\":{\"@type\":\"ImageObject\",\"@id\":\"https:\\\/\\\/anoticiaonline.com.br\\\/site\\\/peca-o-pequeno-principe-sera-apresentada-neste-final-de-semana-no-belmira-vilas-boas\\\/#authorImage\",\"url\":\"https:\\\/\\\/secure.gravatar.com\\\/avatar\\\/b8d45f5c699b100dfaf0e543582f38f38bf94cb7ae3a5e9abf8d891a34773335?s=96&d=mm&r=g\",\"width\":96,\"height\":96,\"caption\":\"Juliana Laviola\"}},{\"@type\":\"WebPage\",\"@id\":\"https:\\\/\\\/anoticiaonline.com.br\\\/site\\\/peca-o-pequeno-principe-sera-apresentada-neste-final-de-semana-no-belmira-vilas-boas\\\/#webpage\",\"url\":\"https:\\\/\\\/anoticiaonline.com.br\\\/site\\\/peca-o-pequeno-principe-sera-apresentada-neste-final-de-semana-no-belmira-vilas-boas\\\/\",\"name\":\"Pe\\u00e7a \\u2018O Pequeno Pr\\u00edncipe\\u2019 ser\\u00e1 apresentada neste final de semana, no Belmira Vilas Boas - A Not\\u00edcia Online\",\"description\":\"O Teatro Belmira Vilas Boas apresenta neste s\\u00e1bado e domingo (17 e 18), a pe\\u00e7a \\u201cO Pequeno Pr\\u00edncipe\\u201d, inspirada na obra do escritor franc\\u00eas Antoine de Saint-Exup\\u00e9ry, publicada em 1943 nos Estados Unidos. No s\\u00e1bado, a apresenta\\u00e7\\u00e3o acontece \\u00e0s 17h30min e \\u00e0s 19h30min. No domingo, os hor\\u00e1rios de apresenta\\u00e7\\u00e3o s\\u00e3o \\u00e0s 10h30min e \\u00e0s 17h30min\",\"inLanguage\":\"pt-BR\",\"isPartOf\":{\"@id\":\"https:\\\/\\\/anoticiaonline.com.br\\\/site\\\/#website\"},\"breadcrumb\":{\"@id\":\"https:\\\/\\\/anoticiaonline.com.br\\\/site\\\/peca-o-pequeno-principe-sera-apresentada-neste-final-de-semana-no-belmira-vilas-boas\\\/#breadcrumblist\"},\"author\":{\"@id\":\"https:\\\/\\\/anoticiaonline.com.br\\\/site\\\/author\\\/juliana\\\/#author\"},\"creator\":{\"@id\":\"https:\\\/\\\/anoticiaonline.com.br\\\/site\\\/author\\\/juliana\\\/#author\"},\"image\":{\"@type\":\"ImageObject\",\"url\":\"https:\\\/\\\/anoticiaonline.com.br\\\/site\\\/wp-content\\\/uploads\\\/2015\\\/10\\\/o-pequeno-principe.jpg\",\"@id\":\"https:\\\/\\\/anoticiaonline.com.br\\\/site\\\/peca-o-pequeno-principe-sera-apresentada-neste-final-de-semana-no-belmira-vilas-boas\\\/#mainImage\",\"width\":404,\"height\":640},\"primaryImageOfPage\":{\"@id\":\"https:\\\/\\\/anoticiaonline.com.br\\\/site\\\/peca-o-pequeno-principe-sera-apresentada-neste-final-de-semana-no-belmira-vilas-boas\\\/#mainImage\"},\"datePublished\":\"2015-10-16T08:00:52-03:00\",\"dateModified\":\"2015-10-14T17:35:32-03:00\"},{\"@type\":\"WebSite\",\"@id\":\"https:\\\/\\\/anoticiaonline.com.br\\\/site\\\/#website\",\"url\":\"https:\\\/\\\/anoticiaonline.com.br\\\/site\\\/\",\"name\":\"A Not\\u00edcia Online\",\"description\":\"Noticias de Muria\\u00e9 e regi\\u00e3o\",\"inLanguage\":\"pt-BR\",\"publisher\":{\"@id\":\"https:\\\/\\\/anoticiaonline.com.br\\\/site\\\/#organization\"}}]}\n\t\t<\/script>\n\t\t<!-- All in One SEO -->\n\n","aioseo_head_json":{"title":"Pe\u00e7a \u2018O Pequeno Pr\u00edncipe\u2019 ser\u00e1 apresentada neste final de semana, no Belmira Vilas Boas - A Not\u00edcia Online","description":"O Teatro Belmira Vilas Boas apresenta neste s\u00e1bado e domingo (17 e 18), a pe\u00e7a \u201cO Pequeno Pr\u00edncipe\u201d, inspirada na obra do escritor franc\u00eas Antoine de Saint-Exup\u00e9ry, publicada em 1943 nos Estados Unidos. No s\u00e1bado, a apresenta\u00e7\u00e3o acontece \u00e0s 17h30min e \u00e0s 19h30min. No domingo, os hor\u00e1rios de apresenta\u00e7\u00e3o s\u00e3o \u00e0s 10h30min e \u00e0s 17h30min","canonical_url":"https:\/\/anoticiaonline.com.br\/site\/peca-o-pequeno-principe-sera-apresentada-neste-final-de-semana-no-belmira-vilas-boas\/","robots":"max-image-preview:large","keywords":"","webmasterTools":{"miscellaneous":""},"schema":{"@context":"https:\/\/schema.org","@graph":[{"@type":"BlogPosting","@id":"https:\/\/anoticiaonline.com.br\/site\/peca-o-pequeno-principe-sera-apresentada-neste-final-de-semana-no-belmira-vilas-boas\/#blogposting","name":"Pe\u00e7a \u2018O Pequeno Pr\u00edncipe\u2019 ser\u00e1 apresentada neste final de semana, no Belmira Vilas Boas - A Not\u00edcia Online","headline":"Pe\u00e7a \u2018O Pequeno Pr\u00edncipe\u2019 ser\u00e1 apresentada neste final de semana, no Belmira Vilas Boas","author":{"@id":"https:\/\/anoticiaonline.com.br\/site\/author\/juliana\/#author"},"publisher":{"@id":"https:\/\/anoticiaonline.com.br\/site\/#organization"},"image":{"@type":"ImageObject","url":"https:\/\/anoticiaonline.com.br\/site\/wp-content\/uploads\/2015\/10\/o-pequeno-principe.jpg","width":404,"height":640},"datePublished":"2015-10-16T08:00:52-03:00","dateModified":"2015-10-14T17:35:32-03:00","inLanguage":"pt-BR","mainEntityOfPage":{"@id":"https:\/\/anoticiaonline.com.br\/site\/peca-o-pequeno-principe-sera-apresentada-neste-final-de-semana-no-belmira-vilas-boas\/#webpage"},"isPartOf":{"@id":"https:\/\/anoticiaonline.com.br\/site\/peca-o-pequeno-principe-sera-apresentada-neste-final-de-semana-no-belmira-vilas-boas\/#webpage"},"articleSection":"Cultura, slide"},{"@type":"BreadcrumbList","@id":"https:\/\/anoticiaonline.com.br\/site\/peca-o-pequeno-principe-sera-apresentada-neste-final-de-semana-no-belmira-vilas-boas\/#breadcrumblist","itemListElement":[{"@type":"ListItem","@id":"https:\/\/anoticiaonline.com.br\/site#listItem","position":1,"name":"Home","item":"https:\/\/anoticiaonline.com.br\/site","nextItem":{"@type":"ListItem","@id":"https:\/\/anoticiaonline.com.br\/site\/categoria\/muriae\/#listItem","name":"Blog"}},{"@type":"ListItem","@id":"https:\/\/anoticiaonline.com.br\/site\/categoria\/muriae\/#listItem","position":2,"name":"Blog","item":"https:\/\/anoticiaonline.com.br\/site\/categoria\/muriae\/","nextItem":{"@type":"ListItem","@id":"https:\/\/anoticiaonline.com.br\/site\/categoria\/muriae\/cultura\/#listItem","name":"Cultura"},"previousItem":{"@type":"ListItem","@id":"https:\/\/anoticiaonline.com.br\/site#listItem","name":"Home"}},{"@type":"ListItem","@id":"https:\/\/anoticiaonline.com.br\/site\/categoria\/muriae\/cultura\/#listItem","position":3,"name":"Cultura","item":"https:\/\/anoticiaonline.com.br\/site\/categoria\/muriae\/cultura\/","nextItem":{"@type":"ListItem","@id":"https:\/\/anoticiaonline.com.br\/site\/peca-o-pequeno-principe-sera-apresentada-neste-final-de-semana-no-belmira-vilas-boas\/#listItem","name":"Pe\u00e7a \u2018O Pequeno Pr\u00edncipe\u2019 ser\u00e1 apresentada neste final de semana, no Belmira Vilas Boas"},"previousItem":{"@type":"ListItem","@id":"https:\/\/anoticiaonline.com.br\/site\/categoria\/muriae\/#listItem","name":"Blog"}},{"@type":"ListItem","@id":"https:\/\/anoticiaonline.com.br\/site\/peca-o-pequeno-principe-sera-apresentada-neste-final-de-semana-no-belmira-vilas-boas\/#listItem","position":4,"name":"Pe\u00e7a \u2018O Pequeno Pr\u00edncipe\u2019 ser\u00e1 apresentada neste final de semana, no Belmira Vilas Boas","previousItem":{"@type":"ListItem","@id":"https:\/\/anoticiaonline.com.br\/site\/categoria\/muriae\/cultura\/#listItem","name":"Cultura"}}]},{"@type":"Organization","@id":"https:\/\/anoticiaonline.com.br\/site\/#organization","name":"A Not\u00edcia Online","description":"Noticias de Muria\u00e9 e regi\u00e3o","url":"https:\/\/anoticiaonline.com.br\/site\/","logo":{"@type":"ImageObject","url":"https:\/\/scontent-gig4-1.xx.fbcdn.net\/v\/t39.30808-1\/270437624_4564083193639691_6907940295614233970_n.jpg?stp=dst-jpg_s200x200_tt6&_nc_cat=111&ccb=1-7&_nc_sid=f907e8&_nc_ohc=SM1wRlP3lJwQ7kNvwEPuBYA&_nc_oc=AdnqrjDN_BNjSSHWO-GbkIWH6fkGMLw4bqvL_NH6e2wMveX7G-rP2dAqsDSq1mJMOaY&_nc_zt=24&_nc_ht=scontent-gig4-1.xx&_nc_gid=AoBFJeGrT1hVaew_6rchkQ&oh=00_AfX7QmFGhQhG2jAllVgXCiM1ZrWgvtp80-Bfppyexh1QEg&oe=689E923C","@id":"https:\/\/anoticiaonline.com.br\/site\/peca-o-pequeno-principe-sera-apresentada-neste-final-de-semana-no-belmira-vilas-boas\/#organizationLogo"},"image":{"@id":"https:\/\/anoticiaonline.com.br\/site\/peca-o-pequeno-principe-sera-apresentada-neste-final-de-semana-no-belmira-vilas-boas\/#organizationLogo"}},{"@type":"Person","@id":"https:\/\/anoticiaonline.com.br\/site\/author\/juliana\/#author","url":"https:\/\/anoticiaonline.com.br\/site\/author\/juliana\/","name":"Juliana Laviola","image":{"@type":"ImageObject","@id":"https:\/\/anoticiaonline.com.br\/site\/peca-o-pequeno-principe-sera-apresentada-neste-final-de-semana-no-belmira-vilas-boas\/#authorImage","url":"https:\/\/secure.gravatar.com\/avatar\/b8d45f5c699b100dfaf0e543582f38f38bf94cb7ae3a5e9abf8d891a34773335?s=96&d=mm&r=g","width":96,"height":96,"caption":"Juliana Laviola"}},{"@type":"WebPage","@id":"https:\/\/anoticiaonline.com.br\/site\/peca-o-pequeno-principe-sera-apresentada-neste-final-de-semana-no-belmira-vilas-boas\/#webpage","url":"https:\/\/anoticiaonline.com.br\/site\/peca-o-pequeno-principe-sera-apresentada-neste-final-de-semana-no-belmira-vilas-boas\/","name":"Pe\u00e7a \u2018O Pequeno Pr\u00edncipe\u2019 ser\u00e1 apresentada neste final de semana, no Belmira Vilas Boas - A Not\u00edcia Online","description":"O Teatro Belmira Vilas Boas apresenta neste s\u00e1bado e domingo (17 e 18), a pe\u00e7a \u201cO Pequeno Pr\u00edncipe\u201d, inspirada na obra do escritor franc\u00eas Antoine de Saint-Exup\u00e9ry, publicada em 1943 nos Estados Unidos. No s\u00e1bado, a apresenta\u00e7\u00e3o acontece \u00e0s 17h30min e \u00e0s 19h30min. No domingo, os hor\u00e1rios de apresenta\u00e7\u00e3o s\u00e3o \u00e0s 10h30min e \u00e0s 17h30min","inLanguage":"pt-BR","isPartOf":{"@id":"https:\/\/anoticiaonline.com.br\/site\/#website"},"breadcrumb":{"@id":"https:\/\/anoticiaonline.com.br\/site\/peca-o-pequeno-principe-sera-apresentada-neste-final-de-semana-no-belmira-vilas-boas\/#breadcrumblist"},"author":{"@id":"https:\/\/anoticiaonline.com.br\/site\/author\/juliana\/#author"},"creator":{"@id":"https:\/\/anoticiaonline.com.br\/site\/author\/juliana\/#author"},"image":{"@type":"ImageObject","url":"https:\/\/anoticiaonline.com.br\/site\/wp-content\/uploads\/2015\/10\/o-pequeno-principe.jpg","@id":"https:\/\/anoticiaonline.com.br\/site\/peca-o-pequeno-principe-sera-apresentada-neste-final-de-semana-no-belmira-vilas-boas\/#mainImage","width":404,"height":640},"primaryImageOfPage":{"@id":"https:\/\/anoticiaonline.com.br\/site\/peca-o-pequeno-principe-sera-apresentada-neste-final-de-semana-no-belmira-vilas-boas\/#mainImage"},"datePublished":"2015-10-16T08:00:52-03:00","dateModified":"2015-10-14T17:35:32-03:00"},{"@type":"WebSite","@id":"https:\/\/anoticiaonline.com.br\/site\/#website","url":"https:\/\/anoticiaonline.com.br\/site\/","name":"A Not\u00edcia Online","description":"Noticias de Muria\u00e9 e regi\u00e3o","inLanguage":"pt-BR","publisher":{"@id":"https:\/\/anoticiaonline.com.br\/site\/#organization"}}]},"og:locale":"pt_BR","og:site_name":"A Not\u00edcia Online - Noticias de Muria\u00e9 e regi\u00e3o","og:type":"article","og:title":"Pe\u00e7a \u2018O Pequeno Pr\u00edncipe\u2019 ser\u00e1 apresentada neste final de semana, no Belmira Vilas Boas - A Not\u00edcia Online","og:description":"O Teatro Belmira Vilas Boas apresenta neste s\u00e1bado e domingo (17 e 18), a pe\u00e7a \u201cO Pequeno Pr\u00edncipe\u201d, inspirada na obra do escritor franc\u00eas Antoine de Saint-Exup\u00e9ry, publicada em 1943 nos Estados Unidos. No s\u00e1bado, a apresenta\u00e7\u00e3o acontece \u00e0s 17h30min e \u00e0s 19h30min. No domingo, os hor\u00e1rios de apresenta\u00e7\u00e3o s\u00e3o \u00e0s 10h30min e \u00e0s 17h30min","og:url":"https:\/\/anoticiaonline.com.br\/site\/peca-o-pequeno-principe-sera-apresentada-neste-final-de-semana-no-belmira-vilas-boas\/","og:image":"https:\/\/scontent-gig4-1.xx.fbcdn.net\/v\/t39.30808-1\/270437624_4564083193639691_6907940295614233970_n.jpg?stp=dst-jpg_s200x200_tt6&#038;_nc_cat=111&#038;ccb=1-7&#038;_nc_sid=f907e8&#038;_nc_ohc=SM1wRlP3lJwQ7kNvwEPuBYA&#038;_nc_oc=AdnqrjDN_BNjSSHWO-GbkIWH6fkGMLw4bqvL_NH6e2wMveX7G-rP2dAqsDSq1mJMOaY&#038;_nc_zt=24&#038;_nc_ht=scontent-gig4-1.xx&#038;_nc_gid=AoBFJeGrT1hVaew_6rchkQ&#038;oh=00_AfX7QmFGhQhG2jAllVgXCiM1ZrWgvtp80-Bfppyexh1QEg&#038;oe=689E923C","og:image:secure_url":"https:\/\/scontent-gig4-1.xx.fbcdn.net\/v\/t39.30808-1\/270437624_4564083193639691_6907940295614233970_n.jpg?stp=dst-jpg_s200x200_tt6&#038;_nc_cat=111&#038;ccb=1-7&#038;_nc_sid=f907e8&#038;_nc_ohc=SM1wRlP3lJwQ7kNvwEPuBYA&#038;_nc_oc=AdnqrjDN_BNjSSHWO-GbkIWH6fkGMLw4bqvL_NH6e2wMveX7G-rP2dAqsDSq1mJMOaY&#038;_nc_zt=24&#038;_nc_ht=scontent-gig4-1.xx&#038;_nc_gid=AoBFJeGrT1hVaew_6rchkQ&#038;oh=00_AfX7QmFGhQhG2jAllVgXCiM1ZrWgvtp80-Bfppyexh1QEg&#038;oe=689E923C","article:published_time":"2015-10-16T11:00:52+00:00","article:modified_time":"2015-10-14T20:35:32+00:00","twitter:card":"summary_large_image","twitter:title":"Pe\u00e7a \u2018O Pequeno Pr\u00edncipe\u2019 ser\u00e1 apresentada neste final de semana, no Belmira Vilas Boas - A Not\u00edcia Online","twitter:description":"O Teatro Belmira Vilas Boas apresenta neste s\u00e1bado e domingo (17 e 18), a pe\u00e7a \u201cO Pequeno Pr\u00edncipe\u201d, inspirada na obra do escritor franc\u00eas Antoine de Saint-Exup\u00e9ry, publicada em 1943 nos Estados Unidos. No s\u00e1bado, a apresenta\u00e7\u00e3o acontece \u00e0s 17h30min e \u00e0s 19h30min. No domingo, os hor\u00e1rios de apresenta\u00e7\u00e3o s\u00e3o \u00e0s 10h30min e \u00e0s 17h30min","twitter:image":"https:\/\/scontent-gig4-1.xx.fbcdn.net\/v\/t39.30808-1\/270437624_4564083193639691_6907940295614233970_n.jpg?stp=dst-jpg_s200x200_tt6&_nc_cat=111&ccb=1-7&_nc_sid=f907e8&_nc_ohc=SM1wRlP3lJwQ7kNvwEPuBYA&_nc_oc=AdnqrjDN_BNjSSHWO-GbkIWH6fkGMLw4bqvL_NH6e2wMveX7G-rP2dAqsDSq1mJMOaY&_nc_zt=24&_nc_ht=scontent-gig4-1.xx&_nc_gid=AoBFJeGrT1hVaew_6rchkQ&oh=00_AfX7QmFGhQhG2jAllVgXCiM1ZrWgvtp80-Bfppyexh1QEg&oe=689E923C"},"aioseo_meta_data":{"post_id":"4810","title":null,"description":null,"keywords":null,"keyphrases":null,"primary_term":null,"canonical_url":null,"og_title":null,"og_description":null,"og_object_type":"default","og_image_type":"default","og_image_url":null,"og_image_width":null,"og_image_height":null,"og_image_custom_url":null,"og_image_custom_fields":null,"og_video":null,"og_custom_url":null,"og_article_section":null,"og_article_tags":null,"twitter_use_og":false,"twitter_card":"default","twitter_image_type":"default","twitter_image_url":null,"twitter_image_custom_url":null,"twitter_image_custom_fields":null,"twitter_title":null,"twitter_description":null,"schema":{"blockGraphs":[],"customGraphs":[],"default":{"data":{"Article":[],"Course":[],"Dataset":[],"FAQPage":[],"Movie":[],"Person":[],"Product":[],"ProductReview":[],"Car":[],"Recipe":[],"Service":[],"SoftwareApplication":[],"WebPage":[]},"graphName":"","isEnabled":true},"graphs":[]},"schema_type":"default","schema_type_options":null,"pillar_content":false,"robots_default":true,"robots_noindex":false,"robots_noarchive":false,"robots_nosnippet":false,"robots_nofollow":false,"robots_noimageindex":false,"robots_noodp":false,"robots_notranslate":false,"robots_max_snippet":null,"robots_max_videopreview":null,"robots_max_imagepreview":"large","priority":null,"frequency":null,"local_seo":null,"breadcrumb_settings":null,"limit_modified_date":false,"ai":null,"created":"2025-08-16 13:34:15","updated":"2025-08-16 13:34:15","focus_keyword":null,"additional_keywords":null,"truseo_locale":null,"seo_analyzer_scan_date":null},"aioseo_breadcrumb":"<div class=\"aioseo-breadcrumbs\"><span class=\"aioseo-breadcrumb\">\n\t\t\t<a href=\"https:\/\/anoticiaonline.com.br\/site\" title=\"Home\">Home<\/a>\n\t\t<\/span><span class=\"aioseo-breadcrumb-separator\">&raquo;<\/span><span class=\"aioseo-breadcrumb\">\n\t\t\t<a href=\"https:\/\/anoticiaonline.com.br\/site\/categoria\/muriae\/\" title=\"Blog\">Blog<\/a>\n\t\t<\/span><span class=\"aioseo-breadcrumb-separator\">&raquo;<\/span><span class=\"aioseo-breadcrumb\">\n\t\t\t<a href=\"https:\/\/anoticiaonline.com.br\/site\/categoria\/muriae\/cultura\/\" title=\"Cultura\">Cultura<\/a>\n\t\t<\/span><span class=\"aioseo-breadcrumb-separator\">&raquo;<\/span><span class=\"aioseo-breadcrumb\">\n\t\t\tPe\u00e7a \u2018O Pequeno Pr\u00edncipe\u2019 ser\u00e1 apresentada neste final de semana, no Belmira Vilas Boas\n\t\t<\/span><\/div>","aioseo_breadcrumb_json":[{"label":"Home","link":"https:\/\/anoticiaonline.com.br\/site"},{"label":"Blog","link":"https:\/\/anoticiaonline.com.br\/site\/categoria\/muriae\/"},{"label":"Cultura","link":"https:\/\/anoticiaonline.com.br\/site\/categoria\/muriae\/cultura\/"},{"label":"Pe\u00e7a \u2018O Pequeno Pr\u00edncipe\u2019 ser\u00e1 apresentada neste final de semana, no Belmira Vilas Boas","link":"https:\/\/anoticiaonline.com.br\/site\/peca-o-pequeno-principe-sera-apresentada-neste-final-de-semana-no-belmira-vilas-boas\/"}],"views":138,"_links":{"self":[{"href":"https:\/\/anoticiaonline.com.br\/site\/wp-json\/wp\/v2\/posts\/4810","targetHints":{"allow":["GET"]}}],"collection":[{"href":"https:\/\/anoticiaonline.com.br\/site\/wp-json\/wp\/v2\/posts"}],"about":[{"href":"https:\/\/anoticiaonline.com.br\/site\/wp-json\/wp\/v2\/types\/post"}],"author":[{"embeddable":true,"href":"https:\/\/anoticiaonline.com.br\/site\/wp-json\/wp\/v2\/users\/2"}],"replies":[{"embeddable":true,"href":"https:\/\/anoticiaonline.com.br\/site\/wp-json\/wp\/v2\/comments?post=4810"}],"version-history":[{"count":0,"href":"https:\/\/anoticiaonline.com.br\/site\/wp-json\/wp\/v2\/posts\/4810\/revisions"}],"wp:featuredmedia":[{"embeddable":true,"href":"https:\/\/anoticiaonline.com.br\/site\/wp-json\/wp\/v2\/media\/4811"}],"wp:attachment":[{"href":"https:\/\/anoticiaonline.com.br\/site\/wp-json\/wp\/v2\/media?parent=4810"}],"wp:term":[{"taxonomy":"category","embeddable":true,"href":"https:\/\/anoticiaonline.com.br\/site\/wp-json\/wp\/v2\/categories?post=4810"},{"taxonomy":"post_tag","embeddable":true,"href":"https:\/\/anoticiaonline.com.br\/site\/wp-json\/wp\/v2\/tags?post=4810"}],"curies":[{"name":"wp","href":"https:\/\/api.w.org\/{rel}","templated":true}]}}