{"id":47976,"date":"2017-12-18T16:49:28","date_gmt":"2017-12-18T19:49:28","guid":{"rendered":"http:\/\/anoticiaonline.com.br\/site\/?p=47976"},"modified":"2017-12-18T16:50:52","modified_gmt":"2017-12-18T19:50:52","slug":"ademar-camerino-e-eleito-presidente-da-camara-municipal-de-muriae","status":"publish","type":"post","link":"https:\/\/anoticiaonline.com.br\/site\/ademar-camerino-e-eleito-presidente-da-camara-municipal-de-muriae\/","title":{"rendered":"Ademar Camerino \u00e9 eleito presidente da C\u00e2mara Municipal de Muria\u00e9"},"content":{"rendered":"<p><a href=\"https:\/\/anoticiaonline.com.br\/site\/wp-content\/uploads\/2017\/12\/DSC_0357.jpg\"><img fetchpriority=\"high\" decoding=\"async\" class=\"aligncenter size-full wp-image-47977\" src=\"https:\/\/anoticiaonline.com.br\/site\/wp-content\/uploads\/2017\/12\/DSC_0357.jpg\" alt=\"\" width=\"579\" height=\"386\" srcset=\"https:\/\/anoticiaonline.com.br\/site\/wp-content\/uploads\/2017\/12\/DSC_0357.jpg 579w, https:\/\/anoticiaonline.com.br\/site\/wp-content\/uploads\/2017\/12\/DSC_0357-300x200.jpg 300w\" sizes=\"(max-width: 579px) 100vw, 579px\" \/><\/a> <a href=\"https:\/\/anoticiaonline.com.br\/site\/wp-content\/uploads\/2017\/12\/DSC_0850.jpg\"><img decoding=\"async\" class=\"aligncenter size-full wp-image-47978\" src=\"https:\/\/anoticiaonline.com.br\/site\/wp-content\/uploads\/2017\/12\/DSC_0850.jpg\" alt=\"\" width=\"640\" height=\"424\" srcset=\"https:\/\/anoticiaonline.com.br\/site\/wp-content\/uploads\/2017\/12\/DSC_0850.jpg 640w, https:\/\/anoticiaonline.com.br\/site\/wp-content\/uploads\/2017\/12\/DSC_0850-300x199.jpg 300w\" sizes=\"(max-width: 640px) 100vw, 640px\" \/><\/a> <a href=\"https:\/\/anoticiaonline.com.br\/site\/wp-content\/uploads\/2017\/12\/DSC_0862.jpg\"><img decoding=\"async\" class=\"aligncenter size-full wp-image-47979\" src=\"https:\/\/anoticiaonline.com.br\/site\/wp-content\/uploads\/2017\/12\/DSC_0862.jpg\" alt=\"\" width=\"640\" height=\"424\" srcset=\"https:\/\/anoticiaonline.com.br\/site\/wp-content\/uploads\/2017\/12\/DSC_0862.jpg 640w, https:\/\/anoticiaonline.com.br\/site\/wp-content\/uploads\/2017\/12\/DSC_0862-300x199.jpg 300w\" sizes=\"(max-width: 640px) 100vw, 640px\" \/><\/a>O vereador Ademar Camerino (PROS) foi eleito o novo presidente da C\u00e2mara Municipal de Muria\u00e9 para o ano de 2018. A elei\u00e7\u00e3o, que se deu em chapa \u00fanica, aconteceu no plen\u00e1rio durante a \u00faltima sess\u00e3o ordin\u00e1ria de 2017, na noite de ter\u00e7a-feira (12), antes dos vereadores entrarem em recesso.<\/p>\n<p>Em seu quinto mandato, Ademar Camerino substituir\u00e1 o ent\u00e3o presidente Carlos Delfim (PSDB). Com 16 votos, a chapa eleita \u00e9 composta ainda por Celsinho (DEM) -1\u00ba vice-presidente, Dr. Jos\u00e9 Carlos (PSB) &#8211; 2\u00ba vice-presidente, Ciso (PPS) &#8211; 1\u00ba secret\u00e1rio e Lelei (DEM) &#8211; 2\u00ba secret\u00e1rio, que formam a Mesa Diretora para o pr\u00f3ximo ano.<\/p>\n<p>\u201cEm um dos meus mandatos, fui eleito presidente da C\u00e2mara Municipal em 2009. Gra\u00e7as a Deus, este ano, tive o apoio de meus colegas, alcan\u00e7ando 16 votos, dos 17 vereadores desta C\u00e2mara. Pretendo fazer um trabalho transparente, pois a popula\u00e7\u00e3o precisa de honestidade e respeito. Espero que possamos aprender com os erros e conduzir os projetos com mais celeridade e seriedade, melhorando a estrutura da Casa Legislativa e proporcionando mais acessibilidade ao cidad\u00e3o. Aproveito o momento para desejar a todos um Feliz Natal e um 2018 cheio de paz e alegria\u201d, conta.<\/p>\n<p>&nbsp;<\/p>\n<p><img decoding=\"async\" class=\"ngg_displayed_gallery mceItem\" src=\"https:\/\/anoticiaonline.com.br\/site\/nextgen-attach_to_post\/preview\/id--48006\" \/><\/p>\n<p>&nbsp;<\/p>\n<p>&nbsp;<\/p>\n<p>&nbsp;<\/p>\n","protected":false},"excerpt":{"rendered":"<p>O vereador Ademar Camerino (PROS) foi eleito o novo presidente da C\u00e2mara Municipal de Muria\u00e9 para o ano de 2018. A elei\u00e7\u00e3o, que se deu em chapa \u00fanica, aconteceu no plen\u00e1rio durante a \u00faltima sess\u00e3o ordin\u00e1ria de 2017, na noite de ter\u00e7a-feira (12), antes dos vereadores entrarem em recesso. Em seu quinto mandato, Ademar Camerino &#8230; <a title=\"Ademar Camerino \u00e9 eleito presidente da C\u00e2mara Municipal de Muria\u00e9\" class=\"read-more\" href=\"https:\/\/anoticiaonline.com.br\/site\/ademar-camerino-e-eleito-presidente-da-camara-municipal-de-muriae\/\" aria-label=\"Read more about Ademar Camerino \u00e9 eleito presidente da C\u00e2mara Municipal de Muria\u00e9\">Ler mais<\/a><\/p>\n","protected":false},"author":2,"featured_media":47979,"comment_status":"open","ping_status":"open","sticky":false,"template":"","format":"standard","meta":{"_acf_changed":false,"_monsterinsights_skip_tracking":false,"footnotes":""},"categories":[1],"tags":[1747,1079,1749,1748],"class_list":["post-47976","post","type-post","status-publish","format-standard","has-post-thumbnail","hentry","category-gerais","tag-ademar-camerino","tag-camara-municipal-de-muriae","tag-novo-presidente-da-camara-municipal-de-muriae","tag-pros"],"acf":[],"aioseo_notices":[],"aioseo_head":"\n\t\t<!-- All in One SEO 5.0.0.1 - aioseo.com -->\n\t<meta name=\"description\" content=\"O vereador Ademar Camerino (PROS) foi eleito o novo presidente da C\u00e2mara Municipal de Muria\u00e9 para o ano de 2018. A elei\u00e7\u00e3o, que se deu em chapa \u00fanica, aconteceu no plen\u00e1rio durante a \u00faltima sess\u00e3o ordin\u00e1ria de 2017, na noite de ter\u00e7a-feira (12), antes dos vereadores entrarem em recesso. Em seu quinto mandato, Ademar Camerino\" \/>\n\t<meta name=\"robots\" content=\"max-image-preview:large\" \/>\n\t<meta name=\"author\" content=\"Juliana Laviola\"\/>\n\t<link rel=\"canonical\" href=\"https:\/\/anoticiaonline.com.br\/site\/ademar-camerino-e-eleito-presidente-da-camara-municipal-de-muriae\/\" \/>\n\t<meta name=\"generator\" content=\"All in One SEO (AIOSEO) 5.0.0.1\" \/>\n\t\t<meta property=\"og:locale\" content=\"pt_BR\" \/>\n\t\t<meta property=\"og:site_name\" content=\"A Not\u00edcia Online - Noticias de Muria\u00e9 e regi\u00e3o\" \/>\n\t\t<meta property=\"og:type\" content=\"article\" \/>\n\t\t<meta property=\"og:title\" content=\"Ademar Camerino \u00e9 eleito presidente da C\u00e2mara Municipal de Muria\u00e9 - A Not\u00edcia Online\" \/>\n\t\t<meta property=\"og:description\" content=\"O vereador Ademar Camerino (PROS) foi eleito o novo presidente da C\u00e2mara Municipal de Muria\u00e9 para o ano de 2018. A elei\u00e7\u00e3o, que se deu em chapa \u00fanica, aconteceu no plen\u00e1rio durante a \u00faltima sess\u00e3o ordin\u00e1ria de 2017, na noite de ter\u00e7a-feira (12), antes dos vereadores entrarem em recesso. Em seu quinto mandato, Ademar Camerino\" \/>\n\t\t<meta property=\"og:url\" content=\"https:\/\/anoticiaonline.com.br\/site\/ademar-camerino-e-eleito-presidente-da-camara-municipal-de-muriae\/\" \/>\n\t\t<meta property=\"og:image\" content=\"https:\/\/scontent-gig4-1.xx.fbcdn.net\/v\/t39.30808-1\/270437624_4564083193639691_6907940295614233970_n.jpg?stp=dst-jpg_s200x200_tt6&#038;_nc_cat=111&#038;ccb=1-7&#038;_nc_sid=f907e8&#038;_nc_ohc=SM1wRlP3lJwQ7kNvwEPuBYA&#038;_nc_oc=AdnqrjDN_BNjSSHWO-GbkIWH6fkGMLw4bqvL_NH6e2wMveX7G-rP2dAqsDSq1mJMOaY&#038;_nc_zt=24&#038;_nc_ht=scontent-gig4-1.xx&#038;_nc_gid=AoBFJeGrT1hVaew_6rchkQ&#038;oh=00_AfX7QmFGhQhG2jAllVgXCiM1ZrWgvtp80-Bfppyexh1QEg&#038;oe=689E923C\" \/>\n\t\t<meta property=\"og:image:secure_url\" content=\"https:\/\/scontent-gig4-1.xx.fbcdn.net\/v\/t39.30808-1\/270437624_4564083193639691_6907940295614233970_n.jpg?stp=dst-jpg_s200x200_tt6&#038;_nc_cat=111&#038;ccb=1-7&#038;_nc_sid=f907e8&#038;_nc_ohc=SM1wRlP3lJwQ7kNvwEPuBYA&#038;_nc_oc=AdnqrjDN_BNjSSHWO-GbkIWH6fkGMLw4bqvL_NH6e2wMveX7G-rP2dAqsDSq1mJMOaY&#038;_nc_zt=24&#038;_nc_ht=scontent-gig4-1.xx&#038;_nc_gid=AoBFJeGrT1hVaew_6rchkQ&#038;oh=00_AfX7QmFGhQhG2jAllVgXCiM1ZrWgvtp80-Bfppyexh1QEg&#038;oe=689E923C\" \/>\n\t\t<meta property=\"article:published_time\" content=\"2017-12-18T19:49:28+00:00\" \/>\n\t\t<meta property=\"article:modified_time\" content=\"2017-12-18T19:50:52+00:00\" \/>\n\t\t<meta name=\"twitter:card\" content=\"summary_large_image\" \/>\n\t\t<meta name=\"twitter:title\" content=\"Ademar Camerino \u00e9 eleito presidente da C\u00e2mara Municipal de Muria\u00e9 - A Not\u00edcia Online\" \/>\n\t\t<meta name=\"twitter:description\" content=\"O vereador Ademar Camerino (PROS) foi eleito o novo presidente da C\u00e2mara Municipal de Muria\u00e9 para o ano de 2018. A elei\u00e7\u00e3o, que se deu em chapa \u00fanica, aconteceu no plen\u00e1rio durante a \u00faltima sess\u00e3o ordin\u00e1ria de 2017, na noite de ter\u00e7a-feira (12), antes dos vereadores entrarem em recesso. Em seu quinto mandato, Ademar Camerino\" \/>\n\t\t<meta name=\"twitter:image\" content=\"https:\/\/scontent-gig4-1.xx.fbcdn.net\/v\/t39.30808-1\/270437624_4564083193639691_6907940295614233970_n.jpg?stp=dst-jpg_s200x200_tt6&amp;_nc_cat=111&amp;ccb=1-7&amp;_nc_sid=f907e8&amp;_nc_ohc=SM1wRlP3lJwQ7kNvwEPuBYA&amp;_nc_oc=AdnqrjDN_BNjSSHWO-GbkIWH6fkGMLw4bqvL_NH6e2wMveX7G-rP2dAqsDSq1mJMOaY&amp;_nc_zt=24&amp;_nc_ht=scontent-gig4-1.xx&amp;_nc_gid=AoBFJeGrT1hVaew_6rchkQ&amp;oh=00_AfX7QmFGhQhG2jAllVgXCiM1ZrWgvtp80-Bfppyexh1QEg&amp;oe=689E923C\" \/>\n\t\t<script type=\"application\/ld+json\" class=\"aioseo-schema\">\n\t\t\t{\"@context\":\"https:\\\/\\\/schema.org\",\"@graph\":[{\"@type\":\"BlogPosting\",\"@id\":\"https:\\\/\\\/anoticiaonline.com.br\\\/site\\\/ademar-camerino-e-eleito-presidente-da-camara-municipal-de-muriae\\\/#blogposting\",\"name\":\"Ademar Camerino \\u00e9 eleito presidente da C\\u00e2mara Municipal de Muria\\u00e9 - A Not\\u00edcia Online\",\"headline\":\"Ademar Camerino \\u00e9 eleito presidente da C\\u00e2mara Municipal de Muria\\u00e9\",\"author\":{\"@id\":\"https:\\\/\\\/anoticiaonline.com.br\\\/site\\\/author\\\/juliana\\\/#author\"},\"publisher\":{\"@id\":\"https:\\\/\\\/anoticiaonline.com.br\\\/site\\\/#organization\"},\"image\":{\"@type\":\"ImageObject\",\"url\":\"https:\\\/\\\/anoticiaonline.com.br\\\/site\\\/wp-content\\\/uploads\\\/2017\\\/12\\\/DSC_0862.jpg\",\"width\":640,\"height\":424},\"datePublished\":\"2017-12-18T16:49:28-03:00\",\"dateModified\":\"2017-12-18T16:50:52-03:00\",\"inLanguage\":\"pt-BR\",\"mainEntityOfPage\":{\"@id\":\"https:\\\/\\\/anoticiaonline.com.br\\\/site\\\/ademar-camerino-e-eleito-presidente-da-camara-municipal-de-muriae\\\/#webpage\"},\"isPartOf\":{\"@id\":\"https:\\\/\\\/anoticiaonline.com.br\\\/site\\\/ademar-camerino-e-eleito-presidente-da-camara-municipal-de-muriae\\\/#webpage\"},\"articleSection\":\"Gerais, Ademar Camerino, C\\u00e2mara Municipal de Muria\\u00e9, novo presidente da C\\u00e2mara Municipal de Muria\\u00e9, PROS\"},{\"@type\":\"BreadcrumbList\",\"@id\":\"https:\\\/\\\/anoticiaonline.com.br\\\/site\\\/ademar-camerino-e-eleito-presidente-da-camara-municipal-de-muriae\\\/#breadcrumblist\",\"itemListElement\":[{\"@type\":\"ListItem\",\"@id\":\"https:\\\/\\\/anoticiaonline.com.br\\\/site#listItem\",\"position\":1,\"name\":\"Home\",\"item\":\"https:\\\/\\\/anoticiaonline.com.br\\\/site\",\"nextItem\":{\"@type\":\"ListItem\",\"@id\":\"https:\\\/\\\/anoticiaonline.com.br\\\/site\\\/categoria\\\/gerais\\\/#listItem\",\"name\":\"Gerais\"}},{\"@type\":\"ListItem\",\"@id\":\"https:\\\/\\\/anoticiaonline.com.br\\\/site\\\/categoria\\\/gerais\\\/#listItem\",\"position\":2,\"name\":\"Gerais\",\"item\":\"https:\\\/\\\/anoticiaonline.com.br\\\/site\\\/categoria\\\/gerais\\\/\",\"nextItem\":{\"@type\":\"ListItem\",\"@id\":\"https:\\\/\\\/anoticiaonline.com.br\\\/site\\\/ademar-camerino-e-eleito-presidente-da-camara-municipal-de-muriae\\\/#listItem\",\"name\":\"Ademar Camerino \\u00e9 eleito presidente da C\\u00e2mara Municipal de Muria\\u00e9\"},\"previousItem\":{\"@type\":\"ListItem\",\"@id\":\"https:\\\/\\\/anoticiaonline.com.br\\\/site#listItem\",\"name\":\"Home\"}},{\"@type\":\"ListItem\",\"@id\":\"https:\\\/\\\/anoticiaonline.com.br\\\/site\\\/ademar-camerino-e-eleito-presidente-da-camara-municipal-de-muriae\\\/#listItem\",\"position\":3,\"name\":\"Ademar Camerino \\u00e9 eleito presidente da C\\u00e2mara Municipal de Muria\\u00e9\",\"previousItem\":{\"@type\":\"ListItem\",\"@id\":\"https:\\\/\\\/anoticiaonline.com.br\\\/site\\\/categoria\\\/gerais\\\/#listItem\",\"name\":\"Gerais\"}}]},{\"@type\":\"Organization\",\"@id\":\"https:\\\/\\\/anoticiaonline.com.br\\\/site\\\/#organization\",\"name\":\"A Not\\u00edcia Online\",\"description\":\"Noticias de Muria\\u00e9 e regi\\u00e3o\",\"url\":\"https:\\\/\\\/anoticiaonline.com.br\\\/site\\\/\",\"logo\":{\"@type\":\"ImageObject\",\"url\":\"https:\\\/\\\/scontent-gig4-1.xx.fbcdn.net\\\/v\\\/t39.30808-1\\\/270437624_4564083193639691_6907940295614233970_n.jpg?stp=dst-jpg_s200x200_tt6&_nc_cat=111&ccb=1-7&_nc_sid=f907e8&_nc_ohc=SM1wRlP3lJwQ7kNvwEPuBYA&_nc_oc=AdnqrjDN_BNjSSHWO-GbkIWH6fkGMLw4bqvL_NH6e2wMveX7G-rP2dAqsDSq1mJMOaY&_nc_zt=24&_nc_ht=scontent-gig4-1.xx&_nc_gid=AoBFJeGrT1hVaew_6rchkQ&oh=00_AfX7QmFGhQhG2jAllVgXCiM1ZrWgvtp80-Bfppyexh1QEg&oe=689E923C\",\"@id\":\"https:\\\/\\\/anoticiaonline.com.br\\\/site\\\/ademar-camerino-e-eleito-presidente-da-camara-municipal-de-muriae\\\/#organizationLogo\"},\"image\":{\"@id\":\"https:\\\/\\\/anoticiaonline.com.br\\\/site\\\/ademar-camerino-e-eleito-presidente-da-camara-municipal-de-muriae\\\/#organizationLogo\"}},{\"@type\":\"Person\",\"@id\":\"https:\\\/\\\/anoticiaonline.com.br\\\/site\\\/author\\\/juliana\\\/#author\",\"url\":\"https:\\\/\\\/anoticiaonline.com.br\\\/site\\\/author\\\/juliana\\\/\",\"name\":\"Juliana Laviola\",\"image\":{\"@type\":\"ImageObject\",\"@id\":\"https:\\\/\\\/anoticiaonline.com.br\\\/site\\\/ademar-camerino-e-eleito-presidente-da-camara-municipal-de-muriae\\\/#authorImage\",\"url\":\"https:\\\/\\\/secure.gravatar.com\\\/avatar\\\/b8d45f5c699b100dfaf0e543582f38f38bf94cb7ae3a5e9abf8d891a34773335?s=96&d=mm&r=g\",\"width\":96,\"height\":96,\"caption\":\"Juliana Laviola\"}},{\"@type\":\"WebPage\",\"@id\":\"https:\\\/\\\/anoticiaonline.com.br\\\/site\\\/ademar-camerino-e-eleito-presidente-da-camara-municipal-de-muriae\\\/#webpage\",\"url\":\"https:\\\/\\\/anoticiaonline.com.br\\\/site\\\/ademar-camerino-e-eleito-presidente-da-camara-municipal-de-muriae\\\/\",\"name\":\"Ademar Camerino \\u00e9 eleito presidente da C\\u00e2mara Municipal de Muria\\u00e9 - A Not\\u00edcia Online\",\"description\":\"O vereador Ademar Camerino (PROS) foi eleito o novo presidente da C\\u00e2mara Municipal de Muria\\u00e9 para o ano de 2018. A elei\\u00e7\\u00e3o, que se deu em chapa \\u00fanica, aconteceu no plen\\u00e1rio durante a \\u00faltima sess\\u00e3o ordin\\u00e1ria de 2017, na noite de ter\\u00e7a-feira (12), antes dos vereadores entrarem em recesso. Em seu quinto mandato, Ademar Camerino\",\"inLanguage\":\"pt-BR\",\"isPartOf\":{\"@id\":\"https:\\\/\\\/anoticiaonline.com.br\\\/site\\\/#website\"},\"breadcrumb\":{\"@id\":\"https:\\\/\\\/anoticiaonline.com.br\\\/site\\\/ademar-camerino-e-eleito-presidente-da-camara-municipal-de-muriae\\\/#breadcrumblist\"},\"author\":{\"@id\":\"https:\\\/\\\/anoticiaonline.com.br\\\/site\\\/author\\\/juliana\\\/#author\"},\"creator\":{\"@id\":\"https:\\\/\\\/anoticiaonline.com.br\\\/site\\\/author\\\/juliana\\\/#author\"},\"image\":{\"@type\":\"ImageObject\",\"url\":\"https:\\\/\\\/anoticiaonline.com.br\\\/site\\\/wp-content\\\/uploads\\\/2017\\\/12\\\/DSC_0862.jpg\",\"@id\":\"https:\\\/\\\/anoticiaonline.com.br\\\/site\\\/ademar-camerino-e-eleito-presidente-da-camara-municipal-de-muriae\\\/#mainImage\",\"width\":640,\"height\":424},\"primaryImageOfPage\":{\"@id\":\"https:\\\/\\\/anoticiaonline.com.br\\\/site\\\/ademar-camerino-e-eleito-presidente-da-camara-municipal-de-muriae\\\/#mainImage\"},\"datePublished\":\"2017-12-18T16:49:28-03:00\",\"dateModified\":\"2017-12-18T16:50:52-03:00\"},{\"@type\":\"WebSite\",\"@id\":\"https:\\\/\\\/anoticiaonline.com.br\\\/site\\\/#website\",\"url\":\"https:\\\/\\\/anoticiaonline.com.br\\\/site\\\/\",\"name\":\"A Not\\u00edcia Online\",\"description\":\"Noticias de Muria\\u00e9 e regi\\u00e3o\",\"inLanguage\":\"pt-BR\",\"publisher\":{\"@id\":\"https:\\\/\\\/anoticiaonline.com.br\\\/site\\\/#organization\"}}]}\n\t\t<\/script>\n\t\t<!-- All in One SEO -->\n\n","aioseo_head_json":{"title":"Ademar Camerino \u00e9 eleito presidente da C\u00e2mara Municipal de Muria\u00e9 - A Not\u00edcia Online","description":"O vereador Ademar Camerino (PROS) foi eleito o novo presidente da C\u00e2mara Municipal de Muria\u00e9 para o ano de 2018. A elei\u00e7\u00e3o, que se deu em chapa \u00fanica, aconteceu no plen\u00e1rio durante a \u00faltima sess\u00e3o ordin\u00e1ria de 2017, na noite de ter\u00e7a-feira (12), antes dos vereadores entrarem em recesso. Em seu quinto mandato, Ademar Camerino","canonical_url":"https:\/\/anoticiaonline.com.br\/site\/ademar-camerino-e-eleito-presidente-da-camara-municipal-de-muriae\/","robots":"max-image-preview:large","keywords":"","webmasterTools":{"miscellaneous":""},"schema":{"@context":"https:\/\/schema.org","@graph":[{"@type":"BlogPosting","@id":"https:\/\/anoticiaonline.com.br\/site\/ademar-camerino-e-eleito-presidente-da-camara-municipal-de-muriae\/#blogposting","name":"Ademar Camerino \u00e9 eleito presidente da C\u00e2mara Municipal de Muria\u00e9 - A Not\u00edcia Online","headline":"Ademar Camerino \u00e9 eleito presidente da C\u00e2mara Municipal de Muria\u00e9","author":{"@id":"https:\/\/anoticiaonline.com.br\/site\/author\/juliana\/#author"},"publisher":{"@id":"https:\/\/anoticiaonline.com.br\/site\/#organization"},"image":{"@type":"ImageObject","url":"https:\/\/anoticiaonline.com.br\/site\/wp-content\/uploads\/2017\/12\/DSC_0862.jpg","width":640,"height":424},"datePublished":"2017-12-18T16:49:28-03:00","dateModified":"2017-12-18T16:50:52-03:00","inLanguage":"pt-BR","mainEntityOfPage":{"@id":"https:\/\/anoticiaonline.com.br\/site\/ademar-camerino-e-eleito-presidente-da-camara-municipal-de-muriae\/#webpage"},"isPartOf":{"@id":"https:\/\/anoticiaonline.com.br\/site\/ademar-camerino-e-eleito-presidente-da-camara-municipal-de-muriae\/#webpage"},"articleSection":"Gerais, Ademar Camerino, C\u00e2mara Municipal de Muria\u00e9, novo presidente da C\u00e2mara Municipal de Muria\u00e9, PROS"},{"@type":"BreadcrumbList","@id":"https:\/\/anoticiaonline.com.br\/site\/ademar-camerino-e-eleito-presidente-da-camara-municipal-de-muriae\/#breadcrumblist","itemListElement":[{"@type":"ListItem","@id":"https:\/\/anoticiaonline.com.br\/site#listItem","position":1,"name":"Home","item":"https:\/\/anoticiaonline.com.br\/site","nextItem":{"@type":"ListItem","@id":"https:\/\/anoticiaonline.com.br\/site\/categoria\/gerais\/#listItem","name":"Gerais"}},{"@type":"ListItem","@id":"https:\/\/anoticiaonline.com.br\/site\/categoria\/gerais\/#listItem","position":2,"name":"Gerais","item":"https:\/\/anoticiaonline.com.br\/site\/categoria\/gerais\/","nextItem":{"@type":"ListItem","@id":"https:\/\/anoticiaonline.com.br\/site\/ademar-camerino-e-eleito-presidente-da-camara-municipal-de-muriae\/#listItem","name":"Ademar Camerino \u00e9 eleito presidente da C\u00e2mara Municipal de Muria\u00e9"},"previousItem":{"@type":"ListItem","@id":"https:\/\/anoticiaonline.com.br\/site#listItem","name":"Home"}},{"@type":"ListItem","@id":"https:\/\/anoticiaonline.com.br\/site\/ademar-camerino-e-eleito-presidente-da-camara-municipal-de-muriae\/#listItem","position":3,"name":"Ademar Camerino \u00e9 eleito presidente da C\u00e2mara Municipal de Muria\u00e9","previousItem":{"@type":"ListItem","@id":"https:\/\/anoticiaonline.com.br\/site\/categoria\/gerais\/#listItem","name":"Gerais"}}]},{"@type":"Organization","@id":"https:\/\/anoticiaonline.com.br\/site\/#organization","name":"A Not\u00edcia Online","description":"Noticias de Muria\u00e9 e regi\u00e3o","url":"https:\/\/anoticiaonline.com.br\/site\/","logo":{"@type":"ImageObject","url":"https:\/\/scontent-gig4-1.xx.fbcdn.net\/v\/t39.30808-1\/270437624_4564083193639691_6907940295614233970_n.jpg?stp=dst-jpg_s200x200_tt6&_nc_cat=111&ccb=1-7&_nc_sid=f907e8&_nc_ohc=SM1wRlP3lJwQ7kNvwEPuBYA&_nc_oc=AdnqrjDN_BNjSSHWO-GbkIWH6fkGMLw4bqvL_NH6e2wMveX7G-rP2dAqsDSq1mJMOaY&_nc_zt=24&_nc_ht=scontent-gig4-1.xx&_nc_gid=AoBFJeGrT1hVaew_6rchkQ&oh=00_AfX7QmFGhQhG2jAllVgXCiM1ZrWgvtp80-Bfppyexh1QEg&oe=689E923C","@id":"https:\/\/anoticiaonline.com.br\/site\/ademar-camerino-e-eleito-presidente-da-camara-municipal-de-muriae\/#organizationLogo"},"image":{"@id":"https:\/\/anoticiaonline.com.br\/site\/ademar-camerino-e-eleito-presidente-da-camara-municipal-de-muriae\/#organizationLogo"}},{"@type":"Person","@id":"https:\/\/anoticiaonline.com.br\/site\/author\/juliana\/#author","url":"https:\/\/anoticiaonline.com.br\/site\/author\/juliana\/","name":"Juliana Laviola","image":{"@type":"ImageObject","@id":"https:\/\/anoticiaonline.com.br\/site\/ademar-camerino-e-eleito-presidente-da-camara-municipal-de-muriae\/#authorImage","url":"https:\/\/secure.gravatar.com\/avatar\/b8d45f5c699b100dfaf0e543582f38f38bf94cb7ae3a5e9abf8d891a34773335?s=96&d=mm&r=g","width":96,"height":96,"caption":"Juliana Laviola"}},{"@type":"WebPage","@id":"https:\/\/anoticiaonline.com.br\/site\/ademar-camerino-e-eleito-presidente-da-camara-municipal-de-muriae\/#webpage","url":"https:\/\/anoticiaonline.com.br\/site\/ademar-camerino-e-eleito-presidente-da-camara-municipal-de-muriae\/","name":"Ademar Camerino \u00e9 eleito presidente da C\u00e2mara Municipal de Muria\u00e9 - A Not\u00edcia Online","description":"O vereador Ademar Camerino (PROS) foi eleito o novo presidente da C\u00e2mara Municipal de Muria\u00e9 para o ano de 2018. A elei\u00e7\u00e3o, que se deu em chapa \u00fanica, aconteceu no plen\u00e1rio durante a \u00faltima sess\u00e3o ordin\u00e1ria de 2017, na noite de ter\u00e7a-feira (12), antes dos vereadores entrarem em recesso. Em seu quinto mandato, Ademar Camerino","inLanguage":"pt-BR","isPartOf":{"@id":"https:\/\/anoticiaonline.com.br\/site\/#website"},"breadcrumb":{"@id":"https:\/\/anoticiaonline.com.br\/site\/ademar-camerino-e-eleito-presidente-da-camara-municipal-de-muriae\/#breadcrumblist"},"author":{"@id":"https:\/\/anoticiaonline.com.br\/site\/author\/juliana\/#author"},"creator":{"@id":"https:\/\/anoticiaonline.com.br\/site\/author\/juliana\/#author"},"image":{"@type":"ImageObject","url":"https:\/\/anoticiaonline.com.br\/site\/wp-content\/uploads\/2017\/12\/DSC_0862.jpg","@id":"https:\/\/anoticiaonline.com.br\/site\/ademar-camerino-e-eleito-presidente-da-camara-municipal-de-muriae\/#mainImage","width":640,"height":424},"primaryImageOfPage":{"@id":"https:\/\/anoticiaonline.com.br\/site\/ademar-camerino-e-eleito-presidente-da-camara-municipal-de-muriae\/#mainImage"},"datePublished":"2017-12-18T16:49:28-03:00","dateModified":"2017-12-18T16:50:52-03:00"},{"@type":"WebSite","@id":"https:\/\/anoticiaonline.com.br\/site\/#website","url":"https:\/\/anoticiaonline.com.br\/site\/","name":"A Not\u00edcia Online","description":"Noticias de Muria\u00e9 e regi\u00e3o","inLanguage":"pt-BR","publisher":{"@id":"https:\/\/anoticiaonline.com.br\/site\/#organization"}}]},"og:locale":"pt_BR","og:site_name":"A Not\u00edcia Online - Noticias de Muria\u00e9 e regi\u00e3o","og:type":"article","og:title":"Ademar Camerino \u00e9 eleito presidente da C\u00e2mara Municipal de Muria\u00e9 - A Not\u00edcia Online","og:description":"O vereador Ademar Camerino (PROS) foi eleito o novo presidente da C\u00e2mara Municipal de Muria\u00e9 para o ano de 2018. A elei\u00e7\u00e3o, que se deu em chapa \u00fanica, aconteceu no plen\u00e1rio durante a \u00faltima sess\u00e3o ordin\u00e1ria de 2017, na noite de ter\u00e7a-feira (12), antes dos vereadores entrarem em recesso. Em seu quinto mandato, Ademar Camerino","og:url":"https:\/\/anoticiaonline.com.br\/site\/ademar-camerino-e-eleito-presidente-da-camara-municipal-de-muriae\/","og:image":"https:\/\/scontent-gig4-1.xx.fbcdn.net\/v\/t39.30808-1\/270437624_4564083193639691_6907940295614233970_n.jpg?stp=dst-jpg_s200x200_tt6&#038;_nc_cat=111&#038;ccb=1-7&#038;_nc_sid=f907e8&#038;_nc_ohc=SM1wRlP3lJwQ7kNvwEPuBYA&#038;_nc_oc=AdnqrjDN_BNjSSHWO-GbkIWH6fkGMLw4bqvL_NH6e2wMveX7G-rP2dAqsDSq1mJMOaY&#038;_nc_zt=24&#038;_nc_ht=scontent-gig4-1.xx&#038;_nc_gid=AoBFJeGrT1hVaew_6rchkQ&#038;oh=00_AfX7QmFGhQhG2jAllVgXCiM1ZrWgvtp80-Bfppyexh1QEg&#038;oe=689E923C","og:image:secure_url":"https:\/\/scontent-gig4-1.xx.fbcdn.net\/v\/t39.30808-1\/270437624_4564083193639691_6907940295614233970_n.jpg?stp=dst-jpg_s200x200_tt6&#038;_nc_cat=111&#038;ccb=1-7&#038;_nc_sid=f907e8&#038;_nc_ohc=SM1wRlP3lJwQ7kNvwEPuBYA&#038;_nc_oc=AdnqrjDN_BNjSSHWO-GbkIWH6fkGMLw4bqvL_NH6e2wMveX7G-rP2dAqsDSq1mJMOaY&#038;_nc_zt=24&#038;_nc_ht=scontent-gig4-1.xx&#038;_nc_gid=AoBFJeGrT1hVaew_6rchkQ&#038;oh=00_AfX7QmFGhQhG2jAllVgXCiM1ZrWgvtp80-Bfppyexh1QEg&#038;oe=689E923C","article:published_time":"2017-12-18T19:49:28+00:00","article:modified_time":"2017-12-18T19:50:52+00:00","twitter:card":"summary_large_image","twitter:title":"Ademar Camerino \u00e9 eleito presidente da C\u00e2mara Municipal de Muria\u00e9 - A Not\u00edcia Online","twitter:description":"O vereador Ademar Camerino (PROS) foi eleito o novo presidente da C\u00e2mara Municipal de Muria\u00e9 para o ano de 2018. A elei\u00e7\u00e3o, que se deu em chapa \u00fanica, aconteceu no plen\u00e1rio durante a \u00faltima sess\u00e3o ordin\u00e1ria de 2017, na noite de ter\u00e7a-feira (12), antes dos vereadores entrarem em recesso. Em seu quinto mandato, Ademar Camerino","twitter:image":"https:\/\/scontent-gig4-1.xx.fbcdn.net\/v\/t39.30808-1\/270437624_4564083193639691_6907940295614233970_n.jpg?stp=dst-jpg_s200x200_tt6&_nc_cat=111&ccb=1-7&_nc_sid=f907e8&_nc_ohc=SM1wRlP3lJwQ7kNvwEPuBYA&_nc_oc=AdnqrjDN_BNjSSHWO-GbkIWH6fkGMLw4bqvL_NH6e2wMveX7G-rP2dAqsDSq1mJMOaY&_nc_zt=24&_nc_ht=scontent-gig4-1.xx&_nc_gid=AoBFJeGrT1hVaew_6rchkQ&oh=00_AfX7QmFGhQhG2jAllVgXCiM1ZrWgvtp80-Bfppyexh1QEg&oe=689E923C"},"aioseo_meta_data":{"post_id":"47976","title":null,"description":null,"keywords":null,"keyphrases":null,"primary_term":null,"canonical_url":null,"og_title":null,"og_description":null,"og_object_type":"default","og_image_type":"default","og_image_url":null,"og_image_width":null,"og_image_height":null,"og_image_custom_url":null,"og_image_custom_fields":null,"og_video":null,"og_custom_url":null,"og_article_section":null,"og_article_tags":null,"twitter_use_og":false,"twitter_card":"default","twitter_image_type":"default","twitter_image_url":null,"twitter_image_custom_url":null,"twitter_image_custom_fields":null,"twitter_title":null,"twitter_description":null,"schema":{"blockGraphs":[],"customGraphs":[],"default":{"data":{"Article":[],"Course":[],"Dataset":[],"FAQPage":[],"Movie":[],"Person":[],"Product":[],"ProductReview":[],"Car":[],"Recipe":[],"Service":[],"SoftwareApplication":[],"WebPage":[]},"graphName":"","isEnabled":true},"graphs":[]},"schema_type":"default","schema_type_options":null,"pillar_content":false,"robots_default":true,"robots_noindex":false,"robots_noarchive":false,"robots_nosnippet":false,"robots_nofollow":false,"robots_noimageindex":false,"robots_noodp":false,"robots_notranslate":false,"robots_max_snippet":null,"robots_max_videopreview":null,"robots_max_imagepreview":"large","priority":null,"frequency":null,"local_seo":null,"breadcrumb_settings":null,"limit_modified_date":false,"ai":null,"created":"2025-08-16 20:05:35","updated":"2025-08-16 20:05:35","focus_keyword":null,"additional_keywords":null,"truseo_locale":null,"seo_analyzer_scan_date":null},"aioseo_breadcrumb":"<div class=\"aioseo-breadcrumbs\"><span class=\"aioseo-breadcrumb\">\n\t\t\t<a href=\"https:\/\/anoticiaonline.com.br\/site\" title=\"Home\">Home<\/a>\n\t\t<\/span><span class=\"aioseo-breadcrumb-separator\">&raquo;<\/span><span class=\"aioseo-breadcrumb\">\n\t\t\t<a href=\"https:\/\/anoticiaonline.com.br\/site\/categoria\/gerais\/\" title=\"Gerais\">Gerais<\/a>\n\t\t<\/span><span class=\"aioseo-breadcrumb-separator\">&raquo;<\/span><span class=\"aioseo-breadcrumb\">\n\t\t\tAdemar Camerino \u00e9 eleito presidente da C\u00e2mara Municipal de Muria\u00e9\n\t\t<\/span><\/div>","aioseo_breadcrumb_json":[{"label":"Home","link":"https:\/\/anoticiaonline.com.br\/site"},{"label":"Gerais","link":"https:\/\/anoticiaonline.com.br\/site\/categoria\/gerais\/"},{"label":"Ademar Camerino \u00e9 eleito presidente da C\u00e2mara Municipal de Muria\u00e9","link":"https:\/\/anoticiaonline.com.br\/site\/ademar-camerino-e-eleito-presidente-da-camara-municipal-de-muriae\/"}],"views":156,"_links":{"self":[{"href":"https:\/\/anoticiaonline.com.br\/site\/wp-json\/wp\/v2\/posts\/47976","targetHints":{"allow":["GET"]}}],"collection":[{"href":"https:\/\/anoticiaonline.com.br\/site\/wp-json\/wp\/v2\/posts"}],"about":[{"href":"https:\/\/anoticiaonline.com.br\/site\/wp-json\/wp\/v2\/types\/post"}],"author":[{"embeddable":true,"href":"https:\/\/anoticiaonline.com.br\/site\/wp-json\/wp\/v2\/users\/2"}],"replies":[{"embeddable":true,"href":"https:\/\/anoticiaonline.com.br\/site\/wp-json\/wp\/v2\/comments?post=47976"}],"version-history":[{"count":0,"href":"https:\/\/anoticiaonline.com.br\/site\/wp-json\/wp\/v2\/posts\/47976\/revisions"}],"wp:featuredmedia":[{"embeddable":true,"href":"https:\/\/anoticiaonline.com.br\/site\/wp-json\/wp\/v2\/media\/47979"}],"wp:attachment":[{"href":"https:\/\/anoticiaonline.com.br\/site\/wp-json\/wp\/v2\/media?parent=47976"}],"wp:term":[{"taxonomy":"category","embeddable":true,"href":"https:\/\/anoticiaonline.com.br\/site\/wp-json\/wp\/v2\/categories?post=47976"},{"taxonomy":"post_tag","embeddable":true,"href":"https:\/\/anoticiaonline.com.br\/site\/wp-json\/wp\/v2\/tags?post=47976"}],"curies":[{"name":"wp","href":"https:\/\/api.w.org\/{rel}","templated":true}]}}