{"id":47890,"date":"2017-12-15T14:36:36","date_gmt":"2017-12-15T17:36:36","guid":{"rendered":"http:\/\/anoticiaonline.com.br\/site\/?p=47890"},"modified":"2017-12-15T14:36:36","modified_gmt":"2017-12-15T17:36:36","slug":"demolays-participam-de-cerimonias-na-loja-maconica-seareiros-da-paz","status":"publish","type":"post","link":"https:\/\/anoticiaonline.com.br\/site\/demolays-participam-de-cerimonias-na-loja-maconica-seareiros-da-paz\/","title":{"rendered":"DeMolays participam de cerim\u00f4nias na loja ma\u00e7\u00f4nica Seareiros da Paz"},"content":{"rendered":"<p><a href=\"https:\/\/anoticiaonline.com.br\/site\/wp-content\/uploads\/2017\/12\/DSC_0688.jpg\"><img fetchpriority=\"high\" decoding=\"async\" class=\"aligncenter size-full wp-image-47891\" src=\"https:\/\/anoticiaonline.com.br\/site\/wp-content\/uploads\/2017\/12\/DSC_0688.jpg\" alt=\"\" width=\"640\" height=\"424\" srcset=\"https:\/\/anoticiaonline.com.br\/site\/wp-content\/uploads\/2017\/12\/DSC_0688.jpg 640w, https:\/\/anoticiaonline.com.br\/site\/wp-content\/uploads\/2017\/12\/DSC_0688-300x199.jpg 300w\" sizes=\"(max-width: 640px) 100vw, 640px\" \/><\/a> <a href=\"https:\/\/anoticiaonline.com.br\/site\/wp-content\/uploads\/2017\/12\/DSC_0718.jpg\"><img decoding=\"async\" class=\"aligncenter size-full wp-image-47892\" src=\"https:\/\/anoticiaonline.com.br\/site\/wp-content\/uploads\/2017\/12\/DSC_0718.jpg\" alt=\"\" width=\"640\" height=\"424\" srcset=\"https:\/\/anoticiaonline.com.br\/site\/wp-content\/uploads\/2017\/12\/DSC_0718.jpg 640w, https:\/\/anoticiaonline.com.br\/site\/wp-content\/uploads\/2017\/12\/DSC_0718-300x199.jpg 300w\" sizes=\"(max-width: 640px) 100vw, 640px\" \/><\/a>Membros da Ordem DeMolay de Muria\u00e9 participaram de duas cerim\u00f4nias realizadas na noite de sexta-feira (8), na loja ma\u00e7\u00f4nica Seareiros da Paz, com a presen\u00e7a dos componentes da Ordem DeMolay de Miradouro.<\/p>\n<p>De acordo com o membro DeMolay e fundador do Cap\u00edtulo 349, Danielison Ricardo Torres, o evento celebrou momentos especiais para a Ordem. \u201cHoje estamos comemorando 21 anos do Cap\u00edtulo 349 de Muria\u00e9 e tamb\u00e9m estamos recebendo a visita do Cap\u00edtulo de Miradouro, fundado recentemente. Estamos felizes com a estrutura\u00e7\u00e3o desses novos jovens e pretendemos dar a eles todo o suporte necess\u00e1rio atrav\u00e9s do patroc\u00ednio das lojas ma\u00e7\u00f4nicas da regi\u00e3o para que, no futuro, possamos reestruturar o Cap\u00edtulo 349 de Muria\u00e9\u201d, conta.<\/p>\n<p>Paulo Almada, past vener\u00e1vel Seareiros da Paz, disse que a cerim\u00f4nia marcou dois momentos significativos para a Ordem dos DeMolays. \u201cRealizamos a Cerim\u00f4nia das Rosas, dedicada \u00e0 mulher, principalmente \u00e0s m\u00e3es dos DeMolays, e, tivemos tamb\u00e9m, a Cerim\u00f4nia da Maioridade, atingida pelos DeMolays aos 21 anos\u201d, diz.<\/p>\n<p>Questionado sobre a in\u00e9rcia das atividades, Paulo explica que o desejo de reativar o Cap\u00edtulo DeMolay de Muria\u00e9 \u00e9 grande. \u201cA Ordem DeMolay \u00e9 cuidada pelos membros da Ma\u00e7onaria. Trata-se de uma organiza\u00e7\u00e3o juvenil orientada pelos ma\u00e7ons, que s\u00e3o chamados de \u2018tios\u2019. Na Ordem DeMolay o jovem \u00e9 encorajado a se expressar e fazer suas opini\u00f5es conhecidas; falar com outros jovens e discutir problemas comuns \u00e0 juventude. O Cap\u00edtulo DeMolay de Muria\u00e9 fechou pela falta destes \u2018tios\u2019, mas o desejo de retomada \u00e9 grande, principalmente agora com a estrutura\u00e7\u00e3o do Cap\u00edtulo de Miradouro e com a presen\u00e7a de antigos membros da Ordem, que agora s\u00e3o irm\u00e3os da Ma\u00e7onaria e podem orientar os mais jovens\u201d, conta.<\/p>\n<p>Paulo conta que junto com ele, v\u00e1rios outros membros da Ma\u00e7onaria de Muria\u00e9 ajudavam na orienta\u00e7\u00e3o dos DeMolays. \u201cFizeram parte do acompanhamento: Cl\u00f3vis Torres, j\u00e1 falecido, e Adilson Malafaia, tamb\u00e9m falecido. Ainda continuam na ativa: Teodorico Torres, Agripino Torres, La\u00e9rcio Francisco de Carvalho, entre outros irm\u00e3os. Al\u00e9m dos DeMolays, funcionava tamb\u00e9m o Betel das Filhas de J\u00f3, paralelo aos DeMolays, no qual minha filha foi a primeira honor\u00e1ria rainha e o \u2018Clube das Tias\u2019, que orientava os dois grupos, tanto o masculino quanto o feminino\u201d, conta.<\/p>\n<p>La\u00e9rcio Francisco de Carvalho, membro da Ma\u00e7onaria, esteve presente durante a cerim\u00f4nia e disse que se sentiu alegre e honrado ao presenciar os membros do Cap\u00edtulo de Muria\u00e9 alcan\u00e7ando a maioridade. \u201c\u00c9 uma alegria muito grande, pois fiz parte da funda\u00e7\u00e3o da Ordem DeMolay em Muria\u00e9. Com muito trabalho, possu\u00edmos um grupo de jovens compromissados na vida pessoal e profissional. S\u00e3o m\u00e9dicos, engenheiros e advogados fazendo parte da Ordem, contribuindo com a sociedade a partir dos bons princ\u00edpios\u201d, diz.<\/p>\n<p>Wanderly Torres de Azevedo acompanhou o come\u00e7o da caminhada do Capitulo de Muria\u00e9 e tamb\u00e9m foi muito lembrada pelos jovens da Ordem DeMolay. \u201cDesde a funda\u00e7\u00e3o do Cap\u00edtulo de Muria\u00e9, h\u00e1 21 anos, que acompanho o trabalho da Ordem. Fui eleita a \u2018Tia\u2019 dos DeMolay, respons\u00e1vel pelas viagens e comportamento dos jovens. Passei a fazer parte da fam\u00edlia deles, mesmo com a passagem do tempo e com a chegada da maioridade. \u00c9 um trabalho muito bonito, que orienta os jovens para a pr\u00e1tica do bem, valorizando a fam\u00edlia e a escola\u201d, conta.<\/p>\n<p>Graziel Jos\u00e9 de Assis, presidente da Ordem DeMolay de Miradouro disse o grupo j\u00e1 existiu na cidade h\u00e1 algum tempo, mas o Cap\u00edtulo foi reiniciado este ano. \u201cDecidimos recriar os grupo para afastar as crian\u00e7as da rua e repassar os bons costumes da Ordem, de acordo com as sete virtudes. Gra\u00e7as a Deus est\u00e1 indo tudo muito bem e, em 2018, iremos iniciar mais sete jovens no Cap\u00edtulo de Miradouro\u201d, conta.<\/p>\n<p>Olavo Jos\u00e9 Chicareli Almeida, mestre conselheiro do Cap\u00edtulo de Miradouro, disse que foi uma experi\u00eancia engrandecedora poder conduzir a cerim\u00f4nia do Cap\u00edtulo de Muria\u00e9. \u201cFoi uma novidade para mim j\u00e1 que o Cap\u00edtulo de Miradouro foi estruturado h\u00e1 apenas seis meses, mas estamos procurando melhorar e fazer o nosso m\u00e1ximo. Estar aqui em Muria\u00e9 foi muito gratificante, principalmente estar junto dos irm\u00e3os da Ordem. Para os jovens que desejam fazer parte, basta entrar em contato com o Supremo Conselho da Ordem DeMolay do Brasil atrav\u00e9s do site: www.demolay.org,br\u201d, conta.<\/p>\n<p><strong>Sobre a Ordem DeMolay &#8211; <\/strong>A Ordem DeMolay \u00e9 a maior organiza\u00e7\u00e3o juvenil do mundo, de fins filos\u00f3ficos, filantr\u00f3picos, e sem fins lucrativos, j\u00e1 tendo iniciado desde sua origem, mais de 2,5 milh\u00f5es de jovens. Trabalha alicer\u00e7ada na m\u00e1xima de que \u201ceducando-se o jovem estaremos nos eximindo da tarefa de ter que castigar o adulto\u201d. Ao contr\u00e1rio do que muitos pensam, n\u00e3o \u00e9 uma institui\u00e7\u00e3o Ma\u00e7\u00f4nica Juvenil, mas, unificada e dirigida por Ma\u00e7ons, organizada em sua origem como Supremo Conselho Internacional da Ordem DeMolay, em Kansas City, EUA.<\/p>\n<p>Atualmente a Ordem DeMolay est\u00e1 presente em 13 pa\u00edses dos quais podemos destacar Brasil, Estados Unidos, Austr\u00e1lia, Jap\u00e3o, It\u00e1lia e Alemanha. Al\u00e9m dos Estados Unidos mais cinco pa\u00edses possuem Supremo Conselho pr\u00f3prio incluindo o Brasil.<\/p>\n<p>A Ordem DeMolay \u00e9 uma organiza\u00e7\u00e3o para jovens entre 12 e 21 anos de idade, tendo estado ativa por mais de 80 anos. Seu patrono, Jacques DeMolay, foi expedicion\u00e1rio das Cruzadas, no s\u00e9culo XIV, queimado no poste por n\u00e3o trair seus irm\u00e3os e seguidores. Do seu exemplo, a Ordem DeMolay aprendeu a li\u00e7\u00e3o e import\u00e2ncia da honestidade, da lealdade e do amor fraterno. Possui em seu fundamento sete princ\u00edpios essenciais, os quais s\u00e3o chamados de Virtudes Cardeais de um DeMolay: Amor Filial, Rever\u00eancia pelas Coisas Sagradas, Cortesia, Companheirismo, Fidelidade, Pureza e Patriotismo.<\/p>\n<p>&nbsp;<\/p>\n<p><img decoding=\"async\" class=\"ngg_displayed_gallery mceItem\" src=\"https:\/\/anoticiaonline.com.br\/site\/nextgen-attach_to_post\/preview\/id--47911\" \/><\/p>\n<p>&nbsp;<\/p>\n","protected":false},"excerpt":{"rendered":"<p>Membros da Ordem DeMolay de Muria\u00e9 participaram de duas cerim\u00f4nias realizadas na noite de sexta-feira (8), na loja ma\u00e7\u00f4nica Seareiros da Paz, com a presen\u00e7a dos componentes da Ordem DeMolay de Miradouro. De acordo com o membro DeMolay e fundador do Cap\u00edtulo 349, Danielison Ricardo Torres, o evento celebrou momentos especiais para a Ordem. \u201cHoje &#8230; <a title=\"DeMolays participam de cerim\u00f4nias na loja ma\u00e7\u00f4nica Seareiros da Paz\" class=\"read-more\" href=\"https:\/\/anoticiaonline.com.br\/site\/demolays-participam-de-cerimonias-na-loja-maconica-seareiros-da-paz\/\" aria-label=\"Read more about DeMolays participam de cerim\u00f4nias na loja ma\u00e7\u00f4nica Seareiros da Paz\">Ler mais<\/a><\/p>\n","protected":false},"author":2,"featured_media":47892,"comment_status":"open","ping_status":"open","sticky":false,"template":"","format":"standard","meta":{"_acf_changed":false,"_monsterinsights_skip_tracking":false,"footnotes":""},"categories":[1],"tags":[1745,1743,1744],"class_list":["post-47890","post","type-post","status-publish","format-standard","has-post-thumbnail","hentry","category-gerais","tag-demolay","tag-ordem-demolay","tag-ordem-demolay-de-miradouro"],"acf":[],"aioseo_notices":[],"aioseo_head":"\n\t\t<!-- All in One SEO 5.0.0.1 - aioseo.com -->\n\t<meta name=\"description\" content=\"Membros da Ordem DeMolay de Muria\u00e9 participaram de duas cerim\u00f4nias realizadas na noite de sexta-feira (8), na loja ma\u00e7\u00f4nica Seareiros da Paz, com a presen\u00e7a dos componentes da Ordem DeMolay de Miradouro. De acordo com o membro DeMolay e fundador do Cap\u00edtulo 349, Danielison Ricardo Torres, o evento celebrou momentos especiais para a Ordem. \u201cHoje\" \/>\n\t<meta name=\"robots\" content=\"max-image-preview:large\" \/>\n\t<meta name=\"author\" content=\"Juliana Laviola\"\/>\n\t<link rel=\"canonical\" href=\"https:\/\/anoticiaonline.com.br\/site\/demolays-participam-de-cerimonias-na-loja-maconica-seareiros-da-paz\/\" \/>\n\t<meta name=\"generator\" content=\"All in One SEO (AIOSEO) 5.0.0.1\" \/>\n\t\t<meta property=\"og:locale\" content=\"pt_BR\" \/>\n\t\t<meta property=\"og:site_name\" content=\"A Not\u00edcia Online - Noticias de Muria\u00e9 e regi\u00e3o\" \/>\n\t\t<meta property=\"og:type\" content=\"article\" \/>\n\t\t<meta property=\"og:title\" content=\"DeMolays participam de cerim\u00f4nias na loja ma\u00e7\u00f4nica Seareiros da Paz - A Not\u00edcia Online\" \/>\n\t\t<meta property=\"og:description\" content=\"Membros da Ordem DeMolay de Muria\u00e9 participaram de duas cerim\u00f4nias realizadas na noite de sexta-feira (8), na loja ma\u00e7\u00f4nica Seareiros da Paz, com a presen\u00e7a dos componentes da Ordem DeMolay de Miradouro. De acordo com o membro DeMolay e fundador do Cap\u00edtulo 349, Danielison Ricardo Torres, o evento celebrou momentos especiais para a Ordem. \u201cHoje\" \/>\n\t\t<meta property=\"og:url\" content=\"https:\/\/anoticiaonline.com.br\/site\/demolays-participam-de-cerimonias-na-loja-maconica-seareiros-da-paz\/\" \/>\n\t\t<meta property=\"og:image\" content=\"https:\/\/scontent-gig4-1.xx.fbcdn.net\/v\/t39.30808-1\/270437624_4564083193639691_6907940295614233970_n.jpg?stp=dst-jpg_s200x200_tt6&#038;_nc_cat=111&#038;ccb=1-7&#038;_nc_sid=f907e8&#038;_nc_ohc=SM1wRlP3lJwQ7kNvwEPuBYA&#038;_nc_oc=AdnqrjDN_BNjSSHWO-GbkIWH6fkGMLw4bqvL_NH6e2wMveX7G-rP2dAqsDSq1mJMOaY&#038;_nc_zt=24&#038;_nc_ht=scontent-gig4-1.xx&#038;_nc_gid=AoBFJeGrT1hVaew_6rchkQ&#038;oh=00_AfX7QmFGhQhG2jAllVgXCiM1ZrWgvtp80-Bfppyexh1QEg&#038;oe=689E923C\" \/>\n\t\t<meta property=\"og:image:secure_url\" content=\"https:\/\/scontent-gig4-1.xx.fbcdn.net\/v\/t39.30808-1\/270437624_4564083193639691_6907940295614233970_n.jpg?stp=dst-jpg_s200x200_tt6&#038;_nc_cat=111&#038;ccb=1-7&#038;_nc_sid=f907e8&#038;_nc_ohc=SM1wRlP3lJwQ7kNvwEPuBYA&#038;_nc_oc=AdnqrjDN_BNjSSHWO-GbkIWH6fkGMLw4bqvL_NH6e2wMveX7G-rP2dAqsDSq1mJMOaY&#038;_nc_zt=24&#038;_nc_ht=scontent-gig4-1.xx&#038;_nc_gid=AoBFJeGrT1hVaew_6rchkQ&#038;oh=00_AfX7QmFGhQhG2jAllVgXCiM1ZrWgvtp80-Bfppyexh1QEg&#038;oe=689E923C\" \/>\n\t\t<meta property=\"article:published_time\" content=\"2017-12-15T17:36:36+00:00\" \/>\n\t\t<meta property=\"article:modified_time\" content=\"2017-12-15T17:36:36+00:00\" \/>\n\t\t<meta name=\"twitter:card\" content=\"summary_large_image\" \/>\n\t\t<meta name=\"twitter:title\" content=\"DeMolays participam de cerim\u00f4nias na loja ma\u00e7\u00f4nica Seareiros da Paz - A Not\u00edcia Online\" \/>\n\t\t<meta name=\"twitter:description\" content=\"Membros da Ordem DeMolay de Muria\u00e9 participaram de duas cerim\u00f4nias realizadas na noite de sexta-feira (8), na loja ma\u00e7\u00f4nica Seareiros da Paz, com a presen\u00e7a dos componentes da Ordem DeMolay de Miradouro. De acordo com o membro DeMolay e fundador do Cap\u00edtulo 349, Danielison Ricardo Torres, o evento celebrou momentos especiais para a Ordem. \u201cHoje\" \/>\n\t\t<meta name=\"twitter:image\" content=\"https:\/\/scontent-gig4-1.xx.fbcdn.net\/v\/t39.30808-1\/270437624_4564083193639691_6907940295614233970_n.jpg?stp=dst-jpg_s200x200_tt6&amp;_nc_cat=111&amp;ccb=1-7&amp;_nc_sid=f907e8&amp;_nc_ohc=SM1wRlP3lJwQ7kNvwEPuBYA&amp;_nc_oc=AdnqrjDN_BNjSSHWO-GbkIWH6fkGMLw4bqvL_NH6e2wMveX7G-rP2dAqsDSq1mJMOaY&amp;_nc_zt=24&amp;_nc_ht=scontent-gig4-1.xx&amp;_nc_gid=AoBFJeGrT1hVaew_6rchkQ&amp;oh=00_AfX7QmFGhQhG2jAllVgXCiM1ZrWgvtp80-Bfppyexh1QEg&amp;oe=689E923C\" \/>\n\t\t<script type=\"application\/ld+json\" class=\"aioseo-schema\">\n\t\t\t{\"@context\":\"https:\\\/\\\/schema.org\",\"@graph\":[{\"@type\":\"BlogPosting\",\"@id\":\"https:\\\/\\\/anoticiaonline.com.br\\\/site\\\/demolays-participam-de-cerimonias-na-loja-maconica-seareiros-da-paz\\\/#blogposting\",\"name\":\"DeMolays participam de cerim\\u00f4nias na loja ma\\u00e7\\u00f4nica Seareiros da Paz - A Not\\u00edcia Online\",\"headline\":\"DeMolays participam de cerim\\u00f4nias na loja ma\\u00e7\\u00f4nica Seareiros da Paz\",\"author\":{\"@id\":\"https:\\\/\\\/anoticiaonline.com.br\\\/site\\\/author\\\/juliana\\\/#author\"},\"publisher\":{\"@id\":\"https:\\\/\\\/anoticiaonline.com.br\\\/site\\\/#organization\"},\"image\":{\"@type\":\"ImageObject\",\"url\":\"https:\\\/\\\/anoticiaonline.com.br\\\/site\\\/wp-content\\\/uploads\\\/2017\\\/12\\\/DSC_0718.jpg\",\"width\":640,\"height\":424},\"datePublished\":\"2017-12-15T14:36:36-03:00\",\"dateModified\":\"2017-12-15T14:36:36-03:00\",\"inLanguage\":\"pt-BR\",\"mainEntityOfPage\":{\"@id\":\"https:\\\/\\\/anoticiaonline.com.br\\\/site\\\/demolays-participam-de-cerimonias-na-loja-maconica-seareiros-da-paz\\\/#webpage\"},\"isPartOf\":{\"@id\":\"https:\\\/\\\/anoticiaonline.com.br\\\/site\\\/demolays-participam-de-cerimonias-na-loja-maconica-seareiros-da-paz\\\/#webpage\"},\"articleSection\":\"Gerais, DeMolay, Ordem DeMolay, Ordem DeMolay de Miradouro\"},{\"@type\":\"BreadcrumbList\",\"@id\":\"https:\\\/\\\/anoticiaonline.com.br\\\/site\\\/demolays-participam-de-cerimonias-na-loja-maconica-seareiros-da-paz\\\/#breadcrumblist\",\"itemListElement\":[{\"@type\":\"ListItem\",\"@id\":\"https:\\\/\\\/anoticiaonline.com.br\\\/site#listItem\",\"position\":1,\"name\":\"Home\",\"item\":\"https:\\\/\\\/anoticiaonline.com.br\\\/site\",\"nextItem\":{\"@type\":\"ListItem\",\"@id\":\"https:\\\/\\\/anoticiaonline.com.br\\\/site\\\/categoria\\\/gerais\\\/#listItem\",\"name\":\"Gerais\"}},{\"@type\":\"ListItem\",\"@id\":\"https:\\\/\\\/anoticiaonline.com.br\\\/site\\\/categoria\\\/gerais\\\/#listItem\",\"position\":2,\"name\":\"Gerais\",\"item\":\"https:\\\/\\\/anoticiaonline.com.br\\\/site\\\/categoria\\\/gerais\\\/\",\"nextItem\":{\"@type\":\"ListItem\",\"@id\":\"https:\\\/\\\/anoticiaonline.com.br\\\/site\\\/demolays-participam-de-cerimonias-na-loja-maconica-seareiros-da-paz\\\/#listItem\",\"name\":\"DeMolays participam de cerim\\u00f4nias na loja ma\\u00e7\\u00f4nica Seareiros da Paz\"},\"previousItem\":{\"@type\":\"ListItem\",\"@id\":\"https:\\\/\\\/anoticiaonline.com.br\\\/site#listItem\",\"name\":\"Home\"}},{\"@type\":\"ListItem\",\"@id\":\"https:\\\/\\\/anoticiaonline.com.br\\\/site\\\/demolays-participam-de-cerimonias-na-loja-maconica-seareiros-da-paz\\\/#listItem\",\"position\":3,\"name\":\"DeMolays participam de cerim\\u00f4nias na loja ma\\u00e7\\u00f4nica Seareiros da Paz\",\"previousItem\":{\"@type\":\"ListItem\",\"@id\":\"https:\\\/\\\/anoticiaonline.com.br\\\/site\\\/categoria\\\/gerais\\\/#listItem\",\"name\":\"Gerais\"}}]},{\"@type\":\"Organization\",\"@id\":\"https:\\\/\\\/anoticiaonline.com.br\\\/site\\\/#organization\",\"name\":\"A Not\\u00edcia Online\",\"description\":\"Noticias de Muria\\u00e9 e regi\\u00e3o\",\"url\":\"https:\\\/\\\/anoticiaonline.com.br\\\/site\\\/\",\"logo\":{\"@type\":\"ImageObject\",\"url\":\"https:\\\/\\\/scontent-gig4-1.xx.fbcdn.net\\\/v\\\/t39.30808-1\\\/270437624_4564083193639691_6907940295614233970_n.jpg?stp=dst-jpg_s200x200_tt6&_nc_cat=111&ccb=1-7&_nc_sid=f907e8&_nc_ohc=SM1wRlP3lJwQ7kNvwEPuBYA&_nc_oc=AdnqrjDN_BNjSSHWO-GbkIWH6fkGMLw4bqvL_NH6e2wMveX7G-rP2dAqsDSq1mJMOaY&_nc_zt=24&_nc_ht=scontent-gig4-1.xx&_nc_gid=AoBFJeGrT1hVaew_6rchkQ&oh=00_AfX7QmFGhQhG2jAllVgXCiM1ZrWgvtp80-Bfppyexh1QEg&oe=689E923C\",\"@id\":\"https:\\\/\\\/anoticiaonline.com.br\\\/site\\\/demolays-participam-de-cerimonias-na-loja-maconica-seareiros-da-paz\\\/#organizationLogo\"},\"image\":{\"@id\":\"https:\\\/\\\/anoticiaonline.com.br\\\/site\\\/demolays-participam-de-cerimonias-na-loja-maconica-seareiros-da-paz\\\/#organizationLogo\"}},{\"@type\":\"Person\",\"@id\":\"https:\\\/\\\/anoticiaonline.com.br\\\/site\\\/author\\\/juliana\\\/#author\",\"url\":\"https:\\\/\\\/anoticiaonline.com.br\\\/site\\\/author\\\/juliana\\\/\",\"name\":\"Juliana Laviola\",\"image\":{\"@type\":\"ImageObject\",\"@id\":\"https:\\\/\\\/anoticiaonline.com.br\\\/site\\\/demolays-participam-de-cerimonias-na-loja-maconica-seareiros-da-paz\\\/#authorImage\",\"url\":\"https:\\\/\\\/secure.gravatar.com\\\/avatar\\\/b8d45f5c699b100dfaf0e543582f38f38bf94cb7ae3a5e9abf8d891a34773335?s=96&d=mm&r=g\",\"width\":96,\"height\":96,\"caption\":\"Juliana Laviola\"}},{\"@type\":\"WebPage\",\"@id\":\"https:\\\/\\\/anoticiaonline.com.br\\\/site\\\/demolays-participam-de-cerimonias-na-loja-maconica-seareiros-da-paz\\\/#webpage\",\"url\":\"https:\\\/\\\/anoticiaonline.com.br\\\/site\\\/demolays-participam-de-cerimonias-na-loja-maconica-seareiros-da-paz\\\/\",\"name\":\"DeMolays participam de cerim\\u00f4nias na loja ma\\u00e7\\u00f4nica Seareiros da Paz - A Not\\u00edcia Online\",\"description\":\"Membros da Ordem DeMolay de Muria\\u00e9 participaram de duas cerim\\u00f4nias realizadas na noite de sexta-feira (8), na loja ma\\u00e7\\u00f4nica Seareiros da Paz, com a presen\\u00e7a dos componentes da Ordem DeMolay de Miradouro. De acordo com o membro DeMolay e fundador do Cap\\u00edtulo 349, Danielison Ricardo Torres, o evento celebrou momentos especiais para a Ordem. \\u201cHoje\",\"inLanguage\":\"pt-BR\",\"isPartOf\":{\"@id\":\"https:\\\/\\\/anoticiaonline.com.br\\\/site\\\/#website\"},\"breadcrumb\":{\"@id\":\"https:\\\/\\\/anoticiaonline.com.br\\\/site\\\/demolays-participam-de-cerimonias-na-loja-maconica-seareiros-da-paz\\\/#breadcrumblist\"},\"author\":{\"@id\":\"https:\\\/\\\/anoticiaonline.com.br\\\/site\\\/author\\\/juliana\\\/#author\"},\"creator\":{\"@id\":\"https:\\\/\\\/anoticiaonline.com.br\\\/site\\\/author\\\/juliana\\\/#author\"},\"image\":{\"@type\":\"ImageObject\",\"url\":\"https:\\\/\\\/anoticiaonline.com.br\\\/site\\\/wp-content\\\/uploads\\\/2017\\\/12\\\/DSC_0718.jpg\",\"@id\":\"https:\\\/\\\/anoticiaonline.com.br\\\/site\\\/demolays-participam-de-cerimonias-na-loja-maconica-seareiros-da-paz\\\/#mainImage\",\"width\":640,\"height\":424},\"primaryImageOfPage\":{\"@id\":\"https:\\\/\\\/anoticiaonline.com.br\\\/site\\\/demolays-participam-de-cerimonias-na-loja-maconica-seareiros-da-paz\\\/#mainImage\"},\"datePublished\":\"2017-12-15T14:36:36-03:00\",\"dateModified\":\"2017-12-15T14:36:36-03:00\"},{\"@type\":\"WebSite\",\"@id\":\"https:\\\/\\\/anoticiaonline.com.br\\\/site\\\/#website\",\"url\":\"https:\\\/\\\/anoticiaonline.com.br\\\/site\\\/\",\"name\":\"A Not\\u00edcia Online\",\"description\":\"Noticias de Muria\\u00e9 e regi\\u00e3o\",\"inLanguage\":\"pt-BR\",\"publisher\":{\"@id\":\"https:\\\/\\\/anoticiaonline.com.br\\\/site\\\/#organization\"}}]}\n\t\t<\/script>\n\t\t<!-- All in One SEO -->\n\n","aioseo_head_json":{"title":"DeMolays participam de cerim\u00f4nias na loja ma\u00e7\u00f4nica Seareiros da Paz - A Not\u00edcia Online","description":"Membros da Ordem DeMolay de Muria\u00e9 participaram de duas cerim\u00f4nias realizadas na noite de sexta-feira (8), na loja ma\u00e7\u00f4nica Seareiros da Paz, com a presen\u00e7a dos componentes da Ordem DeMolay de Miradouro. De acordo com o membro DeMolay e fundador do Cap\u00edtulo 349, Danielison Ricardo Torres, o evento celebrou momentos especiais para a Ordem. \u201cHoje","canonical_url":"https:\/\/anoticiaonline.com.br\/site\/demolays-participam-de-cerimonias-na-loja-maconica-seareiros-da-paz\/","robots":"max-image-preview:large","keywords":"","webmasterTools":{"miscellaneous":""},"schema":{"@context":"https:\/\/schema.org","@graph":[{"@type":"BlogPosting","@id":"https:\/\/anoticiaonline.com.br\/site\/demolays-participam-de-cerimonias-na-loja-maconica-seareiros-da-paz\/#blogposting","name":"DeMolays participam de cerim\u00f4nias na loja ma\u00e7\u00f4nica Seareiros da Paz - A Not\u00edcia Online","headline":"DeMolays participam de cerim\u00f4nias na loja ma\u00e7\u00f4nica Seareiros da Paz","author":{"@id":"https:\/\/anoticiaonline.com.br\/site\/author\/juliana\/#author"},"publisher":{"@id":"https:\/\/anoticiaonline.com.br\/site\/#organization"},"image":{"@type":"ImageObject","url":"https:\/\/anoticiaonline.com.br\/site\/wp-content\/uploads\/2017\/12\/DSC_0718.jpg","width":640,"height":424},"datePublished":"2017-12-15T14:36:36-03:00","dateModified":"2017-12-15T14:36:36-03:00","inLanguage":"pt-BR","mainEntityOfPage":{"@id":"https:\/\/anoticiaonline.com.br\/site\/demolays-participam-de-cerimonias-na-loja-maconica-seareiros-da-paz\/#webpage"},"isPartOf":{"@id":"https:\/\/anoticiaonline.com.br\/site\/demolays-participam-de-cerimonias-na-loja-maconica-seareiros-da-paz\/#webpage"},"articleSection":"Gerais, DeMolay, Ordem DeMolay, Ordem DeMolay de Miradouro"},{"@type":"BreadcrumbList","@id":"https:\/\/anoticiaonline.com.br\/site\/demolays-participam-de-cerimonias-na-loja-maconica-seareiros-da-paz\/#breadcrumblist","itemListElement":[{"@type":"ListItem","@id":"https:\/\/anoticiaonline.com.br\/site#listItem","position":1,"name":"Home","item":"https:\/\/anoticiaonline.com.br\/site","nextItem":{"@type":"ListItem","@id":"https:\/\/anoticiaonline.com.br\/site\/categoria\/gerais\/#listItem","name":"Gerais"}},{"@type":"ListItem","@id":"https:\/\/anoticiaonline.com.br\/site\/categoria\/gerais\/#listItem","position":2,"name":"Gerais","item":"https:\/\/anoticiaonline.com.br\/site\/categoria\/gerais\/","nextItem":{"@type":"ListItem","@id":"https:\/\/anoticiaonline.com.br\/site\/demolays-participam-de-cerimonias-na-loja-maconica-seareiros-da-paz\/#listItem","name":"DeMolays participam de cerim\u00f4nias na loja ma\u00e7\u00f4nica Seareiros da Paz"},"previousItem":{"@type":"ListItem","@id":"https:\/\/anoticiaonline.com.br\/site#listItem","name":"Home"}},{"@type":"ListItem","@id":"https:\/\/anoticiaonline.com.br\/site\/demolays-participam-de-cerimonias-na-loja-maconica-seareiros-da-paz\/#listItem","position":3,"name":"DeMolays participam de cerim\u00f4nias na loja ma\u00e7\u00f4nica Seareiros da Paz","previousItem":{"@type":"ListItem","@id":"https:\/\/anoticiaonline.com.br\/site\/categoria\/gerais\/#listItem","name":"Gerais"}}]},{"@type":"Organization","@id":"https:\/\/anoticiaonline.com.br\/site\/#organization","name":"A Not\u00edcia Online","description":"Noticias de Muria\u00e9 e regi\u00e3o","url":"https:\/\/anoticiaonline.com.br\/site\/","logo":{"@type":"ImageObject","url":"https:\/\/scontent-gig4-1.xx.fbcdn.net\/v\/t39.30808-1\/270437624_4564083193639691_6907940295614233970_n.jpg?stp=dst-jpg_s200x200_tt6&_nc_cat=111&ccb=1-7&_nc_sid=f907e8&_nc_ohc=SM1wRlP3lJwQ7kNvwEPuBYA&_nc_oc=AdnqrjDN_BNjSSHWO-GbkIWH6fkGMLw4bqvL_NH6e2wMveX7G-rP2dAqsDSq1mJMOaY&_nc_zt=24&_nc_ht=scontent-gig4-1.xx&_nc_gid=AoBFJeGrT1hVaew_6rchkQ&oh=00_AfX7QmFGhQhG2jAllVgXCiM1ZrWgvtp80-Bfppyexh1QEg&oe=689E923C","@id":"https:\/\/anoticiaonline.com.br\/site\/demolays-participam-de-cerimonias-na-loja-maconica-seareiros-da-paz\/#organizationLogo"},"image":{"@id":"https:\/\/anoticiaonline.com.br\/site\/demolays-participam-de-cerimonias-na-loja-maconica-seareiros-da-paz\/#organizationLogo"}},{"@type":"Person","@id":"https:\/\/anoticiaonline.com.br\/site\/author\/juliana\/#author","url":"https:\/\/anoticiaonline.com.br\/site\/author\/juliana\/","name":"Juliana Laviola","image":{"@type":"ImageObject","@id":"https:\/\/anoticiaonline.com.br\/site\/demolays-participam-de-cerimonias-na-loja-maconica-seareiros-da-paz\/#authorImage","url":"https:\/\/secure.gravatar.com\/avatar\/b8d45f5c699b100dfaf0e543582f38f38bf94cb7ae3a5e9abf8d891a34773335?s=96&d=mm&r=g","width":96,"height":96,"caption":"Juliana Laviola"}},{"@type":"WebPage","@id":"https:\/\/anoticiaonline.com.br\/site\/demolays-participam-de-cerimonias-na-loja-maconica-seareiros-da-paz\/#webpage","url":"https:\/\/anoticiaonline.com.br\/site\/demolays-participam-de-cerimonias-na-loja-maconica-seareiros-da-paz\/","name":"DeMolays participam de cerim\u00f4nias na loja ma\u00e7\u00f4nica Seareiros da Paz - A Not\u00edcia Online","description":"Membros da Ordem DeMolay de Muria\u00e9 participaram de duas cerim\u00f4nias realizadas na noite de sexta-feira (8), na loja ma\u00e7\u00f4nica Seareiros da Paz, com a presen\u00e7a dos componentes da Ordem DeMolay de Miradouro. De acordo com o membro DeMolay e fundador do Cap\u00edtulo 349, Danielison Ricardo Torres, o evento celebrou momentos especiais para a Ordem. \u201cHoje","inLanguage":"pt-BR","isPartOf":{"@id":"https:\/\/anoticiaonline.com.br\/site\/#website"},"breadcrumb":{"@id":"https:\/\/anoticiaonline.com.br\/site\/demolays-participam-de-cerimonias-na-loja-maconica-seareiros-da-paz\/#breadcrumblist"},"author":{"@id":"https:\/\/anoticiaonline.com.br\/site\/author\/juliana\/#author"},"creator":{"@id":"https:\/\/anoticiaonline.com.br\/site\/author\/juliana\/#author"},"image":{"@type":"ImageObject","url":"https:\/\/anoticiaonline.com.br\/site\/wp-content\/uploads\/2017\/12\/DSC_0718.jpg","@id":"https:\/\/anoticiaonline.com.br\/site\/demolays-participam-de-cerimonias-na-loja-maconica-seareiros-da-paz\/#mainImage","width":640,"height":424},"primaryImageOfPage":{"@id":"https:\/\/anoticiaonline.com.br\/site\/demolays-participam-de-cerimonias-na-loja-maconica-seareiros-da-paz\/#mainImage"},"datePublished":"2017-12-15T14:36:36-03:00","dateModified":"2017-12-15T14:36:36-03:00"},{"@type":"WebSite","@id":"https:\/\/anoticiaonline.com.br\/site\/#website","url":"https:\/\/anoticiaonline.com.br\/site\/","name":"A Not\u00edcia Online","description":"Noticias de Muria\u00e9 e regi\u00e3o","inLanguage":"pt-BR","publisher":{"@id":"https:\/\/anoticiaonline.com.br\/site\/#organization"}}]},"og:locale":"pt_BR","og:site_name":"A Not\u00edcia Online - Noticias de Muria\u00e9 e regi\u00e3o","og:type":"article","og:title":"DeMolays participam de cerim\u00f4nias na loja ma\u00e7\u00f4nica Seareiros da Paz - A Not\u00edcia Online","og:description":"Membros da Ordem DeMolay de Muria\u00e9 participaram de duas cerim\u00f4nias realizadas na noite de sexta-feira (8), na loja ma\u00e7\u00f4nica Seareiros da Paz, com a presen\u00e7a dos componentes da Ordem DeMolay de Miradouro. De acordo com o membro DeMolay e fundador do Cap\u00edtulo 349, Danielison Ricardo Torres, o evento celebrou momentos especiais para a Ordem. \u201cHoje","og:url":"https:\/\/anoticiaonline.com.br\/site\/demolays-participam-de-cerimonias-na-loja-maconica-seareiros-da-paz\/","og:image":"https:\/\/scontent-gig4-1.xx.fbcdn.net\/v\/t39.30808-1\/270437624_4564083193639691_6907940295614233970_n.jpg?stp=dst-jpg_s200x200_tt6&#038;_nc_cat=111&#038;ccb=1-7&#038;_nc_sid=f907e8&#038;_nc_ohc=SM1wRlP3lJwQ7kNvwEPuBYA&#038;_nc_oc=AdnqrjDN_BNjSSHWO-GbkIWH6fkGMLw4bqvL_NH6e2wMveX7G-rP2dAqsDSq1mJMOaY&#038;_nc_zt=24&#038;_nc_ht=scontent-gig4-1.xx&#038;_nc_gid=AoBFJeGrT1hVaew_6rchkQ&#038;oh=00_AfX7QmFGhQhG2jAllVgXCiM1ZrWgvtp80-Bfppyexh1QEg&#038;oe=689E923C","og:image:secure_url":"https:\/\/scontent-gig4-1.xx.fbcdn.net\/v\/t39.30808-1\/270437624_4564083193639691_6907940295614233970_n.jpg?stp=dst-jpg_s200x200_tt6&#038;_nc_cat=111&#038;ccb=1-7&#038;_nc_sid=f907e8&#038;_nc_ohc=SM1wRlP3lJwQ7kNvwEPuBYA&#038;_nc_oc=AdnqrjDN_BNjSSHWO-GbkIWH6fkGMLw4bqvL_NH6e2wMveX7G-rP2dAqsDSq1mJMOaY&#038;_nc_zt=24&#038;_nc_ht=scontent-gig4-1.xx&#038;_nc_gid=AoBFJeGrT1hVaew_6rchkQ&#038;oh=00_AfX7QmFGhQhG2jAllVgXCiM1ZrWgvtp80-Bfppyexh1QEg&#038;oe=689E923C","article:published_time":"2017-12-15T17:36:36+00:00","article:modified_time":"2017-12-15T17:36:36+00:00","twitter:card":"summary_large_image","twitter:title":"DeMolays participam de cerim\u00f4nias na loja ma\u00e7\u00f4nica Seareiros da Paz - A Not\u00edcia Online","twitter:description":"Membros da Ordem DeMolay de Muria\u00e9 participaram de duas cerim\u00f4nias realizadas na noite de sexta-feira (8), na loja ma\u00e7\u00f4nica Seareiros da Paz, com a presen\u00e7a dos componentes da Ordem DeMolay de Miradouro. De acordo com o membro DeMolay e fundador do Cap\u00edtulo 349, Danielison Ricardo Torres, o evento celebrou momentos especiais para a Ordem. \u201cHoje","twitter:image":"https:\/\/scontent-gig4-1.xx.fbcdn.net\/v\/t39.30808-1\/270437624_4564083193639691_6907940295614233970_n.jpg?stp=dst-jpg_s200x200_tt6&_nc_cat=111&ccb=1-7&_nc_sid=f907e8&_nc_ohc=SM1wRlP3lJwQ7kNvwEPuBYA&_nc_oc=AdnqrjDN_BNjSSHWO-GbkIWH6fkGMLw4bqvL_NH6e2wMveX7G-rP2dAqsDSq1mJMOaY&_nc_zt=24&_nc_ht=scontent-gig4-1.xx&_nc_gid=AoBFJeGrT1hVaew_6rchkQ&oh=00_AfX7QmFGhQhG2jAllVgXCiM1ZrWgvtp80-Bfppyexh1QEg&oe=689E923C"},"aioseo_meta_data":{"post_id":"47890","title":null,"description":null,"keywords":null,"keyphrases":null,"primary_term":null,"canonical_url":null,"og_title":null,"og_description":null,"og_object_type":"default","og_image_type":"default","og_image_url":null,"og_image_width":null,"og_image_height":null,"og_image_custom_url":null,"og_image_custom_fields":null,"og_video":null,"og_custom_url":null,"og_article_section":null,"og_article_tags":null,"twitter_use_og":false,"twitter_card":"default","twitter_image_type":"default","twitter_image_url":null,"twitter_image_custom_url":null,"twitter_image_custom_fields":null,"twitter_title":null,"twitter_description":null,"schema":{"blockGraphs":[],"customGraphs":[],"default":{"data":{"Article":[],"Course":[],"Dataset":[],"FAQPage":[],"Movie":[],"Person":[],"Product":[],"ProductReview":[],"Car":[],"Recipe":[],"Service":[],"SoftwareApplication":[],"WebPage":[]},"graphName":"","isEnabled":true},"graphs":[]},"schema_type":"default","schema_type_options":null,"pillar_content":false,"robots_default":true,"robots_noindex":false,"robots_noarchive":false,"robots_nosnippet":false,"robots_nofollow":false,"robots_noimageindex":false,"robots_noodp":false,"robots_notranslate":false,"robots_max_snippet":null,"robots_max_videopreview":null,"robots_max_imagepreview":"large","priority":null,"frequency":null,"local_seo":null,"breadcrumb_settings":null,"limit_modified_date":false,"ai":null,"created":"2025-08-16 20:05:35","updated":"2025-08-16 20:05:35","focus_keyword":null,"additional_keywords":null,"truseo_locale":null,"seo_analyzer_scan_date":null},"aioseo_breadcrumb":"<div class=\"aioseo-breadcrumbs\"><span class=\"aioseo-breadcrumb\">\n\t\t\t<a href=\"https:\/\/anoticiaonline.com.br\/site\" title=\"Home\">Home<\/a>\n\t\t<\/span><span class=\"aioseo-breadcrumb-separator\">&raquo;<\/span><span class=\"aioseo-breadcrumb\">\n\t\t\t<a href=\"https:\/\/anoticiaonline.com.br\/site\/categoria\/gerais\/\" title=\"Gerais\">Gerais<\/a>\n\t\t<\/span><span class=\"aioseo-breadcrumb-separator\">&raquo;<\/span><span class=\"aioseo-breadcrumb\">\n\t\t\tDeMolays participam de cerim\u00f4nias na loja ma\u00e7\u00f4nica Seareiros da Paz\n\t\t<\/span><\/div>","aioseo_breadcrumb_json":[{"label":"Home","link":"https:\/\/anoticiaonline.com.br\/site"},{"label":"Gerais","link":"https:\/\/anoticiaonline.com.br\/site\/categoria\/gerais\/"},{"label":"DeMolays participam de cerim\u00f4nias na loja ma\u00e7\u00f4nica Seareiros da Paz","link":"https:\/\/anoticiaonline.com.br\/site\/demolays-participam-de-cerimonias-na-loja-maconica-seareiros-da-paz\/"}],"views":345,"_links":{"self":[{"href":"https:\/\/anoticiaonline.com.br\/site\/wp-json\/wp\/v2\/posts\/47890","targetHints":{"allow":["GET"]}}],"collection":[{"href":"https:\/\/anoticiaonline.com.br\/site\/wp-json\/wp\/v2\/posts"}],"about":[{"href":"https:\/\/anoticiaonline.com.br\/site\/wp-json\/wp\/v2\/types\/post"}],"author":[{"embeddable":true,"href":"https:\/\/anoticiaonline.com.br\/site\/wp-json\/wp\/v2\/users\/2"}],"replies":[{"embeddable":true,"href":"https:\/\/anoticiaonline.com.br\/site\/wp-json\/wp\/v2\/comments?post=47890"}],"version-history":[{"count":0,"href":"https:\/\/anoticiaonline.com.br\/site\/wp-json\/wp\/v2\/posts\/47890\/revisions"}],"wp:featuredmedia":[{"embeddable":true,"href":"https:\/\/anoticiaonline.com.br\/site\/wp-json\/wp\/v2\/media\/47892"}],"wp:attachment":[{"href":"https:\/\/anoticiaonline.com.br\/site\/wp-json\/wp\/v2\/media?parent=47890"}],"wp:term":[{"taxonomy":"category","embeddable":true,"href":"https:\/\/anoticiaonline.com.br\/site\/wp-json\/wp\/v2\/categories?post=47890"},{"taxonomy":"post_tag","embeddable":true,"href":"https:\/\/anoticiaonline.com.br\/site\/wp-json\/wp\/v2\/tags?post=47890"}],"curies":[{"name":"wp","href":"https:\/\/api.w.org\/{rel}","templated":true}]}}