{"id":47864,"date":"2017-12-14T19:24:37","date_gmt":"2017-12-14T22:24:37","guid":{"rendered":"http:\/\/anoticiaonline.com.br\/site\/?p=47864"},"modified":"2017-12-15T14:48:00","modified_gmt":"2017-12-15T17:48:00","slug":"albino-encara-as-areias-do-deserto-do-sahara","status":"publish","type":"post","link":"https:\/\/anoticiaonline.com.br\/site\/albino-encara-as-areias-do-deserto-do-sahara\/","title":{"rendered":"Albino encara o Deserto do Sahara"},"content":{"rendered":"<p><a href=\"https:\/\/anoticiaonline.com.br\/site\/wp-content\/uploads\/2017\/12\/Albino-encara-as-areias-do-Deserto-do-Sahara.jpg\"><img fetchpriority=\"high\" decoding=\"async\" class=\"alignnone size-full wp-image-47865\" src=\"https:\/\/anoticiaonline.com.br\/site\/wp-content\/uploads\/2017\/12\/Albino-encara-as-areias-do-Deserto-do-Sahara.jpg\" alt=\"\" width=\"640\" height=\"427\" srcset=\"https:\/\/anoticiaonline.com.br\/site\/wp-content\/uploads\/2017\/12\/Albino-encara-as-areias-do-Deserto-do-Sahara.jpg 640w, https:\/\/anoticiaonline.com.br\/site\/wp-content\/uploads\/2017\/12\/Albino-encara-as-areias-do-Deserto-do-Sahara-300x200.jpg 300w\" sizes=\"(max-width: 640px) 100vw, 640px\" \/><\/a><\/p>\n<p>Depois de enfrentar as varia\u00e7\u00f5es de altitude de 3.400 metros acima do n\u00edvel do mar em Cusco, no Peru, na corrida \u201cVale Sagrado dos Incas\u201d, em maio de 2016, e de temperaturas no Deserto do Atacama, no Chile, em novembro do ano passado, no \u201cMountain Do\u201d, Albino Pinto da Rocha, atleta h\u00e1 40 anos, encarou mais uma aventura esportiva no Marrocos, na \u00c1frica, onde participou do \u201cMountain Do Deserto do Sahara\u201d, no dia 19 de novembro.<\/p>\n<p><a href=\"https:\/\/anoticiaonline.com.br\/site\/wp-content\/uploads\/2017\/12\/Albino-encara-as-areias-do-Deserto-do-Sahara-2.jpg\"><img decoding=\"async\" class=\"alignnone size-full wp-image-47866\" src=\"https:\/\/anoticiaonline.com.br\/site\/wp-content\/uploads\/2017\/12\/Albino-encara-as-areias-do-Deserto-do-Sahara-2.jpg\" alt=\"\" width=\"640\" height=\"427\" srcset=\"https:\/\/anoticiaonline.com.br\/site\/wp-content\/uploads\/2017\/12\/Albino-encara-as-areias-do-Deserto-do-Sahara-2.jpg 640w, https:\/\/anoticiaonline.com.br\/site\/wp-content\/uploads\/2017\/12\/Albino-encara-as-areias-do-Deserto-do-Sahara-2-300x200.jpg 300w\" sizes=\"(max-width: 640px) 100vw, 640px\" \/><\/a><\/p>\n<p>Com diversos t\u00edtulos nacionais e internacionais em sua carreira, Albino, de 71 anos, completou o percurso de 25 km, na categoria acima de 63 anos, passando pelo incr\u00edvel cen\u00e1rio formado pelas dunas de Erg Chebbi. Os trechos da corrida eram formados por dunas arenosas e estradas de ch\u00e3o, incluindo um caminho utilizado para o famoso rali Paris-Dakar<\/p>\n<p>A prepara\u00e7\u00e3o come\u00e7ou no segundo semestre deste ano. O treinamento foi intenso, debaixo do sol de meio-dia e nas areias fofas das praias do Rio de Janeiro, para tentar simular uma situa\u00e7\u00e3o mais aproximada do real.<\/p>\n<p>O Deserto do Saara \u00e9 o maior deserto quente do mundo, com temperaturas que podem chegar a 50\u00ba C durante o dia e \u20135\u00ba C \u00e0 noite.<\/p>\n<p>Em todas as competi\u00e7\u00f5es, inclusive esta, as despesas foram custeadas pelo pr\u00f3prio atleta, um investimento m\u00e9dio de R$ 8 mil por viagem.<\/p>\n<p>\u201cEsse foi mais um grande desafio em minha carreira como atleta, pois, al\u00e9m das altas dunas e temperaturas, a areia fofa dificultou o desempenho, exigindo mais de mim. Foi realmente um momento de supera\u00e7\u00e3o. Al\u00e9m disso, aprendi muito sobre a cultura marroquina, sobre os costumes do povo \u00e1rabe, sobre as restri\u00e7\u00f5es do isl\u00e3 e seu fundamentalismo, que permite a submiss\u00e3o da mulher\u201d, afirma o atleta que esteve nas cidades de Casablanca e Merzouga.<\/p>\n<p>Albino n\u00e3o conquistou lugar no p\u00f3dio, mas trouxe consigo uma medalha de participa\u00e7\u00e3o, um orgulho para a popula\u00e7\u00e3o de Muria\u00e9, cidade que escolheu para viver.<\/p>\n","protected":false},"excerpt":{"rendered":"<p>Depois de enfrentar as varia\u00e7\u00f5es de altitude de 3.400 metros acima do n\u00edvel do mar em Cusco, no Peru, na corrida \u201cVale Sagrado dos Incas\u201d, em maio de 2016, e de temperaturas no Deserto do Atacama, no Chile, em novembro do ano passado, no \u201cMountain Do\u201d, Albino Pinto da Rocha, atleta h\u00e1 40 anos, encarou &#8230; <a title=\"Albino encara o Deserto do Sahara\" class=\"read-more\" href=\"https:\/\/anoticiaonline.com.br\/site\/albino-encara-as-areias-do-deserto-do-sahara\/\" aria-label=\"Read more about Albino encara o Deserto do Sahara\">Ler mais<\/a><\/p>\n","protected":false},"author":2,"featured_media":47867,"comment_status":"open","ping_status":"open","sticky":false,"template":"","format":"standard","meta":{"_acf_changed":false,"_monsterinsights_skip_tracking":false,"footnotes":""},"categories":[30],"tags":[1739,907,46,74,1740],"class_list":["post-47864","post","type-post","status-publish","format-standard","has-post-thumbnail","hentry","category-muriae","tag-albino","tag-atletismo","tag-corrida","tag-muriae","tag-sahara"],"acf":[],"aioseo_notices":[],"aioseo_head":"\n\t\t<!-- All in One SEO 5.0.0.1 - aioseo.com -->\n\t<meta name=\"description\" content=\"Depois de enfrentar as varia\u00e7\u00f5es de altitude de 3.400 metros acima do n\u00edvel do mar em Cusco, no Peru, na corrida \u201cVale Sagrado dos Incas\u201d, em maio de 2016, e de temperaturas no Deserto do Atacama, no Chile, em novembro do ano passado, no \u201cMountain Do\u201d, Albino Pinto da Rocha, atleta h\u00e1 40 anos, encarou\" \/>\n\t<meta name=\"robots\" content=\"max-image-preview:large\" \/>\n\t<meta name=\"author\" content=\"Juliana Laviola\"\/>\n\t<link rel=\"canonical\" href=\"https:\/\/anoticiaonline.com.br\/site\/albino-encara-as-areias-do-deserto-do-sahara\/\" \/>\n\t<meta name=\"generator\" content=\"All in One SEO (AIOSEO) 5.0.0.1\" \/>\n\t\t<meta property=\"og:locale\" content=\"pt_BR\" \/>\n\t\t<meta property=\"og:site_name\" content=\"A Not\u00edcia Online - Noticias de Muria\u00e9 e regi\u00e3o\" \/>\n\t\t<meta property=\"og:type\" content=\"article\" \/>\n\t\t<meta property=\"og:title\" content=\"Albino encara o Deserto do Sahara - A Not\u00edcia Online\" \/>\n\t\t<meta property=\"og:description\" content=\"Depois de enfrentar as varia\u00e7\u00f5es de altitude de 3.400 metros acima do n\u00edvel do mar em Cusco, no Peru, na corrida \u201cVale Sagrado dos Incas\u201d, em maio de 2016, e de temperaturas no Deserto do Atacama, no Chile, em novembro do ano passado, no \u201cMountain Do\u201d, Albino Pinto da Rocha, atleta h\u00e1 40 anos, encarou\" \/>\n\t\t<meta property=\"og:url\" content=\"https:\/\/anoticiaonline.com.br\/site\/albino-encara-as-areias-do-deserto-do-sahara\/\" \/>\n\t\t<meta property=\"og:image\" content=\"https:\/\/scontent-gig4-1.xx.fbcdn.net\/v\/t39.30808-1\/270437624_4564083193639691_6907940295614233970_n.jpg?stp=dst-jpg_s200x200_tt6&#038;_nc_cat=111&#038;ccb=1-7&#038;_nc_sid=f907e8&#038;_nc_ohc=SM1wRlP3lJwQ7kNvwEPuBYA&#038;_nc_oc=AdnqrjDN_BNjSSHWO-GbkIWH6fkGMLw4bqvL_NH6e2wMveX7G-rP2dAqsDSq1mJMOaY&#038;_nc_zt=24&#038;_nc_ht=scontent-gig4-1.xx&#038;_nc_gid=AoBFJeGrT1hVaew_6rchkQ&#038;oh=00_AfX7QmFGhQhG2jAllVgXCiM1ZrWgvtp80-Bfppyexh1QEg&#038;oe=689E923C\" \/>\n\t\t<meta property=\"og:image:secure_url\" content=\"https:\/\/scontent-gig4-1.xx.fbcdn.net\/v\/t39.30808-1\/270437624_4564083193639691_6907940295614233970_n.jpg?stp=dst-jpg_s200x200_tt6&#038;_nc_cat=111&#038;ccb=1-7&#038;_nc_sid=f907e8&#038;_nc_ohc=SM1wRlP3lJwQ7kNvwEPuBYA&#038;_nc_oc=AdnqrjDN_BNjSSHWO-GbkIWH6fkGMLw4bqvL_NH6e2wMveX7G-rP2dAqsDSq1mJMOaY&#038;_nc_zt=24&#038;_nc_ht=scontent-gig4-1.xx&#038;_nc_gid=AoBFJeGrT1hVaew_6rchkQ&#038;oh=00_AfX7QmFGhQhG2jAllVgXCiM1ZrWgvtp80-Bfppyexh1QEg&#038;oe=689E923C\" \/>\n\t\t<meta property=\"article:published_time\" content=\"2017-12-14T22:24:37+00:00\" \/>\n\t\t<meta property=\"article:modified_time\" content=\"2017-12-15T17:48:00+00:00\" \/>\n\t\t<meta name=\"twitter:card\" content=\"summary_large_image\" \/>\n\t\t<meta name=\"twitter:title\" content=\"Albino encara o Deserto do Sahara - A Not\u00edcia Online\" \/>\n\t\t<meta name=\"twitter:description\" content=\"Depois de enfrentar as varia\u00e7\u00f5es de altitude de 3.400 metros acima do n\u00edvel do mar em Cusco, no Peru, na corrida \u201cVale Sagrado dos Incas\u201d, em maio de 2016, e de temperaturas no Deserto do Atacama, no Chile, em novembro do ano passado, no \u201cMountain Do\u201d, Albino Pinto da Rocha, atleta h\u00e1 40 anos, encarou\" \/>\n\t\t<meta name=\"twitter:image\" content=\"https:\/\/scontent-gig4-1.xx.fbcdn.net\/v\/t39.30808-1\/270437624_4564083193639691_6907940295614233970_n.jpg?stp=dst-jpg_s200x200_tt6&amp;_nc_cat=111&amp;ccb=1-7&amp;_nc_sid=f907e8&amp;_nc_ohc=SM1wRlP3lJwQ7kNvwEPuBYA&amp;_nc_oc=AdnqrjDN_BNjSSHWO-GbkIWH6fkGMLw4bqvL_NH6e2wMveX7G-rP2dAqsDSq1mJMOaY&amp;_nc_zt=24&amp;_nc_ht=scontent-gig4-1.xx&amp;_nc_gid=AoBFJeGrT1hVaew_6rchkQ&amp;oh=00_AfX7QmFGhQhG2jAllVgXCiM1ZrWgvtp80-Bfppyexh1QEg&amp;oe=689E923C\" \/>\n\t\t<script type=\"application\/ld+json\" class=\"aioseo-schema\">\n\t\t\t{\"@context\":\"https:\\\/\\\/schema.org\",\"@graph\":[{\"@type\":\"BlogPosting\",\"@id\":\"https:\\\/\\\/anoticiaonline.com.br\\\/site\\\/albino-encara-as-areias-do-deserto-do-sahara\\\/#blogposting\",\"name\":\"Albino encara o Deserto do Sahara - A Not\\u00edcia Online\",\"headline\":\"Albino encara o Deserto do Sahara\",\"author\":{\"@id\":\"https:\\\/\\\/anoticiaonline.com.br\\\/site\\\/author\\\/juliana\\\/#author\"},\"publisher\":{\"@id\":\"https:\\\/\\\/anoticiaonline.com.br\\\/site\\\/#organization\"},\"image\":{\"@type\":\"ImageObject\",\"url\":\"https:\\\/\\\/anoticiaonline.com.br\\\/site\\\/wp-content\\\/uploads\\\/2017\\\/12\\\/Albino-encara-as-areias-do-Deserto-do-Sahara-1.jpg\",\"width\":640,\"height\":427},\"datePublished\":\"2017-12-14T19:24:37-03:00\",\"dateModified\":\"2017-12-15T14:48:00-03:00\",\"inLanguage\":\"pt-BR\",\"mainEntityOfPage\":{\"@id\":\"https:\\\/\\\/anoticiaonline.com.br\\\/site\\\/albino-encara-as-areias-do-deserto-do-sahara\\\/#webpage\"},\"isPartOf\":{\"@id\":\"https:\\\/\\\/anoticiaonline.com.br\\\/site\\\/albino-encara-as-areias-do-deserto-do-sahara\\\/#webpage\"},\"articleSection\":\"Blog, albino, atletismo, corrida, Muria\\u00e9, sahara\"},{\"@type\":\"BreadcrumbList\",\"@id\":\"https:\\\/\\\/anoticiaonline.com.br\\\/site\\\/albino-encara-as-areias-do-deserto-do-sahara\\\/#breadcrumblist\",\"itemListElement\":[{\"@type\":\"ListItem\",\"@id\":\"https:\\\/\\\/anoticiaonline.com.br\\\/site#listItem\",\"position\":1,\"name\":\"Home\",\"item\":\"https:\\\/\\\/anoticiaonline.com.br\\\/site\",\"nextItem\":{\"@type\":\"ListItem\",\"@id\":\"https:\\\/\\\/anoticiaonline.com.br\\\/site\\\/categoria\\\/muriae\\\/#listItem\",\"name\":\"Blog\"}},{\"@type\":\"ListItem\",\"@id\":\"https:\\\/\\\/anoticiaonline.com.br\\\/site\\\/categoria\\\/muriae\\\/#listItem\",\"position\":2,\"name\":\"Blog\",\"item\":\"https:\\\/\\\/anoticiaonline.com.br\\\/site\\\/categoria\\\/muriae\\\/\",\"nextItem\":{\"@type\":\"ListItem\",\"@id\":\"https:\\\/\\\/anoticiaonline.com.br\\\/site\\\/albino-encara-as-areias-do-deserto-do-sahara\\\/#listItem\",\"name\":\"Albino encara o Deserto do Sahara\"},\"previousItem\":{\"@type\":\"ListItem\",\"@id\":\"https:\\\/\\\/anoticiaonline.com.br\\\/site#listItem\",\"name\":\"Home\"}},{\"@type\":\"ListItem\",\"@id\":\"https:\\\/\\\/anoticiaonline.com.br\\\/site\\\/albino-encara-as-areias-do-deserto-do-sahara\\\/#listItem\",\"position\":3,\"name\":\"Albino encara o Deserto do Sahara\",\"previousItem\":{\"@type\":\"ListItem\",\"@id\":\"https:\\\/\\\/anoticiaonline.com.br\\\/site\\\/categoria\\\/muriae\\\/#listItem\",\"name\":\"Blog\"}}]},{\"@type\":\"Organization\",\"@id\":\"https:\\\/\\\/anoticiaonline.com.br\\\/site\\\/#organization\",\"name\":\"A Not\\u00edcia Online\",\"description\":\"Noticias de Muria\\u00e9 e regi\\u00e3o\",\"url\":\"https:\\\/\\\/anoticiaonline.com.br\\\/site\\\/\",\"logo\":{\"@type\":\"ImageObject\",\"url\":\"https:\\\/\\\/scontent-gig4-1.xx.fbcdn.net\\\/v\\\/t39.30808-1\\\/270437624_4564083193639691_6907940295614233970_n.jpg?stp=dst-jpg_s200x200_tt6&_nc_cat=111&ccb=1-7&_nc_sid=f907e8&_nc_ohc=SM1wRlP3lJwQ7kNvwEPuBYA&_nc_oc=AdnqrjDN_BNjSSHWO-GbkIWH6fkGMLw4bqvL_NH6e2wMveX7G-rP2dAqsDSq1mJMOaY&_nc_zt=24&_nc_ht=scontent-gig4-1.xx&_nc_gid=AoBFJeGrT1hVaew_6rchkQ&oh=00_AfX7QmFGhQhG2jAllVgXCiM1ZrWgvtp80-Bfppyexh1QEg&oe=689E923C\",\"@id\":\"https:\\\/\\\/anoticiaonline.com.br\\\/site\\\/albino-encara-as-areias-do-deserto-do-sahara\\\/#organizationLogo\"},\"image\":{\"@id\":\"https:\\\/\\\/anoticiaonline.com.br\\\/site\\\/albino-encara-as-areias-do-deserto-do-sahara\\\/#organizationLogo\"}},{\"@type\":\"Person\",\"@id\":\"https:\\\/\\\/anoticiaonline.com.br\\\/site\\\/author\\\/juliana\\\/#author\",\"url\":\"https:\\\/\\\/anoticiaonline.com.br\\\/site\\\/author\\\/juliana\\\/\",\"name\":\"Juliana Laviola\",\"image\":{\"@type\":\"ImageObject\",\"@id\":\"https:\\\/\\\/anoticiaonline.com.br\\\/site\\\/albino-encara-as-areias-do-deserto-do-sahara\\\/#authorImage\",\"url\":\"https:\\\/\\\/secure.gravatar.com\\\/avatar\\\/b8d45f5c699b100dfaf0e543582f38f38bf94cb7ae3a5e9abf8d891a34773335?s=96&d=mm&r=g\",\"width\":96,\"height\":96,\"caption\":\"Juliana Laviola\"}},{\"@type\":\"WebPage\",\"@id\":\"https:\\\/\\\/anoticiaonline.com.br\\\/site\\\/albino-encara-as-areias-do-deserto-do-sahara\\\/#webpage\",\"url\":\"https:\\\/\\\/anoticiaonline.com.br\\\/site\\\/albino-encara-as-areias-do-deserto-do-sahara\\\/\",\"name\":\"Albino encara o Deserto do Sahara - A Not\\u00edcia Online\",\"description\":\"Depois de enfrentar as varia\\u00e7\\u00f5es de altitude de 3.400 metros acima do n\\u00edvel do mar em Cusco, no Peru, na corrida \\u201cVale Sagrado dos Incas\\u201d, em maio de 2016, e de temperaturas no Deserto do Atacama, no Chile, em novembro do ano passado, no \\u201cMountain Do\\u201d, Albino Pinto da Rocha, atleta h\\u00e1 40 anos, encarou\",\"inLanguage\":\"pt-BR\",\"isPartOf\":{\"@id\":\"https:\\\/\\\/anoticiaonline.com.br\\\/site\\\/#website\"},\"breadcrumb\":{\"@id\":\"https:\\\/\\\/anoticiaonline.com.br\\\/site\\\/albino-encara-as-areias-do-deserto-do-sahara\\\/#breadcrumblist\"},\"author\":{\"@id\":\"https:\\\/\\\/anoticiaonline.com.br\\\/site\\\/author\\\/juliana\\\/#author\"},\"creator\":{\"@id\":\"https:\\\/\\\/anoticiaonline.com.br\\\/site\\\/author\\\/juliana\\\/#author\"},\"image\":{\"@type\":\"ImageObject\",\"url\":\"https:\\\/\\\/anoticiaonline.com.br\\\/site\\\/wp-content\\\/uploads\\\/2017\\\/12\\\/Albino-encara-as-areias-do-Deserto-do-Sahara-1.jpg\",\"@id\":\"https:\\\/\\\/anoticiaonline.com.br\\\/site\\\/albino-encara-as-areias-do-deserto-do-sahara\\\/#mainImage\",\"width\":640,\"height\":427},\"primaryImageOfPage\":{\"@id\":\"https:\\\/\\\/anoticiaonline.com.br\\\/site\\\/albino-encara-as-areias-do-deserto-do-sahara\\\/#mainImage\"},\"datePublished\":\"2017-12-14T19:24:37-03:00\",\"dateModified\":\"2017-12-15T14:48:00-03:00\"},{\"@type\":\"WebSite\",\"@id\":\"https:\\\/\\\/anoticiaonline.com.br\\\/site\\\/#website\",\"url\":\"https:\\\/\\\/anoticiaonline.com.br\\\/site\\\/\",\"name\":\"A Not\\u00edcia Online\",\"description\":\"Noticias de Muria\\u00e9 e regi\\u00e3o\",\"inLanguage\":\"pt-BR\",\"publisher\":{\"@id\":\"https:\\\/\\\/anoticiaonline.com.br\\\/site\\\/#organization\"}}]}\n\t\t<\/script>\n\t\t<!-- All in One SEO -->\n\n","aioseo_head_json":{"title":"Albino encara o Deserto do Sahara - A Not\u00edcia Online","description":"Depois de enfrentar as varia\u00e7\u00f5es de altitude de 3.400 metros acima do n\u00edvel do mar em Cusco, no Peru, na corrida \u201cVale Sagrado dos Incas\u201d, em maio de 2016, e de temperaturas no Deserto do Atacama, no Chile, em novembro do ano passado, no \u201cMountain Do\u201d, Albino Pinto da Rocha, atleta h\u00e1 40 anos, encarou","canonical_url":"https:\/\/anoticiaonline.com.br\/site\/albino-encara-as-areias-do-deserto-do-sahara\/","robots":"max-image-preview:large","keywords":"","webmasterTools":{"miscellaneous":""},"schema":{"@context":"https:\/\/schema.org","@graph":[{"@type":"BlogPosting","@id":"https:\/\/anoticiaonline.com.br\/site\/albino-encara-as-areias-do-deserto-do-sahara\/#blogposting","name":"Albino encara o Deserto do Sahara - A Not\u00edcia Online","headline":"Albino encara o Deserto do Sahara","author":{"@id":"https:\/\/anoticiaonline.com.br\/site\/author\/juliana\/#author"},"publisher":{"@id":"https:\/\/anoticiaonline.com.br\/site\/#organization"},"image":{"@type":"ImageObject","url":"https:\/\/anoticiaonline.com.br\/site\/wp-content\/uploads\/2017\/12\/Albino-encara-as-areias-do-Deserto-do-Sahara-1.jpg","width":640,"height":427},"datePublished":"2017-12-14T19:24:37-03:00","dateModified":"2017-12-15T14:48:00-03:00","inLanguage":"pt-BR","mainEntityOfPage":{"@id":"https:\/\/anoticiaonline.com.br\/site\/albino-encara-as-areias-do-deserto-do-sahara\/#webpage"},"isPartOf":{"@id":"https:\/\/anoticiaonline.com.br\/site\/albino-encara-as-areias-do-deserto-do-sahara\/#webpage"},"articleSection":"Blog, albino, atletismo, corrida, Muria\u00e9, sahara"},{"@type":"BreadcrumbList","@id":"https:\/\/anoticiaonline.com.br\/site\/albino-encara-as-areias-do-deserto-do-sahara\/#breadcrumblist","itemListElement":[{"@type":"ListItem","@id":"https:\/\/anoticiaonline.com.br\/site#listItem","position":1,"name":"Home","item":"https:\/\/anoticiaonline.com.br\/site","nextItem":{"@type":"ListItem","@id":"https:\/\/anoticiaonline.com.br\/site\/categoria\/muriae\/#listItem","name":"Blog"}},{"@type":"ListItem","@id":"https:\/\/anoticiaonline.com.br\/site\/categoria\/muriae\/#listItem","position":2,"name":"Blog","item":"https:\/\/anoticiaonline.com.br\/site\/categoria\/muriae\/","nextItem":{"@type":"ListItem","@id":"https:\/\/anoticiaonline.com.br\/site\/albino-encara-as-areias-do-deserto-do-sahara\/#listItem","name":"Albino encara o Deserto do Sahara"},"previousItem":{"@type":"ListItem","@id":"https:\/\/anoticiaonline.com.br\/site#listItem","name":"Home"}},{"@type":"ListItem","@id":"https:\/\/anoticiaonline.com.br\/site\/albino-encara-as-areias-do-deserto-do-sahara\/#listItem","position":3,"name":"Albino encara o Deserto do Sahara","previousItem":{"@type":"ListItem","@id":"https:\/\/anoticiaonline.com.br\/site\/categoria\/muriae\/#listItem","name":"Blog"}}]},{"@type":"Organization","@id":"https:\/\/anoticiaonline.com.br\/site\/#organization","name":"A Not\u00edcia Online","description":"Noticias de Muria\u00e9 e regi\u00e3o","url":"https:\/\/anoticiaonline.com.br\/site\/","logo":{"@type":"ImageObject","url":"https:\/\/scontent-gig4-1.xx.fbcdn.net\/v\/t39.30808-1\/270437624_4564083193639691_6907940295614233970_n.jpg?stp=dst-jpg_s200x200_tt6&_nc_cat=111&ccb=1-7&_nc_sid=f907e8&_nc_ohc=SM1wRlP3lJwQ7kNvwEPuBYA&_nc_oc=AdnqrjDN_BNjSSHWO-GbkIWH6fkGMLw4bqvL_NH6e2wMveX7G-rP2dAqsDSq1mJMOaY&_nc_zt=24&_nc_ht=scontent-gig4-1.xx&_nc_gid=AoBFJeGrT1hVaew_6rchkQ&oh=00_AfX7QmFGhQhG2jAllVgXCiM1ZrWgvtp80-Bfppyexh1QEg&oe=689E923C","@id":"https:\/\/anoticiaonline.com.br\/site\/albino-encara-as-areias-do-deserto-do-sahara\/#organizationLogo"},"image":{"@id":"https:\/\/anoticiaonline.com.br\/site\/albino-encara-as-areias-do-deserto-do-sahara\/#organizationLogo"}},{"@type":"Person","@id":"https:\/\/anoticiaonline.com.br\/site\/author\/juliana\/#author","url":"https:\/\/anoticiaonline.com.br\/site\/author\/juliana\/","name":"Juliana Laviola","image":{"@type":"ImageObject","@id":"https:\/\/anoticiaonline.com.br\/site\/albino-encara-as-areias-do-deserto-do-sahara\/#authorImage","url":"https:\/\/secure.gravatar.com\/avatar\/b8d45f5c699b100dfaf0e543582f38f38bf94cb7ae3a5e9abf8d891a34773335?s=96&d=mm&r=g","width":96,"height":96,"caption":"Juliana Laviola"}},{"@type":"WebPage","@id":"https:\/\/anoticiaonline.com.br\/site\/albino-encara-as-areias-do-deserto-do-sahara\/#webpage","url":"https:\/\/anoticiaonline.com.br\/site\/albino-encara-as-areias-do-deserto-do-sahara\/","name":"Albino encara o Deserto do Sahara - A Not\u00edcia Online","description":"Depois de enfrentar as varia\u00e7\u00f5es de altitude de 3.400 metros acima do n\u00edvel do mar em Cusco, no Peru, na corrida \u201cVale Sagrado dos Incas\u201d, em maio de 2016, e de temperaturas no Deserto do Atacama, no Chile, em novembro do ano passado, no \u201cMountain Do\u201d, Albino Pinto da Rocha, atleta h\u00e1 40 anos, encarou","inLanguage":"pt-BR","isPartOf":{"@id":"https:\/\/anoticiaonline.com.br\/site\/#website"},"breadcrumb":{"@id":"https:\/\/anoticiaonline.com.br\/site\/albino-encara-as-areias-do-deserto-do-sahara\/#breadcrumblist"},"author":{"@id":"https:\/\/anoticiaonline.com.br\/site\/author\/juliana\/#author"},"creator":{"@id":"https:\/\/anoticiaonline.com.br\/site\/author\/juliana\/#author"},"image":{"@type":"ImageObject","url":"https:\/\/anoticiaonline.com.br\/site\/wp-content\/uploads\/2017\/12\/Albino-encara-as-areias-do-Deserto-do-Sahara-1.jpg","@id":"https:\/\/anoticiaonline.com.br\/site\/albino-encara-as-areias-do-deserto-do-sahara\/#mainImage","width":640,"height":427},"primaryImageOfPage":{"@id":"https:\/\/anoticiaonline.com.br\/site\/albino-encara-as-areias-do-deserto-do-sahara\/#mainImage"},"datePublished":"2017-12-14T19:24:37-03:00","dateModified":"2017-12-15T14:48:00-03:00"},{"@type":"WebSite","@id":"https:\/\/anoticiaonline.com.br\/site\/#website","url":"https:\/\/anoticiaonline.com.br\/site\/","name":"A Not\u00edcia Online","description":"Noticias de Muria\u00e9 e regi\u00e3o","inLanguage":"pt-BR","publisher":{"@id":"https:\/\/anoticiaonline.com.br\/site\/#organization"}}]},"og:locale":"pt_BR","og:site_name":"A Not\u00edcia Online - Noticias de Muria\u00e9 e regi\u00e3o","og:type":"article","og:title":"Albino encara o Deserto do Sahara - A Not\u00edcia Online","og:description":"Depois de enfrentar as varia\u00e7\u00f5es de altitude de 3.400 metros acima do n\u00edvel do mar em Cusco, no Peru, na corrida \u201cVale Sagrado dos Incas\u201d, em maio de 2016, e de temperaturas no Deserto do Atacama, no Chile, em novembro do ano passado, no \u201cMountain Do\u201d, Albino Pinto da Rocha, atleta h\u00e1 40 anos, encarou","og:url":"https:\/\/anoticiaonline.com.br\/site\/albino-encara-as-areias-do-deserto-do-sahara\/","og:image":"https:\/\/scontent-gig4-1.xx.fbcdn.net\/v\/t39.30808-1\/270437624_4564083193639691_6907940295614233970_n.jpg?stp=dst-jpg_s200x200_tt6&#038;_nc_cat=111&#038;ccb=1-7&#038;_nc_sid=f907e8&#038;_nc_ohc=SM1wRlP3lJwQ7kNvwEPuBYA&#038;_nc_oc=AdnqrjDN_BNjSSHWO-GbkIWH6fkGMLw4bqvL_NH6e2wMveX7G-rP2dAqsDSq1mJMOaY&#038;_nc_zt=24&#038;_nc_ht=scontent-gig4-1.xx&#038;_nc_gid=AoBFJeGrT1hVaew_6rchkQ&#038;oh=00_AfX7QmFGhQhG2jAllVgXCiM1ZrWgvtp80-Bfppyexh1QEg&#038;oe=689E923C","og:image:secure_url":"https:\/\/scontent-gig4-1.xx.fbcdn.net\/v\/t39.30808-1\/270437624_4564083193639691_6907940295614233970_n.jpg?stp=dst-jpg_s200x200_tt6&#038;_nc_cat=111&#038;ccb=1-7&#038;_nc_sid=f907e8&#038;_nc_ohc=SM1wRlP3lJwQ7kNvwEPuBYA&#038;_nc_oc=AdnqrjDN_BNjSSHWO-GbkIWH6fkGMLw4bqvL_NH6e2wMveX7G-rP2dAqsDSq1mJMOaY&#038;_nc_zt=24&#038;_nc_ht=scontent-gig4-1.xx&#038;_nc_gid=AoBFJeGrT1hVaew_6rchkQ&#038;oh=00_AfX7QmFGhQhG2jAllVgXCiM1ZrWgvtp80-Bfppyexh1QEg&#038;oe=689E923C","article:published_time":"2017-12-14T22:24:37+00:00","article:modified_time":"2017-12-15T17:48:00+00:00","twitter:card":"summary_large_image","twitter:title":"Albino encara o Deserto do Sahara - A Not\u00edcia Online","twitter:description":"Depois de enfrentar as varia\u00e7\u00f5es de altitude de 3.400 metros acima do n\u00edvel do mar em Cusco, no Peru, na corrida \u201cVale Sagrado dos Incas\u201d, em maio de 2016, e de temperaturas no Deserto do Atacama, no Chile, em novembro do ano passado, no \u201cMountain Do\u201d, Albino Pinto da Rocha, atleta h\u00e1 40 anos, encarou","twitter:image":"https:\/\/scontent-gig4-1.xx.fbcdn.net\/v\/t39.30808-1\/270437624_4564083193639691_6907940295614233970_n.jpg?stp=dst-jpg_s200x200_tt6&_nc_cat=111&ccb=1-7&_nc_sid=f907e8&_nc_ohc=SM1wRlP3lJwQ7kNvwEPuBYA&_nc_oc=AdnqrjDN_BNjSSHWO-GbkIWH6fkGMLw4bqvL_NH6e2wMveX7G-rP2dAqsDSq1mJMOaY&_nc_zt=24&_nc_ht=scontent-gig4-1.xx&_nc_gid=AoBFJeGrT1hVaew_6rchkQ&oh=00_AfX7QmFGhQhG2jAllVgXCiM1ZrWgvtp80-Bfppyexh1QEg&oe=689E923C"},"aioseo_meta_data":{"post_id":"47864","title":null,"description":null,"keywords":null,"keyphrases":null,"primary_term":null,"canonical_url":null,"og_title":null,"og_description":null,"og_object_type":"default","og_image_type":"default","og_image_url":null,"og_image_width":null,"og_image_height":null,"og_image_custom_url":null,"og_image_custom_fields":null,"og_video":null,"og_custom_url":null,"og_article_section":null,"og_article_tags":null,"twitter_use_og":false,"twitter_card":"default","twitter_image_type":"default","twitter_image_url":null,"twitter_image_custom_url":null,"twitter_image_custom_fields":null,"twitter_title":null,"twitter_description":null,"schema":{"blockGraphs":[],"customGraphs":[],"default":{"data":{"Article":[],"Course":[],"Dataset":[],"FAQPage":[],"Movie":[],"Person":[],"Product":[],"ProductReview":[],"Car":[],"Recipe":[],"Service":[],"SoftwareApplication":[],"WebPage":[]},"graphName":"","isEnabled":true},"graphs":[]},"schema_type":"default","schema_type_options":null,"pillar_content":false,"robots_default":true,"robots_noindex":false,"robots_noarchive":false,"robots_nosnippet":false,"robots_nofollow":false,"robots_noimageindex":false,"robots_noodp":false,"robots_notranslate":false,"robots_max_snippet":null,"robots_max_videopreview":null,"robots_max_imagepreview":"large","priority":null,"frequency":null,"local_seo":null,"breadcrumb_settings":null,"limit_modified_date":false,"ai":null,"created":"2025-08-16 20:04:41","updated":"2025-08-16 20:04:41","focus_keyword":null,"additional_keywords":null,"truseo_locale":null,"seo_analyzer_scan_date":null},"aioseo_breadcrumb":"<div class=\"aioseo-breadcrumbs\"><span class=\"aioseo-breadcrumb\">\n\t\t\t<a href=\"https:\/\/anoticiaonline.com.br\/site\" title=\"Home\">Home<\/a>\n\t\t<\/span><span class=\"aioseo-breadcrumb-separator\">&raquo;<\/span><span class=\"aioseo-breadcrumb\">\n\t\t\t<a href=\"https:\/\/anoticiaonline.com.br\/site\/categoria\/muriae\/\" title=\"Blog\">Blog<\/a>\n\t\t<\/span><span class=\"aioseo-breadcrumb-separator\">&raquo;<\/span><span class=\"aioseo-breadcrumb\">\n\t\t\tAlbino encara o Deserto do Sahara\n\t\t<\/span><\/div>","aioseo_breadcrumb_json":[{"label":"Home","link":"https:\/\/anoticiaonline.com.br\/site"},{"label":"Blog","link":"https:\/\/anoticiaonline.com.br\/site\/categoria\/muriae\/"},{"label":"Albino encara o Deserto do Sahara","link":"https:\/\/anoticiaonline.com.br\/site\/albino-encara-as-areias-do-deserto-do-sahara\/"}],"views":111,"_links":{"self":[{"href":"https:\/\/anoticiaonline.com.br\/site\/wp-json\/wp\/v2\/posts\/47864","targetHints":{"allow":["GET"]}}],"collection":[{"href":"https:\/\/anoticiaonline.com.br\/site\/wp-json\/wp\/v2\/posts"}],"about":[{"href":"https:\/\/anoticiaonline.com.br\/site\/wp-json\/wp\/v2\/types\/post"}],"author":[{"embeddable":true,"href":"https:\/\/anoticiaonline.com.br\/site\/wp-json\/wp\/v2\/users\/2"}],"replies":[{"embeddable":true,"href":"https:\/\/anoticiaonline.com.br\/site\/wp-json\/wp\/v2\/comments?post=47864"}],"version-history":[{"count":0,"href":"https:\/\/anoticiaonline.com.br\/site\/wp-json\/wp\/v2\/posts\/47864\/revisions"}],"wp:featuredmedia":[{"embeddable":true,"href":"https:\/\/anoticiaonline.com.br\/site\/wp-json\/wp\/v2\/media\/47867"}],"wp:attachment":[{"href":"https:\/\/anoticiaonline.com.br\/site\/wp-json\/wp\/v2\/media?parent=47864"}],"wp:term":[{"taxonomy":"category","embeddable":true,"href":"https:\/\/anoticiaonline.com.br\/site\/wp-json\/wp\/v2\/categories?post=47864"},{"taxonomy":"post_tag","embeddable":true,"href":"https:\/\/anoticiaonline.com.br\/site\/wp-json\/wp\/v2\/tags?post=47864"}],"curies":[{"name":"wp","href":"https:\/\/api.w.org\/{rel}","templated":true}]}}