{"id":47856,"date":"2017-12-14T18:42:30","date_gmt":"2017-12-14T21:42:30","guid":{"rendered":"http:\/\/anoticiaonline.com.br\/site\/?p=47856"},"modified":"2017-12-14T18:42:30","modified_gmt":"2017-12-14T21:42:30","slug":"sociarte-15-12","status":"publish","type":"post","link":"https:\/\/anoticiaonline.com.br\/site\/sociarte-15-12\/","title":{"rendered":"SOCIARTE 15.12"},"content":{"rendered":"<p><strong><a href=\"https:\/\/anoticiaonline.com.br\/site\/wp-content\/uploads\/2017\/12\/1-ano-Pedro-Henrique.jpg\"><img fetchpriority=\"high\" decoding=\"async\" class=\"aligncenter size-full wp-image-47857\" src=\"https:\/\/anoticiaonline.com.br\/site\/wp-content\/uploads\/2017\/12\/1-ano-Pedro-Henrique.jpg\" alt=\"\" width=\"450\" height=\"640\" srcset=\"https:\/\/anoticiaonline.com.br\/site\/wp-content\/uploads\/2017\/12\/1-ano-Pedro-Henrique.jpg 450w, https:\/\/anoticiaonline.com.br\/site\/wp-content\/uploads\/2017\/12\/1-ano-Pedro-Henrique-211x300.jpg 211w\" sizes=\"(max-width: 450px) 100vw, 450px\" \/><\/a>1 ano de Pedro Henrique<\/strong><\/p>\n<p>Os papais Silv\u00e9ria Valdier e Sidney Alves prepararam, com todo o carinho o anivers\u00e1rio, de 1 ano do seu filho Pedro Henrique. A festa, com o tema \u201cSafari\u201d, aconteceu na Vila Vardiero, no s\u00e1bado (9). As fotos ficaram por conta da Revele Photo. Parab\u00e9ns, Pedro Henrique!<\/p>\n<p><strong><a href=\"https:\/\/anoticiaonline.com.br\/site\/wp-content\/uploads\/2017\/12\/2-anos-manuela.jpg\"><img decoding=\"async\" class=\"aligncenter size-full wp-image-47858\" src=\"https:\/\/anoticiaonline.com.br\/site\/wp-content\/uploads\/2017\/12\/2-anos-manuela.jpg\" alt=\"\" width=\"450\" height=\"640\" srcset=\"https:\/\/anoticiaonline.com.br\/site\/wp-content\/uploads\/2017\/12\/2-anos-manuela.jpg 450w, https:\/\/anoticiaonline.com.br\/site\/wp-content\/uploads\/2017\/12\/2-anos-manuela-211x300.jpg 211w\" sizes=\"(max-width: 450px) 100vw, 450px\" \/><\/a>2 anos Manuela<\/strong><\/p>\n<p>A fofa Manuela Gomes completou 2 aninhos ao lado do papai Diego Gomes e da mam\u00e3e Patr\u00edcia Arcanjo, na sexta-feira (8), na Escola Amiguinhos de Cristo. A bela festa, com o tema \u201cMasha e o Urso\u201d, foi fotografada pela Revele Photo. Felicidades, Manuela!<\/p>\n<p><strong><a href=\"https:\/\/anoticiaonline.com.br\/site\/wp-content\/uploads\/2017\/12\/5-anos-Gabriel.jpg\"><img decoding=\"async\" class=\"aligncenter size-full wp-image-47859\" src=\"https:\/\/anoticiaonline.com.br\/site\/wp-content\/uploads\/2017\/12\/5-anos-Gabriel.jpg\" alt=\"\" width=\"450\" height=\"640\" srcset=\"https:\/\/anoticiaonline.com.br\/site\/wp-content\/uploads\/2017\/12\/5-anos-Gabriel.jpg 450w, https:\/\/anoticiaonline.com.br\/site\/wp-content\/uploads\/2017\/12\/5-anos-Gabriel-211x300.jpg 211w\" sizes=\"(max-width: 450px) 100vw, 450px\" \/><\/a>5 anos Gabriel <\/strong><\/p>\n<p>O gatinho Gabriel Carvalho comemorou 5 anos de vida na sexta-feira (8), no Fest House, ao lado de seus pais Thais e Caio Augusto Carvalho. O tema escolhido foi \u201cPj Masks\u201d. A festa foi registrada pela Revele Photo. Parab\u00e9ns, Gabriel!<\/p>\n<p><strong><a href=\"https:\/\/anoticiaonline.com.br\/site\/wp-content\/uploads\/2017\/12\/Batizado.jpg\"><img loading=\"lazy\" decoding=\"async\" class=\"aligncenter size-full wp-image-47860\" src=\"https:\/\/anoticiaonline.com.br\/site\/wp-content\/uploads\/2017\/12\/Batizado.jpg\" alt=\"\" width=\"640\" height=\"640\" srcset=\"https:\/\/anoticiaonline.com.br\/site\/wp-content\/uploads\/2017\/12\/Batizado.jpg 640w, https:\/\/anoticiaonline.com.br\/site\/wp-content\/uploads\/2017\/12\/Batizado-150x150.jpg 150w, https:\/\/anoticiaonline.com.br\/site\/wp-content\/uploads\/2017\/12\/Batizado-300x300.jpg 300w, https:\/\/anoticiaonline.com.br\/site\/wp-content\/uploads\/2017\/12\/Batizado-144x144.jpg 144w\" sizes=\"(max-width: 640px) 100vw, 640px\" \/><\/a>Batizado de Arthur e Ben\u00edcio <\/strong><\/p>\n<p>Os pequenos Atthur e Ben\u00edcio receberam o sacramento do Batismo no \u00faltimo domingo (10). Eles que s\u00e3o filhos do casal Giseli Xavier de Lima Vieira de Oliveira e Ricardo da Silva Vieira de Oliveira, foram batizados na bonita Igreja de S\u00e3o Domingos, localizada no distrito da cidade de Santo Ant\u00f4nio do Aventureiro. Ap\u00f3s a cerim\u00f4nia os amigos e familiares foram recebidos para um delicioso almo\u00e7o de confraterniza\u00e7\u00e3o. Que Deus esteja sempre aben\u00e7oando esses anjinhos e tamb\u00e9m o seu irm\u00e3o Davi.<\/p>\n<p><strong><a href=\"https:\/\/anoticiaonline.com.br\/site\/wp-content\/uploads\/2017\/12\/gicelle.jpg\"><img loading=\"lazy\" decoding=\"async\" class=\"aligncenter size-full wp-image-47861\" src=\"https:\/\/anoticiaonline.com.br\/site\/wp-content\/uploads\/2017\/12\/gicelle.jpg\" alt=\"\" width=\"640\" height=\"638\" srcset=\"https:\/\/anoticiaonline.com.br\/site\/wp-content\/uploads\/2017\/12\/gicelle.jpg 640w, https:\/\/anoticiaonline.com.br\/site\/wp-content\/uploads\/2017\/12\/gicelle-150x150.jpg 150w, https:\/\/anoticiaonline.com.br\/site\/wp-content\/uploads\/2017\/12\/gicelle-300x300.jpg 300w, https:\/\/anoticiaonline.com.br\/site\/wp-content\/uploads\/2017\/12\/gicelle-144x144.jpg 144w\" sizes=\"(max-width: 640px) 100vw, 640px\" \/><\/a>Parab\u00e9ns Gicelle <\/strong><\/p>\n<p>A nossa querida Gicelle Castro Vieira comemorou no s\u00e1bado (9) a chegada de mais um ano de vida. A comemora\u00e7\u00e3o aconteceu nos sal\u00f5es do La Castro e reuniu amigos e familiares. Por l\u00e1 estiveram seus pais \u00c2ngela e M\u00e1rio, seu marido Valdemar e suas filhas Maria Clara e Maria Laura. O buffet ficou por conta de Mar\u00edlia Andrade, a decora\u00e7\u00e3o de Carolina Flores, as lembrancinhas Luxos da Day e a banda foi Marofagy. Parab\u00e9ns Gicelle.<\/p>\n<p><strong><a href=\"https:\/\/anoticiaonline.com.br\/site\/wp-content\/uploads\/2017\/12\/parab\u00e9ns-rog\u00e9rio.jpg\"><img loading=\"lazy\" decoding=\"async\" class=\"aligncenter size-full wp-image-47862\" src=\"https:\/\/anoticiaonline.com.br\/site\/wp-content\/uploads\/2017\/12\/parab\u00e9ns-rog\u00e9rio.jpg\" alt=\"\" width=\"640\" height=\"640\" srcset=\"https:\/\/anoticiaonline.com.br\/site\/wp-content\/uploads\/2017\/12\/parab\u00e9ns-rog\u00e9rio.jpg 640w, https:\/\/anoticiaonline.com.br\/site\/wp-content\/uploads\/2017\/12\/parab\u00e9ns-rog\u00e9rio-150x150.jpg 150w, https:\/\/anoticiaonline.com.br\/site\/wp-content\/uploads\/2017\/12\/parab\u00e9ns-rog\u00e9rio-300x300.jpg 300w, https:\/\/anoticiaonline.com.br\/site\/wp-content\/uploads\/2017\/12\/parab\u00e9ns-rog\u00e9rio-144x144.jpg 144w\" sizes=\"(max-width: 640px) 100vw, 640px\" \/><\/a>Parab\u00e9ns Rog\u00e9rio do Carmo<\/strong><\/p>\n<p>O nosso amigo Rog\u00e9rio do Carmo aniversariou nessa quarta-feira (13). Ele que \u00e9 Muriaeense e atualmente est\u00e1 a trabalho e prestando alguns cursos na cidade de Munique na Alemanha, comemorou por l\u00e1 a chegada da idade nova. A ele desejamos muitos anos de vida e muitas felicidades.<\/p>\n","protected":false},"excerpt":{"rendered":"<p>1 ano de Pedro Henrique Os papais Silv\u00e9ria Valdier e Sidney Alves prepararam, com todo o carinho o anivers\u00e1rio, de 1 ano do seu filho Pedro Henrique. A festa, com o tema \u201cSafari\u201d, aconteceu na Vila Vardiero, no s\u00e1bado (9). As fotos ficaram por conta da Revele Photo. Parab\u00e9ns, Pedro Henrique! 2 anos Manuela A &#8230; <a title=\"SOCIARTE 15.12\" class=\"read-more\" href=\"https:\/\/anoticiaonline.com.br\/site\/sociarte-15-12\/\" aria-label=\"Read more about SOCIARTE 15.12\">Ler mais<\/a><\/p>\n","protected":false},"author":2,"featured_media":0,"comment_status":"open","ping_status":"open","sticky":false,"template":"","format":"standard","meta":{"_acf_changed":false,"_monsterinsights_skip_tracking":false,"footnotes":""},"categories":[31,38],"tags":[],"class_list":["post-47856","post","type-post","status-publish","format-standard","hentry","category-colunistas","category-sociarte"],"acf":[],"aioseo_notices":[],"aioseo_head":"\n\t\t<!-- All in One SEO 5.0.0.1 - aioseo.com -->\n\t<meta name=\"description\" content=\"1 ano de Pedro Henrique Os papais Silv\u00e9ria Valdier e Sidney Alves prepararam, com todo o carinho o anivers\u00e1rio, de 1 ano do seu filho Pedro Henrique. A festa, com o tema \u201cSafari\u201d, aconteceu na Vila Vardiero, no s\u00e1bado (9). As fotos ficaram por conta da Revele Photo. Parab\u00e9ns, Pedro Henrique! 2 anos Manuela A\" \/>\n\t<meta name=\"robots\" content=\"max-image-preview:large\" \/>\n\t<meta name=\"author\" content=\"Juliana Laviola\"\/>\n\t<link rel=\"canonical\" href=\"https:\/\/anoticiaonline.com.br\/site\/sociarte-15-12\/\" \/>\n\t<meta name=\"generator\" content=\"All in One SEO (AIOSEO) 5.0.0.1\" \/>\n\t\t<meta property=\"og:locale\" content=\"pt_BR\" \/>\n\t\t<meta property=\"og:site_name\" content=\"A Not\u00edcia Online - Noticias de Muria\u00e9 e regi\u00e3o\" \/>\n\t\t<meta property=\"og:type\" content=\"article\" \/>\n\t\t<meta property=\"og:title\" content=\"SOCIARTE 15.12 - A Not\u00edcia Online\" \/>\n\t\t<meta property=\"og:description\" content=\"1 ano de Pedro Henrique Os papais Silv\u00e9ria Valdier e Sidney Alves prepararam, com todo o carinho o anivers\u00e1rio, de 1 ano do seu filho Pedro Henrique. A festa, com o tema \u201cSafari\u201d, aconteceu na Vila Vardiero, no s\u00e1bado (9). As fotos ficaram por conta da Revele Photo. Parab\u00e9ns, Pedro Henrique! 2 anos Manuela A\" \/>\n\t\t<meta property=\"og:url\" content=\"https:\/\/anoticiaonline.com.br\/site\/sociarte-15-12\/\" \/>\n\t\t<meta property=\"og:image\" content=\"https:\/\/scontent-gig4-1.xx.fbcdn.net\/v\/t39.30808-1\/270437624_4564083193639691_6907940295614233970_n.jpg?stp=dst-jpg_s200x200_tt6&#038;_nc_cat=111&#038;ccb=1-7&#038;_nc_sid=f907e8&#038;_nc_ohc=SM1wRlP3lJwQ7kNvwEPuBYA&#038;_nc_oc=AdnqrjDN_BNjSSHWO-GbkIWH6fkGMLw4bqvL_NH6e2wMveX7G-rP2dAqsDSq1mJMOaY&#038;_nc_zt=24&#038;_nc_ht=scontent-gig4-1.xx&#038;_nc_gid=AoBFJeGrT1hVaew_6rchkQ&#038;oh=00_AfX7QmFGhQhG2jAllVgXCiM1ZrWgvtp80-Bfppyexh1QEg&#038;oe=689E923C\" \/>\n\t\t<meta property=\"og:image:secure_url\" content=\"https:\/\/scontent-gig4-1.xx.fbcdn.net\/v\/t39.30808-1\/270437624_4564083193639691_6907940295614233970_n.jpg?stp=dst-jpg_s200x200_tt6&#038;_nc_cat=111&#038;ccb=1-7&#038;_nc_sid=f907e8&#038;_nc_ohc=SM1wRlP3lJwQ7kNvwEPuBYA&#038;_nc_oc=AdnqrjDN_BNjSSHWO-GbkIWH6fkGMLw4bqvL_NH6e2wMveX7G-rP2dAqsDSq1mJMOaY&#038;_nc_zt=24&#038;_nc_ht=scontent-gig4-1.xx&#038;_nc_gid=AoBFJeGrT1hVaew_6rchkQ&#038;oh=00_AfX7QmFGhQhG2jAllVgXCiM1ZrWgvtp80-Bfppyexh1QEg&#038;oe=689E923C\" \/>\n\t\t<meta property=\"article:published_time\" content=\"2017-12-14T21:42:30+00:00\" \/>\n\t\t<meta property=\"article:modified_time\" content=\"2017-12-14T21:42:30+00:00\" \/>\n\t\t<meta name=\"twitter:card\" content=\"summary_large_image\" \/>\n\t\t<meta name=\"twitter:title\" content=\"SOCIARTE 15.12 - A Not\u00edcia Online\" \/>\n\t\t<meta name=\"twitter:description\" content=\"1 ano de Pedro Henrique Os papais Silv\u00e9ria Valdier e Sidney Alves prepararam, com todo o carinho o anivers\u00e1rio, de 1 ano do seu filho Pedro Henrique. A festa, com o tema \u201cSafari\u201d, aconteceu na Vila Vardiero, no s\u00e1bado (9). As fotos ficaram por conta da Revele Photo. Parab\u00e9ns, Pedro Henrique! 2 anos Manuela A\" \/>\n\t\t<meta name=\"twitter:image\" content=\"https:\/\/scontent-gig4-1.xx.fbcdn.net\/v\/t39.30808-1\/270437624_4564083193639691_6907940295614233970_n.jpg?stp=dst-jpg_s200x200_tt6&amp;_nc_cat=111&amp;ccb=1-7&amp;_nc_sid=f907e8&amp;_nc_ohc=SM1wRlP3lJwQ7kNvwEPuBYA&amp;_nc_oc=AdnqrjDN_BNjSSHWO-GbkIWH6fkGMLw4bqvL_NH6e2wMveX7G-rP2dAqsDSq1mJMOaY&amp;_nc_zt=24&amp;_nc_ht=scontent-gig4-1.xx&amp;_nc_gid=AoBFJeGrT1hVaew_6rchkQ&amp;oh=00_AfX7QmFGhQhG2jAllVgXCiM1ZrWgvtp80-Bfppyexh1QEg&amp;oe=689E923C\" \/>\n\t\t<script type=\"application\/ld+json\" class=\"aioseo-schema\">\n\t\t\t{\"@context\":\"https:\\\/\\\/schema.org\",\"@graph\":[{\"@type\":\"BlogPosting\",\"@id\":\"https:\\\/\\\/anoticiaonline.com.br\\\/site\\\/sociarte-15-12\\\/#blogposting\",\"name\":\"SOCIARTE 15.12 - A Not\\u00edcia Online\",\"headline\":\"SOCIARTE 15.12\",\"author\":{\"@id\":\"https:\\\/\\\/anoticiaonline.com.br\\\/site\\\/author\\\/juliana\\\/#author\"},\"publisher\":{\"@id\":\"https:\\\/\\\/anoticiaonline.com.br\\\/site\\\/#organization\"},\"image\":{\"@type\":\"ImageObject\",\"url\":\"https:\\\/\\\/anoticiaonline.com.br\\\/site\\\/wp-content\\\/uploads\\\/2017\\\/12\\\/1-ano-Pedro-Henrique.jpg\",\"@id\":\"https:\\\/\\\/anoticiaonline.com.br\\\/site\\\/sociarte-15-12\\\/#articleImage\",\"width\":450,\"height\":640},\"datePublished\":\"2017-12-14T18:42:30-03:00\",\"dateModified\":\"2017-12-14T18:42:30-03:00\",\"inLanguage\":\"pt-BR\",\"mainEntityOfPage\":{\"@id\":\"https:\\\/\\\/anoticiaonline.com.br\\\/site\\\/sociarte-15-12\\\/#webpage\"},\"isPartOf\":{\"@id\":\"https:\\\/\\\/anoticiaonline.com.br\\\/site\\\/sociarte-15-12\\\/#webpage\"},\"articleSection\":\"Colunistas, Sociarte\"},{\"@type\":\"BreadcrumbList\",\"@id\":\"https:\\\/\\\/anoticiaonline.com.br\\\/site\\\/sociarte-15-12\\\/#breadcrumblist\",\"itemListElement\":[{\"@type\":\"ListItem\",\"@id\":\"https:\\\/\\\/anoticiaonline.com.br\\\/site#listItem\",\"position\":1,\"name\":\"Home\",\"item\":\"https:\\\/\\\/anoticiaonline.com.br\\\/site\",\"nextItem\":{\"@type\":\"ListItem\",\"@id\":\"https:\\\/\\\/anoticiaonline.com.br\\\/site\\\/categoria\\\/colunistas\\\/#listItem\",\"name\":\"Colunistas\"}},{\"@type\":\"ListItem\",\"@id\":\"https:\\\/\\\/anoticiaonline.com.br\\\/site\\\/categoria\\\/colunistas\\\/#listItem\",\"position\":2,\"name\":\"Colunistas\",\"item\":\"https:\\\/\\\/anoticiaonline.com.br\\\/site\\\/categoria\\\/colunistas\\\/\",\"nextItem\":{\"@type\":\"ListItem\",\"@id\":\"https:\\\/\\\/anoticiaonline.com.br\\\/site\\\/categoria\\\/colunistas\\\/sociarte\\\/#listItem\",\"name\":\"Sociarte\"},\"previousItem\":{\"@type\":\"ListItem\",\"@id\":\"https:\\\/\\\/anoticiaonline.com.br\\\/site#listItem\",\"name\":\"Home\"}},{\"@type\":\"ListItem\",\"@id\":\"https:\\\/\\\/anoticiaonline.com.br\\\/site\\\/categoria\\\/colunistas\\\/sociarte\\\/#listItem\",\"position\":3,\"name\":\"Sociarte\",\"item\":\"https:\\\/\\\/anoticiaonline.com.br\\\/site\\\/categoria\\\/colunistas\\\/sociarte\\\/\",\"nextItem\":{\"@type\":\"ListItem\",\"@id\":\"https:\\\/\\\/anoticiaonline.com.br\\\/site\\\/sociarte-15-12\\\/#listItem\",\"name\":\"SOCIARTE 15.12\"},\"previousItem\":{\"@type\":\"ListItem\",\"@id\":\"https:\\\/\\\/anoticiaonline.com.br\\\/site\\\/categoria\\\/colunistas\\\/#listItem\",\"name\":\"Colunistas\"}},{\"@type\":\"ListItem\",\"@id\":\"https:\\\/\\\/anoticiaonline.com.br\\\/site\\\/sociarte-15-12\\\/#listItem\",\"position\":4,\"name\":\"SOCIARTE 15.12\",\"previousItem\":{\"@type\":\"ListItem\",\"@id\":\"https:\\\/\\\/anoticiaonline.com.br\\\/site\\\/categoria\\\/colunistas\\\/sociarte\\\/#listItem\",\"name\":\"Sociarte\"}}]},{\"@type\":\"Organization\",\"@id\":\"https:\\\/\\\/anoticiaonline.com.br\\\/site\\\/#organization\",\"name\":\"A Not\\u00edcia Online\",\"description\":\"Noticias de Muria\\u00e9 e regi\\u00e3o\",\"url\":\"https:\\\/\\\/anoticiaonline.com.br\\\/site\\\/\",\"logo\":{\"@type\":\"ImageObject\",\"url\":\"https:\\\/\\\/scontent-gig4-1.xx.fbcdn.net\\\/v\\\/t39.30808-1\\\/270437624_4564083193639691_6907940295614233970_n.jpg?stp=dst-jpg_s200x200_tt6&_nc_cat=111&ccb=1-7&_nc_sid=f907e8&_nc_ohc=SM1wRlP3lJwQ7kNvwEPuBYA&_nc_oc=AdnqrjDN_BNjSSHWO-GbkIWH6fkGMLw4bqvL_NH6e2wMveX7G-rP2dAqsDSq1mJMOaY&_nc_zt=24&_nc_ht=scontent-gig4-1.xx&_nc_gid=AoBFJeGrT1hVaew_6rchkQ&oh=00_AfX7QmFGhQhG2jAllVgXCiM1ZrWgvtp80-Bfppyexh1QEg&oe=689E923C\",\"@id\":\"https:\\\/\\\/anoticiaonline.com.br\\\/site\\\/sociarte-15-12\\\/#organizationLogo\"},\"image\":{\"@id\":\"https:\\\/\\\/anoticiaonline.com.br\\\/site\\\/sociarte-15-12\\\/#organizationLogo\"}},{\"@type\":\"Person\",\"@id\":\"https:\\\/\\\/anoticiaonline.com.br\\\/site\\\/author\\\/juliana\\\/#author\",\"url\":\"https:\\\/\\\/anoticiaonline.com.br\\\/site\\\/author\\\/juliana\\\/\",\"name\":\"Juliana Laviola\",\"image\":{\"@type\":\"ImageObject\",\"@id\":\"https:\\\/\\\/anoticiaonline.com.br\\\/site\\\/sociarte-15-12\\\/#authorImage\",\"url\":\"https:\\\/\\\/secure.gravatar.com\\\/avatar\\\/b8d45f5c699b100dfaf0e543582f38f38bf94cb7ae3a5e9abf8d891a34773335?s=96&d=mm&r=g\",\"width\":96,\"height\":96,\"caption\":\"Juliana Laviola\"}},{\"@type\":\"WebPage\",\"@id\":\"https:\\\/\\\/anoticiaonline.com.br\\\/site\\\/sociarte-15-12\\\/#webpage\",\"url\":\"https:\\\/\\\/anoticiaonline.com.br\\\/site\\\/sociarte-15-12\\\/\",\"name\":\"SOCIARTE 15.12 - A Not\\u00edcia Online\",\"description\":\"1 ano de Pedro Henrique Os papais Silv\\u00e9ria Valdier e Sidney Alves prepararam, com todo o carinho o anivers\\u00e1rio, de 1 ano do seu filho Pedro Henrique. A festa, com o tema \\u201cSafari\\u201d, aconteceu na Vila Vardiero, no s\\u00e1bado (9). As fotos ficaram por conta da Revele Photo. Parab\\u00e9ns, Pedro Henrique! 2 anos Manuela A\",\"inLanguage\":\"pt-BR\",\"isPartOf\":{\"@id\":\"https:\\\/\\\/anoticiaonline.com.br\\\/site\\\/#website\"},\"breadcrumb\":{\"@id\":\"https:\\\/\\\/anoticiaonline.com.br\\\/site\\\/sociarte-15-12\\\/#breadcrumblist\"},\"author\":{\"@id\":\"https:\\\/\\\/anoticiaonline.com.br\\\/site\\\/author\\\/juliana\\\/#author\"},\"creator\":{\"@id\":\"https:\\\/\\\/anoticiaonline.com.br\\\/site\\\/author\\\/juliana\\\/#author\"},\"datePublished\":\"2017-12-14T18:42:30-03:00\",\"dateModified\":\"2017-12-14T18:42:30-03:00\"},{\"@type\":\"WebSite\",\"@id\":\"https:\\\/\\\/anoticiaonline.com.br\\\/site\\\/#website\",\"url\":\"https:\\\/\\\/anoticiaonline.com.br\\\/site\\\/\",\"name\":\"A Not\\u00edcia Online\",\"description\":\"Noticias de Muria\\u00e9 e regi\\u00e3o\",\"inLanguage\":\"pt-BR\",\"publisher\":{\"@id\":\"https:\\\/\\\/anoticiaonline.com.br\\\/site\\\/#organization\"}}]}\n\t\t<\/script>\n\t\t<!-- All in One SEO -->\n\n","aioseo_head_json":{"title":"SOCIARTE 15.12 - A Not\u00edcia Online","description":"1 ano de Pedro Henrique Os papais Silv\u00e9ria Valdier e Sidney Alves prepararam, com todo o carinho o anivers\u00e1rio, de 1 ano do seu filho Pedro Henrique. A festa, com o tema \u201cSafari\u201d, aconteceu na Vila Vardiero, no s\u00e1bado (9). As fotos ficaram por conta da Revele Photo. Parab\u00e9ns, Pedro Henrique! 2 anos Manuela A","canonical_url":"https:\/\/anoticiaonline.com.br\/site\/sociarte-15-12\/","robots":"max-image-preview:large","keywords":"","webmasterTools":{"miscellaneous":""},"schema":{"@context":"https:\/\/schema.org","@graph":[{"@type":"BlogPosting","@id":"https:\/\/anoticiaonline.com.br\/site\/sociarte-15-12\/#blogposting","name":"SOCIARTE 15.12 - A Not\u00edcia Online","headline":"SOCIARTE 15.12","author":{"@id":"https:\/\/anoticiaonline.com.br\/site\/author\/juliana\/#author"},"publisher":{"@id":"https:\/\/anoticiaonline.com.br\/site\/#organization"},"image":{"@type":"ImageObject","url":"https:\/\/anoticiaonline.com.br\/site\/wp-content\/uploads\/2017\/12\/1-ano-Pedro-Henrique.jpg","@id":"https:\/\/anoticiaonline.com.br\/site\/sociarte-15-12\/#articleImage","width":450,"height":640},"datePublished":"2017-12-14T18:42:30-03:00","dateModified":"2017-12-14T18:42:30-03:00","inLanguage":"pt-BR","mainEntityOfPage":{"@id":"https:\/\/anoticiaonline.com.br\/site\/sociarte-15-12\/#webpage"},"isPartOf":{"@id":"https:\/\/anoticiaonline.com.br\/site\/sociarte-15-12\/#webpage"},"articleSection":"Colunistas, Sociarte"},{"@type":"BreadcrumbList","@id":"https:\/\/anoticiaonline.com.br\/site\/sociarte-15-12\/#breadcrumblist","itemListElement":[{"@type":"ListItem","@id":"https:\/\/anoticiaonline.com.br\/site#listItem","position":1,"name":"Home","item":"https:\/\/anoticiaonline.com.br\/site","nextItem":{"@type":"ListItem","@id":"https:\/\/anoticiaonline.com.br\/site\/categoria\/colunistas\/#listItem","name":"Colunistas"}},{"@type":"ListItem","@id":"https:\/\/anoticiaonline.com.br\/site\/categoria\/colunistas\/#listItem","position":2,"name":"Colunistas","item":"https:\/\/anoticiaonline.com.br\/site\/categoria\/colunistas\/","nextItem":{"@type":"ListItem","@id":"https:\/\/anoticiaonline.com.br\/site\/categoria\/colunistas\/sociarte\/#listItem","name":"Sociarte"},"previousItem":{"@type":"ListItem","@id":"https:\/\/anoticiaonline.com.br\/site#listItem","name":"Home"}},{"@type":"ListItem","@id":"https:\/\/anoticiaonline.com.br\/site\/categoria\/colunistas\/sociarte\/#listItem","position":3,"name":"Sociarte","item":"https:\/\/anoticiaonline.com.br\/site\/categoria\/colunistas\/sociarte\/","nextItem":{"@type":"ListItem","@id":"https:\/\/anoticiaonline.com.br\/site\/sociarte-15-12\/#listItem","name":"SOCIARTE 15.12"},"previousItem":{"@type":"ListItem","@id":"https:\/\/anoticiaonline.com.br\/site\/categoria\/colunistas\/#listItem","name":"Colunistas"}},{"@type":"ListItem","@id":"https:\/\/anoticiaonline.com.br\/site\/sociarte-15-12\/#listItem","position":4,"name":"SOCIARTE 15.12","previousItem":{"@type":"ListItem","@id":"https:\/\/anoticiaonline.com.br\/site\/categoria\/colunistas\/sociarte\/#listItem","name":"Sociarte"}}]},{"@type":"Organization","@id":"https:\/\/anoticiaonline.com.br\/site\/#organization","name":"A Not\u00edcia Online","description":"Noticias de Muria\u00e9 e regi\u00e3o","url":"https:\/\/anoticiaonline.com.br\/site\/","logo":{"@type":"ImageObject","url":"https:\/\/scontent-gig4-1.xx.fbcdn.net\/v\/t39.30808-1\/270437624_4564083193639691_6907940295614233970_n.jpg?stp=dst-jpg_s200x200_tt6&_nc_cat=111&ccb=1-7&_nc_sid=f907e8&_nc_ohc=SM1wRlP3lJwQ7kNvwEPuBYA&_nc_oc=AdnqrjDN_BNjSSHWO-GbkIWH6fkGMLw4bqvL_NH6e2wMveX7G-rP2dAqsDSq1mJMOaY&_nc_zt=24&_nc_ht=scontent-gig4-1.xx&_nc_gid=AoBFJeGrT1hVaew_6rchkQ&oh=00_AfX7QmFGhQhG2jAllVgXCiM1ZrWgvtp80-Bfppyexh1QEg&oe=689E923C","@id":"https:\/\/anoticiaonline.com.br\/site\/sociarte-15-12\/#organizationLogo"},"image":{"@id":"https:\/\/anoticiaonline.com.br\/site\/sociarte-15-12\/#organizationLogo"}},{"@type":"Person","@id":"https:\/\/anoticiaonline.com.br\/site\/author\/juliana\/#author","url":"https:\/\/anoticiaonline.com.br\/site\/author\/juliana\/","name":"Juliana Laviola","image":{"@type":"ImageObject","@id":"https:\/\/anoticiaonline.com.br\/site\/sociarte-15-12\/#authorImage","url":"https:\/\/secure.gravatar.com\/avatar\/b8d45f5c699b100dfaf0e543582f38f38bf94cb7ae3a5e9abf8d891a34773335?s=96&d=mm&r=g","width":96,"height":96,"caption":"Juliana Laviola"}},{"@type":"WebPage","@id":"https:\/\/anoticiaonline.com.br\/site\/sociarte-15-12\/#webpage","url":"https:\/\/anoticiaonline.com.br\/site\/sociarte-15-12\/","name":"SOCIARTE 15.12 - A Not\u00edcia Online","description":"1 ano de Pedro Henrique Os papais Silv\u00e9ria Valdier e Sidney Alves prepararam, com todo o carinho o anivers\u00e1rio, de 1 ano do seu filho Pedro Henrique. A festa, com o tema \u201cSafari\u201d, aconteceu na Vila Vardiero, no s\u00e1bado (9). As fotos ficaram por conta da Revele Photo. Parab\u00e9ns, Pedro Henrique! 2 anos Manuela A","inLanguage":"pt-BR","isPartOf":{"@id":"https:\/\/anoticiaonline.com.br\/site\/#website"},"breadcrumb":{"@id":"https:\/\/anoticiaonline.com.br\/site\/sociarte-15-12\/#breadcrumblist"},"author":{"@id":"https:\/\/anoticiaonline.com.br\/site\/author\/juliana\/#author"},"creator":{"@id":"https:\/\/anoticiaonline.com.br\/site\/author\/juliana\/#author"},"datePublished":"2017-12-14T18:42:30-03:00","dateModified":"2017-12-14T18:42:30-03:00"},{"@type":"WebSite","@id":"https:\/\/anoticiaonline.com.br\/site\/#website","url":"https:\/\/anoticiaonline.com.br\/site\/","name":"A Not\u00edcia Online","description":"Noticias de Muria\u00e9 e regi\u00e3o","inLanguage":"pt-BR","publisher":{"@id":"https:\/\/anoticiaonline.com.br\/site\/#organization"}}]},"og:locale":"pt_BR","og:site_name":"A Not\u00edcia Online - Noticias de Muria\u00e9 e regi\u00e3o","og:type":"article","og:title":"SOCIARTE 15.12 - A Not\u00edcia Online","og:description":"1 ano de Pedro Henrique Os papais Silv\u00e9ria Valdier e Sidney Alves prepararam, com todo o carinho o anivers\u00e1rio, de 1 ano do seu filho Pedro Henrique. A festa, com o tema \u201cSafari\u201d, aconteceu na Vila Vardiero, no s\u00e1bado (9). As fotos ficaram por conta da Revele Photo. Parab\u00e9ns, Pedro Henrique! 2 anos Manuela A","og:url":"https:\/\/anoticiaonline.com.br\/site\/sociarte-15-12\/","og:image":"https:\/\/scontent-gig4-1.xx.fbcdn.net\/v\/t39.30808-1\/270437624_4564083193639691_6907940295614233970_n.jpg?stp=dst-jpg_s200x200_tt6&#038;_nc_cat=111&#038;ccb=1-7&#038;_nc_sid=f907e8&#038;_nc_ohc=SM1wRlP3lJwQ7kNvwEPuBYA&#038;_nc_oc=AdnqrjDN_BNjSSHWO-GbkIWH6fkGMLw4bqvL_NH6e2wMveX7G-rP2dAqsDSq1mJMOaY&#038;_nc_zt=24&#038;_nc_ht=scontent-gig4-1.xx&#038;_nc_gid=AoBFJeGrT1hVaew_6rchkQ&#038;oh=00_AfX7QmFGhQhG2jAllVgXCiM1ZrWgvtp80-Bfppyexh1QEg&#038;oe=689E923C","og:image:secure_url":"https:\/\/scontent-gig4-1.xx.fbcdn.net\/v\/t39.30808-1\/270437624_4564083193639691_6907940295614233970_n.jpg?stp=dst-jpg_s200x200_tt6&#038;_nc_cat=111&#038;ccb=1-7&#038;_nc_sid=f907e8&#038;_nc_ohc=SM1wRlP3lJwQ7kNvwEPuBYA&#038;_nc_oc=AdnqrjDN_BNjSSHWO-GbkIWH6fkGMLw4bqvL_NH6e2wMveX7G-rP2dAqsDSq1mJMOaY&#038;_nc_zt=24&#038;_nc_ht=scontent-gig4-1.xx&#038;_nc_gid=AoBFJeGrT1hVaew_6rchkQ&#038;oh=00_AfX7QmFGhQhG2jAllVgXCiM1ZrWgvtp80-Bfppyexh1QEg&#038;oe=689E923C","article:published_time":"2017-12-14T21:42:30+00:00","article:modified_time":"2017-12-14T21:42:30+00:00","twitter:card":"summary_large_image","twitter:title":"SOCIARTE 15.12 - A Not\u00edcia Online","twitter:description":"1 ano de Pedro Henrique Os papais Silv\u00e9ria Valdier e Sidney Alves prepararam, com todo o carinho o anivers\u00e1rio, de 1 ano do seu filho Pedro Henrique. A festa, com o tema \u201cSafari\u201d, aconteceu na Vila Vardiero, no s\u00e1bado (9). As fotos ficaram por conta da Revele Photo. Parab\u00e9ns, Pedro Henrique! 2 anos Manuela A","twitter:image":"https:\/\/scontent-gig4-1.xx.fbcdn.net\/v\/t39.30808-1\/270437624_4564083193639691_6907940295614233970_n.jpg?stp=dst-jpg_s200x200_tt6&_nc_cat=111&ccb=1-7&_nc_sid=f907e8&_nc_ohc=SM1wRlP3lJwQ7kNvwEPuBYA&_nc_oc=AdnqrjDN_BNjSSHWO-GbkIWH6fkGMLw4bqvL_NH6e2wMveX7G-rP2dAqsDSq1mJMOaY&_nc_zt=24&_nc_ht=scontent-gig4-1.xx&_nc_gid=AoBFJeGrT1hVaew_6rchkQ&oh=00_AfX7QmFGhQhG2jAllVgXCiM1ZrWgvtp80-Bfppyexh1QEg&oe=689E923C"},"aioseo_meta_data":{"post_id":"47856","title":null,"description":null,"keywords":null,"keyphrases":null,"primary_term":null,"canonical_url":null,"og_title":null,"og_description":null,"og_object_type":"default","og_image_type":"default","og_image_url":null,"og_image_width":null,"og_image_height":null,"og_image_custom_url":null,"og_image_custom_fields":null,"og_video":null,"og_custom_url":null,"og_article_section":null,"og_article_tags":null,"twitter_use_og":false,"twitter_card":"default","twitter_image_type":"default","twitter_image_url":null,"twitter_image_custom_url":null,"twitter_image_custom_fields":null,"twitter_title":null,"twitter_description":null,"schema":{"blockGraphs":[],"customGraphs":[],"default":{"data":{"Article":[],"Course":[],"Dataset":[],"FAQPage":[],"Movie":[],"Person":[],"Product":[],"ProductReview":[],"Car":[],"Recipe":[],"Service":[],"SoftwareApplication":[],"WebPage":[]},"graphName":"","isEnabled":true},"graphs":[]},"schema_type":"default","schema_type_options":null,"pillar_content":false,"robots_default":true,"robots_noindex":false,"robots_noarchive":false,"robots_nosnippet":false,"robots_nofollow":false,"robots_noimageindex":false,"robots_noodp":false,"robots_notranslate":false,"robots_max_snippet":null,"robots_max_videopreview":null,"robots_max_imagepreview":"large","priority":null,"frequency":null,"local_seo":null,"breadcrumb_settings":null,"limit_modified_date":false,"ai":null,"created":"2025-08-16 20:04:41","updated":"2025-08-16 20:04:41","focus_keyword":null,"additional_keywords":null,"truseo_locale":null,"seo_analyzer_scan_date":null},"aioseo_breadcrumb":"<div class=\"aioseo-breadcrumbs\"><span class=\"aioseo-breadcrumb\">\n\t\t\t<a href=\"https:\/\/anoticiaonline.com.br\/site\" title=\"Home\">Home<\/a>\n\t\t<\/span><span class=\"aioseo-breadcrumb-separator\">&raquo;<\/span><span class=\"aioseo-breadcrumb\">\n\t\t\t<a href=\"https:\/\/anoticiaonline.com.br\/site\/categoria\/colunistas\/\" title=\"Colunistas\">Colunistas<\/a>\n\t\t<\/span><span class=\"aioseo-breadcrumb-separator\">&raquo;<\/span><span class=\"aioseo-breadcrumb\">\n\t\t\t<a href=\"https:\/\/anoticiaonline.com.br\/site\/categoria\/colunistas\/sociarte\/\" title=\"Sociarte\">Sociarte<\/a>\n\t\t<\/span><span class=\"aioseo-breadcrumb-separator\">&raquo;<\/span><span class=\"aioseo-breadcrumb\">\n\t\t\tSOCIARTE 15.12\n\t\t<\/span><\/div>","aioseo_breadcrumb_json":[{"label":"Home","link":"https:\/\/anoticiaonline.com.br\/site"},{"label":"Colunistas","link":"https:\/\/anoticiaonline.com.br\/site\/categoria\/colunistas\/"},{"label":"Sociarte","link":"https:\/\/anoticiaonline.com.br\/site\/categoria\/colunistas\/sociarte\/"},{"label":"SOCIARTE 15.12","link":"https:\/\/anoticiaonline.com.br\/site\/sociarte-15-12\/"}],"views":128,"_links":{"self":[{"href":"https:\/\/anoticiaonline.com.br\/site\/wp-json\/wp\/v2\/posts\/47856","targetHints":{"allow":["GET"]}}],"collection":[{"href":"https:\/\/anoticiaonline.com.br\/site\/wp-json\/wp\/v2\/posts"}],"about":[{"href":"https:\/\/anoticiaonline.com.br\/site\/wp-json\/wp\/v2\/types\/post"}],"author":[{"embeddable":true,"href":"https:\/\/anoticiaonline.com.br\/site\/wp-json\/wp\/v2\/users\/2"}],"replies":[{"embeddable":true,"href":"https:\/\/anoticiaonline.com.br\/site\/wp-json\/wp\/v2\/comments?post=47856"}],"version-history":[{"count":0,"href":"https:\/\/anoticiaonline.com.br\/site\/wp-json\/wp\/v2\/posts\/47856\/revisions"}],"wp:attachment":[{"href":"https:\/\/anoticiaonline.com.br\/site\/wp-json\/wp\/v2\/media?parent=47856"}],"wp:term":[{"taxonomy":"category","embeddable":true,"href":"https:\/\/anoticiaonline.com.br\/site\/wp-json\/wp\/v2\/categories?post=47856"},{"taxonomy":"post_tag","embeddable":true,"href":"https:\/\/anoticiaonline.com.br\/site\/wp-json\/wp\/v2\/tags?post=47856"}],"curies":[{"name":"wp","href":"https:\/\/api.w.org\/{rel}","templated":true}]}}