{"id":47836,"date":"2017-12-08T10:51:54","date_gmt":"2017-12-08T13:51:54","guid":{"rendered":"http:\/\/anoticiaonline.com.br\/site\/?p=47836"},"modified":"2017-12-08T10:51:54","modified_gmt":"2017-12-08T13:51:54","slug":"xix-olimpiada-estadual-das-apaes-acontece-em-belo-horizonte","status":"publish","type":"post","link":"https:\/\/anoticiaonline.com.br\/site\/xix-olimpiada-estadual-das-apaes-acontece-em-belo-horizonte\/","title":{"rendered":"XIX Olimp\u00edada Estadual das Apaes acontece em Belo Horizonte"},"content":{"rendered":"<p><a href=\"https:\/\/anoticiaonline.com.br\/site\/wp-content\/uploads\/2017\/12\/XIX-Olimp\u00edada-Estadual-das-Apaes-acontece-em-Belo-Horizonte-2.jpeg\"><img fetchpriority=\"high\" decoding=\"async\" class=\"alignnone size-full wp-image-47837\" src=\"https:\/\/anoticiaonline.com.br\/site\/wp-content\/uploads\/2017\/12\/XIX-Olimp\u00edada-Estadual-das-Apaes-acontece-em-Belo-Horizonte-2.jpeg\" alt=\"\" width=\"640\" height=\"427\" srcset=\"https:\/\/anoticiaonline.com.br\/site\/wp-content\/uploads\/2017\/12\/XIX-Olimp\u00edada-Estadual-das-Apaes-acontece-em-Belo-Horizonte-2.jpeg 640w, https:\/\/anoticiaonline.com.br\/site\/wp-content\/uploads\/2017\/12\/XIX-Olimp\u00edada-Estadual-das-Apaes-acontece-em-Belo-Horizonte-2-300x200.jpeg 300w\" sizes=\"(max-width: 640px) 100vw, 640px\" \/><\/a><\/p>\n<p>Belo Horizonte sediou a XIX Olimp\u00edada Estadual das Apaes de Minas Gerais. O evento, promovido pela Federa\u00e7\u00e3o das Apaes do Estado de Minas Gerais (Feapaes), foi realizado entre os dias 16 e 18 de novembro, no Gin\u00e1sio do Mineirinho e no Centro de Treinamento Esportivo da UFMG.<\/p>\n<p>Estiveram presentes 144 associa\u00e7\u00f5es de Apaes divididas em 27 conselhos regionais. Mais de 600 atletas divididos em 14 modalidades. Os representantes de Muria\u00e9, Eduardo de Paula, Fernando Nobre, Wesley de Freitas, Daiana Alves, Sthef\u00e2nia, Cristina e S\u00e2myla integraram as equipes de competi\u00e7\u00e3o do Conselho Regional das Apaes Zona da Mata III.<\/p>\n<p>A professora de Educa\u00e7\u00e3o F\u00edsica da Apae de Muria\u00e9, Angela Paradelas, disse que a sele\u00e7\u00e3o dos alunos para a etapa estadual aconteceu ap\u00f3s participarem da etapa regional. Conseguindo um bom desempenho e, consequentemente, os \u00edndices t\u00e9cnicos. \u201cOs resultados foram muito satisfat\u00f3rios. Nossa regional trouxe o 3\u00ba lugar nos 100 metros rasos masculino, 2\u00ba lugar no arremesso de peso masculino, 2\u00ba lugar no t\u00eanis de mesa masculino, 3\u00ba lugar na queimada mista, 2\u00ba lugar no handebol masculino e, fechando com chave de ouro, as meninas do handebol feminino se consagraram campe\u00e3s\u201d, conta.<\/p>\n","protected":false},"excerpt":{"rendered":"<p>Belo Horizonte sediou a XIX Olimp\u00edada Estadual das Apaes de Minas Gerais. O evento, promovido pela Federa\u00e7\u00e3o das Apaes do Estado de Minas Gerais (Feapaes), foi realizado entre os dias 16 e 18 de novembro, no Gin\u00e1sio do Mineirinho e no Centro de Treinamento Esportivo da UFMG. Estiveram presentes 144 associa\u00e7\u00f5es de Apaes divididas em &#8230; <a title=\"XIX Olimp\u00edada Estadual das Apaes acontece em Belo Horizonte\" class=\"read-more\" href=\"https:\/\/anoticiaonline.com.br\/site\/xix-olimpiada-estadual-das-apaes-acontece-em-belo-horizonte\/\" aria-label=\"Read more about XIX Olimp\u00edada Estadual das Apaes acontece em Belo Horizonte\">Ler mais<\/a><\/p>\n","protected":false},"author":2,"featured_media":47837,"comment_status":"open","ping_status":"open","sticky":false,"template":"","format":"standard","meta":{"_acf_changed":false,"_monsterinsights_skip_tracking":false,"footnotes":""},"categories":[29,6],"tags":[25,430,74,370],"class_list":["post-47836","post","type-post","status-publish","format-standard","has-post-thumbnail","hentry","category-esporte","category-regiao","tag-apae","tag-belo-horizonte","tag-muriae","tag-olimpiadas"],"acf":[],"aioseo_notices":[],"aioseo_head":"\n\t\t<!-- All in One SEO 5.0.0.1 - aioseo.com -->\n\t<meta name=\"description\" content=\"Belo Horizonte sediou a XIX Olimp\u00edada Estadual das Apaes de Minas Gerais. O evento, promovido pela Federa\u00e7\u00e3o das Apaes do Estado de Minas Gerais (Feapaes), foi realizado entre os dias 16 e 18 de novembro, no Gin\u00e1sio do Mineirinho e no Centro de Treinamento Esportivo da UFMG. Estiveram presentes 144 associa\u00e7\u00f5es de Apaes divididas em\" \/>\n\t<meta name=\"robots\" content=\"max-image-preview:large\" \/>\n\t<meta name=\"author\" content=\"Juliana Laviola\"\/>\n\t<link rel=\"canonical\" href=\"https:\/\/anoticiaonline.com.br\/site\/xix-olimpiada-estadual-das-apaes-acontece-em-belo-horizonte\/\" \/>\n\t<meta name=\"generator\" content=\"All in One SEO (AIOSEO) 5.0.0.1\" \/>\n\t\t<meta property=\"og:locale\" content=\"pt_BR\" \/>\n\t\t<meta property=\"og:site_name\" content=\"A Not\u00edcia Online - Noticias de Muria\u00e9 e regi\u00e3o\" \/>\n\t\t<meta property=\"og:type\" content=\"article\" \/>\n\t\t<meta property=\"og:title\" content=\"XIX Olimp\u00edada Estadual das Apaes acontece em Belo Horizonte - A Not\u00edcia Online\" \/>\n\t\t<meta property=\"og:description\" content=\"Belo Horizonte sediou a XIX Olimp\u00edada Estadual das Apaes de Minas Gerais. O evento, promovido pela Federa\u00e7\u00e3o das Apaes do Estado de Minas Gerais (Feapaes), foi realizado entre os dias 16 e 18 de novembro, no Gin\u00e1sio do Mineirinho e no Centro de Treinamento Esportivo da UFMG. Estiveram presentes 144 associa\u00e7\u00f5es de Apaes divididas em\" \/>\n\t\t<meta property=\"og:url\" content=\"https:\/\/anoticiaonline.com.br\/site\/xix-olimpiada-estadual-das-apaes-acontece-em-belo-horizonte\/\" \/>\n\t\t<meta property=\"og:image\" content=\"https:\/\/scontent-gig4-1.xx.fbcdn.net\/v\/t39.30808-1\/270437624_4564083193639691_6907940295614233970_n.jpg?stp=dst-jpg_s200x200_tt6&#038;_nc_cat=111&#038;ccb=1-7&#038;_nc_sid=f907e8&#038;_nc_ohc=SM1wRlP3lJwQ7kNvwEPuBYA&#038;_nc_oc=AdnqrjDN_BNjSSHWO-GbkIWH6fkGMLw4bqvL_NH6e2wMveX7G-rP2dAqsDSq1mJMOaY&#038;_nc_zt=24&#038;_nc_ht=scontent-gig4-1.xx&#038;_nc_gid=AoBFJeGrT1hVaew_6rchkQ&#038;oh=00_AfX7QmFGhQhG2jAllVgXCiM1ZrWgvtp80-Bfppyexh1QEg&#038;oe=689E923C\" \/>\n\t\t<meta property=\"og:image:secure_url\" content=\"https:\/\/scontent-gig4-1.xx.fbcdn.net\/v\/t39.30808-1\/270437624_4564083193639691_6907940295614233970_n.jpg?stp=dst-jpg_s200x200_tt6&#038;_nc_cat=111&#038;ccb=1-7&#038;_nc_sid=f907e8&#038;_nc_ohc=SM1wRlP3lJwQ7kNvwEPuBYA&#038;_nc_oc=AdnqrjDN_BNjSSHWO-GbkIWH6fkGMLw4bqvL_NH6e2wMveX7G-rP2dAqsDSq1mJMOaY&#038;_nc_zt=24&#038;_nc_ht=scontent-gig4-1.xx&#038;_nc_gid=AoBFJeGrT1hVaew_6rchkQ&#038;oh=00_AfX7QmFGhQhG2jAllVgXCiM1ZrWgvtp80-Bfppyexh1QEg&#038;oe=689E923C\" \/>\n\t\t<meta property=\"article:published_time\" content=\"2017-12-08T13:51:54+00:00\" \/>\n\t\t<meta property=\"article:modified_time\" content=\"2017-12-08T13:51:54+00:00\" \/>\n\t\t<meta name=\"twitter:card\" content=\"summary_large_image\" \/>\n\t\t<meta name=\"twitter:title\" content=\"XIX Olimp\u00edada Estadual das Apaes acontece em Belo Horizonte - A Not\u00edcia Online\" \/>\n\t\t<meta name=\"twitter:description\" content=\"Belo Horizonte sediou a XIX Olimp\u00edada Estadual das Apaes de Minas Gerais. O evento, promovido pela Federa\u00e7\u00e3o das Apaes do Estado de Minas Gerais (Feapaes), foi realizado entre os dias 16 e 18 de novembro, no Gin\u00e1sio do Mineirinho e no Centro de Treinamento Esportivo da UFMG. Estiveram presentes 144 associa\u00e7\u00f5es de Apaes divididas em\" \/>\n\t\t<meta name=\"twitter:image\" content=\"https:\/\/scontent-gig4-1.xx.fbcdn.net\/v\/t39.30808-1\/270437624_4564083193639691_6907940295614233970_n.jpg?stp=dst-jpg_s200x200_tt6&amp;_nc_cat=111&amp;ccb=1-7&amp;_nc_sid=f907e8&amp;_nc_ohc=SM1wRlP3lJwQ7kNvwEPuBYA&amp;_nc_oc=AdnqrjDN_BNjSSHWO-GbkIWH6fkGMLw4bqvL_NH6e2wMveX7G-rP2dAqsDSq1mJMOaY&amp;_nc_zt=24&amp;_nc_ht=scontent-gig4-1.xx&amp;_nc_gid=AoBFJeGrT1hVaew_6rchkQ&amp;oh=00_AfX7QmFGhQhG2jAllVgXCiM1ZrWgvtp80-Bfppyexh1QEg&amp;oe=689E923C\" \/>\n\t\t<script type=\"application\/ld+json\" class=\"aioseo-schema\">\n\t\t\t{\"@context\":\"https:\\\/\\\/schema.org\",\"@graph\":[{\"@type\":\"BlogPosting\",\"@id\":\"https:\\\/\\\/anoticiaonline.com.br\\\/site\\\/xix-olimpiada-estadual-das-apaes-acontece-em-belo-horizonte\\\/#blogposting\",\"name\":\"XIX Olimp\\u00edada Estadual das Apaes acontece em Belo Horizonte - A Not\\u00edcia Online\",\"headline\":\"XIX Olimp\\u00edada Estadual das Apaes acontece em Belo Horizonte\",\"author\":{\"@id\":\"https:\\\/\\\/anoticiaonline.com.br\\\/site\\\/author\\\/juliana\\\/#author\"},\"publisher\":{\"@id\":\"https:\\\/\\\/anoticiaonline.com.br\\\/site\\\/#organization\"},\"image\":{\"@type\":\"ImageObject\",\"url\":\"https:\\\/\\\/anoticiaonline.com.br\\\/site\\\/wp-content\\\/uploads\\\/2017\\\/12\\\/XIX-Olimp\\u00edada-Estadual-das-Apaes-acontece-em-Belo-Horizonte-2.jpeg\",\"width\":640,\"height\":427},\"datePublished\":\"2017-12-08T10:51:54-03:00\",\"dateModified\":\"2017-12-08T10:51:54-03:00\",\"inLanguage\":\"pt-BR\",\"mainEntityOfPage\":{\"@id\":\"https:\\\/\\\/anoticiaonline.com.br\\\/site\\\/xix-olimpiada-estadual-das-apaes-acontece-em-belo-horizonte\\\/#webpage\"},\"isPartOf\":{\"@id\":\"https:\\\/\\\/anoticiaonline.com.br\\\/site\\\/xix-olimpiada-estadual-das-apaes-acontece-em-belo-horizonte\\\/#webpage\"},\"articleSection\":\"Esporte, Regi\\u00e3o, Apae, Belo Horizonte, Muria\\u00e9, olimp\\u00edadas\"},{\"@type\":\"BreadcrumbList\",\"@id\":\"https:\\\/\\\/anoticiaonline.com.br\\\/site\\\/xix-olimpiada-estadual-das-apaes-acontece-em-belo-horizonte\\\/#breadcrumblist\",\"itemListElement\":[{\"@type\":\"ListItem\",\"@id\":\"https:\\\/\\\/anoticiaonline.com.br\\\/site#listItem\",\"position\":1,\"name\":\"Home\",\"item\":\"https:\\\/\\\/anoticiaonline.com.br\\\/site\",\"nextItem\":{\"@type\":\"ListItem\",\"@id\":\"https:\\\/\\\/anoticiaonline.com.br\\\/site\\\/categoria\\\/regiao\\\/#listItem\",\"name\":\"Regi\\u00e3o\"}},{\"@type\":\"ListItem\",\"@id\":\"https:\\\/\\\/anoticiaonline.com.br\\\/site\\\/categoria\\\/regiao\\\/#listItem\",\"position\":2,\"name\":\"Regi\\u00e3o\",\"item\":\"https:\\\/\\\/anoticiaonline.com.br\\\/site\\\/categoria\\\/regiao\\\/\",\"nextItem\":{\"@type\":\"ListItem\",\"@id\":\"https:\\\/\\\/anoticiaonline.com.br\\\/site\\\/xix-olimpiada-estadual-das-apaes-acontece-em-belo-horizonte\\\/#listItem\",\"name\":\"XIX Olimp\\u00edada Estadual das Apaes acontece em Belo Horizonte\"},\"previousItem\":{\"@type\":\"ListItem\",\"@id\":\"https:\\\/\\\/anoticiaonline.com.br\\\/site#listItem\",\"name\":\"Home\"}},{\"@type\":\"ListItem\",\"@id\":\"https:\\\/\\\/anoticiaonline.com.br\\\/site\\\/xix-olimpiada-estadual-das-apaes-acontece-em-belo-horizonte\\\/#listItem\",\"position\":3,\"name\":\"XIX Olimp\\u00edada Estadual das Apaes acontece em Belo Horizonte\",\"previousItem\":{\"@type\":\"ListItem\",\"@id\":\"https:\\\/\\\/anoticiaonline.com.br\\\/site\\\/categoria\\\/regiao\\\/#listItem\",\"name\":\"Regi\\u00e3o\"}}]},{\"@type\":\"Organization\",\"@id\":\"https:\\\/\\\/anoticiaonline.com.br\\\/site\\\/#organization\",\"name\":\"A Not\\u00edcia Online\",\"description\":\"Noticias de Muria\\u00e9 e regi\\u00e3o\",\"url\":\"https:\\\/\\\/anoticiaonline.com.br\\\/site\\\/\",\"logo\":{\"@type\":\"ImageObject\",\"url\":\"https:\\\/\\\/scontent-gig4-1.xx.fbcdn.net\\\/v\\\/t39.30808-1\\\/270437624_4564083193639691_6907940295614233970_n.jpg?stp=dst-jpg_s200x200_tt6&_nc_cat=111&ccb=1-7&_nc_sid=f907e8&_nc_ohc=SM1wRlP3lJwQ7kNvwEPuBYA&_nc_oc=AdnqrjDN_BNjSSHWO-GbkIWH6fkGMLw4bqvL_NH6e2wMveX7G-rP2dAqsDSq1mJMOaY&_nc_zt=24&_nc_ht=scontent-gig4-1.xx&_nc_gid=AoBFJeGrT1hVaew_6rchkQ&oh=00_AfX7QmFGhQhG2jAllVgXCiM1ZrWgvtp80-Bfppyexh1QEg&oe=689E923C\",\"@id\":\"https:\\\/\\\/anoticiaonline.com.br\\\/site\\\/xix-olimpiada-estadual-das-apaes-acontece-em-belo-horizonte\\\/#organizationLogo\"},\"image\":{\"@id\":\"https:\\\/\\\/anoticiaonline.com.br\\\/site\\\/xix-olimpiada-estadual-das-apaes-acontece-em-belo-horizonte\\\/#organizationLogo\"}},{\"@type\":\"Person\",\"@id\":\"https:\\\/\\\/anoticiaonline.com.br\\\/site\\\/author\\\/juliana\\\/#author\",\"url\":\"https:\\\/\\\/anoticiaonline.com.br\\\/site\\\/author\\\/juliana\\\/\",\"name\":\"Juliana Laviola\",\"image\":{\"@type\":\"ImageObject\",\"@id\":\"https:\\\/\\\/anoticiaonline.com.br\\\/site\\\/xix-olimpiada-estadual-das-apaes-acontece-em-belo-horizonte\\\/#authorImage\",\"url\":\"https:\\\/\\\/secure.gravatar.com\\\/avatar\\\/b8d45f5c699b100dfaf0e543582f38f38bf94cb7ae3a5e9abf8d891a34773335?s=96&d=mm&r=g\",\"width\":96,\"height\":96,\"caption\":\"Juliana Laviola\"}},{\"@type\":\"WebPage\",\"@id\":\"https:\\\/\\\/anoticiaonline.com.br\\\/site\\\/xix-olimpiada-estadual-das-apaes-acontece-em-belo-horizonte\\\/#webpage\",\"url\":\"https:\\\/\\\/anoticiaonline.com.br\\\/site\\\/xix-olimpiada-estadual-das-apaes-acontece-em-belo-horizonte\\\/\",\"name\":\"XIX Olimp\\u00edada Estadual das Apaes acontece em Belo Horizonte - A Not\\u00edcia Online\",\"description\":\"Belo Horizonte sediou a XIX Olimp\\u00edada Estadual das Apaes de Minas Gerais. O evento, promovido pela Federa\\u00e7\\u00e3o das Apaes do Estado de Minas Gerais (Feapaes), foi realizado entre os dias 16 e 18 de novembro, no Gin\\u00e1sio do Mineirinho e no Centro de Treinamento Esportivo da UFMG. Estiveram presentes 144 associa\\u00e7\\u00f5es de Apaes divididas em\",\"inLanguage\":\"pt-BR\",\"isPartOf\":{\"@id\":\"https:\\\/\\\/anoticiaonline.com.br\\\/site\\\/#website\"},\"breadcrumb\":{\"@id\":\"https:\\\/\\\/anoticiaonline.com.br\\\/site\\\/xix-olimpiada-estadual-das-apaes-acontece-em-belo-horizonte\\\/#breadcrumblist\"},\"author\":{\"@id\":\"https:\\\/\\\/anoticiaonline.com.br\\\/site\\\/author\\\/juliana\\\/#author\"},\"creator\":{\"@id\":\"https:\\\/\\\/anoticiaonline.com.br\\\/site\\\/author\\\/juliana\\\/#author\"},\"image\":{\"@type\":\"ImageObject\",\"url\":\"https:\\\/\\\/anoticiaonline.com.br\\\/site\\\/wp-content\\\/uploads\\\/2017\\\/12\\\/XIX-Olimp\\u00edada-Estadual-das-Apaes-acontece-em-Belo-Horizonte-2.jpeg\",\"@id\":\"https:\\\/\\\/anoticiaonline.com.br\\\/site\\\/xix-olimpiada-estadual-das-apaes-acontece-em-belo-horizonte\\\/#mainImage\",\"width\":640,\"height\":427},\"primaryImageOfPage\":{\"@id\":\"https:\\\/\\\/anoticiaonline.com.br\\\/site\\\/xix-olimpiada-estadual-das-apaes-acontece-em-belo-horizonte\\\/#mainImage\"},\"datePublished\":\"2017-12-08T10:51:54-03:00\",\"dateModified\":\"2017-12-08T10:51:54-03:00\"},{\"@type\":\"WebSite\",\"@id\":\"https:\\\/\\\/anoticiaonline.com.br\\\/site\\\/#website\",\"url\":\"https:\\\/\\\/anoticiaonline.com.br\\\/site\\\/\",\"name\":\"A Not\\u00edcia Online\",\"description\":\"Noticias de Muria\\u00e9 e regi\\u00e3o\",\"inLanguage\":\"pt-BR\",\"publisher\":{\"@id\":\"https:\\\/\\\/anoticiaonline.com.br\\\/site\\\/#organization\"}}]}\n\t\t<\/script>\n\t\t<!-- All in One SEO -->\n\n","aioseo_head_json":{"title":"XIX Olimp\u00edada Estadual das Apaes acontece em Belo Horizonte - A Not\u00edcia Online","description":"Belo Horizonte sediou a XIX Olimp\u00edada Estadual das Apaes de Minas Gerais. O evento, promovido pela Federa\u00e7\u00e3o das Apaes do Estado de Minas Gerais (Feapaes), foi realizado entre os dias 16 e 18 de novembro, no Gin\u00e1sio do Mineirinho e no Centro de Treinamento Esportivo da UFMG. Estiveram presentes 144 associa\u00e7\u00f5es de Apaes divididas em","canonical_url":"https:\/\/anoticiaonline.com.br\/site\/xix-olimpiada-estadual-das-apaes-acontece-em-belo-horizonte\/","robots":"max-image-preview:large","keywords":"","webmasterTools":{"miscellaneous":""},"schema":{"@context":"https:\/\/schema.org","@graph":[{"@type":"BlogPosting","@id":"https:\/\/anoticiaonline.com.br\/site\/xix-olimpiada-estadual-das-apaes-acontece-em-belo-horizonte\/#blogposting","name":"XIX Olimp\u00edada Estadual das Apaes acontece em Belo Horizonte - A Not\u00edcia Online","headline":"XIX Olimp\u00edada Estadual das Apaes acontece em Belo Horizonte","author":{"@id":"https:\/\/anoticiaonline.com.br\/site\/author\/juliana\/#author"},"publisher":{"@id":"https:\/\/anoticiaonline.com.br\/site\/#organization"},"image":{"@type":"ImageObject","url":"https:\/\/anoticiaonline.com.br\/site\/wp-content\/uploads\/2017\/12\/XIX-Olimp\u00edada-Estadual-das-Apaes-acontece-em-Belo-Horizonte-2.jpeg","width":640,"height":427},"datePublished":"2017-12-08T10:51:54-03:00","dateModified":"2017-12-08T10:51:54-03:00","inLanguage":"pt-BR","mainEntityOfPage":{"@id":"https:\/\/anoticiaonline.com.br\/site\/xix-olimpiada-estadual-das-apaes-acontece-em-belo-horizonte\/#webpage"},"isPartOf":{"@id":"https:\/\/anoticiaonline.com.br\/site\/xix-olimpiada-estadual-das-apaes-acontece-em-belo-horizonte\/#webpage"},"articleSection":"Esporte, Regi\u00e3o, Apae, Belo Horizonte, Muria\u00e9, olimp\u00edadas"},{"@type":"BreadcrumbList","@id":"https:\/\/anoticiaonline.com.br\/site\/xix-olimpiada-estadual-das-apaes-acontece-em-belo-horizonte\/#breadcrumblist","itemListElement":[{"@type":"ListItem","@id":"https:\/\/anoticiaonline.com.br\/site#listItem","position":1,"name":"Home","item":"https:\/\/anoticiaonline.com.br\/site","nextItem":{"@type":"ListItem","@id":"https:\/\/anoticiaonline.com.br\/site\/categoria\/regiao\/#listItem","name":"Regi\u00e3o"}},{"@type":"ListItem","@id":"https:\/\/anoticiaonline.com.br\/site\/categoria\/regiao\/#listItem","position":2,"name":"Regi\u00e3o","item":"https:\/\/anoticiaonline.com.br\/site\/categoria\/regiao\/","nextItem":{"@type":"ListItem","@id":"https:\/\/anoticiaonline.com.br\/site\/xix-olimpiada-estadual-das-apaes-acontece-em-belo-horizonte\/#listItem","name":"XIX Olimp\u00edada Estadual das Apaes acontece em Belo Horizonte"},"previousItem":{"@type":"ListItem","@id":"https:\/\/anoticiaonline.com.br\/site#listItem","name":"Home"}},{"@type":"ListItem","@id":"https:\/\/anoticiaonline.com.br\/site\/xix-olimpiada-estadual-das-apaes-acontece-em-belo-horizonte\/#listItem","position":3,"name":"XIX Olimp\u00edada Estadual das Apaes acontece em Belo Horizonte","previousItem":{"@type":"ListItem","@id":"https:\/\/anoticiaonline.com.br\/site\/categoria\/regiao\/#listItem","name":"Regi\u00e3o"}}]},{"@type":"Organization","@id":"https:\/\/anoticiaonline.com.br\/site\/#organization","name":"A Not\u00edcia Online","description":"Noticias de Muria\u00e9 e regi\u00e3o","url":"https:\/\/anoticiaonline.com.br\/site\/","logo":{"@type":"ImageObject","url":"https:\/\/scontent-gig4-1.xx.fbcdn.net\/v\/t39.30808-1\/270437624_4564083193639691_6907940295614233970_n.jpg?stp=dst-jpg_s200x200_tt6&_nc_cat=111&ccb=1-7&_nc_sid=f907e8&_nc_ohc=SM1wRlP3lJwQ7kNvwEPuBYA&_nc_oc=AdnqrjDN_BNjSSHWO-GbkIWH6fkGMLw4bqvL_NH6e2wMveX7G-rP2dAqsDSq1mJMOaY&_nc_zt=24&_nc_ht=scontent-gig4-1.xx&_nc_gid=AoBFJeGrT1hVaew_6rchkQ&oh=00_AfX7QmFGhQhG2jAllVgXCiM1ZrWgvtp80-Bfppyexh1QEg&oe=689E923C","@id":"https:\/\/anoticiaonline.com.br\/site\/xix-olimpiada-estadual-das-apaes-acontece-em-belo-horizonte\/#organizationLogo"},"image":{"@id":"https:\/\/anoticiaonline.com.br\/site\/xix-olimpiada-estadual-das-apaes-acontece-em-belo-horizonte\/#organizationLogo"}},{"@type":"Person","@id":"https:\/\/anoticiaonline.com.br\/site\/author\/juliana\/#author","url":"https:\/\/anoticiaonline.com.br\/site\/author\/juliana\/","name":"Juliana Laviola","image":{"@type":"ImageObject","@id":"https:\/\/anoticiaonline.com.br\/site\/xix-olimpiada-estadual-das-apaes-acontece-em-belo-horizonte\/#authorImage","url":"https:\/\/secure.gravatar.com\/avatar\/b8d45f5c699b100dfaf0e543582f38f38bf94cb7ae3a5e9abf8d891a34773335?s=96&d=mm&r=g","width":96,"height":96,"caption":"Juliana Laviola"}},{"@type":"WebPage","@id":"https:\/\/anoticiaonline.com.br\/site\/xix-olimpiada-estadual-das-apaes-acontece-em-belo-horizonte\/#webpage","url":"https:\/\/anoticiaonline.com.br\/site\/xix-olimpiada-estadual-das-apaes-acontece-em-belo-horizonte\/","name":"XIX Olimp\u00edada Estadual das Apaes acontece em Belo Horizonte - A Not\u00edcia Online","description":"Belo Horizonte sediou a XIX Olimp\u00edada Estadual das Apaes de Minas Gerais. O evento, promovido pela Federa\u00e7\u00e3o das Apaes do Estado de Minas Gerais (Feapaes), foi realizado entre os dias 16 e 18 de novembro, no Gin\u00e1sio do Mineirinho e no Centro de Treinamento Esportivo da UFMG. Estiveram presentes 144 associa\u00e7\u00f5es de Apaes divididas em","inLanguage":"pt-BR","isPartOf":{"@id":"https:\/\/anoticiaonline.com.br\/site\/#website"},"breadcrumb":{"@id":"https:\/\/anoticiaonline.com.br\/site\/xix-olimpiada-estadual-das-apaes-acontece-em-belo-horizonte\/#breadcrumblist"},"author":{"@id":"https:\/\/anoticiaonline.com.br\/site\/author\/juliana\/#author"},"creator":{"@id":"https:\/\/anoticiaonline.com.br\/site\/author\/juliana\/#author"},"image":{"@type":"ImageObject","url":"https:\/\/anoticiaonline.com.br\/site\/wp-content\/uploads\/2017\/12\/XIX-Olimp\u00edada-Estadual-das-Apaes-acontece-em-Belo-Horizonte-2.jpeg","@id":"https:\/\/anoticiaonline.com.br\/site\/xix-olimpiada-estadual-das-apaes-acontece-em-belo-horizonte\/#mainImage","width":640,"height":427},"primaryImageOfPage":{"@id":"https:\/\/anoticiaonline.com.br\/site\/xix-olimpiada-estadual-das-apaes-acontece-em-belo-horizonte\/#mainImage"},"datePublished":"2017-12-08T10:51:54-03:00","dateModified":"2017-12-08T10:51:54-03:00"},{"@type":"WebSite","@id":"https:\/\/anoticiaonline.com.br\/site\/#website","url":"https:\/\/anoticiaonline.com.br\/site\/","name":"A Not\u00edcia Online","description":"Noticias de Muria\u00e9 e regi\u00e3o","inLanguage":"pt-BR","publisher":{"@id":"https:\/\/anoticiaonline.com.br\/site\/#organization"}}]},"og:locale":"pt_BR","og:site_name":"A Not\u00edcia Online - Noticias de Muria\u00e9 e regi\u00e3o","og:type":"article","og:title":"XIX Olimp\u00edada Estadual das Apaes acontece em Belo Horizonte - A Not\u00edcia Online","og:description":"Belo Horizonte sediou a XIX Olimp\u00edada Estadual das Apaes de Minas Gerais. O evento, promovido pela Federa\u00e7\u00e3o das Apaes do Estado de Minas Gerais (Feapaes), foi realizado entre os dias 16 e 18 de novembro, no Gin\u00e1sio do Mineirinho e no Centro de Treinamento Esportivo da UFMG. Estiveram presentes 144 associa\u00e7\u00f5es de Apaes divididas em","og:url":"https:\/\/anoticiaonline.com.br\/site\/xix-olimpiada-estadual-das-apaes-acontece-em-belo-horizonte\/","og:image":"https:\/\/scontent-gig4-1.xx.fbcdn.net\/v\/t39.30808-1\/270437624_4564083193639691_6907940295614233970_n.jpg?stp=dst-jpg_s200x200_tt6&#038;_nc_cat=111&#038;ccb=1-7&#038;_nc_sid=f907e8&#038;_nc_ohc=SM1wRlP3lJwQ7kNvwEPuBYA&#038;_nc_oc=AdnqrjDN_BNjSSHWO-GbkIWH6fkGMLw4bqvL_NH6e2wMveX7G-rP2dAqsDSq1mJMOaY&#038;_nc_zt=24&#038;_nc_ht=scontent-gig4-1.xx&#038;_nc_gid=AoBFJeGrT1hVaew_6rchkQ&#038;oh=00_AfX7QmFGhQhG2jAllVgXCiM1ZrWgvtp80-Bfppyexh1QEg&#038;oe=689E923C","og:image:secure_url":"https:\/\/scontent-gig4-1.xx.fbcdn.net\/v\/t39.30808-1\/270437624_4564083193639691_6907940295614233970_n.jpg?stp=dst-jpg_s200x200_tt6&#038;_nc_cat=111&#038;ccb=1-7&#038;_nc_sid=f907e8&#038;_nc_ohc=SM1wRlP3lJwQ7kNvwEPuBYA&#038;_nc_oc=AdnqrjDN_BNjSSHWO-GbkIWH6fkGMLw4bqvL_NH6e2wMveX7G-rP2dAqsDSq1mJMOaY&#038;_nc_zt=24&#038;_nc_ht=scontent-gig4-1.xx&#038;_nc_gid=AoBFJeGrT1hVaew_6rchkQ&#038;oh=00_AfX7QmFGhQhG2jAllVgXCiM1ZrWgvtp80-Bfppyexh1QEg&#038;oe=689E923C","article:published_time":"2017-12-08T13:51:54+00:00","article:modified_time":"2017-12-08T13:51:54+00:00","twitter:card":"summary_large_image","twitter:title":"XIX Olimp\u00edada Estadual das Apaes acontece em Belo Horizonte - A Not\u00edcia Online","twitter:description":"Belo Horizonte sediou a XIX Olimp\u00edada Estadual das Apaes de Minas Gerais. O evento, promovido pela Federa\u00e7\u00e3o das Apaes do Estado de Minas Gerais (Feapaes), foi realizado entre os dias 16 e 18 de novembro, no Gin\u00e1sio do Mineirinho e no Centro de Treinamento Esportivo da UFMG. Estiveram presentes 144 associa\u00e7\u00f5es de Apaes divididas em","twitter:image":"https:\/\/scontent-gig4-1.xx.fbcdn.net\/v\/t39.30808-1\/270437624_4564083193639691_6907940295614233970_n.jpg?stp=dst-jpg_s200x200_tt6&_nc_cat=111&ccb=1-7&_nc_sid=f907e8&_nc_ohc=SM1wRlP3lJwQ7kNvwEPuBYA&_nc_oc=AdnqrjDN_BNjSSHWO-GbkIWH6fkGMLw4bqvL_NH6e2wMveX7G-rP2dAqsDSq1mJMOaY&_nc_zt=24&_nc_ht=scontent-gig4-1.xx&_nc_gid=AoBFJeGrT1hVaew_6rchkQ&oh=00_AfX7QmFGhQhG2jAllVgXCiM1ZrWgvtp80-Bfppyexh1QEg&oe=689E923C"},"aioseo_meta_data":{"post_id":"47836","title":null,"description":null,"keywords":null,"keyphrases":null,"primary_term":null,"canonical_url":null,"og_title":null,"og_description":null,"og_object_type":"default","og_image_type":"default","og_image_url":null,"og_image_width":null,"og_image_height":null,"og_image_custom_url":null,"og_image_custom_fields":null,"og_video":null,"og_custom_url":null,"og_article_section":null,"og_article_tags":null,"twitter_use_og":false,"twitter_card":"default","twitter_image_type":"default","twitter_image_url":null,"twitter_image_custom_url":null,"twitter_image_custom_fields":null,"twitter_title":null,"twitter_description":null,"schema":{"blockGraphs":[],"customGraphs":[],"default":{"data":{"Article":[],"Course":[],"Dataset":[],"FAQPage":[],"Movie":[],"Person":[],"Product":[],"ProductReview":[],"Car":[],"Recipe":[],"Service":[],"SoftwareApplication":[],"WebPage":[]},"graphName":"","isEnabled":true},"graphs":[]},"schema_type":"default","schema_type_options":null,"pillar_content":false,"robots_default":true,"robots_noindex":false,"robots_noarchive":false,"robots_nosnippet":false,"robots_nofollow":false,"robots_noimageindex":false,"robots_noodp":false,"robots_notranslate":false,"robots_max_snippet":null,"robots_max_videopreview":null,"robots_max_imagepreview":"large","priority":null,"frequency":null,"local_seo":null,"breadcrumb_settings":null,"limit_modified_date":false,"ai":null,"created":"2025-08-16 20:04:41","updated":"2025-08-16 20:04:41","focus_keyword":null,"additional_keywords":null,"truseo_locale":null,"seo_analyzer_scan_date":null},"aioseo_breadcrumb":"<div class=\"aioseo-breadcrumbs\"><span class=\"aioseo-breadcrumb\">\n\t\t\t<a href=\"https:\/\/anoticiaonline.com.br\/site\" title=\"Home\">Home<\/a>\n\t\t<\/span><span class=\"aioseo-breadcrumb-separator\">&raquo;<\/span><span class=\"aioseo-breadcrumb\">\n\t\t\t<a href=\"https:\/\/anoticiaonline.com.br\/site\/categoria\/regiao\/\" title=\"Regi\u00e3o\">Regi\u00e3o<\/a>\n\t\t<\/span><span class=\"aioseo-breadcrumb-separator\">&raquo;<\/span><span class=\"aioseo-breadcrumb\">\n\t\t\tXIX Olimp\u00edada Estadual das Apaes acontece em Belo Horizonte\n\t\t<\/span><\/div>","aioseo_breadcrumb_json":[{"label":"Home","link":"https:\/\/anoticiaonline.com.br\/site"},{"label":"Regi\u00e3o","link":"https:\/\/anoticiaonline.com.br\/site\/categoria\/regiao\/"},{"label":"XIX Olimp\u00edada Estadual das Apaes acontece em Belo Horizonte","link":"https:\/\/anoticiaonline.com.br\/site\/xix-olimpiada-estadual-das-apaes-acontece-em-belo-horizonte\/"}],"views":128,"_links":{"self":[{"href":"https:\/\/anoticiaonline.com.br\/site\/wp-json\/wp\/v2\/posts\/47836","targetHints":{"allow":["GET"]}}],"collection":[{"href":"https:\/\/anoticiaonline.com.br\/site\/wp-json\/wp\/v2\/posts"}],"about":[{"href":"https:\/\/anoticiaonline.com.br\/site\/wp-json\/wp\/v2\/types\/post"}],"author":[{"embeddable":true,"href":"https:\/\/anoticiaonline.com.br\/site\/wp-json\/wp\/v2\/users\/2"}],"replies":[{"embeddable":true,"href":"https:\/\/anoticiaonline.com.br\/site\/wp-json\/wp\/v2\/comments?post=47836"}],"version-history":[{"count":0,"href":"https:\/\/anoticiaonline.com.br\/site\/wp-json\/wp\/v2\/posts\/47836\/revisions"}],"wp:featuredmedia":[{"embeddable":true,"href":"https:\/\/anoticiaonline.com.br\/site\/wp-json\/wp\/v2\/media\/47837"}],"wp:attachment":[{"href":"https:\/\/anoticiaonline.com.br\/site\/wp-json\/wp\/v2\/media?parent=47836"}],"wp:term":[{"taxonomy":"category","embeddable":true,"href":"https:\/\/anoticiaonline.com.br\/site\/wp-json\/wp\/v2\/categories?post=47836"},{"taxonomy":"post_tag","embeddable":true,"href":"https:\/\/anoticiaonline.com.br\/site\/wp-json\/wp\/v2\/tags?post=47836"}],"curies":[{"name":"wp","href":"https:\/\/api.w.org\/{rel}","templated":true}]}}