{"id":47831,"date":"2017-12-08T10:39:13","date_gmt":"2017-12-08T13:39:13","guid":{"rendered":"http:\/\/anoticiaonline.com.br\/site\/?p=47831"},"modified":"2017-12-08T10:39:13","modified_gmt":"2017-12-08T13:39:13","slug":"delegado-regional-da-policia-civil-toma-posse-em-muriae","status":"publish","type":"post","link":"https:\/\/anoticiaonline.com.br\/site\/delegado-regional-da-policia-civil-toma-posse-em-muriae\/","title":{"rendered":"Delegado Regional da Pol\u00edcia Civil toma posse em Muria\u00e9"},"content":{"rendered":"<p><a href=\"https:\/\/anoticiaonline.com.br\/site\/wp-content\/uploads\/2017\/12\/DSC05216.jpg\"><img fetchpriority=\"high\" decoding=\"async\" class=\"alignnone size-full wp-image-47832\" src=\"https:\/\/anoticiaonline.com.br\/site\/wp-content\/uploads\/2017\/12\/DSC05216.jpg\" alt=\"\" width=\"640\" height=\"427\" srcset=\"https:\/\/anoticiaonline.com.br\/site\/wp-content\/uploads\/2017\/12\/DSC05216.jpg 640w, https:\/\/anoticiaonline.com.br\/site\/wp-content\/uploads\/2017\/12\/DSC05216-300x200.jpg 300w\" sizes=\"(max-width: 640px) 100vw, 640px\" \/><\/a><\/p>\n<p>O novo delegado da 4\u00aa Delegacia Regional de Pol\u00edcia Civil (4\u00aa DRPC), Jos\u00e9 Roberto Dem\u00e9trio Machado, que assumiu o cargo no lugar de Alessandro Amaro da Matta, tomou posse na tarde de quinta-feira (7), em cerim\u00f4nia solene realizada na C\u00e2mara Municipal de Muria\u00e9.<\/p>\n<p>Na ocasi\u00e3o, estiveram representantes dos Poderes Executivo e Legislativo Municipal, autoridades da Pol\u00edcia Civil, da Pol\u00edcia Militar e do Corpo de Bombeiro. Em entrevista, o delegado Dem\u00e9trio Machado disse que, apesar de estar h\u00e1 mais de 30 anos na Pol\u00edcia Civil e ter ficado sete meses de licen\u00e7a, ainda tem muito a fazer pela institui\u00e7\u00e3o. \u201cEspero poder ainda contribuir para o bem da sociedade e manter o bom trabalho que j\u00e1 vem sendo feito aqui\u201d, conta.<\/p>\n<p>Dem\u00e9trio Machado iniciou suas atividades em Muria\u00e9 no final de outubro. O ent\u00e3o delegado, Alessandro da Matta, foi convidado a trabalhar na Assessoria de Comunica\u00e7\u00e3o da Chefia Geral da Pol\u00edcia Civil, em Belo Horizonte.<\/p>\n<p>O delegado geral e chefe da Pol\u00edcia Civil do Estado, Jo\u00e3o Otac\u00edlio Silva Neto, esteve presente na cerim\u00f4nia de posse e elogiou o trabalho que Dem\u00e9trio Machado vem desempenhando na cidade. \u201cDesejo toda a sorte ao nosso colega Dem\u00e9trio nessa nova etapa de sua vida. Temos a certeza tamb\u00e9m que Alessandro da Matta, membro de nosso Conselho Superior, olhar\u00e1 com carinho as demandas de Muria\u00e9\u201d, diz.<\/p>\n","protected":false},"excerpt":{"rendered":"<p>O novo delegado da 4\u00aa Delegacia Regional de Pol\u00edcia Civil (4\u00aa DRPC), Jos\u00e9 Roberto Dem\u00e9trio Machado, que assumiu o cargo no lugar de Alessandro Amaro da Matta, tomou posse na tarde de quinta-feira (7), em cerim\u00f4nia solene realizada na C\u00e2mara Municipal de Muria\u00e9. Na ocasi\u00e3o, estiveram representantes dos Poderes Executivo e Legislativo Municipal, autoridades da &#8230; <a title=\"Delegado Regional da Pol\u00edcia Civil toma posse em Muria\u00e9\" class=\"read-more\" href=\"https:\/\/anoticiaonline.com.br\/site\/delegado-regional-da-policia-civil-toma-posse-em-muriae\/\" aria-label=\"Read more about Delegado Regional da Pol\u00edcia Civil toma posse em Muria\u00e9\">Ler mais<\/a><\/p>\n","protected":false},"author":2,"featured_media":47832,"comment_status":"open","ping_status":"open","sticky":false,"template":"","format":"standard","meta":{"_acf_changed":false,"_monsterinsights_skip_tracking":false,"footnotes":""},"categories":[30],"tags":[73,74,95,1737],"class_list":["post-47831","post","type-post","status-publish","format-standard","has-post-thumbnail","hentry","category-muriae","tag-delegado","tag-muriae","tag-policia-civil","tag-regional"],"acf":[],"aioseo_notices":[],"aioseo_head":"\n\t\t<!-- All in One SEO 5.0.0.1 - aioseo.com -->\n\t<meta name=\"description\" content=\"O novo delegado da 4\u00aa Delegacia Regional de Pol\u00edcia Civil (4\u00aa DRPC), Jos\u00e9 Roberto Dem\u00e9trio Machado, que assumiu o cargo no lugar de Alessandro Amaro da Matta, tomou posse na tarde de quinta-feira (7), em cerim\u00f4nia solene realizada na C\u00e2mara Municipal de Muria\u00e9. Na ocasi\u00e3o, estiveram representantes dos Poderes Executivo e Legislativo Municipal, autoridades da\" \/>\n\t<meta name=\"robots\" content=\"max-image-preview:large\" \/>\n\t<meta name=\"author\" content=\"Juliana Laviola\"\/>\n\t<link rel=\"canonical\" href=\"https:\/\/anoticiaonline.com.br\/site\/delegado-regional-da-policia-civil-toma-posse-em-muriae\/\" \/>\n\t<meta name=\"generator\" content=\"All in One SEO (AIOSEO) 5.0.0.1\" \/>\n\t\t<meta property=\"og:locale\" content=\"pt_BR\" \/>\n\t\t<meta property=\"og:site_name\" content=\"A Not\u00edcia Online - Noticias de Muria\u00e9 e regi\u00e3o\" \/>\n\t\t<meta property=\"og:type\" content=\"article\" \/>\n\t\t<meta property=\"og:title\" content=\"Delegado Regional da Pol\u00edcia Civil toma posse em Muria\u00e9 - A Not\u00edcia Online\" \/>\n\t\t<meta property=\"og:description\" content=\"O novo delegado da 4\u00aa Delegacia Regional de Pol\u00edcia Civil (4\u00aa DRPC), Jos\u00e9 Roberto Dem\u00e9trio Machado, que assumiu o cargo no lugar de Alessandro Amaro da Matta, tomou posse na tarde de quinta-feira (7), em cerim\u00f4nia solene realizada na C\u00e2mara Municipal de Muria\u00e9. Na ocasi\u00e3o, estiveram representantes dos Poderes Executivo e Legislativo Municipal, autoridades da\" \/>\n\t\t<meta property=\"og:url\" content=\"https:\/\/anoticiaonline.com.br\/site\/delegado-regional-da-policia-civil-toma-posse-em-muriae\/\" \/>\n\t\t<meta property=\"og:image\" content=\"https:\/\/scontent-gig4-1.xx.fbcdn.net\/v\/t39.30808-1\/270437624_4564083193639691_6907940295614233970_n.jpg?stp=dst-jpg_s200x200_tt6&#038;_nc_cat=111&#038;ccb=1-7&#038;_nc_sid=f907e8&#038;_nc_ohc=SM1wRlP3lJwQ7kNvwEPuBYA&#038;_nc_oc=AdnqrjDN_BNjSSHWO-GbkIWH6fkGMLw4bqvL_NH6e2wMveX7G-rP2dAqsDSq1mJMOaY&#038;_nc_zt=24&#038;_nc_ht=scontent-gig4-1.xx&#038;_nc_gid=AoBFJeGrT1hVaew_6rchkQ&#038;oh=00_AfX7QmFGhQhG2jAllVgXCiM1ZrWgvtp80-Bfppyexh1QEg&#038;oe=689E923C\" \/>\n\t\t<meta property=\"og:image:secure_url\" content=\"https:\/\/scontent-gig4-1.xx.fbcdn.net\/v\/t39.30808-1\/270437624_4564083193639691_6907940295614233970_n.jpg?stp=dst-jpg_s200x200_tt6&#038;_nc_cat=111&#038;ccb=1-7&#038;_nc_sid=f907e8&#038;_nc_ohc=SM1wRlP3lJwQ7kNvwEPuBYA&#038;_nc_oc=AdnqrjDN_BNjSSHWO-GbkIWH6fkGMLw4bqvL_NH6e2wMveX7G-rP2dAqsDSq1mJMOaY&#038;_nc_zt=24&#038;_nc_ht=scontent-gig4-1.xx&#038;_nc_gid=AoBFJeGrT1hVaew_6rchkQ&#038;oh=00_AfX7QmFGhQhG2jAllVgXCiM1ZrWgvtp80-Bfppyexh1QEg&#038;oe=689E923C\" \/>\n\t\t<meta property=\"article:published_time\" content=\"2017-12-08T13:39:13+00:00\" \/>\n\t\t<meta property=\"article:modified_time\" content=\"2017-12-08T13:39:13+00:00\" \/>\n\t\t<meta name=\"twitter:card\" content=\"summary_large_image\" \/>\n\t\t<meta name=\"twitter:title\" content=\"Delegado Regional da Pol\u00edcia Civil toma posse em Muria\u00e9 - A Not\u00edcia Online\" \/>\n\t\t<meta name=\"twitter:description\" content=\"O novo delegado da 4\u00aa Delegacia Regional de Pol\u00edcia Civil (4\u00aa DRPC), Jos\u00e9 Roberto Dem\u00e9trio Machado, que assumiu o cargo no lugar de Alessandro Amaro da Matta, tomou posse na tarde de quinta-feira (7), em cerim\u00f4nia solene realizada na C\u00e2mara Municipal de Muria\u00e9. Na ocasi\u00e3o, estiveram representantes dos Poderes Executivo e Legislativo Municipal, autoridades da\" \/>\n\t\t<meta name=\"twitter:image\" content=\"https:\/\/scontent-gig4-1.xx.fbcdn.net\/v\/t39.30808-1\/270437624_4564083193639691_6907940295614233970_n.jpg?stp=dst-jpg_s200x200_tt6&amp;_nc_cat=111&amp;ccb=1-7&amp;_nc_sid=f907e8&amp;_nc_ohc=SM1wRlP3lJwQ7kNvwEPuBYA&amp;_nc_oc=AdnqrjDN_BNjSSHWO-GbkIWH6fkGMLw4bqvL_NH6e2wMveX7G-rP2dAqsDSq1mJMOaY&amp;_nc_zt=24&amp;_nc_ht=scontent-gig4-1.xx&amp;_nc_gid=AoBFJeGrT1hVaew_6rchkQ&amp;oh=00_AfX7QmFGhQhG2jAllVgXCiM1ZrWgvtp80-Bfppyexh1QEg&amp;oe=689E923C\" \/>\n\t\t<script type=\"application\/ld+json\" class=\"aioseo-schema\">\n\t\t\t{\"@context\":\"https:\\\/\\\/schema.org\",\"@graph\":[{\"@type\":\"BlogPosting\",\"@id\":\"https:\\\/\\\/anoticiaonline.com.br\\\/site\\\/delegado-regional-da-policia-civil-toma-posse-em-muriae\\\/#blogposting\",\"name\":\"Delegado Regional da Pol\\u00edcia Civil toma posse em Muria\\u00e9 - A Not\\u00edcia Online\",\"headline\":\"Delegado Regional da Pol\\u00edcia Civil toma posse em Muria\\u00e9\",\"author\":{\"@id\":\"https:\\\/\\\/anoticiaonline.com.br\\\/site\\\/author\\\/juliana\\\/#author\"},\"publisher\":{\"@id\":\"https:\\\/\\\/anoticiaonline.com.br\\\/site\\\/#organization\"},\"image\":{\"@type\":\"ImageObject\",\"url\":\"https:\\\/\\\/anoticiaonline.com.br\\\/site\\\/wp-content\\\/uploads\\\/2017\\\/12\\\/DSC05216.jpg\",\"width\":640,\"height\":427},\"datePublished\":\"2017-12-08T10:39:13-03:00\",\"dateModified\":\"2017-12-08T10:39:13-03:00\",\"inLanguage\":\"pt-BR\",\"mainEntityOfPage\":{\"@id\":\"https:\\\/\\\/anoticiaonline.com.br\\\/site\\\/delegado-regional-da-policia-civil-toma-posse-em-muriae\\\/#webpage\"},\"isPartOf\":{\"@id\":\"https:\\\/\\\/anoticiaonline.com.br\\\/site\\\/delegado-regional-da-policia-civil-toma-posse-em-muriae\\\/#webpage\"},\"articleSection\":\"Blog, delegado, Muria\\u00e9, pol\\u00edcia civil, regional\"},{\"@type\":\"BreadcrumbList\",\"@id\":\"https:\\\/\\\/anoticiaonline.com.br\\\/site\\\/delegado-regional-da-policia-civil-toma-posse-em-muriae\\\/#breadcrumblist\",\"itemListElement\":[{\"@type\":\"ListItem\",\"@id\":\"https:\\\/\\\/anoticiaonline.com.br\\\/site#listItem\",\"position\":1,\"name\":\"Home\",\"item\":\"https:\\\/\\\/anoticiaonline.com.br\\\/site\",\"nextItem\":{\"@type\":\"ListItem\",\"@id\":\"https:\\\/\\\/anoticiaonline.com.br\\\/site\\\/categoria\\\/muriae\\\/#listItem\",\"name\":\"Blog\"}},{\"@type\":\"ListItem\",\"@id\":\"https:\\\/\\\/anoticiaonline.com.br\\\/site\\\/categoria\\\/muriae\\\/#listItem\",\"position\":2,\"name\":\"Blog\",\"item\":\"https:\\\/\\\/anoticiaonline.com.br\\\/site\\\/categoria\\\/muriae\\\/\",\"nextItem\":{\"@type\":\"ListItem\",\"@id\":\"https:\\\/\\\/anoticiaonline.com.br\\\/site\\\/delegado-regional-da-policia-civil-toma-posse-em-muriae\\\/#listItem\",\"name\":\"Delegado Regional da Pol\\u00edcia Civil toma posse em Muria\\u00e9\"},\"previousItem\":{\"@type\":\"ListItem\",\"@id\":\"https:\\\/\\\/anoticiaonline.com.br\\\/site#listItem\",\"name\":\"Home\"}},{\"@type\":\"ListItem\",\"@id\":\"https:\\\/\\\/anoticiaonline.com.br\\\/site\\\/delegado-regional-da-policia-civil-toma-posse-em-muriae\\\/#listItem\",\"position\":3,\"name\":\"Delegado Regional da Pol\\u00edcia Civil toma posse em Muria\\u00e9\",\"previousItem\":{\"@type\":\"ListItem\",\"@id\":\"https:\\\/\\\/anoticiaonline.com.br\\\/site\\\/categoria\\\/muriae\\\/#listItem\",\"name\":\"Blog\"}}]},{\"@type\":\"Organization\",\"@id\":\"https:\\\/\\\/anoticiaonline.com.br\\\/site\\\/#organization\",\"name\":\"A Not\\u00edcia Online\",\"description\":\"Noticias de Muria\\u00e9 e regi\\u00e3o\",\"url\":\"https:\\\/\\\/anoticiaonline.com.br\\\/site\\\/\",\"logo\":{\"@type\":\"ImageObject\",\"url\":\"https:\\\/\\\/scontent-gig4-1.xx.fbcdn.net\\\/v\\\/t39.30808-1\\\/270437624_4564083193639691_6907940295614233970_n.jpg?stp=dst-jpg_s200x200_tt6&_nc_cat=111&ccb=1-7&_nc_sid=f907e8&_nc_ohc=SM1wRlP3lJwQ7kNvwEPuBYA&_nc_oc=AdnqrjDN_BNjSSHWO-GbkIWH6fkGMLw4bqvL_NH6e2wMveX7G-rP2dAqsDSq1mJMOaY&_nc_zt=24&_nc_ht=scontent-gig4-1.xx&_nc_gid=AoBFJeGrT1hVaew_6rchkQ&oh=00_AfX7QmFGhQhG2jAllVgXCiM1ZrWgvtp80-Bfppyexh1QEg&oe=689E923C\",\"@id\":\"https:\\\/\\\/anoticiaonline.com.br\\\/site\\\/delegado-regional-da-policia-civil-toma-posse-em-muriae\\\/#organizationLogo\"},\"image\":{\"@id\":\"https:\\\/\\\/anoticiaonline.com.br\\\/site\\\/delegado-regional-da-policia-civil-toma-posse-em-muriae\\\/#organizationLogo\"}},{\"@type\":\"Person\",\"@id\":\"https:\\\/\\\/anoticiaonline.com.br\\\/site\\\/author\\\/juliana\\\/#author\",\"url\":\"https:\\\/\\\/anoticiaonline.com.br\\\/site\\\/author\\\/juliana\\\/\",\"name\":\"Juliana Laviola\",\"image\":{\"@type\":\"ImageObject\",\"@id\":\"https:\\\/\\\/anoticiaonline.com.br\\\/site\\\/delegado-regional-da-policia-civil-toma-posse-em-muriae\\\/#authorImage\",\"url\":\"https:\\\/\\\/secure.gravatar.com\\\/avatar\\\/b8d45f5c699b100dfaf0e543582f38f38bf94cb7ae3a5e9abf8d891a34773335?s=96&d=mm&r=g\",\"width\":96,\"height\":96,\"caption\":\"Juliana Laviola\"}},{\"@type\":\"WebPage\",\"@id\":\"https:\\\/\\\/anoticiaonline.com.br\\\/site\\\/delegado-regional-da-policia-civil-toma-posse-em-muriae\\\/#webpage\",\"url\":\"https:\\\/\\\/anoticiaonline.com.br\\\/site\\\/delegado-regional-da-policia-civil-toma-posse-em-muriae\\\/\",\"name\":\"Delegado Regional da Pol\\u00edcia Civil toma posse em Muria\\u00e9 - A Not\\u00edcia Online\",\"description\":\"O novo delegado da 4\\u00aa Delegacia Regional de Pol\\u00edcia Civil (4\\u00aa DRPC), Jos\\u00e9 Roberto Dem\\u00e9trio Machado, que assumiu o cargo no lugar de Alessandro Amaro da Matta, tomou posse na tarde de quinta-feira (7), em cerim\\u00f4nia solene realizada na C\\u00e2mara Municipal de Muria\\u00e9. Na ocasi\\u00e3o, estiveram representantes dos Poderes Executivo e Legislativo Municipal, autoridades da\",\"inLanguage\":\"pt-BR\",\"isPartOf\":{\"@id\":\"https:\\\/\\\/anoticiaonline.com.br\\\/site\\\/#website\"},\"breadcrumb\":{\"@id\":\"https:\\\/\\\/anoticiaonline.com.br\\\/site\\\/delegado-regional-da-policia-civil-toma-posse-em-muriae\\\/#breadcrumblist\"},\"author\":{\"@id\":\"https:\\\/\\\/anoticiaonline.com.br\\\/site\\\/author\\\/juliana\\\/#author\"},\"creator\":{\"@id\":\"https:\\\/\\\/anoticiaonline.com.br\\\/site\\\/author\\\/juliana\\\/#author\"},\"image\":{\"@type\":\"ImageObject\",\"url\":\"https:\\\/\\\/anoticiaonline.com.br\\\/site\\\/wp-content\\\/uploads\\\/2017\\\/12\\\/DSC05216.jpg\",\"@id\":\"https:\\\/\\\/anoticiaonline.com.br\\\/site\\\/delegado-regional-da-policia-civil-toma-posse-em-muriae\\\/#mainImage\",\"width\":640,\"height\":427},\"primaryImageOfPage\":{\"@id\":\"https:\\\/\\\/anoticiaonline.com.br\\\/site\\\/delegado-regional-da-policia-civil-toma-posse-em-muriae\\\/#mainImage\"},\"datePublished\":\"2017-12-08T10:39:13-03:00\",\"dateModified\":\"2017-12-08T10:39:13-03:00\"},{\"@type\":\"WebSite\",\"@id\":\"https:\\\/\\\/anoticiaonline.com.br\\\/site\\\/#website\",\"url\":\"https:\\\/\\\/anoticiaonline.com.br\\\/site\\\/\",\"name\":\"A Not\\u00edcia Online\",\"description\":\"Noticias de Muria\\u00e9 e regi\\u00e3o\",\"inLanguage\":\"pt-BR\",\"publisher\":{\"@id\":\"https:\\\/\\\/anoticiaonline.com.br\\\/site\\\/#organization\"}}]}\n\t\t<\/script>\n\t\t<!-- All in One SEO -->\n\n","aioseo_head_json":{"title":"Delegado Regional da Pol\u00edcia Civil toma posse em Muria\u00e9 - A Not\u00edcia Online","description":"O novo delegado da 4\u00aa Delegacia Regional de Pol\u00edcia Civil (4\u00aa DRPC), Jos\u00e9 Roberto Dem\u00e9trio Machado, que assumiu o cargo no lugar de Alessandro Amaro da Matta, tomou posse na tarde de quinta-feira (7), em cerim\u00f4nia solene realizada na C\u00e2mara Municipal de Muria\u00e9. Na ocasi\u00e3o, estiveram representantes dos Poderes Executivo e Legislativo Municipal, autoridades da","canonical_url":"https:\/\/anoticiaonline.com.br\/site\/delegado-regional-da-policia-civil-toma-posse-em-muriae\/","robots":"max-image-preview:large","keywords":"","webmasterTools":{"miscellaneous":""},"schema":{"@context":"https:\/\/schema.org","@graph":[{"@type":"BlogPosting","@id":"https:\/\/anoticiaonline.com.br\/site\/delegado-regional-da-policia-civil-toma-posse-em-muriae\/#blogposting","name":"Delegado Regional da Pol\u00edcia Civil toma posse em Muria\u00e9 - A Not\u00edcia Online","headline":"Delegado Regional da Pol\u00edcia Civil toma posse em Muria\u00e9","author":{"@id":"https:\/\/anoticiaonline.com.br\/site\/author\/juliana\/#author"},"publisher":{"@id":"https:\/\/anoticiaonline.com.br\/site\/#organization"},"image":{"@type":"ImageObject","url":"https:\/\/anoticiaonline.com.br\/site\/wp-content\/uploads\/2017\/12\/DSC05216.jpg","width":640,"height":427},"datePublished":"2017-12-08T10:39:13-03:00","dateModified":"2017-12-08T10:39:13-03:00","inLanguage":"pt-BR","mainEntityOfPage":{"@id":"https:\/\/anoticiaonline.com.br\/site\/delegado-regional-da-policia-civil-toma-posse-em-muriae\/#webpage"},"isPartOf":{"@id":"https:\/\/anoticiaonline.com.br\/site\/delegado-regional-da-policia-civil-toma-posse-em-muriae\/#webpage"},"articleSection":"Blog, delegado, Muria\u00e9, pol\u00edcia civil, regional"},{"@type":"BreadcrumbList","@id":"https:\/\/anoticiaonline.com.br\/site\/delegado-regional-da-policia-civil-toma-posse-em-muriae\/#breadcrumblist","itemListElement":[{"@type":"ListItem","@id":"https:\/\/anoticiaonline.com.br\/site#listItem","position":1,"name":"Home","item":"https:\/\/anoticiaonline.com.br\/site","nextItem":{"@type":"ListItem","@id":"https:\/\/anoticiaonline.com.br\/site\/categoria\/muriae\/#listItem","name":"Blog"}},{"@type":"ListItem","@id":"https:\/\/anoticiaonline.com.br\/site\/categoria\/muriae\/#listItem","position":2,"name":"Blog","item":"https:\/\/anoticiaonline.com.br\/site\/categoria\/muriae\/","nextItem":{"@type":"ListItem","@id":"https:\/\/anoticiaonline.com.br\/site\/delegado-regional-da-policia-civil-toma-posse-em-muriae\/#listItem","name":"Delegado Regional da Pol\u00edcia Civil toma posse em Muria\u00e9"},"previousItem":{"@type":"ListItem","@id":"https:\/\/anoticiaonline.com.br\/site#listItem","name":"Home"}},{"@type":"ListItem","@id":"https:\/\/anoticiaonline.com.br\/site\/delegado-regional-da-policia-civil-toma-posse-em-muriae\/#listItem","position":3,"name":"Delegado Regional da Pol\u00edcia Civil toma posse em Muria\u00e9","previousItem":{"@type":"ListItem","@id":"https:\/\/anoticiaonline.com.br\/site\/categoria\/muriae\/#listItem","name":"Blog"}}]},{"@type":"Organization","@id":"https:\/\/anoticiaonline.com.br\/site\/#organization","name":"A Not\u00edcia Online","description":"Noticias de Muria\u00e9 e regi\u00e3o","url":"https:\/\/anoticiaonline.com.br\/site\/","logo":{"@type":"ImageObject","url":"https:\/\/scontent-gig4-1.xx.fbcdn.net\/v\/t39.30808-1\/270437624_4564083193639691_6907940295614233970_n.jpg?stp=dst-jpg_s200x200_tt6&_nc_cat=111&ccb=1-7&_nc_sid=f907e8&_nc_ohc=SM1wRlP3lJwQ7kNvwEPuBYA&_nc_oc=AdnqrjDN_BNjSSHWO-GbkIWH6fkGMLw4bqvL_NH6e2wMveX7G-rP2dAqsDSq1mJMOaY&_nc_zt=24&_nc_ht=scontent-gig4-1.xx&_nc_gid=AoBFJeGrT1hVaew_6rchkQ&oh=00_AfX7QmFGhQhG2jAllVgXCiM1ZrWgvtp80-Bfppyexh1QEg&oe=689E923C","@id":"https:\/\/anoticiaonline.com.br\/site\/delegado-regional-da-policia-civil-toma-posse-em-muriae\/#organizationLogo"},"image":{"@id":"https:\/\/anoticiaonline.com.br\/site\/delegado-regional-da-policia-civil-toma-posse-em-muriae\/#organizationLogo"}},{"@type":"Person","@id":"https:\/\/anoticiaonline.com.br\/site\/author\/juliana\/#author","url":"https:\/\/anoticiaonline.com.br\/site\/author\/juliana\/","name":"Juliana Laviola","image":{"@type":"ImageObject","@id":"https:\/\/anoticiaonline.com.br\/site\/delegado-regional-da-policia-civil-toma-posse-em-muriae\/#authorImage","url":"https:\/\/secure.gravatar.com\/avatar\/b8d45f5c699b100dfaf0e543582f38f38bf94cb7ae3a5e9abf8d891a34773335?s=96&d=mm&r=g","width":96,"height":96,"caption":"Juliana Laviola"}},{"@type":"WebPage","@id":"https:\/\/anoticiaonline.com.br\/site\/delegado-regional-da-policia-civil-toma-posse-em-muriae\/#webpage","url":"https:\/\/anoticiaonline.com.br\/site\/delegado-regional-da-policia-civil-toma-posse-em-muriae\/","name":"Delegado Regional da Pol\u00edcia Civil toma posse em Muria\u00e9 - A Not\u00edcia Online","description":"O novo delegado da 4\u00aa Delegacia Regional de Pol\u00edcia Civil (4\u00aa DRPC), Jos\u00e9 Roberto Dem\u00e9trio Machado, que assumiu o cargo no lugar de Alessandro Amaro da Matta, tomou posse na tarde de quinta-feira (7), em cerim\u00f4nia solene realizada na C\u00e2mara Municipal de Muria\u00e9. Na ocasi\u00e3o, estiveram representantes dos Poderes Executivo e Legislativo Municipal, autoridades da","inLanguage":"pt-BR","isPartOf":{"@id":"https:\/\/anoticiaonline.com.br\/site\/#website"},"breadcrumb":{"@id":"https:\/\/anoticiaonline.com.br\/site\/delegado-regional-da-policia-civil-toma-posse-em-muriae\/#breadcrumblist"},"author":{"@id":"https:\/\/anoticiaonline.com.br\/site\/author\/juliana\/#author"},"creator":{"@id":"https:\/\/anoticiaonline.com.br\/site\/author\/juliana\/#author"},"image":{"@type":"ImageObject","url":"https:\/\/anoticiaonline.com.br\/site\/wp-content\/uploads\/2017\/12\/DSC05216.jpg","@id":"https:\/\/anoticiaonline.com.br\/site\/delegado-regional-da-policia-civil-toma-posse-em-muriae\/#mainImage","width":640,"height":427},"primaryImageOfPage":{"@id":"https:\/\/anoticiaonline.com.br\/site\/delegado-regional-da-policia-civil-toma-posse-em-muriae\/#mainImage"},"datePublished":"2017-12-08T10:39:13-03:00","dateModified":"2017-12-08T10:39:13-03:00"},{"@type":"WebSite","@id":"https:\/\/anoticiaonline.com.br\/site\/#website","url":"https:\/\/anoticiaonline.com.br\/site\/","name":"A Not\u00edcia Online","description":"Noticias de Muria\u00e9 e regi\u00e3o","inLanguage":"pt-BR","publisher":{"@id":"https:\/\/anoticiaonline.com.br\/site\/#organization"}}]},"og:locale":"pt_BR","og:site_name":"A Not\u00edcia Online - Noticias de Muria\u00e9 e regi\u00e3o","og:type":"article","og:title":"Delegado Regional da Pol\u00edcia Civil toma posse em Muria\u00e9 - A Not\u00edcia Online","og:description":"O novo delegado da 4\u00aa Delegacia Regional de Pol\u00edcia Civil (4\u00aa DRPC), Jos\u00e9 Roberto Dem\u00e9trio Machado, que assumiu o cargo no lugar de Alessandro Amaro da Matta, tomou posse na tarde de quinta-feira (7), em cerim\u00f4nia solene realizada na C\u00e2mara Municipal de Muria\u00e9. Na ocasi\u00e3o, estiveram representantes dos Poderes Executivo e Legislativo Municipal, autoridades da","og:url":"https:\/\/anoticiaonline.com.br\/site\/delegado-regional-da-policia-civil-toma-posse-em-muriae\/","og:image":"https:\/\/scontent-gig4-1.xx.fbcdn.net\/v\/t39.30808-1\/270437624_4564083193639691_6907940295614233970_n.jpg?stp=dst-jpg_s200x200_tt6&#038;_nc_cat=111&#038;ccb=1-7&#038;_nc_sid=f907e8&#038;_nc_ohc=SM1wRlP3lJwQ7kNvwEPuBYA&#038;_nc_oc=AdnqrjDN_BNjSSHWO-GbkIWH6fkGMLw4bqvL_NH6e2wMveX7G-rP2dAqsDSq1mJMOaY&#038;_nc_zt=24&#038;_nc_ht=scontent-gig4-1.xx&#038;_nc_gid=AoBFJeGrT1hVaew_6rchkQ&#038;oh=00_AfX7QmFGhQhG2jAllVgXCiM1ZrWgvtp80-Bfppyexh1QEg&#038;oe=689E923C","og:image:secure_url":"https:\/\/scontent-gig4-1.xx.fbcdn.net\/v\/t39.30808-1\/270437624_4564083193639691_6907940295614233970_n.jpg?stp=dst-jpg_s200x200_tt6&#038;_nc_cat=111&#038;ccb=1-7&#038;_nc_sid=f907e8&#038;_nc_ohc=SM1wRlP3lJwQ7kNvwEPuBYA&#038;_nc_oc=AdnqrjDN_BNjSSHWO-GbkIWH6fkGMLw4bqvL_NH6e2wMveX7G-rP2dAqsDSq1mJMOaY&#038;_nc_zt=24&#038;_nc_ht=scontent-gig4-1.xx&#038;_nc_gid=AoBFJeGrT1hVaew_6rchkQ&#038;oh=00_AfX7QmFGhQhG2jAllVgXCiM1ZrWgvtp80-Bfppyexh1QEg&#038;oe=689E923C","article:published_time":"2017-12-08T13:39:13+00:00","article:modified_time":"2017-12-08T13:39:13+00:00","twitter:card":"summary_large_image","twitter:title":"Delegado Regional da Pol\u00edcia Civil toma posse em Muria\u00e9 - A Not\u00edcia Online","twitter:description":"O novo delegado da 4\u00aa Delegacia Regional de Pol\u00edcia Civil (4\u00aa DRPC), Jos\u00e9 Roberto Dem\u00e9trio Machado, que assumiu o cargo no lugar de Alessandro Amaro da Matta, tomou posse na tarde de quinta-feira (7), em cerim\u00f4nia solene realizada na C\u00e2mara Municipal de Muria\u00e9. Na ocasi\u00e3o, estiveram representantes dos Poderes Executivo e Legislativo Municipal, autoridades da","twitter:image":"https:\/\/scontent-gig4-1.xx.fbcdn.net\/v\/t39.30808-1\/270437624_4564083193639691_6907940295614233970_n.jpg?stp=dst-jpg_s200x200_tt6&_nc_cat=111&ccb=1-7&_nc_sid=f907e8&_nc_ohc=SM1wRlP3lJwQ7kNvwEPuBYA&_nc_oc=AdnqrjDN_BNjSSHWO-GbkIWH6fkGMLw4bqvL_NH6e2wMveX7G-rP2dAqsDSq1mJMOaY&_nc_zt=24&_nc_ht=scontent-gig4-1.xx&_nc_gid=AoBFJeGrT1hVaew_6rchkQ&oh=00_AfX7QmFGhQhG2jAllVgXCiM1ZrWgvtp80-Bfppyexh1QEg&oe=689E923C"},"aioseo_meta_data":{"post_id":"47831","title":null,"description":null,"keywords":null,"keyphrases":null,"primary_term":null,"canonical_url":null,"og_title":null,"og_description":null,"og_object_type":"default","og_image_type":"default","og_image_url":null,"og_image_width":null,"og_image_height":null,"og_image_custom_url":null,"og_image_custom_fields":null,"og_video":null,"og_custom_url":null,"og_article_section":null,"og_article_tags":null,"twitter_use_og":false,"twitter_card":"default","twitter_image_type":"default","twitter_image_url":null,"twitter_image_custom_url":null,"twitter_image_custom_fields":null,"twitter_title":null,"twitter_description":null,"schema":{"blockGraphs":[],"customGraphs":[],"default":{"data":{"Article":[],"Course":[],"Dataset":[],"FAQPage":[],"Movie":[],"Person":[],"Product":[],"ProductReview":[],"Car":[],"Recipe":[],"Service":[],"SoftwareApplication":[],"WebPage":[]},"graphName":"","isEnabled":true},"graphs":[]},"schema_type":"default","schema_type_options":null,"pillar_content":false,"robots_default":true,"robots_noindex":false,"robots_noarchive":false,"robots_nosnippet":false,"robots_nofollow":false,"robots_noimageindex":false,"robots_noodp":false,"robots_notranslate":false,"robots_max_snippet":null,"robots_max_videopreview":null,"robots_max_imagepreview":"large","priority":null,"frequency":null,"local_seo":null,"breadcrumb_settings":null,"limit_modified_date":false,"ai":null,"created":"2025-08-16 20:03:40","updated":"2025-08-16 20:03:40","focus_keyword":null,"additional_keywords":null,"truseo_locale":null,"seo_analyzer_scan_date":null},"aioseo_breadcrumb":"<div class=\"aioseo-breadcrumbs\"><span class=\"aioseo-breadcrumb\">\n\t\t\t<a href=\"https:\/\/anoticiaonline.com.br\/site\" title=\"Home\">Home<\/a>\n\t\t<\/span><span class=\"aioseo-breadcrumb-separator\">&raquo;<\/span><span class=\"aioseo-breadcrumb\">\n\t\t\t<a href=\"https:\/\/anoticiaonline.com.br\/site\/categoria\/muriae\/\" title=\"Blog\">Blog<\/a>\n\t\t<\/span><span class=\"aioseo-breadcrumb-separator\">&raquo;<\/span><span class=\"aioseo-breadcrumb\">\n\t\t\tDelegado Regional da Pol\u00edcia Civil toma posse em Muria\u00e9\n\t\t<\/span><\/div>","aioseo_breadcrumb_json":[{"label":"Home","link":"https:\/\/anoticiaonline.com.br\/site"},{"label":"Blog","link":"https:\/\/anoticiaonline.com.br\/site\/categoria\/muriae\/"},{"label":"Delegado Regional da Pol\u00edcia Civil toma posse em Muria\u00e9","link":"https:\/\/anoticiaonline.com.br\/site\/delegado-regional-da-policia-civil-toma-posse-em-muriae\/"}],"views":181,"_links":{"self":[{"href":"https:\/\/anoticiaonline.com.br\/site\/wp-json\/wp\/v2\/posts\/47831","targetHints":{"allow":["GET"]}}],"collection":[{"href":"https:\/\/anoticiaonline.com.br\/site\/wp-json\/wp\/v2\/posts"}],"about":[{"href":"https:\/\/anoticiaonline.com.br\/site\/wp-json\/wp\/v2\/types\/post"}],"author":[{"embeddable":true,"href":"https:\/\/anoticiaonline.com.br\/site\/wp-json\/wp\/v2\/users\/2"}],"replies":[{"embeddable":true,"href":"https:\/\/anoticiaonline.com.br\/site\/wp-json\/wp\/v2\/comments?post=47831"}],"version-history":[{"count":0,"href":"https:\/\/anoticiaonline.com.br\/site\/wp-json\/wp\/v2\/posts\/47831\/revisions"}],"wp:featuredmedia":[{"embeddable":true,"href":"https:\/\/anoticiaonline.com.br\/site\/wp-json\/wp\/v2\/media\/47832"}],"wp:attachment":[{"href":"https:\/\/anoticiaonline.com.br\/site\/wp-json\/wp\/v2\/media?parent=47831"}],"wp:term":[{"taxonomy":"category","embeddable":true,"href":"https:\/\/anoticiaonline.com.br\/site\/wp-json\/wp\/v2\/categories?post=47831"},{"taxonomy":"post_tag","embeddable":true,"href":"https:\/\/anoticiaonline.com.br\/site\/wp-json\/wp\/v2\/tags?post=47831"}],"curies":[{"name":"wp","href":"https:\/\/api.w.org\/{rel}","templated":true}]}}