{"id":47817,"date":"2017-12-08T10:08:41","date_gmt":"2017-12-08T13:08:41","guid":{"rendered":"http:\/\/anoticiaonline.com.br\/site\/?p=47817"},"modified":"2017-12-14T10:29:54","modified_gmt":"2017-12-14T13:29:54","slug":"jornal-a-noticia-recebe-homenagem","status":"publish","type":"post","link":"https:\/\/anoticiaonline.com.br\/site\/jornal-a-noticia-recebe-homenagem\/","title":{"rendered":"Jornal A Not\u00edcia recebe homenagem"},"content":{"rendered":"<figure id=\"attachment_47851\" aria-describedby=\"caption-attachment-47851\" style=\"width: 630px\" class=\"wp-caption aligncenter\"><a href=\"https:\/\/anoticiaonline.com.br\/site\/wp-content\/uploads\/2017\/12\/DSC_0518-1.jpg\"><img fetchpriority=\"high\" decoding=\"async\" class=\"wp-image-47851 size-full\" src=\"https:\/\/anoticiaonline.com.br\/site\/wp-content\/uploads\/2017\/12\/DSC_0518-1.jpg\" alt=\"\" width=\"640\" height=\"427\" srcset=\"https:\/\/anoticiaonline.com.br\/site\/wp-content\/uploads\/2017\/12\/DSC_0518-1.jpg 640w, https:\/\/anoticiaonline.com.br\/site\/wp-content\/uploads\/2017\/12\/DSC_0518-1-300x200.jpg 300w\" sizes=\"(max-width: 640px) 100vw, 640px\" \/><\/a><figcaption id=\"caption-attachment-47851\" class=\"wp-caption-text\">Elias Muratori e Juliana Laviola<\/figcaption><\/figure>\n<p>O jornal A Not\u00edcia foi agraciado, na noite de quarta-feira (6), pela Academia Muriaeense de Letras (AMLE), com o certificado &#8220;Certificado AMLE\/M\u00eddia Cultural&#8221;. No evento, tamb\u00e9m foram homenageados, com a Medalha Paulo Fraga, a <strong>Irm\u00e3 Christina Maria Pastore<\/strong>, fundadora da Faculdade Santa Marcelina, de Muria\u00e9, representada pela Irm\u00e3 Neiza, e Maria L\u00facia de Castro Mayrink, na Categoria Educa\u00e7\u00e3o, e <strong>Evaldo Miguel Almeida Calcagno<\/strong>, colunista social, na Categoria Cultura.<\/p>\n<figure id=\"attachment_47849\" aria-describedby=\"caption-attachment-47849\" style=\"width: 630px\" class=\"wp-caption aligncenter\"><a href=\"https:\/\/anoticiaonline.com.br\/site\/wp-content\/uploads\/2017\/12\/DSC_0516.jpg\"><img decoding=\"async\" class=\"wp-image-47849 size-full\" src=\"https:\/\/anoticiaonline.com.br\/site\/wp-content\/uploads\/2017\/12\/DSC_0516.jpg\" alt=\"\" width=\"640\" height=\"427\" srcset=\"https:\/\/anoticiaonline.com.br\/site\/wp-content\/uploads\/2017\/12\/DSC_0516.jpg 640w, https:\/\/anoticiaonline.com.br\/site\/wp-content\/uploads\/2017\/12\/DSC_0516-300x200.jpg 300w\" sizes=\"(max-width: 640px) 100vw, 640px\" \/><\/a><figcaption id=\"caption-attachment-47849\" class=\"wp-caption-text\">Paulo S\u00e9rgio Pires do Amaral e Juliana Laviola<\/figcaption><\/figure>\n<p>No evento, a propriet\u00e1ria e jornalista Juliana Laviola, recebeu, das m\u00e3os do presidente da OAB Muria\u00e9 e membro da Academia, Paulo S\u00e9rgio Pires do Amaral, o certificado, al\u00e9m de receber os cumprimentos do diretor de rela\u00e7\u00f5es p\u00fablicas da AMLE, Elias Muratori.<\/p>\n<p>\u201cFoi uma honra ter recebido da AMLE e, principalmente, das m\u00e3os dos amigos e parceiros Dr. Paulo S\u00e9rgio e Elias Muratori esse importante certificado. Muito obrigada em nome de toda a equipe do jornal A Not\u00edcia\u201d, conta a diretora do seman\u00e1rio criado em 2006.<\/p>\n","protected":false},"excerpt":{"rendered":"<p>O jornal A Not\u00edcia foi agraciado, na noite de quarta-feira (6), pela Academia Muriaeense de Letras (AMLE), com o certificado &#8220;Certificado AMLE\/M\u00eddia Cultural&#8221;. No evento, tamb\u00e9m foram homenageados, com a Medalha Paulo Fraga, a Irm\u00e3 Christina Maria Pastore, fundadora da Faculdade Santa Marcelina, de Muria\u00e9, representada pela Irm\u00e3 Neiza, e Maria L\u00facia de Castro Mayrink, &#8230; <a title=\"Jornal A Not\u00edcia recebe homenagem\" class=\"read-more\" href=\"https:\/\/anoticiaonline.com.br\/site\/jornal-a-noticia-recebe-homenagem\/\" aria-label=\"Read more about Jornal A Not\u00edcia recebe homenagem\">Ler mais<\/a><\/p>\n","protected":false},"author":2,"featured_media":47849,"comment_status":"open","ping_status":"open","sticky":false,"template":"","format":"standard","meta":{"_acf_changed":false,"_monsterinsights_skip_tracking":false,"footnotes":""},"categories":[30],"tags":[102,369,153,335,1735],"class_list":["post-47817","post","type-post","status-publish","format-standard","has-post-thumbnail","hentry","category-muriae","tag-amle","tag-destaque","tag-homenagem","tag-jornal-a-noticia","tag-midia"],"acf":[],"aioseo_notices":[],"aioseo_head":"\n\t\t<!-- All in One SEO 5.0.0.1 - aioseo.com -->\n\t<meta name=\"description\" content=\"O jornal A Not\u00edcia foi agraciado, na noite de quarta-feira (6), pela Academia Muriaeense de Letras (AMLE), com o certificado &quot;Certificado AMLE\/M\u00eddia Cultural&quot;. No evento, tamb\u00e9m foram homenageados, com a Medalha Paulo Fraga, a Irm\u00e3 Christina Maria Pastore, fundadora da Faculdade Santa Marcelina, de Muria\u00e9, representada pela Irm\u00e3 Neiza, e Maria L\u00facia de Castro Mayrink,\" \/>\n\t<meta name=\"robots\" content=\"max-image-preview:large\" \/>\n\t<meta name=\"author\" content=\"Juliana Laviola\"\/>\n\t<link rel=\"canonical\" href=\"https:\/\/anoticiaonline.com.br\/site\/jornal-a-noticia-recebe-homenagem\/\" \/>\n\t<meta name=\"generator\" content=\"All in One SEO (AIOSEO) 5.0.0.1\" \/>\n\t\t<meta property=\"og:locale\" content=\"pt_BR\" \/>\n\t\t<meta property=\"og:site_name\" content=\"A Not\u00edcia Online - Noticias de Muria\u00e9 e regi\u00e3o\" \/>\n\t\t<meta property=\"og:type\" content=\"article\" \/>\n\t\t<meta property=\"og:title\" content=\"Jornal A Not\u00edcia recebe homenagem - A Not\u00edcia Online\" \/>\n\t\t<meta property=\"og:description\" content=\"O jornal A Not\u00edcia foi agraciado, na noite de quarta-feira (6), pela Academia Muriaeense de Letras (AMLE), com o certificado &quot;Certificado AMLE\/M\u00eddia Cultural&quot;. No evento, tamb\u00e9m foram homenageados, com a Medalha Paulo Fraga, a Irm\u00e3 Christina Maria Pastore, fundadora da Faculdade Santa Marcelina, de Muria\u00e9, representada pela Irm\u00e3 Neiza, e Maria L\u00facia de Castro Mayrink,\" \/>\n\t\t<meta property=\"og:url\" content=\"https:\/\/anoticiaonline.com.br\/site\/jornal-a-noticia-recebe-homenagem\/\" \/>\n\t\t<meta property=\"og:image\" content=\"https:\/\/scontent-gig4-1.xx.fbcdn.net\/v\/t39.30808-1\/270437624_4564083193639691_6907940295614233970_n.jpg?stp=dst-jpg_s200x200_tt6&#038;_nc_cat=111&#038;ccb=1-7&#038;_nc_sid=f907e8&#038;_nc_ohc=SM1wRlP3lJwQ7kNvwEPuBYA&#038;_nc_oc=AdnqrjDN_BNjSSHWO-GbkIWH6fkGMLw4bqvL_NH6e2wMveX7G-rP2dAqsDSq1mJMOaY&#038;_nc_zt=24&#038;_nc_ht=scontent-gig4-1.xx&#038;_nc_gid=AoBFJeGrT1hVaew_6rchkQ&#038;oh=00_AfX7QmFGhQhG2jAllVgXCiM1ZrWgvtp80-Bfppyexh1QEg&#038;oe=689E923C\" \/>\n\t\t<meta property=\"og:image:secure_url\" content=\"https:\/\/scontent-gig4-1.xx.fbcdn.net\/v\/t39.30808-1\/270437624_4564083193639691_6907940295614233970_n.jpg?stp=dst-jpg_s200x200_tt6&#038;_nc_cat=111&#038;ccb=1-7&#038;_nc_sid=f907e8&#038;_nc_ohc=SM1wRlP3lJwQ7kNvwEPuBYA&#038;_nc_oc=AdnqrjDN_BNjSSHWO-GbkIWH6fkGMLw4bqvL_NH6e2wMveX7G-rP2dAqsDSq1mJMOaY&#038;_nc_zt=24&#038;_nc_ht=scontent-gig4-1.xx&#038;_nc_gid=AoBFJeGrT1hVaew_6rchkQ&#038;oh=00_AfX7QmFGhQhG2jAllVgXCiM1ZrWgvtp80-Bfppyexh1QEg&#038;oe=689E923C\" \/>\n\t\t<meta property=\"article:published_time\" content=\"2017-12-08T13:08:41+00:00\" \/>\n\t\t<meta property=\"article:modified_time\" content=\"2017-12-14T13:29:54+00:00\" \/>\n\t\t<meta name=\"twitter:card\" content=\"summary_large_image\" \/>\n\t\t<meta name=\"twitter:title\" content=\"Jornal A Not\u00edcia recebe homenagem - A Not\u00edcia Online\" \/>\n\t\t<meta name=\"twitter:description\" content=\"O jornal A Not\u00edcia foi agraciado, na noite de quarta-feira (6), pela Academia Muriaeense de Letras (AMLE), com o certificado &quot;Certificado AMLE\/M\u00eddia Cultural&quot;. No evento, tamb\u00e9m foram homenageados, com a Medalha Paulo Fraga, a Irm\u00e3 Christina Maria Pastore, fundadora da Faculdade Santa Marcelina, de Muria\u00e9, representada pela Irm\u00e3 Neiza, e Maria L\u00facia de Castro Mayrink,\" \/>\n\t\t<meta name=\"twitter:image\" content=\"https:\/\/scontent-gig4-1.xx.fbcdn.net\/v\/t39.30808-1\/270437624_4564083193639691_6907940295614233970_n.jpg?stp=dst-jpg_s200x200_tt6&amp;_nc_cat=111&amp;ccb=1-7&amp;_nc_sid=f907e8&amp;_nc_ohc=SM1wRlP3lJwQ7kNvwEPuBYA&amp;_nc_oc=AdnqrjDN_BNjSSHWO-GbkIWH6fkGMLw4bqvL_NH6e2wMveX7G-rP2dAqsDSq1mJMOaY&amp;_nc_zt=24&amp;_nc_ht=scontent-gig4-1.xx&amp;_nc_gid=AoBFJeGrT1hVaew_6rchkQ&amp;oh=00_AfX7QmFGhQhG2jAllVgXCiM1ZrWgvtp80-Bfppyexh1QEg&amp;oe=689E923C\" \/>\n\t\t<script type=\"application\/ld+json\" class=\"aioseo-schema\">\n\t\t\t{\"@context\":\"https:\\\/\\\/schema.org\",\"@graph\":[{\"@type\":\"BlogPosting\",\"@id\":\"https:\\\/\\\/anoticiaonline.com.br\\\/site\\\/jornal-a-noticia-recebe-homenagem\\\/#blogposting\",\"name\":\"Jornal A Not\\u00edcia recebe homenagem - A Not\\u00edcia Online\",\"headline\":\"Jornal A Not\\u00edcia recebe homenagem\",\"author\":{\"@id\":\"https:\\\/\\\/anoticiaonline.com.br\\\/site\\\/author\\\/juliana\\\/#author\"},\"publisher\":{\"@id\":\"https:\\\/\\\/anoticiaonline.com.br\\\/site\\\/#organization\"},\"image\":{\"@type\":\"ImageObject\",\"url\":\"https:\\\/\\\/anoticiaonline.com.br\\\/site\\\/wp-content\\\/uploads\\\/2017\\\/12\\\/DSC_0516.jpg\",\"width\":640,\"height\":427,\"caption\":\"Paulo S\\u00e9rgio Pires do Amaral e Juliana Laviola\"},\"datePublished\":\"2017-12-08T10:08:41-03:00\",\"dateModified\":\"2017-12-14T10:29:54-03:00\",\"inLanguage\":\"pt-BR\",\"mainEntityOfPage\":{\"@id\":\"https:\\\/\\\/anoticiaonline.com.br\\\/site\\\/jornal-a-noticia-recebe-homenagem\\\/#webpage\"},\"isPartOf\":{\"@id\":\"https:\\\/\\\/anoticiaonline.com.br\\\/site\\\/jornal-a-noticia-recebe-homenagem\\\/#webpage\"},\"articleSection\":\"Blog, amle, destaque, homenagem, jornal a not\\u00edcia, m\\u00eddia\"},{\"@type\":\"BreadcrumbList\",\"@id\":\"https:\\\/\\\/anoticiaonline.com.br\\\/site\\\/jornal-a-noticia-recebe-homenagem\\\/#breadcrumblist\",\"itemListElement\":[{\"@type\":\"ListItem\",\"@id\":\"https:\\\/\\\/anoticiaonline.com.br\\\/site#listItem\",\"position\":1,\"name\":\"Home\",\"item\":\"https:\\\/\\\/anoticiaonline.com.br\\\/site\",\"nextItem\":{\"@type\":\"ListItem\",\"@id\":\"https:\\\/\\\/anoticiaonline.com.br\\\/site\\\/categoria\\\/muriae\\\/#listItem\",\"name\":\"Blog\"}},{\"@type\":\"ListItem\",\"@id\":\"https:\\\/\\\/anoticiaonline.com.br\\\/site\\\/categoria\\\/muriae\\\/#listItem\",\"position\":2,\"name\":\"Blog\",\"item\":\"https:\\\/\\\/anoticiaonline.com.br\\\/site\\\/categoria\\\/muriae\\\/\",\"nextItem\":{\"@type\":\"ListItem\",\"@id\":\"https:\\\/\\\/anoticiaonline.com.br\\\/site\\\/jornal-a-noticia-recebe-homenagem\\\/#listItem\",\"name\":\"Jornal A Not\\u00edcia recebe homenagem\"},\"previousItem\":{\"@type\":\"ListItem\",\"@id\":\"https:\\\/\\\/anoticiaonline.com.br\\\/site#listItem\",\"name\":\"Home\"}},{\"@type\":\"ListItem\",\"@id\":\"https:\\\/\\\/anoticiaonline.com.br\\\/site\\\/jornal-a-noticia-recebe-homenagem\\\/#listItem\",\"position\":3,\"name\":\"Jornal A Not\\u00edcia recebe homenagem\",\"previousItem\":{\"@type\":\"ListItem\",\"@id\":\"https:\\\/\\\/anoticiaonline.com.br\\\/site\\\/categoria\\\/muriae\\\/#listItem\",\"name\":\"Blog\"}}]},{\"@type\":\"Organization\",\"@id\":\"https:\\\/\\\/anoticiaonline.com.br\\\/site\\\/#organization\",\"name\":\"A Not\\u00edcia Online\",\"description\":\"Noticias de Muria\\u00e9 e regi\\u00e3o\",\"url\":\"https:\\\/\\\/anoticiaonline.com.br\\\/site\\\/\",\"logo\":{\"@type\":\"ImageObject\",\"url\":\"https:\\\/\\\/scontent-gig4-1.xx.fbcdn.net\\\/v\\\/t39.30808-1\\\/270437624_4564083193639691_6907940295614233970_n.jpg?stp=dst-jpg_s200x200_tt6&_nc_cat=111&ccb=1-7&_nc_sid=f907e8&_nc_ohc=SM1wRlP3lJwQ7kNvwEPuBYA&_nc_oc=AdnqrjDN_BNjSSHWO-GbkIWH6fkGMLw4bqvL_NH6e2wMveX7G-rP2dAqsDSq1mJMOaY&_nc_zt=24&_nc_ht=scontent-gig4-1.xx&_nc_gid=AoBFJeGrT1hVaew_6rchkQ&oh=00_AfX7QmFGhQhG2jAllVgXCiM1ZrWgvtp80-Bfppyexh1QEg&oe=689E923C\",\"@id\":\"https:\\\/\\\/anoticiaonline.com.br\\\/site\\\/jornal-a-noticia-recebe-homenagem\\\/#organizationLogo\"},\"image\":{\"@id\":\"https:\\\/\\\/anoticiaonline.com.br\\\/site\\\/jornal-a-noticia-recebe-homenagem\\\/#organizationLogo\"}},{\"@type\":\"Person\",\"@id\":\"https:\\\/\\\/anoticiaonline.com.br\\\/site\\\/author\\\/juliana\\\/#author\",\"url\":\"https:\\\/\\\/anoticiaonline.com.br\\\/site\\\/author\\\/juliana\\\/\",\"name\":\"Juliana Laviola\",\"image\":{\"@type\":\"ImageObject\",\"@id\":\"https:\\\/\\\/anoticiaonline.com.br\\\/site\\\/jornal-a-noticia-recebe-homenagem\\\/#authorImage\",\"url\":\"https:\\\/\\\/secure.gravatar.com\\\/avatar\\\/b8d45f5c699b100dfaf0e543582f38f38bf94cb7ae3a5e9abf8d891a34773335?s=96&d=mm&r=g\",\"width\":96,\"height\":96,\"caption\":\"Juliana Laviola\"}},{\"@type\":\"WebPage\",\"@id\":\"https:\\\/\\\/anoticiaonline.com.br\\\/site\\\/jornal-a-noticia-recebe-homenagem\\\/#webpage\",\"url\":\"https:\\\/\\\/anoticiaonline.com.br\\\/site\\\/jornal-a-noticia-recebe-homenagem\\\/\",\"name\":\"Jornal A Not\\u00edcia recebe homenagem - A Not\\u00edcia Online\",\"description\":\"O jornal A Not\\u00edcia foi agraciado, na noite de quarta-feira (6), pela Academia Muriaeense de Letras (AMLE), com o certificado \\\"Certificado AMLE\\\/M\\u00eddia Cultural\\\". No evento, tamb\\u00e9m foram homenageados, com a Medalha Paulo Fraga, a Irm\\u00e3 Christina Maria Pastore, fundadora da Faculdade Santa Marcelina, de Muria\\u00e9, representada pela Irm\\u00e3 Neiza, e Maria L\\u00facia de Castro Mayrink,\",\"inLanguage\":\"pt-BR\",\"isPartOf\":{\"@id\":\"https:\\\/\\\/anoticiaonline.com.br\\\/site\\\/#website\"},\"breadcrumb\":{\"@id\":\"https:\\\/\\\/anoticiaonline.com.br\\\/site\\\/jornal-a-noticia-recebe-homenagem\\\/#breadcrumblist\"},\"author\":{\"@id\":\"https:\\\/\\\/anoticiaonline.com.br\\\/site\\\/author\\\/juliana\\\/#author\"},\"creator\":{\"@id\":\"https:\\\/\\\/anoticiaonline.com.br\\\/site\\\/author\\\/juliana\\\/#author\"},\"image\":{\"@type\":\"ImageObject\",\"url\":\"https:\\\/\\\/anoticiaonline.com.br\\\/site\\\/wp-content\\\/uploads\\\/2017\\\/12\\\/DSC_0516.jpg\",\"@id\":\"https:\\\/\\\/anoticiaonline.com.br\\\/site\\\/jornal-a-noticia-recebe-homenagem\\\/#mainImage\",\"width\":640,\"height\":427,\"caption\":\"Paulo S\\u00e9rgio Pires do Amaral e Juliana Laviola\"},\"primaryImageOfPage\":{\"@id\":\"https:\\\/\\\/anoticiaonline.com.br\\\/site\\\/jornal-a-noticia-recebe-homenagem\\\/#mainImage\"},\"datePublished\":\"2017-12-08T10:08:41-03:00\",\"dateModified\":\"2017-12-14T10:29:54-03:00\"},{\"@type\":\"WebSite\",\"@id\":\"https:\\\/\\\/anoticiaonline.com.br\\\/site\\\/#website\",\"url\":\"https:\\\/\\\/anoticiaonline.com.br\\\/site\\\/\",\"name\":\"A Not\\u00edcia Online\",\"description\":\"Noticias de Muria\\u00e9 e regi\\u00e3o\",\"inLanguage\":\"pt-BR\",\"publisher\":{\"@id\":\"https:\\\/\\\/anoticiaonline.com.br\\\/site\\\/#organization\"}}]}\n\t\t<\/script>\n\t\t<!-- All in One SEO -->\n\n","aioseo_head_json":{"title":"Jornal A Not\u00edcia recebe homenagem - A Not\u00edcia Online","description":"O jornal A Not\u00edcia foi agraciado, na noite de quarta-feira (6), pela Academia Muriaeense de Letras (AMLE), com o certificado \"Certificado AMLE\/M\u00eddia Cultural\". No evento, tamb\u00e9m foram homenageados, com a Medalha Paulo Fraga, a Irm\u00e3 Christina Maria Pastore, fundadora da Faculdade Santa Marcelina, de Muria\u00e9, representada pela Irm\u00e3 Neiza, e Maria L\u00facia de Castro Mayrink,","canonical_url":"https:\/\/anoticiaonline.com.br\/site\/jornal-a-noticia-recebe-homenagem\/","robots":"max-image-preview:large","keywords":"","webmasterTools":{"miscellaneous":""},"schema":{"@context":"https:\/\/schema.org","@graph":[{"@type":"BlogPosting","@id":"https:\/\/anoticiaonline.com.br\/site\/jornal-a-noticia-recebe-homenagem\/#blogposting","name":"Jornal A Not\u00edcia recebe homenagem - A Not\u00edcia Online","headline":"Jornal A Not\u00edcia recebe homenagem","author":{"@id":"https:\/\/anoticiaonline.com.br\/site\/author\/juliana\/#author"},"publisher":{"@id":"https:\/\/anoticiaonline.com.br\/site\/#organization"},"image":{"@type":"ImageObject","url":"https:\/\/anoticiaonline.com.br\/site\/wp-content\/uploads\/2017\/12\/DSC_0516.jpg","width":640,"height":427,"caption":"Paulo S\u00e9rgio Pires do Amaral e Juliana Laviola"},"datePublished":"2017-12-08T10:08:41-03:00","dateModified":"2017-12-14T10:29:54-03:00","inLanguage":"pt-BR","mainEntityOfPage":{"@id":"https:\/\/anoticiaonline.com.br\/site\/jornal-a-noticia-recebe-homenagem\/#webpage"},"isPartOf":{"@id":"https:\/\/anoticiaonline.com.br\/site\/jornal-a-noticia-recebe-homenagem\/#webpage"},"articleSection":"Blog, amle, destaque, homenagem, jornal a not\u00edcia, m\u00eddia"},{"@type":"BreadcrumbList","@id":"https:\/\/anoticiaonline.com.br\/site\/jornal-a-noticia-recebe-homenagem\/#breadcrumblist","itemListElement":[{"@type":"ListItem","@id":"https:\/\/anoticiaonline.com.br\/site#listItem","position":1,"name":"Home","item":"https:\/\/anoticiaonline.com.br\/site","nextItem":{"@type":"ListItem","@id":"https:\/\/anoticiaonline.com.br\/site\/categoria\/muriae\/#listItem","name":"Blog"}},{"@type":"ListItem","@id":"https:\/\/anoticiaonline.com.br\/site\/categoria\/muriae\/#listItem","position":2,"name":"Blog","item":"https:\/\/anoticiaonline.com.br\/site\/categoria\/muriae\/","nextItem":{"@type":"ListItem","@id":"https:\/\/anoticiaonline.com.br\/site\/jornal-a-noticia-recebe-homenagem\/#listItem","name":"Jornal A Not\u00edcia recebe homenagem"},"previousItem":{"@type":"ListItem","@id":"https:\/\/anoticiaonline.com.br\/site#listItem","name":"Home"}},{"@type":"ListItem","@id":"https:\/\/anoticiaonline.com.br\/site\/jornal-a-noticia-recebe-homenagem\/#listItem","position":3,"name":"Jornal A Not\u00edcia recebe homenagem","previousItem":{"@type":"ListItem","@id":"https:\/\/anoticiaonline.com.br\/site\/categoria\/muriae\/#listItem","name":"Blog"}}]},{"@type":"Organization","@id":"https:\/\/anoticiaonline.com.br\/site\/#organization","name":"A Not\u00edcia Online","description":"Noticias de Muria\u00e9 e regi\u00e3o","url":"https:\/\/anoticiaonline.com.br\/site\/","logo":{"@type":"ImageObject","url":"https:\/\/scontent-gig4-1.xx.fbcdn.net\/v\/t39.30808-1\/270437624_4564083193639691_6907940295614233970_n.jpg?stp=dst-jpg_s200x200_tt6&_nc_cat=111&ccb=1-7&_nc_sid=f907e8&_nc_ohc=SM1wRlP3lJwQ7kNvwEPuBYA&_nc_oc=AdnqrjDN_BNjSSHWO-GbkIWH6fkGMLw4bqvL_NH6e2wMveX7G-rP2dAqsDSq1mJMOaY&_nc_zt=24&_nc_ht=scontent-gig4-1.xx&_nc_gid=AoBFJeGrT1hVaew_6rchkQ&oh=00_AfX7QmFGhQhG2jAllVgXCiM1ZrWgvtp80-Bfppyexh1QEg&oe=689E923C","@id":"https:\/\/anoticiaonline.com.br\/site\/jornal-a-noticia-recebe-homenagem\/#organizationLogo"},"image":{"@id":"https:\/\/anoticiaonline.com.br\/site\/jornal-a-noticia-recebe-homenagem\/#organizationLogo"}},{"@type":"Person","@id":"https:\/\/anoticiaonline.com.br\/site\/author\/juliana\/#author","url":"https:\/\/anoticiaonline.com.br\/site\/author\/juliana\/","name":"Juliana Laviola","image":{"@type":"ImageObject","@id":"https:\/\/anoticiaonline.com.br\/site\/jornal-a-noticia-recebe-homenagem\/#authorImage","url":"https:\/\/secure.gravatar.com\/avatar\/b8d45f5c699b100dfaf0e543582f38f38bf94cb7ae3a5e9abf8d891a34773335?s=96&d=mm&r=g","width":96,"height":96,"caption":"Juliana Laviola"}},{"@type":"WebPage","@id":"https:\/\/anoticiaonline.com.br\/site\/jornal-a-noticia-recebe-homenagem\/#webpage","url":"https:\/\/anoticiaonline.com.br\/site\/jornal-a-noticia-recebe-homenagem\/","name":"Jornal A Not\u00edcia recebe homenagem - A Not\u00edcia Online","description":"O jornal A Not\u00edcia foi agraciado, na noite de quarta-feira (6), pela Academia Muriaeense de Letras (AMLE), com o certificado \"Certificado AMLE\/M\u00eddia Cultural\". No evento, tamb\u00e9m foram homenageados, com a Medalha Paulo Fraga, a Irm\u00e3 Christina Maria Pastore, fundadora da Faculdade Santa Marcelina, de Muria\u00e9, representada pela Irm\u00e3 Neiza, e Maria L\u00facia de Castro Mayrink,","inLanguage":"pt-BR","isPartOf":{"@id":"https:\/\/anoticiaonline.com.br\/site\/#website"},"breadcrumb":{"@id":"https:\/\/anoticiaonline.com.br\/site\/jornal-a-noticia-recebe-homenagem\/#breadcrumblist"},"author":{"@id":"https:\/\/anoticiaonline.com.br\/site\/author\/juliana\/#author"},"creator":{"@id":"https:\/\/anoticiaonline.com.br\/site\/author\/juliana\/#author"},"image":{"@type":"ImageObject","url":"https:\/\/anoticiaonline.com.br\/site\/wp-content\/uploads\/2017\/12\/DSC_0516.jpg","@id":"https:\/\/anoticiaonline.com.br\/site\/jornal-a-noticia-recebe-homenagem\/#mainImage","width":640,"height":427,"caption":"Paulo S\u00e9rgio Pires do Amaral e Juliana Laviola"},"primaryImageOfPage":{"@id":"https:\/\/anoticiaonline.com.br\/site\/jornal-a-noticia-recebe-homenagem\/#mainImage"},"datePublished":"2017-12-08T10:08:41-03:00","dateModified":"2017-12-14T10:29:54-03:00"},{"@type":"WebSite","@id":"https:\/\/anoticiaonline.com.br\/site\/#website","url":"https:\/\/anoticiaonline.com.br\/site\/","name":"A Not\u00edcia Online","description":"Noticias de Muria\u00e9 e regi\u00e3o","inLanguage":"pt-BR","publisher":{"@id":"https:\/\/anoticiaonline.com.br\/site\/#organization"}}]},"og:locale":"pt_BR","og:site_name":"A Not\u00edcia Online - Noticias de Muria\u00e9 e regi\u00e3o","og:type":"article","og:title":"Jornal A Not\u00edcia recebe homenagem - A Not\u00edcia Online","og:description":"O jornal A Not\u00edcia foi agraciado, na noite de quarta-feira (6), pela Academia Muriaeense de Letras (AMLE), com o certificado &quot;Certificado AMLE\/M\u00eddia Cultural&quot;. No evento, tamb\u00e9m foram homenageados, com a Medalha Paulo Fraga, a Irm\u00e3 Christina Maria Pastore, fundadora da Faculdade Santa Marcelina, de Muria\u00e9, representada pela Irm\u00e3 Neiza, e Maria L\u00facia de Castro Mayrink,","og:url":"https:\/\/anoticiaonline.com.br\/site\/jornal-a-noticia-recebe-homenagem\/","og:image":"https:\/\/scontent-gig4-1.xx.fbcdn.net\/v\/t39.30808-1\/270437624_4564083193639691_6907940295614233970_n.jpg?stp=dst-jpg_s200x200_tt6&#038;_nc_cat=111&#038;ccb=1-7&#038;_nc_sid=f907e8&#038;_nc_ohc=SM1wRlP3lJwQ7kNvwEPuBYA&#038;_nc_oc=AdnqrjDN_BNjSSHWO-GbkIWH6fkGMLw4bqvL_NH6e2wMveX7G-rP2dAqsDSq1mJMOaY&#038;_nc_zt=24&#038;_nc_ht=scontent-gig4-1.xx&#038;_nc_gid=AoBFJeGrT1hVaew_6rchkQ&#038;oh=00_AfX7QmFGhQhG2jAllVgXCiM1ZrWgvtp80-Bfppyexh1QEg&#038;oe=689E923C","og:image:secure_url":"https:\/\/scontent-gig4-1.xx.fbcdn.net\/v\/t39.30808-1\/270437624_4564083193639691_6907940295614233970_n.jpg?stp=dst-jpg_s200x200_tt6&#038;_nc_cat=111&#038;ccb=1-7&#038;_nc_sid=f907e8&#038;_nc_ohc=SM1wRlP3lJwQ7kNvwEPuBYA&#038;_nc_oc=AdnqrjDN_BNjSSHWO-GbkIWH6fkGMLw4bqvL_NH6e2wMveX7G-rP2dAqsDSq1mJMOaY&#038;_nc_zt=24&#038;_nc_ht=scontent-gig4-1.xx&#038;_nc_gid=AoBFJeGrT1hVaew_6rchkQ&#038;oh=00_AfX7QmFGhQhG2jAllVgXCiM1ZrWgvtp80-Bfppyexh1QEg&#038;oe=689E923C","article:published_time":"2017-12-08T13:08:41+00:00","article:modified_time":"2017-12-14T13:29:54+00:00","twitter:card":"summary_large_image","twitter:title":"Jornal A Not\u00edcia recebe homenagem - A Not\u00edcia Online","twitter:description":"O jornal A Not\u00edcia foi agraciado, na noite de quarta-feira (6), pela Academia Muriaeense de Letras (AMLE), com o certificado &quot;Certificado AMLE\/M\u00eddia Cultural&quot;. No evento, tamb\u00e9m foram homenageados, com a Medalha Paulo Fraga, a Irm\u00e3 Christina Maria Pastore, fundadora da Faculdade Santa Marcelina, de Muria\u00e9, representada pela Irm\u00e3 Neiza, e Maria L\u00facia de Castro Mayrink,","twitter:image":"https:\/\/scontent-gig4-1.xx.fbcdn.net\/v\/t39.30808-1\/270437624_4564083193639691_6907940295614233970_n.jpg?stp=dst-jpg_s200x200_tt6&_nc_cat=111&ccb=1-7&_nc_sid=f907e8&_nc_ohc=SM1wRlP3lJwQ7kNvwEPuBYA&_nc_oc=AdnqrjDN_BNjSSHWO-GbkIWH6fkGMLw4bqvL_NH6e2wMveX7G-rP2dAqsDSq1mJMOaY&_nc_zt=24&_nc_ht=scontent-gig4-1.xx&_nc_gid=AoBFJeGrT1hVaew_6rchkQ&oh=00_AfX7QmFGhQhG2jAllVgXCiM1ZrWgvtp80-Bfppyexh1QEg&oe=689E923C"},"aioseo_meta_data":{"post_id":"47817","title":null,"description":null,"keywords":null,"keyphrases":null,"primary_term":null,"canonical_url":null,"og_title":null,"og_description":null,"og_object_type":"default","og_image_type":"default","og_image_url":null,"og_image_width":null,"og_image_height":null,"og_image_custom_url":null,"og_image_custom_fields":null,"og_video":null,"og_custom_url":null,"og_article_section":null,"og_article_tags":null,"twitter_use_og":false,"twitter_card":"default","twitter_image_type":"default","twitter_image_url":null,"twitter_image_custom_url":null,"twitter_image_custom_fields":null,"twitter_title":null,"twitter_description":null,"schema":{"blockGraphs":[],"customGraphs":[],"default":{"data":{"Article":[],"Course":[],"Dataset":[],"FAQPage":[],"Movie":[],"Person":[],"Product":[],"ProductReview":[],"Car":[],"Recipe":[],"Service":[],"SoftwareApplication":[],"WebPage":[]},"graphName":"","isEnabled":true},"graphs":[]},"schema_type":"default","schema_type_options":null,"pillar_content":false,"robots_default":true,"robots_noindex":false,"robots_noarchive":false,"robots_nosnippet":false,"robots_nofollow":false,"robots_noimageindex":false,"robots_noodp":false,"robots_notranslate":false,"robots_max_snippet":null,"robots_max_videopreview":null,"robots_max_imagepreview":"large","priority":null,"frequency":null,"local_seo":null,"breadcrumb_settings":null,"limit_modified_date":false,"ai":null,"created":"2025-08-16 20:03:39","updated":"2025-08-16 20:03:39","focus_keyword":null,"additional_keywords":null,"truseo_locale":null,"seo_analyzer_scan_date":null},"aioseo_breadcrumb":"<div class=\"aioseo-breadcrumbs\"><span class=\"aioseo-breadcrumb\">\n\t\t\t<a href=\"https:\/\/anoticiaonline.com.br\/site\" title=\"Home\">Home<\/a>\n\t\t<\/span><span class=\"aioseo-breadcrumb-separator\">&raquo;<\/span><span class=\"aioseo-breadcrumb\">\n\t\t\t<a href=\"https:\/\/anoticiaonline.com.br\/site\/categoria\/muriae\/\" title=\"Blog\">Blog<\/a>\n\t\t<\/span><span class=\"aioseo-breadcrumb-separator\">&raquo;<\/span><span class=\"aioseo-breadcrumb\">\n\t\t\tJornal A Not\u00edcia recebe homenagem\n\t\t<\/span><\/div>","aioseo_breadcrumb_json":[{"label":"Home","link":"https:\/\/anoticiaonline.com.br\/site"},{"label":"Blog","link":"https:\/\/anoticiaonline.com.br\/site\/categoria\/muriae\/"},{"label":"Jornal A Not\u00edcia recebe homenagem","link":"https:\/\/anoticiaonline.com.br\/site\/jornal-a-noticia-recebe-homenagem\/"}],"views":125,"_links":{"self":[{"href":"https:\/\/anoticiaonline.com.br\/site\/wp-json\/wp\/v2\/posts\/47817","targetHints":{"allow":["GET"]}}],"collection":[{"href":"https:\/\/anoticiaonline.com.br\/site\/wp-json\/wp\/v2\/posts"}],"about":[{"href":"https:\/\/anoticiaonline.com.br\/site\/wp-json\/wp\/v2\/types\/post"}],"author":[{"embeddable":true,"href":"https:\/\/anoticiaonline.com.br\/site\/wp-json\/wp\/v2\/users\/2"}],"replies":[{"embeddable":true,"href":"https:\/\/anoticiaonline.com.br\/site\/wp-json\/wp\/v2\/comments?post=47817"}],"version-history":[{"count":0,"href":"https:\/\/anoticiaonline.com.br\/site\/wp-json\/wp\/v2\/posts\/47817\/revisions"}],"wp:featuredmedia":[{"embeddable":true,"href":"https:\/\/anoticiaonline.com.br\/site\/wp-json\/wp\/v2\/media\/47849"}],"wp:attachment":[{"href":"https:\/\/anoticiaonline.com.br\/site\/wp-json\/wp\/v2\/media?parent=47817"}],"wp:term":[{"taxonomy":"category","embeddable":true,"href":"https:\/\/anoticiaonline.com.br\/site\/wp-json\/wp\/v2\/categories?post=47817"},{"taxonomy":"post_tag","embeddable":true,"href":"https:\/\/anoticiaonline.com.br\/site\/wp-json\/wp\/v2\/tags?post=47817"}],"curies":[{"name":"wp","href":"https:\/\/api.w.org\/{rel}","templated":true}]}}