{"id":47493,"date":"2017-12-07T19:27:52","date_gmt":"2017-12-07T22:27:52","guid":{"rendered":"http:\/\/anoticiaonline.com.br\/site\/?p=47493"},"modified":"2017-12-07T19:29:12","modified_gmt":"2017-12-07T22:29:12","slug":"total-farma-e-reinaugurada-no-centro-da-cidade","status":"publish","type":"post","link":"https:\/\/anoticiaonline.com.br\/site\/total-farma-e-reinaugurada-no-centro-da-cidade\/","title":{"rendered":"Total Farma \u00e9 reinaugurada no Centro da cidade"},"content":{"rendered":"<p><a href=\"https:\/\/anoticiaonline.com.br\/site\/wp-content\/uploads\/2017\/12\/DSC_0021.jpg\"><img fetchpriority=\"high\" decoding=\"async\" class=\"aligncenter size-full wp-image-47498\" src=\"https:\/\/anoticiaonline.com.br\/site\/wp-content\/uploads\/2017\/12\/DSC_0021.jpg\" alt=\"\" width=\"640\" height=\"426\" srcset=\"https:\/\/anoticiaonline.com.br\/site\/wp-content\/uploads\/2017\/12\/DSC_0021.jpg 640w, https:\/\/anoticiaonline.com.br\/site\/wp-content\/uploads\/2017\/12\/DSC_0021-300x200.jpg 300w\" sizes=\"(max-width: 640px) 100vw, 640px\" \/><\/a> <a href=\"https:\/\/anoticiaonline.com.br\/site\/wp-content\/uploads\/2017\/12\/DSC_0018.jpg\"><img decoding=\"async\" class=\"aligncenter size-full wp-image-47497\" src=\"https:\/\/anoticiaonline.com.br\/site\/wp-content\/uploads\/2017\/12\/DSC_0018.jpg\" alt=\"\" width=\"640\" height=\"426\" srcset=\"https:\/\/anoticiaonline.com.br\/site\/wp-content\/uploads\/2017\/12\/DSC_0018.jpg 640w, https:\/\/anoticiaonline.com.br\/site\/wp-content\/uploads\/2017\/12\/DSC_0018-300x200.jpg 300w\" sizes=\"(max-width: 640px) 100vw, 640px\" \/><\/a> <a href=\"https:\/\/anoticiaonline.com.br\/site\/wp-content\/uploads\/2017\/12\/DSC_0015.jpg\"><img decoding=\"async\" class=\"aligncenter size-full wp-image-47496\" src=\"https:\/\/anoticiaonline.com.br\/site\/wp-content\/uploads\/2017\/12\/DSC_0015.jpg\" alt=\"\" width=\"640\" height=\"426\" srcset=\"https:\/\/anoticiaonline.com.br\/site\/wp-content\/uploads\/2017\/12\/DSC_0015.jpg 640w, https:\/\/anoticiaonline.com.br\/site\/wp-content\/uploads\/2017\/12\/DSC_0015-300x200.jpg 300w\" sizes=\"(max-width: 640px) 100vw, 640px\" \/><\/a>Foi reinaugurada na segunda-feira (4), ao lado do antigo endere\u00e7o, a nova loja da Total Farma. Na ocasi\u00e3o, a equipe recebeu os clientes e amigos com descontos de 20% nos itens de perfumaria em geral, an\u00e1lise capilar e coffee break.<\/p>\n<p>De acordo com J\u00fanior, respons\u00e1vel pela empresa, a Total Farma existe h\u00e1 sete anos no mercado muriaeense.<\/p>\n<p>\u201cReinauguramos em um espa\u00e7o novo e amplo para garantir mais conforto e comodidade para atender os nossos clientes. Al\u00e9m disso, estamos com promo\u00e7\u00f5es especiais de 70% de desconto nos medicamentos gen\u00e9ricos e com os mais variados laborat\u00f3rios da ind\u00fastria farmac\u00eautica\u201d, conta.<\/p>\n<p>A Total Farma aceita cart\u00f5es de cr\u00e9dito e parcela compras nos valores acima de R$ 100. A loja est\u00e1 localizada na Rua Cel. Marciano Rodrigues, n\u00famero 268, Centro de Muria\u00e9. Hor\u00e1rios de funcionamento: de segunda a sexta, das 8h \u00e0s 19h, s\u00e1bado e domingo, das 8h ao meio-dia. Telefones: 3721-0246 e 3729-9012.<\/p>\n<p>&nbsp;<\/p>\n<p><img decoding=\"async\" class=\"ngg_displayed_gallery mceItem\" src=\"https:\/\/anoticiaonline.com.br\/site\/nextgen-attach_to_post\/preview\/id--47627\" \/><\/p>\n<p>&nbsp;<\/p>\n","protected":false},"excerpt":{"rendered":"<p>Foi reinaugurada na segunda-feira (4), ao lado do antigo endere\u00e7o, a nova loja da Total Farma. Na ocasi\u00e3o, a equipe recebeu os clientes e amigos com descontos de 20% nos itens de perfumaria em geral, an\u00e1lise capilar e coffee break. De acordo com J\u00fanior, respons\u00e1vel pela empresa, a Total Farma existe h\u00e1 sete anos no &#8230; <a title=\"Total Farma \u00e9 reinaugurada no Centro da cidade\" class=\"read-more\" href=\"https:\/\/anoticiaonline.com.br\/site\/total-farma-e-reinaugurada-no-centro-da-cidade\/\" aria-label=\"Read more about Total Farma \u00e9 reinaugurada no Centro da cidade\">Ler mais<\/a><\/p>\n","protected":false},"author":2,"featured_media":47497,"comment_status":"open","ping_status":"open","sticky":false,"template":"","format":"standard","meta":{"_acf_changed":false,"_monsterinsights_skip_tracking":false,"footnotes":""},"categories":[1],"tags":[1714,1167,1713,1716,1717,1718,1715,1712],"class_list":["post-47493","post","type-post","status-publish","format-standard","has-post-thumbnail","hentry","category-gerais","tag-cartoes-de-credito","tag-farmacia","tag-farmacia-muriae","tag-medicamento","tag-medicamentos","tag-reinauguracao","tag-rua-cel-marciano-rodrigues","tag-total-farma"],"acf":[],"aioseo_notices":[],"aioseo_head":"\n\t\t<!-- All in One SEO 5.0.0.1 - aioseo.com -->\n\t<meta name=\"description\" content=\"Foi reinaugurada na segunda-feira (4), ao lado do antigo endere\u00e7o, a nova loja da Total Farma. Na ocasi\u00e3o, a equipe recebeu os clientes e amigos com descontos de 20% nos itens de perfumaria em geral, an\u00e1lise capilar e coffee break. De acordo com J\u00fanior, respons\u00e1vel pela empresa, a Total Farma existe h\u00e1 sete anos no\" \/>\n\t<meta name=\"robots\" content=\"max-image-preview:large\" \/>\n\t<meta name=\"author\" content=\"Juliana Laviola\"\/>\n\t<link rel=\"canonical\" href=\"https:\/\/anoticiaonline.com.br\/site\/total-farma-e-reinaugurada-no-centro-da-cidade\/\" \/>\n\t<meta name=\"generator\" content=\"All in One SEO (AIOSEO) 5.0.0.1\" \/>\n\t\t<meta property=\"og:locale\" content=\"pt_BR\" \/>\n\t\t<meta property=\"og:site_name\" content=\"A Not\u00edcia Online - Noticias de Muria\u00e9 e regi\u00e3o\" \/>\n\t\t<meta property=\"og:type\" content=\"article\" \/>\n\t\t<meta property=\"og:title\" content=\"Total Farma \u00e9 reinaugurada no Centro da cidade - A Not\u00edcia Online\" \/>\n\t\t<meta property=\"og:description\" content=\"Foi reinaugurada na segunda-feira (4), ao lado do antigo endere\u00e7o, a nova loja da Total Farma. Na ocasi\u00e3o, a equipe recebeu os clientes e amigos com descontos de 20% nos itens de perfumaria em geral, an\u00e1lise capilar e coffee break. De acordo com J\u00fanior, respons\u00e1vel pela empresa, a Total Farma existe h\u00e1 sete anos no\" \/>\n\t\t<meta property=\"og:url\" content=\"https:\/\/anoticiaonline.com.br\/site\/total-farma-e-reinaugurada-no-centro-da-cidade\/\" \/>\n\t\t<meta property=\"og:image\" content=\"https:\/\/scontent-gig4-1.xx.fbcdn.net\/v\/t39.30808-1\/270437624_4564083193639691_6907940295614233970_n.jpg?stp=dst-jpg_s200x200_tt6&#038;_nc_cat=111&#038;ccb=1-7&#038;_nc_sid=f907e8&#038;_nc_ohc=SM1wRlP3lJwQ7kNvwEPuBYA&#038;_nc_oc=AdnqrjDN_BNjSSHWO-GbkIWH6fkGMLw4bqvL_NH6e2wMveX7G-rP2dAqsDSq1mJMOaY&#038;_nc_zt=24&#038;_nc_ht=scontent-gig4-1.xx&#038;_nc_gid=AoBFJeGrT1hVaew_6rchkQ&#038;oh=00_AfX7QmFGhQhG2jAllVgXCiM1ZrWgvtp80-Bfppyexh1QEg&#038;oe=689E923C\" \/>\n\t\t<meta property=\"og:image:secure_url\" content=\"https:\/\/scontent-gig4-1.xx.fbcdn.net\/v\/t39.30808-1\/270437624_4564083193639691_6907940295614233970_n.jpg?stp=dst-jpg_s200x200_tt6&#038;_nc_cat=111&#038;ccb=1-7&#038;_nc_sid=f907e8&#038;_nc_ohc=SM1wRlP3lJwQ7kNvwEPuBYA&#038;_nc_oc=AdnqrjDN_BNjSSHWO-GbkIWH6fkGMLw4bqvL_NH6e2wMveX7G-rP2dAqsDSq1mJMOaY&#038;_nc_zt=24&#038;_nc_ht=scontent-gig4-1.xx&#038;_nc_gid=AoBFJeGrT1hVaew_6rchkQ&#038;oh=00_AfX7QmFGhQhG2jAllVgXCiM1ZrWgvtp80-Bfppyexh1QEg&#038;oe=689E923C\" \/>\n\t\t<meta property=\"article:published_time\" content=\"2017-12-07T22:27:52+00:00\" \/>\n\t\t<meta property=\"article:modified_time\" content=\"2017-12-07T22:29:12+00:00\" \/>\n\t\t<meta name=\"twitter:card\" content=\"summary_large_image\" \/>\n\t\t<meta name=\"twitter:title\" content=\"Total Farma \u00e9 reinaugurada no Centro da cidade - A Not\u00edcia Online\" \/>\n\t\t<meta name=\"twitter:description\" content=\"Foi reinaugurada na segunda-feira (4), ao lado do antigo endere\u00e7o, a nova loja da Total Farma. Na ocasi\u00e3o, a equipe recebeu os clientes e amigos com descontos de 20% nos itens de perfumaria em geral, an\u00e1lise capilar e coffee break. De acordo com J\u00fanior, respons\u00e1vel pela empresa, a Total Farma existe h\u00e1 sete anos no\" \/>\n\t\t<meta name=\"twitter:image\" content=\"https:\/\/scontent-gig4-1.xx.fbcdn.net\/v\/t39.30808-1\/270437624_4564083193639691_6907940295614233970_n.jpg?stp=dst-jpg_s200x200_tt6&amp;_nc_cat=111&amp;ccb=1-7&amp;_nc_sid=f907e8&amp;_nc_ohc=SM1wRlP3lJwQ7kNvwEPuBYA&amp;_nc_oc=AdnqrjDN_BNjSSHWO-GbkIWH6fkGMLw4bqvL_NH6e2wMveX7G-rP2dAqsDSq1mJMOaY&amp;_nc_zt=24&amp;_nc_ht=scontent-gig4-1.xx&amp;_nc_gid=AoBFJeGrT1hVaew_6rchkQ&amp;oh=00_AfX7QmFGhQhG2jAllVgXCiM1ZrWgvtp80-Bfppyexh1QEg&amp;oe=689E923C\" \/>\n\t\t<script type=\"application\/ld+json\" class=\"aioseo-schema\">\n\t\t\t{\"@context\":\"https:\\\/\\\/schema.org\",\"@graph\":[{\"@type\":\"BlogPosting\",\"@id\":\"https:\\\/\\\/anoticiaonline.com.br\\\/site\\\/total-farma-e-reinaugurada-no-centro-da-cidade\\\/#blogposting\",\"name\":\"Total Farma \\u00e9 reinaugurada no Centro da cidade - A Not\\u00edcia Online\",\"headline\":\"Total Farma \\u00e9 reinaugurada no Centro da cidade\",\"author\":{\"@id\":\"https:\\\/\\\/anoticiaonline.com.br\\\/site\\\/author\\\/juliana\\\/#author\"},\"publisher\":{\"@id\":\"https:\\\/\\\/anoticiaonline.com.br\\\/site\\\/#organization\"},\"image\":{\"@type\":\"ImageObject\",\"url\":\"https:\\\/\\\/anoticiaonline.com.br\\\/site\\\/wp-content\\\/uploads\\\/2017\\\/12\\\/DSC_0018.jpg\",\"width\":640,\"height\":426},\"datePublished\":\"2017-12-07T19:27:52-03:00\",\"dateModified\":\"2017-12-07T19:29:12-03:00\",\"inLanguage\":\"pt-BR\",\"mainEntityOfPage\":{\"@id\":\"https:\\\/\\\/anoticiaonline.com.br\\\/site\\\/total-farma-e-reinaugurada-no-centro-da-cidade\\\/#webpage\"},\"isPartOf\":{\"@id\":\"https:\\\/\\\/anoticiaonline.com.br\\\/site\\\/total-farma-e-reinaugurada-no-centro-da-cidade\\\/#webpage\"},\"articleSection\":\"Gerais, cart\\u00f5es de cr\\u00e9dito, Farm\\u00e1cia, farm\\u00e1cia Muria\\u00e9, medicamento, medicamentos, reinaugura\\u00e7\\u00e3o, Rua Cel. Marciano Rodrigues, Total Farma\"},{\"@type\":\"BreadcrumbList\",\"@id\":\"https:\\\/\\\/anoticiaonline.com.br\\\/site\\\/total-farma-e-reinaugurada-no-centro-da-cidade\\\/#breadcrumblist\",\"itemListElement\":[{\"@type\":\"ListItem\",\"@id\":\"https:\\\/\\\/anoticiaonline.com.br\\\/site#listItem\",\"position\":1,\"name\":\"Home\",\"item\":\"https:\\\/\\\/anoticiaonline.com.br\\\/site\",\"nextItem\":{\"@type\":\"ListItem\",\"@id\":\"https:\\\/\\\/anoticiaonline.com.br\\\/site\\\/categoria\\\/gerais\\\/#listItem\",\"name\":\"Gerais\"}},{\"@type\":\"ListItem\",\"@id\":\"https:\\\/\\\/anoticiaonline.com.br\\\/site\\\/categoria\\\/gerais\\\/#listItem\",\"position\":2,\"name\":\"Gerais\",\"item\":\"https:\\\/\\\/anoticiaonline.com.br\\\/site\\\/categoria\\\/gerais\\\/\",\"nextItem\":{\"@type\":\"ListItem\",\"@id\":\"https:\\\/\\\/anoticiaonline.com.br\\\/site\\\/total-farma-e-reinaugurada-no-centro-da-cidade\\\/#listItem\",\"name\":\"Total Farma \\u00e9 reinaugurada no Centro da cidade\"},\"previousItem\":{\"@type\":\"ListItem\",\"@id\":\"https:\\\/\\\/anoticiaonline.com.br\\\/site#listItem\",\"name\":\"Home\"}},{\"@type\":\"ListItem\",\"@id\":\"https:\\\/\\\/anoticiaonline.com.br\\\/site\\\/total-farma-e-reinaugurada-no-centro-da-cidade\\\/#listItem\",\"position\":3,\"name\":\"Total Farma \\u00e9 reinaugurada no Centro da cidade\",\"previousItem\":{\"@type\":\"ListItem\",\"@id\":\"https:\\\/\\\/anoticiaonline.com.br\\\/site\\\/categoria\\\/gerais\\\/#listItem\",\"name\":\"Gerais\"}}]},{\"@type\":\"Organization\",\"@id\":\"https:\\\/\\\/anoticiaonline.com.br\\\/site\\\/#organization\",\"name\":\"A Not\\u00edcia Online\",\"description\":\"Noticias de Muria\\u00e9 e regi\\u00e3o\",\"url\":\"https:\\\/\\\/anoticiaonline.com.br\\\/site\\\/\",\"logo\":{\"@type\":\"ImageObject\",\"url\":\"https:\\\/\\\/scontent-gig4-1.xx.fbcdn.net\\\/v\\\/t39.30808-1\\\/270437624_4564083193639691_6907940295614233970_n.jpg?stp=dst-jpg_s200x200_tt6&_nc_cat=111&ccb=1-7&_nc_sid=f907e8&_nc_ohc=SM1wRlP3lJwQ7kNvwEPuBYA&_nc_oc=AdnqrjDN_BNjSSHWO-GbkIWH6fkGMLw4bqvL_NH6e2wMveX7G-rP2dAqsDSq1mJMOaY&_nc_zt=24&_nc_ht=scontent-gig4-1.xx&_nc_gid=AoBFJeGrT1hVaew_6rchkQ&oh=00_AfX7QmFGhQhG2jAllVgXCiM1ZrWgvtp80-Bfppyexh1QEg&oe=689E923C\",\"@id\":\"https:\\\/\\\/anoticiaonline.com.br\\\/site\\\/total-farma-e-reinaugurada-no-centro-da-cidade\\\/#organizationLogo\"},\"image\":{\"@id\":\"https:\\\/\\\/anoticiaonline.com.br\\\/site\\\/total-farma-e-reinaugurada-no-centro-da-cidade\\\/#organizationLogo\"}},{\"@type\":\"Person\",\"@id\":\"https:\\\/\\\/anoticiaonline.com.br\\\/site\\\/author\\\/juliana\\\/#author\",\"url\":\"https:\\\/\\\/anoticiaonline.com.br\\\/site\\\/author\\\/juliana\\\/\",\"name\":\"Juliana Laviola\",\"image\":{\"@type\":\"ImageObject\",\"@id\":\"https:\\\/\\\/anoticiaonline.com.br\\\/site\\\/total-farma-e-reinaugurada-no-centro-da-cidade\\\/#authorImage\",\"url\":\"https:\\\/\\\/secure.gravatar.com\\\/avatar\\\/b8d45f5c699b100dfaf0e543582f38f38bf94cb7ae3a5e9abf8d891a34773335?s=96&d=mm&r=g\",\"width\":96,\"height\":96,\"caption\":\"Juliana Laviola\"}},{\"@type\":\"WebPage\",\"@id\":\"https:\\\/\\\/anoticiaonline.com.br\\\/site\\\/total-farma-e-reinaugurada-no-centro-da-cidade\\\/#webpage\",\"url\":\"https:\\\/\\\/anoticiaonline.com.br\\\/site\\\/total-farma-e-reinaugurada-no-centro-da-cidade\\\/\",\"name\":\"Total Farma \\u00e9 reinaugurada no Centro da cidade - A Not\\u00edcia Online\",\"description\":\"Foi reinaugurada na segunda-feira (4), ao lado do antigo endere\\u00e7o, a nova loja da Total Farma. Na ocasi\\u00e3o, a equipe recebeu os clientes e amigos com descontos de 20% nos itens de perfumaria em geral, an\\u00e1lise capilar e coffee break. De acordo com J\\u00fanior, respons\\u00e1vel pela empresa, a Total Farma existe h\\u00e1 sete anos no\",\"inLanguage\":\"pt-BR\",\"isPartOf\":{\"@id\":\"https:\\\/\\\/anoticiaonline.com.br\\\/site\\\/#website\"},\"breadcrumb\":{\"@id\":\"https:\\\/\\\/anoticiaonline.com.br\\\/site\\\/total-farma-e-reinaugurada-no-centro-da-cidade\\\/#breadcrumblist\"},\"author\":{\"@id\":\"https:\\\/\\\/anoticiaonline.com.br\\\/site\\\/author\\\/juliana\\\/#author\"},\"creator\":{\"@id\":\"https:\\\/\\\/anoticiaonline.com.br\\\/site\\\/author\\\/juliana\\\/#author\"},\"image\":{\"@type\":\"ImageObject\",\"url\":\"https:\\\/\\\/anoticiaonline.com.br\\\/site\\\/wp-content\\\/uploads\\\/2017\\\/12\\\/DSC_0018.jpg\",\"@id\":\"https:\\\/\\\/anoticiaonline.com.br\\\/site\\\/total-farma-e-reinaugurada-no-centro-da-cidade\\\/#mainImage\",\"width\":640,\"height\":426},\"primaryImageOfPage\":{\"@id\":\"https:\\\/\\\/anoticiaonline.com.br\\\/site\\\/total-farma-e-reinaugurada-no-centro-da-cidade\\\/#mainImage\"},\"datePublished\":\"2017-12-07T19:27:52-03:00\",\"dateModified\":\"2017-12-07T19:29:12-03:00\"},{\"@type\":\"WebSite\",\"@id\":\"https:\\\/\\\/anoticiaonline.com.br\\\/site\\\/#website\",\"url\":\"https:\\\/\\\/anoticiaonline.com.br\\\/site\\\/\",\"name\":\"A Not\\u00edcia Online\",\"description\":\"Noticias de Muria\\u00e9 e regi\\u00e3o\",\"inLanguage\":\"pt-BR\",\"publisher\":{\"@id\":\"https:\\\/\\\/anoticiaonline.com.br\\\/site\\\/#organization\"}}]}\n\t\t<\/script>\n\t\t<!-- All in One SEO -->\n\n","aioseo_head_json":{"title":"Total Farma \u00e9 reinaugurada no Centro da cidade - A Not\u00edcia Online","description":"Foi reinaugurada na segunda-feira (4), ao lado do antigo endere\u00e7o, a nova loja da Total Farma. Na ocasi\u00e3o, a equipe recebeu os clientes e amigos com descontos de 20% nos itens de perfumaria em geral, an\u00e1lise capilar e coffee break. De acordo com J\u00fanior, respons\u00e1vel pela empresa, a Total Farma existe h\u00e1 sete anos no","canonical_url":"https:\/\/anoticiaonline.com.br\/site\/total-farma-e-reinaugurada-no-centro-da-cidade\/","robots":"max-image-preview:large","keywords":"","webmasterTools":{"miscellaneous":""},"schema":{"@context":"https:\/\/schema.org","@graph":[{"@type":"BlogPosting","@id":"https:\/\/anoticiaonline.com.br\/site\/total-farma-e-reinaugurada-no-centro-da-cidade\/#blogposting","name":"Total Farma \u00e9 reinaugurada no Centro da cidade - A Not\u00edcia Online","headline":"Total Farma \u00e9 reinaugurada no Centro da cidade","author":{"@id":"https:\/\/anoticiaonline.com.br\/site\/author\/juliana\/#author"},"publisher":{"@id":"https:\/\/anoticiaonline.com.br\/site\/#organization"},"image":{"@type":"ImageObject","url":"https:\/\/anoticiaonline.com.br\/site\/wp-content\/uploads\/2017\/12\/DSC_0018.jpg","width":640,"height":426},"datePublished":"2017-12-07T19:27:52-03:00","dateModified":"2017-12-07T19:29:12-03:00","inLanguage":"pt-BR","mainEntityOfPage":{"@id":"https:\/\/anoticiaonline.com.br\/site\/total-farma-e-reinaugurada-no-centro-da-cidade\/#webpage"},"isPartOf":{"@id":"https:\/\/anoticiaonline.com.br\/site\/total-farma-e-reinaugurada-no-centro-da-cidade\/#webpage"},"articleSection":"Gerais, cart\u00f5es de cr\u00e9dito, Farm\u00e1cia, farm\u00e1cia Muria\u00e9, medicamento, medicamentos, reinaugura\u00e7\u00e3o, Rua Cel. Marciano Rodrigues, Total Farma"},{"@type":"BreadcrumbList","@id":"https:\/\/anoticiaonline.com.br\/site\/total-farma-e-reinaugurada-no-centro-da-cidade\/#breadcrumblist","itemListElement":[{"@type":"ListItem","@id":"https:\/\/anoticiaonline.com.br\/site#listItem","position":1,"name":"Home","item":"https:\/\/anoticiaonline.com.br\/site","nextItem":{"@type":"ListItem","@id":"https:\/\/anoticiaonline.com.br\/site\/categoria\/gerais\/#listItem","name":"Gerais"}},{"@type":"ListItem","@id":"https:\/\/anoticiaonline.com.br\/site\/categoria\/gerais\/#listItem","position":2,"name":"Gerais","item":"https:\/\/anoticiaonline.com.br\/site\/categoria\/gerais\/","nextItem":{"@type":"ListItem","@id":"https:\/\/anoticiaonline.com.br\/site\/total-farma-e-reinaugurada-no-centro-da-cidade\/#listItem","name":"Total Farma \u00e9 reinaugurada no Centro da cidade"},"previousItem":{"@type":"ListItem","@id":"https:\/\/anoticiaonline.com.br\/site#listItem","name":"Home"}},{"@type":"ListItem","@id":"https:\/\/anoticiaonline.com.br\/site\/total-farma-e-reinaugurada-no-centro-da-cidade\/#listItem","position":3,"name":"Total Farma \u00e9 reinaugurada no Centro da cidade","previousItem":{"@type":"ListItem","@id":"https:\/\/anoticiaonline.com.br\/site\/categoria\/gerais\/#listItem","name":"Gerais"}}]},{"@type":"Organization","@id":"https:\/\/anoticiaonline.com.br\/site\/#organization","name":"A Not\u00edcia Online","description":"Noticias de Muria\u00e9 e regi\u00e3o","url":"https:\/\/anoticiaonline.com.br\/site\/","logo":{"@type":"ImageObject","url":"https:\/\/scontent-gig4-1.xx.fbcdn.net\/v\/t39.30808-1\/270437624_4564083193639691_6907940295614233970_n.jpg?stp=dst-jpg_s200x200_tt6&_nc_cat=111&ccb=1-7&_nc_sid=f907e8&_nc_ohc=SM1wRlP3lJwQ7kNvwEPuBYA&_nc_oc=AdnqrjDN_BNjSSHWO-GbkIWH6fkGMLw4bqvL_NH6e2wMveX7G-rP2dAqsDSq1mJMOaY&_nc_zt=24&_nc_ht=scontent-gig4-1.xx&_nc_gid=AoBFJeGrT1hVaew_6rchkQ&oh=00_AfX7QmFGhQhG2jAllVgXCiM1ZrWgvtp80-Bfppyexh1QEg&oe=689E923C","@id":"https:\/\/anoticiaonline.com.br\/site\/total-farma-e-reinaugurada-no-centro-da-cidade\/#organizationLogo"},"image":{"@id":"https:\/\/anoticiaonline.com.br\/site\/total-farma-e-reinaugurada-no-centro-da-cidade\/#organizationLogo"}},{"@type":"Person","@id":"https:\/\/anoticiaonline.com.br\/site\/author\/juliana\/#author","url":"https:\/\/anoticiaonline.com.br\/site\/author\/juliana\/","name":"Juliana Laviola","image":{"@type":"ImageObject","@id":"https:\/\/anoticiaonline.com.br\/site\/total-farma-e-reinaugurada-no-centro-da-cidade\/#authorImage","url":"https:\/\/secure.gravatar.com\/avatar\/b8d45f5c699b100dfaf0e543582f38f38bf94cb7ae3a5e9abf8d891a34773335?s=96&d=mm&r=g","width":96,"height":96,"caption":"Juliana Laviola"}},{"@type":"WebPage","@id":"https:\/\/anoticiaonline.com.br\/site\/total-farma-e-reinaugurada-no-centro-da-cidade\/#webpage","url":"https:\/\/anoticiaonline.com.br\/site\/total-farma-e-reinaugurada-no-centro-da-cidade\/","name":"Total Farma \u00e9 reinaugurada no Centro da cidade - A Not\u00edcia Online","description":"Foi reinaugurada na segunda-feira (4), ao lado do antigo endere\u00e7o, a nova loja da Total Farma. Na ocasi\u00e3o, a equipe recebeu os clientes e amigos com descontos de 20% nos itens de perfumaria em geral, an\u00e1lise capilar e coffee break. De acordo com J\u00fanior, respons\u00e1vel pela empresa, a Total Farma existe h\u00e1 sete anos no","inLanguage":"pt-BR","isPartOf":{"@id":"https:\/\/anoticiaonline.com.br\/site\/#website"},"breadcrumb":{"@id":"https:\/\/anoticiaonline.com.br\/site\/total-farma-e-reinaugurada-no-centro-da-cidade\/#breadcrumblist"},"author":{"@id":"https:\/\/anoticiaonline.com.br\/site\/author\/juliana\/#author"},"creator":{"@id":"https:\/\/anoticiaonline.com.br\/site\/author\/juliana\/#author"},"image":{"@type":"ImageObject","url":"https:\/\/anoticiaonline.com.br\/site\/wp-content\/uploads\/2017\/12\/DSC_0018.jpg","@id":"https:\/\/anoticiaonline.com.br\/site\/total-farma-e-reinaugurada-no-centro-da-cidade\/#mainImage","width":640,"height":426},"primaryImageOfPage":{"@id":"https:\/\/anoticiaonline.com.br\/site\/total-farma-e-reinaugurada-no-centro-da-cidade\/#mainImage"},"datePublished":"2017-12-07T19:27:52-03:00","dateModified":"2017-12-07T19:29:12-03:00"},{"@type":"WebSite","@id":"https:\/\/anoticiaonline.com.br\/site\/#website","url":"https:\/\/anoticiaonline.com.br\/site\/","name":"A Not\u00edcia Online","description":"Noticias de Muria\u00e9 e regi\u00e3o","inLanguage":"pt-BR","publisher":{"@id":"https:\/\/anoticiaonline.com.br\/site\/#organization"}}]},"og:locale":"pt_BR","og:site_name":"A Not\u00edcia Online - Noticias de Muria\u00e9 e regi\u00e3o","og:type":"article","og:title":"Total Farma \u00e9 reinaugurada no Centro da cidade - A Not\u00edcia Online","og:description":"Foi reinaugurada na segunda-feira (4), ao lado do antigo endere\u00e7o, a nova loja da Total Farma. Na ocasi\u00e3o, a equipe recebeu os clientes e amigos com descontos de 20% nos itens de perfumaria em geral, an\u00e1lise capilar e coffee break. De acordo com J\u00fanior, respons\u00e1vel pela empresa, a Total Farma existe h\u00e1 sete anos no","og:url":"https:\/\/anoticiaonline.com.br\/site\/total-farma-e-reinaugurada-no-centro-da-cidade\/","og:image":"https:\/\/scontent-gig4-1.xx.fbcdn.net\/v\/t39.30808-1\/270437624_4564083193639691_6907940295614233970_n.jpg?stp=dst-jpg_s200x200_tt6&#038;_nc_cat=111&#038;ccb=1-7&#038;_nc_sid=f907e8&#038;_nc_ohc=SM1wRlP3lJwQ7kNvwEPuBYA&#038;_nc_oc=AdnqrjDN_BNjSSHWO-GbkIWH6fkGMLw4bqvL_NH6e2wMveX7G-rP2dAqsDSq1mJMOaY&#038;_nc_zt=24&#038;_nc_ht=scontent-gig4-1.xx&#038;_nc_gid=AoBFJeGrT1hVaew_6rchkQ&#038;oh=00_AfX7QmFGhQhG2jAllVgXCiM1ZrWgvtp80-Bfppyexh1QEg&#038;oe=689E923C","og:image:secure_url":"https:\/\/scontent-gig4-1.xx.fbcdn.net\/v\/t39.30808-1\/270437624_4564083193639691_6907940295614233970_n.jpg?stp=dst-jpg_s200x200_tt6&#038;_nc_cat=111&#038;ccb=1-7&#038;_nc_sid=f907e8&#038;_nc_ohc=SM1wRlP3lJwQ7kNvwEPuBYA&#038;_nc_oc=AdnqrjDN_BNjSSHWO-GbkIWH6fkGMLw4bqvL_NH6e2wMveX7G-rP2dAqsDSq1mJMOaY&#038;_nc_zt=24&#038;_nc_ht=scontent-gig4-1.xx&#038;_nc_gid=AoBFJeGrT1hVaew_6rchkQ&#038;oh=00_AfX7QmFGhQhG2jAllVgXCiM1ZrWgvtp80-Bfppyexh1QEg&#038;oe=689E923C","article:published_time":"2017-12-07T22:27:52+00:00","article:modified_time":"2017-12-07T22:29:12+00:00","twitter:card":"summary_large_image","twitter:title":"Total Farma \u00e9 reinaugurada no Centro da cidade - A Not\u00edcia Online","twitter:description":"Foi reinaugurada na segunda-feira (4), ao lado do antigo endere\u00e7o, a nova loja da Total Farma. Na ocasi\u00e3o, a equipe recebeu os clientes e amigos com descontos de 20% nos itens de perfumaria em geral, an\u00e1lise capilar e coffee break. De acordo com J\u00fanior, respons\u00e1vel pela empresa, a Total Farma existe h\u00e1 sete anos no","twitter:image":"https:\/\/scontent-gig4-1.xx.fbcdn.net\/v\/t39.30808-1\/270437624_4564083193639691_6907940295614233970_n.jpg?stp=dst-jpg_s200x200_tt6&_nc_cat=111&ccb=1-7&_nc_sid=f907e8&_nc_ohc=SM1wRlP3lJwQ7kNvwEPuBYA&_nc_oc=AdnqrjDN_BNjSSHWO-GbkIWH6fkGMLw4bqvL_NH6e2wMveX7G-rP2dAqsDSq1mJMOaY&_nc_zt=24&_nc_ht=scontent-gig4-1.xx&_nc_gid=AoBFJeGrT1hVaew_6rchkQ&oh=00_AfX7QmFGhQhG2jAllVgXCiM1ZrWgvtp80-Bfppyexh1QEg&oe=689E923C"},"aioseo_meta_data":{"post_id":"47493","title":null,"description":null,"keywords":null,"keyphrases":null,"primary_term":null,"canonical_url":null,"og_title":null,"og_description":null,"og_object_type":"default","og_image_type":"default","og_image_url":null,"og_image_width":null,"og_image_height":null,"og_image_custom_url":null,"og_image_custom_fields":null,"og_video":null,"og_custom_url":null,"og_article_section":null,"og_article_tags":null,"twitter_use_og":false,"twitter_card":"default","twitter_image_type":"default","twitter_image_url":null,"twitter_image_custom_url":null,"twitter_image_custom_fields":null,"twitter_title":null,"twitter_description":null,"schema":{"blockGraphs":[],"customGraphs":[],"default":{"data":{"Article":[],"Course":[],"Dataset":[],"FAQPage":[],"Movie":[],"Person":[],"Product":[],"ProductReview":[],"Car":[],"Recipe":[],"Service":[],"SoftwareApplication":[],"WebPage":[]},"graphName":"","isEnabled":true},"graphs":[]},"schema_type":"default","schema_type_options":null,"pillar_content":false,"robots_default":true,"robots_noindex":false,"robots_noarchive":false,"robots_nosnippet":false,"robots_nofollow":false,"robots_noimageindex":false,"robots_noodp":false,"robots_notranslate":false,"robots_max_snippet":null,"robots_max_videopreview":null,"robots_max_imagepreview":"large","priority":null,"frequency":null,"local_seo":null,"breadcrumb_settings":null,"limit_modified_date":false,"ai":null,"created":"2025-08-16 20:02:34","updated":"2025-08-16 20:02:34","focus_keyword":null,"additional_keywords":null,"truseo_locale":null,"seo_analyzer_scan_date":null},"aioseo_breadcrumb":"<div class=\"aioseo-breadcrumbs\"><span class=\"aioseo-breadcrumb\">\n\t\t\t<a href=\"https:\/\/anoticiaonline.com.br\/site\" title=\"Home\">Home<\/a>\n\t\t<\/span><span class=\"aioseo-breadcrumb-separator\">&raquo;<\/span><span class=\"aioseo-breadcrumb\">\n\t\t\t<a href=\"https:\/\/anoticiaonline.com.br\/site\/categoria\/gerais\/\" title=\"Gerais\">Gerais<\/a>\n\t\t<\/span><span class=\"aioseo-breadcrumb-separator\">&raquo;<\/span><span class=\"aioseo-breadcrumb\">\n\t\t\tTotal Farma \u00e9 reinaugurada no Centro da cidade\n\t\t<\/span><\/div>","aioseo_breadcrumb_json":[{"label":"Home","link":"https:\/\/anoticiaonline.com.br\/site"},{"label":"Gerais","link":"https:\/\/anoticiaonline.com.br\/site\/categoria\/gerais\/"},{"label":"Total Farma \u00e9 reinaugurada no Centro da cidade","link":"https:\/\/anoticiaonline.com.br\/site\/total-farma-e-reinaugurada-no-centro-da-cidade\/"}],"views":165,"_links":{"self":[{"href":"https:\/\/anoticiaonline.com.br\/site\/wp-json\/wp\/v2\/posts\/47493","targetHints":{"allow":["GET"]}}],"collection":[{"href":"https:\/\/anoticiaonline.com.br\/site\/wp-json\/wp\/v2\/posts"}],"about":[{"href":"https:\/\/anoticiaonline.com.br\/site\/wp-json\/wp\/v2\/types\/post"}],"author":[{"embeddable":true,"href":"https:\/\/anoticiaonline.com.br\/site\/wp-json\/wp\/v2\/users\/2"}],"replies":[{"embeddable":true,"href":"https:\/\/anoticiaonline.com.br\/site\/wp-json\/wp\/v2\/comments?post=47493"}],"version-history":[{"count":0,"href":"https:\/\/anoticiaonline.com.br\/site\/wp-json\/wp\/v2\/posts\/47493\/revisions"}],"wp:featuredmedia":[{"embeddable":true,"href":"https:\/\/anoticiaonline.com.br\/site\/wp-json\/wp\/v2\/media\/47497"}],"wp:attachment":[{"href":"https:\/\/anoticiaonline.com.br\/site\/wp-json\/wp\/v2\/media?parent=47493"}],"wp:term":[{"taxonomy":"category","embeddable":true,"href":"https:\/\/anoticiaonline.com.br\/site\/wp-json\/wp\/v2\/categories?post=47493"},{"taxonomy":"post_tag","embeddable":true,"href":"https:\/\/anoticiaonline.com.br\/site\/wp-json\/wp\/v2\/tags?post=47493"}],"curies":[{"name":"wp","href":"https:\/\/api.w.org\/{rel}","templated":true}]}}