{"id":4745,"date":"2015-10-16T08:00:02","date_gmt":"2015-10-16T11:00:02","guid":{"rendered":"http:\/\/anoticiaonline.com.br\/site\/?p=4745"},"modified":"2015-10-14T15:02:23","modified_gmt":"2015-10-14T18:02:23","slug":"conselho-federal-de-psicologia-reabre-inscricoes-para-concurso-de-especializacao","status":"publish","type":"post","link":"https:\/\/anoticiaonline.com.br\/site\/conselho-federal-de-psicologia-reabre-inscricoes-para-concurso-de-especializacao\/","title":{"rendered":"Conselho Federal de Psicologia reabre inscri\u00e7\u00f5es para concurso de especializa\u00e7\u00e3o"},"content":{"rendered":"<p><a href=\"https:\/\/anoticiaonline.com.br\/site\/wp-content\/uploads\/2015\/10\/simbolo_da_psicologia_png___psychology_symbol_by_van_golliaz-d7bki6e.png\"><img fetchpriority=\"high\" decoding=\"async\" class=\" size-medium wp-image-4746 alignleft\" src=\"https:\/\/anoticiaonline.com.br\/site\/wp-content\/uploads\/2015\/10\/simbolo_da_psicologia_png___psychology_symbol_by_van_golliaz-d7bki6e-300x263.png\" alt=\"simbolo_da_psicologia_png___psychology_symbol_by_van_golliaz-d7bki6e\" width=\"300\" height=\"263\" srcset=\"https:\/\/anoticiaonline.com.br\/site\/wp-content\/uploads\/2015\/10\/simbolo_da_psicologia_png___psychology_symbol_by_van_golliaz-d7bki6e-300x263.png 300w, https:\/\/anoticiaonline.com.br\/site\/wp-content\/uploads\/2015\/10\/simbolo_da_psicologia_png___psychology_symbol_by_van_golliaz-d7bki6e.png 640w\" sizes=\"(max-width: 300px) 100vw, 300px\" \/><\/a>As inscri\u00e7\u00f5es para concurso de provas e t\u00edtulos do Conselho Federal de Psicologia foram reabertas. Os interessados t\u00eam at\u00e9 o dia 20 de outubro para se inscrever atrav\u00e9s do site do organizador do certame, www.idecan.org.br. A taxa de inscri\u00e7\u00e3o \u00e9 de R$ 75,00. Esse concurso visa a concess\u00e3o de t\u00edtulo de especialista em v\u00e1rias \u00e1reas. Neste edital, s\u00e3o contempladas as seguintes especialidades: Psicologia Cl\u00ednica, Psicologia do Esporte, Psicologia do Tr\u00e2nsito, Psicologia Escolar\/Educacional, Psicologia Jur\u00eddica, Psicologia Organizacional e do Trabalho, Psicomotricidade, Psicopedagogia, Psicologia Social, Neuropsicologia e Psicologia Hospitalar.<\/p>\n<p>Um dos requisitos exigidos \u00e9 que o candidato deve ser psic\u00f3logo com mais de dois anos de inscri\u00e7\u00e3o em Conselho Regional de Psicologia, cont\u00ednuos ou intermitentes, contados da data de realiza\u00e7\u00e3o das provas.<\/p>\n<p>As provas est\u00e3o previstas para o dia 29 de novembro, das 8h \u00e0s 13h (hor\u00e1rio de Bras\u00edlia), simultaneamente, nas seguintes cidades: Bel\u00e9m (PA), Manaus (AM), Belo Horizonte (MG), Bras\u00edlia (DF), Campo Grande (MS), Curitiba (PR), Florian\u00f3polis (SC), Fortaleza (CE), Porto Alegre (RS), Recife (PE), Salvador (BA), S\u00e3o Paulo (SP), Vit\u00f3ria (ES), Natal (RN), Rio de Janeiro (RJ), Goi\u00e2nia (GO), Santa Catarina (SC), Jo\u00e3o Pessoa (PB), Macei\u00f3 (AL), Cuiab\u00e1 (MT), Aracaju (SE), Teresina (PI), S\u00e3o Lu\u00eds (MA) e Palmas (TO). O candidato poder\u00e1 optar pela localidade onde deseja realiz\u00e1-las.<\/p>\n<p>Mais informa\u00e7\u00f5es podem ser obtidas pelo telefone 0800-033-2810 ou pelo email atendimento@idecan.org.br.<\/p>\n","protected":false},"excerpt":{"rendered":"<p>As inscri\u00e7\u00f5es para concurso de provas e t\u00edtulos do Conselho Federal de Psicologia foram reabertas. Os interessados t\u00eam at\u00e9 o dia 20 de outubro para se inscrever atrav\u00e9s do site do organizador do certame, www.idecan.org.br. A taxa de inscri\u00e7\u00e3o \u00e9 de R$ 75,00. Esse concurso visa a concess\u00e3o de t\u00edtulo de especialista em v\u00e1rias \u00e1reas. &#8230; <a title=\"Conselho Federal de Psicologia reabre inscri\u00e7\u00f5es para concurso de especializa\u00e7\u00e3o\" class=\"read-more\" href=\"https:\/\/anoticiaonline.com.br\/site\/conselho-federal-de-psicologia-reabre-inscricoes-para-concurso-de-especializacao\/\" aria-label=\"Read more about Conselho Federal de Psicologia reabre inscri\u00e7\u00f5es para concurso de especializa\u00e7\u00e3o\">Ler mais<\/a><\/p>\n","protected":false},"author":2,"featured_media":4746,"comment_status":"open","ping_status":"open","sticky":false,"template":"","format":"standard","meta":{"_acf_changed":false,"_monsterinsights_skip_tracking":false,"footnotes":""},"categories":[1],"tags":[],"class_list":["post-4745","post","type-post","status-publish","format-standard","has-post-thumbnail","hentry","category-gerais"],"acf":[],"aioseo_notices":[],"aioseo_head":"\n\t\t<!-- All in One SEO 5.0.0.1 - aioseo.com -->\n\t<meta name=\"description\" content=\"As inscri\u00e7\u00f5es para concurso de provas e t\u00edtulos do Conselho Federal de Psicologia foram reabertas. Os interessados t\u00eam at\u00e9 o dia 20 de outubro para se inscrever atrav\u00e9s do site do organizador do certame, www.idecan.org.br. A taxa de inscri\u00e7\u00e3o \u00e9 de R$ 75,00. Esse concurso visa a concess\u00e3o de t\u00edtulo de especialista em v\u00e1rias \u00e1reas.\" \/>\n\t<meta name=\"robots\" content=\"max-image-preview:large\" \/>\n\t<meta name=\"author\" content=\"Juliana Laviola\"\/>\n\t<link rel=\"canonical\" href=\"https:\/\/anoticiaonline.com.br\/site\/conselho-federal-de-psicologia-reabre-inscricoes-para-concurso-de-especializacao\/\" \/>\n\t<meta name=\"generator\" content=\"All in One SEO (AIOSEO) 5.0.0.1\" \/>\n\t\t<meta property=\"og:locale\" content=\"pt_BR\" \/>\n\t\t<meta property=\"og:site_name\" content=\"A Not\u00edcia Online - Noticias de Muria\u00e9 e regi\u00e3o\" \/>\n\t\t<meta property=\"og:type\" content=\"article\" \/>\n\t\t<meta property=\"og:title\" content=\"Conselho Federal de Psicologia reabre inscri\u00e7\u00f5es para concurso de especializa\u00e7\u00e3o - A Not\u00edcia Online\" \/>\n\t\t<meta property=\"og:description\" content=\"As inscri\u00e7\u00f5es para concurso de provas e t\u00edtulos do Conselho Federal de Psicologia foram reabertas. Os interessados t\u00eam at\u00e9 o dia 20 de outubro para se inscrever atrav\u00e9s do site do organizador do certame, www.idecan.org.br. A taxa de inscri\u00e7\u00e3o \u00e9 de R$ 75,00. Esse concurso visa a concess\u00e3o de t\u00edtulo de especialista em v\u00e1rias \u00e1reas.\" \/>\n\t\t<meta property=\"og:url\" content=\"https:\/\/anoticiaonline.com.br\/site\/conselho-federal-de-psicologia-reabre-inscricoes-para-concurso-de-especializacao\/\" \/>\n\t\t<meta property=\"og:image\" content=\"https:\/\/scontent-gig4-1.xx.fbcdn.net\/v\/t39.30808-1\/270437624_4564083193639691_6907940295614233970_n.jpg?stp=dst-jpg_s200x200_tt6&#038;_nc_cat=111&#038;ccb=1-7&#038;_nc_sid=f907e8&#038;_nc_ohc=SM1wRlP3lJwQ7kNvwEPuBYA&#038;_nc_oc=AdnqrjDN_BNjSSHWO-GbkIWH6fkGMLw4bqvL_NH6e2wMveX7G-rP2dAqsDSq1mJMOaY&#038;_nc_zt=24&#038;_nc_ht=scontent-gig4-1.xx&#038;_nc_gid=AoBFJeGrT1hVaew_6rchkQ&#038;oh=00_AfX7QmFGhQhG2jAllVgXCiM1ZrWgvtp80-Bfppyexh1QEg&#038;oe=689E923C\" \/>\n\t\t<meta property=\"og:image:secure_url\" content=\"https:\/\/scontent-gig4-1.xx.fbcdn.net\/v\/t39.30808-1\/270437624_4564083193639691_6907940295614233970_n.jpg?stp=dst-jpg_s200x200_tt6&#038;_nc_cat=111&#038;ccb=1-7&#038;_nc_sid=f907e8&#038;_nc_ohc=SM1wRlP3lJwQ7kNvwEPuBYA&#038;_nc_oc=AdnqrjDN_BNjSSHWO-GbkIWH6fkGMLw4bqvL_NH6e2wMveX7G-rP2dAqsDSq1mJMOaY&#038;_nc_zt=24&#038;_nc_ht=scontent-gig4-1.xx&#038;_nc_gid=AoBFJeGrT1hVaew_6rchkQ&#038;oh=00_AfX7QmFGhQhG2jAllVgXCiM1ZrWgvtp80-Bfppyexh1QEg&#038;oe=689E923C\" \/>\n\t\t<meta property=\"article:published_time\" content=\"2015-10-16T11:00:02+00:00\" \/>\n\t\t<meta property=\"article:modified_time\" content=\"2015-10-14T18:02:23+00:00\" \/>\n\t\t<meta name=\"twitter:card\" content=\"summary_large_image\" \/>\n\t\t<meta name=\"twitter:title\" content=\"Conselho Federal de Psicologia reabre inscri\u00e7\u00f5es para concurso de especializa\u00e7\u00e3o - A Not\u00edcia Online\" \/>\n\t\t<meta name=\"twitter:description\" content=\"As inscri\u00e7\u00f5es para concurso de provas e t\u00edtulos do Conselho Federal de Psicologia foram reabertas. Os interessados t\u00eam at\u00e9 o dia 20 de outubro para se inscrever atrav\u00e9s do site do organizador do certame, www.idecan.org.br. A taxa de inscri\u00e7\u00e3o \u00e9 de R$ 75,00. Esse concurso visa a concess\u00e3o de t\u00edtulo de especialista em v\u00e1rias \u00e1reas.\" \/>\n\t\t<meta name=\"twitter:image\" content=\"https:\/\/scontent-gig4-1.xx.fbcdn.net\/v\/t39.30808-1\/270437624_4564083193639691_6907940295614233970_n.jpg?stp=dst-jpg_s200x200_tt6&amp;_nc_cat=111&amp;ccb=1-7&amp;_nc_sid=f907e8&amp;_nc_ohc=SM1wRlP3lJwQ7kNvwEPuBYA&amp;_nc_oc=AdnqrjDN_BNjSSHWO-GbkIWH6fkGMLw4bqvL_NH6e2wMveX7G-rP2dAqsDSq1mJMOaY&amp;_nc_zt=24&amp;_nc_ht=scontent-gig4-1.xx&amp;_nc_gid=AoBFJeGrT1hVaew_6rchkQ&amp;oh=00_AfX7QmFGhQhG2jAllVgXCiM1ZrWgvtp80-Bfppyexh1QEg&amp;oe=689E923C\" \/>\n\t\t<script type=\"application\/ld+json\" class=\"aioseo-schema\">\n\t\t\t{\"@context\":\"https:\\\/\\\/schema.org\",\"@graph\":[{\"@type\":\"BlogPosting\",\"@id\":\"https:\\\/\\\/anoticiaonline.com.br\\\/site\\\/conselho-federal-de-psicologia-reabre-inscricoes-para-concurso-de-especializacao\\\/#blogposting\",\"name\":\"Conselho Federal de Psicologia reabre inscri\\u00e7\\u00f5es para concurso de especializa\\u00e7\\u00e3o - A Not\\u00edcia Online\",\"headline\":\"Conselho Federal de Psicologia reabre inscri\\u00e7\\u00f5es para concurso de especializa\\u00e7\\u00e3o\",\"author\":{\"@id\":\"https:\\\/\\\/anoticiaonline.com.br\\\/site\\\/author\\\/juliana\\\/#author\"},\"publisher\":{\"@id\":\"https:\\\/\\\/anoticiaonline.com.br\\\/site\\\/#organization\"},\"image\":{\"@type\":\"ImageObject\",\"url\":\"https:\\\/\\\/anoticiaonline.com.br\\\/site\\\/wp-content\\\/uploads\\\/2015\\\/10\\\/simbolo_da_psicologia_png___psychology_symbol_by_van_golliaz-d7bki6e.png\",\"width\":640,\"height\":562},\"datePublished\":\"2015-10-16T08:00:02-03:00\",\"dateModified\":\"2015-10-14T15:02:23-03:00\",\"inLanguage\":\"pt-BR\",\"mainEntityOfPage\":{\"@id\":\"https:\\\/\\\/anoticiaonline.com.br\\\/site\\\/conselho-federal-de-psicologia-reabre-inscricoes-para-concurso-de-especializacao\\\/#webpage\"},\"isPartOf\":{\"@id\":\"https:\\\/\\\/anoticiaonline.com.br\\\/site\\\/conselho-federal-de-psicologia-reabre-inscricoes-para-concurso-de-especializacao\\\/#webpage\"},\"articleSection\":\"Gerais\"},{\"@type\":\"BreadcrumbList\",\"@id\":\"https:\\\/\\\/anoticiaonline.com.br\\\/site\\\/conselho-federal-de-psicologia-reabre-inscricoes-para-concurso-de-especializacao\\\/#breadcrumblist\",\"itemListElement\":[{\"@type\":\"ListItem\",\"@id\":\"https:\\\/\\\/anoticiaonline.com.br\\\/site#listItem\",\"position\":1,\"name\":\"Home\",\"item\":\"https:\\\/\\\/anoticiaonline.com.br\\\/site\",\"nextItem\":{\"@type\":\"ListItem\",\"@id\":\"https:\\\/\\\/anoticiaonline.com.br\\\/site\\\/categoria\\\/gerais\\\/#listItem\",\"name\":\"Gerais\"}},{\"@type\":\"ListItem\",\"@id\":\"https:\\\/\\\/anoticiaonline.com.br\\\/site\\\/categoria\\\/gerais\\\/#listItem\",\"position\":2,\"name\":\"Gerais\",\"item\":\"https:\\\/\\\/anoticiaonline.com.br\\\/site\\\/categoria\\\/gerais\\\/\",\"nextItem\":{\"@type\":\"ListItem\",\"@id\":\"https:\\\/\\\/anoticiaonline.com.br\\\/site\\\/conselho-federal-de-psicologia-reabre-inscricoes-para-concurso-de-especializacao\\\/#listItem\",\"name\":\"Conselho Federal de Psicologia reabre inscri\\u00e7\\u00f5es para concurso de especializa\\u00e7\\u00e3o\"},\"previousItem\":{\"@type\":\"ListItem\",\"@id\":\"https:\\\/\\\/anoticiaonline.com.br\\\/site#listItem\",\"name\":\"Home\"}},{\"@type\":\"ListItem\",\"@id\":\"https:\\\/\\\/anoticiaonline.com.br\\\/site\\\/conselho-federal-de-psicologia-reabre-inscricoes-para-concurso-de-especializacao\\\/#listItem\",\"position\":3,\"name\":\"Conselho Federal de Psicologia reabre inscri\\u00e7\\u00f5es para concurso de especializa\\u00e7\\u00e3o\",\"previousItem\":{\"@type\":\"ListItem\",\"@id\":\"https:\\\/\\\/anoticiaonline.com.br\\\/site\\\/categoria\\\/gerais\\\/#listItem\",\"name\":\"Gerais\"}}]},{\"@type\":\"Organization\",\"@id\":\"https:\\\/\\\/anoticiaonline.com.br\\\/site\\\/#organization\",\"name\":\"A Not\\u00edcia Online\",\"description\":\"Noticias de Muria\\u00e9 e regi\\u00e3o\",\"url\":\"https:\\\/\\\/anoticiaonline.com.br\\\/site\\\/\",\"logo\":{\"@type\":\"ImageObject\",\"url\":\"https:\\\/\\\/scontent-gig4-1.xx.fbcdn.net\\\/v\\\/t39.30808-1\\\/270437624_4564083193639691_6907940295614233970_n.jpg?stp=dst-jpg_s200x200_tt6&_nc_cat=111&ccb=1-7&_nc_sid=f907e8&_nc_ohc=SM1wRlP3lJwQ7kNvwEPuBYA&_nc_oc=AdnqrjDN_BNjSSHWO-GbkIWH6fkGMLw4bqvL_NH6e2wMveX7G-rP2dAqsDSq1mJMOaY&_nc_zt=24&_nc_ht=scontent-gig4-1.xx&_nc_gid=AoBFJeGrT1hVaew_6rchkQ&oh=00_AfX7QmFGhQhG2jAllVgXCiM1ZrWgvtp80-Bfppyexh1QEg&oe=689E923C\",\"@id\":\"https:\\\/\\\/anoticiaonline.com.br\\\/site\\\/conselho-federal-de-psicologia-reabre-inscricoes-para-concurso-de-especializacao\\\/#organizationLogo\"},\"image\":{\"@id\":\"https:\\\/\\\/anoticiaonline.com.br\\\/site\\\/conselho-federal-de-psicologia-reabre-inscricoes-para-concurso-de-especializacao\\\/#organizationLogo\"}},{\"@type\":\"Person\",\"@id\":\"https:\\\/\\\/anoticiaonline.com.br\\\/site\\\/author\\\/juliana\\\/#author\",\"url\":\"https:\\\/\\\/anoticiaonline.com.br\\\/site\\\/author\\\/juliana\\\/\",\"name\":\"Juliana Laviola\",\"image\":{\"@type\":\"ImageObject\",\"@id\":\"https:\\\/\\\/anoticiaonline.com.br\\\/site\\\/conselho-federal-de-psicologia-reabre-inscricoes-para-concurso-de-especializacao\\\/#authorImage\",\"url\":\"https:\\\/\\\/secure.gravatar.com\\\/avatar\\\/b8d45f5c699b100dfaf0e543582f38f38bf94cb7ae3a5e9abf8d891a34773335?s=96&d=mm&r=g\",\"width\":96,\"height\":96,\"caption\":\"Juliana Laviola\"}},{\"@type\":\"WebPage\",\"@id\":\"https:\\\/\\\/anoticiaonline.com.br\\\/site\\\/conselho-federal-de-psicologia-reabre-inscricoes-para-concurso-de-especializacao\\\/#webpage\",\"url\":\"https:\\\/\\\/anoticiaonline.com.br\\\/site\\\/conselho-federal-de-psicologia-reabre-inscricoes-para-concurso-de-especializacao\\\/\",\"name\":\"Conselho Federal de Psicologia reabre inscri\\u00e7\\u00f5es para concurso de especializa\\u00e7\\u00e3o - A Not\\u00edcia Online\",\"description\":\"As inscri\\u00e7\\u00f5es para concurso de provas e t\\u00edtulos do Conselho Federal de Psicologia foram reabertas. Os interessados t\\u00eam at\\u00e9 o dia 20 de outubro para se inscrever atrav\\u00e9s do site do organizador do certame, www.idecan.org.br. A taxa de inscri\\u00e7\\u00e3o \\u00e9 de R$ 75,00. Esse concurso visa a concess\\u00e3o de t\\u00edtulo de especialista em v\\u00e1rias \\u00e1reas.\",\"inLanguage\":\"pt-BR\",\"isPartOf\":{\"@id\":\"https:\\\/\\\/anoticiaonline.com.br\\\/site\\\/#website\"},\"breadcrumb\":{\"@id\":\"https:\\\/\\\/anoticiaonline.com.br\\\/site\\\/conselho-federal-de-psicologia-reabre-inscricoes-para-concurso-de-especializacao\\\/#breadcrumblist\"},\"author\":{\"@id\":\"https:\\\/\\\/anoticiaonline.com.br\\\/site\\\/author\\\/juliana\\\/#author\"},\"creator\":{\"@id\":\"https:\\\/\\\/anoticiaonline.com.br\\\/site\\\/author\\\/juliana\\\/#author\"},\"image\":{\"@type\":\"ImageObject\",\"url\":\"https:\\\/\\\/anoticiaonline.com.br\\\/site\\\/wp-content\\\/uploads\\\/2015\\\/10\\\/simbolo_da_psicologia_png___psychology_symbol_by_van_golliaz-d7bki6e.png\",\"@id\":\"https:\\\/\\\/anoticiaonline.com.br\\\/site\\\/conselho-federal-de-psicologia-reabre-inscricoes-para-concurso-de-especializacao\\\/#mainImage\",\"width\":640,\"height\":562},\"primaryImageOfPage\":{\"@id\":\"https:\\\/\\\/anoticiaonline.com.br\\\/site\\\/conselho-federal-de-psicologia-reabre-inscricoes-para-concurso-de-especializacao\\\/#mainImage\"},\"datePublished\":\"2015-10-16T08:00:02-03:00\",\"dateModified\":\"2015-10-14T15:02:23-03:00\"},{\"@type\":\"WebSite\",\"@id\":\"https:\\\/\\\/anoticiaonline.com.br\\\/site\\\/#website\",\"url\":\"https:\\\/\\\/anoticiaonline.com.br\\\/site\\\/\",\"name\":\"A Not\\u00edcia Online\",\"description\":\"Noticias de Muria\\u00e9 e regi\\u00e3o\",\"inLanguage\":\"pt-BR\",\"publisher\":{\"@id\":\"https:\\\/\\\/anoticiaonline.com.br\\\/site\\\/#organization\"}}]}\n\t\t<\/script>\n\t\t<!-- All in One SEO -->\n\n","aioseo_head_json":{"title":"Conselho Federal de Psicologia reabre inscri\u00e7\u00f5es para concurso de especializa\u00e7\u00e3o - A Not\u00edcia Online","description":"As inscri\u00e7\u00f5es para concurso de provas e t\u00edtulos do Conselho Federal de Psicologia foram reabertas. Os interessados t\u00eam at\u00e9 o dia 20 de outubro para se inscrever atrav\u00e9s do site do organizador do certame, www.idecan.org.br. A taxa de inscri\u00e7\u00e3o \u00e9 de R$ 75,00. Esse concurso visa a concess\u00e3o de t\u00edtulo de especialista em v\u00e1rias \u00e1reas.","canonical_url":"https:\/\/anoticiaonline.com.br\/site\/conselho-federal-de-psicologia-reabre-inscricoes-para-concurso-de-especializacao\/","robots":"max-image-preview:large","keywords":"","webmasterTools":{"miscellaneous":""},"schema":{"@context":"https:\/\/schema.org","@graph":[{"@type":"BlogPosting","@id":"https:\/\/anoticiaonline.com.br\/site\/conselho-federal-de-psicologia-reabre-inscricoes-para-concurso-de-especializacao\/#blogposting","name":"Conselho Federal de Psicologia reabre inscri\u00e7\u00f5es para concurso de especializa\u00e7\u00e3o - A Not\u00edcia Online","headline":"Conselho Federal de Psicologia reabre inscri\u00e7\u00f5es para concurso de especializa\u00e7\u00e3o","author":{"@id":"https:\/\/anoticiaonline.com.br\/site\/author\/juliana\/#author"},"publisher":{"@id":"https:\/\/anoticiaonline.com.br\/site\/#organization"},"image":{"@type":"ImageObject","url":"https:\/\/anoticiaonline.com.br\/site\/wp-content\/uploads\/2015\/10\/simbolo_da_psicologia_png___psychology_symbol_by_van_golliaz-d7bki6e.png","width":640,"height":562},"datePublished":"2015-10-16T08:00:02-03:00","dateModified":"2015-10-14T15:02:23-03:00","inLanguage":"pt-BR","mainEntityOfPage":{"@id":"https:\/\/anoticiaonline.com.br\/site\/conselho-federal-de-psicologia-reabre-inscricoes-para-concurso-de-especializacao\/#webpage"},"isPartOf":{"@id":"https:\/\/anoticiaonline.com.br\/site\/conselho-federal-de-psicologia-reabre-inscricoes-para-concurso-de-especializacao\/#webpage"},"articleSection":"Gerais"},{"@type":"BreadcrumbList","@id":"https:\/\/anoticiaonline.com.br\/site\/conselho-federal-de-psicologia-reabre-inscricoes-para-concurso-de-especializacao\/#breadcrumblist","itemListElement":[{"@type":"ListItem","@id":"https:\/\/anoticiaonline.com.br\/site#listItem","position":1,"name":"Home","item":"https:\/\/anoticiaonline.com.br\/site","nextItem":{"@type":"ListItem","@id":"https:\/\/anoticiaonline.com.br\/site\/categoria\/gerais\/#listItem","name":"Gerais"}},{"@type":"ListItem","@id":"https:\/\/anoticiaonline.com.br\/site\/categoria\/gerais\/#listItem","position":2,"name":"Gerais","item":"https:\/\/anoticiaonline.com.br\/site\/categoria\/gerais\/","nextItem":{"@type":"ListItem","@id":"https:\/\/anoticiaonline.com.br\/site\/conselho-federal-de-psicologia-reabre-inscricoes-para-concurso-de-especializacao\/#listItem","name":"Conselho Federal de Psicologia reabre inscri\u00e7\u00f5es para concurso de especializa\u00e7\u00e3o"},"previousItem":{"@type":"ListItem","@id":"https:\/\/anoticiaonline.com.br\/site#listItem","name":"Home"}},{"@type":"ListItem","@id":"https:\/\/anoticiaonline.com.br\/site\/conselho-federal-de-psicologia-reabre-inscricoes-para-concurso-de-especializacao\/#listItem","position":3,"name":"Conselho Federal de Psicologia reabre inscri\u00e7\u00f5es para concurso de especializa\u00e7\u00e3o","previousItem":{"@type":"ListItem","@id":"https:\/\/anoticiaonline.com.br\/site\/categoria\/gerais\/#listItem","name":"Gerais"}}]},{"@type":"Organization","@id":"https:\/\/anoticiaonline.com.br\/site\/#organization","name":"A Not\u00edcia Online","description":"Noticias de Muria\u00e9 e regi\u00e3o","url":"https:\/\/anoticiaonline.com.br\/site\/","logo":{"@type":"ImageObject","url":"https:\/\/scontent-gig4-1.xx.fbcdn.net\/v\/t39.30808-1\/270437624_4564083193639691_6907940295614233970_n.jpg?stp=dst-jpg_s200x200_tt6&_nc_cat=111&ccb=1-7&_nc_sid=f907e8&_nc_ohc=SM1wRlP3lJwQ7kNvwEPuBYA&_nc_oc=AdnqrjDN_BNjSSHWO-GbkIWH6fkGMLw4bqvL_NH6e2wMveX7G-rP2dAqsDSq1mJMOaY&_nc_zt=24&_nc_ht=scontent-gig4-1.xx&_nc_gid=AoBFJeGrT1hVaew_6rchkQ&oh=00_AfX7QmFGhQhG2jAllVgXCiM1ZrWgvtp80-Bfppyexh1QEg&oe=689E923C","@id":"https:\/\/anoticiaonline.com.br\/site\/conselho-federal-de-psicologia-reabre-inscricoes-para-concurso-de-especializacao\/#organizationLogo"},"image":{"@id":"https:\/\/anoticiaonline.com.br\/site\/conselho-federal-de-psicologia-reabre-inscricoes-para-concurso-de-especializacao\/#organizationLogo"}},{"@type":"Person","@id":"https:\/\/anoticiaonline.com.br\/site\/author\/juliana\/#author","url":"https:\/\/anoticiaonline.com.br\/site\/author\/juliana\/","name":"Juliana Laviola","image":{"@type":"ImageObject","@id":"https:\/\/anoticiaonline.com.br\/site\/conselho-federal-de-psicologia-reabre-inscricoes-para-concurso-de-especializacao\/#authorImage","url":"https:\/\/secure.gravatar.com\/avatar\/b8d45f5c699b100dfaf0e543582f38f38bf94cb7ae3a5e9abf8d891a34773335?s=96&d=mm&r=g","width":96,"height":96,"caption":"Juliana Laviola"}},{"@type":"WebPage","@id":"https:\/\/anoticiaonline.com.br\/site\/conselho-federal-de-psicologia-reabre-inscricoes-para-concurso-de-especializacao\/#webpage","url":"https:\/\/anoticiaonline.com.br\/site\/conselho-federal-de-psicologia-reabre-inscricoes-para-concurso-de-especializacao\/","name":"Conselho Federal de Psicologia reabre inscri\u00e7\u00f5es para concurso de especializa\u00e7\u00e3o - A Not\u00edcia Online","description":"As inscri\u00e7\u00f5es para concurso de provas e t\u00edtulos do Conselho Federal de Psicologia foram reabertas. Os interessados t\u00eam at\u00e9 o dia 20 de outubro para se inscrever atrav\u00e9s do site do organizador do certame, www.idecan.org.br. A taxa de inscri\u00e7\u00e3o \u00e9 de R$ 75,00. Esse concurso visa a concess\u00e3o de t\u00edtulo de especialista em v\u00e1rias \u00e1reas.","inLanguage":"pt-BR","isPartOf":{"@id":"https:\/\/anoticiaonline.com.br\/site\/#website"},"breadcrumb":{"@id":"https:\/\/anoticiaonline.com.br\/site\/conselho-federal-de-psicologia-reabre-inscricoes-para-concurso-de-especializacao\/#breadcrumblist"},"author":{"@id":"https:\/\/anoticiaonline.com.br\/site\/author\/juliana\/#author"},"creator":{"@id":"https:\/\/anoticiaonline.com.br\/site\/author\/juliana\/#author"},"image":{"@type":"ImageObject","url":"https:\/\/anoticiaonline.com.br\/site\/wp-content\/uploads\/2015\/10\/simbolo_da_psicologia_png___psychology_symbol_by_van_golliaz-d7bki6e.png","@id":"https:\/\/anoticiaonline.com.br\/site\/conselho-federal-de-psicologia-reabre-inscricoes-para-concurso-de-especializacao\/#mainImage","width":640,"height":562},"primaryImageOfPage":{"@id":"https:\/\/anoticiaonline.com.br\/site\/conselho-federal-de-psicologia-reabre-inscricoes-para-concurso-de-especializacao\/#mainImage"},"datePublished":"2015-10-16T08:00:02-03:00","dateModified":"2015-10-14T15:02:23-03:00"},{"@type":"WebSite","@id":"https:\/\/anoticiaonline.com.br\/site\/#website","url":"https:\/\/anoticiaonline.com.br\/site\/","name":"A Not\u00edcia Online","description":"Noticias de Muria\u00e9 e regi\u00e3o","inLanguage":"pt-BR","publisher":{"@id":"https:\/\/anoticiaonline.com.br\/site\/#organization"}}]},"og:locale":"pt_BR","og:site_name":"A Not\u00edcia Online - Noticias de Muria\u00e9 e regi\u00e3o","og:type":"article","og:title":"Conselho Federal de Psicologia reabre inscri\u00e7\u00f5es para concurso de especializa\u00e7\u00e3o - A Not\u00edcia Online","og:description":"As inscri\u00e7\u00f5es para concurso de provas e t\u00edtulos do Conselho Federal de Psicologia foram reabertas. Os interessados t\u00eam at\u00e9 o dia 20 de outubro para se inscrever atrav\u00e9s do site do organizador do certame, www.idecan.org.br. A taxa de inscri\u00e7\u00e3o \u00e9 de R$ 75,00. Esse concurso visa a concess\u00e3o de t\u00edtulo de especialista em v\u00e1rias \u00e1reas.","og:url":"https:\/\/anoticiaonline.com.br\/site\/conselho-federal-de-psicologia-reabre-inscricoes-para-concurso-de-especializacao\/","og:image":"https:\/\/scontent-gig4-1.xx.fbcdn.net\/v\/t39.30808-1\/270437624_4564083193639691_6907940295614233970_n.jpg?stp=dst-jpg_s200x200_tt6&#038;_nc_cat=111&#038;ccb=1-7&#038;_nc_sid=f907e8&#038;_nc_ohc=SM1wRlP3lJwQ7kNvwEPuBYA&#038;_nc_oc=AdnqrjDN_BNjSSHWO-GbkIWH6fkGMLw4bqvL_NH6e2wMveX7G-rP2dAqsDSq1mJMOaY&#038;_nc_zt=24&#038;_nc_ht=scontent-gig4-1.xx&#038;_nc_gid=AoBFJeGrT1hVaew_6rchkQ&#038;oh=00_AfX7QmFGhQhG2jAllVgXCiM1ZrWgvtp80-Bfppyexh1QEg&#038;oe=689E923C","og:image:secure_url":"https:\/\/scontent-gig4-1.xx.fbcdn.net\/v\/t39.30808-1\/270437624_4564083193639691_6907940295614233970_n.jpg?stp=dst-jpg_s200x200_tt6&#038;_nc_cat=111&#038;ccb=1-7&#038;_nc_sid=f907e8&#038;_nc_ohc=SM1wRlP3lJwQ7kNvwEPuBYA&#038;_nc_oc=AdnqrjDN_BNjSSHWO-GbkIWH6fkGMLw4bqvL_NH6e2wMveX7G-rP2dAqsDSq1mJMOaY&#038;_nc_zt=24&#038;_nc_ht=scontent-gig4-1.xx&#038;_nc_gid=AoBFJeGrT1hVaew_6rchkQ&#038;oh=00_AfX7QmFGhQhG2jAllVgXCiM1ZrWgvtp80-Bfppyexh1QEg&#038;oe=689E923C","article:published_time":"2015-10-16T11:00:02+00:00","article:modified_time":"2015-10-14T18:02:23+00:00","twitter:card":"summary_large_image","twitter:title":"Conselho Federal de Psicologia reabre inscri\u00e7\u00f5es para concurso de especializa\u00e7\u00e3o - A Not\u00edcia Online","twitter:description":"As inscri\u00e7\u00f5es para concurso de provas e t\u00edtulos do Conselho Federal de Psicologia foram reabertas. Os interessados t\u00eam at\u00e9 o dia 20 de outubro para se inscrever atrav\u00e9s do site do organizador do certame, www.idecan.org.br. A taxa de inscri\u00e7\u00e3o \u00e9 de R$ 75,00. Esse concurso visa a concess\u00e3o de t\u00edtulo de especialista em v\u00e1rias \u00e1reas.","twitter:image":"https:\/\/scontent-gig4-1.xx.fbcdn.net\/v\/t39.30808-1\/270437624_4564083193639691_6907940295614233970_n.jpg?stp=dst-jpg_s200x200_tt6&_nc_cat=111&ccb=1-7&_nc_sid=f907e8&_nc_ohc=SM1wRlP3lJwQ7kNvwEPuBYA&_nc_oc=AdnqrjDN_BNjSSHWO-GbkIWH6fkGMLw4bqvL_NH6e2wMveX7G-rP2dAqsDSq1mJMOaY&_nc_zt=24&_nc_ht=scontent-gig4-1.xx&_nc_gid=AoBFJeGrT1hVaew_6rchkQ&oh=00_AfX7QmFGhQhG2jAllVgXCiM1ZrWgvtp80-Bfppyexh1QEg&oe=689E923C"},"aioseo_meta_data":{"post_id":"4745","title":null,"description":null,"keywords":null,"keyphrases":null,"primary_term":null,"canonical_url":null,"og_title":null,"og_description":null,"og_object_type":"default","og_image_type":"default","og_image_url":null,"og_image_width":null,"og_image_height":null,"og_image_custom_url":null,"og_image_custom_fields":null,"og_video":null,"og_custom_url":null,"og_article_section":null,"og_article_tags":null,"twitter_use_og":false,"twitter_card":"default","twitter_image_type":"default","twitter_image_url":null,"twitter_image_custom_url":null,"twitter_image_custom_fields":null,"twitter_title":null,"twitter_description":null,"schema":{"blockGraphs":[],"customGraphs":[],"default":{"data":{"Article":[],"Course":[],"Dataset":[],"FAQPage":[],"Movie":[],"Person":[],"Product":[],"ProductReview":[],"Car":[],"Recipe":[],"Service":[],"SoftwareApplication":[],"WebPage":[]},"graphName":"","isEnabled":true},"graphs":[]},"schema_type":"default","schema_type_options":null,"pillar_content":false,"robots_default":true,"robots_noindex":false,"robots_noarchive":false,"robots_nosnippet":false,"robots_nofollow":false,"robots_noimageindex":false,"robots_noodp":false,"robots_notranslate":false,"robots_max_snippet":null,"robots_max_videopreview":null,"robots_max_imagepreview":"large","priority":null,"frequency":null,"local_seo":null,"breadcrumb_settings":null,"limit_modified_date":false,"ai":null,"created":"2025-08-16 13:32:16","updated":"2025-08-16 13:32:16","focus_keyword":null,"additional_keywords":null,"truseo_locale":null,"seo_analyzer_scan_date":null},"aioseo_breadcrumb":"<div class=\"aioseo-breadcrumbs\"><span class=\"aioseo-breadcrumb\">\n\t\t\t<a href=\"https:\/\/anoticiaonline.com.br\/site\" title=\"Home\">Home<\/a>\n\t\t<\/span><span class=\"aioseo-breadcrumb-separator\">&raquo;<\/span><span class=\"aioseo-breadcrumb\">\n\t\t\t<a href=\"https:\/\/anoticiaonline.com.br\/site\/categoria\/gerais\/\" title=\"Gerais\">Gerais<\/a>\n\t\t<\/span><span class=\"aioseo-breadcrumb-separator\">&raquo;<\/span><span class=\"aioseo-breadcrumb\">\n\t\t\tConselho Federal de Psicologia reabre inscri\u00e7\u00f5es para concurso de especializa\u00e7\u00e3o\n\t\t<\/span><\/div>","aioseo_breadcrumb_json":[{"label":"Home","link":"https:\/\/anoticiaonline.com.br\/site"},{"label":"Gerais","link":"https:\/\/anoticiaonline.com.br\/site\/categoria\/gerais\/"},{"label":"Conselho Federal de Psicologia reabre inscri\u00e7\u00f5es para concurso de especializa\u00e7\u00e3o","link":"https:\/\/anoticiaonline.com.br\/site\/conselho-federal-de-psicologia-reabre-inscricoes-para-concurso-de-especializacao\/"}],"views":141,"_links":{"self":[{"href":"https:\/\/anoticiaonline.com.br\/site\/wp-json\/wp\/v2\/posts\/4745","targetHints":{"allow":["GET"]}}],"collection":[{"href":"https:\/\/anoticiaonline.com.br\/site\/wp-json\/wp\/v2\/posts"}],"about":[{"href":"https:\/\/anoticiaonline.com.br\/site\/wp-json\/wp\/v2\/types\/post"}],"author":[{"embeddable":true,"href":"https:\/\/anoticiaonline.com.br\/site\/wp-json\/wp\/v2\/users\/2"}],"replies":[{"embeddable":true,"href":"https:\/\/anoticiaonline.com.br\/site\/wp-json\/wp\/v2\/comments?post=4745"}],"version-history":[{"count":0,"href":"https:\/\/anoticiaonline.com.br\/site\/wp-json\/wp\/v2\/posts\/4745\/revisions"}],"wp:featuredmedia":[{"embeddable":true,"href":"https:\/\/anoticiaonline.com.br\/site\/wp-json\/wp\/v2\/media\/4746"}],"wp:attachment":[{"href":"https:\/\/anoticiaonline.com.br\/site\/wp-json\/wp\/v2\/media?parent=4745"}],"wp:term":[{"taxonomy":"category","embeddable":true,"href":"https:\/\/anoticiaonline.com.br\/site\/wp-json\/wp\/v2\/categories?post=4745"},{"taxonomy":"post_tag","embeddable":true,"href":"https:\/\/anoticiaonline.com.br\/site\/wp-json\/wp\/v2\/tags?post=4745"}],"curies":[{"name":"wp","href":"https:\/\/api.w.org\/{rel}","templated":true}]}}