{"id":47415,"date":"2017-12-07T17:33:31","date_gmt":"2017-12-07T20:33:31","guid":{"rendered":"http:\/\/anoticiaonline.com.br\/site\/?p=47415"},"modified":"2017-12-07T17:33:31","modified_gmt":"2017-12-07T20:33:31","slug":"sociarte-8-12","status":"publish","type":"post","link":"https:\/\/anoticiaonline.com.br\/site\/sociarte-8-12\/","title":{"rendered":"SOCIARTE 8.12"},"content":{"rendered":"<p><strong><a href=\"https:\/\/anoticiaonline.com.br\/site\/wp-content\/uploads\/2017\/12\/Parab\u00e9ns-Talita.jpg\"><img fetchpriority=\"high\" decoding=\"async\" class=\"aligncenter size-full wp-image-47440\" src=\"https:\/\/anoticiaonline.com.br\/site\/wp-content\/uploads\/2017\/12\/Parab\u00e9ns-Talita.jpg\" alt=\"\" width=\"640\" height=\"640\" srcset=\"https:\/\/anoticiaonline.com.br\/site\/wp-content\/uploads\/2017\/12\/Parab\u00e9ns-Talita.jpg 640w, https:\/\/anoticiaonline.com.br\/site\/wp-content\/uploads\/2017\/12\/Parab\u00e9ns-Talita-150x150.jpg 150w, https:\/\/anoticiaonline.com.br\/site\/wp-content\/uploads\/2017\/12\/Parab\u00e9ns-Talita-300x300.jpg 300w, https:\/\/anoticiaonline.com.br\/site\/wp-content\/uploads\/2017\/12\/Parab\u00e9ns-Talita-144x144.jpg 144w\" sizes=\"(max-width: 640px) 100vw, 640px\" \/><\/a>Parab\u00e9ns Talita<\/strong><\/p>\n<p>A querida Talita Rabelo, casada com o Dr. Raphael Agostini, completou idade nova nesta quinta-feira (7). Ela que \u00e9 filha do casal Gra\u00e7a a Crist\u00f3v\u00e3o Rabelo est\u00e1 \u00e0 espera de sua primog\u00eanita, a pequena B\u00e1rbara. Que Deus e Maria proteja hoje e sempre a sua vida e de sua pequena B\u00e1rbara!<\/p>\n<p><strong><a href=\"https:\/\/anoticiaonline.com.br\/site\/wp-content\/uploads\/2017\/12\/15-anos-de-Karla.jpg\"><img decoding=\"async\" class=\"aligncenter size-full wp-image-47437\" src=\"https:\/\/anoticiaonline.com.br\/site\/wp-content\/uploads\/2017\/12\/15-anos-de-Karla.jpg\" alt=\"\" width=\"450\" height=\"640\" srcset=\"https:\/\/anoticiaonline.com.br\/site\/wp-content\/uploads\/2017\/12\/15-anos-de-Karla.jpg 450w, https:\/\/anoticiaonline.com.br\/site\/wp-content\/uploads\/2017\/12\/15-anos-de-Karla-211x300.jpg 211w\" sizes=\"(max-width: 450px) 100vw, 450px\" \/><\/a>15 anos de Karla<\/strong><\/p>\n<p>O s\u00e1bado (12) foi escolhido para comemorar a chegada dos 15 anos de Karla Evelin Gon\u00e7alves Magalh\u00e3es. A festa aconteceu nos sal\u00f5es do Goytacazes Esporte Clube Divino e reuniu amigos e familiares. Ela \u00e9 filha de Marisa e Luiz Carlos, e irm\u00e3 da bonita Lorena. Parab\u00e9ns para a aniversariante. As fotos ficaram por conta da Revele Photo.<\/p>\n<p><strong><a href=\"https:\/\/anoticiaonline.com.br\/site\/wp-content\/uploads\/2017\/12\/7-anos-de-Enzo.jpg\"><img decoding=\"async\" class=\"aligncenter size-full wp-image-47436\" src=\"https:\/\/anoticiaonline.com.br\/site\/wp-content\/uploads\/2017\/12\/7-anos-de-Enzo.jpg\" alt=\"\" width=\"640\" height=\"426\" srcset=\"https:\/\/anoticiaonline.com.br\/site\/wp-content\/uploads\/2017\/12\/7-anos-de-Enzo.jpg 640w, https:\/\/anoticiaonline.com.br\/site\/wp-content\/uploads\/2017\/12\/7-anos-de-Enzo-300x200.jpg 300w\" sizes=\"(max-width: 640px) 100vw, 640px\" \/><\/a>7 anos de Enzo <\/strong><\/p>\n<p>Os papais Geraldo Vergilino de Freitas J\u00fanior e Ana Paula Botelho prepararam com todo o carinho o anivers\u00e1rio de 7 anos do seu filho Enzo. A festa, decorada pela mam\u00e3e Ana Paula, aconteceu nos sal\u00f5es do Garden Festas, no domingo (3). Por l\u00e1 muitos amigos e familiares al\u00e9m do irm\u00e3o do aniversariante, o querido Igor. O tema escolhido foi Lego e as fotos ficaram por conta da Revele Photo.<\/p>\n<p><strong><a href=\"https:\/\/anoticiaonline.com.br\/site\/wp-content\/uploads\/2017\/12\/Parab\u00e9ns-Ana-Elisa.jpg\"><img loading=\"lazy\" decoding=\"async\" class=\"aligncenter size-full wp-image-47438\" src=\"https:\/\/anoticiaonline.com.br\/site\/wp-content\/uploads\/2017\/12\/Parab\u00e9ns-Ana-Elisa.jpg\" alt=\"\" width=\"640\" height=\"640\" srcset=\"https:\/\/anoticiaonline.com.br\/site\/wp-content\/uploads\/2017\/12\/Parab\u00e9ns-Ana-Elisa.jpg 640w, https:\/\/anoticiaonline.com.br\/site\/wp-content\/uploads\/2017\/12\/Parab\u00e9ns-Ana-Elisa-150x150.jpg 150w, https:\/\/anoticiaonline.com.br\/site\/wp-content\/uploads\/2017\/12\/Parab\u00e9ns-Ana-Elisa-300x300.jpg 300w, https:\/\/anoticiaonline.com.br\/site\/wp-content\/uploads\/2017\/12\/Parab\u00e9ns-Ana-Elisa-144x144.jpg 144w\" sizes=\"(max-width: 640px) 100vw, 640px\" \/><\/a>Parab\u00e9ns Ana Elisa<\/strong><\/p>\n<p>A advogada muriaeense Ana Elisa Marum Braga comemorou seu anivers\u00e1rio na quarta-feira (6), no Rio de Janeiro, cidade onde mora. Ela reuniu amigos e colegas de trabalho para juntos celebrarem a chegada de mais uma data natal\u00edcia. Parab\u00e9ns!<\/p>\n<p><strong><a href=\"https:\/\/anoticiaonline.com.br\/site\/wp-content\/uploads\/2017\/12\/Parab\u00e9ns-Tia-\u00c2ngela.jpg\"><img loading=\"lazy\" decoding=\"async\" class=\"aligncenter size-full wp-image-47441\" src=\"https:\/\/anoticiaonline.com.br\/site\/wp-content\/uploads\/2017\/12\/Parab\u00e9ns-Tia-\u00c2ngela.jpg\" alt=\"\" width=\"355\" height=\"640\" srcset=\"https:\/\/anoticiaonline.com.br\/site\/wp-content\/uploads\/2017\/12\/Parab\u00e9ns-Tia-\u00c2ngela.jpg 355w, https:\/\/anoticiaonline.com.br\/site\/wp-content\/uploads\/2017\/12\/Parab\u00e9ns-Tia-\u00c2ngela-166x300.jpg 166w\" sizes=\"(max-width: 355px) 100vw, 355px\" \/><\/a>Parab\u00e9ns Tia \u00c2ngela<\/strong><\/p>\n<p>A nossa amiga \u00c2ngela Maria Rocha Lessa Cabral, carinhosamente conhecida por Tia \u00c2ngela devido a sua vasta experi\u00eancia na \u00e1rea educacional em Muria\u00e9 e regi\u00e3o, ir\u00e1 completar idade nova na pr\u00f3xima ter\u00e7a-feira (12). Ela \u00e9 diretora e coordenadora do Polo Muria\u00e9 da UNIFRAN, unidade de ensino que vem ano a ano se despontando em sua \u00e1rea. Parab\u00e9ns Tia \u00c2ngela, muitos anos de vida!<\/p>\n<p><strong><a href=\"https:\/\/anoticiaonline.com.br\/site\/wp-content\/uploads\/2017\/12\/Parab\u00e9ns-Nath\u00e1lia.jpg\"><img loading=\"lazy\" decoding=\"async\" class=\"aligncenter size-full wp-image-47439\" src=\"https:\/\/anoticiaonline.com.br\/site\/wp-content\/uploads\/2017\/12\/Parab\u00e9ns-Nath\u00e1lia.jpg\" alt=\"\" width=\"425\" height=\"640\" srcset=\"https:\/\/anoticiaonline.com.br\/site\/wp-content\/uploads\/2017\/12\/Parab\u00e9ns-Nath\u00e1lia.jpg 425w, https:\/\/anoticiaonline.com.br\/site\/wp-content\/uploads\/2017\/12\/Parab\u00e9ns-Nath\u00e1lia-199x300.jpg 199w\" sizes=\"(max-width: 425px) 100vw, 425px\" \/><\/a>Parab\u00e9ns Nath\u00e1lia<\/strong><\/p>\n<p>A nossa \u2018coleguinha\u2019 jornalista, advogada e assessora de imprensa Nath\u00e1lia Aquino Sigiliano Vaz \u2018soprou\u2019 velhinhas no domingo (2) junto com os seus familiares. Ela \u00e9 filha do casal Silv\u00e9rio e Cl\u00e1udia, e casada com Marcelo Vaz. A ela desejamos muitas b\u00ean\u00e7\u00e3os de Deus, paz e sa\u00fade!<\/p>\n","protected":false},"excerpt":{"rendered":"<p>Parab\u00e9ns Talita A querida Talita Rabelo, casada com o Dr. Raphael Agostini, completou idade nova nesta quinta-feira (7). Ela que \u00e9 filha do casal Gra\u00e7a a Crist\u00f3v\u00e3o Rabelo est\u00e1 \u00e0 espera de sua primog\u00eanita, a pequena B\u00e1rbara. Que Deus e Maria proteja hoje e sempre a sua vida e de sua pequena B\u00e1rbara! 15 anos &#8230; <a title=\"SOCIARTE 8.12\" class=\"read-more\" href=\"https:\/\/anoticiaonline.com.br\/site\/sociarte-8-12\/\" aria-label=\"Read more about SOCIARTE 8.12\">Ler mais<\/a><\/p>\n","protected":false},"author":2,"featured_media":0,"comment_status":"open","ping_status":"open","sticky":false,"template":"","format":"standard","meta":{"_acf_changed":false,"_monsterinsights_skip_tracking":false,"footnotes":""},"categories":[31,38],"tags":[],"class_list":["post-47415","post","type-post","status-publish","format-standard","hentry","category-colunistas","category-sociarte"],"acf":[],"aioseo_notices":[],"aioseo_head":"\n\t\t<!-- All in One SEO 5.0.0.1 - aioseo.com -->\n\t<meta name=\"description\" content=\"Parab\u00e9ns Talita A querida Talita Rabelo, casada com o Dr. Raphael Agostini, completou idade nova nesta quinta-feira (7). Ela que \u00e9 filha do casal Gra\u00e7a a Crist\u00f3v\u00e3o Rabelo est\u00e1 \u00e0 espera de sua primog\u00eanita, a pequena B\u00e1rbara. Que Deus e Maria proteja hoje e sempre a sua vida e de sua pequena B\u00e1rbara! 15 anos\" \/>\n\t<meta name=\"robots\" content=\"max-image-preview:large\" \/>\n\t<meta name=\"author\" content=\"Juliana Laviola\"\/>\n\t<link rel=\"canonical\" href=\"https:\/\/anoticiaonline.com.br\/site\/sociarte-8-12\/\" \/>\n\t<meta name=\"generator\" content=\"All in One SEO (AIOSEO) 5.0.0.1\" \/>\n\t\t<meta property=\"og:locale\" content=\"pt_BR\" \/>\n\t\t<meta property=\"og:site_name\" content=\"A Not\u00edcia Online - Noticias de Muria\u00e9 e regi\u00e3o\" \/>\n\t\t<meta property=\"og:type\" content=\"article\" \/>\n\t\t<meta property=\"og:title\" content=\"SOCIARTE 8.12 - A Not\u00edcia Online\" \/>\n\t\t<meta property=\"og:description\" content=\"Parab\u00e9ns Talita A querida Talita Rabelo, casada com o Dr. Raphael Agostini, completou idade nova nesta quinta-feira (7). Ela que \u00e9 filha do casal Gra\u00e7a a Crist\u00f3v\u00e3o Rabelo est\u00e1 \u00e0 espera de sua primog\u00eanita, a pequena B\u00e1rbara. Que Deus e Maria proteja hoje e sempre a sua vida e de sua pequena B\u00e1rbara! 15 anos\" \/>\n\t\t<meta property=\"og:url\" content=\"https:\/\/anoticiaonline.com.br\/site\/sociarte-8-12\/\" \/>\n\t\t<meta property=\"og:image\" content=\"https:\/\/scontent-gig4-1.xx.fbcdn.net\/v\/t39.30808-1\/270437624_4564083193639691_6907940295614233970_n.jpg?stp=dst-jpg_s200x200_tt6&#038;_nc_cat=111&#038;ccb=1-7&#038;_nc_sid=f907e8&#038;_nc_ohc=SM1wRlP3lJwQ7kNvwEPuBYA&#038;_nc_oc=AdnqrjDN_BNjSSHWO-GbkIWH6fkGMLw4bqvL_NH6e2wMveX7G-rP2dAqsDSq1mJMOaY&#038;_nc_zt=24&#038;_nc_ht=scontent-gig4-1.xx&#038;_nc_gid=AoBFJeGrT1hVaew_6rchkQ&#038;oh=00_AfX7QmFGhQhG2jAllVgXCiM1ZrWgvtp80-Bfppyexh1QEg&#038;oe=689E923C\" \/>\n\t\t<meta property=\"og:image:secure_url\" content=\"https:\/\/scontent-gig4-1.xx.fbcdn.net\/v\/t39.30808-1\/270437624_4564083193639691_6907940295614233970_n.jpg?stp=dst-jpg_s200x200_tt6&#038;_nc_cat=111&#038;ccb=1-7&#038;_nc_sid=f907e8&#038;_nc_ohc=SM1wRlP3lJwQ7kNvwEPuBYA&#038;_nc_oc=AdnqrjDN_BNjSSHWO-GbkIWH6fkGMLw4bqvL_NH6e2wMveX7G-rP2dAqsDSq1mJMOaY&#038;_nc_zt=24&#038;_nc_ht=scontent-gig4-1.xx&#038;_nc_gid=AoBFJeGrT1hVaew_6rchkQ&#038;oh=00_AfX7QmFGhQhG2jAllVgXCiM1ZrWgvtp80-Bfppyexh1QEg&#038;oe=689E923C\" \/>\n\t\t<meta property=\"article:published_time\" content=\"2017-12-07T20:33:31+00:00\" \/>\n\t\t<meta property=\"article:modified_time\" content=\"2017-12-07T20:33:31+00:00\" \/>\n\t\t<meta name=\"twitter:card\" content=\"summary_large_image\" \/>\n\t\t<meta name=\"twitter:title\" content=\"SOCIARTE 8.12 - A Not\u00edcia Online\" \/>\n\t\t<meta name=\"twitter:description\" content=\"Parab\u00e9ns Talita A querida Talita Rabelo, casada com o Dr. Raphael Agostini, completou idade nova nesta quinta-feira (7). Ela que \u00e9 filha do casal Gra\u00e7a a Crist\u00f3v\u00e3o Rabelo est\u00e1 \u00e0 espera de sua primog\u00eanita, a pequena B\u00e1rbara. Que Deus e Maria proteja hoje e sempre a sua vida e de sua pequena B\u00e1rbara! 15 anos\" \/>\n\t\t<meta name=\"twitter:image\" content=\"https:\/\/scontent-gig4-1.xx.fbcdn.net\/v\/t39.30808-1\/270437624_4564083193639691_6907940295614233970_n.jpg?stp=dst-jpg_s200x200_tt6&amp;_nc_cat=111&amp;ccb=1-7&amp;_nc_sid=f907e8&amp;_nc_ohc=SM1wRlP3lJwQ7kNvwEPuBYA&amp;_nc_oc=AdnqrjDN_BNjSSHWO-GbkIWH6fkGMLw4bqvL_NH6e2wMveX7G-rP2dAqsDSq1mJMOaY&amp;_nc_zt=24&amp;_nc_ht=scontent-gig4-1.xx&amp;_nc_gid=AoBFJeGrT1hVaew_6rchkQ&amp;oh=00_AfX7QmFGhQhG2jAllVgXCiM1ZrWgvtp80-Bfppyexh1QEg&amp;oe=689E923C\" \/>\n\t\t<script type=\"application\/ld+json\" class=\"aioseo-schema\">\n\t\t\t{\"@context\":\"https:\\\/\\\/schema.org\",\"@graph\":[{\"@type\":\"BlogPosting\",\"@id\":\"https:\\\/\\\/anoticiaonline.com.br\\\/site\\\/sociarte-8-12\\\/#blogposting\",\"name\":\"SOCIARTE 8.12 - A Not\\u00edcia Online\",\"headline\":\"SOCIARTE 8.12\",\"author\":{\"@id\":\"https:\\\/\\\/anoticiaonline.com.br\\\/site\\\/author\\\/juliana\\\/#author\"},\"publisher\":{\"@id\":\"https:\\\/\\\/anoticiaonline.com.br\\\/site\\\/#organization\"},\"image\":{\"@type\":\"ImageObject\",\"url\":\"https:\\\/\\\/anoticiaonline.com.br\\\/site\\\/wp-content\\\/uploads\\\/2017\\\/12\\\/Parab\\u00e9ns-Talita.jpg\",\"@id\":\"https:\\\/\\\/anoticiaonline.com.br\\\/site\\\/sociarte-8-12\\\/#articleImage\",\"width\":640,\"height\":640},\"datePublished\":\"2017-12-07T17:33:31-03:00\",\"dateModified\":\"2017-12-07T17:33:31-03:00\",\"inLanguage\":\"pt-BR\",\"mainEntityOfPage\":{\"@id\":\"https:\\\/\\\/anoticiaonline.com.br\\\/site\\\/sociarte-8-12\\\/#webpage\"},\"isPartOf\":{\"@id\":\"https:\\\/\\\/anoticiaonline.com.br\\\/site\\\/sociarte-8-12\\\/#webpage\"},\"articleSection\":\"Colunistas, Sociarte\"},{\"@type\":\"BreadcrumbList\",\"@id\":\"https:\\\/\\\/anoticiaonline.com.br\\\/site\\\/sociarte-8-12\\\/#breadcrumblist\",\"itemListElement\":[{\"@type\":\"ListItem\",\"@id\":\"https:\\\/\\\/anoticiaonline.com.br\\\/site#listItem\",\"position\":1,\"name\":\"Home\",\"item\":\"https:\\\/\\\/anoticiaonline.com.br\\\/site\",\"nextItem\":{\"@type\":\"ListItem\",\"@id\":\"https:\\\/\\\/anoticiaonline.com.br\\\/site\\\/categoria\\\/colunistas\\\/#listItem\",\"name\":\"Colunistas\"}},{\"@type\":\"ListItem\",\"@id\":\"https:\\\/\\\/anoticiaonline.com.br\\\/site\\\/categoria\\\/colunistas\\\/#listItem\",\"position\":2,\"name\":\"Colunistas\",\"item\":\"https:\\\/\\\/anoticiaonline.com.br\\\/site\\\/categoria\\\/colunistas\\\/\",\"nextItem\":{\"@type\":\"ListItem\",\"@id\":\"https:\\\/\\\/anoticiaonline.com.br\\\/site\\\/categoria\\\/colunistas\\\/sociarte\\\/#listItem\",\"name\":\"Sociarte\"},\"previousItem\":{\"@type\":\"ListItem\",\"@id\":\"https:\\\/\\\/anoticiaonline.com.br\\\/site#listItem\",\"name\":\"Home\"}},{\"@type\":\"ListItem\",\"@id\":\"https:\\\/\\\/anoticiaonline.com.br\\\/site\\\/categoria\\\/colunistas\\\/sociarte\\\/#listItem\",\"position\":3,\"name\":\"Sociarte\",\"item\":\"https:\\\/\\\/anoticiaonline.com.br\\\/site\\\/categoria\\\/colunistas\\\/sociarte\\\/\",\"nextItem\":{\"@type\":\"ListItem\",\"@id\":\"https:\\\/\\\/anoticiaonline.com.br\\\/site\\\/sociarte-8-12\\\/#listItem\",\"name\":\"SOCIARTE 8.12\"},\"previousItem\":{\"@type\":\"ListItem\",\"@id\":\"https:\\\/\\\/anoticiaonline.com.br\\\/site\\\/categoria\\\/colunistas\\\/#listItem\",\"name\":\"Colunistas\"}},{\"@type\":\"ListItem\",\"@id\":\"https:\\\/\\\/anoticiaonline.com.br\\\/site\\\/sociarte-8-12\\\/#listItem\",\"position\":4,\"name\":\"SOCIARTE 8.12\",\"previousItem\":{\"@type\":\"ListItem\",\"@id\":\"https:\\\/\\\/anoticiaonline.com.br\\\/site\\\/categoria\\\/colunistas\\\/sociarte\\\/#listItem\",\"name\":\"Sociarte\"}}]},{\"@type\":\"Organization\",\"@id\":\"https:\\\/\\\/anoticiaonline.com.br\\\/site\\\/#organization\",\"name\":\"A Not\\u00edcia Online\",\"description\":\"Noticias de Muria\\u00e9 e regi\\u00e3o\",\"url\":\"https:\\\/\\\/anoticiaonline.com.br\\\/site\\\/\",\"logo\":{\"@type\":\"ImageObject\",\"url\":\"https:\\\/\\\/scontent-gig4-1.xx.fbcdn.net\\\/v\\\/t39.30808-1\\\/270437624_4564083193639691_6907940295614233970_n.jpg?stp=dst-jpg_s200x200_tt6&_nc_cat=111&ccb=1-7&_nc_sid=f907e8&_nc_ohc=SM1wRlP3lJwQ7kNvwEPuBYA&_nc_oc=AdnqrjDN_BNjSSHWO-GbkIWH6fkGMLw4bqvL_NH6e2wMveX7G-rP2dAqsDSq1mJMOaY&_nc_zt=24&_nc_ht=scontent-gig4-1.xx&_nc_gid=AoBFJeGrT1hVaew_6rchkQ&oh=00_AfX7QmFGhQhG2jAllVgXCiM1ZrWgvtp80-Bfppyexh1QEg&oe=689E923C\",\"@id\":\"https:\\\/\\\/anoticiaonline.com.br\\\/site\\\/sociarte-8-12\\\/#organizationLogo\"},\"image\":{\"@id\":\"https:\\\/\\\/anoticiaonline.com.br\\\/site\\\/sociarte-8-12\\\/#organizationLogo\"}},{\"@type\":\"Person\",\"@id\":\"https:\\\/\\\/anoticiaonline.com.br\\\/site\\\/author\\\/juliana\\\/#author\",\"url\":\"https:\\\/\\\/anoticiaonline.com.br\\\/site\\\/author\\\/juliana\\\/\",\"name\":\"Juliana Laviola\",\"image\":{\"@type\":\"ImageObject\",\"@id\":\"https:\\\/\\\/anoticiaonline.com.br\\\/site\\\/sociarte-8-12\\\/#authorImage\",\"url\":\"https:\\\/\\\/secure.gravatar.com\\\/avatar\\\/b8d45f5c699b100dfaf0e543582f38f38bf94cb7ae3a5e9abf8d891a34773335?s=96&d=mm&r=g\",\"width\":96,\"height\":96,\"caption\":\"Juliana Laviola\"}},{\"@type\":\"WebPage\",\"@id\":\"https:\\\/\\\/anoticiaonline.com.br\\\/site\\\/sociarte-8-12\\\/#webpage\",\"url\":\"https:\\\/\\\/anoticiaonline.com.br\\\/site\\\/sociarte-8-12\\\/\",\"name\":\"SOCIARTE 8.12 - A Not\\u00edcia Online\",\"description\":\"Parab\\u00e9ns Talita A querida Talita Rabelo, casada com o Dr. Raphael Agostini, completou idade nova nesta quinta-feira (7). Ela que \\u00e9 filha do casal Gra\\u00e7a a Crist\\u00f3v\\u00e3o Rabelo est\\u00e1 \\u00e0 espera de sua primog\\u00eanita, a pequena B\\u00e1rbara. Que Deus e Maria proteja hoje e sempre a sua vida e de sua pequena B\\u00e1rbara! 15 anos\",\"inLanguage\":\"pt-BR\",\"isPartOf\":{\"@id\":\"https:\\\/\\\/anoticiaonline.com.br\\\/site\\\/#website\"},\"breadcrumb\":{\"@id\":\"https:\\\/\\\/anoticiaonline.com.br\\\/site\\\/sociarte-8-12\\\/#breadcrumblist\"},\"author\":{\"@id\":\"https:\\\/\\\/anoticiaonline.com.br\\\/site\\\/author\\\/juliana\\\/#author\"},\"creator\":{\"@id\":\"https:\\\/\\\/anoticiaonline.com.br\\\/site\\\/author\\\/juliana\\\/#author\"},\"datePublished\":\"2017-12-07T17:33:31-03:00\",\"dateModified\":\"2017-12-07T17:33:31-03:00\"},{\"@type\":\"WebSite\",\"@id\":\"https:\\\/\\\/anoticiaonline.com.br\\\/site\\\/#website\",\"url\":\"https:\\\/\\\/anoticiaonline.com.br\\\/site\\\/\",\"name\":\"A Not\\u00edcia Online\",\"description\":\"Noticias de Muria\\u00e9 e regi\\u00e3o\",\"inLanguage\":\"pt-BR\",\"publisher\":{\"@id\":\"https:\\\/\\\/anoticiaonline.com.br\\\/site\\\/#organization\"}}]}\n\t\t<\/script>\n\t\t<!-- All in One SEO -->\n\n","aioseo_head_json":{"title":"SOCIARTE 8.12 - A Not\u00edcia Online","description":"Parab\u00e9ns Talita A querida Talita Rabelo, casada com o Dr. Raphael Agostini, completou idade nova nesta quinta-feira (7). Ela que \u00e9 filha do casal Gra\u00e7a a Crist\u00f3v\u00e3o Rabelo est\u00e1 \u00e0 espera de sua primog\u00eanita, a pequena B\u00e1rbara. Que Deus e Maria proteja hoje e sempre a sua vida e de sua pequena B\u00e1rbara! 15 anos","canonical_url":"https:\/\/anoticiaonline.com.br\/site\/sociarte-8-12\/","robots":"max-image-preview:large","keywords":"","webmasterTools":{"miscellaneous":""},"schema":{"@context":"https:\/\/schema.org","@graph":[{"@type":"BlogPosting","@id":"https:\/\/anoticiaonline.com.br\/site\/sociarte-8-12\/#blogposting","name":"SOCIARTE 8.12 - A Not\u00edcia Online","headline":"SOCIARTE 8.12","author":{"@id":"https:\/\/anoticiaonline.com.br\/site\/author\/juliana\/#author"},"publisher":{"@id":"https:\/\/anoticiaonline.com.br\/site\/#organization"},"image":{"@type":"ImageObject","url":"https:\/\/anoticiaonline.com.br\/site\/wp-content\/uploads\/2017\/12\/Parab\u00e9ns-Talita.jpg","@id":"https:\/\/anoticiaonline.com.br\/site\/sociarte-8-12\/#articleImage","width":640,"height":640},"datePublished":"2017-12-07T17:33:31-03:00","dateModified":"2017-12-07T17:33:31-03:00","inLanguage":"pt-BR","mainEntityOfPage":{"@id":"https:\/\/anoticiaonline.com.br\/site\/sociarte-8-12\/#webpage"},"isPartOf":{"@id":"https:\/\/anoticiaonline.com.br\/site\/sociarte-8-12\/#webpage"},"articleSection":"Colunistas, Sociarte"},{"@type":"BreadcrumbList","@id":"https:\/\/anoticiaonline.com.br\/site\/sociarte-8-12\/#breadcrumblist","itemListElement":[{"@type":"ListItem","@id":"https:\/\/anoticiaonline.com.br\/site#listItem","position":1,"name":"Home","item":"https:\/\/anoticiaonline.com.br\/site","nextItem":{"@type":"ListItem","@id":"https:\/\/anoticiaonline.com.br\/site\/categoria\/colunistas\/#listItem","name":"Colunistas"}},{"@type":"ListItem","@id":"https:\/\/anoticiaonline.com.br\/site\/categoria\/colunistas\/#listItem","position":2,"name":"Colunistas","item":"https:\/\/anoticiaonline.com.br\/site\/categoria\/colunistas\/","nextItem":{"@type":"ListItem","@id":"https:\/\/anoticiaonline.com.br\/site\/categoria\/colunistas\/sociarte\/#listItem","name":"Sociarte"},"previousItem":{"@type":"ListItem","@id":"https:\/\/anoticiaonline.com.br\/site#listItem","name":"Home"}},{"@type":"ListItem","@id":"https:\/\/anoticiaonline.com.br\/site\/categoria\/colunistas\/sociarte\/#listItem","position":3,"name":"Sociarte","item":"https:\/\/anoticiaonline.com.br\/site\/categoria\/colunistas\/sociarte\/","nextItem":{"@type":"ListItem","@id":"https:\/\/anoticiaonline.com.br\/site\/sociarte-8-12\/#listItem","name":"SOCIARTE 8.12"},"previousItem":{"@type":"ListItem","@id":"https:\/\/anoticiaonline.com.br\/site\/categoria\/colunistas\/#listItem","name":"Colunistas"}},{"@type":"ListItem","@id":"https:\/\/anoticiaonline.com.br\/site\/sociarte-8-12\/#listItem","position":4,"name":"SOCIARTE 8.12","previousItem":{"@type":"ListItem","@id":"https:\/\/anoticiaonline.com.br\/site\/categoria\/colunistas\/sociarte\/#listItem","name":"Sociarte"}}]},{"@type":"Organization","@id":"https:\/\/anoticiaonline.com.br\/site\/#organization","name":"A Not\u00edcia Online","description":"Noticias de Muria\u00e9 e regi\u00e3o","url":"https:\/\/anoticiaonline.com.br\/site\/","logo":{"@type":"ImageObject","url":"https:\/\/scontent-gig4-1.xx.fbcdn.net\/v\/t39.30808-1\/270437624_4564083193639691_6907940295614233970_n.jpg?stp=dst-jpg_s200x200_tt6&_nc_cat=111&ccb=1-7&_nc_sid=f907e8&_nc_ohc=SM1wRlP3lJwQ7kNvwEPuBYA&_nc_oc=AdnqrjDN_BNjSSHWO-GbkIWH6fkGMLw4bqvL_NH6e2wMveX7G-rP2dAqsDSq1mJMOaY&_nc_zt=24&_nc_ht=scontent-gig4-1.xx&_nc_gid=AoBFJeGrT1hVaew_6rchkQ&oh=00_AfX7QmFGhQhG2jAllVgXCiM1ZrWgvtp80-Bfppyexh1QEg&oe=689E923C","@id":"https:\/\/anoticiaonline.com.br\/site\/sociarte-8-12\/#organizationLogo"},"image":{"@id":"https:\/\/anoticiaonline.com.br\/site\/sociarte-8-12\/#organizationLogo"}},{"@type":"Person","@id":"https:\/\/anoticiaonline.com.br\/site\/author\/juliana\/#author","url":"https:\/\/anoticiaonline.com.br\/site\/author\/juliana\/","name":"Juliana Laviola","image":{"@type":"ImageObject","@id":"https:\/\/anoticiaonline.com.br\/site\/sociarte-8-12\/#authorImage","url":"https:\/\/secure.gravatar.com\/avatar\/b8d45f5c699b100dfaf0e543582f38f38bf94cb7ae3a5e9abf8d891a34773335?s=96&d=mm&r=g","width":96,"height":96,"caption":"Juliana Laviola"}},{"@type":"WebPage","@id":"https:\/\/anoticiaonline.com.br\/site\/sociarte-8-12\/#webpage","url":"https:\/\/anoticiaonline.com.br\/site\/sociarte-8-12\/","name":"SOCIARTE 8.12 - A Not\u00edcia Online","description":"Parab\u00e9ns Talita A querida Talita Rabelo, casada com o Dr. Raphael Agostini, completou idade nova nesta quinta-feira (7). Ela que \u00e9 filha do casal Gra\u00e7a a Crist\u00f3v\u00e3o Rabelo est\u00e1 \u00e0 espera de sua primog\u00eanita, a pequena B\u00e1rbara. Que Deus e Maria proteja hoje e sempre a sua vida e de sua pequena B\u00e1rbara! 15 anos","inLanguage":"pt-BR","isPartOf":{"@id":"https:\/\/anoticiaonline.com.br\/site\/#website"},"breadcrumb":{"@id":"https:\/\/anoticiaonline.com.br\/site\/sociarte-8-12\/#breadcrumblist"},"author":{"@id":"https:\/\/anoticiaonline.com.br\/site\/author\/juliana\/#author"},"creator":{"@id":"https:\/\/anoticiaonline.com.br\/site\/author\/juliana\/#author"},"datePublished":"2017-12-07T17:33:31-03:00","dateModified":"2017-12-07T17:33:31-03:00"},{"@type":"WebSite","@id":"https:\/\/anoticiaonline.com.br\/site\/#website","url":"https:\/\/anoticiaonline.com.br\/site\/","name":"A Not\u00edcia Online","description":"Noticias de Muria\u00e9 e regi\u00e3o","inLanguage":"pt-BR","publisher":{"@id":"https:\/\/anoticiaonline.com.br\/site\/#organization"}}]},"og:locale":"pt_BR","og:site_name":"A Not\u00edcia Online - Noticias de Muria\u00e9 e regi\u00e3o","og:type":"article","og:title":"SOCIARTE 8.12 - A Not\u00edcia Online","og:description":"Parab\u00e9ns Talita A querida Talita Rabelo, casada com o Dr. Raphael Agostini, completou idade nova nesta quinta-feira (7). Ela que \u00e9 filha do casal Gra\u00e7a a Crist\u00f3v\u00e3o Rabelo est\u00e1 \u00e0 espera de sua primog\u00eanita, a pequena B\u00e1rbara. Que Deus e Maria proteja hoje e sempre a sua vida e de sua pequena B\u00e1rbara! 15 anos","og:url":"https:\/\/anoticiaonline.com.br\/site\/sociarte-8-12\/","og:image":"https:\/\/scontent-gig4-1.xx.fbcdn.net\/v\/t39.30808-1\/270437624_4564083193639691_6907940295614233970_n.jpg?stp=dst-jpg_s200x200_tt6&#038;_nc_cat=111&#038;ccb=1-7&#038;_nc_sid=f907e8&#038;_nc_ohc=SM1wRlP3lJwQ7kNvwEPuBYA&#038;_nc_oc=AdnqrjDN_BNjSSHWO-GbkIWH6fkGMLw4bqvL_NH6e2wMveX7G-rP2dAqsDSq1mJMOaY&#038;_nc_zt=24&#038;_nc_ht=scontent-gig4-1.xx&#038;_nc_gid=AoBFJeGrT1hVaew_6rchkQ&#038;oh=00_AfX7QmFGhQhG2jAllVgXCiM1ZrWgvtp80-Bfppyexh1QEg&#038;oe=689E923C","og:image:secure_url":"https:\/\/scontent-gig4-1.xx.fbcdn.net\/v\/t39.30808-1\/270437624_4564083193639691_6907940295614233970_n.jpg?stp=dst-jpg_s200x200_tt6&#038;_nc_cat=111&#038;ccb=1-7&#038;_nc_sid=f907e8&#038;_nc_ohc=SM1wRlP3lJwQ7kNvwEPuBYA&#038;_nc_oc=AdnqrjDN_BNjSSHWO-GbkIWH6fkGMLw4bqvL_NH6e2wMveX7G-rP2dAqsDSq1mJMOaY&#038;_nc_zt=24&#038;_nc_ht=scontent-gig4-1.xx&#038;_nc_gid=AoBFJeGrT1hVaew_6rchkQ&#038;oh=00_AfX7QmFGhQhG2jAllVgXCiM1ZrWgvtp80-Bfppyexh1QEg&#038;oe=689E923C","article:published_time":"2017-12-07T20:33:31+00:00","article:modified_time":"2017-12-07T20:33:31+00:00","twitter:card":"summary_large_image","twitter:title":"SOCIARTE 8.12 - A Not\u00edcia Online","twitter:description":"Parab\u00e9ns Talita A querida Talita Rabelo, casada com o Dr. Raphael Agostini, completou idade nova nesta quinta-feira (7). Ela que \u00e9 filha do casal Gra\u00e7a a Crist\u00f3v\u00e3o Rabelo est\u00e1 \u00e0 espera de sua primog\u00eanita, a pequena B\u00e1rbara. Que Deus e Maria proteja hoje e sempre a sua vida e de sua pequena B\u00e1rbara! 15 anos","twitter:image":"https:\/\/scontent-gig4-1.xx.fbcdn.net\/v\/t39.30808-1\/270437624_4564083193639691_6907940295614233970_n.jpg?stp=dst-jpg_s200x200_tt6&_nc_cat=111&ccb=1-7&_nc_sid=f907e8&_nc_ohc=SM1wRlP3lJwQ7kNvwEPuBYA&_nc_oc=AdnqrjDN_BNjSSHWO-GbkIWH6fkGMLw4bqvL_NH6e2wMveX7G-rP2dAqsDSq1mJMOaY&_nc_zt=24&_nc_ht=scontent-gig4-1.xx&_nc_gid=AoBFJeGrT1hVaew_6rchkQ&oh=00_AfX7QmFGhQhG2jAllVgXCiM1ZrWgvtp80-Bfppyexh1QEg&oe=689E923C"},"aioseo_meta_data":{"post_id":"47415","title":null,"description":null,"keywords":null,"keyphrases":null,"primary_term":null,"canonical_url":null,"og_title":null,"og_description":null,"og_object_type":"default","og_image_type":"default","og_image_url":null,"og_image_width":null,"og_image_height":null,"og_image_custom_url":null,"og_image_custom_fields":null,"og_video":null,"og_custom_url":null,"og_article_section":null,"og_article_tags":null,"twitter_use_og":false,"twitter_card":"default","twitter_image_type":"default","twitter_image_url":null,"twitter_image_custom_url":null,"twitter_image_custom_fields":null,"twitter_title":null,"twitter_description":null,"schema":{"blockGraphs":[],"customGraphs":[],"default":{"data":{"Article":[],"Course":[],"Dataset":[],"FAQPage":[],"Movie":[],"Person":[],"Product":[],"ProductReview":[],"Car":[],"Recipe":[],"Service":[],"SoftwareApplication":[],"WebPage":[]},"graphName":"","isEnabled":true},"graphs":[]},"schema_type":"default","schema_type_options":null,"pillar_content":false,"robots_default":true,"robots_noindex":false,"robots_noarchive":false,"robots_nosnippet":false,"robots_nofollow":false,"robots_noimageindex":false,"robots_noodp":false,"robots_notranslate":false,"robots_max_snippet":null,"robots_max_videopreview":null,"robots_max_imagepreview":"large","priority":null,"frequency":null,"local_seo":null,"breadcrumb_settings":null,"limit_modified_date":false,"ai":null,"created":"2025-08-16 20:02:34","updated":"2025-08-16 20:02:34","focus_keyword":null,"additional_keywords":null,"truseo_locale":null,"seo_analyzer_scan_date":null},"aioseo_breadcrumb":"<div class=\"aioseo-breadcrumbs\"><span class=\"aioseo-breadcrumb\">\n\t\t\t<a href=\"https:\/\/anoticiaonline.com.br\/site\" title=\"Home\">Home<\/a>\n\t\t<\/span><span class=\"aioseo-breadcrumb-separator\">&raquo;<\/span><span class=\"aioseo-breadcrumb\">\n\t\t\t<a href=\"https:\/\/anoticiaonline.com.br\/site\/categoria\/colunistas\/\" title=\"Colunistas\">Colunistas<\/a>\n\t\t<\/span><span class=\"aioseo-breadcrumb-separator\">&raquo;<\/span><span class=\"aioseo-breadcrumb\">\n\t\t\t<a href=\"https:\/\/anoticiaonline.com.br\/site\/categoria\/colunistas\/sociarte\/\" title=\"Sociarte\">Sociarte<\/a>\n\t\t<\/span><span class=\"aioseo-breadcrumb-separator\">&raquo;<\/span><span class=\"aioseo-breadcrumb\">\n\t\t\tSOCIARTE 8.12\n\t\t<\/span><\/div>","aioseo_breadcrumb_json":[{"label":"Home","link":"https:\/\/anoticiaonline.com.br\/site"},{"label":"Colunistas","link":"https:\/\/anoticiaonline.com.br\/site\/categoria\/colunistas\/"},{"label":"Sociarte","link":"https:\/\/anoticiaonline.com.br\/site\/categoria\/colunistas\/sociarte\/"},{"label":"SOCIARTE 8.12","link":"https:\/\/anoticiaonline.com.br\/site\/sociarte-8-12\/"}],"views":151,"_links":{"self":[{"href":"https:\/\/anoticiaonline.com.br\/site\/wp-json\/wp\/v2\/posts\/47415","targetHints":{"allow":["GET"]}}],"collection":[{"href":"https:\/\/anoticiaonline.com.br\/site\/wp-json\/wp\/v2\/posts"}],"about":[{"href":"https:\/\/anoticiaonline.com.br\/site\/wp-json\/wp\/v2\/types\/post"}],"author":[{"embeddable":true,"href":"https:\/\/anoticiaonline.com.br\/site\/wp-json\/wp\/v2\/users\/2"}],"replies":[{"embeddable":true,"href":"https:\/\/anoticiaonline.com.br\/site\/wp-json\/wp\/v2\/comments?post=47415"}],"version-history":[{"count":0,"href":"https:\/\/anoticiaonline.com.br\/site\/wp-json\/wp\/v2\/posts\/47415\/revisions"}],"wp:attachment":[{"href":"https:\/\/anoticiaonline.com.br\/site\/wp-json\/wp\/v2\/media?parent=47415"}],"wp:term":[{"taxonomy":"category","embeddable":true,"href":"https:\/\/anoticiaonline.com.br\/site\/wp-json\/wp\/v2\/categories?post=47415"},{"taxonomy":"post_tag","embeddable":true,"href":"https:\/\/anoticiaonline.com.br\/site\/wp-json\/wp\/v2\/tags?post=47415"}],"curies":[{"name":"wp","href":"https:\/\/api.w.org\/{rel}","templated":true}]}}