{"id":47087,"date":"2017-12-02T09:12:28","date_gmt":"2017-12-02T12:12:28","guid":{"rendered":"http:\/\/anoticiaonline.com.br\/site\/?p=47087"},"modified":"2017-12-02T09:13:06","modified_gmt":"2017-12-02T12:13:06","slug":"escola-estadual-encerra-a-semana-da-educacao-para-a-vida","status":"publish","type":"post","link":"https:\/\/anoticiaonline.com.br\/site\/escola-estadual-encerra-a-semana-da-educacao-para-a-vida\/","title":{"rendered":"Escola Estadual encerra a \u201cSemana da Educa\u00e7\u00e3o para a Vida\u201d"},"content":{"rendered":"<p><a href=\"https:\/\/anoticiaonline.com.br\/site\/wp-content\/uploads\/2017\/12\/DSC_0659.jpg\"><img fetchpriority=\"high\" decoding=\"async\" class=\"aligncenter size-full wp-image-47088\" src=\"https:\/\/anoticiaonline.com.br\/site\/wp-content\/uploads\/2017\/12\/DSC_0659.jpg\" alt=\"\" width=\"640\" height=\"424\" srcset=\"https:\/\/anoticiaonline.com.br\/site\/wp-content\/uploads\/2017\/12\/DSC_0659.jpg 640w, https:\/\/anoticiaonline.com.br\/site\/wp-content\/uploads\/2017\/12\/DSC_0659-300x199.jpg 300w\" sizes=\"(max-width: 640px) 100vw, 640px\" \/><\/a> <a href=\"https:\/\/anoticiaonline.com.br\/site\/wp-content\/uploads\/2017\/12\/DSC_0753.jpg\"><img decoding=\"async\" class=\"aligncenter size-full wp-image-47089\" src=\"https:\/\/anoticiaonline.com.br\/site\/wp-content\/uploads\/2017\/12\/DSC_0753.jpg\" alt=\"\" width=\"628\" height=\"416\" srcset=\"https:\/\/anoticiaonline.com.br\/site\/wp-content\/uploads\/2017\/12\/DSC_0753.jpg 628w, https:\/\/anoticiaonline.com.br\/site\/wp-content\/uploads\/2017\/12\/DSC_0753-300x199.jpg 300w\" sizes=\"(max-width: 628px) 100vw, 628px\" \/><\/a> <a href=\"https:\/\/anoticiaonline.com.br\/site\/wp-content\/uploads\/2017\/12\/DSC_0761.jpg\"><img decoding=\"async\" class=\"aligncenter size-full wp-image-47090\" src=\"https:\/\/anoticiaonline.com.br\/site\/wp-content\/uploads\/2017\/12\/DSC_0761.jpg\" alt=\"\" width=\"640\" height=\"424\" srcset=\"https:\/\/anoticiaonline.com.br\/site\/wp-content\/uploads\/2017\/12\/DSC_0761.jpg 640w, https:\/\/anoticiaonline.com.br\/site\/wp-content\/uploads\/2017\/12\/DSC_0761-300x199.jpg 300w\" sizes=\"(max-width: 640px) 100vw, 640px\" \/><\/a> <a href=\"https:\/\/anoticiaonline.com.br\/site\/wp-content\/uploads\/2017\/12\/WhatsApp-Image-2017-11-27-at-14.59.09.jpeg\"><img loading=\"lazy\" decoding=\"async\" class=\"aligncenter size-full wp-image-47091\" src=\"https:\/\/anoticiaonline.com.br\/site\/wp-content\/uploads\/2017\/12\/WhatsApp-Image-2017-11-27-at-14.59.09.jpeg\" alt=\"\" width=\"640\" height=\"480\" srcset=\"https:\/\/anoticiaonline.com.br\/site\/wp-content\/uploads\/2017\/12\/WhatsApp-Image-2017-11-27-at-14.59.09.jpeg 640w, https:\/\/anoticiaonline.com.br\/site\/wp-content\/uploads\/2017\/12\/WhatsApp-Image-2017-11-27-at-14.59.09-300x225.jpeg 300w\" sizes=\"(max-width: 640px) 100vw, 640px\" \/><\/a> <a href=\"https:\/\/anoticiaonline.com.br\/site\/wp-content\/uploads\/2017\/12\/WhatsApp-Image-2017-11-27-at-14.59.48.jpeg\"><img loading=\"lazy\" decoding=\"async\" class=\"aligncenter size-full wp-image-47093\" src=\"https:\/\/anoticiaonline.com.br\/site\/wp-content\/uploads\/2017\/12\/WhatsApp-Image-2017-11-27-at-14.59.48.jpeg\" alt=\"\" width=\"640\" height=\"480\" srcset=\"https:\/\/anoticiaonline.com.br\/site\/wp-content\/uploads\/2017\/12\/WhatsApp-Image-2017-11-27-at-14.59.48.jpeg 640w, https:\/\/anoticiaonline.com.br\/site\/wp-content\/uploads\/2017\/12\/WhatsApp-Image-2017-11-27-at-14.59.48-300x225.jpeg 300w\" sizes=\"(max-width: 640px) 100vw, 640px\" \/><\/a> <a href=\"https:\/\/anoticiaonline.com.br\/site\/wp-content\/uploads\/2017\/12\/WhatsApp-Image-2017-11-27-at-14.59.58.jpeg\"><img loading=\"lazy\" decoding=\"async\" class=\"aligncenter size-full wp-image-47094\" src=\"https:\/\/anoticiaonline.com.br\/site\/wp-content\/uploads\/2017\/12\/WhatsApp-Image-2017-11-27-at-14.59.58.jpeg\" alt=\"\" width=\"640\" height=\"479\" srcset=\"https:\/\/anoticiaonline.com.br\/site\/wp-content\/uploads\/2017\/12\/WhatsApp-Image-2017-11-27-at-14.59.58.jpeg 640w, https:\/\/anoticiaonline.com.br\/site\/wp-content\/uploads\/2017\/12\/WhatsApp-Image-2017-11-27-at-14.59.58-300x225.jpeg 300w\" sizes=\"(max-width: 640px) 100vw, 640px\" \/><\/a>A Escola Estadual Professor Orlando de Lima Faria encerrou, no \u00faltimo s\u00e1bado (25), a 3\u00aa Edi\u00e7\u00e3o da \u201cSemana da Educa\u00e7\u00e3o para a Vida\u201d, que envolve atividades variadas, como palestras, rodas de conversa e apresenta\u00e7\u00f5es de temas relevantes que auxiliam os jovens na prepara\u00e7\u00e3o e na forma\u00e7\u00e3o para a vida.<\/p>\n<p>Dulce Elena Couto Bittencourt Muglia, diretora da Escola Estadual Professor Orlando de Lima Faria, disse que a \u201cSemana da Educa\u00e7\u00e3o para a Vida\u201d foi proposta pelo pr\u00f3prio Governo Estadual desde 2015.<\/p>\n<p>\u201cEsta \u2018Semana\u2019 acontece sempre no m\u00eas de novembro com data fixada pela Secretaria Estadual de Educa\u00e7\u00e3o. Este ano, n\u00f3s, da Escola Estadual Professor Orlando de Lima Faria, convidamos para o encerramento a Banda Marcial Muria\u00e9 para se apresentar. Consideramos que a fanfarra \u00e9 um \u00f3timo exemplo de trabalho em equipe, de disciplina e de organiza\u00e7\u00e3o tanto para os alunos, quanto para n\u00f3s profissionais\u201d, conta.<\/p>\n<p>De acordo com a diretora, o evento contribui para o conv\u00edvio harm\u00f4nico em sociedade. \u201c\u00c9 de extrema import\u00e2ncia que crian\u00e7as e adolescentes valorizem e respeitem o pr\u00f3ximo. Por isso, procuramos englobar todos os tr\u00eas turnos da escola. Temos, no total, 585 alunos. Aproveito a oportunidade para agradecer todos os profissionais que contribu\u00edram para que este projeto fizesse a diferen\u00e7a em nosso ambiente escolar, que Deus possa estar aben\u00e7oando cada pessoa e que 2018 seja um \u00f3timo ano\u201d, diz.<\/p>\n<p><strong>Sobre as atividades da \u201cSemana da Educa\u00e7\u00e3o para a Vida\u201d<\/strong> \u2013 As atividades tiveram in\u00edcio na segunda-feira (20), com a Caminhada pela Igualdade Racial; na ter\u00e7a-feira (21), os alunos participaram do evento \u201cRoda de Profiss\u00f5es\u201d, promovido pela Unifaminas; no decorrer dos dias, foram realizadas palestras sobre quest\u00f5es raciais, viol\u00eancia no tr\u00e2nsito e demais temas relacionados \u00e0 cidadania; no s\u00e1bado (25), encerramento com a Banda Marcial Muria\u00e9, da Escola Municipal Gilberto Tanus Braz, e com um torneio esportivo organizado pela professora de Educa\u00e7\u00e3o F\u00edsica, Ra\u00edssa.<\/p>\n<p>&nbsp;<\/p>\n<p><img decoding=\"async\" class=\"ngg_displayed_gallery mceItem\" src=\"https:\/\/anoticiaonline.com.br\/site\/nextgen-attach_to_post\/preview\/id--47160\" \/><\/p>\n<p>&nbsp;<\/p>\n<p>&nbsp;<\/p>\n","protected":false},"excerpt":{"rendered":"<p>A Escola Estadual Professor Orlando de Lima Faria encerrou, no \u00faltimo s\u00e1bado (25), a 3\u00aa Edi\u00e7\u00e3o da \u201cSemana da Educa\u00e7\u00e3o para a Vida\u201d, que envolve atividades variadas, como palestras, rodas de conversa e apresenta\u00e7\u00f5es de temas relevantes que auxiliam os jovens na prepara\u00e7\u00e3o e na forma\u00e7\u00e3o para a vida. Dulce Elena Couto Bittencourt Muglia, diretora &#8230; <a title=\"Escola Estadual encerra a \u201cSemana da Educa\u00e7\u00e3o para a Vida\u201d\" class=\"read-more\" href=\"https:\/\/anoticiaonline.com.br\/site\/escola-estadual-encerra-a-semana-da-educacao-para-a-vida\/\" aria-label=\"Read more about Escola Estadual encerra a \u201cSemana da Educa\u00e7\u00e3o para a Vida\u201d\">Ler mais<\/a><\/p>\n","protected":false},"author":2,"featured_media":47090,"comment_status":"open","ping_status":"open","sticky":false,"template":"","format":"standard","meta":{"_acf_changed":false,"_monsterinsights_skip_tracking":false,"footnotes":""},"categories":[1],"tags":[1569,1618,1684,1683],"class_list":["post-47087","post","type-post","status-publish","format-standard","has-post-thumbnail","hentry","category-gerais","tag-escola-estadual-professor-orlando-de-lima-faria","tag-estadual","tag-estadual-muriae","tag-semana-da-educacao-para-a-vida"],"acf":[],"aioseo_notices":[],"aioseo_head":"\n\t\t<!-- All in One SEO 5.0.0.1 - aioseo.com -->\n\t<meta name=\"description\" content=\"A Escola Estadual Professor Orlando de Lima Faria encerrou, no \u00faltimo s\u00e1bado (25), a 3\u00aa Edi\u00e7\u00e3o da \u201cSemana da Educa\u00e7\u00e3o para a Vida\u201d, que envolve atividades variadas, como palestras, rodas de conversa e apresenta\u00e7\u00f5es de temas relevantes que auxiliam os jovens na prepara\u00e7\u00e3o e na forma\u00e7\u00e3o para a vida. Dulce Elena Couto Bittencourt Muglia, diretora\" \/>\n\t<meta name=\"robots\" content=\"max-image-preview:large\" \/>\n\t<meta name=\"author\" content=\"Juliana Laviola\"\/>\n\t<link rel=\"canonical\" href=\"https:\/\/anoticiaonline.com.br\/site\/escola-estadual-encerra-a-semana-da-educacao-para-a-vida\/\" \/>\n\t<meta name=\"generator\" content=\"All in One SEO (AIOSEO) 5.0.0.1\" \/>\n\t\t<meta property=\"og:locale\" content=\"pt_BR\" \/>\n\t\t<meta property=\"og:site_name\" content=\"A Not\u00edcia Online - Noticias de Muria\u00e9 e regi\u00e3o\" \/>\n\t\t<meta property=\"og:type\" content=\"article\" \/>\n\t\t<meta property=\"og:title\" content=\"Escola Estadual encerra a \u201cSemana da Educa\u00e7\u00e3o para a Vida\u201d - A Not\u00edcia Online\" \/>\n\t\t<meta property=\"og:description\" content=\"A Escola Estadual Professor Orlando de Lima Faria encerrou, no \u00faltimo s\u00e1bado (25), a 3\u00aa Edi\u00e7\u00e3o da \u201cSemana da Educa\u00e7\u00e3o para a Vida\u201d, que envolve atividades variadas, como palestras, rodas de conversa e apresenta\u00e7\u00f5es de temas relevantes que auxiliam os jovens na prepara\u00e7\u00e3o e na forma\u00e7\u00e3o para a vida. Dulce Elena Couto Bittencourt Muglia, diretora\" \/>\n\t\t<meta property=\"og:url\" content=\"https:\/\/anoticiaonline.com.br\/site\/escola-estadual-encerra-a-semana-da-educacao-para-a-vida\/\" \/>\n\t\t<meta property=\"og:image\" content=\"https:\/\/scontent-gig4-1.xx.fbcdn.net\/v\/t39.30808-1\/270437624_4564083193639691_6907940295614233970_n.jpg?stp=dst-jpg_s200x200_tt6&#038;_nc_cat=111&#038;ccb=1-7&#038;_nc_sid=f907e8&#038;_nc_ohc=SM1wRlP3lJwQ7kNvwEPuBYA&#038;_nc_oc=AdnqrjDN_BNjSSHWO-GbkIWH6fkGMLw4bqvL_NH6e2wMveX7G-rP2dAqsDSq1mJMOaY&#038;_nc_zt=24&#038;_nc_ht=scontent-gig4-1.xx&#038;_nc_gid=AoBFJeGrT1hVaew_6rchkQ&#038;oh=00_AfX7QmFGhQhG2jAllVgXCiM1ZrWgvtp80-Bfppyexh1QEg&#038;oe=689E923C\" \/>\n\t\t<meta property=\"og:image:secure_url\" content=\"https:\/\/scontent-gig4-1.xx.fbcdn.net\/v\/t39.30808-1\/270437624_4564083193639691_6907940295614233970_n.jpg?stp=dst-jpg_s200x200_tt6&#038;_nc_cat=111&#038;ccb=1-7&#038;_nc_sid=f907e8&#038;_nc_ohc=SM1wRlP3lJwQ7kNvwEPuBYA&#038;_nc_oc=AdnqrjDN_BNjSSHWO-GbkIWH6fkGMLw4bqvL_NH6e2wMveX7G-rP2dAqsDSq1mJMOaY&#038;_nc_zt=24&#038;_nc_ht=scontent-gig4-1.xx&#038;_nc_gid=AoBFJeGrT1hVaew_6rchkQ&#038;oh=00_AfX7QmFGhQhG2jAllVgXCiM1ZrWgvtp80-Bfppyexh1QEg&#038;oe=689E923C\" \/>\n\t\t<meta property=\"article:published_time\" content=\"2017-12-02T12:12:28+00:00\" \/>\n\t\t<meta property=\"article:modified_time\" content=\"2017-12-02T12:13:06+00:00\" \/>\n\t\t<meta name=\"twitter:card\" content=\"summary_large_image\" \/>\n\t\t<meta name=\"twitter:title\" content=\"Escola Estadual encerra a \u201cSemana da Educa\u00e7\u00e3o para a Vida\u201d - A Not\u00edcia Online\" \/>\n\t\t<meta name=\"twitter:description\" content=\"A Escola Estadual Professor Orlando de Lima Faria encerrou, no \u00faltimo s\u00e1bado (25), a 3\u00aa Edi\u00e7\u00e3o da \u201cSemana da Educa\u00e7\u00e3o para a Vida\u201d, que envolve atividades variadas, como palestras, rodas de conversa e apresenta\u00e7\u00f5es de temas relevantes que auxiliam os jovens na prepara\u00e7\u00e3o e na forma\u00e7\u00e3o para a vida. Dulce Elena Couto Bittencourt Muglia, diretora\" \/>\n\t\t<meta name=\"twitter:image\" content=\"https:\/\/scontent-gig4-1.xx.fbcdn.net\/v\/t39.30808-1\/270437624_4564083193639691_6907940295614233970_n.jpg?stp=dst-jpg_s200x200_tt6&amp;_nc_cat=111&amp;ccb=1-7&amp;_nc_sid=f907e8&amp;_nc_ohc=SM1wRlP3lJwQ7kNvwEPuBYA&amp;_nc_oc=AdnqrjDN_BNjSSHWO-GbkIWH6fkGMLw4bqvL_NH6e2wMveX7G-rP2dAqsDSq1mJMOaY&amp;_nc_zt=24&amp;_nc_ht=scontent-gig4-1.xx&amp;_nc_gid=AoBFJeGrT1hVaew_6rchkQ&amp;oh=00_AfX7QmFGhQhG2jAllVgXCiM1ZrWgvtp80-Bfppyexh1QEg&amp;oe=689E923C\" \/>\n\t\t<script type=\"application\/ld+json\" class=\"aioseo-schema\">\n\t\t\t{\"@context\":\"https:\\\/\\\/schema.org\",\"@graph\":[{\"@type\":\"BlogPosting\",\"@id\":\"https:\\\/\\\/anoticiaonline.com.br\\\/site\\\/escola-estadual-encerra-a-semana-da-educacao-para-a-vida\\\/#blogposting\",\"name\":\"Escola Estadual encerra a \\u201cSemana da Educa\\u00e7\\u00e3o para a Vida\\u201d - A Not\\u00edcia Online\",\"headline\":\"Escola Estadual encerra a \\u201cSemana da Educa\\u00e7\\u00e3o para a Vida\\u201d\",\"author\":{\"@id\":\"https:\\\/\\\/anoticiaonline.com.br\\\/site\\\/author\\\/juliana\\\/#author\"},\"publisher\":{\"@id\":\"https:\\\/\\\/anoticiaonline.com.br\\\/site\\\/#organization\"},\"image\":{\"@type\":\"ImageObject\",\"url\":\"https:\\\/\\\/anoticiaonline.com.br\\\/site\\\/wp-content\\\/uploads\\\/2017\\\/12\\\/DSC_0761.jpg\",\"width\":640,\"height\":424},\"datePublished\":\"2017-12-02T09:12:28-03:00\",\"dateModified\":\"2017-12-02T09:13:06-03:00\",\"inLanguage\":\"pt-BR\",\"mainEntityOfPage\":{\"@id\":\"https:\\\/\\\/anoticiaonline.com.br\\\/site\\\/escola-estadual-encerra-a-semana-da-educacao-para-a-vida\\\/#webpage\"},\"isPartOf\":{\"@id\":\"https:\\\/\\\/anoticiaonline.com.br\\\/site\\\/escola-estadual-encerra-a-semana-da-educacao-para-a-vida\\\/#webpage\"},\"articleSection\":\"Gerais, Escola Estadual Professor Orlando de Lima Faria, Estadual, Estadual Muria\\u00e9, Semana da Educa\\u00e7\\u00e3o para a Vida\"},{\"@type\":\"BreadcrumbList\",\"@id\":\"https:\\\/\\\/anoticiaonline.com.br\\\/site\\\/escola-estadual-encerra-a-semana-da-educacao-para-a-vida\\\/#breadcrumblist\",\"itemListElement\":[{\"@type\":\"ListItem\",\"@id\":\"https:\\\/\\\/anoticiaonline.com.br\\\/site#listItem\",\"position\":1,\"name\":\"Home\",\"item\":\"https:\\\/\\\/anoticiaonline.com.br\\\/site\",\"nextItem\":{\"@type\":\"ListItem\",\"@id\":\"https:\\\/\\\/anoticiaonline.com.br\\\/site\\\/categoria\\\/gerais\\\/#listItem\",\"name\":\"Gerais\"}},{\"@type\":\"ListItem\",\"@id\":\"https:\\\/\\\/anoticiaonline.com.br\\\/site\\\/categoria\\\/gerais\\\/#listItem\",\"position\":2,\"name\":\"Gerais\",\"item\":\"https:\\\/\\\/anoticiaonline.com.br\\\/site\\\/categoria\\\/gerais\\\/\",\"nextItem\":{\"@type\":\"ListItem\",\"@id\":\"https:\\\/\\\/anoticiaonline.com.br\\\/site\\\/escola-estadual-encerra-a-semana-da-educacao-para-a-vida\\\/#listItem\",\"name\":\"Escola Estadual encerra a \\u201cSemana da Educa\\u00e7\\u00e3o para a Vida\\u201d\"},\"previousItem\":{\"@type\":\"ListItem\",\"@id\":\"https:\\\/\\\/anoticiaonline.com.br\\\/site#listItem\",\"name\":\"Home\"}},{\"@type\":\"ListItem\",\"@id\":\"https:\\\/\\\/anoticiaonline.com.br\\\/site\\\/escola-estadual-encerra-a-semana-da-educacao-para-a-vida\\\/#listItem\",\"position\":3,\"name\":\"Escola Estadual encerra a \\u201cSemana da Educa\\u00e7\\u00e3o para a Vida\\u201d\",\"previousItem\":{\"@type\":\"ListItem\",\"@id\":\"https:\\\/\\\/anoticiaonline.com.br\\\/site\\\/categoria\\\/gerais\\\/#listItem\",\"name\":\"Gerais\"}}]},{\"@type\":\"Organization\",\"@id\":\"https:\\\/\\\/anoticiaonline.com.br\\\/site\\\/#organization\",\"name\":\"A Not\\u00edcia Online\",\"description\":\"Noticias de Muria\\u00e9 e regi\\u00e3o\",\"url\":\"https:\\\/\\\/anoticiaonline.com.br\\\/site\\\/\",\"logo\":{\"@type\":\"ImageObject\",\"url\":\"https:\\\/\\\/scontent-gig4-1.xx.fbcdn.net\\\/v\\\/t39.30808-1\\\/270437624_4564083193639691_6907940295614233970_n.jpg?stp=dst-jpg_s200x200_tt6&_nc_cat=111&ccb=1-7&_nc_sid=f907e8&_nc_ohc=SM1wRlP3lJwQ7kNvwEPuBYA&_nc_oc=AdnqrjDN_BNjSSHWO-GbkIWH6fkGMLw4bqvL_NH6e2wMveX7G-rP2dAqsDSq1mJMOaY&_nc_zt=24&_nc_ht=scontent-gig4-1.xx&_nc_gid=AoBFJeGrT1hVaew_6rchkQ&oh=00_AfX7QmFGhQhG2jAllVgXCiM1ZrWgvtp80-Bfppyexh1QEg&oe=689E923C\",\"@id\":\"https:\\\/\\\/anoticiaonline.com.br\\\/site\\\/escola-estadual-encerra-a-semana-da-educacao-para-a-vida\\\/#organizationLogo\"},\"image\":{\"@id\":\"https:\\\/\\\/anoticiaonline.com.br\\\/site\\\/escola-estadual-encerra-a-semana-da-educacao-para-a-vida\\\/#organizationLogo\"}},{\"@type\":\"Person\",\"@id\":\"https:\\\/\\\/anoticiaonline.com.br\\\/site\\\/author\\\/juliana\\\/#author\",\"url\":\"https:\\\/\\\/anoticiaonline.com.br\\\/site\\\/author\\\/juliana\\\/\",\"name\":\"Juliana Laviola\",\"image\":{\"@type\":\"ImageObject\",\"@id\":\"https:\\\/\\\/anoticiaonline.com.br\\\/site\\\/escola-estadual-encerra-a-semana-da-educacao-para-a-vida\\\/#authorImage\",\"url\":\"https:\\\/\\\/secure.gravatar.com\\\/avatar\\\/b8d45f5c699b100dfaf0e543582f38f38bf94cb7ae3a5e9abf8d891a34773335?s=96&d=mm&r=g\",\"width\":96,\"height\":96,\"caption\":\"Juliana Laviola\"}},{\"@type\":\"WebPage\",\"@id\":\"https:\\\/\\\/anoticiaonline.com.br\\\/site\\\/escola-estadual-encerra-a-semana-da-educacao-para-a-vida\\\/#webpage\",\"url\":\"https:\\\/\\\/anoticiaonline.com.br\\\/site\\\/escola-estadual-encerra-a-semana-da-educacao-para-a-vida\\\/\",\"name\":\"Escola Estadual encerra a \\u201cSemana da Educa\\u00e7\\u00e3o para a Vida\\u201d - A Not\\u00edcia Online\",\"description\":\"A Escola Estadual Professor Orlando de Lima Faria encerrou, no \\u00faltimo s\\u00e1bado (25), a 3\\u00aa Edi\\u00e7\\u00e3o da \\u201cSemana da Educa\\u00e7\\u00e3o para a Vida\\u201d, que envolve atividades variadas, como palestras, rodas de conversa e apresenta\\u00e7\\u00f5es de temas relevantes que auxiliam os jovens na prepara\\u00e7\\u00e3o e na forma\\u00e7\\u00e3o para a vida. Dulce Elena Couto Bittencourt Muglia, diretora\",\"inLanguage\":\"pt-BR\",\"isPartOf\":{\"@id\":\"https:\\\/\\\/anoticiaonline.com.br\\\/site\\\/#website\"},\"breadcrumb\":{\"@id\":\"https:\\\/\\\/anoticiaonline.com.br\\\/site\\\/escola-estadual-encerra-a-semana-da-educacao-para-a-vida\\\/#breadcrumblist\"},\"author\":{\"@id\":\"https:\\\/\\\/anoticiaonline.com.br\\\/site\\\/author\\\/juliana\\\/#author\"},\"creator\":{\"@id\":\"https:\\\/\\\/anoticiaonline.com.br\\\/site\\\/author\\\/juliana\\\/#author\"},\"image\":{\"@type\":\"ImageObject\",\"url\":\"https:\\\/\\\/anoticiaonline.com.br\\\/site\\\/wp-content\\\/uploads\\\/2017\\\/12\\\/DSC_0761.jpg\",\"@id\":\"https:\\\/\\\/anoticiaonline.com.br\\\/site\\\/escola-estadual-encerra-a-semana-da-educacao-para-a-vida\\\/#mainImage\",\"width\":640,\"height\":424},\"primaryImageOfPage\":{\"@id\":\"https:\\\/\\\/anoticiaonline.com.br\\\/site\\\/escola-estadual-encerra-a-semana-da-educacao-para-a-vida\\\/#mainImage\"},\"datePublished\":\"2017-12-02T09:12:28-03:00\",\"dateModified\":\"2017-12-02T09:13:06-03:00\"},{\"@type\":\"WebSite\",\"@id\":\"https:\\\/\\\/anoticiaonline.com.br\\\/site\\\/#website\",\"url\":\"https:\\\/\\\/anoticiaonline.com.br\\\/site\\\/\",\"name\":\"A Not\\u00edcia Online\",\"description\":\"Noticias de Muria\\u00e9 e regi\\u00e3o\",\"inLanguage\":\"pt-BR\",\"publisher\":{\"@id\":\"https:\\\/\\\/anoticiaonline.com.br\\\/site\\\/#organization\"}}]}\n\t\t<\/script>\n\t\t<!-- All in One SEO -->\n\n","aioseo_head_json":{"title":"Escola Estadual encerra a \u201cSemana da Educa\u00e7\u00e3o para a Vida\u201d - A Not\u00edcia Online","description":"A Escola Estadual Professor Orlando de Lima Faria encerrou, no \u00faltimo s\u00e1bado (25), a 3\u00aa Edi\u00e7\u00e3o da \u201cSemana da Educa\u00e7\u00e3o para a Vida\u201d, que envolve atividades variadas, como palestras, rodas de conversa e apresenta\u00e7\u00f5es de temas relevantes que auxiliam os jovens na prepara\u00e7\u00e3o e na forma\u00e7\u00e3o para a vida. Dulce Elena Couto Bittencourt Muglia, diretora","canonical_url":"https:\/\/anoticiaonline.com.br\/site\/escola-estadual-encerra-a-semana-da-educacao-para-a-vida\/","robots":"max-image-preview:large","keywords":"","webmasterTools":{"miscellaneous":""},"schema":{"@context":"https:\/\/schema.org","@graph":[{"@type":"BlogPosting","@id":"https:\/\/anoticiaonline.com.br\/site\/escola-estadual-encerra-a-semana-da-educacao-para-a-vida\/#blogposting","name":"Escola Estadual encerra a \u201cSemana da Educa\u00e7\u00e3o para a Vida\u201d - A Not\u00edcia Online","headline":"Escola Estadual encerra a \u201cSemana da Educa\u00e7\u00e3o para a Vida\u201d","author":{"@id":"https:\/\/anoticiaonline.com.br\/site\/author\/juliana\/#author"},"publisher":{"@id":"https:\/\/anoticiaonline.com.br\/site\/#organization"},"image":{"@type":"ImageObject","url":"https:\/\/anoticiaonline.com.br\/site\/wp-content\/uploads\/2017\/12\/DSC_0761.jpg","width":640,"height":424},"datePublished":"2017-12-02T09:12:28-03:00","dateModified":"2017-12-02T09:13:06-03:00","inLanguage":"pt-BR","mainEntityOfPage":{"@id":"https:\/\/anoticiaonline.com.br\/site\/escola-estadual-encerra-a-semana-da-educacao-para-a-vida\/#webpage"},"isPartOf":{"@id":"https:\/\/anoticiaonline.com.br\/site\/escola-estadual-encerra-a-semana-da-educacao-para-a-vida\/#webpage"},"articleSection":"Gerais, Escola Estadual Professor Orlando de Lima Faria, Estadual, Estadual Muria\u00e9, Semana da Educa\u00e7\u00e3o para a Vida"},{"@type":"BreadcrumbList","@id":"https:\/\/anoticiaonline.com.br\/site\/escola-estadual-encerra-a-semana-da-educacao-para-a-vida\/#breadcrumblist","itemListElement":[{"@type":"ListItem","@id":"https:\/\/anoticiaonline.com.br\/site#listItem","position":1,"name":"Home","item":"https:\/\/anoticiaonline.com.br\/site","nextItem":{"@type":"ListItem","@id":"https:\/\/anoticiaonline.com.br\/site\/categoria\/gerais\/#listItem","name":"Gerais"}},{"@type":"ListItem","@id":"https:\/\/anoticiaonline.com.br\/site\/categoria\/gerais\/#listItem","position":2,"name":"Gerais","item":"https:\/\/anoticiaonline.com.br\/site\/categoria\/gerais\/","nextItem":{"@type":"ListItem","@id":"https:\/\/anoticiaonline.com.br\/site\/escola-estadual-encerra-a-semana-da-educacao-para-a-vida\/#listItem","name":"Escola Estadual encerra a \u201cSemana da Educa\u00e7\u00e3o para a Vida\u201d"},"previousItem":{"@type":"ListItem","@id":"https:\/\/anoticiaonline.com.br\/site#listItem","name":"Home"}},{"@type":"ListItem","@id":"https:\/\/anoticiaonline.com.br\/site\/escola-estadual-encerra-a-semana-da-educacao-para-a-vida\/#listItem","position":3,"name":"Escola Estadual encerra a \u201cSemana da Educa\u00e7\u00e3o para a Vida\u201d","previousItem":{"@type":"ListItem","@id":"https:\/\/anoticiaonline.com.br\/site\/categoria\/gerais\/#listItem","name":"Gerais"}}]},{"@type":"Organization","@id":"https:\/\/anoticiaonline.com.br\/site\/#organization","name":"A Not\u00edcia Online","description":"Noticias de Muria\u00e9 e regi\u00e3o","url":"https:\/\/anoticiaonline.com.br\/site\/","logo":{"@type":"ImageObject","url":"https:\/\/scontent-gig4-1.xx.fbcdn.net\/v\/t39.30808-1\/270437624_4564083193639691_6907940295614233970_n.jpg?stp=dst-jpg_s200x200_tt6&_nc_cat=111&ccb=1-7&_nc_sid=f907e8&_nc_ohc=SM1wRlP3lJwQ7kNvwEPuBYA&_nc_oc=AdnqrjDN_BNjSSHWO-GbkIWH6fkGMLw4bqvL_NH6e2wMveX7G-rP2dAqsDSq1mJMOaY&_nc_zt=24&_nc_ht=scontent-gig4-1.xx&_nc_gid=AoBFJeGrT1hVaew_6rchkQ&oh=00_AfX7QmFGhQhG2jAllVgXCiM1ZrWgvtp80-Bfppyexh1QEg&oe=689E923C","@id":"https:\/\/anoticiaonline.com.br\/site\/escola-estadual-encerra-a-semana-da-educacao-para-a-vida\/#organizationLogo"},"image":{"@id":"https:\/\/anoticiaonline.com.br\/site\/escola-estadual-encerra-a-semana-da-educacao-para-a-vida\/#organizationLogo"}},{"@type":"Person","@id":"https:\/\/anoticiaonline.com.br\/site\/author\/juliana\/#author","url":"https:\/\/anoticiaonline.com.br\/site\/author\/juliana\/","name":"Juliana Laviola","image":{"@type":"ImageObject","@id":"https:\/\/anoticiaonline.com.br\/site\/escola-estadual-encerra-a-semana-da-educacao-para-a-vida\/#authorImage","url":"https:\/\/secure.gravatar.com\/avatar\/b8d45f5c699b100dfaf0e543582f38f38bf94cb7ae3a5e9abf8d891a34773335?s=96&d=mm&r=g","width":96,"height":96,"caption":"Juliana Laviola"}},{"@type":"WebPage","@id":"https:\/\/anoticiaonline.com.br\/site\/escola-estadual-encerra-a-semana-da-educacao-para-a-vida\/#webpage","url":"https:\/\/anoticiaonline.com.br\/site\/escola-estadual-encerra-a-semana-da-educacao-para-a-vida\/","name":"Escola Estadual encerra a \u201cSemana da Educa\u00e7\u00e3o para a Vida\u201d - A Not\u00edcia Online","description":"A Escola Estadual Professor Orlando de Lima Faria encerrou, no \u00faltimo s\u00e1bado (25), a 3\u00aa Edi\u00e7\u00e3o da \u201cSemana da Educa\u00e7\u00e3o para a Vida\u201d, que envolve atividades variadas, como palestras, rodas de conversa e apresenta\u00e7\u00f5es de temas relevantes que auxiliam os jovens na prepara\u00e7\u00e3o e na forma\u00e7\u00e3o para a vida. Dulce Elena Couto Bittencourt Muglia, diretora","inLanguage":"pt-BR","isPartOf":{"@id":"https:\/\/anoticiaonline.com.br\/site\/#website"},"breadcrumb":{"@id":"https:\/\/anoticiaonline.com.br\/site\/escola-estadual-encerra-a-semana-da-educacao-para-a-vida\/#breadcrumblist"},"author":{"@id":"https:\/\/anoticiaonline.com.br\/site\/author\/juliana\/#author"},"creator":{"@id":"https:\/\/anoticiaonline.com.br\/site\/author\/juliana\/#author"},"image":{"@type":"ImageObject","url":"https:\/\/anoticiaonline.com.br\/site\/wp-content\/uploads\/2017\/12\/DSC_0761.jpg","@id":"https:\/\/anoticiaonline.com.br\/site\/escola-estadual-encerra-a-semana-da-educacao-para-a-vida\/#mainImage","width":640,"height":424},"primaryImageOfPage":{"@id":"https:\/\/anoticiaonline.com.br\/site\/escola-estadual-encerra-a-semana-da-educacao-para-a-vida\/#mainImage"},"datePublished":"2017-12-02T09:12:28-03:00","dateModified":"2017-12-02T09:13:06-03:00"},{"@type":"WebSite","@id":"https:\/\/anoticiaonline.com.br\/site\/#website","url":"https:\/\/anoticiaonline.com.br\/site\/","name":"A Not\u00edcia Online","description":"Noticias de Muria\u00e9 e regi\u00e3o","inLanguage":"pt-BR","publisher":{"@id":"https:\/\/anoticiaonline.com.br\/site\/#organization"}}]},"og:locale":"pt_BR","og:site_name":"A Not\u00edcia Online - Noticias de Muria\u00e9 e regi\u00e3o","og:type":"article","og:title":"Escola Estadual encerra a \u201cSemana da Educa\u00e7\u00e3o para a Vida\u201d - A Not\u00edcia Online","og:description":"A Escola Estadual Professor Orlando de Lima Faria encerrou, no \u00faltimo s\u00e1bado (25), a 3\u00aa Edi\u00e7\u00e3o da \u201cSemana da Educa\u00e7\u00e3o para a Vida\u201d, que envolve atividades variadas, como palestras, rodas de conversa e apresenta\u00e7\u00f5es de temas relevantes que auxiliam os jovens na prepara\u00e7\u00e3o e na forma\u00e7\u00e3o para a vida. Dulce Elena Couto Bittencourt Muglia, diretora","og:url":"https:\/\/anoticiaonline.com.br\/site\/escola-estadual-encerra-a-semana-da-educacao-para-a-vida\/","og:image":"https:\/\/scontent-gig4-1.xx.fbcdn.net\/v\/t39.30808-1\/270437624_4564083193639691_6907940295614233970_n.jpg?stp=dst-jpg_s200x200_tt6&#038;_nc_cat=111&#038;ccb=1-7&#038;_nc_sid=f907e8&#038;_nc_ohc=SM1wRlP3lJwQ7kNvwEPuBYA&#038;_nc_oc=AdnqrjDN_BNjSSHWO-GbkIWH6fkGMLw4bqvL_NH6e2wMveX7G-rP2dAqsDSq1mJMOaY&#038;_nc_zt=24&#038;_nc_ht=scontent-gig4-1.xx&#038;_nc_gid=AoBFJeGrT1hVaew_6rchkQ&#038;oh=00_AfX7QmFGhQhG2jAllVgXCiM1ZrWgvtp80-Bfppyexh1QEg&#038;oe=689E923C","og:image:secure_url":"https:\/\/scontent-gig4-1.xx.fbcdn.net\/v\/t39.30808-1\/270437624_4564083193639691_6907940295614233970_n.jpg?stp=dst-jpg_s200x200_tt6&#038;_nc_cat=111&#038;ccb=1-7&#038;_nc_sid=f907e8&#038;_nc_ohc=SM1wRlP3lJwQ7kNvwEPuBYA&#038;_nc_oc=AdnqrjDN_BNjSSHWO-GbkIWH6fkGMLw4bqvL_NH6e2wMveX7G-rP2dAqsDSq1mJMOaY&#038;_nc_zt=24&#038;_nc_ht=scontent-gig4-1.xx&#038;_nc_gid=AoBFJeGrT1hVaew_6rchkQ&#038;oh=00_AfX7QmFGhQhG2jAllVgXCiM1ZrWgvtp80-Bfppyexh1QEg&#038;oe=689E923C","article:published_time":"2017-12-02T12:12:28+00:00","article:modified_time":"2017-12-02T12:13:06+00:00","twitter:card":"summary_large_image","twitter:title":"Escola Estadual encerra a \u201cSemana da Educa\u00e7\u00e3o para a Vida\u201d - A Not\u00edcia Online","twitter:description":"A Escola Estadual Professor Orlando de Lima Faria encerrou, no \u00faltimo s\u00e1bado (25), a 3\u00aa Edi\u00e7\u00e3o da \u201cSemana da Educa\u00e7\u00e3o para a Vida\u201d, que envolve atividades variadas, como palestras, rodas de conversa e apresenta\u00e7\u00f5es de temas relevantes que auxiliam os jovens na prepara\u00e7\u00e3o e na forma\u00e7\u00e3o para a vida. Dulce Elena Couto Bittencourt Muglia, diretora","twitter:image":"https:\/\/scontent-gig4-1.xx.fbcdn.net\/v\/t39.30808-1\/270437624_4564083193639691_6907940295614233970_n.jpg?stp=dst-jpg_s200x200_tt6&_nc_cat=111&ccb=1-7&_nc_sid=f907e8&_nc_ohc=SM1wRlP3lJwQ7kNvwEPuBYA&_nc_oc=AdnqrjDN_BNjSSHWO-GbkIWH6fkGMLw4bqvL_NH6e2wMveX7G-rP2dAqsDSq1mJMOaY&_nc_zt=24&_nc_ht=scontent-gig4-1.xx&_nc_gid=AoBFJeGrT1hVaew_6rchkQ&oh=00_AfX7QmFGhQhG2jAllVgXCiM1ZrWgvtp80-Bfppyexh1QEg&oe=689E923C"},"aioseo_meta_data":{"post_id":"47087","title":null,"description":null,"keywords":null,"keyphrases":null,"primary_term":null,"canonical_url":null,"og_title":null,"og_description":null,"og_object_type":"default","og_image_type":"default","og_image_url":null,"og_image_width":null,"og_image_height":null,"og_image_custom_url":null,"og_image_custom_fields":null,"og_video":null,"og_custom_url":null,"og_article_section":null,"og_article_tags":null,"twitter_use_og":false,"twitter_card":"default","twitter_image_type":"default","twitter_image_url":null,"twitter_image_custom_url":null,"twitter_image_custom_fields":null,"twitter_title":null,"twitter_description":null,"schema":{"blockGraphs":[],"customGraphs":[],"default":{"data":{"Article":[],"Course":[],"Dataset":[],"FAQPage":[],"Movie":[],"Person":[],"Product":[],"ProductReview":[],"Car":[],"Recipe":[],"Service":[],"SoftwareApplication":[],"WebPage":[]},"graphName":"","isEnabled":true},"graphs":[]},"schema_type":"default","schema_type_options":null,"pillar_content":false,"robots_default":true,"robots_noindex":false,"robots_noarchive":false,"robots_nosnippet":false,"robots_nofollow":false,"robots_noimageindex":false,"robots_noodp":false,"robots_notranslate":false,"robots_max_snippet":null,"robots_max_videopreview":null,"robots_max_imagepreview":"large","priority":null,"frequency":null,"local_seo":null,"breadcrumb_settings":null,"limit_modified_date":false,"ai":null,"created":"2025-08-16 20:01:23","updated":"2025-08-16 20:01:23","focus_keyword":null,"additional_keywords":null,"truseo_locale":null,"seo_analyzer_scan_date":null},"aioseo_breadcrumb":"<div class=\"aioseo-breadcrumbs\"><span class=\"aioseo-breadcrumb\">\n\t\t\t<a href=\"https:\/\/anoticiaonline.com.br\/site\" title=\"Home\">Home<\/a>\n\t\t<\/span><span class=\"aioseo-breadcrumb-separator\">&raquo;<\/span><span class=\"aioseo-breadcrumb\">\n\t\t\t<a href=\"https:\/\/anoticiaonline.com.br\/site\/categoria\/gerais\/\" title=\"Gerais\">Gerais<\/a>\n\t\t<\/span><span class=\"aioseo-breadcrumb-separator\">&raquo;<\/span><span class=\"aioseo-breadcrumb\">\n\t\t\tEscola Estadual encerra a \u201cSemana da Educa\u00e7\u00e3o para a Vida\u201d\n\t\t<\/span><\/div>","aioseo_breadcrumb_json":[{"label":"Home","link":"https:\/\/anoticiaonline.com.br\/site"},{"label":"Gerais","link":"https:\/\/anoticiaonline.com.br\/site\/categoria\/gerais\/"},{"label":"Escola Estadual encerra a \u201cSemana da Educa\u00e7\u00e3o para a Vida\u201d","link":"https:\/\/anoticiaonline.com.br\/site\/escola-estadual-encerra-a-semana-da-educacao-para-a-vida\/"}],"views":161,"_links":{"self":[{"href":"https:\/\/anoticiaonline.com.br\/site\/wp-json\/wp\/v2\/posts\/47087","targetHints":{"allow":["GET"]}}],"collection":[{"href":"https:\/\/anoticiaonline.com.br\/site\/wp-json\/wp\/v2\/posts"}],"about":[{"href":"https:\/\/anoticiaonline.com.br\/site\/wp-json\/wp\/v2\/types\/post"}],"author":[{"embeddable":true,"href":"https:\/\/anoticiaonline.com.br\/site\/wp-json\/wp\/v2\/users\/2"}],"replies":[{"embeddable":true,"href":"https:\/\/anoticiaonline.com.br\/site\/wp-json\/wp\/v2\/comments?post=47087"}],"version-history":[{"count":0,"href":"https:\/\/anoticiaonline.com.br\/site\/wp-json\/wp\/v2\/posts\/47087\/revisions"}],"wp:featuredmedia":[{"embeddable":true,"href":"https:\/\/anoticiaonline.com.br\/site\/wp-json\/wp\/v2\/media\/47090"}],"wp:attachment":[{"href":"https:\/\/anoticiaonline.com.br\/site\/wp-json\/wp\/v2\/media?parent=47087"}],"wp:term":[{"taxonomy":"category","embeddable":true,"href":"https:\/\/anoticiaonline.com.br\/site\/wp-json\/wp\/v2\/categories?post=47087"},{"taxonomy":"post_tag","embeddable":true,"href":"https:\/\/anoticiaonline.com.br\/site\/wp-json\/wp\/v2\/tags?post=47087"}],"curies":[{"name":"wp","href":"https:\/\/api.w.org\/{rel}","templated":true}]}}