{"id":46993,"date":"2017-12-02T09:04:50","date_gmt":"2017-12-02T12:04:50","guid":{"rendered":"http:\/\/anoticiaonline.com.br\/site\/?p=46993"},"modified":"2017-12-02T09:06:53","modified_gmt":"2017-12-02T12:06:53","slug":"topfrut-comemora-aniversario-com-show-de-ofertas","status":"publish","type":"post","link":"https:\/\/anoticiaonline.com.br\/site\/topfrut-comemora-aniversario-com-show-de-ofertas\/","title":{"rendered":"Topfrut comemora anivers\u00e1rio com show de ofertas"},"content":{"rendered":"<p><a href=\"https:\/\/anoticiaonline.com.br\/site\/wp-content\/uploads\/2017\/12\/DSC_0087.jpg\"><img fetchpriority=\"high\" decoding=\"async\" class=\"aligncenter size-full wp-image-47030\" src=\"https:\/\/anoticiaonline.com.br\/site\/wp-content\/uploads\/2017\/12\/DSC_0087.jpg\" alt=\"\" width=\"640\" height=\"426\" srcset=\"https:\/\/anoticiaonline.com.br\/site\/wp-content\/uploads\/2017\/12\/DSC_0087.jpg 640w, https:\/\/anoticiaonline.com.br\/site\/wp-content\/uploads\/2017\/12\/DSC_0087-300x200.jpg 300w\" sizes=\"(max-width: 640px) 100vw, 640px\" \/><\/a> <a href=\"https:\/\/anoticiaonline.com.br\/site\/wp-content\/uploads\/2017\/12\/DSC_0093.jpg\"><img decoding=\"async\" class=\"aligncenter size-full wp-image-47031\" src=\"https:\/\/anoticiaonline.com.br\/site\/wp-content\/uploads\/2017\/12\/DSC_0093.jpg\" alt=\"\" width=\"640\" height=\"426\" srcset=\"https:\/\/anoticiaonline.com.br\/site\/wp-content\/uploads\/2017\/12\/DSC_0093.jpg 640w, https:\/\/anoticiaonline.com.br\/site\/wp-content\/uploads\/2017\/12\/DSC_0093-300x200.jpg 300w\" sizes=\"(max-width: 640px) 100vw, 640px\" \/><\/a> <a href=\"https:\/\/anoticiaonline.com.br\/site\/wp-content\/uploads\/2017\/12\/DSC_0598.jpg\"><img decoding=\"async\" class=\"aligncenter size-full wp-image-47032\" src=\"https:\/\/anoticiaonline.com.br\/site\/wp-content\/uploads\/2017\/12\/DSC_0598.jpg\" alt=\"\" width=\"640\" height=\"426\" srcset=\"https:\/\/anoticiaonline.com.br\/site\/wp-content\/uploads\/2017\/12\/DSC_0598.jpg 640w, https:\/\/anoticiaonline.com.br\/site\/wp-content\/uploads\/2017\/12\/DSC_0598-300x200.jpg 300w\" sizes=\"(max-width: 640px) 100vw, 640px\" \/><\/a> <a href=\"https:\/\/anoticiaonline.com.br\/site\/wp-content\/uploads\/2017\/12\/DSC_0599.jpg\"><img loading=\"lazy\" decoding=\"async\" class=\"aligncenter size-full wp-image-47033\" src=\"https:\/\/anoticiaonline.com.br\/site\/wp-content\/uploads\/2017\/12\/DSC_0599.jpg\" alt=\"\" width=\"640\" height=\"426\" srcset=\"https:\/\/anoticiaonline.com.br\/site\/wp-content\/uploads\/2017\/12\/DSC_0599.jpg 640w, https:\/\/anoticiaonline.com.br\/site\/wp-content\/uploads\/2017\/12\/DSC_0599-300x200.jpg 300w\" sizes=\"(max-width: 640px) 100vw, 640px\" \/><\/a> <a href=\"https:\/\/anoticiaonline.com.br\/site\/wp-content\/uploads\/2017\/12\/DSC_0663.jpg\"><img loading=\"lazy\" decoding=\"async\" class=\"aligncenter size-full wp-image-47034\" src=\"https:\/\/anoticiaonline.com.br\/site\/wp-content\/uploads\/2017\/12\/DSC_0663.jpg\" alt=\"\" width=\"640\" height=\"426\" srcset=\"https:\/\/anoticiaonline.com.br\/site\/wp-content\/uploads\/2017\/12\/DSC_0663.jpg 640w, https:\/\/anoticiaonline.com.br\/site\/wp-content\/uploads\/2017\/12\/DSC_0663-300x200.jpg 300w\" sizes=\"(max-width: 640px) 100vw, 640px\" \/><\/a>O Topfrut comemorou seu anivers\u00e1rio de seis anos da marca, com um show de pre\u00e7os baixos na sexta-feira (24) e no s\u00e1bado (25), ofertando, para o p\u00fablico, produtos de alta qualidade.<\/p>\n<p>De acordo com propriet\u00e1rio Cust\u00f3dio Jos\u00e9 Corr\u00eaa, a empresa familiar adotou a nova marca em 2011. \u201cAnteriormente trabalh\u00e1vamos no ramo com o nome Varej\u00e3o Ceasa, mas, h\u00e1 seis anos, fizemos o reposicionamento da marca que tem sido um grande sucesso desde ent\u00e3o\u201d, conta o empres\u00e1rio que emprega, atualmente, 28 funcion\u00e1rios.<\/p>\n<p>O Topfrut oferece legumes, frutas e verduras de \u00f3tima qualidade e preza pelo bom atendimento ao cliente. \u201cProcuramos sempre atender da melhor forma e trazer novidades para o mercado muriaeense. Possu\u00edmos boas parcerias com fornecedores de S\u00e3o Paulo. Aproveito a oportunidade para agradecer a Deus, aos nossos amigos, clientes e familiares\u201d, diz.<\/p>\n<p>A loja funciona na Avenida Comendador Freitas, n\u00famero 51, no Centro de Muria\u00e9, com estacionamento pr\u00f3prio e \u201cdisk-entrega\u201d. Hor\u00e1rio de funcionamento: de segunda a s\u00e1bado, das 8h \u00e0s 20h. Telefone para contato: (32) 3722-5374.<\/p>\n<p>&nbsp;<\/p>\n<p><img decoding=\"async\" class=\"ngg_displayed_gallery mceItem\" src=\"https:\/\/anoticiaonline.com.br\/site\/nextgen-attach_to_post\/preview\/id--47092\" \/><\/p>\n<p>&nbsp;<\/p>\n","protected":false},"excerpt":{"rendered":"<p>O Topfrut comemorou seu anivers\u00e1rio de seis anos da marca, com um show de pre\u00e7os baixos na sexta-feira (24) e no s\u00e1bado (25), ofertando, para o p\u00fablico, produtos de alta qualidade. De acordo com propriet\u00e1rio Cust\u00f3dio Jos\u00e9 Corr\u00eaa, a empresa familiar adotou a nova marca em 2011. \u201cAnteriormente trabalh\u00e1vamos no ramo com o nome Varej\u00e3o &#8230; <a title=\"Topfrut comemora anivers\u00e1rio com show de ofertas\" class=\"read-more\" href=\"https:\/\/anoticiaonline.com.br\/site\/topfrut-comemora-aniversario-com-show-de-ofertas\/\" aria-label=\"Read more about Topfrut comemora anivers\u00e1rio com show de ofertas\">Ler mais<\/a><\/p>\n","protected":false},"author":2,"featured_media":47030,"comment_status":"open","ping_status":"open","sticky":false,"template":"","format":"standard","meta":{"_acf_changed":false,"_monsterinsights_skip_tracking":false,"footnotes":""},"categories":[1],"tags":[366,68,1681,1682,124,1680],"class_list":["post-46993","post","type-post","status-publish","format-standard","has-post-thumbnail","hentry","category-gerais","tag-aniversario","tag-fruta","tag-frutas","tag-preco-baixo","tag-promocao","tag-topfrut"],"acf":[],"aioseo_notices":[],"aioseo_head":"\n\t\t<!-- All in One SEO 5.0.0.1 - aioseo.com -->\n\t<meta name=\"description\" content=\"O Topfrut comemorou seu anivers\u00e1rio de seis anos da marca, com um show de pre\u00e7os baixos na sexta-feira (24) e no s\u00e1bado (25), ofertando, para o p\u00fablico, produtos de alta qualidade. De acordo com propriet\u00e1rio Cust\u00f3dio Jos\u00e9 Corr\u00eaa, a empresa familiar adotou a nova marca em 2011. \u201cAnteriormente trabalh\u00e1vamos no ramo com o nome Varej\u00e3o\" \/>\n\t<meta name=\"robots\" content=\"max-image-preview:large\" \/>\n\t<meta name=\"author\" content=\"Juliana Laviola\"\/>\n\t<link rel=\"canonical\" href=\"https:\/\/anoticiaonline.com.br\/site\/topfrut-comemora-aniversario-com-show-de-ofertas\/\" \/>\n\t<meta name=\"generator\" content=\"All in One SEO (AIOSEO) 5.0.0.1\" \/>\n\t\t<meta property=\"og:locale\" content=\"pt_BR\" \/>\n\t\t<meta property=\"og:site_name\" content=\"A Not\u00edcia Online - Noticias de Muria\u00e9 e regi\u00e3o\" \/>\n\t\t<meta property=\"og:type\" content=\"article\" \/>\n\t\t<meta property=\"og:title\" content=\"Topfrut comemora anivers\u00e1rio com show de ofertas - A Not\u00edcia Online\" \/>\n\t\t<meta property=\"og:description\" content=\"O Topfrut comemorou seu anivers\u00e1rio de seis anos da marca, com um show de pre\u00e7os baixos na sexta-feira (24) e no s\u00e1bado (25), ofertando, para o p\u00fablico, produtos de alta qualidade. De acordo com propriet\u00e1rio Cust\u00f3dio Jos\u00e9 Corr\u00eaa, a empresa familiar adotou a nova marca em 2011. \u201cAnteriormente trabalh\u00e1vamos no ramo com o nome Varej\u00e3o\" \/>\n\t\t<meta property=\"og:url\" content=\"https:\/\/anoticiaonline.com.br\/site\/topfrut-comemora-aniversario-com-show-de-ofertas\/\" \/>\n\t\t<meta property=\"og:image\" content=\"https:\/\/scontent-gig4-1.xx.fbcdn.net\/v\/t39.30808-1\/270437624_4564083193639691_6907940295614233970_n.jpg?stp=dst-jpg_s200x200_tt6&#038;_nc_cat=111&#038;ccb=1-7&#038;_nc_sid=f907e8&#038;_nc_ohc=SM1wRlP3lJwQ7kNvwEPuBYA&#038;_nc_oc=AdnqrjDN_BNjSSHWO-GbkIWH6fkGMLw4bqvL_NH6e2wMveX7G-rP2dAqsDSq1mJMOaY&#038;_nc_zt=24&#038;_nc_ht=scontent-gig4-1.xx&#038;_nc_gid=AoBFJeGrT1hVaew_6rchkQ&#038;oh=00_AfX7QmFGhQhG2jAllVgXCiM1ZrWgvtp80-Bfppyexh1QEg&#038;oe=689E923C\" \/>\n\t\t<meta property=\"og:image:secure_url\" content=\"https:\/\/scontent-gig4-1.xx.fbcdn.net\/v\/t39.30808-1\/270437624_4564083193639691_6907940295614233970_n.jpg?stp=dst-jpg_s200x200_tt6&#038;_nc_cat=111&#038;ccb=1-7&#038;_nc_sid=f907e8&#038;_nc_ohc=SM1wRlP3lJwQ7kNvwEPuBYA&#038;_nc_oc=AdnqrjDN_BNjSSHWO-GbkIWH6fkGMLw4bqvL_NH6e2wMveX7G-rP2dAqsDSq1mJMOaY&#038;_nc_zt=24&#038;_nc_ht=scontent-gig4-1.xx&#038;_nc_gid=AoBFJeGrT1hVaew_6rchkQ&#038;oh=00_AfX7QmFGhQhG2jAllVgXCiM1ZrWgvtp80-Bfppyexh1QEg&#038;oe=689E923C\" \/>\n\t\t<meta property=\"article:published_time\" content=\"2017-12-02T12:04:50+00:00\" \/>\n\t\t<meta property=\"article:modified_time\" content=\"2017-12-02T12:06:53+00:00\" \/>\n\t\t<meta name=\"twitter:card\" content=\"summary_large_image\" \/>\n\t\t<meta name=\"twitter:title\" content=\"Topfrut comemora anivers\u00e1rio com show de ofertas - A Not\u00edcia Online\" \/>\n\t\t<meta name=\"twitter:description\" content=\"O Topfrut comemorou seu anivers\u00e1rio de seis anos da marca, com um show de pre\u00e7os baixos na sexta-feira (24) e no s\u00e1bado (25), ofertando, para o p\u00fablico, produtos de alta qualidade. De acordo com propriet\u00e1rio Cust\u00f3dio Jos\u00e9 Corr\u00eaa, a empresa familiar adotou a nova marca em 2011. \u201cAnteriormente trabalh\u00e1vamos no ramo com o nome Varej\u00e3o\" \/>\n\t\t<meta name=\"twitter:image\" content=\"https:\/\/scontent-gig4-1.xx.fbcdn.net\/v\/t39.30808-1\/270437624_4564083193639691_6907940295614233970_n.jpg?stp=dst-jpg_s200x200_tt6&amp;_nc_cat=111&amp;ccb=1-7&amp;_nc_sid=f907e8&amp;_nc_ohc=SM1wRlP3lJwQ7kNvwEPuBYA&amp;_nc_oc=AdnqrjDN_BNjSSHWO-GbkIWH6fkGMLw4bqvL_NH6e2wMveX7G-rP2dAqsDSq1mJMOaY&amp;_nc_zt=24&amp;_nc_ht=scontent-gig4-1.xx&amp;_nc_gid=AoBFJeGrT1hVaew_6rchkQ&amp;oh=00_AfX7QmFGhQhG2jAllVgXCiM1ZrWgvtp80-Bfppyexh1QEg&amp;oe=689E923C\" \/>\n\t\t<script type=\"application\/ld+json\" class=\"aioseo-schema\">\n\t\t\t{\"@context\":\"https:\\\/\\\/schema.org\",\"@graph\":[{\"@type\":\"BlogPosting\",\"@id\":\"https:\\\/\\\/anoticiaonline.com.br\\\/site\\\/topfrut-comemora-aniversario-com-show-de-ofertas\\\/#blogposting\",\"name\":\"Topfrut comemora anivers\\u00e1rio com show de ofertas - A Not\\u00edcia Online\",\"headline\":\"Topfrut comemora anivers\\u00e1rio com show de ofertas\",\"author\":{\"@id\":\"https:\\\/\\\/anoticiaonline.com.br\\\/site\\\/author\\\/juliana\\\/#author\"},\"publisher\":{\"@id\":\"https:\\\/\\\/anoticiaonline.com.br\\\/site\\\/#organization\"},\"image\":{\"@type\":\"ImageObject\",\"url\":\"https:\\\/\\\/anoticiaonline.com.br\\\/site\\\/wp-content\\\/uploads\\\/2017\\\/12\\\/DSC_0087.jpg\",\"width\":640,\"height\":426},\"datePublished\":\"2017-12-02T09:04:50-03:00\",\"dateModified\":\"2017-12-02T09:06:53-03:00\",\"inLanguage\":\"pt-BR\",\"mainEntityOfPage\":{\"@id\":\"https:\\\/\\\/anoticiaonline.com.br\\\/site\\\/topfrut-comemora-aniversario-com-show-de-ofertas\\\/#webpage\"},\"isPartOf\":{\"@id\":\"https:\\\/\\\/anoticiaonline.com.br\\\/site\\\/topfrut-comemora-aniversario-com-show-de-ofertas\\\/#webpage\"},\"articleSection\":\"Gerais, anivers\\u00e1rio, fruta, frutas, pre\\u00e7o baixo, Promo\\u00e7\\u00e3o, Topfrut\"},{\"@type\":\"BreadcrumbList\",\"@id\":\"https:\\\/\\\/anoticiaonline.com.br\\\/site\\\/topfrut-comemora-aniversario-com-show-de-ofertas\\\/#breadcrumblist\",\"itemListElement\":[{\"@type\":\"ListItem\",\"@id\":\"https:\\\/\\\/anoticiaonline.com.br\\\/site#listItem\",\"position\":1,\"name\":\"Home\",\"item\":\"https:\\\/\\\/anoticiaonline.com.br\\\/site\",\"nextItem\":{\"@type\":\"ListItem\",\"@id\":\"https:\\\/\\\/anoticiaonline.com.br\\\/site\\\/categoria\\\/gerais\\\/#listItem\",\"name\":\"Gerais\"}},{\"@type\":\"ListItem\",\"@id\":\"https:\\\/\\\/anoticiaonline.com.br\\\/site\\\/categoria\\\/gerais\\\/#listItem\",\"position\":2,\"name\":\"Gerais\",\"item\":\"https:\\\/\\\/anoticiaonline.com.br\\\/site\\\/categoria\\\/gerais\\\/\",\"nextItem\":{\"@type\":\"ListItem\",\"@id\":\"https:\\\/\\\/anoticiaonline.com.br\\\/site\\\/topfrut-comemora-aniversario-com-show-de-ofertas\\\/#listItem\",\"name\":\"Topfrut comemora anivers\\u00e1rio com show de ofertas\"},\"previousItem\":{\"@type\":\"ListItem\",\"@id\":\"https:\\\/\\\/anoticiaonline.com.br\\\/site#listItem\",\"name\":\"Home\"}},{\"@type\":\"ListItem\",\"@id\":\"https:\\\/\\\/anoticiaonline.com.br\\\/site\\\/topfrut-comemora-aniversario-com-show-de-ofertas\\\/#listItem\",\"position\":3,\"name\":\"Topfrut comemora anivers\\u00e1rio com show de ofertas\",\"previousItem\":{\"@type\":\"ListItem\",\"@id\":\"https:\\\/\\\/anoticiaonline.com.br\\\/site\\\/categoria\\\/gerais\\\/#listItem\",\"name\":\"Gerais\"}}]},{\"@type\":\"Organization\",\"@id\":\"https:\\\/\\\/anoticiaonline.com.br\\\/site\\\/#organization\",\"name\":\"A Not\\u00edcia Online\",\"description\":\"Noticias de Muria\\u00e9 e regi\\u00e3o\",\"url\":\"https:\\\/\\\/anoticiaonline.com.br\\\/site\\\/\",\"logo\":{\"@type\":\"ImageObject\",\"url\":\"https:\\\/\\\/scontent-gig4-1.xx.fbcdn.net\\\/v\\\/t39.30808-1\\\/270437624_4564083193639691_6907940295614233970_n.jpg?stp=dst-jpg_s200x200_tt6&_nc_cat=111&ccb=1-7&_nc_sid=f907e8&_nc_ohc=SM1wRlP3lJwQ7kNvwEPuBYA&_nc_oc=AdnqrjDN_BNjSSHWO-GbkIWH6fkGMLw4bqvL_NH6e2wMveX7G-rP2dAqsDSq1mJMOaY&_nc_zt=24&_nc_ht=scontent-gig4-1.xx&_nc_gid=AoBFJeGrT1hVaew_6rchkQ&oh=00_AfX7QmFGhQhG2jAllVgXCiM1ZrWgvtp80-Bfppyexh1QEg&oe=689E923C\",\"@id\":\"https:\\\/\\\/anoticiaonline.com.br\\\/site\\\/topfrut-comemora-aniversario-com-show-de-ofertas\\\/#organizationLogo\"},\"image\":{\"@id\":\"https:\\\/\\\/anoticiaonline.com.br\\\/site\\\/topfrut-comemora-aniversario-com-show-de-ofertas\\\/#organizationLogo\"}},{\"@type\":\"Person\",\"@id\":\"https:\\\/\\\/anoticiaonline.com.br\\\/site\\\/author\\\/juliana\\\/#author\",\"url\":\"https:\\\/\\\/anoticiaonline.com.br\\\/site\\\/author\\\/juliana\\\/\",\"name\":\"Juliana Laviola\",\"image\":{\"@type\":\"ImageObject\",\"@id\":\"https:\\\/\\\/anoticiaonline.com.br\\\/site\\\/topfrut-comemora-aniversario-com-show-de-ofertas\\\/#authorImage\",\"url\":\"https:\\\/\\\/secure.gravatar.com\\\/avatar\\\/b8d45f5c699b100dfaf0e543582f38f38bf94cb7ae3a5e9abf8d891a34773335?s=96&d=mm&r=g\",\"width\":96,\"height\":96,\"caption\":\"Juliana Laviola\"}},{\"@type\":\"WebPage\",\"@id\":\"https:\\\/\\\/anoticiaonline.com.br\\\/site\\\/topfrut-comemora-aniversario-com-show-de-ofertas\\\/#webpage\",\"url\":\"https:\\\/\\\/anoticiaonline.com.br\\\/site\\\/topfrut-comemora-aniversario-com-show-de-ofertas\\\/\",\"name\":\"Topfrut comemora anivers\\u00e1rio com show de ofertas - A Not\\u00edcia Online\",\"description\":\"O Topfrut comemorou seu anivers\\u00e1rio de seis anos da marca, com um show de pre\\u00e7os baixos na sexta-feira (24) e no s\\u00e1bado (25), ofertando, para o p\\u00fablico, produtos de alta qualidade. De acordo com propriet\\u00e1rio Cust\\u00f3dio Jos\\u00e9 Corr\\u00eaa, a empresa familiar adotou a nova marca em 2011. \\u201cAnteriormente trabalh\\u00e1vamos no ramo com o nome Varej\\u00e3o\",\"inLanguage\":\"pt-BR\",\"isPartOf\":{\"@id\":\"https:\\\/\\\/anoticiaonline.com.br\\\/site\\\/#website\"},\"breadcrumb\":{\"@id\":\"https:\\\/\\\/anoticiaonline.com.br\\\/site\\\/topfrut-comemora-aniversario-com-show-de-ofertas\\\/#breadcrumblist\"},\"author\":{\"@id\":\"https:\\\/\\\/anoticiaonline.com.br\\\/site\\\/author\\\/juliana\\\/#author\"},\"creator\":{\"@id\":\"https:\\\/\\\/anoticiaonline.com.br\\\/site\\\/author\\\/juliana\\\/#author\"},\"image\":{\"@type\":\"ImageObject\",\"url\":\"https:\\\/\\\/anoticiaonline.com.br\\\/site\\\/wp-content\\\/uploads\\\/2017\\\/12\\\/DSC_0087.jpg\",\"@id\":\"https:\\\/\\\/anoticiaonline.com.br\\\/site\\\/topfrut-comemora-aniversario-com-show-de-ofertas\\\/#mainImage\",\"width\":640,\"height\":426},\"primaryImageOfPage\":{\"@id\":\"https:\\\/\\\/anoticiaonline.com.br\\\/site\\\/topfrut-comemora-aniversario-com-show-de-ofertas\\\/#mainImage\"},\"datePublished\":\"2017-12-02T09:04:50-03:00\",\"dateModified\":\"2017-12-02T09:06:53-03:00\"},{\"@type\":\"WebSite\",\"@id\":\"https:\\\/\\\/anoticiaonline.com.br\\\/site\\\/#website\",\"url\":\"https:\\\/\\\/anoticiaonline.com.br\\\/site\\\/\",\"name\":\"A Not\\u00edcia Online\",\"description\":\"Noticias de Muria\\u00e9 e regi\\u00e3o\",\"inLanguage\":\"pt-BR\",\"publisher\":{\"@id\":\"https:\\\/\\\/anoticiaonline.com.br\\\/site\\\/#organization\"}}]}\n\t\t<\/script>\n\t\t<!-- All in One SEO -->\n\n","aioseo_head_json":{"title":"Topfrut comemora anivers\u00e1rio com show de ofertas - A Not\u00edcia Online","description":"O Topfrut comemorou seu anivers\u00e1rio de seis anos da marca, com um show de pre\u00e7os baixos na sexta-feira (24) e no s\u00e1bado (25), ofertando, para o p\u00fablico, produtos de alta qualidade. De acordo com propriet\u00e1rio Cust\u00f3dio Jos\u00e9 Corr\u00eaa, a empresa familiar adotou a nova marca em 2011. \u201cAnteriormente trabalh\u00e1vamos no ramo com o nome Varej\u00e3o","canonical_url":"https:\/\/anoticiaonline.com.br\/site\/topfrut-comemora-aniversario-com-show-de-ofertas\/","robots":"max-image-preview:large","keywords":"","webmasterTools":{"miscellaneous":""},"schema":{"@context":"https:\/\/schema.org","@graph":[{"@type":"BlogPosting","@id":"https:\/\/anoticiaonline.com.br\/site\/topfrut-comemora-aniversario-com-show-de-ofertas\/#blogposting","name":"Topfrut comemora anivers\u00e1rio com show de ofertas - A Not\u00edcia Online","headline":"Topfrut comemora anivers\u00e1rio com show de ofertas","author":{"@id":"https:\/\/anoticiaonline.com.br\/site\/author\/juliana\/#author"},"publisher":{"@id":"https:\/\/anoticiaonline.com.br\/site\/#organization"},"image":{"@type":"ImageObject","url":"https:\/\/anoticiaonline.com.br\/site\/wp-content\/uploads\/2017\/12\/DSC_0087.jpg","width":640,"height":426},"datePublished":"2017-12-02T09:04:50-03:00","dateModified":"2017-12-02T09:06:53-03:00","inLanguage":"pt-BR","mainEntityOfPage":{"@id":"https:\/\/anoticiaonline.com.br\/site\/topfrut-comemora-aniversario-com-show-de-ofertas\/#webpage"},"isPartOf":{"@id":"https:\/\/anoticiaonline.com.br\/site\/topfrut-comemora-aniversario-com-show-de-ofertas\/#webpage"},"articleSection":"Gerais, anivers\u00e1rio, fruta, frutas, pre\u00e7o baixo, Promo\u00e7\u00e3o, Topfrut"},{"@type":"BreadcrumbList","@id":"https:\/\/anoticiaonline.com.br\/site\/topfrut-comemora-aniversario-com-show-de-ofertas\/#breadcrumblist","itemListElement":[{"@type":"ListItem","@id":"https:\/\/anoticiaonline.com.br\/site#listItem","position":1,"name":"Home","item":"https:\/\/anoticiaonline.com.br\/site","nextItem":{"@type":"ListItem","@id":"https:\/\/anoticiaonline.com.br\/site\/categoria\/gerais\/#listItem","name":"Gerais"}},{"@type":"ListItem","@id":"https:\/\/anoticiaonline.com.br\/site\/categoria\/gerais\/#listItem","position":2,"name":"Gerais","item":"https:\/\/anoticiaonline.com.br\/site\/categoria\/gerais\/","nextItem":{"@type":"ListItem","@id":"https:\/\/anoticiaonline.com.br\/site\/topfrut-comemora-aniversario-com-show-de-ofertas\/#listItem","name":"Topfrut comemora anivers\u00e1rio com show de ofertas"},"previousItem":{"@type":"ListItem","@id":"https:\/\/anoticiaonline.com.br\/site#listItem","name":"Home"}},{"@type":"ListItem","@id":"https:\/\/anoticiaonline.com.br\/site\/topfrut-comemora-aniversario-com-show-de-ofertas\/#listItem","position":3,"name":"Topfrut comemora anivers\u00e1rio com show de ofertas","previousItem":{"@type":"ListItem","@id":"https:\/\/anoticiaonline.com.br\/site\/categoria\/gerais\/#listItem","name":"Gerais"}}]},{"@type":"Organization","@id":"https:\/\/anoticiaonline.com.br\/site\/#organization","name":"A Not\u00edcia Online","description":"Noticias de Muria\u00e9 e regi\u00e3o","url":"https:\/\/anoticiaonline.com.br\/site\/","logo":{"@type":"ImageObject","url":"https:\/\/scontent-gig4-1.xx.fbcdn.net\/v\/t39.30808-1\/270437624_4564083193639691_6907940295614233970_n.jpg?stp=dst-jpg_s200x200_tt6&_nc_cat=111&ccb=1-7&_nc_sid=f907e8&_nc_ohc=SM1wRlP3lJwQ7kNvwEPuBYA&_nc_oc=AdnqrjDN_BNjSSHWO-GbkIWH6fkGMLw4bqvL_NH6e2wMveX7G-rP2dAqsDSq1mJMOaY&_nc_zt=24&_nc_ht=scontent-gig4-1.xx&_nc_gid=AoBFJeGrT1hVaew_6rchkQ&oh=00_AfX7QmFGhQhG2jAllVgXCiM1ZrWgvtp80-Bfppyexh1QEg&oe=689E923C","@id":"https:\/\/anoticiaonline.com.br\/site\/topfrut-comemora-aniversario-com-show-de-ofertas\/#organizationLogo"},"image":{"@id":"https:\/\/anoticiaonline.com.br\/site\/topfrut-comemora-aniversario-com-show-de-ofertas\/#organizationLogo"}},{"@type":"Person","@id":"https:\/\/anoticiaonline.com.br\/site\/author\/juliana\/#author","url":"https:\/\/anoticiaonline.com.br\/site\/author\/juliana\/","name":"Juliana Laviola","image":{"@type":"ImageObject","@id":"https:\/\/anoticiaonline.com.br\/site\/topfrut-comemora-aniversario-com-show-de-ofertas\/#authorImage","url":"https:\/\/secure.gravatar.com\/avatar\/b8d45f5c699b100dfaf0e543582f38f38bf94cb7ae3a5e9abf8d891a34773335?s=96&d=mm&r=g","width":96,"height":96,"caption":"Juliana Laviola"}},{"@type":"WebPage","@id":"https:\/\/anoticiaonline.com.br\/site\/topfrut-comemora-aniversario-com-show-de-ofertas\/#webpage","url":"https:\/\/anoticiaonline.com.br\/site\/topfrut-comemora-aniversario-com-show-de-ofertas\/","name":"Topfrut comemora anivers\u00e1rio com show de ofertas - A Not\u00edcia Online","description":"O Topfrut comemorou seu anivers\u00e1rio de seis anos da marca, com um show de pre\u00e7os baixos na sexta-feira (24) e no s\u00e1bado (25), ofertando, para o p\u00fablico, produtos de alta qualidade. De acordo com propriet\u00e1rio Cust\u00f3dio Jos\u00e9 Corr\u00eaa, a empresa familiar adotou a nova marca em 2011. \u201cAnteriormente trabalh\u00e1vamos no ramo com o nome Varej\u00e3o","inLanguage":"pt-BR","isPartOf":{"@id":"https:\/\/anoticiaonline.com.br\/site\/#website"},"breadcrumb":{"@id":"https:\/\/anoticiaonline.com.br\/site\/topfrut-comemora-aniversario-com-show-de-ofertas\/#breadcrumblist"},"author":{"@id":"https:\/\/anoticiaonline.com.br\/site\/author\/juliana\/#author"},"creator":{"@id":"https:\/\/anoticiaonline.com.br\/site\/author\/juliana\/#author"},"image":{"@type":"ImageObject","url":"https:\/\/anoticiaonline.com.br\/site\/wp-content\/uploads\/2017\/12\/DSC_0087.jpg","@id":"https:\/\/anoticiaonline.com.br\/site\/topfrut-comemora-aniversario-com-show-de-ofertas\/#mainImage","width":640,"height":426},"primaryImageOfPage":{"@id":"https:\/\/anoticiaonline.com.br\/site\/topfrut-comemora-aniversario-com-show-de-ofertas\/#mainImage"},"datePublished":"2017-12-02T09:04:50-03:00","dateModified":"2017-12-02T09:06:53-03:00"},{"@type":"WebSite","@id":"https:\/\/anoticiaonline.com.br\/site\/#website","url":"https:\/\/anoticiaonline.com.br\/site\/","name":"A Not\u00edcia Online","description":"Noticias de Muria\u00e9 e regi\u00e3o","inLanguage":"pt-BR","publisher":{"@id":"https:\/\/anoticiaonline.com.br\/site\/#organization"}}]},"og:locale":"pt_BR","og:site_name":"A Not\u00edcia Online - Noticias de Muria\u00e9 e regi\u00e3o","og:type":"article","og:title":"Topfrut comemora anivers\u00e1rio com show de ofertas - A Not\u00edcia Online","og:description":"O Topfrut comemorou seu anivers\u00e1rio de seis anos da marca, com um show de pre\u00e7os baixos na sexta-feira (24) e no s\u00e1bado (25), ofertando, para o p\u00fablico, produtos de alta qualidade. De acordo com propriet\u00e1rio Cust\u00f3dio Jos\u00e9 Corr\u00eaa, a empresa familiar adotou a nova marca em 2011. \u201cAnteriormente trabalh\u00e1vamos no ramo com o nome Varej\u00e3o","og:url":"https:\/\/anoticiaonline.com.br\/site\/topfrut-comemora-aniversario-com-show-de-ofertas\/","og:image":"https:\/\/scontent-gig4-1.xx.fbcdn.net\/v\/t39.30808-1\/270437624_4564083193639691_6907940295614233970_n.jpg?stp=dst-jpg_s200x200_tt6&#038;_nc_cat=111&#038;ccb=1-7&#038;_nc_sid=f907e8&#038;_nc_ohc=SM1wRlP3lJwQ7kNvwEPuBYA&#038;_nc_oc=AdnqrjDN_BNjSSHWO-GbkIWH6fkGMLw4bqvL_NH6e2wMveX7G-rP2dAqsDSq1mJMOaY&#038;_nc_zt=24&#038;_nc_ht=scontent-gig4-1.xx&#038;_nc_gid=AoBFJeGrT1hVaew_6rchkQ&#038;oh=00_AfX7QmFGhQhG2jAllVgXCiM1ZrWgvtp80-Bfppyexh1QEg&#038;oe=689E923C","og:image:secure_url":"https:\/\/scontent-gig4-1.xx.fbcdn.net\/v\/t39.30808-1\/270437624_4564083193639691_6907940295614233970_n.jpg?stp=dst-jpg_s200x200_tt6&#038;_nc_cat=111&#038;ccb=1-7&#038;_nc_sid=f907e8&#038;_nc_ohc=SM1wRlP3lJwQ7kNvwEPuBYA&#038;_nc_oc=AdnqrjDN_BNjSSHWO-GbkIWH6fkGMLw4bqvL_NH6e2wMveX7G-rP2dAqsDSq1mJMOaY&#038;_nc_zt=24&#038;_nc_ht=scontent-gig4-1.xx&#038;_nc_gid=AoBFJeGrT1hVaew_6rchkQ&#038;oh=00_AfX7QmFGhQhG2jAllVgXCiM1ZrWgvtp80-Bfppyexh1QEg&#038;oe=689E923C","article:published_time":"2017-12-02T12:04:50+00:00","article:modified_time":"2017-12-02T12:06:53+00:00","twitter:card":"summary_large_image","twitter:title":"Topfrut comemora anivers\u00e1rio com show de ofertas - A Not\u00edcia Online","twitter:description":"O Topfrut comemorou seu anivers\u00e1rio de seis anos da marca, com um show de pre\u00e7os baixos na sexta-feira (24) e no s\u00e1bado (25), ofertando, para o p\u00fablico, produtos de alta qualidade. De acordo com propriet\u00e1rio Cust\u00f3dio Jos\u00e9 Corr\u00eaa, a empresa familiar adotou a nova marca em 2011. \u201cAnteriormente trabalh\u00e1vamos no ramo com o nome Varej\u00e3o","twitter:image":"https:\/\/scontent-gig4-1.xx.fbcdn.net\/v\/t39.30808-1\/270437624_4564083193639691_6907940295614233970_n.jpg?stp=dst-jpg_s200x200_tt6&_nc_cat=111&ccb=1-7&_nc_sid=f907e8&_nc_ohc=SM1wRlP3lJwQ7kNvwEPuBYA&_nc_oc=AdnqrjDN_BNjSSHWO-GbkIWH6fkGMLw4bqvL_NH6e2wMveX7G-rP2dAqsDSq1mJMOaY&_nc_zt=24&_nc_ht=scontent-gig4-1.xx&_nc_gid=AoBFJeGrT1hVaew_6rchkQ&oh=00_AfX7QmFGhQhG2jAllVgXCiM1ZrWgvtp80-Bfppyexh1QEg&oe=689E923C"},"aioseo_meta_data":{"post_id":"46993","title":null,"description":null,"keywords":null,"keyphrases":null,"primary_term":null,"canonical_url":null,"og_title":null,"og_description":null,"og_object_type":"default","og_image_type":"default","og_image_url":null,"og_image_width":null,"og_image_height":null,"og_image_custom_url":null,"og_image_custom_fields":null,"og_video":null,"og_custom_url":null,"og_article_section":null,"og_article_tags":null,"twitter_use_og":false,"twitter_card":"default","twitter_image_type":"default","twitter_image_url":null,"twitter_image_custom_url":null,"twitter_image_custom_fields":null,"twitter_title":null,"twitter_description":null,"schema":{"blockGraphs":[],"customGraphs":[],"default":{"data":{"Article":[],"Course":[],"Dataset":[],"FAQPage":[],"Movie":[],"Person":[],"Product":[],"ProductReview":[],"Car":[],"Recipe":[],"Service":[],"SoftwareApplication":[],"WebPage":[]},"graphName":"","isEnabled":true},"graphs":[]},"schema_type":"default","schema_type_options":null,"pillar_content":false,"robots_default":true,"robots_noindex":false,"robots_noarchive":false,"robots_nosnippet":false,"robots_nofollow":false,"robots_noimageindex":false,"robots_noodp":false,"robots_notranslate":false,"robots_max_snippet":null,"robots_max_videopreview":null,"robots_max_imagepreview":"large","priority":null,"frequency":null,"local_seo":null,"breadcrumb_settings":null,"limit_modified_date":false,"ai":null,"created":"2025-08-16 20:01:23","updated":"2025-08-16 20:01:23","focus_keyword":null,"additional_keywords":null,"truseo_locale":null,"seo_analyzer_scan_date":null},"aioseo_breadcrumb":"<div class=\"aioseo-breadcrumbs\"><span class=\"aioseo-breadcrumb\">\n\t\t\t<a href=\"https:\/\/anoticiaonline.com.br\/site\" title=\"Home\">Home<\/a>\n\t\t<\/span><span class=\"aioseo-breadcrumb-separator\">&raquo;<\/span><span class=\"aioseo-breadcrumb\">\n\t\t\t<a href=\"https:\/\/anoticiaonline.com.br\/site\/categoria\/gerais\/\" title=\"Gerais\">Gerais<\/a>\n\t\t<\/span><span class=\"aioseo-breadcrumb-separator\">&raquo;<\/span><span class=\"aioseo-breadcrumb\">\n\t\t\tTopfrut comemora anivers\u00e1rio com show de ofertas\n\t\t<\/span><\/div>","aioseo_breadcrumb_json":[{"label":"Home","link":"https:\/\/anoticiaonline.com.br\/site"},{"label":"Gerais","link":"https:\/\/anoticiaonline.com.br\/site\/categoria\/gerais\/"},{"label":"Topfrut comemora anivers\u00e1rio com show de ofertas","link":"https:\/\/anoticiaonline.com.br\/site\/topfrut-comemora-aniversario-com-show-de-ofertas\/"}],"views":155,"_links":{"self":[{"href":"https:\/\/anoticiaonline.com.br\/site\/wp-json\/wp\/v2\/posts\/46993","targetHints":{"allow":["GET"]}}],"collection":[{"href":"https:\/\/anoticiaonline.com.br\/site\/wp-json\/wp\/v2\/posts"}],"about":[{"href":"https:\/\/anoticiaonline.com.br\/site\/wp-json\/wp\/v2\/types\/post"}],"author":[{"embeddable":true,"href":"https:\/\/anoticiaonline.com.br\/site\/wp-json\/wp\/v2\/users\/2"}],"replies":[{"embeddable":true,"href":"https:\/\/anoticiaonline.com.br\/site\/wp-json\/wp\/v2\/comments?post=46993"}],"version-history":[{"count":0,"href":"https:\/\/anoticiaonline.com.br\/site\/wp-json\/wp\/v2\/posts\/46993\/revisions"}],"wp:featuredmedia":[{"embeddable":true,"href":"https:\/\/anoticiaonline.com.br\/site\/wp-json\/wp\/v2\/media\/47030"}],"wp:attachment":[{"href":"https:\/\/anoticiaonline.com.br\/site\/wp-json\/wp\/v2\/media?parent=46993"}],"wp:term":[{"taxonomy":"category","embeddable":true,"href":"https:\/\/anoticiaonline.com.br\/site\/wp-json\/wp\/v2\/categories?post=46993"},{"taxonomy":"post_tag","embeddable":true,"href":"https:\/\/anoticiaonline.com.br\/site\/wp-json\/wp\/v2\/tags?post=46993"}],"curies":[{"name":"wp","href":"https:\/\/api.w.org\/{rel}","templated":true}]}}