{"id":46820,"date":"2017-12-02T08:56:43","date_gmt":"2017-12-02T11:56:43","guid":{"rendered":"http:\/\/anoticiaonline.com.br\/site\/?p=46820"},"modified":"2017-12-02T08:58:07","modified_gmt":"2017-12-02T11:58:07","slug":"helena-motos-comemora-seu-3o-aniversario","status":"publish","type":"post","link":"https:\/\/anoticiaonline.com.br\/site\/helena-motos-comemora-seu-3o-aniversario\/","title":{"rendered":"Helena Motos comemora seu 3\u00ba anivers\u00e1rio"},"content":{"rendered":"<p>&nbsp;<\/p>\n<p><a href=\"https:\/\/anoticiaonline.com.br\/site\/wp-content\/uploads\/2017\/12\/DSC_0004_640x427-2.jpg\"><img fetchpriority=\"high\" decoding=\"async\" class=\"aligncenter size-full wp-image-46918\" src=\"https:\/\/anoticiaonline.com.br\/site\/wp-content\/uploads\/2017\/12\/DSC_0004_640x427-2.jpg\" alt=\"\" width=\"640\" height=\"427\" srcset=\"https:\/\/anoticiaonline.com.br\/site\/wp-content\/uploads\/2017\/12\/DSC_0004_640x427-2.jpg 640w, https:\/\/anoticiaonline.com.br\/site\/wp-content\/uploads\/2017\/12\/DSC_0004_640x427-2-300x200.jpg 300w\" sizes=\"(max-width: 640px) 100vw, 640px\" \/><\/a> <a href=\"https:\/\/anoticiaonline.com.br\/site\/wp-content\/uploads\/2017\/12\/DSC_0024_640x427.jpg\"><img decoding=\"async\" class=\"aligncenter size-full wp-image-46921\" src=\"https:\/\/anoticiaonline.com.br\/site\/wp-content\/uploads\/2017\/12\/DSC_0024_640x427.jpg\" alt=\"\" width=\"640\" height=\"427\" srcset=\"https:\/\/anoticiaonline.com.br\/site\/wp-content\/uploads\/2017\/12\/DSC_0024_640x427.jpg 640w, https:\/\/anoticiaonline.com.br\/site\/wp-content\/uploads\/2017\/12\/DSC_0024_640x427-300x200.jpg 300w\" sizes=\"(max-width: 640px) 100vw, 640px\" \/><\/a> <a href=\"https:\/\/anoticiaonline.com.br\/site\/wp-content\/uploads\/2017\/12\/DSC_0027_640x427-1.jpg\"><img decoding=\"async\" class=\"aligncenter size-full wp-image-46926\" src=\"https:\/\/anoticiaonline.com.br\/site\/wp-content\/uploads\/2017\/12\/DSC_0027_640x427-1.jpg\" alt=\"\" width=\"640\" height=\"427\" srcset=\"https:\/\/anoticiaonline.com.br\/site\/wp-content\/uploads\/2017\/12\/DSC_0027_640x427-1.jpg 640w, https:\/\/anoticiaonline.com.br\/site\/wp-content\/uploads\/2017\/12\/DSC_0027_640x427-1-300x200.jpg 300w\" sizes=\"(max-width: 640px) 100vw, 640px\" \/><\/a> <a href=\"https:\/\/anoticiaonline.com.br\/site\/wp-content\/uploads\/2017\/12\/DSC09723_640x480.jpg\"><img loading=\"lazy\" decoding=\"async\" class=\"aligncenter size-full wp-image-46929\" src=\"https:\/\/anoticiaonline.com.br\/site\/wp-content\/uploads\/2017\/12\/DSC09723_640x480.jpg\" alt=\"\" width=\"640\" height=\"480\" srcset=\"https:\/\/anoticiaonline.com.br\/site\/wp-content\/uploads\/2017\/12\/DSC09723_640x480.jpg 640w, https:\/\/anoticiaonline.com.br\/site\/wp-content\/uploads\/2017\/12\/DSC09723_640x480-300x225.jpg 300w\" sizes=\"(max-width: 640px) 100vw, 640px\" \/><\/a> <a href=\"https:\/\/anoticiaonline.com.br\/site\/wp-content\/uploads\/2017\/12\/DSC09736_640x480.jpg\"><img loading=\"lazy\" decoding=\"async\" class=\"aligncenter size-full wp-image-46934\" src=\"https:\/\/anoticiaonline.com.br\/site\/wp-content\/uploads\/2017\/12\/DSC09736_640x480.jpg\" alt=\"\" width=\"640\" height=\"480\" srcset=\"https:\/\/anoticiaonline.com.br\/site\/wp-content\/uploads\/2017\/12\/DSC09736_640x480.jpg 640w, https:\/\/anoticiaonline.com.br\/site\/wp-content\/uploads\/2017\/12\/DSC09736_640x480-300x225.jpg 300w\" sizes=\"(max-width: 640px) 100vw, 640px\" \/><\/a><\/p>\n<p>A Helena Motos comemorou seu anivers\u00e1rio de tr\u00eas anos com um delicioso caf\u00e9 da manh\u00e3 para funcion\u00e1rios, clientes, amigos e parceiros, na manh\u00e3 de s\u00e1bado (25). No evento, a empresa realizou diversos sorteios e as 30 primeiras motos receberam 30% de desconto na troca de \u00f3leo.<\/p>\n<p>Ao final do dia, uma carreata comemorativa saiu pelas ruas da cidade. A oficina conta com diversos aparelhos de inje\u00e7\u00e3o eletr\u00f4nica, venda de acess\u00f3rios, mec\u00e2nicos especializados em motocicletas de alto desempenho e oferece o melhor pre\u00e7o em pe\u00e7as e pneus de Muria\u00e9 e regi\u00e3o.<\/p>\n<p>Anderson Machado, propriet\u00e1rio da empresa, disse que esta \u00e9 a segunda comemora\u00e7\u00e3o de anivers\u00e1rio da empresa. \u201cRealizamos o evento com o objetivo de agradecer aos clientes pela prefer\u00eancia e pela confian\u00e7a. Neste ano, sorteamos, para os clientes cadastrados, tr\u00eas capacetes, rede, capa t\u00e9rmica, pneu, al\u00e9m de dois brindes oferecidos pela Yamaha, que \u00e9 nossa grande parceira. Queremos melhorar ainda mais o nosso n\u00edvel de servi\u00e7os e atendimentos no pr\u00f3ximo ano. Aproveitamos para desejar a todos um Feliz Natal e um 2018 repleto de realiza\u00e7\u00f5es\u201d, conta.<\/p>\n<p>A Helena Motos est\u00e1 localizada na Avenida Jos\u00e9 M\u00e1ximo Ribeiro, n\u00famero 554, no Bairro Jo\u00e3o XXIII. Telefones para contato: (32) 3721-9414 e 9 8830-6500. Hor\u00e1rio de funcionamento: de segunda \u00e0 sexta-feira, das 7h30 \u00e0s 18h e, no s\u00e1bado, das 7h30 ao meio-dia.<\/p>\n<p><img decoding=\"async\" class=\"ngg_displayed_gallery mceItem\" src=\"https:\/\/anoticiaonline.com.br\/site\/nextgen-attach_to_post\/preview\/id--47035\" \/><\/p>\n<p>&nbsp;<\/p>\n","protected":false},"excerpt":{"rendered":"<p>&nbsp; A Helena Motos comemorou seu anivers\u00e1rio de tr\u00eas anos com um delicioso caf\u00e9 da manh\u00e3 para funcion\u00e1rios, clientes, amigos e parceiros, na manh\u00e3 de s\u00e1bado (25). No evento, a empresa realizou diversos sorteios e as 30 primeiras motos receberam 30% de desconto na troca de \u00f3leo. Ao final do dia, uma carreata comemorativa saiu &#8230; <a title=\"Helena Motos comemora seu 3\u00ba anivers\u00e1rio\" class=\"read-more\" href=\"https:\/\/anoticiaonline.com.br\/site\/helena-motos-comemora-seu-3o-aniversario\/\" aria-label=\"Read more about Helena Motos comemora seu 3\u00ba anivers\u00e1rio\">Ler mais<\/a><\/p>\n","protected":false},"author":2,"featured_media":46965,"comment_status":"open","ping_status":"open","sticky":false,"template":"","format":"standard","meta":{"_acf_changed":false,"_monsterinsights_skip_tracking":false,"footnotes":""},"categories":[1],"tags":[366,1679,1144],"class_list":["post-46820","post","type-post","status-publish","format-standard","has-post-thumbnail","hentry","category-gerais","tag-aniversario","tag-helena-motos","tag-joao-xxiii"],"acf":[],"aioseo_notices":[],"aioseo_head":"\n\t\t<!-- All in One SEO 5.0.0.1 - aioseo.com -->\n\t<meta name=\"description\" content=\"A Helena Motos comemorou seu anivers\u00e1rio de tr\u00eas anos com um delicioso caf\u00e9 da manh\u00e3 para funcion\u00e1rios, clientes, amigos e parceiros, na manh\u00e3 de s\u00e1bado (25). No evento, a empresa realizou diversos sorteios e as 30 primeiras motos receberam 30% de desconto na troca de \u00f3leo. Ao final do dia, uma carreata comemorativa saiu\" \/>\n\t<meta name=\"robots\" content=\"max-image-preview:large\" \/>\n\t<meta name=\"author\" content=\"Juliana Laviola\"\/>\n\t<link rel=\"canonical\" href=\"https:\/\/anoticiaonline.com.br\/site\/helena-motos-comemora-seu-3o-aniversario\/\" \/>\n\t<meta name=\"generator\" content=\"All in One SEO (AIOSEO) 5.0.0.1\" \/>\n\t\t<meta property=\"og:locale\" content=\"pt_BR\" \/>\n\t\t<meta property=\"og:site_name\" content=\"A Not\u00edcia Online - Noticias de Muria\u00e9 e regi\u00e3o\" \/>\n\t\t<meta property=\"og:type\" content=\"article\" \/>\n\t\t<meta property=\"og:title\" content=\"Helena Motos comemora seu 3\u00ba anivers\u00e1rio - A Not\u00edcia Online\" \/>\n\t\t<meta property=\"og:description\" content=\"A Helena Motos comemorou seu anivers\u00e1rio de tr\u00eas anos com um delicioso caf\u00e9 da manh\u00e3 para funcion\u00e1rios, clientes, amigos e parceiros, na manh\u00e3 de s\u00e1bado (25). No evento, a empresa realizou diversos sorteios e as 30 primeiras motos receberam 30% de desconto na troca de \u00f3leo. Ao final do dia, uma carreata comemorativa saiu\" \/>\n\t\t<meta property=\"og:url\" content=\"https:\/\/anoticiaonline.com.br\/site\/helena-motos-comemora-seu-3o-aniversario\/\" \/>\n\t\t<meta property=\"og:image\" content=\"https:\/\/scontent-gig4-1.xx.fbcdn.net\/v\/t39.30808-1\/270437624_4564083193639691_6907940295614233970_n.jpg?stp=dst-jpg_s200x200_tt6&#038;_nc_cat=111&#038;ccb=1-7&#038;_nc_sid=f907e8&#038;_nc_ohc=SM1wRlP3lJwQ7kNvwEPuBYA&#038;_nc_oc=AdnqrjDN_BNjSSHWO-GbkIWH6fkGMLw4bqvL_NH6e2wMveX7G-rP2dAqsDSq1mJMOaY&#038;_nc_zt=24&#038;_nc_ht=scontent-gig4-1.xx&#038;_nc_gid=AoBFJeGrT1hVaew_6rchkQ&#038;oh=00_AfX7QmFGhQhG2jAllVgXCiM1ZrWgvtp80-Bfppyexh1QEg&#038;oe=689E923C\" \/>\n\t\t<meta property=\"og:image:secure_url\" content=\"https:\/\/scontent-gig4-1.xx.fbcdn.net\/v\/t39.30808-1\/270437624_4564083193639691_6907940295614233970_n.jpg?stp=dst-jpg_s200x200_tt6&#038;_nc_cat=111&#038;ccb=1-7&#038;_nc_sid=f907e8&#038;_nc_ohc=SM1wRlP3lJwQ7kNvwEPuBYA&#038;_nc_oc=AdnqrjDN_BNjSSHWO-GbkIWH6fkGMLw4bqvL_NH6e2wMveX7G-rP2dAqsDSq1mJMOaY&#038;_nc_zt=24&#038;_nc_ht=scontent-gig4-1.xx&#038;_nc_gid=AoBFJeGrT1hVaew_6rchkQ&#038;oh=00_AfX7QmFGhQhG2jAllVgXCiM1ZrWgvtp80-Bfppyexh1QEg&#038;oe=689E923C\" \/>\n\t\t<meta property=\"article:published_time\" content=\"2017-12-02T11:56:43+00:00\" \/>\n\t\t<meta property=\"article:modified_time\" content=\"2017-12-02T11:58:07+00:00\" \/>\n\t\t<meta name=\"twitter:card\" content=\"summary_large_image\" \/>\n\t\t<meta name=\"twitter:title\" content=\"Helena Motos comemora seu 3\u00ba anivers\u00e1rio - A Not\u00edcia Online\" \/>\n\t\t<meta name=\"twitter:description\" content=\"A Helena Motos comemorou seu anivers\u00e1rio de tr\u00eas anos com um delicioso caf\u00e9 da manh\u00e3 para funcion\u00e1rios, clientes, amigos e parceiros, na manh\u00e3 de s\u00e1bado (25). No evento, a empresa realizou diversos sorteios e as 30 primeiras motos receberam 30% de desconto na troca de \u00f3leo. Ao final do dia, uma carreata comemorativa saiu\" \/>\n\t\t<meta name=\"twitter:image\" content=\"https:\/\/scontent-gig4-1.xx.fbcdn.net\/v\/t39.30808-1\/270437624_4564083193639691_6907940295614233970_n.jpg?stp=dst-jpg_s200x200_tt6&amp;_nc_cat=111&amp;ccb=1-7&amp;_nc_sid=f907e8&amp;_nc_ohc=SM1wRlP3lJwQ7kNvwEPuBYA&amp;_nc_oc=AdnqrjDN_BNjSSHWO-GbkIWH6fkGMLw4bqvL_NH6e2wMveX7G-rP2dAqsDSq1mJMOaY&amp;_nc_zt=24&amp;_nc_ht=scontent-gig4-1.xx&amp;_nc_gid=AoBFJeGrT1hVaew_6rchkQ&amp;oh=00_AfX7QmFGhQhG2jAllVgXCiM1ZrWgvtp80-Bfppyexh1QEg&amp;oe=689E923C\" \/>\n\t\t<script type=\"application\/ld+json\" class=\"aioseo-schema\">\n\t\t\t{\"@context\":\"https:\\\/\\\/schema.org\",\"@graph\":[{\"@type\":\"BlogPosting\",\"@id\":\"https:\\\/\\\/anoticiaonline.com.br\\\/site\\\/helena-motos-comemora-seu-3o-aniversario\\\/#blogposting\",\"name\":\"Helena Motos comemora seu 3\\u00ba anivers\\u00e1rio - A Not\\u00edcia Online\",\"headline\":\"Helena Motos comemora seu 3\\u00ba anivers\\u00e1rio\",\"author\":{\"@id\":\"https:\\\/\\\/anoticiaonline.com.br\\\/site\\\/author\\\/juliana\\\/#author\"},\"publisher\":{\"@id\":\"https:\\\/\\\/anoticiaonline.com.br\\\/site\\\/#organization\"},\"image\":{\"@type\":\"ImageObject\",\"url\":\"https:\\\/\\\/anoticiaonline.com.br\\\/site\\\/wp-content\\\/uploads\\\/2017\\\/12\\\/DSC09736_640x480-1.jpg\",\"width\":640,\"height\":480},\"datePublished\":\"2017-12-02T08:56:43-03:00\",\"dateModified\":\"2017-12-02T08:58:07-03:00\",\"inLanguage\":\"pt-BR\",\"mainEntityOfPage\":{\"@id\":\"https:\\\/\\\/anoticiaonline.com.br\\\/site\\\/helena-motos-comemora-seu-3o-aniversario\\\/#webpage\"},\"isPartOf\":{\"@id\":\"https:\\\/\\\/anoticiaonline.com.br\\\/site\\\/helena-motos-comemora-seu-3o-aniversario\\\/#webpage\"},\"articleSection\":\"Gerais, anivers\\u00e1rio, Helena Motos, Jo\\u00e3o XXIII\"},{\"@type\":\"BreadcrumbList\",\"@id\":\"https:\\\/\\\/anoticiaonline.com.br\\\/site\\\/helena-motos-comemora-seu-3o-aniversario\\\/#breadcrumblist\",\"itemListElement\":[{\"@type\":\"ListItem\",\"@id\":\"https:\\\/\\\/anoticiaonline.com.br\\\/site#listItem\",\"position\":1,\"name\":\"Home\",\"item\":\"https:\\\/\\\/anoticiaonline.com.br\\\/site\",\"nextItem\":{\"@type\":\"ListItem\",\"@id\":\"https:\\\/\\\/anoticiaonline.com.br\\\/site\\\/categoria\\\/gerais\\\/#listItem\",\"name\":\"Gerais\"}},{\"@type\":\"ListItem\",\"@id\":\"https:\\\/\\\/anoticiaonline.com.br\\\/site\\\/categoria\\\/gerais\\\/#listItem\",\"position\":2,\"name\":\"Gerais\",\"item\":\"https:\\\/\\\/anoticiaonline.com.br\\\/site\\\/categoria\\\/gerais\\\/\",\"nextItem\":{\"@type\":\"ListItem\",\"@id\":\"https:\\\/\\\/anoticiaonline.com.br\\\/site\\\/helena-motos-comemora-seu-3o-aniversario\\\/#listItem\",\"name\":\"Helena Motos comemora seu 3\\u00ba anivers\\u00e1rio\"},\"previousItem\":{\"@type\":\"ListItem\",\"@id\":\"https:\\\/\\\/anoticiaonline.com.br\\\/site#listItem\",\"name\":\"Home\"}},{\"@type\":\"ListItem\",\"@id\":\"https:\\\/\\\/anoticiaonline.com.br\\\/site\\\/helena-motos-comemora-seu-3o-aniversario\\\/#listItem\",\"position\":3,\"name\":\"Helena Motos comemora seu 3\\u00ba anivers\\u00e1rio\",\"previousItem\":{\"@type\":\"ListItem\",\"@id\":\"https:\\\/\\\/anoticiaonline.com.br\\\/site\\\/categoria\\\/gerais\\\/#listItem\",\"name\":\"Gerais\"}}]},{\"@type\":\"Organization\",\"@id\":\"https:\\\/\\\/anoticiaonline.com.br\\\/site\\\/#organization\",\"name\":\"A Not\\u00edcia Online\",\"description\":\"Noticias de Muria\\u00e9 e regi\\u00e3o\",\"url\":\"https:\\\/\\\/anoticiaonline.com.br\\\/site\\\/\",\"logo\":{\"@type\":\"ImageObject\",\"url\":\"https:\\\/\\\/scontent-gig4-1.xx.fbcdn.net\\\/v\\\/t39.30808-1\\\/270437624_4564083193639691_6907940295614233970_n.jpg?stp=dst-jpg_s200x200_tt6&_nc_cat=111&ccb=1-7&_nc_sid=f907e8&_nc_ohc=SM1wRlP3lJwQ7kNvwEPuBYA&_nc_oc=AdnqrjDN_BNjSSHWO-GbkIWH6fkGMLw4bqvL_NH6e2wMveX7G-rP2dAqsDSq1mJMOaY&_nc_zt=24&_nc_ht=scontent-gig4-1.xx&_nc_gid=AoBFJeGrT1hVaew_6rchkQ&oh=00_AfX7QmFGhQhG2jAllVgXCiM1ZrWgvtp80-Bfppyexh1QEg&oe=689E923C\",\"@id\":\"https:\\\/\\\/anoticiaonline.com.br\\\/site\\\/helena-motos-comemora-seu-3o-aniversario\\\/#organizationLogo\"},\"image\":{\"@id\":\"https:\\\/\\\/anoticiaonline.com.br\\\/site\\\/helena-motos-comemora-seu-3o-aniversario\\\/#organizationLogo\"}},{\"@type\":\"Person\",\"@id\":\"https:\\\/\\\/anoticiaonline.com.br\\\/site\\\/author\\\/juliana\\\/#author\",\"url\":\"https:\\\/\\\/anoticiaonline.com.br\\\/site\\\/author\\\/juliana\\\/\",\"name\":\"Juliana Laviola\",\"image\":{\"@type\":\"ImageObject\",\"@id\":\"https:\\\/\\\/anoticiaonline.com.br\\\/site\\\/helena-motos-comemora-seu-3o-aniversario\\\/#authorImage\",\"url\":\"https:\\\/\\\/secure.gravatar.com\\\/avatar\\\/b8d45f5c699b100dfaf0e543582f38f38bf94cb7ae3a5e9abf8d891a34773335?s=96&d=mm&r=g\",\"width\":96,\"height\":96,\"caption\":\"Juliana Laviola\"}},{\"@type\":\"WebPage\",\"@id\":\"https:\\\/\\\/anoticiaonline.com.br\\\/site\\\/helena-motos-comemora-seu-3o-aniversario\\\/#webpage\",\"url\":\"https:\\\/\\\/anoticiaonline.com.br\\\/site\\\/helena-motos-comemora-seu-3o-aniversario\\\/\",\"name\":\"Helena Motos comemora seu 3\\u00ba anivers\\u00e1rio - A Not\\u00edcia Online\",\"description\":\"A Helena Motos comemorou seu anivers\\u00e1rio de tr\\u00eas anos com um delicioso caf\\u00e9 da manh\\u00e3 para funcion\\u00e1rios, clientes, amigos e parceiros, na manh\\u00e3 de s\\u00e1bado (25). No evento, a empresa realizou diversos sorteios e as 30 primeiras motos receberam 30% de desconto na troca de \\u00f3leo. Ao final do dia, uma carreata comemorativa saiu\",\"inLanguage\":\"pt-BR\",\"isPartOf\":{\"@id\":\"https:\\\/\\\/anoticiaonline.com.br\\\/site\\\/#website\"},\"breadcrumb\":{\"@id\":\"https:\\\/\\\/anoticiaonline.com.br\\\/site\\\/helena-motos-comemora-seu-3o-aniversario\\\/#breadcrumblist\"},\"author\":{\"@id\":\"https:\\\/\\\/anoticiaonline.com.br\\\/site\\\/author\\\/juliana\\\/#author\"},\"creator\":{\"@id\":\"https:\\\/\\\/anoticiaonline.com.br\\\/site\\\/author\\\/juliana\\\/#author\"},\"image\":{\"@type\":\"ImageObject\",\"url\":\"https:\\\/\\\/anoticiaonline.com.br\\\/site\\\/wp-content\\\/uploads\\\/2017\\\/12\\\/DSC09736_640x480-1.jpg\",\"@id\":\"https:\\\/\\\/anoticiaonline.com.br\\\/site\\\/helena-motos-comemora-seu-3o-aniversario\\\/#mainImage\",\"width\":640,\"height\":480},\"primaryImageOfPage\":{\"@id\":\"https:\\\/\\\/anoticiaonline.com.br\\\/site\\\/helena-motos-comemora-seu-3o-aniversario\\\/#mainImage\"},\"datePublished\":\"2017-12-02T08:56:43-03:00\",\"dateModified\":\"2017-12-02T08:58:07-03:00\"},{\"@type\":\"WebSite\",\"@id\":\"https:\\\/\\\/anoticiaonline.com.br\\\/site\\\/#website\",\"url\":\"https:\\\/\\\/anoticiaonline.com.br\\\/site\\\/\",\"name\":\"A Not\\u00edcia Online\",\"description\":\"Noticias de Muria\\u00e9 e regi\\u00e3o\",\"inLanguage\":\"pt-BR\",\"publisher\":{\"@id\":\"https:\\\/\\\/anoticiaonline.com.br\\\/site\\\/#organization\"}}]}\n\t\t<\/script>\n\t\t<!-- All in One SEO -->\n\n","aioseo_head_json":{"title":"Helena Motos comemora seu 3\u00ba anivers\u00e1rio - A Not\u00edcia Online","description":"A Helena Motos comemorou seu anivers\u00e1rio de tr\u00eas anos com um delicioso caf\u00e9 da manh\u00e3 para funcion\u00e1rios, clientes, amigos e parceiros, na manh\u00e3 de s\u00e1bado (25). No evento, a empresa realizou diversos sorteios e as 30 primeiras motos receberam 30% de desconto na troca de \u00f3leo. Ao final do dia, uma carreata comemorativa saiu","canonical_url":"https:\/\/anoticiaonline.com.br\/site\/helena-motos-comemora-seu-3o-aniversario\/","robots":"max-image-preview:large","keywords":"","webmasterTools":{"miscellaneous":""},"schema":{"@context":"https:\/\/schema.org","@graph":[{"@type":"BlogPosting","@id":"https:\/\/anoticiaonline.com.br\/site\/helena-motos-comemora-seu-3o-aniversario\/#blogposting","name":"Helena Motos comemora seu 3\u00ba anivers\u00e1rio - A Not\u00edcia Online","headline":"Helena Motos comemora seu 3\u00ba anivers\u00e1rio","author":{"@id":"https:\/\/anoticiaonline.com.br\/site\/author\/juliana\/#author"},"publisher":{"@id":"https:\/\/anoticiaonline.com.br\/site\/#organization"},"image":{"@type":"ImageObject","url":"https:\/\/anoticiaonline.com.br\/site\/wp-content\/uploads\/2017\/12\/DSC09736_640x480-1.jpg","width":640,"height":480},"datePublished":"2017-12-02T08:56:43-03:00","dateModified":"2017-12-02T08:58:07-03:00","inLanguage":"pt-BR","mainEntityOfPage":{"@id":"https:\/\/anoticiaonline.com.br\/site\/helena-motos-comemora-seu-3o-aniversario\/#webpage"},"isPartOf":{"@id":"https:\/\/anoticiaonline.com.br\/site\/helena-motos-comemora-seu-3o-aniversario\/#webpage"},"articleSection":"Gerais, anivers\u00e1rio, Helena Motos, Jo\u00e3o XXIII"},{"@type":"BreadcrumbList","@id":"https:\/\/anoticiaonline.com.br\/site\/helena-motos-comemora-seu-3o-aniversario\/#breadcrumblist","itemListElement":[{"@type":"ListItem","@id":"https:\/\/anoticiaonline.com.br\/site#listItem","position":1,"name":"Home","item":"https:\/\/anoticiaonline.com.br\/site","nextItem":{"@type":"ListItem","@id":"https:\/\/anoticiaonline.com.br\/site\/categoria\/gerais\/#listItem","name":"Gerais"}},{"@type":"ListItem","@id":"https:\/\/anoticiaonline.com.br\/site\/categoria\/gerais\/#listItem","position":2,"name":"Gerais","item":"https:\/\/anoticiaonline.com.br\/site\/categoria\/gerais\/","nextItem":{"@type":"ListItem","@id":"https:\/\/anoticiaonline.com.br\/site\/helena-motos-comemora-seu-3o-aniversario\/#listItem","name":"Helena Motos comemora seu 3\u00ba anivers\u00e1rio"},"previousItem":{"@type":"ListItem","@id":"https:\/\/anoticiaonline.com.br\/site#listItem","name":"Home"}},{"@type":"ListItem","@id":"https:\/\/anoticiaonline.com.br\/site\/helena-motos-comemora-seu-3o-aniversario\/#listItem","position":3,"name":"Helena Motos comemora seu 3\u00ba anivers\u00e1rio","previousItem":{"@type":"ListItem","@id":"https:\/\/anoticiaonline.com.br\/site\/categoria\/gerais\/#listItem","name":"Gerais"}}]},{"@type":"Organization","@id":"https:\/\/anoticiaonline.com.br\/site\/#organization","name":"A Not\u00edcia Online","description":"Noticias de Muria\u00e9 e regi\u00e3o","url":"https:\/\/anoticiaonline.com.br\/site\/","logo":{"@type":"ImageObject","url":"https:\/\/scontent-gig4-1.xx.fbcdn.net\/v\/t39.30808-1\/270437624_4564083193639691_6907940295614233970_n.jpg?stp=dst-jpg_s200x200_tt6&_nc_cat=111&ccb=1-7&_nc_sid=f907e8&_nc_ohc=SM1wRlP3lJwQ7kNvwEPuBYA&_nc_oc=AdnqrjDN_BNjSSHWO-GbkIWH6fkGMLw4bqvL_NH6e2wMveX7G-rP2dAqsDSq1mJMOaY&_nc_zt=24&_nc_ht=scontent-gig4-1.xx&_nc_gid=AoBFJeGrT1hVaew_6rchkQ&oh=00_AfX7QmFGhQhG2jAllVgXCiM1ZrWgvtp80-Bfppyexh1QEg&oe=689E923C","@id":"https:\/\/anoticiaonline.com.br\/site\/helena-motos-comemora-seu-3o-aniversario\/#organizationLogo"},"image":{"@id":"https:\/\/anoticiaonline.com.br\/site\/helena-motos-comemora-seu-3o-aniversario\/#organizationLogo"}},{"@type":"Person","@id":"https:\/\/anoticiaonline.com.br\/site\/author\/juliana\/#author","url":"https:\/\/anoticiaonline.com.br\/site\/author\/juliana\/","name":"Juliana Laviola","image":{"@type":"ImageObject","@id":"https:\/\/anoticiaonline.com.br\/site\/helena-motos-comemora-seu-3o-aniversario\/#authorImage","url":"https:\/\/secure.gravatar.com\/avatar\/b8d45f5c699b100dfaf0e543582f38f38bf94cb7ae3a5e9abf8d891a34773335?s=96&d=mm&r=g","width":96,"height":96,"caption":"Juliana Laviola"}},{"@type":"WebPage","@id":"https:\/\/anoticiaonline.com.br\/site\/helena-motos-comemora-seu-3o-aniversario\/#webpage","url":"https:\/\/anoticiaonline.com.br\/site\/helena-motos-comemora-seu-3o-aniversario\/","name":"Helena Motos comemora seu 3\u00ba anivers\u00e1rio - A Not\u00edcia Online","description":"A Helena Motos comemorou seu anivers\u00e1rio de tr\u00eas anos com um delicioso caf\u00e9 da manh\u00e3 para funcion\u00e1rios, clientes, amigos e parceiros, na manh\u00e3 de s\u00e1bado (25). No evento, a empresa realizou diversos sorteios e as 30 primeiras motos receberam 30% de desconto na troca de \u00f3leo. Ao final do dia, uma carreata comemorativa saiu","inLanguage":"pt-BR","isPartOf":{"@id":"https:\/\/anoticiaonline.com.br\/site\/#website"},"breadcrumb":{"@id":"https:\/\/anoticiaonline.com.br\/site\/helena-motos-comemora-seu-3o-aniversario\/#breadcrumblist"},"author":{"@id":"https:\/\/anoticiaonline.com.br\/site\/author\/juliana\/#author"},"creator":{"@id":"https:\/\/anoticiaonline.com.br\/site\/author\/juliana\/#author"},"image":{"@type":"ImageObject","url":"https:\/\/anoticiaonline.com.br\/site\/wp-content\/uploads\/2017\/12\/DSC09736_640x480-1.jpg","@id":"https:\/\/anoticiaonline.com.br\/site\/helena-motos-comemora-seu-3o-aniversario\/#mainImage","width":640,"height":480},"primaryImageOfPage":{"@id":"https:\/\/anoticiaonline.com.br\/site\/helena-motos-comemora-seu-3o-aniversario\/#mainImage"},"datePublished":"2017-12-02T08:56:43-03:00","dateModified":"2017-12-02T08:58:07-03:00"},{"@type":"WebSite","@id":"https:\/\/anoticiaonline.com.br\/site\/#website","url":"https:\/\/anoticiaonline.com.br\/site\/","name":"A Not\u00edcia Online","description":"Noticias de Muria\u00e9 e regi\u00e3o","inLanguage":"pt-BR","publisher":{"@id":"https:\/\/anoticiaonline.com.br\/site\/#organization"}}]},"og:locale":"pt_BR","og:site_name":"A Not\u00edcia Online - Noticias de Muria\u00e9 e regi\u00e3o","og:type":"article","og:title":"Helena Motos comemora seu 3\u00ba anivers\u00e1rio - A Not\u00edcia Online","og:description":"A Helena Motos comemorou seu anivers\u00e1rio de tr\u00eas anos com um delicioso caf\u00e9 da manh\u00e3 para funcion\u00e1rios, clientes, amigos e parceiros, na manh\u00e3 de s\u00e1bado (25). No evento, a empresa realizou diversos sorteios e as 30 primeiras motos receberam 30% de desconto na troca de \u00f3leo. Ao final do dia, uma carreata comemorativa saiu","og:url":"https:\/\/anoticiaonline.com.br\/site\/helena-motos-comemora-seu-3o-aniversario\/","og:image":"https:\/\/scontent-gig4-1.xx.fbcdn.net\/v\/t39.30808-1\/270437624_4564083193639691_6907940295614233970_n.jpg?stp=dst-jpg_s200x200_tt6&#038;_nc_cat=111&#038;ccb=1-7&#038;_nc_sid=f907e8&#038;_nc_ohc=SM1wRlP3lJwQ7kNvwEPuBYA&#038;_nc_oc=AdnqrjDN_BNjSSHWO-GbkIWH6fkGMLw4bqvL_NH6e2wMveX7G-rP2dAqsDSq1mJMOaY&#038;_nc_zt=24&#038;_nc_ht=scontent-gig4-1.xx&#038;_nc_gid=AoBFJeGrT1hVaew_6rchkQ&#038;oh=00_AfX7QmFGhQhG2jAllVgXCiM1ZrWgvtp80-Bfppyexh1QEg&#038;oe=689E923C","og:image:secure_url":"https:\/\/scontent-gig4-1.xx.fbcdn.net\/v\/t39.30808-1\/270437624_4564083193639691_6907940295614233970_n.jpg?stp=dst-jpg_s200x200_tt6&#038;_nc_cat=111&#038;ccb=1-7&#038;_nc_sid=f907e8&#038;_nc_ohc=SM1wRlP3lJwQ7kNvwEPuBYA&#038;_nc_oc=AdnqrjDN_BNjSSHWO-GbkIWH6fkGMLw4bqvL_NH6e2wMveX7G-rP2dAqsDSq1mJMOaY&#038;_nc_zt=24&#038;_nc_ht=scontent-gig4-1.xx&#038;_nc_gid=AoBFJeGrT1hVaew_6rchkQ&#038;oh=00_AfX7QmFGhQhG2jAllVgXCiM1ZrWgvtp80-Bfppyexh1QEg&#038;oe=689E923C","article:published_time":"2017-12-02T11:56:43+00:00","article:modified_time":"2017-12-02T11:58:07+00:00","twitter:card":"summary_large_image","twitter:title":"Helena Motos comemora seu 3\u00ba anivers\u00e1rio - A Not\u00edcia Online","twitter:description":"A Helena Motos comemorou seu anivers\u00e1rio de tr\u00eas anos com um delicioso caf\u00e9 da manh\u00e3 para funcion\u00e1rios, clientes, amigos e parceiros, na manh\u00e3 de s\u00e1bado (25). No evento, a empresa realizou diversos sorteios e as 30 primeiras motos receberam 30% de desconto na troca de \u00f3leo. Ao final do dia, uma carreata comemorativa saiu","twitter:image":"https:\/\/scontent-gig4-1.xx.fbcdn.net\/v\/t39.30808-1\/270437624_4564083193639691_6907940295614233970_n.jpg?stp=dst-jpg_s200x200_tt6&_nc_cat=111&ccb=1-7&_nc_sid=f907e8&_nc_ohc=SM1wRlP3lJwQ7kNvwEPuBYA&_nc_oc=AdnqrjDN_BNjSSHWO-GbkIWH6fkGMLw4bqvL_NH6e2wMveX7G-rP2dAqsDSq1mJMOaY&_nc_zt=24&_nc_ht=scontent-gig4-1.xx&_nc_gid=AoBFJeGrT1hVaew_6rchkQ&oh=00_AfX7QmFGhQhG2jAllVgXCiM1ZrWgvtp80-Bfppyexh1QEg&oe=689E923C"},"aioseo_meta_data":{"post_id":"46820","title":null,"description":null,"keywords":null,"keyphrases":null,"primary_term":null,"canonical_url":null,"og_title":null,"og_description":null,"og_object_type":"default","og_image_type":"default","og_image_url":null,"og_image_width":null,"og_image_height":null,"og_image_custom_url":null,"og_image_custom_fields":null,"og_video":null,"og_custom_url":null,"og_article_section":null,"og_article_tags":null,"twitter_use_og":false,"twitter_card":"default","twitter_image_type":"default","twitter_image_url":null,"twitter_image_custom_url":null,"twitter_image_custom_fields":null,"twitter_title":null,"twitter_description":null,"schema":{"blockGraphs":[],"customGraphs":[],"default":{"data":{"Article":[],"Course":[],"Dataset":[],"FAQPage":[],"Movie":[],"Person":[],"Product":[],"ProductReview":[],"Car":[],"Recipe":[],"Service":[],"SoftwareApplication":[],"WebPage":[]},"graphName":"","isEnabled":true},"graphs":[]},"schema_type":"default","schema_type_options":null,"pillar_content":false,"robots_default":true,"robots_noindex":false,"robots_noarchive":false,"robots_nosnippet":false,"robots_nofollow":false,"robots_noimageindex":false,"robots_noodp":false,"robots_notranslate":false,"robots_max_snippet":null,"robots_max_videopreview":null,"robots_max_imagepreview":"large","priority":null,"frequency":null,"local_seo":null,"breadcrumb_settings":null,"limit_modified_date":false,"ai":null,"created":"2025-08-16 20:01:23","updated":"2025-08-16 20:01:23","focus_keyword":null,"additional_keywords":null,"truseo_locale":null,"seo_analyzer_scan_date":null},"aioseo_breadcrumb":"<div class=\"aioseo-breadcrumbs\"><span class=\"aioseo-breadcrumb\">\n\t\t\t<a href=\"https:\/\/anoticiaonline.com.br\/site\" title=\"Home\">Home<\/a>\n\t\t<\/span><span class=\"aioseo-breadcrumb-separator\">&raquo;<\/span><span class=\"aioseo-breadcrumb\">\n\t\t\t<a href=\"https:\/\/anoticiaonline.com.br\/site\/categoria\/gerais\/\" title=\"Gerais\">Gerais<\/a>\n\t\t<\/span><span class=\"aioseo-breadcrumb-separator\">&raquo;<\/span><span class=\"aioseo-breadcrumb\">\n\t\t\tHelena Motos comemora seu 3\u00ba anivers\u00e1rio\n\t\t<\/span><\/div>","aioseo_breadcrumb_json":[{"label":"Home","link":"https:\/\/anoticiaonline.com.br\/site"},{"label":"Gerais","link":"https:\/\/anoticiaonline.com.br\/site\/categoria\/gerais\/"},{"label":"Helena Motos comemora seu 3\u00ba anivers\u00e1rio","link":"https:\/\/anoticiaonline.com.br\/site\/helena-motos-comemora-seu-3o-aniversario\/"}],"views":142,"_links":{"self":[{"href":"https:\/\/anoticiaonline.com.br\/site\/wp-json\/wp\/v2\/posts\/46820","targetHints":{"allow":["GET"]}}],"collection":[{"href":"https:\/\/anoticiaonline.com.br\/site\/wp-json\/wp\/v2\/posts"}],"about":[{"href":"https:\/\/anoticiaonline.com.br\/site\/wp-json\/wp\/v2\/types\/post"}],"author":[{"embeddable":true,"href":"https:\/\/anoticiaonline.com.br\/site\/wp-json\/wp\/v2\/users\/2"}],"replies":[{"embeddable":true,"href":"https:\/\/anoticiaonline.com.br\/site\/wp-json\/wp\/v2\/comments?post=46820"}],"version-history":[{"count":0,"href":"https:\/\/anoticiaonline.com.br\/site\/wp-json\/wp\/v2\/posts\/46820\/revisions"}],"wp:featuredmedia":[{"embeddable":true,"href":"https:\/\/anoticiaonline.com.br\/site\/wp-json\/wp\/v2\/media\/46965"}],"wp:attachment":[{"href":"https:\/\/anoticiaonline.com.br\/site\/wp-json\/wp\/v2\/media?parent=46820"}],"wp:term":[{"taxonomy":"category","embeddable":true,"href":"https:\/\/anoticiaonline.com.br\/site\/wp-json\/wp\/v2\/categories?post=46820"},{"taxonomy":"post_tag","embeddable":true,"href":"https:\/\/anoticiaonline.com.br\/site\/wp-json\/wp\/v2\/tags?post=46820"}],"curies":[{"name":"wp","href":"https:\/\/api.w.org\/{rel}","templated":true}]}}