{"id":46734,"date":"2017-12-02T08:40:25","date_gmt":"2017-12-02T11:40:25","guid":{"rendered":"http:\/\/anoticiaonline.com.br\/site\/?p=46734"},"modified":"2017-12-02T08:40:25","modified_gmt":"2017-12-02T11:40:25","slug":"noite-de-premiacao-marca-o-encerramento-do-1o-circuito-gastronomico-de-muriae","status":"publish","type":"post","link":"https:\/\/anoticiaonline.com.br\/site\/noite-de-premiacao-marca-o-encerramento-do-1o-circuito-gastronomico-de-muriae\/","title":{"rendered":"Noite de premia\u00e7\u00e3o marca o encerramento do 1\u00ba Circuito Gastron\u00f4mico de Muria\u00e9"},"content":{"rendered":"<p><a href=\"https:\/\/anoticiaonline.com.br\/site\/wp-content\/uploads\/2017\/12\/DSC_0174.jpg\"><\/a><a href=\"https:\/\/anoticiaonline.com.br\/site\/wp-content\/uploads\/2017\/12\/DSC_0576.jpg\"><img fetchpriority=\"high\" decoding=\"async\" class=\"aligncenter size-full wp-image-46800\" src=\"https:\/\/anoticiaonline.com.br\/site\/wp-content\/uploads\/2017\/12\/DSC_0576.jpg\" alt=\"\" width=\"607\" height=\"405\" srcset=\"https:\/\/anoticiaonline.com.br\/site\/wp-content\/uploads\/2017\/12\/DSC_0576.jpg 607w, https:\/\/anoticiaonline.com.br\/site\/wp-content\/uploads\/2017\/12\/DSC_0576-300x200.jpg 300w\" sizes=\"(max-width: 607px) 100vw, 607px\" \/><\/a><a href=\"https:\/\/anoticiaonline.com.br\/site\/wp-content\/uploads\/2017\/12\/DSC_0174.jpg\"><img decoding=\"async\" class=\"aligncenter size-full wp-image-46799\" src=\"https:\/\/anoticiaonline.com.br\/site\/wp-content\/uploads\/2017\/12\/DSC_0174.jpg\" alt=\"\" width=\"640\" height=\"424\" srcset=\"https:\/\/anoticiaonline.com.br\/site\/wp-content\/uploads\/2017\/12\/DSC_0174.jpg 640w, https:\/\/anoticiaonline.com.br\/site\/wp-content\/uploads\/2017\/12\/DSC_0174-300x199.jpg 300w\" sizes=\"(max-width: 640px) 100vw, 640px\" \/><\/a><\/p>\n<p>O 1\u00ba Circuito Gastron\u00f4mico de Muria\u00e9 foi encerrado, oficialmente, no Sal\u00e3o Nobre do Unifaminas, na noite de quarta-feira (29).<\/p>\n<p>O evento contou com a presen\u00e7a da equipe de promo\u00e7\u00f5es da R\u00e1dio 96 FM, comandada por Tiago Galgani, que agitou os 38 estabelecimentos participantes durante 50 dias do Circuito. O evento colocou a gastronomia do munic\u00edpio em evid\u00eancia, valorizando a culin\u00e1ria e os comerciantes locais.<\/p>\n<p>Tamb\u00e9m compareceram representantes das empresas parceiras e dos estabelecimentos, que concorreram em cinco categorias. Houve ainda divulga\u00e7\u00e3o dos gar\u00e7ons mais bem avaliados, com premia\u00e7\u00e3o em dinheiro. O campe\u00e3o, Carlos \u201cSorriso\u201d, da Churrascaria Carne e Cia do Centro, recebeu a quantia de R$ 1.000,00.<\/p>\n<p>&nbsp;<\/p>\n<p><strong>Apura\u00e7\u00e3o<\/strong><\/p>\n<p>Ao experimentarem o prato, os clientes recebiam uma c\u00e9dula para vota\u00e7\u00e3o, analisando higiene, alimento, modo de preparo e sabor. O atendimento do gar\u00e7om tamb\u00e9m foi avaliado. Os acad\u00eamicos do curso de gastronomia do Unifaminas fizeram visitas t\u00e9cnicas para avaliar os pratos.<\/p>\n<p>&nbsp;<\/p>\n<p><strong>Confira os vencedores das categorias:<\/strong><\/p>\n<p>&nbsp;<\/p>\n<p><strong>&#8211; Melhor Prato<\/strong><\/p>\n<p>Beer Halls &#8211; Eisben Bier<\/p>\n<p>Ingredientes: Joelho de porco cl\u00e1ssico assado na t\u00e9cnica de Sous Vide, servido com batatas ao murro e ma\u00e7\u00e3s<\/p>\n<p>&nbsp;<\/p>\n<p><strong>&#8211; Melhor Pizza<\/strong><\/p>\n<p>Casa da Vila &#8211; Pizza Primavera<\/p>\n<p>Ingredientes: pomodoro, mu\u00e7arela, abobrinha confitada, tomate cereja, cebola roxa, mu\u00e7arela de b\u00fafala, crisp de lombo canadense, raspas de lim\u00e3o siciliano e grana padano e manjeric\u00e3o.<\/p>\n<p>&nbsp;<\/p>\n<p><strong>&#8211; Melhor Tira Gosto<\/strong><\/p>\n<p>Churrasquinho da Charretinha &#8211; Quarteto Fant\u00e1stico da Charretinha<\/p>\n<p>Ingredientes: um espetinho de picanha su\u00edna Saudali, uma Kafta, um medalh\u00e3o de ovo de codorna e um p\u00e3o de alho recheado.<\/p>\n<p>&nbsp;<\/p>\n<p>&#8211;\u00a0<strong>Melhor Hamb\u00farguer<\/strong><\/p>\n<p>Raridade Food &#8211; Combo Trio Raridade + Pizza Cone de Chocolate com Morango<\/p>\n<p>Ingredientes: p\u00e3o, dois hamb\u00fargueres de picanha, duas fatias de queijo cheddar, bacon, presunto, calabresa, maionese, ketchup, mostarda, alface, cebola molho especial e batata palha, acompanhado de refrigerante lata.<\/p>\n<p>&nbsp;<\/p>\n<p>&#8211;\u00a0<strong>Melhor Sobremesa<\/strong><\/p>\n<p>Brownie da Mi &#8211; Escondidinho Supremo<\/p>\n<p>Ingredientes: Montado em ramequin, com camadas de brownie da Mi, chocolate Alpino Black Top, brigadeiros gourmet levados ao forno e levemente derretidos. Adicionado farinha de nozes, banana, sorvete de creme da Kibon e chantilly.<\/p>\n<p>&nbsp;<\/p>\n<p><strong>&#8211; Melhor Gar\u00e7om<\/strong><\/p>\n<p>1\u00ba lugar &#8211; Carlos \u201cSorriso\u201d (Carne e Cia do Centro) R$ 1.000,00<\/p>\n<p>2\u00ba lugar &#8211; Jhonathan (S\u00e9rgio Lanches) R$ 300,00<\/p>\n<p>3\u00ba lugar &#8211; Edmar (Pesque e Pague St\u00aa Helena) &#8211; R$ 250,00<\/p>\n<p>&nbsp;<\/p>\n<p><strong>Parceiros<\/strong><\/p>\n<p>Itaipava Premium, Sabor Condimentos, Saudali Alimentos, Osaka Toyota, Caf\u00e9 Donalice, Bela Vista Fil\u00e9 de Til\u00e1pia, L\u00e1cteos Life.<\/p>\n<p>&nbsp;<\/p>\n<p><a href=\"https:\/\/anoticiaonline.com.br\/site\/wp-content\/uploads\/2017\/12\/DSC_0576.jpg\"><\/a> <a href=\"https:\/\/anoticiaonline.com.br\/site\/wp-content\/uploads\/2017\/12\/DSC_0579.jpg\"><img decoding=\"async\" class=\"aligncenter size-full wp-image-46801\" src=\"https:\/\/anoticiaonline.com.br\/site\/wp-content\/uploads\/2017\/12\/DSC_0579.jpg\" alt=\"\" width=\"640\" height=\"427\" srcset=\"https:\/\/anoticiaonline.com.br\/site\/wp-content\/uploads\/2017\/12\/DSC_0579.jpg 640w, https:\/\/anoticiaonline.com.br\/site\/wp-content\/uploads\/2017\/12\/DSC_0579-300x200.jpg 300w\" sizes=\"(max-width: 640px) 100vw, 640px\" \/><\/a> <a href=\"https:\/\/anoticiaonline.com.br\/site\/wp-content\/uploads\/2017\/12\/DSC_0581.jpg\"><img loading=\"lazy\" decoding=\"async\" class=\"aligncenter size-full wp-image-46803\" src=\"https:\/\/anoticiaonline.com.br\/site\/wp-content\/uploads\/2017\/12\/DSC_0581.jpg\" alt=\"\" width=\"640\" height=\"427\" srcset=\"https:\/\/anoticiaonline.com.br\/site\/wp-content\/uploads\/2017\/12\/DSC_0581.jpg 640w, https:\/\/anoticiaonline.com.br\/site\/wp-content\/uploads\/2017\/12\/DSC_0581-300x200.jpg 300w\" sizes=\"(max-width: 640px) 100vw, 640px\" \/><\/a> <a href=\"https:\/\/anoticiaonline.com.br\/site\/wp-content\/uploads\/2017\/12\/DSC_0583.jpg\"><img loading=\"lazy\" decoding=\"async\" class=\"aligncenter size-full wp-image-46805\" src=\"https:\/\/anoticiaonline.com.br\/site\/wp-content\/uploads\/2017\/12\/DSC_0583.jpg\" alt=\"\" width=\"640\" height=\"427\" srcset=\"https:\/\/anoticiaonline.com.br\/site\/wp-content\/uploads\/2017\/12\/DSC_0583.jpg 640w, https:\/\/anoticiaonline.com.br\/site\/wp-content\/uploads\/2017\/12\/DSC_0583-300x200.jpg 300w\" sizes=\"(max-width: 640px) 100vw, 640px\" \/><\/a> <a href=\"https:\/\/anoticiaonline.com.br\/site\/wp-content\/uploads\/2017\/12\/DSC_0586.jpg\"><img loading=\"lazy\" decoding=\"async\" class=\"aligncenter size-full wp-image-46806\" src=\"https:\/\/anoticiaonline.com.br\/site\/wp-content\/uploads\/2017\/12\/DSC_0586.jpg\" alt=\"\" width=\"640\" height=\"428\" srcset=\"https:\/\/anoticiaonline.com.br\/site\/wp-content\/uploads\/2017\/12\/DSC_0586.jpg 640w, https:\/\/anoticiaonline.com.br\/site\/wp-content\/uploads\/2017\/12\/DSC_0586-300x201.jpg 300w\" sizes=\"(max-width: 640px) 100vw, 640px\" \/><\/a> <a href=\"https:\/\/anoticiaonline.com.br\/site\/wp-content\/uploads\/2017\/12\/DSC_0591.jpg\"><img loading=\"lazy\" decoding=\"async\" class=\"aligncenter size-full wp-image-46807\" src=\"https:\/\/anoticiaonline.com.br\/site\/wp-content\/uploads\/2017\/12\/DSC_0591.jpg\" alt=\"\" width=\"640\" height=\"427\" srcset=\"https:\/\/anoticiaonline.com.br\/site\/wp-content\/uploads\/2017\/12\/DSC_0591.jpg 640w, https:\/\/anoticiaonline.com.br\/site\/wp-content\/uploads\/2017\/12\/DSC_0591-300x200.jpg 300w\" sizes=\"(max-width: 640px) 100vw, 640px\" \/><\/a> <a href=\"https:\/\/anoticiaonline.com.br\/site\/wp-content\/uploads\/2017\/12\/DSC_0596.jpg\"><img loading=\"lazy\" decoding=\"async\" class=\"aligncenter size-full wp-image-46808\" src=\"https:\/\/anoticiaonline.com.br\/site\/wp-content\/uploads\/2017\/12\/DSC_0596.jpg\" alt=\"\" width=\"640\" height=\"427\" srcset=\"https:\/\/anoticiaonline.com.br\/site\/wp-content\/uploads\/2017\/12\/DSC_0596.jpg 640w, https:\/\/anoticiaonline.com.br\/site\/wp-content\/uploads\/2017\/12\/DSC_0596-300x200.jpg 300w\" sizes=\"(max-width: 640px) 100vw, 640px\" \/><\/a> <a href=\"https:\/\/anoticiaonline.com.br\/site\/wp-content\/uploads\/2017\/12\/DSC_0602.jpg\"><img loading=\"lazy\" decoding=\"async\" class=\"aligncenter size-full wp-image-46809\" src=\"https:\/\/anoticiaonline.com.br\/site\/wp-content\/uploads\/2017\/12\/DSC_0602.jpg\" alt=\"\" width=\"640\" height=\"427\" srcset=\"https:\/\/anoticiaonline.com.br\/site\/wp-content\/uploads\/2017\/12\/DSC_0602.jpg 640w, https:\/\/anoticiaonline.com.br\/site\/wp-content\/uploads\/2017\/12\/DSC_0602-300x200.jpg 300w\" sizes=\"(max-width: 640px) 100vw, 640px\" \/><\/a> <a href=\"https:\/\/anoticiaonline.com.br\/site\/wp-content\/uploads\/2017\/12\/DSC_0636.jpg\"><img loading=\"lazy\" decoding=\"async\" class=\"aligncenter size-full wp-image-46810\" src=\"https:\/\/anoticiaonline.com.br\/site\/wp-content\/uploads\/2017\/12\/DSC_0636.jpg\" alt=\"\" width=\"640\" height=\"427\" srcset=\"https:\/\/anoticiaonline.com.br\/site\/wp-content\/uploads\/2017\/12\/DSC_0636.jpg 640w, https:\/\/anoticiaonline.com.br\/site\/wp-content\/uploads\/2017\/12\/DSC_0636-300x200.jpg 300w\" sizes=\"(max-width: 640px) 100vw, 640px\" \/><\/a><\/p>\n<p><img decoding=\"async\" class=\"ngg_displayed_gallery mceItem\" src=\"https:\/\/anoticiaonline.com.br\/site\/nextgen-attach_to_post\/preview\/id--46883\" \/><\/p>\n","protected":false},"excerpt":{"rendered":"<p>O 1\u00ba Circuito Gastron\u00f4mico de Muria\u00e9 foi encerrado, oficialmente, no Sal\u00e3o Nobre do Unifaminas, na noite de quarta-feira (29). O evento contou com a presen\u00e7a da equipe de promo\u00e7\u00f5es da R\u00e1dio 96 FM, comandada por Tiago Galgani, que agitou os 38 estabelecimentos participantes durante 50 dias do Circuito. O evento colocou a gastronomia do munic\u00edpio &#8230; <a title=\"Noite de premia\u00e7\u00e3o marca o encerramento do 1\u00ba Circuito Gastron\u00f4mico de Muria\u00e9\" class=\"read-more\" href=\"https:\/\/anoticiaonline.com.br\/site\/noite-de-premiacao-marca-o-encerramento-do-1o-circuito-gastronomico-de-muriae\/\" aria-label=\"Read more about Noite de premia\u00e7\u00e3o marca o encerramento do 1\u00ba Circuito Gastron\u00f4mico de Muria\u00e9\">Ler mais<\/a><\/p>\n","protected":false},"author":2,"featured_media":46800,"comment_status":"open","ping_status":"open","sticky":false,"template":"","format":"standard","meta":{"_acf_changed":false,"_monsterinsights_skip_tracking":false,"footnotes":""},"categories":[1],"tags":[1674,1673,1669,1675,1676,1672,1670,1671,48],"class_list":["post-46734","post","type-post","status-publish","format-standard","has-post-thumbnail","hentry","category-gerais","tag-bela-vista-file-de-tilapia","tag-cafe-donalice","tag-itaipava-premium","tag-lacteos-life","tag-o-circuito-gastronomico-de-muriae","tag-osaka-toyota","tag-sabor-condimentos","tag-saudali-alimentos","tag-unifaminas"],"acf":[],"aioseo_notices":[],"aioseo_head":"\n\t\t<!-- All in One SEO 5.0.0.1 - aioseo.com -->\n\t<meta name=\"description\" content=\"O 1\u00ba Circuito Gastron\u00f4mico de Muria\u00e9 foi encerrado, oficialmente, no Sal\u00e3o Nobre do Unifaminas, na noite de quarta-feira (29). O evento contou com a presen\u00e7a da equipe de promo\u00e7\u00f5es da R\u00e1dio 96 FM, comandada por Tiago Galgani, que agitou os 38 estabelecimentos participantes durante 50 dias do Circuito. O evento colocou a gastronomia do munic\u00edpio\" \/>\n\t<meta name=\"robots\" content=\"max-image-preview:large\" \/>\n\t<meta name=\"author\" content=\"Juliana Laviola\"\/>\n\t<link rel=\"canonical\" href=\"https:\/\/anoticiaonline.com.br\/site\/noite-de-premiacao-marca-o-encerramento-do-1o-circuito-gastronomico-de-muriae\/\" \/>\n\t<meta name=\"generator\" content=\"All in One SEO (AIOSEO) 5.0.0.1\" \/>\n\t\t<meta property=\"og:locale\" content=\"pt_BR\" \/>\n\t\t<meta property=\"og:site_name\" content=\"A Not\u00edcia Online - Noticias de Muria\u00e9 e regi\u00e3o\" \/>\n\t\t<meta property=\"og:type\" content=\"article\" \/>\n\t\t<meta property=\"og:title\" content=\"Noite de premia\u00e7\u00e3o marca o encerramento do 1\u00ba Circuito Gastron\u00f4mico de Muria\u00e9 - A Not\u00edcia Online\" \/>\n\t\t<meta property=\"og:description\" content=\"O 1\u00ba Circuito Gastron\u00f4mico de Muria\u00e9 foi encerrado, oficialmente, no Sal\u00e3o Nobre do Unifaminas, na noite de quarta-feira (29). O evento contou com a presen\u00e7a da equipe de promo\u00e7\u00f5es da R\u00e1dio 96 FM, comandada por Tiago Galgani, que agitou os 38 estabelecimentos participantes durante 50 dias do Circuito. O evento colocou a gastronomia do munic\u00edpio\" \/>\n\t\t<meta property=\"og:url\" content=\"https:\/\/anoticiaonline.com.br\/site\/noite-de-premiacao-marca-o-encerramento-do-1o-circuito-gastronomico-de-muriae\/\" \/>\n\t\t<meta property=\"og:image\" content=\"https:\/\/scontent-gig4-1.xx.fbcdn.net\/v\/t39.30808-1\/270437624_4564083193639691_6907940295614233970_n.jpg?stp=dst-jpg_s200x200_tt6&#038;_nc_cat=111&#038;ccb=1-7&#038;_nc_sid=f907e8&#038;_nc_ohc=SM1wRlP3lJwQ7kNvwEPuBYA&#038;_nc_oc=AdnqrjDN_BNjSSHWO-GbkIWH6fkGMLw4bqvL_NH6e2wMveX7G-rP2dAqsDSq1mJMOaY&#038;_nc_zt=24&#038;_nc_ht=scontent-gig4-1.xx&#038;_nc_gid=AoBFJeGrT1hVaew_6rchkQ&#038;oh=00_AfX7QmFGhQhG2jAllVgXCiM1ZrWgvtp80-Bfppyexh1QEg&#038;oe=689E923C\" \/>\n\t\t<meta property=\"og:image:secure_url\" content=\"https:\/\/scontent-gig4-1.xx.fbcdn.net\/v\/t39.30808-1\/270437624_4564083193639691_6907940295614233970_n.jpg?stp=dst-jpg_s200x200_tt6&#038;_nc_cat=111&#038;ccb=1-7&#038;_nc_sid=f907e8&#038;_nc_ohc=SM1wRlP3lJwQ7kNvwEPuBYA&#038;_nc_oc=AdnqrjDN_BNjSSHWO-GbkIWH6fkGMLw4bqvL_NH6e2wMveX7G-rP2dAqsDSq1mJMOaY&#038;_nc_zt=24&#038;_nc_ht=scontent-gig4-1.xx&#038;_nc_gid=AoBFJeGrT1hVaew_6rchkQ&#038;oh=00_AfX7QmFGhQhG2jAllVgXCiM1ZrWgvtp80-Bfppyexh1QEg&#038;oe=689E923C\" \/>\n\t\t<meta property=\"article:published_time\" content=\"2017-12-02T11:40:25+00:00\" \/>\n\t\t<meta property=\"article:modified_time\" content=\"2017-12-02T11:40:25+00:00\" \/>\n\t\t<meta name=\"twitter:card\" content=\"summary_large_image\" \/>\n\t\t<meta name=\"twitter:title\" content=\"Noite de premia\u00e7\u00e3o marca o encerramento do 1\u00ba Circuito Gastron\u00f4mico de Muria\u00e9 - A Not\u00edcia Online\" \/>\n\t\t<meta name=\"twitter:description\" content=\"O 1\u00ba Circuito Gastron\u00f4mico de Muria\u00e9 foi encerrado, oficialmente, no Sal\u00e3o Nobre do Unifaminas, na noite de quarta-feira (29). O evento contou com a presen\u00e7a da equipe de promo\u00e7\u00f5es da R\u00e1dio 96 FM, comandada por Tiago Galgani, que agitou os 38 estabelecimentos participantes durante 50 dias do Circuito. O evento colocou a gastronomia do munic\u00edpio\" \/>\n\t\t<meta name=\"twitter:image\" content=\"https:\/\/scontent-gig4-1.xx.fbcdn.net\/v\/t39.30808-1\/270437624_4564083193639691_6907940295614233970_n.jpg?stp=dst-jpg_s200x200_tt6&amp;_nc_cat=111&amp;ccb=1-7&amp;_nc_sid=f907e8&amp;_nc_ohc=SM1wRlP3lJwQ7kNvwEPuBYA&amp;_nc_oc=AdnqrjDN_BNjSSHWO-GbkIWH6fkGMLw4bqvL_NH6e2wMveX7G-rP2dAqsDSq1mJMOaY&amp;_nc_zt=24&amp;_nc_ht=scontent-gig4-1.xx&amp;_nc_gid=AoBFJeGrT1hVaew_6rchkQ&amp;oh=00_AfX7QmFGhQhG2jAllVgXCiM1ZrWgvtp80-Bfppyexh1QEg&amp;oe=689E923C\" \/>\n\t\t<script type=\"application\/ld+json\" class=\"aioseo-schema\">\n\t\t\t{\"@context\":\"https:\\\/\\\/schema.org\",\"@graph\":[{\"@type\":\"BlogPosting\",\"@id\":\"https:\\\/\\\/anoticiaonline.com.br\\\/site\\\/noite-de-premiacao-marca-o-encerramento-do-1o-circuito-gastronomico-de-muriae\\\/#blogposting\",\"name\":\"Noite de premia\\u00e7\\u00e3o marca o encerramento do 1\\u00ba Circuito Gastron\\u00f4mico de Muria\\u00e9 - A Not\\u00edcia Online\",\"headline\":\"Noite de premia\\u00e7\\u00e3o marca o encerramento do 1\\u00ba Circuito Gastron\\u00f4mico de Muria\\u00e9\",\"author\":{\"@id\":\"https:\\\/\\\/anoticiaonline.com.br\\\/site\\\/author\\\/juliana\\\/#author\"},\"publisher\":{\"@id\":\"https:\\\/\\\/anoticiaonline.com.br\\\/site\\\/#organization\"},\"image\":{\"@type\":\"ImageObject\",\"url\":\"https:\\\/\\\/anoticiaonline.com.br\\\/site\\\/wp-content\\\/uploads\\\/2017\\\/12\\\/DSC_0576.jpg\",\"width\":607,\"height\":405},\"datePublished\":\"2017-12-02T08:40:25-03:00\",\"dateModified\":\"2017-12-02T08:40:25-03:00\",\"inLanguage\":\"pt-BR\",\"mainEntityOfPage\":{\"@id\":\"https:\\\/\\\/anoticiaonline.com.br\\\/site\\\/noite-de-premiacao-marca-o-encerramento-do-1o-circuito-gastronomico-de-muriae\\\/#webpage\"},\"isPartOf\":{\"@id\":\"https:\\\/\\\/anoticiaonline.com.br\\\/site\\\/noite-de-premiacao-marca-o-encerramento-do-1o-circuito-gastronomico-de-muriae\\\/#webpage\"},\"articleSection\":\"Gerais, Bela Vista Fil\\u00e9 de Til\\u00e1pia, Caf\\u00e9 Donalice, Itaipava Premium, L\\u00e1cteos Life, \\u00ba Circuito Gastron\\u00f4mico de Muria\\u00e9, Osaka Toyota, Sabor Condimentos, Saudali Alimentos, unifaminas\"},{\"@type\":\"BreadcrumbList\",\"@id\":\"https:\\\/\\\/anoticiaonline.com.br\\\/site\\\/noite-de-premiacao-marca-o-encerramento-do-1o-circuito-gastronomico-de-muriae\\\/#breadcrumblist\",\"itemListElement\":[{\"@type\":\"ListItem\",\"@id\":\"https:\\\/\\\/anoticiaonline.com.br\\\/site#listItem\",\"position\":1,\"name\":\"Home\",\"item\":\"https:\\\/\\\/anoticiaonline.com.br\\\/site\",\"nextItem\":{\"@type\":\"ListItem\",\"@id\":\"https:\\\/\\\/anoticiaonline.com.br\\\/site\\\/categoria\\\/gerais\\\/#listItem\",\"name\":\"Gerais\"}},{\"@type\":\"ListItem\",\"@id\":\"https:\\\/\\\/anoticiaonline.com.br\\\/site\\\/categoria\\\/gerais\\\/#listItem\",\"position\":2,\"name\":\"Gerais\",\"item\":\"https:\\\/\\\/anoticiaonline.com.br\\\/site\\\/categoria\\\/gerais\\\/\",\"nextItem\":{\"@type\":\"ListItem\",\"@id\":\"https:\\\/\\\/anoticiaonline.com.br\\\/site\\\/noite-de-premiacao-marca-o-encerramento-do-1o-circuito-gastronomico-de-muriae\\\/#listItem\",\"name\":\"Noite de premia\\u00e7\\u00e3o marca o encerramento do 1\\u00ba Circuito Gastron\\u00f4mico de Muria\\u00e9\"},\"previousItem\":{\"@type\":\"ListItem\",\"@id\":\"https:\\\/\\\/anoticiaonline.com.br\\\/site#listItem\",\"name\":\"Home\"}},{\"@type\":\"ListItem\",\"@id\":\"https:\\\/\\\/anoticiaonline.com.br\\\/site\\\/noite-de-premiacao-marca-o-encerramento-do-1o-circuito-gastronomico-de-muriae\\\/#listItem\",\"position\":3,\"name\":\"Noite de premia\\u00e7\\u00e3o marca o encerramento do 1\\u00ba Circuito Gastron\\u00f4mico de Muria\\u00e9\",\"previousItem\":{\"@type\":\"ListItem\",\"@id\":\"https:\\\/\\\/anoticiaonline.com.br\\\/site\\\/categoria\\\/gerais\\\/#listItem\",\"name\":\"Gerais\"}}]},{\"@type\":\"Organization\",\"@id\":\"https:\\\/\\\/anoticiaonline.com.br\\\/site\\\/#organization\",\"name\":\"A Not\\u00edcia Online\",\"description\":\"Noticias de Muria\\u00e9 e regi\\u00e3o\",\"url\":\"https:\\\/\\\/anoticiaonline.com.br\\\/site\\\/\",\"logo\":{\"@type\":\"ImageObject\",\"url\":\"https:\\\/\\\/scontent-gig4-1.xx.fbcdn.net\\\/v\\\/t39.30808-1\\\/270437624_4564083193639691_6907940295614233970_n.jpg?stp=dst-jpg_s200x200_tt6&_nc_cat=111&ccb=1-7&_nc_sid=f907e8&_nc_ohc=SM1wRlP3lJwQ7kNvwEPuBYA&_nc_oc=AdnqrjDN_BNjSSHWO-GbkIWH6fkGMLw4bqvL_NH6e2wMveX7G-rP2dAqsDSq1mJMOaY&_nc_zt=24&_nc_ht=scontent-gig4-1.xx&_nc_gid=AoBFJeGrT1hVaew_6rchkQ&oh=00_AfX7QmFGhQhG2jAllVgXCiM1ZrWgvtp80-Bfppyexh1QEg&oe=689E923C\",\"@id\":\"https:\\\/\\\/anoticiaonline.com.br\\\/site\\\/noite-de-premiacao-marca-o-encerramento-do-1o-circuito-gastronomico-de-muriae\\\/#organizationLogo\"},\"image\":{\"@id\":\"https:\\\/\\\/anoticiaonline.com.br\\\/site\\\/noite-de-premiacao-marca-o-encerramento-do-1o-circuito-gastronomico-de-muriae\\\/#organizationLogo\"}},{\"@type\":\"Person\",\"@id\":\"https:\\\/\\\/anoticiaonline.com.br\\\/site\\\/author\\\/juliana\\\/#author\",\"url\":\"https:\\\/\\\/anoticiaonline.com.br\\\/site\\\/author\\\/juliana\\\/\",\"name\":\"Juliana Laviola\",\"image\":{\"@type\":\"ImageObject\",\"@id\":\"https:\\\/\\\/anoticiaonline.com.br\\\/site\\\/noite-de-premiacao-marca-o-encerramento-do-1o-circuito-gastronomico-de-muriae\\\/#authorImage\",\"url\":\"https:\\\/\\\/secure.gravatar.com\\\/avatar\\\/b8d45f5c699b100dfaf0e543582f38f38bf94cb7ae3a5e9abf8d891a34773335?s=96&d=mm&r=g\",\"width\":96,\"height\":96,\"caption\":\"Juliana Laviola\"}},{\"@type\":\"WebPage\",\"@id\":\"https:\\\/\\\/anoticiaonline.com.br\\\/site\\\/noite-de-premiacao-marca-o-encerramento-do-1o-circuito-gastronomico-de-muriae\\\/#webpage\",\"url\":\"https:\\\/\\\/anoticiaonline.com.br\\\/site\\\/noite-de-premiacao-marca-o-encerramento-do-1o-circuito-gastronomico-de-muriae\\\/\",\"name\":\"Noite de premia\\u00e7\\u00e3o marca o encerramento do 1\\u00ba Circuito Gastron\\u00f4mico de Muria\\u00e9 - A Not\\u00edcia Online\",\"description\":\"O 1\\u00ba Circuito Gastron\\u00f4mico de Muria\\u00e9 foi encerrado, oficialmente, no Sal\\u00e3o Nobre do Unifaminas, na noite de quarta-feira (29). O evento contou com a presen\\u00e7a da equipe de promo\\u00e7\\u00f5es da R\\u00e1dio 96 FM, comandada por Tiago Galgani, que agitou os 38 estabelecimentos participantes durante 50 dias do Circuito. O evento colocou a gastronomia do munic\\u00edpio\",\"inLanguage\":\"pt-BR\",\"isPartOf\":{\"@id\":\"https:\\\/\\\/anoticiaonline.com.br\\\/site\\\/#website\"},\"breadcrumb\":{\"@id\":\"https:\\\/\\\/anoticiaonline.com.br\\\/site\\\/noite-de-premiacao-marca-o-encerramento-do-1o-circuito-gastronomico-de-muriae\\\/#breadcrumblist\"},\"author\":{\"@id\":\"https:\\\/\\\/anoticiaonline.com.br\\\/site\\\/author\\\/juliana\\\/#author\"},\"creator\":{\"@id\":\"https:\\\/\\\/anoticiaonline.com.br\\\/site\\\/author\\\/juliana\\\/#author\"},\"image\":{\"@type\":\"ImageObject\",\"url\":\"https:\\\/\\\/anoticiaonline.com.br\\\/site\\\/wp-content\\\/uploads\\\/2017\\\/12\\\/DSC_0576.jpg\",\"@id\":\"https:\\\/\\\/anoticiaonline.com.br\\\/site\\\/noite-de-premiacao-marca-o-encerramento-do-1o-circuito-gastronomico-de-muriae\\\/#mainImage\",\"width\":607,\"height\":405},\"primaryImageOfPage\":{\"@id\":\"https:\\\/\\\/anoticiaonline.com.br\\\/site\\\/noite-de-premiacao-marca-o-encerramento-do-1o-circuito-gastronomico-de-muriae\\\/#mainImage\"},\"datePublished\":\"2017-12-02T08:40:25-03:00\",\"dateModified\":\"2017-12-02T08:40:25-03:00\"},{\"@type\":\"WebSite\",\"@id\":\"https:\\\/\\\/anoticiaonline.com.br\\\/site\\\/#website\",\"url\":\"https:\\\/\\\/anoticiaonline.com.br\\\/site\\\/\",\"name\":\"A Not\\u00edcia Online\",\"description\":\"Noticias de Muria\\u00e9 e regi\\u00e3o\",\"inLanguage\":\"pt-BR\",\"publisher\":{\"@id\":\"https:\\\/\\\/anoticiaonline.com.br\\\/site\\\/#organization\"}}]}\n\t\t<\/script>\n\t\t<!-- All in One SEO -->\n\n","aioseo_head_json":{"title":"Noite de premia\u00e7\u00e3o marca o encerramento do 1\u00ba Circuito Gastron\u00f4mico de Muria\u00e9 - A Not\u00edcia Online","description":"O 1\u00ba Circuito Gastron\u00f4mico de Muria\u00e9 foi encerrado, oficialmente, no Sal\u00e3o Nobre do Unifaminas, na noite de quarta-feira (29). O evento contou com a presen\u00e7a da equipe de promo\u00e7\u00f5es da R\u00e1dio 96 FM, comandada por Tiago Galgani, que agitou os 38 estabelecimentos participantes durante 50 dias do Circuito. O evento colocou a gastronomia do munic\u00edpio","canonical_url":"https:\/\/anoticiaonline.com.br\/site\/noite-de-premiacao-marca-o-encerramento-do-1o-circuito-gastronomico-de-muriae\/","robots":"max-image-preview:large","keywords":"","webmasterTools":{"miscellaneous":""},"schema":{"@context":"https:\/\/schema.org","@graph":[{"@type":"BlogPosting","@id":"https:\/\/anoticiaonline.com.br\/site\/noite-de-premiacao-marca-o-encerramento-do-1o-circuito-gastronomico-de-muriae\/#blogposting","name":"Noite de premia\u00e7\u00e3o marca o encerramento do 1\u00ba Circuito Gastron\u00f4mico de Muria\u00e9 - A Not\u00edcia Online","headline":"Noite de premia\u00e7\u00e3o marca o encerramento do 1\u00ba Circuito Gastron\u00f4mico de Muria\u00e9","author":{"@id":"https:\/\/anoticiaonline.com.br\/site\/author\/juliana\/#author"},"publisher":{"@id":"https:\/\/anoticiaonline.com.br\/site\/#organization"},"image":{"@type":"ImageObject","url":"https:\/\/anoticiaonline.com.br\/site\/wp-content\/uploads\/2017\/12\/DSC_0576.jpg","width":607,"height":405},"datePublished":"2017-12-02T08:40:25-03:00","dateModified":"2017-12-02T08:40:25-03:00","inLanguage":"pt-BR","mainEntityOfPage":{"@id":"https:\/\/anoticiaonline.com.br\/site\/noite-de-premiacao-marca-o-encerramento-do-1o-circuito-gastronomico-de-muriae\/#webpage"},"isPartOf":{"@id":"https:\/\/anoticiaonline.com.br\/site\/noite-de-premiacao-marca-o-encerramento-do-1o-circuito-gastronomico-de-muriae\/#webpage"},"articleSection":"Gerais, Bela Vista Fil\u00e9 de Til\u00e1pia, Caf\u00e9 Donalice, Itaipava Premium, L\u00e1cteos Life, \u00ba Circuito Gastron\u00f4mico de Muria\u00e9, Osaka Toyota, Sabor Condimentos, Saudali Alimentos, unifaminas"},{"@type":"BreadcrumbList","@id":"https:\/\/anoticiaonline.com.br\/site\/noite-de-premiacao-marca-o-encerramento-do-1o-circuito-gastronomico-de-muriae\/#breadcrumblist","itemListElement":[{"@type":"ListItem","@id":"https:\/\/anoticiaonline.com.br\/site#listItem","position":1,"name":"Home","item":"https:\/\/anoticiaonline.com.br\/site","nextItem":{"@type":"ListItem","@id":"https:\/\/anoticiaonline.com.br\/site\/categoria\/gerais\/#listItem","name":"Gerais"}},{"@type":"ListItem","@id":"https:\/\/anoticiaonline.com.br\/site\/categoria\/gerais\/#listItem","position":2,"name":"Gerais","item":"https:\/\/anoticiaonline.com.br\/site\/categoria\/gerais\/","nextItem":{"@type":"ListItem","@id":"https:\/\/anoticiaonline.com.br\/site\/noite-de-premiacao-marca-o-encerramento-do-1o-circuito-gastronomico-de-muriae\/#listItem","name":"Noite de premia\u00e7\u00e3o marca o encerramento do 1\u00ba Circuito Gastron\u00f4mico de Muria\u00e9"},"previousItem":{"@type":"ListItem","@id":"https:\/\/anoticiaonline.com.br\/site#listItem","name":"Home"}},{"@type":"ListItem","@id":"https:\/\/anoticiaonline.com.br\/site\/noite-de-premiacao-marca-o-encerramento-do-1o-circuito-gastronomico-de-muriae\/#listItem","position":3,"name":"Noite de premia\u00e7\u00e3o marca o encerramento do 1\u00ba Circuito Gastron\u00f4mico de Muria\u00e9","previousItem":{"@type":"ListItem","@id":"https:\/\/anoticiaonline.com.br\/site\/categoria\/gerais\/#listItem","name":"Gerais"}}]},{"@type":"Organization","@id":"https:\/\/anoticiaonline.com.br\/site\/#organization","name":"A Not\u00edcia Online","description":"Noticias de Muria\u00e9 e regi\u00e3o","url":"https:\/\/anoticiaonline.com.br\/site\/","logo":{"@type":"ImageObject","url":"https:\/\/scontent-gig4-1.xx.fbcdn.net\/v\/t39.30808-1\/270437624_4564083193639691_6907940295614233970_n.jpg?stp=dst-jpg_s200x200_tt6&_nc_cat=111&ccb=1-7&_nc_sid=f907e8&_nc_ohc=SM1wRlP3lJwQ7kNvwEPuBYA&_nc_oc=AdnqrjDN_BNjSSHWO-GbkIWH6fkGMLw4bqvL_NH6e2wMveX7G-rP2dAqsDSq1mJMOaY&_nc_zt=24&_nc_ht=scontent-gig4-1.xx&_nc_gid=AoBFJeGrT1hVaew_6rchkQ&oh=00_AfX7QmFGhQhG2jAllVgXCiM1ZrWgvtp80-Bfppyexh1QEg&oe=689E923C","@id":"https:\/\/anoticiaonline.com.br\/site\/noite-de-premiacao-marca-o-encerramento-do-1o-circuito-gastronomico-de-muriae\/#organizationLogo"},"image":{"@id":"https:\/\/anoticiaonline.com.br\/site\/noite-de-premiacao-marca-o-encerramento-do-1o-circuito-gastronomico-de-muriae\/#organizationLogo"}},{"@type":"Person","@id":"https:\/\/anoticiaonline.com.br\/site\/author\/juliana\/#author","url":"https:\/\/anoticiaonline.com.br\/site\/author\/juliana\/","name":"Juliana Laviola","image":{"@type":"ImageObject","@id":"https:\/\/anoticiaonline.com.br\/site\/noite-de-premiacao-marca-o-encerramento-do-1o-circuito-gastronomico-de-muriae\/#authorImage","url":"https:\/\/secure.gravatar.com\/avatar\/b8d45f5c699b100dfaf0e543582f38f38bf94cb7ae3a5e9abf8d891a34773335?s=96&d=mm&r=g","width":96,"height":96,"caption":"Juliana Laviola"}},{"@type":"WebPage","@id":"https:\/\/anoticiaonline.com.br\/site\/noite-de-premiacao-marca-o-encerramento-do-1o-circuito-gastronomico-de-muriae\/#webpage","url":"https:\/\/anoticiaonline.com.br\/site\/noite-de-premiacao-marca-o-encerramento-do-1o-circuito-gastronomico-de-muriae\/","name":"Noite de premia\u00e7\u00e3o marca o encerramento do 1\u00ba Circuito Gastron\u00f4mico de Muria\u00e9 - A Not\u00edcia Online","description":"O 1\u00ba Circuito Gastron\u00f4mico de Muria\u00e9 foi encerrado, oficialmente, no Sal\u00e3o Nobre do Unifaminas, na noite de quarta-feira (29). O evento contou com a presen\u00e7a da equipe de promo\u00e7\u00f5es da R\u00e1dio 96 FM, comandada por Tiago Galgani, que agitou os 38 estabelecimentos participantes durante 50 dias do Circuito. O evento colocou a gastronomia do munic\u00edpio","inLanguage":"pt-BR","isPartOf":{"@id":"https:\/\/anoticiaonline.com.br\/site\/#website"},"breadcrumb":{"@id":"https:\/\/anoticiaonline.com.br\/site\/noite-de-premiacao-marca-o-encerramento-do-1o-circuito-gastronomico-de-muriae\/#breadcrumblist"},"author":{"@id":"https:\/\/anoticiaonline.com.br\/site\/author\/juliana\/#author"},"creator":{"@id":"https:\/\/anoticiaonline.com.br\/site\/author\/juliana\/#author"},"image":{"@type":"ImageObject","url":"https:\/\/anoticiaonline.com.br\/site\/wp-content\/uploads\/2017\/12\/DSC_0576.jpg","@id":"https:\/\/anoticiaonline.com.br\/site\/noite-de-premiacao-marca-o-encerramento-do-1o-circuito-gastronomico-de-muriae\/#mainImage","width":607,"height":405},"primaryImageOfPage":{"@id":"https:\/\/anoticiaonline.com.br\/site\/noite-de-premiacao-marca-o-encerramento-do-1o-circuito-gastronomico-de-muriae\/#mainImage"},"datePublished":"2017-12-02T08:40:25-03:00","dateModified":"2017-12-02T08:40:25-03:00"},{"@type":"WebSite","@id":"https:\/\/anoticiaonline.com.br\/site\/#website","url":"https:\/\/anoticiaonline.com.br\/site\/","name":"A Not\u00edcia Online","description":"Noticias de Muria\u00e9 e regi\u00e3o","inLanguage":"pt-BR","publisher":{"@id":"https:\/\/anoticiaonline.com.br\/site\/#organization"}}]},"og:locale":"pt_BR","og:site_name":"A Not\u00edcia Online - Noticias de Muria\u00e9 e regi\u00e3o","og:type":"article","og:title":"Noite de premia\u00e7\u00e3o marca o encerramento do 1\u00ba Circuito Gastron\u00f4mico de Muria\u00e9 - A Not\u00edcia Online","og:description":"O 1\u00ba Circuito Gastron\u00f4mico de Muria\u00e9 foi encerrado, oficialmente, no Sal\u00e3o Nobre do Unifaminas, na noite de quarta-feira (29). O evento contou com a presen\u00e7a da equipe de promo\u00e7\u00f5es da R\u00e1dio 96 FM, comandada por Tiago Galgani, que agitou os 38 estabelecimentos participantes durante 50 dias do Circuito. O evento colocou a gastronomia do munic\u00edpio","og:url":"https:\/\/anoticiaonline.com.br\/site\/noite-de-premiacao-marca-o-encerramento-do-1o-circuito-gastronomico-de-muriae\/","og:image":"https:\/\/scontent-gig4-1.xx.fbcdn.net\/v\/t39.30808-1\/270437624_4564083193639691_6907940295614233970_n.jpg?stp=dst-jpg_s200x200_tt6&#038;_nc_cat=111&#038;ccb=1-7&#038;_nc_sid=f907e8&#038;_nc_ohc=SM1wRlP3lJwQ7kNvwEPuBYA&#038;_nc_oc=AdnqrjDN_BNjSSHWO-GbkIWH6fkGMLw4bqvL_NH6e2wMveX7G-rP2dAqsDSq1mJMOaY&#038;_nc_zt=24&#038;_nc_ht=scontent-gig4-1.xx&#038;_nc_gid=AoBFJeGrT1hVaew_6rchkQ&#038;oh=00_AfX7QmFGhQhG2jAllVgXCiM1ZrWgvtp80-Bfppyexh1QEg&#038;oe=689E923C","og:image:secure_url":"https:\/\/scontent-gig4-1.xx.fbcdn.net\/v\/t39.30808-1\/270437624_4564083193639691_6907940295614233970_n.jpg?stp=dst-jpg_s200x200_tt6&#038;_nc_cat=111&#038;ccb=1-7&#038;_nc_sid=f907e8&#038;_nc_ohc=SM1wRlP3lJwQ7kNvwEPuBYA&#038;_nc_oc=AdnqrjDN_BNjSSHWO-GbkIWH6fkGMLw4bqvL_NH6e2wMveX7G-rP2dAqsDSq1mJMOaY&#038;_nc_zt=24&#038;_nc_ht=scontent-gig4-1.xx&#038;_nc_gid=AoBFJeGrT1hVaew_6rchkQ&#038;oh=00_AfX7QmFGhQhG2jAllVgXCiM1ZrWgvtp80-Bfppyexh1QEg&#038;oe=689E923C","article:published_time":"2017-12-02T11:40:25+00:00","article:modified_time":"2017-12-02T11:40:25+00:00","twitter:card":"summary_large_image","twitter:title":"Noite de premia\u00e7\u00e3o marca o encerramento do 1\u00ba Circuito Gastron\u00f4mico de Muria\u00e9 - A Not\u00edcia Online","twitter:description":"O 1\u00ba Circuito Gastron\u00f4mico de Muria\u00e9 foi encerrado, oficialmente, no Sal\u00e3o Nobre do Unifaminas, na noite de quarta-feira (29). O evento contou com a presen\u00e7a da equipe de promo\u00e7\u00f5es da R\u00e1dio 96 FM, comandada por Tiago Galgani, que agitou os 38 estabelecimentos participantes durante 50 dias do Circuito. O evento colocou a gastronomia do munic\u00edpio","twitter:image":"https:\/\/scontent-gig4-1.xx.fbcdn.net\/v\/t39.30808-1\/270437624_4564083193639691_6907940295614233970_n.jpg?stp=dst-jpg_s200x200_tt6&_nc_cat=111&ccb=1-7&_nc_sid=f907e8&_nc_ohc=SM1wRlP3lJwQ7kNvwEPuBYA&_nc_oc=AdnqrjDN_BNjSSHWO-GbkIWH6fkGMLw4bqvL_NH6e2wMveX7G-rP2dAqsDSq1mJMOaY&_nc_zt=24&_nc_ht=scontent-gig4-1.xx&_nc_gid=AoBFJeGrT1hVaew_6rchkQ&oh=00_AfX7QmFGhQhG2jAllVgXCiM1ZrWgvtp80-Bfppyexh1QEg&oe=689E923C"},"aioseo_meta_data":{"post_id":"46734","title":null,"description":null,"keywords":null,"keyphrases":null,"primary_term":null,"canonical_url":null,"og_title":null,"og_description":null,"og_object_type":"default","og_image_type":"default","og_image_url":null,"og_image_width":null,"og_image_height":null,"og_image_custom_url":null,"og_image_custom_fields":null,"og_video":null,"og_custom_url":null,"og_article_section":null,"og_article_tags":null,"twitter_use_og":false,"twitter_card":"default","twitter_image_type":"default","twitter_image_url":null,"twitter_image_custom_url":null,"twitter_image_custom_fields":null,"twitter_title":null,"twitter_description":null,"schema":{"blockGraphs":[],"customGraphs":[],"default":{"data":{"Article":[],"Course":[],"Dataset":[],"FAQPage":[],"Movie":[],"Person":[],"Product":[],"ProductReview":[],"Car":[],"Recipe":[],"Service":[],"SoftwareApplication":[],"WebPage":[]},"graphName":"","isEnabled":true},"graphs":[]},"schema_type":"default","schema_type_options":null,"pillar_content":false,"robots_default":true,"robots_noindex":false,"robots_noarchive":false,"robots_nosnippet":false,"robots_nofollow":false,"robots_noimageindex":false,"robots_noodp":false,"robots_notranslate":false,"robots_max_snippet":null,"robots_max_videopreview":null,"robots_max_imagepreview":"large","priority":null,"frequency":null,"local_seo":null,"breadcrumb_settings":null,"limit_modified_date":false,"ai":null,"created":"2025-08-16 20:01:23","updated":"2025-08-16 20:01:23","focus_keyword":null,"additional_keywords":null,"truseo_locale":null,"seo_analyzer_scan_date":null},"aioseo_breadcrumb":"<div class=\"aioseo-breadcrumbs\"><span class=\"aioseo-breadcrumb\">\n\t\t\t<a href=\"https:\/\/anoticiaonline.com.br\/site\" title=\"Home\">Home<\/a>\n\t\t<\/span><span class=\"aioseo-breadcrumb-separator\">&raquo;<\/span><span class=\"aioseo-breadcrumb\">\n\t\t\t<a href=\"https:\/\/anoticiaonline.com.br\/site\/categoria\/gerais\/\" title=\"Gerais\">Gerais<\/a>\n\t\t<\/span><span class=\"aioseo-breadcrumb-separator\">&raquo;<\/span><span class=\"aioseo-breadcrumb\">\n\t\t\tNoite de premia\u00e7\u00e3o marca o encerramento do 1\u00ba Circuito Gastron\u00f4mico de Muria\u00e9\n\t\t<\/span><\/div>","aioseo_breadcrumb_json":[{"label":"Home","link":"https:\/\/anoticiaonline.com.br\/site"},{"label":"Gerais","link":"https:\/\/anoticiaonline.com.br\/site\/categoria\/gerais\/"},{"label":"Noite de premia\u00e7\u00e3o marca o encerramento do 1\u00ba Circuito Gastron\u00f4mico de Muria\u00e9","link":"https:\/\/anoticiaonline.com.br\/site\/noite-de-premiacao-marca-o-encerramento-do-1o-circuito-gastronomico-de-muriae\/"}],"views":151,"_links":{"self":[{"href":"https:\/\/anoticiaonline.com.br\/site\/wp-json\/wp\/v2\/posts\/46734","targetHints":{"allow":["GET"]}}],"collection":[{"href":"https:\/\/anoticiaonline.com.br\/site\/wp-json\/wp\/v2\/posts"}],"about":[{"href":"https:\/\/anoticiaonline.com.br\/site\/wp-json\/wp\/v2\/types\/post"}],"author":[{"embeddable":true,"href":"https:\/\/anoticiaonline.com.br\/site\/wp-json\/wp\/v2\/users\/2"}],"replies":[{"embeddable":true,"href":"https:\/\/anoticiaonline.com.br\/site\/wp-json\/wp\/v2\/comments?post=46734"}],"version-history":[{"count":0,"href":"https:\/\/anoticiaonline.com.br\/site\/wp-json\/wp\/v2\/posts\/46734\/revisions"}],"wp:featuredmedia":[{"embeddable":true,"href":"https:\/\/anoticiaonline.com.br\/site\/wp-json\/wp\/v2\/media\/46800"}],"wp:attachment":[{"href":"https:\/\/anoticiaonline.com.br\/site\/wp-json\/wp\/v2\/media?parent=46734"}],"wp:term":[{"taxonomy":"category","embeddable":true,"href":"https:\/\/anoticiaonline.com.br\/site\/wp-json\/wp\/v2\/categories?post=46734"},{"taxonomy":"post_tag","embeddable":true,"href":"https:\/\/anoticiaonline.com.br\/site\/wp-json\/wp\/v2\/tags?post=46734"}],"curies":[{"name":"wp","href":"https:\/\/api.w.org\/{rel}","templated":true}]}}