{"id":46633,"date":"2017-11-27T16:55:23","date_gmt":"2017-11-27T19:55:23","guid":{"rendered":"http:\/\/anoticiaonline.com.br\/site\/?p=46633"},"modified":"2017-11-27T16:57:44","modified_gmt":"2017-11-27T19:57:44","slug":"apresentacao-de-cartao-do-sus-sera-obrigatoria-para-atendimento-nas-ubss","status":"publish","type":"post","link":"https:\/\/anoticiaonline.com.br\/site\/apresentacao-de-cartao-do-sus-sera-obrigatoria-para-atendimento-nas-ubss\/","title":{"rendered":"Apresenta\u00e7\u00e3o de cart\u00e3o do SUS ser\u00e1 obrigat\u00f3ria para atendimento nas UBS\u2019s"},"content":{"rendered":"<p><a href=\"https:\/\/anoticiaonline.com.br\/site\/wp-content\/uploads\/2017\/11\/cartao-sus.3.jpg\"><img fetchpriority=\"high\" decoding=\"async\" class=\"alignnone size-full wp-image-46634\" src=\"https:\/\/anoticiaonline.com.br\/site\/wp-content\/uploads\/2017\/11\/cartao-sus.3.jpg\" alt=\"\" width=\"640\" height=\"427\" srcset=\"https:\/\/anoticiaonline.com.br\/site\/wp-content\/uploads\/2017\/11\/cartao-sus.3.jpg 640w, https:\/\/anoticiaonline.com.br\/site\/wp-content\/uploads\/2017\/11\/cartao-sus.3-300x200.jpg 300w\" sizes=\"(max-width: 640px) 100vw, 640px\" \/><\/a><\/p>\n<p>Pessoas que s\u00e3o atendidas nas Unidades B\u00e1sicas de Sa\u00fade de Muria\u00e9 precisar\u00e3o, a partir de 2018, ter o cart\u00e3o do SUS em m\u00e3os ou salvo no celular. Para consultar, fazer exames, curativos ou demais procedimentos, ser\u00e1 imprescind\u00edvel a apresenta\u00e7\u00e3o do n\u00famero de registro para que a UBS possa contabilizar os servi\u00e7os e enviar relat\u00f3rio para o Governo Federal.<\/p>\n<p>A exig\u00eancia de apresenta\u00e7\u00e3o do cart\u00e3o do SUS j\u00e1 vem sendo cumprida desde o in\u00edcio de 2017, por\u00e9m, a partir de 2018, ser\u00e1 indispens\u00e1vel. Para ter o cart\u00e3o em seu celular, as pessoas poder\u00e3o baixar o aplicativo\u00a0E + Sa\u00fade.\u00a0Assim que abrir a p\u00e1gina, \u00e9 necess\u00e1rio preencher o formul\u00e1rio com documentos e endere\u00e7o. Logo em seguida, aparecer\u00e1 o cart\u00e3o do SUS, que poder\u00e1 ser salvo dentro do pr\u00f3prio celular para futuras apresenta\u00e7\u00f5es nas UBS\u2019s.<\/p>\n<p>Cart\u00f5es do SUS tamb\u00e9m podem ser feitos em computadores<\/p>\n<p>Tamb\u00e9m ser\u00e1 poss\u00edvel obter o cart\u00e3o pela Internet do computador. Basta entrar no link:\u00a0<a href=\"http:\/\/portaldocidadao.saude.gov.br\/portalcidadao\/\">http:\/\/portaldocidadao.saude.gov.br\/portalcidadao\/<\/a>\u00a0e clicar sobre o item\u00a0pr\u00e9-cadastro do cart\u00e3o Nacional de Sa\u00fade. Abrir\u00e1 o formul\u00e1rio a ser preenchido. Ap\u00f3s pronto, ele gerar\u00e1 um n\u00famero de protocolo que poder\u00e1 ser usado enquanto o cart\u00e3o original n\u00e3o chegar \u00e0s m\u00e3os do solicitante. \u201cPrecisamos que todos tenham o seu cart\u00e3o e o apresentem no momento que chegarem a Unidade. Somente com o seu registro, poderemos enviar relat\u00f3rios consistentes para o Minist\u00e9rio da Sa\u00fade e alcan\u00e7ar recursos para melhorar a qualidade no atendimento\u201d, lembrou o secret\u00e1rio de Sa\u00fade, Paulo C\u00e9sar Oliveira.<\/p>\n<p>O preenchimento deve ser realizado com aten\u00e7\u00e3o, pois n\u00e3o ser\u00e1 poss\u00edvel fazer uma edi\u00e7\u00e3o, ap\u00f3s gerar o protocolo para o usu\u00e1rio. Para efetuar o cadastro de forma correta \u00e9 preciso ter um endere\u00e7o de e-mail.<\/p>\n<p>COMO PEDIR O CART\u00c3O PELO CELULAR<\/p>\n<ol>\n<li>Procurar Play Store entre os aplicativos do celular e clicar<\/li>\n<li>Clicar na lupa e digitar:\u00a0E + Sa\u00fade<\/li>\n<li>Fazer o download do aplicativo<\/li>\n<li>Abrir o aplicativo e preencher formul\u00e1rio com documentos e endere\u00e7o<\/li>\n<li>O cart\u00e3o ser\u00e1 disponibilizado<\/li>\n<li>A pessoa pode salvar o cart\u00e3o gerado pelo programa no pr\u00f3prio celular. Tamb\u00e9m poder\u00e1 imprimir por conta pr\u00f3pria.<\/li>\n<li>Caso ache necess\u00e1rio, plastifique.<\/li>\n<\/ol>\n<p>COMO PEDIR O CART\u00c3O PELA INTERNET<\/p>\n<ol>\n<li>Entrar no link &#8211;\u00a0<a href=\"http:\/\/portaldocidadao.saude.gov.br\/portalcidadao\/\">http:\/\/portaldocidadao.saude.gov.br\/portalcidadao\/<\/a><\/li>\n<li>Clicar no item\u00a0pr\u00e9-cadastro do cart\u00e3o Nacional de Sa\u00fade.<\/li>\n<li>Preencher formul\u00e1rio com dados pessoais.<\/li>\n<li>Ap\u00f3s preenchido e dar ok o site gerar\u00e1 um n\u00famero de protocolo que poder\u00e1 ser usado enquanto o cart\u00e3o original n\u00e3o chegar as m\u00e3os de usu\u00e1rio.<\/li>\n<li>Quando o cart\u00e3o original for gerado, pode-se plastificar.<\/li>\n<\/ol>\n<p>COMO PEDIR O CART\u00c3O PELA SECRETARIA MUNICIPAL DE SA\u00daDE<\/p>\n<p>As pessoas que precisarem de aux\u00edlio para fazer o cart\u00e3o podem procurar a Secretaria Municipal de Sa\u00fade.<\/p>\n<p>Endere\u00e7o: Rua Vereador Messias Soares, n\u00ba 65, bairro Santo Ant\u00f4nio.<\/p>\n<p>Documentos necess\u00e1rios: Identidade, CPF e comprovante de resid\u00eancia.<\/p>\n<p>Cr\u00e9ditos: ASCOM PMM<\/p>\n","protected":false},"excerpt":{"rendered":"<p>Pessoas que s\u00e3o atendidas nas Unidades B\u00e1sicas de Sa\u00fade de Muria\u00e9 precisar\u00e3o, a partir de 2018, ter o cart\u00e3o do SUS em m\u00e3os ou salvo no celular. Para consultar, fazer exames, curativos ou demais procedimentos, ser\u00e1 imprescind\u00edvel a apresenta\u00e7\u00e3o do n\u00famero de registro para que a UBS possa contabilizar os servi\u00e7os e enviar relat\u00f3rio para &#8230; <a title=\"Apresenta\u00e7\u00e3o de cart\u00e3o do SUS ser\u00e1 obrigat\u00f3ria para atendimento nas UBS\u2019s\" class=\"read-more\" href=\"https:\/\/anoticiaonline.com.br\/site\/apresentacao-de-cartao-do-sus-sera-obrigatoria-para-atendimento-nas-ubss\/\" aria-label=\"Read more about Apresenta\u00e7\u00e3o de cart\u00e3o do SUS ser\u00e1 obrigat\u00f3ria para atendimento nas UBS\u2019s\">Ler mais<\/a><\/p>\n","protected":false},"author":2,"featured_media":46635,"comment_status":"open","ping_status":"open","sticky":false,"template":"","format":"standard","meta":{"_acf_changed":false,"_monsterinsights_skip_tracking":false,"footnotes":""},"categories":[30],"tags":[1646,74,51,1645],"class_list":["post-46633","post","type-post","status-publish","format-standard","has-post-thumbnail","hentry","category-muriae","tag-cartao","tag-muriae","tag-saude","tag-sus"],"acf":[],"aioseo_notices":[],"aioseo_head":"\n\t\t<!-- All in One SEO 5.0.0.1 - aioseo.com -->\n\t<meta name=\"description\" content=\"Pessoas que s\u00e3o atendidas nas Unidades B\u00e1sicas de Sa\u00fade de Muria\u00e9 precisar\u00e3o, a partir de 2018, ter o cart\u00e3o do SUS em m\u00e3os ou salvo no celular. Para consultar, fazer exames, curativos ou demais procedimentos, ser\u00e1 imprescind\u00edvel a apresenta\u00e7\u00e3o do n\u00famero de registro para que a UBS possa contabilizar os servi\u00e7os e enviar relat\u00f3rio para\" \/>\n\t<meta name=\"robots\" content=\"max-image-preview:large\" \/>\n\t<meta name=\"author\" content=\"Juliana Laviola\"\/>\n\t<link rel=\"canonical\" href=\"https:\/\/anoticiaonline.com.br\/site\/apresentacao-de-cartao-do-sus-sera-obrigatoria-para-atendimento-nas-ubss\/\" \/>\n\t<meta name=\"generator\" content=\"All in One SEO (AIOSEO) 5.0.0.1\" \/>\n\t\t<meta property=\"og:locale\" content=\"pt_BR\" \/>\n\t\t<meta property=\"og:site_name\" content=\"A Not\u00edcia Online - Noticias de Muria\u00e9 e regi\u00e3o\" \/>\n\t\t<meta property=\"og:type\" content=\"article\" \/>\n\t\t<meta property=\"og:title\" content=\"Apresenta\u00e7\u00e3o de cart\u00e3o do SUS ser\u00e1 obrigat\u00f3ria para atendimento nas UBS\u2019s - A Not\u00edcia Online\" \/>\n\t\t<meta property=\"og:description\" content=\"Pessoas que s\u00e3o atendidas nas Unidades B\u00e1sicas de Sa\u00fade de Muria\u00e9 precisar\u00e3o, a partir de 2018, ter o cart\u00e3o do SUS em m\u00e3os ou salvo no celular. Para consultar, fazer exames, curativos ou demais procedimentos, ser\u00e1 imprescind\u00edvel a apresenta\u00e7\u00e3o do n\u00famero de registro para que a UBS possa contabilizar os servi\u00e7os e enviar relat\u00f3rio para\" \/>\n\t\t<meta property=\"og:url\" content=\"https:\/\/anoticiaonline.com.br\/site\/apresentacao-de-cartao-do-sus-sera-obrigatoria-para-atendimento-nas-ubss\/\" \/>\n\t\t<meta property=\"og:image\" content=\"https:\/\/scontent-gig4-1.xx.fbcdn.net\/v\/t39.30808-1\/270437624_4564083193639691_6907940295614233970_n.jpg?stp=dst-jpg_s200x200_tt6&#038;_nc_cat=111&#038;ccb=1-7&#038;_nc_sid=f907e8&#038;_nc_ohc=SM1wRlP3lJwQ7kNvwEPuBYA&#038;_nc_oc=AdnqrjDN_BNjSSHWO-GbkIWH6fkGMLw4bqvL_NH6e2wMveX7G-rP2dAqsDSq1mJMOaY&#038;_nc_zt=24&#038;_nc_ht=scontent-gig4-1.xx&#038;_nc_gid=AoBFJeGrT1hVaew_6rchkQ&#038;oh=00_AfX7QmFGhQhG2jAllVgXCiM1ZrWgvtp80-Bfppyexh1QEg&#038;oe=689E923C\" \/>\n\t\t<meta property=\"og:image:secure_url\" content=\"https:\/\/scontent-gig4-1.xx.fbcdn.net\/v\/t39.30808-1\/270437624_4564083193639691_6907940295614233970_n.jpg?stp=dst-jpg_s200x200_tt6&#038;_nc_cat=111&#038;ccb=1-7&#038;_nc_sid=f907e8&#038;_nc_ohc=SM1wRlP3lJwQ7kNvwEPuBYA&#038;_nc_oc=AdnqrjDN_BNjSSHWO-GbkIWH6fkGMLw4bqvL_NH6e2wMveX7G-rP2dAqsDSq1mJMOaY&#038;_nc_zt=24&#038;_nc_ht=scontent-gig4-1.xx&#038;_nc_gid=AoBFJeGrT1hVaew_6rchkQ&#038;oh=00_AfX7QmFGhQhG2jAllVgXCiM1ZrWgvtp80-Bfppyexh1QEg&#038;oe=689E923C\" \/>\n\t\t<meta property=\"article:published_time\" content=\"2017-11-27T19:55:23+00:00\" \/>\n\t\t<meta property=\"article:modified_time\" content=\"2017-11-27T19:57:44+00:00\" \/>\n\t\t<meta name=\"twitter:card\" content=\"summary_large_image\" \/>\n\t\t<meta name=\"twitter:title\" content=\"Apresenta\u00e7\u00e3o de cart\u00e3o do SUS ser\u00e1 obrigat\u00f3ria para atendimento nas UBS\u2019s - A Not\u00edcia Online\" \/>\n\t\t<meta name=\"twitter:description\" content=\"Pessoas que s\u00e3o atendidas nas Unidades B\u00e1sicas de Sa\u00fade de Muria\u00e9 precisar\u00e3o, a partir de 2018, ter o cart\u00e3o do SUS em m\u00e3os ou salvo no celular. Para consultar, fazer exames, curativos ou demais procedimentos, ser\u00e1 imprescind\u00edvel a apresenta\u00e7\u00e3o do n\u00famero de registro para que a UBS possa contabilizar os servi\u00e7os e enviar relat\u00f3rio para\" \/>\n\t\t<meta name=\"twitter:image\" content=\"https:\/\/scontent-gig4-1.xx.fbcdn.net\/v\/t39.30808-1\/270437624_4564083193639691_6907940295614233970_n.jpg?stp=dst-jpg_s200x200_tt6&amp;_nc_cat=111&amp;ccb=1-7&amp;_nc_sid=f907e8&amp;_nc_ohc=SM1wRlP3lJwQ7kNvwEPuBYA&amp;_nc_oc=AdnqrjDN_BNjSSHWO-GbkIWH6fkGMLw4bqvL_NH6e2wMveX7G-rP2dAqsDSq1mJMOaY&amp;_nc_zt=24&amp;_nc_ht=scontent-gig4-1.xx&amp;_nc_gid=AoBFJeGrT1hVaew_6rchkQ&amp;oh=00_AfX7QmFGhQhG2jAllVgXCiM1ZrWgvtp80-Bfppyexh1QEg&amp;oe=689E923C\" \/>\n\t\t<script type=\"application\/ld+json\" class=\"aioseo-schema\">\n\t\t\t{\"@context\":\"https:\\\/\\\/schema.org\",\"@graph\":[{\"@type\":\"BlogPosting\",\"@id\":\"https:\\\/\\\/anoticiaonline.com.br\\\/site\\\/apresentacao-de-cartao-do-sus-sera-obrigatoria-para-atendimento-nas-ubss\\\/#blogposting\",\"name\":\"Apresenta\\u00e7\\u00e3o de cart\\u00e3o do SUS ser\\u00e1 obrigat\\u00f3ria para atendimento nas UBS\\u2019s - A Not\\u00edcia Online\",\"headline\":\"Apresenta\\u00e7\\u00e3o de cart\\u00e3o do SUS ser\\u00e1 obrigat\\u00f3ria para atendimento nas UBS\\u2019s\",\"author\":{\"@id\":\"https:\\\/\\\/anoticiaonline.com.br\\\/site\\\/author\\\/juliana\\\/#author\"},\"publisher\":{\"@id\":\"https:\\\/\\\/anoticiaonline.com.br\\\/site\\\/#organization\"},\"image\":{\"@type\":\"ImageObject\",\"url\":\"https:\\\/\\\/anoticiaonline.com.br\\\/site\\\/wp-content\\\/uploads\\\/2017\\\/11\\\/cartao-sus.3-1.jpg\",\"width\":640,\"height\":427},\"datePublished\":\"2017-11-27T16:55:23-03:00\",\"dateModified\":\"2017-11-27T16:57:44-03:00\",\"inLanguage\":\"pt-BR\",\"mainEntityOfPage\":{\"@id\":\"https:\\\/\\\/anoticiaonline.com.br\\\/site\\\/apresentacao-de-cartao-do-sus-sera-obrigatoria-para-atendimento-nas-ubss\\\/#webpage\"},\"isPartOf\":{\"@id\":\"https:\\\/\\\/anoticiaonline.com.br\\\/site\\\/apresentacao-de-cartao-do-sus-sera-obrigatoria-para-atendimento-nas-ubss\\\/#webpage\"},\"articleSection\":\"Blog, cart\\u00e3o, Muria\\u00e9, sa\\u00fade, sus\"},{\"@type\":\"BreadcrumbList\",\"@id\":\"https:\\\/\\\/anoticiaonline.com.br\\\/site\\\/apresentacao-de-cartao-do-sus-sera-obrigatoria-para-atendimento-nas-ubss\\\/#breadcrumblist\",\"itemListElement\":[{\"@type\":\"ListItem\",\"@id\":\"https:\\\/\\\/anoticiaonline.com.br\\\/site#listItem\",\"position\":1,\"name\":\"Home\",\"item\":\"https:\\\/\\\/anoticiaonline.com.br\\\/site\",\"nextItem\":{\"@type\":\"ListItem\",\"@id\":\"https:\\\/\\\/anoticiaonline.com.br\\\/site\\\/categoria\\\/muriae\\\/#listItem\",\"name\":\"Blog\"}},{\"@type\":\"ListItem\",\"@id\":\"https:\\\/\\\/anoticiaonline.com.br\\\/site\\\/categoria\\\/muriae\\\/#listItem\",\"position\":2,\"name\":\"Blog\",\"item\":\"https:\\\/\\\/anoticiaonline.com.br\\\/site\\\/categoria\\\/muriae\\\/\",\"nextItem\":{\"@type\":\"ListItem\",\"@id\":\"https:\\\/\\\/anoticiaonline.com.br\\\/site\\\/apresentacao-de-cartao-do-sus-sera-obrigatoria-para-atendimento-nas-ubss\\\/#listItem\",\"name\":\"Apresenta\\u00e7\\u00e3o de cart\\u00e3o do SUS ser\\u00e1 obrigat\\u00f3ria para atendimento nas UBS\\u2019s\"},\"previousItem\":{\"@type\":\"ListItem\",\"@id\":\"https:\\\/\\\/anoticiaonline.com.br\\\/site#listItem\",\"name\":\"Home\"}},{\"@type\":\"ListItem\",\"@id\":\"https:\\\/\\\/anoticiaonline.com.br\\\/site\\\/apresentacao-de-cartao-do-sus-sera-obrigatoria-para-atendimento-nas-ubss\\\/#listItem\",\"position\":3,\"name\":\"Apresenta\\u00e7\\u00e3o de cart\\u00e3o do SUS ser\\u00e1 obrigat\\u00f3ria para atendimento nas UBS\\u2019s\",\"previousItem\":{\"@type\":\"ListItem\",\"@id\":\"https:\\\/\\\/anoticiaonline.com.br\\\/site\\\/categoria\\\/muriae\\\/#listItem\",\"name\":\"Blog\"}}]},{\"@type\":\"Organization\",\"@id\":\"https:\\\/\\\/anoticiaonline.com.br\\\/site\\\/#organization\",\"name\":\"A Not\\u00edcia Online\",\"description\":\"Noticias de Muria\\u00e9 e regi\\u00e3o\",\"url\":\"https:\\\/\\\/anoticiaonline.com.br\\\/site\\\/\",\"logo\":{\"@type\":\"ImageObject\",\"url\":\"https:\\\/\\\/scontent-gig4-1.xx.fbcdn.net\\\/v\\\/t39.30808-1\\\/270437624_4564083193639691_6907940295614233970_n.jpg?stp=dst-jpg_s200x200_tt6&_nc_cat=111&ccb=1-7&_nc_sid=f907e8&_nc_ohc=SM1wRlP3lJwQ7kNvwEPuBYA&_nc_oc=AdnqrjDN_BNjSSHWO-GbkIWH6fkGMLw4bqvL_NH6e2wMveX7G-rP2dAqsDSq1mJMOaY&_nc_zt=24&_nc_ht=scontent-gig4-1.xx&_nc_gid=AoBFJeGrT1hVaew_6rchkQ&oh=00_AfX7QmFGhQhG2jAllVgXCiM1ZrWgvtp80-Bfppyexh1QEg&oe=689E923C\",\"@id\":\"https:\\\/\\\/anoticiaonline.com.br\\\/site\\\/apresentacao-de-cartao-do-sus-sera-obrigatoria-para-atendimento-nas-ubss\\\/#organizationLogo\"},\"image\":{\"@id\":\"https:\\\/\\\/anoticiaonline.com.br\\\/site\\\/apresentacao-de-cartao-do-sus-sera-obrigatoria-para-atendimento-nas-ubss\\\/#organizationLogo\"}},{\"@type\":\"Person\",\"@id\":\"https:\\\/\\\/anoticiaonline.com.br\\\/site\\\/author\\\/juliana\\\/#author\",\"url\":\"https:\\\/\\\/anoticiaonline.com.br\\\/site\\\/author\\\/juliana\\\/\",\"name\":\"Juliana Laviola\",\"image\":{\"@type\":\"ImageObject\",\"@id\":\"https:\\\/\\\/anoticiaonline.com.br\\\/site\\\/apresentacao-de-cartao-do-sus-sera-obrigatoria-para-atendimento-nas-ubss\\\/#authorImage\",\"url\":\"https:\\\/\\\/secure.gravatar.com\\\/avatar\\\/b8d45f5c699b100dfaf0e543582f38f38bf94cb7ae3a5e9abf8d891a34773335?s=96&d=mm&r=g\",\"width\":96,\"height\":96,\"caption\":\"Juliana Laviola\"}},{\"@type\":\"WebPage\",\"@id\":\"https:\\\/\\\/anoticiaonline.com.br\\\/site\\\/apresentacao-de-cartao-do-sus-sera-obrigatoria-para-atendimento-nas-ubss\\\/#webpage\",\"url\":\"https:\\\/\\\/anoticiaonline.com.br\\\/site\\\/apresentacao-de-cartao-do-sus-sera-obrigatoria-para-atendimento-nas-ubss\\\/\",\"name\":\"Apresenta\\u00e7\\u00e3o de cart\\u00e3o do SUS ser\\u00e1 obrigat\\u00f3ria para atendimento nas UBS\\u2019s - A Not\\u00edcia Online\",\"description\":\"Pessoas que s\\u00e3o atendidas nas Unidades B\\u00e1sicas de Sa\\u00fade de Muria\\u00e9 precisar\\u00e3o, a partir de 2018, ter o cart\\u00e3o do SUS em m\\u00e3os ou salvo no celular. Para consultar, fazer exames, curativos ou demais procedimentos, ser\\u00e1 imprescind\\u00edvel a apresenta\\u00e7\\u00e3o do n\\u00famero de registro para que a UBS possa contabilizar os servi\\u00e7os e enviar relat\\u00f3rio para\",\"inLanguage\":\"pt-BR\",\"isPartOf\":{\"@id\":\"https:\\\/\\\/anoticiaonline.com.br\\\/site\\\/#website\"},\"breadcrumb\":{\"@id\":\"https:\\\/\\\/anoticiaonline.com.br\\\/site\\\/apresentacao-de-cartao-do-sus-sera-obrigatoria-para-atendimento-nas-ubss\\\/#breadcrumblist\"},\"author\":{\"@id\":\"https:\\\/\\\/anoticiaonline.com.br\\\/site\\\/author\\\/juliana\\\/#author\"},\"creator\":{\"@id\":\"https:\\\/\\\/anoticiaonline.com.br\\\/site\\\/author\\\/juliana\\\/#author\"},\"image\":{\"@type\":\"ImageObject\",\"url\":\"https:\\\/\\\/anoticiaonline.com.br\\\/site\\\/wp-content\\\/uploads\\\/2017\\\/11\\\/cartao-sus.3-1.jpg\",\"@id\":\"https:\\\/\\\/anoticiaonline.com.br\\\/site\\\/apresentacao-de-cartao-do-sus-sera-obrigatoria-para-atendimento-nas-ubss\\\/#mainImage\",\"width\":640,\"height\":427},\"primaryImageOfPage\":{\"@id\":\"https:\\\/\\\/anoticiaonline.com.br\\\/site\\\/apresentacao-de-cartao-do-sus-sera-obrigatoria-para-atendimento-nas-ubss\\\/#mainImage\"},\"datePublished\":\"2017-11-27T16:55:23-03:00\",\"dateModified\":\"2017-11-27T16:57:44-03:00\"},{\"@type\":\"WebSite\",\"@id\":\"https:\\\/\\\/anoticiaonline.com.br\\\/site\\\/#website\",\"url\":\"https:\\\/\\\/anoticiaonline.com.br\\\/site\\\/\",\"name\":\"A Not\\u00edcia Online\",\"description\":\"Noticias de Muria\\u00e9 e regi\\u00e3o\",\"inLanguage\":\"pt-BR\",\"publisher\":{\"@id\":\"https:\\\/\\\/anoticiaonline.com.br\\\/site\\\/#organization\"}}]}\n\t\t<\/script>\n\t\t<!-- All in One SEO -->\n\n","aioseo_head_json":{"title":"Apresenta\u00e7\u00e3o de cart\u00e3o do SUS ser\u00e1 obrigat\u00f3ria para atendimento nas UBS\u2019s - A Not\u00edcia Online","description":"Pessoas que s\u00e3o atendidas nas Unidades B\u00e1sicas de Sa\u00fade de Muria\u00e9 precisar\u00e3o, a partir de 2018, ter o cart\u00e3o do SUS em m\u00e3os ou salvo no celular. Para consultar, fazer exames, curativos ou demais procedimentos, ser\u00e1 imprescind\u00edvel a apresenta\u00e7\u00e3o do n\u00famero de registro para que a UBS possa contabilizar os servi\u00e7os e enviar relat\u00f3rio para","canonical_url":"https:\/\/anoticiaonline.com.br\/site\/apresentacao-de-cartao-do-sus-sera-obrigatoria-para-atendimento-nas-ubss\/","robots":"max-image-preview:large","keywords":"","webmasterTools":{"miscellaneous":""},"schema":{"@context":"https:\/\/schema.org","@graph":[{"@type":"BlogPosting","@id":"https:\/\/anoticiaonline.com.br\/site\/apresentacao-de-cartao-do-sus-sera-obrigatoria-para-atendimento-nas-ubss\/#blogposting","name":"Apresenta\u00e7\u00e3o de cart\u00e3o do SUS ser\u00e1 obrigat\u00f3ria para atendimento nas UBS\u2019s - A Not\u00edcia Online","headline":"Apresenta\u00e7\u00e3o de cart\u00e3o do SUS ser\u00e1 obrigat\u00f3ria para atendimento nas UBS\u2019s","author":{"@id":"https:\/\/anoticiaonline.com.br\/site\/author\/juliana\/#author"},"publisher":{"@id":"https:\/\/anoticiaonline.com.br\/site\/#organization"},"image":{"@type":"ImageObject","url":"https:\/\/anoticiaonline.com.br\/site\/wp-content\/uploads\/2017\/11\/cartao-sus.3-1.jpg","width":640,"height":427},"datePublished":"2017-11-27T16:55:23-03:00","dateModified":"2017-11-27T16:57:44-03:00","inLanguage":"pt-BR","mainEntityOfPage":{"@id":"https:\/\/anoticiaonline.com.br\/site\/apresentacao-de-cartao-do-sus-sera-obrigatoria-para-atendimento-nas-ubss\/#webpage"},"isPartOf":{"@id":"https:\/\/anoticiaonline.com.br\/site\/apresentacao-de-cartao-do-sus-sera-obrigatoria-para-atendimento-nas-ubss\/#webpage"},"articleSection":"Blog, cart\u00e3o, Muria\u00e9, sa\u00fade, sus"},{"@type":"BreadcrumbList","@id":"https:\/\/anoticiaonline.com.br\/site\/apresentacao-de-cartao-do-sus-sera-obrigatoria-para-atendimento-nas-ubss\/#breadcrumblist","itemListElement":[{"@type":"ListItem","@id":"https:\/\/anoticiaonline.com.br\/site#listItem","position":1,"name":"Home","item":"https:\/\/anoticiaonline.com.br\/site","nextItem":{"@type":"ListItem","@id":"https:\/\/anoticiaonline.com.br\/site\/categoria\/muriae\/#listItem","name":"Blog"}},{"@type":"ListItem","@id":"https:\/\/anoticiaonline.com.br\/site\/categoria\/muriae\/#listItem","position":2,"name":"Blog","item":"https:\/\/anoticiaonline.com.br\/site\/categoria\/muriae\/","nextItem":{"@type":"ListItem","@id":"https:\/\/anoticiaonline.com.br\/site\/apresentacao-de-cartao-do-sus-sera-obrigatoria-para-atendimento-nas-ubss\/#listItem","name":"Apresenta\u00e7\u00e3o de cart\u00e3o do SUS ser\u00e1 obrigat\u00f3ria para atendimento nas UBS\u2019s"},"previousItem":{"@type":"ListItem","@id":"https:\/\/anoticiaonline.com.br\/site#listItem","name":"Home"}},{"@type":"ListItem","@id":"https:\/\/anoticiaonline.com.br\/site\/apresentacao-de-cartao-do-sus-sera-obrigatoria-para-atendimento-nas-ubss\/#listItem","position":3,"name":"Apresenta\u00e7\u00e3o de cart\u00e3o do SUS ser\u00e1 obrigat\u00f3ria para atendimento nas UBS\u2019s","previousItem":{"@type":"ListItem","@id":"https:\/\/anoticiaonline.com.br\/site\/categoria\/muriae\/#listItem","name":"Blog"}}]},{"@type":"Organization","@id":"https:\/\/anoticiaonline.com.br\/site\/#organization","name":"A Not\u00edcia Online","description":"Noticias de Muria\u00e9 e regi\u00e3o","url":"https:\/\/anoticiaonline.com.br\/site\/","logo":{"@type":"ImageObject","url":"https:\/\/scontent-gig4-1.xx.fbcdn.net\/v\/t39.30808-1\/270437624_4564083193639691_6907940295614233970_n.jpg?stp=dst-jpg_s200x200_tt6&_nc_cat=111&ccb=1-7&_nc_sid=f907e8&_nc_ohc=SM1wRlP3lJwQ7kNvwEPuBYA&_nc_oc=AdnqrjDN_BNjSSHWO-GbkIWH6fkGMLw4bqvL_NH6e2wMveX7G-rP2dAqsDSq1mJMOaY&_nc_zt=24&_nc_ht=scontent-gig4-1.xx&_nc_gid=AoBFJeGrT1hVaew_6rchkQ&oh=00_AfX7QmFGhQhG2jAllVgXCiM1ZrWgvtp80-Bfppyexh1QEg&oe=689E923C","@id":"https:\/\/anoticiaonline.com.br\/site\/apresentacao-de-cartao-do-sus-sera-obrigatoria-para-atendimento-nas-ubss\/#organizationLogo"},"image":{"@id":"https:\/\/anoticiaonline.com.br\/site\/apresentacao-de-cartao-do-sus-sera-obrigatoria-para-atendimento-nas-ubss\/#organizationLogo"}},{"@type":"Person","@id":"https:\/\/anoticiaonline.com.br\/site\/author\/juliana\/#author","url":"https:\/\/anoticiaonline.com.br\/site\/author\/juliana\/","name":"Juliana Laviola","image":{"@type":"ImageObject","@id":"https:\/\/anoticiaonline.com.br\/site\/apresentacao-de-cartao-do-sus-sera-obrigatoria-para-atendimento-nas-ubss\/#authorImage","url":"https:\/\/secure.gravatar.com\/avatar\/b8d45f5c699b100dfaf0e543582f38f38bf94cb7ae3a5e9abf8d891a34773335?s=96&d=mm&r=g","width":96,"height":96,"caption":"Juliana Laviola"}},{"@type":"WebPage","@id":"https:\/\/anoticiaonline.com.br\/site\/apresentacao-de-cartao-do-sus-sera-obrigatoria-para-atendimento-nas-ubss\/#webpage","url":"https:\/\/anoticiaonline.com.br\/site\/apresentacao-de-cartao-do-sus-sera-obrigatoria-para-atendimento-nas-ubss\/","name":"Apresenta\u00e7\u00e3o de cart\u00e3o do SUS ser\u00e1 obrigat\u00f3ria para atendimento nas UBS\u2019s - A Not\u00edcia Online","description":"Pessoas que s\u00e3o atendidas nas Unidades B\u00e1sicas de Sa\u00fade de Muria\u00e9 precisar\u00e3o, a partir de 2018, ter o cart\u00e3o do SUS em m\u00e3os ou salvo no celular. Para consultar, fazer exames, curativos ou demais procedimentos, ser\u00e1 imprescind\u00edvel a apresenta\u00e7\u00e3o do n\u00famero de registro para que a UBS possa contabilizar os servi\u00e7os e enviar relat\u00f3rio para","inLanguage":"pt-BR","isPartOf":{"@id":"https:\/\/anoticiaonline.com.br\/site\/#website"},"breadcrumb":{"@id":"https:\/\/anoticiaonline.com.br\/site\/apresentacao-de-cartao-do-sus-sera-obrigatoria-para-atendimento-nas-ubss\/#breadcrumblist"},"author":{"@id":"https:\/\/anoticiaonline.com.br\/site\/author\/juliana\/#author"},"creator":{"@id":"https:\/\/anoticiaonline.com.br\/site\/author\/juliana\/#author"},"image":{"@type":"ImageObject","url":"https:\/\/anoticiaonline.com.br\/site\/wp-content\/uploads\/2017\/11\/cartao-sus.3-1.jpg","@id":"https:\/\/anoticiaonline.com.br\/site\/apresentacao-de-cartao-do-sus-sera-obrigatoria-para-atendimento-nas-ubss\/#mainImage","width":640,"height":427},"primaryImageOfPage":{"@id":"https:\/\/anoticiaonline.com.br\/site\/apresentacao-de-cartao-do-sus-sera-obrigatoria-para-atendimento-nas-ubss\/#mainImage"},"datePublished":"2017-11-27T16:55:23-03:00","dateModified":"2017-11-27T16:57:44-03:00"},{"@type":"WebSite","@id":"https:\/\/anoticiaonline.com.br\/site\/#website","url":"https:\/\/anoticiaonline.com.br\/site\/","name":"A Not\u00edcia Online","description":"Noticias de Muria\u00e9 e regi\u00e3o","inLanguage":"pt-BR","publisher":{"@id":"https:\/\/anoticiaonline.com.br\/site\/#organization"}}]},"og:locale":"pt_BR","og:site_name":"A Not\u00edcia Online - Noticias de Muria\u00e9 e regi\u00e3o","og:type":"article","og:title":"Apresenta\u00e7\u00e3o de cart\u00e3o do SUS ser\u00e1 obrigat\u00f3ria para atendimento nas UBS\u2019s - A Not\u00edcia Online","og:description":"Pessoas que s\u00e3o atendidas nas Unidades B\u00e1sicas de Sa\u00fade de Muria\u00e9 precisar\u00e3o, a partir de 2018, ter o cart\u00e3o do SUS em m\u00e3os ou salvo no celular. Para consultar, fazer exames, curativos ou demais procedimentos, ser\u00e1 imprescind\u00edvel a apresenta\u00e7\u00e3o do n\u00famero de registro para que a UBS possa contabilizar os servi\u00e7os e enviar relat\u00f3rio para","og:url":"https:\/\/anoticiaonline.com.br\/site\/apresentacao-de-cartao-do-sus-sera-obrigatoria-para-atendimento-nas-ubss\/","og:image":"https:\/\/scontent-gig4-1.xx.fbcdn.net\/v\/t39.30808-1\/270437624_4564083193639691_6907940295614233970_n.jpg?stp=dst-jpg_s200x200_tt6&#038;_nc_cat=111&#038;ccb=1-7&#038;_nc_sid=f907e8&#038;_nc_ohc=SM1wRlP3lJwQ7kNvwEPuBYA&#038;_nc_oc=AdnqrjDN_BNjSSHWO-GbkIWH6fkGMLw4bqvL_NH6e2wMveX7G-rP2dAqsDSq1mJMOaY&#038;_nc_zt=24&#038;_nc_ht=scontent-gig4-1.xx&#038;_nc_gid=AoBFJeGrT1hVaew_6rchkQ&#038;oh=00_AfX7QmFGhQhG2jAllVgXCiM1ZrWgvtp80-Bfppyexh1QEg&#038;oe=689E923C","og:image:secure_url":"https:\/\/scontent-gig4-1.xx.fbcdn.net\/v\/t39.30808-1\/270437624_4564083193639691_6907940295614233970_n.jpg?stp=dst-jpg_s200x200_tt6&#038;_nc_cat=111&#038;ccb=1-7&#038;_nc_sid=f907e8&#038;_nc_ohc=SM1wRlP3lJwQ7kNvwEPuBYA&#038;_nc_oc=AdnqrjDN_BNjSSHWO-GbkIWH6fkGMLw4bqvL_NH6e2wMveX7G-rP2dAqsDSq1mJMOaY&#038;_nc_zt=24&#038;_nc_ht=scontent-gig4-1.xx&#038;_nc_gid=AoBFJeGrT1hVaew_6rchkQ&#038;oh=00_AfX7QmFGhQhG2jAllVgXCiM1ZrWgvtp80-Bfppyexh1QEg&#038;oe=689E923C","article:published_time":"2017-11-27T19:55:23+00:00","article:modified_time":"2017-11-27T19:57:44+00:00","twitter:card":"summary_large_image","twitter:title":"Apresenta\u00e7\u00e3o de cart\u00e3o do SUS ser\u00e1 obrigat\u00f3ria para atendimento nas UBS\u2019s - A Not\u00edcia Online","twitter:description":"Pessoas que s\u00e3o atendidas nas Unidades B\u00e1sicas de Sa\u00fade de Muria\u00e9 precisar\u00e3o, a partir de 2018, ter o cart\u00e3o do SUS em m\u00e3os ou salvo no celular. Para consultar, fazer exames, curativos ou demais procedimentos, ser\u00e1 imprescind\u00edvel a apresenta\u00e7\u00e3o do n\u00famero de registro para que a UBS possa contabilizar os servi\u00e7os e enviar relat\u00f3rio para","twitter:image":"https:\/\/scontent-gig4-1.xx.fbcdn.net\/v\/t39.30808-1\/270437624_4564083193639691_6907940295614233970_n.jpg?stp=dst-jpg_s200x200_tt6&_nc_cat=111&ccb=1-7&_nc_sid=f907e8&_nc_ohc=SM1wRlP3lJwQ7kNvwEPuBYA&_nc_oc=AdnqrjDN_BNjSSHWO-GbkIWH6fkGMLw4bqvL_NH6e2wMveX7G-rP2dAqsDSq1mJMOaY&_nc_zt=24&_nc_ht=scontent-gig4-1.xx&_nc_gid=AoBFJeGrT1hVaew_6rchkQ&oh=00_AfX7QmFGhQhG2jAllVgXCiM1ZrWgvtp80-Bfppyexh1QEg&oe=689E923C"},"aioseo_meta_data":{"post_id":"46633","title":null,"description":null,"keywords":null,"keyphrases":null,"primary_term":null,"canonical_url":null,"og_title":null,"og_description":null,"og_object_type":"default","og_image_type":"default","og_image_url":null,"og_image_width":null,"og_image_height":null,"og_image_custom_url":null,"og_image_custom_fields":null,"og_video":null,"og_custom_url":null,"og_article_section":null,"og_article_tags":null,"twitter_use_og":false,"twitter_card":"default","twitter_image_type":"default","twitter_image_url":null,"twitter_image_custom_url":null,"twitter_image_custom_fields":null,"twitter_title":null,"twitter_description":null,"schema":{"blockGraphs":[],"customGraphs":[],"default":{"data":{"Article":[],"Course":[],"Dataset":[],"FAQPage":[],"Movie":[],"Person":[],"Product":[],"ProductReview":[],"Car":[],"Recipe":[],"Service":[],"SoftwareApplication":[],"WebPage":[]},"graphName":"","isEnabled":true},"graphs":[]},"schema_type":"default","schema_type_options":null,"pillar_content":false,"robots_default":true,"robots_noindex":false,"robots_noarchive":false,"robots_nosnippet":false,"robots_nofollow":false,"robots_noimageindex":false,"robots_noodp":false,"robots_notranslate":false,"robots_max_snippet":null,"robots_max_videopreview":null,"robots_max_imagepreview":"large","priority":null,"frequency":null,"local_seo":null,"breadcrumb_settings":null,"limit_modified_date":false,"ai":null,"created":"2025-08-16 19:55:07","updated":"2025-08-16 19:55:07","focus_keyword":null,"additional_keywords":null,"truseo_locale":null,"seo_analyzer_scan_date":null},"aioseo_breadcrumb":"<div class=\"aioseo-breadcrumbs\"><span class=\"aioseo-breadcrumb\">\n\t\t\t<a href=\"https:\/\/anoticiaonline.com.br\/site\" title=\"Home\">Home<\/a>\n\t\t<\/span><span class=\"aioseo-breadcrumb-separator\">&raquo;<\/span><span class=\"aioseo-breadcrumb\">\n\t\t\t<a href=\"https:\/\/anoticiaonline.com.br\/site\/categoria\/muriae\/\" title=\"Blog\">Blog<\/a>\n\t\t<\/span><span class=\"aioseo-breadcrumb-separator\">&raquo;<\/span><span class=\"aioseo-breadcrumb\">\n\t\t\tApresenta\u00e7\u00e3o de cart\u00e3o do SUS ser\u00e1 obrigat\u00f3ria para atendimento nas UBS\u2019s\n\t\t<\/span><\/div>","aioseo_breadcrumb_json":[{"label":"Home","link":"https:\/\/anoticiaonline.com.br\/site"},{"label":"Blog","link":"https:\/\/anoticiaonline.com.br\/site\/categoria\/muriae\/"},{"label":"Apresenta\u00e7\u00e3o de cart\u00e3o do SUS ser\u00e1 obrigat\u00f3ria para atendimento nas UBS\u2019s","link":"https:\/\/anoticiaonline.com.br\/site\/apresentacao-de-cartao-do-sus-sera-obrigatoria-para-atendimento-nas-ubss\/"}],"views":201,"_links":{"self":[{"href":"https:\/\/anoticiaonline.com.br\/site\/wp-json\/wp\/v2\/posts\/46633","targetHints":{"allow":["GET"]}}],"collection":[{"href":"https:\/\/anoticiaonline.com.br\/site\/wp-json\/wp\/v2\/posts"}],"about":[{"href":"https:\/\/anoticiaonline.com.br\/site\/wp-json\/wp\/v2\/types\/post"}],"author":[{"embeddable":true,"href":"https:\/\/anoticiaonline.com.br\/site\/wp-json\/wp\/v2\/users\/2"}],"replies":[{"embeddable":true,"href":"https:\/\/anoticiaonline.com.br\/site\/wp-json\/wp\/v2\/comments?post=46633"}],"version-history":[{"count":0,"href":"https:\/\/anoticiaonline.com.br\/site\/wp-json\/wp\/v2\/posts\/46633\/revisions"}],"wp:featuredmedia":[{"embeddable":true,"href":"https:\/\/anoticiaonline.com.br\/site\/wp-json\/wp\/v2\/media\/46635"}],"wp:attachment":[{"href":"https:\/\/anoticiaonline.com.br\/site\/wp-json\/wp\/v2\/media?parent=46633"}],"wp:term":[{"taxonomy":"category","embeddable":true,"href":"https:\/\/anoticiaonline.com.br\/site\/wp-json\/wp\/v2\/categories?post=46633"},{"taxonomy":"post_tag","embeddable":true,"href":"https:\/\/anoticiaonline.com.br\/site\/wp-json\/wp\/v2\/tags?post=46633"}],"curies":[{"name":"wp","href":"https:\/\/api.w.org\/{rel}","templated":true}]}}