{"id":46609,"date":"2017-11-18T08:22:09","date_gmt":"2017-11-18T11:22:09","guid":{"rendered":"http:\/\/anoticiaonline.com.br\/site\/?p=46609"},"modified":"2017-11-27T08:27:50","modified_gmt":"2017-11-27T11:27:50","slug":"sociarte-17-11","status":"publish","type":"post","link":"https:\/\/anoticiaonline.com.br\/site\/sociarte-17-11\/","title":{"rendered":"SOCIARTE 17.11"},"content":{"rendered":"<p><strong><a href=\"https:\/\/anoticiaonline.com.br\/site\/wp-content\/uploads\/2017\/11\/3-anos-de-Francisco.jpg\"><img fetchpriority=\"high\" decoding=\"async\" class=\"aligncenter size-full wp-image-46611\" src=\"https:\/\/anoticiaonline.com.br\/site\/wp-content\/uploads\/2017\/11\/3-anos-de-Francisco.jpg\" alt=\"\" width=\"640\" height=\"450\" srcset=\"https:\/\/anoticiaonline.com.br\/site\/wp-content\/uploads\/2017\/11\/3-anos-de-Francisco.jpg 640w, https:\/\/anoticiaonline.com.br\/site\/wp-content\/uploads\/2017\/11\/3-anos-de-Francisco-300x211.jpg 300w\" sizes=\"(max-width: 640px) 100vw, 640px\" \/><\/a>3 anos de Francisco <\/strong><\/p>\n<p>O pequeno Francisco escolheu o tema \u201cSuper Her\u00f3i Baby\u201d para comemorar a chegada dos seus 3 aninhos. A festa, ocorrida no dia 1\u00ba de novembro, aconteceu nos sal\u00f5es do TKJ Fest e reuniu amigos e familiares. O aniversariante \u00e9 filho de Leidiane Maria dos Santos e Joarez Machado de Almeida. Parab\u00e9ns e muitas felicidades. As fotos s\u00e3o da Revele Photos.<\/p>\n<p>&nbsp;<\/p>\n<p><strong><a href=\"https:\/\/anoticiaonline.com.br\/site\/wp-content\/uploads\/2017\/11\/1\u00ba-aninho-de-Manuela.jpg\"><img decoding=\"async\" class=\"aligncenter size-full wp-image-46610\" src=\"https:\/\/anoticiaonline.com.br\/site\/wp-content\/uploads\/2017\/11\/1\u00ba-aninho-de-Manuela.jpg\" alt=\"\" width=\"640\" height=\"450\" srcset=\"https:\/\/anoticiaonline.com.br\/site\/wp-content\/uploads\/2017\/11\/1\u00ba-aninho-de-Manuela.jpg 640w, https:\/\/anoticiaonline.com.br\/site\/wp-content\/uploads\/2017\/11\/1\u00ba-aninho-de-Manuela-300x211.jpg 300w\" sizes=\"(max-width: 640px) 100vw, 640px\" \/><\/a>1\u00ba aninho de Manuela<\/strong><\/p>\n<p>A princesa Manuela, filha de Tatiane Faria de Souza Neves e J\u00e9ferson Neves de Souza, comemorou a chegada do seu 1\u00ba aninho de vida no dia 3 de novembro. Com o tema \u201cJardim Encantado\u201d a festa aconteceu no espa\u00e7o Realize Fest, na cidade vizinha de Eugen\u00f3polis. Parab\u00e9ns para a aniversariante! As fotos s\u00e3o da Revele Photos.<\/p>\n<p>&nbsp;<\/p>\n<p><strong><a href=\"https:\/\/anoticiaonline.com.br\/site\/wp-content\/uploads\/2017\/11\/Parab\u00e9ns-Daya.jpg\"><img decoding=\"async\" class=\"aligncenter size-full wp-image-46615\" src=\"https:\/\/anoticiaonline.com.br\/site\/wp-content\/uploads\/2017\/11\/Parab\u00e9ns-Daya.jpg\" alt=\"\" width=\"640\" height=\"480\" srcset=\"https:\/\/anoticiaonline.com.br\/site\/wp-content\/uploads\/2017\/11\/Parab\u00e9ns-Daya.jpg 640w, https:\/\/anoticiaonline.com.br\/site\/wp-content\/uploads\/2017\/11\/Parab\u00e9ns-Daya-300x225.jpg 300w\" sizes=\"(max-width: 640px) 100vw, 640px\" \/><\/a>Parab\u00e9ns Daya<\/strong><\/p>\n<p>A aniversariante Daya Castro reuniu amigos e familiares, no Recanto V\u00f4 Wilson &#8211; Eureka, para brindarem a chegada de mais uma primavera. Como presente de anivers\u00e1rio ela pediu a cada convidado que levasse um cobertor, que ser\u00e1 doado posteriormente aos mais necessitados. A festa aconteceu na noite de ter\u00e7a-feira (11) e contou com a decora\u00e7\u00e3o de L\u00e9o Fernandes e Buffet de Mar\u00edlia Andrade.<\/p>\n<p>&nbsp;<\/p>\n<p><strong><a href=\"https:\/\/anoticiaonline.com.br\/site\/wp-content\/uploads\/2017\/11\/Lanc\u00e1mento-de-livro.jpg\"><img loading=\"lazy\" decoding=\"async\" class=\"aligncenter size-full wp-image-46613\" src=\"https:\/\/anoticiaonline.com.br\/site\/wp-content\/uploads\/2017\/11\/Lanc\u00e1mento-de-livro.jpg\" alt=\"\" width=\"480\" height=\"640\" srcset=\"https:\/\/anoticiaonline.com.br\/site\/wp-content\/uploads\/2017\/11\/Lanc\u00e1mento-de-livro.jpg 480w, https:\/\/anoticiaonline.com.br\/site\/wp-content\/uploads\/2017\/11\/Lanc\u00e1mento-de-livro-225x300.jpg 225w\" sizes=\"(max-width: 480px) 100vw, 480px\" \/><\/a>Lan\u00e7amento de livro<\/strong><\/p>\n<p>O bonito casal Carolina Carvalho e Lucas Iunes prestigiaram na noite de s\u00e1bado (11), junto com os seus filhos Heitor e Jade, o lan\u00e7amento do livro infantil \u201cA Caixinha Preciosa\u201d. O livro, que \u00e9 de autoria da escritora muriaeense Ana Maria Carvalho Laurindo, tia de Carolina, foi lan\u00e7ado na sede da Academia Muriaeense de Letras (AMLE). Este \u00e9 o sexto livro lan\u00e7ado pela escritora, que disse estar \u2018muito emocionada e alegre\u2019. Parab\u00e9ns Ana Maria!<\/p>\n<p>&nbsp;<\/p>\n<p><strong><a href=\"https:\/\/anoticiaonline.com.br\/site\/wp-content\/uploads\/2017\/11\/Jog\u00e3o-de-bola.jpg\"><img loading=\"lazy\" decoding=\"async\" class=\"aligncenter size-full wp-image-46612\" src=\"https:\/\/anoticiaonline.com.br\/site\/wp-content\/uploads\/2017\/11\/Jog\u00e3o-de-bola.jpg\" alt=\"\" width=\"640\" height=\"360\" srcset=\"https:\/\/anoticiaonline.com.br\/site\/wp-content\/uploads\/2017\/11\/Jog\u00e3o-de-bola.jpg 640w, https:\/\/anoticiaonline.com.br\/site\/wp-content\/uploads\/2017\/11\/Jog\u00e3o-de-bola-300x169.jpg 300w\" sizes=\"(max-width: 640px) 100vw, 640px\" \/><\/a>Jog\u00e3o de bola<\/strong><\/p>\n<p>&nbsp;<\/p>\n<p>A Escolinha de Futebol Clube do Porto tem \u2018batido um bol\u00e3o\u2019 com o seu projeto que atende mais de 90 crian\u00e7as no bairro Inconfid\u00eancia, no campo Albertino Gomes Carneiro. H\u00e1 mais de 7 anos em funcionamento, o programa j\u00e1 atendeu cerca de 5 mil crian\u00e7as, e atualmente est\u00e1 sob coordena\u00e7\u00e3o do professor de educa\u00e7\u00e3o f\u00edsica Alex da Silva Pinto, formado pela Unifaminas. No feriado, 15 de novembro, a crian\u00e7ada mais uma vez entrou em campo a tabela ficou assim: Pr\u00e9 &#8211; mirim (Porto 1 x 1 Tombense), Mirim (Porto 6 x 0 Tombense, Infantil (Porto 3 x 1 Tombense), Juvenil (Porto 0 x 1 Tombense). Parab\u00e9ns professor Alex pela iniciativa!<\/p>\n<p>&nbsp;<\/p>\n<p><strong><a href=\"https:\/\/anoticiaonline.com.br\/site\/wp-content\/uploads\/2017\/11\/Lance-Legal-no-Ratinho.jpg\"><img loading=\"lazy\" decoding=\"async\" class=\"aligncenter size-full wp-image-46614\" src=\"https:\/\/anoticiaonline.com.br\/site\/wp-content\/uploads\/2017\/11\/Lance-Legal-no-Ratinho.jpg\" alt=\"\" width=\"640\" height=\"280\" srcset=\"https:\/\/anoticiaonline.com.br\/site\/wp-content\/uploads\/2017\/11\/Lance-Legal-no-Ratinho.jpg 640w, https:\/\/anoticiaonline.com.br\/site\/wp-content\/uploads\/2017\/11\/Lance-Legal-no-Ratinho-300x131.jpg 300w\" sizes=\"(max-width: 640px) 100vw, 640px\" \/><\/a>Lance Legal no Ratinho<\/strong><\/p>\n<p>O grupo de pagode muriaeense Lance Legal esteve, na segunda-feira (13), no SBT para se apresentar no quadro &#8220;10 ou 1.000?&#8221; que faz parte do Programa do Ratinho. Eles se apresentaram ao vivo para todo o pa\u00eds e enfrentaram grandes jurados como Le\u00e3o Lobo, Nadja Haddad, Pedro Manso, Decio Pichinini e Arnaldo Saccomani. Eles n\u00e3o conseguiram atingir a nota m\u00e1xima, mas em contrapartida fizeram bonito e divulgaram o nome de nossa Muria\u00e9. Parab\u00e9ns!<\/p>\n","protected":false},"excerpt":{"rendered":"<p>3 anos de Francisco O pequeno Francisco escolheu o tema \u201cSuper Her\u00f3i Baby\u201d para comemorar a chegada dos seus 3 aninhos. A festa, ocorrida no dia 1\u00ba de novembro, aconteceu nos sal\u00f5es do TKJ Fest e reuniu amigos e familiares. O aniversariante \u00e9 filho de Leidiane Maria dos Santos e Joarez Machado de Almeida. Parab\u00e9ns &#8230; <a title=\"SOCIARTE 17.11\" class=\"read-more\" href=\"https:\/\/anoticiaonline.com.br\/site\/sociarte-17-11\/\" aria-label=\"Read more about SOCIARTE 17.11\">Ler mais<\/a><\/p>\n","protected":false},"author":2,"featured_media":0,"comment_status":"open","ping_status":"open","sticky":false,"template":"","format":"standard","meta":{"_acf_changed":false,"_monsterinsights_skip_tracking":false,"footnotes":""},"categories":[31,38],"tags":[],"class_list":["post-46609","post","type-post","status-publish","format-standard","hentry","category-colunistas","category-sociarte"],"acf":[],"aioseo_notices":[],"aioseo_head":"\n\t\t<!-- All in One SEO 5.0.0.1 - aioseo.com -->\n\t<meta name=\"description\" content=\"3 anos de Francisco O pequeno Francisco escolheu o tema \u201cSuper Her\u00f3i Baby\u201d para comemorar a chegada dos seus 3 aninhos. A festa, ocorrida no dia 1\u00ba de novembro, aconteceu nos sal\u00f5es do TKJ Fest e reuniu amigos e familiares. O aniversariante \u00e9 filho de Leidiane Maria dos Santos e Joarez Machado de Almeida. Parab\u00e9ns\" \/>\n\t<meta name=\"robots\" content=\"max-image-preview:large\" \/>\n\t<meta name=\"author\" content=\"Juliana Laviola\"\/>\n\t<link rel=\"canonical\" href=\"https:\/\/anoticiaonline.com.br\/site\/sociarte-17-11\/\" \/>\n\t<meta name=\"generator\" content=\"All in One SEO (AIOSEO) 5.0.0.1\" \/>\n\t\t<meta property=\"og:locale\" content=\"pt_BR\" \/>\n\t\t<meta property=\"og:site_name\" content=\"A Not\u00edcia Online - Noticias de Muria\u00e9 e regi\u00e3o\" \/>\n\t\t<meta property=\"og:type\" content=\"article\" \/>\n\t\t<meta property=\"og:title\" content=\"SOCIARTE 17.11 - A Not\u00edcia Online\" \/>\n\t\t<meta property=\"og:description\" content=\"3 anos de Francisco O pequeno Francisco escolheu o tema \u201cSuper Her\u00f3i Baby\u201d para comemorar a chegada dos seus 3 aninhos. A festa, ocorrida no dia 1\u00ba de novembro, aconteceu nos sal\u00f5es do TKJ Fest e reuniu amigos e familiares. O aniversariante \u00e9 filho de Leidiane Maria dos Santos e Joarez Machado de Almeida. Parab\u00e9ns\" \/>\n\t\t<meta property=\"og:url\" content=\"https:\/\/anoticiaonline.com.br\/site\/sociarte-17-11\/\" \/>\n\t\t<meta property=\"og:image\" content=\"https:\/\/scontent-gig4-1.xx.fbcdn.net\/v\/t39.30808-1\/270437624_4564083193639691_6907940295614233970_n.jpg?stp=dst-jpg_s200x200_tt6&#038;_nc_cat=111&#038;ccb=1-7&#038;_nc_sid=f907e8&#038;_nc_ohc=SM1wRlP3lJwQ7kNvwEPuBYA&#038;_nc_oc=AdnqrjDN_BNjSSHWO-GbkIWH6fkGMLw4bqvL_NH6e2wMveX7G-rP2dAqsDSq1mJMOaY&#038;_nc_zt=24&#038;_nc_ht=scontent-gig4-1.xx&#038;_nc_gid=AoBFJeGrT1hVaew_6rchkQ&#038;oh=00_AfX7QmFGhQhG2jAllVgXCiM1ZrWgvtp80-Bfppyexh1QEg&#038;oe=689E923C\" \/>\n\t\t<meta property=\"og:image:secure_url\" content=\"https:\/\/scontent-gig4-1.xx.fbcdn.net\/v\/t39.30808-1\/270437624_4564083193639691_6907940295614233970_n.jpg?stp=dst-jpg_s200x200_tt6&#038;_nc_cat=111&#038;ccb=1-7&#038;_nc_sid=f907e8&#038;_nc_ohc=SM1wRlP3lJwQ7kNvwEPuBYA&#038;_nc_oc=AdnqrjDN_BNjSSHWO-GbkIWH6fkGMLw4bqvL_NH6e2wMveX7G-rP2dAqsDSq1mJMOaY&#038;_nc_zt=24&#038;_nc_ht=scontent-gig4-1.xx&#038;_nc_gid=AoBFJeGrT1hVaew_6rchkQ&#038;oh=00_AfX7QmFGhQhG2jAllVgXCiM1ZrWgvtp80-Bfppyexh1QEg&#038;oe=689E923C\" \/>\n\t\t<meta property=\"article:published_time\" content=\"2017-11-18T11:22:09+00:00\" \/>\n\t\t<meta property=\"article:modified_time\" content=\"2017-11-27T11:27:50+00:00\" \/>\n\t\t<meta name=\"twitter:card\" content=\"summary_large_image\" \/>\n\t\t<meta name=\"twitter:title\" content=\"SOCIARTE 17.11 - A Not\u00edcia Online\" \/>\n\t\t<meta name=\"twitter:description\" content=\"3 anos de Francisco O pequeno Francisco escolheu o tema \u201cSuper Her\u00f3i Baby\u201d para comemorar a chegada dos seus 3 aninhos. A festa, ocorrida no dia 1\u00ba de novembro, aconteceu nos sal\u00f5es do TKJ Fest e reuniu amigos e familiares. O aniversariante \u00e9 filho de Leidiane Maria dos Santos e Joarez Machado de Almeida. Parab\u00e9ns\" \/>\n\t\t<meta name=\"twitter:image\" content=\"https:\/\/scontent-gig4-1.xx.fbcdn.net\/v\/t39.30808-1\/270437624_4564083193639691_6907940295614233970_n.jpg?stp=dst-jpg_s200x200_tt6&amp;_nc_cat=111&amp;ccb=1-7&amp;_nc_sid=f907e8&amp;_nc_ohc=SM1wRlP3lJwQ7kNvwEPuBYA&amp;_nc_oc=AdnqrjDN_BNjSSHWO-GbkIWH6fkGMLw4bqvL_NH6e2wMveX7G-rP2dAqsDSq1mJMOaY&amp;_nc_zt=24&amp;_nc_ht=scontent-gig4-1.xx&amp;_nc_gid=AoBFJeGrT1hVaew_6rchkQ&amp;oh=00_AfX7QmFGhQhG2jAllVgXCiM1ZrWgvtp80-Bfppyexh1QEg&amp;oe=689E923C\" \/>\n\t\t<script type=\"application\/ld+json\" class=\"aioseo-schema\">\n\t\t\t{\"@context\":\"https:\\\/\\\/schema.org\",\"@graph\":[{\"@type\":\"BlogPosting\",\"@id\":\"https:\\\/\\\/anoticiaonline.com.br\\\/site\\\/sociarte-17-11\\\/#blogposting\",\"name\":\"SOCIARTE 17.11 - A Not\\u00edcia Online\",\"headline\":\"SOCIARTE 17.11\",\"author\":{\"@id\":\"https:\\\/\\\/anoticiaonline.com.br\\\/site\\\/author\\\/juliana\\\/#author\"},\"publisher\":{\"@id\":\"https:\\\/\\\/anoticiaonline.com.br\\\/site\\\/#organization\"},\"image\":{\"@type\":\"ImageObject\",\"url\":\"https:\\\/\\\/anoticiaonline.com.br\\\/site\\\/wp-content\\\/uploads\\\/2017\\\/11\\\/3-anos-de-Francisco.jpg\",\"@id\":\"https:\\\/\\\/anoticiaonline.com.br\\\/site\\\/sociarte-17-11\\\/#articleImage\",\"width\":640,\"height\":450},\"datePublished\":\"2017-11-18T08:22:09-03:00\",\"dateModified\":\"2017-11-27T08:27:50-03:00\",\"inLanguage\":\"pt-BR\",\"mainEntityOfPage\":{\"@id\":\"https:\\\/\\\/anoticiaonline.com.br\\\/site\\\/sociarte-17-11\\\/#webpage\"},\"isPartOf\":{\"@id\":\"https:\\\/\\\/anoticiaonline.com.br\\\/site\\\/sociarte-17-11\\\/#webpage\"},\"articleSection\":\"Colunistas, Sociarte\"},{\"@type\":\"BreadcrumbList\",\"@id\":\"https:\\\/\\\/anoticiaonline.com.br\\\/site\\\/sociarte-17-11\\\/#breadcrumblist\",\"itemListElement\":[{\"@type\":\"ListItem\",\"@id\":\"https:\\\/\\\/anoticiaonline.com.br\\\/site#listItem\",\"position\":1,\"name\":\"Home\",\"item\":\"https:\\\/\\\/anoticiaonline.com.br\\\/site\",\"nextItem\":{\"@type\":\"ListItem\",\"@id\":\"https:\\\/\\\/anoticiaonline.com.br\\\/site\\\/categoria\\\/colunistas\\\/#listItem\",\"name\":\"Colunistas\"}},{\"@type\":\"ListItem\",\"@id\":\"https:\\\/\\\/anoticiaonline.com.br\\\/site\\\/categoria\\\/colunistas\\\/#listItem\",\"position\":2,\"name\":\"Colunistas\",\"item\":\"https:\\\/\\\/anoticiaonline.com.br\\\/site\\\/categoria\\\/colunistas\\\/\",\"nextItem\":{\"@type\":\"ListItem\",\"@id\":\"https:\\\/\\\/anoticiaonline.com.br\\\/site\\\/categoria\\\/colunistas\\\/sociarte\\\/#listItem\",\"name\":\"Sociarte\"},\"previousItem\":{\"@type\":\"ListItem\",\"@id\":\"https:\\\/\\\/anoticiaonline.com.br\\\/site#listItem\",\"name\":\"Home\"}},{\"@type\":\"ListItem\",\"@id\":\"https:\\\/\\\/anoticiaonline.com.br\\\/site\\\/categoria\\\/colunistas\\\/sociarte\\\/#listItem\",\"position\":3,\"name\":\"Sociarte\",\"item\":\"https:\\\/\\\/anoticiaonline.com.br\\\/site\\\/categoria\\\/colunistas\\\/sociarte\\\/\",\"nextItem\":{\"@type\":\"ListItem\",\"@id\":\"https:\\\/\\\/anoticiaonline.com.br\\\/site\\\/sociarte-17-11\\\/#listItem\",\"name\":\"SOCIARTE 17.11\"},\"previousItem\":{\"@type\":\"ListItem\",\"@id\":\"https:\\\/\\\/anoticiaonline.com.br\\\/site\\\/categoria\\\/colunistas\\\/#listItem\",\"name\":\"Colunistas\"}},{\"@type\":\"ListItem\",\"@id\":\"https:\\\/\\\/anoticiaonline.com.br\\\/site\\\/sociarte-17-11\\\/#listItem\",\"position\":4,\"name\":\"SOCIARTE 17.11\",\"previousItem\":{\"@type\":\"ListItem\",\"@id\":\"https:\\\/\\\/anoticiaonline.com.br\\\/site\\\/categoria\\\/colunistas\\\/sociarte\\\/#listItem\",\"name\":\"Sociarte\"}}]},{\"@type\":\"Organization\",\"@id\":\"https:\\\/\\\/anoticiaonline.com.br\\\/site\\\/#organization\",\"name\":\"A Not\\u00edcia Online\",\"description\":\"Noticias de Muria\\u00e9 e regi\\u00e3o\",\"url\":\"https:\\\/\\\/anoticiaonline.com.br\\\/site\\\/\",\"logo\":{\"@type\":\"ImageObject\",\"url\":\"https:\\\/\\\/scontent-gig4-1.xx.fbcdn.net\\\/v\\\/t39.30808-1\\\/270437624_4564083193639691_6907940295614233970_n.jpg?stp=dst-jpg_s200x200_tt6&_nc_cat=111&ccb=1-7&_nc_sid=f907e8&_nc_ohc=SM1wRlP3lJwQ7kNvwEPuBYA&_nc_oc=AdnqrjDN_BNjSSHWO-GbkIWH6fkGMLw4bqvL_NH6e2wMveX7G-rP2dAqsDSq1mJMOaY&_nc_zt=24&_nc_ht=scontent-gig4-1.xx&_nc_gid=AoBFJeGrT1hVaew_6rchkQ&oh=00_AfX7QmFGhQhG2jAllVgXCiM1ZrWgvtp80-Bfppyexh1QEg&oe=689E923C\",\"@id\":\"https:\\\/\\\/anoticiaonline.com.br\\\/site\\\/sociarte-17-11\\\/#organizationLogo\"},\"image\":{\"@id\":\"https:\\\/\\\/anoticiaonline.com.br\\\/site\\\/sociarte-17-11\\\/#organizationLogo\"}},{\"@type\":\"Person\",\"@id\":\"https:\\\/\\\/anoticiaonline.com.br\\\/site\\\/author\\\/juliana\\\/#author\",\"url\":\"https:\\\/\\\/anoticiaonline.com.br\\\/site\\\/author\\\/juliana\\\/\",\"name\":\"Juliana Laviola\",\"image\":{\"@type\":\"ImageObject\",\"@id\":\"https:\\\/\\\/anoticiaonline.com.br\\\/site\\\/sociarte-17-11\\\/#authorImage\",\"url\":\"https:\\\/\\\/secure.gravatar.com\\\/avatar\\\/b8d45f5c699b100dfaf0e543582f38f38bf94cb7ae3a5e9abf8d891a34773335?s=96&d=mm&r=g\",\"width\":96,\"height\":96,\"caption\":\"Juliana Laviola\"}},{\"@type\":\"WebPage\",\"@id\":\"https:\\\/\\\/anoticiaonline.com.br\\\/site\\\/sociarte-17-11\\\/#webpage\",\"url\":\"https:\\\/\\\/anoticiaonline.com.br\\\/site\\\/sociarte-17-11\\\/\",\"name\":\"SOCIARTE 17.11 - A Not\\u00edcia Online\",\"description\":\"3 anos de Francisco O pequeno Francisco escolheu o tema \\u201cSuper Her\\u00f3i Baby\\u201d para comemorar a chegada dos seus 3 aninhos. A festa, ocorrida no dia 1\\u00ba de novembro, aconteceu nos sal\\u00f5es do TKJ Fest e reuniu amigos e familiares. O aniversariante \\u00e9 filho de Leidiane Maria dos Santos e Joarez Machado de Almeida. Parab\\u00e9ns\",\"inLanguage\":\"pt-BR\",\"isPartOf\":{\"@id\":\"https:\\\/\\\/anoticiaonline.com.br\\\/site\\\/#website\"},\"breadcrumb\":{\"@id\":\"https:\\\/\\\/anoticiaonline.com.br\\\/site\\\/sociarte-17-11\\\/#breadcrumblist\"},\"author\":{\"@id\":\"https:\\\/\\\/anoticiaonline.com.br\\\/site\\\/author\\\/juliana\\\/#author\"},\"creator\":{\"@id\":\"https:\\\/\\\/anoticiaonline.com.br\\\/site\\\/author\\\/juliana\\\/#author\"},\"datePublished\":\"2017-11-18T08:22:09-03:00\",\"dateModified\":\"2017-11-27T08:27:50-03:00\"},{\"@type\":\"WebSite\",\"@id\":\"https:\\\/\\\/anoticiaonline.com.br\\\/site\\\/#website\",\"url\":\"https:\\\/\\\/anoticiaonline.com.br\\\/site\\\/\",\"name\":\"A Not\\u00edcia Online\",\"description\":\"Noticias de Muria\\u00e9 e regi\\u00e3o\",\"inLanguage\":\"pt-BR\",\"publisher\":{\"@id\":\"https:\\\/\\\/anoticiaonline.com.br\\\/site\\\/#organization\"}}]}\n\t\t<\/script>\n\t\t<!-- All in One SEO -->\n\n","aioseo_head_json":{"title":"SOCIARTE 17.11 - A Not\u00edcia Online","description":"3 anos de Francisco O pequeno Francisco escolheu o tema \u201cSuper Her\u00f3i Baby\u201d para comemorar a chegada dos seus 3 aninhos. A festa, ocorrida no dia 1\u00ba de novembro, aconteceu nos sal\u00f5es do TKJ Fest e reuniu amigos e familiares. O aniversariante \u00e9 filho de Leidiane Maria dos Santos e Joarez Machado de Almeida. Parab\u00e9ns","canonical_url":"https:\/\/anoticiaonline.com.br\/site\/sociarte-17-11\/","robots":"max-image-preview:large","keywords":"","webmasterTools":{"miscellaneous":""},"schema":{"@context":"https:\/\/schema.org","@graph":[{"@type":"BlogPosting","@id":"https:\/\/anoticiaonline.com.br\/site\/sociarte-17-11\/#blogposting","name":"SOCIARTE 17.11 - A Not\u00edcia Online","headline":"SOCIARTE 17.11","author":{"@id":"https:\/\/anoticiaonline.com.br\/site\/author\/juliana\/#author"},"publisher":{"@id":"https:\/\/anoticiaonline.com.br\/site\/#organization"},"image":{"@type":"ImageObject","url":"https:\/\/anoticiaonline.com.br\/site\/wp-content\/uploads\/2017\/11\/3-anos-de-Francisco.jpg","@id":"https:\/\/anoticiaonline.com.br\/site\/sociarte-17-11\/#articleImage","width":640,"height":450},"datePublished":"2017-11-18T08:22:09-03:00","dateModified":"2017-11-27T08:27:50-03:00","inLanguage":"pt-BR","mainEntityOfPage":{"@id":"https:\/\/anoticiaonline.com.br\/site\/sociarte-17-11\/#webpage"},"isPartOf":{"@id":"https:\/\/anoticiaonline.com.br\/site\/sociarte-17-11\/#webpage"},"articleSection":"Colunistas, Sociarte"},{"@type":"BreadcrumbList","@id":"https:\/\/anoticiaonline.com.br\/site\/sociarte-17-11\/#breadcrumblist","itemListElement":[{"@type":"ListItem","@id":"https:\/\/anoticiaonline.com.br\/site#listItem","position":1,"name":"Home","item":"https:\/\/anoticiaonline.com.br\/site","nextItem":{"@type":"ListItem","@id":"https:\/\/anoticiaonline.com.br\/site\/categoria\/colunistas\/#listItem","name":"Colunistas"}},{"@type":"ListItem","@id":"https:\/\/anoticiaonline.com.br\/site\/categoria\/colunistas\/#listItem","position":2,"name":"Colunistas","item":"https:\/\/anoticiaonline.com.br\/site\/categoria\/colunistas\/","nextItem":{"@type":"ListItem","@id":"https:\/\/anoticiaonline.com.br\/site\/categoria\/colunistas\/sociarte\/#listItem","name":"Sociarte"},"previousItem":{"@type":"ListItem","@id":"https:\/\/anoticiaonline.com.br\/site#listItem","name":"Home"}},{"@type":"ListItem","@id":"https:\/\/anoticiaonline.com.br\/site\/categoria\/colunistas\/sociarte\/#listItem","position":3,"name":"Sociarte","item":"https:\/\/anoticiaonline.com.br\/site\/categoria\/colunistas\/sociarte\/","nextItem":{"@type":"ListItem","@id":"https:\/\/anoticiaonline.com.br\/site\/sociarte-17-11\/#listItem","name":"SOCIARTE 17.11"},"previousItem":{"@type":"ListItem","@id":"https:\/\/anoticiaonline.com.br\/site\/categoria\/colunistas\/#listItem","name":"Colunistas"}},{"@type":"ListItem","@id":"https:\/\/anoticiaonline.com.br\/site\/sociarte-17-11\/#listItem","position":4,"name":"SOCIARTE 17.11","previousItem":{"@type":"ListItem","@id":"https:\/\/anoticiaonline.com.br\/site\/categoria\/colunistas\/sociarte\/#listItem","name":"Sociarte"}}]},{"@type":"Organization","@id":"https:\/\/anoticiaonline.com.br\/site\/#organization","name":"A Not\u00edcia Online","description":"Noticias de Muria\u00e9 e regi\u00e3o","url":"https:\/\/anoticiaonline.com.br\/site\/","logo":{"@type":"ImageObject","url":"https:\/\/scontent-gig4-1.xx.fbcdn.net\/v\/t39.30808-1\/270437624_4564083193639691_6907940295614233970_n.jpg?stp=dst-jpg_s200x200_tt6&_nc_cat=111&ccb=1-7&_nc_sid=f907e8&_nc_ohc=SM1wRlP3lJwQ7kNvwEPuBYA&_nc_oc=AdnqrjDN_BNjSSHWO-GbkIWH6fkGMLw4bqvL_NH6e2wMveX7G-rP2dAqsDSq1mJMOaY&_nc_zt=24&_nc_ht=scontent-gig4-1.xx&_nc_gid=AoBFJeGrT1hVaew_6rchkQ&oh=00_AfX7QmFGhQhG2jAllVgXCiM1ZrWgvtp80-Bfppyexh1QEg&oe=689E923C","@id":"https:\/\/anoticiaonline.com.br\/site\/sociarte-17-11\/#organizationLogo"},"image":{"@id":"https:\/\/anoticiaonline.com.br\/site\/sociarte-17-11\/#organizationLogo"}},{"@type":"Person","@id":"https:\/\/anoticiaonline.com.br\/site\/author\/juliana\/#author","url":"https:\/\/anoticiaonline.com.br\/site\/author\/juliana\/","name":"Juliana Laviola","image":{"@type":"ImageObject","@id":"https:\/\/anoticiaonline.com.br\/site\/sociarte-17-11\/#authorImage","url":"https:\/\/secure.gravatar.com\/avatar\/b8d45f5c699b100dfaf0e543582f38f38bf94cb7ae3a5e9abf8d891a34773335?s=96&d=mm&r=g","width":96,"height":96,"caption":"Juliana Laviola"}},{"@type":"WebPage","@id":"https:\/\/anoticiaonline.com.br\/site\/sociarte-17-11\/#webpage","url":"https:\/\/anoticiaonline.com.br\/site\/sociarte-17-11\/","name":"SOCIARTE 17.11 - A Not\u00edcia Online","description":"3 anos de Francisco O pequeno Francisco escolheu o tema \u201cSuper Her\u00f3i Baby\u201d para comemorar a chegada dos seus 3 aninhos. A festa, ocorrida no dia 1\u00ba de novembro, aconteceu nos sal\u00f5es do TKJ Fest e reuniu amigos e familiares. O aniversariante \u00e9 filho de Leidiane Maria dos Santos e Joarez Machado de Almeida. Parab\u00e9ns","inLanguage":"pt-BR","isPartOf":{"@id":"https:\/\/anoticiaonline.com.br\/site\/#website"},"breadcrumb":{"@id":"https:\/\/anoticiaonline.com.br\/site\/sociarte-17-11\/#breadcrumblist"},"author":{"@id":"https:\/\/anoticiaonline.com.br\/site\/author\/juliana\/#author"},"creator":{"@id":"https:\/\/anoticiaonline.com.br\/site\/author\/juliana\/#author"},"datePublished":"2017-11-18T08:22:09-03:00","dateModified":"2017-11-27T08:27:50-03:00"},{"@type":"WebSite","@id":"https:\/\/anoticiaonline.com.br\/site\/#website","url":"https:\/\/anoticiaonline.com.br\/site\/","name":"A Not\u00edcia Online","description":"Noticias de Muria\u00e9 e regi\u00e3o","inLanguage":"pt-BR","publisher":{"@id":"https:\/\/anoticiaonline.com.br\/site\/#organization"}}]},"og:locale":"pt_BR","og:site_name":"A Not\u00edcia Online - Noticias de Muria\u00e9 e regi\u00e3o","og:type":"article","og:title":"SOCIARTE 17.11 - A Not\u00edcia Online","og:description":"3 anos de Francisco O pequeno Francisco escolheu o tema \u201cSuper Her\u00f3i Baby\u201d para comemorar a chegada dos seus 3 aninhos. A festa, ocorrida no dia 1\u00ba de novembro, aconteceu nos sal\u00f5es do TKJ Fest e reuniu amigos e familiares. O aniversariante \u00e9 filho de Leidiane Maria dos Santos e Joarez Machado de Almeida. Parab\u00e9ns","og:url":"https:\/\/anoticiaonline.com.br\/site\/sociarte-17-11\/","og:image":"https:\/\/scontent-gig4-1.xx.fbcdn.net\/v\/t39.30808-1\/270437624_4564083193639691_6907940295614233970_n.jpg?stp=dst-jpg_s200x200_tt6&#038;_nc_cat=111&#038;ccb=1-7&#038;_nc_sid=f907e8&#038;_nc_ohc=SM1wRlP3lJwQ7kNvwEPuBYA&#038;_nc_oc=AdnqrjDN_BNjSSHWO-GbkIWH6fkGMLw4bqvL_NH6e2wMveX7G-rP2dAqsDSq1mJMOaY&#038;_nc_zt=24&#038;_nc_ht=scontent-gig4-1.xx&#038;_nc_gid=AoBFJeGrT1hVaew_6rchkQ&#038;oh=00_AfX7QmFGhQhG2jAllVgXCiM1ZrWgvtp80-Bfppyexh1QEg&#038;oe=689E923C","og:image:secure_url":"https:\/\/scontent-gig4-1.xx.fbcdn.net\/v\/t39.30808-1\/270437624_4564083193639691_6907940295614233970_n.jpg?stp=dst-jpg_s200x200_tt6&#038;_nc_cat=111&#038;ccb=1-7&#038;_nc_sid=f907e8&#038;_nc_ohc=SM1wRlP3lJwQ7kNvwEPuBYA&#038;_nc_oc=AdnqrjDN_BNjSSHWO-GbkIWH6fkGMLw4bqvL_NH6e2wMveX7G-rP2dAqsDSq1mJMOaY&#038;_nc_zt=24&#038;_nc_ht=scontent-gig4-1.xx&#038;_nc_gid=AoBFJeGrT1hVaew_6rchkQ&#038;oh=00_AfX7QmFGhQhG2jAllVgXCiM1ZrWgvtp80-Bfppyexh1QEg&#038;oe=689E923C","article:published_time":"2017-11-18T11:22:09+00:00","article:modified_time":"2017-11-27T11:27:50+00:00","twitter:card":"summary_large_image","twitter:title":"SOCIARTE 17.11 - A Not\u00edcia Online","twitter:description":"3 anos de Francisco O pequeno Francisco escolheu o tema \u201cSuper Her\u00f3i Baby\u201d para comemorar a chegada dos seus 3 aninhos. A festa, ocorrida no dia 1\u00ba de novembro, aconteceu nos sal\u00f5es do TKJ Fest e reuniu amigos e familiares. O aniversariante \u00e9 filho de Leidiane Maria dos Santos e Joarez Machado de Almeida. Parab\u00e9ns","twitter:image":"https:\/\/scontent-gig4-1.xx.fbcdn.net\/v\/t39.30808-1\/270437624_4564083193639691_6907940295614233970_n.jpg?stp=dst-jpg_s200x200_tt6&_nc_cat=111&ccb=1-7&_nc_sid=f907e8&_nc_ohc=SM1wRlP3lJwQ7kNvwEPuBYA&_nc_oc=AdnqrjDN_BNjSSHWO-GbkIWH6fkGMLw4bqvL_NH6e2wMveX7G-rP2dAqsDSq1mJMOaY&_nc_zt=24&_nc_ht=scontent-gig4-1.xx&_nc_gid=AoBFJeGrT1hVaew_6rchkQ&oh=00_AfX7QmFGhQhG2jAllVgXCiM1ZrWgvtp80-Bfppyexh1QEg&oe=689E923C"},"aioseo_meta_data":{"post_id":"46609","title":null,"description":null,"keywords":null,"keyphrases":null,"primary_term":null,"canonical_url":null,"og_title":null,"og_description":null,"og_object_type":"default","og_image_type":"default","og_image_url":null,"og_image_width":null,"og_image_height":null,"og_image_custom_url":null,"og_image_custom_fields":null,"og_video":null,"og_custom_url":null,"og_article_section":null,"og_article_tags":null,"twitter_use_og":false,"twitter_card":"default","twitter_image_type":"default","twitter_image_url":null,"twitter_image_custom_url":null,"twitter_image_custom_fields":null,"twitter_title":null,"twitter_description":null,"schema":{"blockGraphs":[],"customGraphs":[],"default":{"data":{"Article":[],"Course":[],"Dataset":[],"FAQPage":[],"Movie":[],"Person":[],"Product":[],"ProductReview":[],"Car":[],"Recipe":[],"Service":[],"SoftwareApplication":[],"WebPage":[]},"graphName":"","isEnabled":true},"graphs":[]},"schema_type":"default","schema_type_options":null,"pillar_content":false,"robots_default":true,"robots_noindex":false,"robots_noarchive":false,"robots_nosnippet":false,"robots_nofollow":false,"robots_noimageindex":false,"robots_noodp":false,"robots_notranslate":false,"robots_max_snippet":null,"robots_max_videopreview":null,"robots_max_imagepreview":"large","priority":null,"frequency":null,"local_seo":null,"breadcrumb_settings":null,"limit_modified_date":false,"ai":null,"created":"2025-08-16 19:55:07","updated":"2025-08-16 19:55:07","focus_keyword":null,"additional_keywords":null,"truseo_locale":null,"seo_analyzer_scan_date":null},"aioseo_breadcrumb":"<div class=\"aioseo-breadcrumbs\"><span class=\"aioseo-breadcrumb\">\n\t\t\t<a href=\"https:\/\/anoticiaonline.com.br\/site\" title=\"Home\">Home<\/a>\n\t\t<\/span><span class=\"aioseo-breadcrumb-separator\">&raquo;<\/span><span class=\"aioseo-breadcrumb\">\n\t\t\t<a href=\"https:\/\/anoticiaonline.com.br\/site\/categoria\/colunistas\/\" title=\"Colunistas\">Colunistas<\/a>\n\t\t<\/span><span class=\"aioseo-breadcrumb-separator\">&raquo;<\/span><span class=\"aioseo-breadcrumb\">\n\t\t\t<a href=\"https:\/\/anoticiaonline.com.br\/site\/categoria\/colunistas\/sociarte\/\" title=\"Sociarte\">Sociarte<\/a>\n\t\t<\/span><span class=\"aioseo-breadcrumb-separator\">&raquo;<\/span><span class=\"aioseo-breadcrumb\">\n\t\t\tSOCIARTE 17.11\n\t\t<\/span><\/div>","aioseo_breadcrumb_json":[{"label":"Home","link":"https:\/\/anoticiaonline.com.br\/site"},{"label":"Colunistas","link":"https:\/\/anoticiaonline.com.br\/site\/categoria\/colunistas\/"},{"label":"Sociarte","link":"https:\/\/anoticiaonline.com.br\/site\/categoria\/colunistas\/sociarte\/"},{"label":"SOCIARTE 17.11","link":"https:\/\/anoticiaonline.com.br\/site\/sociarte-17-11\/"}],"views":132,"_links":{"self":[{"href":"https:\/\/anoticiaonline.com.br\/site\/wp-json\/wp\/v2\/posts\/46609","targetHints":{"allow":["GET"]}}],"collection":[{"href":"https:\/\/anoticiaonline.com.br\/site\/wp-json\/wp\/v2\/posts"}],"about":[{"href":"https:\/\/anoticiaonline.com.br\/site\/wp-json\/wp\/v2\/types\/post"}],"author":[{"embeddable":true,"href":"https:\/\/anoticiaonline.com.br\/site\/wp-json\/wp\/v2\/users\/2"}],"replies":[{"embeddable":true,"href":"https:\/\/anoticiaonline.com.br\/site\/wp-json\/wp\/v2\/comments?post=46609"}],"version-history":[{"count":0,"href":"https:\/\/anoticiaonline.com.br\/site\/wp-json\/wp\/v2\/posts\/46609\/revisions"}],"wp:attachment":[{"href":"https:\/\/anoticiaonline.com.br\/site\/wp-json\/wp\/v2\/media?parent=46609"}],"wp:term":[{"taxonomy":"category","embeddable":true,"href":"https:\/\/anoticiaonline.com.br\/site\/wp-json\/wp\/v2\/categories?post=46609"},{"taxonomy":"post_tag","embeddable":true,"href":"https:\/\/anoticiaonline.com.br\/site\/wp-json\/wp\/v2\/tags?post=46609"}],"curies":[{"name":"wp","href":"https:\/\/api.w.org\/{rel}","templated":true}]}}