{"id":46442,"date":"2017-11-24T10:55:44","date_gmt":"2017-11-24T13:55:44","guid":{"rendered":"http:\/\/anoticiaonline.com.br\/site\/?p=46442"},"modified":"2017-11-24T10:55:44","modified_gmt":"2017-11-24T13:55:44","slug":"anatel-comeca-a-bloquear-celular-pirata-a-partir-de-maio-de-2018","status":"publish","type":"post","link":"https:\/\/anoticiaonline.com.br\/site\/anatel-comeca-a-bloquear-celular-pirata-a-partir-de-maio-de-2018\/","title":{"rendered":"Anatel come\u00e7a a bloquear celular pirata a partir de maio de 2018"},"content":{"rendered":"<p><a href=\"https:\/\/anoticiaonline.com.br\/site\/wp-content\/uploads\/2017\/11\/Anatel-come\u00e7a-a-bloquear-celular-pirata-a-partir-de-maio-de-2018.jpg\"><img fetchpriority=\"high\" decoding=\"async\" class=\"alignnone size-full wp-image-46443\" src=\"https:\/\/anoticiaonline.com.br\/site\/wp-content\/uploads\/2017\/11\/Anatel-come\u00e7a-a-bloquear-celular-pirata-a-partir-de-maio-de-2018.jpg\" alt=\"\" width=\"640\" height=\"427\" srcset=\"https:\/\/anoticiaonline.com.br\/site\/wp-content\/uploads\/2017\/11\/Anatel-come\u00e7a-a-bloquear-celular-pirata-a-partir-de-maio-de-2018.jpg 640w, https:\/\/anoticiaonline.com.br\/site\/wp-content\/uploads\/2017\/11\/Anatel-come\u00e7a-a-bloquear-celular-pirata-a-partir-de-maio-de-2018-300x200.jpg 300w\" sizes=\"(max-width: 640px) 100vw, 640px\" \/><\/a><\/p>\n<p>A diretoria da Ag\u00eancia Nacional de Telecomunica\u00e7\u00f5es (Anatel) definiu na quinta-feira (23) o calend\u00e1rio para bloqueio de celulares piratas no pa\u00eds. A medida come\u00e7ar\u00e1 a ser aplicada a partir de 9 de maio de 2018 e afetar\u00e1, numa primeira etapa, apenas os aparelhos irregulares em opera\u00e7\u00e3o no Distrito Federal e Goi\u00e1s. Nas demais regi\u00f5es do pa\u00eds, o bloqueio ocorrer\u00e1 em duas fases, programadas para 8 de dezembro de 2018 e 24 de mar\u00e7o de 2019 (<em>veja mais abaixo nesta reportagem<\/em>).<\/p>\n<p>Os celulares considerados &#8220;piratas&#8221; s\u00e3o aqueles n\u00e3o certificados pela Anatel ou ent\u00e3o que tenham o chamado IMEI (International Mobile Equipment Indentity), que \u00e9 o n\u00famero de identifica\u00e7\u00e3o do aparelho, adulterado, clonado ou que tenha passado por outras formas de fraude. Esses aparelhos n\u00e3o seguem normas de qualidade e seguran\u00e7a, explicou a Anatel.<\/p>\n<p>Al\u00e9m de celulares, outros aparelhos, como tablets e m\u00e1quinas de cart\u00e3o de cr\u00e9dito, que tamb\u00e9m usam chip e acessam a rede de dados das operadoras e que por ventura n\u00e3o sejam certificados pela Anatel, tamb\u00e9m poder\u00e3o ser alvo do bloqueio.<\/p>\n<p>Entretanto, nem todos os equipamentos irregulares ser\u00e3o bloqueados pela ag\u00eancia. A regra prev\u00ea um per\u00edodo em que usu\u00e1rios desses aparelhos comecem a ser notificados da medida. Os que entrarem na rede das operadoras antes de come\u00e7arem as notifica\u00e7\u00f5es, n\u00e3o sofrer\u00e3o bloqueio.<\/p>\n<p>A Anatel n\u00e3o informou quantos aparelhos irregulares est\u00e3o em opera\u00e7\u00e3o hoje no pa\u00eds. Dados coletados pela ag\u00eancia com as operadoras d\u00e3o conta que cerca de 1 milh\u00e3o de novos aparelhos considerados piratas entram nas redes das prestadoras mensalmente.<\/p>\n<p>Um dos principais objetivos da medida \u00e9 inibir a venda de celulares e tablets contrabandeados ou roubados.<\/p>\n<h2><strong>Cronograma de bloqueio dos aparelhos<\/strong><\/h2>\n<p>A medida aprovada nesta quinta pela Anatel prev\u00ea que, num primeiro momento, os donos de aparelhos piratas ser\u00e3o identificados e receber\u00e3o mensagens de texto informando que o equipamento ser\u00e1 bloqueado por n\u00e3o atender \u00e0s normas da ag\u00eancia. S\u00f3 depois dessas notifica\u00e7\u00f5es e que os bloqueios come\u00e7ar\u00e3o a ser feitos.<\/p>\n<p><strong>Distrito Federal e Goi\u00e1s:<\/strong><\/p>\n<ul>\n<li>In\u00edcio das notifica\u00e7\u00f5es: 22 de fevereiro de 2018.<\/li>\n<li>In\u00edcio dos bloqueios dos aparelhos piratas: 9 de maio de 2018.<\/li>\n<\/ul>\n<p><strong>Acre, Rond\u00f4nia, S\u00e3o Paulo, Tocantins, Paran\u00e1, Santa Catarina, Rio Grande do Sul, Mato Grosso, Mato Grosso do Sul:<\/strong><\/p>\n<ul>\n<li>In\u00edcio das notifica\u00e7\u00f5es: 23 de setembro de 2018.<\/li>\n<li>In\u00edcio dos bloqueios dos aparelhos piratas: 8 de dezembro de 2018.<\/li>\n<\/ul>\n<p><strong>Minas Gerais, Rio de Janeiro, Esp\u00edrito Santo, estados do Nordeste e da regi\u00e3o Norte:<\/strong><\/p>\n<ul>\n<li>In\u00edcio das notifica\u00e7\u00f5es: 7 de janeiro de 2019.<\/li>\n<li>In\u00edcio dos bloqueios dos aparelhos piratas: 24 de mar\u00e7o de 2019.<\/li>\n<\/ul>\n<p>S\u00f3 ser\u00e3o bloqueados os aparelhos que forem registrados na rede das operadoras (come\u00e7arem a funcionar com chip) ap\u00f3s os per\u00edodos de notifica\u00e7\u00e3o. No caso de DF e Goi\u00e1s, portanto, o bloqueio s\u00f3 atingir\u00e1 aqueles que forem registrados a partir de 22 de fevereiro. Em S\u00e3o Paulo, a partir de 23 de setembro. No Rio, a partir de 7 de janeiro.<\/p>\n<h2><strong>Recomenda\u00e7\u00f5es ao consumidor<\/strong><\/h2>\n<p>A Anatel informou que o consumidor pode fazer uma checagem do n\u00famero do IMEI para identificar se o aparelho \u00e9 irregular ou n\u00e3o.<\/p>\n<p>Para isso, o consumidor deve verificar o n\u00famero que aparece na caixa e o que consta do adesivo no pr\u00f3prio aparelho. Depois, comparar se os dois s\u00e3o iguais a um outro, que aparece ao se discar no equipamento: *#06#<\/p>\n<p>Caso os n\u00fameros apresentados sejam diferentes, explicou a Ag\u00eancia Nacional de Telecomunica\u00e7\u00f5es, &#8220;h\u00e1 uma grande chance de o aparelho ser irregular&#8221;.<\/p>\n<p>Segundo a Anatel, haver\u00e1 uma intera\u00e7\u00e3o com \u00f3rg\u00e3os de defesa do consumidor e com o Minist\u00e9rio P\u00fablico, o que acontecer\u00e1 antes da fase de encaminhamento das mensagens sobre a ado\u00e7\u00e3o de medidas de restri\u00e7\u00e3o do uso de aparelhos irregulares.<\/p>\n<p>A Procuradoria Federal Especializada da Anatel informou que n\u00e3o foram identificados impedimentos jur\u00eddicos ao bloqueio apenas de novos aparelhos irregulares.<\/p>\n<p>O bloqueio n\u00e3o afetar\u00e1 os terminais exclusivos para dados (modens), pois, segundo a Anatel, n\u00e3o seria poss\u00edvel encaminhar as mensagens informativas aos aparelhos.<\/p>\n<p class=\"content-textcontainer\" style=\"margin: 0cm; margin-bottom: .0001pt; text-align: justify; background: white; vertical-align: baseline;\"><span style=\"letter-spacing: -.45pt;\">Cr\u00e9ditos: www.g1.com<\/span><\/p>\n","protected":false},"excerpt":{"rendered":"<p>A diretoria da Ag\u00eancia Nacional de Telecomunica\u00e7\u00f5es (Anatel) definiu na quinta-feira (23) o calend\u00e1rio para bloqueio de celulares piratas no pa\u00eds. A medida come\u00e7ar\u00e1 a ser aplicada a partir de 9 de maio de 2018 e afetar\u00e1, numa primeira etapa, apenas os aparelhos irregulares em opera\u00e7\u00e3o no Distrito Federal e Goi\u00e1s. Nas demais regi\u00f5es do &#8230; <a title=\"Anatel come\u00e7a a bloquear celular pirata a partir de maio de 2018\" class=\"read-more\" href=\"https:\/\/anoticiaonline.com.br\/site\/anatel-comeca-a-bloquear-celular-pirata-a-partir-de-maio-de-2018\/\" aria-label=\"Read more about Anatel come\u00e7a a bloquear celular pirata a partir de maio de 2018\">Ler mais<\/a><\/p>\n","protected":false},"author":2,"featured_media":46443,"comment_status":"open","ping_status":"open","sticky":false,"template":"","format":"standard","meta":{"_acf_changed":false,"_monsterinsights_skip_tracking":false,"footnotes":""},"categories":[1],"tags":[1633,1634,1636,1635],"class_list":["post-46442","post","type-post","status-publish","format-standard","has-post-thumbnail","hentry","category-gerais","tag-anatel","tag-celular","tag-pirata","tag-telefonia"],"acf":[],"aioseo_notices":[],"aioseo_head":"\n\t\t<!-- All in One SEO 5.0.0.1 - aioseo.com -->\n\t<meta name=\"description\" content=\"A diretoria da Ag\u00eancia Nacional de Telecomunica\u00e7\u00f5es (Anatel) definiu na quinta-feira (23) o calend\u00e1rio para bloqueio de celulares piratas no pa\u00eds. A medida come\u00e7ar\u00e1 a ser aplicada a partir de 9 de maio de 2018 e afetar\u00e1, numa primeira etapa, apenas os aparelhos irregulares em opera\u00e7\u00e3o no Distrito Federal e Goi\u00e1s. Nas demais regi\u00f5es do\" \/>\n\t<meta name=\"robots\" content=\"max-image-preview:large\" \/>\n\t<meta name=\"author\" content=\"Juliana Laviola\"\/>\n\t<link rel=\"canonical\" href=\"https:\/\/anoticiaonline.com.br\/site\/anatel-comeca-a-bloquear-celular-pirata-a-partir-de-maio-de-2018\/\" \/>\n\t<meta name=\"generator\" content=\"All in One SEO (AIOSEO) 5.0.0.1\" \/>\n\t\t<meta property=\"og:locale\" content=\"pt_BR\" \/>\n\t\t<meta property=\"og:site_name\" content=\"A Not\u00edcia Online - Noticias de Muria\u00e9 e regi\u00e3o\" \/>\n\t\t<meta property=\"og:type\" content=\"article\" \/>\n\t\t<meta property=\"og:title\" content=\"Anatel come\u00e7a a bloquear celular pirata a partir de maio de 2018 - A Not\u00edcia Online\" \/>\n\t\t<meta property=\"og:description\" content=\"A diretoria da Ag\u00eancia Nacional de Telecomunica\u00e7\u00f5es (Anatel) definiu na quinta-feira (23) o calend\u00e1rio para bloqueio de celulares piratas no pa\u00eds. A medida come\u00e7ar\u00e1 a ser aplicada a partir de 9 de maio de 2018 e afetar\u00e1, numa primeira etapa, apenas os aparelhos irregulares em opera\u00e7\u00e3o no Distrito Federal e Goi\u00e1s. Nas demais regi\u00f5es do\" \/>\n\t\t<meta property=\"og:url\" content=\"https:\/\/anoticiaonline.com.br\/site\/anatel-comeca-a-bloquear-celular-pirata-a-partir-de-maio-de-2018\/\" \/>\n\t\t<meta property=\"og:image\" content=\"https:\/\/scontent-gig4-1.xx.fbcdn.net\/v\/t39.30808-1\/270437624_4564083193639691_6907940295614233970_n.jpg?stp=dst-jpg_s200x200_tt6&#038;_nc_cat=111&#038;ccb=1-7&#038;_nc_sid=f907e8&#038;_nc_ohc=SM1wRlP3lJwQ7kNvwEPuBYA&#038;_nc_oc=AdnqrjDN_BNjSSHWO-GbkIWH6fkGMLw4bqvL_NH6e2wMveX7G-rP2dAqsDSq1mJMOaY&#038;_nc_zt=24&#038;_nc_ht=scontent-gig4-1.xx&#038;_nc_gid=AoBFJeGrT1hVaew_6rchkQ&#038;oh=00_AfX7QmFGhQhG2jAllVgXCiM1ZrWgvtp80-Bfppyexh1QEg&#038;oe=689E923C\" \/>\n\t\t<meta property=\"og:image:secure_url\" content=\"https:\/\/scontent-gig4-1.xx.fbcdn.net\/v\/t39.30808-1\/270437624_4564083193639691_6907940295614233970_n.jpg?stp=dst-jpg_s200x200_tt6&#038;_nc_cat=111&#038;ccb=1-7&#038;_nc_sid=f907e8&#038;_nc_ohc=SM1wRlP3lJwQ7kNvwEPuBYA&#038;_nc_oc=AdnqrjDN_BNjSSHWO-GbkIWH6fkGMLw4bqvL_NH6e2wMveX7G-rP2dAqsDSq1mJMOaY&#038;_nc_zt=24&#038;_nc_ht=scontent-gig4-1.xx&#038;_nc_gid=AoBFJeGrT1hVaew_6rchkQ&#038;oh=00_AfX7QmFGhQhG2jAllVgXCiM1ZrWgvtp80-Bfppyexh1QEg&#038;oe=689E923C\" \/>\n\t\t<meta property=\"article:published_time\" content=\"2017-11-24T13:55:44+00:00\" \/>\n\t\t<meta property=\"article:modified_time\" content=\"2017-11-24T13:55:44+00:00\" \/>\n\t\t<meta name=\"twitter:card\" content=\"summary_large_image\" \/>\n\t\t<meta name=\"twitter:title\" content=\"Anatel come\u00e7a a bloquear celular pirata a partir de maio de 2018 - A Not\u00edcia Online\" \/>\n\t\t<meta name=\"twitter:description\" content=\"A diretoria da Ag\u00eancia Nacional de Telecomunica\u00e7\u00f5es (Anatel) definiu na quinta-feira (23) o calend\u00e1rio para bloqueio de celulares piratas no pa\u00eds. A medida come\u00e7ar\u00e1 a ser aplicada a partir de 9 de maio de 2018 e afetar\u00e1, numa primeira etapa, apenas os aparelhos irregulares em opera\u00e7\u00e3o no Distrito Federal e Goi\u00e1s. Nas demais regi\u00f5es do\" \/>\n\t\t<meta name=\"twitter:image\" content=\"https:\/\/scontent-gig4-1.xx.fbcdn.net\/v\/t39.30808-1\/270437624_4564083193639691_6907940295614233970_n.jpg?stp=dst-jpg_s200x200_tt6&amp;_nc_cat=111&amp;ccb=1-7&amp;_nc_sid=f907e8&amp;_nc_ohc=SM1wRlP3lJwQ7kNvwEPuBYA&amp;_nc_oc=AdnqrjDN_BNjSSHWO-GbkIWH6fkGMLw4bqvL_NH6e2wMveX7G-rP2dAqsDSq1mJMOaY&amp;_nc_zt=24&amp;_nc_ht=scontent-gig4-1.xx&amp;_nc_gid=AoBFJeGrT1hVaew_6rchkQ&amp;oh=00_AfX7QmFGhQhG2jAllVgXCiM1ZrWgvtp80-Bfppyexh1QEg&amp;oe=689E923C\" \/>\n\t\t<script type=\"application\/ld+json\" class=\"aioseo-schema\">\n\t\t\t{\"@context\":\"https:\\\/\\\/schema.org\",\"@graph\":[{\"@type\":\"BlogPosting\",\"@id\":\"https:\\\/\\\/anoticiaonline.com.br\\\/site\\\/anatel-comeca-a-bloquear-celular-pirata-a-partir-de-maio-de-2018\\\/#blogposting\",\"name\":\"Anatel come\\u00e7a a bloquear celular pirata a partir de maio de 2018 - A Not\\u00edcia Online\",\"headline\":\"Anatel come\\u00e7a a bloquear celular pirata a partir de maio de 2018\",\"author\":{\"@id\":\"https:\\\/\\\/anoticiaonline.com.br\\\/site\\\/author\\\/juliana\\\/#author\"},\"publisher\":{\"@id\":\"https:\\\/\\\/anoticiaonline.com.br\\\/site\\\/#organization\"},\"image\":{\"@type\":\"ImageObject\",\"url\":\"https:\\\/\\\/anoticiaonline.com.br\\\/site\\\/wp-content\\\/uploads\\\/2017\\\/11\\\/Anatel-come\\u00e7a-a-bloquear-celular-pirata-a-partir-de-maio-de-2018.jpg\",\"width\":640,\"height\":427},\"datePublished\":\"2017-11-24T10:55:44-03:00\",\"dateModified\":\"2017-11-24T10:55:44-03:00\",\"inLanguage\":\"pt-BR\",\"mainEntityOfPage\":{\"@id\":\"https:\\\/\\\/anoticiaonline.com.br\\\/site\\\/anatel-comeca-a-bloquear-celular-pirata-a-partir-de-maio-de-2018\\\/#webpage\"},\"isPartOf\":{\"@id\":\"https:\\\/\\\/anoticiaonline.com.br\\\/site\\\/anatel-comeca-a-bloquear-celular-pirata-a-partir-de-maio-de-2018\\\/#webpage\"},\"articleSection\":\"Gerais, anatel, celular, pirata, telefonia\"},{\"@type\":\"BreadcrumbList\",\"@id\":\"https:\\\/\\\/anoticiaonline.com.br\\\/site\\\/anatel-comeca-a-bloquear-celular-pirata-a-partir-de-maio-de-2018\\\/#breadcrumblist\",\"itemListElement\":[{\"@type\":\"ListItem\",\"@id\":\"https:\\\/\\\/anoticiaonline.com.br\\\/site#listItem\",\"position\":1,\"name\":\"Home\",\"item\":\"https:\\\/\\\/anoticiaonline.com.br\\\/site\",\"nextItem\":{\"@type\":\"ListItem\",\"@id\":\"https:\\\/\\\/anoticiaonline.com.br\\\/site\\\/categoria\\\/gerais\\\/#listItem\",\"name\":\"Gerais\"}},{\"@type\":\"ListItem\",\"@id\":\"https:\\\/\\\/anoticiaonline.com.br\\\/site\\\/categoria\\\/gerais\\\/#listItem\",\"position\":2,\"name\":\"Gerais\",\"item\":\"https:\\\/\\\/anoticiaonline.com.br\\\/site\\\/categoria\\\/gerais\\\/\",\"nextItem\":{\"@type\":\"ListItem\",\"@id\":\"https:\\\/\\\/anoticiaonline.com.br\\\/site\\\/anatel-comeca-a-bloquear-celular-pirata-a-partir-de-maio-de-2018\\\/#listItem\",\"name\":\"Anatel come\\u00e7a a bloquear celular pirata a partir de maio de 2018\"},\"previousItem\":{\"@type\":\"ListItem\",\"@id\":\"https:\\\/\\\/anoticiaonline.com.br\\\/site#listItem\",\"name\":\"Home\"}},{\"@type\":\"ListItem\",\"@id\":\"https:\\\/\\\/anoticiaonline.com.br\\\/site\\\/anatel-comeca-a-bloquear-celular-pirata-a-partir-de-maio-de-2018\\\/#listItem\",\"position\":3,\"name\":\"Anatel come\\u00e7a a bloquear celular pirata a partir de maio de 2018\",\"previousItem\":{\"@type\":\"ListItem\",\"@id\":\"https:\\\/\\\/anoticiaonline.com.br\\\/site\\\/categoria\\\/gerais\\\/#listItem\",\"name\":\"Gerais\"}}]},{\"@type\":\"Organization\",\"@id\":\"https:\\\/\\\/anoticiaonline.com.br\\\/site\\\/#organization\",\"name\":\"A Not\\u00edcia Online\",\"description\":\"Noticias de Muria\\u00e9 e regi\\u00e3o\",\"url\":\"https:\\\/\\\/anoticiaonline.com.br\\\/site\\\/\",\"logo\":{\"@type\":\"ImageObject\",\"url\":\"https:\\\/\\\/scontent-gig4-1.xx.fbcdn.net\\\/v\\\/t39.30808-1\\\/270437624_4564083193639691_6907940295614233970_n.jpg?stp=dst-jpg_s200x200_tt6&_nc_cat=111&ccb=1-7&_nc_sid=f907e8&_nc_ohc=SM1wRlP3lJwQ7kNvwEPuBYA&_nc_oc=AdnqrjDN_BNjSSHWO-GbkIWH6fkGMLw4bqvL_NH6e2wMveX7G-rP2dAqsDSq1mJMOaY&_nc_zt=24&_nc_ht=scontent-gig4-1.xx&_nc_gid=AoBFJeGrT1hVaew_6rchkQ&oh=00_AfX7QmFGhQhG2jAllVgXCiM1ZrWgvtp80-Bfppyexh1QEg&oe=689E923C\",\"@id\":\"https:\\\/\\\/anoticiaonline.com.br\\\/site\\\/anatel-comeca-a-bloquear-celular-pirata-a-partir-de-maio-de-2018\\\/#organizationLogo\"},\"image\":{\"@id\":\"https:\\\/\\\/anoticiaonline.com.br\\\/site\\\/anatel-comeca-a-bloquear-celular-pirata-a-partir-de-maio-de-2018\\\/#organizationLogo\"}},{\"@type\":\"Person\",\"@id\":\"https:\\\/\\\/anoticiaonline.com.br\\\/site\\\/author\\\/juliana\\\/#author\",\"url\":\"https:\\\/\\\/anoticiaonline.com.br\\\/site\\\/author\\\/juliana\\\/\",\"name\":\"Juliana Laviola\",\"image\":{\"@type\":\"ImageObject\",\"@id\":\"https:\\\/\\\/anoticiaonline.com.br\\\/site\\\/anatel-comeca-a-bloquear-celular-pirata-a-partir-de-maio-de-2018\\\/#authorImage\",\"url\":\"https:\\\/\\\/secure.gravatar.com\\\/avatar\\\/b8d45f5c699b100dfaf0e543582f38f38bf94cb7ae3a5e9abf8d891a34773335?s=96&d=mm&r=g\",\"width\":96,\"height\":96,\"caption\":\"Juliana Laviola\"}},{\"@type\":\"WebPage\",\"@id\":\"https:\\\/\\\/anoticiaonline.com.br\\\/site\\\/anatel-comeca-a-bloquear-celular-pirata-a-partir-de-maio-de-2018\\\/#webpage\",\"url\":\"https:\\\/\\\/anoticiaonline.com.br\\\/site\\\/anatel-comeca-a-bloquear-celular-pirata-a-partir-de-maio-de-2018\\\/\",\"name\":\"Anatel come\\u00e7a a bloquear celular pirata a partir de maio de 2018 - A Not\\u00edcia Online\",\"description\":\"A diretoria da Ag\\u00eancia Nacional de Telecomunica\\u00e7\\u00f5es (Anatel) definiu na quinta-feira (23) o calend\\u00e1rio para bloqueio de celulares piratas no pa\\u00eds. A medida come\\u00e7ar\\u00e1 a ser aplicada a partir de 9 de maio de 2018 e afetar\\u00e1, numa primeira etapa, apenas os aparelhos irregulares em opera\\u00e7\\u00e3o no Distrito Federal e Goi\\u00e1s. Nas demais regi\\u00f5es do\",\"inLanguage\":\"pt-BR\",\"isPartOf\":{\"@id\":\"https:\\\/\\\/anoticiaonline.com.br\\\/site\\\/#website\"},\"breadcrumb\":{\"@id\":\"https:\\\/\\\/anoticiaonline.com.br\\\/site\\\/anatel-comeca-a-bloquear-celular-pirata-a-partir-de-maio-de-2018\\\/#breadcrumblist\"},\"author\":{\"@id\":\"https:\\\/\\\/anoticiaonline.com.br\\\/site\\\/author\\\/juliana\\\/#author\"},\"creator\":{\"@id\":\"https:\\\/\\\/anoticiaonline.com.br\\\/site\\\/author\\\/juliana\\\/#author\"},\"image\":{\"@type\":\"ImageObject\",\"url\":\"https:\\\/\\\/anoticiaonline.com.br\\\/site\\\/wp-content\\\/uploads\\\/2017\\\/11\\\/Anatel-come\\u00e7a-a-bloquear-celular-pirata-a-partir-de-maio-de-2018.jpg\",\"@id\":\"https:\\\/\\\/anoticiaonline.com.br\\\/site\\\/anatel-comeca-a-bloquear-celular-pirata-a-partir-de-maio-de-2018\\\/#mainImage\",\"width\":640,\"height\":427},\"primaryImageOfPage\":{\"@id\":\"https:\\\/\\\/anoticiaonline.com.br\\\/site\\\/anatel-comeca-a-bloquear-celular-pirata-a-partir-de-maio-de-2018\\\/#mainImage\"},\"datePublished\":\"2017-11-24T10:55:44-03:00\",\"dateModified\":\"2017-11-24T10:55:44-03:00\"},{\"@type\":\"WebSite\",\"@id\":\"https:\\\/\\\/anoticiaonline.com.br\\\/site\\\/#website\",\"url\":\"https:\\\/\\\/anoticiaonline.com.br\\\/site\\\/\",\"name\":\"A Not\\u00edcia Online\",\"description\":\"Noticias de Muria\\u00e9 e regi\\u00e3o\",\"inLanguage\":\"pt-BR\",\"publisher\":{\"@id\":\"https:\\\/\\\/anoticiaonline.com.br\\\/site\\\/#organization\"}}]}\n\t\t<\/script>\n\t\t<!-- All in One SEO -->\n\n","aioseo_head_json":{"title":"Anatel come\u00e7a a bloquear celular pirata a partir de maio de 2018 - A Not\u00edcia Online","description":"A diretoria da Ag\u00eancia Nacional de Telecomunica\u00e7\u00f5es (Anatel) definiu na quinta-feira (23) o calend\u00e1rio para bloqueio de celulares piratas no pa\u00eds. A medida come\u00e7ar\u00e1 a ser aplicada a partir de 9 de maio de 2018 e afetar\u00e1, numa primeira etapa, apenas os aparelhos irregulares em opera\u00e7\u00e3o no Distrito Federal e Goi\u00e1s. Nas demais regi\u00f5es do","canonical_url":"https:\/\/anoticiaonline.com.br\/site\/anatel-comeca-a-bloquear-celular-pirata-a-partir-de-maio-de-2018\/","robots":"max-image-preview:large","keywords":"","webmasterTools":{"miscellaneous":""},"schema":{"@context":"https:\/\/schema.org","@graph":[{"@type":"BlogPosting","@id":"https:\/\/anoticiaonline.com.br\/site\/anatel-comeca-a-bloquear-celular-pirata-a-partir-de-maio-de-2018\/#blogposting","name":"Anatel come\u00e7a a bloquear celular pirata a partir de maio de 2018 - A Not\u00edcia Online","headline":"Anatel come\u00e7a a bloquear celular pirata a partir de maio de 2018","author":{"@id":"https:\/\/anoticiaonline.com.br\/site\/author\/juliana\/#author"},"publisher":{"@id":"https:\/\/anoticiaonline.com.br\/site\/#organization"},"image":{"@type":"ImageObject","url":"https:\/\/anoticiaonline.com.br\/site\/wp-content\/uploads\/2017\/11\/Anatel-come\u00e7a-a-bloquear-celular-pirata-a-partir-de-maio-de-2018.jpg","width":640,"height":427},"datePublished":"2017-11-24T10:55:44-03:00","dateModified":"2017-11-24T10:55:44-03:00","inLanguage":"pt-BR","mainEntityOfPage":{"@id":"https:\/\/anoticiaonline.com.br\/site\/anatel-comeca-a-bloquear-celular-pirata-a-partir-de-maio-de-2018\/#webpage"},"isPartOf":{"@id":"https:\/\/anoticiaonline.com.br\/site\/anatel-comeca-a-bloquear-celular-pirata-a-partir-de-maio-de-2018\/#webpage"},"articleSection":"Gerais, anatel, celular, pirata, telefonia"},{"@type":"BreadcrumbList","@id":"https:\/\/anoticiaonline.com.br\/site\/anatel-comeca-a-bloquear-celular-pirata-a-partir-de-maio-de-2018\/#breadcrumblist","itemListElement":[{"@type":"ListItem","@id":"https:\/\/anoticiaonline.com.br\/site#listItem","position":1,"name":"Home","item":"https:\/\/anoticiaonline.com.br\/site","nextItem":{"@type":"ListItem","@id":"https:\/\/anoticiaonline.com.br\/site\/categoria\/gerais\/#listItem","name":"Gerais"}},{"@type":"ListItem","@id":"https:\/\/anoticiaonline.com.br\/site\/categoria\/gerais\/#listItem","position":2,"name":"Gerais","item":"https:\/\/anoticiaonline.com.br\/site\/categoria\/gerais\/","nextItem":{"@type":"ListItem","@id":"https:\/\/anoticiaonline.com.br\/site\/anatel-comeca-a-bloquear-celular-pirata-a-partir-de-maio-de-2018\/#listItem","name":"Anatel come\u00e7a a bloquear celular pirata a partir de maio de 2018"},"previousItem":{"@type":"ListItem","@id":"https:\/\/anoticiaonline.com.br\/site#listItem","name":"Home"}},{"@type":"ListItem","@id":"https:\/\/anoticiaonline.com.br\/site\/anatel-comeca-a-bloquear-celular-pirata-a-partir-de-maio-de-2018\/#listItem","position":3,"name":"Anatel come\u00e7a a bloquear celular pirata a partir de maio de 2018","previousItem":{"@type":"ListItem","@id":"https:\/\/anoticiaonline.com.br\/site\/categoria\/gerais\/#listItem","name":"Gerais"}}]},{"@type":"Organization","@id":"https:\/\/anoticiaonline.com.br\/site\/#organization","name":"A Not\u00edcia Online","description":"Noticias de Muria\u00e9 e regi\u00e3o","url":"https:\/\/anoticiaonline.com.br\/site\/","logo":{"@type":"ImageObject","url":"https:\/\/scontent-gig4-1.xx.fbcdn.net\/v\/t39.30808-1\/270437624_4564083193639691_6907940295614233970_n.jpg?stp=dst-jpg_s200x200_tt6&_nc_cat=111&ccb=1-7&_nc_sid=f907e8&_nc_ohc=SM1wRlP3lJwQ7kNvwEPuBYA&_nc_oc=AdnqrjDN_BNjSSHWO-GbkIWH6fkGMLw4bqvL_NH6e2wMveX7G-rP2dAqsDSq1mJMOaY&_nc_zt=24&_nc_ht=scontent-gig4-1.xx&_nc_gid=AoBFJeGrT1hVaew_6rchkQ&oh=00_AfX7QmFGhQhG2jAllVgXCiM1ZrWgvtp80-Bfppyexh1QEg&oe=689E923C","@id":"https:\/\/anoticiaonline.com.br\/site\/anatel-comeca-a-bloquear-celular-pirata-a-partir-de-maio-de-2018\/#organizationLogo"},"image":{"@id":"https:\/\/anoticiaonline.com.br\/site\/anatel-comeca-a-bloquear-celular-pirata-a-partir-de-maio-de-2018\/#organizationLogo"}},{"@type":"Person","@id":"https:\/\/anoticiaonline.com.br\/site\/author\/juliana\/#author","url":"https:\/\/anoticiaonline.com.br\/site\/author\/juliana\/","name":"Juliana Laviola","image":{"@type":"ImageObject","@id":"https:\/\/anoticiaonline.com.br\/site\/anatel-comeca-a-bloquear-celular-pirata-a-partir-de-maio-de-2018\/#authorImage","url":"https:\/\/secure.gravatar.com\/avatar\/b8d45f5c699b100dfaf0e543582f38f38bf94cb7ae3a5e9abf8d891a34773335?s=96&d=mm&r=g","width":96,"height":96,"caption":"Juliana Laviola"}},{"@type":"WebPage","@id":"https:\/\/anoticiaonline.com.br\/site\/anatel-comeca-a-bloquear-celular-pirata-a-partir-de-maio-de-2018\/#webpage","url":"https:\/\/anoticiaonline.com.br\/site\/anatel-comeca-a-bloquear-celular-pirata-a-partir-de-maio-de-2018\/","name":"Anatel come\u00e7a a bloquear celular pirata a partir de maio de 2018 - A Not\u00edcia Online","description":"A diretoria da Ag\u00eancia Nacional de Telecomunica\u00e7\u00f5es (Anatel) definiu na quinta-feira (23) o calend\u00e1rio para bloqueio de celulares piratas no pa\u00eds. A medida come\u00e7ar\u00e1 a ser aplicada a partir de 9 de maio de 2018 e afetar\u00e1, numa primeira etapa, apenas os aparelhos irregulares em opera\u00e7\u00e3o no Distrito Federal e Goi\u00e1s. Nas demais regi\u00f5es do","inLanguage":"pt-BR","isPartOf":{"@id":"https:\/\/anoticiaonline.com.br\/site\/#website"},"breadcrumb":{"@id":"https:\/\/anoticiaonline.com.br\/site\/anatel-comeca-a-bloquear-celular-pirata-a-partir-de-maio-de-2018\/#breadcrumblist"},"author":{"@id":"https:\/\/anoticiaonline.com.br\/site\/author\/juliana\/#author"},"creator":{"@id":"https:\/\/anoticiaonline.com.br\/site\/author\/juliana\/#author"},"image":{"@type":"ImageObject","url":"https:\/\/anoticiaonline.com.br\/site\/wp-content\/uploads\/2017\/11\/Anatel-come\u00e7a-a-bloquear-celular-pirata-a-partir-de-maio-de-2018.jpg","@id":"https:\/\/anoticiaonline.com.br\/site\/anatel-comeca-a-bloquear-celular-pirata-a-partir-de-maio-de-2018\/#mainImage","width":640,"height":427},"primaryImageOfPage":{"@id":"https:\/\/anoticiaonline.com.br\/site\/anatel-comeca-a-bloquear-celular-pirata-a-partir-de-maio-de-2018\/#mainImage"},"datePublished":"2017-11-24T10:55:44-03:00","dateModified":"2017-11-24T10:55:44-03:00"},{"@type":"WebSite","@id":"https:\/\/anoticiaonline.com.br\/site\/#website","url":"https:\/\/anoticiaonline.com.br\/site\/","name":"A Not\u00edcia Online","description":"Noticias de Muria\u00e9 e regi\u00e3o","inLanguage":"pt-BR","publisher":{"@id":"https:\/\/anoticiaonline.com.br\/site\/#organization"}}]},"og:locale":"pt_BR","og:site_name":"A Not\u00edcia Online - Noticias de Muria\u00e9 e regi\u00e3o","og:type":"article","og:title":"Anatel come\u00e7a a bloquear celular pirata a partir de maio de 2018 - A Not\u00edcia Online","og:description":"A diretoria da Ag\u00eancia Nacional de Telecomunica\u00e7\u00f5es (Anatel) definiu na quinta-feira (23) o calend\u00e1rio para bloqueio de celulares piratas no pa\u00eds. A medida come\u00e7ar\u00e1 a ser aplicada a partir de 9 de maio de 2018 e afetar\u00e1, numa primeira etapa, apenas os aparelhos irregulares em opera\u00e7\u00e3o no Distrito Federal e Goi\u00e1s. Nas demais regi\u00f5es do","og:url":"https:\/\/anoticiaonline.com.br\/site\/anatel-comeca-a-bloquear-celular-pirata-a-partir-de-maio-de-2018\/","og:image":"https:\/\/scontent-gig4-1.xx.fbcdn.net\/v\/t39.30808-1\/270437624_4564083193639691_6907940295614233970_n.jpg?stp=dst-jpg_s200x200_tt6&#038;_nc_cat=111&#038;ccb=1-7&#038;_nc_sid=f907e8&#038;_nc_ohc=SM1wRlP3lJwQ7kNvwEPuBYA&#038;_nc_oc=AdnqrjDN_BNjSSHWO-GbkIWH6fkGMLw4bqvL_NH6e2wMveX7G-rP2dAqsDSq1mJMOaY&#038;_nc_zt=24&#038;_nc_ht=scontent-gig4-1.xx&#038;_nc_gid=AoBFJeGrT1hVaew_6rchkQ&#038;oh=00_AfX7QmFGhQhG2jAllVgXCiM1ZrWgvtp80-Bfppyexh1QEg&#038;oe=689E923C","og:image:secure_url":"https:\/\/scontent-gig4-1.xx.fbcdn.net\/v\/t39.30808-1\/270437624_4564083193639691_6907940295614233970_n.jpg?stp=dst-jpg_s200x200_tt6&#038;_nc_cat=111&#038;ccb=1-7&#038;_nc_sid=f907e8&#038;_nc_ohc=SM1wRlP3lJwQ7kNvwEPuBYA&#038;_nc_oc=AdnqrjDN_BNjSSHWO-GbkIWH6fkGMLw4bqvL_NH6e2wMveX7G-rP2dAqsDSq1mJMOaY&#038;_nc_zt=24&#038;_nc_ht=scontent-gig4-1.xx&#038;_nc_gid=AoBFJeGrT1hVaew_6rchkQ&#038;oh=00_AfX7QmFGhQhG2jAllVgXCiM1ZrWgvtp80-Bfppyexh1QEg&#038;oe=689E923C","article:published_time":"2017-11-24T13:55:44+00:00","article:modified_time":"2017-11-24T13:55:44+00:00","twitter:card":"summary_large_image","twitter:title":"Anatel come\u00e7a a bloquear celular pirata a partir de maio de 2018 - A Not\u00edcia Online","twitter:description":"A diretoria da Ag\u00eancia Nacional de Telecomunica\u00e7\u00f5es (Anatel) definiu na quinta-feira (23) o calend\u00e1rio para bloqueio de celulares piratas no pa\u00eds. A medida come\u00e7ar\u00e1 a ser aplicada a partir de 9 de maio de 2018 e afetar\u00e1, numa primeira etapa, apenas os aparelhos irregulares em opera\u00e7\u00e3o no Distrito Federal e Goi\u00e1s. Nas demais regi\u00f5es do","twitter:image":"https:\/\/scontent-gig4-1.xx.fbcdn.net\/v\/t39.30808-1\/270437624_4564083193639691_6907940295614233970_n.jpg?stp=dst-jpg_s200x200_tt6&_nc_cat=111&ccb=1-7&_nc_sid=f907e8&_nc_ohc=SM1wRlP3lJwQ7kNvwEPuBYA&_nc_oc=AdnqrjDN_BNjSSHWO-GbkIWH6fkGMLw4bqvL_NH6e2wMveX7G-rP2dAqsDSq1mJMOaY&_nc_zt=24&_nc_ht=scontent-gig4-1.xx&_nc_gid=AoBFJeGrT1hVaew_6rchkQ&oh=00_AfX7QmFGhQhG2jAllVgXCiM1ZrWgvtp80-Bfppyexh1QEg&oe=689E923C"},"aioseo_meta_data":{"post_id":"46442","title":null,"description":null,"keywords":null,"keyphrases":null,"primary_term":null,"canonical_url":null,"og_title":null,"og_description":null,"og_object_type":"default","og_image_type":"default","og_image_url":null,"og_image_width":null,"og_image_height":null,"og_image_custom_url":null,"og_image_custom_fields":null,"og_video":null,"og_custom_url":null,"og_article_section":null,"og_article_tags":null,"twitter_use_og":false,"twitter_card":"default","twitter_image_type":"default","twitter_image_url":null,"twitter_image_custom_url":null,"twitter_image_custom_fields":null,"twitter_title":null,"twitter_description":null,"schema":{"blockGraphs":[],"customGraphs":[],"default":{"data":{"Article":[],"Course":[],"Dataset":[],"FAQPage":[],"Movie":[],"Person":[],"Product":[],"ProductReview":[],"Car":[],"Recipe":[],"Service":[],"SoftwareApplication":[],"WebPage":[]},"graphName":"","isEnabled":true},"graphs":[]},"schema_type":"default","schema_type_options":null,"pillar_content":false,"robots_default":true,"robots_noindex":false,"robots_noarchive":false,"robots_nosnippet":false,"robots_nofollow":false,"robots_noimageindex":false,"robots_noodp":false,"robots_notranslate":false,"robots_max_snippet":null,"robots_max_videopreview":null,"robots_max_imagepreview":"large","priority":null,"frequency":null,"local_seo":null,"breadcrumb_settings":null,"limit_modified_date":false,"ai":null,"created":"2025-08-16 19:55:07","updated":"2025-08-16 19:55:07","focus_keyword":null,"additional_keywords":null,"truseo_locale":null,"seo_analyzer_scan_date":null},"aioseo_breadcrumb":"<div class=\"aioseo-breadcrumbs\"><span class=\"aioseo-breadcrumb\">\n\t\t\t<a href=\"https:\/\/anoticiaonline.com.br\/site\" title=\"Home\">Home<\/a>\n\t\t<\/span><span class=\"aioseo-breadcrumb-separator\">&raquo;<\/span><span class=\"aioseo-breadcrumb\">\n\t\t\t<a href=\"https:\/\/anoticiaonline.com.br\/site\/categoria\/gerais\/\" title=\"Gerais\">Gerais<\/a>\n\t\t<\/span><span class=\"aioseo-breadcrumb-separator\">&raquo;<\/span><span class=\"aioseo-breadcrumb\">\n\t\t\tAnatel come\u00e7a a bloquear celular pirata a partir de maio de 2018\n\t\t<\/span><\/div>","aioseo_breadcrumb_json":[{"label":"Home","link":"https:\/\/anoticiaonline.com.br\/site"},{"label":"Gerais","link":"https:\/\/anoticiaonline.com.br\/site\/categoria\/gerais\/"},{"label":"Anatel come\u00e7a a bloquear celular pirata a partir de maio de 2018","link":"https:\/\/anoticiaonline.com.br\/site\/anatel-comeca-a-bloquear-celular-pirata-a-partir-de-maio-de-2018\/"}],"views":142,"_links":{"self":[{"href":"https:\/\/anoticiaonline.com.br\/site\/wp-json\/wp\/v2\/posts\/46442","targetHints":{"allow":["GET"]}}],"collection":[{"href":"https:\/\/anoticiaonline.com.br\/site\/wp-json\/wp\/v2\/posts"}],"about":[{"href":"https:\/\/anoticiaonline.com.br\/site\/wp-json\/wp\/v2\/types\/post"}],"author":[{"embeddable":true,"href":"https:\/\/anoticiaonline.com.br\/site\/wp-json\/wp\/v2\/users\/2"}],"replies":[{"embeddable":true,"href":"https:\/\/anoticiaonline.com.br\/site\/wp-json\/wp\/v2\/comments?post=46442"}],"version-history":[{"count":0,"href":"https:\/\/anoticiaonline.com.br\/site\/wp-json\/wp\/v2\/posts\/46442\/revisions"}],"wp:featuredmedia":[{"embeddable":true,"href":"https:\/\/anoticiaonline.com.br\/site\/wp-json\/wp\/v2\/media\/46443"}],"wp:attachment":[{"href":"https:\/\/anoticiaonline.com.br\/site\/wp-json\/wp\/v2\/media?parent=46442"}],"wp:term":[{"taxonomy":"category","embeddable":true,"href":"https:\/\/anoticiaonline.com.br\/site\/wp-json\/wp\/v2\/categories?post=46442"},{"taxonomy":"post_tag","embeddable":true,"href":"https:\/\/anoticiaonline.com.br\/site\/wp-json\/wp\/v2\/tags?post=46442"}],"curies":[{"name":"wp","href":"https:\/\/api.w.org\/{rel}","templated":true}]}}