{"id":46217,"date":"2017-11-24T10:19:41","date_gmt":"2017-11-24T13:19:41","guid":{"rendered":"http:\/\/anoticiaonline.com.br\/site\/?p=46217"},"modified":"2017-11-24T10:24:06","modified_gmt":"2017-11-24T13:24:06","slug":"padre-cicero-machado-lanca-livro-em-dezembro","status":"publish","type":"post","link":"https:\/\/anoticiaonline.com.br\/site\/padre-cicero-machado-lanca-livro-em-dezembro\/","title":{"rendered":"Padre C\u00edcero Machado lan\u00e7a livro em dezembro"},"content":{"rendered":"<p><a href=\"https:\/\/anoticiaonline.com.br\/site\/wp-content\/uploads\/2017\/11\/Padre-C\u00edcero-Machado-lan\u00e7a-livro-em-dezembro.jpg\"><img fetchpriority=\"high\" decoding=\"async\" class=\"alignnone size-full wp-image-46234\" src=\"https:\/\/anoticiaonline.com.br\/site\/wp-content\/uploads\/2017\/11\/Padre-C\u00edcero-Machado-lan\u00e7a-livro-em-dezembro.jpg\" alt=\"\" width=\"640\" height=\"427\" srcset=\"https:\/\/anoticiaonline.com.br\/site\/wp-content\/uploads\/2017\/11\/Padre-C\u00edcero-Machado-lan\u00e7a-livro-em-dezembro.jpg 640w, https:\/\/anoticiaonline.com.br\/site\/wp-content\/uploads\/2017\/11\/Padre-C\u00edcero-Machado-lan\u00e7a-livro-em-dezembro-300x200.jpg 300w\" sizes=\"(max-width: 640px) 100vw, 640px\" \/><\/a><\/p>\n<p>O padre C\u00edcero Machado Ribeiro, mission\u00e1rio da Congrega\u00e7\u00e3o do Sagrado Cora\u00e7\u00e3o de Jesus, ir\u00e1 lan\u00e7ar, no dia 8 de dezembro (sexta-feira), o livro Advento e Natal, da colet\u00e2nea, Uma Boa Not\u00edcia. O lan\u00e7amento acontecer\u00e1 no audit\u00f3rio da Matriz S\u00e3o Paulo, com sess\u00e3o de aut\u00f3grafos, iniciando com uma missa em a\u00e7\u00e3o de gra\u00e7as, \u00e0s 19h.<\/p>\n<p>O evento acontecer\u00e1 no mesmo dia em que a Igreja Cat\u00f3lica celebra, mundialmente, os anivers\u00e1rios do Dogma da Imaculada Concei\u00e7\u00e3o de Maria e da funda\u00e7\u00e3o da Congrega\u00e7\u00e3o dos Mission\u00e1rios do Sagrado Cora\u00e7\u00e3o.<\/p>\n<p>A colet\u00e2nea Uma Boa Not\u00edcia \u00e9 um compilado dos 260 textos de reflex\u00e3o apresentados por ele e pela locutora, Zislene Magalh\u00e3es, no programa hom\u00f4nimo da R\u00e1dio Catedral de Muria\u00e9. Com p\u00fablico cativo, os ouvintes do ve\u00edculo de comunica\u00e7\u00e3o sentiram a necessidade de ter os textos em m\u00e3os para que pudessem ser utilizados em suas ora\u00e7\u00f5es cotidianas.<\/p>\n<p>Atendendo aos pedidos, ap\u00f3s uma imers\u00e3o espiritual, o sacerdote conseguiu reunir alguns seus pensamentos em liturgias di\u00e1rias e reflex\u00f5es do Evangelho. No momento, o primeiro volume aborda sobre o Advento e o Natal.<\/p>\n","protected":false},"excerpt":{"rendered":"<p>O padre C\u00edcero Machado Ribeiro, mission\u00e1rio da Congrega\u00e7\u00e3o do Sagrado Cora\u00e7\u00e3o de Jesus, ir\u00e1 lan\u00e7ar, no dia 8 de dezembro (sexta-feira), o livro Advento e Natal, da colet\u00e2nea, Uma Boa Not\u00edcia. O lan\u00e7amento acontecer\u00e1 no audit\u00f3rio da Matriz S\u00e3o Paulo, com sess\u00e3o de aut\u00f3grafos, iniciando com uma missa em a\u00e7\u00e3o de gra\u00e7as, \u00e0s 19h. O &#8230; <a title=\"Padre C\u00edcero Machado lan\u00e7a livro em dezembro\" class=\"read-more\" href=\"https:\/\/anoticiaonline.com.br\/site\/padre-cicero-machado-lanca-livro-em-dezembro\/\" aria-label=\"Read more about Padre C\u00edcero Machado lan\u00e7a livro em dezembro\">Ler mais<\/a><\/p>\n","protected":false},"author":2,"featured_media":46234,"comment_status":"open","ping_status":"open","sticky":false,"template":"","format":"standard","meta":{"_acf_changed":false,"_monsterinsights_skip_tracking":false,"footnotes":""},"categories":[30],"tags":[215,216,74,130],"class_list":["post-46217","post","type-post","status-publish","format-standard","has-post-thumbnail","hentry","category-muriae","tag-lancamento","tag-livro","tag-muriae","tag-padre"],"acf":[],"aioseo_notices":[],"aioseo_head":"\n\t\t<!-- All in One SEO 5.0.0.1 - aioseo.com -->\n\t<meta name=\"description\" content=\"O padre C\u00edcero Machado Ribeiro, mission\u00e1rio da Congrega\u00e7\u00e3o do Sagrado Cora\u00e7\u00e3o de Jesus, ir\u00e1 lan\u00e7ar, no dia 8 de dezembro (sexta-feira), o livro Advento e Natal, da colet\u00e2nea, Uma Boa Not\u00edcia. O lan\u00e7amento acontecer\u00e1 no audit\u00f3rio da Matriz S\u00e3o Paulo, com sess\u00e3o de aut\u00f3grafos, iniciando com uma missa em a\u00e7\u00e3o de gra\u00e7as, \u00e0s 19h. O\" \/>\n\t<meta name=\"robots\" content=\"max-image-preview:large\" \/>\n\t<meta name=\"author\" content=\"Juliana Laviola\"\/>\n\t<link rel=\"canonical\" href=\"https:\/\/anoticiaonline.com.br\/site\/padre-cicero-machado-lanca-livro-em-dezembro\/\" \/>\n\t<meta name=\"generator\" content=\"All in One SEO (AIOSEO) 5.0.0.1\" \/>\n\t\t<meta property=\"og:locale\" content=\"pt_BR\" \/>\n\t\t<meta property=\"og:site_name\" content=\"A Not\u00edcia Online - Noticias de Muria\u00e9 e regi\u00e3o\" \/>\n\t\t<meta property=\"og:type\" content=\"article\" \/>\n\t\t<meta property=\"og:title\" content=\"Padre C\u00edcero Machado lan\u00e7a livro em dezembro - A Not\u00edcia Online\" \/>\n\t\t<meta property=\"og:description\" content=\"O padre C\u00edcero Machado Ribeiro, mission\u00e1rio da Congrega\u00e7\u00e3o do Sagrado Cora\u00e7\u00e3o de Jesus, ir\u00e1 lan\u00e7ar, no dia 8 de dezembro (sexta-feira), o livro Advento e Natal, da colet\u00e2nea, Uma Boa Not\u00edcia. O lan\u00e7amento acontecer\u00e1 no audit\u00f3rio da Matriz S\u00e3o Paulo, com sess\u00e3o de aut\u00f3grafos, iniciando com uma missa em a\u00e7\u00e3o de gra\u00e7as, \u00e0s 19h. O\" \/>\n\t\t<meta property=\"og:url\" content=\"https:\/\/anoticiaonline.com.br\/site\/padre-cicero-machado-lanca-livro-em-dezembro\/\" \/>\n\t\t<meta property=\"og:image\" content=\"https:\/\/scontent-gig4-1.xx.fbcdn.net\/v\/t39.30808-1\/270437624_4564083193639691_6907940295614233970_n.jpg?stp=dst-jpg_s200x200_tt6&#038;_nc_cat=111&#038;ccb=1-7&#038;_nc_sid=f907e8&#038;_nc_ohc=SM1wRlP3lJwQ7kNvwEPuBYA&#038;_nc_oc=AdnqrjDN_BNjSSHWO-GbkIWH6fkGMLw4bqvL_NH6e2wMveX7G-rP2dAqsDSq1mJMOaY&#038;_nc_zt=24&#038;_nc_ht=scontent-gig4-1.xx&#038;_nc_gid=AoBFJeGrT1hVaew_6rchkQ&#038;oh=00_AfX7QmFGhQhG2jAllVgXCiM1ZrWgvtp80-Bfppyexh1QEg&#038;oe=689E923C\" \/>\n\t\t<meta property=\"og:image:secure_url\" content=\"https:\/\/scontent-gig4-1.xx.fbcdn.net\/v\/t39.30808-1\/270437624_4564083193639691_6907940295614233970_n.jpg?stp=dst-jpg_s200x200_tt6&#038;_nc_cat=111&#038;ccb=1-7&#038;_nc_sid=f907e8&#038;_nc_ohc=SM1wRlP3lJwQ7kNvwEPuBYA&#038;_nc_oc=AdnqrjDN_BNjSSHWO-GbkIWH6fkGMLw4bqvL_NH6e2wMveX7G-rP2dAqsDSq1mJMOaY&#038;_nc_zt=24&#038;_nc_ht=scontent-gig4-1.xx&#038;_nc_gid=AoBFJeGrT1hVaew_6rchkQ&#038;oh=00_AfX7QmFGhQhG2jAllVgXCiM1ZrWgvtp80-Bfppyexh1QEg&#038;oe=689E923C\" \/>\n\t\t<meta property=\"article:published_time\" content=\"2017-11-24T13:19:41+00:00\" \/>\n\t\t<meta property=\"article:modified_time\" content=\"2017-11-24T13:24:06+00:00\" \/>\n\t\t<meta name=\"twitter:card\" content=\"summary_large_image\" \/>\n\t\t<meta name=\"twitter:title\" content=\"Padre C\u00edcero Machado lan\u00e7a livro em dezembro - A Not\u00edcia Online\" \/>\n\t\t<meta name=\"twitter:description\" content=\"O padre C\u00edcero Machado Ribeiro, mission\u00e1rio da Congrega\u00e7\u00e3o do Sagrado Cora\u00e7\u00e3o de Jesus, ir\u00e1 lan\u00e7ar, no dia 8 de dezembro (sexta-feira), o livro Advento e Natal, da colet\u00e2nea, Uma Boa Not\u00edcia. O lan\u00e7amento acontecer\u00e1 no audit\u00f3rio da Matriz S\u00e3o Paulo, com sess\u00e3o de aut\u00f3grafos, iniciando com uma missa em a\u00e7\u00e3o de gra\u00e7as, \u00e0s 19h. O\" \/>\n\t\t<meta name=\"twitter:image\" content=\"https:\/\/scontent-gig4-1.xx.fbcdn.net\/v\/t39.30808-1\/270437624_4564083193639691_6907940295614233970_n.jpg?stp=dst-jpg_s200x200_tt6&amp;_nc_cat=111&amp;ccb=1-7&amp;_nc_sid=f907e8&amp;_nc_ohc=SM1wRlP3lJwQ7kNvwEPuBYA&amp;_nc_oc=AdnqrjDN_BNjSSHWO-GbkIWH6fkGMLw4bqvL_NH6e2wMveX7G-rP2dAqsDSq1mJMOaY&amp;_nc_zt=24&amp;_nc_ht=scontent-gig4-1.xx&amp;_nc_gid=AoBFJeGrT1hVaew_6rchkQ&amp;oh=00_AfX7QmFGhQhG2jAllVgXCiM1ZrWgvtp80-Bfppyexh1QEg&amp;oe=689E923C\" \/>\n\t\t<script type=\"application\/ld+json\" class=\"aioseo-schema\">\n\t\t\t{\"@context\":\"https:\\\/\\\/schema.org\",\"@graph\":[{\"@type\":\"BlogPosting\",\"@id\":\"https:\\\/\\\/anoticiaonline.com.br\\\/site\\\/padre-cicero-machado-lanca-livro-em-dezembro\\\/#blogposting\",\"name\":\"Padre C\\u00edcero Machado lan\\u00e7a livro em dezembro - A Not\\u00edcia Online\",\"headline\":\"Padre C\\u00edcero Machado lan\\u00e7a livro em dezembro\",\"author\":{\"@id\":\"https:\\\/\\\/anoticiaonline.com.br\\\/site\\\/author\\\/juliana\\\/#author\"},\"publisher\":{\"@id\":\"https:\\\/\\\/anoticiaonline.com.br\\\/site\\\/#organization\"},\"image\":{\"@type\":\"ImageObject\",\"url\":\"https:\\\/\\\/anoticiaonline.com.br\\\/site\\\/wp-content\\\/uploads\\\/2017\\\/11\\\/Padre-C\\u00edcero-Machado-lan\\u00e7a-livro-em-dezembro.jpg\",\"width\":640,\"height\":427},\"datePublished\":\"2017-11-24T10:19:41-03:00\",\"dateModified\":\"2017-11-24T10:24:06-03:00\",\"inLanguage\":\"pt-BR\",\"mainEntityOfPage\":{\"@id\":\"https:\\\/\\\/anoticiaonline.com.br\\\/site\\\/padre-cicero-machado-lanca-livro-em-dezembro\\\/#webpage\"},\"isPartOf\":{\"@id\":\"https:\\\/\\\/anoticiaonline.com.br\\\/site\\\/padre-cicero-machado-lanca-livro-em-dezembro\\\/#webpage\"},\"articleSection\":\"Blog, lan\\u00e7amento, livro, Muria\\u00e9, Padre\"},{\"@type\":\"BreadcrumbList\",\"@id\":\"https:\\\/\\\/anoticiaonline.com.br\\\/site\\\/padre-cicero-machado-lanca-livro-em-dezembro\\\/#breadcrumblist\",\"itemListElement\":[{\"@type\":\"ListItem\",\"@id\":\"https:\\\/\\\/anoticiaonline.com.br\\\/site#listItem\",\"position\":1,\"name\":\"Home\",\"item\":\"https:\\\/\\\/anoticiaonline.com.br\\\/site\",\"nextItem\":{\"@type\":\"ListItem\",\"@id\":\"https:\\\/\\\/anoticiaonline.com.br\\\/site\\\/categoria\\\/muriae\\\/#listItem\",\"name\":\"Blog\"}},{\"@type\":\"ListItem\",\"@id\":\"https:\\\/\\\/anoticiaonline.com.br\\\/site\\\/categoria\\\/muriae\\\/#listItem\",\"position\":2,\"name\":\"Blog\",\"item\":\"https:\\\/\\\/anoticiaonline.com.br\\\/site\\\/categoria\\\/muriae\\\/\",\"nextItem\":{\"@type\":\"ListItem\",\"@id\":\"https:\\\/\\\/anoticiaonline.com.br\\\/site\\\/padre-cicero-machado-lanca-livro-em-dezembro\\\/#listItem\",\"name\":\"Padre C\\u00edcero Machado lan\\u00e7a livro em dezembro\"},\"previousItem\":{\"@type\":\"ListItem\",\"@id\":\"https:\\\/\\\/anoticiaonline.com.br\\\/site#listItem\",\"name\":\"Home\"}},{\"@type\":\"ListItem\",\"@id\":\"https:\\\/\\\/anoticiaonline.com.br\\\/site\\\/padre-cicero-machado-lanca-livro-em-dezembro\\\/#listItem\",\"position\":3,\"name\":\"Padre C\\u00edcero Machado lan\\u00e7a livro em dezembro\",\"previousItem\":{\"@type\":\"ListItem\",\"@id\":\"https:\\\/\\\/anoticiaonline.com.br\\\/site\\\/categoria\\\/muriae\\\/#listItem\",\"name\":\"Blog\"}}]},{\"@type\":\"Organization\",\"@id\":\"https:\\\/\\\/anoticiaonline.com.br\\\/site\\\/#organization\",\"name\":\"A Not\\u00edcia Online\",\"description\":\"Noticias de Muria\\u00e9 e regi\\u00e3o\",\"url\":\"https:\\\/\\\/anoticiaonline.com.br\\\/site\\\/\",\"logo\":{\"@type\":\"ImageObject\",\"url\":\"https:\\\/\\\/scontent-gig4-1.xx.fbcdn.net\\\/v\\\/t39.30808-1\\\/270437624_4564083193639691_6907940295614233970_n.jpg?stp=dst-jpg_s200x200_tt6&_nc_cat=111&ccb=1-7&_nc_sid=f907e8&_nc_ohc=SM1wRlP3lJwQ7kNvwEPuBYA&_nc_oc=AdnqrjDN_BNjSSHWO-GbkIWH6fkGMLw4bqvL_NH6e2wMveX7G-rP2dAqsDSq1mJMOaY&_nc_zt=24&_nc_ht=scontent-gig4-1.xx&_nc_gid=AoBFJeGrT1hVaew_6rchkQ&oh=00_AfX7QmFGhQhG2jAllVgXCiM1ZrWgvtp80-Bfppyexh1QEg&oe=689E923C\",\"@id\":\"https:\\\/\\\/anoticiaonline.com.br\\\/site\\\/padre-cicero-machado-lanca-livro-em-dezembro\\\/#organizationLogo\"},\"image\":{\"@id\":\"https:\\\/\\\/anoticiaonline.com.br\\\/site\\\/padre-cicero-machado-lanca-livro-em-dezembro\\\/#organizationLogo\"}},{\"@type\":\"Person\",\"@id\":\"https:\\\/\\\/anoticiaonline.com.br\\\/site\\\/author\\\/juliana\\\/#author\",\"url\":\"https:\\\/\\\/anoticiaonline.com.br\\\/site\\\/author\\\/juliana\\\/\",\"name\":\"Juliana Laviola\",\"image\":{\"@type\":\"ImageObject\",\"@id\":\"https:\\\/\\\/anoticiaonline.com.br\\\/site\\\/padre-cicero-machado-lanca-livro-em-dezembro\\\/#authorImage\",\"url\":\"https:\\\/\\\/secure.gravatar.com\\\/avatar\\\/b8d45f5c699b100dfaf0e543582f38f38bf94cb7ae3a5e9abf8d891a34773335?s=96&d=mm&r=g\",\"width\":96,\"height\":96,\"caption\":\"Juliana Laviola\"}},{\"@type\":\"WebPage\",\"@id\":\"https:\\\/\\\/anoticiaonline.com.br\\\/site\\\/padre-cicero-machado-lanca-livro-em-dezembro\\\/#webpage\",\"url\":\"https:\\\/\\\/anoticiaonline.com.br\\\/site\\\/padre-cicero-machado-lanca-livro-em-dezembro\\\/\",\"name\":\"Padre C\\u00edcero Machado lan\\u00e7a livro em dezembro - A Not\\u00edcia Online\",\"description\":\"O padre C\\u00edcero Machado Ribeiro, mission\\u00e1rio da Congrega\\u00e7\\u00e3o do Sagrado Cora\\u00e7\\u00e3o de Jesus, ir\\u00e1 lan\\u00e7ar, no dia 8 de dezembro (sexta-feira), o livro Advento e Natal, da colet\\u00e2nea, Uma Boa Not\\u00edcia. O lan\\u00e7amento acontecer\\u00e1 no audit\\u00f3rio da Matriz S\\u00e3o Paulo, com sess\\u00e3o de aut\\u00f3grafos, iniciando com uma missa em a\\u00e7\\u00e3o de gra\\u00e7as, \\u00e0s 19h. O\",\"inLanguage\":\"pt-BR\",\"isPartOf\":{\"@id\":\"https:\\\/\\\/anoticiaonline.com.br\\\/site\\\/#website\"},\"breadcrumb\":{\"@id\":\"https:\\\/\\\/anoticiaonline.com.br\\\/site\\\/padre-cicero-machado-lanca-livro-em-dezembro\\\/#breadcrumblist\"},\"author\":{\"@id\":\"https:\\\/\\\/anoticiaonline.com.br\\\/site\\\/author\\\/juliana\\\/#author\"},\"creator\":{\"@id\":\"https:\\\/\\\/anoticiaonline.com.br\\\/site\\\/author\\\/juliana\\\/#author\"},\"image\":{\"@type\":\"ImageObject\",\"url\":\"https:\\\/\\\/anoticiaonline.com.br\\\/site\\\/wp-content\\\/uploads\\\/2017\\\/11\\\/Padre-C\\u00edcero-Machado-lan\\u00e7a-livro-em-dezembro.jpg\",\"@id\":\"https:\\\/\\\/anoticiaonline.com.br\\\/site\\\/padre-cicero-machado-lanca-livro-em-dezembro\\\/#mainImage\",\"width\":640,\"height\":427},\"primaryImageOfPage\":{\"@id\":\"https:\\\/\\\/anoticiaonline.com.br\\\/site\\\/padre-cicero-machado-lanca-livro-em-dezembro\\\/#mainImage\"},\"datePublished\":\"2017-11-24T10:19:41-03:00\",\"dateModified\":\"2017-11-24T10:24:06-03:00\"},{\"@type\":\"WebSite\",\"@id\":\"https:\\\/\\\/anoticiaonline.com.br\\\/site\\\/#website\",\"url\":\"https:\\\/\\\/anoticiaonline.com.br\\\/site\\\/\",\"name\":\"A Not\\u00edcia Online\",\"description\":\"Noticias de Muria\\u00e9 e regi\\u00e3o\",\"inLanguage\":\"pt-BR\",\"publisher\":{\"@id\":\"https:\\\/\\\/anoticiaonline.com.br\\\/site\\\/#organization\"}}]}\n\t\t<\/script>\n\t\t<!-- All in One SEO -->\n\n","aioseo_head_json":{"title":"Padre C\u00edcero Machado lan\u00e7a livro em dezembro - A Not\u00edcia Online","description":"O padre C\u00edcero Machado Ribeiro, mission\u00e1rio da Congrega\u00e7\u00e3o do Sagrado Cora\u00e7\u00e3o de Jesus, ir\u00e1 lan\u00e7ar, no dia 8 de dezembro (sexta-feira), o livro Advento e Natal, da colet\u00e2nea, Uma Boa Not\u00edcia. O lan\u00e7amento acontecer\u00e1 no audit\u00f3rio da Matriz S\u00e3o Paulo, com sess\u00e3o de aut\u00f3grafos, iniciando com uma missa em a\u00e7\u00e3o de gra\u00e7as, \u00e0s 19h. O","canonical_url":"https:\/\/anoticiaonline.com.br\/site\/padre-cicero-machado-lanca-livro-em-dezembro\/","robots":"max-image-preview:large","keywords":"","webmasterTools":{"miscellaneous":""},"schema":{"@context":"https:\/\/schema.org","@graph":[{"@type":"BlogPosting","@id":"https:\/\/anoticiaonline.com.br\/site\/padre-cicero-machado-lanca-livro-em-dezembro\/#blogposting","name":"Padre C\u00edcero Machado lan\u00e7a livro em dezembro - A Not\u00edcia Online","headline":"Padre C\u00edcero Machado lan\u00e7a livro em dezembro","author":{"@id":"https:\/\/anoticiaonline.com.br\/site\/author\/juliana\/#author"},"publisher":{"@id":"https:\/\/anoticiaonline.com.br\/site\/#organization"},"image":{"@type":"ImageObject","url":"https:\/\/anoticiaonline.com.br\/site\/wp-content\/uploads\/2017\/11\/Padre-C\u00edcero-Machado-lan\u00e7a-livro-em-dezembro.jpg","width":640,"height":427},"datePublished":"2017-11-24T10:19:41-03:00","dateModified":"2017-11-24T10:24:06-03:00","inLanguage":"pt-BR","mainEntityOfPage":{"@id":"https:\/\/anoticiaonline.com.br\/site\/padre-cicero-machado-lanca-livro-em-dezembro\/#webpage"},"isPartOf":{"@id":"https:\/\/anoticiaonline.com.br\/site\/padre-cicero-machado-lanca-livro-em-dezembro\/#webpage"},"articleSection":"Blog, lan\u00e7amento, livro, Muria\u00e9, Padre"},{"@type":"BreadcrumbList","@id":"https:\/\/anoticiaonline.com.br\/site\/padre-cicero-machado-lanca-livro-em-dezembro\/#breadcrumblist","itemListElement":[{"@type":"ListItem","@id":"https:\/\/anoticiaonline.com.br\/site#listItem","position":1,"name":"Home","item":"https:\/\/anoticiaonline.com.br\/site","nextItem":{"@type":"ListItem","@id":"https:\/\/anoticiaonline.com.br\/site\/categoria\/muriae\/#listItem","name":"Blog"}},{"@type":"ListItem","@id":"https:\/\/anoticiaonline.com.br\/site\/categoria\/muriae\/#listItem","position":2,"name":"Blog","item":"https:\/\/anoticiaonline.com.br\/site\/categoria\/muriae\/","nextItem":{"@type":"ListItem","@id":"https:\/\/anoticiaonline.com.br\/site\/padre-cicero-machado-lanca-livro-em-dezembro\/#listItem","name":"Padre C\u00edcero Machado lan\u00e7a livro em dezembro"},"previousItem":{"@type":"ListItem","@id":"https:\/\/anoticiaonline.com.br\/site#listItem","name":"Home"}},{"@type":"ListItem","@id":"https:\/\/anoticiaonline.com.br\/site\/padre-cicero-machado-lanca-livro-em-dezembro\/#listItem","position":3,"name":"Padre C\u00edcero Machado lan\u00e7a livro em dezembro","previousItem":{"@type":"ListItem","@id":"https:\/\/anoticiaonline.com.br\/site\/categoria\/muriae\/#listItem","name":"Blog"}}]},{"@type":"Organization","@id":"https:\/\/anoticiaonline.com.br\/site\/#organization","name":"A Not\u00edcia Online","description":"Noticias de Muria\u00e9 e regi\u00e3o","url":"https:\/\/anoticiaonline.com.br\/site\/","logo":{"@type":"ImageObject","url":"https:\/\/scontent-gig4-1.xx.fbcdn.net\/v\/t39.30808-1\/270437624_4564083193639691_6907940295614233970_n.jpg?stp=dst-jpg_s200x200_tt6&_nc_cat=111&ccb=1-7&_nc_sid=f907e8&_nc_ohc=SM1wRlP3lJwQ7kNvwEPuBYA&_nc_oc=AdnqrjDN_BNjSSHWO-GbkIWH6fkGMLw4bqvL_NH6e2wMveX7G-rP2dAqsDSq1mJMOaY&_nc_zt=24&_nc_ht=scontent-gig4-1.xx&_nc_gid=AoBFJeGrT1hVaew_6rchkQ&oh=00_AfX7QmFGhQhG2jAllVgXCiM1ZrWgvtp80-Bfppyexh1QEg&oe=689E923C","@id":"https:\/\/anoticiaonline.com.br\/site\/padre-cicero-machado-lanca-livro-em-dezembro\/#organizationLogo"},"image":{"@id":"https:\/\/anoticiaonline.com.br\/site\/padre-cicero-machado-lanca-livro-em-dezembro\/#organizationLogo"}},{"@type":"Person","@id":"https:\/\/anoticiaonline.com.br\/site\/author\/juliana\/#author","url":"https:\/\/anoticiaonline.com.br\/site\/author\/juliana\/","name":"Juliana Laviola","image":{"@type":"ImageObject","@id":"https:\/\/anoticiaonline.com.br\/site\/padre-cicero-machado-lanca-livro-em-dezembro\/#authorImage","url":"https:\/\/secure.gravatar.com\/avatar\/b8d45f5c699b100dfaf0e543582f38f38bf94cb7ae3a5e9abf8d891a34773335?s=96&d=mm&r=g","width":96,"height":96,"caption":"Juliana Laviola"}},{"@type":"WebPage","@id":"https:\/\/anoticiaonline.com.br\/site\/padre-cicero-machado-lanca-livro-em-dezembro\/#webpage","url":"https:\/\/anoticiaonline.com.br\/site\/padre-cicero-machado-lanca-livro-em-dezembro\/","name":"Padre C\u00edcero Machado lan\u00e7a livro em dezembro - A Not\u00edcia Online","description":"O padre C\u00edcero Machado Ribeiro, mission\u00e1rio da Congrega\u00e7\u00e3o do Sagrado Cora\u00e7\u00e3o de Jesus, ir\u00e1 lan\u00e7ar, no dia 8 de dezembro (sexta-feira), o livro Advento e Natal, da colet\u00e2nea, Uma Boa Not\u00edcia. O lan\u00e7amento acontecer\u00e1 no audit\u00f3rio da Matriz S\u00e3o Paulo, com sess\u00e3o de aut\u00f3grafos, iniciando com uma missa em a\u00e7\u00e3o de gra\u00e7as, \u00e0s 19h. O","inLanguage":"pt-BR","isPartOf":{"@id":"https:\/\/anoticiaonline.com.br\/site\/#website"},"breadcrumb":{"@id":"https:\/\/anoticiaonline.com.br\/site\/padre-cicero-machado-lanca-livro-em-dezembro\/#breadcrumblist"},"author":{"@id":"https:\/\/anoticiaonline.com.br\/site\/author\/juliana\/#author"},"creator":{"@id":"https:\/\/anoticiaonline.com.br\/site\/author\/juliana\/#author"},"image":{"@type":"ImageObject","url":"https:\/\/anoticiaonline.com.br\/site\/wp-content\/uploads\/2017\/11\/Padre-C\u00edcero-Machado-lan\u00e7a-livro-em-dezembro.jpg","@id":"https:\/\/anoticiaonline.com.br\/site\/padre-cicero-machado-lanca-livro-em-dezembro\/#mainImage","width":640,"height":427},"primaryImageOfPage":{"@id":"https:\/\/anoticiaonline.com.br\/site\/padre-cicero-machado-lanca-livro-em-dezembro\/#mainImage"},"datePublished":"2017-11-24T10:19:41-03:00","dateModified":"2017-11-24T10:24:06-03:00"},{"@type":"WebSite","@id":"https:\/\/anoticiaonline.com.br\/site\/#website","url":"https:\/\/anoticiaonline.com.br\/site\/","name":"A Not\u00edcia Online","description":"Noticias de Muria\u00e9 e regi\u00e3o","inLanguage":"pt-BR","publisher":{"@id":"https:\/\/anoticiaonline.com.br\/site\/#organization"}}]},"og:locale":"pt_BR","og:site_name":"A Not\u00edcia Online - Noticias de Muria\u00e9 e regi\u00e3o","og:type":"article","og:title":"Padre C\u00edcero Machado lan\u00e7a livro em dezembro - A Not\u00edcia Online","og:description":"O padre C\u00edcero Machado Ribeiro, mission\u00e1rio da Congrega\u00e7\u00e3o do Sagrado Cora\u00e7\u00e3o de Jesus, ir\u00e1 lan\u00e7ar, no dia 8 de dezembro (sexta-feira), o livro Advento e Natal, da colet\u00e2nea, Uma Boa Not\u00edcia. O lan\u00e7amento acontecer\u00e1 no audit\u00f3rio da Matriz S\u00e3o Paulo, com sess\u00e3o de aut\u00f3grafos, iniciando com uma missa em a\u00e7\u00e3o de gra\u00e7as, \u00e0s 19h. O","og:url":"https:\/\/anoticiaonline.com.br\/site\/padre-cicero-machado-lanca-livro-em-dezembro\/","og:image":"https:\/\/scontent-gig4-1.xx.fbcdn.net\/v\/t39.30808-1\/270437624_4564083193639691_6907940295614233970_n.jpg?stp=dst-jpg_s200x200_tt6&#038;_nc_cat=111&#038;ccb=1-7&#038;_nc_sid=f907e8&#038;_nc_ohc=SM1wRlP3lJwQ7kNvwEPuBYA&#038;_nc_oc=AdnqrjDN_BNjSSHWO-GbkIWH6fkGMLw4bqvL_NH6e2wMveX7G-rP2dAqsDSq1mJMOaY&#038;_nc_zt=24&#038;_nc_ht=scontent-gig4-1.xx&#038;_nc_gid=AoBFJeGrT1hVaew_6rchkQ&#038;oh=00_AfX7QmFGhQhG2jAllVgXCiM1ZrWgvtp80-Bfppyexh1QEg&#038;oe=689E923C","og:image:secure_url":"https:\/\/scontent-gig4-1.xx.fbcdn.net\/v\/t39.30808-1\/270437624_4564083193639691_6907940295614233970_n.jpg?stp=dst-jpg_s200x200_tt6&#038;_nc_cat=111&#038;ccb=1-7&#038;_nc_sid=f907e8&#038;_nc_ohc=SM1wRlP3lJwQ7kNvwEPuBYA&#038;_nc_oc=AdnqrjDN_BNjSSHWO-GbkIWH6fkGMLw4bqvL_NH6e2wMveX7G-rP2dAqsDSq1mJMOaY&#038;_nc_zt=24&#038;_nc_ht=scontent-gig4-1.xx&#038;_nc_gid=AoBFJeGrT1hVaew_6rchkQ&#038;oh=00_AfX7QmFGhQhG2jAllVgXCiM1ZrWgvtp80-Bfppyexh1QEg&#038;oe=689E923C","article:published_time":"2017-11-24T13:19:41+00:00","article:modified_time":"2017-11-24T13:24:06+00:00","twitter:card":"summary_large_image","twitter:title":"Padre C\u00edcero Machado lan\u00e7a livro em dezembro - A Not\u00edcia Online","twitter:description":"O padre C\u00edcero Machado Ribeiro, mission\u00e1rio da Congrega\u00e7\u00e3o do Sagrado Cora\u00e7\u00e3o de Jesus, ir\u00e1 lan\u00e7ar, no dia 8 de dezembro (sexta-feira), o livro Advento e Natal, da colet\u00e2nea, Uma Boa Not\u00edcia. O lan\u00e7amento acontecer\u00e1 no audit\u00f3rio da Matriz S\u00e3o Paulo, com sess\u00e3o de aut\u00f3grafos, iniciando com uma missa em a\u00e7\u00e3o de gra\u00e7as, \u00e0s 19h. O","twitter:image":"https:\/\/scontent-gig4-1.xx.fbcdn.net\/v\/t39.30808-1\/270437624_4564083193639691_6907940295614233970_n.jpg?stp=dst-jpg_s200x200_tt6&_nc_cat=111&ccb=1-7&_nc_sid=f907e8&_nc_ohc=SM1wRlP3lJwQ7kNvwEPuBYA&_nc_oc=AdnqrjDN_BNjSSHWO-GbkIWH6fkGMLw4bqvL_NH6e2wMveX7G-rP2dAqsDSq1mJMOaY&_nc_zt=24&_nc_ht=scontent-gig4-1.xx&_nc_gid=AoBFJeGrT1hVaew_6rchkQ&oh=00_AfX7QmFGhQhG2jAllVgXCiM1ZrWgvtp80-Bfppyexh1QEg&oe=689E923C"},"aioseo_meta_data":{"post_id":"46217","title":null,"description":null,"keywords":null,"keyphrases":null,"primary_term":null,"canonical_url":null,"og_title":null,"og_description":null,"og_object_type":"default","og_image_type":"default","og_image_url":null,"og_image_width":null,"og_image_height":null,"og_image_custom_url":null,"og_image_custom_fields":null,"og_video":null,"og_custom_url":null,"og_article_section":null,"og_article_tags":null,"twitter_use_og":false,"twitter_card":"default","twitter_image_type":"default","twitter_image_url":null,"twitter_image_custom_url":null,"twitter_image_custom_fields":null,"twitter_title":null,"twitter_description":null,"schema":{"blockGraphs":[],"customGraphs":[],"default":{"data":{"Article":[],"Course":[],"Dataset":[],"FAQPage":[],"Movie":[],"Person":[],"Product":[],"ProductReview":[],"Car":[],"Recipe":[],"Service":[],"SoftwareApplication":[],"WebPage":[]},"graphName":"","isEnabled":true},"graphs":[]},"schema_type":"default","schema_type_options":null,"pillar_content":false,"robots_default":true,"robots_noindex":false,"robots_noarchive":false,"robots_nosnippet":false,"robots_nofollow":false,"robots_noimageindex":false,"robots_noodp":false,"robots_notranslate":false,"robots_max_snippet":null,"robots_max_videopreview":null,"robots_max_imagepreview":"large","priority":null,"frequency":null,"local_seo":null,"breadcrumb_settings":null,"limit_modified_date":false,"ai":null,"created":"2025-08-16 19:52:17","updated":"2025-08-16 19:52:17","focus_keyword":null,"additional_keywords":null,"truseo_locale":null,"seo_analyzer_scan_date":null},"aioseo_breadcrumb":"<div class=\"aioseo-breadcrumbs\"><span class=\"aioseo-breadcrumb\">\n\t\t\t<a href=\"https:\/\/anoticiaonline.com.br\/site\" title=\"Home\">Home<\/a>\n\t\t<\/span><span class=\"aioseo-breadcrumb-separator\">&raquo;<\/span><span class=\"aioseo-breadcrumb\">\n\t\t\t<a href=\"https:\/\/anoticiaonline.com.br\/site\/categoria\/muriae\/\" title=\"Blog\">Blog<\/a>\n\t\t<\/span><span class=\"aioseo-breadcrumb-separator\">&raquo;<\/span><span class=\"aioseo-breadcrumb\">\n\t\t\tPadre C\u00edcero Machado lan\u00e7a livro em dezembro\n\t\t<\/span><\/div>","aioseo_breadcrumb_json":[{"label":"Home","link":"https:\/\/anoticiaonline.com.br\/site"},{"label":"Blog","link":"https:\/\/anoticiaonline.com.br\/site\/categoria\/muriae\/"},{"label":"Padre C\u00edcero Machado lan\u00e7a livro em dezembro","link":"https:\/\/anoticiaonline.com.br\/site\/padre-cicero-machado-lanca-livro-em-dezembro\/"}],"views":154,"_links":{"self":[{"href":"https:\/\/anoticiaonline.com.br\/site\/wp-json\/wp\/v2\/posts\/46217","targetHints":{"allow":["GET"]}}],"collection":[{"href":"https:\/\/anoticiaonline.com.br\/site\/wp-json\/wp\/v2\/posts"}],"about":[{"href":"https:\/\/anoticiaonline.com.br\/site\/wp-json\/wp\/v2\/types\/post"}],"author":[{"embeddable":true,"href":"https:\/\/anoticiaonline.com.br\/site\/wp-json\/wp\/v2\/users\/2"}],"replies":[{"embeddable":true,"href":"https:\/\/anoticiaonline.com.br\/site\/wp-json\/wp\/v2\/comments?post=46217"}],"version-history":[{"count":0,"href":"https:\/\/anoticiaonline.com.br\/site\/wp-json\/wp\/v2\/posts\/46217\/revisions"}],"wp:featuredmedia":[{"embeddable":true,"href":"https:\/\/anoticiaonline.com.br\/site\/wp-json\/wp\/v2\/media\/46234"}],"wp:attachment":[{"href":"https:\/\/anoticiaonline.com.br\/site\/wp-json\/wp\/v2\/media?parent=46217"}],"wp:term":[{"taxonomy":"category","embeddable":true,"href":"https:\/\/anoticiaonline.com.br\/site\/wp-json\/wp\/v2\/categories?post=46217"},{"taxonomy":"post_tag","embeddable":true,"href":"https:\/\/anoticiaonline.com.br\/site\/wp-json\/wp\/v2\/tags?post=46217"}],"curies":[{"name":"wp","href":"https:\/\/api.w.org\/{rel}","templated":true}]}}