{"id":45886,"date":"2017-11-23T19:42:27","date_gmt":"2017-11-23T22:42:27","guid":{"rendered":"http:\/\/anoticiaonline.com.br\/site\/?p=45886"},"modified":"2017-11-23T19:42:27","modified_gmt":"2017-11-23T22:42:27","slug":"dionisia","status":"publish","type":"post","link":"https:\/\/anoticiaonline.com.br\/site\/dionisia\/","title":{"rendered":"Dion\u00edsia"},"content":{"rendered":"<p>Adellunar Marge<\/p>\n<p>Quando as primeiras uvas surgiram, ainda eram uvas selvagens. Ainda n\u00e3o haviam sofrido a interfer\u00eancia da m\u00e3o dos homens que atrav\u00e9s da observa\u00e7\u00e3o, prova\u00e7\u00e3o e manuseio, aperfei\u00e7oariam variadas esp\u00e9cies, dando-lhes nomes e catalogando suas qualidades. Disseminadas principalmente pelos gregos e pelos romanos, as uvas se difundiram pela It\u00e1lia, Fran\u00e7a, Portugal, Espanha e dezenas de outras regi\u00f5es, at\u00e9 migrarem para a Am\u00e9rica. Em cada regi\u00e3o adquiria um status pr\u00f3prio, em raz\u00e3o do terreno e do clima, produzindo vinhos caracter\u00edsticos daquela regi\u00e3o e transformando-se no orgulho de cada comunidade que produzia esses vinhos. Algumas variedades de uvas s\u00e3o apenas para se degustar como frutos e outras, chamadas vin\u00edferas, s\u00e3o pr\u00f3prias para a produ\u00e7\u00e3o do vinho, com teores alco\u00f3licos vari\u00e1veis e paladares e odores tamb\u00e9m diversos. As uvas que se prestam ao consumo como frutos in natura tamb\u00e9m s\u00e3o de esp\u00e9cies variadas e mesmo n\u00e3o se prestando \u00e0 produ\u00e7\u00e3o do vinho, satisfazem o paladar dos homens. S\u00e3o as parreiras, comuns em muitas casas, como na minha.<\/p>\n<p>A parreira da minha casa tem as ra\u00edzes fincadas em meu jardim e seus ramos, subindo pela parede, j\u00e1 contornam quase que por inteiro o terra\u00e7o. Batizei-a, como Dion\u00edsia em homenagem a Dion\u00edso, o malicioso e brincalh\u00e3o deus grego da alegria e da liberdade de esp\u00edrito.<\/p>\n<p>Dion\u00edsia vem a ser bisneta da antiga e frondosa parreira que vicejava na casa dos meus pais, na rua desembargador Can\u00eado, a antiga Rua do Canto de inesquec\u00edveis mem\u00f3rias. Dion\u00edsia n\u00e3o possui a nobreza das uvas de renome ou \u201cvitis-viniferas\u201d, como s\u00e3o chamadas, embora lhes guarde um parentesco, ainda que long\u00ednquo. As \u201cvitis-vin\u00edferas\u201d sim, transitam pela boca dos en\u00f3logos como Merlot, Cabernet, Malbec, as pequeninas e esnobes Pinot-noir dos afamados espumantes e tantas outras esp\u00e9cies que satisfazem o paladar dos apreciadores de vinho. A Dion\u00edsia \u00e9 simples, comum, chamada apenas de parreira ou p\u00e9 de uva, mas guarda em seus cachos negros como a noite (quando maduros) uma do\u00e7ura inigual\u00e1vel. Jamais ter\u00e1 o seu esp\u00edrito contido em um barril de madeira ou no c\u00e1rcere de uma garrafa, esperando que um apreciador dos seus dons o liberte, como disse Baudelaire em seu poema , A Alma do Vinho: \u201c&#8230;<em>homem, deserdado amigo, eu te compus neste c\u00e1rcere de vidro em que me abafas, um c\u00e2ntico de fraternidade e luz&#8230;\u201d<\/em> . Mas se Dion\u00edsia n\u00e3o se transmuda em vinho, deixa-se degustar como fruto e retribui com a do\u00e7ura dos seus cachos.<\/p>\n<p>A antiga parreira da rua do Canto que lhe deu origem teve origem em uma muda cedida gentilmente ao meu pai pelo senhor Em\u00edlio Filippini, nosso amigo e vizinho de origem italiana, h\u00e1 mais de sessenta anos. Com a cess\u00e3o da muda o senhor Filippini forneceu as instru\u00e7\u00f5es para a sua manuten\u00e7\u00e3o, instru\u00e7\u00f5es que seguimos at\u00e9 hoje para as diversas descendentes daquela primitiva muda: \u201cuva gosta de sombra no p\u00e9 e sol nas folhas e deve ser podada duas vezes por ano: uma na primeira lua nova de mar\u00e7o e a outra na primeira lua nova de agosto\u201d. Assim eu fa\u00e7o e duas vezes por ano a Dion\u00edsia d\u00e1 os seus generosos frutos, degustados n\u00e3o s\u00f3 por n\u00f3s, os donos da casa, mas por gulosos morcegos durante as noites e por sa\u00edras, sanha\u00e7os e o casal de sabi\u00e1s, ass\u00edduo freq\u00fcentador do nosso jardim.<\/p>\n<p>Os bra\u00e7os da majestosa parreira j\u00e1 ocupam a frente e uma das laterais do terra\u00e7o, enla\u00e7ando os arames estendidos com o abra\u00e7o dos seus ramos para sustentar o peso das dezenas de cachos que, antes do Natal, j\u00e1 estar\u00e3o maduros. Enquanto isso, esperamos. N\u00f3s&#8230; os p\u00e1ssaros&#8230; e os morcegos, para dividirmos a colheita.<\/p>\n","protected":false},"excerpt":{"rendered":"<p>Adellunar Marge Quando as primeiras uvas surgiram, ainda eram uvas selvagens. Ainda n\u00e3o haviam sofrido a interfer\u00eancia da m\u00e3o dos homens que atrav\u00e9s da observa\u00e7\u00e3o, prova\u00e7\u00e3o e manuseio, aperfei\u00e7oariam variadas esp\u00e9cies, dando-lhes nomes e catalogando suas qualidades. Disseminadas principalmente pelos gregos e pelos romanos, as uvas se difundiram pela It\u00e1lia, Fran\u00e7a, Portugal, Espanha e dezenas &#8230; <a title=\"Dion\u00edsia\" class=\"read-more\" href=\"https:\/\/anoticiaonline.com.br\/site\/dionisia\/\" aria-label=\"Read more about Dion\u00edsia\">Ler mais<\/a><\/p>\n","protected":false},"author":2,"featured_media":0,"comment_status":"open","ping_status":"open","sticky":false,"template":"","format":"standard","meta":{"_acf_changed":false,"_monsterinsights_skip_tracking":false,"footnotes":""},"categories":[31,36],"tags":[329,330,1602],"class_list":["post-45886","post","type-post","status-publish","format-standard","hentry","category-colunistas","category-logos-adellunar-marge","tag-adellunar-marge","tag-coluna","tag-dionisia"],"acf":[],"aioseo_notices":[],"aioseo_head":"\n\t\t<!-- All in One SEO 5.0.0.1 - aioseo.com -->\n\t<meta name=\"description\" content=\"Adellunar Marge Quando as primeiras uvas surgiram, ainda eram uvas selvagens. Ainda n\u00e3o haviam sofrido a interfer\u00eancia da m\u00e3o dos homens que atrav\u00e9s da observa\u00e7\u00e3o, prova\u00e7\u00e3o e manuseio, aperfei\u00e7oariam variadas esp\u00e9cies, dando-lhes nomes e catalogando suas qualidades. Disseminadas principalmente pelos gregos e pelos romanos, as uvas se difundiram pela It\u00e1lia, Fran\u00e7a, Portugal, Espanha e dezenas\" \/>\n\t<meta name=\"robots\" content=\"max-image-preview:large\" \/>\n\t<meta name=\"author\" content=\"Juliana Laviola\"\/>\n\t<link rel=\"canonical\" href=\"https:\/\/anoticiaonline.com.br\/site\/dionisia\/\" \/>\n\t<meta name=\"generator\" content=\"All in One SEO (AIOSEO) 5.0.0.1\" \/>\n\t\t<meta property=\"og:locale\" content=\"pt_BR\" \/>\n\t\t<meta property=\"og:site_name\" content=\"A Not\u00edcia Online - Noticias de Muria\u00e9 e regi\u00e3o\" \/>\n\t\t<meta property=\"og:type\" content=\"article\" \/>\n\t\t<meta property=\"og:title\" content=\"Dion\u00edsia - A Not\u00edcia Online\" \/>\n\t\t<meta property=\"og:description\" content=\"Adellunar Marge Quando as primeiras uvas surgiram, ainda eram uvas selvagens. Ainda n\u00e3o haviam sofrido a interfer\u00eancia da m\u00e3o dos homens que atrav\u00e9s da observa\u00e7\u00e3o, prova\u00e7\u00e3o e manuseio, aperfei\u00e7oariam variadas esp\u00e9cies, dando-lhes nomes e catalogando suas qualidades. Disseminadas principalmente pelos gregos e pelos romanos, as uvas se difundiram pela It\u00e1lia, Fran\u00e7a, Portugal, Espanha e dezenas\" \/>\n\t\t<meta property=\"og:url\" content=\"https:\/\/anoticiaonline.com.br\/site\/dionisia\/\" \/>\n\t\t<meta property=\"og:image\" content=\"https:\/\/scontent-gig4-1.xx.fbcdn.net\/v\/t39.30808-1\/270437624_4564083193639691_6907940295614233970_n.jpg?stp=dst-jpg_s200x200_tt6&#038;_nc_cat=111&#038;ccb=1-7&#038;_nc_sid=f907e8&#038;_nc_ohc=SM1wRlP3lJwQ7kNvwEPuBYA&#038;_nc_oc=AdnqrjDN_BNjSSHWO-GbkIWH6fkGMLw4bqvL_NH6e2wMveX7G-rP2dAqsDSq1mJMOaY&#038;_nc_zt=24&#038;_nc_ht=scontent-gig4-1.xx&#038;_nc_gid=AoBFJeGrT1hVaew_6rchkQ&#038;oh=00_AfX7QmFGhQhG2jAllVgXCiM1ZrWgvtp80-Bfppyexh1QEg&#038;oe=689E923C\" \/>\n\t\t<meta property=\"og:image:secure_url\" content=\"https:\/\/scontent-gig4-1.xx.fbcdn.net\/v\/t39.30808-1\/270437624_4564083193639691_6907940295614233970_n.jpg?stp=dst-jpg_s200x200_tt6&#038;_nc_cat=111&#038;ccb=1-7&#038;_nc_sid=f907e8&#038;_nc_ohc=SM1wRlP3lJwQ7kNvwEPuBYA&#038;_nc_oc=AdnqrjDN_BNjSSHWO-GbkIWH6fkGMLw4bqvL_NH6e2wMveX7G-rP2dAqsDSq1mJMOaY&#038;_nc_zt=24&#038;_nc_ht=scontent-gig4-1.xx&#038;_nc_gid=AoBFJeGrT1hVaew_6rchkQ&#038;oh=00_AfX7QmFGhQhG2jAllVgXCiM1ZrWgvtp80-Bfppyexh1QEg&#038;oe=689E923C\" \/>\n\t\t<meta property=\"article:published_time\" content=\"2017-11-23T22:42:27+00:00\" \/>\n\t\t<meta property=\"article:modified_time\" content=\"2017-11-23T22:42:27+00:00\" \/>\n\t\t<meta name=\"twitter:card\" content=\"summary_large_image\" \/>\n\t\t<meta name=\"twitter:title\" content=\"Dion\u00edsia - A Not\u00edcia Online\" \/>\n\t\t<meta name=\"twitter:description\" content=\"Adellunar Marge Quando as primeiras uvas surgiram, ainda eram uvas selvagens. Ainda n\u00e3o haviam sofrido a interfer\u00eancia da m\u00e3o dos homens que atrav\u00e9s da observa\u00e7\u00e3o, prova\u00e7\u00e3o e manuseio, aperfei\u00e7oariam variadas esp\u00e9cies, dando-lhes nomes e catalogando suas qualidades. Disseminadas principalmente pelos gregos e pelos romanos, as uvas se difundiram pela It\u00e1lia, Fran\u00e7a, Portugal, Espanha e dezenas\" \/>\n\t\t<meta name=\"twitter:image\" content=\"https:\/\/scontent-gig4-1.xx.fbcdn.net\/v\/t39.30808-1\/270437624_4564083193639691_6907940295614233970_n.jpg?stp=dst-jpg_s200x200_tt6&amp;_nc_cat=111&amp;ccb=1-7&amp;_nc_sid=f907e8&amp;_nc_ohc=SM1wRlP3lJwQ7kNvwEPuBYA&amp;_nc_oc=AdnqrjDN_BNjSSHWO-GbkIWH6fkGMLw4bqvL_NH6e2wMveX7G-rP2dAqsDSq1mJMOaY&amp;_nc_zt=24&amp;_nc_ht=scontent-gig4-1.xx&amp;_nc_gid=AoBFJeGrT1hVaew_6rchkQ&amp;oh=00_AfX7QmFGhQhG2jAllVgXCiM1ZrWgvtp80-Bfppyexh1QEg&amp;oe=689E923C\" \/>\n\t\t<script type=\"application\/ld+json\" class=\"aioseo-schema\">\n\t\t\t{\"@context\":\"https:\\\/\\\/schema.org\",\"@graph\":[{\"@type\":\"BlogPosting\",\"@id\":\"https:\\\/\\\/anoticiaonline.com.br\\\/site\\\/dionisia\\\/#blogposting\",\"name\":\"Dion\\u00edsia - A Not\\u00edcia Online\",\"headline\":\"Dion\\u00edsia\",\"author\":{\"@id\":\"https:\\\/\\\/anoticiaonline.com.br\\\/site\\\/author\\\/juliana\\\/#author\"},\"publisher\":{\"@id\":\"https:\\\/\\\/anoticiaonline.com.br\\\/site\\\/#organization\"},\"image\":{\"@type\":\"ImageObject\",\"url\":\"https:\\\/\\\/scontent-gig4-1.xx.fbcdn.net\\\/v\\\/t39.30808-1\\\/270437624_4564083193639691_6907940295614233970_n.jpg?stp=dst-jpg_s200x200_tt6&_nc_cat=111&ccb=1-7&_nc_sid=f907e8&_nc_ohc=SM1wRlP3lJwQ7kNvwEPuBYA&_nc_oc=AdnqrjDN_BNjSSHWO-GbkIWH6fkGMLw4bqvL_NH6e2wMveX7G-rP2dAqsDSq1mJMOaY&_nc_zt=24&_nc_ht=scontent-gig4-1.xx&_nc_gid=AoBFJeGrT1hVaew_6rchkQ&oh=00_AfX7QmFGhQhG2jAllVgXCiM1ZrWgvtp80-Bfppyexh1QEg&oe=689E923C\",\"@id\":\"https:\\\/\\\/anoticiaonline.com.br\\\/site\\\/#articleImage\"},\"datePublished\":\"2017-11-23T19:42:27-03:00\",\"dateModified\":\"2017-11-23T19:42:27-03:00\",\"inLanguage\":\"pt-BR\",\"mainEntityOfPage\":{\"@id\":\"https:\\\/\\\/anoticiaonline.com.br\\\/site\\\/dionisia\\\/#webpage\"},\"isPartOf\":{\"@id\":\"https:\\\/\\\/anoticiaonline.com.br\\\/site\\\/dionisia\\\/#webpage\"},\"articleSection\":\"Colunistas, Logos - Adellunar Marge, adellunar marge, coluna, dion\\u00edsia\"},{\"@type\":\"BreadcrumbList\",\"@id\":\"https:\\\/\\\/anoticiaonline.com.br\\\/site\\\/dionisia\\\/#breadcrumblist\",\"itemListElement\":[{\"@type\":\"ListItem\",\"@id\":\"https:\\\/\\\/anoticiaonline.com.br\\\/site#listItem\",\"position\":1,\"name\":\"Home\",\"item\":\"https:\\\/\\\/anoticiaonline.com.br\\\/site\",\"nextItem\":{\"@type\":\"ListItem\",\"@id\":\"https:\\\/\\\/anoticiaonline.com.br\\\/site\\\/categoria\\\/colunistas\\\/#listItem\",\"name\":\"Colunistas\"}},{\"@type\":\"ListItem\",\"@id\":\"https:\\\/\\\/anoticiaonline.com.br\\\/site\\\/categoria\\\/colunistas\\\/#listItem\",\"position\":2,\"name\":\"Colunistas\",\"item\":\"https:\\\/\\\/anoticiaonline.com.br\\\/site\\\/categoria\\\/colunistas\\\/\",\"nextItem\":{\"@type\":\"ListItem\",\"@id\":\"https:\\\/\\\/anoticiaonline.com.br\\\/site\\\/categoria\\\/colunistas\\\/logos-adellunar-marge\\\/#listItem\",\"name\":\"Logos - Adellunar Marge\"},\"previousItem\":{\"@type\":\"ListItem\",\"@id\":\"https:\\\/\\\/anoticiaonline.com.br\\\/site#listItem\",\"name\":\"Home\"}},{\"@type\":\"ListItem\",\"@id\":\"https:\\\/\\\/anoticiaonline.com.br\\\/site\\\/categoria\\\/colunistas\\\/logos-adellunar-marge\\\/#listItem\",\"position\":3,\"name\":\"Logos - Adellunar Marge\",\"item\":\"https:\\\/\\\/anoticiaonline.com.br\\\/site\\\/categoria\\\/colunistas\\\/logos-adellunar-marge\\\/\",\"nextItem\":{\"@type\":\"ListItem\",\"@id\":\"https:\\\/\\\/anoticiaonline.com.br\\\/site\\\/dionisia\\\/#listItem\",\"name\":\"Dion\\u00edsia\"},\"previousItem\":{\"@type\":\"ListItem\",\"@id\":\"https:\\\/\\\/anoticiaonline.com.br\\\/site\\\/categoria\\\/colunistas\\\/#listItem\",\"name\":\"Colunistas\"}},{\"@type\":\"ListItem\",\"@id\":\"https:\\\/\\\/anoticiaonline.com.br\\\/site\\\/dionisia\\\/#listItem\",\"position\":4,\"name\":\"Dion\\u00edsia\",\"previousItem\":{\"@type\":\"ListItem\",\"@id\":\"https:\\\/\\\/anoticiaonline.com.br\\\/site\\\/categoria\\\/colunistas\\\/logos-adellunar-marge\\\/#listItem\",\"name\":\"Logos - Adellunar Marge\"}}]},{\"@type\":\"Organization\",\"@id\":\"https:\\\/\\\/anoticiaonline.com.br\\\/site\\\/#organization\",\"name\":\"A Not\\u00edcia Online\",\"description\":\"Noticias de Muria\\u00e9 e regi\\u00e3o\",\"url\":\"https:\\\/\\\/anoticiaonline.com.br\\\/site\\\/\",\"logo\":{\"@type\":\"ImageObject\",\"url\":\"https:\\\/\\\/scontent-gig4-1.xx.fbcdn.net\\\/v\\\/t39.30808-1\\\/270437624_4564083193639691_6907940295614233970_n.jpg?stp=dst-jpg_s200x200_tt6&_nc_cat=111&ccb=1-7&_nc_sid=f907e8&_nc_ohc=SM1wRlP3lJwQ7kNvwEPuBYA&_nc_oc=AdnqrjDN_BNjSSHWO-GbkIWH6fkGMLw4bqvL_NH6e2wMveX7G-rP2dAqsDSq1mJMOaY&_nc_zt=24&_nc_ht=scontent-gig4-1.xx&_nc_gid=AoBFJeGrT1hVaew_6rchkQ&oh=00_AfX7QmFGhQhG2jAllVgXCiM1ZrWgvtp80-Bfppyexh1QEg&oe=689E923C\",\"@id\":\"https:\\\/\\\/anoticiaonline.com.br\\\/site\\\/dionisia\\\/#organizationLogo\"},\"image\":{\"@id\":\"https:\\\/\\\/anoticiaonline.com.br\\\/site\\\/dionisia\\\/#organizationLogo\"}},{\"@type\":\"Person\",\"@id\":\"https:\\\/\\\/anoticiaonline.com.br\\\/site\\\/author\\\/juliana\\\/#author\",\"url\":\"https:\\\/\\\/anoticiaonline.com.br\\\/site\\\/author\\\/juliana\\\/\",\"name\":\"Juliana Laviola\",\"image\":{\"@type\":\"ImageObject\",\"@id\":\"https:\\\/\\\/anoticiaonline.com.br\\\/site\\\/dionisia\\\/#authorImage\",\"url\":\"https:\\\/\\\/secure.gravatar.com\\\/avatar\\\/b8d45f5c699b100dfaf0e543582f38f38bf94cb7ae3a5e9abf8d891a34773335?s=96&d=mm&r=g\",\"width\":96,\"height\":96,\"caption\":\"Juliana Laviola\"}},{\"@type\":\"WebPage\",\"@id\":\"https:\\\/\\\/anoticiaonline.com.br\\\/site\\\/dionisia\\\/#webpage\",\"url\":\"https:\\\/\\\/anoticiaonline.com.br\\\/site\\\/dionisia\\\/\",\"name\":\"Dion\\u00edsia - A Not\\u00edcia Online\",\"description\":\"Adellunar Marge Quando as primeiras uvas surgiram, ainda eram uvas selvagens. Ainda n\\u00e3o haviam sofrido a interfer\\u00eancia da m\\u00e3o dos homens que atrav\\u00e9s da observa\\u00e7\\u00e3o, prova\\u00e7\\u00e3o e manuseio, aperfei\\u00e7oariam variadas esp\\u00e9cies, dando-lhes nomes e catalogando suas qualidades. Disseminadas principalmente pelos gregos e pelos romanos, as uvas se difundiram pela It\\u00e1lia, Fran\\u00e7a, Portugal, Espanha e dezenas\",\"inLanguage\":\"pt-BR\",\"isPartOf\":{\"@id\":\"https:\\\/\\\/anoticiaonline.com.br\\\/site\\\/#website\"},\"breadcrumb\":{\"@id\":\"https:\\\/\\\/anoticiaonline.com.br\\\/site\\\/dionisia\\\/#breadcrumblist\"},\"author\":{\"@id\":\"https:\\\/\\\/anoticiaonline.com.br\\\/site\\\/author\\\/juliana\\\/#author\"},\"creator\":{\"@id\":\"https:\\\/\\\/anoticiaonline.com.br\\\/site\\\/author\\\/juliana\\\/#author\"},\"datePublished\":\"2017-11-23T19:42:27-03:00\",\"dateModified\":\"2017-11-23T19:42:27-03:00\"},{\"@type\":\"WebSite\",\"@id\":\"https:\\\/\\\/anoticiaonline.com.br\\\/site\\\/#website\",\"url\":\"https:\\\/\\\/anoticiaonline.com.br\\\/site\\\/\",\"name\":\"A Not\\u00edcia Online\",\"description\":\"Noticias de Muria\\u00e9 e regi\\u00e3o\",\"inLanguage\":\"pt-BR\",\"publisher\":{\"@id\":\"https:\\\/\\\/anoticiaonline.com.br\\\/site\\\/#organization\"}}]}\n\t\t<\/script>\n\t\t<!-- All in One SEO -->\n\n","aioseo_head_json":{"title":"Dion\u00edsia - A Not\u00edcia Online","description":"Adellunar Marge Quando as primeiras uvas surgiram, ainda eram uvas selvagens. Ainda n\u00e3o haviam sofrido a interfer\u00eancia da m\u00e3o dos homens que atrav\u00e9s da observa\u00e7\u00e3o, prova\u00e7\u00e3o e manuseio, aperfei\u00e7oariam variadas esp\u00e9cies, dando-lhes nomes e catalogando suas qualidades. Disseminadas principalmente pelos gregos e pelos romanos, as uvas se difundiram pela It\u00e1lia, Fran\u00e7a, Portugal, Espanha e dezenas","canonical_url":"https:\/\/anoticiaonline.com.br\/site\/dionisia\/","robots":"max-image-preview:large","keywords":"","webmasterTools":{"miscellaneous":""},"schema":{"@context":"https:\/\/schema.org","@graph":[{"@type":"BlogPosting","@id":"https:\/\/anoticiaonline.com.br\/site\/dionisia\/#blogposting","name":"Dion\u00edsia - A Not\u00edcia Online","headline":"Dion\u00edsia","author":{"@id":"https:\/\/anoticiaonline.com.br\/site\/author\/juliana\/#author"},"publisher":{"@id":"https:\/\/anoticiaonline.com.br\/site\/#organization"},"image":{"@type":"ImageObject","url":"https:\/\/scontent-gig4-1.xx.fbcdn.net\/v\/t39.30808-1\/270437624_4564083193639691_6907940295614233970_n.jpg?stp=dst-jpg_s200x200_tt6&_nc_cat=111&ccb=1-7&_nc_sid=f907e8&_nc_ohc=SM1wRlP3lJwQ7kNvwEPuBYA&_nc_oc=AdnqrjDN_BNjSSHWO-GbkIWH6fkGMLw4bqvL_NH6e2wMveX7G-rP2dAqsDSq1mJMOaY&_nc_zt=24&_nc_ht=scontent-gig4-1.xx&_nc_gid=AoBFJeGrT1hVaew_6rchkQ&oh=00_AfX7QmFGhQhG2jAllVgXCiM1ZrWgvtp80-Bfppyexh1QEg&oe=689E923C","@id":"https:\/\/anoticiaonline.com.br\/site\/#articleImage"},"datePublished":"2017-11-23T19:42:27-03:00","dateModified":"2017-11-23T19:42:27-03:00","inLanguage":"pt-BR","mainEntityOfPage":{"@id":"https:\/\/anoticiaonline.com.br\/site\/dionisia\/#webpage"},"isPartOf":{"@id":"https:\/\/anoticiaonline.com.br\/site\/dionisia\/#webpage"},"articleSection":"Colunistas, Logos - Adellunar Marge, adellunar marge, coluna, dion\u00edsia"},{"@type":"BreadcrumbList","@id":"https:\/\/anoticiaonline.com.br\/site\/dionisia\/#breadcrumblist","itemListElement":[{"@type":"ListItem","@id":"https:\/\/anoticiaonline.com.br\/site#listItem","position":1,"name":"Home","item":"https:\/\/anoticiaonline.com.br\/site","nextItem":{"@type":"ListItem","@id":"https:\/\/anoticiaonline.com.br\/site\/categoria\/colunistas\/#listItem","name":"Colunistas"}},{"@type":"ListItem","@id":"https:\/\/anoticiaonline.com.br\/site\/categoria\/colunistas\/#listItem","position":2,"name":"Colunistas","item":"https:\/\/anoticiaonline.com.br\/site\/categoria\/colunistas\/","nextItem":{"@type":"ListItem","@id":"https:\/\/anoticiaonline.com.br\/site\/categoria\/colunistas\/logos-adellunar-marge\/#listItem","name":"Logos - Adellunar Marge"},"previousItem":{"@type":"ListItem","@id":"https:\/\/anoticiaonline.com.br\/site#listItem","name":"Home"}},{"@type":"ListItem","@id":"https:\/\/anoticiaonline.com.br\/site\/categoria\/colunistas\/logos-adellunar-marge\/#listItem","position":3,"name":"Logos - Adellunar Marge","item":"https:\/\/anoticiaonline.com.br\/site\/categoria\/colunistas\/logos-adellunar-marge\/","nextItem":{"@type":"ListItem","@id":"https:\/\/anoticiaonline.com.br\/site\/dionisia\/#listItem","name":"Dion\u00edsia"},"previousItem":{"@type":"ListItem","@id":"https:\/\/anoticiaonline.com.br\/site\/categoria\/colunistas\/#listItem","name":"Colunistas"}},{"@type":"ListItem","@id":"https:\/\/anoticiaonline.com.br\/site\/dionisia\/#listItem","position":4,"name":"Dion\u00edsia","previousItem":{"@type":"ListItem","@id":"https:\/\/anoticiaonline.com.br\/site\/categoria\/colunistas\/logos-adellunar-marge\/#listItem","name":"Logos - Adellunar Marge"}}]},{"@type":"Organization","@id":"https:\/\/anoticiaonline.com.br\/site\/#organization","name":"A Not\u00edcia Online","description":"Noticias de Muria\u00e9 e regi\u00e3o","url":"https:\/\/anoticiaonline.com.br\/site\/","logo":{"@type":"ImageObject","url":"https:\/\/scontent-gig4-1.xx.fbcdn.net\/v\/t39.30808-1\/270437624_4564083193639691_6907940295614233970_n.jpg?stp=dst-jpg_s200x200_tt6&_nc_cat=111&ccb=1-7&_nc_sid=f907e8&_nc_ohc=SM1wRlP3lJwQ7kNvwEPuBYA&_nc_oc=AdnqrjDN_BNjSSHWO-GbkIWH6fkGMLw4bqvL_NH6e2wMveX7G-rP2dAqsDSq1mJMOaY&_nc_zt=24&_nc_ht=scontent-gig4-1.xx&_nc_gid=AoBFJeGrT1hVaew_6rchkQ&oh=00_AfX7QmFGhQhG2jAllVgXCiM1ZrWgvtp80-Bfppyexh1QEg&oe=689E923C","@id":"https:\/\/anoticiaonline.com.br\/site\/dionisia\/#organizationLogo"},"image":{"@id":"https:\/\/anoticiaonline.com.br\/site\/dionisia\/#organizationLogo"}},{"@type":"Person","@id":"https:\/\/anoticiaonline.com.br\/site\/author\/juliana\/#author","url":"https:\/\/anoticiaonline.com.br\/site\/author\/juliana\/","name":"Juliana Laviola","image":{"@type":"ImageObject","@id":"https:\/\/anoticiaonline.com.br\/site\/dionisia\/#authorImage","url":"https:\/\/secure.gravatar.com\/avatar\/b8d45f5c699b100dfaf0e543582f38f38bf94cb7ae3a5e9abf8d891a34773335?s=96&d=mm&r=g","width":96,"height":96,"caption":"Juliana Laviola"}},{"@type":"WebPage","@id":"https:\/\/anoticiaonline.com.br\/site\/dionisia\/#webpage","url":"https:\/\/anoticiaonline.com.br\/site\/dionisia\/","name":"Dion\u00edsia - A Not\u00edcia Online","description":"Adellunar Marge Quando as primeiras uvas surgiram, ainda eram uvas selvagens. Ainda n\u00e3o haviam sofrido a interfer\u00eancia da m\u00e3o dos homens que atrav\u00e9s da observa\u00e7\u00e3o, prova\u00e7\u00e3o e manuseio, aperfei\u00e7oariam variadas esp\u00e9cies, dando-lhes nomes e catalogando suas qualidades. Disseminadas principalmente pelos gregos e pelos romanos, as uvas se difundiram pela It\u00e1lia, Fran\u00e7a, Portugal, Espanha e dezenas","inLanguage":"pt-BR","isPartOf":{"@id":"https:\/\/anoticiaonline.com.br\/site\/#website"},"breadcrumb":{"@id":"https:\/\/anoticiaonline.com.br\/site\/dionisia\/#breadcrumblist"},"author":{"@id":"https:\/\/anoticiaonline.com.br\/site\/author\/juliana\/#author"},"creator":{"@id":"https:\/\/anoticiaonline.com.br\/site\/author\/juliana\/#author"},"datePublished":"2017-11-23T19:42:27-03:00","dateModified":"2017-11-23T19:42:27-03:00"},{"@type":"WebSite","@id":"https:\/\/anoticiaonline.com.br\/site\/#website","url":"https:\/\/anoticiaonline.com.br\/site\/","name":"A Not\u00edcia Online","description":"Noticias de Muria\u00e9 e regi\u00e3o","inLanguage":"pt-BR","publisher":{"@id":"https:\/\/anoticiaonline.com.br\/site\/#organization"}}]},"og:locale":"pt_BR","og:site_name":"A Not\u00edcia Online - Noticias de Muria\u00e9 e regi\u00e3o","og:type":"article","og:title":"Dion\u00edsia - A Not\u00edcia Online","og:description":"Adellunar Marge Quando as primeiras uvas surgiram, ainda eram uvas selvagens. Ainda n\u00e3o haviam sofrido a interfer\u00eancia da m\u00e3o dos homens que atrav\u00e9s da observa\u00e7\u00e3o, prova\u00e7\u00e3o e manuseio, aperfei\u00e7oariam variadas esp\u00e9cies, dando-lhes nomes e catalogando suas qualidades. Disseminadas principalmente pelos gregos e pelos romanos, as uvas se difundiram pela It\u00e1lia, Fran\u00e7a, Portugal, Espanha e dezenas","og:url":"https:\/\/anoticiaonline.com.br\/site\/dionisia\/","og:image":"https:\/\/scontent-gig4-1.xx.fbcdn.net\/v\/t39.30808-1\/270437624_4564083193639691_6907940295614233970_n.jpg?stp=dst-jpg_s200x200_tt6&#038;_nc_cat=111&#038;ccb=1-7&#038;_nc_sid=f907e8&#038;_nc_ohc=SM1wRlP3lJwQ7kNvwEPuBYA&#038;_nc_oc=AdnqrjDN_BNjSSHWO-GbkIWH6fkGMLw4bqvL_NH6e2wMveX7G-rP2dAqsDSq1mJMOaY&#038;_nc_zt=24&#038;_nc_ht=scontent-gig4-1.xx&#038;_nc_gid=AoBFJeGrT1hVaew_6rchkQ&#038;oh=00_AfX7QmFGhQhG2jAllVgXCiM1ZrWgvtp80-Bfppyexh1QEg&#038;oe=689E923C","og:image:secure_url":"https:\/\/scontent-gig4-1.xx.fbcdn.net\/v\/t39.30808-1\/270437624_4564083193639691_6907940295614233970_n.jpg?stp=dst-jpg_s200x200_tt6&#038;_nc_cat=111&#038;ccb=1-7&#038;_nc_sid=f907e8&#038;_nc_ohc=SM1wRlP3lJwQ7kNvwEPuBYA&#038;_nc_oc=AdnqrjDN_BNjSSHWO-GbkIWH6fkGMLw4bqvL_NH6e2wMveX7G-rP2dAqsDSq1mJMOaY&#038;_nc_zt=24&#038;_nc_ht=scontent-gig4-1.xx&#038;_nc_gid=AoBFJeGrT1hVaew_6rchkQ&#038;oh=00_AfX7QmFGhQhG2jAllVgXCiM1ZrWgvtp80-Bfppyexh1QEg&#038;oe=689E923C","article:published_time":"2017-11-23T22:42:27+00:00","article:modified_time":"2017-11-23T22:42:27+00:00","twitter:card":"summary_large_image","twitter:title":"Dion\u00edsia - A Not\u00edcia Online","twitter:description":"Adellunar Marge Quando as primeiras uvas surgiram, ainda eram uvas selvagens. Ainda n\u00e3o haviam sofrido a interfer\u00eancia da m\u00e3o dos homens que atrav\u00e9s da observa\u00e7\u00e3o, prova\u00e7\u00e3o e manuseio, aperfei\u00e7oariam variadas esp\u00e9cies, dando-lhes nomes e catalogando suas qualidades. Disseminadas principalmente pelos gregos e pelos romanos, as uvas se difundiram pela It\u00e1lia, Fran\u00e7a, Portugal, Espanha e dezenas","twitter:image":"https:\/\/scontent-gig4-1.xx.fbcdn.net\/v\/t39.30808-1\/270437624_4564083193639691_6907940295614233970_n.jpg?stp=dst-jpg_s200x200_tt6&_nc_cat=111&ccb=1-7&_nc_sid=f907e8&_nc_ohc=SM1wRlP3lJwQ7kNvwEPuBYA&_nc_oc=AdnqrjDN_BNjSSHWO-GbkIWH6fkGMLw4bqvL_NH6e2wMveX7G-rP2dAqsDSq1mJMOaY&_nc_zt=24&_nc_ht=scontent-gig4-1.xx&_nc_gid=AoBFJeGrT1hVaew_6rchkQ&oh=00_AfX7QmFGhQhG2jAllVgXCiM1ZrWgvtp80-Bfppyexh1QEg&oe=689E923C"},"aioseo_meta_data":{"post_id":"45886","title":null,"description":null,"keywords":null,"keyphrases":null,"primary_term":null,"canonical_url":null,"og_title":null,"og_description":null,"og_object_type":"default","og_image_type":"default","og_image_url":null,"og_image_width":null,"og_image_height":null,"og_image_custom_url":null,"og_image_custom_fields":null,"og_video":null,"og_custom_url":null,"og_article_section":null,"og_article_tags":null,"twitter_use_og":false,"twitter_card":"default","twitter_image_type":"default","twitter_image_url":null,"twitter_image_custom_url":null,"twitter_image_custom_fields":null,"twitter_title":null,"twitter_description":null,"schema":{"blockGraphs":[],"customGraphs":[],"default":{"data":{"Article":[],"Course":[],"Dataset":[],"FAQPage":[],"Movie":[],"Person":[],"Product":[],"ProductReview":[],"Car":[],"Recipe":[],"Service":[],"SoftwareApplication":[],"WebPage":[]},"graphName":"","isEnabled":true},"graphs":[]},"schema_type":"default","schema_type_options":null,"pillar_content":false,"robots_default":true,"robots_noindex":false,"robots_noarchive":false,"robots_nosnippet":false,"robots_nofollow":false,"robots_noimageindex":false,"robots_noodp":false,"robots_notranslate":false,"robots_max_snippet":null,"robots_max_videopreview":null,"robots_max_imagepreview":"large","priority":null,"frequency":null,"local_seo":null,"breadcrumb_settings":null,"limit_modified_date":false,"ai":null,"created":"2025-08-16 19:50:48","updated":"2025-08-16 19:50:48","focus_keyword":null,"additional_keywords":null,"truseo_locale":null,"seo_analyzer_scan_date":null},"aioseo_breadcrumb":"<div class=\"aioseo-breadcrumbs\"><span class=\"aioseo-breadcrumb\">\n\t\t\t<a href=\"https:\/\/anoticiaonline.com.br\/site\" title=\"Home\">Home<\/a>\n\t\t<\/span><span class=\"aioseo-breadcrumb-separator\">&raquo;<\/span><span class=\"aioseo-breadcrumb\">\n\t\t\t<a href=\"https:\/\/anoticiaonline.com.br\/site\/categoria\/colunistas\/\" title=\"Colunistas\">Colunistas<\/a>\n\t\t<\/span><span class=\"aioseo-breadcrumb-separator\">&raquo;<\/span><span class=\"aioseo-breadcrumb\">\n\t\t\t<a href=\"https:\/\/anoticiaonline.com.br\/site\/categoria\/colunistas\/logos-adellunar-marge\/\" title=\"Logos - Adellunar Marge\">Logos - Adellunar Marge<\/a>\n\t\t<\/span><span class=\"aioseo-breadcrumb-separator\">&raquo;<\/span><span class=\"aioseo-breadcrumb\">\n\t\t\tDion\u00edsia\n\t\t<\/span><\/div>","aioseo_breadcrumb_json":[{"label":"Home","link":"https:\/\/anoticiaonline.com.br\/site"},{"label":"Colunistas","link":"https:\/\/anoticiaonline.com.br\/site\/categoria\/colunistas\/"},{"label":"Logos - Adellunar Marge","link":"https:\/\/anoticiaonline.com.br\/site\/categoria\/colunistas\/logos-adellunar-marge\/"},{"label":"Dion\u00edsia","link":"https:\/\/anoticiaonline.com.br\/site\/dionisia\/"}],"views":140,"_links":{"self":[{"href":"https:\/\/anoticiaonline.com.br\/site\/wp-json\/wp\/v2\/posts\/45886","targetHints":{"allow":["GET"]}}],"collection":[{"href":"https:\/\/anoticiaonline.com.br\/site\/wp-json\/wp\/v2\/posts"}],"about":[{"href":"https:\/\/anoticiaonline.com.br\/site\/wp-json\/wp\/v2\/types\/post"}],"author":[{"embeddable":true,"href":"https:\/\/anoticiaonline.com.br\/site\/wp-json\/wp\/v2\/users\/2"}],"replies":[{"embeddable":true,"href":"https:\/\/anoticiaonline.com.br\/site\/wp-json\/wp\/v2\/comments?post=45886"}],"version-history":[{"count":0,"href":"https:\/\/anoticiaonline.com.br\/site\/wp-json\/wp\/v2\/posts\/45886\/revisions"}],"wp:attachment":[{"href":"https:\/\/anoticiaonline.com.br\/site\/wp-json\/wp\/v2\/media?parent=45886"}],"wp:term":[{"taxonomy":"category","embeddable":true,"href":"https:\/\/anoticiaonline.com.br\/site\/wp-json\/wp\/v2\/categories?post=45886"},{"taxonomy":"post_tag","embeddable":true,"href":"https:\/\/anoticiaonline.com.br\/site\/wp-json\/wp\/v2\/tags?post=45886"}],"curies":[{"name":"wp","href":"https:\/\/api.w.org\/{rel}","templated":true}]}}