{"id":45413,"date":"2017-11-17T11:38:51","date_gmt":"2017-11-17T14:38:51","guid":{"rendered":"http:\/\/anoticiaonline.com.br\/site\/?p=45413"},"modified":"2017-11-17T11:53:57","modified_gmt":"2017-11-17T14:53:57","slug":"ubs-e-inaugurada-no-planalto","status":"publish","type":"post","link":"https:\/\/anoticiaonline.com.br\/site\/ubs-e-inaugurada-no-planalto\/","title":{"rendered":"UBS \u00e9 inaugurada no Planalto"},"content":{"rendered":"<p><a href=\"https:\/\/anoticiaonline.com.br\/site\/wp-content\/uploads\/2017\/11\/DSC_0697.jpg\"><img fetchpriority=\"high\" decoding=\"async\" class=\"aligncenter size-full wp-image-45418\" src=\"https:\/\/anoticiaonline.com.br\/site\/wp-content\/uploads\/2017\/11\/DSC_0697.jpg\" alt=\"\" width=\"640\" height=\"426\" srcset=\"https:\/\/anoticiaonline.com.br\/site\/wp-content\/uploads\/2017\/11\/DSC_0697.jpg 640w, https:\/\/anoticiaonline.com.br\/site\/wp-content\/uploads\/2017\/11\/DSC_0697-300x200.jpg 300w\" sizes=\"(max-width: 640px) 100vw, 640px\" \/><\/a> <a href=\"https:\/\/anoticiaonline.com.br\/site\/wp-content\/uploads\/2017\/11\/DSC_0688.jpg\"><img decoding=\"async\" class=\"aligncenter size-full wp-image-45417\" src=\"https:\/\/anoticiaonline.com.br\/site\/wp-content\/uploads\/2017\/11\/DSC_0688.jpg\" alt=\"\" width=\"640\" height=\"426\" srcset=\"https:\/\/anoticiaonline.com.br\/site\/wp-content\/uploads\/2017\/11\/DSC_0688.jpg 640w, https:\/\/anoticiaonline.com.br\/site\/wp-content\/uploads\/2017\/11\/DSC_0688-300x200.jpg 300w\" sizes=\"(max-width: 640px) 100vw, 640px\" \/><\/a> <a href=\"https:\/\/anoticiaonline.com.br\/site\/wp-content\/uploads\/2017\/11\/DSC_0605.jpg\"><img decoding=\"async\" class=\"aligncenter size-full wp-image-45416\" src=\"https:\/\/anoticiaonline.com.br\/site\/wp-content\/uploads\/2017\/11\/DSC_0605.jpg\" alt=\"\" width=\"427\" height=\"640\" srcset=\"https:\/\/anoticiaonline.com.br\/site\/wp-content\/uploads\/2017\/11\/DSC_0605.jpg 427w, https:\/\/anoticiaonline.com.br\/site\/wp-content\/uploads\/2017\/11\/DSC_0605-200x300.jpg 200w\" sizes=\"(max-width: 427px) 100vw, 427px\" \/><\/a> <a href=\"https:\/\/anoticiaonline.com.br\/site\/wp-content\/uploads\/2017\/11\/DSC_0574.jpg\"><img loading=\"lazy\" decoding=\"async\" class=\"aligncenter size-full wp-image-45415\" src=\"https:\/\/anoticiaonline.com.br\/site\/wp-content\/uploads\/2017\/11\/DSC_0574.jpg\" alt=\"\" width=\"640\" height=\"426\" srcset=\"https:\/\/anoticiaonline.com.br\/site\/wp-content\/uploads\/2017\/11\/DSC_0574.jpg 640w, https:\/\/anoticiaonline.com.br\/site\/wp-content\/uploads\/2017\/11\/DSC_0574-300x200.jpg 300w\" sizes=\"(max-width: 640px) 100vw, 640px\" \/><\/a> <a href=\"https:\/\/anoticiaonline.com.br\/site\/wp-content\/uploads\/2017\/11\/DSC_0513.jpg\"><img loading=\"lazy\" decoding=\"async\" class=\"aligncenter size-full wp-image-45414\" src=\"https:\/\/anoticiaonline.com.br\/site\/wp-content\/uploads\/2017\/11\/DSC_0513.jpg\" alt=\"\" width=\"640\" height=\"426\" srcset=\"https:\/\/anoticiaonline.com.br\/site\/wp-content\/uploads\/2017\/11\/DSC_0513.jpg 640w, https:\/\/anoticiaonline.com.br\/site\/wp-content\/uploads\/2017\/11\/DSC_0513-300x200.jpg 300w\" sizes=\"(max-width: 640px) 100vw, 640px\" \/><\/a>A Unidade B\u00e1sica de Sa\u00fade do Planalto foi inaugurada na tarde de sexta-feira (10), sua localiza\u00e7\u00e3o permite o acesso pela Rua Projetada e pela Rua Leon Dalla Paula. A estrutura amplia o n\u00famero de atendimentos \u00e0s fam\u00edlias, contando com \u00e1rea para contorno de ambul\u00e2ncias e estacionamento para pacientes.<\/p>\n<p>A UBS do Planalto \u00e9 estruturada com Programa de Sa\u00fade da Fam\u00edlia, contando com m\u00e9dico, enfermeira, auxiliares de enfermagem e agentes comunit\u00e1rios e N\u00facleo de Apoio a Sa\u00fade da Fam\u00edlia (NASF), formado por profissionais de psicologia, assist\u00eancia social, nutricionista, fisioterapia e preparador f\u00edsico. Tamb\u00e9m possui espa\u00e7o para a sa\u00fade bucal.<\/p>\n<p>O prefeito Grego disse que inaugurar a UBS Planalto \u00e9 uma das formas de proporcionar qualidade de vida para os muriaeenses. \u201cEstamos promovendo melhoria em um dos setores mais cr\u00edticos do Pa\u00eds, que \u00e9 a sa\u00fade p\u00fablica. Inaugurar uma UBS \u00e9 motivo de muita satisfa\u00e7\u00e3o, pois estamos vivendo um momento de crise, onde faltam recursos para pagar servidores p\u00fablicos de diversos estados brasileiros. \u00c9 o dinheiro dos impostos, pagos pela popula\u00e7\u00e3o, sendo bem empregado\u201d, conta.<\/p>\n<p>Paulo C\u00e9sar de Oliveira, secret\u00e1rio municipal de Sa\u00fade, disse que a UBS Planalto possui um excelente padr\u00e3o para realizar atendimentos. \u201cNo momento que hospitais e cl\u00ednicas est\u00e3o fechando, a prefeitura de Muria\u00e9 est\u00e1 inaugurando uma unidade que vai trazer um \u2018leque\u2019 de melhorias para a popula\u00e7\u00e3o. Nossa inten\u00e7\u00e3o \u00e9 trazer, a medida que fossem inauguradas, unidades com atendimento m\u00e9dicos especialistas em pediatria, urologia, ginecologia e cl\u00ednica m\u00e9dica\u201d, conta.<\/p>\n<p>A UBS Planalto recebeu o nome de Irm\u00e3 Glorinha de Abreu, que era tia de Jos\u00e9 de Abreu, ex-vereador de Muria\u00e9, que cedeu o terreno para que a prefeitura pudesse realizar a obra no bairro. \u201cMinha tia ajudava, mesmo com todas as dificuldades, idosos, crian\u00e7as desta regi\u00e3o e trabalhou 50 anos no Hospital S\u00e3o Paulo. Esta \u00e9, sem d\u00favida, uma grande homenagem\u201d, diz.<\/p>\n<p>&nbsp;<\/p>\n<p><img decoding=\"async\" class=\"ngg_displayed_gallery mceItem\" src=\"https:\/\/anoticiaonline.com.br\/site\/nextgen-attach_to_post\/preview\/id--45485\" \/><\/p>\n<p>&nbsp;<\/p>\n<p>&nbsp;<\/p>\n<p>&nbsp;<\/p>\n<p>&nbsp;<\/p>\n","protected":false},"excerpt":{"rendered":"<p>A Unidade B\u00e1sica de Sa\u00fade do Planalto foi inaugurada na tarde de sexta-feira (10), sua localiza\u00e7\u00e3o permite o acesso pela Rua Projetada e pela Rua Leon Dalla Paula. A estrutura amplia o n\u00famero de atendimentos \u00e0s fam\u00edlias, contando com \u00e1rea para contorno de ambul\u00e2ncias e estacionamento para pacientes. A UBS do Planalto \u00e9 estruturada com &#8230; <a title=\"UBS \u00e9 inaugurada no Planalto\" class=\"read-more\" href=\"https:\/\/anoticiaonline.com.br\/site\/ubs-e-inaugurada-no-planalto\/\" aria-label=\"Read more about UBS \u00e9 inaugurada no Planalto\">Ler mais<\/a><\/p>\n","protected":false},"author":2,"featured_media":45418,"comment_status":"open","ping_status":"open","sticky":false,"template":"","format":"standard","meta":{"_acf_changed":false,"_monsterinsights_skip_tracking":false,"footnotes":""},"categories":[1],"tags":[1577,1576,1579,1578],"class_list":["post-45413","post","type-post","status-publish","format-standard","has-post-thumbnail","hentry","category-gerais","tag-nucleo-de-apoio-a-saude-da-familia-nasf","tag-programa-de-saude-da-familia","tag-ubs-planalto","tag-unidade-basica-de-saude-do-planalto"],"acf":[],"aioseo_notices":[],"aioseo_head":"\n\t\t<!-- All in One SEO 5.0.0.1 - aioseo.com -->\n\t<meta name=\"description\" content=\"A Unidade B\u00e1sica de Sa\u00fade do Planalto foi inaugurada na tarde de sexta-feira (10), sua localiza\u00e7\u00e3o permite o acesso pela Rua Projetada e pela Rua Leon Dalla Paula. A estrutura amplia o n\u00famero de atendimentos \u00e0s fam\u00edlias, contando com \u00e1rea para contorno de ambul\u00e2ncias e estacionamento para pacientes. A UBS do Planalto \u00e9 estruturada com\" \/>\n\t<meta name=\"robots\" content=\"max-image-preview:large\" \/>\n\t<meta name=\"author\" content=\"Juliana Laviola\"\/>\n\t<link rel=\"canonical\" href=\"https:\/\/anoticiaonline.com.br\/site\/ubs-e-inaugurada-no-planalto\/\" \/>\n\t<meta name=\"generator\" content=\"All in One SEO (AIOSEO) 5.0.0.1\" \/>\n\t\t<meta property=\"og:locale\" content=\"pt_BR\" \/>\n\t\t<meta property=\"og:site_name\" content=\"A Not\u00edcia Online - Noticias de Muria\u00e9 e regi\u00e3o\" \/>\n\t\t<meta property=\"og:type\" content=\"article\" \/>\n\t\t<meta property=\"og:title\" content=\"UBS \u00e9 inaugurada no Planalto - A Not\u00edcia Online\" \/>\n\t\t<meta property=\"og:description\" content=\"A Unidade B\u00e1sica de Sa\u00fade do Planalto foi inaugurada na tarde de sexta-feira (10), sua localiza\u00e7\u00e3o permite o acesso pela Rua Projetada e pela Rua Leon Dalla Paula. A estrutura amplia o n\u00famero de atendimentos \u00e0s fam\u00edlias, contando com \u00e1rea para contorno de ambul\u00e2ncias e estacionamento para pacientes. A UBS do Planalto \u00e9 estruturada com\" \/>\n\t\t<meta property=\"og:url\" content=\"https:\/\/anoticiaonline.com.br\/site\/ubs-e-inaugurada-no-planalto\/\" \/>\n\t\t<meta property=\"og:image\" content=\"https:\/\/scontent-gig4-1.xx.fbcdn.net\/v\/t39.30808-1\/270437624_4564083193639691_6907940295614233970_n.jpg?stp=dst-jpg_s200x200_tt6&#038;_nc_cat=111&#038;ccb=1-7&#038;_nc_sid=f907e8&#038;_nc_ohc=SM1wRlP3lJwQ7kNvwEPuBYA&#038;_nc_oc=AdnqrjDN_BNjSSHWO-GbkIWH6fkGMLw4bqvL_NH6e2wMveX7G-rP2dAqsDSq1mJMOaY&#038;_nc_zt=24&#038;_nc_ht=scontent-gig4-1.xx&#038;_nc_gid=AoBFJeGrT1hVaew_6rchkQ&#038;oh=00_AfX7QmFGhQhG2jAllVgXCiM1ZrWgvtp80-Bfppyexh1QEg&#038;oe=689E923C\" \/>\n\t\t<meta property=\"og:image:secure_url\" content=\"https:\/\/scontent-gig4-1.xx.fbcdn.net\/v\/t39.30808-1\/270437624_4564083193639691_6907940295614233970_n.jpg?stp=dst-jpg_s200x200_tt6&#038;_nc_cat=111&#038;ccb=1-7&#038;_nc_sid=f907e8&#038;_nc_ohc=SM1wRlP3lJwQ7kNvwEPuBYA&#038;_nc_oc=AdnqrjDN_BNjSSHWO-GbkIWH6fkGMLw4bqvL_NH6e2wMveX7G-rP2dAqsDSq1mJMOaY&#038;_nc_zt=24&#038;_nc_ht=scontent-gig4-1.xx&#038;_nc_gid=AoBFJeGrT1hVaew_6rchkQ&#038;oh=00_AfX7QmFGhQhG2jAllVgXCiM1ZrWgvtp80-Bfppyexh1QEg&#038;oe=689E923C\" \/>\n\t\t<meta property=\"article:published_time\" content=\"2017-11-17T14:38:51+00:00\" \/>\n\t\t<meta property=\"article:modified_time\" content=\"2017-11-17T14:53:57+00:00\" \/>\n\t\t<meta name=\"twitter:card\" content=\"summary_large_image\" \/>\n\t\t<meta name=\"twitter:title\" content=\"UBS \u00e9 inaugurada no Planalto - A Not\u00edcia Online\" \/>\n\t\t<meta name=\"twitter:description\" content=\"A Unidade B\u00e1sica de Sa\u00fade do Planalto foi inaugurada na tarde de sexta-feira (10), sua localiza\u00e7\u00e3o permite o acesso pela Rua Projetada e pela Rua Leon Dalla Paula. A estrutura amplia o n\u00famero de atendimentos \u00e0s fam\u00edlias, contando com \u00e1rea para contorno de ambul\u00e2ncias e estacionamento para pacientes. A UBS do Planalto \u00e9 estruturada com\" \/>\n\t\t<meta name=\"twitter:image\" content=\"https:\/\/scontent-gig4-1.xx.fbcdn.net\/v\/t39.30808-1\/270437624_4564083193639691_6907940295614233970_n.jpg?stp=dst-jpg_s200x200_tt6&amp;_nc_cat=111&amp;ccb=1-7&amp;_nc_sid=f907e8&amp;_nc_ohc=SM1wRlP3lJwQ7kNvwEPuBYA&amp;_nc_oc=AdnqrjDN_BNjSSHWO-GbkIWH6fkGMLw4bqvL_NH6e2wMveX7G-rP2dAqsDSq1mJMOaY&amp;_nc_zt=24&amp;_nc_ht=scontent-gig4-1.xx&amp;_nc_gid=AoBFJeGrT1hVaew_6rchkQ&amp;oh=00_AfX7QmFGhQhG2jAllVgXCiM1ZrWgvtp80-Bfppyexh1QEg&amp;oe=689E923C\" \/>\n\t\t<script type=\"application\/ld+json\" class=\"aioseo-schema\">\n\t\t\t{\"@context\":\"https:\\\/\\\/schema.org\",\"@graph\":[{\"@type\":\"BlogPosting\",\"@id\":\"https:\\\/\\\/anoticiaonline.com.br\\\/site\\\/ubs-e-inaugurada-no-planalto\\\/#blogposting\",\"name\":\"UBS \\u00e9 inaugurada no Planalto - A Not\\u00edcia Online\",\"headline\":\"UBS \\u00e9 inaugurada no Planalto\",\"author\":{\"@id\":\"https:\\\/\\\/anoticiaonline.com.br\\\/site\\\/author\\\/juliana\\\/#author\"},\"publisher\":{\"@id\":\"https:\\\/\\\/anoticiaonline.com.br\\\/site\\\/#organization\"},\"image\":{\"@type\":\"ImageObject\",\"url\":\"https:\\\/\\\/anoticiaonline.com.br\\\/site\\\/wp-content\\\/uploads\\\/2017\\\/11\\\/DSC_0697.jpg\",\"width\":640,\"height\":426},\"datePublished\":\"2017-11-17T11:38:51-03:00\",\"dateModified\":\"2017-11-17T11:53:57-03:00\",\"inLanguage\":\"pt-BR\",\"mainEntityOfPage\":{\"@id\":\"https:\\\/\\\/anoticiaonline.com.br\\\/site\\\/ubs-e-inaugurada-no-planalto\\\/#webpage\"},\"isPartOf\":{\"@id\":\"https:\\\/\\\/anoticiaonline.com.br\\\/site\\\/ubs-e-inaugurada-no-planalto\\\/#webpage\"},\"articleSection\":\"Gerais, N\\u00facleo de Apoio a Sa\\u00fade da Fam\\u00edlia (NASF), Programa de Sa\\u00fade da Fam\\u00edlia, UBS Planalto, Unidade B\\u00e1sica de Sa\\u00fade do Planalto\"},{\"@type\":\"BreadcrumbList\",\"@id\":\"https:\\\/\\\/anoticiaonline.com.br\\\/site\\\/ubs-e-inaugurada-no-planalto\\\/#breadcrumblist\",\"itemListElement\":[{\"@type\":\"ListItem\",\"@id\":\"https:\\\/\\\/anoticiaonline.com.br\\\/site#listItem\",\"position\":1,\"name\":\"Home\",\"item\":\"https:\\\/\\\/anoticiaonline.com.br\\\/site\",\"nextItem\":{\"@type\":\"ListItem\",\"@id\":\"https:\\\/\\\/anoticiaonline.com.br\\\/site\\\/categoria\\\/gerais\\\/#listItem\",\"name\":\"Gerais\"}},{\"@type\":\"ListItem\",\"@id\":\"https:\\\/\\\/anoticiaonline.com.br\\\/site\\\/categoria\\\/gerais\\\/#listItem\",\"position\":2,\"name\":\"Gerais\",\"item\":\"https:\\\/\\\/anoticiaonline.com.br\\\/site\\\/categoria\\\/gerais\\\/\",\"nextItem\":{\"@type\":\"ListItem\",\"@id\":\"https:\\\/\\\/anoticiaonline.com.br\\\/site\\\/ubs-e-inaugurada-no-planalto\\\/#listItem\",\"name\":\"UBS \\u00e9 inaugurada no Planalto\"},\"previousItem\":{\"@type\":\"ListItem\",\"@id\":\"https:\\\/\\\/anoticiaonline.com.br\\\/site#listItem\",\"name\":\"Home\"}},{\"@type\":\"ListItem\",\"@id\":\"https:\\\/\\\/anoticiaonline.com.br\\\/site\\\/ubs-e-inaugurada-no-planalto\\\/#listItem\",\"position\":3,\"name\":\"UBS \\u00e9 inaugurada no Planalto\",\"previousItem\":{\"@type\":\"ListItem\",\"@id\":\"https:\\\/\\\/anoticiaonline.com.br\\\/site\\\/categoria\\\/gerais\\\/#listItem\",\"name\":\"Gerais\"}}]},{\"@type\":\"Organization\",\"@id\":\"https:\\\/\\\/anoticiaonline.com.br\\\/site\\\/#organization\",\"name\":\"A Not\\u00edcia Online\",\"description\":\"Noticias de Muria\\u00e9 e regi\\u00e3o\",\"url\":\"https:\\\/\\\/anoticiaonline.com.br\\\/site\\\/\",\"logo\":{\"@type\":\"ImageObject\",\"url\":\"https:\\\/\\\/scontent-gig4-1.xx.fbcdn.net\\\/v\\\/t39.30808-1\\\/270437624_4564083193639691_6907940295614233970_n.jpg?stp=dst-jpg_s200x200_tt6&_nc_cat=111&ccb=1-7&_nc_sid=f907e8&_nc_ohc=SM1wRlP3lJwQ7kNvwEPuBYA&_nc_oc=AdnqrjDN_BNjSSHWO-GbkIWH6fkGMLw4bqvL_NH6e2wMveX7G-rP2dAqsDSq1mJMOaY&_nc_zt=24&_nc_ht=scontent-gig4-1.xx&_nc_gid=AoBFJeGrT1hVaew_6rchkQ&oh=00_AfX7QmFGhQhG2jAllVgXCiM1ZrWgvtp80-Bfppyexh1QEg&oe=689E923C\",\"@id\":\"https:\\\/\\\/anoticiaonline.com.br\\\/site\\\/ubs-e-inaugurada-no-planalto\\\/#organizationLogo\"},\"image\":{\"@id\":\"https:\\\/\\\/anoticiaonline.com.br\\\/site\\\/ubs-e-inaugurada-no-planalto\\\/#organizationLogo\"}},{\"@type\":\"Person\",\"@id\":\"https:\\\/\\\/anoticiaonline.com.br\\\/site\\\/author\\\/juliana\\\/#author\",\"url\":\"https:\\\/\\\/anoticiaonline.com.br\\\/site\\\/author\\\/juliana\\\/\",\"name\":\"Juliana Laviola\",\"image\":{\"@type\":\"ImageObject\",\"@id\":\"https:\\\/\\\/anoticiaonline.com.br\\\/site\\\/ubs-e-inaugurada-no-planalto\\\/#authorImage\",\"url\":\"https:\\\/\\\/secure.gravatar.com\\\/avatar\\\/b8d45f5c699b100dfaf0e543582f38f38bf94cb7ae3a5e9abf8d891a34773335?s=96&d=mm&r=g\",\"width\":96,\"height\":96,\"caption\":\"Juliana Laviola\"}},{\"@type\":\"WebPage\",\"@id\":\"https:\\\/\\\/anoticiaonline.com.br\\\/site\\\/ubs-e-inaugurada-no-planalto\\\/#webpage\",\"url\":\"https:\\\/\\\/anoticiaonline.com.br\\\/site\\\/ubs-e-inaugurada-no-planalto\\\/\",\"name\":\"UBS \\u00e9 inaugurada no Planalto - A Not\\u00edcia Online\",\"description\":\"A Unidade B\\u00e1sica de Sa\\u00fade do Planalto foi inaugurada na tarde de sexta-feira (10), sua localiza\\u00e7\\u00e3o permite o acesso pela Rua Projetada e pela Rua Leon Dalla Paula. A estrutura amplia o n\\u00famero de atendimentos \\u00e0s fam\\u00edlias, contando com \\u00e1rea para contorno de ambul\\u00e2ncias e estacionamento para pacientes. A UBS do Planalto \\u00e9 estruturada com\",\"inLanguage\":\"pt-BR\",\"isPartOf\":{\"@id\":\"https:\\\/\\\/anoticiaonline.com.br\\\/site\\\/#website\"},\"breadcrumb\":{\"@id\":\"https:\\\/\\\/anoticiaonline.com.br\\\/site\\\/ubs-e-inaugurada-no-planalto\\\/#breadcrumblist\"},\"author\":{\"@id\":\"https:\\\/\\\/anoticiaonline.com.br\\\/site\\\/author\\\/juliana\\\/#author\"},\"creator\":{\"@id\":\"https:\\\/\\\/anoticiaonline.com.br\\\/site\\\/author\\\/juliana\\\/#author\"},\"image\":{\"@type\":\"ImageObject\",\"url\":\"https:\\\/\\\/anoticiaonline.com.br\\\/site\\\/wp-content\\\/uploads\\\/2017\\\/11\\\/DSC_0697.jpg\",\"@id\":\"https:\\\/\\\/anoticiaonline.com.br\\\/site\\\/ubs-e-inaugurada-no-planalto\\\/#mainImage\",\"width\":640,\"height\":426},\"primaryImageOfPage\":{\"@id\":\"https:\\\/\\\/anoticiaonline.com.br\\\/site\\\/ubs-e-inaugurada-no-planalto\\\/#mainImage\"},\"datePublished\":\"2017-11-17T11:38:51-03:00\",\"dateModified\":\"2017-11-17T11:53:57-03:00\"},{\"@type\":\"WebSite\",\"@id\":\"https:\\\/\\\/anoticiaonline.com.br\\\/site\\\/#website\",\"url\":\"https:\\\/\\\/anoticiaonline.com.br\\\/site\\\/\",\"name\":\"A Not\\u00edcia Online\",\"description\":\"Noticias de Muria\\u00e9 e regi\\u00e3o\",\"inLanguage\":\"pt-BR\",\"publisher\":{\"@id\":\"https:\\\/\\\/anoticiaonline.com.br\\\/site\\\/#organization\"}}]}\n\t\t<\/script>\n\t\t<!-- All in One SEO -->\n\n","aioseo_head_json":{"title":"UBS \u00e9 inaugurada no Planalto - A Not\u00edcia Online","description":"A Unidade B\u00e1sica de Sa\u00fade do Planalto foi inaugurada na tarde de sexta-feira (10), sua localiza\u00e7\u00e3o permite o acesso pela Rua Projetada e pela Rua Leon Dalla Paula. A estrutura amplia o n\u00famero de atendimentos \u00e0s fam\u00edlias, contando com \u00e1rea para contorno de ambul\u00e2ncias e estacionamento para pacientes. A UBS do Planalto \u00e9 estruturada com","canonical_url":"https:\/\/anoticiaonline.com.br\/site\/ubs-e-inaugurada-no-planalto\/","robots":"max-image-preview:large","keywords":"","webmasterTools":{"miscellaneous":""},"schema":{"@context":"https:\/\/schema.org","@graph":[{"@type":"BlogPosting","@id":"https:\/\/anoticiaonline.com.br\/site\/ubs-e-inaugurada-no-planalto\/#blogposting","name":"UBS \u00e9 inaugurada no Planalto - A Not\u00edcia Online","headline":"UBS \u00e9 inaugurada no Planalto","author":{"@id":"https:\/\/anoticiaonline.com.br\/site\/author\/juliana\/#author"},"publisher":{"@id":"https:\/\/anoticiaonline.com.br\/site\/#organization"},"image":{"@type":"ImageObject","url":"https:\/\/anoticiaonline.com.br\/site\/wp-content\/uploads\/2017\/11\/DSC_0697.jpg","width":640,"height":426},"datePublished":"2017-11-17T11:38:51-03:00","dateModified":"2017-11-17T11:53:57-03:00","inLanguage":"pt-BR","mainEntityOfPage":{"@id":"https:\/\/anoticiaonline.com.br\/site\/ubs-e-inaugurada-no-planalto\/#webpage"},"isPartOf":{"@id":"https:\/\/anoticiaonline.com.br\/site\/ubs-e-inaugurada-no-planalto\/#webpage"},"articleSection":"Gerais, N\u00facleo de Apoio a Sa\u00fade da Fam\u00edlia (NASF), Programa de Sa\u00fade da Fam\u00edlia, UBS Planalto, Unidade B\u00e1sica de Sa\u00fade do Planalto"},{"@type":"BreadcrumbList","@id":"https:\/\/anoticiaonline.com.br\/site\/ubs-e-inaugurada-no-planalto\/#breadcrumblist","itemListElement":[{"@type":"ListItem","@id":"https:\/\/anoticiaonline.com.br\/site#listItem","position":1,"name":"Home","item":"https:\/\/anoticiaonline.com.br\/site","nextItem":{"@type":"ListItem","@id":"https:\/\/anoticiaonline.com.br\/site\/categoria\/gerais\/#listItem","name":"Gerais"}},{"@type":"ListItem","@id":"https:\/\/anoticiaonline.com.br\/site\/categoria\/gerais\/#listItem","position":2,"name":"Gerais","item":"https:\/\/anoticiaonline.com.br\/site\/categoria\/gerais\/","nextItem":{"@type":"ListItem","@id":"https:\/\/anoticiaonline.com.br\/site\/ubs-e-inaugurada-no-planalto\/#listItem","name":"UBS \u00e9 inaugurada no Planalto"},"previousItem":{"@type":"ListItem","@id":"https:\/\/anoticiaonline.com.br\/site#listItem","name":"Home"}},{"@type":"ListItem","@id":"https:\/\/anoticiaonline.com.br\/site\/ubs-e-inaugurada-no-planalto\/#listItem","position":3,"name":"UBS \u00e9 inaugurada no Planalto","previousItem":{"@type":"ListItem","@id":"https:\/\/anoticiaonline.com.br\/site\/categoria\/gerais\/#listItem","name":"Gerais"}}]},{"@type":"Organization","@id":"https:\/\/anoticiaonline.com.br\/site\/#organization","name":"A Not\u00edcia Online","description":"Noticias de Muria\u00e9 e regi\u00e3o","url":"https:\/\/anoticiaonline.com.br\/site\/","logo":{"@type":"ImageObject","url":"https:\/\/scontent-gig4-1.xx.fbcdn.net\/v\/t39.30808-1\/270437624_4564083193639691_6907940295614233970_n.jpg?stp=dst-jpg_s200x200_tt6&_nc_cat=111&ccb=1-7&_nc_sid=f907e8&_nc_ohc=SM1wRlP3lJwQ7kNvwEPuBYA&_nc_oc=AdnqrjDN_BNjSSHWO-GbkIWH6fkGMLw4bqvL_NH6e2wMveX7G-rP2dAqsDSq1mJMOaY&_nc_zt=24&_nc_ht=scontent-gig4-1.xx&_nc_gid=AoBFJeGrT1hVaew_6rchkQ&oh=00_AfX7QmFGhQhG2jAllVgXCiM1ZrWgvtp80-Bfppyexh1QEg&oe=689E923C","@id":"https:\/\/anoticiaonline.com.br\/site\/ubs-e-inaugurada-no-planalto\/#organizationLogo"},"image":{"@id":"https:\/\/anoticiaonline.com.br\/site\/ubs-e-inaugurada-no-planalto\/#organizationLogo"}},{"@type":"Person","@id":"https:\/\/anoticiaonline.com.br\/site\/author\/juliana\/#author","url":"https:\/\/anoticiaonline.com.br\/site\/author\/juliana\/","name":"Juliana Laviola","image":{"@type":"ImageObject","@id":"https:\/\/anoticiaonline.com.br\/site\/ubs-e-inaugurada-no-planalto\/#authorImage","url":"https:\/\/secure.gravatar.com\/avatar\/b8d45f5c699b100dfaf0e543582f38f38bf94cb7ae3a5e9abf8d891a34773335?s=96&d=mm&r=g","width":96,"height":96,"caption":"Juliana Laviola"}},{"@type":"WebPage","@id":"https:\/\/anoticiaonline.com.br\/site\/ubs-e-inaugurada-no-planalto\/#webpage","url":"https:\/\/anoticiaonline.com.br\/site\/ubs-e-inaugurada-no-planalto\/","name":"UBS \u00e9 inaugurada no Planalto - A Not\u00edcia Online","description":"A Unidade B\u00e1sica de Sa\u00fade do Planalto foi inaugurada na tarde de sexta-feira (10), sua localiza\u00e7\u00e3o permite o acesso pela Rua Projetada e pela Rua Leon Dalla Paula. A estrutura amplia o n\u00famero de atendimentos \u00e0s fam\u00edlias, contando com \u00e1rea para contorno de ambul\u00e2ncias e estacionamento para pacientes. A UBS do Planalto \u00e9 estruturada com","inLanguage":"pt-BR","isPartOf":{"@id":"https:\/\/anoticiaonline.com.br\/site\/#website"},"breadcrumb":{"@id":"https:\/\/anoticiaonline.com.br\/site\/ubs-e-inaugurada-no-planalto\/#breadcrumblist"},"author":{"@id":"https:\/\/anoticiaonline.com.br\/site\/author\/juliana\/#author"},"creator":{"@id":"https:\/\/anoticiaonline.com.br\/site\/author\/juliana\/#author"},"image":{"@type":"ImageObject","url":"https:\/\/anoticiaonline.com.br\/site\/wp-content\/uploads\/2017\/11\/DSC_0697.jpg","@id":"https:\/\/anoticiaonline.com.br\/site\/ubs-e-inaugurada-no-planalto\/#mainImage","width":640,"height":426},"primaryImageOfPage":{"@id":"https:\/\/anoticiaonline.com.br\/site\/ubs-e-inaugurada-no-planalto\/#mainImage"},"datePublished":"2017-11-17T11:38:51-03:00","dateModified":"2017-11-17T11:53:57-03:00"},{"@type":"WebSite","@id":"https:\/\/anoticiaonline.com.br\/site\/#website","url":"https:\/\/anoticiaonline.com.br\/site\/","name":"A Not\u00edcia Online","description":"Noticias de Muria\u00e9 e regi\u00e3o","inLanguage":"pt-BR","publisher":{"@id":"https:\/\/anoticiaonline.com.br\/site\/#organization"}}]},"og:locale":"pt_BR","og:site_name":"A Not\u00edcia Online - Noticias de Muria\u00e9 e regi\u00e3o","og:type":"article","og:title":"UBS \u00e9 inaugurada no Planalto - A Not\u00edcia Online","og:description":"A Unidade B\u00e1sica de Sa\u00fade do Planalto foi inaugurada na tarde de sexta-feira (10), sua localiza\u00e7\u00e3o permite o acesso pela Rua Projetada e pela Rua Leon Dalla Paula. A estrutura amplia o n\u00famero de atendimentos \u00e0s fam\u00edlias, contando com \u00e1rea para contorno de ambul\u00e2ncias e estacionamento para pacientes. A UBS do Planalto \u00e9 estruturada com","og:url":"https:\/\/anoticiaonline.com.br\/site\/ubs-e-inaugurada-no-planalto\/","og:image":"https:\/\/scontent-gig4-1.xx.fbcdn.net\/v\/t39.30808-1\/270437624_4564083193639691_6907940295614233970_n.jpg?stp=dst-jpg_s200x200_tt6&#038;_nc_cat=111&#038;ccb=1-7&#038;_nc_sid=f907e8&#038;_nc_ohc=SM1wRlP3lJwQ7kNvwEPuBYA&#038;_nc_oc=AdnqrjDN_BNjSSHWO-GbkIWH6fkGMLw4bqvL_NH6e2wMveX7G-rP2dAqsDSq1mJMOaY&#038;_nc_zt=24&#038;_nc_ht=scontent-gig4-1.xx&#038;_nc_gid=AoBFJeGrT1hVaew_6rchkQ&#038;oh=00_AfX7QmFGhQhG2jAllVgXCiM1ZrWgvtp80-Bfppyexh1QEg&#038;oe=689E923C","og:image:secure_url":"https:\/\/scontent-gig4-1.xx.fbcdn.net\/v\/t39.30808-1\/270437624_4564083193639691_6907940295614233970_n.jpg?stp=dst-jpg_s200x200_tt6&#038;_nc_cat=111&#038;ccb=1-7&#038;_nc_sid=f907e8&#038;_nc_ohc=SM1wRlP3lJwQ7kNvwEPuBYA&#038;_nc_oc=AdnqrjDN_BNjSSHWO-GbkIWH6fkGMLw4bqvL_NH6e2wMveX7G-rP2dAqsDSq1mJMOaY&#038;_nc_zt=24&#038;_nc_ht=scontent-gig4-1.xx&#038;_nc_gid=AoBFJeGrT1hVaew_6rchkQ&#038;oh=00_AfX7QmFGhQhG2jAllVgXCiM1ZrWgvtp80-Bfppyexh1QEg&#038;oe=689E923C","article:published_time":"2017-11-17T14:38:51+00:00","article:modified_time":"2017-11-17T14:53:57+00:00","twitter:card":"summary_large_image","twitter:title":"UBS \u00e9 inaugurada no Planalto - A Not\u00edcia Online","twitter:description":"A Unidade B\u00e1sica de Sa\u00fade do Planalto foi inaugurada na tarde de sexta-feira (10), sua localiza\u00e7\u00e3o permite o acesso pela Rua Projetada e pela Rua Leon Dalla Paula. A estrutura amplia o n\u00famero de atendimentos \u00e0s fam\u00edlias, contando com \u00e1rea para contorno de ambul\u00e2ncias e estacionamento para pacientes. A UBS do Planalto \u00e9 estruturada com","twitter:image":"https:\/\/scontent-gig4-1.xx.fbcdn.net\/v\/t39.30808-1\/270437624_4564083193639691_6907940295614233970_n.jpg?stp=dst-jpg_s200x200_tt6&_nc_cat=111&ccb=1-7&_nc_sid=f907e8&_nc_ohc=SM1wRlP3lJwQ7kNvwEPuBYA&_nc_oc=AdnqrjDN_BNjSSHWO-GbkIWH6fkGMLw4bqvL_NH6e2wMveX7G-rP2dAqsDSq1mJMOaY&_nc_zt=24&_nc_ht=scontent-gig4-1.xx&_nc_gid=AoBFJeGrT1hVaew_6rchkQ&oh=00_AfX7QmFGhQhG2jAllVgXCiM1ZrWgvtp80-Bfppyexh1QEg&oe=689E923C"},"aioseo_meta_data":{"post_id":"45413","title":null,"description":null,"keywords":null,"keyphrases":null,"primary_term":null,"canonical_url":null,"og_title":null,"og_description":null,"og_object_type":"default","og_image_type":"default","og_image_url":null,"og_image_width":null,"og_image_height":null,"og_image_custom_url":null,"og_image_custom_fields":null,"og_video":null,"og_custom_url":null,"og_article_section":null,"og_article_tags":null,"twitter_use_og":false,"twitter_card":"default","twitter_image_type":"default","twitter_image_url":null,"twitter_image_custom_url":null,"twitter_image_custom_fields":null,"twitter_title":null,"twitter_description":null,"schema":{"blockGraphs":[],"customGraphs":[],"default":{"data":{"Article":[],"Course":[],"Dataset":[],"FAQPage":[],"Movie":[],"Person":[],"Product":[],"ProductReview":[],"Car":[],"Recipe":[],"Service":[],"SoftwareApplication":[],"WebPage":[]},"graphName":"","isEnabled":true},"graphs":[]},"schema_type":"default","schema_type_options":null,"pillar_content":false,"robots_default":true,"robots_noindex":false,"robots_noarchive":false,"robots_nosnippet":false,"robots_nofollow":false,"robots_noimageindex":false,"robots_noodp":false,"robots_notranslate":false,"robots_max_snippet":null,"robots_max_videopreview":null,"robots_max_imagepreview":"large","priority":null,"frequency":null,"local_seo":null,"breadcrumb_settings":null,"limit_modified_date":false,"ai":null,"created":"2025-08-16 19:50:04","updated":"2025-08-16 19:50:04","focus_keyword":null,"additional_keywords":null,"truseo_locale":null,"seo_analyzer_scan_date":null},"aioseo_breadcrumb":"<div class=\"aioseo-breadcrumbs\"><span class=\"aioseo-breadcrumb\">\n\t\t\t<a href=\"https:\/\/anoticiaonline.com.br\/site\" title=\"Home\">Home<\/a>\n\t\t<\/span><span class=\"aioseo-breadcrumb-separator\">&raquo;<\/span><span class=\"aioseo-breadcrumb\">\n\t\t\t<a href=\"https:\/\/anoticiaonline.com.br\/site\/categoria\/gerais\/\" title=\"Gerais\">Gerais<\/a>\n\t\t<\/span><span class=\"aioseo-breadcrumb-separator\">&raquo;<\/span><span class=\"aioseo-breadcrumb\">\n\t\t\tUBS \u00e9 inaugurada no Planalto\n\t\t<\/span><\/div>","aioseo_breadcrumb_json":[{"label":"Home","link":"https:\/\/anoticiaonline.com.br\/site"},{"label":"Gerais","link":"https:\/\/anoticiaonline.com.br\/site\/categoria\/gerais\/"},{"label":"UBS \u00e9 inaugurada no Planalto","link":"https:\/\/anoticiaonline.com.br\/site\/ubs-e-inaugurada-no-planalto\/"}],"views":157,"_links":{"self":[{"href":"https:\/\/anoticiaonline.com.br\/site\/wp-json\/wp\/v2\/posts\/45413","targetHints":{"allow":["GET"]}}],"collection":[{"href":"https:\/\/anoticiaonline.com.br\/site\/wp-json\/wp\/v2\/posts"}],"about":[{"href":"https:\/\/anoticiaonline.com.br\/site\/wp-json\/wp\/v2\/types\/post"}],"author":[{"embeddable":true,"href":"https:\/\/anoticiaonline.com.br\/site\/wp-json\/wp\/v2\/users\/2"}],"replies":[{"embeddable":true,"href":"https:\/\/anoticiaonline.com.br\/site\/wp-json\/wp\/v2\/comments?post=45413"}],"version-history":[{"count":0,"href":"https:\/\/anoticiaonline.com.br\/site\/wp-json\/wp\/v2\/posts\/45413\/revisions"}],"wp:featuredmedia":[{"embeddable":true,"href":"https:\/\/anoticiaonline.com.br\/site\/wp-json\/wp\/v2\/media\/45418"}],"wp:attachment":[{"href":"https:\/\/anoticiaonline.com.br\/site\/wp-json\/wp\/v2\/media?parent=45413"}],"wp:term":[{"taxonomy":"category","embeddable":true,"href":"https:\/\/anoticiaonline.com.br\/site\/wp-json\/wp\/v2\/categories?post=45413"},{"taxonomy":"post_tag","embeddable":true,"href":"https:\/\/anoticiaonline.com.br\/site\/wp-json\/wp\/v2\/tags?post=45413"}],"curies":[{"name":"wp","href":"https:\/\/api.w.org\/{rel}","templated":true}]}}