{"id":45243,"date":"2017-11-17T10:57:00","date_gmt":"2017-11-17T13:57:00","guid":{"rendered":"http:\/\/anoticiaonline.com.br\/site\/?p=45243"},"modified":"2017-11-17T11:00:27","modified_gmt":"2017-11-17T14:00:27","slug":"camara-municipal-de-sao-francisco-do-gloria-realiza-sessao-extraordinaria","status":"publish","type":"post","link":"https:\/\/anoticiaonline.com.br\/site\/camara-municipal-de-sao-francisco-do-gloria-realiza-sessao-extraordinaria\/","title":{"rendered":"C\u00e2mara Municipal de S\u00e3o Francisco do Gl\u00f3ria realiza sess\u00e3o extraordin\u00e1ria"},"content":{"rendered":"<p><a href=\"https:\/\/anoticiaonline.com.br\/site\/wp-content\/uploads\/2017\/11\/DSC_0327.jpg\"><img fetchpriority=\"high\" decoding=\"async\" class=\"aligncenter size-full wp-image-45291\" src=\"https:\/\/anoticiaonline.com.br\/site\/wp-content\/uploads\/2017\/11\/DSC_0327.jpg\" alt=\"\" width=\"640\" height=\"427\" srcset=\"https:\/\/anoticiaonline.com.br\/site\/wp-content\/uploads\/2017\/11\/DSC_0327.jpg 640w, https:\/\/anoticiaonline.com.br\/site\/wp-content\/uploads\/2017\/11\/DSC_0327-300x200.jpg 300w\" sizes=\"(max-width: 640px) 100vw, 640px\" \/><\/a> <a href=\"https:\/\/anoticiaonline.com.br\/site\/wp-content\/uploads\/2017\/11\/DSC_0338.jpg\"><img decoding=\"async\" class=\"aligncenter size-full wp-image-45292\" src=\"https:\/\/anoticiaonline.com.br\/site\/wp-content\/uploads\/2017\/11\/DSC_0338.jpg\" alt=\"\" width=\"640\" height=\"427\" srcset=\"https:\/\/anoticiaonline.com.br\/site\/wp-content\/uploads\/2017\/11\/DSC_0338.jpg 640w, https:\/\/anoticiaonline.com.br\/site\/wp-content\/uploads\/2017\/11\/DSC_0338-300x200.jpg 300w\" sizes=\"(max-width: 640px) 100vw, 640px\" \/><\/a> <a href=\"https:\/\/anoticiaonline.com.br\/site\/wp-content\/uploads\/2017\/11\/DSC_0419.jpg\"><img decoding=\"async\" class=\"aligncenter size-full wp-image-45293\" src=\"https:\/\/anoticiaonline.com.br\/site\/wp-content\/uploads\/2017\/11\/DSC_0419.jpg\" alt=\"\" width=\"640\" height=\"427\" srcset=\"https:\/\/anoticiaonline.com.br\/site\/wp-content\/uploads\/2017\/11\/DSC_0419.jpg 640w, https:\/\/anoticiaonline.com.br\/site\/wp-content\/uploads\/2017\/11\/DSC_0419-300x200.jpg 300w\" sizes=\"(max-width: 640px) 100vw, 640px\" \/><\/a>A C\u00e2mara Municipal de S\u00e3o Francisco do Gl\u00f3ria realizou, na sexta-feira (10), uma sess\u00e3o extraordin\u00e1ria para tratar sobre o projeto 030\/2017,de autoria da atual administra\u00e7\u00e3o no qual solicita uma suplementa\u00e7\u00e3o para que possa dar continuidade aos seus compromissos financeiros inclusive \u00e0s folhas de pagamento deste ano. A reuni\u00e3o foi convocada pelo presidente da C\u00e2mara, o vereador Nicolau Pedrosa Mendon\u00e7a.<\/p>\n<p>Nicolau Pedrosa Mendon\u00e7a conta que o projeto foi protocolado na secretaria da C\u00e2mara no dia 10 de outubro e encaminhado \u00e0s comiss\u00f5es no dia 15 do mesmo m\u00eas.<\/p>\n<p>\u201cDessa forma, as comiss\u00f5es se reuniram e solicitaram ao prefeito explica\u00e7\u00f5es sobre o projeto. O projeto or\u00e7ament\u00e1rio para o exerc\u00edcio de 2017 foi apresentado pela administra\u00e7\u00e3o anterior com uma suplementa\u00e7\u00e3o de 25% que \u00e9 uma pratica normal de uso. Lembramos tamb\u00e9m que na gest\u00e3o do Dr. Gilberto a suplementa\u00e7\u00e3o foi de 80%, na gest\u00e3o do prefeito Luciano foi de 20% de inicio, depois houve suplementa\u00e7\u00f5es concedidas pela C\u00e2mara chegando a 50% . segundo o presidente isto \u00e9 uma pratica legal utilizada principalmente no primeiro ano de uma nova gest\u00e3o.<\/p>\n<p>De acordo com Nicolau, a C\u00e2mara Municipal est\u00e1 concedendo, ao Poder Executivo, a suplementa\u00e7\u00e3o, com emenda apresentada pelos vereadores do bloco de oposi\u00e7\u00e3o, atingindo o teto de 40% que foi solicitado pelo prefeito.<\/p>\n<p>\u201cOs 40% referem-se a 25% mais 15%. A princ\u00edpio, foram apresentados 10%, mas depois propuseram mais 5% para ser apresentado em ata e tamb\u00e9m na reda\u00e7\u00e3o final do projeto.o valor referente aos 15% seriam aproximadamente de\u00a0 R$2,7 milh\u00f5es de reais, de suplementa\u00e7\u00e3o, que atende \u00e0s necessidades do prefeito para cumprir seus compromissos , principalmente o pagamento dos servidores p\u00fablicos\u201d.<\/p>\n<p>O presidente da C\u00e2mara Municipal de S\u00e3o Francisco do Gl\u00f3ria disse tamb\u00e9m que a din\u00e2mica dos vereadores se reunirem e passarem a estudar os projetos tem atra\u00eddo os cidad\u00e3os.<\/p>\n<p>\u201cMinha proposta como presidente da Casa \u00e9 respeitar o regimento interno, a Lei Org\u00e2nica do munic\u00edpio, a Estadual e a Constitui\u00e7\u00e3o Federal. Gostaria de agradecer aos vereadores por estarem estudando os projetos, independente de seus partidos, e atendendo \u00e0s necessidades da comunidade franciscana. Somente atrav\u00e9s dos estudos que vamos detectar erros e aprovar com acertos os projetos apresentados. Muitas vezes, uma emenda apresentada por um vereador pode consertar o erro de um projeto em sua vers\u00e3o original\u201d, finaliza.<\/p>\n<p><img decoding=\"async\" class=\"ngg_displayed_gallery mceItem\" src=\"https:\/\/anoticiaonline.com.br\/site\/nextgen-attach_to_post\/preview\/id--45330\" \/><\/p>\n","protected":false},"excerpt":{"rendered":"<p>A C\u00e2mara Municipal de S\u00e3o Francisco do Gl\u00f3ria realizou, na sexta-feira (10), uma sess\u00e3o extraordin\u00e1ria para tratar sobre o projeto 030\/2017,de autoria da atual administra\u00e7\u00e3o no qual solicita uma suplementa\u00e7\u00e3o para que possa dar continuidade aos seus compromissos financeiros inclusive \u00e0s folhas de pagamento deste ano. A reuni\u00e3o foi convocada pelo presidente da C\u00e2mara, o &#8230; <a title=\"C\u00e2mara Municipal de S\u00e3o Francisco do Gl\u00f3ria realiza sess\u00e3o extraordin\u00e1ria\" class=\"read-more\" href=\"https:\/\/anoticiaonline.com.br\/site\/camara-municipal-de-sao-francisco-do-gloria-realiza-sessao-extraordinaria\/\" aria-label=\"Read more about C\u00e2mara Municipal de S\u00e3o Francisco do Gl\u00f3ria realiza sess\u00e3o extraordin\u00e1ria\">Ler mais<\/a><\/p>\n","protected":false},"author":2,"featured_media":45291,"comment_status":"open","ping_status":"open","sticky":false,"template":"","format":"standard","meta":{"_acf_changed":false,"_monsterinsights_skip_tracking":false,"footnotes":""},"categories":[6],"tags":[],"class_list":["post-45243","post","type-post","status-publish","format-standard","has-post-thumbnail","hentry","category-regiao"],"acf":[],"aioseo_notices":[],"aioseo_head":"\n\t\t<!-- All in One SEO 5.0.0.1 - aioseo.com -->\n\t<meta name=\"description\" content=\"A C\u00e2mara Municipal de S\u00e3o Francisco do Gl\u00f3ria realizou, na sexta-feira (10), uma sess\u00e3o extraordin\u00e1ria para tratar sobre o projeto 030\/2017,de autoria da atual administra\u00e7\u00e3o no qual solicita uma suplementa\u00e7\u00e3o para que possa dar continuidade aos seus compromissos financeiros inclusive \u00e0s folhas de pagamento deste ano. A reuni\u00e3o foi convocada pelo presidente da C\u00e2mara, o\" \/>\n\t<meta name=\"robots\" content=\"max-image-preview:large\" \/>\n\t<meta name=\"author\" content=\"Juliana Laviola\"\/>\n\t<link rel=\"canonical\" href=\"https:\/\/anoticiaonline.com.br\/site\/camara-municipal-de-sao-francisco-do-gloria-realiza-sessao-extraordinaria\/\" \/>\n\t<meta name=\"generator\" content=\"All in One SEO (AIOSEO) 5.0.0.1\" \/>\n\t\t<meta property=\"og:locale\" content=\"pt_BR\" \/>\n\t\t<meta property=\"og:site_name\" content=\"A Not\u00edcia Online - Noticias de Muria\u00e9 e regi\u00e3o\" \/>\n\t\t<meta property=\"og:type\" content=\"article\" \/>\n\t\t<meta property=\"og:title\" content=\"C\u00e2mara Municipal de S\u00e3o Francisco do Gl\u00f3ria realiza sess\u00e3o extraordin\u00e1ria - A Not\u00edcia Online\" \/>\n\t\t<meta property=\"og:description\" content=\"A C\u00e2mara Municipal de S\u00e3o Francisco do Gl\u00f3ria realizou, na sexta-feira (10), uma sess\u00e3o extraordin\u00e1ria para tratar sobre o projeto 030\/2017,de autoria da atual administra\u00e7\u00e3o no qual solicita uma suplementa\u00e7\u00e3o para que possa dar continuidade aos seus compromissos financeiros inclusive \u00e0s folhas de pagamento deste ano. A reuni\u00e3o foi convocada pelo presidente da C\u00e2mara, o\" \/>\n\t\t<meta property=\"og:url\" content=\"https:\/\/anoticiaonline.com.br\/site\/camara-municipal-de-sao-francisco-do-gloria-realiza-sessao-extraordinaria\/\" \/>\n\t\t<meta property=\"og:image\" content=\"https:\/\/scontent-gig4-1.xx.fbcdn.net\/v\/t39.30808-1\/270437624_4564083193639691_6907940295614233970_n.jpg?stp=dst-jpg_s200x200_tt6&#038;_nc_cat=111&#038;ccb=1-7&#038;_nc_sid=f907e8&#038;_nc_ohc=SM1wRlP3lJwQ7kNvwEPuBYA&#038;_nc_oc=AdnqrjDN_BNjSSHWO-GbkIWH6fkGMLw4bqvL_NH6e2wMveX7G-rP2dAqsDSq1mJMOaY&#038;_nc_zt=24&#038;_nc_ht=scontent-gig4-1.xx&#038;_nc_gid=AoBFJeGrT1hVaew_6rchkQ&#038;oh=00_AfX7QmFGhQhG2jAllVgXCiM1ZrWgvtp80-Bfppyexh1QEg&#038;oe=689E923C\" \/>\n\t\t<meta property=\"og:image:secure_url\" content=\"https:\/\/scontent-gig4-1.xx.fbcdn.net\/v\/t39.30808-1\/270437624_4564083193639691_6907940295614233970_n.jpg?stp=dst-jpg_s200x200_tt6&#038;_nc_cat=111&#038;ccb=1-7&#038;_nc_sid=f907e8&#038;_nc_ohc=SM1wRlP3lJwQ7kNvwEPuBYA&#038;_nc_oc=AdnqrjDN_BNjSSHWO-GbkIWH6fkGMLw4bqvL_NH6e2wMveX7G-rP2dAqsDSq1mJMOaY&#038;_nc_zt=24&#038;_nc_ht=scontent-gig4-1.xx&#038;_nc_gid=AoBFJeGrT1hVaew_6rchkQ&#038;oh=00_AfX7QmFGhQhG2jAllVgXCiM1ZrWgvtp80-Bfppyexh1QEg&#038;oe=689E923C\" \/>\n\t\t<meta property=\"article:published_time\" content=\"2017-11-17T13:57:00+00:00\" \/>\n\t\t<meta property=\"article:modified_time\" content=\"2017-11-17T14:00:27+00:00\" \/>\n\t\t<meta name=\"twitter:card\" content=\"summary_large_image\" \/>\n\t\t<meta name=\"twitter:title\" content=\"C\u00e2mara Municipal de S\u00e3o Francisco do Gl\u00f3ria realiza sess\u00e3o extraordin\u00e1ria - A Not\u00edcia Online\" \/>\n\t\t<meta name=\"twitter:description\" content=\"A C\u00e2mara Municipal de S\u00e3o Francisco do Gl\u00f3ria realizou, na sexta-feira (10), uma sess\u00e3o extraordin\u00e1ria para tratar sobre o projeto 030\/2017,de autoria da atual administra\u00e7\u00e3o no qual solicita uma suplementa\u00e7\u00e3o para que possa dar continuidade aos seus compromissos financeiros inclusive \u00e0s folhas de pagamento deste ano. A reuni\u00e3o foi convocada pelo presidente da C\u00e2mara, o\" \/>\n\t\t<meta name=\"twitter:image\" content=\"https:\/\/scontent-gig4-1.xx.fbcdn.net\/v\/t39.30808-1\/270437624_4564083193639691_6907940295614233970_n.jpg?stp=dst-jpg_s200x200_tt6&amp;_nc_cat=111&amp;ccb=1-7&amp;_nc_sid=f907e8&amp;_nc_ohc=SM1wRlP3lJwQ7kNvwEPuBYA&amp;_nc_oc=AdnqrjDN_BNjSSHWO-GbkIWH6fkGMLw4bqvL_NH6e2wMveX7G-rP2dAqsDSq1mJMOaY&amp;_nc_zt=24&amp;_nc_ht=scontent-gig4-1.xx&amp;_nc_gid=AoBFJeGrT1hVaew_6rchkQ&amp;oh=00_AfX7QmFGhQhG2jAllVgXCiM1ZrWgvtp80-Bfppyexh1QEg&amp;oe=689E923C\" \/>\n\t\t<script type=\"application\/ld+json\" class=\"aioseo-schema\">\n\t\t\t{\"@context\":\"https:\\\/\\\/schema.org\",\"@graph\":[{\"@type\":\"BlogPosting\",\"@id\":\"https:\\\/\\\/anoticiaonline.com.br\\\/site\\\/camara-municipal-de-sao-francisco-do-gloria-realiza-sessao-extraordinaria\\\/#blogposting\",\"name\":\"C\\u00e2mara Municipal de S\\u00e3o Francisco do Gl\\u00f3ria realiza sess\\u00e3o extraordin\\u00e1ria - A Not\\u00edcia Online\",\"headline\":\"C\\u00e2mara Municipal de S\\u00e3o Francisco do Gl\\u00f3ria realiza sess\\u00e3o extraordin\\u00e1ria\",\"author\":{\"@id\":\"https:\\\/\\\/anoticiaonline.com.br\\\/site\\\/author\\\/juliana\\\/#author\"},\"publisher\":{\"@id\":\"https:\\\/\\\/anoticiaonline.com.br\\\/site\\\/#organization\"},\"image\":{\"@type\":\"ImageObject\",\"url\":\"https:\\\/\\\/anoticiaonline.com.br\\\/site\\\/wp-content\\\/uploads\\\/2017\\\/11\\\/DSC_0327.jpg\",\"width\":640,\"height\":427},\"datePublished\":\"2017-11-17T10:57:00-03:00\",\"dateModified\":\"2017-11-17T11:00:27-03:00\",\"inLanguage\":\"pt-BR\",\"mainEntityOfPage\":{\"@id\":\"https:\\\/\\\/anoticiaonline.com.br\\\/site\\\/camara-municipal-de-sao-francisco-do-gloria-realiza-sessao-extraordinaria\\\/#webpage\"},\"isPartOf\":{\"@id\":\"https:\\\/\\\/anoticiaonline.com.br\\\/site\\\/camara-municipal-de-sao-francisco-do-gloria-realiza-sessao-extraordinaria\\\/#webpage\"},\"articleSection\":\"Regi\\u00e3o\"},{\"@type\":\"BreadcrumbList\",\"@id\":\"https:\\\/\\\/anoticiaonline.com.br\\\/site\\\/camara-municipal-de-sao-francisco-do-gloria-realiza-sessao-extraordinaria\\\/#breadcrumblist\",\"itemListElement\":[{\"@type\":\"ListItem\",\"@id\":\"https:\\\/\\\/anoticiaonline.com.br\\\/site#listItem\",\"position\":1,\"name\":\"Home\",\"item\":\"https:\\\/\\\/anoticiaonline.com.br\\\/site\",\"nextItem\":{\"@type\":\"ListItem\",\"@id\":\"https:\\\/\\\/anoticiaonline.com.br\\\/site\\\/categoria\\\/regiao\\\/#listItem\",\"name\":\"Regi\\u00e3o\"}},{\"@type\":\"ListItem\",\"@id\":\"https:\\\/\\\/anoticiaonline.com.br\\\/site\\\/categoria\\\/regiao\\\/#listItem\",\"position\":2,\"name\":\"Regi\\u00e3o\",\"item\":\"https:\\\/\\\/anoticiaonline.com.br\\\/site\\\/categoria\\\/regiao\\\/\",\"nextItem\":{\"@type\":\"ListItem\",\"@id\":\"https:\\\/\\\/anoticiaonline.com.br\\\/site\\\/camara-municipal-de-sao-francisco-do-gloria-realiza-sessao-extraordinaria\\\/#listItem\",\"name\":\"C\\u00e2mara Municipal de S\\u00e3o Francisco do Gl\\u00f3ria realiza sess\\u00e3o extraordin\\u00e1ria\"},\"previousItem\":{\"@type\":\"ListItem\",\"@id\":\"https:\\\/\\\/anoticiaonline.com.br\\\/site#listItem\",\"name\":\"Home\"}},{\"@type\":\"ListItem\",\"@id\":\"https:\\\/\\\/anoticiaonline.com.br\\\/site\\\/camara-municipal-de-sao-francisco-do-gloria-realiza-sessao-extraordinaria\\\/#listItem\",\"position\":3,\"name\":\"C\\u00e2mara Municipal de S\\u00e3o Francisco do Gl\\u00f3ria realiza sess\\u00e3o extraordin\\u00e1ria\",\"previousItem\":{\"@type\":\"ListItem\",\"@id\":\"https:\\\/\\\/anoticiaonline.com.br\\\/site\\\/categoria\\\/regiao\\\/#listItem\",\"name\":\"Regi\\u00e3o\"}}]},{\"@type\":\"Organization\",\"@id\":\"https:\\\/\\\/anoticiaonline.com.br\\\/site\\\/#organization\",\"name\":\"A Not\\u00edcia Online\",\"description\":\"Noticias de Muria\\u00e9 e regi\\u00e3o\",\"url\":\"https:\\\/\\\/anoticiaonline.com.br\\\/site\\\/\",\"logo\":{\"@type\":\"ImageObject\",\"url\":\"https:\\\/\\\/scontent-gig4-1.xx.fbcdn.net\\\/v\\\/t39.30808-1\\\/270437624_4564083193639691_6907940295614233970_n.jpg?stp=dst-jpg_s200x200_tt6&_nc_cat=111&ccb=1-7&_nc_sid=f907e8&_nc_ohc=SM1wRlP3lJwQ7kNvwEPuBYA&_nc_oc=AdnqrjDN_BNjSSHWO-GbkIWH6fkGMLw4bqvL_NH6e2wMveX7G-rP2dAqsDSq1mJMOaY&_nc_zt=24&_nc_ht=scontent-gig4-1.xx&_nc_gid=AoBFJeGrT1hVaew_6rchkQ&oh=00_AfX7QmFGhQhG2jAllVgXCiM1ZrWgvtp80-Bfppyexh1QEg&oe=689E923C\",\"@id\":\"https:\\\/\\\/anoticiaonline.com.br\\\/site\\\/camara-municipal-de-sao-francisco-do-gloria-realiza-sessao-extraordinaria\\\/#organizationLogo\"},\"image\":{\"@id\":\"https:\\\/\\\/anoticiaonline.com.br\\\/site\\\/camara-municipal-de-sao-francisco-do-gloria-realiza-sessao-extraordinaria\\\/#organizationLogo\"}},{\"@type\":\"Person\",\"@id\":\"https:\\\/\\\/anoticiaonline.com.br\\\/site\\\/author\\\/juliana\\\/#author\",\"url\":\"https:\\\/\\\/anoticiaonline.com.br\\\/site\\\/author\\\/juliana\\\/\",\"name\":\"Juliana Laviola\",\"image\":{\"@type\":\"ImageObject\",\"@id\":\"https:\\\/\\\/anoticiaonline.com.br\\\/site\\\/camara-municipal-de-sao-francisco-do-gloria-realiza-sessao-extraordinaria\\\/#authorImage\",\"url\":\"https:\\\/\\\/secure.gravatar.com\\\/avatar\\\/b8d45f5c699b100dfaf0e543582f38f38bf94cb7ae3a5e9abf8d891a34773335?s=96&d=mm&r=g\",\"width\":96,\"height\":96,\"caption\":\"Juliana Laviola\"}},{\"@type\":\"WebPage\",\"@id\":\"https:\\\/\\\/anoticiaonline.com.br\\\/site\\\/camara-municipal-de-sao-francisco-do-gloria-realiza-sessao-extraordinaria\\\/#webpage\",\"url\":\"https:\\\/\\\/anoticiaonline.com.br\\\/site\\\/camara-municipal-de-sao-francisco-do-gloria-realiza-sessao-extraordinaria\\\/\",\"name\":\"C\\u00e2mara Municipal de S\\u00e3o Francisco do Gl\\u00f3ria realiza sess\\u00e3o extraordin\\u00e1ria - A Not\\u00edcia Online\",\"description\":\"A C\\u00e2mara Municipal de S\\u00e3o Francisco do Gl\\u00f3ria realizou, na sexta-feira (10), uma sess\\u00e3o extraordin\\u00e1ria para tratar sobre o projeto 030\\\/2017,de autoria da atual administra\\u00e7\\u00e3o no qual solicita uma suplementa\\u00e7\\u00e3o para que possa dar continuidade aos seus compromissos financeiros inclusive \\u00e0s folhas de pagamento deste ano. A reuni\\u00e3o foi convocada pelo presidente da C\\u00e2mara, o\",\"inLanguage\":\"pt-BR\",\"isPartOf\":{\"@id\":\"https:\\\/\\\/anoticiaonline.com.br\\\/site\\\/#website\"},\"breadcrumb\":{\"@id\":\"https:\\\/\\\/anoticiaonline.com.br\\\/site\\\/camara-municipal-de-sao-francisco-do-gloria-realiza-sessao-extraordinaria\\\/#breadcrumblist\"},\"author\":{\"@id\":\"https:\\\/\\\/anoticiaonline.com.br\\\/site\\\/author\\\/juliana\\\/#author\"},\"creator\":{\"@id\":\"https:\\\/\\\/anoticiaonline.com.br\\\/site\\\/author\\\/juliana\\\/#author\"},\"image\":{\"@type\":\"ImageObject\",\"url\":\"https:\\\/\\\/anoticiaonline.com.br\\\/site\\\/wp-content\\\/uploads\\\/2017\\\/11\\\/DSC_0327.jpg\",\"@id\":\"https:\\\/\\\/anoticiaonline.com.br\\\/site\\\/camara-municipal-de-sao-francisco-do-gloria-realiza-sessao-extraordinaria\\\/#mainImage\",\"width\":640,\"height\":427},\"primaryImageOfPage\":{\"@id\":\"https:\\\/\\\/anoticiaonline.com.br\\\/site\\\/camara-municipal-de-sao-francisco-do-gloria-realiza-sessao-extraordinaria\\\/#mainImage\"},\"datePublished\":\"2017-11-17T10:57:00-03:00\",\"dateModified\":\"2017-11-17T11:00:27-03:00\"},{\"@type\":\"WebSite\",\"@id\":\"https:\\\/\\\/anoticiaonline.com.br\\\/site\\\/#website\",\"url\":\"https:\\\/\\\/anoticiaonline.com.br\\\/site\\\/\",\"name\":\"A Not\\u00edcia Online\",\"description\":\"Noticias de Muria\\u00e9 e regi\\u00e3o\",\"inLanguage\":\"pt-BR\",\"publisher\":{\"@id\":\"https:\\\/\\\/anoticiaonline.com.br\\\/site\\\/#organization\"}}]}\n\t\t<\/script>\n\t\t<!-- All in One SEO -->\n\n","aioseo_head_json":{"title":"C\u00e2mara Municipal de S\u00e3o Francisco do Gl\u00f3ria realiza sess\u00e3o extraordin\u00e1ria - A Not\u00edcia Online","description":"A C\u00e2mara Municipal de S\u00e3o Francisco do Gl\u00f3ria realizou, na sexta-feira (10), uma sess\u00e3o extraordin\u00e1ria para tratar sobre o projeto 030\/2017,de autoria da atual administra\u00e7\u00e3o no qual solicita uma suplementa\u00e7\u00e3o para que possa dar continuidade aos seus compromissos financeiros inclusive \u00e0s folhas de pagamento deste ano. A reuni\u00e3o foi convocada pelo presidente da C\u00e2mara, o","canonical_url":"https:\/\/anoticiaonline.com.br\/site\/camara-municipal-de-sao-francisco-do-gloria-realiza-sessao-extraordinaria\/","robots":"max-image-preview:large","keywords":"","webmasterTools":{"miscellaneous":""},"schema":{"@context":"https:\/\/schema.org","@graph":[{"@type":"BlogPosting","@id":"https:\/\/anoticiaonline.com.br\/site\/camara-municipal-de-sao-francisco-do-gloria-realiza-sessao-extraordinaria\/#blogposting","name":"C\u00e2mara Municipal de S\u00e3o Francisco do Gl\u00f3ria realiza sess\u00e3o extraordin\u00e1ria - A Not\u00edcia Online","headline":"C\u00e2mara Municipal de S\u00e3o Francisco do Gl\u00f3ria realiza sess\u00e3o extraordin\u00e1ria","author":{"@id":"https:\/\/anoticiaonline.com.br\/site\/author\/juliana\/#author"},"publisher":{"@id":"https:\/\/anoticiaonline.com.br\/site\/#organization"},"image":{"@type":"ImageObject","url":"https:\/\/anoticiaonline.com.br\/site\/wp-content\/uploads\/2017\/11\/DSC_0327.jpg","width":640,"height":427},"datePublished":"2017-11-17T10:57:00-03:00","dateModified":"2017-11-17T11:00:27-03:00","inLanguage":"pt-BR","mainEntityOfPage":{"@id":"https:\/\/anoticiaonline.com.br\/site\/camara-municipal-de-sao-francisco-do-gloria-realiza-sessao-extraordinaria\/#webpage"},"isPartOf":{"@id":"https:\/\/anoticiaonline.com.br\/site\/camara-municipal-de-sao-francisco-do-gloria-realiza-sessao-extraordinaria\/#webpage"},"articleSection":"Regi\u00e3o"},{"@type":"BreadcrumbList","@id":"https:\/\/anoticiaonline.com.br\/site\/camara-municipal-de-sao-francisco-do-gloria-realiza-sessao-extraordinaria\/#breadcrumblist","itemListElement":[{"@type":"ListItem","@id":"https:\/\/anoticiaonline.com.br\/site#listItem","position":1,"name":"Home","item":"https:\/\/anoticiaonline.com.br\/site","nextItem":{"@type":"ListItem","@id":"https:\/\/anoticiaonline.com.br\/site\/categoria\/regiao\/#listItem","name":"Regi\u00e3o"}},{"@type":"ListItem","@id":"https:\/\/anoticiaonline.com.br\/site\/categoria\/regiao\/#listItem","position":2,"name":"Regi\u00e3o","item":"https:\/\/anoticiaonline.com.br\/site\/categoria\/regiao\/","nextItem":{"@type":"ListItem","@id":"https:\/\/anoticiaonline.com.br\/site\/camara-municipal-de-sao-francisco-do-gloria-realiza-sessao-extraordinaria\/#listItem","name":"C\u00e2mara Municipal de S\u00e3o Francisco do Gl\u00f3ria realiza sess\u00e3o extraordin\u00e1ria"},"previousItem":{"@type":"ListItem","@id":"https:\/\/anoticiaonline.com.br\/site#listItem","name":"Home"}},{"@type":"ListItem","@id":"https:\/\/anoticiaonline.com.br\/site\/camara-municipal-de-sao-francisco-do-gloria-realiza-sessao-extraordinaria\/#listItem","position":3,"name":"C\u00e2mara Municipal de S\u00e3o Francisco do Gl\u00f3ria realiza sess\u00e3o extraordin\u00e1ria","previousItem":{"@type":"ListItem","@id":"https:\/\/anoticiaonline.com.br\/site\/categoria\/regiao\/#listItem","name":"Regi\u00e3o"}}]},{"@type":"Organization","@id":"https:\/\/anoticiaonline.com.br\/site\/#organization","name":"A Not\u00edcia Online","description":"Noticias de Muria\u00e9 e regi\u00e3o","url":"https:\/\/anoticiaonline.com.br\/site\/","logo":{"@type":"ImageObject","url":"https:\/\/scontent-gig4-1.xx.fbcdn.net\/v\/t39.30808-1\/270437624_4564083193639691_6907940295614233970_n.jpg?stp=dst-jpg_s200x200_tt6&_nc_cat=111&ccb=1-7&_nc_sid=f907e8&_nc_ohc=SM1wRlP3lJwQ7kNvwEPuBYA&_nc_oc=AdnqrjDN_BNjSSHWO-GbkIWH6fkGMLw4bqvL_NH6e2wMveX7G-rP2dAqsDSq1mJMOaY&_nc_zt=24&_nc_ht=scontent-gig4-1.xx&_nc_gid=AoBFJeGrT1hVaew_6rchkQ&oh=00_AfX7QmFGhQhG2jAllVgXCiM1ZrWgvtp80-Bfppyexh1QEg&oe=689E923C","@id":"https:\/\/anoticiaonline.com.br\/site\/camara-municipal-de-sao-francisco-do-gloria-realiza-sessao-extraordinaria\/#organizationLogo"},"image":{"@id":"https:\/\/anoticiaonline.com.br\/site\/camara-municipal-de-sao-francisco-do-gloria-realiza-sessao-extraordinaria\/#organizationLogo"}},{"@type":"Person","@id":"https:\/\/anoticiaonline.com.br\/site\/author\/juliana\/#author","url":"https:\/\/anoticiaonline.com.br\/site\/author\/juliana\/","name":"Juliana Laviola","image":{"@type":"ImageObject","@id":"https:\/\/anoticiaonline.com.br\/site\/camara-municipal-de-sao-francisco-do-gloria-realiza-sessao-extraordinaria\/#authorImage","url":"https:\/\/secure.gravatar.com\/avatar\/b8d45f5c699b100dfaf0e543582f38f38bf94cb7ae3a5e9abf8d891a34773335?s=96&d=mm&r=g","width":96,"height":96,"caption":"Juliana Laviola"}},{"@type":"WebPage","@id":"https:\/\/anoticiaonline.com.br\/site\/camara-municipal-de-sao-francisco-do-gloria-realiza-sessao-extraordinaria\/#webpage","url":"https:\/\/anoticiaonline.com.br\/site\/camara-municipal-de-sao-francisco-do-gloria-realiza-sessao-extraordinaria\/","name":"C\u00e2mara Municipal de S\u00e3o Francisco do Gl\u00f3ria realiza sess\u00e3o extraordin\u00e1ria - A Not\u00edcia Online","description":"A C\u00e2mara Municipal de S\u00e3o Francisco do Gl\u00f3ria realizou, na sexta-feira (10), uma sess\u00e3o extraordin\u00e1ria para tratar sobre o projeto 030\/2017,de autoria da atual administra\u00e7\u00e3o no qual solicita uma suplementa\u00e7\u00e3o para que possa dar continuidade aos seus compromissos financeiros inclusive \u00e0s folhas de pagamento deste ano. A reuni\u00e3o foi convocada pelo presidente da C\u00e2mara, o","inLanguage":"pt-BR","isPartOf":{"@id":"https:\/\/anoticiaonline.com.br\/site\/#website"},"breadcrumb":{"@id":"https:\/\/anoticiaonline.com.br\/site\/camara-municipal-de-sao-francisco-do-gloria-realiza-sessao-extraordinaria\/#breadcrumblist"},"author":{"@id":"https:\/\/anoticiaonline.com.br\/site\/author\/juliana\/#author"},"creator":{"@id":"https:\/\/anoticiaonline.com.br\/site\/author\/juliana\/#author"},"image":{"@type":"ImageObject","url":"https:\/\/anoticiaonline.com.br\/site\/wp-content\/uploads\/2017\/11\/DSC_0327.jpg","@id":"https:\/\/anoticiaonline.com.br\/site\/camara-municipal-de-sao-francisco-do-gloria-realiza-sessao-extraordinaria\/#mainImage","width":640,"height":427},"primaryImageOfPage":{"@id":"https:\/\/anoticiaonline.com.br\/site\/camara-municipal-de-sao-francisco-do-gloria-realiza-sessao-extraordinaria\/#mainImage"},"datePublished":"2017-11-17T10:57:00-03:00","dateModified":"2017-11-17T11:00:27-03:00"},{"@type":"WebSite","@id":"https:\/\/anoticiaonline.com.br\/site\/#website","url":"https:\/\/anoticiaonline.com.br\/site\/","name":"A Not\u00edcia Online","description":"Noticias de Muria\u00e9 e regi\u00e3o","inLanguage":"pt-BR","publisher":{"@id":"https:\/\/anoticiaonline.com.br\/site\/#organization"}}]},"og:locale":"pt_BR","og:site_name":"A Not\u00edcia Online - Noticias de Muria\u00e9 e regi\u00e3o","og:type":"article","og:title":"C\u00e2mara Municipal de S\u00e3o Francisco do Gl\u00f3ria realiza sess\u00e3o extraordin\u00e1ria - A Not\u00edcia Online","og:description":"A C\u00e2mara Municipal de S\u00e3o Francisco do Gl\u00f3ria realizou, na sexta-feira (10), uma sess\u00e3o extraordin\u00e1ria para tratar sobre o projeto 030\/2017,de autoria da atual administra\u00e7\u00e3o no qual solicita uma suplementa\u00e7\u00e3o para que possa dar continuidade aos seus compromissos financeiros inclusive \u00e0s folhas de pagamento deste ano. A reuni\u00e3o foi convocada pelo presidente da C\u00e2mara, o","og:url":"https:\/\/anoticiaonline.com.br\/site\/camara-municipal-de-sao-francisco-do-gloria-realiza-sessao-extraordinaria\/","og:image":"https:\/\/scontent-gig4-1.xx.fbcdn.net\/v\/t39.30808-1\/270437624_4564083193639691_6907940295614233970_n.jpg?stp=dst-jpg_s200x200_tt6&#038;_nc_cat=111&#038;ccb=1-7&#038;_nc_sid=f907e8&#038;_nc_ohc=SM1wRlP3lJwQ7kNvwEPuBYA&#038;_nc_oc=AdnqrjDN_BNjSSHWO-GbkIWH6fkGMLw4bqvL_NH6e2wMveX7G-rP2dAqsDSq1mJMOaY&#038;_nc_zt=24&#038;_nc_ht=scontent-gig4-1.xx&#038;_nc_gid=AoBFJeGrT1hVaew_6rchkQ&#038;oh=00_AfX7QmFGhQhG2jAllVgXCiM1ZrWgvtp80-Bfppyexh1QEg&#038;oe=689E923C","og:image:secure_url":"https:\/\/scontent-gig4-1.xx.fbcdn.net\/v\/t39.30808-1\/270437624_4564083193639691_6907940295614233970_n.jpg?stp=dst-jpg_s200x200_tt6&#038;_nc_cat=111&#038;ccb=1-7&#038;_nc_sid=f907e8&#038;_nc_ohc=SM1wRlP3lJwQ7kNvwEPuBYA&#038;_nc_oc=AdnqrjDN_BNjSSHWO-GbkIWH6fkGMLw4bqvL_NH6e2wMveX7G-rP2dAqsDSq1mJMOaY&#038;_nc_zt=24&#038;_nc_ht=scontent-gig4-1.xx&#038;_nc_gid=AoBFJeGrT1hVaew_6rchkQ&#038;oh=00_AfX7QmFGhQhG2jAllVgXCiM1ZrWgvtp80-Bfppyexh1QEg&#038;oe=689E923C","article:published_time":"2017-11-17T13:57:00+00:00","article:modified_time":"2017-11-17T14:00:27+00:00","twitter:card":"summary_large_image","twitter:title":"C\u00e2mara Municipal de S\u00e3o Francisco do Gl\u00f3ria realiza sess\u00e3o extraordin\u00e1ria - A Not\u00edcia Online","twitter:description":"A C\u00e2mara Municipal de S\u00e3o Francisco do Gl\u00f3ria realizou, na sexta-feira (10), uma sess\u00e3o extraordin\u00e1ria para tratar sobre o projeto 030\/2017,de autoria da atual administra\u00e7\u00e3o no qual solicita uma suplementa\u00e7\u00e3o para que possa dar continuidade aos seus compromissos financeiros inclusive \u00e0s folhas de pagamento deste ano. A reuni\u00e3o foi convocada pelo presidente da C\u00e2mara, o","twitter:image":"https:\/\/scontent-gig4-1.xx.fbcdn.net\/v\/t39.30808-1\/270437624_4564083193639691_6907940295614233970_n.jpg?stp=dst-jpg_s200x200_tt6&_nc_cat=111&ccb=1-7&_nc_sid=f907e8&_nc_ohc=SM1wRlP3lJwQ7kNvwEPuBYA&_nc_oc=AdnqrjDN_BNjSSHWO-GbkIWH6fkGMLw4bqvL_NH6e2wMveX7G-rP2dAqsDSq1mJMOaY&_nc_zt=24&_nc_ht=scontent-gig4-1.xx&_nc_gid=AoBFJeGrT1hVaew_6rchkQ&oh=00_AfX7QmFGhQhG2jAllVgXCiM1ZrWgvtp80-Bfppyexh1QEg&oe=689E923C"},"aioseo_meta_data":{"post_id":"45243","title":null,"description":null,"keywords":null,"keyphrases":null,"primary_term":null,"canonical_url":null,"og_title":null,"og_description":null,"og_object_type":"default","og_image_type":"default","og_image_url":null,"og_image_width":null,"og_image_height":null,"og_image_custom_url":null,"og_image_custom_fields":null,"og_video":null,"og_custom_url":null,"og_article_section":null,"og_article_tags":null,"twitter_use_og":false,"twitter_card":"default","twitter_image_type":"default","twitter_image_url":null,"twitter_image_custom_url":null,"twitter_image_custom_fields":null,"twitter_title":null,"twitter_description":null,"schema":{"blockGraphs":[],"customGraphs":[],"default":{"data":{"Article":[],"Course":[],"Dataset":[],"FAQPage":[],"Movie":[],"Person":[],"Product":[],"ProductReview":[],"Car":[],"Recipe":[],"Service":[],"SoftwareApplication":[],"WebPage":[]},"graphName":"","isEnabled":true},"graphs":[]},"schema_type":"default","schema_type_options":null,"pillar_content":false,"robots_default":true,"robots_noindex":false,"robots_noarchive":false,"robots_nosnippet":false,"robots_nofollow":false,"robots_noimageindex":false,"robots_noodp":false,"robots_notranslate":false,"robots_max_snippet":null,"robots_max_videopreview":null,"robots_max_imagepreview":"large","priority":null,"frequency":null,"local_seo":null,"breadcrumb_settings":null,"limit_modified_date":false,"ai":null,"created":"2025-08-16 19:50:04","updated":"2025-08-16 19:50:04","focus_keyword":null,"additional_keywords":null,"truseo_locale":null,"seo_analyzer_scan_date":null},"aioseo_breadcrumb":"<div class=\"aioseo-breadcrumbs\"><span class=\"aioseo-breadcrumb\">\n\t\t\t<a href=\"https:\/\/anoticiaonline.com.br\/site\" title=\"Home\">Home<\/a>\n\t\t<\/span><span class=\"aioseo-breadcrumb-separator\">&raquo;<\/span><span class=\"aioseo-breadcrumb\">\n\t\t\t<a href=\"https:\/\/anoticiaonline.com.br\/site\/categoria\/regiao\/\" title=\"Regi\u00e3o\">Regi\u00e3o<\/a>\n\t\t<\/span><span class=\"aioseo-breadcrumb-separator\">&raquo;<\/span><span class=\"aioseo-breadcrumb\">\n\t\t\tC\u00e2mara Municipal de S\u00e3o Francisco do Gl\u00f3ria realiza sess\u00e3o extraordin\u00e1ria\n\t\t<\/span><\/div>","aioseo_breadcrumb_json":[{"label":"Home","link":"https:\/\/anoticiaonline.com.br\/site"},{"label":"Regi\u00e3o","link":"https:\/\/anoticiaonline.com.br\/site\/categoria\/regiao\/"},{"label":"C\u00e2mara Municipal de S\u00e3o Francisco do Gl\u00f3ria realiza sess\u00e3o extraordin\u00e1ria","link":"https:\/\/anoticiaonline.com.br\/site\/camara-municipal-de-sao-francisco-do-gloria-realiza-sessao-extraordinaria\/"}],"views":127,"_links":{"self":[{"href":"https:\/\/anoticiaonline.com.br\/site\/wp-json\/wp\/v2\/posts\/45243","targetHints":{"allow":["GET"]}}],"collection":[{"href":"https:\/\/anoticiaonline.com.br\/site\/wp-json\/wp\/v2\/posts"}],"about":[{"href":"https:\/\/anoticiaonline.com.br\/site\/wp-json\/wp\/v2\/types\/post"}],"author":[{"embeddable":true,"href":"https:\/\/anoticiaonline.com.br\/site\/wp-json\/wp\/v2\/users\/2"}],"replies":[{"embeddable":true,"href":"https:\/\/anoticiaonline.com.br\/site\/wp-json\/wp\/v2\/comments?post=45243"}],"version-history":[{"count":0,"href":"https:\/\/anoticiaonline.com.br\/site\/wp-json\/wp\/v2\/posts\/45243\/revisions"}],"wp:featuredmedia":[{"embeddable":true,"href":"https:\/\/anoticiaonline.com.br\/site\/wp-json\/wp\/v2\/media\/45291"}],"wp:attachment":[{"href":"https:\/\/anoticiaonline.com.br\/site\/wp-json\/wp\/v2\/media?parent=45243"}],"wp:term":[{"taxonomy":"category","embeddable":true,"href":"https:\/\/anoticiaonline.com.br\/site\/wp-json\/wp\/v2\/categories?post=45243"},{"taxonomy":"post_tag","embeddable":true,"href":"https:\/\/anoticiaonline.com.br\/site\/wp-json\/wp\/v2\/tags?post=45243"}],"curies":[{"name":"wp","href":"https:\/\/api.w.org\/{rel}","templated":true}]}}