{"id":45073,"date":"2017-11-17T09:07:17","date_gmt":"2017-11-17T12:07:17","guid":{"rendered":"http:\/\/anoticiaonline.com.br\/site\/?p=45073"},"modified":"2017-11-17T09:07:17","modified_gmt":"2017-11-17T12:07:17","slug":"acao-conjunta-prende-suspeito-de-roubo-e-estupro-em-tombos","status":"publish","type":"post","link":"https:\/\/anoticiaonline.com.br\/site\/acao-conjunta-prende-suspeito-de-roubo-e-estupro-em-tombos\/","title":{"rendered":"A\u00e7\u00e3o conjunta prende suspeito de roubo e estupro em Tombos"},"content":{"rendered":"<p><a href=\"https:\/\/anoticiaonline.com.br\/site\/wp-content\/uploads\/2017\/11\/A\u00e7\u00e3o-conjunta-prende-suspeito-de-roubo-e-estupro-em-Tombos.jpg\"><img fetchpriority=\"high\" decoding=\"async\" class=\"alignnone size-full wp-image-45080\" src=\"https:\/\/anoticiaonline.com.br\/site\/wp-content\/uploads\/2017\/11\/A\u00e7\u00e3o-conjunta-prende-suspeito-de-roubo-e-estupro-em-Tombos.jpg\" alt=\"\" width=\"640\" height=\"427\" srcset=\"https:\/\/anoticiaonline.com.br\/site\/wp-content\/uploads\/2017\/11\/A\u00e7\u00e3o-conjunta-prende-suspeito-de-roubo-e-estupro-em-Tombos.jpg 640w, https:\/\/anoticiaonline.com.br\/site\/wp-content\/uploads\/2017\/11\/A\u00e7\u00e3o-conjunta-prende-suspeito-de-roubo-e-estupro-em-Tombos-300x200.jpg 300w\" sizes=\"(max-width: 640px) 100vw, 640px\" \/><\/a><\/p>\n<p>Na quarta-feira (15), a Pol\u00edcia Civil de Minas Gerais (PCMG), em a\u00e7\u00e3o conjunta com a Pol\u00edcia Militar, prendeu em flagrante, na cidade de Tombos, um homem, de 20 anos, suspeito de cometer estupro e roubo.\u00a0\u00a0Ele teria abordado uma mulher, de 36 anos, que percorria o Caminho da Luz (caminho que liga a Cachoeira de Tombos ao Pico da Bandeira), na zona rural da cidade. O suspeito teria anunciado o assalto, exigindo que a mulher lhe entregasse a mochila, em seguida, a estuprou e fugiu.<\/p>\n<p>De acordo com o delegado Di\u00eago Candian Alves, a mulher foi socorrida por moradores do local que, imediatamente, acionaram a Pol\u00edcia Militar e encaminharam a v\u00edtima para o pronto socorro local. A mulher descreveu as caracter\u00edsticas do suspeito, que foi localizado e conduzido para fins de esclarecimentos e reconhecimento. Diante dos policiais, a v\u00edtima reconheceu o investigado como sendo o autor do crime, contando que ele teria agido sozinho.<\/p>\n<p>O suspeito foi preso em flagrante e encaminhado \u00e0 38\u00aa Delegacia de Pol\u00edcia Civil da Comarca de Tombos, onde a pris\u00e3o foi ratificada pelo Delegado de Pol\u00edcia. Na unidade, o suspeito confessou a autoria dos crimes.<\/p>\n<p>&#8220;Em 17 anos de caminho da luz, essa \u00e9 a primeira vez que um fato de tamanha gravidade ocorre em nossa comarca, mas felizmente, gra\u00e7as ao empenho de nossos policiais civis e militares, o crime foi esclarecido e o suspeito preso. A resposta a esses crimes hediondos foi r\u00e1pida e imediata\u201d, pontuou o Delegado Di\u00eago Candian Alves.<\/p>\n<p>O delegado autuou o investigado no roubo qualificado tentado (por ter o suspeito restringido a liberdade da v\u00edtima) e estupro consumado. O preso se\u00a0\u00a0encontra \u00e0 disposi\u00e7\u00e3o da Justi\u00e7a.<\/p>\n","protected":false},"excerpt":{"rendered":"<p>Na quarta-feira (15), a Pol\u00edcia Civil de Minas Gerais (PCMG), em a\u00e7\u00e3o conjunta com a Pol\u00edcia Militar, prendeu em flagrante, na cidade de Tombos, um homem, de 20 anos, suspeito de cometer estupro e roubo.\u00a0\u00a0Ele teria abordado uma mulher, de 36 anos, que percorria o Caminho da Luz (caminho que liga a Cachoeira de Tombos &#8230; <a title=\"A\u00e7\u00e3o conjunta prende suspeito de roubo e estupro em Tombos\" class=\"read-more\" href=\"https:\/\/anoticiaonline.com.br\/site\/acao-conjunta-prende-suspeito-de-roubo-e-estupro-em-tombos\/\" aria-label=\"Read more about A\u00e7\u00e3o conjunta prende suspeito de roubo e estupro em Tombos\">Ler mais<\/a><\/p>\n","protected":false},"author":2,"featured_media":45082,"comment_status":"open","ping_status":"open","sticky":false,"template":"","format":"standard","meta":{"_acf_changed":false,"_monsterinsights_skip_tracking":false,"footnotes":""},"categories":[30],"tags":[1546,470,471,95,1040,1287],"class_list":["post-45073","post","type-post","status-publish","format-standard","has-post-thumbnail","hentry","category-muriae","tag-assalto","tag-crime","tag-estupro","tag-policia-civil","tag-preso","tag-tombos"],"acf":[],"aioseo_notices":[],"aioseo_head":"\n\t\t<!-- All in One SEO 5.0.0.1 - aioseo.com -->\n\t<meta name=\"description\" content=\"Na quarta-feira (15), a Pol\u00edcia Civil de Minas Gerais (PCMG), em a\u00e7\u00e3o conjunta com a Pol\u00edcia Militar, prendeu em flagrante, na cidade de Tombos, um homem, de 20 anos, suspeito de cometer estupro e roubo. Ele teria abordado uma mulher, de 36 anos, que percorria o Caminho da Luz (caminho que liga a Cachoeira de Tombos\" \/>\n\t<meta name=\"robots\" content=\"max-image-preview:large\" \/>\n\t<meta name=\"author\" content=\"Juliana Laviola\"\/>\n\t<link rel=\"canonical\" href=\"https:\/\/anoticiaonline.com.br\/site\/acao-conjunta-prende-suspeito-de-roubo-e-estupro-em-tombos\/\" \/>\n\t<meta name=\"generator\" content=\"All in One SEO (AIOSEO) 5.0.0.1\" \/>\n\t\t<meta property=\"og:locale\" content=\"pt_BR\" \/>\n\t\t<meta property=\"og:site_name\" content=\"A Not\u00edcia Online - Noticias de Muria\u00e9 e regi\u00e3o\" \/>\n\t\t<meta property=\"og:type\" content=\"article\" \/>\n\t\t<meta property=\"og:title\" content=\"A\u00e7\u00e3o conjunta prende suspeito de roubo e estupro em Tombos - A Not\u00edcia Online\" \/>\n\t\t<meta property=\"og:description\" content=\"Na quarta-feira (15), a Pol\u00edcia Civil de Minas Gerais (PCMG), em a\u00e7\u00e3o conjunta com a Pol\u00edcia Militar, prendeu em flagrante, na cidade de Tombos, um homem, de 20 anos, suspeito de cometer estupro e roubo. Ele teria abordado uma mulher, de 36 anos, que percorria o Caminho da Luz (caminho que liga a Cachoeira de Tombos\" \/>\n\t\t<meta property=\"og:url\" content=\"https:\/\/anoticiaonline.com.br\/site\/acao-conjunta-prende-suspeito-de-roubo-e-estupro-em-tombos\/\" \/>\n\t\t<meta property=\"og:image\" content=\"https:\/\/scontent-gig4-1.xx.fbcdn.net\/v\/t39.30808-1\/270437624_4564083193639691_6907940295614233970_n.jpg?stp=dst-jpg_s200x200_tt6&#038;_nc_cat=111&#038;ccb=1-7&#038;_nc_sid=f907e8&#038;_nc_ohc=SM1wRlP3lJwQ7kNvwEPuBYA&#038;_nc_oc=AdnqrjDN_BNjSSHWO-GbkIWH6fkGMLw4bqvL_NH6e2wMveX7G-rP2dAqsDSq1mJMOaY&#038;_nc_zt=24&#038;_nc_ht=scontent-gig4-1.xx&#038;_nc_gid=AoBFJeGrT1hVaew_6rchkQ&#038;oh=00_AfX7QmFGhQhG2jAllVgXCiM1ZrWgvtp80-Bfppyexh1QEg&#038;oe=689E923C\" \/>\n\t\t<meta property=\"og:image:secure_url\" content=\"https:\/\/scontent-gig4-1.xx.fbcdn.net\/v\/t39.30808-1\/270437624_4564083193639691_6907940295614233970_n.jpg?stp=dst-jpg_s200x200_tt6&#038;_nc_cat=111&#038;ccb=1-7&#038;_nc_sid=f907e8&#038;_nc_ohc=SM1wRlP3lJwQ7kNvwEPuBYA&#038;_nc_oc=AdnqrjDN_BNjSSHWO-GbkIWH6fkGMLw4bqvL_NH6e2wMveX7G-rP2dAqsDSq1mJMOaY&#038;_nc_zt=24&#038;_nc_ht=scontent-gig4-1.xx&#038;_nc_gid=AoBFJeGrT1hVaew_6rchkQ&#038;oh=00_AfX7QmFGhQhG2jAllVgXCiM1ZrWgvtp80-Bfppyexh1QEg&#038;oe=689E923C\" \/>\n\t\t<meta property=\"article:published_time\" content=\"2017-11-17T12:07:17+00:00\" \/>\n\t\t<meta property=\"article:modified_time\" content=\"2017-11-17T12:07:17+00:00\" \/>\n\t\t<meta name=\"twitter:card\" content=\"summary_large_image\" \/>\n\t\t<meta name=\"twitter:title\" content=\"A\u00e7\u00e3o conjunta prende suspeito de roubo e estupro em Tombos - A Not\u00edcia Online\" \/>\n\t\t<meta name=\"twitter:description\" content=\"Na quarta-feira (15), a Pol\u00edcia Civil de Minas Gerais (PCMG), em a\u00e7\u00e3o conjunta com a Pol\u00edcia Militar, prendeu em flagrante, na cidade de Tombos, um homem, de 20 anos, suspeito de cometer estupro e roubo. Ele teria abordado uma mulher, de 36 anos, que percorria o Caminho da Luz (caminho que liga a Cachoeira de Tombos\" \/>\n\t\t<meta name=\"twitter:image\" content=\"https:\/\/scontent-gig4-1.xx.fbcdn.net\/v\/t39.30808-1\/270437624_4564083193639691_6907940295614233970_n.jpg?stp=dst-jpg_s200x200_tt6&amp;_nc_cat=111&amp;ccb=1-7&amp;_nc_sid=f907e8&amp;_nc_ohc=SM1wRlP3lJwQ7kNvwEPuBYA&amp;_nc_oc=AdnqrjDN_BNjSSHWO-GbkIWH6fkGMLw4bqvL_NH6e2wMveX7G-rP2dAqsDSq1mJMOaY&amp;_nc_zt=24&amp;_nc_ht=scontent-gig4-1.xx&amp;_nc_gid=AoBFJeGrT1hVaew_6rchkQ&amp;oh=00_AfX7QmFGhQhG2jAllVgXCiM1ZrWgvtp80-Bfppyexh1QEg&amp;oe=689E923C\" \/>\n\t\t<script type=\"application\/ld+json\" class=\"aioseo-schema\">\n\t\t\t{\"@context\":\"https:\\\/\\\/schema.org\",\"@graph\":[{\"@type\":\"BlogPosting\",\"@id\":\"https:\\\/\\\/anoticiaonline.com.br\\\/site\\\/acao-conjunta-prende-suspeito-de-roubo-e-estupro-em-tombos\\\/#blogposting\",\"name\":\"A\\u00e7\\u00e3o conjunta prende suspeito de roubo e estupro em Tombos - A Not\\u00edcia Online\",\"headline\":\"A\\u00e7\\u00e3o conjunta prende suspeito de roubo e estupro em Tombos\",\"author\":{\"@id\":\"https:\\\/\\\/anoticiaonline.com.br\\\/site\\\/author\\\/juliana\\\/#author\"},\"publisher\":{\"@id\":\"https:\\\/\\\/anoticiaonline.com.br\\\/site\\\/#organization\"},\"image\":{\"@type\":\"ImageObject\",\"url\":\"https:\\\/\\\/anoticiaonline.com.br\\\/site\\\/wp-content\\\/uploads\\\/2017\\\/11\\\/A\\u00e7\\u00e3o-conjunta-prende-suspeito-de-roubo-e-estupro-em-Tombos-1.jpg\",\"width\":640,\"height\":427},\"datePublished\":\"2017-11-17T09:07:17-03:00\",\"dateModified\":\"2017-11-17T09:07:17-03:00\",\"inLanguage\":\"pt-BR\",\"mainEntityOfPage\":{\"@id\":\"https:\\\/\\\/anoticiaonline.com.br\\\/site\\\/acao-conjunta-prende-suspeito-de-roubo-e-estupro-em-tombos\\\/#webpage\"},\"isPartOf\":{\"@id\":\"https:\\\/\\\/anoticiaonline.com.br\\\/site\\\/acao-conjunta-prende-suspeito-de-roubo-e-estupro-em-tombos\\\/#webpage\"},\"articleSection\":\"Blog, assalto, crime, estupro, pol\\u00edcia civil, preso, tombos\"},{\"@type\":\"BreadcrumbList\",\"@id\":\"https:\\\/\\\/anoticiaonline.com.br\\\/site\\\/acao-conjunta-prende-suspeito-de-roubo-e-estupro-em-tombos\\\/#breadcrumblist\",\"itemListElement\":[{\"@type\":\"ListItem\",\"@id\":\"https:\\\/\\\/anoticiaonline.com.br\\\/site#listItem\",\"position\":1,\"name\":\"Home\",\"item\":\"https:\\\/\\\/anoticiaonline.com.br\\\/site\",\"nextItem\":{\"@type\":\"ListItem\",\"@id\":\"https:\\\/\\\/anoticiaonline.com.br\\\/site\\\/categoria\\\/muriae\\\/#listItem\",\"name\":\"Blog\"}},{\"@type\":\"ListItem\",\"@id\":\"https:\\\/\\\/anoticiaonline.com.br\\\/site\\\/categoria\\\/muriae\\\/#listItem\",\"position\":2,\"name\":\"Blog\",\"item\":\"https:\\\/\\\/anoticiaonline.com.br\\\/site\\\/categoria\\\/muriae\\\/\",\"nextItem\":{\"@type\":\"ListItem\",\"@id\":\"https:\\\/\\\/anoticiaonline.com.br\\\/site\\\/acao-conjunta-prende-suspeito-de-roubo-e-estupro-em-tombos\\\/#listItem\",\"name\":\"A\\u00e7\\u00e3o conjunta prende suspeito de roubo e estupro em Tombos\"},\"previousItem\":{\"@type\":\"ListItem\",\"@id\":\"https:\\\/\\\/anoticiaonline.com.br\\\/site#listItem\",\"name\":\"Home\"}},{\"@type\":\"ListItem\",\"@id\":\"https:\\\/\\\/anoticiaonline.com.br\\\/site\\\/acao-conjunta-prende-suspeito-de-roubo-e-estupro-em-tombos\\\/#listItem\",\"position\":3,\"name\":\"A\\u00e7\\u00e3o conjunta prende suspeito de roubo e estupro em Tombos\",\"previousItem\":{\"@type\":\"ListItem\",\"@id\":\"https:\\\/\\\/anoticiaonline.com.br\\\/site\\\/categoria\\\/muriae\\\/#listItem\",\"name\":\"Blog\"}}]},{\"@type\":\"Organization\",\"@id\":\"https:\\\/\\\/anoticiaonline.com.br\\\/site\\\/#organization\",\"name\":\"A Not\\u00edcia Online\",\"description\":\"Noticias de Muria\\u00e9 e regi\\u00e3o\",\"url\":\"https:\\\/\\\/anoticiaonline.com.br\\\/site\\\/\",\"logo\":{\"@type\":\"ImageObject\",\"url\":\"https:\\\/\\\/scontent-gig4-1.xx.fbcdn.net\\\/v\\\/t39.30808-1\\\/270437624_4564083193639691_6907940295614233970_n.jpg?stp=dst-jpg_s200x200_tt6&_nc_cat=111&ccb=1-7&_nc_sid=f907e8&_nc_ohc=SM1wRlP3lJwQ7kNvwEPuBYA&_nc_oc=AdnqrjDN_BNjSSHWO-GbkIWH6fkGMLw4bqvL_NH6e2wMveX7G-rP2dAqsDSq1mJMOaY&_nc_zt=24&_nc_ht=scontent-gig4-1.xx&_nc_gid=AoBFJeGrT1hVaew_6rchkQ&oh=00_AfX7QmFGhQhG2jAllVgXCiM1ZrWgvtp80-Bfppyexh1QEg&oe=689E923C\",\"@id\":\"https:\\\/\\\/anoticiaonline.com.br\\\/site\\\/acao-conjunta-prende-suspeito-de-roubo-e-estupro-em-tombos\\\/#organizationLogo\"},\"image\":{\"@id\":\"https:\\\/\\\/anoticiaonline.com.br\\\/site\\\/acao-conjunta-prende-suspeito-de-roubo-e-estupro-em-tombos\\\/#organizationLogo\"}},{\"@type\":\"Person\",\"@id\":\"https:\\\/\\\/anoticiaonline.com.br\\\/site\\\/author\\\/juliana\\\/#author\",\"url\":\"https:\\\/\\\/anoticiaonline.com.br\\\/site\\\/author\\\/juliana\\\/\",\"name\":\"Juliana Laviola\",\"image\":{\"@type\":\"ImageObject\",\"@id\":\"https:\\\/\\\/anoticiaonline.com.br\\\/site\\\/acao-conjunta-prende-suspeito-de-roubo-e-estupro-em-tombos\\\/#authorImage\",\"url\":\"https:\\\/\\\/secure.gravatar.com\\\/avatar\\\/b8d45f5c699b100dfaf0e543582f38f38bf94cb7ae3a5e9abf8d891a34773335?s=96&d=mm&r=g\",\"width\":96,\"height\":96,\"caption\":\"Juliana Laviola\"}},{\"@type\":\"WebPage\",\"@id\":\"https:\\\/\\\/anoticiaonline.com.br\\\/site\\\/acao-conjunta-prende-suspeito-de-roubo-e-estupro-em-tombos\\\/#webpage\",\"url\":\"https:\\\/\\\/anoticiaonline.com.br\\\/site\\\/acao-conjunta-prende-suspeito-de-roubo-e-estupro-em-tombos\\\/\",\"name\":\"A\\u00e7\\u00e3o conjunta prende suspeito de roubo e estupro em Tombos - A Not\\u00edcia Online\",\"description\":\"Na quarta-feira (15), a Pol\\u00edcia Civil de Minas Gerais (PCMG), em a\\u00e7\\u00e3o conjunta com a Pol\\u00edcia Militar, prendeu em flagrante, na cidade de Tombos, um homem, de 20 anos, suspeito de cometer estupro e roubo. Ele teria abordado uma mulher, de 36 anos, que percorria o Caminho da Luz (caminho que liga a Cachoeira de Tombos\",\"inLanguage\":\"pt-BR\",\"isPartOf\":{\"@id\":\"https:\\\/\\\/anoticiaonline.com.br\\\/site\\\/#website\"},\"breadcrumb\":{\"@id\":\"https:\\\/\\\/anoticiaonline.com.br\\\/site\\\/acao-conjunta-prende-suspeito-de-roubo-e-estupro-em-tombos\\\/#breadcrumblist\"},\"author\":{\"@id\":\"https:\\\/\\\/anoticiaonline.com.br\\\/site\\\/author\\\/juliana\\\/#author\"},\"creator\":{\"@id\":\"https:\\\/\\\/anoticiaonline.com.br\\\/site\\\/author\\\/juliana\\\/#author\"},\"image\":{\"@type\":\"ImageObject\",\"url\":\"https:\\\/\\\/anoticiaonline.com.br\\\/site\\\/wp-content\\\/uploads\\\/2017\\\/11\\\/A\\u00e7\\u00e3o-conjunta-prende-suspeito-de-roubo-e-estupro-em-Tombos-1.jpg\",\"@id\":\"https:\\\/\\\/anoticiaonline.com.br\\\/site\\\/acao-conjunta-prende-suspeito-de-roubo-e-estupro-em-tombos\\\/#mainImage\",\"width\":640,\"height\":427},\"primaryImageOfPage\":{\"@id\":\"https:\\\/\\\/anoticiaonline.com.br\\\/site\\\/acao-conjunta-prende-suspeito-de-roubo-e-estupro-em-tombos\\\/#mainImage\"},\"datePublished\":\"2017-11-17T09:07:17-03:00\",\"dateModified\":\"2017-11-17T09:07:17-03:00\"},{\"@type\":\"WebSite\",\"@id\":\"https:\\\/\\\/anoticiaonline.com.br\\\/site\\\/#website\",\"url\":\"https:\\\/\\\/anoticiaonline.com.br\\\/site\\\/\",\"name\":\"A Not\\u00edcia Online\",\"description\":\"Noticias de Muria\\u00e9 e regi\\u00e3o\",\"inLanguage\":\"pt-BR\",\"publisher\":{\"@id\":\"https:\\\/\\\/anoticiaonline.com.br\\\/site\\\/#organization\"}}]}\n\t\t<\/script>\n\t\t<!-- All in One SEO -->\n\n","aioseo_head_json":{"title":"A\u00e7\u00e3o conjunta prende suspeito de roubo e estupro em Tombos - A Not\u00edcia Online","description":"Na quarta-feira (15), a Pol\u00edcia Civil de Minas Gerais (PCMG), em a\u00e7\u00e3o conjunta com a Pol\u00edcia Militar, prendeu em flagrante, na cidade de Tombos, um homem, de 20 anos, suspeito de cometer estupro e roubo. Ele teria abordado uma mulher, de 36 anos, que percorria o Caminho da Luz (caminho que liga a Cachoeira de Tombos","canonical_url":"https:\/\/anoticiaonline.com.br\/site\/acao-conjunta-prende-suspeito-de-roubo-e-estupro-em-tombos\/","robots":"max-image-preview:large","keywords":"","webmasterTools":{"miscellaneous":""},"schema":{"@context":"https:\/\/schema.org","@graph":[{"@type":"BlogPosting","@id":"https:\/\/anoticiaonline.com.br\/site\/acao-conjunta-prende-suspeito-de-roubo-e-estupro-em-tombos\/#blogposting","name":"A\u00e7\u00e3o conjunta prende suspeito de roubo e estupro em Tombos - A Not\u00edcia Online","headline":"A\u00e7\u00e3o conjunta prende suspeito de roubo e estupro em Tombos","author":{"@id":"https:\/\/anoticiaonline.com.br\/site\/author\/juliana\/#author"},"publisher":{"@id":"https:\/\/anoticiaonline.com.br\/site\/#organization"},"image":{"@type":"ImageObject","url":"https:\/\/anoticiaonline.com.br\/site\/wp-content\/uploads\/2017\/11\/A\u00e7\u00e3o-conjunta-prende-suspeito-de-roubo-e-estupro-em-Tombos-1.jpg","width":640,"height":427},"datePublished":"2017-11-17T09:07:17-03:00","dateModified":"2017-11-17T09:07:17-03:00","inLanguage":"pt-BR","mainEntityOfPage":{"@id":"https:\/\/anoticiaonline.com.br\/site\/acao-conjunta-prende-suspeito-de-roubo-e-estupro-em-tombos\/#webpage"},"isPartOf":{"@id":"https:\/\/anoticiaonline.com.br\/site\/acao-conjunta-prende-suspeito-de-roubo-e-estupro-em-tombos\/#webpage"},"articleSection":"Blog, assalto, crime, estupro, pol\u00edcia civil, preso, tombos"},{"@type":"BreadcrumbList","@id":"https:\/\/anoticiaonline.com.br\/site\/acao-conjunta-prende-suspeito-de-roubo-e-estupro-em-tombos\/#breadcrumblist","itemListElement":[{"@type":"ListItem","@id":"https:\/\/anoticiaonline.com.br\/site#listItem","position":1,"name":"Home","item":"https:\/\/anoticiaonline.com.br\/site","nextItem":{"@type":"ListItem","@id":"https:\/\/anoticiaonline.com.br\/site\/categoria\/muriae\/#listItem","name":"Blog"}},{"@type":"ListItem","@id":"https:\/\/anoticiaonline.com.br\/site\/categoria\/muriae\/#listItem","position":2,"name":"Blog","item":"https:\/\/anoticiaonline.com.br\/site\/categoria\/muriae\/","nextItem":{"@type":"ListItem","@id":"https:\/\/anoticiaonline.com.br\/site\/acao-conjunta-prende-suspeito-de-roubo-e-estupro-em-tombos\/#listItem","name":"A\u00e7\u00e3o conjunta prende suspeito de roubo e estupro em Tombos"},"previousItem":{"@type":"ListItem","@id":"https:\/\/anoticiaonline.com.br\/site#listItem","name":"Home"}},{"@type":"ListItem","@id":"https:\/\/anoticiaonline.com.br\/site\/acao-conjunta-prende-suspeito-de-roubo-e-estupro-em-tombos\/#listItem","position":3,"name":"A\u00e7\u00e3o conjunta prende suspeito de roubo e estupro em Tombos","previousItem":{"@type":"ListItem","@id":"https:\/\/anoticiaonline.com.br\/site\/categoria\/muriae\/#listItem","name":"Blog"}}]},{"@type":"Organization","@id":"https:\/\/anoticiaonline.com.br\/site\/#organization","name":"A Not\u00edcia Online","description":"Noticias de Muria\u00e9 e regi\u00e3o","url":"https:\/\/anoticiaonline.com.br\/site\/","logo":{"@type":"ImageObject","url":"https:\/\/scontent-gig4-1.xx.fbcdn.net\/v\/t39.30808-1\/270437624_4564083193639691_6907940295614233970_n.jpg?stp=dst-jpg_s200x200_tt6&_nc_cat=111&ccb=1-7&_nc_sid=f907e8&_nc_ohc=SM1wRlP3lJwQ7kNvwEPuBYA&_nc_oc=AdnqrjDN_BNjSSHWO-GbkIWH6fkGMLw4bqvL_NH6e2wMveX7G-rP2dAqsDSq1mJMOaY&_nc_zt=24&_nc_ht=scontent-gig4-1.xx&_nc_gid=AoBFJeGrT1hVaew_6rchkQ&oh=00_AfX7QmFGhQhG2jAllVgXCiM1ZrWgvtp80-Bfppyexh1QEg&oe=689E923C","@id":"https:\/\/anoticiaonline.com.br\/site\/acao-conjunta-prende-suspeito-de-roubo-e-estupro-em-tombos\/#organizationLogo"},"image":{"@id":"https:\/\/anoticiaonline.com.br\/site\/acao-conjunta-prende-suspeito-de-roubo-e-estupro-em-tombos\/#organizationLogo"}},{"@type":"Person","@id":"https:\/\/anoticiaonline.com.br\/site\/author\/juliana\/#author","url":"https:\/\/anoticiaonline.com.br\/site\/author\/juliana\/","name":"Juliana Laviola","image":{"@type":"ImageObject","@id":"https:\/\/anoticiaonline.com.br\/site\/acao-conjunta-prende-suspeito-de-roubo-e-estupro-em-tombos\/#authorImage","url":"https:\/\/secure.gravatar.com\/avatar\/b8d45f5c699b100dfaf0e543582f38f38bf94cb7ae3a5e9abf8d891a34773335?s=96&d=mm&r=g","width":96,"height":96,"caption":"Juliana Laviola"}},{"@type":"WebPage","@id":"https:\/\/anoticiaonline.com.br\/site\/acao-conjunta-prende-suspeito-de-roubo-e-estupro-em-tombos\/#webpage","url":"https:\/\/anoticiaonline.com.br\/site\/acao-conjunta-prende-suspeito-de-roubo-e-estupro-em-tombos\/","name":"A\u00e7\u00e3o conjunta prende suspeito de roubo e estupro em Tombos - A Not\u00edcia Online","description":"Na quarta-feira (15), a Pol\u00edcia Civil de Minas Gerais (PCMG), em a\u00e7\u00e3o conjunta com a Pol\u00edcia Militar, prendeu em flagrante, na cidade de Tombos, um homem, de 20 anos, suspeito de cometer estupro e roubo. Ele teria abordado uma mulher, de 36 anos, que percorria o Caminho da Luz (caminho que liga a Cachoeira de Tombos","inLanguage":"pt-BR","isPartOf":{"@id":"https:\/\/anoticiaonline.com.br\/site\/#website"},"breadcrumb":{"@id":"https:\/\/anoticiaonline.com.br\/site\/acao-conjunta-prende-suspeito-de-roubo-e-estupro-em-tombos\/#breadcrumblist"},"author":{"@id":"https:\/\/anoticiaonline.com.br\/site\/author\/juliana\/#author"},"creator":{"@id":"https:\/\/anoticiaonline.com.br\/site\/author\/juliana\/#author"},"image":{"@type":"ImageObject","url":"https:\/\/anoticiaonline.com.br\/site\/wp-content\/uploads\/2017\/11\/A\u00e7\u00e3o-conjunta-prende-suspeito-de-roubo-e-estupro-em-Tombos-1.jpg","@id":"https:\/\/anoticiaonline.com.br\/site\/acao-conjunta-prende-suspeito-de-roubo-e-estupro-em-tombos\/#mainImage","width":640,"height":427},"primaryImageOfPage":{"@id":"https:\/\/anoticiaonline.com.br\/site\/acao-conjunta-prende-suspeito-de-roubo-e-estupro-em-tombos\/#mainImage"},"datePublished":"2017-11-17T09:07:17-03:00","dateModified":"2017-11-17T09:07:17-03:00"},{"@type":"WebSite","@id":"https:\/\/anoticiaonline.com.br\/site\/#website","url":"https:\/\/anoticiaonline.com.br\/site\/","name":"A Not\u00edcia Online","description":"Noticias de Muria\u00e9 e regi\u00e3o","inLanguage":"pt-BR","publisher":{"@id":"https:\/\/anoticiaonline.com.br\/site\/#organization"}}]},"og:locale":"pt_BR","og:site_name":"A Not\u00edcia Online - Noticias de Muria\u00e9 e regi\u00e3o","og:type":"article","og:title":"A\u00e7\u00e3o conjunta prende suspeito de roubo e estupro em Tombos - A Not\u00edcia Online","og:description":"Na quarta-feira (15), a Pol\u00edcia Civil de Minas Gerais (PCMG), em a\u00e7\u00e3o conjunta com a Pol\u00edcia Militar, prendeu em flagrante, na cidade de Tombos, um homem, de 20 anos, suspeito de cometer estupro e roubo. Ele teria abordado uma mulher, de 36 anos, que percorria o Caminho da Luz (caminho que liga a Cachoeira de Tombos","og:url":"https:\/\/anoticiaonline.com.br\/site\/acao-conjunta-prende-suspeito-de-roubo-e-estupro-em-tombos\/","og:image":"https:\/\/scontent-gig4-1.xx.fbcdn.net\/v\/t39.30808-1\/270437624_4564083193639691_6907940295614233970_n.jpg?stp=dst-jpg_s200x200_tt6&#038;_nc_cat=111&#038;ccb=1-7&#038;_nc_sid=f907e8&#038;_nc_ohc=SM1wRlP3lJwQ7kNvwEPuBYA&#038;_nc_oc=AdnqrjDN_BNjSSHWO-GbkIWH6fkGMLw4bqvL_NH6e2wMveX7G-rP2dAqsDSq1mJMOaY&#038;_nc_zt=24&#038;_nc_ht=scontent-gig4-1.xx&#038;_nc_gid=AoBFJeGrT1hVaew_6rchkQ&#038;oh=00_AfX7QmFGhQhG2jAllVgXCiM1ZrWgvtp80-Bfppyexh1QEg&#038;oe=689E923C","og:image:secure_url":"https:\/\/scontent-gig4-1.xx.fbcdn.net\/v\/t39.30808-1\/270437624_4564083193639691_6907940295614233970_n.jpg?stp=dst-jpg_s200x200_tt6&#038;_nc_cat=111&#038;ccb=1-7&#038;_nc_sid=f907e8&#038;_nc_ohc=SM1wRlP3lJwQ7kNvwEPuBYA&#038;_nc_oc=AdnqrjDN_BNjSSHWO-GbkIWH6fkGMLw4bqvL_NH6e2wMveX7G-rP2dAqsDSq1mJMOaY&#038;_nc_zt=24&#038;_nc_ht=scontent-gig4-1.xx&#038;_nc_gid=AoBFJeGrT1hVaew_6rchkQ&#038;oh=00_AfX7QmFGhQhG2jAllVgXCiM1ZrWgvtp80-Bfppyexh1QEg&#038;oe=689E923C","article:published_time":"2017-11-17T12:07:17+00:00","article:modified_time":"2017-11-17T12:07:17+00:00","twitter:card":"summary_large_image","twitter:title":"A\u00e7\u00e3o conjunta prende suspeito de roubo e estupro em Tombos - A Not\u00edcia Online","twitter:description":"Na quarta-feira (15), a Pol\u00edcia Civil de Minas Gerais (PCMG), em a\u00e7\u00e3o conjunta com a Pol\u00edcia Militar, prendeu em flagrante, na cidade de Tombos, um homem, de 20 anos, suspeito de cometer estupro e roubo. Ele teria abordado uma mulher, de 36 anos, que percorria o Caminho da Luz (caminho que liga a Cachoeira de Tombos","twitter:image":"https:\/\/scontent-gig4-1.xx.fbcdn.net\/v\/t39.30808-1\/270437624_4564083193639691_6907940295614233970_n.jpg?stp=dst-jpg_s200x200_tt6&_nc_cat=111&ccb=1-7&_nc_sid=f907e8&_nc_ohc=SM1wRlP3lJwQ7kNvwEPuBYA&_nc_oc=AdnqrjDN_BNjSSHWO-GbkIWH6fkGMLw4bqvL_NH6e2wMveX7G-rP2dAqsDSq1mJMOaY&_nc_zt=24&_nc_ht=scontent-gig4-1.xx&_nc_gid=AoBFJeGrT1hVaew_6rchkQ&oh=00_AfX7QmFGhQhG2jAllVgXCiM1ZrWgvtp80-Bfppyexh1QEg&oe=689E923C"},"aioseo_meta_data":{"post_id":"45073","title":null,"description":null,"keywords":null,"keyphrases":null,"primary_term":null,"canonical_url":null,"og_title":null,"og_description":null,"og_object_type":"default","og_image_type":"default","og_image_url":null,"og_image_width":null,"og_image_height":null,"og_image_custom_url":null,"og_image_custom_fields":null,"og_video":null,"og_custom_url":null,"og_article_section":null,"og_article_tags":null,"twitter_use_og":false,"twitter_card":"default","twitter_image_type":"default","twitter_image_url":null,"twitter_image_custom_url":null,"twitter_image_custom_fields":null,"twitter_title":null,"twitter_description":null,"schema":{"blockGraphs":[],"customGraphs":[],"default":{"data":{"Article":[],"Course":[],"Dataset":[],"FAQPage":[],"Movie":[],"Person":[],"Product":[],"ProductReview":[],"Car":[],"Recipe":[],"Service":[],"SoftwareApplication":[],"WebPage":[]},"graphName":"","isEnabled":true},"graphs":[]},"schema_type":"default","schema_type_options":null,"pillar_content":false,"robots_default":true,"robots_noindex":false,"robots_noarchive":false,"robots_nosnippet":false,"robots_nofollow":false,"robots_noimageindex":false,"robots_noodp":false,"robots_notranslate":false,"robots_max_snippet":null,"robots_max_videopreview":null,"robots_max_imagepreview":"large","priority":null,"frequency":null,"local_seo":null,"breadcrumb_settings":null,"limit_modified_date":false,"ai":null,"created":"2025-08-16 19:48:54","updated":"2025-08-16 19:48:54","focus_keyword":null,"additional_keywords":null,"truseo_locale":null,"seo_analyzer_scan_date":null},"aioseo_breadcrumb":"<div class=\"aioseo-breadcrumbs\"><span class=\"aioseo-breadcrumb\">\n\t\t\t<a href=\"https:\/\/anoticiaonline.com.br\/site\" title=\"Home\">Home<\/a>\n\t\t<\/span><span class=\"aioseo-breadcrumb-separator\">&raquo;<\/span><span class=\"aioseo-breadcrumb\">\n\t\t\t<a href=\"https:\/\/anoticiaonline.com.br\/site\/categoria\/muriae\/\" title=\"Blog\">Blog<\/a>\n\t\t<\/span><span class=\"aioseo-breadcrumb-separator\">&raquo;<\/span><span class=\"aioseo-breadcrumb\">\n\t\t\tA\u00e7\u00e3o conjunta prende suspeito de roubo e estupro em Tombos\n\t\t<\/span><\/div>","aioseo_breadcrumb_json":[{"label":"Home","link":"https:\/\/anoticiaonline.com.br\/site"},{"label":"Blog","link":"https:\/\/anoticiaonline.com.br\/site\/categoria\/muriae\/"},{"label":"A\u00e7\u00e3o conjunta prende suspeito de roubo e estupro em Tombos","link":"https:\/\/anoticiaonline.com.br\/site\/acao-conjunta-prende-suspeito-de-roubo-e-estupro-em-tombos\/"}],"views":146,"_links":{"self":[{"href":"https:\/\/anoticiaonline.com.br\/site\/wp-json\/wp\/v2\/posts\/45073","targetHints":{"allow":["GET"]}}],"collection":[{"href":"https:\/\/anoticiaonline.com.br\/site\/wp-json\/wp\/v2\/posts"}],"about":[{"href":"https:\/\/anoticiaonline.com.br\/site\/wp-json\/wp\/v2\/types\/post"}],"author":[{"embeddable":true,"href":"https:\/\/anoticiaonline.com.br\/site\/wp-json\/wp\/v2\/users\/2"}],"replies":[{"embeddable":true,"href":"https:\/\/anoticiaonline.com.br\/site\/wp-json\/wp\/v2\/comments?post=45073"}],"version-history":[{"count":0,"href":"https:\/\/anoticiaonline.com.br\/site\/wp-json\/wp\/v2\/posts\/45073\/revisions"}],"wp:featuredmedia":[{"embeddable":true,"href":"https:\/\/anoticiaonline.com.br\/site\/wp-json\/wp\/v2\/media\/45082"}],"wp:attachment":[{"href":"https:\/\/anoticiaonline.com.br\/site\/wp-json\/wp\/v2\/media?parent=45073"}],"wp:term":[{"taxonomy":"category","embeddable":true,"href":"https:\/\/anoticiaonline.com.br\/site\/wp-json\/wp\/v2\/categories?post=45073"},{"taxonomy":"post_tag","embeddable":true,"href":"https:\/\/anoticiaonline.com.br\/site\/wp-json\/wp\/v2\/tags?post=45073"}],"curies":[{"name":"wp","href":"https:\/\/api.w.org\/{rel}","templated":true}]}}