{"id":44968,"date":"2017-11-16T21:58:03","date_gmt":"2017-11-17T00:58:03","guid":{"rendered":"http:\/\/anoticiaonline.com.br\/site\/?p=44968"},"modified":"2017-11-16T22:00:18","modified_gmt":"2017-11-17T01:00:18","slug":"recreio-lanca-o-novo-polo-2018","status":"publish","type":"post","link":"https:\/\/anoticiaonline.com.br\/site\/recreio-lanca-o-novo-polo-2018\/","title":{"rendered":"Recreio lan\u00e7a o Novo Polo 2018"},"content":{"rendered":"<p><a href=\"https:\/\/anoticiaonline.com.br\/site\/wp-content\/uploads\/2017\/11\/DSC_0916.jpg\"><img fetchpriority=\"high\" decoding=\"async\" class=\"aligncenter size-full wp-image-44969\" src=\"https:\/\/anoticiaonline.com.br\/site\/wp-content\/uploads\/2017\/11\/DSC_0916.jpg\" alt=\"\" width=\"640\" height=\"426\" srcset=\"https:\/\/anoticiaonline.com.br\/site\/wp-content\/uploads\/2017\/11\/DSC_0916.jpg 640w, https:\/\/anoticiaonline.com.br\/site\/wp-content\/uploads\/2017\/11\/DSC_0916-300x200.jpg 300w\" sizes=\"(max-width: 640px) 100vw, 640px\" \/><\/a> <a href=\"https:\/\/anoticiaonline.com.br\/site\/wp-content\/uploads\/2017\/11\/DSC_0803.jpg\"><img decoding=\"async\" class=\"aligncenter size-full wp-image-44970\" src=\"https:\/\/anoticiaonline.com.br\/site\/wp-content\/uploads\/2017\/11\/DSC_0803.jpg\" alt=\"\" width=\"640\" height=\"426\" srcset=\"https:\/\/anoticiaonline.com.br\/site\/wp-content\/uploads\/2017\/11\/DSC_0803.jpg 640w, https:\/\/anoticiaonline.com.br\/site\/wp-content\/uploads\/2017\/11\/DSC_0803-300x200.jpg 300w\" sizes=\"(max-width: 640px) 100vw, 640px\" \/><\/a> <a href=\"https:\/\/anoticiaonline.com.br\/site\/wp-content\/uploads\/2017\/11\/DSC_0815.jpg\"><img decoding=\"async\" class=\"aligncenter size-full wp-image-44971\" src=\"https:\/\/anoticiaonline.com.br\/site\/wp-content\/uploads\/2017\/11\/DSC_0815.jpg\" alt=\"\" width=\"640\" height=\"426\" srcset=\"https:\/\/anoticiaonline.com.br\/site\/wp-content\/uploads\/2017\/11\/DSC_0815.jpg 640w, https:\/\/anoticiaonline.com.br\/site\/wp-content\/uploads\/2017\/11\/DSC_0815-300x200.jpg 300w\" sizes=\"(max-width: 640px) 100vw, 640px\" \/><\/a> <a href=\"https:\/\/anoticiaonline.com.br\/site\/wp-content\/uploads\/2017\/11\/DSC_1079.jpg\"><img loading=\"lazy\" decoding=\"async\" class=\"aligncenter size-full wp-image-44972\" src=\"https:\/\/anoticiaonline.com.br\/site\/wp-content\/uploads\/2017\/11\/DSC_1079.jpg\" alt=\"\" width=\"640\" height=\"426\" srcset=\"https:\/\/anoticiaonline.com.br\/site\/wp-content\/uploads\/2017\/11\/DSC_1079.jpg 640w, https:\/\/anoticiaonline.com.br\/site\/wp-content\/uploads\/2017\/11\/DSC_1079-300x200.jpg 300w\" sizes=\"(max-width: 640px) 100vw, 640px\" \/><\/a>A concession\u00e1ria Recreio Volkswagen realizou o grande lan\u00e7amento do Novo Polo, na manh\u00e3 de s\u00e1bado (11). Na ocasi\u00e3o, clientes conheceram o autom\u00f3vel, fizeram Test Drive e saborearam um delicioso caf\u00e9 da manh\u00e3.<\/p>\n<p>Jo\u00e3o Ezequiel da Silveira Filho, gerente de vendas da Recreio, disse que o Novo Polo \u00e9 o mesmo fabricado na Europa e um excelente investimento da alem\u00e3 Volkswagen. \u201cO Novo Polo \u00e9 o carro mais moderno do mercado atual, tanto no consumo de combust\u00edvel, quanto em seguran\u00e7a. O a\u00e7o utilizado nele \u00e9 30% ultra resistente, com alta dirigibilidade e \u00f3timo valor de revenda. Sem d\u00favida, um autom\u00f3vel de primeiro mundo\u201d, conta.<\/p>\n<p>O Novo Polo \u00e9 um carro moderno, com alta performance e mobilidade, que pode ser adquirido a partir de R$49.990,00. O autom\u00f3vel foi desenvolvido para revolucionar o seguimento dos compactos \u201cpremium\u201d, com espa\u00e7o tecnologia, desempenho e conforto antes dispon\u00edveis em ve\u00edculos de categorias superiores.<\/p>\n<p>O autom\u00f3vel possui quatro vers\u00f5es: o Novo Polo, com motor 1.0 MPI, Easy Drive e ar condicionado; o Novo Polo MSI, com motor 1.6 MPI, alerta de frenagem e air bag lateral; o Novo Polo Comfortline 200 TSI, com motor 200 TSI, volante multifuncional e composition touch; e o Novo Polo Highline 200 TSI, com motor 200 TSI, rodas avalanche 16\u2019\u2019 e Sistema Kessy. Todos os modelos com sete cores diferentes para o cliente escolher, al\u00e9m dos itens de s\u00e9rie e opcionais.<\/p>\n<p><strong>Palavra dos consumidores \u2013 <\/strong>Questionados, os clientes da Recreio aprovaram o novo Polo. Carlos Machado, presente no lan\u00e7amento, realizou a compra na concession\u00e1ria. \u201cFiquei surpreso com o carro, tanto na quest\u00e3o de tecnologia, quanto na seguran\u00e7a, principalmente para quem viaja muito, com v\u00e1rias op\u00e7\u00f5es de motor. Sem d\u00favida, o Novo Polo veio para revolucionar o mercado automotivo\u201d, diz.<\/p>\n<p>Iv\u00e2nia Maria de Souza aprovou o design do novo Polo. \u201cAchei lindo! Com tra\u00e7os arrojados, o cinto de tr\u00eas pontos e todo o conforto que ele oferece\u201d, conta.<\/p>\n<p>A Recreio est\u00e1 localizada na Avenida Rio-Bahia, 6.011, BR-116, Bairro Gaspar. Telefone para contato: (32) 3696-3900.<\/p>\n<p><img decoding=\"async\" class=\"ngg_displayed_gallery mceItem\" src=\"https:\/\/anoticiaonline.com.br\/site\/nextgen-attach_to_post\/preview\/id--45057\" \/><\/p>\n","protected":false},"excerpt":{"rendered":"<p>A concession\u00e1ria Recreio Volkswagen realizou o grande lan\u00e7amento do Novo Polo, na manh\u00e3 de s\u00e1bado (11). Na ocasi\u00e3o, clientes conheceram o autom\u00f3vel, fizeram Test Drive e saborearam um delicioso caf\u00e9 da manh\u00e3. Jo\u00e3o Ezequiel da Silveira Filho, gerente de vendas da Recreio, disse que o Novo Polo \u00e9 o mesmo fabricado na Europa e um &#8230; <a title=\"Recreio lan\u00e7a o Novo Polo 2018\" class=\"read-more\" href=\"https:\/\/anoticiaonline.com.br\/site\/recreio-lanca-o-novo-polo-2018\/\" aria-label=\"Read more about Recreio lan\u00e7a o Novo Polo 2018\">Ler mais<\/a><\/p>\n","protected":false},"author":2,"featured_media":44971,"comment_status":"open","ping_status":"open","sticky":false,"template":"","format":"standard","meta":{"_acf_changed":false,"_monsterinsights_skip_tracking":false,"footnotes":""},"categories":[1],"tags":[1540,1539,1541,1542,1538],"class_list":["post-44968","post","type-post","status-publish","format-standard","has-post-thumbnail","hentry","category-gerais","tag-europa","tag-novo-polo","tag-novo-polo-highline","tag-novo-polo-highline-200-tsi","tag-recreio-volkswagen"],"acf":[],"aioseo_notices":[],"aioseo_head":"\n\t\t<!-- All in One SEO 5.0.0.1 - aioseo.com -->\n\t<meta name=\"description\" content=\"A concession\u00e1ria Recreio Volkswagen realizou o grande lan\u00e7amento do Novo Polo, na manh\u00e3 de s\u00e1bado (11). Na ocasi\u00e3o, clientes conheceram o autom\u00f3vel, fizeram Test Drive e saborearam um delicioso caf\u00e9 da manh\u00e3. Jo\u00e3o Ezequiel da Silveira Filho, gerente de vendas da Recreio, disse que o Novo Polo \u00e9 o mesmo fabricado na Europa e um\" \/>\n\t<meta name=\"robots\" content=\"max-image-preview:large\" \/>\n\t<meta name=\"author\" content=\"Juliana Laviola\"\/>\n\t<link rel=\"canonical\" href=\"https:\/\/anoticiaonline.com.br\/site\/recreio-lanca-o-novo-polo-2018\/\" \/>\n\t<meta name=\"generator\" content=\"All in One SEO (AIOSEO) 5.0.0.1\" \/>\n\t\t<meta property=\"og:locale\" content=\"pt_BR\" \/>\n\t\t<meta property=\"og:site_name\" content=\"A Not\u00edcia Online - Noticias de Muria\u00e9 e regi\u00e3o\" \/>\n\t\t<meta property=\"og:type\" content=\"article\" \/>\n\t\t<meta property=\"og:title\" content=\"Recreio lan\u00e7a o Novo Polo 2018 - A Not\u00edcia Online\" \/>\n\t\t<meta property=\"og:description\" content=\"A concession\u00e1ria Recreio Volkswagen realizou o grande lan\u00e7amento do Novo Polo, na manh\u00e3 de s\u00e1bado (11). Na ocasi\u00e3o, clientes conheceram o autom\u00f3vel, fizeram Test Drive e saborearam um delicioso caf\u00e9 da manh\u00e3. Jo\u00e3o Ezequiel da Silveira Filho, gerente de vendas da Recreio, disse que o Novo Polo \u00e9 o mesmo fabricado na Europa e um\" \/>\n\t\t<meta property=\"og:url\" content=\"https:\/\/anoticiaonline.com.br\/site\/recreio-lanca-o-novo-polo-2018\/\" \/>\n\t\t<meta property=\"og:image\" content=\"https:\/\/scontent-gig4-1.xx.fbcdn.net\/v\/t39.30808-1\/270437624_4564083193639691_6907940295614233970_n.jpg?stp=dst-jpg_s200x200_tt6&#038;_nc_cat=111&#038;ccb=1-7&#038;_nc_sid=f907e8&#038;_nc_ohc=SM1wRlP3lJwQ7kNvwEPuBYA&#038;_nc_oc=AdnqrjDN_BNjSSHWO-GbkIWH6fkGMLw4bqvL_NH6e2wMveX7G-rP2dAqsDSq1mJMOaY&#038;_nc_zt=24&#038;_nc_ht=scontent-gig4-1.xx&#038;_nc_gid=AoBFJeGrT1hVaew_6rchkQ&#038;oh=00_AfX7QmFGhQhG2jAllVgXCiM1ZrWgvtp80-Bfppyexh1QEg&#038;oe=689E923C\" \/>\n\t\t<meta property=\"og:image:secure_url\" content=\"https:\/\/scontent-gig4-1.xx.fbcdn.net\/v\/t39.30808-1\/270437624_4564083193639691_6907940295614233970_n.jpg?stp=dst-jpg_s200x200_tt6&#038;_nc_cat=111&#038;ccb=1-7&#038;_nc_sid=f907e8&#038;_nc_ohc=SM1wRlP3lJwQ7kNvwEPuBYA&#038;_nc_oc=AdnqrjDN_BNjSSHWO-GbkIWH6fkGMLw4bqvL_NH6e2wMveX7G-rP2dAqsDSq1mJMOaY&#038;_nc_zt=24&#038;_nc_ht=scontent-gig4-1.xx&#038;_nc_gid=AoBFJeGrT1hVaew_6rchkQ&#038;oh=00_AfX7QmFGhQhG2jAllVgXCiM1ZrWgvtp80-Bfppyexh1QEg&#038;oe=689E923C\" \/>\n\t\t<meta property=\"article:published_time\" content=\"2017-11-17T00:58:03+00:00\" \/>\n\t\t<meta property=\"article:modified_time\" content=\"2017-11-17T01:00:18+00:00\" \/>\n\t\t<meta name=\"twitter:card\" content=\"summary_large_image\" \/>\n\t\t<meta name=\"twitter:title\" content=\"Recreio lan\u00e7a o Novo Polo 2018 - A Not\u00edcia Online\" \/>\n\t\t<meta name=\"twitter:description\" content=\"A concession\u00e1ria Recreio Volkswagen realizou o grande lan\u00e7amento do Novo Polo, na manh\u00e3 de s\u00e1bado (11). Na ocasi\u00e3o, clientes conheceram o autom\u00f3vel, fizeram Test Drive e saborearam um delicioso caf\u00e9 da manh\u00e3. Jo\u00e3o Ezequiel da Silveira Filho, gerente de vendas da Recreio, disse que o Novo Polo \u00e9 o mesmo fabricado na Europa e um\" \/>\n\t\t<meta name=\"twitter:image\" content=\"https:\/\/scontent-gig4-1.xx.fbcdn.net\/v\/t39.30808-1\/270437624_4564083193639691_6907940295614233970_n.jpg?stp=dst-jpg_s200x200_tt6&amp;_nc_cat=111&amp;ccb=1-7&amp;_nc_sid=f907e8&amp;_nc_ohc=SM1wRlP3lJwQ7kNvwEPuBYA&amp;_nc_oc=AdnqrjDN_BNjSSHWO-GbkIWH6fkGMLw4bqvL_NH6e2wMveX7G-rP2dAqsDSq1mJMOaY&amp;_nc_zt=24&amp;_nc_ht=scontent-gig4-1.xx&amp;_nc_gid=AoBFJeGrT1hVaew_6rchkQ&amp;oh=00_AfX7QmFGhQhG2jAllVgXCiM1ZrWgvtp80-Bfppyexh1QEg&amp;oe=689E923C\" \/>\n\t\t<script type=\"application\/ld+json\" class=\"aioseo-schema\">\n\t\t\t{\"@context\":\"https:\\\/\\\/schema.org\",\"@graph\":[{\"@type\":\"BlogPosting\",\"@id\":\"https:\\\/\\\/anoticiaonline.com.br\\\/site\\\/recreio-lanca-o-novo-polo-2018\\\/#blogposting\",\"name\":\"Recreio lan\\u00e7a o Novo Polo 2018 - A Not\\u00edcia Online\",\"headline\":\"Recreio lan\\u00e7a o Novo Polo 2018\",\"author\":{\"@id\":\"https:\\\/\\\/anoticiaonline.com.br\\\/site\\\/author\\\/juliana\\\/#author\"},\"publisher\":{\"@id\":\"https:\\\/\\\/anoticiaonline.com.br\\\/site\\\/#organization\"},\"image\":{\"@type\":\"ImageObject\",\"url\":\"https:\\\/\\\/anoticiaonline.com.br\\\/site\\\/wp-content\\\/uploads\\\/2017\\\/11\\\/DSC_0815.jpg\",\"width\":640,\"height\":426},\"datePublished\":\"2017-11-16T21:58:03-03:00\",\"dateModified\":\"2017-11-16T22:00:18-03:00\",\"inLanguage\":\"pt-BR\",\"mainEntityOfPage\":{\"@id\":\"https:\\\/\\\/anoticiaonline.com.br\\\/site\\\/recreio-lanca-o-novo-polo-2018\\\/#webpage\"},\"isPartOf\":{\"@id\":\"https:\\\/\\\/anoticiaonline.com.br\\\/site\\\/recreio-lanca-o-novo-polo-2018\\\/#webpage\"},\"articleSection\":\"Gerais, Europa, Novo Polo, Novo Polo Highline, Novo Polo Highline 200 TSI, Recreio Volkswagen\"},{\"@type\":\"BreadcrumbList\",\"@id\":\"https:\\\/\\\/anoticiaonline.com.br\\\/site\\\/recreio-lanca-o-novo-polo-2018\\\/#breadcrumblist\",\"itemListElement\":[{\"@type\":\"ListItem\",\"@id\":\"https:\\\/\\\/anoticiaonline.com.br\\\/site#listItem\",\"position\":1,\"name\":\"Home\",\"item\":\"https:\\\/\\\/anoticiaonline.com.br\\\/site\",\"nextItem\":{\"@type\":\"ListItem\",\"@id\":\"https:\\\/\\\/anoticiaonline.com.br\\\/site\\\/categoria\\\/gerais\\\/#listItem\",\"name\":\"Gerais\"}},{\"@type\":\"ListItem\",\"@id\":\"https:\\\/\\\/anoticiaonline.com.br\\\/site\\\/categoria\\\/gerais\\\/#listItem\",\"position\":2,\"name\":\"Gerais\",\"item\":\"https:\\\/\\\/anoticiaonline.com.br\\\/site\\\/categoria\\\/gerais\\\/\",\"nextItem\":{\"@type\":\"ListItem\",\"@id\":\"https:\\\/\\\/anoticiaonline.com.br\\\/site\\\/recreio-lanca-o-novo-polo-2018\\\/#listItem\",\"name\":\"Recreio lan\\u00e7a o Novo Polo 2018\"},\"previousItem\":{\"@type\":\"ListItem\",\"@id\":\"https:\\\/\\\/anoticiaonline.com.br\\\/site#listItem\",\"name\":\"Home\"}},{\"@type\":\"ListItem\",\"@id\":\"https:\\\/\\\/anoticiaonline.com.br\\\/site\\\/recreio-lanca-o-novo-polo-2018\\\/#listItem\",\"position\":3,\"name\":\"Recreio lan\\u00e7a o Novo Polo 2018\",\"previousItem\":{\"@type\":\"ListItem\",\"@id\":\"https:\\\/\\\/anoticiaonline.com.br\\\/site\\\/categoria\\\/gerais\\\/#listItem\",\"name\":\"Gerais\"}}]},{\"@type\":\"Organization\",\"@id\":\"https:\\\/\\\/anoticiaonline.com.br\\\/site\\\/#organization\",\"name\":\"A Not\\u00edcia Online\",\"description\":\"Noticias de Muria\\u00e9 e regi\\u00e3o\",\"url\":\"https:\\\/\\\/anoticiaonline.com.br\\\/site\\\/\",\"logo\":{\"@type\":\"ImageObject\",\"url\":\"https:\\\/\\\/scontent-gig4-1.xx.fbcdn.net\\\/v\\\/t39.30808-1\\\/270437624_4564083193639691_6907940295614233970_n.jpg?stp=dst-jpg_s200x200_tt6&_nc_cat=111&ccb=1-7&_nc_sid=f907e8&_nc_ohc=SM1wRlP3lJwQ7kNvwEPuBYA&_nc_oc=AdnqrjDN_BNjSSHWO-GbkIWH6fkGMLw4bqvL_NH6e2wMveX7G-rP2dAqsDSq1mJMOaY&_nc_zt=24&_nc_ht=scontent-gig4-1.xx&_nc_gid=AoBFJeGrT1hVaew_6rchkQ&oh=00_AfX7QmFGhQhG2jAllVgXCiM1ZrWgvtp80-Bfppyexh1QEg&oe=689E923C\",\"@id\":\"https:\\\/\\\/anoticiaonline.com.br\\\/site\\\/recreio-lanca-o-novo-polo-2018\\\/#organizationLogo\"},\"image\":{\"@id\":\"https:\\\/\\\/anoticiaonline.com.br\\\/site\\\/recreio-lanca-o-novo-polo-2018\\\/#organizationLogo\"}},{\"@type\":\"Person\",\"@id\":\"https:\\\/\\\/anoticiaonline.com.br\\\/site\\\/author\\\/juliana\\\/#author\",\"url\":\"https:\\\/\\\/anoticiaonline.com.br\\\/site\\\/author\\\/juliana\\\/\",\"name\":\"Juliana Laviola\",\"image\":{\"@type\":\"ImageObject\",\"@id\":\"https:\\\/\\\/anoticiaonline.com.br\\\/site\\\/recreio-lanca-o-novo-polo-2018\\\/#authorImage\",\"url\":\"https:\\\/\\\/secure.gravatar.com\\\/avatar\\\/b8d45f5c699b100dfaf0e543582f38f38bf94cb7ae3a5e9abf8d891a34773335?s=96&d=mm&r=g\",\"width\":96,\"height\":96,\"caption\":\"Juliana Laviola\"}},{\"@type\":\"WebPage\",\"@id\":\"https:\\\/\\\/anoticiaonline.com.br\\\/site\\\/recreio-lanca-o-novo-polo-2018\\\/#webpage\",\"url\":\"https:\\\/\\\/anoticiaonline.com.br\\\/site\\\/recreio-lanca-o-novo-polo-2018\\\/\",\"name\":\"Recreio lan\\u00e7a o Novo Polo 2018 - A Not\\u00edcia Online\",\"description\":\"A concession\\u00e1ria Recreio Volkswagen realizou o grande lan\\u00e7amento do Novo Polo, na manh\\u00e3 de s\\u00e1bado (11). Na ocasi\\u00e3o, clientes conheceram o autom\\u00f3vel, fizeram Test Drive e saborearam um delicioso caf\\u00e9 da manh\\u00e3. Jo\\u00e3o Ezequiel da Silveira Filho, gerente de vendas da Recreio, disse que o Novo Polo \\u00e9 o mesmo fabricado na Europa e um\",\"inLanguage\":\"pt-BR\",\"isPartOf\":{\"@id\":\"https:\\\/\\\/anoticiaonline.com.br\\\/site\\\/#website\"},\"breadcrumb\":{\"@id\":\"https:\\\/\\\/anoticiaonline.com.br\\\/site\\\/recreio-lanca-o-novo-polo-2018\\\/#breadcrumblist\"},\"author\":{\"@id\":\"https:\\\/\\\/anoticiaonline.com.br\\\/site\\\/author\\\/juliana\\\/#author\"},\"creator\":{\"@id\":\"https:\\\/\\\/anoticiaonline.com.br\\\/site\\\/author\\\/juliana\\\/#author\"},\"image\":{\"@type\":\"ImageObject\",\"url\":\"https:\\\/\\\/anoticiaonline.com.br\\\/site\\\/wp-content\\\/uploads\\\/2017\\\/11\\\/DSC_0815.jpg\",\"@id\":\"https:\\\/\\\/anoticiaonline.com.br\\\/site\\\/recreio-lanca-o-novo-polo-2018\\\/#mainImage\",\"width\":640,\"height\":426},\"primaryImageOfPage\":{\"@id\":\"https:\\\/\\\/anoticiaonline.com.br\\\/site\\\/recreio-lanca-o-novo-polo-2018\\\/#mainImage\"},\"datePublished\":\"2017-11-16T21:58:03-03:00\",\"dateModified\":\"2017-11-16T22:00:18-03:00\"},{\"@type\":\"WebSite\",\"@id\":\"https:\\\/\\\/anoticiaonline.com.br\\\/site\\\/#website\",\"url\":\"https:\\\/\\\/anoticiaonline.com.br\\\/site\\\/\",\"name\":\"A Not\\u00edcia Online\",\"description\":\"Noticias de Muria\\u00e9 e regi\\u00e3o\",\"inLanguage\":\"pt-BR\",\"publisher\":{\"@id\":\"https:\\\/\\\/anoticiaonline.com.br\\\/site\\\/#organization\"}}]}\n\t\t<\/script>\n\t\t<!-- All in One SEO -->\n\n","aioseo_head_json":{"title":"Recreio lan\u00e7a o Novo Polo 2018 - A Not\u00edcia Online","description":"A concession\u00e1ria Recreio Volkswagen realizou o grande lan\u00e7amento do Novo Polo, na manh\u00e3 de s\u00e1bado (11). Na ocasi\u00e3o, clientes conheceram o autom\u00f3vel, fizeram Test Drive e saborearam um delicioso caf\u00e9 da manh\u00e3. Jo\u00e3o Ezequiel da Silveira Filho, gerente de vendas da Recreio, disse que o Novo Polo \u00e9 o mesmo fabricado na Europa e um","canonical_url":"https:\/\/anoticiaonline.com.br\/site\/recreio-lanca-o-novo-polo-2018\/","robots":"max-image-preview:large","keywords":"","webmasterTools":{"miscellaneous":""},"schema":{"@context":"https:\/\/schema.org","@graph":[{"@type":"BlogPosting","@id":"https:\/\/anoticiaonline.com.br\/site\/recreio-lanca-o-novo-polo-2018\/#blogposting","name":"Recreio lan\u00e7a o Novo Polo 2018 - A Not\u00edcia Online","headline":"Recreio lan\u00e7a o Novo Polo 2018","author":{"@id":"https:\/\/anoticiaonline.com.br\/site\/author\/juliana\/#author"},"publisher":{"@id":"https:\/\/anoticiaonline.com.br\/site\/#organization"},"image":{"@type":"ImageObject","url":"https:\/\/anoticiaonline.com.br\/site\/wp-content\/uploads\/2017\/11\/DSC_0815.jpg","width":640,"height":426},"datePublished":"2017-11-16T21:58:03-03:00","dateModified":"2017-11-16T22:00:18-03:00","inLanguage":"pt-BR","mainEntityOfPage":{"@id":"https:\/\/anoticiaonline.com.br\/site\/recreio-lanca-o-novo-polo-2018\/#webpage"},"isPartOf":{"@id":"https:\/\/anoticiaonline.com.br\/site\/recreio-lanca-o-novo-polo-2018\/#webpage"},"articleSection":"Gerais, Europa, Novo Polo, Novo Polo Highline, Novo Polo Highline 200 TSI, Recreio Volkswagen"},{"@type":"BreadcrumbList","@id":"https:\/\/anoticiaonline.com.br\/site\/recreio-lanca-o-novo-polo-2018\/#breadcrumblist","itemListElement":[{"@type":"ListItem","@id":"https:\/\/anoticiaonline.com.br\/site#listItem","position":1,"name":"Home","item":"https:\/\/anoticiaonline.com.br\/site","nextItem":{"@type":"ListItem","@id":"https:\/\/anoticiaonline.com.br\/site\/categoria\/gerais\/#listItem","name":"Gerais"}},{"@type":"ListItem","@id":"https:\/\/anoticiaonline.com.br\/site\/categoria\/gerais\/#listItem","position":2,"name":"Gerais","item":"https:\/\/anoticiaonline.com.br\/site\/categoria\/gerais\/","nextItem":{"@type":"ListItem","@id":"https:\/\/anoticiaonline.com.br\/site\/recreio-lanca-o-novo-polo-2018\/#listItem","name":"Recreio lan\u00e7a o Novo Polo 2018"},"previousItem":{"@type":"ListItem","@id":"https:\/\/anoticiaonline.com.br\/site#listItem","name":"Home"}},{"@type":"ListItem","@id":"https:\/\/anoticiaonline.com.br\/site\/recreio-lanca-o-novo-polo-2018\/#listItem","position":3,"name":"Recreio lan\u00e7a o Novo Polo 2018","previousItem":{"@type":"ListItem","@id":"https:\/\/anoticiaonline.com.br\/site\/categoria\/gerais\/#listItem","name":"Gerais"}}]},{"@type":"Organization","@id":"https:\/\/anoticiaonline.com.br\/site\/#organization","name":"A Not\u00edcia Online","description":"Noticias de Muria\u00e9 e regi\u00e3o","url":"https:\/\/anoticiaonline.com.br\/site\/","logo":{"@type":"ImageObject","url":"https:\/\/scontent-gig4-1.xx.fbcdn.net\/v\/t39.30808-1\/270437624_4564083193639691_6907940295614233970_n.jpg?stp=dst-jpg_s200x200_tt6&_nc_cat=111&ccb=1-7&_nc_sid=f907e8&_nc_ohc=SM1wRlP3lJwQ7kNvwEPuBYA&_nc_oc=AdnqrjDN_BNjSSHWO-GbkIWH6fkGMLw4bqvL_NH6e2wMveX7G-rP2dAqsDSq1mJMOaY&_nc_zt=24&_nc_ht=scontent-gig4-1.xx&_nc_gid=AoBFJeGrT1hVaew_6rchkQ&oh=00_AfX7QmFGhQhG2jAllVgXCiM1ZrWgvtp80-Bfppyexh1QEg&oe=689E923C","@id":"https:\/\/anoticiaonline.com.br\/site\/recreio-lanca-o-novo-polo-2018\/#organizationLogo"},"image":{"@id":"https:\/\/anoticiaonline.com.br\/site\/recreio-lanca-o-novo-polo-2018\/#organizationLogo"}},{"@type":"Person","@id":"https:\/\/anoticiaonline.com.br\/site\/author\/juliana\/#author","url":"https:\/\/anoticiaonline.com.br\/site\/author\/juliana\/","name":"Juliana Laviola","image":{"@type":"ImageObject","@id":"https:\/\/anoticiaonline.com.br\/site\/recreio-lanca-o-novo-polo-2018\/#authorImage","url":"https:\/\/secure.gravatar.com\/avatar\/b8d45f5c699b100dfaf0e543582f38f38bf94cb7ae3a5e9abf8d891a34773335?s=96&d=mm&r=g","width":96,"height":96,"caption":"Juliana Laviola"}},{"@type":"WebPage","@id":"https:\/\/anoticiaonline.com.br\/site\/recreio-lanca-o-novo-polo-2018\/#webpage","url":"https:\/\/anoticiaonline.com.br\/site\/recreio-lanca-o-novo-polo-2018\/","name":"Recreio lan\u00e7a o Novo Polo 2018 - A Not\u00edcia Online","description":"A concession\u00e1ria Recreio Volkswagen realizou o grande lan\u00e7amento do Novo Polo, na manh\u00e3 de s\u00e1bado (11). Na ocasi\u00e3o, clientes conheceram o autom\u00f3vel, fizeram Test Drive e saborearam um delicioso caf\u00e9 da manh\u00e3. Jo\u00e3o Ezequiel da Silveira Filho, gerente de vendas da Recreio, disse que o Novo Polo \u00e9 o mesmo fabricado na Europa e um","inLanguage":"pt-BR","isPartOf":{"@id":"https:\/\/anoticiaonline.com.br\/site\/#website"},"breadcrumb":{"@id":"https:\/\/anoticiaonline.com.br\/site\/recreio-lanca-o-novo-polo-2018\/#breadcrumblist"},"author":{"@id":"https:\/\/anoticiaonline.com.br\/site\/author\/juliana\/#author"},"creator":{"@id":"https:\/\/anoticiaonline.com.br\/site\/author\/juliana\/#author"},"image":{"@type":"ImageObject","url":"https:\/\/anoticiaonline.com.br\/site\/wp-content\/uploads\/2017\/11\/DSC_0815.jpg","@id":"https:\/\/anoticiaonline.com.br\/site\/recreio-lanca-o-novo-polo-2018\/#mainImage","width":640,"height":426},"primaryImageOfPage":{"@id":"https:\/\/anoticiaonline.com.br\/site\/recreio-lanca-o-novo-polo-2018\/#mainImage"},"datePublished":"2017-11-16T21:58:03-03:00","dateModified":"2017-11-16T22:00:18-03:00"},{"@type":"WebSite","@id":"https:\/\/anoticiaonline.com.br\/site\/#website","url":"https:\/\/anoticiaonline.com.br\/site\/","name":"A Not\u00edcia Online","description":"Noticias de Muria\u00e9 e regi\u00e3o","inLanguage":"pt-BR","publisher":{"@id":"https:\/\/anoticiaonline.com.br\/site\/#organization"}}]},"og:locale":"pt_BR","og:site_name":"A Not\u00edcia Online - Noticias de Muria\u00e9 e regi\u00e3o","og:type":"article","og:title":"Recreio lan\u00e7a o Novo Polo 2018 - A Not\u00edcia Online","og:description":"A concession\u00e1ria Recreio Volkswagen realizou o grande lan\u00e7amento do Novo Polo, na manh\u00e3 de s\u00e1bado (11). Na ocasi\u00e3o, clientes conheceram o autom\u00f3vel, fizeram Test Drive e saborearam um delicioso caf\u00e9 da manh\u00e3. Jo\u00e3o Ezequiel da Silveira Filho, gerente de vendas da Recreio, disse que o Novo Polo \u00e9 o mesmo fabricado na Europa e um","og:url":"https:\/\/anoticiaonline.com.br\/site\/recreio-lanca-o-novo-polo-2018\/","og:image":"https:\/\/scontent-gig4-1.xx.fbcdn.net\/v\/t39.30808-1\/270437624_4564083193639691_6907940295614233970_n.jpg?stp=dst-jpg_s200x200_tt6&#038;_nc_cat=111&#038;ccb=1-7&#038;_nc_sid=f907e8&#038;_nc_ohc=SM1wRlP3lJwQ7kNvwEPuBYA&#038;_nc_oc=AdnqrjDN_BNjSSHWO-GbkIWH6fkGMLw4bqvL_NH6e2wMveX7G-rP2dAqsDSq1mJMOaY&#038;_nc_zt=24&#038;_nc_ht=scontent-gig4-1.xx&#038;_nc_gid=AoBFJeGrT1hVaew_6rchkQ&#038;oh=00_AfX7QmFGhQhG2jAllVgXCiM1ZrWgvtp80-Bfppyexh1QEg&#038;oe=689E923C","og:image:secure_url":"https:\/\/scontent-gig4-1.xx.fbcdn.net\/v\/t39.30808-1\/270437624_4564083193639691_6907940295614233970_n.jpg?stp=dst-jpg_s200x200_tt6&#038;_nc_cat=111&#038;ccb=1-7&#038;_nc_sid=f907e8&#038;_nc_ohc=SM1wRlP3lJwQ7kNvwEPuBYA&#038;_nc_oc=AdnqrjDN_BNjSSHWO-GbkIWH6fkGMLw4bqvL_NH6e2wMveX7G-rP2dAqsDSq1mJMOaY&#038;_nc_zt=24&#038;_nc_ht=scontent-gig4-1.xx&#038;_nc_gid=AoBFJeGrT1hVaew_6rchkQ&#038;oh=00_AfX7QmFGhQhG2jAllVgXCiM1ZrWgvtp80-Bfppyexh1QEg&#038;oe=689E923C","article:published_time":"2017-11-17T00:58:03+00:00","article:modified_time":"2017-11-17T01:00:18+00:00","twitter:card":"summary_large_image","twitter:title":"Recreio lan\u00e7a o Novo Polo 2018 - A Not\u00edcia Online","twitter:description":"A concession\u00e1ria Recreio Volkswagen realizou o grande lan\u00e7amento do Novo Polo, na manh\u00e3 de s\u00e1bado (11). Na ocasi\u00e3o, clientes conheceram o autom\u00f3vel, fizeram Test Drive e saborearam um delicioso caf\u00e9 da manh\u00e3. Jo\u00e3o Ezequiel da Silveira Filho, gerente de vendas da Recreio, disse que o Novo Polo \u00e9 o mesmo fabricado na Europa e um","twitter:image":"https:\/\/scontent-gig4-1.xx.fbcdn.net\/v\/t39.30808-1\/270437624_4564083193639691_6907940295614233970_n.jpg?stp=dst-jpg_s200x200_tt6&_nc_cat=111&ccb=1-7&_nc_sid=f907e8&_nc_ohc=SM1wRlP3lJwQ7kNvwEPuBYA&_nc_oc=AdnqrjDN_BNjSSHWO-GbkIWH6fkGMLw4bqvL_NH6e2wMveX7G-rP2dAqsDSq1mJMOaY&_nc_zt=24&_nc_ht=scontent-gig4-1.xx&_nc_gid=AoBFJeGrT1hVaew_6rchkQ&oh=00_AfX7QmFGhQhG2jAllVgXCiM1ZrWgvtp80-Bfppyexh1QEg&oe=689E923C"},"aioseo_meta_data":{"post_id":"44968","title":null,"description":null,"keywords":null,"keyphrases":null,"primary_term":null,"canonical_url":null,"og_title":null,"og_description":null,"og_object_type":"default","og_image_type":"default","og_image_url":null,"og_image_width":null,"og_image_height":null,"og_image_custom_url":null,"og_image_custom_fields":null,"og_video":null,"og_custom_url":null,"og_article_section":null,"og_article_tags":null,"twitter_use_og":false,"twitter_card":"default","twitter_image_type":"default","twitter_image_url":null,"twitter_image_custom_url":null,"twitter_image_custom_fields":null,"twitter_title":null,"twitter_description":null,"schema":{"blockGraphs":[],"customGraphs":[],"default":{"data":{"Article":[],"Course":[],"Dataset":[],"FAQPage":[],"Movie":[],"Person":[],"Product":[],"ProductReview":[],"Car":[],"Recipe":[],"Service":[],"SoftwareApplication":[],"WebPage":[]},"graphName":"","isEnabled":true},"graphs":[]},"schema_type":"default","schema_type_options":null,"pillar_content":false,"robots_default":true,"robots_noindex":false,"robots_noarchive":false,"robots_nosnippet":false,"robots_nofollow":false,"robots_noimageindex":false,"robots_noodp":false,"robots_notranslate":false,"robots_max_snippet":null,"robots_max_videopreview":null,"robots_max_imagepreview":"large","priority":null,"frequency":null,"local_seo":null,"breadcrumb_settings":null,"limit_modified_date":false,"ai":null,"created":"2025-08-16 19:47:01","updated":"2025-08-16 19:47:01","focus_keyword":null,"additional_keywords":null,"truseo_locale":null,"seo_analyzer_scan_date":null},"aioseo_breadcrumb":"<div class=\"aioseo-breadcrumbs\"><span class=\"aioseo-breadcrumb\">\n\t\t\t<a href=\"https:\/\/anoticiaonline.com.br\/site\" title=\"Home\">Home<\/a>\n\t\t<\/span><span class=\"aioseo-breadcrumb-separator\">&raquo;<\/span><span class=\"aioseo-breadcrumb\">\n\t\t\t<a href=\"https:\/\/anoticiaonline.com.br\/site\/categoria\/gerais\/\" title=\"Gerais\">Gerais<\/a>\n\t\t<\/span><span class=\"aioseo-breadcrumb-separator\">&raquo;<\/span><span class=\"aioseo-breadcrumb\">\n\t\t\tRecreio lan\u00e7a o Novo Polo 2018\n\t\t<\/span><\/div>","aioseo_breadcrumb_json":[{"label":"Home","link":"https:\/\/anoticiaonline.com.br\/site"},{"label":"Gerais","link":"https:\/\/anoticiaonline.com.br\/site\/categoria\/gerais\/"},{"label":"Recreio lan\u00e7a o Novo Polo 2018","link":"https:\/\/anoticiaonline.com.br\/site\/recreio-lanca-o-novo-polo-2018\/"}],"views":143,"_links":{"self":[{"href":"https:\/\/anoticiaonline.com.br\/site\/wp-json\/wp\/v2\/posts\/44968","targetHints":{"allow":["GET"]}}],"collection":[{"href":"https:\/\/anoticiaonline.com.br\/site\/wp-json\/wp\/v2\/posts"}],"about":[{"href":"https:\/\/anoticiaonline.com.br\/site\/wp-json\/wp\/v2\/types\/post"}],"author":[{"embeddable":true,"href":"https:\/\/anoticiaonline.com.br\/site\/wp-json\/wp\/v2\/users\/2"}],"replies":[{"embeddable":true,"href":"https:\/\/anoticiaonline.com.br\/site\/wp-json\/wp\/v2\/comments?post=44968"}],"version-history":[{"count":0,"href":"https:\/\/anoticiaonline.com.br\/site\/wp-json\/wp\/v2\/posts\/44968\/revisions"}],"wp:featuredmedia":[{"embeddable":true,"href":"https:\/\/anoticiaonline.com.br\/site\/wp-json\/wp\/v2\/media\/44971"}],"wp:attachment":[{"href":"https:\/\/anoticiaonline.com.br\/site\/wp-json\/wp\/v2\/media?parent=44968"}],"wp:term":[{"taxonomy":"category","embeddable":true,"href":"https:\/\/anoticiaonline.com.br\/site\/wp-json\/wp\/v2\/categories?post=44968"},{"taxonomy":"post_tag","embeddable":true,"href":"https:\/\/anoticiaonline.com.br\/site\/wp-json\/wp\/v2\/tags?post=44968"}],"curies":[{"name":"wp","href":"https:\/\/api.w.org\/{rel}","templated":true}]}}