{"id":44712,"date":"2017-11-11T09:29:10","date_gmt":"2017-11-11T12:29:10","guid":{"rendered":"http:\/\/anoticiaonline.com.br\/site\/?p=44712"},"modified":"2017-11-13T10:20:52","modified_gmt":"2017-11-13T13:20:52","slug":"lar-ozanam-promove-sua-primeira-noite-de-massas","status":"publish","type":"post","link":"https:\/\/anoticiaonline.com.br\/site\/lar-ozanam-promove-sua-primeira-noite-de-massas\/","title":{"rendered":"Lar Ozanam promove Noite de Massas"},"content":{"rendered":"<p><a href=\"https:\/\/anoticiaonline.com.br\/site\/wp-content\/uploads\/2017\/11\/DSC_0448.jpg\">11<img fetchpriority=\"high\" decoding=\"async\" class=\"aligncenter size-full wp-image-44714\" src=\"https:\/\/anoticiaonline.com.br\/site\/wp-content\/uploads\/2017\/11\/DSC_0448.jpg\" alt=\"\" width=\"640\" height=\"426\" srcset=\"https:\/\/anoticiaonline.com.br\/site\/wp-content\/uploads\/2017\/11\/DSC_0448.jpg 640w, https:\/\/anoticiaonline.com.br\/site\/wp-content\/uploads\/2017\/11\/DSC_0448-300x200.jpg 300w\" sizes=\"(max-width: 640px) 100vw, 640px\" \/><\/a>O Lar Ozanam promoveu, na noite de s\u00e1bado (4), mais um evento beneficente para manter a institui\u00e7\u00e3o em pleno funcionamento. A primeira edi\u00e7\u00e3o da Noite de Massas foi um sucesso e atraiu um grande p\u00fablico solid\u00e1rio, que se divertiu ao som de m\u00fasica ao vivo e bingo.<\/p>\n<p>A assistente social, Ana Paula de Freitas, disse que a Noite de Massas foi uma iniciativa da nova diretoria do Lar Ozanam. \u201cJ\u00e1 promovemos a tradicional Festa Junina, mas com a chegada da nova diretoria, surgiu tamb\u00e9m a ideia de criar a Noite de Massas e inclu\u00ed-la no calend\u00e1rio oficial da institui\u00e7\u00e3o\u201d, conta.<\/p>\n<p>De acordo com Ana Paula, a participa\u00e7\u00e3o da sociedade muriaeense superou as expectativas no primeiro evento. \u201cAproveitamos a oportunidade para agradecer a todos que estiveram conosco nesta noite beneficente. Recebemos doa\u00e7\u00f5es de material atrav\u00e9s de empres\u00e1rios de Muria\u00e9, ajuda dos funcion\u00e1rios e volunt\u00e1rios da casa\u201d, diz.<\/p>\n<p>O presidente reeleito do Lar Ozanam, Henrique Albino Dias Galv\u00e3o, tamb\u00e9m aproveitou o espa\u00e7o para agradecer a colabora\u00e7\u00e3o de todos. \u201cObrigado aos empres\u00e1rios que doaram os alimentos e os brindes do bingo beneficente. Lembrando a todos que o Lar Ozanam est\u00e1 sempre aberto para receber novas doa\u00e7\u00f5es\u201d, conta.<\/p>\n<p>Com 60 anos de hist\u00f3ria e, desde 2002, localizado no Bairro Planalto, o Lar Ozanam atende, atualmente, 48 idosos. A institui\u00e7\u00e3o, que \u00e9 filantr\u00f3pica, \u00e9 mantida, principalmente, atrav\u00e9s de doa\u00e7\u00f5es e eventos que contam com a colabora\u00e7\u00e3o dos muriaeenses.<\/p>\n<p><strong>Confira a galeria de fotos:<\/strong><\/p>\n<p><img decoding=\"async\" class=\"ngg_displayed_gallery mceItem\" src=\"https:\/\/anoticiaonline.com.br\/site\/nextgen-attach_to_post\/preview\/id--44763\" \/><\/p>\n","protected":false},"excerpt":{"rendered":"<p>11O Lar Ozanam promoveu, na noite de s\u00e1bado (4), mais um evento beneficente para manter a institui\u00e7\u00e3o em pleno funcionamento. A primeira edi\u00e7\u00e3o da Noite de Massas foi um sucesso e atraiu um grande p\u00fablico solid\u00e1rio, que se divertiu ao som de m\u00fasica ao vivo e bingo. A assistente social, Ana Paula de Freitas, disse &#8230; <a title=\"Lar Ozanam promove Noite de Massas\" class=\"read-more\" href=\"https:\/\/anoticiaonline.com.br\/site\/lar-ozanam-promove-sua-primeira-noite-de-massas\/\" aria-label=\"Read more about Lar Ozanam promove Noite de Massas\">Ler mais<\/a><\/p>\n","protected":false},"author":2,"featured_media":44714,"comment_status":"open","ping_status":"open","sticky":false,"template":"","format":"standard","meta":{"_acf_changed":false,"_monsterinsights_skip_tracking":false,"footnotes":""},"categories":[30,24],"tags":[128,1532],"class_list":["post-44712","post","type-post","status-publish","format-standard","has-post-thumbnail","hentry","category-muriae","category-eventos","tag-lar-ozanam","tag-massas"],"acf":[],"aioseo_notices":[],"aioseo_head":"\n\t\t<!-- All in One SEO 5.0.0.1 - aioseo.com -->\n\t<meta name=\"description\" content=\"11O Lar Ozanam promoveu, na noite de s\u00e1bado (4), mais um evento beneficente para manter a institui\u00e7\u00e3o em pleno funcionamento. A primeira edi\u00e7\u00e3o da Noite de Massas foi um sucesso e atraiu um grande p\u00fablico solid\u00e1rio, que se divertiu ao som de m\u00fasica ao vivo e bingo. A assistente social, Ana Paula de Freitas, disse\" \/>\n\t<meta name=\"robots\" content=\"max-image-preview:large\" \/>\n\t<meta name=\"author\" content=\"Juliana Laviola\"\/>\n\t<link rel=\"canonical\" href=\"https:\/\/anoticiaonline.com.br\/site\/lar-ozanam-promove-sua-primeira-noite-de-massas\/\" \/>\n\t<meta name=\"generator\" content=\"All in One SEO (AIOSEO) 5.0.0.1\" \/>\n\t\t<meta property=\"og:locale\" content=\"pt_BR\" \/>\n\t\t<meta property=\"og:site_name\" content=\"A Not\u00edcia Online - Noticias de Muria\u00e9 e regi\u00e3o\" \/>\n\t\t<meta property=\"og:type\" content=\"article\" \/>\n\t\t<meta property=\"og:title\" content=\"Lar Ozanam promove Noite de Massas - A Not\u00edcia Online\" \/>\n\t\t<meta property=\"og:description\" content=\"11O Lar Ozanam promoveu, na noite de s\u00e1bado (4), mais um evento beneficente para manter a institui\u00e7\u00e3o em pleno funcionamento. A primeira edi\u00e7\u00e3o da Noite de Massas foi um sucesso e atraiu um grande p\u00fablico solid\u00e1rio, que se divertiu ao som de m\u00fasica ao vivo e bingo. A assistente social, Ana Paula de Freitas, disse\" \/>\n\t\t<meta property=\"og:url\" content=\"https:\/\/anoticiaonline.com.br\/site\/lar-ozanam-promove-sua-primeira-noite-de-massas\/\" \/>\n\t\t<meta property=\"og:image\" content=\"https:\/\/scontent-gig4-1.xx.fbcdn.net\/v\/t39.30808-1\/270437624_4564083193639691_6907940295614233970_n.jpg?stp=dst-jpg_s200x200_tt6&#038;_nc_cat=111&#038;ccb=1-7&#038;_nc_sid=f907e8&#038;_nc_ohc=SM1wRlP3lJwQ7kNvwEPuBYA&#038;_nc_oc=AdnqrjDN_BNjSSHWO-GbkIWH6fkGMLw4bqvL_NH6e2wMveX7G-rP2dAqsDSq1mJMOaY&#038;_nc_zt=24&#038;_nc_ht=scontent-gig4-1.xx&#038;_nc_gid=AoBFJeGrT1hVaew_6rchkQ&#038;oh=00_AfX7QmFGhQhG2jAllVgXCiM1ZrWgvtp80-Bfppyexh1QEg&#038;oe=689E923C\" \/>\n\t\t<meta property=\"og:image:secure_url\" content=\"https:\/\/scontent-gig4-1.xx.fbcdn.net\/v\/t39.30808-1\/270437624_4564083193639691_6907940295614233970_n.jpg?stp=dst-jpg_s200x200_tt6&#038;_nc_cat=111&#038;ccb=1-7&#038;_nc_sid=f907e8&#038;_nc_ohc=SM1wRlP3lJwQ7kNvwEPuBYA&#038;_nc_oc=AdnqrjDN_BNjSSHWO-GbkIWH6fkGMLw4bqvL_NH6e2wMveX7G-rP2dAqsDSq1mJMOaY&#038;_nc_zt=24&#038;_nc_ht=scontent-gig4-1.xx&#038;_nc_gid=AoBFJeGrT1hVaew_6rchkQ&#038;oh=00_AfX7QmFGhQhG2jAllVgXCiM1ZrWgvtp80-Bfppyexh1QEg&#038;oe=689E923C\" \/>\n\t\t<meta property=\"article:published_time\" content=\"2017-11-11T12:29:10+00:00\" \/>\n\t\t<meta property=\"article:modified_time\" content=\"2017-11-13T13:20:52+00:00\" \/>\n\t\t<meta name=\"twitter:card\" content=\"summary_large_image\" \/>\n\t\t<meta name=\"twitter:title\" content=\"Lar Ozanam promove Noite de Massas - A Not\u00edcia Online\" \/>\n\t\t<meta name=\"twitter:description\" content=\"11O Lar Ozanam promoveu, na noite de s\u00e1bado (4), mais um evento beneficente para manter a institui\u00e7\u00e3o em pleno funcionamento. A primeira edi\u00e7\u00e3o da Noite de Massas foi um sucesso e atraiu um grande p\u00fablico solid\u00e1rio, que se divertiu ao som de m\u00fasica ao vivo e bingo. A assistente social, Ana Paula de Freitas, disse\" \/>\n\t\t<meta name=\"twitter:image\" content=\"https:\/\/scontent-gig4-1.xx.fbcdn.net\/v\/t39.30808-1\/270437624_4564083193639691_6907940295614233970_n.jpg?stp=dst-jpg_s200x200_tt6&amp;_nc_cat=111&amp;ccb=1-7&amp;_nc_sid=f907e8&amp;_nc_ohc=SM1wRlP3lJwQ7kNvwEPuBYA&amp;_nc_oc=AdnqrjDN_BNjSSHWO-GbkIWH6fkGMLw4bqvL_NH6e2wMveX7G-rP2dAqsDSq1mJMOaY&amp;_nc_zt=24&amp;_nc_ht=scontent-gig4-1.xx&amp;_nc_gid=AoBFJeGrT1hVaew_6rchkQ&amp;oh=00_AfX7QmFGhQhG2jAllVgXCiM1ZrWgvtp80-Bfppyexh1QEg&amp;oe=689E923C\" \/>\n\t\t<script type=\"application\/ld+json\" class=\"aioseo-schema\">\n\t\t\t{\"@context\":\"https:\\\/\\\/schema.org\",\"@graph\":[{\"@type\":\"BlogPosting\",\"@id\":\"https:\\\/\\\/anoticiaonline.com.br\\\/site\\\/lar-ozanam-promove-sua-primeira-noite-de-massas\\\/#blogposting\",\"name\":\"Lar Ozanam promove Noite de Massas - A Not\\u00edcia Online\",\"headline\":\"Lar Ozanam promove Noite de Massas\",\"author\":{\"@id\":\"https:\\\/\\\/anoticiaonline.com.br\\\/site\\\/author\\\/juliana\\\/#author\"},\"publisher\":{\"@id\":\"https:\\\/\\\/anoticiaonline.com.br\\\/site\\\/#organization\"},\"image\":{\"@type\":\"ImageObject\",\"url\":\"https:\\\/\\\/anoticiaonline.com.br\\\/site\\\/wp-content\\\/uploads\\\/2017\\\/11\\\/DSC_0448.jpg\",\"width\":640,\"height\":426},\"datePublished\":\"2017-11-11T09:29:10-03:00\",\"dateModified\":\"2017-11-13T10:20:52-03:00\",\"inLanguage\":\"pt-BR\",\"mainEntityOfPage\":{\"@id\":\"https:\\\/\\\/anoticiaonline.com.br\\\/site\\\/lar-ozanam-promove-sua-primeira-noite-de-massas\\\/#webpage\"},\"isPartOf\":{\"@id\":\"https:\\\/\\\/anoticiaonline.com.br\\\/site\\\/lar-ozanam-promove-sua-primeira-noite-de-massas\\\/#webpage\"},\"articleSection\":\"Blog, Eventos, lar ozanam, Massas\"},{\"@type\":\"BreadcrumbList\",\"@id\":\"https:\\\/\\\/anoticiaonline.com.br\\\/site\\\/lar-ozanam-promove-sua-primeira-noite-de-massas\\\/#breadcrumblist\",\"itemListElement\":[{\"@type\":\"ListItem\",\"@id\":\"https:\\\/\\\/anoticiaonline.com.br\\\/site#listItem\",\"position\":1,\"name\":\"Home\",\"item\":\"https:\\\/\\\/anoticiaonline.com.br\\\/site\",\"nextItem\":{\"@type\":\"ListItem\",\"@id\":\"https:\\\/\\\/anoticiaonline.com.br\\\/site\\\/categoria\\\/eventos\\\/#listItem\",\"name\":\"Eventos\"}},{\"@type\":\"ListItem\",\"@id\":\"https:\\\/\\\/anoticiaonline.com.br\\\/site\\\/categoria\\\/eventos\\\/#listItem\",\"position\":2,\"name\":\"Eventos\",\"item\":\"https:\\\/\\\/anoticiaonline.com.br\\\/site\\\/categoria\\\/eventos\\\/\",\"nextItem\":{\"@type\":\"ListItem\",\"@id\":\"https:\\\/\\\/anoticiaonline.com.br\\\/site\\\/lar-ozanam-promove-sua-primeira-noite-de-massas\\\/#listItem\",\"name\":\"Lar Ozanam promove Noite de Massas\"},\"previousItem\":{\"@type\":\"ListItem\",\"@id\":\"https:\\\/\\\/anoticiaonline.com.br\\\/site#listItem\",\"name\":\"Home\"}},{\"@type\":\"ListItem\",\"@id\":\"https:\\\/\\\/anoticiaonline.com.br\\\/site\\\/lar-ozanam-promove-sua-primeira-noite-de-massas\\\/#listItem\",\"position\":3,\"name\":\"Lar Ozanam promove Noite de Massas\",\"previousItem\":{\"@type\":\"ListItem\",\"@id\":\"https:\\\/\\\/anoticiaonline.com.br\\\/site\\\/categoria\\\/eventos\\\/#listItem\",\"name\":\"Eventos\"}}]},{\"@type\":\"Organization\",\"@id\":\"https:\\\/\\\/anoticiaonline.com.br\\\/site\\\/#organization\",\"name\":\"A Not\\u00edcia Online\",\"description\":\"Noticias de Muria\\u00e9 e regi\\u00e3o\",\"url\":\"https:\\\/\\\/anoticiaonline.com.br\\\/site\\\/\",\"logo\":{\"@type\":\"ImageObject\",\"url\":\"https:\\\/\\\/scontent-gig4-1.xx.fbcdn.net\\\/v\\\/t39.30808-1\\\/270437624_4564083193639691_6907940295614233970_n.jpg?stp=dst-jpg_s200x200_tt6&_nc_cat=111&ccb=1-7&_nc_sid=f907e8&_nc_ohc=SM1wRlP3lJwQ7kNvwEPuBYA&_nc_oc=AdnqrjDN_BNjSSHWO-GbkIWH6fkGMLw4bqvL_NH6e2wMveX7G-rP2dAqsDSq1mJMOaY&_nc_zt=24&_nc_ht=scontent-gig4-1.xx&_nc_gid=AoBFJeGrT1hVaew_6rchkQ&oh=00_AfX7QmFGhQhG2jAllVgXCiM1ZrWgvtp80-Bfppyexh1QEg&oe=689E923C\",\"@id\":\"https:\\\/\\\/anoticiaonline.com.br\\\/site\\\/lar-ozanam-promove-sua-primeira-noite-de-massas\\\/#organizationLogo\"},\"image\":{\"@id\":\"https:\\\/\\\/anoticiaonline.com.br\\\/site\\\/lar-ozanam-promove-sua-primeira-noite-de-massas\\\/#organizationLogo\"}},{\"@type\":\"Person\",\"@id\":\"https:\\\/\\\/anoticiaonline.com.br\\\/site\\\/author\\\/juliana\\\/#author\",\"url\":\"https:\\\/\\\/anoticiaonline.com.br\\\/site\\\/author\\\/juliana\\\/\",\"name\":\"Juliana Laviola\",\"image\":{\"@type\":\"ImageObject\",\"@id\":\"https:\\\/\\\/anoticiaonline.com.br\\\/site\\\/lar-ozanam-promove-sua-primeira-noite-de-massas\\\/#authorImage\",\"url\":\"https:\\\/\\\/secure.gravatar.com\\\/avatar\\\/b8d45f5c699b100dfaf0e543582f38f38bf94cb7ae3a5e9abf8d891a34773335?s=96&d=mm&r=g\",\"width\":96,\"height\":96,\"caption\":\"Juliana Laviola\"}},{\"@type\":\"WebPage\",\"@id\":\"https:\\\/\\\/anoticiaonline.com.br\\\/site\\\/lar-ozanam-promove-sua-primeira-noite-de-massas\\\/#webpage\",\"url\":\"https:\\\/\\\/anoticiaonline.com.br\\\/site\\\/lar-ozanam-promove-sua-primeira-noite-de-massas\\\/\",\"name\":\"Lar Ozanam promove Noite de Massas - A Not\\u00edcia Online\",\"description\":\"11O Lar Ozanam promoveu, na noite de s\\u00e1bado (4), mais um evento beneficente para manter a institui\\u00e7\\u00e3o em pleno funcionamento. A primeira edi\\u00e7\\u00e3o da Noite de Massas foi um sucesso e atraiu um grande p\\u00fablico solid\\u00e1rio, que se divertiu ao som de m\\u00fasica ao vivo e bingo. A assistente social, Ana Paula de Freitas, disse\",\"inLanguage\":\"pt-BR\",\"isPartOf\":{\"@id\":\"https:\\\/\\\/anoticiaonline.com.br\\\/site\\\/#website\"},\"breadcrumb\":{\"@id\":\"https:\\\/\\\/anoticiaonline.com.br\\\/site\\\/lar-ozanam-promove-sua-primeira-noite-de-massas\\\/#breadcrumblist\"},\"author\":{\"@id\":\"https:\\\/\\\/anoticiaonline.com.br\\\/site\\\/author\\\/juliana\\\/#author\"},\"creator\":{\"@id\":\"https:\\\/\\\/anoticiaonline.com.br\\\/site\\\/author\\\/juliana\\\/#author\"},\"image\":{\"@type\":\"ImageObject\",\"url\":\"https:\\\/\\\/anoticiaonline.com.br\\\/site\\\/wp-content\\\/uploads\\\/2017\\\/11\\\/DSC_0448.jpg\",\"@id\":\"https:\\\/\\\/anoticiaonline.com.br\\\/site\\\/lar-ozanam-promove-sua-primeira-noite-de-massas\\\/#mainImage\",\"width\":640,\"height\":426},\"primaryImageOfPage\":{\"@id\":\"https:\\\/\\\/anoticiaonline.com.br\\\/site\\\/lar-ozanam-promove-sua-primeira-noite-de-massas\\\/#mainImage\"},\"datePublished\":\"2017-11-11T09:29:10-03:00\",\"dateModified\":\"2017-11-13T10:20:52-03:00\"},{\"@type\":\"WebSite\",\"@id\":\"https:\\\/\\\/anoticiaonline.com.br\\\/site\\\/#website\",\"url\":\"https:\\\/\\\/anoticiaonline.com.br\\\/site\\\/\",\"name\":\"A Not\\u00edcia Online\",\"description\":\"Noticias de Muria\\u00e9 e regi\\u00e3o\",\"inLanguage\":\"pt-BR\",\"publisher\":{\"@id\":\"https:\\\/\\\/anoticiaonline.com.br\\\/site\\\/#organization\"}}]}\n\t\t<\/script>\n\t\t<!-- All in One SEO -->\n\n","aioseo_head_json":{"title":"Lar Ozanam promove Noite de Massas - A Not\u00edcia Online","description":"11O Lar Ozanam promoveu, na noite de s\u00e1bado (4), mais um evento beneficente para manter a institui\u00e7\u00e3o em pleno funcionamento. A primeira edi\u00e7\u00e3o da Noite de Massas foi um sucesso e atraiu um grande p\u00fablico solid\u00e1rio, que se divertiu ao som de m\u00fasica ao vivo e bingo. A assistente social, Ana Paula de Freitas, disse","canonical_url":"https:\/\/anoticiaonline.com.br\/site\/lar-ozanam-promove-sua-primeira-noite-de-massas\/","robots":"max-image-preview:large","keywords":"","webmasterTools":{"miscellaneous":""},"schema":{"@context":"https:\/\/schema.org","@graph":[{"@type":"BlogPosting","@id":"https:\/\/anoticiaonline.com.br\/site\/lar-ozanam-promove-sua-primeira-noite-de-massas\/#blogposting","name":"Lar Ozanam promove Noite de Massas - A Not\u00edcia Online","headline":"Lar Ozanam promove Noite de Massas","author":{"@id":"https:\/\/anoticiaonline.com.br\/site\/author\/juliana\/#author"},"publisher":{"@id":"https:\/\/anoticiaonline.com.br\/site\/#organization"},"image":{"@type":"ImageObject","url":"https:\/\/anoticiaonline.com.br\/site\/wp-content\/uploads\/2017\/11\/DSC_0448.jpg","width":640,"height":426},"datePublished":"2017-11-11T09:29:10-03:00","dateModified":"2017-11-13T10:20:52-03:00","inLanguage":"pt-BR","mainEntityOfPage":{"@id":"https:\/\/anoticiaonline.com.br\/site\/lar-ozanam-promove-sua-primeira-noite-de-massas\/#webpage"},"isPartOf":{"@id":"https:\/\/anoticiaonline.com.br\/site\/lar-ozanam-promove-sua-primeira-noite-de-massas\/#webpage"},"articleSection":"Blog, Eventos, lar ozanam, Massas"},{"@type":"BreadcrumbList","@id":"https:\/\/anoticiaonline.com.br\/site\/lar-ozanam-promove-sua-primeira-noite-de-massas\/#breadcrumblist","itemListElement":[{"@type":"ListItem","@id":"https:\/\/anoticiaonline.com.br\/site#listItem","position":1,"name":"Home","item":"https:\/\/anoticiaonline.com.br\/site","nextItem":{"@type":"ListItem","@id":"https:\/\/anoticiaonline.com.br\/site\/categoria\/eventos\/#listItem","name":"Eventos"}},{"@type":"ListItem","@id":"https:\/\/anoticiaonline.com.br\/site\/categoria\/eventos\/#listItem","position":2,"name":"Eventos","item":"https:\/\/anoticiaonline.com.br\/site\/categoria\/eventos\/","nextItem":{"@type":"ListItem","@id":"https:\/\/anoticiaonline.com.br\/site\/lar-ozanam-promove-sua-primeira-noite-de-massas\/#listItem","name":"Lar Ozanam promove Noite de Massas"},"previousItem":{"@type":"ListItem","@id":"https:\/\/anoticiaonline.com.br\/site#listItem","name":"Home"}},{"@type":"ListItem","@id":"https:\/\/anoticiaonline.com.br\/site\/lar-ozanam-promove-sua-primeira-noite-de-massas\/#listItem","position":3,"name":"Lar Ozanam promove Noite de Massas","previousItem":{"@type":"ListItem","@id":"https:\/\/anoticiaonline.com.br\/site\/categoria\/eventos\/#listItem","name":"Eventos"}}]},{"@type":"Organization","@id":"https:\/\/anoticiaonline.com.br\/site\/#organization","name":"A Not\u00edcia Online","description":"Noticias de Muria\u00e9 e regi\u00e3o","url":"https:\/\/anoticiaonline.com.br\/site\/","logo":{"@type":"ImageObject","url":"https:\/\/scontent-gig4-1.xx.fbcdn.net\/v\/t39.30808-1\/270437624_4564083193639691_6907940295614233970_n.jpg?stp=dst-jpg_s200x200_tt6&_nc_cat=111&ccb=1-7&_nc_sid=f907e8&_nc_ohc=SM1wRlP3lJwQ7kNvwEPuBYA&_nc_oc=AdnqrjDN_BNjSSHWO-GbkIWH6fkGMLw4bqvL_NH6e2wMveX7G-rP2dAqsDSq1mJMOaY&_nc_zt=24&_nc_ht=scontent-gig4-1.xx&_nc_gid=AoBFJeGrT1hVaew_6rchkQ&oh=00_AfX7QmFGhQhG2jAllVgXCiM1ZrWgvtp80-Bfppyexh1QEg&oe=689E923C","@id":"https:\/\/anoticiaonline.com.br\/site\/lar-ozanam-promove-sua-primeira-noite-de-massas\/#organizationLogo"},"image":{"@id":"https:\/\/anoticiaonline.com.br\/site\/lar-ozanam-promove-sua-primeira-noite-de-massas\/#organizationLogo"}},{"@type":"Person","@id":"https:\/\/anoticiaonline.com.br\/site\/author\/juliana\/#author","url":"https:\/\/anoticiaonline.com.br\/site\/author\/juliana\/","name":"Juliana Laviola","image":{"@type":"ImageObject","@id":"https:\/\/anoticiaonline.com.br\/site\/lar-ozanam-promove-sua-primeira-noite-de-massas\/#authorImage","url":"https:\/\/secure.gravatar.com\/avatar\/b8d45f5c699b100dfaf0e543582f38f38bf94cb7ae3a5e9abf8d891a34773335?s=96&d=mm&r=g","width":96,"height":96,"caption":"Juliana Laviola"}},{"@type":"WebPage","@id":"https:\/\/anoticiaonline.com.br\/site\/lar-ozanam-promove-sua-primeira-noite-de-massas\/#webpage","url":"https:\/\/anoticiaonline.com.br\/site\/lar-ozanam-promove-sua-primeira-noite-de-massas\/","name":"Lar Ozanam promove Noite de Massas - A Not\u00edcia Online","description":"11O Lar Ozanam promoveu, na noite de s\u00e1bado (4), mais um evento beneficente para manter a institui\u00e7\u00e3o em pleno funcionamento. A primeira edi\u00e7\u00e3o da Noite de Massas foi um sucesso e atraiu um grande p\u00fablico solid\u00e1rio, que se divertiu ao som de m\u00fasica ao vivo e bingo. A assistente social, Ana Paula de Freitas, disse","inLanguage":"pt-BR","isPartOf":{"@id":"https:\/\/anoticiaonline.com.br\/site\/#website"},"breadcrumb":{"@id":"https:\/\/anoticiaonline.com.br\/site\/lar-ozanam-promove-sua-primeira-noite-de-massas\/#breadcrumblist"},"author":{"@id":"https:\/\/anoticiaonline.com.br\/site\/author\/juliana\/#author"},"creator":{"@id":"https:\/\/anoticiaonline.com.br\/site\/author\/juliana\/#author"},"image":{"@type":"ImageObject","url":"https:\/\/anoticiaonline.com.br\/site\/wp-content\/uploads\/2017\/11\/DSC_0448.jpg","@id":"https:\/\/anoticiaonline.com.br\/site\/lar-ozanam-promove-sua-primeira-noite-de-massas\/#mainImage","width":640,"height":426},"primaryImageOfPage":{"@id":"https:\/\/anoticiaonline.com.br\/site\/lar-ozanam-promove-sua-primeira-noite-de-massas\/#mainImage"},"datePublished":"2017-11-11T09:29:10-03:00","dateModified":"2017-11-13T10:20:52-03:00"},{"@type":"WebSite","@id":"https:\/\/anoticiaonline.com.br\/site\/#website","url":"https:\/\/anoticiaonline.com.br\/site\/","name":"A Not\u00edcia Online","description":"Noticias de Muria\u00e9 e regi\u00e3o","inLanguage":"pt-BR","publisher":{"@id":"https:\/\/anoticiaonline.com.br\/site\/#organization"}}]},"og:locale":"pt_BR","og:site_name":"A Not\u00edcia Online - Noticias de Muria\u00e9 e regi\u00e3o","og:type":"article","og:title":"Lar Ozanam promove Noite de Massas - A Not\u00edcia Online","og:description":"11O Lar Ozanam promoveu, na noite de s\u00e1bado (4), mais um evento beneficente para manter a institui\u00e7\u00e3o em pleno funcionamento. A primeira edi\u00e7\u00e3o da Noite de Massas foi um sucesso e atraiu um grande p\u00fablico solid\u00e1rio, que se divertiu ao som de m\u00fasica ao vivo e bingo. A assistente social, Ana Paula de Freitas, disse","og:url":"https:\/\/anoticiaonline.com.br\/site\/lar-ozanam-promove-sua-primeira-noite-de-massas\/","og:image":"https:\/\/scontent-gig4-1.xx.fbcdn.net\/v\/t39.30808-1\/270437624_4564083193639691_6907940295614233970_n.jpg?stp=dst-jpg_s200x200_tt6&#038;_nc_cat=111&#038;ccb=1-7&#038;_nc_sid=f907e8&#038;_nc_ohc=SM1wRlP3lJwQ7kNvwEPuBYA&#038;_nc_oc=AdnqrjDN_BNjSSHWO-GbkIWH6fkGMLw4bqvL_NH6e2wMveX7G-rP2dAqsDSq1mJMOaY&#038;_nc_zt=24&#038;_nc_ht=scontent-gig4-1.xx&#038;_nc_gid=AoBFJeGrT1hVaew_6rchkQ&#038;oh=00_AfX7QmFGhQhG2jAllVgXCiM1ZrWgvtp80-Bfppyexh1QEg&#038;oe=689E923C","og:image:secure_url":"https:\/\/scontent-gig4-1.xx.fbcdn.net\/v\/t39.30808-1\/270437624_4564083193639691_6907940295614233970_n.jpg?stp=dst-jpg_s200x200_tt6&#038;_nc_cat=111&#038;ccb=1-7&#038;_nc_sid=f907e8&#038;_nc_ohc=SM1wRlP3lJwQ7kNvwEPuBYA&#038;_nc_oc=AdnqrjDN_BNjSSHWO-GbkIWH6fkGMLw4bqvL_NH6e2wMveX7G-rP2dAqsDSq1mJMOaY&#038;_nc_zt=24&#038;_nc_ht=scontent-gig4-1.xx&#038;_nc_gid=AoBFJeGrT1hVaew_6rchkQ&#038;oh=00_AfX7QmFGhQhG2jAllVgXCiM1ZrWgvtp80-Bfppyexh1QEg&#038;oe=689E923C","article:published_time":"2017-11-11T12:29:10+00:00","article:modified_time":"2017-11-13T13:20:52+00:00","twitter:card":"summary_large_image","twitter:title":"Lar Ozanam promove Noite de Massas - A Not\u00edcia Online","twitter:description":"11O Lar Ozanam promoveu, na noite de s\u00e1bado (4), mais um evento beneficente para manter a institui\u00e7\u00e3o em pleno funcionamento. A primeira edi\u00e7\u00e3o da Noite de Massas foi um sucesso e atraiu um grande p\u00fablico solid\u00e1rio, que se divertiu ao som de m\u00fasica ao vivo e bingo. A assistente social, Ana Paula de Freitas, disse","twitter:image":"https:\/\/scontent-gig4-1.xx.fbcdn.net\/v\/t39.30808-1\/270437624_4564083193639691_6907940295614233970_n.jpg?stp=dst-jpg_s200x200_tt6&_nc_cat=111&ccb=1-7&_nc_sid=f907e8&_nc_ohc=SM1wRlP3lJwQ7kNvwEPuBYA&_nc_oc=AdnqrjDN_BNjSSHWO-GbkIWH6fkGMLw4bqvL_NH6e2wMveX7G-rP2dAqsDSq1mJMOaY&_nc_zt=24&_nc_ht=scontent-gig4-1.xx&_nc_gid=AoBFJeGrT1hVaew_6rchkQ&oh=00_AfX7QmFGhQhG2jAllVgXCiM1ZrWgvtp80-Bfppyexh1QEg&oe=689E923C"},"aioseo_meta_data":{"post_id":"44712","title":null,"description":null,"keywords":null,"keyphrases":null,"primary_term":null,"canonical_url":null,"og_title":null,"og_description":null,"og_object_type":"default","og_image_type":"default","og_image_url":null,"og_image_width":null,"og_image_height":null,"og_image_custom_url":null,"og_image_custom_fields":null,"og_video":null,"og_custom_url":null,"og_article_section":null,"og_article_tags":null,"twitter_use_og":false,"twitter_card":"default","twitter_image_type":"default","twitter_image_url":null,"twitter_image_custom_url":null,"twitter_image_custom_fields":null,"twitter_title":null,"twitter_description":null,"schema":{"blockGraphs":[],"customGraphs":[],"default":{"data":{"Article":[],"Course":[],"Dataset":[],"FAQPage":[],"Movie":[],"Person":[],"Product":[],"ProductReview":[],"Car":[],"Recipe":[],"Service":[],"SoftwareApplication":[],"WebPage":[]},"graphName":"","isEnabled":true},"graphs":[]},"schema_type":"default","schema_type_options":null,"pillar_content":false,"robots_default":true,"robots_noindex":false,"robots_noarchive":false,"robots_nosnippet":false,"robots_nofollow":false,"robots_noimageindex":false,"robots_noodp":false,"robots_notranslate":false,"robots_max_snippet":null,"robots_max_videopreview":null,"robots_max_imagepreview":"large","priority":null,"frequency":null,"local_seo":null,"breadcrumb_settings":null,"limit_modified_date":false,"ai":null,"created":"2025-08-16 19:47:01","updated":"2025-08-16 19:47:01","focus_keyword":null,"additional_keywords":null,"truseo_locale":null,"seo_analyzer_scan_date":null},"aioseo_breadcrumb":"<div class=\"aioseo-breadcrumbs\"><span class=\"aioseo-breadcrumb\">\n\t\t\t<a href=\"https:\/\/anoticiaonline.com.br\/site\" title=\"Home\">Home<\/a>\n\t\t<\/span><span class=\"aioseo-breadcrumb-separator\">&raquo;<\/span><span class=\"aioseo-breadcrumb\">\n\t\t\t<a href=\"https:\/\/anoticiaonline.com.br\/site\/categoria\/eventos\/\" title=\"Eventos\">Eventos<\/a>\n\t\t<\/span><span class=\"aioseo-breadcrumb-separator\">&raquo;<\/span><span class=\"aioseo-breadcrumb\">\n\t\t\tLar Ozanam promove Noite de Massas\n\t\t<\/span><\/div>","aioseo_breadcrumb_json":[{"label":"Home","link":"https:\/\/anoticiaonline.com.br\/site"},{"label":"Eventos","link":"https:\/\/anoticiaonline.com.br\/site\/categoria\/eventos\/"},{"label":"Lar Ozanam promove Noite de Massas","link":"https:\/\/anoticiaonline.com.br\/site\/lar-ozanam-promove-sua-primeira-noite-de-massas\/"}],"views":151,"_links":{"self":[{"href":"https:\/\/anoticiaonline.com.br\/site\/wp-json\/wp\/v2\/posts\/44712","targetHints":{"allow":["GET"]}}],"collection":[{"href":"https:\/\/anoticiaonline.com.br\/site\/wp-json\/wp\/v2\/posts"}],"about":[{"href":"https:\/\/anoticiaonline.com.br\/site\/wp-json\/wp\/v2\/types\/post"}],"author":[{"embeddable":true,"href":"https:\/\/anoticiaonline.com.br\/site\/wp-json\/wp\/v2\/users\/2"}],"replies":[{"embeddable":true,"href":"https:\/\/anoticiaonline.com.br\/site\/wp-json\/wp\/v2\/comments?post=44712"}],"version-history":[{"count":0,"href":"https:\/\/anoticiaonline.com.br\/site\/wp-json\/wp\/v2\/posts\/44712\/revisions"}],"wp:featuredmedia":[{"embeddable":true,"href":"https:\/\/anoticiaonline.com.br\/site\/wp-json\/wp\/v2\/media\/44714"}],"wp:attachment":[{"href":"https:\/\/anoticiaonline.com.br\/site\/wp-json\/wp\/v2\/media?parent=44712"}],"wp:term":[{"taxonomy":"category","embeddable":true,"href":"https:\/\/anoticiaonline.com.br\/site\/wp-json\/wp\/v2\/categories?post=44712"},{"taxonomy":"post_tag","embeddable":true,"href":"https:\/\/anoticiaonline.com.br\/site\/wp-json\/wp\/v2\/tags?post=44712"}],"curies":[{"name":"wp","href":"https:\/\/api.w.org\/{rel}","templated":true}]}}