{"id":44608,"date":"2017-11-09T18:18:52","date_gmt":"2017-11-09T21:18:52","guid":{"rendered":"http:\/\/anoticiaonline.com.br\/site\/?p=44608"},"modified":"2017-11-09T18:18:52","modified_gmt":"2017-11-09T21:18:52","slug":"populares-questionam-sobre-a-situacao-do-rio-muriae","status":"publish","type":"post","link":"https:\/\/anoticiaonline.com.br\/site\/populares-questionam-sobre-a-situacao-do-rio-muriae\/","title":{"rendered":"Populares questionam sobre a situa\u00e7\u00e3o do Rio Muria\u00e9"},"content":{"rendered":"<p><a href=\"https:\/\/anoticiaonline.com.br\/site\/wp-content\/uploads\/2017\/11\/Populares-questionam-sobre-a-situa\u00e7\u00e3o-do-Rio-Muria\u00e9.jpg\"><img fetchpriority=\"high\" decoding=\"async\" class=\"alignnone size-full wp-image-44614\" src=\"https:\/\/anoticiaonline.com.br\/site\/wp-content\/uploads\/2017\/11\/Populares-questionam-sobre-a-situa\u00e7\u00e3o-do-Rio-Muria\u00e9.jpg\" alt=\"\" width=\"640\" height=\"427\" srcset=\"https:\/\/anoticiaonline.com.br\/site\/wp-content\/uploads\/2017\/11\/Populares-questionam-sobre-a-situa\u00e7\u00e3o-do-Rio-Muria\u00e9.jpg 640w, https:\/\/anoticiaonline.com.br\/site\/wp-content\/uploads\/2017\/11\/Populares-questionam-sobre-a-situa\u00e7\u00e3o-do-Rio-Muria\u00e9-300x200.jpg 300w\" sizes=\"(max-width: 640px) 100vw, 640px\" \/><\/a><\/p>\n<p><a href=\"https:\/\/anoticiaonline.com.br\/site\/wp-content\/uploads\/2017\/11\/Populares-questionam-sobre-a-situa\u00e7\u00e3o-do-Rio-Muria\u00e9-3.jpg\"><img decoding=\"async\" class=\"alignnone size-full wp-image-44615\" src=\"https:\/\/anoticiaonline.com.br\/site\/wp-content\/uploads\/2017\/11\/Populares-questionam-sobre-a-situa\u00e7\u00e3o-do-Rio-Muria\u00e9-3.jpg\" alt=\"\" width=\"640\" height=\"427\" srcset=\"https:\/\/anoticiaonline.com.br\/site\/wp-content\/uploads\/2017\/11\/Populares-questionam-sobre-a-situa\u00e7\u00e3o-do-Rio-Muria\u00e9-3.jpg 640w, https:\/\/anoticiaonline.com.br\/site\/wp-content\/uploads\/2017\/11\/Populares-questionam-sobre-a-situa\u00e7\u00e3o-do-Rio-Muria\u00e9-3-300x200.jpg 300w\" sizes=\"(max-width: 640px) 100vw, 640px\" \/><\/a><\/p>\n<p>A popula\u00e7\u00e3o muriaeense tem questionado a respeito da atual situa\u00e7\u00e3o do Rio Muria\u00e9, que se encontra com o leito parcialmente coberto por plantas aqu\u00e1ticas, chamando a aten\u00e7\u00e3o daqueles que passam pr\u00f3ximo ao local.<\/p>\n<p>Na ter\u00e7a-feira (7), o jornal A Not\u00edcia conversou com populares, que passavam pela Avenida Juscelino Kubistchek, para saber o que pensam sobre o fato.<\/p>\n<p>\u201cTenho 60 anos de idade e nunca vi o Rio Muria\u00e9 coberto de plantas como est\u00e1. \u00c9 lament\u00e1vel, sei que ainda existem muitos peixes nele. Passo por aqui e fico incomodada com o mau cheiro. Espero que as chuvas ajudem a melhorar a situa\u00e7\u00e3o\u201d, conta a dona de casa, Eni Maria Guimar\u00e3es.<\/p>\n<p>No mesmo dia, estivemos no gabinete do secret\u00e1rio municipal de Agricultura e Meio Ambiente, Manoel Carvalho, para conversar a respeito da situa\u00e7\u00e3o.<\/p>\n<p>De acordo com o secret\u00e1rio, as plantas que se encontram na superf\u00edcie do Rio Muria\u00e9, popularmente conhecidas como aguap\u00e9, se desenvolvem quando a temperatura da \u00e1gua est\u00e1 alta e, principalmente, com a grande quantidade de mat\u00e9ria org\u00e2nica.<\/p>\n<p>\u201cComo mat\u00e9ria org\u00e2nica, consideramos no caso do Rio Muria\u00e9, as fezes, j\u00e1 que o munic\u00edpio trata, aproximadamente, 35% do esgoto, ou seja, todo o restante (65%) \u00e9 lan\u00e7ado nas \u00e1guas. Al\u00e9m do esgoto, existe o fato de estar chovendo abaixo da m\u00e9dia. Dessa forma, dificulta a renova\u00e7\u00e3o da \u00e1gua e facilita o r\u00e1pido desenvolvimento dessas plantas\u201d, conta.<\/p>\n<p><a href=\"https:\/\/anoticiaonline.com.br\/site\/wp-content\/uploads\/2017\/11\/Populares-questionam-sobre-a-situa\u00e7\u00e3o-do-Rio-Muria\u00e9-2-1.jpg\"><img decoding=\"async\" class=\"alignnone size-full wp-image-44616\" src=\"https:\/\/anoticiaonline.com.br\/site\/wp-content\/uploads\/2017\/11\/Populares-questionam-sobre-a-situa\u00e7\u00e3o-do-Rio-Muria\u00e9-2-1.jpg\" alt=\"\" width=\"640\" height=\"427\" srcset=\"https:\/\/anoticiaonline.com.br\/site\/wp-content\/uploads\/2017\/11\/Populares-questionam-sobre-a-situa\u00e7\u00e3o-do-Rio-Muria\u00e9-2-1.jpg 640w, https:\/\/anoticiaonline.com.br\/site\/wp-content\/uploads\/2017\/11\/Populares-questionam-sobre-a-situa\u00e7\u00e3o-do-Rio-Muria\u00e9-2-1-300x200.jpg 300w\" sizes=\"(max-width: 640px) 100vw, 640px\" \/><\/a><\/p>\n<p>Manoel Carvalho diz que existem opini\u00f5es diferentes a respeito do nascimento dessas plantas. \u201cS\u00e3o pr\u00f3s e contras. Alguns consideram o aguap\u00e9 como um \u2018filtralizador\u2019 da \u00e1gua, pois ocorre a metaboliza\u00e7\u00e3o da mat\u00e9ria org\u00e2nica (fezes), transformando-a em \u2018massa verde\u2019 (planta). Com a baixa renova\u00e7\u00e3o da \u00e1gua, a velocidade do aparecimento das plantas multiplica\u201d, diz.<\/p>\n<p>O secret\u00e1rio conta que as plantas, que chegam a cobrir trechos do Rio Muria\u00e9, ainda n\u00e3o foram retiradas devido \u00e0 interrup\u00e7\u00e3o de um cons\u00f3rcio que fazia a limpeza do local.<\/p>\n<p>\u201cExistia, em outro momento, um contrato com um cons\u00f3rcio que absorvia um volume alto de recursos (R$250 mil\/ano) da prefeitura pelo trabalho que era realizado: mantendo de tr\u00eas a quatro homens, em uma canoa, retirando este material. Recentemente, fizemos a retirada dos aguap\u00e9s na regi\u00e3o do Bairro Dornelas e, depois disso, demos um intervalo por conta de or\u00e7amento, mas estamos prevendo que, com a chegada das chuvas, comuns nesta \u00e9poca do ano, a \u00e1gua se renove e a situa\u00e7\u00e3o possa melhorar\u201d, explica.<\/p>\n<p>De acordo com Manoel Carvalho, na \u00faltima semana, foi encaminhado ao Corpo de Bombeiros, um documento solicitando o apoio para a retirada das plantas do rio. \u201cContamos com o aux\u00edlio do Corpo de Bombeiros n\u00e3o s\u00f3 para a retirada dos aguap\u00e9s, mas tamb\u00e9m do Capim Angola e outras plantas que se desenvolvem nas margens do Rio Muria\u00e9. Estamos aguardando apenas a aprova\u00e7\u00e3o da Regional do Corpo de Bombeiros para que este trabalho possa ter in\u00edcio, com uso de barcos e roupas espec\u00edficas\u201d, diz.<\/p>\n<p><strong>A\u00e7\u00f5es da Administra\u00e7\u00e3o Municipal<\/strong> &#8211; O secret\u00e1rio informou que a esta\u00e7\u00e3o de tratamento de esgoto do Bairro Porto ser\u00e1 acionada para que o n\u00edvel de polui\u00e7\u00e3o do Rio Muria\u00e9 possa diminuir. \u201cO principal causador da polui\u00e7\u00e3o \u00e9 o esgoto n\u00e3o tratado. J\u00e1 ouvi depoimentos do prefeito Grego sobre a possibilidade de chegar em 2020 e alcan\u00e7ar 70% do esgoto tratado no munic\u00edpio. Efeito que vai contribuir, significativamente, na despolui\u00e7\u00e3o do rio\u201d, conta.<\/p>\n<p>Manoel Carvalho conta que a atual administra\u00e7\u00e3o possui o \u201cProjeto Renascer\u201d. \u201cNo qual estamos recuperando 21 nascentes, em parceria com o Demsur, na regi\u00e3o de Muria\u00e9, al\u00e9m do \u201cProjeto para Pagamentos de Servi\u00e7os Ambientais &#8211; PSA H\u00eddrico\u201d, em parceria com a Associa\u00e7\u00e3o Comunit\u00e1ria dos Moradores de Astolfo Dutra (Acomad), no qual vamos remunerar 17 produtores rurais que est\u00e3o protegendo nascentes por conta pr\u00f3pria, incentivando o aumento da produ\u00e7\u00e3o de \u00e1gua\u201d, finalizou.<\/p>\n","protected":false},"excerpt":{"rendered":"<p>A popula\u00e7\u00e3o muriaeense tem questionado a respeito da atual situa\u00e7\u00e3o do Rio Muria\u00e9, que se encontra com o leito parcialmente coberto por plantas aqu\u00e1ticas, chamando a aten\u00e7\u00e3o daqueles que passam pr\u00f3ximo ao local. Na ter\u00e7a-feira (7), o jornal A Not\u00edcia conversou com populares, que passavam pela Avenida Juscelino Kubistchek, para saber o que pensam sobre &#8230; <a title=\"Populares questionam sobre a situa\u00e7\u00e3o do Rio Muria\u00e9\" class=\"read-more\" href=\"https:\/\/anoticiaonline.com.br\/site\/populares-questionam-sobre-a-situacao-do-rio-muriae\/\" aria-label=\"Read more about Populares questionam sobre a situa\u00e7\u00e3o do Rio Muria\u00e9\">Ler mais<\/a><\/p>\n","protected":false},"author":2,"featured_media":44614,"comment_status":"open","ping_status":"open","sticky":false,"template":"","format":"standard","meta":{"_acf_changed":false,"_monsterinsights_skip_tracking":false,"footnotes":""},"categories":[30],"tags":[315,1499,386,1500,74,1498,823],"class_list":["post-44608","post","type-post","status-publish","format-standard","has-post-thumbnail","hentry","category-muriae","tag-agua","tag-aguape","tag-chuvas","tag-esgoto","tag-muriae","tag-poluicao","tag-rio"],"acf":[],"aioseo_notices":[],"aioseo_head":"\n\t\t<!-- All in One SEO 5.0.0.1 - aioseo.com -->\n\t<meta name=\"description\" content=\"A popula\u00e7\u00e3o muriaeense tem questionado a respeito da atual situa\u00e7\u00e3o do Rio Muria\u00e9, que se encontra com o leito parcialmente coberto por plantas aqu\u00e1ticas, chamando a aten\u00e7\u00e3o daqueles que passam pr\u00f3ximo ao local. Na ter\u00e7a-feira (7), o jornal A Not\u00edcia conversou com populares, que passavam pela Avenida Juscelino Kubistchek, para saber o que pensam sobre\" \/>\n\t<meta name=\"robots\" content=\"max-image-preview:large\" \/>\n\t<meta name=\"author\" content=\"Juliana Laviola\"\/>\n\t<link rel=\"canonical\" href=\"https:\/\/anoticiaonline.com.br\/site\/populares-questionam-sobre-a-situacao-do-rio-muriae\/\" \/>\n\t<meta name=\"generator\" content=\"All in One SEO (AIOSEO) 5.0.0.1\" \/>\n\t\t<meta property=\"og:locale\" content=\"pt_BR\" \/>\n\t\t<meta property=\"og:site_name\" content=\"A Not\u00edcia Online - Noticias de Muria\u00e9 e regi\u00e3o\" \/>\n\t\t<meta property=\"og:type\" content=\"article\" \/>\n\t\t<meta property=\"og:title\" content=\"Populares questionam sobre a situa\u00e7\u00e3o do Rio Muria\u00e9 - A Not\u00edcia Online\" \/>\n\t\t<meta property=\"og:description\" content=\"A popula\u00e7\u00e3o muriaeense tem questionado a respeito da atual situa\u00e7\u00e3o do Rio Muria\u00e9, que se encontra com o leito parcialmente coberto por plantas aqu\u00e1ticas, chamando a aten\u00e7\u00e3o daqueles que passam pr\u00f3ximo ao local. Na ter\u00e7a-feira (7), o jornal A Not\u00edcia conversou com populares, que passavam pela Avenida Juscelino Kubistchek, para saber o que pensam sobre\" \/>\n\t\t<meta property=\"og:url\" content=\"https:\/\/anoticiaonline.com.br\/site\/populares-questionam-sobre-a-situacao-do-rio-muriae\/\" \/>\n\t\t<meta property=\"og:image\" content=\"https:\/\/scontent-gig4-1.xx.fbcdn.net\/v\/t39.30808-1\/270437624_4564083193639691_6907940295614233970_n.jpg?stp=dst-jpg_s200x200_tt6&#038;_nc_cat=111&#038;ccb=1-7&#038;_nc_sid=f907e8&#038;_nc_ohc=SM1wRlP3lJwQ7kNvwEPuBYA&#038;_nc_oc=AdnqrjDN_BNjSSHWO-GbkIWH6fkGMLw4bqvL_NH6e2wMveX7G-rP2dAqsDSq1mJMOaY&#038;_nc_zt=24&#038;_nc_ht=scontent-gig4-1.xx&#038;_nc_gid=AoBFJeGrT1hVaew_6rchkQ&#038;oh=00_AfX7QmFGhQhG2jAllVgXCiM1ZrWgvtp80-Bfppyexh1QEg&#038;oe=689E923C\" \/>\n\t\t<meta property=\"og:image:secure_url\" content=\"https:\/\/scontent-gig4-1.xx.fbcdn.net\/v\/t39.30808-1\/270437624_4564083193639691_6907940295614233970_n.jpg?stp=dst-jpg_s200x200_tt6&#038;_nc_cat=111&#038;ccb=1-7&#038;_nc_sid=f907e8&#038;_nc_ohc=SM1wRlP3lJwQ7kNvwEPuBYA&#038;_nc_oc=AdnqrjDN_BNjSSHWO-GbkIWH6fkGMLw4bqvL_NH6e2wMveX7G-rP2dAqsDSq1mJMOaY&#038;_nc_zt=24&#038;_nc_ht=scontent-gig4-1.xx&#038;_nc_gid=AoBFJeGrT1hVaew_6rchkQ&#038;oh=00_AfX7QmFGhQhG2jAllVgXCiM1ZrWgvtp80-Bfppyexh1QEg&#038;oe=689E923C\" \/>\n\t\t<meta property=\"article:published_time\" content=\"2017-11-09T21:18:52+00:00\" \/>\n\t\t<meta property=\"article:modified_time\" content=\"2017-11-09T21:18:52+00:00\" \/>\n\t\t<meta name=\"twitter:card\" content=\"summary_large_image\" \/>\n\t\t<meta name=\"twitter:title\" content=\"Populares questionam sobre a situa\u00e7\u00e3o do Rio Muria\u00e9 - A Not\u00edcia Online\" \/>\n\t\t<meta name=\"twitter:description\" content=\"A popula\u00e7\u00e3o muriaeense tem questionado a respeito da atual situa\u00e7\u00e3o do Rio Muria\u00e9, que se encontra com o leito parcialmente coberto por plantas aqu\u00e1ticas, chamando a aten\u00e7\u00e3o daqueles que passam pr\u00f3ximo ao local. Na ter\u00e7a-feira (7), o jornal A Not\u00edcia conversou com populares, que passavam pela Avenida Juscelino Kubistchek, para saber o que pensam sobre\" \/>\n\t\t<meta name=\"twitter:image\" content=\"https:\/\/scontent-gig4-1.xx.fbcdn.net\/v\/t39.30808-1\/270437624_4564083193639691_6907940295614233970_n.jpg?stp=dst-jpg_s200x200_tt6&amp;_nc_cat=111&amp;ccb=1-7&amp;_nc_sid=f907e8&amp;_nc_ohc=SM1wRlP3lJwQ7kNvwEPuBYA&amp;_nc_oc=AdnqrjDN_BNjSSHWO-GbkIWH6fkGMLw4bqvL_NH6e2wMveX7G-rP2dAqsDSq1mJMOaY&amp;_nc_zt=24&amp;_nc_ht=scontent-gig4-1.xx&amp;_nc_gid=AoBFJeGrT1hVaew_6rchkQ&amp;oh=00_AfX7QmFGhQhG2jAllVgXCiM1ZrWgvtp80-Bfppyexh1QEg&amp;oe=689E923C\" \/>\n\t\t<script type=\"application\/ld+json\" class=\"aioseo-schema\">\n\t\t\t{\"@context\":\"https:\\\/\\\/schema.org\",\"@graph\":[{\"@type\":\"BlogPosting\",\"@id\":\"https:\\\/\\\/anoticiaonline.com.br\\\/site\\\/populares-questionam-sobre-a-situacao-do-rio-muriae\\\/#blogposting\",\"name\":\"Populares questionam sobre a situa\\u00e7\\u00e3o do Rio Muria\\u00e9 - A Not\\u00edcia Online\",\"headline\":\"Populares questionam sobre a situa\\u00e7\\u00e3o do Rio Muria\\u00e9\",\"author\":{\"@id\":\"https:\\\/\\\/anoticiaonline.com.br\\\/site\\\/author\\\/juliana\\\/#author\"},\"publisher\":{\"@id\":\"https:\\\/\\\/anoticiaonline.com.br\\\/site\\\/#organization\"},\"image\":{\"@type\":\"ImageObject\",\"url\":\"https:\\\/\\\/anoticiaonline.com.br\\\/site\\\/wp-content\\\/uploads\\\/2017\\\/11\\\/Populares-questionam-sobre-a-situa\\u00e7\\u00e3o-do-Rio-Muria\\u00e9.jpg\",\"width\":640,\"height\":427},\"datePublished\":\"2017-11-09T18:18:52-03:00\",\"dateModified\":\"2017-11-09T18:18:52-03:00\",\"inLanguage\":\"pt-BR\",\"mainEntityOfPage\":{\"@id\":\"https:\\\/\\\/anoticiaonline.com.br\\\/site\\\/populares-questionam-sobre-a-situacao-do-rio-muriae\\\/#webpage\"},\"isPartOf\":{\"@id\":\"https:\\\/\\\/anoticiaonline.com.br\\\/site\\\/populares-questionam-sobre-a-situacao-do-rio-muriae\\\/#webpage\"},\"articleSection\":\"Blog, \\u00e1gua, aguap\\u00e9, chuvas, esgoto, Muria\\u00e9, polui\\u00e7\\u00e3o, rio\"},{\"@type\":\"BreadcrumbList\",\"@id\":\"https:\\\/\\\/anoticiaonline.com.br\\\/site\\\/populares-questionam-sobre-a-situacao-do-rio-muriae\\\/#breadcrumblist\",\"itemListElement\":[{\"@type\":\"ListItem\",\"@id\":\"https:\\\/\\\/anoticiaonline.com.br\\\/site#listItem\",\"position\":1,\"name\":\"Home\",\"item\":\"https:\\\/\\\/anoticiaonline.com.br\\\/site\",\"nextItem\":{\"@type\":\"ListItem\",\"@id\":\"https:\\\/\\\/anoticiaonline.com.br\\\/site\\\/categoria\\\/muriae\\\/#listItem\",\"name\":\"Blog\"}},{\"@type\":\"ListItem\",\"@id\":\"https:\\\/\\\/anoticiaonline.com.br\\\/site\\\/categoria\\\/muriae\\\/#listItem\",\"position\":2,\"name\":\"Blog\",\"item\":\"https:\\\/\\\/anoticiaonline.com.br\\\/site\\\/categoria\\\/muriae\\\/\",\"nextItem\":{\"@type\":\"ListItem\",\"@id\":\"https:\\\/\\\/anoticiaonline.com.br\\\/site\\\/populares-questionam-sobre-a-situacao-do-rio-muriae\\\/#listItem\",\"name\":\"Populares questionam sobre a situa\\u00e7\\u00e3o do Rio Muria\\u00e9\"},\"previousItem\":{\"@type\":\"ListItem\",\"@id\":\"https:\\\/\\\/anoticiaonline.com.br\\\/site#listItem\",\"name\":\"Home\"}},{\"@type\":\"ListItem\",\"@id\":\"https:\\\/\\\/anoticiaonline.com.br\\\/site\\\/populares-questionam-sobre-a-situacao-do-rio-muriae\\\/#listItem\",\"position\":3,\"name\":\"Populares questionam sobre a situa\\u00e7\\u00e3o do Rio Muria\\u00e9\",\"previousItem\":{\"@type\":\"ListItem\",\"@id\":\"https:\\\/\\\/anoticiaonline.com.br\\\/site\\\/categoria\\\/muriae\\\/#listItem\",\"name\":\"Blog\"}}]},{\"@type\":\"Organization\",\"@id\":\"https:\\\/\\\/anoticiaonline.com.br\\\/site\\\/#organization\",\"name\":\"A Not\\u00edcia Online\",\"description\":\"Noticias de Muria\\u00e9 e regi\\u00e3o\",\"url\":\"https:\\\/\\\/anoticiaonline.com.br\\\/site\\\/\",\"logo\":{\"@type\":\"ImageObject\",\"url\":\"https:\\\/\\\/scontent-gig4-1.xx.fbcdn.net\\\/v\\\/t39.30808-1\\\/270437624_4564083193639691_6907940295614233970_n.jpg?stp=dst-jpg_s200x200_tt6&_nc_cat=111&ccb=1-7&_nc_sid=f907e8&_nc_ohc=SM1wRlP3lJwQ7kNvwEPuBYA&_nc_oc=AdnqrjDN_BNjSSHWO-GbkIWH6fkGMLw4bqvL_NH6e2wMveX7G-rP2dAqsDSq1mJMOaY&_nc_zt=24&_nc_ht=scontent-gig4-1.xx&_nc_gid=AoBFJeGrT1hVaew_6rchkQ&oh=00_AfX7QmFGhQhG2jAllVgXCiM1ZrWgvtp80-Bfppyexh1QEg&oe=689E923C\",\"@id\":\"https:\\\/\\\/anoticiaonline.com.br\\\/site\\\/populares-questionam-sobre-a-situacao-do-rio-muriae\\\/#organizationLogo\"},\"image\":{\"@id\":\"https:\\\/\\\/anoticiaonline.com.br\\\/site\\\/populares-questionam-sobre-a-situacao-do-rio-muriae\\\/#organizationLogo\"}},{\"@type\":\"Person\",\"@id\":\"https:\\\/\\\/anoticiaonline.com.br\\\/site\\\/author\\\/juliana\\\/#author\",\"url\":\"https:\\\/\\\/anoticiaonline.com.br\\\/site\\\/author\\\/juliana\\\/\",\"name\":\"Juliana Laviola\",\"image\":{\"@type\":\"ImageObject\",\"@id\":\"https:\\\/\\\/anoticiaonline.com.br\\\/site\\\/populares-questionam-sobre-a-situacao-do-rio-muriae\\\/#authorImage\",\"url\":\"https:\\\/\\\/secure.gravatar.com\\\/avatar\\\/b8d45f5c699b100dfaf0e543582f38f38bf94cb7ae3a5e9abf8d891a34773335?s=96&d=mm&r=g\",\"width\":96,\"height\":96,\"caption\":\"Juliana Laviola\"}},{\"@type\":\"WebPage\",\"@id\":\"https:\\\/\\\/anoticiaonline.com.br\\\/site\\\/populares-questionam-sobre-a-situacao-do-rio-muriae\\\/#webpage\",\"url\":\"https:\\\/\\\/anoticiaonline.com.br\\\/site\\\/populares-questionam-sobre-a-situacao-do-rio-muriae\\\/\",\"name\":\"Populares questionam sobre a situa\\u00e7\\u00e3o do Rio Muria\\u00e9 - A Not\\u00edcia Online\",\"description\":\"A popula\\u00e7\\u00e3o muriaeense tem questionado a respeito da atual situa\\u00e7\\u00e3o do Rio Muria\\u00e9, que se encontra com o leito parcialmente coberto por plantas aqu\\u00e1ticas, chamando a aten\\u00e7\\u00e3o daqueles que passam pr\\u00f3ximo ao local. Na ter\\u00e7a-feira (7), o jornal A Not\\u00edcia conversou com populares, que passavam pela Avenida Juscelino Kubistchek, para saber o que pensam sobre\",\"inLanguage\":\"pt-BR\",\"isPartOf\":{\"@id\":\"https:\\\/\\\/anoticiaonline.com.br\\\/site\\\/#website\"},\"breadcrumb\":{\"@id\":\"https:\\\/\\\/anoticiaonline.com.br\\\/site\\\/populares-questionam-sobre-a-situacao-do-rio-muriae\\\/#breadcrumblist\"},\"author\":{\"@id\":\"https:\\\/\\\/anoticiaonline.com.br\\\/site\\\/author\\\/juliana\\\/#author\"},\"creator\":{\"@id\":\"https:\\\/\\\/anoticiaonline.com.br\\\/site\\\/author\\\/juliana\\\/#author\"},\"image\":{\"@type\":\"ImageObject\",\"url\":\"https:\\\/\\\/anoticiaonline.com.br\\\/site\\\/wp-content\\\/uploads\\\/2017\\\/11\\\/Populares-questionam-sobre-a-situa\\u00e7\\u00e3o-do-Rio-Muria\\u00e9.jpg\",\"@id\":\"https:\\\/\\\/anoticiaonline.com.br\\\/site\\\/populares-questionam-sobre-a-situacao-do-rio-muriae\\\/#mainImage\",\"width\":640,\"height\":427},\"primaryImageOfPage\":{\"@id\":\"https:\\\/\\\/anoticiaonline.com.br\\\/site\\\/populares-questionam-sobre-a-situacao-do-rio-muriae\\\/#mainImage\"},\"datePublished\":\"2017-11-09T18:18:52-03:00\",\"dateModified\":\"2017-11-09T18:18:52-03:00\"},{\"@type\":\"WebSite\",\"@id\":\"https:\\\/\\\/anoticiaonline.com.br\\\/site\\\/#website\",\"url\":\"https:\\\/\\\/anoticiaonline.com.br\\\/site\\\/\",\"name\":\"A Not\\u00edcia Online\",\"description\":\"Noticias de Muria\\u00e9 e regi\\u00e3o\",\"inLanguage\":\"pt-BR\",\"publisher\":{\"@id\":\"https:\\\/\\\/anoticiaonline.com.br\\\/site\\\/#organization\"}}]}\n\t\t<\/script>\n\t\t<!-- All in One SEO -->\n\n","aioseo_head_json":{"title":"Populares questionam sobre a situa\u00e7\u00e3o do Rio Muria\u00e9 - A Not\u00edcia Online","description":"A popula\u00e7\u00e3o muriaeense tem questionado a respeito da atual situa\u00e7\u00e3o do Rio Muria\u00e9, que se encontra com o leito parcialmente coberto por plantas aqu\u00e1ticas, chamando a aten\u00e7\u00e3o daqueles que passam pr\u00f3ximo ao local. Na ter\u00e7a-feira (7), o jornal A Not\u00edcia conversou com populares, que passavam pela Avenida Juscelino Kubistchek, para saber o que pensam sobre","canonical_url":"https:\/\/anoticiaonline.com.br\/site\/populares-questionam-sobre-a-situacao-do-rio-muriae\/","robots":"max-image-preview:large","keywords":"","webmasterTools":{"miscellaneous":""},"schema":{"@context":"https:\/\/schema.org","@graph":[{"@type":"BlogPosting","@id":"https:\/\/anoticiaonline.com.br\/site\/populares-questionam-sobre-a-situacao-do-rio-muriae\/#blogposting","name":"Populares questionam sobre a situa\u00e7\u00e3o do Rio Muria\u00e9 - A Not\u00edcia Online","headline":"Populares questionam sobre a situa\u00e7\u00e3o do Rio Muria\u00e9","author":{"@id":"https:\/\/anoticiaonline.com.br\/site\/author\/juliana\/#author"},"publisher":{"@id":"https:\/\/anoticiaonline.com.br\/site\/#organization"},"image":{"@type":"ImageObject","url":"https:\/\/anoticiaonline.com.br\/site\/wp-content\/uploads\/2017\/11\/Populares-questionam-sobre-a-situa\u00e7\u00e3o-do-Rio-Muria\u00e9.jpg","width":640,"height":427},"datePublished":"2017-11-09T18:18:52-03:00","dateModified":"2017-11-09T18:18:52-03:00","inLanguage":"pt-BR","mainEntityOfPage":{"@id":"https:\/\/anoticiaonline.com.br\/site\/populares-questionam-sobre-a-situacao-do-rio-muriae\/#webpage"},"isPartOf":{"@id":"https:\/\/anoticiaonline.com.br\/site\/populares-questionam-sobre-a-situacao-do-rio-muriae\/#webpage"},"articleSection":"Blog, \u00e1gua, aguap\u00e9, chuvas, esgoto, Muria\u00e9, polui\u00e7\u00e3o, rio"},{"@type":"BreadcrumbList","@id":"https:\/\/anoticiaonline.com.br\/site\/populares-questionam-sobre-a-situacao-do-rio-muriae\/#breadcrumblist","itemListElement":[{"@type":"ListItem","@id":"https:\/\/anoticiaonline.com.br\/site#listItem","position":1,"name":"Home","item":"https:\/\/anoticiaonline.com.br\/site","nextItem":{"@type":"ListItem","@id":"https:\/\/anoticiaonline.com.br\/site\/categoria\/muriae\/#listItem","name":"Blog"}},{"@type":"ListItem","@id":"https:\/\/anoticiaonline.com.br\/site\/categoria\/muriae\/#listItem","position":2,"name":"Blog","item":"https:\/\/anoticiaonline.com.br\/site\/categoria\/muriae\/","nextItem":{"@type":"ListItem","@id":"https:\/\/anoticiaonline.com.br\/site\/populares-questionam-sobre-a-situacao-do-rio-muriae\/#listItem","name":"Populares questionam sobre a situa\u00e7\u00e3o do Rio Muria\u00e9"},"previousItem":{"@type":"ListItem","@id":"https:\/\/anoticiaonline.com.br\/site#listItem","name":"Home"}},{"@type":"ListItem","@id":"https:\/\/anoticiaonline.com.br\/site\/populares-questionam-sobre-a-situacao-do-rio-muriae\/#listItem","position":3,"name":"Populares questionam sobre a situa\u00e7\u00e3o do Rio Muria\u00e9","previousItem":{"@type":"ListItem","@id":"https:\/\/anoticiaonline.com.br\/site\/categoria\/muriae\/#listItem","name":"Blog"}}]},{"@type":"Organization","@id":"https:\/\/anoticiaonline.com.br\/site\/#organization","name":"A Not\u00edcia Online","description":"Noticias de Muria\u00e9 e regi\u00e3o","url":"https:\/\/anoticiaonline.com.br\/site\/","logo":{"@type":"ImageObject","url":"https:\/\/scontent-gig4-1.xx.fbcdn.net\/v\/t39.30808-1\/270437624_4564083193639691_6907940295614233970_n.jpg?stp=dst-jpg_s200x200_tt6&_nc_cat=111&ccb=1-7&_nc_sid=f907e8&_nc_ohc=SM1wRlP3lJwQ7kNvwEPuBYA&_nc_oc=AdnqrjDN_BNjSSHWO-GbkIWH6fkGMLw4bqvL_NH6e2wMveX7G-rP2dAqsDSq1mJMOaY&_nc_zt=24&_nc_ht=scontent-gig4-1.xx&_nc_gid=AoBFJeGrT1hVaew_6rchkQ&oh=00_AfX7QmFGhQhG2jAllVgXCiM1ZrWgvtp80-Bfppyexh1QEg&oe=689E923C","@id":"https:\/\/anoticiaonline.com.br\/site\/populares-questionam-sobre-a-situacao-do-rio-muriae\/#organizationLogo"},"image":{"@id":"https:\/\/anoticiaonline.com.br\/site\/populares-questionam-sobre-a-situacao-do-rio-muriae\/#organizationLogo"}},{"@type":"Person","@id":"https:\/\/anoticiaonline.com.br\/site\/author\/juliana\/#author","url":"https:\/\/anoticiaonline.com.br\/site\/author\/juliana\/","name":"Juliana Laviola","image":{"@type":"ImageObject","@id":"https:\/\/anoticiaonline.com.br\/site\/populares-questionam-sobre-a-situacao-do-rio-muriae\/#authorImage","url":"https:\/\/secure.gravatar.com\/avatar\/b8d45f5c699b100dfaf0e543582f38f38bf94cb7ae3a5e9abf8d891a34773335?s=96&d=mm&r=g","width":96,"height":96,"caption":"Juliana Laviola"}},{"@type":"WebPage","@id":"https:\/\/anoticiaonline.com.br\/site\/populares-questionam-sobre-a-situacao-do-rio-muriae\/#webpage","url":"https:\/\/anoticiaonline.com.br\/site\/populares-questionam-sobre-a-situacao-do-rio-muriae\/","name":"Populares questionam sobre a situa\u00e7\u00e3o do Rio Muria\u00e9 - A Not\u00edcia Online","description":"A popula\u00e7\u00e3o muriaeense tem questionado a respeito da atual situa\u00e7\u00e3o do Rio Muria\u00e9, que se encontra com o leito parcialmente coberto por plantas aqu\u00e1ticas, chamando a aten\u00e7\u00e3o daqueles que passam pr\u00f3ximo ao local. Na ter\u00e7a-feira (7), o jornal A Not\u00edcia conversou com populares, que passavam pela Avenida Juscelino Kubistchek, para saber o que pensam sobre","inLanguage":"pt-BR","isPartOf":{"@id":"https:\/\/anoticiaonline.com.br\/site\/#website"},"breadcrumb":{"@id":"https:\/\/anoticiaonline.com.br\/site\/populares-questionam-sobre-a-situacao-do-rio-muriae\/#breadcrumblist"},"author":{"@id":"https:\/\/anoticiaonline.com.br\/site\/author\/juliana\/#author"},"creator":{"@id":"https:\/\/anoticiaonline.com.br\/site\/author\/juliana\/#author"},"image":{"@type":"ImageObject","url":"https:\/\/anoticiaonline.com.br\/site\/wp-content\/uploads\/2017\/11\/Populares-questionam-sobre-a-situa\u00e7\u00e3o-do-Rio-Muria\u00e9.jpg","@id":"https:\/\/anoticiaonline.com.br\/site\/populares-questionam-sobre-a-situacao-do-rio-muriae\/#mainImage","width":640,"height":427},"primaryImageOfPage":{"@id":"https:\/\/anoticiaonline.com.br\/site\/populares-questionam-sobre-a-situacao-do-rio-muriae\/#mainImage"},"datePublished":"2017-11-09T18:18:52-03:00","dateModified":"2017-11-09T18:18:52-03:00"},{"@type":"WebSite","@id":"https:\/\/anoticiaonline.com.br\/site\/#website","url":"https:\/\/anoticiaonline.com.br\/site\/","name":"A Not\u00edcia Online","description":"Noticias de Muria\u00e9 e regi\u00e3o","inLanguage":"pt-BR","publisher":{"@id":"https:\/\/anoticiaonline.com.br\/site\/#organization"}}]},"og:locale":"pt_BR","og:site_name":"A Not\u00edcia Online - Noticias de Muria\u00e9 e regi\u00e3o","og:type":"article","og:title":"Populares questionam sobre a situa\u00e7\u00e3o do Rio Muria\u00e9 - A Not\u00edcia Online","og:description":"A popula\u00e7\u00e3o muriaeense tem questionado a respeito da atual situa\u00e7\u00e3o do Rio Muria\u00e9, que se encontra com o leito parcialmente coberto por plantas aqu\u00e1ticas, chamando a aten\u00e7\u00e3o daqueles que passam pr\u00f3ximo ao local. Na ter\u00e7a-feira (7), o jornal A Not\u00edcia conversou com populares, que passavam pela Avenida Juscelino Kubistchek, para saber o que pensam sobre","og:url":"https:\/\/anoticiaonline.com.br\/site\/populares-questionam-sobre-a-situacao-do-rio-muriae\/","og:image":"https:\/\/scontent-gig4-1.xx.fbcdn.net\/v\/t39.30808-1\/270437624_4564083193639691_6907940295614233970_n.jpg?stp=dst-jpg_s200x200_tt6&#038;_nc_cat=111&#038;ccb=1-7&#038;_nc_sid=f907e8&#038;_nc_ohc=SM1wRlP3lJwQ7kNvwEPuBYA&#038;_nc_oc=AdnqrjDN_BNjSSHWO-GbkIWH6fkGMLw4bqvL_NH6e2wMveX7G-rP2dAqsDSq1mJMOaY&#038;_nc_zt=24&#038;_nc_ht=scontent-gig4-1.xx&#038;_nc_gid=AoBFJeGrT1hVaew_6rchkQ&#038;oh=00_AfX7QmFGhQhG2jAllVgXCiM1ZrWgvtp80-Bfppyexh1QEg&#038;oe=689E923C","og:image:secure_url":"https:\/\/scontent-gig4-1.xx.fbcdn.net\/v\/t39.30808-1\/270437624_4564083193639691_6907940295614233970_n.jpg?stp=dst-jpg_s200x200_tt6&#038;_nc_cat=111&#038;ccb=1-7&#038;_nc_sid=f907e8&#038;_nc_ohc=SM1wRlP3lJwQ7kNvwEPuBYA&#038;_nc_oc=AdnqrjDN_BNjSSHWO-GbkIWH6fkGMLw4bqvL_NH6e2wMveX7G-rP2dAqsDSq1mJMOaY&#038;_nc_zt=24&#038;_nc_ht=scontent-gig4-1.xx&#038;_nc_gid=AoBFJeGrT1hVaew_6rchkQ&#038;oh=00_AfX7QmFGhQhG2jAllVgXCiM1ZrWgvtp80-Bfppyexh1QEg&#038;oe=689E923C","article:published_time":"2017-11-09T21:18:52+00:00","article:modified_time":"2017-11-09T21:18:52+00:00","twitter:card":"summary_large_image","twitter:title":"Populares questionam sobre a situa\u00e7\u00e3o do Rio Muria\u00e9 - A Not\u00edcia Online","twitter:description":"A popula\u00e7\u00e3o muriaeense tem questionado a respeito da atual situa\u00e7\u00e3o do Rio Muria\u00e9, que se encontra com o leito parcialmente coberto por plantas aqu\u00e1ticas, chamando a aten\u00e7\u00e3o daqueles que passam pr\u00f3ximo ao local. Na ter\u00e7a-feira (7), o jornal A Not\u00edcia conversou com populares, que passavam pela Avenida Juscelino Kubistchek, para saber o que pensam sobre","twitter:image":"https:\/\/scontent-gig4-1.xx.fbcdn.net\/v\/t39.30808-1\/270437624_4564083193639691_6907940295614233970_n.jpg?stp=dst-jpg_s200x200_tt6&_nc_cat=111&ccb=1-7&_nc_sid=f907e8&_nc_ohc=SM1wRlP3lJwQ7kNvwEPuBYA&_nc_oc=AdnqrjDN_BNjSSHWO-GbkIWH6fkGMLw4bqvL_NH6e2wMveX7G-rP2dAqsDSq1mJMOaY&_nc_zt=24&_nc_ht=scontent-gig4-1.xx&_nc_gid=AoBFJeGrT1hVaew_6rchkQ&oh=00_AfX7QmFGhQhG2jAllVgXCiM1ZrWgvtp80-Bfppyexh1QEg&oe=689E923C"},"aioseo_meta_data":{"post_id":"44608","title":null,"description":null,"keywords":null,"keyphrases":null,"primary_term":null,"canonical_url":null,"og_title":null,"og_description":null,"og_object_type":"default","og_image_type":"default","og_image_url":null,"og_image_width":null,"og_image_height":null,"og_image_custom_url":null,"og_image_custom_fields":null,"og_video":null,"og_custom_url":null,"og_article_section":null,"og_article_tags":null,"twitter_use_og":false,"twitter_card":"default","twitter_image_type":"default","twitter_image_url":null,"twitter_image_custom_url":null,"twitter_image_custom_fields":null,"twitter_title":null,"twitter_description":null,"schema":{"blockGraphs":[],"customGraphs":[],"default":{"data":{"Article":[],"Course":[],"Dataset":[],"FAQPage":[],"Movie":[],"Person":[],"Product":[],"ProductReview":[],"Car":[],"Recipe":[],"Service":[],"SoftwareApplication":[],"WebPage":[]},"graphName":"","isEnabled":true},"graphs":[]},"schema_type":"default","schema_type_options":null,"pillar_content":false,"robots_default":true,"robots_noindex":false,"robots_noarchive":false,"robots_nosnippet":false,"robots_nofollow":false,"robots_noimageindex":false,"robots_noodp":false,"robots_notranslate":false,"robots_max_snippet":null,"robots_max_videopreview":null,"robots_max_imagepreview":"large","priority":null,"frequency":null,"local_seo":null,"breadcrumb_settings":null,"limit_modified_date":false,"ai":null,"created":"2025-08-16 19:45:26","updated":"2025-08-16 19:45:26","focus_keyword":null,"additional_keywords":null,"truseo_locale":null,"seo_analyzer_scan_date":null},"aioseo_breadcrumb":"<div class=\"aioseo-breadcrumbs\"><span class=\"aioseo-breadcrumb\">\n\t\t\t<a href=\"https:\/\/anoticiaonline.com.br\/site\" title=\"Home\">Home<\/a>\n\t\t<\/span><span class=\"aioseo-breadcrumb-separator\">&raquo;<\/span><span class=\"aioseo-breadcrumb\">\n\t\t\t<a href=\"https:\/\/anoticiaonline.com.br\/site\/categoria\/muriae\/\" title=\"Blog\">Blog<\/a>\n\t\t<\/span><span class=\"aioseo-breadcrumb-separator\">&raquo;<\/span><span class=\"aioseo-breadcrumb\">\n\t\t\tPopulares questionam sobre a situa\u00e7\u00e3o do Rio Muria\u00e9\n\t\t<\/span><\/div>","aioseo_breadcrumb_json":[{"label":"Home","link":"https:\/\/anoticiaonline.com.br\/site"},{"label":"Blog","link":"https:\/\/anoticiaonline.com.br\/site\/categoria\/muriae\/"},{"label":"Populares questionam sobre a situa\u00e7\u00e3o do Rio Muria\u00e9","link":"https:\/\/anoticiaonline.com.br\/site\/populares-questionam-sobre-a-situacao-do-rio-muriae\/"}],"views":194,"_links":{"self":[{"href":"https:\/\/anoticiaonline.com.br\/site\/wp-json\/wp\/v2\/posts\/44608","targetHints":{"allow":["GET"]}}],"collection":[{"href":"https:\/\/anoticiaonline.com.br\/site\/wp-json\/wp\/v2\/posts"}],"about":[{"href":"https:\/\/anoticiaonline.com.br\/site\/wp-json\/wp\/v2\/types\/post"}],"author":[{"embeddable":true,"href":"https:\/\/anoticiaonline.com.br\/site\/wp-json\/wp\/v2\/users\/2"}],"replies":[{"embeddable":true,"href":"https:\/\/anoticiaonline.com.br\/site\/wp-json\/wp\/v2\/comments?post=44608"}],"version-history":[{"count":0,"href":"https:\/\/anoticiaonline.com.br\/site\/wp-json\/wp\/v2\/posts\/44608\/revisions"}],"wp:featuredmedia":[{"embeddable":true,"href":"https:\/\/anoticiaonline.com.br\/site\/wp-json\/wp\/v2\/media\/44614"}],"wp:attachment":[{"href":"https:\/\/anoticiaonline.com.br\/site\/wp-json\/wp\/v2\/media?parent=44608"}],"wp:term":[{"taxonomy":"category","embeddable":true,"href":"https:\/\/anoticiaonline.com.br\/site\/wp-json\/wp\/v2\/categories?post=44608"},{"taxonomy":"post_tag","embeddable":true,"href":"https:\/\/anoticiaonline.com.br\/site\/wp-json\/wp\/v2\/tags?post=44608"}],"curies":[{"name":"wp","href":"https:\/\/api.w.org\/{rel}","templated":true}]}}