{"id":44451,"date":"2017-11-01T20:53:16","date_gmt":"2017-11-01T23:53:16","guid":{"rendered":"http:\/\/anoticiaonline.com.br\/site\/?p=44451"},"modified":"2017-11-01T20:53:16","modified_gmt":"2017-11-01T23:53:16","slug":"vestuario-e-empreendedorismo","status":"publish","type":"post","link":"https:\/\/anoticiaonline.com.br\/site\/vestuario-e-empreendedorismo\/","title":{"rendered":"Vestu\u00e1rio e empreendedorismo"},"content":{"rendered":"<p>Artigo Jos\u00e9 J\u00fanior<\/p>\n<p>Em primeiro lugar, empreendedor \u00e9 uma palavra de origem francesa. Na Fran\u00e7a, por volta do s\u00e9culo XVIII, as pessoas que ousavam estimular o progresso da econ\u00f4mia eram chamadas de empreendedoras. O que n\u00f3s podemos aprender sobre <strong>vestu\u00e1rio e empreendedorismo <\/strong>hoje?<\/p>\n<p>Acontece que atualmente o setor do vestu\u00e1rio est\u00e1 crescendo cada vez mais. A nossa preocupa\u00e7\u00e3o n\u00e3o est\u00e1 em rela\u00e7\u00e3o a esse crescimento, mas sim em rela\u00e7\u00e3o as empresas que n\u00e3o conseguem se manter, a tacha se sobreviv\u00eancia demonstra que 25% tendem a fechar em dois anos, enquanto este percentual pode chegar a 50% em at\u00e9 6 anos.<\/p>\n<p>A sua empresa \u00e9 constitu\u00edda de uma for\u00e7a de vontade de produzir alguns produtos que v\u00e3o ser vendidas para alcan\u00e7ar uma boa recompensa financeira. N\u00e3o \u00e9 mesmo?<\/p>\n<p>Por isso devemos pensar em <strong>vestu\u00e1rio e empreendedorismo<\/strong>. Devemos pensar nesse nosso setor, mas sem se esquecer de todo o sentido que o empreendedorismo d\u00e1 para o mundo dos neg\u00f3cios.<\/p>\n<p><strong>Vestu\u00e1rio e empreendedorismo: o que a minha empresa precisa ter?<\/strong><\/p>\n<p>Em um primeiro momento devemos pensar em algo muito b\u00e1sico para que a sua empresa realmente tenha capacidade de idealizar um projeto (que \u00e9 um conceito b\u00e1sico do empreendedorismo). Confira quais s\u00e3o:<\/p>\n<ul>\n<li>Voc\u00ea precisar\u00e1 de um produto<\/li>\n<\/ul>\n<p>Aquilo que sua empresa ir\u00e1 fornecer para os clientes deve possuir algumas caracter\u00edsticas \u00fanicas em rela\u00e7\u00e3o a sua essencialidade. Voc\u00ea precisa demonstrar o quanto o seu produto \u00e9 importante e faz diferen\u00e7a na vida de quem vai consumi-lo.<\/p>\n<ul>\n<li>Clientes<\/li>\n<\/ul>\n<p>Dever\u00e1 ser necess\u00e1rio verificar quem ser\u00e1 o p\u00fablico alvo desse seu produto e trabalhar sempre focado para eles. Conseguir inovar a respeito de novas necessidades que v\u00e3o surgindo \u00e9 sempre uma \u00f3tima tacada.<\/p>\n<p>Cuidado com a miopia do m\u00e1sculo e feminino, infantil e adulto, ou seja, quem quer atender a todo mundo n\u00e3o atende ningu\u00e9m bem o suficiente pra se manter no mercado.<\/p>\n<ul>\n<li>Fornecedores<\/li>\n<\/ul>\n<p>S\u00e3o outras empresas que fornecem os materiais necess\u00e1rios para a produ\u00e7\u00e3o do que voc\u00ea est\u00e1 oferecendo para os seus clientes.<\/p>\n<p>Sempre \u00e9 muito importante que j\u00e1 exista em mente esses tr\u00eas fatores. De modo que os clientes v\u00e3o ser conquistados com o tempo \u00e9 claro. Sempre tente usar de alguns meios para conseguir atrair a mais quantidade deles poss\u00edvel.<\/p>\n<p>Atualmente, as empresas t\u00eam investido cada vez no marketing para conseguir se mostrarem para as pessoas. Isso tamb\u00e9m \u00e9 uma forma de pensar em rela\u00e7\u00e3o ao <strong>vestu\u00e1rio e empreendedorismo<\/strong>.<\/p>\n<p>\u00c9 muito importante que voc\u00ea empres\u00e1rio, gerente, s\u00f3cio ou gestor, tenha em mente que ter iniciativas para implementar algo novo no seu neg\u00f3cio.<\/p>\n<p>Fa\u00e7a a diferente dentro de um mercado que \u00e9 t\u00e3o competitivo. Nunca tome atitudes somente em rela\u00e7\u00e3o a suposi\u00e7\u00f5es. Trabalhar com \u201cachismo\u201d \u00e9 a pior alternativa para a sua empresa, baseie-se em dados, fatos e n\u00fameros.<\/p>\n<p>Durante o processo de empreendedorismo, alguns imprevistos v\u00e3o surgir. Mas gostamos sempre de enfatizar que nunca devemos recorrer ao aumento de pre\u00e7os como medida resolutiva, \u00e9 necess\u00e1rio pesquisar o problema a fundo.<\/p>\n<p>\u00c9 muito importante que todo bom empres\u00e1rio possua um excelente conhecimento sobre a forma\u00e7\u00e3o de pre\u00e7o.<\/p>\n<p>Se voc\u00ea ainda n\u00e3o sabe muito ao respeito ou ainda tamb\u00e9m n\u00e3o sabe fazer o c\u00e1lculo correto de um produto acompanhe o e-book <strong>\u201cComo calcular a forma\u00e7\u00e3o de pre\u00e7o<\/strong>\u201d em nosso site <a href=\"http:\/\/www.gestaodovestuario.com.br\">www.gestaodovestuario.com.br<\/a>.<\/p>\n<p>N\u00f3s preparamos um conte\u00fado que foi feito em linguagem simples e bastante objetiva para que voc\u00ea consiga compreender da forma mais r\u00e1pida poss\u00edvel. Sabemos da grande necessidade que existe em rela\u00e7\u00e3o a esse tema.<\/p>\n<p><strong>Vestu\u00e1rio e empreendedorismo: algumas considera\u00e7\u00f5es finais<\/strong><\/p>\n<p>Tenha no seu projeto de empreendedorismo um \u201cplano de neg\u00f3cio\u201d que ter\u00e1 as seguintes informa\u00e7\u00f5es:<\/p>\n<ul>\n<li>Ramo de atividade da sua empresa;<\/li>\n<li>Qual o mercado consumidor;<\/li>\n<li>O mercado fornecedor;<\/li>\n<li>Quem faz parte do mercado concorrente;<\/li>\n<li>A localiza\u00e7\u00e3o da empresa;<\/li>\n<li>Previs\u00e3o da produ\u00e7\u00e3o e das vendas;<\/li>\n<li>An\u00e1lise Financeira;<\/li>\n<\/ul>\n<p>Sempre mantenha todos os projetos e planos da empresa de forma bastante organizada. Voc\u00ea que \u00e9 gestor, sempre esteja presente o m\u00e1ximo poss\u00edvel em qualquer assunto que diz respeito a sua empresa.<\/p>\n<p>Diante de alguns conhecimentos acerca do setor de <strong>vestu\u00e1rio e empreendedorismo<\/strong> impulsione o seu neg\u00f3cio de uma vez por todas. Procure sempre por informa\u00e7\u00f5es que aumentem o seu conhecimento que ser\u00e1 voltado para a empresa.<\/p>\n","protected":false},"excerpt":{"rendered":"<p>Artigo Jos\u00e9 J\u00fanior Em primeiro lugar, empreendedor \u00e9 uma palavra de origem francesa. Na Fran\u00e7a, por volta do s\u00e9culo XVIII, as pessoas que ousavam estimular o progresso da econ\u00f4mia eram chamadas de empreendedoras. O que n\u00f3s podemos aprender sobre vestu\u00e1rio e empreendedorismo hoje? Acontece que atualmente o setor do vestu\u00e1rio est\u00e1 crescendo cada vez mais. &#8230; <a title=\"Vestu\u00e1rio e empreendedorismo\" class=\"read-more\" href=\"https:\/\/anoticiaonline.com.br\/site\/vestuario-e-empreendedorismo\/\" aria-label=\"Read more about Vestu\u00e1rio e empreendedorismo\">Ler mais<\/a><\/p>\n","protected":false},"author":2,"featured_media":0,"comment_status":"open","ping_status":"open","sticky":false,"template":"","format":"standard","meta":{"_acf_changed":false,"_monsterinsights_skip_tracking":false,"footnotes":""},"categories":[31],"tags":[860,718,74,1485,613],"class_list":["post-44451","post","type-post","status-publish","format-standard","hentry","category-colunistas","tag-empreendedorismo","tag-jose-junior","tag-muriae","tag-negocio","tag-vendas"],"acf":[],"aioseo_notices":[],"aioseo_head":"\n\t\t<!-- All in One SEO 5.0.0.1 - aioseo.com -->\n\t<meta name=\"description\" content=\"Artigo Jos\u00e9 J\u00fanior Em primeiro lugar, empreendedor \u00e9 uma palavra de origem francesa. Na Fran\u00e7a, por volta do s\u00e9culo XVIII, as pessoas que ousavam estimular o progresso da econ\u00f4mia eram chamadas de empreendedoras. O que n\u00f3s podemos aprender sobre vestu\u00e1rio e empreendedorismo hoje? Acontece que atualmente o setor do vestu\u00e1rio est\u00e1 crescendo cada vez mais.\" \/>\n\t<meta name=\"robots\" content=\"max-image-preview:large\" \/>\n\t<meta name=\"author\" content=\"Juliana Laviola\"\/>\n\t<link rel=\"canonical\" href=\"https:\/\/anoticiaonline.com.br\/site\/vestuario-e-empreendedorismo\/\" \/>\n\t<meta name=\"generator\" content=\"All in One SEO (AIOSEO) 5.0.0.1\" \/>\n\t\t<meta property=\"og:locale\" content=\"pt_BR\" \/>\n\t\t<meta property=\"og:site_name\" content=\"A Not\u00edcia Online - Noticias de Muria\u00e9 e regi\u00e3o\" \/>\n\t\t<meta property=\"og:type\" content=\"article\" \/>\n\t\t<meta property=\"og:title\" content=\"Vestu\u00e1rio e empreendedorismo - A Not\u00edcia Online\" \/>\n\t\t<meta property=\"og:description\" content=\"Artigo Jos\u00e9 J\u00fanior Em primeiro lugar, empreendedor \u00e9 uma palavra de origem francesa. Na Fran\u00e7a, por volta do s\u00e9culo XVIII, as pessoas que ousavam estimular o progresso da econ\u00f4mia eram chamadas de empreendedoras. O que n\u00f3s podemos aprender sobre vestu\u00e1rio e empreendedorismo hoje? Acontece que atualmente o setor do vestu\u00e1rio est\u00e1 crescendo cada vez mais.\" \/>\n\t\t<meta property=\"og:url\" content=\"https:\/\/anoticiaonline.com.br\/site\/vestuario-e-empreendedorismo\/\" \/>\n\t\t<meta property=\"og:image\" content=\"https:\/\/scontent-gig4-1.xx.fbcdn.net\/v\/t39.30808-1\/270437624_4564083193639691_6907940295614233970_n.jpg?stp=dst-jpg_s200x200_tt6&#038;_nc_cat=111&#038;ccb=1-7&#038;_nc_sid=f907e8&#038;_nc_ohc=SM1wRlP3lJwQ7kNvwEPuBYA&#038;_nc_oc=AdnqrjDN_BNjSSHWO-GbkIWH6fkGMLw4bqvL_NH6e2wMveX7G-rP2dAqsDSq1mJMOaY&#038;_nc_zt=24&#038;_nc_ht=scontent-gig4-1.xx&#038;_nc_gid=AoBFJeGrT1hVaew_6rchkQ&#038;oh=00_AfX7QmFGhQhG2jAllVgXCiM1ZrWgvtp80-Bfppyexh1QEg&#038;oe=689E923C\" \/>\n\t\t<meta property=\"og:image:secure_url\" content=\"https:\/\/scontent-gig4-1.xx.fbcdn.net\/v\/t39.30808-1\/270437624_4564083193639691_6907940295614233970_n.jpg?stp=dst-jpg_s200x200_tt6&#038;_nc_cat=111&#038;ccb=1-7&#038;_nc_sid=f907e8&#038;_nc_ohc=SM1wRlP3lJwQ7kNvwEPuBYA&#038;_nc_oc=AdnqrjDN_BNjSSHWO-GbkIWH6fkGMLw4bqvL_NH6e2wMveX7G-rP2dAqsDSq1mJMOaY&#038;_nc_zt=24&#038;_nc_ht=scontent-gig4-1.xx&#038;_nc_gid=AoBFJeGrT1hVaew_6rchkQ&#038;oh=00_AfX7QmFGhQhG2jAllVgXCiM1ZrWgvtp80-Bfppyexh1QEg&#038;oe=689E923C\" \/>\n\t\t<meta property=\"article:published_time\" content=\"2017-11-01T23:53:16+00:00\" \/>\n\t\t<meta property=\"article:modified_time\" content=\"2017-11-01T23:53:16+00:00\" \/>\n\t\t<meta name=\"twitter:card\" content=\"summary_large_image\" \/>\n\t\t<meta name=\"twitter:title\" content=\"Vestu\u00e1rio e empreendedorismo - A Not\u00edcia Online\" \/>\n\t\t<meta name=\"twitter:description\" content=\"Artigo Jos\u00e9 J\u00fanior Em primeiro lugar, empreendedor \u00e9 uma palavra de origem francesa. Na Fran\u00e7a, por volta do s\u00e9culo XVIII, as pessoas que ousavam estimular o progresso da econ\u00f4mia eram chamadas de empreendedoras. O que n\u00f3s podemos aprender sobre vestu\u00e1rio e empreendedorismo hoje? Acontece que atualmente o setor do vestu\u00e1rio est\u00e1 crescendo cada vez mais.\" \/>\n\t\t<meta name=\"twitter:image\" content=\"https:\/\/scontent-gig4-1.xx.fbcdn.net\/v\/t39.30808-1\/270437624_4564083193639691_6907940295614233970_n.jpg?stp=dst-jpg_s200x200_tt6&amp;_nc_cat=111&amp;ccb=1-7&amp;_nc_sid=f907e8&amp;_nc_ohc=SM1wRlP3lJwQ7kNvwEPuBYA&amp;_nc_oc=AdnqrjDN_BNjSSHWO-GbkIWH6fkGMLw4bqvL_NH6e2wMveX7G-rP2dAqsDSq1mJMOaY&amp;_nc_zt=24&amp;_nc_ht=scontent-gig4-1.xx&amp;_nc_gid=AoBFJeGrT1hVaew_6rchkQ&amp;oh=00_AfX7QmFGhQhG2jAllVgXCiM1ZrWgvtp80-Bfppyexh1QEg&amp;oe=689E923C\" \/>\n\t\t<script type=\"application\/ld+json\" class=\"aioseo-schema\">\n\t\t\t{\"@context\":\"https:\\\/\\\/schema.org\",\"@graph\":[{\"@type\":\"BlogPosting\",\"@id\":\"https:\\\/\\\/anoticiaonline.com.br\\\/site\\\/vestuario-e-empreendedorismo\\\/#blogposting\",\"name\":\"Vestu\\u00e1rio e empreendedorismo - A Not\\u00edcia Online\",\"headline\":\"Vestu\\u00e1rio e empreendedorismo\",\"author\":{\"@id\":\"https:\\\/\\\/anoticiaonline.com.br\\\/site\\\/author\\\/juliana\\\/#author\"},\"publisher\":{\"@id\":\"https:\\\/\\\/anoticiaonline.com.br\\\/site\\\/#organization\"},\"image\":{\"@type\":\"ImageObject\",\"url\":\"https:\\\/\\\/scontent-gig4-1.xx.fbcdn.net\\\/v\\\/t39.30808-1\\\/270437624_4564083193639691_6907940295614233970_n.jpg?stp=dst-jpg_s200x200_tt6&_nc_cat=111&ccb=1-7&_nc_sid=f907e8&_nc_ohc=SM1wRlP3lJwQ7kNvwEPuBYA&_nc_oc=AdnqrjDN_BNjSSHWO-GbkIWH6fkGMLw4bqvL_NH6e2wMveX7G-rP2dAqsDSq1mJMOaY&_nc_zt=24&_nc_ht=scontent-gig4-1.xx&_nc_gid=AoBFJeGrT1hVaew_6rchkQ&oh=00_AfX7QmFGhQhG2jAllVgXCiM1ZrWgvtp80-Bfppyexh1QEg&oe=689E923C\",\"@id\":\"https:\\\/\\\/anoticiaonline.com.br\\\/site\\\/#articleImage\"},\"datePublished\":\"2017-11-01T20:53:16-03:00\",\"dateModified\":\"2017-11-01T20:53:16-03:00\",\"inLanguage\":\"pt-BR\",\"mainEntityOfPage\":{\"@id\":\"https:\\\/\\\/anoticiaonline.com.br\\\/site\\\/vestuario-e-empreendedorismo\\\/#webpage\"},\"isPartOf\":{\"@id\":\"https:\\\/\\\/anoticiaonline.com.br\\\/site\\\/vestuario-e-empreendedorismo\\\/#webpage\"},\"articleSection\":\"Colunistas, empreendedorismo, Jos\\u00e9 J\\u00fanior, Muria\\u00e9, neg\\u00f3cio, vendas\"},{\"@type\":\"BreadcrumbList\",\"@id\":\"https:\\\/\\\/anoticiaonline.com.br\\\/site\\\/vestuario-e-empreendedorismo\\\/#breadcrumblist\",\"itemListElement\":[{\"@type\":\"ListItem\",\"@id\":\"https:\\\/\\\/anoticiaonline.com.br\\\/site#listItem\",\"position\":1,\"name\":\"Home\",\"item\":\"https:\\\/\\\/anoticiaonline.com.br\\\/site\",\"nextItem\":{\"@type\":\"ListItem\",\"@id\":\"https:\\\/\\\/anoticiaonline.com.br\\\/site\\\/categoria\\\/colunistas\\\/#listItem\",\"name\":\"Colunistas\"}},{\"@type\":\"ListItem\",\"@id\":\"https:\\\/\\\/anoticiaonline.com.br\\\/site\\\/categoria\\\/colunistas\\\/#listItem\",\"position\":2,\"name\":\"Colunistas\",\"item\":\"https:\\\/\\\/anoticiaonline.com.br\\\/site\\\/categoria\\\/colunistas\\\/\",\"nextItem\":{\"@type\":\"ListItem\",\"@id\":\"https:\\\/\\\/anoticiaonline.com.br\\\/site\\\/vestuario-e-empreendedorismo\\\/#listItem\",\"name\":\"Vestu\\u00e1rio e empreendedorismo\"},\"previousItem\":{\"@type\":\"ListItem\",\"@id\":\"https:\\\/\\\/anoticiaonline.com.br\\\/site#listItem\",\"name\":\"Home\"}},{\"@type\":\"ListItem\",\"@id\":\"https:\\\/\\\/anoticiaonline.com.br\\\/site\\\/vestuario-e-empreendedorismo\\\/#listItem\",\"position\":3,\"name\":\"Vestu\\u00e1rio e empreendedorismo\",\"previousItem\":{\"@type\":\"ListItem\",\"@id\":\"https:\\\/\\\/anoticiaonline.com.br\\\/site\\\/categoria\\\/colunistas\\\/#listItem\",\"name\":\"Colunistas\"}}]},{\"@type\":\"Organization\",\"@id\":\"https:\\\/\\\/anoticiaonline.com.br\\\/site\\\/#organization\",\"name\":\"A Not\\u00edcia Online\",\"description\":\"Noticias de Muria\\u00e9 e regi\\u00e3o\",\"url\":\"https:\\\/\\\/anoticiaonline.com.br\\\/site\\\/\",\"logo\":{\"@type\":\"ImageObject\",\"url\":\"https:\\\/\\\/scontent-gig4-1.xx.fbcdn.net\\\/v\\\/t39.30808-1\\\/270437624_4564083193639691_6907940295614233970_n.jpg?stp=dst-jpg_s200x200_tt6&_nc_cat=111&ccb=1-7&_nc_sid=f907e8&_nc_ohc=SM1wRlP3lJwQ7kNvwEPuBYA&_nc_oc=AdnqrjDN_BNjSSHWO-GbkIWH6fkGMLw4bqvL_NH6e2wMveX7G-rP2dAqsDSq1mJMOaY&_nc_zt=24&_nc_ht=scontent-gig4-1.xx&_nc_gid=AoBFJeGrT1hVaew_6rchkQ&oh=00_AfX7QmFGhQhG2jAllVgXCiM1ZrWgvtp80-Bfppyexh1QEg&oe=689E923C\",\"@id\":\"https:\\\/\\\/anoticiaonline.com.br\\\/site\\\/vestuario-e-empreendedorismo\\\/#organizationLogo\"},\"image\":{\"@id\":\"https:\\\/\\\/anoticiaonline.com.br\\\/site\\\/vestuario-e-empreendedorismo\\\/#organizationLogo\"}},{\"@type\":\"Person\",\"@id\":\"https:\\\/\\\/anoticiaonline.com.br\\\/site\\\/author\\\/juliana\\\/#author\",\"url\":\"https:\\\/\\\/anoticiaonline.com.br\\\/site\\\/author\\\/juliana\\\/\",\"name\":\"Juliana Laviola\",\"image\":{\"@type\":\"ImageObject\",\"@id\":\"https:\\\/\\\/anoticiaonline.com.br\\\/site\\\/vestuario-e-empreendedorismo\\\/#authorImage\",\"url\":\"https:\\\/\\\/secure.gravatar.com\\\/avatar\\\/b8d45f5c699b100dfaf0e543582f38f38bf94cb7ae3a5e9abf8d891a34773335?s=96&d=mm&r=g\",\"width\":96,\"height\":96,\"caption\":\"Juliana Laviola\"}},{\"@type\":\"WebPage\",\"@id\":\"https:\\\/\\\/anoticiaonline.com.br\\\/site\\\/vestuario-e-empreendedorismo\\\/#webpage\",\"url\":\"https:\\\/\\\/anoticiaonline.com.br\\\/site\\\/vestuario-e-empreendedorismo\\\/\",\"name\":\"Vestu\\u00e1rio e empreendedorismo - A Not\\u00edcia Online\",\"description\":\"Artigo Jos\\u00e9 J\\u00fanior Em primeiro lugar, empreendedor \\u00e9 uma palavra de origem francesa. Na Fran\\u00e7a, por volta do s\\u00e9culo XVIII, as pessoas que ousavam estimular o progresso da econ\\u00f4mia eram chamadas de empreendedoras. O que n\\u00f3s podemos aprender sobre vestu\\u00e1rio e empreendedorismo hoje? Acontece que atualmente o setor do vestu\\u00e1rio est\\u00e1 crescendo cada vez mais.\",\"inLanguage\":\"pt-BR\",\"isPartOf\":{\"@id\":\"https:\\\/\\\/anoticiaonline.com.br\\\/site\\\/#website\"},\"breadcrumb\":{\"@id\":\"https:\\\/\\\/anoticiaonline.com.br\\\/site\\\/vestuario-e-empreendedorismo\\\/#breadcrumblist\"},\"author\":{\"@id\":\"https:\\\/\\\/anoticiaonline.com.br\\\/site\\\/author\\\/juliana\\\/#author\"},\"creator\":{\"@id\":\"https:\\\/\\\/anoticiaonline.com.br\\\/site\\\/author\\\/juliana\\\/#author\"},\"datePublished\":\"2017-11-01T20:53:16-03:00\",\"dateModified\":\"2017-11-01T20:53:16-03:00\"},{\"@type\":\"WebSite\",\"@id\":\"https:\\\/\\\/anoticiaonline.com.br\\\/site\\\/#website\",\"url\":\"https:\\\/\\\/anoticiaonline.com.br\\\/site\\\/\",\"name\":\"A Not\\u00edcia Online\",\"description\":\"Noticias de Muria\\u00e9 e regi\\u00e3o\",\"inLanguage\":\"pt-BR\",\"publisher\":{\"@id\":\"https:\\\/\\\/anoticiaonline.com.br\\\/site\\\/#organization\"}}]}\n\t\t<\/script>\n\t\t<!-- All in One SEO -->\n\n","aioseo_head_json":{"title":"Vestu\u00e1rio e empreendedorismo - A Not\u00edcia Online","description":"Artigo Jos\u00e9 J\u00fanior Em primeiro lugar, empreendedor \u00e9 uma palavra de origem francesa. Na Fran\u00e7a, por volta do s\u00e9culo XVIII, as pessoas que ousavam estimular o progresso da econ\u00f4mia eram chamadas de empreendedoras. O que n\u00f3s podemos aprender sobre vestu\u00e1rio e empreendedorismo hoje? Acontece que atualmente o setor do vestu\u00e1rio est\u00e1 crescendo cada vez mais.","canonical_url":"https:\/\/anoticiaonline.com.br\/site\/vestuario-e-empreendedorismo\/","robots":"max-image-preview:large","keywords":"","webmasterTools":{"miscellaneous":""},"schema":{"@context":"https:\/\/schema.org","@graph":[{"@type":"BlogPosting","@id":"https:\/\/anoticiaonline.com.br\/site\/vestuario-e-empreendedorismo\/#blogposting","name":"Vestu\u00e1rio e empreendedorismo - A Not\u00edcia Online","headline":"Vestu\u00e1rio e empreendedorismo","author":{"@id":"https:\/\/anoticiaonline.com.br\/site\/author\/juliana\/#author"},"publisher":{"@id":"https:\/\/anoticiaonline.com.br\/site\/#organization"},"image":{"@type":"ImageObject","url":"https:\/\/scontent-gig4-1.xx.fbcdn.net\/v\/t39.30808-1\/270437624_4564083193639691_6907940295614233970_n.jpg?stp=dst-jpg_s200x200_tt6&_nc_cat=111&ccb=1-7&_nc_sid=f907e8&_nc_ohc=SM1wRlP3lJwQ7kNvwEPuBYA&_nc_oc=AdnqrjDN_BNjSSHWO-GbkIWH6fkGMLw4bqvL_NH6e2wMveX7G-rP2dAqsDSq1mJMOaY&_nc_zt=24&_nc_ht=scontent-gig4-1.xx&_nc_gid=AoBFJeGrT1hVaew_6rchkQ&oh=00_AfX7QmFGhQhG2jAllVgXCiM1ZrWgvtp80-Bfppyexh1QEg&oe=689E923C","@id":"https:\/\/anoticiaonline.com.br\/site\/#articleImage"},"datePublished":"2017-11-01T20:53:16-03:00","dateModified":"2017-11-01T20:53:16-03:00","inLanguage":"pt-BR","mainEntityOfPage":{"@id":"https:\/\/anoticiaonline.com.br\/site\/vestuario-e-empreendedorismo\/#webpage"},"isPartOf":{"@id":"https:\/\/anoticiaonline.com.br\/site\/vestuario-e-empreendedorismo\/#webpage"},"articleSection":"Colunistas, empreendedorismo, Jos\u00e9 J\u00fanior, Muria\u00e9, neg\u00f3cio, vendas"},{"@type":"BreadcrumbList","@id":"https:\/\/anoticiaonline.com.br\/site\/vestuario-e-empreendedorismo\/#breadcrumblist","itemListElement":[{"@type":"ListItem","@id":"https:\/\/anoticiaonline.com.br\/site#listItem","position":1,"name":"Home","item":"https:\/\/anoticiaonline.com.br\/site","nextItem":{"@type":"ListItem","@id":"https:\/\/anoticiaonline.com.br\/site\/categoria\/colunistas\/#listItem","name":"Colunistas"}},{"@type":"ListItem","@id":"https:\/\/anoticiaonline.com.br\/site\/categoria\/colunistas\/#listItem","position":2,"name":"Colunistas","item":"https:\/\/anoticiaonline.com.br\/site\/categoria\/colunistas\/","nextItem":{"@type":"ListItem","@id":"https:\/\/anoticiaonline.com.br\/site\/vestuario-e-empreendedorismo\/#listItem","name":"Vestu\u00e1rio e empreendedorismo"},"previousItem":{"@type":"ListItem","@id":"https:\/\/anoticiaonline.com.br\/site#listItem","name":"Home"}},{"@type":"ListItem","@id":"https:\/\/anoticiaonline.com.br\/site\/vestuario-e-empreendedorismo\/#listItem","position":3,"name":"Vestu\u00e1rio e empreendedorismo","previousItem":{"@type":"ListItem","@id":"https:\/\/anoticiaonline.com.br\/site\/categoria\/colunistas\/#listItem","name":"Colunistas"}}]},{"@type":"Organization","@id":"https:\/\/anoticiaonline.com.br\/site\/#organization","name":"A Not\u00edcia Online","description":"Noticias de Muria\u00e9 e regi\u00e3o","url":"https:\/\/anoticiaonline.com.br\/site\/","logo":{"@type":"ImageObject","url":"https:\/\/scontent-gig4-1.xx.fbcdn.net\/v\/t39.30808-1\/270437624_4564083193639691_6907940295614233970_n.jpg?stp=dst-jpg_s200x200_tt6&_nc_cat=111&ccb=1-7&_nc_sid=f907e8&_nc_ohc=SM1wRlP3lJwQ7kNvwEPuBYA&_nc_oc=AdnqrjDN_BNjSSHWO-GbkIWH6fkGMLw4bqvL_NH6e2wMveX7G-rP2dAqsDSq1mJMOaY&_nc_zt=24&_nc_ht=scontent-gig4-1.xx&_nc_gid=AoBFJeGrT1hVaew_6rchkQ&oh=00_AfX7QmFGhQhG2jAllVgXCiM1ZrWgvtp80-Bfppyexh1QEg&oe=689E923C","@id":"https:\/\/anoticiaonline.com.br\/site\/vestuario-e-empreendedorismo\/#organizationLogo"},"image":{"@id":"https:\/\/anoticiaonline.com.br\/site\/vestuario-e-empreendedorismo\/#organizationLogo"}},{"@type":"Person","@id":"https:\/\/anoticiaonline.com.br\/site\/author\/juliana\/#author","url":"https:\/\/anoticiaonline.com.br\/site\/author\/juliana\/","name":"Juliana Laviola","image":{"@type":"ImageObject","@id":"https:\/\/anoticiaonline.com.br\/site\/vestuario-e-empreendedorismo\/#authorImage","url":"https:\/\/secure.gravatar.com\/avatar\/b8d45f5c699b100dfaf0e543582f38f38bf94cb7ae3a5e9abf8d891a34773335?s=96&d=mm&r=g","width":96,"height":96,"caption":"Juliana Laviola"}},{"@type":"WebPage","@id":"https:\/\/anoticiaonline.com.br\/site\/vestuario-e-empreendedorismo\/#webpage","url":"https:\/\/anoticiaonline.com.br\/site\/vestuario-e-empreendedorismo\/","name":"Vestu\u00e1rio e empreendedorismo - A Not\u00edcia Online","description":"Artigo Jos\u00e9 J\u00fanior Em primeiro lugar, empreendedor \u00e9 uma palavra de origem francesa. Na Fran\u00e7a, por volta do s\u00e9culo XVIII, as pessoas que ousavam estimular o progresso da econ\u00f4mia eram chamadas de empreendedoras. O que n\u00f3s podemos aprender sobre vestu\u00e1rio e empreendedorismo hoje? Acontece que atualmente o setor do vestu\u00e1rio est\u00e1 crescendo cada vez mais.","inLanguage":"pt-BR","isPartOf":{"@id":"https:\/\/anoticiaonline.com.br\/site\/#website"},"breadcrumb":{"@id":"https:\/\/anoticiaonline.com.br\/site\/vestuario-e-empreendedorismo\/#breadcrumblist"},"author":{"@id":"https:\/\/anoticiaonline.com.br\/site\/author\/juliana\/#author"},"creator":{"@id":"https:\/\/anoticiaonline.com.br\/site\/author\/juliana\/#author"},"datePublished":"2017-11-01T20:53:16-03:00","dateModified":"2017-11-01T20:53:16-03:00"},{"@type":"WebSite","@id":"https:\/\/anoticiaonline.com.br\/site\/#website","url":"https:\/\/anoticiaonline.com.br\/site\/","name":"A Not\u00edcia Online","description":"Noticias de Muria\u00e9 e regi\u00e3o","inLanguage":"pt-BR","publisher":{"@id":"https:\/\/anoticiaonline.com.br\/site\/#organization"}}]},"og:locale":"pt_BR","og:site_name":"A Not\u00edcia Online - Noticias de Muria\u00e9 e regi\u00e3o","og:type":"article","og:title":"Vestu\u00e1rio e empreendedorismo - A Not\u00edcia Online","og:description":"Artigo Jos\u00e9 J\u00fanior Em primeiro lugar, empreendedor \u00e9 uma palavra de origem francesa. Na Fran\u00e7a, por volta do s\u00e9culo XVIII, as pessoas que ousavam estimular o progresso da econ\u00f4mia eram chamadas de empreendedoras. O que n\u00f3s podemos aprender sobre vestu\u00e1rio e empreendedorismo hoje? Acontece que atualmente o setor do vestu\u00e1rio est\u00e1 crescendo cada vez mais.","og:url":"https:\/\/anoticiaonline.com.br\/site\/vestuario-e-empreendedorismo\/","og:image":"https:\/\/scontent-gig4-1.xx.fbcdn.net\/v\/t39.30808-1\/270437624_4564083193639691_6907940295614233970_n.jpg?stp=dst-jpg_s200x200_tt6&#038;_nc_cat=111&#038;ccb=1-7&#038;_nc_sid=f907e8&#038;_nc_ohc=SM1wRlP3lJwQ7kNvwEPuBYA&#038;_nc_oc=AdnqrjDN_BNjSSHWO-GbkIWH6fkGMLw4bqvL_NH6e2wMveX7G-rP2dAqsDSq1mJMOaY&#038;_nc_zt=24&#038;_nc_ht=scontent-gig4-1.xx&#038;_nc_gid=AoBFJeGrT1hVaew_6rchkQ&#038;oh=00_AfX7QmFGhQhG2jAllVgXCiM1ZrWgvtp80-Bfppyexh1QEg&#038;oe=689E923C","og:image:secure_url":"https:\/\/scontent-gig4-1.xx.fbcdn.net\/v\/t39.30808-1\/270437624_4564083193639691_6907940295614233970_n.jpg?stp=dst-jpg_s200x200_tt6&#038;_nc_cat=111&#038;ccb=1-7&#038;_nc_sid=f907e8&#038;_nc_ohc=SM1wRlP3lJwQ7kNvwEPuBYA&#038;_nc_oc=AdnqrjDN_BNjSSHWO-GbkIWH6fkGMLw4bqvL_NH6e2wMveX7G-rP2dAqsDSq1mJMOaY&#038;_nc_zt=24&#038;_nc_ht=scontent-gig4-1.xx&#038;_nc_gid=AoBFJeGrT1hVaew_6rchkQ&#038;oh=00_AfX7QmFGhQhG2jAllVgXCiM1ZrWgvtp80-Bfppyexh1QEg&#038;oe=689E923C","article:published_time":"2017-11-01T23:53:16+00:00","article:modified_time":"2017-11-01T23:53:16+00:00","twitter:card":"summary_large_image","twitter:title":"Vestu\u00e1rio e empreendedorismo - A Not\u00edcia Online","twitter:description":"Artigo Jos\u00e9 J\u00fanior Em primeiro lugar, empreendedor \u00e9 uma palavra de origem francesa. Na Fran\u00e7a, por volta do s\u00e9culo XVIII, as pessoas que ousavam estimular o progresso da econ\u00f4mia eram chamadas de empreendedoras. O que n\u00f3s podemos aprender sobre vestu\u00e1rio e empreendedorismo hoje? Acontece que atualmente o setor do vestu\u00e1rio est\u00e1 crescendo cada vez mais.","twitter:image":"https:\/\/scontent-gig4-1.xx.fbcdn.net\/v\/t39.30808-1\/270437624_4564083193639691_6907940295614233970_n.jpg?stp=dst-jpg_s200x200_tt6&_nc_cat=111&ccb=1-7&_nc_sid=f907e8&_nc_ohc=SM1wRlP3lJwQ7kNvwEPuBYA&_nc_oc=AdnqrjDN_BNjSSHWO-GbkIWH6fkGMLw4bqvL_NH6e2wMveX7G-rP2dAqsDSq1mJMOaY&_nc_zt=24&_nc_ht=scontent-gig4-1.xx&_nc_gid=AoBFJeGrT1hVaew_6rchkQ&oh=00_AfX7QmFGhQhG2jAllVgXCiM1ZrWgvtp80-Bfppyexh1QEg&oe=689E923C"},"aioseo_meta_data":{"post_id":"44451","title":null,"description":null,"keywords":null,"keyphrases":null,"primary_term":null,"canonical_url":null,"og_title":null,"og_description":null,"og_object_type":"default","og_image_type":"default","og_image_url":null,"og_image_width":null,"og_image_height":null,"og_image_custom_url":null,"og_image_custom_fields":null,"og_video":null,"og_custom_url":null,"og_article_section":null,"og_article_tags":null,"twitter_use_og":false,"twitter_card":"default","twitter_image_type":"default","twitter_image_url":null,"twitter_image_custom_url":null,"twitter_image_custom_fields":null,"twitter_title":null,"twitter_description":null,"schema":{"blockGraphs":[],"customGraphs":[],"default":{"data":{"Article":[],"Course":[],"Dataset":[],"FAQPage":[],"Movie":[],"Person":[],"Product":[],"ProductReview":[],"Car":[],"Recipe":[],"Service":[],"SoftwareApplication":[],"WebPage":[]},"graphName":"","isEnabled":true},"graphs":[]},"schema_type":"default","schema_type_options":null,"pillar_content":false,"robots_default":true,"robots_noindex":false,"robots_noarchive":false,"robots_nosnippet":false,"robots_nofollow":false,"robots_noimageindex":false,"robots_noodp":false,"robots_notranslate":false,"robots_max_snippet":null,"robots_max_videopreview":null,"robots_max_imagepreview":"large","priority":null,"frequency":null,"local_seo":null,"breadcrumb_settings":null,"limit_modified_date":false,"ai":null,"created":"2025-08-16 19:44:42","updated":"2025-08-16 19:44:42","focus_keyword":null,"additional_keywords":null,"truseo_locale":null,"seo_analyzer_scan_date":null},"aioseo_breadcrumb":"<div class=\"aioseo-breadcrumbs\"><span class=\"aioseo-breadcrumb\">\n\t\t\t<a href=\"https:\/\/anoticiaonline.com.br\/site\" title=\"Home\">Home<\/a>\n\t\t<\/span><span class=\"aioseo-breadcrumb-separator\">&raquo;<\/span><span class=\"aioseo-breadcrumb\">\n\t\t\t<a href=\"https:\/\/anoticiaonline.com.br\/site\/categoria\/colunistas\/\" title=\"Colunistas\">Colunistas<\/a>\n\t\t<\/span><span class=\"aioseo-breadcrumb-separator\">&raquo;<\/span><span class=\"aioseo-breadcrumb\">\n\t\t\tVestu\u00e1rio e empreendedorismo\n\t\t<\/span><\/div>","aioseo_breadcrumb_json":[{"label":"Home","link":"https:\/\/anoticiaonline.com.br\/site"},{"label":"Colunistas","link":"https:\/\/anoticiaonline.com.br\/site\/categoria\/colunistas\/"},{"label":"Vestu\u00e1rio e empreendedorismo","link":"https:\/\/anoticiaonline.com.br\/site\/vestuario-e-empreendedorismo\/"}],"views":148,"_links":{"self":[{"href":"https:\/\/anoticiaonline.com.br\/site\/wp-json\/wp\/v2\/posts\/44451","targetHints":{"allow":["GET"]}}],"collection":[{"href":"https:\/\/anoticiaonline.com.br\/site\/wp-json\/wp\/v2\/posts"}],"about":[{"href":"https:\/\/anoticiaonline.com.br\/site\/wp-json\/wp\/v2\/types\/post"}],"author":[{"embeddable":true,"href":"https:\/\/anoticiaonline.com.br\/site\/wp-json\/wp\/v2\/users\/2"}],"replies":[{"embeddable":true,"href":"https:\/\/anoticiaonline.com.br\/site\/wp-json\/wp\/v2\/comments?post=44451"}],"version-history":[{"count":0,"href":"https:\/\/anoticiaonline.com.br\/site\/wp-json\/wp\/v2\/posts\/44451\/revisions"}],"wp:attachment":[{"href":"https:\/\/anoticiaonline.com.br\/site\/wp-json\/wp\/v2\/media?parent=44451"}],"wp:term":[{"taxonomy":"category","embeddable":true,"href":"https:\/\/anoticiaonline.com.br\/site\/wp-json\/wp\/v2\/categories?post=44451"},{"taxonomy":"post_tag","embeddable":true,"href":"https:\/\/anoticiaonline.com.br\/site\/wp-json\/wp\/v2\/tags?post=44451"}],"curies":[{"name":"wp","href":"https:\/\/api.w.org\/{rel}","templated":true}]}}