{"id":44365,"date":"2017-11-01T20:22:53","date_gmt":"2017-11-01T23:22:53","guid":{"rendered":"http:\/\/anoticiaonline.com.br\/site\/?p=44365"},"modified":"2017-11-01T20:56:53","modified_gmt":"2017-11-01T23:56:53","slug":"ubs-planalto-sera-inaugurada-no-proximo-dia-10","status":"publish","type":"post","link":"https:\/\/anoticiaonline.com.br\/site\/ubs-planalto-sera-inaugurada-no-proximo-dia-10\/","title":{"rendered":"UBS Planalto ser\u00e1 inaugurada no pr\u00f3ximo dia 10"},"content":{"rendered":"<figure id=\"attachment_44372\" aria-describedby=\"caption-attachment-44372\" style=\"width: 630px\" class=\"wp-caption alignnone\"><a href=\"https:\/\/anoticiaonline.com.br\/site\/wp-content\/uploads\/2017\/11\/UBS-Planalto-ser\u00e1-inaugurada-no-pr\u00f3ximo-dia-10.jpg\"><img fetchpriority=\"high\" decoding=\"async\" class=\"size-full wp-image-44372\" src=\"https:\/\/anoticiaonline.com.br\/site\/wp-content\/uploads\/2017\/11\/UBS-Planalto-ser\u00e1-inaugurada-no-pr\u00f3ximo-dia-10.jpg\" alt=\"\" width=\"640\" height=\"427\" srcset=\"https:\/\/anoticiaonline.com.br\/site\/wp-content\/uploads\/2017\/11\/UBS-Planalto-ser\u00e1-inaugurada-no-pr\u00f3ximo-dia-10.jpg 640w, https:\/\/anoticiaonline.com.br\/site\/wp-content\/uploads\/2017\/11\/UBS-Planalto-ser\u00e1-inaugurada-no-pr\u00f3ximo-dia-10-300x200.jpg 300w\" sizes=\"(max-width: 640px) 100vw, 640px\" \/><\/a><figcaption id=\"caption-attachment-44372\" class=\"wp-caption-text\">Foto: ASCOM PMM<\/figcaption><\/figure>\n<p>A Unidade B\u00e1sica de Sa\u00fade do Planalto ser\u00e1 inaugurada na sexta-feira (10), \u00e0s 17h30. Sua localiza\u00e7\u00e3o permitir\u00e1 o acesso pela Rua Projetada e pela Rua Leon Dalla Paula (Planalto). A estrutura ampliar\u00e1 o n\u00famero de atendimentos \u00e0s fam\u00edlias, contando com \u00e1rea para contorno de ambul\u00e2ncias e estacionamento para pacientes.<\/p>\n<p>A UBS Planalto foi constru\u00edda, inicialmente, em meio a um loteamento sem sa\u00eddas. Este ano, ela recebeu uma via de acesso, com entrada pela Rua Projetada do Planalto. Para ter acesso pela via de baixo, a entrada \u00e9 pela Rua Leon Dalla Paula, que servir\u00e1 para reduzir dist\u00e2ncias para os moradores dos bairros Augusto de Abreu e Safira.<\/p>\n<p>A UBS do Planalto ser\u00e1 estruturada com Programa de Sa\u00fade da Fam\u00edlia, contando com m\u00e9dico, enfermeira, auxiliares de enfermagem e agentes comunit\u00e1rios e N\u00facleo de Apoio a Sa\u00fade da Fam\u00edlia (NASF), formado por profissionais de psicologia, assist\u00eancia social, nutricionista, fisioterapia e preparador f\u00edsico. Tamb\u00e9m ter\u00e1 espa\u00e7o para a sa\u00fade bucal.<\/p>\n","protected":false},"excerpt":{"rendered":"<p>A Unidade B\u00e1sica de Sa\u00fade do Planalto ser\u00e1 inaugurada na sexta-feira (10), \u00e0s 17h30. Sua localiza\u00e7\u00e3o permitir\u00e1 o acesso pela Rua Projetada e pela Rua Leon Dalla Paula (Planalto). A estrutura ampliar\u00e1 o n\u00famero de atendimentos \u00e0s fam\u00edlias, contando com \u00e1rea para contorno de ambul\u00e2ncias e estacionamento para pacientes. A UBS Planalto foi constru\u00edda, inicialmente, &#8230; <a title=\"UBS Planalto ser\u00e1 inaugurada no pr\u00f3ximo dia 10\" class=\"read-more\" href=\"https:\/\/anoticiaonline.com.br\/site\/ubs-planalto-sera-inaugurada-no-proximo-dia-10\/\" aria-label=\"Read more about UBS Planalto ser\u00e1 inaugurada no pr\u00f3ximo dia 10\">Ler mais<\/a><\/p>\n","protected":false},"author":2,"featured_media":44372,"comment_status":"open","ping_status":"open","sticky":false,"template":"","format":"standard","meta":{"_acf_changed":false,"_monsterinsights_skip_tracking":false,"footnotes":""},"categories":[30],"tags":[20,74,1490,51,376],"class_list":["post-44365","post","type-post","status-publish","format-standard","has-post-thumbnail","hentry","category-muriae","tag-inauguracao","tag-muriae","tag-novembro","tag-saude","tag-ubs"],"acf":[],"aioseo_notices":[],"aioseo_head":"\n\t\t<!-- All in One SEO 5.0.0.1 - aioseo.com -->\n\t<meta name=\"description\" content=\"A Unidade B\u00e1sica de Sa\u00fade do Planalto ser\u00e1 inaugurada na sexta-feira (10), \u00e0s 17h30. Sua localiza\u00e7\u00e3o permitir\u00e1 o acesso pela Rua Projetada e pela Rua Leon Dalla Paula (Planalto). A estrutura ampliar\u00e1 o n\u00famero de atendimentos \u00e0s fam\u00edlias, contando com \u00e1rea para contorno de ambul\u00e2ncias e estacionamento para pacientes. A UBS Planalto foi constru\u00edda, inicialmente,\" \/>\n\t<meta name=\"robots\" content=\"max-image-preview:large\" \/>\n\t<meta name=\"author\" content=\"Juliana Laviola\"\/>\n\t<link rel=\"canonical\" href=\"https:\/\/anoticiaonline.com.br\/site\/ubs-planalto-sera-inaugurada-no-proximo-dia-10\/\" \/>\n\t<meta name=\"generator\" content=\"All in One SEO (AIOSEO) 5.0.0.1\" \/>\n\t\t<meta property=\"og:locale\" content=\"pt_BR\" \/>\n\t\t<meta property=\"og:site_name\" content=\"A Not\u00edcia Online - Noticias de Muria\u00e9 e regi\u00e3o\" \/>\n\t\t<meta property=\"og:type\" content=\"article\" \/>\n\t\t<meta property=\"og:title\" content=\"UBS Planalto ser\u00e1 inaugurada no pr\u00f3ximo dia 10 - A Not\u00edcia Online\" \/>\n\t\t<meta property=\"og:description\" content=\"A Unidade B\u00e1sica de Sa\u00fade do Planalto ser\u00e1 inaugurada na sexta-feira (10), \u00e0s 17h30. Sua localiza\u00e7\u00e3o permitir\u00e1 o acesso pela Rua Projetada e pela Rua Leon Dalla Paula (Planalto). A estrutura ampliar\u00e1 o n\u00famero de atendimentos \u00e0s fam\u00edlias, contando com \u00e1rea para contorno de ambul\u00e2ncias e estacionamento para pacientes. A UBS Planalto foi constru\u00edda, inicialmente,\" \/>\n\t\t<meta property=\"og:url\" content=\"https:\/\/anoticiaonline.com.br\/site\/ubs-planalto-sera-inaugurada-no-proximo-dia-10\/\" \/>\n\t\t<meta property=\"og:image\" content=\"https:\/\/scontent-gig4-1.xx.fbcdn.net\/v\/t39.30808-1\/270437624_4564083193639691_6907940295614233970_n.jpg?stp=dst-jpg_s200x200_tt6&#038;_nc_cat=111&#038;ccb=1-7&#038;_nc_sid=f907e8&#038;_nc_ohc=SM1wRlP3lJwQ7kNvwEPuBYA&#038;_nc_oc=AdnqrjDN_BNjSSHWO-GbkIWH6fkGMLw4bqvL_NH6e2wMveX7G-rP2dAqsDSq1mJMOaY&#038;_nc_zt=24&#038;_nc_ht=scontent-gig4-1.xx&#038;_nc_gid=AoBFJeGrT1hVaew_6rchkQ&#038;oh=00_AfX7QmFGhQhG2jAllVgXCiM1ZrWgvtp80-Bfppyexh1QEg&#038;oe=689E923C\" \/>\n\t\t<meta property=\"og:image:secure_url\" content=\"https:\/\/scontent-gig4-1.xx.fbcdn.net\/v\/t39.30808-1\/270437624_4564083193639691_6907940295614233970_n.jpg?stp=dst-jpg_s200x200_tt6&#038;_nc_cat=111&#038;ccb=1-7&#038;_nc_sid=f907e8&#038;_nc_ohc=SM1wRlP3lJwQ7kNvwEPuBYA&#038;_nc_oc=AdnqrjDN_BNjSSHWO-GbkIWH6fkGMLw4bqvL_NH6e2wMveX7G-rP2dAqsDSq1mJMOaY&#038;_nc_zt=24&#038;_nc_ht=scontent-gig4-1.xx&#038;_nc_gid=AoBFJeGrT1hVaew_6rchkQ&#038;oh=00_AfX7QmFGhQhG2jAllVgXCiM1ZrWgvtp80-Bfppyexh1QEg&#038;oe=689E923C\" \/>\n\t\t<meta property=\"article:published_time\" content=\"2017-11-01T23:22:53+00:00\" \/>\n\t\t<meta property=\"article:modified_time\" content=\"2017-11-01T23:56:53+00:00\" \/>\n\t\t<meta name=\"twitter:card\" content=\"summary_large_image\" \/>\n\t\t<meta name=\"twitter:title\" content=\"UBS Planalto ser\u00e1 inaugurada no pr\u00f3ximo dia 10 - A Not\u00edcia Online\" \/>\n\t\t<meta name=\"twitter:description\" content=\"A Unidade B\u00e1sica de Sa\u00fade do Planalto ser\u00e1 inaugurada na sexta-feira (10), \u00e0s 17h30. Sua localiza\u00e7\u00e3o permitir\u00e1 o acesso pela Rua Projetada e pela Rua Leon Dalla Paula (Planalto). A estrutura ampliar\u00e1 o n\u00famero de atendimentos \u00e0s fam\u00edlias, contando com \u00e1rea para contorno de ambul\u00e2ncias e estacionamento para pacientes. A UBS Planalto foi constru\u00edda, inicialmente,\" \/>\n\t\t<meta name=\"twitter:image\" content=\"https:\/\/scontent-gig4-1.xx.fbcdn.net\/v\/t39.30808-1\/270437624_4564083193639691_6907940295614233970_n.jpg?stp=dst-jpg_s200x200_tt6&amp;_nc_cat=111&amp;ccb=1-7&amp;_nc_sid=f907e8&amp;_nc_ohc=SM1wRlP3lJwQ7kNvwEPuBYA&amp;_nc_oc=AdnqrjDN_BNjSSHWO-GbkIWH6fkGMLw4bqvL_NH6e2wMveX7G-rP2dAqsDSq1mJMOaY&amp;_nc_zt=24&amp;_nc_ht=scontent-gig4-1.xx&amp;_nc_gid=AoBFJeGrT1hVaew_6rchkQ&amp;oh=00_AfX7QmFGhQhG2jAllVgXCiM1ZrWgvtp80-Bfppyexh1QEg&amp;oe=689E923C\" \/>\n\t\t<script type=\"application\/ld+json\" class=\"aioseo-schema\">\n\t\t\t{\"@context\":\"https:\\\/\\\/schema.org\",\"@graph\":[{\"@type\":\"BlogPosting\",\"@id\":\"https:\\\/\\\/anoticiaonline.com.br\\\/site\\\/ubs-planalto-sera-inaugurada-no-proximo-dia-10\\\/#blogposting\",\"name\":\"UBS Planalto ser\\u00e1 inaugurada no pr\\u00f3ximo dia 10 - A Not\\u00edcia Online\",\"headline\":\"UBS Planalto ser\\u00e1 inaugurada no pr\\u00f3ximo dia 10\",\"author\":{\"@id\":\"https:\\\/\\\/anoticiaonline.com.br\\\/site\\\/author\\\/juliana\\\/#author\"},\"publisher\":{\"@id\":\"https:\\\/\\\/anoticiaonline.com.br\\\/site\\\/#organization\"},\"image\":{\"@type\":\"ImageObject\",\"url\":\"https:\\\/\\\/anoticiaonline.com.br\\\/site\\\/wp-content\\\/uploads\\\/2017\\\/11\\\/UBS-Planalto-ser\\u00e1-inaugurada-no-pr\\u00f3ximo-dia-10.jpg\",\"width\":640,\"height\":427,\"caption\":\"Foto: ASCOM PMM\"},\"datePublished\":\"2017-11-01T20:22:53-03:00\",\"dateModified\":\"2017-11-01T20:56:53-03:00\",\"inLanguage\":\"pt-BR\",\"mainEntityOfPage\":{\"@id\":\"https:\\\/\\\/anoticiaonline.com.br\\\/site\\\/ubs-planalto-sera-inaugurada-no-proximo-dia-10\\\/#webpage\"},\"isPartOf\":{\"@id\":\"https:\\\/\\\/anoticiaonline.com.br\\\/site\\\/ubs-planalto-sera-inaugurada-no-proximo-dia-10\\\/#webpage\"},\"articleSection\":\"Blog, inauguracao, Muria\\u00e9, novembro, sa\\u00fade, UBS\"},{\"@type\":\"BreadcrumbList\",\"@id\":\"https:\\\/\\\/anoticiaonline.com.br\\\/site\\\/ubs-planalto-sera-inaugurada-no-proximo-dia-10\\\/#breadcrumblist\",\"itemListElement\":[{\"@type\":\"ListItem\",\"@id\":\"https:\\\/\\\/anoticiaonline.com.br\\\/site#listItem\",\"position\":1,\"name\":\"Home\",\"item\":\"https:\\\/\\\/anoticiaonline.com.br\\\/site\",\"nextItem\":{\"@type\":\"ListItem\",\"@id\":\"https:\\\/\\\/anoticiaonline.com.br\\\/site\\\/categoria\\\/muriae\\\/#listItem\",\"name\":\"Blog\"}},{\"@type\":\"ListItem\",\"@id\":\"https:\\\/\\\/anoticiaonline.com.br\\\/site\\\/categoria\\\/muriae\\\/#listItem\",\"position\":2,\"name\":\"Blog\",\"item\":\"https:\\\/\\\/anoticiaonline.com.br\\\/site\\\/categoria\\\/muriae\\\/\",\"nextItem\":{\"@type\":\"ListItem\",\"@id\":\"https:\\\/\\\/anoticiaonline.com.br\\\/site\\\/ubs-planalto-sera-inaugurada-no-proximo-dia-10\\\/#listItem\",\"name\":\"UBS Planalto ser\\u00e1 inaugurada no pr\\u00f3ximo dia 10\"},\"previousItem\":{\"@type\":\"ListItem\",\"@id\":\"https:\\\/\\\/anoticiaonline.com.br\\\/site#listItem\",\"name\":\"Home\"}},{\"@type\":\"ListItem\",\"@id\":\"https:\\\/\\\/anoticiaonline.com.br\\\/site\\\/ubs-planalto-sera-inaugurada-no-proximo-dia-10\\\/#listItem\",\"position\":3,\"name\":\"UBS Planalto ser\\u00e1 inaugurada no pr\\u00f3ximo dia 10\",\"previousItem\":{\"@type\":\"ListItem\",\"@id\":\"https:\\\/\\\/anoticiaonline.com.br\\\/site\\\/categoria\\\/muriae\\\/#listItem\",\"name\":\"Blog\"}}]},{\"@type\":\"Organization\",\"@id\":\"https:\\\/\\\/anoticiaonline.com.br\\\/site\\\/#organization\",\"name\":\"A Not\\u00edcia Online\",\"description\":\"Noticias de Muria\\u00e9 e regi\\u00e3o\",\"url\":\"https:\\\/\\\/anoticiaonline.com.br\\\/site\\\/\",\"logo\":{\"@type\":\"ImageObject\",\"url\":\"https:\\\/\\\/scontent-gig4-1.xx.fbcdn.net\\\/v\\\/t39.30808-1\\\/270437624_4564083193639691_6907940295614233970_n.jpg?stp=dst-jpg_s200x200_tt6&_nc_cat=111&ccb=1-7&_nc_sid=f907e8&_nc_ohc=SM1wRlP3lJwQ7kNvwEPuBYA&_nc_oc=AdnqrjDN_BNjSSHWO-GbkIWH6fkGMLw4bqvL_NH6e2wMveX7G-rP2dAqsDSq1mJMOaY&_nc_zt=24&_nc_ht=scontent-gig4-1.xx&_nc_gid=AoBFJeGrT1hVaew_6rchkQ&oh=00_AfX7QmFGhQhG2jAllVgXCiM1ZrWgvtp80-Bfppyexh1QEg&oe=689E923C\",\"@id\":\"https:\\\/\\\/anoticiaonline.com.br\\\/site\\\/ubs-planalto-sera-inaugurada-no-proximo-dia-10\\\/#organizationLogo\"},\"image\":{\"@id\":\"https:\\\/\\\/anoticiaonline.com.br\\\/site\\\/ubs-planalto-sera-inaugurada-no-proximo-dia-10\\\/#organizationLogo\"}},{\"@type\":\"Person\",\"@id\":\"https:\\\/\\\/anoticiaonline.com.br\\\/site\\\/author\\\/juliana\\\/#author\",\"url\":\"https:\\\/\\\/anoticiaonline.com.br\\\/site\\\/author\\\/juliana\\\/\",\"name\":\"Juliana Laviola\",\"image\":{\"@type\":\"ImageObject\",\"@id\":\"https:\\\/\\\/anoticiaonline.com.br\\\/site\\\/ubs-planalto-sera-inaugurada-no-proximo-dia-10\\\/#authorImage\",\"url\":\"https:\\\/\\\/secure.gravatar.com\\\/avatar\\\/b8d45f5c699b100dfaf0e543582f38f38bf94cb7ae3a5e9abf8d891a34773335?s=96&d=mm&r=g\",\"width\":96,\"height\":96,\"caption\":\"Juliana Laviola\"}},{\"@type\":\"WebPage\",\"@id\":\"https:\\\/\\\/anoticiaonline.com.br\\\/site\\\/ubs-planalto-sera-inaugurada-no-proximo-dia-10\\\/#webpage\",\"url\":\"https:\\\/\\\/anoticiaonline.com.br\\\/site\\\/ubs-planalto-sera-inaugurada-no-proximo-dia-10\\\/\",\"name\":\"UBS Planalto ser\\u00e1 inaugurada no pr\\u00f3ximo dia 10 - A Not\\u00edcia Online\",\"description\":\"A Unidade B\\u00e1sica de Sa\\u00fade do Planalto ser\\u00e1 inaugurada na sexta-feira (10), \\u00e0s 17h30. Sua localiza\\u00e7\\u00e3o permitir\\u00e1 o acesso pela Rua Projetada e pela Rua Leon Dalla Paula (Planalto). A estrutura ampliar\\u00e1 o n\\u00famero de atendimentos \\u00e0s fam\\u00edlias, contando com \\u00e1rea para contorno de ambul\\u00e2ncias e estacionamento para pacientes. A UBS Planalto foi constru\\u00edda, inicialmente,\",\"inLanguage\":\"pt-BR\",\"isPartOf\":{\"@id\":\"https:\\\/\\\/anoticiaonline.com.br\\\/site\\\/#website\"},\"breadcrumb\":{\"@id\":\"https:\\\/\\\/anoticiaonline.com.br\\\/site\\\/ubs-planalto-sera-inaugurada-no-proximo-dia-10\\\/#breadcrumblist\"},\"author\":{\"@id\":\"https:\\\/\\\/anoticiaonline.com.br\\\/site\\\/author\\\/juliana\\\/#author\"},\"creator\":{\"@id\":\"https:\\\/\\\/anoticiaonline.com.br\\\/site\\\/author\\\/juliana\\\/#author\"},\"image\":{\"@type\":\"ImageObject\",\"url\":\"https:\\\/\\\/anoticiaonline.com.br\\\/site\\\/wp-content\\\/uploads\\\/2017\\\/11\\\/UBS-Planalto-ser\\u00e1-inaugurada-no-pr\\u00f3ximo-dia-10.jpg\",\"@id\":\"https:\\\/\\\/anoticiaonline.com.br\\\/site\\\/ubs-planalto-sera-inaugurada-no-proximo-dia-10\\\/#mainImage\",\"width\":640,\"height\":427,\"caption\":\"Foto: ASCOM PMM\"},\"primaryImageOfPage\":{\"@id\":\"https:\\\/\\\/anoticiaonline.com.br\\\/site\\\/ubs-planalto-sera-inaugurada-no-proximo-dia-10\\\/#mainImage\"},\"datePublished\":\"2017-11-01T20:22:53-03:00\",\"dateModified\":\"2017-11-01T20:56:53-03:00\"},{\"@type\":\"WebSite\",\"@id\":\"https:\\\/\\\/anoticiaonline.com.br\\\/site\\\/#website\",\"url\":\"https:\\\/\\\/anoticiaonline.com.br\\\/site\\\/\",\"name\":\"A Not\\u00edcia Online\",\"description\":\"Noticias de Muria\\u00e9 e regi\\u00e3o\",\"inLanguage\":\"pt-BR\",\"publisher\":{\"@id\":\"https:\\\/\\\/anoticiaonline.com.br\\\/site\\\/#organization\"}}]}\n\t\t<\/script>\n\t\t<!-- All in One SEO -->\n\n","aioseo_head_json":{"title":"UBS Planalto ser\u00e1 inaugurada no pr\u00f3ximo dia 10 - A Not\u00edcia Online","description":"A Unidade B\u00e1sica de Sa\u00fade do Planalto ser\u00e1 inaugurada na sexta-feira (10), \u00e0s 17h30. Sua localiza\u00e7\u00e3o permitir\u00e1 o acesso pela Rua Projetada e pela Rua Leon Dalla Paula (Planalto). A estrutura ampliar\u00e1 o n\u00famero de atendimentos \u00e0s fam\u00edlias, contando com \u00e1rea para contorno de ambul\u00e2ncias e estacionamento para pacientes. A UBS Planalto foi constru\u00edda, inicialmente,","canonical_url":"https:\/\/anoticiaonline.com.br\/site\/ubs-planalto-sera-inaugurada-no-proximo-dia-10\/","robots":"max-image-preview:large","keywords":"","webmasterTools":{"miscellaneous":""},"schema":{"@context":"https:\/\/schema.org","@graph":[{"@type":"BlogPosting","@id":"https:\/\/anoticiaonline.com.br\/site\/ubs-planalto-sera-inaugurada-no-proximo-dia-10\/#blogposting","name":"UBS Planalto ser\u00e1 inaugurada no pr\u00f3ximo dia 10 - A Not\u00edcia Online","headline":"UBS Planalto ser\u00e1 inaugurada no pr\u00f3ximo dia 10","author":{"@id":"https:\/\/anoticiaonline.com.br\/site\/author\/juliana\/#author"},"publisher":{"@id":"https:\/\/anoticiaonline.com.br\/site\/#organization"},"image":{"@type":"ImageObject","url":"https:\/\/anoticiaonline.com.br\/site\/wp-content\/uploads\/2017\/11\/UBS-Planalto-ser\u00e1-inaugurada-no-pr\u00f3ximo-dia-10.jpg","width":640,"height":427,"caption":"Foto: ASCOM PMM"},"datePublished":"2017-11-01T20:22:53-03:00","dateModified":"2017-11-01T20:56:53-03:00","inLanguage":"pt-BR","mainEntityOfPage":{"@id":"https:\/\/anoticiaonline.com.br\/site\/ubs-planalto-sera-inaugurada-no-proximo-dia-10\/#webpage"},"isPartOf":{"@id":"https:\/\/anoticiaonline.com.br\/site\/ubs-planalto-sera-inaugurada-no-proximo-dia-10\/#webpage"},"articleSection":"Blog, inauguracao, Muria\u00e9, novembro, sa\u00fade, UBS"},{"@type":"BreadcrumbList","@id":"https:\/\/anoticiaonline.com.br\/site\/ubs-planalto-sera-inaugurada-no-proximo-dia-10\/#breadcrumblist","itemListElement":[{"@type":"ListItem","@id":"https:\/\/anoticiaonline.com.br\/site#listItem","position":1,"name":"Home","item":"https:\/\/anoticiaonline.com.br\/site","nextItem":{"@type":"ListItem","@id":"https:\/\/anoticiaonline.com.br\/site\/categoria\/muriae\/#listItem","name":"Blog"}},{"@type":"ListItem","@id":"https:\/\/anoticiaonline.com.br\/site\/categoria\/muriae\/#listItem","position":2,"name":"Blog","item":"https:\/\/anoticiaonline.com.br\/site\/categoria\/muriae\/","nextItem":{"@type":"ListItem","@id":"https:\/\/anoticiaonline.com.br\/site\/ubs-planalto-sera-inaugurada-no-proximo-dia-10\/#listItem","name":"UBS Planalto ser\u00e1 inaugurada no pr\u00f3ximo dia 10"},"previousItem":{"@type":"ListItem","@id":"https:\/\/anoticiaonline.com.br\/site#listItem","name":"Home"}},{"@type":"ListItem","@id":"https:\/\/anoticiaonline.com.br\/site\/ubs-planalto-sera-inaugurada-no-proximo-dia-10\/#listItem","position":3,"name":"UBS Planalto ser\u00e1 inaugurada no pr\u00f3ximo dia 10","previousItem":{"@type":"ListItem","@id":"https:\/\/anoticiaonline.com.br\/site\/categoria\/muriae\/#listItem","name":"Blog"}}]},{"@type":"Organization","@id":"https:\/\/anoticiaonline.com.br\/site\/#organization","name":"A Not\u00edcia Online","description":"Noticias de Muria\u00e9 e regi\u00e3o","url":"https:\/\/anoticiaonline.com.br\/site\/","logo":{"@type":"ImageObject","url":"https:\/\/scontent-gig4-1.xx.fbcdn.net\/v\/t39.30808-1\/270437624_4564083193639691_6907940295614233970_n.jpg?stp=dst-jpg_s200x200_tt6&_nc_cat=111&ccb=1-7&_nc_sid=f907e8&_nc_ohc=SM1wRlP3lJwQ7kNvwEPuBYA&_nc_oc=AdnqrjDN_BNjSSHWO-GbkIWH6fkGMLw4bqvL_NH6e2wMveX7G-rP2dAqsDSq1mJMOaY&_nc_zt=24&_nc_ht=scontent-gig4-1.xx&_nc_gid=AoBFJeGrT1hVaew_6rchkQ&oh=00_AfX7QmFGhQhG2jAllVgXCiM1ZrWgvtp80-Bfppyexh1QEg&oe=689E923C","@id":"https:\/\/anoticiaonline.com.br\/site\/ubs-planalto-sera-inaugurada-no-proximo-dia-10\/#organizationLogo"},"image":{"@id":"https:\/\/anoticiaonline.com.br\/site\/ubs-planalto-sera-inaugurada-no-proximo-dia-10\/#organizationLogo"}},{"@type":"Person","@id":"https:\/\/anoticiaonline.com.br\/site\/author\/juliana\/#author","url":"https:\/\/anoticiaonline.com.br\/site\/author\/juliana\/","name":"Juliana Laviola","image":{"@type":"ImageObject","@id":"https:\/\/anoticiaonline.com.br\/site\/ubs-planalto-sera-inaugurada-no-proximo-dia-10\/#authorImage","url":"https:\/\/secure.gravatar.com\/avatar\/b8d45f5c699b100dfaf0e543582f38f38bf94cb7ae3a5e9abf8d891a34773335?s=96&d=mm&r=g","width":96,"height":96,"caption":"Juliana Laviola"}},{"@type":"WebPage","@id":"https:\/\/anoticiaonline.com.br\/site\/ubs-planalto-sera-inaugurada-no-proximo-dia-10\/#webpage","url":"https:\/\/anoticiaonline.com.br\/site\/ubs-planalto-sera-inaugurada-no-proximo-dia-10\/","name":"UBS Planalto ser\u00e1 inaugurada no pr\u00f3ximo dia 10 - A Not\u00edcia Online","description":"A Unidade B\u00e1sica de Sa\u00fade do Planalto ser\u00e1 inaugurada na sexta-feira (10), \u00e0s 17h30. Sua localiza\u00e7\u00e3o permitir\u00e1 o acesso pela Rua Projetada e pela Rua Leon Dalla Paula (Planalto). A estrutura ampliar\u00e1 o n\u00famero de atendimentos \u00e0s fam\u00edlias, contando com \u00e1rea para contorno de ambul\u00e2ncias e estacionamento para pacientes. A UBS Planalto foi constru\u00edda, inicialmente,","inLanguage":"pt-BR","isPartOf":{"@id":"https:\/\/anoticiaonline.com.br\/site\/#website"},"breadcrumb":{"@id":"https:\/\/anoticiaonline.com.br\/site\/ubs-planalto-sera-inaugurada-no-proximo-dia-10\/#breadcrumblist"},"author":{"@id":"https:\/\/anoticiaonline.com.br\/site\/author\/juliana\/#author"},"creator":{"@id":"https:\/\/anoticiaonline.com.br\/site\/author\/juliana\/#author"},"image":{"@type":"ImageObject","url":"https:\/\/anoticiaonline.com.br\/site\/wp-content\/uploads\/2017\/11\/UBS-Planalto-ser\u00e1-inaugurada-no-pr\u00f3ximo-dia-10.jpg","@id":"https:\/\/anoticiaonline.com.br\/site\/ubs-planalto-sera-inaugurada-no-proximo-dia-10\/#mainImage","width":640,"height":427,"caption":"Foto: ASCOM PMM"},"primaryImageOfPage":{"@id":"https:\/\/anoticiaonline.com.br\/site\/ubs-planalto-sera-inaugurada-no-proximo-dia-10\/#mainImage"},"datePublished":"2017-11-01T20:22:53-03:00","dateModified":"2017-11-01T20:56:53-03:00"},{"@type":"WebSite","@id":"https:\/\/anoticiaonline.com.br\/site\/#website","url":"https:\/\/anoticiaonline.com.br\/site\/","name":"A Not\u00edcia Online","description":"Noticias de Muria\u00e9 e regi\u00e3o","inLanguage":"pt-BR","publisher":{"@id":"https:\/\/anoticiaonline.com.br\/site\/#organization"}}]},"og:locale":"pt_BR","og:site_name":"A Not\u00edcia Online - Noticias de Muria\u00e9 e regi\u00e3o","og:type":"article","og:title":"UBS Planalto ser\u00e1 inaugurada no pr\u00f3ximo dia 10 - A Not\u00edcia Online","og:description":"A Unidade B\u00e1sica de Sa\u00fade do Planalto ser\u00e1 inaugurada na sexta-feira (10), \u00e0s 17h30. Sua localiza\u00e7\u00e3o permitir\u00e1 o acesso pela Rua Projetada e pela Rua Leon Dalla Paula (Planalto). A estrutura ampliar\u00e1 o n\u00famero de atendimentos \u00e0s fam\u00edlias, contando com \u00e1rea para contorno de ambul\u00e2ncias e estacionamento para pacientes. A UBS Planalto foi constru\u00edda, inicialmente,","og:url":"https:\/\/anoticiaonline.com.br\/site\/ubs-planalto-sera-inaugurada-no-proximo-dia-10\/","og:image":"https:\/\/scontent-gig4-1.xx.fbcdn.net\/v\/t39.30808-1\/270437624_4564083193639691_6907940295614233970_n.jpg?stp=dst-jpg_s200x200_tt6&#038;_nc_cat=111&#038;ccb=1-7&#038;_nc_sid=f907e8&#038;_nc_ohc=SM1wRlP3lJwQ7kNvwEPuBYA&#038;_nc_oc=AdnqrjDN_BNjSSHWO-GbkIWH6fkGMLw4bqvL_NH6e2wMveX7G-rP2dAqsDSq1mJMOaY&#038;_nc_zt=24&#038;_nc_ht=scontent-gig4-1.xx&#038;_nc_gid=AoBFJeGrT1hVaew_6rchkQ&#038;oh=00_AfX7QmFGhQhG2jAllVgXCiM1ZrWgvtp80-Bfppyexh1QEg&#038;oe=689E923C","og:image:secure_url":"https:\/\/scontent-gig4-1.xx.fbcdn.net\/v\/t39.30808-1\/270437624_4564083193639691_6907940295614233970_n.jpg?stp=dst-jpg_s200x200_tt6&#038;_nc_cat=111&#038;ccb=1-7&#038;_nc_sid=f907e8&#038;_nc_ohc=SM1wRlP3lJwQ7kNvwEPuBYA&#038;_nc_oc=AdnqrjDN_BNjSSHWO-GbkIWH6fkGMLw4bqvL_NH6e2wMveX7G-rP2dAqsDSq1mJMOaY&#038;_nc_zt=24&#038;_nc_ht=scontent-gig4-1.xx&#038;_nc_gid=AoBFJeGrT1hVaew_6rchkQ&#038;oh=00_AfX7QmFGhQhG2jAllVgXCiM1ZrWgvtp80-Bfppyexh1QEg&#038;oe=689E923C","article:published_time":"2017-11-01T23:22:53+00:00","article:modified_time":"2017-11-01T23:56:53+00:00","twitter:card":"summary_large_image","twitter:title":"UBS Planalto ser\u00e1 inaugurada no pr\u00f3ximo dia 10 - A Not\u00edcia Online","twitter:description":"A Unidade B\u00e1sica de Sa\u00fade do Planalto ser\u00e1 inaugurada na sexta-feira (10), \u00e0s 17h30. Sua localiza\u00e7\u00e3o permitir\u00e1 o acesso pela Rua Projetada e pela Rua Leon Dalla Paula (Planalto). A estrutura ampliar\u00e1 o n\u00famero de atendimentos \u00e0s fam\u00edlias, contando com \u00e1rea para contorno de ambul\u00e2ncias e estacionamento para pacientes. A UBS Planalto foi constru\u00edda, inicialmente,","twitter:image":"https:\/\/scontent-gig4-1.xx.fbcdn.net\/v\/t39.30808-1\/270437624_4564083193639691_6907940295614233970_n.jpg?stp=dst-jpg_s200x200_tt6&_nc_cat=111&ccb=1-7&_nc_sid=f907e8&_nc_ohc=SM1wRlP3lJwQ7kNvwEPuBYA&_nc_oc=AdnqrjDN_BNjSSHWO-GbkIWH6fkGMLw4bqvL_NH6e2wMveX7G-rP2dAqsDSq1mJMOaY&_nc_zt=24&_nc_ht=scontent-gig4-1.xx&_nc_gid=AoBFJeGrT1hVaew_6rchkQ&oh=00_AfX7QmFGhQhG2jAllVgXCiM1ZrWgvtp80-Bfppyexh1QEg&oe=689E923C"},"aioseo_meta_data":{"post_id":"44365","title":null,"description":null,"keywords":null,"keyphrases":null,"primary_term":null,"canonical_url":null,"og_title":null,"og_description":null,"og_object_type":"default","og_image_type":"default","og_image_url":null,"og_image_width":null,"og_image_height":null,"og_image_custom_url":null,"og_image_custom_fields":null,"og_video":null,"og_custom_url":null,"og_article_section":null,"og_article_tags":null,"twitter_use_og":false,"twitter_card":"default","twitter_image_type":"default","twitter_image_url":null,"twitter_image_custom_url":null,"twitter_image_custom_fields":null,"twitter_title":null,"twitter_description":null,"schema":{"blockGraphs":[],"customGraphs":[],"default":{"data":{"Article":[],"Course":[],"Dataset":[],"FAQPage":[],"Movie":[],"Person":[],"Product":[],"ProductReview":[],"Car":[],"Recipe":[],"Service":[],"SoftwareApplication":[],"WebPage":[]},"graphName":"","isEnabled":true},"graphs":[]},"schema_type":"default","schema_type_options":null,"pillar_content":false,"robots_default":true,"robots_noindex":false,"robots_noarchive":false,"robots_nosnippet":false,"robots_nofollow":false,"robots_noimageindex":false,"robots_noodp":false,"robots_notranslate":false,"robots_max_snippet":null,"robots_max_videopreview":null,"robots_max_imagepreview":"large","priority":null,"frequency":null,"local_seo":null,"breadcrumb_settings":null,"limit_modified_date":false,"ai":null,"created":"2025-08-16 19:44:42","updated":"2025-08-16 19:44:42","focus_keyword":null,"additional_keywords":null,"truseo_locale":null,"seo_analyzer_scan_date":null},"aioseo_breadcrumb":"<div class=\"aioseo-breadcrumbs\"><span class=\"aioseo-breadcrumb\">\n\t\t\t<a href=\"https:\/\/anoticiaonline.com.br\/site\" title=\"Home\">Home<\/a>\n\t\t<\/span><span class=\"aioseo-breadcrumb-separator\">&raquo;<\/span><span class=\"aioseo-breadcrumb\">\n\t\t\t<a href=\"https:\/\/anoticiaonline.com.br\/site\/categoria\/muriae\/\" title=\"Blog\">Blog<\/a>\n\t\t<\/span><span class=\"aioseo-breadcrumb-separator\">&raquo;<\/span><span class=\"aioseo-breadcrumb\">\n\t\t\tUBS Planalto ser\u00e1 inaugurada no pr\u00f3ximo dia 10\n\t\t<\/span><\/div>","aioseo_breadcrumb_json":[{"label":"Home","link":"https:\/\/anoticiaonline.com.br\/site"},{"label":"Blog","link":"https:\/\/anoticiaonline.com.br\/site\/categoria\/muriae\/"},{"label":"UBS Planalto ser\u00e1 inaugurada no pr\u00f3ximo dia 10","link":"https:\/\/anoticiaonline.com.br\/site\/ubs-planalto-sera-inaugurada-no-proximo-dia-10\/"}],"views":139,"_links":{"self":[{"href":"https:\/\/anoticiaonline.com.br\/site\/wp-json\/wp\/v2\/posts\/44365","targetHints":{"allow":["GET"]}}],"collection":[{"href":"https:\/\/anoticiaonline.com.br\/site\/wp-json\/wp\/v2\/posts"}],"about":[{"href":"https:\/\/anoticiaonline.com.br\/site\/wp-json\/wp\/v2\/types\/post"}],"author":[{"embeddable":true,"href":"https:\/\/anoticiaonline.com.br\/site\/wp-json\/wp\/v2\/users\/2"}],"replies":[{"embeddable":true,"href":"https:\/\/anoticiaonline.com.br\/site\/wp-json\/wp\/v2\/comments?post=44365"}],"version-history":[{"count":0,"href":"https:\/\/anoticiaonline.com.br\/site\/wp-json\/wp\/v2\/posts\/44365\/revisions"}],"wp:featuredmedia":[{"embeddable":true,"href":"https:\/\/anoticiaonline.com.br\/site\/wp-json\/wp\/v2\/media\/44372"}],"wp:attachment":[{"href":"https:\/\/anoticiaonline.com.br\/site\/wp-json\/wp\/v2\/media?parent=44365"}],"wp:term":[{"taxonomy":"category","embeddable":true,"href":"https:\/\/anoticiaonline.com.br\/site\/wp-json\/wp\/v2\/categories?post=44365"},{"taxonomy":"post_tag","embeddable":true,"href":"https:\/\/anoticiaonline.com.br\/site\/wp-json\/wp\/v2\/tags?post=44365"}],"curies":[{"name":"wp","href":"https:\/\/api.w.org\/{rel}","templated":true}]}}