{"id":44359,"date":"2017-11-01T19:58:59","date_gmt":"2017-11-01T22:58:59","guid":{"rendered":"http:\/\/anoticiaonline.com.br\/site\/?p=44359"},"modified":"2017-11-01T20:25:41","modified_gmt":"2017-11-01T23:25:41","slug":"escola-pinguinho-de-gente-realiza-sua-xxvi-semana-de-arte-2017","status":"publish","type":"post","link":"https:\/\/anoticiaonline.com.br\/site\/escola-pinguinho-de-gente-realiza-sua-xxvi-semana-de-arte-2017\/","title":{"rendered":"Escola Pinguinho de Gente realiza sua XXVI Semana de Arte 2017"},"content":{"rendered":"<p><a href=\"https:\/\/anoticiaonline.com.br\/site\/wp-content\/uploads\/2017\/11\/DSC_0457.jpg\"><\/a><a href=\"https:\/\/anoticiaonline.com.br\/site\/wp-content\/uploads\/2017\/11\/DSC_0550.jpg\"><img fetchpriority=\"high\" decoding=\"async\" class=\"aligncenter size-full wp-image-44367\" src=\"https:\/\/anoticiaonline.com.br\/site\/wp-content\/uploads\/2017\/11\/DSC_0550.jpg\" alt=\"\" width=\"640\" height=\"426\" srcset=\"https:\/\/anoticiaonline.com.br\/site\/wp-content\/uploads\/2017\/11\/DSC_0550.jpg 640w, https:\/\/anoticiaonline.com.br\/site\/wp-content\/uploads\/2017\/11\/DSC_0550-300x200.jpg 300w\" sizes=\"(max-width: 640px) 100vw, 640px\" \/><\/a><a href=\"https:\/\/anoticiaonline.com.br\/site\/wp-content\/uploads\/2017\/11\/DSC_0457.jpg\"><img decoding=\"async\" class=\"aligncenter size-full wp-image-44366\" src=\"https:\/\/anoticiaonline.com.br\/site\/wp-content\/uploads\/2017\/11\/DSC_0457.jpg\" alt=\"\" width=\"640\" height=\"426\" srcset=\"https:\/\/anoticiaonline.com.br\/site\/wp-content\/uploads\/2017\/11\/DSC_0457.jpg 640w, https:\/\/anoticiaonline.com.br\/site\/wp-content\/uploads\/2017\/11\/DSC_0457-300x200.jpg 300w\" sizes=\"(max-width: 640px) 100vw, 640px\" \/><\/a><a href=\"https:\/\/anoticiaonline.com.br\/site\/wp-content\/uploads\/2017\/11\/DSC_0564.jpg\"><img decoding=\"async\" class=\"aligncenter size-full wp-image-44368\" src=\"https:\/\/anoticiaonline.com.br\/site\/wp-content\/uploads\/2017\/11\/DSC_0564.jpg\" alt=\"\" width=\"640\" height=\"426\" srcset=\"https:\/\/anoticiaonline.com.br\/site\/wp-content\/uploads\/2017\/11\/DSC_0564.jpg 640w, https:\/\/anoticiaonline.com.br\/site\/wp-content\/uploads\/2017\/11\/DSC_0564-300x200.jpg 300w\" sizes=\"(max-width: 640px) 100vw, 640px\" \/><\/a> <a href=\"https:\/\/anoticiaonline.com.br\/site\/wp-content\/uploads\/2017\/11\/DSC_0579.jpg\"><img loading=\"lazy\" decoding=\"async\" class=\"aligncenter size-full wp-image-44369\" src=\"https:\/\/anoticiaonline.com.br\/site\/wp-content\/uploads\/2017\/11\/DSC_0579.jpg\" alt=\"\" width=\"640\" height=\"426\" srcset=\"https:\/\/anoticiaonline.com.br\/site\/wp-content\/uploads\/2017\/11\/DSC_0579.jpg 640w, https:\/\/anoticiaonline.com.br\/site\/wp-content\/uploads\/2017\/11\/DSC_0579-300x200.jpg 300w\" sizes=\"(max-width: 640px) 100vw, 640px\" \/><\/a> <a href=\"https:\/\/anoticiaonline.com.br\/site\/wp-content\/uploads\/2017\/11\/DSC_0595.jpg\"><img loading=\"lazy\" decoding=\"async\" class=\"aligncenter size-full wp-image-44370\" src=\"https:\/\/anoticiaonline.com.br\/site\/wp-content\/uploads\/2017\/11\/DSC_0595.jpg\" alt=\"\" width=\"640\" height=\"426\" srcset=\"https:\/\/anoticiaonline.com.br\/site\/wp-content\/uploads\/2017\/11\/DSC_0595.jpg 640w, https:\/\/anoticiaonline.com.br\/site\/wp-content\/uploads\/2017\/11\/DSC_0595-300x200.jpg 300w\" sizes=\"(max-width: 640px) 100vw, 640px\" \/><\/a>A Escola Pinguinho de Gente realizou sua XXVI Semana de Arte, que, este ano, abordou o tema \u201cVivendo a Arte \u2013 Conhecendo o Mundo\u201d. O evento, que aconteceu entres os dias 24 e 28 de outubro, envolveu os professores, os funcion\u00e1rios, a dire\u00e7\u00e3o da escola e contou com a presen\u00e7a dos familiares dos alunos.<\/p>\n<p>Maria Em\u00edlia Martins Baroni, orientadora da escola, disse que a XXVI Semana de Arte \u00e9 importante para que as crian\u00e7as possam conhecer a hist\u00f3ria de outros pa\u00edses, outros valores e outros idiomas.<\/p>\n<p>\u201cA Semana de Arte j\u00e1 faz parte do calend\u00e1rio da Pinguinho de Gente e, por isso, as crian\u00e7as ficam na expectativa para saber quais os temas ser\u00e3o abordados durante o evento. Os alunos participam sempre com muito entusiasmo e curiosidade querendo sempre saber mais sobre determinados assuntos\u201d, conta.<\/p>\n<p>De acordo com Maria Em\u00edlia, este ano o projeto contou com a atividade \u201cViajando com os Pais\u201d, que tratou de uma roda informativa na qual os alunos falavam para os familiares sobre os pa\u00edses que estudaram.<\/p>\n<p>\u201cA realiza\u00e7\u00e3o de mais uma Semana de Arte \u00e9 que temos a certeza de que estamos incentivando os alunos a ampliar seus conhecimentos sobre o mundo, comparando situa\u00e7\u00f5es e desenvolvendo opini\u00f5es a respeito. Nosso compromisso n\u00e3o para aqui. Estamos em constante atualiza\u00e7\u00e3o e preparando novidades para o pr\u00f3ximo ano. Nossas matr\u00edculas est\u00e3o abertas e contamos com a presen\u00e7a de todos voc\u00eas\u201d, finaliza.<\/p>\n<p>&nbsp;<\/p>\n<p><img decoding=\"async\" class=\"ngg_displayed_gallery mceItem\" src=\"https:\/\/anoticiaonline.com.br\/site\/nextgen-attach_to_post\/preview\/id--44438\" \/><\/p>\n<p>&nbsp;<\/p>\n<p>&nbsp;<\/p>\n<p>&nbsp;<\/p>\n<p>&nbsp;<\/p>\n","protected":false},"excerpt":{"rendered":"<p>A Escola Pinguinho de Gente realizou sua XXVI Semana de Arte, que, este ano, abordou o tema \u201cVivendo a Arte \u2013 Conhecendo o Mundo\u201d. O evento, que aconteceu entres os dias 24 e 28 de outubro, envolveu os professores, os funcion\u00e1rios, a dire\u00e7\u00e3o da escola e contou com a presen\u00e7a dos familiares dos alunos. Maria &#8230; <a title=\"Escola Pinguinho de Gente realiza sua XXVI Semana de Arte 2017\" class=\"read-more\" href=\"https:\/\/anoticiaonline.com.br\/site\/escola-pinguinho-de-gente-realiza-sua-xxvi-semana-de-arte-2017\/\" aria-label=\"Read more about Escola Pinguinho de Gente realiza sua XXVI Semana de Arte 2017\">Ler mais<\/a><\/p>\n","protected":false},"author":2,"featured_media":44367,"comment_status":"open","ping_status":"open","sticky":false,"template":"","format":"standard","meta":{"_acf_changed":false,"_monsterinsights_skip_tracking":false,"footnotes":""},"categories":[1],"tags":[165,587,1475,1478,1480,1481,74,1482,1479,1477,1476],"class_list":["post-44359","post","type-post","status-publish","format-standard","has-post-thumbnail","hentry","category-gerais","tag-educacao","tag-escola","tag-escola-pinguinho-de-gente","tag-maria-emilia-martins-baroni","tag-maternal","tag-matricula","tag-muriae","tag-pinguinho-de-gente","tag-viajando-com-os-pais","tag-vivendo-a-arte-conhecendo-o-mundo","tag-xxvi-semana-de-arte"],"acf":[],"aioseo_notices":[],"aioseo_head":"\n\t\t<!-- All in One SEO 5.0.0.1 - aioseo.com -->\n\t<meta name=\"description\" content=\"A Escola Pinguinho de Gente realizou sua XXVI Semana de Arte, que, este ano, abordou o tema \u201cVivendo a Arte \u2013 Conhecendo o Mundo\u201d. O evento, que aconteceu entres os dias 24 e 28 de outubro, envolveu os professores, os funcion\u00e1rios, a dire\u00e7\u00e3o da escola e contou com a presen\u00e7a dos familiares dos alunos. Maria\" \/>\n\t<meta name=\"robots\" content=\"max-image-preview:large\" \/>\n\t<meta name=\"author\" content=\"Juliana Laviola\"\/>\n\t<link rel=\"canonical\" href=\"https:\/\/anoticiaonline.com.br\/site\/escola-pinguinho-de-gente-realiza-sua-xxvi-semana-de-arte-2017\/\" \/>\n\t<meta name=\"generator\" content=\"All in One SEO (AIOSEO) 5.0.0.1\" \/>\n\t\t<meta property=\"og:locale\" content=\"pt_BR\" \/>\n\t\t<meta property=\"og:site_name\" content=\"A Not\u00edcia Online - Noticias de Muria\u00e9 e regi\u00e3o\" \/>\n\t\t<meta property=\"og:type\" content=\"article\" \/>\n\t\t<meta property=\"og:title\" content=\"Escola Pinguinho de Gente realiza sua XXVI Semana de Arte 2017 - A Not\u00edcia Online\" \/>\n\t\t<meta property=\"og:description\" content=\"A Escola Pinguinho de Gente realizou sua XXVI Semana de Arte, que, este ano, abordou o tema \u201cVivendo a Arte \u2013 Conhecendo o Mundo\u201d. O evento, que aconteceu entres os dias 24 e 28 de outubro, envolveu os professores, os funcion\u00e1rios, a dire\u00e7\u00e3o da escola e contou com a presen\u00e7a dos familiares dos alunos. Maria\" \/>\n\t\t<meta property=\"og:url\" content=\"https:\/\/anoticiaonline.com.br\/site\/escola-pinguinho-de-gente-realiza-sua-xxvi-semana-de-arte-2017\/\" \/>\n\t\t<meta property=\"og:image\" content=\"https:\/\/scontent-gig4-1.xx.fbcdn.net\/v\/t39.30808-1\/270437624_4564083193639691_6907940295614233970_n.jpg?stp=dst-jpg_s200x200_tt6&#038;_nc_cat=111&#038;ccb=1-7&#038;_nc_sid=f907e8&#038;_nc_ohc=SM1wRlP3lJwQ7kNvwEPuBYA&#038;_nc_oc=AdnqrjDN_BNjSSHWO-GbkIWH6fkGMLw4bqvL_NH6e2wMveX7G-rP2dAqsDSq1mJMOaY&#038;_nc_zt=24&#038;_nc_ht=scontent-gig4-1.xx&#038;_nc_gid=AoBFJeGrT1hVaew_6rchkQ&#038;oh=00_AfX7QmFGhQhG2jAllVgXCiM1ZrWgvtp80-Bfppyexh1QEg&#038;oe=689E923C\" \/>\n\t\t<meta property=\"og:image:secure_url\" content=\"https:\/\/scontent-gig4-1.xx.fbcdn.net\/v\/t39.30808-1\/270437624_4564083193639691_6907940295614233970_n.jpg?stp=dst-jpg_s200x200_tt6&#038;_nc_cat=111&#038;ccb=1-7&#038;_nc_sid=f907e8&#038;_nc_ohc=SM1wRlP3lJwQ7kNvwEPuBYA&#038;_nc_oc=AdnqrjDN_BNjSSHWO-GbkIWH6fkGMLw4bqvL_NH6e2wMveX7G-rP2dAqsDSq1mJMOaY&#038;_nc_zt=24&#038;_nc_ht=scontent-gig4-1.xx&#038;_nc_gid=AoBFJeGrT1hVaew_6rchkQ&#038;oh=00_AfX7QmFGhQhG2jAllVgXCiM1ZrWgvtp80-Bfppyexh1QEg&#038;oe=689E923C\" \/>\n\t\t<meta property=\"article:published_time\" content=\"2017-11-01T22:58:59+00:00\" \/>\n\t\t<meta property=\"article:modified_time\" content=\"2017-11-01T23:25:41+00:00\" \/>\n\t\t<meta name=\"twitter:card\" content=\"summary_large_image\" \/>\n\t\t<meta name=\"twitter:title\" content=\"Escola Pinguinho de Gente realiza sua XXVI Semana de Arte 2017 - A Not\u00edcia Online\" \/>\n\t\t<meta name=\"twitter:description\" content=\"A Escola Pinguinho de Gente realizou sua XXVI Semana de Arte, que, este ano, abordou o tema \u201cVivendo a Arte \u2013 Conhecendo o Mundo\u201d. O evento, que aconteceu entres os dias 24 e 28 de outubro, envolveu os professores, os funcion\u00e1rios, a dire\u00e7\u00e3o da escola e contou com a presen\u00e7a dos familiares dos alunos. Maria\" \/>\n\t\t<meta name=\"twitter:image\" content=\"https:\/\/scontent-gig4-1.xx.fbcdn.net\/v\/t39.30808-1\/270437624_4564083193639691_6907940295614233970_n.jpg?stp=dst-jpg_s200x200_tt6&amp;_nc_cat=111&amp;ccb=1-7&amp;_nc_sid=f907e8&amp;_nc_ohc=SM1wRlP3lJwQ7kNvwEPuBYA&amp;_nc_oc=AdnqrjDN_BNjSSHWO-GbkIWH6fkGMLw4bqvL_NH6e2wMveX7G-rP2dAqsDSq1mJMOaY&amp;_nc_zt=24&amp;_nc_ht=scontent-gig4-1.xx&amp;_nc_gid=AoBFJeGrT1hVaew_6rchkQ&amp;oh=00_AfX7QmFGhQhG2jAllVgXCiM1ZrWgvtp80-Bfppyexh1QEg&amp;oe=689E923C\" \/>\n\t\t<script type=\"application\/ld+json\" class=\"aioseo-schema\">\n\t\t\t{\"@context\":\"https:\\\/\\\/schema.org\",\"@graph\":[{\"@type\":\"BlogPosting\",\"@id\":\"https:\\\/\\\/anoticiaonline.com.br\\\/site\\\/escola-pinguinho-de-gente-realiza-sua-xxvi-semana-de-arte-2017\\\/#blogposting\",\"name\":\"Escola Pinguinho de Gente realiza sua XXVI Semana de Arte 2017 - A Not\\u00edcia Online\",\"headline\":\"Escola Pinguinho de Gente realiza sua XXVI Semana de Arte 2017\",\"author\":{\"@id\":\"https:\\\/\\\/anoticiaonline.com.br\\\/site\\\/author\\\/juliana\\\/#author\"},\"publisher\":{\"@id\":\"https:\\\/\\\/anoticiaonline.com.br\\\/site\\\/#organization\"},\"image\":{\"@type\":\"ImageObject\",\"url\":\"https:\\\/\\\/anoticiaonline.com.br\\\/site\\\/wp-content\\\/uploads\\\/2017\\\/11\\\/DSC_0550.jpg\",\"width\":640,\"height\":426},\"datePublished\":\"2017-11-01T19:58:59-03:00\",\"dateModified\":\"2017-11-01T20:25:41-03:00\",\"inLanguage\":\"pt-BR\",\"mainEntityOfPage\":{\"@id\":\"https:\\\/\\\/anoticiaonline.com.br\\\/site\\\/escola-pinguinho-de-gente-realiza-sua-xxvi-semana-de-arte-2017\\\/#webpage\"},\"isPartOf\":{\"@id\":\"https:\\\/\\\/anoticiaonline.com.br\\\/site\\\/escola-pinguinho-de-gente-realiza-sua-xxvi-semana-de-arte-2017\\\/#webpage\"},\"articleSection\":\"Gerais, Educa\\u00e7\\u00e3o, escola, Escola Pinguinho de Gente, Maria Em\\u00edlia Martins Baroni, maternal, matr\\u00edcula, Muria\\u00e9, Pinguinho de Gente, Viajando com os Pais, Vivendo a Arte \\u2013 Conhecendo o Mundo, XXVI Semana de Arte\"},{\"@type\":\"BreadcrumbList\",\"@id\":\"https:\\\/\\\/anoticiaonline.com.br\\\/site\\\/escola-pinguinho-de-gente-realiza-sua-xxvi-semana-de-arte-2017\\\/#breadcrumblist\",\"itemListElement\":[{\"@type\":\"ListItem\",\"@id\":\"https:\\\/\\\/anoticiaonline.com.br\\\/site#listItem\",\"position\":1,\"name\":\"Home\",\"item\":\"https:\\\/\\\/anoticiaonline.com.br\\\/site\",\"nextItem\":{\"@type\":\"ListItem\",\"@id\":\"https:\\\/\\\/anoticiaonline.com.br\\\/site\\\/categoria\\\/gerais\\\/#listItem\",\"name\":\"Gerais\"}},{\"@type\":\"ListItem\",\"@id\":\"https:\\\/\\\/anoticiaonline.com.br\\\/site\\\/categoria\\\/gerais\\\/#listItem\",\"position\":2,\"name\":\"Gerais\",\"item\":\"https:\\\/\\\/anoticiaonline.com.br\\\/site\\\/categoria\\\/gerais\\\/\",\"nextItem\":{\"@type\":\"ListItem\",\"@id\":\"https:\\\/\\\/anoticiaonline.com.br\\\/site\\\/escola-pinguinho-de-gente-realiza-sua-xxvi-semana-de-arte-2017\\\/#listItem\",\"name\":\"Escola Pinguinho de Gente realiza sua XXVI Semana de Arte 2017\"},\"previousItem\":{\"@type\":\"ListItem\",\"@id\":\"https:\\\/\\\/anoticiaonline.com.br\\\/site#listItem\",\"name\":\"Home\"}},{\"@type\":\"ListItem\",\"@id\":\"https:\\\/\\\/anoticiaonline.com.br\\\/site\\\/escola-pinguinho-de-gente-realiza-sua-xxvi-semana-de-arte-2017\\\/#listItem\",\"position\":3,\"name\":\"Escola Pinguinho de Gente realiza sua XXVI Semana de Arte 2017\",\"previousItem\":{\"@type\":\"ListItem\",\"@id\":\"https:\\\/\\\/anoticiaonline.com.br\\\/site\\\/categoria\\\/gerais\\\/#listItem\",\"name\":\"Gerais\"}}]},{\"@type\":\"Organization\",\"@id\":\"https:\\\/\\\/anoticiaonline.com.br\\\/site\\\/#organization\",\"name\":\"A Not\\u00edcia Online\",\"description\":\"Noticias de Muria\\u00e9 e regi\\u00e3o\",\"url\":\"https:\\\/\\\/anoticiaonline.com.br\\\/site\\\/\",\"logo\":{\"@type\":\"ImageObject\",\"url\":\"https:\\\/\\\/scontent-gig4-1.xx.fbcdn.net\\\/v\\\/t39.30808-1\\\/270437624_4564083193639691_6907940295614233970_n.jpg?stp=dst-jpg_s200x200_tt6&_nc_cat=111&ccb=1-7&_nc_sid=f907e8&_nc_ohc=SM1wRlP3lJwQ7kNvwEPuBYA&_nc_oc=AdnqrjDN_BNjSSHWO-GbkIWH6fkGMLw4bqvL_NH6e2wMveX7G-rP2dAqsDSq1mJMOaY&_nc_zt=24&_nc_ht=scontent-gig4-1.xx&_nc_gid=AoBFJeGrT1hVaew_6rchkQ&oh=00_AfX7QmFGhQhG2jAllVgXCiM1ZrWgvtp80-Bfppyexh1QEg&oe=689E923C\",\"@id\":\"https:\\\/\\\/anoticiaonline.com.br\\\/site\\\/escola-pinguinho-de-gente-realiza-sua-xxvi-semana-de-arte-2017\\\/#organizationLogo\"},\"image\":{\"@id\":\"https:\\\/\\\/anoticiaonline.com.br\\\/site\\\/escola-pinguinho-de-gente-realiza-sua-xxvi-semana-de-arte-2017\\\/#organizationLogo\"}},{\"@type\":\"Person\",\"@id\":\"https:\\\/\\\/anoticiaonline.com.br\\\/site\\\/author\\\/juliana\\\/#author\",\"url\":\"https:\\\/\\\/anoticiaonline.com.br\\\/site\\\/author\\\/juliana\\\/\",\"name\":\"Juliana Laviola\",\"image\":{\"@type\":\"ImageObject\",\"@id\":\"https:\\\/\\\/anoticiaonline.com.br\\\/site\\\/escola-pinguinho-de-gente-realiza-sua-xxvi-semana-de-arte-2017\\\/#authorImage\",\"url\":\"https:\\\/\\\/secure.gravatar.com\\\/avatar\\\/b8d45f5c699b100dfaf0e543582f38f38bf94cb7ae3a5e9abf8d891a34773335?s=96&d=mm&r=g\",\"width\":96,\"height\":96,\"caption\":\"Juliana Laviola\"}},{\"@type\":\"WebPage\",\"@id\":\"https:\\\/\\\/anoticiaonline.com.br\\\/site\\\/escola-pinguinho-de-gente-realiza-sua-xxvi-semana-de-arte-2017\\\/#webpage\",\"url\":\"https:\\\/\\\/anoticiaonline.com.br\\\/site\\\/escola-pinguinho-de-gente-realiza-sua-xxvi-semana-de-arte-2017\\\/\",\"name\":\"Escola Pinguinho de Gente realiza sua XXVI Semana de Arte 2017 - A Not\\u00edcia Online\",\"description\":\"A Escola Pinguinho de Gente realizou sua XXVI Semana de Arte, que, este ano, abordou o tema \\u201cVivendo a Arte \\u2013 Conhecendo o Mundo\\u201d. O evento, que aconteceu entres os dias 24 e 28 de outubro, envolveu os professores, os funcion\\u00e1rios, a dire\\u00e7\\u00e3o da escola e contou com a presen\\u00e7a dos familiares dos alunos. Maria\",\"inLanguage\":\"pt-BR\",\"isPartOf\":{\"@id\":\"https:\\\/\\\/anoticiaonline.com.br\\\/site\\\/#website\"},\"breadcrumb\":{\"@id\":\"https:\\\/\\\/anoticiaonline.com.br\\\/site\\\/escola-pinguinho-de-gente-realiza-sua-xxvi-semana-de-arte-2017\\\/#breadcrumblist\"},\"author\":{\"@id\":\"https:\\\/\\\/anoticiaonline.com.br\\\/site\\\/author\\\/juliana\\\/#author\"},\"creator\":{\"@id\":\"https:\\\/\\\/anoticiaonline.com.br\\\/site\\\/author\\\/juliana\\\/#author\"},\"image\":{\"@type\":\"ImageObject\",\"url\":\"https:\\\/\\\/anoticiaonline.com.br\\\/site\\\/wp-content\\\/uploads\\\/2017\\\/11\\\/DSC_0550.jpg\",\"@id\":\"https:\\\/\\\/anoticiaonline.com.br\\\/site\\\/escola-pinguinho-de-gente-realiza-sua-xxvi-semana-de-arte-2017\\\/#mainImage\",\"width\":640,\"height\":426},\"primaryImageOfPage\":{\"@id\":\"https:\\\/\\\/anoticiaonline.com.br\\\/site\\\/escola-pinguinho-de-gente-realiza-sua-xxvi-semana-de-arte-2017\\\/#mainImage\"},\"datePublished\":\"2017-11-01T19:58:59-03:00\",\"dateModified\":\"2017-11-01T20:25:41-03:00\"},{\"@type\":\"WebSite\",\"@id\":\"https:\\\/\\\/anoticiaonline.com.br\\\/site\\\/#website\",\"url\":\"https:\\\/\\\/anoticiaonline.com.br\\\/site\\\/\",\"name\":\"A Not\\u00edcia Online\",\"description\":\"Noticias de Muria\\u00e9 e regi\\u00e3o\",\"inLanguage\":\"pt-BR\",\"publisher\":{\"@id\":\"https:\\\/\\\/anoticiaonline.com.br\\\/site\\\/#organization\"}}]}\n\t\t<\/script>\n\t\t<!-- All in One SEO -->\n\n","aioseo_head_json":{"title":"Escola Pinguinho de Gente realiza sua XXVI Semana de Arte 2017 - A Not\u00edcia Online","description":"A Escola Pinguinho de Gente realizou sua XXVI Semana de Arte, que, este ano, abordou o tema \u201cVivendo a Arte \u2013 Conhecendo o Mundo\u201d. O evento, que aconteceu entres os dias 24 e 28 de outubro, envolveu os professores, os funcion\u00e1rios, a dire\u00e7\u00e3o da escola e contou com a presen\u00e7a dos familiares dos alunos. Maria","canonical_url":"https:\/\/anoticiaonline.com.br\/site\/escola-pinguinho-de-gente-realiza-sua-xxvi-semana-de-arte-2017\/","robots":"max-image-preview:large","keywords":"","webmasterTools":{"miscellaneous":""},"schema":{"@context":"https:\/\/schema.org","@graph":[{"@type":"BlogPosting","@id":"https:\/\/anoticiaonline.com.br\/site\/escola-pinguinho-de-gente-realiza-sua-xxvi-semana-de-arte-2017\/#blogposting","name":"Escola Pinguinho de Gente realiza sua XXVI Semana de Arte 2017 - A Not\u00edcia Online","headline":"Escola Pinguinho de Gente realiza sua XXVI Semana de Arte 2017","author":{"@id":"https:\/\/anoticiaonline.com.br\/site\/author\/juliana\/#author"},"publisher":{"@id":"https:\/\/anoticiaonline.com.br\/site\/#organization"},"image":{"@type":"ImageObject","url":"https:\/\/anoticiaonline.com.br\/site\/wp-content\/uploads\/2017\/11\/DSC_0550.jpg","width":640,"height":426},"datePublished":"2017-11-01T19:58:59-03:00","dateModified":"2017-11-01T20:25:41-03:00","inLanguage":"pt-BR","mainEntityOfPage":{"@id":"https:\/\/anoticiaonline.com.br\/site\/escola-pinguinho-de-gente-realiza-sua-xxvi-semana-de-arte-2017\/#webpage"},"isPartOf":{"@id":"https:\/\/anoticiaonline.com.br\/site\/escola-pinguinho-de-gente-realiza-sua-xxvi-semana-de-arte-2017\/#webpage"},"articleSection":"Gerais, Educa\u00e7\u00e3o, escola, Escola Pinguinho de Gente, Maria Em\u00edlia Martins Baroni, maternal, matr\u00edcula, Muria\u00e9, Pinguinho de Gente, Viajando com os Pais, Vivendo a Arte \u2013 Conhecendo o Mundo, XXVI Semana de Arte"},{"@type":"BreadcrumbList","@id":"https:\/\/anoticiaonline.com.br\/site\/escola-pinguinho-de-gente-realiza-sua-xxvi-semana-de-arte-2017\/#breadcrumblist","itemListElement":[{"@type":"ListItem","@id":"https:\/\/anoticiaonline.com.br\/site#listItem","position":1,"name":"Home","item":"https:\/\/anoticiaonline.com.br\/site","nextItem":{"@type":"ListItem","@id":"https:\/\/anoticiaonline.com.br\/site\/categoria\/gerais\/#listItem","name":"Gerais"}},{"@type":"ListItem","@id":"https:\/\/anoticiaonline.com.br\/site\/categoria\/gerais\/#listItem","position":2,"name":"Gerais","item":"https:\/\/anoticiaonline.com.br\/site\/categoria\/gerais\/","nextItem":{"@type":"ListItem","@id":"https:\/\/anoticiaonline.com.br\/site\/escola-pinguinho-de-gente-realiza-sua-xxvi-semana-de-arte-2017\/#listItem","name":"Escola Pinguinho de Gente realiza sua XXVI Semana de Arte 2017"},"previousItem":{"@type":"ListItem","@id":"https:\/\/anoticiaonline.com.br\/site#listItem","name":"Home"}},{"@type":"ListItem","@id":"https:\/\/anoticiaonline.com.br\/site\/escola-pinguinho-de-gente-realiza-sua-xxvi-semana-de-arte-2017\/#listItem","position":3,"name":"Escola Pinguinho de Gente realiza sua XXVI Semana de Arte 2017","previousItem":{"@type":"ListItem","@id":"https:\/\/anoticiaonline.com.br\/site\/categoria\/gerais\/#listItem","name":"Gerais"}}]},{"@type":"Organization","@id":"https:\/\/anoticiaonline.com.br\/site\/#organization","name":"A Not\u00edcia Online","description":"Noticias de Muria\u00e9 e regi\u00e3o","url":"https:\/\/anoticiaonline.com.br\/site\/","logo":{"@type":"ImageObject","url":"https:\/\/scontent-gig4-1.xx.fbcdn.net\/v\/t39.30808-1\/270437624_4564083193639691_6907940295614233970_n.jpg?stp=dst-jpg_s200x200_tt6&_nc_cat=111&ccb=1-7&_nc_sid=f907e8&_nc_ohc=SM1wRlP3lJwQ7kNvwEPuBYA&_nc_oc=AdnqrjDN_BNjSSHWO-GbkIWH6fkGMLw4bqvL_NH6e2wMveX7G-rP2dAqsDSq1mJMOaY&_nc_zt=24&_nc_ht=scontent-gig4-1.xx&_nc_gid=AoBFJeGrT1hVaew_6rchkQ&oh=00_AfX7QmFGhQhG2jAllVgXCiM1ZrWgvtp80-Bfppyexh1QEg&oe=689E923C","@id":"https:\/\/anoticiaonline.com.br\/site\/escola-pinguinho-de-gente-realiza-sua-xxvi-semana-de-arte-2017\/#organizationLogo"},"image":{"@id":"https:\/\/anoticiaonline.com.br\/site\/escola-pinguinho-de-gente-realiza-sua-xxvi-semana-de-arte-2017\/#organizationLogo"}},{"@type":"Person","@id":"https:\/\/anoticiaonline.com.br\/site\/author\/juliana\/#author","url":"https:\/\/anoticiaonline.com.br\/site\/author\/juliana\/","name":"Juliana Laviola","image":{"@type":"ImageObject","@id":"https:\/\/anoticiaonline.com.br\/site\/escola-pinguinho-de-gente-realiza-sua-xxvi-semana-de-arte-2017\/#authorImage","url":"https:\/\/secure.gravatar.com\/avatar\/b8d45f5c699b100dfaf0e543582f38f38bf94cb7ae3a5e9abf8d891a34773335?s=96&d=mm&r=g","width":96,"height":96,"caption":"Juliana Laviola"}},{"@type":"WebPage","@id":"https:\/\/anoticiaonline.com.br\/site\/escola-pinguinho-de-gente-realiza-sua-xxvi-semana-de-arte-2017\/#webpage","url":"https:\/\/anoticiaonline.com.br\/site\/escola-pinguinho-de-gente-realiza-sua-xxvi-semana-de-arte-2017\/","name":"Escola Pinguinho de Gente realiza sua XXVI Semana de Arte 2017 - A Not\u00edcia Online","description":"A Escola Pinguinho de Gente realizou sua XXVI Semana de Arte, que, este ano, abordou o tema \u201cVivendo a Arte \u2013 Conhecendo o Mundo\u201d. O evento, que aconteceu entres os dias 24 e 28 de outubro, envolveu os professores, os funcion\u00e1rios, a dire\u00e7\u00e3o da escola e contou com a presen\u00e7a dos familiares dos alunos. Maria","inLanguage":"pt-BR","isPartOf":{"@id":"https:\/\/anoticiaonline.com.br\/site\/#website"},"breadcrumb":{"@id":"https:\/\/anoticiaonline.com.br\/site\/escola-pinguinho-de-gente-realiza-sua-xxvi-semana-de-arte-2017\/#breadcrumblist"},"author":{"@id":"https:\/\/anoticiaonline.com.br\/site\/author\/juliana\/#author"},"creator":{"@id":"https:\/\/anoticiaonline.com.br\/site\/author\/juliana\/#author"},"image":{"@type":"ImageObject","url":"https:\/\/anoticiaonline.com.br\/site\/wp-content\/uploads\/2017\/11\/DSC_0550.jpg","@id":"https:\/\/anoticiaonline.com.br\/site\/escola-pinguinho-de-gente-realiza-sua-xxvi-semana-de-arte-2017\/#mainImage","width":640,"height":426},"primaryImageOfPage":{"@id":"https:\/\/anoticiaonline.com.br\/site\/escola-pinguinho-de-gente-realiza-sua-xxvi-semana-de-arte-2017\/#mainImage"},"datePublished":"2017-11-01T19:58:59-03:00","dateModified":"2017-11-01T20:25:41-03:00"},{"@type":"WebSite","@id":"https:\/\/anoticiaonline.com.br\/site\/#website","url":"https:\/\/anoticiaonline.com.br\/site\/","name":"A Not\u00edcia Online","description":"Noticias de Muria\u00e9 e regi\u00e3o","inLanguage":"pt-BR","publisher":{"@id":"https:\/\/anoticiaonline.com.br\/site\/#organization"}}]},"og:locale":"pt_BR","og:site_name":"A Not\u00edcia Online - Noticias de Muria\u00e9 e regi\u00e3o","og:type":"article","og:title":"Escola Pinguinho de Gente realiza sua XXVI Semana de Arte 2017 - A Not\u00edcia Online","og:description":"A Escola Pinguinho de Gente realizou sua XXVI Semana de Arte, que, este ano, abordou o tema \u201cVivendo a Arte \u2013 Conhecendo o Mundo\u201d. O evento, que aconteceu entres os dias 24 e 28 de outubro, envolveu os professores, os funcion\u00e1rios, a dire\u00e7\u00e3o da escola e contou com a presen\u00e7a dos familiares dos alunos. Maria","og:url":"https:\/\/anoticiaonline.com.br\/site\/escola-pinguinho-de-gente-realiza-sua-xxvi-semana-de-arte-2017\/","og:image":"https:\/\/scontent-gig4-1.xx.fbcdn.net\/v\/t39.30808-1\/270437624_4564083193639691_6907940295614233970_n.jpg?stp=dst-jpg_s200x200_tt6&#038;_nc_cat=111&#038;ccb=1-7&#038;_nc_sid=f907e8&#038;_nc_ohc=SM1wRlP3lJwQ7kNvwEPuBYA&#038;_nc_oc=AdnqrjDN_BNjSSHWO-GbkIWH6fkGMLw4bqvL_NH6e2wMveX7G-rP2dAqsDSq1mJMOaY&#038;_nc_zt=24&#038;_nc_ht=scontent-gig4-1.xx&#038;_nc_gid=AoBFJeGrT1hVaew_6rchkQ&#038;oh=00_AfX7QmFGhQhG2jAllVgXCiM1ZrWgvtp80-Bfppyexh1QEg&#038;oe=689E923C","og:image:secure_url":"https:\/\/scontent-gig4-1.xx.fbcdn.net\/v\/t39.30808-1\/270437624_4564083193639691_6907940295614233970_n.jpg?stp=dst-jpg_s200x200_tt6&#038;_nc_cat=111&#038;ccb=1-7&#038;_nc_sid=f907e8&#038;_nc_ohc=SM1wRlP3lJwQ7kNvwEPuBYA&#038;_nc_oc=AdnqrjDN_BNjSSHWO-GbkIWH6fkGMLw4bqvL_NH6e2wMveX7G-rP2dAqsDSq1mJMOaY&#038;_nc_zt=24&#038;_nc_ht=scontent-gig4-1.xx&#038;_nc_gid=AoBFJeGrT1hVaew_6rchkQ&#038;oh=00_AfX7QmFGhQhG2jAllVgXCiM1ZrWgvtp80-Bfppyexh1QEg&#038;oe=689E923C","article:published_time":"2017-11-01T22:58:59+00:00","article:modified_time":"2017-11-01T23:25:41+00:00","twitter:card":"summary_large_image","twitter:title":"Escola Pinguinho de Gente realiza sua XXVI Semana de Arte 2017 - A Not\u00edcia Online","twitter:description":"A Escola Pinguinho de Gente realizou sua XXVI Semana de Arte, que, este ano, abordou o tema \u201cVivendo a Arte \u2013 Conhecendo o Mundo\u201d. O evento, que aconteceu entres os dias 24 e 28 de outubro, envolveu os professores, os funcion\u00e1rios, a dire\u00e7\u00e3o da escola e contou com a presen\u00e7a dos familiares dos alunos. Maria","twitter:image":"https:\/\/scontent-gig4-1.xx.fbcdn.net\/v\/t39.30808-1\/270437624_4564083193639691_6907940295614233970_n.jpg?stp=dst-jpg_s200x200_tt6&_nc_cat=111&ccb=1-7&_nc_sid=f907e8&_nc_ohc=SM1wRlP3lJwQ7kNvwEPuBYA&_nc_oc=AdnqrjDN_BNjSSHWO-GbkIWH6fkGMLw4bqvL_NH6e2wMveX7G-rP2dAqsDSq1mJMOaY&_nc_zt=24&_nc_ht=scontent-gig4-1.xx&_nc_gid=AoBFJeGrT1hVaew_6rchkQ&oh=00_AfX7QmFGhQhG2jAllVgXCiM1ZrWgvtp80-Bfppyexh1QEg&oe=689E923C"},"aioseo_meta_data":{"post_id":"44359","title":null,"description":null,"keywords":null,"keyphrases":null,"primary_term":null,"canonical_url":null,"og_title":null,"og_description":null,"og_object_type":"default","og_image_type":"default","og_image_url":null,"og_image_width":null,"og_image_height":null,"og_image_custom_url":null,"og_image_custom_fields":null,"og_video":null,"og_custom_url":null,"og_article_section":null,"og_article_tags":null,"twitter_use_og":false,"twitter_card":"default","twitter_image_type":"default","twitter_image_url":null,"twitter_image_custom_url":null,"twitter_image_custom_fields":null,"twitter_title":null,"twitter_description":null,"schema":{"blockGraphs":[],"customGraphs":[],"default":{"data":{"Article":[],"Course":[],"Dataset":[],"FAQPage":[],"Movie":[],"Person":[],"Product":[],"ProductReview":[],"Car":[],"Recipe":[],"Service":[],"SoftwareApplication":[],"WebPage":[]},"graphName":"","isEnabled":true},"graphs":[]},"schema_type":"default","schema_type_options":null,"pillar_content":false,"robots_default":true,"robots_noindex":false,"robots_noarchive":false,"robots_nosnippet":false,"robots_nofollow":false,"robots_noimageindex":false,"robots_noodp":false,"robots_notranslate":false,"robots_max_snippet":null,"robots_max_videopreview":null,"robots_max_imagepreview":"large","priority":null,"frequency":null,"local_seo":null,"breadcrumb_settings":null,"limit_modified_date":false,"ai":null,"created":"2025-08-16 19:44:42","updated":"2025-08-16 19:44:42","focus_keyword":null,"additional_keywords":null,"truseo_locale":null,"seo_analyzer_scan_date":null},"aioseo_breadcrumb":"<div class=\"aioseo-breadcrumbs\"><span class=\"aioseo-breadcrumb\">\n\t\t\t<a href=\"https:\/\/anoticiaonline.com.br\/site\" title=\"Home\">Home<\/a>\n\t\t<\/span><span class=\"aioseo-breadcrumb-separator\">&raquo;<\/span><span class=\"aioseo-breadcrumb\">\n\t\t\t<a href=\"https:\/\/anoticiaonline.com.br\/site\/categoria\/gerais\/\" title=\"Gerais\">Gerais<\/a>\n\t\t<\/span><span class=\"aioseo-breadcrumb-separator\">&raquo;<\/span><span class=\"aioseo-breadcrumb\">\n\t\t\tEscola Pinguinho de Gente realiza sua XXVI Semana de Arte 2017\n\t\t<\/span><\/div>","aioseo_breadcrumb_json":[{"label":"Home","link":"https:\/\/anoticiaonline.com.br\/site"},{"label":"Gerais","link":"https:\/\/anoticiaonline.com.br\/site\/categoria\/gerais\/"},{"label":"Escola Pinguinho de Gente realiza sua XXVI Semana de Arte 2017","link":"https:\/\/anoticiaonline.com.br\/site\/escola-pinguinho-de-gente-realiza-sua-xxvi-semana-de-arte-2017\/"}],"views":136,"_links":{"self":[{"href":"https:\/\/anoticiaonline.com.br\/site\/wp-json\/wp\/v2\/posts\/44359","targetHints":{"allow":["GET"]}}],"collection":[{"href":"https:\/\/anoticiaonline.com.br\/site\/wp-json\/wp\/v2\/posts"}],"about":[{"href":"https:\/\/anoticiaonline.com.br\/site\/wp-json\/wp\/v2\/types\/post"}],"author":[{"embeddable":true,"href":"https:\/\/anoticiaonline.com.br\/site\/wp-json\/wp\/v2\/users\/2"}],"replies":[{"embeddable":true,"href":"https:\/\/anoticiaonline.com.br\/site\/wp-json\/wp\/v2\/comments?post=44359"}],"version-history":[{"count":0,"href":"https:\/\/anoticiaonline.com.br\/site\/wp-json\/wp\/v2\/posts\/44359\/revisions"}],"wp:featuredmedia":[{"embeddable":true,"href":"https:\/\/anoticiaonline.com.br\/site\/wp-json\/wp\/v2\/media\/44367"}],"wp:attachment":[{"href":"https:\/\/anoticiaonline.com.br\/site\/wp-json\/wp\/v2\/media?parent=44359"}],"wp:term":[{"taxonomy":"category","embeddable":true,"href":"https:\/\/anoticiaonline.com.br\/site\/wp-json\/wp\/v2\/categories?post=44359"},{"taxonomy":"post_tag","embeddable":true,"href":"https:\/\/anoticiaonline.com.br\/site\/wp-json\/wp\/v2\/tags?post=44359"}],"curies":[{"name":"wp","href":"https:\/\/api.w.org\/{rel}","templated":true}]}}