{"id":44274,"date":"2017-11-01T19:19:26","date_gmt":"2017-11-01T22:19:26","guid":{"rendered":"http:\/\/anoticiaonline.com.br\/site\/?p=44274"},"modified":"2017-11-01T20:11:58","modified_gmt":"2017-11-01T23:11:58","slug":"festa-das-criancas-e-encontro-de-folia-acontece-no-bairro-gaspar","status":"publish","type":"post","link":"https:\/\/anoticiaonline.com.br\/site\/festa-das-criancas-e-encontro-de-folia-acontece-no-bairro-gaspar\/","title":{"rendered":"Festa das crian\u00e7as e encontro de folia acontece no Bairro Gaspar"},"content":{"rendered":"<p>&nbsp;<\/p>\n<p style=\"margin: 0cm; margin-bottom: .0001pt; text-align: justify; line-height: 15.75pt; background: white;\"><span style=\"color: black;\"><a href=\"https:\/\/anoticiaonline.com.br\/site\/wp-content\/uploads\/2017\/11\/aab300c0-0246-44bf-99bb-c4ceb949e28d.jpg\"><img fetchpriority=\"high\" decoding=\"async\" class=\"aligncenter size-full wp-image-44363\" src=\"https:\/\/anoticiaonline.com.br\/site\/wp-content\/uploads\/2017\/11\/aab300c0-0246-44bf-99bb-c4ceb949e28d.jpg\" alt=\"\" width=\"640\" height=\"360\" srcset=\"https:\/\/anoticiaonline.com.br\/site\/wp-content\/uploads\/2017\/11\/aab300c0-0246-44bf-99bb-c4ceb949e28d.jpg 640w, https:\/\/anoticiaonline.com.br\/site\/wp-content\/uploads\/2017\/11\/aab300c0-0246-44bf-99bb-c4ceb949e28d-300x169.jpg 300w\" sizes=\"(max-width: 640px) 100vw, 640px\" \/><\/a>Wellington Jos\u00e9 de Ara\u00fajo, um dos organizadores do evento disse: \u201cMeu tio Carlinho e eu fizemos uma promessa, ele me ajudou muito e, at\u00e9 hoje me ajuda. Ent\u00e3o, eu prometi que faria essa festa por ele, pois ele sempre adorou e participou deste tipo de comemora\u00e7\u00e3o. Eu segui seus passos, os vizinhos sempre me ajudam, a festa foi feita para 200 crian\u00e7as, com 300 sacolinhas, matamos um porco e fizemos feijoada para o jantar. Eu cresci nesse meio de festas. Durante a noite, recebemos quatro Folias de Reis, uma do Bairro Marambaia, duas do Bairro Safira e da Rua Nova&#8221;, disse.\u00a0<\/span><\/p>\n<p style=\"margin: 0cm; margin-bottom: .0001pt; text-align: justify; line-height: 15.75pt; background: white;\"><span style=\"color: black;\">\u00a0<\/span><\/p>\n<p style=\"margin: 0cm; margin-bottom: .0001pt; text-align: justify; line-height: 15.75pt; background: white;\"><span style=\"color: black;\">&#8220;Agrade\u00e7o a presen\u00e7a de voc\u00eas e ano que vem faremos melhor&#8221;, disse Mariana Louren\u00e7o de Ara\u00fajo Oliveira, uma das organizadoras.<\/span><\/p>\n","protected":false},"excerpt":{"rendered":"<p>&nbsp; Wellington Jos\u00e9 de Ara\u00fajo, um dos organizadores do evento disse: \u201cMeu tio Carlinho e eu fizemos uma promessa, ele me ajudou muito e, at\u00e9 hoje me ajuda. Ent\u00e3o, eu prometi que faria essa festa por ele, pois ele sempre adorou e participou deste tipo de comemora\u00e7\u00e3o. Eu segui seus passos, os vizinhos sempre me &#8230; <a title=\"Festa das crian\u00e7as e encontro de folia acontece no Bairro Gaspar\" class=\"read-more\" href=\"https:\/\/anoticiaonline.com.br\/site\/festa-das-criancas-e-encontro-de-folia-acontece-no-bairro-gaspar\/\" aria-label=\"Read more about Festa das crian\u00e7as e encontro de folia acontece no Bairro Gaspar\">Ler mais<\/a><\/p>\n","protected":false},"author":2,"featured_media":44363,"comment_status":"open","ping_status":"open","sticky":false,"template":"","format":"standard","meta":{"_acf_changed":false,"_monsterinsights_skip_tracking":false,"footnotes":""},"categories":[30],"tags":[879,308,1471,421,74],"class_list":["post-44274","post","type-post","status-publish","format-standard","has-post-thumbnail","hentry","category-muriae","tag-criancas","tag-festa","tag-folia-de-reis","tag-gaspar","tag-muriae"],"acf":[],"aioseo_notices":[],"aioseo_head":"\n\t\t<!-- All in One SEO 5.0.0.1 - aioseo.com -->\n\t<meta name=\"description\" content=\"Wellington Jos\u00e9 de Ara\u00fajo, um dos organizadores do evento disse: \u201cMeu tio Carlinho e eu fizemos uma promessa, ele me ajudou muito e, at\u00e9 hoje me ajuda. Ent\u00e3o, eu prometi que faria essa festa por ele, pois ele sempre adorou e participou deste tipo de comemora\u00e7\u00e3o. Eu segui seus passos, os vizinhos sempre me\" \/>\n\t<meta name=\"robots\" content=\"max-image-preview:large\" \/>\n\t<meta name=\"author\" content=\"Juliana Laviola\"\/>\n\t<link rel=\"canonical\" href=\"https:\/\/anoticiaonline.com.br\/site\/festa-das-criancas-e-encontro-de-folia-acontece-no-bairro-gaspar\/\" \/>\n\t<meta name=\"generator\" content=\"All in One SEO (AIOSEO) 5.0.0.1\" \/>\n\t\t<meta property=\"og:locale\" content=\"pt_BR\" \/>\n\t\t<meta property=\"og:site_name\" content=\"A Not\u00edcia Online - Noticias de Muria\u00e9 e regi\u00e3o\" \/>\n\t\t<meta property=\"og:type\" content=\"article\" \/>\n\t\t<meta property=\"og:title\" content=\"Festa das crian\u00e7as e encontro de folia acontece no Bairro Gaspar - A Not\u00edcia Online\" \/>\n\t\t<meta property=\"og:description\" content=\"Wellington Jos\u00e9 de Ara\u00fajo, um dos organizadores do evento disse: \u201cMeu tio Carlinho e eu fizemos uma promessa, ele me ajudou muito e, at\u00e9 hoje me ajuda. Ent\u00e3o, eu prometi que faria essa festa por ele, pois ele sempre adorou e participou deste tipo de comemora\u00e7\u00e3o. Eu segui seus passos, os vizinhos sempre me\" \/>\n\t\t<meta property=\"og:url\" content=\"https:\/\/anoticiaonline.com.br\/site\/festa-das-criancas-e-encontro-de-folia-acontece-no-bairro-gaspar\/\" \/>\n\t\t<meta property=\"og:image\" content=\"https:\/\/scontent-gig4-1.xx.fbcdn.net\/v\/t39.30808-1\/270437624_4564083193639691_6907940295614233970_n.jpg?stp=dst-jpg_s200x200_tt6&#038;_nc_cat=111&#038;ccb=1-7&#038;_nc_sid=f907e8&#038;_nc_ohc=SM1wRlP3lJwQ7kNvwEPuBYA&#038;_nc_oc=AdnqrjDN_BNjSSHWO-GbkIWH6fkGMLw4bqvL_NH6e2wMveX7G-rP2dAqsDSq1mJMOaY&#038;_nc_zt=24&#038;_nc_ht=scontent-gig4-1.xx&#038;_nc_gid=AoBFJeGrT1hVaew_6rchkQ&#038;oh=00_AfX7QmFGhQhG2jAllVgXCiM1ZrWgvtp80-Bfppyexh1QEg&#038;oe=689E923C\" \/>\n\t\t<meta property=\"og:image:secure_url\" content=\"https:\/\/scontent-gig4-1.xx.fbcdn.net\/v\/t39.30808-1\/270437624_4564083193639691_6907940295614233970_n.jpg?stp=dst-jpg_s200x200_tt6&#038;_nc_cat=111&#038;ccb=1-7&#038;_nc_sid=f907e8&#038;_nc_ohc=SM1wRlP3lJwQ7kNvwEPuBYA&#038;_nc_oc=AdnqrjDN_BNjSSHWO-GbkIWH6fkGMLw4bqvL_NH6e2wMveX7G-rP2dAqsDSq1mJMOaY&#038;_nc_zt=24&#038;_nc_ht=scontent-gig4-1.xx&#038;_nc_gid=AoBFJeGrT1hVaew_6rchkQ&#038;oh=00_AfX7QmFGhQhG2jAllVgXCiM1ZrWgvtp80-Bfppyexh1QEg&#038;oe=689E923C\" \/>\n\t\t<meta property=\"article:published_time\" content=\"2017-11-01T22:19:26+00:00\" \/>\n\t\t<meta property=\"article:modified_time\" content=\"2017-11-01T23:11:58+00:00\" \/>\n\t\t<meta name=\"twitter:card\" content=\"summary_large_image\" \/>\n\t\t<meta name=\"twitter:title\" content=\"Festa das crian\u00e7as e encontro de folia acontece no Bairro Gaspar - A Not\u00edcia Online\" \/>\n\t\t<meta name=\"twitter:description\" content=\"Wellington Jos\u00e9 de Ara\u00fajo, um dos organizadores do evento disse: \u201cMeu tio Carlinho e eu fizemos uma promessa, ele me ajudou muito e, at\u00e9 hoje me ajuda. Ent\u00e3o, eu prometi que faria essa festa por ele, pois ele sempre adorou e participou deste tipo de comemora\u00e7\u00e3o. Eu segui seus passos, os vizinhos sempre me\" \/>\n\t\t<meta name=\"twitter:image\" content=\"https:\/\/scontent-gig4-1.xx.fbcdn.net\/v\/t39.30808-1\/270437624_4564083193639691_6907940295614233970_n.jpg?stp=dst-jpg_s200x200_tt6&amp;_nc_cat=111&amp;ccb=1-7&amp;_nc_sid=f907e8&amp;_nc_ohc=SM1wRlP3lJwQ7kNvwEPuBYA&amp;_nc_oc=AdnqrjDN_BNjSSHWO-GbkIWH6fkGMLw4bqvL_NH6e2wMveX7G-rP2dAqsDSq1mJMOaY&amp;_nc_zt=24&amp;_nc_ht=scontent-gig4-1.xx&amp;_nc_gid=AoBFJeGrT1hVaew_6rchkQ&amp;oh=00_AfX7QmFGhQhG2jAllVgXCiM1ZrWgvtp80-Bfppyexh1QEg&amp;oe=689E923C\" \/>\n\t\t<script type=\"application\/ld+json\" class=\"aioseo-schema\">\n\t\t\t{\"@context\":\"https:\\\/\\\/schema.org\",\"@graph\":[{\"@type\":\"BlogPosting\",\"@id\":\"https:\\\/\\\/anoticiaonline.com.br\\\/site\\\/festa-das-criancas-e-encontro-de-folia-acontece-no-bairro-gaspar\\\/#blogposting\",\"name\":\"Festa das crian\\u00e7as e encontro de folia acontece no Bairro Gaspar - A Not\\u00edcia Online\",\"headline\":\"Festa das crian\\u00e7as e encontro de folia acontece no Bairro Gaspar\",\"author\":{\"@id\":\"https:\\\/\\\/anoticiaonline.com.br\\\/site\\\/author\\\/juliana\\\/#author\"},\"publisher\":{\"@id\":\"https:\\\/\\\/anoticiaonline.com.br\\\/site\\\/#organization\"},\"image\":{\"@type\":\"ImageObject\",\"url\":\"https:\\\/\\\/anoticiaonline.com.br\\\/site\\\/wp-content\\\/uploads\\\/2017\\\/11\\\/aab300c0-0246-44bf-99bb-c4ceb949e28d.jpg\",\"width\":640,\"height\":360},\"datePublished\":\"2017-11-01T19:19:26-03:00\",\"dateModified\":\"2017-11-01T20:11:58-03:00\",\"inLanguage\":\"pt-BR\",\"mainEntityOfPage\":{\"@id\":\"https:\\\/\\\/anoticiaonline.com.br\\\/site\\\/festa-das-criancas-e-encontro-de-folia-acontece-no-bairro-gaspar\\\/#webpage\"},\"isPartOf\":{\"@id\":\"https:\\\/\\\/anoticiaonline.com.br\\\/site\\\/festa-das-criancas-e-encontro-de-folia-acontece-no-bairro-gaspar\\\/#webpage\"},\"articleSection\":\"Blog, crian\\u00e7as, festa, folia de reis, Gaspar, Muria\\u00e9\"},{\"@type\":\"BreadcrumbList\",\"@id\":\"https:\\\/\\\/anoticiaonline.com.br\\\/site\\\/festa-das-criancas-e-encontro-de-folia-acontece-no-bairro-gaspar\\\/#breadcrumblist\",\"itemListElement\":[{\"@type\":\"ListItem\",\"@id\":\"https:\\\/\\\/anoticiaonline.com.br\\\/site#listItem\",\"position\":1,\"name\":\"Home\",\"item\":\"https:\\\/\\\/anoticiaonline.com.br\\\/site\",\"nextItem\":{\"@type\":\"ListItem\",\"@id\":\"https:\\\/\\\/anoticiaonline.com.br\\\/site\\\/categoria\\\/muriae\\\/#listItem\",\"name\":\"Blog\"}},{\"@type\":\"ListItem\",\"@id\":\"https:\\\/\\\/anoticiaonline.com.br\\\/site\\\/categoria\\\/muriae\\\/#listItem\",\"position\":2,\"name\":\"Blog\",\"item\":\"https:\\\/\\\/anoticiaonline.com.br\\\/site\\\/categoria\\\/muriae\\\/\",\"nextItem\":{\"@type\":\"ListItem\",\"@id\":\"https:\\\/\\\/anoticiaonline.com.br\\\/site\\\/festa-das-criancas-e-encontro-de-folia-acontece-no-bairro-gaspar\\\/#listItem\",\"name\":\"Festa das crian\\u00e7as e encontro de folia acontece no Bairro Gaspar\"},\"previousItem\":{\"@type\":\"ListItem\",\"@id\":\"https:\\\/\\\/anoticiaonline.com.br\\\/site#listItem\",\"name\":\"Home\"}},{\"@type\":\"ListItem\",\"@id\":\"https:\\\/\\\/anoticiaonline.com.br\\\/site\\\/festa-das-criancas-e-encontro-de-folia-acontece-no-bairro-gaspar\\\/#listItem\",\"position\":3,\"name\":\"Festa das crian\\u00e7as e encontro de folia acontece no Bairro Gaspar\",\"previousItem\":{\"@type\":\"ListItem\",\"@id\":\"https:\\\/\\\/anoticiaonline.com.br\\\/site\\\/categoria\\\/muriae\\\/#listItem\",\"name\":\"Blog\"}}]},{\"@type\":\"Organization\",\"@id\":\"https:\\\/\\\/anoticiaonline.com.br\\\/site\\\/#organization\",\"name\":\"A Not\\u00edcia Online\",\"description\":\"Noticias de Muria\\u00e9 e regi\\u00e3o\",\"url\":\"https:\\\/\\\/anoticiaonline.com.br\\\/site\\\/\",\"logo\":{\"@type\":\"ImageObject\",\"url\":\"https:\\\/\\\/scontent-gig4-1.xx.fbcdn.net\\\/v\\\/t39.30808-1\\\/270437624_4564083193639691_6907940295614233970_n.jpg?stp=dst-jpg_s200x200_tt6&_nc_cat=111&ccb=1-7&_nc_sid=f907e8&_nc_ohc=SM1wRlP3lJwQ7kNvwEPuBYA&_nc_oc=AdnqrjDN_BNjSSHWO-GbkIWH6fkGMLw4bqvL_NH6e2wMveX7G-rP2dAqsDSq1mJMOaY&_nc_zt=24&_nc_ht=scontent-gig4-1.xx&_nc_gid=AoBFJeGrT1hVaew_6rchkQ&oh=00_AfX7QmFGhQhG2jAllVgXCiM1ZrWgvtp80-Bfppyexh1QEg&oe=689E923C\",\"@id\":\"https:\\\/\\\/anoticiaonline.com.br\\\/site\\\/festa-das-criancas-e-encontro-de-folia-acontece-no-bairro-gaspar\\\/#organizationLogo\"},\"image\":{\"@id\":\"https:\\\/\\\/anoticiaonline.com.br\\\/site\\\/festa-das-criancas-e-encontro-de-folia-acontece-no-bairro-gaspar\\\/#organizationLogo\"}},{\"@type\":\"Person\",\"@id\":\"https:\\\/\\\/anoticiaonline.com.br\\\/site\\\/author\\\/juliana\\\/#author\",\"url\":\"https:\\\/\\\/anoticiaonline.com.br\\\/site\\\/author\\\/juliana\\\/\",\"name\":\"Juliana Laviola\",\"image\":{\"@type\":\"ImageObject\",\"@id\":\"https:\\\/\\\/anoticiaonline.com.br\\\/site\\\/festa-das-criancas-e-encontro-de-folia-acontece-no-bairro-gaspar\\\/#authorImage\",\"url\":\"https:\\\/\\\/secure.gravatar.com\\\/avatar\\\/b8d45f5c699b100dfaf0e543582f38f38bf94cb7ae3a5e9abf8d891a34773335?s=96&d=mm&r=g\",\"width\":96,\"height\":96,\"caption\":\"Juliana Laviola\"}},{\"@type\":\"WebPage\",\"@id\":\"https:\\\/\\\/anoticiaonline.com.br\\\/site\\\/festa-das-criancas-e-encontro-de-folia-acontece-no-bairro-gaspar\\\/#webpage\",\"url\":\"https:\\\/\\\/anoticiaonline.com.br\\\/site\\\/festa-das-criancas-e-encontro-de-folia-acontece-no-bairro-gaspar\\\/\",\"name\":\"Festa das crian\\u00e7as e encontro de folia acontece no Bairro Gaspar - A Not\\u00edcia Online\",\"description\":\"Wellington Jos\\u00e9 de Ara\\u00fajo, um dos organizadores do evento disse: \\u201cMeu tio Carlinho e eu fizemos uma promessa, ele me ajudou muito e, at\\u00e9 hoje me ajuda. Ent\\u00e3o, eu prometi que faria essa festa por ele, pois ele sempre adorou e participou deste tipo de comemora\\u00e7\\u00e3o. Eu segui seus passos, os vizinhos sempre me\",\"inLanguage\":\"pt-BR\",\"isPartOf\":{\"@id\":\"https:\\\/\\\/anoticiaonline.com.br\\\/site\\\/#website\"},\"breadcrumb\":{\"@id\":\"https:\\\/\\\/anoticiaonline.com.br\\\/site\\\/festa-das-criancas-e-encontro-de-folia-acontece-no-bairro-gaspar\\\/#breadcrumblist\"},\"author\":{\"@id\":\"https:\\\/\\\/anoticiaonline.com.br\\\/site\\\/author\\\/juliana\\\/#author\"},\"creator\":{\"@id\":\"https:\\\/\\\/anoticiaonline.com.br\\\/site\\\/author\\\/juliana\\\/#author\"},\"image\":{\"@type\":\"ImageObject\",\"url\":\"https:\\\/\\\/anoticiaonline.com.br\\\/site\\\/wp-content\\\/uploads\\\/2017\\\/11\\\/aab300c0-0246-44bf-99bb-c4ceb949e28d.jpg\",\"@id\":\"https:\\\/\\\/anoticiaonline.com.br\\\/site\\\/festa-das-criancas-e-encontro-de-folia-acontece-no-bairro-gaspar\\\/#mainImage\",\"width\":640,\"height\":360},\"primaryImageOfPage\":{\"@id\":\"https:\\\/\\\/anoticiaonline.com.br\\\/site\\\/festa-das-criancas-e-encontro-de-folia-acontece-no-bairro-gaspar\\\/#mainImage\"},\"datePublished\":\"2017-11-01T19:19:26-03:00\",\"dateModified\":\"2017-11-01T20:11:58-03:00\"},{\"@type\":\"WebSite\",\"@id\":\"https:\\\/\\\/anoticiaonline.com.br\\\/site\\\/#website\",\"url\":\"https:\\\/\\\/anoticiaonline.com.br\\\/site\\\/\",\"name\":\"A Not\\u00edcia Online\",\"description\":\"Noticias de Muria\\u00e9 e regi\\u00e3o\",\"inLanguage\":\"pt-BR\",\"publisher\":{\"@id\":\"https:\\\/\\\/anoticiaonline.com.br\\\/site\\\/#organization\"}}]}\n\t\t<\/script>\n\t\t<!-- All in One SEO -->\n\n","aioseo_head_json":{"title":"Festa das crian\u00e7as e encontro de folia acontece no Bairro Gaspar - A Not\u00edcia Online","description":"Wellington Jos\u00e9 de Ara\u00fajo, um dos organizadores do evento disse: \u201cMeu tio Carlinho e eu fizemos uma promessa, ele me ajudou muito e, at\u00e9 hoje me ajuda. Ent\u00e3o, eu prometi que faria essa festa por ele, pois ele sempre adorou e participou deste tipo de comemora\u00e7\u00e3o. Eu segui seus passos, os vizinhos sempre me","canonical_url":"https:\/\/anoticiaonline.com.br\/site\/festa-das-criancas-e-encontro-de-folia-acontece-no-bairro-gaspar\/","robots":"max-image-preview:large","keywords":"","webmasterTools":{"miscellaneous":""},"schema":{"@context":"https:\/\/schema.org","@graph":[{"@type":"BlogPosting","@id":"https:\/\/anoticiaonline.com.br\/site\/festa-das-criancas-e-encontro-de-folia-acontece-no-bairro-gaspar\/#blogposting","name":"Festa das crian\u00e7as e encontro de folia acontece no Bairro Gaspar - A Not\u00edcia Online","headline":"Festa das crian\u00e7as e encontro de folia acontece no Bairro Gaspar","author":{"@id":"https:\/\/anoticiaonline.com.br\/site\/author\/juliana\/#author"},"publisher":{"@id":"https:\/\/anoticiaonline.com.br\/site\/#organization"},"image":{"@type":"ImageObject","url":"https:\/\/anoticiaonline.com.br\/site\/wp-content\/uploads\/2017\/11\/aab300c0-0246-44bf-99bb-c4ceb949e28d.jpg","width":640,"height":360},"datePublished":"2017-11-01T19:19:26-03:00","dateModified":"2017-11-01T20:11:58-03:00","inLanguage":"pt-BR","mainEntityOfPage":{"@id":"https:\/\/anoticiaonline.com.br\/site\/festa-das-criancas-e-encontro-de-folia-acontece-no-bairro-gaspar\/#webpage"},"isPartOf":{"@id":"https:\/\/anoticiaonline.com.br\/site\/festa-das-criancas-e-encontro-de-folia-acontece-no-bairro-gaspar\/#webpage"},"articleSection":"Blog, crian\u00e7as, festa, folia de reis, Gaspar, Muria\u00e9"},{"@type":"BreadcrumbList","@id":"https:\/\/anoticiaonline.com.br\/site\/festa-das-criancas-e-encontro-de-folia-acontece-no-bairro-gaspar\/#breadcrumblist","itemListElement":[{"@type":"ListItem","@id":"https:\/\/anoticiaonline.com.br\/site#listItem","position":1,"name":"Home","item":"https:\/\/anoticiaonline.com.br\/site","nextItem":{"@type":"ListItem","@id":"https:\/\/anoticiaonline.com.br\/site\/categoria\/muriae\/#listItem","name":"Blog"}},{"@type":"ListItem","@id":"https:\/\/anoticiaonline.com.br\/site\/categoria\/muriae\/#listItem","position":2,"name":"Blog","item":"https:\/\/anoticiaonline.com.br\/site\/categoria\/muriae\/","nextItem":{"@type":"ListItem","@id":"https:\/\/anoticiaonline.com.br\/site\/festa-das-criancas-e-encontro-de-folia-acontece-no-bairro-gaspar\/#listItem","name":"Festa das crian\u00e7as e encontro de folia acontece no Bairro Gaspar"},"previousItem":{"@type":"ListItem","@id":"https:\/\/anoticiaonline.com.br\/site#listItem","name":"Home"}},{"@type":"ListItem","@id":"https:\/\/anoticiaonline.com.br\/site\/festa-das-criancas-e-encontro-de-folia-acontece-no-bairro-gaspar\/#listItem","position":3,"name":"Festa das crian\u00e7as e encontro de folia acontece no Bairro Gaspar","previousItem":{"@type":"ListItem","@id":"https:\/\/anoticiaonline.com.br\/site\/categoria\/muriae\/#listItem","name":"Blog"}}]},{"@type":"Organization","@id":"https:\/\/anoticiaonline.com.br\/site\/#organization","name":"A Not\u00edcia Online","description":"Noticias de Muria\u00e9 e regi\u00e3o","url":"https:\/\/anoticiaonline.com.br\/site\/","logo":{"@type":"ImageObject","url":"https:\/\/scontent-gig4-1.xx.fbcdn.net\/v\/t39.30808-1\/270437624_4564083193639691_6907940295614233970_n.jpg?stp=dst-jpg_s200x200_tt6&_nc_cat=111&ccb=1-7&_nc_sid=f907e8&_nc_ohc=SM1wRlP3lJwQ7kNvwEPuBYA&_nc_oc=AdnqrjDN_BNjSSHWO-GbkIWH6fkGMLw4bqvL_NH6e2wMveX7G-rP2dAqsDSq1mJMOaY&_nc_zt=24&_nc_ht=scontent-gig4-1.xx&_nc_gid=AoBFJeGrT1hVaew_6rchkQ&oh=00_AfX7QmFGhQhG2jAllVgXCiM1ZrWgvtp80-Bfppyexh1QEg&oe=689E923C","@id":"https:\/\/anoticiaonline.com.br\/site\/festa-das-criancas-e-encontro-de-folia-acontece-no-bairro-gaspar\/#organizationLogo"},"image":{"@id":"https:\/\/anoticiaonline.com.br\/site\/festa-das-criancas-e-encontro-de-folia-acontece-no-bairro-gaspar\/#organizationLogo"}},{"@type":"Person","@id":"https:\/\/anoticiaonline.com.br\/site\/author\/juliana\/#author","url":"https:\/\/anoticiaonline.com.br\/site\/author\/juliana\/","name":"Juliana Laviola","image":{"@type":"ImageObject","@id":"https:\/\/anoticiaonline.com.br\/site\/festa-das-criancas-e-encontro-de-folia-acontece-no-bairro-gaspar\/#authorImage","url":"https:\/\/secure.gravatar.com\/avatar\/b8d45f5c699b100dfaf0e543582f38f38bf94cb7ae3a5e9abf8d891a34773335?s=96&d=mm&r=g","width":96,"height":96,"caption":"Juliana Laviola"}},{"@type":"WebPage","@id":"https:\/\/anoticiaonline.com.br\/site\/festa-das-criancas-e-encontro-de-folia-acontece-no-bairro-gaspar\/#webpage","url":"https:\/\/anoticiaonline.com.br\/site\/festa-das-criancas-e-encontro-de-folia-acontece-no-bairro-gaspar\/","name":"Festa das crian\u00e7as e encontro de folia acontece no Bairro Gaspar - A Not\u00edcia Online","description":"Wellington Jos\u00e9 de Ara\u00fajo, um dos organizadores do evento disse: \u201cMeu tio Carlinho e eu fizemos uma promessa, ele me ajudou muito e, at\u00e9 hoje me ajuda. Ent\u00e3o, eu prometi que faria essa festa por ele, pois ele sempre adorou e participou deste tipo de comemora\u00e7\u00e3o. Eu segui seus passos, os vizinhos sempre me","inLanguage":"pt-BR","isPartOf":{"@id":"https:\/\/anoticiaonline.com.br\/site\/#website"},"breadcrumb":{"@id":"https:\/\/anoticiaonline.com.br\/site\/festa-das-criancas-e-encontro-de-folia-acontece-no-bairro-gaspar\/#breadcrumblist"},"author":{"@id":"https:\/\/anoticiaonline.com.br\/site\/author\/juliana\/#author"},"creator":{"@id":"https:\/\/anoticiaonline.com.br\/site\/author\/juliana\/#author"},"image":{"@type":"ImageObject","url":"https:\/\/anoticiaonline.com.br\/site\/wp-content\/uploads\/2017\/11\/aab300c0-0246-44bf-99bb-c4ceb949e28d.jpg","@id":"https:\/\/anoticiaonline.com.br\/site\/festa-das-criancas-e-encontro-de-folia-acontece-no-bairro-gaspar\/#mainImage","width":640,"height":360},"primaryImageOfPage":{"@id":"https:\/\/anoticiaonline.com.br\/site\/festa-das-criancas-e-encontro-de-folia-acontece-no-bairro-gaspar\/#mainImage"},"datePublished":"2017-11-01T19:19:26-03:00","dateModified":"2017-11-01T20:11:58-03:00"},{"@type":"WebSite","@id":"https:\/\/anoticiaonline.com.br\/site\/#website","url":"https:\/\/anoticiaonline.com.br\/site\/","name":"A Not\u00edcia Online","description":"Noticias de Muria\u00e9 e regi\u00e3o","inLanguage":"pt-BR","publisher":{"@id":"https:\/\/anoticiaonline.com.br\/site\/#organization"}}]},"og:locale":"pt_BR","og:site_name":"A Not\u00edcia Online - Noticias de Muria\u00e9 e regi\u00e3o","og:type":"article","og:title":"Festa das crian\u00e7as e encontro de folia acontece no Bairro Gaspar - A Not\u00edcia Online","og:description":"Wellington Jos\u00e9 de Ara\u00fajo, um dos organizadores do evento disse: \u201cMeu tio Carlinho e eu fizemos uma promessa, ele me ajudou muito e, at\u00e9 hoje me ajuda. Ent\u00e3o, eu prometi que faria essa festa por ele, pois ele sempre adorou e participou deste tipo de comemora\u00e7\u00e3o. Eu segui seus passos, os vizinhos sempre me","og:url":"https:\/\/anoticiaonline.com.br\/site\/festa-das-criancas-e-encontro-de-folia-acontece-no-bairro-gaspar\/","og:image":"https:\/\/scontent-gig4-1.xx.fbcdn.net\/v\/t39.30808-1\/270437624_4564083193639691_6907940295614233970_n.jpg?stp=dst-jpg_s200x200_tt6&#038;_nc_cat=111&#038;ccb=1-7&#038;_nc_sid=f907e8&#038;_nc_ohc=SM1wRlP3lJwQ7kNvwEPuBYA&#038;_nc_oc=AdnqrjDN_BNjSSHWO-GbkIWH6fkGMLw4bqvL_NH6e2wMveX7G-rP2dAqsDSq1mJMOaY&#038;_nc_zt=24&#038;_nc_ht=scontent-gig4-1.xx&#038;_nc_gid=AoBFJeGrT1hVaew_6rchkQ&#038;oh=00_AfX7QmFGhQhG2jAllVgXCiM1ZrWgvtp80-Bfppyexh1QEg&#038;oe=689E923C","og:image:secure_url":"https:\/\/scontent-gig4-1.xx.fbcdn.net\/v\/t39.30808-1\/270437624_4564083193639691_6907940295614233970_n.jpg?stp=dst-jpg_s200x200_tt6&#038;_nc_cat=111&#038;ccb=1-7&#038;_nc_sid=f907e8&#038;_nc_ohc=SM1wRlP3lJwQ7kNvwEPuBYA&#038;_nc_oc=AdnqrjDN_BNjSSHWO-GbkIWH6fkGMLw4bqvL_NH6e2wMveX7G-rP2dAqsDSq1mJMOaY&#038;_nc_zt=24&#038;_nc_ht=scontent-gig4-1.xx&#038;_nc_gid=AoBFJeGrT1hVaew_6rchkQ&#038;oh=00_AfX7QmFGhQhG2jAllVgXCiM1ZrWgvtp80-Bfppyexh1QEg&#038;oe=689E923C","article:published_time":"2017-11-01T22:19:26+00:00","article:modified_time":"2017-11-01T23:11:58+00:00","twitter:card":"summary_large_image","twitter:title":"Festa das crian\u00e7as e encontro de folia acontece no Bairro Gaspar - A Not\u00edcia Online","twitter:description":"Wellington Jos\u00e9 de Ara\u00fajo, um dos organizadores do evento disse: \u201cMeu tio Carlinho e eu fizemos uma promessa, ele me ajudou muito e, at\u00e9 hoje me ajuda. Ent\u00e3o, eu prometi que faria essa festa por ele, pois ele sempre adorou e participou deste tipo de comemora\u00e7\u00e3o. Eu segui seus passos, os vizinhos sempre me","twitter:image":"https:\/\/scontent-gig4-1.xx.fbcdn.net\/v\/t39.30808-1\/270437624_4564083193639691_6907940295614233970_n.jpg?stp=dst-jpg_s200x200_tt6&_nc_cat=111&ccb=1-7&_nc_sid=f907e8&_nc_ohc=SM1wRlP3lJwQ7kNvwEPuBYA&_nc_oc=AdnqrjDN_BNjSSHWO-GbkIWH6fkGMLw4bqvL_NH6e2wMveX7G-rP2dAqsDSq1mJMOaY&_nc_zt=24&_nc_ht=scontent-gig4-1.xx&_nc_gid=AoBFJeGrT1hVaew_6rchkQ&oh=00_AfX7QmFGhQhG2jAllVgXCiM1ZrWgvtp80-Bfppyexh1QEg&oe=689E923C"},"aioseo_meta_data":{"post_id":"44274","title":null,"description":null,"keywords":null,"keyphrases":null,"primary_term":null,"canonical_url":null,"og_title":null,"og_description":null,"og_object_type":"default","og_image_type":"default","og_image_url":null,"og_image_width":null,"og_image_height":null,"og_image_custom_url":null,"og_image_custom_fields":null,"og_video":null,"og_custom_url":null,"og_article_section":null,"og_article_tags":null,"twitter_use_og":false,"twitter_card":"default","twitter_image_type":"default","twitter_image_url":null,"twitter_image_custom_url":null,"twitter_image_custom_fields":null,"twitter_title":null,"twitter_description":null,"schema":{"blockGraphs":[],"customGraphs":[],"default":{"data":{"Article":[],"Course":[],"Dataset":[],"FAQPage":[],"Movie":[],"Person":[],"Product":[],"ProductReview":[],"Car":[],"Recipe":[],"Service":[],"SoftwareApplication":[],"WebPage":[]},"graphName":"","isEnabled":true},"graphs":[]},"schema_type":"default","schema_type_options":null,"pillar_content":false,"robots_default":true,"robots_noindex":false,"robots_noarchive":false,"robots_nosnippet":false,"robots_nofollow":false,"robots_noimageindex":false,"robots_noodp":false,"robots_notranslate":false,"robots_max_snippet":null,"robots_max_videopreview":null,"robots_max_imagepreview":"large","priority":null,"frequency":null,"local_seo":null,"breadcrumb_settings":null,"limit_modified_date":false,"ai":null,"created":"2025-08-16 19:43:54","updated":"2025-08-16 19:43:54","focus_keyword":null,"additional_keywords":null,"truseo_locale":null,"seo_analyzer_scan_date":null},"aioseo_breadcrumb":"<div class=\"aioseo-breadcrumbs\"><span class=\"aioseo-breadcrumb\">\n\t\t\t<a href=\"https:\/\/anoticiaonline.com.br\/site\" title=\"Home\">Home<\/a>\n\t\t<\/span><span class=\"aioseo-breadcrumb-separator\">&raquo;<\/span><span class=\"aioseo-breadcrumb\">\n\t\t\t<a href=\"https:\/\/anoticiaonline.com.br\/site\/categoria\/muriae\/\" title=\"Blog\">Blog<\/a>\n\t\t<\/span><span class=\"aioseo-breadcrumb-separator\">&raquo;<\/span><span class=\"aioseo-breadcrumb\">\n\t\t\tFesta das crian\u00e7as e encontro de folia acontece no Bairro Gaspar\n\t\t<\/span><\/div>","aioseo_breadcrumb_json":[{"label":"Home","link":"https:\/\/anoticiaonline.com.br\/site"},{"label":"Blog","link":"https:\/\/anoticiaonline.com.br\/site\/categoria\/muriae\/"},{"label":"Festa das crian\u00e7as e encontro de folia acontece no Bairro Gaspar","link":"https:\/\/anoticiaonline.com.br\/site\/festa-das-criancas-e-encontro-de-folia-acontece-no-bairro-gaspar\/"}],"views":115,"_links":{"self":[{"href":"https:\/\/anoticiaonline.com.br\/site\/wp-json\/wp\/v2\/posts\/44274","targetHints":{"allow":["GET"]}}],"collection":[{"href":"https:\/\/anoticiaonline.com.br\/site\/wp-json\/wp\/v2\/posts"}],"about":[{"href":"https:\/\/anoticiaonline.com.br\/site\/wp-json\/wp\/v2\/types\/post"}],"author":[{"embeddable":true,"href":"https:\/\/anoticiaonline.com.br\/site\/wp-json\/wp\/v2\/users\/2"}],"replies":[{"embeddable":true,"href":"https:\/\/anoticiaonline.com.br\/site\/wp-json\/wp\/v2\/comments?post=44274"}],"version-history":[{"count":0,"href":"https:\/\/anoticiaonline.com.br\/site\/wp-json\/wp\/v2\/posts\/44274\/revisions"}],"wp:featuredmedia":[{"embeddable":true,"href":"https:\/\/anoticiaonline.com.br\/site\/wp-json\/wp\/v2\/media\/44363"}],"wp:attachment":[{"href":"https:\/\/anoticiaonline.com.br\/site\/wp-json\/wp\/v2\/media?parent=44274"}],"wp:term":[{"taxonomy":"category","embeddable":true,"href":"https:\/\/anoticiaonline.com.br\/site\/wp-json\/wp\/v2\/categories?post=44274"},{"taxonomy":"post_tag","embeddable":true,"href":"https:\/\/anoticiaonline.com.br\/site\/wp-json\/wp\/v2\/tags?post=44274"}],"curies":[{"name":"wp","href":"https:\/\/api.w.org\/{rel}","templated":true}]}}