{"id":44216,"date":"2017-11-01T19:17:08","date_gmt":"2017-11-01T22:17:08","guid":{"rendered":"http:\/\/anoticiaonline.com.br\/site\/?p=44216"},"modified":"2017-11-01T20:27:41","modified_gmt":"2017-11-01T23:27:41","slug":"alunos-da-e-e-dr-silveira-brum-participam-de-feira-de-ciencias","status":"publish","type":"post","link":"https:\/\/anoticiaonline.com.br\/site\/alunos-da-e-e-dr-silveira-brum-participam-de-feira-de-ciencias\/","title":{"rendered":"Alunos da E. E. Silveira Brum participam de Feira de Ci\u00eancias"},"content":{"rendered":"<p><a href=\"https:\/\/anoticiaonline.com.br\/site\/wp-content\/uploads\/2017\/11\/DSC_0683.jpg\"><img fetchpriority=\"high\" decoding=\"async\" class=\"aligncenter size-full wp-image-44224\" src=\"https:\/\/anoticiaonline.com.br\/site\/wp-content\/uploads\/2017\/11\/DSC_0683.jpg\" alt=\"\" width=\"640\" height=\"427\" srcset=\"https:\/\/anoticiaonline.com.br\/site\/wp-content\/uploads\/2017\/11\/DSC_0683.jpg 640w, https:\/\/anoticiaonline.com.br\/site\/wp-content\/uploads\/2017\/11\/DSC_0683-300x200.jpg 300w\" sizes=\"(max-width: 640px) 100vw, 640px\" \/><\/a> <a href=\"https:\/\/anoticiaonline.com.br\/site\/wp-content\/uploads\/2017\/11\/DSC_0698.jpg\"><img decoding=\"async\" class=\"aligncenter size-full wp-image-44225\" src=\"https:\/\/anoticiaonline.com.br\/site\/wp-content\/uploads\/2017\/11\/DSC_0698.jpg\" alt=\"\" width=\"640\" height=\"427\" srcset=\"https:\/\/anoticiaonline.com.br\/site\/wp-content\/uploads\/2017\/11\/DSC_0698.jpg 640w, https:\/\/anoticiaonline.com.br\/site\/wp-content\/uploads\/2017\/11\/DSC_0698-300x200.jpg 300w\" sizes=\"(max-width: 640px) 100vw, 640px\" \/><\/a> <a href=\"https:\/\/anoticiaonline.com.br\/site\/wp-content\/uploads\/2017\/11\/DSC_0726.jpg\"><img decoding=\"async\" class=\"aligncenter size-full wp-image-44226\" src=\"https:\/\/anoticiaonline.com.br\/site\/wp-content\/uploads\/2017\/11\/DSC_0726.jpg\" alt=\"\" width=\"640\" height=\"427\" srcset=\"https:\/\/anoticiaonline.com.br\/site\/wp-content\/uploads\/2017\/11\/DSC_0726.jpg 640w, https:\/\/anoticiaonline.com.br\/site\/wp-content\/uploads\/2017\/11\/DSC_0726-300x200.jpg 300w\" sizes=\"(max-width: 640px) 100vw, 640px\" \/><\/a> <a href=\"https:\/\/anoticiaonline.com.br\/site\/wp-content\/uploads\/2017\/11\/DSC_0784.jpg\"><img loading=\"lazy\" decoding=\"async\" class=\"aligncenter size-full wp-image-44227\" src=\"https:\/\/anoticiaonline.com.br\/site\/wp-content\/uploads\/2017\/11\/DSC_0784.jpg\" alt=\"\" width=\"610\" height=\"407\" srcset=\"https:\/\/anoticiaonline.com.br\/site\/wp-content\/uploads\/2017\/11\/DSC_0784.jpg 610w, https:\/\/anoticiaonline.com.br\/site\/wp-content\/uploads\/2017\/11\/DSC_0784-300x200.jpg 300w\" sizes=\"(max-width: 610px) 100vw, 610px\" \/><\/a>Alunos da Escola Estadual Silveira Brum participaram da Feira de Ci\u00eancias, na manh\u00e3 de s\u00e1bado (28), que envolveu todas as escolas do Estado de Minas Gerais. No pr\u00e9dio da escola, alunos de 6 a 10 anos apresentaram trabalhos com temas variados aos visitantes.<\/p>\n<p>Nilza Helena F\u00e1tima de Souza Salvato, diretora da Escola, disse que os temas dos trabalhos apresentados pelos alunos foram escolhidos pelas professoras de acordo com o que foi estudado nos \u00faltimos tr\u00eas bimestres do ano letivo.<\/p>\n<p>\u201cNossos alunos, do 1\u00ba ao 5\u00ba ano, participaram ativamente da elabora\u00e7\u00e3o dos trabalhos expostos na Feira. Acredito que a import\u00e2ncia da realiza\u00e7\u00e3o de um evento deste tipo foi o envolvimento da fam\u00edlia. Al\u00e9m dos pais terem ajudado os alunos a pesquisar e a confeccionar os trabalhos, eles vieram presenciar as apresenta\u00e7\u00f5es. Esta parceria fam\u00edlia-escola \u00e9 muito importante\u201d.<\/p>\n<p>A aluna Alice Rocha Matias de Faria, do 5\u00ba ano, gostou de participar e elogiou os trabalhos dos colegas. \u201cAlguns trabalhos apresentados envolviam brincadeiras e distribu\u00edam doces. Aprendi muito com todos eles\u201d, diz.<\/p>\n<p>Tamb\u00e9m do 5\u00ba ano, o aluno, Cl\u00e1udio Vin\u00edcius Freitas de Oliveira, disse ter gostado de sua participa\u00e7\u00e3o na Feira de Ci\u00eancias. \u201cAqui pude presenciar trabalhos bem diferentes e interessantes, como os de gastronomia e sobre ado\u00e7\u00e3o de animais. O meu foi sobre o Sistema Solar\u201d, conta.<\/p>\n<p>Fabiana Cerqueira, m\u00e3e de uma aluna do 3\u00ba ano, disse que a Feira de Ci\u00eancias foi uma grande oportunidade para os estudantes. \u201cNeste evento, eles podem tirar d\u00favidas sobre diversos assuntos do cotidiano. Para n\u00f3s, pais, \u00e9 importante perceber quais temas eles se interessam mais\u201d, diz.<\/p>\n<p><img decoding=\"async\" class=\"ngg_displayed_gallery mceItem\" src=\"https:\/\/anoticiaonline.com.br\/site\/nextgen-attach_to_post\/preview\/id--44350\" \/><\/p>\n<p>&nbsp;<\/p>\n<p>&nbsp;<\/p>\n<p>&nbsp;<\/p>\n","protected":false},"excerpt":{"rendered":"<p>Alunos da Escola Estadual Silveira Brum participaram da Feira de Ci\u00eancias, na manh\u00e3 de s\u00e1bado (28), que envolveu todas as escolas do Estado de Minas Gerais. No pr\u00e9dio da escola, alunos de 6 a 10 anos apresentaram trabalhos com temas variados aos visitantes. Nilza Helena F\u00e1tima de Souza Salvato, diretora da Escola, disse que os &#8230; <a title=\"Alunos da E. E. Silveira Brum participam de Feira de Ci\u00eancias\" class=\"read-more\" href=\"https:\/\/anoticiaonline.com.br\/site\/alunos-da-e-e-dr-silveira-brum-participam-de-feira-de-ciencias\/\" aria-label=\"Read more about Alunos da E. E. Silveira Brum participam de Feira de Ci\u00eancias\">Ler mais<\/a><\/p>\n","protected":false},"author":2,"featured_media":44226,"comment_status":"open","ping_status":"open","sticky":false,"template":"","format":"standard","meta":{"_acf_changed":false,"_monsterinsights_skip_tracking":false,"footnotes":""},"categories":[1],"tags":[1468,1469,1470],"class_list":["post-44216","post","type-post","status-publish","format-standard","has-post-thumbnail","hentry","category-gerais","tag-escola-estadual-silveira-brum","tag-feira-de-ciencias","tag-nilza-helena-fatima-de-souza-salvato"],"acf":[],"aioseo_notices":[],"aioseo_head":"\n\t\t<!-- All in One SEO 5.0.0.1 - aioseo.com -->\n\t<meta name=\"description\" content=\"Alunos da Escola Estadual Silveira Brum participaram da Feira de Ci\u00eancias, na manh\u00e3 de s\u00e1bado (28), que envolveu todas as escolas do Estado de Minas Gerais. No pr\u00e9dio da escola, alunos de 6 a 10 anos apresentaram trabalhos com temas variados aos visitantes. Nilza Helena F\u00e1tima de Souza Salvato, diretora da Escola, disse que os\" \/>\n\t<meta name=\"robots\" content=\"max-image-preview:large\" \/>\n\t<meta name=\"author\" content=\"Juliana Laviola\"\/>\n\t<link rel=\"canonical\" href=\"https:\/\/anoticiaonline.com.br\/site\/alunos-da-e-e-dr-silveira-brum-participam-de-feira-de-ciencias\/\" \/>\n\t<meta name=\"generator\" content=\"All in One SEO (AIOSEO) 5.0.0.1\" \/>\n\t\t<meta property=\"og:locale\" content=\"pt_BR\" \/>\n\t\t<meta property=\"og:site_name\" content=\"A Not\u00edcia Online - Noticias de Muria\u00e9 e regi\u00e3o\" \/>\n\t\t<meta property=\"og:type\" content=\"article\" \/>\n\t\t<meta property=\"og:title\" content=\"Alunos da E. E. Silveira Brum participam de Feira de Ci\u00eancias - A Not\u00edcia Online\" \/>\n\t\t<meta property=\"og:description\" content=\"Alunos da Escola Estadual Silveira Brum participaram da Feira de Ci\u00eancias, na manh\u00e3 de s\u00e1bado (28), que envolveu todas as escolas do Estado de Minas Gerais. No pr\u00e9dio da escola, alunos de 6 a 10 anos apresentaram trabalhos com temas variados aos visitantes. Nilza Helena F\u00e1tima de Souza Salvato, diretora da Escola, disse que os\" \/>\n\t\t<meta property=\"og:url\" content=\"https:\/\/anoticiaonline.com.br\/site\/alunos-da-e-e-dr-silveira-brum-participam-de-feira-de-ciencias\/\" \/>\n\t\t<meta property=\"og:image\" content=\"https:\/\/scontent-gig4-1.xx.fbcdn.net\/v\/t39.30808-1\/270437624_4564083193639691_6907940295614233970_n.jpg?stp=dst-jpg_s200x200_tt6&#038;_nc_cat=111&#038;ccb=1-7&#038;_nc_sid=f907e8&#038;_nc_ohc=SM1wRlP3lJwQ7kNvwEPuBYA&#038;_nc_oc=AdnqrjDN_BNjSSHWO-GbkIWH6fkGMLw4bqvL_NH6e2wMveX7G-rP2dAqsDSq1mJMOaY&#038;_nc_zt=24&#038;_nc_ht=scontent-gig4-1.xx&#038;_nc_gid=AoBFJeGrT1hVaew_6rchkQ&#038;oh=00_AfX7QmFGhQhG2jAllVgXCiM1ZrWgvtp80-Bfppyexh1QEg&#038;oe=689E923C\" \/>\n\t\t<meta property=\"og:image:secure_url\" content=\"https:\/\/scontent-gig4-1.xx.fbcdn.net\/v\/t39.30808-1\/270437624_4564083193639691_6907940295614233970_n.jpg?stp=dst-jpg_s200x200_tt6&#038;_nc_cat=111&#038;ccb=1-7&#038;_nc_sid=f907e8&#038;_nc_ohc=SM1wRlP3lJwQ7kNvwEPuBYA&#038;_nc_oc=AdnqrjDN_BNjSSHWO-GbkIWH6fkGMLw4bqvL_NH6e2wMveX7G-rP2dAqsDSq1mJMOaY&#038;_nc_zt=24&#038;_nc_ht=scontent-gig4-1.xx&#038;_nc_gid=AoBFJeGrT1hVaew_6rchkQ&#038;oh=00_AfX7QmFGhQhG2jAllVgXCiM1ZrWgvtp80-Bfppyexh1QEg&#038;oe=689E923C\" \/>\n\t\t<meta property=\"article:published_time\" content=\"2017-11-01T22:17:08+00:00\" \/>\n\t\t<meta property=\"article:modified_time\" content=\"2017-11-01T23:27:41+00:00\" \/>\n\t\t<meta name=\"twitter:card\" content=\"summary_large_image\" \/>\n\t\t<meta name=\"twitter:title\" content=\"Alunos da E. E. Silveira Brum participam de Feira de Ci\u00eancias - A Not\u00edcia Online\" \/>\n\t\t<meta name=\"twitter:description\" content=\"Alunos da Escola Estadual Silveira Brum participaram da Feira de Ci\u00eancias, na manh\u00e3 de s\u00e1bado (28), que envolveu todas as escolas do Estado de Minas Gerais. No pr\u00e9dio da escola, alunos de 6 a 10 anos apresentaram trabalhos com temas variados aos visitantes. Nilza Helena F\u00e1tima de Souza Salvato, diretora da Escola, disse que os\" \/>\n\t\t<meta name=\"twitter:image\" content=\"https:\/\/scontent-gig4-1.xx.fbcdn.net\/v\/t39.30808-1\/270437624_4564083193639691_6907940295614233970_n.jpg?stp=dst-jpg_s200x200_tt6&amp;_nc_cat=111&amp;ccb=1-7&amp;_nc_sid=f907e8&amp;_nc_ohc=SM1wRlP3lJwQ7kNvwEPuBYA&amp;_nc_oc=AdnqrjDN_BNjSSHWO-GbkIWH6fkGMLw4bqvL_NH6e2wMveX7G-rP2dAqsDSq1mJMOaY&amp;_nc_zt=24&amp;_nc_ht=scontent-gig4-1.xx&amp;_nc_gid=AoBFJeGrT1hVaew_6rchkQ&amp;oh=00_AfX7QmFGhQhG2jAllVgXCiM1ZrWgvtp80-Bfppyexh1QEg&amp;oe=689E923C\" \/>\n\t\t<script type=\"application\/ld+json\" class=\"aioseo-schema\">\n\t\t\t{\"@context\":\"https:\\\/\\\/schema.org\",\"@graph\":[{\"@type\":\"BlogPosting\",\"@id\":\"https:\\\/\\\/anoticiaonline.com.br\\\/site\\\/alunos-da-e-e-dr-silveira-brum-participam-de-feira-de-ciencias\\\/#blogposting\",\"name\":\"Alunos da E. E. Silveira Brum participam de Feira de Ci\\u00eancias - A Not\\u00edcia Online\",\"headline\":\"Alunos da E. E. Silveira Brum participam de Feira de Ci\\u00eancias\",\"author\":{\"@id\":\"https:\\\/\\\/anoticiaonline.com.br\\\/site\\\/author\\\/juliana\\\/#author\"},\"publisher\":{\"@id\":\"https:\\\/\\\/anoticiaonline.com.br\\\/site\\\/#organization\"},\"image\":{\"@type\":\"ImageObject\",\"url\":\"https:\\\/\\\/anoticiaonline.com.br\\\/site\\\/wp-content\\\/uploads\\\/2017\\\/11\\\/DSC_0726.jpg\",\"width\":640,\"height\":427},\"datePublished\":\"2017-11-01T19:17:08-03:00\",\"dateModified\":\"2017-11-01T20:27:41-03:00\",\"inLanguage\":\"pt-BR\",\"mainEntityOfPage\":{\"@id\":\"https:\\\/\\\/anoticiaonline.com.br\\\/site\\\/alunos-da-e-e-dr-silveira-brum-participam-de-feira-de-ciencias\\\/#webpage\"},\"isPartOf\":{\"@id\":\"https:\\\/\\\/anoticiaonline.com.br\\\/site\\\/alunos-da-e-e-dr-silveira-brum-participam-de-feira-de-ciencias\\\/#webpage\"},\"articleSection\":\"Gerais, Escola Estadual Silveira Brum, Feira de Ci\\u00eancias, Nilza Helena F\\u00e1tima de Souza Salvato\"},{\"@type\":\"BreadcrumbList\",\"@id\":\"https:\\\/\\\/anoticiaonline.com.br\\\/site\\\/alunos-da-e-e-dr-silveira-brum-participam-de-feira-de-ciencias\\\/#breadcrumblist\",\"itemListElement\":[{\"@type\":\"ListItem\",\"@id\":\"https:\\\/\\\/anoticiaonline.com.br\\\/site#listItem\",\"position\":1,\"name\":\"Home\",\"item\":\"https:\\\/\\\/anoticiaonline.com.br\\\/site\",\"nextItem\":{\"@type\":\"ListItem\",\"@id\":\"https:\\\/\\\/anoticiaonline.com.br\\\/site\\\/categoria\\\/gerais\\\/#listItem\",\"name\":\"Gerais\"}},{\"@type\":\"ListItem\",\"@id\":\"https:\\\/\\\/anoticiaonline.com.br\\\/site\\\/categoria\\\/gerais\\\/#listItem\",\"position\":2,\"name\":\"Gerais\",\"item\":\"https:\\\/\\\/anoticiaonline.com.br\\\/site\\\/categoria\\\/gerais\\\/\",\"nextItem\":{\"@type\":\"ListItem\",\"@id\":\"https:\\\/\\\/anoticiaonline.com.br\\\/site\\\/alunos-da-e-e-dr-silveira-brum-participam-de-feira-de-ciencias\\\/#listItem\",\"name\":\"Alunos da E. E. Silveira Brum participam de Feira de Ci\\u00eancias\"},\"previousItem\":{\"@type\":\"ListItem\",\"@id\":\"https:\\\/\\\/anoticiaonline.com.br\\\/site#listItem\",\"name\":\"Home\"}},{\"@type\":\"ListItem\",\"@id\":\"https:\\\/\\\/anoticiaonline.com.br\\\/site\\\/alunos-da-e-e-dr-silveira-brum-participam-de-feira-de-ciencias\\\/#listItem\",\"position\":3,\"name\":\"Alunos da E. E. Silveira Brum participam de Feira de Ci\\u00eancias\",\"previousItem\":{\"@type\":\"ListItem\",\"@id\":\"https:\\\/\\\/anoticiaonline.com.br\\\/site\\\/categoria\\\/gerais\\\/#listItem\",\"name\":\"Gerais\"}}]},{\"@type\":\"Organization\",\"@id\":\"https:\\\/\\\/anoticiaonline.com.br\\\/site\\\/#organization\",\"name\":\"A Not\\u00edcia Online\",\"description\":\"Noticias de Muria\\u00e9 e regi\\u00e3o\",\"url\":\"https:\\\/\\\/anoticiaonline.com.br\\\/site\\\/\",\"logo\":{\"@type\":\"ImageObject\",\"url\":\"https:\\\/\\\/scontent-gig4-1.xx.fbcdn.net\\\/v\\\/t39.30808-1\\\/270437624_4564083193639691_6907940295614233970_n.jpg?stp=dst-jpg_s200x200_tt6&_nc_cat=111&ccb=1-7&_nc_sid=f907e8&_nc_ohc=SM1wRlP3lJwQ7kNvwEPuBYA&_nc_oc=AdnqrjDN_BNjSSHWO-GbkIWH6fkGMLw4bqvL_NH6e2wMveX7G-rP2dAqsDSq1mJMOaY&_nc_zt=24&_nc_ht=scontent-gig4-1.xx&_nc_gid=AoBFJeGrT1hVaew_6rchkQ&oh=00_AfX7QmFGhQhG2jAllVgXCiM1ZrWgvtp80-Bfppyexh1QEg&oe=689E923C\",\"@id\":\"https:\\\/\\\/anoticiaonline.com.br\\\/site\\\/alunos-da-e-e-dr-silveira-brum-participam-de-feira-de-ciencias\\\/#organizationLogo\"},\"image\":{\"@id\":\"https:\\\/\\\/anoticiaonline.com.br\\\/site\\\/alunos-da-e-e-dr-silveira-brum-participam-de-feira-de-ciencias\\\/#organizationLogo\"}},{\"@type\":\"Person\",\"@id\":\"https:\\\/\\\/anoticiaonline.com.br\\\/site\\\/author\\\/juliana\\\/#author\",\"url\":\"https:\\\/\\\/anoticiaonline.com.br\\\/site\\\/author\\\/juliana\\\/\",\"name\":\"Juliana Laviola\",\"image\":{\"@type\":\"ImageObject\",\"@id\":\"https:\\\/\\\/anoticiaonline.com.br\\\/site\\\/alunos-da-e-e-dr-silveira-brum-participam-de-feira-de-ciencias\\\/#authorImage\",\"url\":\"https:\\\/\\\/secure.gravatar.com\\\/avatar\\\/b8d45f5c699b100dfaf0e543582f38f38bf94cb7ae3a5e9abf8d891a34773335?s=96&d=mm&r=g\",\"width\":96,\"height\":96,\"caption\":\"Juliana Laviola\"}},{\"@type\":\"WebPage\",\"@id\":\"https:\\\/\\\/anoticiaonline.com.br\\\/site\\\/alunos-da-e-e-dr-silveira-brum-participam-de-feira-de-ciencias\\\/#webpage\",\"url\":\"https:\\\/\\\/anoticiaonline.com.br\\\/site\\\/alunos-da-e-e-dr-silveira-brum-participam-de-feira-de-ciencias\\\/\",\"name\":\"Alunos da E. E. Silveira Brum participam de Feira de Ci\\u00eancias - A Not\\u00edcia Online\",\"description\":\"Alunos da Escola Estadual Silveira Brum participaram da Feira de Ci\\u00eancias, na manh\\u00e3 de s\\u00e1bado (28), que envolveu todas as escolas do Estado de Minas Gerais. No pr\\u00e9dio da escola, alunos de 6 a 10 anos apresentaram trabalhos com temas variados aos visitantes. Nilza Helena F\\u00e1tima de Souza Salvato, diretora da Escola, disse que os\",\"inLanguage\":\"pt-BR\",\"isPartOf\":{\"@id\":\"https:\\\/\\\/anoticiaonline.com.br\\\/site\\\/#website\"},\"breadcrumb\":{\"@id\":\"https:\\\/\\\/anoticiaonline.com.br\\\/site\\\/alunos-da-e-e-dr-silveira-brum-participam-de-feira-de-ciencias\\\/#breadcrumblist\"},\"author\":{\"@id\":\"https:\\\/\\\/anoticiaonline.com.br\\\/site\\\/author\\\/juliana\\\/#author\"},\"creator\":{\"@id\":\"https:\\\/\\\/anoticiaonline.com.br\\\/site\\\/author\\\/juliana\\\/#author\"},\"image\":{\"@type\":\"ImageObject\",\"url\":\"https:\\\/\\\/anoticiaonline.com.br\\\/site\\\/wp-content\\\/uploads\\\/2017\\\/11\\\/DSC_0726.jpg\",\"@id\":\"https:\\\/\\\/anoticiaonline.com.br\\\/site\\\/alunos-da-e-e-dr-silveira-brum-participam-de-feira-de-ciencias\\\/#mainImage\",\"width\":640,\"height\":427},\"primaryImageOfPage\":{\"@id\":\"https:\\\/\\\/anoticiaonline.com.br\\\/site\\\/alunos-da-e-e-dr-silveira-brum-participam-de-feira-de-ciencias\\\/#mainImage\"},\"datePublished\":\"2017-11-01T19:17:08-03:00\",\"dateModified\":\"2017-11-01T20:27:41-03:00\"},{\"@type\":\"WebSite\",\"@id\":\"https:\\\/\\\/anoticiaonline.com.br\\\/site\\\/#website\",\"url\":\"https:\\\/\\\/anoticiaonline.com.br\\\/site\\\/\",\"name\":\"A Not\\u00edcia Online\",\"description\":\"Noticias de Muria\\u00e9 e regi\\u00e3o\",\"inLanguage\":\"pt-BR\",\"publisher\":{\"@id\":\"https:\\\/\\\/anoticiaonline.com.br\\\/site\\\/#organization\"}}]}\n\t\t<\/script>\n\t\t<!-- All in One SEO -->\n\n","aioseo_head_json":{"title":"Alunos da E. E. Silveira Brum participam de Feira de Ci\u00eancias - A Not\u00edcia Online","description":"Alunos da Escola Estadual Silveira Brum participaram da Feira de Ci\u00eancias, na manh\u00e3 de s\u00e1bado (28), que envolveu todas as escolas do Estado de Minas Gerais. No pr\u00e9dio da escola, alunos de 6 a 10 anos apresentaram trabalhos com temas variados aos visitantes. Nilza Helena F\u00e1tima de Souza Salvato, diretora da Escola, disse que os","canonical_url":"https:\/\/anoticiaonline.com.br\/site\/alunos-da-e-e-dr-silveira-brum-participam-de-feira-de-ciencias\/","robots":"max-image-preview:large","keywords":"","webmasterTools":{"miscellaneous":""},"schema":{"@context":"https:\/\/schema.org","@graph":[{"@type":"BlogPosting","@id":"https:\/\/anoticiaonline.com.br\/site\/alunos-da-e-e-dr-silveira-brum-participam-de-feira-de-ciencias\/#blogposting","name":"Alunos da E. E. Silveira Brum participam de Feira de Ci\u00eancias - A Not\u00edcia Online","headline":"Alunos da E. E. Silveira Brum participam de Feira de Ci\u00eancias","author":{"@id":"https:\/\/anoticiaonline.com.br\/site\/author\/juliana\/#author"},"publisher":{"@id":"https:\/\/anoticiaonline.com.br\/site\/#organization"},"image":{"@type":"ImageObject","url":"https:\/\/anoticiaonline.com.br\/site\/wp-content\/uploads\/2017\/11\/DSC_0726.jpg","width":640,"height":427},"datePublished":"2017-11-01T19:17:08-03:00","dateModified":"2017-11-01T20:27:41-03:00","inLanguage":"pt-BR","mainEntityOfPage":{"@id":"https:\/\/anoticiaonline.com.br\/site\/alunos-da-e-e-dr-silveira-brum-participam-de-feira-de-ciencias\/#webpage"},"isPartOf":{"@id":"https:\/\/anoticiaonline.com.br\/site\/alunos-da-e-e-dr-silveira-brum-participam-de-feira-de-ciencias\/#webpage"},"articleSection":"Gerais, Escola Estadual Silveira Brum, Feira de Ci\u00eancias, Nilza Helena F\u00e1tima de Souza Salvato"},{"@type":"BreadcrumbList","@id":"https:\/\/anoticiaonline.com.br\/site\/alunos-da-e-e-dr-silveira-brum-participam-de-feira-de-ciencias\/#breadcrumblist","itemListElement":[{"@type":"ListItem","@id":"https:\/\/anoticiaonline.com.br\/site#listItem","position":1,"name":"Home","item":"https:\/\/anoticiaonline.com.br\/site","nextItem":{"@type":"ListItem","@id":"https:\/\/anoticiaonline.com.br\/site\/categoria\/gerais\/#listItem","name":"Gerais"}},{"@type":"ListItem","@id":"https:\/\/anoticiaonline.com.br\/site\/categoria\/gerais\/#listItem","position":2,"name":"Gerais","item":"https:\/\/anoticiaonline.com.br\/site\/categoria\/gerais\/","nextItem":{"@type":"ListItem","@id":"https:\/\/anoticiaonline.com.br\/site\/alunos-da-e-e-dr-silveira-brum-participam-de-feira-de-ciencias\/#listItem","name":"Alunos da E. E. Silveira Brum participam de Feira de Ci\u00eancias"},"previousItem":{"@type":"ListItem","@id":"https:\/\/anoticiaonline.com.br\/site#listItem","name":"Home"}},{"@type":"ListItem","@id":"https:\/\/anoticiaonline.com.br\/site\/alunos-da-e-e-dr-silveira-brum-participam-de-feira-de-ciencias\/#listItem","position":3,"name":"Alunos da E. E. Silveira Brum participam de Feira de Ci\u00eancias","previousItem":{"@type":"ListItem","@id":"https:\/\/anoticiaonline.com.br\/site\/categoria\/gerais\/#listItem","name":"Gerais"}}]},{"@type":"Organization","@id":"https:\/\/anoticiaonline.com.br\/site\/#organization","name":"A Not\u00edcia Online","description":"Noticias de Muria\u00e9 e regi\u00e3o","url":"https:\/\/anoticiaonline.com.br\/site\/","logo":{"@type":"ImageObject","url":"https:\/\/scontent-gig4-1.xx.fbcdn.net\/v\/t39.30808-1\/270437624_4564083193639691_6907940295614233970_n.jpg?stp=dst-jpg_s200x200_tt6&_nc_cat=111&ccb=1-7&_nc_sid=f907e8&_nc_ohc=SM1wRlP3lJwQ7kNvwEPuBYA&_nc_oc=AdnqrjDN_BNjSSHWO-GbkIWH6fkGMLw4bqvL_NH6e2wMveX7G-rP2dAqsDSq1mJMOaY&_nc_zt=24&_nc_ht=scontent-gig4-1.xx&_nc_gid=AoBFJeGrT1hVaew_6rchkQ&oh=00_AfX7QmFGhQhG2jAllVgXCiM1ZrWgvtp80-Bfppyexh1QEg&oe=689E923C","@id":"https:\/\/anoticiaonline.com.br\/site\/alunos-da-e-e-dr-silveira-brum-participam-de-feira-de-ciencias\/#organizationLogo"},"image":{"@id":"https:\/\/anoticiaonline.com.br\/site\/alunos-da-e-e-dr-silveira-brum-participam-de-feira-de-ciencias\/#organizationLogo"}},{"@type":"Person","@id":"https:\/\/anoticiaonline.com.br\/site\/author\/juliana\/#author","url":"https:\/\/anoticiaonline.com.br\/site\/author\/juliana\/","name":"Juliana Laviola","image":{"@type":"ImageObject","@id":"https:\/\/anoticiaonline.com.br\/site\/alunos-da-e-e-dr-silveira-brum-participam-de-feira-de-ciencias\/#authorImage","url":"https:\/\/secure.gravatar.com\/avatar\/b8d45f5c699b100dfaf0e543582f38f38bf94cb7ae3a5e9abf8d891a34773335?s=96&d=mm&r=g","width":96,"height":96,"caption":"Juliana Laviola"}},{"@type":"WebPage","@id":"https:\/\/anoticiaonline.com.br\/site\/alunos-da-e-e-dr-silveira-brum-participam-de-feira-de-ciencias\/#webpage","url":"https:\/\/anoticiaonline.com.br\/site\/alunos-da-e-e-dr-silveira-brum-participam-de-feira-de-ciencias\/","name":"Alunos da E. E. Silveira Brum participam de Feira de Ci\u00eancias - A Not\u00edcia Online","description":"Alunos da Escola Estadual Silveira Brum participaram da Feira de Ci\u00eancias, na manh\u00e3 de s\u00e1bado (28), que envolveu todas as escolas do Estado de Minas Gerais. No pr\u00e9dio da escola, alunos de 6 a 10 anos apresentaram trabalhos com temas variados aos visitantes. Nilza Helena F\u00e1tima de Souza Salvato, diretora da Escola, disse que os","inLanguage":"pt-BR","isPartOf":{"@id":"https:\/\/anoticiaonline.com.br\/site\/#website"},"breadcrumb":{"@id":"https:\/\/anoticiaonline.com.br\/site\/alunos-da-e-e-dr-silveira-brum-participam-de-feira-de-ciencias\/#breadcrumblist"},"author":{"@id":"https:\/\/anoticiaonline.com.br\/site\/author\/juliana\/#author"},"creator":{"@id":"https:\/\/anoticiaonline.com.br\/site\/author\/juliana\/#author"},"image":{"@type":"ImageObject","url":"https:\/\/anoticiaonline.com.br\/site\/wp-content\/uploads\/2017\/11\/DSC_0726.jpg","@id":"https:\/\/anoticiaonline.com.br\/site\/alunos-da-e-e-dr-silveira-brum-participam-de-feira-de-ciencias\/#mainImage","width":640,"height":427},"primaryImageOfPage":{"@id":"https:\/\/anoticiaonline.com.br\/site\/alunos-da-e-e-dr-silveira-brum-participam-de-feira-de-ciencias\/#mainImage"},"datePublished":"2017-11-01T19:17:08-03:00","dateModified":"2017-11-01T20:27:41-03:00"},{"@type":"WebSite","@id":"https:\/\/anoticiaonline.com.br\/site\/#website","url":"https:\/\/anoticiaonline.com.br\/site\/","name":"A Not\u00edcia Online","description":"Noticias de Muria\u00e9 e regi\u00e3o","inLanguage":"pt-BR","publisher":{"@id":"https:\/\/anoticiaonline.com.br\/site\/#organization"}}]},"og:locale":"pt_BR","og:site_name":"A Not\u00edcia Online - Noticias de Muria\u00e9 e regi\u00e3o","og:type":"article","og:title":"Alunos da E. E. Silveira Brum participam de Feira de Ci\u00eancias - A Not\u00edcia Online","og:description":"Alunos da Escola Estadual Silveira Brum participaram da Feira de Ci\u00eancias, na manh\u00e3 de s\u00e1bado (28), que envolveu todas as escolas do Estado de Minas Gerais. No pr\u00e9dio da escola, alunos de 6 a 10 anos apresentaram trabalhos com temas variados aos visitantes. Nilza Helena F\u00e1tima de Souza Salvato, diretora da Escola, disse que os","og:url":"https:\/\/anoticiaonline.com.br\/site\/alunos-da-e-e-dr-silveira-brum-participam-de-feira-de-ciencias\/","og:image":"https:\/\/scontent-gig4-1.xx.fbcdn.net\/v\/t39.30808-1\/270437624_4564083193639691_6907940295614233970_n.jpg?stp=dst-jpg_s200x200_tt6&#038;_nc_cat=111&#038;ccb=1-7&#038;_nc_sid=f907e8&#038;_nc_ohc=SM1wRlP3lJwQ7kNvwEPuBYA&#038;_nc_oc=AdnqrjDN_BNjSSHWO-GbkIWH6fkGMLw4bqvL_NH6e2wMveX7G-rP2dAqsDSq1mJMOaY&#038;_nc_zt=24&#038;_nc_ht=scontent-gig4-1.xx&#038;_nc_gid=AoBFJeGrT1hVaew_6rchkQ&#038;oh=00_AfX7QmFGhQhG2jAllVgXCiM1ZrWgvtp80-Bfppyexh1QEg&#038;oe=689E923C","og:image:secure_url":"https:\/\/scontent-gig4-1.xx.fbcdn.net\/v\/t39.30808-1\/270437624_4564083193639691_6907940295614233970_n.jpg?stp=dst-jpg_s200x200_tt6&#038;_nc_cat=111&#038;ccb=1-7&#038;_nc_sid=f907e8&#038;_nc_ohc=SM1wRlP3lJwQ7kNvwEPuBYA&#038;_nc_oc=AdnqrjDN_BNjSSHWO-GbkIWH6fkGMLw4bqvL_NH6e2wMveX7G-rP2dAqsDSq1mJMOaY&#038;_nc_zt=24&#038;_nc_ht=scontent-gig4-1.xx&#038;_nc_gid=AoBFJeGrT1hVaew_6rchkQ&#038;oh=00_AfX7QmFGhQhG2jAllVgXCiM1ZrWgvtp80-Bfppyexh1QEg&#038;oe=689E923C","article:published_time":"2017-11-01T22:17:08+00:00","article:modified_time":"2017-11-01T23:27:41+00:00","twitter:card":"summary_large_image","twitter:title":"Alunos da E. E. Silveira Brum participam de Feira de Ci\u00eancias - A Not\u00edcia Online","twitter:description":"Alunos da Escola Estadual Silveira Brum participaram da Feira de Ci\u00eancias, na manh\u00e3 de s\u00e1bado (28), que envolveu todas as escolas do Estado de Minas Gerais. No pr\u00e9dio da escola, alunos de 6 a 10 anos apresentaram trabalhos com temas variados aos visitantes. Nilza Helena F\u00e1tima de Souza Salvato, diretora da Escola, disse que os","twitter:image":"https:\/\/scontent-gig4-1.xx.fbcdn.net\/v\/t39.30808-1\/270437624_4564083193639691_6907940295614233970_n.jpg?stp=dst-jpg_s200x200_tt6&_nc_cat=111&ccb=1-7&_nc_sid=f907e8&_nc_ohc=SM1wRlP3lJwQ7kNvwEPuBYA&_nc_oc=AdnqrjDN_BNjSSHWO-GbkIWH6fkGMLw4bqvL_NH6e2wMveX7G-rP2dAqsDSq1mJMOaY&_nc_zt=24&_nc_ht=scontent-gig4-1.xx&_nc_gid=AoBFJeGrT1hVaew_6rchkQ&oh=00_AfX7QmFGhQhG2jAllVgXCiM1ZrWgvtp80-Bfppyexh1QEg&oe=689E923C"},"aioseo_meta_data":{"post_id":"44216","title":null,"description":null,"keywords":null,"keyphrases":null,"primary_term":null,"canonical_url":null,"og_title":null,"og_description":null,"og_object_type":"default","og_image_type":"default","og_image_url":null,"og_image_width":null,"og_image_height":null,"og_image_custom_url":null,"og_image_custom_fields":null,"og_video":null,"og_custom_url":null,"og_article_section":null,"og_article_tags":null,"twitter_use_og":false,"twitter_card":"default","twitter_image_type":"default","twitter_image_url":null,"twitter_image_custom_url":null,"twitter_image_custom_fields":null,"twitter_title":null,"twitter_description":null,"schema":{"blockGraphs":[],"customGraphs":[],"default":{"data":{"Article":[],"Course":[],"Dataset":[],"FAQPage":[],"Movie":[],"Person":[],"Product":[],"ProductReview":[],"Car":[],"Recipe":[],"Service":[],"SoftwareApplication":[],"WebPage":[]},"graphName":"","isEnabled":true},"graphs":[]},"schema_type":"default","schema_type_options":null,"pillar_content":false,"robots_default":true,"robots_noindex":false,"robots_noarchive":false,"robots_nosnippet":false,"robots_nofollow":false,"robots_noimageindex":false,"robots_noodp":false,"robots_notranslate":false,"robots_max_snippet":null,"robots_max_videopreview":null,"robots_max_imagepreview":"large","priority":null,"frequency":null,"local_seo":null,"breadcrumb_settings":null,"limit_modified_date":false,"ai":null,"created":"2025-08-16 19:43:54","updated":"2025-08-16 19:43:54","focus_keyword":null,"additional_keywords":null,"truseo_locale":null,"seo_analyzer_scan_date":null},"aioseo_breadcrumb":"<div class=\"aioseo-breadcrumbs\"><span class=\"aioseo-breadcrumb\">\n\t\t\t<a href=\"https:\/\/anoticiaonline.com.br\/site\" title=\"Home\">Home<\/a>\n\t\t<\/span><span class=\"aioseo-breadcrumb-separator\">&raquo;<\/span><span class=\"aioseo-breadcrumb\">\n\t\t\t<a href=\"https:\/\/anoticiaonline.com.br\/site\/categoria\/gerais\/\" title=\"Gerais\">Gerais<\/a>\n\t\t<\/span><span class=\"aioseo-breadcrumb-separator\">&raquo;<\/span><span class=\"aioseo-breadcrumb\">\n\t\t\tAlunos da E. E. Silveira Brum participam de Feira de Ci\u00eancias\n\t\t<\/span><\/div>","aioseo_breadcrumb_json":[{"label":"Home","link":"https:\/\/anoticiaonline.com.br\/site"},{"label":"Gerais","link":"https:\/\/anoticiaonline.com.br\/site\/categoria\/gerais\/"},{"label":"Alunos da E. E. Silveira Brum participam de Feira de Ci\u00eancias","link":"https:\/\/anoticiaonline.com.br\/site\/alunos-da-e-e-dr-silveira-brum-participam-de-feira-de-ciencias\/"}],"views":145,"_links":{"self":[{"href":"https:\/\/anoticiaonline.com.br\/site\/wp-json\/wp\/v2\/posts\/44216","targetHints":{"allow":["GET"]}}],"collection":[{"href":"https:\/\/anoticiaonline.com.br\/site\/wp-json\/wp\/v2\/posts"}],"about":[{"href":"https:\/\/anoticiaonline.com.br\/site\/wp-json\/wp\/v2\/types\/post"}],"author":[{"embeddable":true,"href":"https:\/\/anoticiaonline.com.br\/site\/wp-json\/wp\/v2\/users\/2"}],"replies":[{"embeddable":true,"href":"https:\/\/anoticiaonline.com.br\/site\/wp-json\/wp\/v2\/comments?post=44216"}],"version-history":[{"count":0,"href":"https:\/\/anoticiaonline.com.br\/site\/wp-json\/wp\/v2\/posts\/44216\/revisions"}],"wp:featuredmedia":[{"embeddable":true,"href":"https:\/\/anoticiaonline.com.br\/site\/wp-json\/wp\/v2\/media\/44226"}],"wp:attachment":[{"href":"https:\/\/anoticiaonline.com.br\/site\/wp-json\/wp\/v2\/media?parent=44216"}],"wp:term":[{"taxonomy":"category","embeddable":true,"href":"https:\/\/anoticiaonline.com.br\/site\/wp-json\/wp\/v2\/categories?post=44216"},{"taxonomy":"post_tag","embeddable":true,"href":"https:\/\/anoticiaonline.com.br\/site\/wp-json\/wp\/v2\/tags?post=44216"}],"curies":[{"name":"wp","href":"https:\/\/api.w.org\/{rel}","templated":true}]}}