{"id":44213,"date":"2017-11-01T18:52:09","date_gmt":"2017-11-01T21:52:09","guid":{"rendered":"http:\/\/anoticiaonline.com.br\/site\/?p=44213"},"modified":"2017-11-01T18:56:26","modified_gmt":"2017-11-01T21:56:26","slug":"merendeira-de-sao-francisco-do-gloria-fica-em-2o-lugar-da-regiao-sudeste-em-concurso-nacional","status":"publish","type":"post","link":"https:\/\/anoticiaonline.com.br\/site\/merendeira-de-sao-francisco-do-gloria-fica-em-2o-lugar-da-regiao-sudeste-em-concurso-nacional\/","title":{"rendered":"Merendeira de S\u00e3o Francisco do Gl\u00f3ria fica em 2\u00ba lugar da Regi\u00e3o Sudeste em Concurso Nacional"},"content":{"rendered":"<figure id=\"attachment_44214\" aria-describedby=\"caption-attachment-44214\" style=\"width: 630px\" class=\"wp-caption aligncenter\"><a href=\"https:\/\/anoticiaonline.com.br\/site\/wp-content\/uploads\/2017\/11\/Merendeira-de-S\u00e3o-Francisco-do-Gl\u00f3ria-fica-em-2\u00ba-lugar-da-Regi\u00e3o-Sudeste-em-Concurso-Nacional.jpg\"><img fetchpriority=\"high\" decoding=\"async\" class=\"wp-image-44214 size-full\" src=\"https:\/\/anoticiaonline.com.br\/site\/wp-content\/uploads\/2017\/11\/Merendeira-de-S\u00e3o-Francisco-do-Gl\u00f3ria-fica-em-2\u00ba-lugar-da-Regi\u00e3o-Sudeste-em-Concurso-Nacional.jpg\" alt=\"\" width=\"640\" height=\"480\" srcset=\"https:\/\/anoticiaonline.com.br\/site\/wp-content\/uploads\/2017\/11\/Merendeira-de-S\u00e3o-Francisco-do-Gl\u00f3ria-fica-em-2\u00ba-lugar-da-Regi\u00e3o-Sudeste-em-Concurso-Nacional.jpg 640w, https:\/\/anoticiaonline.com.br\/site\/wp-content\/uploads\/2017\/11\/Merendeira-de-S\u00e3o-Francisco-do-Gl\u00f3ria-fica-em-2\u00ba-lugar-da-Regi\u00e3o-Sudeste-em-Concurso-Nacional-300x225.jpg 300w\" sizes=\"(max-width: 640px) 100vw, 640px\" \/><\/a><figcaption id=\"caption-attachment-44214\" class=\"wp-caption-text\">A nutricionista, Naylara Adrielle, a merendeira, Elza do Carmo Paiva e o prefeito Walace Pedrosa<\/figcaption><\/figure>\n<p><a href=\"https:\/\/anoticiaonline.com.br\/site\/wp-content\/uploads\/2017\/11\/Merendeira-de-S\u00e3o-Francisco-do-Gl\u00f3ria-fica-em-2\u00ba-lugar-da-Regi\u00e3o-Sudeste-em-Concurso-Nacional.jpg\"><\/a>O prefeito de S\u00e3o Franciso do Gl\u00f3ria, Walace Pedrosa, a merendeira, Elza do Carmo Paiva, o secret\u00e1rio municipal de Educa\u00e7\u00e3o, L\u00e1zaro Luiz Lazaroni Freitas, e a nutricionista, Naylara Adrielle, estiveram em Bras\u00edlia, entre os dias 23 e 26 de outubro, para a fase final do Concurso Nacional de Melhores Receitas da Alimenta\u00e7\u00e3o Escolar, promovido pelo Minist\u00e9rio da Educa\u00e7\u00e3o e Cultura (MEC) e do Fundo Nacional de Desenvolvimento Escolar (FNDE), concorrendo com a Lasanha Nutritiva de Fub\u00e1, que ficou em 2\u00ba lugar da Regi\u00e3o Sudeste.<\/p>\n<p>Elza concorreu com mais de 1300 receitas na fase eliminat\u00f3ria, chegou \u00e0 etapa estadual concorrendo com mais de 200, na semifinal com 20 da Regi\u00e3o Sudeste e ficou entre as finalistas, que englobaram tr\u00eas de cada regi\u00e3o do Brasil. Ao todo, foram cinco campe\u00e3s, uma por regi\u00e3o.<\/p>\n<p>\u201cTia Elza\u201d, como \u00e9 conhecida, trabalha h\u00e1 quase 29 anos como merendeira em S\u00e3o Francisco do Gl\u00f3ria, cidade localizada a 45 Km de Muria\u00e9. O concurso visou \u00e0 valoriza\u00e7\u00e3o do papel das merendeiras e \u00e0 forma\u00e7\u00e3o de h\u00e1bitos saud\u00e1veis no ambiente escolar. No momento da inscri\u00e7\u00e3o, al\u00e9m da receita, tamb\u00e9m foi cadastrada uma a\u00e7\u00e3o de Educa\u00e7\u00e3o Alimentar e Nutricional denominada \u201cMilho, o verdadeiro cereal radical\u201d, vinculada \u00e0 receita elaborada, realizada por Naylara Adrielle, nutricionista respons\u00e1vel pela merenda da Escola Municipal Ant\u00f4nio Franco Laviola.<\/p>\n<p>Na ocasi\u00e3o, o prefeito Walace aproveitou para entregar o projeto da Pra\u00e7a S\u00e3o Francisco de Assis, no Gabinete do presidente da Rep\u00fablica, Michel Temer, no Pal\u00e1cio do Planalto, juntamente com o prefeito Paulo Petersen, de Carangola, prefeito Ormeu, de Rio Novo, prefeito Juscelino, de Tiradentes e o deputado federal, Saraiva Felipe.<\/p>\n<p>&nbsp;<\/p>\n","protected":false},"excerpt":{"rendered":"<p>O prefeito de S\u00e3o Franciso do Gl\u00f3ria, Walace Pedrosa, a merendeira, Elza do Carmo Paiva, o secret\u00e1rio municipal de Educa\u00e7\u00e3o, L\u00e1zaro Luiz Lazaroni Freitas, e a nutricionista, Naylara Adrielle, estiveram em Bras\u00edlia, entre os dias 23 e 26 de outubro, para a fase final do Concurso Nacional de Melhores Receitas da Alimenta\u00e7\u00e3o Escolar, promovido pelo &#8230; <a title=\"Merendeira de S\u00e3o Francisco do Gl\u00f3ria fica em 2\u00ba lugar da Regi\u00e3o Sudeste em Concurso Nacional\" class=\"read-more\" href=\"https:\/\/anoticiaonline.com.br\/site\/merendeira-de-sao-francisco-do-gloria-fica-em-2o-lugar-da-regiao-sudeste-em-concurso-nacional\/\" aria-label=\"Read more about Merendeira de S\u00e3o Francisco do Gl\u00f3ria fica em 2\u00ba lugar da Regi\u00e3o Sudeste em Concurso Nacional\">Ler mais<\/a><\/p>\n","protected":false},"author":2,"featured_media":44214,"comment_status":"open","ping_status":"open","sticky":false,"template":"","format":"standard","meta":{"_acf_changed":false,"_monsterinsights_skip_tracking":false,"footnotes":""},"categories":[1],"tags":[1248,1463,1460,1465,1466,1461,1464,1462,1458,1459],"class_list":["post-44213","post","type-post","status-publish","format-standard","has-post-thumbnail","hentry","category-gerais","tag-brasilia","tag-concurso-nacional-de-melhores-receitas-da-alimentacao-escolar","tag-elza-do-carmo-paiva","tag-fundo-nacional-de-desenvolvimento-escolar-fnde","tag-lasanha-nutritiva-de-fuba","tag-lazaro-luiz-lazaroni-freitas","tag-ministerio-da-educacao-e-cultura-mec","tag-naylara-adrielle","tag-sao-franciso-do-gloria","tag-walace-pedrosa"],"acf":[],"aioseo_notices":[],"aioseo_head":"\n\t\t<!-- All in One SEO 5.0.0.1 - aioseo.com -->\n\t<meta name=\"description\" content=\"O prefeito de S\u00e3o Franciso do Gl\u00f3ria, Walace Pedrosa, a merendeira, Elza do Carmo Paiva, o secret\u00e1rio municipal de Educa\u00e7\u00e3o, L\u00e1zaro Luiz Lazaroni Freitas, e a nutricionista, Naylara Adrielle, estiveram em Bras\u00edlia, entre os dias 23 e 26 de outubro, para a fase final do Concurso Nacional de Melhores Receitas da Alimenta\u00e7\u00e3o Escolar, promovido pelo\" \/>\n\t<meta name=\"robots\" content=\"max-image-preview:large\" \/>\n\t<meta name=\"author\" content=\"Juliana Laviola\"\/>\n\t<link rel=\"canonical\" href=\"https:\/\/anoticiaonline.com.br\/site\/merendeira-de-sao-francisco-do-gloria-fica-em-2o-lugar-da-regiao-sudeste-em-concurso-nacional\/\" \/>\n\t<meta name=\"generator\" content=\"All in One SEO (AIOSEO) 5.0.0.1\" \/>\n\t\t<meta property=\"og:locale\" content=\"pt_BR\" \/>\n\t\t<meta property=\"og:site_name\" content=\"A Not\u00edcia Online - Noticias de Muria\u00e9 e regi\u00e3o\" \/>\n\t\t<meta property=\"og:type\" content=\"article\" \/>\n\t\t<meta property=\"og:title\" content=\"Merendeira de S\u00e3o Francisco do Gl\u00f3ria fica em 2\u00ba lugar da Regi\u00e3o Sudeste em Concurso Nacional - A Not\u00edcia Online\" \/>\n\t\t<meta property=\"og:description\" content=\"O prefeito de S\u00e3o Franciso do Gl\u00f3ria, Walace Pedrosa, a merendeira, Elza do Carmo Paiva, o secret\u00e1rio municipal de Educa\u00e7\u00e3o, L\u00e1zaro Luiz Lazaroni Freitas, e a nutricionista, Naylara Adrielle, estiveram em Bras\u00edlia, entre os dias 23 e 26 de outubro, para a fase final do Concurso Nacional de Melhores Receitas da Alimenta\u00e7\u00e3o Escolar, promovido pelo\" \/>\n\t\t<meta property=\"og:url\" content=\"https:\/\/anoticiaonline.com.br\/site\/merendeira-de-sao-francisco-do-gloria-fica-em-2o-lugar-da-regiao-sudeste-em-concurso-nacional\/\" \/>\n\t\t<meta property=\"og:image\" content=\"https:\/\/scontent-gig4-1.xx.fbcdn.net\/v\/t39.30808-1\/270437624_4564083193639691_6907940295614233970_n.jpg?stp=dst-jpg_s200x200_tt6&#038;_nc_cat=111&#038;ccb=1-7&#038;_nc_sid=f907e8&#038;_nc_ohc=SM1wRlP3lJwQ7kNvwEPuBYA&#038;_nc_oc=AdnqrjDN_BNjSSHWO-GbkIWH6fkGMLw4bqvL_NH6e2wMveX7G-rP2dAqsDSq1mJMOaY&#038;_nc_zt=24&#038;_nc_ht=scontent-gig4-1.xx&#038;_nc_gid=AoBFJeGrT1hVaew_6rchkQ&#038;oh=00_AfX7QmFGhQhG2jAllVgXCiM1ZrWgvtp80-Bfppyexh1QEg&#038;oe=689E923C\" \/>\n\t\t<meta property=\"og:image:secure_url\" content=\"https:\/\/scontent-gig4-1.xx.fbcdn.net\/v\/t39.30808-1\/270437624_4564083193639691_6907940295614233970_n.jpg?stp=dst-jpg_s200x200_tt6&#038;_nc_cat=111&#038;ccb=1-7&#038;_nc_sid=f907e8&#038;_nc_ohc=SM1wRlP3lJwQ7kNvwEPuBYA&#038;_nc_oc=AdnqrjDN_BNjSSHWO-GbkIWH6fkGMLw4bqvL_NH6e2wMveX7G-rP2dAqsDSq1mJMOaY&#038;_nc_zt=24&#038;_nc_ht=scontent-gig4-1.xx&#038;_nc_gid=AoBFJeGrT1hVaew_6rchkQ&#038;oh=00_AfX7QmFGhQhG2jAllVgXCiM1ZrWgvtp80-Bfppyexh1QEg&#038;oe=689E923C\" \/>\n\t\t<meta property=\"article:published_time\" content=\"2017-11-01T21:52:09+00:00\" \/>\n\t\t<meta property=\"article:modified_time\" content=\"2017-11-01T21:56:26+00:00\" \/>\n\t\t<meta name=\"twitter:card\" content=\"summary_large_image\" \/>\n\t\t<meta name=\"twitter:title\" content=\"Merendeira de S\u00e3o Francisco do Gl\u00f3ria fica em 2\u00ba lugar da Regi\u00e3o Sudeste em Concurso Nacional - A Not\u00edcia Online\" \/>\n\t\t<meta name=\"twitter:description\" content=\"O prefeito de S\u00e3o Franciso do Gl\u00f3ria, Walace Pedrosa, a merendeira, Elza do Carmo Paiva, o secret\u00e1rio municipal de Educa\u00e7\u00e3o, L\u00e1zaro Luiz Lazaroni Freitas, e a nutricionista, Naylara Adrielle, estiveram em Bras\u00edlia, entre os dias 23 e 26 de outubro, para a fase final do Concurso Nacional de Melhores Receitas da Alimenta\u00e7\u00e3o Escolar, promovido pelo\" \/>\n\t\t<meta name=\"twitter:image\" content=\"https:\/\/scontent-gig4-1.xx.fbcdn.net\/v\/t39.30808-1\/270437624_4564083193639691_6907940295614233970_n.jpg?stp=dst-jpg_s200x200_tt6&amp;_nc_cat=111&amp;ccb=1-7&amp;_nc_sid=f907e8&amp;_nc_ohc=SM1wRlP3lJwQ7kNvwEPuBYA&amp;_nc_oc=AdnqrjDN_BNjSSHWO-GbkIWH6fkGMLw4bqvL_NH6e2wMveX7G-rP2dAqsDSq1mJMOaY&amp;_nc_zt=24&amp;_nc_ht=scontent-gig4-1.xx&amp;_nc_gid=AoBFJeGrT1hVaew_6rchkQ&amp;oh=00_AfX7QmFGhQhG2jAllVgXCiM1ZrWgvtp80-Bfppyexh1QEg&amp;oe=689E923C\" \/>\n\t\t<script type=\"application\/ld+json\" class=\"aioseo-schema\">\n\t\t\t{\"@context\":\"https:\\\/\\\/schema.org\",\"@graph\":[{\"@type\":\"BlogPosting\",\"@id\":\"https:\\\/\\\/anoticiaonline.com.br\\\/site\\\/merendeira-de-sao-francisco-do-gloria-fica-em-2o-lugar-da-regiao-sudeste-em-concurso-nacional\\\/#blogposting\",\"name\":\"Merendeira de S\\u00e3o Francisco do Gl\\u00f3ria fica em 2\\u00ba lugar da Regi\\u00e3o Sudeste em Concurso Nacional - A Not\\u00edcia Online\",\"headline\":\"Merendeira de S\\u00e3o Francisco do Gl\\u00f3ria fica em 2\\u00ba lugar da Regi\\u00e3o Sudeste em Concurso Nacional\",\"author\":{\"@id\":\"https:\\\/\\\/anoticiaonline.com.br\\\/site\\\/author\\\/juliana\\\/#author\"},\"publisher\":{\"@id\":\"https:\\\/\\\/anoticiaonline.com.br\\\/site\\\/#organization\"},\"image\":{\"@type\":\"ImageObject\",\"url\":\"https:\\\/\\\/anoticiaonline.com.br\\\/site\\\/wp-content\\\/uploads\\\/2017\\\/11\\\/Merendeira-de-S\\u00e3o-Francisco-do-Gl\\u00f3ria-fica-em-2\\u00ba-lugar-da-Regi\\u00e3o-Sudeste-em-Concurso-Nacional.jpg\",\"width\":640,\"height\":480},\"datePublished\":\"2017-11-01T18:52:09-03:00\",\"dateModified\":\"2017-11-01T18:56:26-03:00\",\"inLanguage\":\"pt-BR\",\"mainEntityOfPage\":{\"@id\":\"https:\\\/\\\/anoticiaonline.com.br\\\/site\\\/merendeira-de-sao-francisco-do-gloria-fica-em-2o-lugar-da-regiao-sudeste-em-concurso-nacional\\\/#webpage\"},\"isPartOf\":{\"@id\":\"https:\\\/\\\/anoticiaonline.com.br\\\/site\\\/merendeira-de-sao-francisco-do-gloria-fica-em-2o-lugar-da-regiao-sudeste-em-concurso-nacional\\\/#webpage\"},\"articleSection\":\"Gerais, bras\\u00edlia, Concurso Nacional de Melhores Receitas da Alimenta\\u00e7\\u00e3o Escolar, Elza do Carmo Paiva, Fundo Nacional de Desenvolvimento Escolar (FNDE), Lasanha Nutritiva de Fub\\u00e1, L\\u00e1zaro Luiz Lazaroni Freitas, Minist\\u00e9rio da Educa\\u00e7\\u00e3o e Cultura (MEC), Naylara Adrielle, S\\u00e3o Franciso do Gl\\u00f3ria, Walace Pedrosa\"},{\"@type\":\"BreadcrumbList\",\"@id\":\"https:\\\/\\\/anoticiaonline.com.br\\\/site\\\/merendeira-de-sao-francisco-do-gloria-fica-em-2o-lugar-da-regiao-sudeste-em-concurso-nacional\\\/#breadcrumblist\",\"itemListElement\":[{\"@type\":\"ListItem\",\"@id\":\"https:\\\/\\\/anoticiaonline.com.br\\\/site#listItem\",\"position\":1,\"name\":\"Home\",\"item\":\"https:\\\/\\\/anoticiaonline.com.br\\\/site\",\"nextItem\":{\"@type\":\"ListItem\",\"@id\":\"https:\\\/\\\/anoticiaonline.com.br\\\/site\\\/categoria\\\/gerais\\\/#listItem\",\"name\":\"Gerais\"}},{\"@type\":\"ListItem\",\"@id\":\"https:\\\/\\\/anoticiaonline.com.br\\\/site\\\/categoria\\\/gerais\\\/#listItem\",\"position\":2,\"name\":\"Gerais\",\"item\":\"https:\\\/\\\/anoticiaonline.com.br\\\/site\\\/categoria\\\/gerais\\\/\",\"nextItem\":{\"@type\":\"ListItem\",\"@id\":\"https:\\\/\\\/anoticiaonline.com.br\\\/site\\\/merendeira-de-sao-francisco-do-gloria-fica-em-2o-lugar-da-regiao-sudeste-em-concurso-nacional\\\/#listItem\",\"name\":\"Merendeira de S\\u00e3o Francisco do Gl\\u00f3ria fica em 2\\u00ba lugar da Regi\\u00e3o Sudeste em Concurso Nacional\"},\"previousItem\":{\"@type\":\"ListItem\",\"@id\":\"https:\\\/\\\/anoticiaonline.com.br\\\/site#listItem\",\"name\":\"Home\"}},{\"@type\":\"ListItem\",\"@id\":\"https:\\\/\\\/anoticiaonline.com.br\\\/site\\\/merendeira-de-sao-francisco-do-gloria-fica-em-2o-lugar-da-regiao-sudeste-em-concurso-nacional\\\/#listItem\",\"position\":3,\"name\":\"Merendeira de S\\u00e3o Francisco do Gl\\u00f3ria fica em 2\\u00ba lugar da Regi\\u00e3o Sudeste em Concurso Nacional\",\"previousItem\":{\"@type\":\"ListItem\",\"@id\":\"https:\\\/\\\/anoticiaonline.com.br\\\/site\\\/categoria\\\/gerais\\\/#listItem\",\"name\":\"Gerais\"}}]},{\"@type\":\"Organization\",\"@id\":\"https:\\\/\\\/anoticiaonline.com.br\\\/site\\\/#organization\",\"name\":\"A Not\\u00edcia Online\",\"description\":\"Noticias de Muria\\u00e9 e regi\\u00e3o\",\"url\":\"https:\\\/\\\/anoticiaonline.com.br\\\/site\\\/\",\"logo\":{\"@type\":\"ImageObject\",\"url\":\"https:\\\/\\\/scontent-gig4-1.xx.fbcdn.net\\\/v\\\/t39.30808-1\\\/270437624_4564083193639691_6907940295614233970_n.jpg?stp=dst-jpg_s200x200_tt6&_nc_cat=111&ccb=1-7&_nc_sid=f907e8&_nc_ohc=SM1wRlP3lJwQ7kNvwEPuBYA&_nc_oc=AdnqrjDN_BNjSSHWO-GbkIWH6fkGMLw4bqvL_NH6e2wMveX7G-rP2dAqsDSq1mJMOaY&_nc_zt=24&_nc_ht=scontent-gig4-1.xx&_nc_gid=AoBFJeGrT1hVaew_6rchkQ&oh=00_AfX7QmFGhQhG2jAllVgXCiM1ZrWgvtp80-Bfppyexh1QEg&oe=689E923C\",\"@id\":\"https:\\\/\\\/anoticiaonline.com.br\\\/site\\\/merendeira-de-sao-francisco-do-gloria-fica-em-2o-lugar-da-regiao-sudeste-em-concurso-nacional\\\/#organizationLogo\"},\"image\":{\"@id\":\"https:\\\/\\\/anoticiaonline.com.br\\\/site\\\/merendeira-de-sao-francisco-do-gloria-fica-em-2o-lugar-da-regiao-sudeste-em-concurso-nacional\\\/#organizationLogo\"}},{\"@type\":\"Person\",\"@id\":\"https:\\\/\\\/anoticiaonline.com.br\\\/site\\\/author\\\/juliana\\\/#author\",\"url\":\"https:\\\/\\\/anoticiaonline.com.br\\\/site\\\/author\\\/juliana\\\/\",\"name\":\"Juliana Laviola\",\"image\":{\"@type\":\"ImageObject\",\"@id\":\"https:\\\/\\\/anoticiaonline.com.br\\\/site\\\/merendeira-de-sao-francisco-do-gloria-fica-em-2o-lugar-da-regiao-sudeste-em-concurso-nacional\\\/#authorImage\",\"url\":\"https:\\\/\\\/secure.gravatar.com\\\/avatar\\\/b8d45f5c699b100dfaf0e543582f38f38bf94cb7ae3a5e9abf8d891a34773335?s=96&d=mm&r=g\",\"width\":96,\"height\":96,\"caption\":\"Juliana Laviola\"}},{\"@type\":\"WebPage\",\"@id\":\"https:\\\/\\\/anoticiaonline.com.br\\\/site\\\/merendeira-de-sao-francisco-do-gloria-fica-em-2o-lugar-da-regiao-sudeste-em-concurso-nacional\\\/#webpage\",\"url\":\"https:\\\/\\\/anoticiaonline.com.br\\\/site\\\/merendeira-de-sao-francisco-do-gloria-fica-em-2o-lugar-da-regiao-sudeste-em-concurso-nacional\\\/\",\"name\":\"Merendeira de S\\u00e3o Francisco do Gl\\u00f3ria fica em 2\\u00ba lugar da Regi\\u00e3o Sudeste em Concurso Nacional - A Not\\u00edcia Online\",\"description\":\"O prefeito de S\\u00e3o Franciso do Gl\\u00f3ria, Walace Pedrosa, a merendeira, Elza do Carmo Paiva, o secret\\u00e1rio municipal de Educa\\u00e7\\u00e3o, L\\u00e1zaro Luiz Lazaroni Freitas, e a nutricionista, Naylara Adrielle, estiveram em Bras\\u00edlia, entre os dias 23 e 26 de outubro, para a fase final do Concurso Nacional de Melhores Receitas da Alimenta\\u00e7\\u00e3o Escolar, promovido pelo\",\"inLanguage\":\"pt-BR\",\"isPartOf\":{\"@id\":\"https:\\\/\\\/anoticiaonline.com.br\\\/site\\\/#website\"},\"breadcrumb\":{\"@id\":\"https:\\\/\\\/anoticiaonline.com.br\\\/site\\\/merendeira-de-sao-francisco-do-gloria-fica-em-2o-lugar-da-regiao-sudeste-em-concurso-nacional\\\/#breadcrumblist\"},\"author\":{\"@id\":\"https:\\\/\\\/anoticiaonline.com.br\\\/site\\\/author\\\/juliana\\\/#author\"},\"creator\":{\"@id\":\"https:\\\/\\\/anoticiaonline.com.br\\\/site\\\/author\\\/juliana\\\/#author\"},\"image\":{\"@type\":\"ImageObject\",\"url\":\"https:\\\/\\\/anoticiaonline.com.br\\\/site\\\/wp-content\\\/uploads\\\/2017\\\/11\\\/Merendeira-de-S\\u00e3o-Francisco-do-Gl\\u00f3ria-fica-em-2\\u00ba-lugar-da-Regi\\u00e3o-Sudeste-em-Concurso-Nacional.jpg\",\"@id\":\"https:\\\/\\\/anoticiaonline.com.br\\\/site\\\/merendeira-de-sao-francisco-do-gloria-fica-em-2o-lugar-da-regiao-sudeste-em-concurso-nacional\\\/#mainImage\",\"width\":640,\"height\":480},\"primaryImageOfPage\":{\"@id\":\"https:\\\/\\\/anoticiaonline.com.br\\\/site\\\/merendeira-de-sao-francisco-do-gloria-fica-em-2o-lugar-da-regiao-sudeste-em-concurso-nacional\\\/#mainImage\"},\"datePublished\":\"2017-11-01T18:52:09-03:00\",\"dateModified\":\"2017-11-01T18:56:26-03:00\"},{\"@type\":\"WebSite\",\"@id\":\"https:\\\/\\\/anoticiaonline.com.br\\\/site\\\/#website\",\"url\":\"https:\\\/\\\/anoticiaonline.com.br\\\/site\\\/\",\"name\":\"A Not\\u00edcia Online\",\"description\":\"Noticias de Muria\\u00e9 e regi\\u00e3o\",\"inLanguage\":\"pt-BR\",\"publisher\":{\"@id\":\"https:\\\/\\\/anoticiaonline.com.br\\\/site\\\/#organization\"}}]}\n\t\t<\/script>\n\t\t<!-- All in One SEO -->\n\n","aioseo_head_json":{"title":"Merendeira de S\u00e3o Francisco do Gl\u00f3ria fica em 2\u00ba lugar da Regi\u00e3o Sudeste em Concurso Nacional - A Not\u00edcia Online","description":"O prefeito de S\u00e3o Franciso do Gl\u00f3ria, Walace Pedrosa, a merendeira, Elza do Carmo Paiva, o secret\u00e1rio municipal de Educa\u00e7\u00e3o, L\u00e1zaro Luiz Lazaroni Freitas, e a nutricionista, Naylara Adrielle, estiveram em Bras\u00edlia, entre os dias 23 e 26 de outubro, para a fase final do Concurso Nacional de Melhores Receitas da Alimenta\u00e7\u00e3o Escolar, promovido pelo","canonical_url":"https:\/\/anoticiaonline.com.br\/site\/merendeira-de-sao-francisco-do-gloria-fica-em-2o-lugar-da-regiao-sudeste-em-concurso-nacional\/","robots":"max-image-preview:large","keywords":"","webmasterTools":{"miscellaneous":""},"schema":{"@context":"https:\/\/schema.org","@graph":[{"@type":"BlogPosting","@id":"https:\/\/anoticiaonline.com.br\/site\/merendeira-de-sao-francisco-do-gloria-fica-em-2o-lugar-da-regiao-sudeste-em-concurso-nacional\/#blogposting","name":"Merendeira de S\u00e3o Francisco do Gl\u00f3ria fica em 2\u00ba lugar da Regi\u00e3o Sudeste em Concurso Nacional - A Not\u00edcia Online","headline":"Merendeira de S\u00e3o Francisco do Gl\u00f3ria fica em 2\u00ba lugar da Regi\u00e3o Sudeste em Concurso Nacional","author":{"@id":"https:\/\/anoticiaonline.com.br\/site\/author\/juliana\/#author"},"publisher":{"@id":"https:\/\/anoticiaonline.com.br\/site\/#organization"},"image":{"@type":"ImageObject","url":"https:\/\/anoticiaonline.com.br\/site\/wp-content\/uploads\/2017\/11\/Merendeira-de-S\u00e3o-Francisco-do-Gl\u00f3ria-fica-em-2\u00ba-lugar-da-Regi\u00e3o-Sudeste-em-Concurso-Nacional.jpg","width":640,"height":480},"datePublished":"2017-11-01T18:52:09-03:00","dateModified":"2017-11-01T18:56:26-03:00","inLanguage":"pt-BR","mainEntityOfPage":{"@id":"https:\/\/anoticiaonline.com.br\/site\/merendeira-de-sao-francisco-do-gloria-fica-em-2o-lugar-da-regiao-sudeste-em-concurso-nacional\/#webpage"},"isPartOf":{"@id":"https:\/\/anoticiaonline.com.br\/site\/merendeira-de-sao-francisco-do-gloria-fica-em-2o-lugar-da-regiao-sudeste-em-concurso-nacional\/#webpage"},"articleSection":"Gerais, bras\u00edlia, Concurso Nacional de Melhores Receitas da Alimenta\u00e7\u00e3o Escolar, Elza do Carmo Paiva, Fundo Nacional de Desenvolvimento Escolar (FNDE), Lasanha Nutritiva de Fub\u00e1, L\u00e1zaro Luiz Lazaroni Freitas, Minist\u00e9rio da Educa\u00e7\u00e3o e Cultura (MEC), Naylara Adrielle, S\u00e3o Franciso do Gl\u00f3ria, Walace Pedrosa"},{"@type":"BreadcrumbList","@id":"https:\/\/anoticiaonline.com.br\/site\/merendeira-de-sao-francisco-do-gloria-fica-em-2o-lugar-da-regiao-sudeste-em-concurso-nacional\/#breadcrumblist","itemListElement":[{"@type":"ListItem","@id":"https:\/\/anoticiaonline.com.br\/site#listItem","position":1,"name":"Home","item":"https:\/\/anoticiaonline.com.br\/site","nextItem":{"@type":"ListItem","@id":"https:\/\/anoticiaonline.com.br\/site\/categoria\/gerais\/#listItem","name":"Gerais"}},{"@type":"ListItem","@id":"https:\/\/anoticiaonline.com.br\/site\/categoria\/gerais\/#listItem","position":2,"name":"Gerais","item":"https:\/\/anoticiaonline.com.br\/site\/categoria\/gerais\/","nextItem":{"@type":"ListItem","@id":"https:\/\/anoticiaonline.com.br\/site\/merendeira-de-sao-francisco-do-gloria-fica-em-2o-lugar-da-regiao-sudeste-em-concurso-nacional\/#listItem","name":"Merendeira de S\u00e3o Francisco do Gl\u00f3ria fica em 2\u00ba lugar da Regi\u00e3o Sudeste em Concurso Nacional"},"previousItem":{"@type":"ListItem","@id":"https:\/\/anoticiaonline.com.br\/site#listItem","name":"Home"}},{"@type":"ListItem","@id":"https:\/\/anoticiaonline.com.br\/site\/merendeira-de-sao-francisco-do-gloria-fica-em-2o-lugar-da-regiao-sudeste-em-concurso-nacional\/#listItem","position":3,"name":"Merendeira de S\u00e3o Francisco do Gl\u00f3ria fica em 2\u00ba lugar da Regi\u00e3o Sudeste em Concurso Nacional","previousItem":{"@type":"ListItem","@id":"https:\/\/anoticiaonline.com.br\/site\/categoria\/gerais\/#listItem","name":"Gerais"}}]},{"@type":"Organization","@id":"https:\/\/anoticiaonline.com.br\/site\/#organization","name":"A Not\u00edcia Online","description":"Noticias de Muria\u00e9 e regi\u00e3o","url":"https:\/\/anoticiaonline.com.br\/site\/","logo":{"@type":"ImageObject","url":"https:\/\/scontent-gig4-1.xx.fbcdn.net\/v\/t39.30808-1\/270437624_4564083193639691_6907940295614233970_n.jpg?stp=dst-jpg_s200x200_tt6&_nc_cat=111&ccb=1-7&_nc_sid=f907e8&_nc_ohc=SM1wRlP3lJwQ7kNvwEPuBYA&_nc_oc=AdnqrjDN_BNjSSHWO-GbkIWH6fkGMLw4bqvL_NH6e2wMveX7G-rP2dAqsDSq1mJMOaY&_nc_zt=24&_nc_ht=scontent-gig4-1.xx&_nc_gid=AoBFJeGrT1hVaew_6rchkQ&oh=00_AfX7QmFGhQhG2jAllVgXCiM1ZrWgvtp80-Bfppyexh1QEg&oe=689E923C","@id":"https:\/\/anoticiaonline.com.br\/site\/merendeira-de-sao-francisco-do-gloria-fica-em-2o-lugar-da-regiao-sudeste-em-concurso-nacional\/#organizationLogo"},"image":{"@id":"https:\/\/anoticiaonline.com.br\/site\/merendeira-de-sao-francisco-do-gloria-fica-em-2o-lugar-da-regiao-sudeste-em-concurso-nacional\/#organizationLogo"}},{"@type":"Person","@id":"https:\/\/anoticiaonline.com.br\/site\/author\/juliana\/#author","url":"https:\/\/anoticiaonline.com.br\/site\/author\/juliana\/","name":"Juliana Laviola","image":{"@type":"ImageObject","@id":"https:\/\/anoticiaonline.com.br\/site\/merendeira-de-sao-francisco-do-gloria-fica-em-2o-lugar-da-regiao-sudeste-em-concurso-nacional\/#authorImage","url":"https:\/\/secure.gravatar.com\/avatar\/b8d45f5c699b100dfaf0e543582f38f38bf94cb7ae3a5e9abf8d891a34773335?s=96&d=mm&r=g","width":96,"height":96,"caption":"Juliana Laviola"}},{"@type":"WebPage","@id":"https:\/\/anoticiaonline.com.br\/site\/merendeira-de-sao-francisco-do-gloria-fica-em-2o-lugar-da-regiao-sudeste-em-concurso-nacional\/#webpage","url":"https:\/\/anoticiaonline.com.br\/site\/merendeira-de-sao-francisco-do-gloria-fica-em-2o-lugar-da-regiao-sudeste-em-concurso-nacional\/","name":"Merendeira de S\u00e3o Francisco do Gl\u00f3ria fica em 2\u00ba lugar da Regi\u00e3o Sudeste em Concurso Nacional - A Not\u00edcia Online","description":"O prefeito de S\u00e3o Franciso do Gl\u00f3ria, Walace Pedrosa, a merendeira, Elza do Carmo Paiva, o secret\u00e1rio municipal de Educa\u00e7\u00e3o, L\u00e1zaro Luiz Lazaroni Freitas, e a nutricionista, Naylara Adrielle, estiveram em Bras\u00edlia, entre os dias 23 e 26 de outubro, para a fase final do Concurso Nacional de Melhores Receitas da Alimenta\u00e7\u00e3o Escolar, promovido pelo","inLanguage":"pt-BR","isPartOf":{"@id":"https:\/\/anoticiaonline.com.br\/site\/#website"},"breadcrumb":{"@id":"https:\/\/anoticiaonline.com.br\/site\/merendeira-de-sao-francisco-do-gloria-fica-em-2o-lugar-da-regiao-sudeste-em-concurso-nacional\/#breadcrumblist"},"author":{"@id":"https:\/\/anoticiaonline.com.br\/site\/author\/juliana\/#author"},"creator":{"@id":"https:\/\/anoticiaonline.com.br\/site\/author\/juliana\/#author"},"image":{"@type":"ImageObject","url":"https:\/\/anoticiaonline.com.br\/site\/wp-content\/uploads\/2017\/11\/Merendeira-de-S\u00e3o-Francisco-do-Gl\u00f3ria-fica-em-2\u00ba-lugar-da-Regi\u00e3o-Sudeste-em-Concurso-Nacional.jpg","@id":"https:\/\/anoticiaonline.com.br\/site\/merendeira-de-sao-francisco-do-gloria-fica-em-2o-lugar-da-regiao-sudeste-em-concurso-nacional\/#mainImage","width":640,"height":480},"primaryImageOfPage":{"@id":"https:\/\/anoticiaonline.com.br\/site\/merendeira-de-sao-francisco-do-gloria-fica-em-2o-lugar-da-regiao-sudeste-em-concurso-nacional\/#mainImage"},"datePublished":"2017-11-01T18:52:09-03:00","dateModified":"2017-11-01T18:56:26-03:00"},{"@type":"WebSite","@id":"https:\/\/anoticiaonline.com.br\/site\/#website","url":"https:\/\/anoticiaonline.com.br\/site\/","name":"A Not\u00edcia Online","description":"Noticias de Muria\u00e9 e regi\u00e3o","inLanguage":"pt-BR","publisher":{"@id":"https:\/\/anoticiaonline.com.br\/site\/#organization"}}]},"og:locale":"pt_BR","og:site_name":"A Not\u00edcia Online - Noticias de Muria\u00e9 e regi\u00e3o","og:type":"article","og:title":"Merendeira de S\u00e3o Francisco do Gl\u00f3ria fica em 2\u00ba lugar da Regi\u00e3o Sudeste em Concurso Nacional - A Not\u00edcia Online","og:description":"O prefeito de S\u00e3o Franciso do Gl\u00f3ria, Walace Pedrosa, a merendeira, Elza do Carmo Paiva, o secret\u00e1rio municipal de Educa\u00e7\u00e3o, L\u00e1zaro Luiz Lazaroni Freitas, e a nutricionista, Naylara Adrielle, estiveram em Bras\u00edlia, entre os dias 23 e 26 de outubro, para a fase final do Concurso Nacional de Melhores Receitas da Alimenta\u00e7\u00e3o Escolar, promovido pelo","og:url":"https:\/\/anoticiaonline.com.br\/site\/merendeira-de-sao-francisco-do-gloria-fica-em-2o-lugar-da-regiao-sudeste-em-concurso-nacional\/","og:image":"https:\/\/scontent-gig4-1.xx.fbcdn.net\/v\/t39.30808-1\/270437624_4564083193639691_6907940295614233970_n.jpg?stp=dst-jpg_s200x200_tt6&#038;_nc_cat=111&#038;ccb=1-7&#038;_nc_sid=f907e8&#038;_nc_ohc=SM1wRlP3lJwQ7kNvwEPuBYA&#038;_nc_oc=AdnqrjDN_BNjSSHWO-GbkIWH6fkGMLw4bqvL_NH6e2wMveX7G-rP2dAqsDSq1mJMOaY&#038;_nc_zt=24&#038;_nc_ht=scontent-gig4-1.xx&#038;_nc_gid=AoBFJeGrT1hVaew_6rchkQ&#038;oh=00_AfX7QmFGhQhG2jAllVgXCiM1ZrWgvtp80-Bfppyexh1QEg&#038;oe=689E923C","og:image:secure_url":"https:\/\/scontent-gig4-1.xx.fbcdn.net\/v\/t39.30808-1\/270437624_4564083193639691_6907940295614233970_n.jpg?stp=dst-jpg_s200x200_tt6&#038;_nc_cat=111&#038;ccb=1-7&#038;_nc_sid=f907e8&#038;_nc_ohc=SM1wRlP3lJwQ7kNvwEPuBYA&#038;_nc_oc=AdnqrjDN_BNjSSHWO-GbkIWH6fkGMLw4bqvL_NH6e2wMveX7G-rP2dAqsDSq1mJMOaY&#038;_nc_zt=24&#038;_nc_ht=scontent-gig4-1.xx&#038;_nc_gid=AoBFJeGrT1hVaew_6rchkQ&#038;oh=00_AfX7QmFGhQhG2jAllVgXCiM1ZrWgvtp80-Bfppyexh1QEg&#038;oe=689E923C","article:published_time":"2017-11-01T21:52:09+00:00","article:modified_time":"2017-11-01T21:56:26+00:00","twitter:card":"summary_large_image","twitter:title":"Merendeira de S\u00e3o Francisco do Gl\u00f3ria fica em 2\u00ba lugar da Regi\u00e3o Sudeste em Concurso Nacional - A Not\u00edcia Online","twitter:description":"O prefeito de S\u00e3o Franciso do Gl\u00f3ria, Walace Pedrosa, a merendeira, Elza do Carmo Paiva, o secret\u00e1rio municipal de Educa\u00e7\u00e3o, L\u00e1zaro Luiz Lazaroni Freitas, e a nutricionista, Naylara Adrielle, estiveram em Bras\u00edlia, entre os dias 23 e 26 de outubro, para a fase final do Concurso Nacional de Melhores Receitas da Alimenta\u00e7\u00e3o Escolar, promovido pelo","twitter:image":"https:\/\/scontent-gig4-1.xx.fbcdn.net\/v\/t39.30808-1\/270437624_4564083193639691_6907940295614233970_n.jpg?stp=dst-jpg_s200x200_tt6&_nc_cat=111&ccb=1-7&_nc_sid=f907e8&_nc_ohc=SM1wRlP3lJwQ7kNvwEPuBYA&_nc_oc=AdnqrjDN_BNjSSHWO-GbkIWH6fkGMLw4bqvL_NH6e2wMveX7G-rP2dAqsDSq1mJMOaY&_nc_zt=24&_nc_ht=scontent-gig4-1.xx&_nc_gid=AoBFJeGrT1hVaew_6rchkQ&oh=00_AfX7QmFGhQhG2jAllVgXCiM1ZrWgvtp80-Bfppyexh1QEg&oe=689E923C"},"aioseo_meta_data":{"post_id":"44213","title":null,"description":null,"keywords":null,"keyphrases":null,"primary_term":null,"canonical_url":null,"og_title":null,"og_description":null,"og_object_type":"default","og_image_type":"default","og_image_url":null,"og_image_width":null,"og_image_height":null,"og_image_custom_url":null,"og_image_custom_fields":null,"og_video":null,"og_custom_url":null,"og_article_section":null,"og_article_tags":null,"twitter_use_og":false,"twitter_card":"default","twitter_image_type":"default","twitter_image_url":null,"twitter_image_custom_url":null,"twitter_image_custom_fields":null,"twitter_title":null,"twitter_description":null,"schema":{"blockGraphs":[],"customGraphs":[],"default":{"data":{"Article":[],"Course":[],"Dataset":[],"FAQPage":[],"Movie":[],"Person":[],"Product":[],"ProductReview":[],"Car":[],"Recipe":[],"Service":[],"SoftwareApplication":[],"WebPage":[]},"graphName":"","isEnabled":true},"graphs":[]},"schema_type":"default","schema_type_options":null,"pillar_content":false,"robots_default":true,"robots_noindex":false,"robots_noarchive":false,"robots_nosnippet":false,"robots_nofollow":false,"robots_noimageindex":false,"robots_noodp":false,"robots_notranslate":false,"robots_max_snippet":null,"robots_max_videopreview":null,"robots_max_imagepreview":"large","priority":null,"frequency":null,"local_seo":null,"breadcrumb_settings":null,"limit_modified_date":false,"ai":null,"created":"2025-08-16 19:43:54","updated":"2025-08-16 19:43:54","focus_keyword":null,"additional_keywords":null,"truseo_locale":null,"seo_analyzer_scan_date":null},"aioseo_breadcrumb":"<div class=\"aioseo-breadcrumbs\"><span class=\"aioseo-breadcrumb\">\n\t\t\t<a href=\"https:\/\/anoticiaonline.com.br\/site\" title=\"Home\">Home<\/a>\n\t\t<\/span><span class=\"aioseo-breadcrumb-separator\">&raquo;<\/span><span class=\"aioseo-breadcrumb\">\n\t\t\t<a href=\"https:\/\/anoticiaonline.com.br\/site\/categoria\/gerais\/\" title=\"Gerais\">Gerais<\/a>\n\t\t<\/span><span class=\"aioseo-breadcrumb-separator\">&raquo;<\/span><span class=\"aioseo-breadcrumb\">\n\t\t\tMerendeira de S\u00e3o Francisco do Gl\u00f3ria fica em 2\u00ba lugar da Regi\u00e3o Sudeste em Concurso Nacional\n\t\t<\/span><\/div>","aioseo_breadcrumb_json":[{"label":"Home","link":"https:\/\/anoticiaonline.com.br\/site"},{"label":"Gerais","link":"https:\/\/anoticiaonline.com.br\/site\/categoria\/gerais\/"},{"label":"Merendeira de S\u00e3o Francisco do Gl\u00f3ria fica em 2\u00ba lugar da Regi\u00e3o Sudeste em Concurso Nacional","link":"https:\/\/anoticiaonline.com.br\/site\/merendeira-de-sao-francisco-do-gloria-fica-em-2o-lugar-da-regiao-sudeste-em-concurso-nacional\/"}],"views":174,"_links":{"self":[{"href":"https:\/\/anoticiaonline.com.br\/site\/wp-json\/wp\/v2\/posts\/44213","targetHints":{"allow":["GET"]}}],"collection":[{"href":"https:\/\/anoticiaonline.com.br\/site\/wp-json\/wp\/v2\/posts"}],"about":[{"href":"https:\/\/anoticiaonline.com.br\/site\/wp-json\/wp\/v2\/types\/post"}],"author":[{"embeddable":true,"href":"https:\/\/anoticiaonline.com.br\/site\/wp-json\/wp\/v2\/users\/2"}],"replies":[{"embeddable":true,"href":"https:\/\/anoticiaonline.com.br\/site\/wp-json\/wp\/v2\/comments?post=44213"}],"version-history":[{"count":0,"href":"https:\/\/anoticiaonline.com.br\/site\/wp-json\/wp\/v2\/posts\/44213\/revisions"}],"wp:featuredmedia":[{"embeddable":true,"href":"https:\/\/anoticiaonline.com.br\/site\/wp-json\/wp\/v2\/media\/44214"}],"wp:attachment":[{"href":"https:\/\/anoticiaonline.com.br\/site\/wp-json\/wp\/v2\/media?parent=44213"}],"wp:term":[{"taxonomy":"category","embeddable":true,"href":"https:\/\/anoticiaonline.com.br\/site\/wp-json\/wp\/v2\/categories?post=44213"},{"taxonomy":"post_tag","embeddable":true,"href":"https:\/\/anoticiaonline.com.br\/site\/wp-json\/wp\/v2\/tags?post=44213"}],"curies":[{"name":"wp","href":"https:\/\/api.w.org\/{rel}","templated":true}]}}