{"id":43974,"date":"2017-11-01T16:54:01","date_gmt":"2017-11-01T19:54:01","guid":{"rendered":"http:\/\/anoticiaonline.com.br\/site\/?p=43974"},"modified":"2017-11-01T23:09:07","modified_gmt":"2017-11-02T02:09:07","slug":"muriae-prev-comemora-o-dia-do-servidor-publico-e-seus-20-anos-de-historia","status":"publish","type":"post","link":"https:\/\/anoticiaonline.com.br\/site\/muriae-prev-comemora-o-dia-do-servidor-publico-e-seus-20-anos-de-historia\/","title":{"rendered":"MURIA\u00c9-PREV comemora o Dia do Servidor P\u00fablico e 20 anos de hist\u00f3ria"},"content":{"rendered":"<p><a href=\"https:\/\/anoticiaonline.com.br\/site\/wp-content\/uploads\/2017\/11\/DSC_0202.jpg\"><img fetchpriority=\"high\" decoding=\"async\" class=\"aligncenter size-full wp-image-43975\" src=\"https:\/\/anoticiaonline.com.br\/site\/wp-content\/uploads\/2017\/11\/DSC_0202.jpg\" alt=\"\" width=\"640\" height=\"427\" srcset=\"https:\/\/anoticiaonline.com.br\/site\/wp-content\/uploads\/2017\/11\/DSC_0202.jpg 640w, https:\/\/anoticiaonline.com.br\/site\/wp-content\/uploads\/2017\/11\/DSC_0202-300x200.jpg 300w\" sizes=\"(max-width: 640px) 100vw, 640px\" \/><\/a>O Fundo Previdenci\u00e1rio dos Servidores P\u00fablicos de Muria\u00e9 (MURIA\u00c9-PREV) promoveu uma palestra e uma homenagem para comemorar o Dia do Servidor P\u00fablico (28 de outubro) e seus 20 anos de exist\u00eancia. Durante o encontro, que aconteceu na noite de sexta-feira (27), na Casa da Amizade, foi apresentado aos servidores presentes o contexto hist\u00f3rico e atual do servidor diante das perspectivas da Reforma da Previd\u00eancia e de seu papel na sociedade como um todo.<\/p>\n<p>A data \u00e9 comemorada pelo instituto de Previd\u00eancia muriaeense desde 2012, quando Ant\u00f4nio Jos\u00e9 assumiu a presid\u00eancia. Segundo o presidente do MURIA\u00c9-PREV, Ant\u00f4nio Jos\u00e9 Pereira de Oliveira, o servidor p\u00fablico tem de ser valorizado, pois \u00e9 o maior patrim\u00f4nio de nossa cidade.<\/p>\n<p>\u201cEste evento simboliza o reconhecimento do trabalho prestado pelo servidor. Sabemos que sem o servidor p\u00fablico municipal nossa cidade ficaria parada, sem os servi\u00e7os essenciais. O MURIA\u00c9-PREV gerencia o patrim\u00f4nio do servidor p\u00fablico do munic\u00edpio, ent\u00e3o, nada mais justo do que prestar uma homenagem aos que contribuem para o crescimento de nossa cidade. Aproveitamos a oportunidade para comemorar os 20 anos de exist\u00eancia do fundo previdenci\u00e1rio municipal, que \u00e9 considerado o primeiro Regime Pr\u00f3prio de Previd\u00eancia Social da Zona da Mata Mineira, em volume financeiro. Este \u00e9 um sinal de que a administra\u00e7\u00e3o do MURIA\u00c9-PREV est\u00e1 conduzindo bem os recursos do servidor p\u00fablico\u201d, conta.<\/p>\n<p><a href=\"https:\/\/anoticiaonline.com.br\/site\/wp-content\/uploads\/2017\/11\/DSC_0285.jpg\"><img decoding=\"async\" class=\"aligncenter size-full wp-image-43980\" src=\"https:\/\/anoticiaonline.com.br\/site\/wp-content\/uploads\/2017\/11\/DSC_0285.jpg\" alt=\"\" width=\"640\" height=\"427\" srcset=\"https:\/\/anoticiaonline.com.br\/site\/wp-content\/uploads\/2017\/11\/DSC_0285.jpg 640w, https:\/\/anoticiaonline.com.br\/site\/wp-content\/uploads\/2017\/11\/DSC_0285-300x200.jpg 300w\" sizes=\"(max-width: 640px) 100vw, 640px\" \/><\/a>Ant\u00f4nio Jos\u00e9 aproveitou a oportunidade para cumprimentar todos os servidores p\u00fablicos municipais e, tamb\u00e9m, \u00e0 Caixa Econ\u00f4mica Federal que \u00e9 a patrocinadora do evento, pela parceria e gest\u00e3o do patrim\u00f4nio do fundo previdenci\u00e1rio.<\/p>\n<p><a href=\"https:\/\/anoticiaonline.com.br\/site\/wp-content\/uploads\/2017\/11\/DSC_0258.jpg\"><img decoding=\"async\" class=\"aligncenter size-full wp-image-43978\" src=\"https:\/\/anoticiaonline.com.br\/site\/wp-content\/uploads\/2017\/11\/DSC_0258.jpg\" alt=\"\" width=\"640\" height=\"427\" srcset=\"https:\/\/anoticiaonline.com.br\/site\/wp-content\/uploads\/2017\/11\/DSC_0258.jpg 640w, https:\/\/anoticiaonline.com.br\/site\/wp-content\/uploads\/2017\/11\/DSC_0258-300x200.jpg 300w\" sizes=\"(max-width: 640px) 100vw, 640px\" \/><\/a><\/p>\n<p>Segundo o Presidente do MURIA\u00c9-PREV a homenagem aos servidores foi a entrega de um diploma de honra ao m\u00e9rito aos servidores de v\u00e1rios setores e secretarias da prefeitura, Demsur, Fundarte e C\u00e2mara, como forma de valoriza\u00e7\u00e3o dos seus trabalhos prestados.<\/p>\n<p>O gerente-geral da Caixa Econ\u00f4mica Federal de Muria\u00e9, Mauro Costa de Oliveira, considera essencial a parceria da Caixa nos eventos do MURIA\u00c9-PREV, principalmente, na busca pela valoriza\u00e7\u00e3o do servidor p\u00fablico. Mauro ressaltou tamb\u00e9m a gest\u00e3o feita pela equipe do MURIA\u00c9-PREV sob a presid\u00eancia do Ant\u00f4nio Jos\u00e9. \u201cS\u00e3o todos servidores competentes e com muito zelo pelo patrim\u00f4nio dos servidores\u201d.<\/p>\n<p>\u201cNossa parceria vem aprimorando-se ao longo dos \u00faltimos anos, onde todos ganham, principalmente, o servidor p\u00fablico. Por isso, visualizamos uma gest\u00e3o competente e profissional. A Caixa, enquanto parceira do MURIA\u00c9-PREV, deseja prestar o melhor servi\u00e7o aos segurados. Nossa inten\u00e7\u00e3o \u00e9 fortalecer ainda mais esta alian\u00e7a, juntamente com a nossa Superintend\u00eancia Regional e com os diretores do fundo previdenci\u00e1rio. Queremos que os servidores municipais possam garantir um futuro tranquilo\u201d, conta.<\/p>\n<p>O presidente do Comit\u00ea de Investimentos do MURIA\u00c9-PREV, Alessandro Campos, falou ao p\u00fablico presente sobre a evolu\u00e7\u00e3o dos \u00faltimos seis anos do fundo previdenci\u00e1rio.<\/p>\n<p><a href=\"https:\/\/anoticiaonline.com.br\/site\/wp-content\/uploads\/2017\/11\/DSC_0249.jpg\"><img loading=\"lazy\" decoding=\"async\" class=\"aligncenter size-full wp-image-43976\" src=\"https:\/\/anoticiaonline.com.br\/site\/wp-content\/uploads\/2017\/11\/DSC_0249.jpg\" alt=\"\" width=\"640\" height=\"427\" srcset=\"https:\/\/anoticiaonline.com.br\/site\/wp-content\/uploads\/2017\/11\/DSC_0249.jpg 640w, https:\/\/anoticiaonline.com.br\/site\/wp-content\/uploads\/2017\/11\/DSC_0249-300x200.jpg 300w\" sizes=\"(max-width: 640px) 100vw, 640px\" \/><\/a><\/p>\n<p>\u201cDesde 2012, quando a atual diretoria do MURIA\u00c9-PREV assumiu a gest\u00e3o com o patrim\u00f4nio l\u00edquido de R$78 milh\u00f5es, tivemos o desafio de tentar fazer dele um dos maiores fundos previdenci\u00e1rios da Zona da Mata. Em 2018, com o encerramento do segundo mandato do presidente Ant\u00f4nio Jos\u00e9, entregaremos ao pr\u00f3ximo gestor o fundo com uma estimativa de patrim\u00f4nio l\u00edquido de R$200 milh\u00f5es. Costumo dizer que o servidor p\u00fablico de Muria\u00e9 pode deitar a cabe\u00e7a no travesseiro tranquilamente, pois as aposentadorias e direitos previdenci\u00e1rios dele est\u00e3o garantidos\u201d, conta.<\/p>\n<p>O ex-auditor da Receita Federal do Brasil que atua junto ao Minist\u00e9rio da Previd\u00eancia Social, consultor e professor sobre previd\u00eancia e gest\u00e3o p\u00fablica, Otoni Gon\u00e7alves Guimar\u00e3es, veio de Bras\u00edlia para ministrar uma palestra a respeito de reflex\u00f5es do pr\u00f3prio servidor p\u00fablico, seus direitos e deveres e sua import\u00e2ncia na sociedade.<\/p>\n<p><a href=\"https:\/\/anoticiaonline.com.br\/site\/wp-content\/uploads\/2017\/11\/DSC_0262.jpg\"><img loading=\"lazy\" decoding=\"async\" class=\"aligncenter size-full wp-image-43979\" src=\"https:\/\/anoticiaonline.com.br\/site\/wp-content\/uploads\/2017\/11\/DSC_0262.jpg\" alt=\"\" width=\"640\" height=\"427\" srcset=\"https:\/\/anoticiaonline.com.br\/site\/wp-content\/uploads\/2017\/11\/DSC_0262.jpg 640w, https:\/\/anoticiaonline.com.br\/site\/wp-content\/uploads\/2017\/11\/DSC_0262-300x200.jpg 300w\" sizes=\"(max-width: 640px) 100vw, 640px\" \/><\/a><\/p>\n<p>\u201cO objetivo foi contextualizar o ponto de vista hist\u00f3rico do servidor p\u00fablico, sobre a legisla\u00e7\u00e3o vigente e seu papel na sociedade. Ao final da palestra, tra\u00e7amos um paralelo entre servidores e Reforma Previdenci\u00e1ria\u201d, conta.<\/p>\n<p>De acordo com Otoni, o servidor p\u00fablico, apesar de enfrentar dificuldades, deve sempre comemorar. \u201cAs situa\u00e7\u00f5es adversas n\u00e3o devem ser valorizadas ao extremo, \u00e9 preciso estar sempre motivado. N\u00e3o h\u00e1 gest\u00e3o p\u00fablica sem o trabalho e dedica\u00e7\u00e3o do servidor, por isso, \u00e9 preciso que ele acredite em sua import\u00e2ncia e em sua ess\u00eancia\u201d, diz.<\/p>\n<p><a href=\"https:\/\/anoticiaonline.com.br\/site\/wp-content\/uploads\/2017\/11\/DSC_0251.jpg\"><img loading=\"lazy\" decoding=\"async\" class=\"aligncenter size-full wp-image-43977\" src=\"https:\/\/anoticiaonline.com.br\/site\/wp-content\/uploads\/2017\/11\/DSC_0251.jpg\" alt=\"\" width=\"640\" height=\"427\" srcset=\"https:\/\/anoticiaonline.com.br\/site\/wp-content\/uploads\/2017\/11\/DSC_0251.jpg 640w, https:\/\/anoticiaonline.com.br\/site\/wp-content\/uploads\/2017\/11\/DSC_0251-300x200.jpg 300w\" sizes=\"(max-width: 640px) 100vw, 640px\" \/><\/a><\/p>\n<p><strong>Homenagem aos servidores p\u00fablicos municipais \u2013 <\/strong>No evento, v\u00e1rios servidores foram homenageados pelo trabalho feito em benef\u00edcio \u00e0 sociedade muriaeense com um merecido Diploma de Honra ao M\u00e9rito.<\/p>\n<p>Maria Cristina Navarro de Aquino Ribeiro, professora e ex-secret\u00e1ria municipal de Educa\u00e7\u00e3o, foi uma das homenageadas na ocasi\u00e3o pelos seus 38 anos de servi\u00e7os prestados. \u201cFiquei muito feliz e honrada em receber esta homenagem. Ap\u00f3s prestar o concurso para professora, constru\u00ed uma carreira como vice-diretora e diretora de escolas p\u00fablicas. Aproveito a oportunidade para dedicar esta \u2018Honra ao M\u00e9rito\u2019 \u00e0s minhas companheiras da Educa\u00e7\u00e3o P\u00fablica, que trabalharam comigo, e agradecer a equipe do MURIA\u00c9-PREV pela homenagem\u201d, diz.<\/p>\n<p>Sandra Sueli da Silva (Sussu), servidora p\u00fablica municipal por 33 anos, tamb\u00e9m foi uma das homenageadas na noite do MURIA\u00c9-PREV. \u201cFiquei muito emocionada ao receber esta homenagem, pois sempre dediquei muito ao trabalho e a realmente \u2018servir\u2019 o cidad\u00e3o. Confio na compet\u00eancia do Ant\u00f4nio Jos\u00e9 e do Alessandro, que est\u00e3o \u00e0 frente do MURIA\u00c9-PREV e aproveito para parabeniz\u00e1-los pelo trabalho\u201d, conta.<\/p>\n<p>O vice-prefeito de Muria\u00e9, Marcos Guarino de Oliveira, parabenizou os servidores p\u00fablicos na oportunidade e agradeceu, tamb\u00e9m, a homenagem recebida. \u201cParabenizo todos os servidores p\u00fablicos de Muria\u00e9, que s\u00e3o a engrenagem para que a \u2018m\u00e1quina p\u00fablica\u2019 realize suas fun\u00e7\u00f5es. Foi emocionante ter o meu nome lembrado ao receber esta \u2018Honra ao M\u00e9rito, parabenizo tamb\u00e9m a toda a equipe do MURIA\u00c9-PREV na pessoa do presidente Ant\u00f4nio Jos\u00e9\u201d, conta.<\/p>\n<p>Jo\u00e3o Francisco dos Santos, chefe do gabinete municipal, esteve presente na homenagem aos servidores p\u00fablicos representando o prefeito Grego. \u201c\u00c9 maravilhoso estar nesta festa promovida pelo MURIA\u00c9-PREV, que celebra seus 20 anos e o Dia do Servidor P\u00fablico. Eu que tamb\u00e9m iniciei minha vida profissional como servidor p\u00fablico concursado por 11 anos, quando fundo previdenci\u00e1rio n\u00e3o existia. Hoje, percebo que o MURIA\u00c9-PREV \u00e9 um patrim\u00f4nio que oferece garantias e direitos fundamentais ao servidor municipal. Aproveito para parabenizar toda a diretoria pelo trabalho ao longo desses 20 anos\u201d, conta.<\/p>\n<p>O vereador Jair Abreu, que \u00e9 membro nato do Conselho Administrativo do MURIA\u00c9- PREV, falou a nossa reportagem da import\u00e2ncia de uma boa escolha para gerir a previd\u00eancia social do servidor municipal. \u201cS\u00e3o 38 anos de trabalho como servidor p\u00fablico estadual, sempre defendendo meus colegas; quando assumimos o servi\u00e7o p\u00fablico, precisa ser um servi\u00e7o para atender bem ao p\u00fablico; sempre lutar para tentar melhor as condi\u00e7\u00f5es de trabalho, e ao mesmo tempo, lembrar que voc\u00ea (servidor) \u00e9 um prestador de servi\u00e7o. O MURIA\u00c9-PREV est\u00e1 bem direcionado, tem de estar sempre atento \u00e0s adapta\u00e7\u00f5es e nas atualiza\u00e7\u00f5es, e a equipe atual que est\u00e1 administrando o fundo previdenci\u00e1rio, est\u00e1 bem fortalecida, naquilo que prop\u00f5e, \u00e9 uma responsabilidade muito grande porque, se houver qualquer deslize, fica em jogo, a aposentadoria de centenas de servidores; \u00e9 muito importante que a equipe esteja sempre se atualizando, os servidores precisam acreditar no servidor que est\u00e1 l\u00e1 no MURIA\u00c9-PREV e, ao mesmo tempo, fiscalizar. Eu fa\u00e7o parte de um dos conselhos, representando a C\u00e2mara Municipal e participo mensalmente das reuni\u00f5es de presta\u00e7\u00e3o de contas e dos balan\u00e7os fiscais\u201d, finaliza<\/p>\n<p>Estiveram presentes no evento o secret\u00e1rio municipal de Fazenda (C\u00e9lio Carlos Rosa de Paula), o secret\u00e1rio municipal de Planejamento e Gest\u00e3o (Silvio Marcio Bousada Salvato), o vereador Jos\u00e9 Carlos Alves Cerqueira, a vereadora Miriam Facchini Barbosa, o secret\u00e1rio municipal de Administra\u00e7\u00e3o (Sergio Soares Duarte) e a secret\u00e1ria municipal de Educa\u00e7\u00e3o (Maria da Concei\u00e7\u00e3o Rodrigues de Souza \u2013 Nininha).<\/p>\n<p>O evento aconteceu na mais perfeita harmonia e descontra\u00e7\u00e3o.<\/p>\n<p><img decoding=\"async\" class=\"ngg_displayed_gallery mceItem\" src=\"https:\/\/anoticiaonline.com.br\/site\/nextgen-attach_to_post\/preview\/id--44073\" \/><\/p>\n","protected":false},"excerpt":{"rendered":"<p>O Fundo Previdenci\u00e1rio dos Servidores P\u00fablicos de Muria\u00e9 (MURIA\u00c9-PREV) promoveu uma palestra e uma homenagem para comemorar o Dia do Servidor P\u00fablico (28 de outubro) e seus 20 anos de exist\u00eancia. Durante o encontro, que aconteceu na noite de sexta-feira (27), na Casa da Amizade, foi apresentado aos servidores presentes o contexto hist\u00f3rico e atual &#8230; <a title=\"MURIA\u00c9-PREV comemora o Dia do Servidor P\u00fablico e 20 anos de hist\u00f3ria\" class=\"read-more\" href=\"https:\/\/anoticiaonline.com.br\/site\/muriae-prev-comemora-o-dia-do-servidor-publico-e-seus-20-anos-de-historia\/\" aria-label=\"Read more about MURIA\u00c9-PREV comemora o Dia do Servidor P\u00fablico e 20 anos de hist\u00f3ria\">Ler mais<\/a><\/p>\n","protected":false},"author":2,"featured_media":43975,"comment_status":"open","ping_status":"open","sticky":false,"template":"","format":"standard","meta":{"_acf_changed":false,"_monsterinsights_skip_tracking":false,"footnotes":""},"categories":[1],"tags":[1443,1444,681,680],"class_list":["post-43974","post","type-post","status-publish","format-standard","has-post-thumbnail","hentry","category-gerais","tag-antonio-jose-pereira-de-oliveira","tag-dia-do-servidor-publico","tag-fundo-previdenciario-dos-servidores-publicos-de-muriae","tag-muriae-prev"],"acf":[],"aioseo_notices":[],"aioseo_head":"\n\t\t<!-- All in One SEO 5.0.0.1 - aioseo.com -->\n\t<meta name=\"description\" content=\"O Fundo Previdenci\u00e1rio dos Servidores P\u00fablicos de Muria\u00e9 (MURIA\u00c9-PREV) promoveu uma palestra e uma homenagem para comemorar o Dia do Servidor P\u00fablico (28 de outubro) e seus 20 anos de exist\u00eancia. Durante o encontro, que aconteceu na noite de sexta-feira (27), na Casa da Amizade, foi apresentado aos servidores presentes o contexto hist\u00f3rico e atual\" \/>\n\t<meta name=\"robots\" content=\"max-image-preview:large\" \/>\n\t<meta name=\"author\" content=\"Juliana Laviola\"\/>\n\t<link rel=\"canonical\" href=\"https:\/\/anoticiaonline.com.br\/site\/muriae-prev-comemora-o-dia-do-servidor-publico-e-seus-20-anos-de-historia\/\" \/>\n\t<meta name=\"generator\" content=\"All in One SEO (AIOSEO) 5.0.0.1\" \/>\n\t\t<meta property=\"og:locale\" content=\"pt_BR\" \/>\n\t\t<meta property=\"og:site_name\" content=\"A Not\u00edcia Online - Noticias de Muria\u00e9 e regi\u00e3o\" \/>\n\t\t<meta property=\"og:type\" content=\"article\" \/>\n\t\t<meta property=\"og:title\" content=\"MURIA\u00c9-PREV comemora o Dia do Servidor P\u00fablico e 20 anos de hist\u00f3ria - A Not\u00edcia Online\" \/>\n\t\t<meta property=\"og:description\" content=\"O Fundo Previdenci\u00e1rio dos Servidores P\u00fablicos de Muria\u00e9 (MURIA\u00c9-PREV) promoveu uma palestra e uma homenagem para comemorar o Dia do Servidor P\u00fablico (28 de outubro) e seus 20 anos de exist\u00eancia. Durante o encontro, que aconteceu na noite de sexta-feira (27), na Casa da Amizade, foi apresentado aos servidores presentes o contexto hist\u00f3rico e atual\" \/>\n\t\t<meta property=\"og:url\" content=\"https:\/\/anoticiaonline.com.br\/site\/muriae-prev-comemora-o-dia-do-servidor-publico-e-seus-20-anos-de-historia\/\" \/>\n\t\t<meta property=\"og:image\" content=\"https:\/\/scontent-gig4-1.xx.fbcdn.net\/v\/t39.30808-1\/270437624_4564083193639691_6907940295614233970_n.jpg?stp=dst-jpg_s200x200_tt6&#038;_nc_cat=111&#038;ccb=1-7&#038;_nc_sid=f907e8&#038;_nc_ohc=SM1wRlP3lJwQ7kNvwEPuBYA&#038;_nc_oc=AdnqrjDN_BNjSSHWO-GbkIWH6fkGMLw4bqvL_NH6e2wMveX7G-rP2dAqsDSq1mJMOaY&#038;_nc_zt=24&#038;_nc_ht=scontent-gig4-1.xx&#038;_nc_gid=AoBFJeGrT1hVaew_6rchkQ&#038;oh=00_AfX7QmFGhQhG2jAllVgXCiM1ZrWgvtp80-Bfppyexh1QEg&#038;oe=689E923C\" \/>\n\t\t<meta property=\"og:image:secure_url\" content=\"https:\/\/scontent-gig4-1.xx.fbcdn.net\/v\/t39.30808-1\/270437624_4564083193639691_6907940295614233970_n.jpg?stp=dst-jpg_s200x200_tt6&#038;_nc_cat=111&#038;ccb=1-7&#038;_nc_sid=f907e8&#038;_nc_ohc=SM1wRlP3lJwQ7kNvwEPuBYA&#038;_nc_oc=AdnqrjDN_BNjSSHWO-GbkIWH6fkGMLw4bqvL_NH6e2wMveX7G-rP2dAqsDSq1mJMOaY&#038;_nc_zt=24&#038;_nc_ht=scontent-gig4-1.xx&#038;_nc_gid=AoBFJeGrT1hVaew_6rchkQ&#038;oh=00_AfX7QmFGhQhG2jAllVgXCiM1ZrWgvtp80-Bfppyexh1QEg&#038;oe=689E923C\" \/>\n\t\t<meta property=\"article:published_time\" content=\"2017-11-01T19:54:01+00:00\" \/>\n\t\t<meta property=\"article:modified_time\" content=\"2017-11-02T02:09:07+00:00\" \/>\n\t\t<meta name=\"twitter:card\" content=\"summary_large_image\" \/>\n\t\t<meta name=\"twitter:title\" content=\"MURIA\u00c9-PREV comemora o Dia do Servidor P\u00fablico e 20 anos de hist\u00f3ria - A Not\u00edcia Online\" \/>\n\t\t<meta name=\"twitter:description\" content=\"O Fundo Previdenci\u00e1rio dos Servidores P\u00fablicos de Muria\u00e9 (MURIA\u00c9-PREV) promoveu uma palestra e uma homenagem para comemorar o Dia do Servidor P\u00fablico (28 de outubro) e seus 20 anos de exist\u00eancia. Durante o encontro, que aconteceu na noite de sexta-feira (27), na Casa da Amizade, foi apresentado aos servidores presentes o contexto hist\u00f3rico e atual\" \/>\n\t\t<meta name=\"twitter:image\" content=\"https:\/\/scontent-gig4-1.xx.fbcdn.net\/v\/t39.30808-1\/270437624_4564083193639691_6907940295614233970_n.jpg?stp=dst-jpg_s200x200_tt6&amp;_nc_cat=111&amp;ccb=1-7&amp;_nc_sid=f907e8&amp;_nc_ohc=SM1wRlP3lJwQ7kNvwEPuBYA&amp;_nc_oc=AdnqrjDN_BNjSSHWO-GbkIWH6fkGMLw4bqvL_NH6e2wMveX7G-rP2dAqsDSq1mJMOaY&amp;_nc_zt=24&amp;_nc_ht=scontent-gig4-1.xx&amp;_nc_gid=AoBFJeGrT1hVaew_6rchkQ&amp;oh=00_AfX7QmFGhQhG2jAllVgXCiM1ZrWgvtp80-Bfppyexh1QEg&amp;oe=689E923C\" \/>\n\t\t<script type=\"application\/ld+json\" class=\"aioseo-schema\">\n\t\t\t{\"@context\":\"https:\\\/\\\/schema.org\",\"@graph\":[{\"@type\":\"BlogPosting\",\"@id\":\"https:\\\/\\\/anoticiaonline.com.br\\\/site\\\/muriae-prev-comemora-o-dia-do-servidor-publico-e-seus-20-anos-de-historia\\\/#blogposting\",\"name\":\"MURIA\\u00c9-PREV comemora o Dia do Servidor P\\u00fablico e 20 anos de hist\\u00f3ria - A Not\\u00edcia Online\",\"headline\":\"MURIA\\u00c9-PREV comemora o Dia do Servidor P\\u00fablico e 20 anos de hist\\u00f3ria\",\"author\":{\"@id\":\"https:\\\/\\\/anoticiaonline.com.br\\\/site\\\/author\\\/juliana\\\/#author\"},\"publisher\":{\"@id\":\"https:\\\/\\\/anoticiaonline.com.br\\\/site\\\/#organization\"},\"image\":{\"@type\":\"ImageObject\",\"url\":\"https:\\\/\\\/anoticiaonline.com.br\\\/site\\\/wp-content\\\/uploads\\\/2017\\\/11\\\/DSC_0202.jpg\",\"width\":640,\"height\":427},\"datePublished\":\"2017-11-01T16:54:01-03:00\",\"dateModified\":\"2017-11-01T23:09:07-03:00\",\"inLanguage\":\"pt-BR\",\"mainEntityOfPage\":{\"@id\":\"https:\\\/\\\/anoticiaonline.com.br\\\/site\\\/muriae-prev-comemora-o-dia-do-servidor-publico-e-seus-20-anos-de-historia\\\/#webpage\"},\"isPartOf\":{\"@id\":\"https:\\\/\\\/anoticiaonline.com.br\\\/site\\\/muriae-prev-comemora-o-dia-do-servidor-publico-e-seus-20-anos-de-historia\\\/#webpage\"},\"articleSection\":\"Gerais, Ant\\u00f4nio Jos\\u00e9 Pereira de Oliveira, Dia do Servidor P\\u00fablico, Fundo Previdenci\\u00e1rio dos Servidores P\\u00fablicos de Muria\\u00e9, MURIA\\u00c9-PREV\"},{\"@type\":\"BreadcrumbList\",\"@id\":\"https:\\\/\\\/anoticiaonline.com.br\\\/site\\\/muriae-prev-comemora-o-dia-do-servidor-publico-e-seus-20-anos-de-historia\\\/#breadcrumblist\",\"itemListElement\":[{\"@type\":\"ListItem\",\"@id\":\"https:\\\/\\\/anoticiaonline.com.br\\\/site#listItem\",\"position\":1,\"name\":\"Home\",\"item\":\"https:\\\/\\\/anoticiaonline.com.br\\\/site\",\"nextItem\":{\"@type\":\"ListItem\",\"@id\":\"https:\\\/\\\/anoticiaonline.com.br\\\/site\\\/categoria\\\/gerais\\\/#listItem\",\"name\":\"Gerais\"}},{\"@type\":\"ListItem\",\"@id\":\"https:\\\/\\\/anoticiaonline.com.br\\\/site\\\/categoria\\\/gerais\\\/#listItem\",\"position\":2,\"name\":\"Gerais\",\"item\":\"https:\\\/\\\/anoticiaonline.com.br\\\/site\\\/categoria\\\/gerais\\\/\",\"nextItem\":{\"@type\":\"ListItem\",\"@id\":\"https:\\\/\\\/anoticiaonline.com.br\\\/site\\\/muriae-prev-comemora-o-dia-do-servidor-publico-e-seus-20-anos-de-historia\\\/#listItem\",\"name\":\"MURIA\\u00c9-PREV comemora o Dia do Servidor P\\u00fablico e 20 anos de hist\\u00f3ria\"},\"previousItem\":{\"@type\":\"ListItem\",\"@id\":\"https:\\\/\\\/anoticiaonline.com.br\\\/site#listItem\",\"name\":\"Home\"}},{\"@type\":\"ListItem\",\"@id\":\"https:\\\/\\\/anoticiaonline.com.br\\\/site\\\/muriae-prev-comemora-o-dia-do-servidor-publico-e-seus-20-anos-de-historia\\\/#listItem\",\"position\":3,\"name\":\"MURIA\\u00c9-PREV comemora o Dia do Servidor P\\u00fablico e 20 anos de hist\\u00f3ria\",\"previousItem\":{\"@type\":\"ListItem\",\"@id\":\"https:\\\/\\\/anoticiaonline.com.br\\\/site\\\/categoria\\\/gerais\\\/#listItem\",\"name\":\"Gerais\"}}]},{\"@type\":\"Organization\",\"@id\":\"https:\\\/\\\/anoticiaonline.com.br\\\/site\\\/#organization\",\"name\":\"A Not\\u00edcia Online\",\"description\":\"Noticias de Muria\\u00e9 e regi\\u00e3o\",\"url\":\"https:\\\/\\\/anoticiaonline.com.br\\\/site\\\/\",\"logo\":{\"@type\":\"ImageObject\",\"url\":\"https:\\\/\\\/scontent-gig4-1.xx.fbcdn.net\\\/v\\\/t39.30808-1\\\/270437624_4564083193639691_6907940295614233970_n.jpg?stp=dst-jpg_s200x200_tt6&_nc_cat=111&ccb=1-7&_nc_sid=f907e8&_nc_ohc=SM1wRlP3lJwQ7kNvwEPuBYA&_nc_oc=AdnqrjDN_BNjSSHWO-GbkIWH6fkGMLw4bqvL_NH6e2wMveX7G-rP2dAqsDSq1mJMOaY&_nc_zt=24&_nc_ht=scontent-gig4-1.xx&_nc_gid=AoBFJeGrT1hVaew_6rchkQ&oh=00_AfX7QmFGhQhG2jAllVgXCiM1ZrWgvtp80-Bfppyexh1QEg&oe=689E923C\",\"@id\":\"https:\\\/\\\/anoticiaonline.com.br\\\/site\\\/muriae-prev-comemora-o-dia-do-servidor-publico-e-seus-20-anos-de-historia\\\/#organizationLogo\"},\"image\":{\"@id\":\"https:\\\/\\\/anoticiaonline.com.br\\\/site\\\/muriae-prev-comemora-o-dia-do-servidor-publico-e-seus-20-anos-de-historia\\\/#organizationLogo\"}},{\"@type\":\"Person\",\"@id\":\"https:\\\/\\\/anoticiaonline.com.br\\\/site\\\/author\\\/juliana\\\/#author\",\"url\":\"https:\\\/\\\/anoticiaonline.com.br\\\/site\\\/author\\\/juliana\\\/\",\"name\":\"Juliana Laviola\",\"image\":{\"@type\":\"ImageObject\",\"@id\":\"https:\\\/\\\/anoticiaonline.com.br\\\/site\\\/muriae-prev-comemora-o-dia-do-servidor-publico-e-seus-20-anos-de-historia\\\/#authorImage\",\"url\":\"https:\\\/\\\/secure.gravatar.com\\\/avatar\\\/b8d45f5c699b100dfaf0e543582f38f38bf94cb7ae3a5e9abf8d891a34773335?s=96&d=mm&r=g\",\"width\":96,\"height\":96,\"caption\":\"Juliana Laviola\"}},{\"@type\":\"WebPage\",\"@id\":\"https:\\\/\\\/anoticiaonline.com.br\\\/site\\\/muriae-prev-comemora-o-dia-do-servidor-publico-e-seus-20-anos-de-historia\\\/#webpage\",\"url\":\"https:\\\/\\\/anoticiaonline.com.br\\\/site\\\/muriae-prev-comemora-o-dia-do-servidor-publico-e-seus-20-anos-de-historia\\\/\",\"name\":\"MURIA\\u00c9-PREV comemora o Dia do Servidor P\\u00fablico e 20 anos de hist\\u00f3ria - A Not\\u00edcia Online\",\"description\":\"O Fundo Previdenci\\u00e1rio dos Servidores P\\u00fablicos de Muria\\u00e9 (MURIA\\u00c9-PREV) promoveu uma palestra e uma homenagem para comemorar o Dia do Servidor P\\u00fablico (28 de outubro) e seus 20 anos de exist\\u00eancia. Durante o encontro, que aconteceu na noite de sexta-feira (27), na Casa da Amizade, foi apresentado aos servidores presentes o contexto hist\\u00f3rico e atual\",\"inLanguage\":\"pt-BR\",\"isPartOf\":{\"@id\":\"https:\\\/\\\/anoticiaonline.com.br\\\/site\\\/#website\"},\"breadcrumb\":{\"@id\":\"https:\\\/\\\/anoticiaonline.com.br\\\/site\\\/muriae-prev-comemora-o-dia-do-servidor-publico-e-seus-20-anos-de-historia\\\/#breadcrumblist\"},\"author\":{\"@id\":\"https:\\\/\\\/anoticiaonline.com.br\\\/site\\\/author\\\/juliana\\\/#author\"},\"creator\":{\"@id\":\"https:\\\/\\\/anoticiaonline.com.br\\\/site\\\/author\\\/juliana\\\/#author\"},\"image\":{\"@type\":\"ImageObject\",\"url\":\"https:\\\/\\\/anoticiaonline.com.br\\\/site\\\/wp-content\\\/uploads\\\/2017\\\/11\\\/DSC_0202.jpg\",\"@id\":\"https:\\\/\\\/anoticiaonline.com.br\\\/site\\\/muriae-prev-comemora-o-dia-do-servidor-publico-e-seus-20-anos-de-historia\\\/#mainImage\",\"width\":640,\"height\":427},\"primaryImageOfPage\":{\"@id\":\"https:\\\/\\\/anoticiaonline.com.br\\\/site\\\/muriae-prev-comemora-o-dia-do-servidor-publico-e-seus-20-anos-de-historia\\\/#mainImage\"},\"datePublished\":\"2017-11-01T16:54:01-03:00\",\"dateModified\":\"2017-11-01T23:09:07-03:00\"},{\"@type\":\"WebSite\",\"@id\":\"https:\\\/\\\/anoticiaonline.com.br\\\/site\\\/#website\",\"url\":\"https:\\\/\\\/anoticiaonline.com.br\\\/site\\\/\",\"name\":\"A Not\\u00edcia Online\",\"description\":\"Noticias de Muria\\u00e9 e regi\\u00e3o\",\"inLanguage\":\"pt-BR\",\"publisher\":{\"@id\":\"https:\\\/\\\/anoticiaonline.com.br\\\/site\\\/#organization\"}}]}\n\t\t<\/script>\n\t\t<!-- All in One SEO -->\n\n","aioseo_head_json":{"title":"MURIA\u00c9-PREV comemora o Dia do Servidor P\u00fablico e 20 anos de hist\u00f3ria - A Not\u00edcia Online","description":"O Fundo Previdenci\u00e1rio dos Servidores P\u00fablicos de Muria\u00e9 (MURIA\u00c9-PREV) promoveu uma palestra e uma homenagem para comemorar o Dia do Servidor P\u00fablico (28 de outubro) e seus 20 anos de exist\u00eancia. Durante o encontro, que aconteceu na noite de sexta-feira (27), na Casa da Amizade, foi apresentado aos servidores presentes o contexto hist\u00f3rico e atual","canonical_url":"https:\/\/anoticiaonline.com.br\/site\/muriae-prev-comemora-o-dia-do-servidor-publico-e-seus-20-anos-de-historia\/","robots":"max-image-preview:large","keywords":"","webmasterTools":{"miscellaneous":""},"schema":{"@context":"https:\/\/schema.org","@graph":[{"@type":"BlogPosting","@id":"https:\/\/anoticiaonline.com.br\/site\/muriae-prev-comemora-o-dia-do-servidor-publico-e-seus-20-anos-de-historia\/#blogposting","name":"MURIA\u00c9-PREV comemora o Dia do Servidor P\u00fablico e 20 anos de hist\u00f3ria - A Not\u00edcia Online","headline":"MURIA\u00c9-PREV comemora o Dia do Servidor P\u00fablico e 20 anos de hist\u00f3ria","author":{"@id":"https:\/\/anoticiaonline.com.br\/site\/author\/juliana\/#author"},"publisher":{"@id":"https:\/\/anoticiaonline.com.br\/site\/#organization"},"image":{"@type":"ImageObject","url":"https:\/\/anoticiaonline.com.br\/site\/wp-content\/uploads\/2017\/11\/DSC_0202.jpg","width":640,"height":427},"datePublished":"2017-11-01T16:54:01-03:00","dateModified":"2017-11-01T23:09:07-03:00","inLanguage":"pt-BR","mainEntityOfPage":{"@id":"https:\/\/anoticiaonline.com.br\/site\/muriae-prev-comemora-o-dia-do-servidor-publico-e-seus-20-anos-de-historia\/#webpage"},"isPartOf":{"@id":"https:\/\/anoticiaonline.com.br\/site\/muriae-prev-comemora-o-dia-do-servidor-publico-e-seus-20-anos-de-historia\/#webpage"},"articleSection":"Gerais, Ant\u00f4nio Jos\u00e9 Pereira de Oliveira, Dia do Servidor P\u00fablico, Fundo Previdenci\u00e1rio dos Servidores P\u00fablicos de Muria\u00e9, MURIA\u00c9-PREV"},{"@type":"BreadcrumbList","@id":"https:\/\/anoticiaonline.com.br\/site\/muriae-prev-comemora-o-dia-do-servidor-publico-e-seus-20-anos-de-historia\/#breadcrumblist","itemListElement":[{"@type":"ListItem","@id":"https:\/\/anoticiaonline.com.br\/site#listItem","position":1,"name":"Home","item":"https:\/\/anoticiaonline.com.br\/site","nextItem":{"@type":"ListItem","@id":"https:\/\/anoticiaonline.com.br\/site\/categoria\/gerais\/#listItem","name":"Gerais"}},{"@type":"ListItem","@id":"https:\/\/anoticiaonline.com.br\/site\/categoria\/gerais\/#listItem","position":2,"name":"Gerais","item":"https:\/\/anoticiaonline.com.br\/site\/categoria\/gerais\/","nextItem":{"@type":"ListItem","@id":"https:\/\/anoticiaonline.com.br\/site\/muriae-prev-comemora-o-dia-do-servidor-publico-e-seus-20-anos-de-historia\/#listItem","name":"MURIA\u00c9-PREV comemora o Dia do Servidor P\u00fablico e 20 anos de hist\u00f3ria"},"previousItem":{"@type":"ListItem","@id":"https:\/\/anoticiaonline.com.br\/site#listItem","name":"Home"}},{"@type":"ListItem","@id":"https:\/\/anoticiaonline.com.br\/site\/muriae-prev-comemora-o-dia-do-servidor-publico-e-seus-20-anos-de-historia\/#listItem","position":3,"name":"MURIA\u00c9-PREV comemora o Dia do Servidor P\u00fablico e 20 anos de hist\u00f3ria","previousItem":{"@type":"ListItem","@id":"https:\/\/anoticiaonline.com.br\/site\/categoria\/gerais\/#listItem","name":"Gerais"}}]},{"@type":"Organization","@id":"https:\/\/anoticiaonline.com.br\/site\/#organization","name":"A Not\u00edcia Online","description":"Noticias de Muria\u00e9 e regi\u00e3o","url":"https:\/\/anoticiaonline.com.br\/site\/","logo":{"@type":"ImageObject","url":"https:\/\/scontent-gig4-1.xx.fbcdn.net\/v\/t39.30808-1\/270437624_4564083193639691_6907940295614233970_n.jpg?stp=dst-jpg_s200x200_tt6&_nc_cat=111&ccb=1-7&_nc_sid=f907e8&_nc_ohc=SM1wRlP3lJwQ7kNvwEPuBYA&_nc_oc=AdnqrjDN_BNjSSHWO-GbkIWH6fkGMLw4bqvL_NH6e2wMveX7G-rP2dAqsDSq1mJMOaY&_nc_zt=24&_nc_ht=scontent-gig4-1.xx&_nc_gid=AoBFJeGrT1hVaew_6rchkQ&oh=00_AfX7QmFGhQhG2jAllVgXCiM1ZrWgvtp80-Bfppyexh1QEg&oe=689E923C","@id":"https:\/\/anoticiaonline.com.br\/site\/muriae-prev-comemora-o-dia-do-servidor-publico-e-seus-20-anos-de-historia\/#organizationLogo"},"image":{"@id":"https:\/\/anoticiaonline.com.br\/site\/muriae-prev-comemora-o-dia-do-servidor-publico-e-seus-20-anos-de-historia\/#organizationLogo"}},{"@type":"Person","@id":"https:\/\/anoticiaonline.com.br\/site\/author\/juliana\/#author","url":"https:\/\/anoticiaonline.com.br\/site\/author\/juliana\/","name":"Juliana Laviola","image":{"@type":"ImageObject","@id":"https:\/\/anoticiaonline.com.br\/site\/muriae-prev-comemora-o-dia-do-servidor-publico-e-seus-20-anos-de-historia\/#authorImage","url":"https:\/\/secure.gravatar.com\/avatar\/b8d45f5c699b100dfaf0e543582f38f38bf94cb7ae3a5e9abf8d891a34773335?s=96&d=mm&r=g","width":96,"height":96,"caption":"Juliana Laviola"}},{"@type":"WebPage","@id":"https:\/\/anoticiaonline.com.br\/site\/muriae-prev-comemora-o-dia-do-servidor-publico-e-seus-20-anos-de-historia\/#webpage","url":"https:\/\/anoticiaonline.com.br\/site\/muriae-prev-comemora-o-dia-do-servidor-publico-e-seus-20-anos-de-historia\/","name":"MURIA\u00c9-PREV comemora o Dia do Servidor P\u00fablico e 20 anos de hist\u00f3ria - A Not\u00edcia Online","description":"O Fundo Previdenci\u00e1rio dos Servidores P\u00fablicos de Muria\u00e9 (MURIA\u00c9-PREV) promoveu uma palestra e uma homenagem para comemorar o Dia do Servidor P\u00fablico (28 de outubro) e seus 20 anos de exist\u00eancia. Durante o encontro, que aconteceu na noite de sexta-feira (27), na Casa da Amizade, foi apresentado aos servidores presentes o contexto hist\u00f3rico e atual","inLanguage":"pt-BR","isPartOf":{"@id":"https:\/\/anoticiaonline.com.br\/site\/#website"},"breadcrumb":{"@id":"https:\/\/anoticiaonline.com.br\/site\/muriae-prev-comemora-o-dia-do-servidor-publico-e-seus-20-anos-de-historia\/#breadcrumblist"},"author":{"@id":"https:\/\/anoticiaonline.com.br\/site\/author\/juliana\/#author"},"creator":{"@id":"https:\/\/anoticiaonline.com.br\/site\/author\/juliana\/#author"},"image":{"@type":"ImageObject","url":"https:\/\/anoticiaonline.com.br\/site\/wp-content\/uploads\/2017\/11\/DSC_0202.jpg","@id":"https:\/\/anoticiaonline.com.br\/site\/muriae-prev-comemora-o-dia-do-servidor-publico-e-seus-20-anos-de-historia\/#mainImage","width":640,"height":427},"primaryImageOfPage":{"@id":"https:\/\/anoticiaonline.com.br\/site\/muriae-prev-comemora-o-dia-do-servidor-publico-e-seus-20-anos-de-historia\/#mainImage"},"datePublished":"2017-11-01T16:54:01-03:00","dateModified":"2017-11-01T23:09:07-03:00"},{"@type":"WebSite","@id":"https:\/\/anoticiaonline.com.br\/site\/#website","url":"https:\/\/anoticiaonline.com.br\/site\/","name":"A Not\u00edcia Online","description":"Noticias de Muria\u00e9 e regi\u00e3o","inLanguage":"pt-BR","publisher":{"@id":"https:\/\/anoticiaonline.com.br\/site\/#organization"}}]},"og:locale":"pt_BR","og:site_name":"A Not\u00edcia Online - Noticias de Muria\u00e9 e regi\u00e3o","og:type":"article","og:title":"MURIA\u00c9-PREV comemora o Dia do Servidor P\u00fablico e 20 anos de hist\u00f3ria - A Not\u00edcia Online","og:description":"O Fundo Previdenci\u00e1rio dos Servidores P\u00fablicos de Muria\u00e9 (MURIA\u00c9-PREV) promoveu uma palestra e uma homenagem para comemorar o Dia do Servidor P\u00fablico (28 de outubro) e seus 20 anos de exist\u00eancia. Durante o encontro, que aconteceu na noite de sexta-feira (27), na Casa da Amizade, foi apresentado aos servidores presentes o contexto hist\u00f3rico e atual","og:url":"https:\/\/anoticiaonline.com.br\/site\/muriae-prev-comemora-o-dia-do-servidor-publico-e-seus-20-anos-de-historia\/","og:image":"https:\/\/scontent-gig4-1.xx.fbcdn.net\/v\/t39.30808-1\/270437624_4564083193639691_6907940295614233970_n.jpg?stp=dst-jpg_s200x200_tt6&#038;_nc_cat=111&#038;ccb=1-7&#038;_nc_sid=f907e8&#038;_nc_ohc=SM1wRlP3lJwQ7kNvwEPuBYA&#038;_nc_oc=AdnqrjDN_BNjSSHWO-GbkIWH6fkGMLw4bqvL_NH6e2wMveX7G-rP2dAqsDSq1mJMOaY&#038;_nc_zt=24&#038;_nc_ht=scontent-gig4-1.xx&#038;_nc_gid=AoBFJeGrT1hVaew_6rchkQ&#038;oh=00_AfX7QmFGhQhG2jAllVgXCiM1ZrWgvtp80-Bfppyexh1QEg&#038;oe=689E923C","og:image:secure_url":"https:\/\/scontent-gig4-1.xx.fbcdn.net\/v\/t39.30808-1\/270437624_4564083193639691_6907940295614233970_n.jpg?stp=dst-jpg_s200x200_tt6&#038;_nc_cat=111&#038;ccb=1-7&#038;_nc_sid=f907e8&#038;_nc_ohc=SM1wRlP3lJwQ7kNvwEPuBYA&#038;_nc_oc=AdnqrjDN_BNjSSHWO-GbkIWH6fkGMLw4bqvL_NH6e2wMveX7G-rP2dAqsDSq1mJMOaY&#038;_nc_zt=24&#038;_nc_ht=scontent-gig4-1.xx&#038;_nc_gid=AoBFJeGrT1hVaew_6rchkQ&#038;oh=00_AfX7QmFGhQhG2jAllVgXCiM1ZrWgvtp80-Bfppyexh1QEg&#038;oe=689E923C","article:published_time":"2017-11-01T19:54:01+00:00","article:modified_time":"2017-11-02T02:09:07+00:00","twitter:card":"summary_large_image","twitter:title":"MURIA\u00c9-PREV comemora o Dia do Servidor P\u00fablico e 20 anos de hist\u00f3ria - A Not\u00edcia Online","twitter:description":"O Fundo Previdenci\u00e1rio dos Servidores P\u00fablicos de Muria\u00e9 (MURIA\u00c9-PREV) promoveu uma palestra e uma homenagem para comemorar o Dia do Servidor P\u00fablico (28 de outubro) e seus 20 anos de exist\u00eancia. Durante o encontro, que aconteceu na noite de sexta-feira (27), na Casa da Amizade, foi apresentado aos servidores presentes o contexto hist\u00f3rico e atual","twitter:image":"https:\/\/scontent-gig4-1.xx.fbcdn.net\/v\/t39.30808-1\/270437624_4564083193639691_6907940295614233970_n.jpg?stp=dst-jpg_s200x200_tt6&_nc_cat=111&ccb=1-7&_nc_sid=f907e8&_nc_ohc=SM1wRlP3lJwQ7kNvwEPuBYA&_nc_oc=AdnqrjDN_BNjSSHWO-GbkIWH6fkGMLw4bqvL_NH6e2wMveX7G-rP2dAqsDSq1mJMOaY&_nc_zt=24&_nc_ht=scontent-gig4-1.xx&_nc_gid=AoBFJeGrT1hVaew_6rchkQ&oh=00_AfX7QmFGhQhG2jAllVgXCiM1ZrWgvtp80-Bfppyexh1QEg&oe=689E923C"},"aioseo_meta_data":{"post_id":"43974","title":null,"description":null,"keywords":null,"keyphrases":null,"primary_term":null,"canonical_url":null,"og_title":null,"og_description":null,"og_object_type":"default","og_image_type":"default","og_image_url":null,"og_image_width":null,"og_image_height":null,"og_image_custom_url":null,"og_image_custom_fields":null,"og_video":null,"og_custom_url":null,"og_article_section":null,"og_article_tags":null,"twitter_use_og":false,"twitter_card":"default","twitter_image_type":"default","twitter_image_url":null,"twitter_image_custom_url":null,"twitter_image_custom_fields":null,"twitter_title":null,"twitter_description":null,"schema":{"blockGraphs":[],"customGraphs":[],"default":{"data":{"Article":[],"Course":[],"Dataset":[],"FAQPage":[],"Movie":[],"Person":[],"Product":[],"ProductReview":[],"Car":[],"Recipe":[],"Service":[],"SoftwareApplication":[],"WebPage":[]},"graphName":"","isEnabled":true},"graphs":[]},"schema_type":"default","schema_type_options":null,"pillar_content":false,"robots_default":true,"robots_noindex":false,"robots_noarchive":false,"robots_nosnippet":false,"robots_nofollow":false,"robots_noimageindex":false,"robots_noodp":false,"robots_notranslate":false,"robots_max_snippet":null,"robots_max_videopreview":null,"robots_max_imagepreview":"large","priority":null,"frequency":null,"local_seo":null,"breadcrumb_settings":null,"limit_modified_date":false,"ai":null,"created":"2025-08-16 19:43:53","updated":"2025-08-16 19:43:53","focus_keyword":null,"additional_keywords":null,"truseo_locale":null,"seo_analyzer_scan_date":null},"aioseo_breadcrumb":"<div class=\"aioseo-breadcrumbs\"><span class=\"aioseo-breadcrumb\">\n\t\t\t<a href=\"https:\/\/anoticiaonline.com.br\/site\" title=\"Home\">Home<\/a>\n\t\t<\/span><span class=\"aioseo-breadcrumb-separator\">&raquo;<\/span><span class=\"aioseo-breadcrumb\">\n\t\t\t<a href=\"https:\/\/anoticiaonline.com.br\/site\/categoria\/gerais\/\" title=\"Gerais\">Gerais<\/a>\n\t\t<\/span><span class=\"aioseo-breadcrumb-separator\">&raquo;<\/span><span class=\"aioseo-breadcrumb\">\n\t\t\tMURIA\u00c9-PREV comemora o Dia do Servidor P\u00fablico e 20 anos de hist\u00f3ria\n\t\t<\/span><\/div>","aioseo_breadcrumb_json":[{"label":"Home","link":"https:\/\/anoticiaonline.com.br\/site"},{"label":"Gerais","link":"https:\/\/anoticiaonline.com.br\/site\/categoria\/gerais\/"},{"label":"MURIA\u00c9-PREV comemora o Dia do Servidor P\u00fablico e 20 anos de hist\u00f3ria","link":"https:\/\/anoticiaonline.com.br\/site\/muriae-prev-comemora-o-dia-do-servidor-publico-e-seus-20-anos-de-historia\/"}],"views":144,"_links":{"self":[{"href":"https:\/\/anoticiaonline.com.br\/site\/wp-json\/wp\/v2\/posts\/43974","targetHints":{"allow":["GET"]}}],"collection":[{"href":"https:\/\/anoticiaonline.com.br\/site\/wp-json\/wp\/v2\/posts"}],"about":[{"href":"https:\/\/anoticiaonline.com.br\/site\/wp-json\/wp\/v2\/types\/post"}],"author":[{"embeddable":true,"href":"https:\/\/anoticiaonline.com.br\/site\/wp-json\/wp\/v2\/users\/2"}],"replies":[{"embeddable":true,"href":"https:\/\/anoticiaonline.com.br\/site\/wp-json\/wp\/v2\/comments?post=43974"}],"version-history":[{"count":0,"href":"https:\/\/anoticiaonline.com.br\/site\/wp-json\/wp\/v2\/posts\/43974\/revisions"}],"wp:featuredmedia":[{"embeddable":true,"href":"https:\/\/anoticiaonline.com.br\/site\/wp-json\/wp\/v2\/media\/43975"}],"wp:attachment":[{"href":"https:\/\/anoticiaonline.com.br\/site\/wp-json\/wp\/v2\/media?parent=43974"}],"wp:term":[{"taxonomy":"category","embeddable":true,"href":"https:\/\/anoticiaonline.com.br\/site\/wp-json\/wp\/v2\/categories?post=43974"},{"taxonomy":"post_tag","embeddable":true,"href":"https:\/\/anoticiaonline.com.br\/site\/wp-json\/wp\/v2\/tags?post=43974"}],"curies":[{"name":"wp","href":"https:\/\/api.w.org\/{rel}","templated":true}]}}