{"id":43463,"date":"2017-10-27T11:04:00","date_gmt":"2017-10-27T14:04:00","guid":{"rendered":"http:\/\/anoticiaonline.com.br\/site\/?p=43463"},"modified":"2017-10-27T11:18:45","modified_gmt":"2017-10-27T14:18:45","slug":"sicoob-credisudeste-apoia-o-xvi-concurso-regional-de-qualidade-dos-cafes-das-matas-de-minas","status":"publish","type":"post","link":"https:\/\/anoticiaonline.com.br\/site\/sicoob-credisudeste-apoia-o-xvi-concurso-regional-de-qualidade-dos-cafes-das-matas-de-minas\/","title":{"rendered":"Sicoob Credisudeste apoia o XVI Concurso Regional de Qualidade dos Caf\u00e9s das Matas de Minas"},"content":{"rendered":"<p><a href=\"https:\/\/anoticiaonline.com.br\/site\/wp-content\/uploads\/2017\/10\/DSC_0005.jpg\"><img fetchpriority=\"high\" decoding=\"async\" class=\"aligncenter size-full wp-image-43555\" src=\"https:\/\/anoticiaonline.com.br\/site\/wp-content\/uploads\/2017\/10\/DSC_0005.jpg\" alt=\"\" width=\"640\" height=\"427\" srcset=\"https:\/\/anoticiaonline.com.br\/site\/wp-content\/uploads\/2017\/10\/DSC_0005.jpg 640w, https:\/\/anoticiaonline.com.br\/site\/wp-content\/uploads\/2017\/10\/DSC_0005-300x200.jpg 300w\" sizes=\"(max-width: 640px) 100vw, 640px\" \/><\/a> <a href=\"https:\/\/anoticiaonline.com.br\/site\/wp-content\/uploads\/2017\/10\/DSC_1357.jpg\"><img decoding=\"async\" class=\"aligncenter size-full wp-image-43556\" src=\"https:\/\/anoticiaonline.com.br\/site\/wp-content\/uploads\/2017\/10\/DSC_1357.jpg\" alt=\"\" width=\"640\" height=\"424\" srcset=\"https:\/\/anoticiaonline.com.br\/site\/wp-content\/uploads\/2017\/10\/DSC_1357.jpg 640w, https:\/\/anoticiaonline.com.br\/site\/wp-content\/uploads\/2017\/10\/DSC_1357-300x199.jpg 300w\" sizes=\"(max-width: 640px) 100vw, 640px\" \/><\/a> <a href=\"https:\/\/anoticiaonline.com.br\/site\/wp-content\/uploads\/2017\/10\/DSC_1365.jpg\"><img decoding=\"async\" class=\"aligncenter size-full wp-image-43558\" src=\"https:\/\/anoticiaonline.com.br\/site\/wp-content\/uploads\/2017\/10\/DSC_1365.jpg\" alt=\"\" width=\"640\" height=\"424\" srcset=\"https:\/\/anoticiaonline.com.br\/site\/wp-content\/uploads\/2017\/10\/DSC_1365.jpg 640w, https:\/\/anoticiaonline.com.br\/site\/wp-content\/uploads\/2017\/10\/DSC_1365-300x199.jpg 300w\" sizes=\"(max-width: 640px) 100vw, 640px\" \/><\/a> <a href=\"https:\/\/anoticiaonline.com.br\/site\/wp-content\/uploads\/2017\/10\/DSC_1382.jpg\"><img loading=\"lazy\" decoding=\"async\" class=\"aligncenter size-full wp-image-43559\" src=\"https:\/\/anoticiaonline.com.br\/site\/wp-content\/uploads\/2017\/10\/DSC_1382.jpg\" alt=\"\" width=\"640\" height=\"424\" srcset=\"https:\/\/anoticiaonline.com.br\/site\/wp-content\/uploads\/2017\/10\/DSC_1382.jpg 640w, https:\/\/anoticiaonline.com.br\/site\/wp-content\/uploads\/2017\/10\/DSC_1382-300x199.jpg 300w\" sizes=\"(max-width: 640px) 100vw, 640px\" \/><\/a> <a href=\"https:\/\/anoticiaonline.com.br\/site\/wp-content\/uploads\/2017\/10\/DSC_1393.jpg\"><img loading=\"lazy\" decoding=\"async\" class=\"aligncenter size-full wp-image-43560\" src=\"https:\/\/anoticiaonline.com.br\/site\/wp-content\/uploads\/2017\/10\/DSC_1393.jpg\" alt=\"\" width=\"640\" height=\"424\" srcset=\"https:\/\/anoticiaonline.com.br\/site\/wp-content\/uploads\/2017\/10\/DSC_1393.jpg 640w, https:\/\/anoticiaonline.com.br\/site\/wp-content\/uploads\/2017\/10\/DSC_1393-300x199.jpg 300w\" sizes=\"(max-width: 640px) 100vw, 640px\" \/><\/a>O Sicoob Credisudeste apoiou o XVI Concurso Regional de Qualidade dos Caf\u00e9s das Matas de Minas \u2013 Regi\u00e3o de Muria\u00e9, que encerrou durante cerim\u00f4nia solene na manh\u00e3 da \u00faltima quinta-feira (19), no restaurante do SESC da cidade.<\/p>\n<p>Ap\u00f3s a abertura oficial, a programa\u00e7\u00e3o contou com uma palestra com o tema \u201cQualidade dos Caf\u00e9s da Safra 2017\u201d, ministrada pelo engenheiro agr\u00f4nomo, Ricardo Tadeu Galv\u00e3o Pereira, da EMATER \u2013 MG.<\/p>\n<p>Em seguida, foram apresentados os parceiros do Concurso, entre eles, o Sicoob Credisudeste, representado pelo seu presidente do Conselho, Paulo Alexandre Carvalho e pelo diretor superintendente, Francisco Xavier Borges.<\/p>\n<p>Francisco Xavier Borges conta que eventos deste tipo, que valorizam o produtor rural, s\u00e3o de grande import\u00e2ncia para o Sicoob Credisudeste, que possui, aproximadamente, 30 mil associados que trabalham diretamente com o agroneg\u00f3cio. \u201cTodo este movimento que aconteceu aqui hoje \u00e9 de interesse de nossa cooperativa de cr\u00e9dito que faz quest\u00e3o de participar junto com o produtor\u201d, diz.<\/p>\n<p>De acordo com Francisco, o Sicoob Credisudeste participou do financiamento dos insumos, colheita e demais etapas necess\u00e1rias para o produtor chegar at\u00e9 a etapa final do concurso. \u201c\u00c9 sempre bom salientar que o produtor tem, no Sicoob Credisudeste, a liberdade de participar de nossas assembleias e de ser tratado como um verdadeiro cooperado deve ser e com uma institui\u00e7\u00e3o voltada para ele\u201d, diz.<\/p>\n<p>Paulo Alexandre de Carvalho, presidente do Conselho do Sicoob Credisudeste e, tamb\u00e9m, gerente da EMATER-MG, disse que s\u00e3o 16 anos de um concurso que valoriza a qualidade e a produ\u00e7\u00e3o do caf\u00e9 regional. \u201c\u00c9 um concurso que valoriza a produ\u00e7\u00e3o correta, respeitando as condi\u00e7\u00f5es ambientais, preservando os recursos da natureza e produzindo um caf\u00e9 de qualidade que vem ganhando o mercado nacional e internacional e, com isso, proporcionando ao produtor sua perman\u00eancia no campo com sua atividade\u201d, diz.<\/p>\n<p>Paulo Alexandre conta que o processo de melhoria do produto \u00e9 cont\u00ednuo. \u201cN\u00e3o h\u00e1 interesse em produzir em grande quantidade. \u00c9 uma caracter\u00edstica de nossa regi\u00e3o a \u2018cultura de montanha\u2019, que \u00e9 exclusiva da agricultura familiar, em pequena quantidade, mas com muita qualidade\u201d, completa.<\/p>\n<p>O engenheiro agr\u00f4nomo e extensionista da EMATER-MG, Rob\u00e9rio Torres, disse que s\u00e3o 16 anos provando que a regi\u00e3o de Muria\u00e9 produz caf\u00e9 de qualidade.<\/p>\n<p>Questionado sobre o processo do Concurso, Rob\u00e9rio conta que ao mesmo tempo em que se encerra um, o seguinte j\u00e1 se inicia. \u201cEncerrando um concurso, j\u00e1 iniciamos o estudo das normas e divulgamos o regulamento para que os interessados em participar do pr\u00f3ximo entrem em contato com o escrit\u00f3rio local da EMATER. Ap\u00f3s essa etapa, o t\u00e9cnico visita as planta\u00e7\u00f5es e retira as amostras que ser\u00e3o avaliadas por degustadores profissionais\u201d, diz.<\/p>\n<p>O Concurso Regional de Qualidade dos Caf\u00e9s das Matas de Minas foi dividido em tr\u00eas categorias: Caf\u00e9 Natural Terras Baixas (abaixo de 900m), Caf\u00e9 Natural Terras Altas (acima de 900m) e Cereja Descascada. S\u00e3o premiados os seis melhores das categorias Natural Terras Baixas e Natural Terras Altas e os tr\u00eas melhores da categoria Cereja Descascada.<\/p>\n<p>Ap\u00f3s a apresenta\u00e7\u00e3o dos parceiros e da cerim\u00f4nia de premia\u00e7\u00e3o, os participantes confraternizaram com um almo\u00e7o no local.<\/p>\n<p><strong>Confira os ganhadores de 2017:<\/strong><\/p>\n<p><strong>Categoria Cereja Descascado:<\/strong><\/p>\n<p>1\u00ba lugar: F\u00e1bio Prot\u00e1zio de Abreu (Espera Feliz)<\/p>\n<p>2\u00ba lugar: Ant\u00f4nio c\u00e9sar Faria Neto (Espera Feliz)<\/p>\n<p>3\u00ba lugar: Ant\u00f4nio da Silva Cassim (Eugen\u00f3polis)<\/p>\n<p><strong>Categoria Terras Baixas:<\/strong><\/p>\n<p>1\u00ba lugar: Ant\u00f4nio La\u00e9rcio da Costa (S\u00e3o Sebasti\u00e3o da Vargem Alegre)<\/p>\n<p>2\u00ba lugar: Vander Bernardino Sp\u00ednola (Miradouro)<\/p>\n<p>3\u00ba lugar: Ana da Penha Ribeiro Laviola (S\u00e3o Francisco do Gl\u00f3ria)<\/p>\n<p>4\u00ba lugar: Gilvan Vieira Santana (Divino)<\/p>\n<p>5\u00ba lugar: Vilerson Ricardo Laviola (S\u00e3o Francisco do Gl\u00f3ria)<\/p>\n<p>6\u00ba lugar: Victor Lopes Alves (Carangola)<\/p>\n<p><strong>Categoria Terras Altas:<\/strong><\/p>\n<p>1\u00ba lugar: Vilma Cristina de Souza (Divino)<\/p>\n<p>2\u00ba lugar: Maria Geralda Abreu de Lacerda (Espera Feliz)<\/p>\n<p>3\u00ba lugar: Bruno Henrique Ribeiro (Divino)<\/p>\n<p>4\u00ba lugar: Jos\u00e9 Alexandre Abreu de Lacerda (Espera Feliz)<\/p>\n<p>5\u00ba lugar: Jos\u00e9 Luiz Viana (Divino)<\/p>\n<p>6\u00ba lugar: David Gon\u00e7alves (Carangola)<\/p>\n<p>&nbsp;<\/p>\n<p><img decoding=\"async\" class=\"ngg_displayed_gallery mceItem\" src=\"https:\/\/anoticiaonline.com.br\/site\/nextgen-attach_to_post\/preview\/id--43641\" \/><\/p>\n","protected":false},"excerpt":{"rendered":"<p>O Sicoob Credisudeste apoiou o XVI Concurso Regional de Qualidade dos Caf\u00e9s das Matas de Minas \u2013 Regi\u00e3o de Muria\u00e9, que encerrou durante cerim\u00f4nia solene na manh\u00e3 da \u00faltima quinta-feira (19), no restaurante do SESC da cidade. Ap\u00f3s a abertura oficial, a programa\u00e7\u00e3o contou com uma palestra com o tema \u201cQualidade dos Caf\u00e9s da Safra &#8230; <a title=\"Sicoob Credisudeste apoia o XVI Concurso Regional de Qualidade dos Caf\u00e9s das Matas de Minas\" class=\"read-more\" href=\"https:\/\/anoticiaonline.com.br\/site\/sicoob-credisudeste-apoia-o-xvi-concurso-regional-de-qualidade-dos-cafes-das-matas-de-minas\/\" aria-label=\"Read more about Sicoob Credisudeste apoia o XVI Concurso Regional de Qualidade dos Caf\u00e9s das Matas de Minas\">Ler mais<\/a><\/p>\n","protected":false},"author":2,"featured_media":43555,"comment_status":"open","ping_status":"open","sticky":false,"template":"","format":"standard","meta":{"_acf_changed":false,"_monsterinsights_skip_tracking":false,"footnotes":""},"categories":[1,6],"tags":[1427,1428,1425,1426,596,1424],"class_list":["post-43463","post","type-post","status-publish","format-standard","has-post-thumbnail","hentry","category-gerais","category-regiao","tag-concurso-regional","tag-emater","tag-matas-de-minas","tag-qualidade-dos-cafes","tag-sicoob-credisudeste","tag-xvi-concurso-regional-de-qualidade-dos-cafes-das-matas-de-minas"],"acf":[],"aioseo_notices":[],"aioseo_head":"\n\t\t<!-- All in One SEO 5.0.0.1 - aioseo.com -->\n\t<meta name=\"description\" content=\"O Sicoob Credisudeste apoiou o XVI Concurso Regional de Qualidade dos Caf\u00e9s das Matas de Minas \u2013 Regi\u00e3o de Muria\u00e9, que encerrou durante cerim\u00f4nia solene na manh\u00e3 da \u00faltima quinta-feira (19), no restaurante do SESC da cidade. Ap\u00f3s a abertura oficial, a programa\u00e7\u00e3o contou com uma palestra com o tema \u201cQualidade dos Caf\u00e9s da Safra\" \/>\n\t<meta name=\"robots\" content=\"max-image-preview:large\" \/>\n\t<meta name=\"author\" content=\"Juliana Laviola\"\/>\n\t<link rel=\"canonical\" href=\"https:\/\/anoticiaonline.com.br\/site\/sicoob-credisudeste-apoia-o-xvi-concurso-regional-de-qualidade-dos-cafes-das-matas-de-minas\/\" \/>\n\t<meta name=\"generator\" content=\"All in One SEO (AIOSEO) 5.0.0.1\" \/>\n\t\t<meta property=\"og:locale\" content=\"pt_BR\" \/>\n\t\t<meta property=\"og:site_name\" content=\"A Not\u00edcia Online - Noticias de Muria\u00e9 e regi\u00e3o\" \/>\n\t\t<meta property=\"og:type\" content=\"article\" \/>\n\t\t<meta property=\"og:title\" content=\"Sicoob Credisudeste apoia o XVI Concurso Regional de Qualidade dos Caf\u00e9s das Matas de Minas - A Not\u00edcia Online\" \/>\n\t\t<meta property=\"og:description\" content=\"O Sicoob Credisudeste apoiou o XVI Concurso Regional de Qualidade dos Caf\u00e9s das Matas de Minas \u2013 Regi\u00e3o de Muria\u00e9, que encerrou durante cerim\u00f4nia solene na manh\u00e3 da \u00faltima quinta-feira (19), no restaurante do SESC da cidade. Ap\u00f3s a abertura oficial, a programa\u00e7\u00e3o contou com uma palestra com o tema \u201cQualidade dos Caf\u00e9s da Safra\" \/>\n\t\t<meta property=\"og:url\" content=\"https:\/\/anoticiaonline.com.br\/site\/sicoob-credisudeste-apoia-o-xvi-concurso-regional-de-qualidade-dos-cafes-das-matas-de-minas\/\" \/>\n\t\t<meta property=\"og:image\" content=\"https:\/\/scontent-gig4-1.xx.fbcdn.net\/v\/t39.30808-1\/270437624_4564083193639691_6907940295614233970_n.jpg?stp=dst-jpg_s200x200_tt6&#038;_nc_cat=111&#038;ccb=1-7&#038;_nc_sid=f907e8&#038;_nc_ohc=SM1wRlP3lJwQ7kNvwEPuBYA&#038;_nc_oc=AdnqrjDN_BNjSSHWO-GbkIWH6fkGMLw4bqvL_NH6e2wMveX7G-rP2dAqsDSq1mJMOaY&#038;_nc_zt=24&#038;_nc_ht=scontent-gig4-1.xx&#038;_nc_gid=AoBFJeGrT1hVaew_6rchkQ&#038;oh=00_AfX7QmFGhQhG2jAllVgXCiM1ZrWgvtp80-Bfppyexh1QEg&#038;oe=689E923C\" \/>\n\t\t<meta property=\"og:image:secure_url\" content=\"https:\/\/scontent-gig4-1.xx.fbcdn.net\/v\/t39.30808-1\/270437624_4564083193639691_6907940295614233970_n.jpg?stp=dst-jpg_s200x200_tt6&#038;_nc_cat=111&#038;ccb=1-7&#038;_nc_sid=f907e8&#038;_nc_ohc=SM1wRlP3lJwQ7kNvwEPuBYA&#038;_nc_oc=AdnqrjDN_BNjSSHWO-GbkIWH6fkGMLw4bqvL_NH6e2wMveX7G-rP2dAqsDSq1mJMOaY&#038;_nc_zt=24&#038;_nc_ht=scontent-gig4-1.xx&#038;_nc_gid=AoBFJeGrT1hVaew_6rchkQ&#038;oh=00_AfX7QmFGhQhG2jAllVgXCiM1ZrWgvtp80-Bfppyexh1QEg&#038;oe=689E923C\" \/>\n\t\t<meta property=\"article:published_time\" content=\"2017-10-27T14:04:00+00:00\" \/>\n\t\t<meta property=\"article:modified_time\" content=\"2017-10-27T14:18:45+00:00\" \/>\n\t\t<meta name=\"twitter:card\" content=\"summary_large_image\" \/>\n\t\t<meta name=\"twitter:title\" content=\"Sicoob Credisudeste apoia o XVI Concurso Regional de Qualidade dos Caf\u00e9s das Matas de Minas - A Not\u00edcia Online\" \/>\n\t\t<meta name=\"twitter:description\" content=\"O Sicoob Credisudeste apoiou o XVI Concurso Regional de Qualidade dos Caf\u00e9s das Matas de Minas \u2013 Regi\u00e3o de Muria\u00e9, que encerrou durante cerim\u00f4nia solene na manh\u00e3 da \u00faltima quinta-feira (19), no restaurante do SESC da cidade. Ap\u00f3s a abertura oficial, a programa\u00e7\u00e3o contou com uma palestra com o tema \u201cQualidade dos Caf\u00e9s da Safra\" \/>\n\t\t<meta name=\"twitter:image\" content=\"https:\/\/scontent-gig4-1.xx.fbcdn.net\/v\/t39.30808-1\/270437624_4564083193639691_6907940295614233970_n.jpg?stp=dst-jpg_s200x200_tt6&amp;_nc_cat=111&amp;ccb=1-7&amp;_nc_sid=f907e8&amp;_nc_ohc=SM1wRlP3lJwQ7kNvwEPuBYA&amp;_nc_oc=AdnqrjDN_BNjSSHWO-GbkIWH6fkGMLw4bqvL_NH6e2wMveX7G-rP2dAqsDSq1mJMOaY&amp;_nc_zt=24&amp;_nc_ht=scontent-gig4-1.xx&amp;_nc_gid=AoBFJeGrT1hVaew_6rchkQ&amp;oh=00_AfX7QmFGhQhG2jAllVgXCiM1ZrWgvtp80-Bfppyexh1QEg&amp;oe=689E923C\" \/>\n\t\t<script type=\"application\/ld+json\" class=\"aioseo-schema\">\n\t\t\t{\"@context\":\"https:\\\/\\\/schema.org\",\"@graph\":[{\"@type\":\"BlogPosting\",\"@id\":\"https:\\\/\\\/anoticiaonline.com.br\\\/site\\\/sicoob-credisudeste-apoia-o-xvi-concurso-regional-de-qualidade-dos-cafes-das-matas-de-minas\\\/#blogposting\",\"name\":\"Sicoob Credisudeste apoia o XVI Concurso Regional de Qualidade dos Caf\\u00e9s das Matas de Minas - A Not\\u00edcia Online\",\"headline\":\"Sicoob Credisudeste apoia o XVI Concurso Regional de Qualidade dos Caf\\u00e9s das Matas de Minas\",\"author\":{\"@id\":\"https:\\\/\\\/anoticiaonline.com.br\\\/site\\\/author\\\/juliana\\\/#author\"},\"publisher\":{\"@id\":\"https:\\\/\\\/anoticiaonline.com.br\\\/site\\\/#organization\"},\"image\":{\"@type\":\"ImageObject\",\"url\":\"https:\\\/\\\/anoticiaonline.com.br\\\/site\\\/wp-content\\\/uploads\\\/2017\\\/10\\\/DSC_0005.jpg\",\"width\":640,\"height\":427},\"datePublished\":\"2017-10-27T11:04:00-03:00\",\"dateModified\":\"2017-10-27T11:18:45-03:00\",\"inLanguage\":\"pt-BR\",\"mainEntityOfPage\":{\"@id\":\"https:\\\/\\\/anoticiaonline.com.br\\\/site\\\/sicoob-credisudeste-apoia-o-xvi-concurso-regional-de-qualidade-dos-cafes-das-matas-de-minas\\\/#webpage\"},\"isPartOf\":{\"@id\":\"https:\\\/\\\/anoticiaonline.com.br\\\/site\\\/sicoob-credisudeste-apoia-o-xvi-concurso-regional-de-qualidade-dos-cafes-das-matas-de-minas\\\/#webpage\"},\"articleSection\":\"Gerais, Regi\\u00e3o, Concurso Regional, Emater, Matas de Minas, Qualidade dos Caf\\u00e9s, SICOOB\\u00a0 CREDISUDESTE, XVI Concurso Regional de Qualidade dos Caf\\u00e9s das Matas de Minas\"},{\"@type\":\"BreadcrumbList\",\"@id\":\"https:\\\/\\\/anoticiaonline.com.br\\\/site\\\/sicoob-credisudeste-apoia-o-xvi-concurso-regional-de-qualidade-dos-cafes-das-matas-de-minas\\\/#breadcrumblist\",\"itemListElement\":[{\"@type\":\"ListItem\",\"@id\":\"https:\\\/\\\/anoticiaonline.com.br\\\/site#listItem\",\"position\":1,\"name\":\"Home\",\"item\":\"https:\\\/\\\/anoticiaonline.com.br\\\/site\",\"nextItem\":{\"@type\":\"ListItem\",\"@id\":\"https:\\\/\\\/anoticiaonline.com.br\\\/site\\\/categoria\\\/gerais\\\/#listItem\",\"name\":\"Gerais\"}},{\"@type\":\"ListItem\",\"@id\":\"https:\\\/\\\/anoticiaonline.com.br\\\/site\\\/categoria\\\/gerais\\\/#listItem\",\"position\":2,\"name\":\"Gerais\",\"item\":\"https:\\\/\\\/anoticiaonline.com.br\\\/site\\\/categoria\\\/gerais\\\/\",\"nextItem\":{\"@type\":\"ListItem\",\"@id\":\"https:\\\/\\\/anoticiaonline.com.br\\\/site\\\/sicoob-credisudeste-apoia-o-xvi-concurso-regional-de-qualidade-dos-cafes-das-matas-de-minas\\\/#listItem\",\"name\":\"Sicoob Credisudeste apoia o XVI Concurso Regional de Qualidade dos Caf\\u00e9s das Matas de Minas\"},\"previousItem\":{\"@type\":\"ListItem\",\"@id\":\"https:\\\/\\\/anoticiaonline.com.br\\\/site#listItem\",\"name\":\"Home\"}},{\"@type\":\"ListItem\",\"@id\":\"https:\\\/\\\/anoticiaonline.com.br\\\/site\\\/sicoob-credisudeste-apoia-o-xvi-concurso-regional-de-qualidade-dos-cafes-das-matas-de-minas\\\/#listItem\",\"position\":3,\"name\":\"Sicoob Credisudeste apoia o XVI Concurso Regional de Qualidade dos Caf\\u00e9s das Matas de Minas\",\"previousItem\":{\"@type\":\"ListItem\",\"@id\":\"https:\\\/\\\/anoticiaonline.com.br\\\/site\\\/categoria\\\/gerais\\\/#listItem\",\"name\":\"Gerais\"}}]},{\"@type\":\"Organization\",\"@id\":\"https:\\\/\\\/anoticiaonline.com.br\\\/site\\\/#organization\",\"name\":\"A Not\\u00edcia Online\",\"description\":\"Noticias de Muria\\u00e9 e regi\\u00e3o\",\"url\":\"https:\\\/\\\/anoticiaonline.com.br\\\/site\\\/\",\"logo\":{\"@type\":\"ImageObject\",\"url\":\"https:\\\/\\\/scontent-gig4-1.xx.fbcdn.net\\\/v\\\/t39.30808-1\\\/270437624_4564083193639691_6907940295614233970_n.jpg?stp=dst-jpg_s200x200_tt6&_nc_cat=111&ccb=1-7&_nc_sid=f907e8&_nc_ohc=SM1wRlP3lJwQ7kNvwEPuBYA&_nc_oc=AdnqrjDN_BNjSSHWO-GbkIWH6fkGMLw4bqvL_NH6e2wMveX7G-rP2dAqsDSq1mJMOaY&_nc_zt=24&_nc_ht=scontent-gig4-1.xx&_nc_gid=AoBFJeGrT1hVaew_6rchkQ&oh=00_AfX7QmFGhQhG2jAllVgXCiM1ZrWgvtp80-Bfppyexh1QEg&oe=689E923C\",\"@id\":\"https:\\\/\\\/anoticiaonline.com.br\\\/site\\\/sicoob-credisudeste-apoia-o-xvi-concurso-regional-de-qualidade-dos-cafes-das-matas-de-minas\\\/#organizationLogo\"},\"image\":{\"@id\":\"https:\\\/\\\/anoticiaonline.com.br\\\/site\\\/sicoob-credisudeste-apoia-o-xvi-concurso-regional-de-qualidade-dos-cafes-das-matas-de-minas\\\/#organizationLogo\"}},{\"@type\":\"Person\",\"@id\":\"https:\\\/\\\/anoticiaonline.com.br\\\/site\\\/author\\\/juliana\\\/#author\",\"url\":\"https:\\\/\\\/anoticiaonline.com.br\\\/site\\\/author\\\/juliana\\\/\",\"name\":\"Juliana Laviola\",\"image\":{\"@type\":\"ImageObject\",\"@id\":\"https:\\\/\\\/anoticiaonline.com.br\\\/site\\\/sicoob-credisudeste-apoia-o-xvi-concurso-regional-de-qualidade-dos-cafes-das-matas-de-minas\\\/#authorImage\",\"url\":\"https:\\\/\\\/secure.gravatar.com\\\/avatar\\\/b8d45f5c699b100dfaf0e543582f38f38bf94cb7ae3a5e9abf8d891a34773335?s=96&d=mm&r=g\",\"width\":96,\"height\":96,\"caption\":\"Juliana Laviola\"}},{\"@type\":\"WebPage\",\"@id\":\"https:\\\/\\\/anoticiaonline.com.br\\\/site\\\/sicoob-credisudeste-apoia-o-xvi-concurso-regional-de-qualidade-dos-cafes-das-matas-de-minas\\\/#webpage\",\"url\":\"https:\\\/\\\/anoticiaonline.com.br\\\/site\\\/sicoob-credisudeste-apoia-o-xvi-concurso-regional-de-qualidade-dos-cafes-das-matas-de-minas\\\/\",\"name\":\"Sicoob Credisudeste apoia o XVI Concurso Regional de Qualidade dos Caf\\u00e9s das Matas de Minas - A Not\\u00edcia Online\",\"description\":\"O Sicoob Credisudeste apoiou o XVI Concurso Regional de Qualidade dos Caf\\u00e9s das Matas de Minas \\u2013 Regi\\u00e3o de Muria\\u00e9, que encerrou durante cerim\\u00f4nia solene na manh\\u00e3 da \\u00faltima quinta-feira (19), no restaurante do SESC da cidade. Ap\\u00f3s a abertura oficial, a programa\\u00e7\\u00e3o contou com uma palestra com o tema \\u201cQualidade dos Caf\\u00e9s da Safra\",\"inLanguage\":\"pt-BR\",\"isPartOf\":{\"@id\":\"https:\\\/\\\/anoticiaonline.com.br\\\/site\\\/#website\"},\"breadcrumb\":{\"@id\":\"https:\\\/\\\/anoticiaonline.com.br\\\/site\\\/sicoob-credisudeste-apoia-o-xvi-concurso-regional-de-qualidade-dos-cafes-das-matas-de-minas\\\/#breadcrumblist\"},\"author\":{\"@id\":\"https:\\\/\\\/anoticiaonline.com.br\\\/site\\\/author\\\/juliana\\\/#author\"},\"creator\":{\"@id\":\"https:\\\/\\\/anoticiaonline.com.br\\\/site\\\/author\\\/juliana\\\/#author\"},\"image\":{\"@type\":\"ImageObject\",\"url\":\"https:\\\/\\\/anoticiaonline.com.br\\\/site\\\/wp-content\\\/uploads\\\/2017\\\/10\\\/DSC_0005.jpg\",\"@id\":\"https:\\\/\\\/anoticiaonline.com.br\\\/site\\\/sicoob-credisudeste-apoia-o-xvi-concurso-regional-de-qualidade-dos-cafes-das-matas-de-minas\\\/#mainImage\",\"width\":640,\"height\":427},\"primaryImageOfPage\":{\"@id\":\"https:\\\/\\\/anoticiaonline.com.br\\\/site\\\/sicoob-credisudeste-apoia-o-xvi-concurso-regional-de-qualidade-dos-cafes-das-matas-de-minas\\\/#mainImage\"},\"datePublished\":\"2017-10-27T11:04:00-03:00\",\"dateModified\":\"2017-10-27T11:18:45-03:00\"},{\"@type\":\"WebSite\",\"@id\":\"https:\\\/\\\/anoticiaonline.com.br\\\/site\\\/#website\",\"url\":\"https:\\\/\\\/anoticiaonline.com.br\\\/site\\\/\",\"name\":\"A Not\\u00edcia Online\",\"description\":\"Noticias de Muria\\u00e9 e regi\\u00e3o\",\"inLanguage\":\"pt-BR\",\"publisher\":{\"@id\":\"https:\\\/\\\/anoticiaonline.com.br\\\/site\\\/#organization\"}}]}\n\t\t<\/script>\n\t\t<!-- All in One SEO -->\n\n","aioseo_head_json":{"title":"Sicoob Credisudeste apoia o XVI Concurso Regional de Qualidade dos Caf\u00e9s das Matas de Minas - A Not\u00edcia Online","description":"O Sicoob Credisudeste apoiou o XVI Concurso Regional de Qualidade dos Caf\u00e9s das Matas de Minas \u2013 Regi\u00e3o de Muria\u00e9, que encerrou durante cerim\u00f4nia solene na manh\u00e3 da \u00faltima quinta-feira (19), no restaurante do SESC da cidade. Ap\u00f3s a abertura oficial, a programa\u00e7\u00e3o contou com uma palestra com o tema \u201cQualidade dos Caf\u00e9s da Safra","canonical_url":"https:\/\/anoticiaonline.com.br\/site\/sicoob-credisudeste-apoia-o-xvi-concurso-regional-de-qualidade-dos-cafes-das-matas-de-minas\/","robots":"max-image-preview:large","keywords":"","webmasterTools":{"miscellaneous":""},"schema":{"@context":"https:\/\/schema.org","@graph":[{"@type":"BlogPosting","@id":"https:\/\/anoticiaonline.com.br\/site\/sicoob-credisudeste-apoia-o-xvi-concurso-regional-de-qualidade-dos-cafes-das-matas-de-minas\/#blogposting","name":"Sicoob Credisudeste apoia o XVI Concurso Regional de Qualidade dos Caf\u00e9s das Matas de Minas - A Not\u00edcia Online","headline":"Sicoob Credisudeste apoia o XVI Concurso Regional de Qualidade dos Caf\u00e9s das Matas de Minas","author":{"@id":"https:\/\/anoticiaonline.com.br\/site\/author\/juliana\/#author"},"publisher":{"@id":"https:\/\/anoticiaonline.com.br\/site\/#organization"},"image":{"@type":"ImageObject","url":"https:\/\/anoticiaonline.com.br\/site\/wp-content\/uploads\/2017\/10\/DSC_0005.jpg","width":640,"height":427},"datePublished":"2017-10-27T11:04:00-03:00","dateModified":"2017-10-27T11:18:45-03:00","inLanguage":"pt-BR","mainEntityOfPage":{"@id":"https:\/\/anoticiaonline.com.br\/site\/sicoob-credisudeste-apoia-o-xvi-concurso-regional-de-qualidade-dos-cafes-das-matas-de-minas\/#webpage"},"isPartOf":{"@id":"https:\/\/anoticiaonline.com.br\/site\/sicoob-credisudeste-apoia-o-xvi-concurso-regional-de-qualidade-dos-cafes-das-matas-de-minas\/#webpage"},"articleSection":"Gerais, Regi\u00e3o, Concurso Regional, Emater, Matas de Minas, Qualidade dos Caf\u00e9s, SICOOB\u00a0 CREDISUDESTE, XVI Concurso Regional de Qualidade dos Caf\u00e9s das Matas de Minas"},{"@type":"BreadcrumbList","@id":"https:\/\/anoticiaonline.com.br\/site\/sicoob-credisudeste-apoia-o-xvi-concurso-regional-de-qualidade-dos-cafes-das-matas-de-minas\/#breadcrumblist","itemListElement":[{"@type":"ListItem","@id":"https:\/\/anoticiaonline.com.br\/site#listItem","position":1,"name":"Home","item":"https:\/\/anoticiaonline.com.br\/site","nextItem":{"@type":"ListItem","@id":"https:\/\/anoticiaonline.com.br\/site\/categoria\/gerais\/#listItem","name":"Gerais"}},{"@type":"ListItem","@id":"https:\/\/anoticiaonline.com.br\/site\/categoria\/gerais\/#listItem","position":2,"name":"Gerais","item":"https:\/\/anoticiaonline.com.br\/site\/categoria\/gerais\/","nextItem":{"@type":"ListItem","@id":"https:\/\/anoticiaonline.com.br\/site\/sicoob-credisudeste-apoia-o-xvi-concurso-regional-de-qualidade-dos-cafes-das-matas-de-minas\/#listItem","name":"Sicoob Credisudeste apoia o XVI Concurso Regional de Qualidade dos Caf\u00e9s das Matas de Minas"},"previousItem":{"@type":"ListItem","@id":"https:\/\/anoticiaonline.com.br\/site#listItem","name":"Home"}},{"@type":"ListItem","@id":"https:\/\/anoticiaonline.com.br\/site\/sicoob-credisudeste-apoia-o-xvi-concurso-regional-de-qualidade-dos-cafes-das-matas-de-minas\/#listItem","position":3,"name":"Sicoob Credisudeste apoia o XVI Concurso Regional de Qualidade dos Caf\u00e9s das Matas de Minas","previousItem":{"@type":"ListItem","@id":"https:\/\/anoticiaonline.com.br\/site\/categoria\/gerais\/#listItem","name":"Gerais"}}]},{"@type":"Organization","@id":"https:\/\/anoticiaonline.com.br\/site\/#organization","name":"A Not\u00edcia Online","description":"Noticias de Muria\u00e9 e regi\u00e3o","url":"https:\/\/anoticiaonline.com.br\/site\/","logo":{"@type":"ImageObject","url":"https:\/\/scontent-gig4-1.xx.fbcdn.net\/v\/t39.30808-1\/270437624_4564083193639691_6907940295614233970_n.jpg?stp=dst-jpg_s200x200_tt6&_nc_cat=111&ccb=1-7&_nc_sid=f907e8&_nc_ohc=SM1wRlP3lJwQ7kNvwEPuBYA&_nc_oc=AdnqrjDN_BNjSSHWO-GbkIWH6fkGMLw4bqvL_NH6e2wMveX7G-rP2dAqsDSq1mJMOaY&_nc_zt=24&_nc_ht=scontent-gig4-1.xx&_nc_gid=AoBFJeGrT1hVaew_6rchkQ&oh=00_AfX7QmFGhQhG2jAllVgXCiM1ZrWgvtp80-Bfppyexh1QEg&oe=689E923C","@id":"https:\/\/anoticiaonline.com.br\/site\/sicoob-credisudeste-apoia-o-xvi-concurso-regional-de-qualidade-dos-cafes-das-matas-de-minas\/#organizationLogo"},"image":{"@id":"https:\/\/anoticiaonline.com.br\/site\/sicoob-credisudeste-apoia-o-xvi-concurso-regional-de-qualidade-dos-cafes-das-matas-de-minas\/#organizationLogo"}},{"@type":"Person","@id":"https:\/\/anoticiaonline.com.br\/site\/author\/juliana\/#author","url":"https:\/\/anoticiaonline.com.br\/site\/author\/juliana\/","name":"Juliana Laviola","image":{"@type":"ImageObject","@id":"https:\/\/anoticiaonline.com.br\/site\/sicoob-credisudeste-apoia-o-xvi-concurso-regional-de-qualidade-dos-cafes-das-matas-de-minas\/#authorImage","url":"https:\/\/secure.gravatar.com\/avatar\/b8d45f5c699b100dfaf0e543582f38f38bf94cb7ae3a5e9abf8d891a34773335?s=96&d=mm&r=g","width":96,"height":96,"caption":"Juliana Laviola"}},{"@type":"WebPage","@id":"https:\/\/anoticiaonline.com.br\/site\/sicoob-credisudeste-apoia-o-xvi-concurso-regional-de-qualidade-dos-cafes-das-matas-de-minas\/#webpage","url":"https:\/\/anoticiaonline.com.br\/site\/sicoob-credisudeste-apoia-o-xvi-concurso-regional-de-qualidade-dos-cafes-das-matas-de-minas\/","name":"Sicoob Credisudeste apoia o XVI Concurso Regional de Qualidade dos Caf\u00e9s das Matas de Minas - A Not\u00edcia Online","description":"O Sicoob Credisudeste apoiou o XVI Concurso Regional de Qualidade dos Caf\u00e9s das Matas de Minas \u2013 Regi\u00e3o de Muria\u00e9, que encerrou durante cerim\u00f4nia solene na manh\u00e3 da \u00faltima quinta-feira (19), no restaurante do SESC da cidade. Ap\u00f3s a abertura oficial, a programa\u00e7\u00e3o contou com uma palestra com o tema \u201cQualidade dos Caf\u00e9s da Safra","inLanguage":"pt-BR","isPartOf":{"@id":"https:\/\/anoticiaonline.com.br\/site\/#website"},"breadcrumb":{"@id":"https:\/\/anoticiaonline.com.br\/site\/sicoob-credisudeste-apoia-o-xvi-concurso-regional-de-qualidade-dos-cafes-das-matas-de-minas\/#breadcrumblist"},"author":{"@id":"https:\/\/anoticiaonline.com.br\/site\/author\/juliana\/#author"},"creator":{"@id":"https:\/\/anoticiaonline.com.br\/site\/author\/juliana\/#author"},"image":{"@type":"ImageObject","url":"https:\/\/anoticiaonline.com.br\/site\/wp-content\/uploads\/2017\/10\/DSC_0005.jpg","@id":"https:\/\/anoticiaonline.com.br\/site\/sicoob-credisudeste-apoia-o-xvi-concurso-regional-de-qualidade-dos-cafes-das-matas-de-minas\/#mainImage","width":640,"height":427},"primaryImageOfPage":{"@id":"https:\/\/anoticiaonline.com.br\/site\/sicoob-credisudeste-apoia-o-xvi-concurso-regional-de-qualidade-dos-cafes-das-matas-de-minas\/#mainImage"},"datePublished":"2017-10-27T11:04:00-03:00","dateModified":"2017-10-27T11:18:45-03:00"},{"@type":"WebSite","@id":"https:\/\/anoticiaonline.com.br\/site\/#website","url":"https:\/\/anoticiaonline.com.br\/site\/","name":"A Not\u00edcia Online","description":"Noticias de Muria\u00e9 e regi\u00e3o","inLanguage":"pt-BR","publisher":{"@id":"https:\/\/anoticiaonline.com.br\/site\/#organization"}}]},"og:locale":"pt_BR","og:site_name":"A Not\u00edcia Online - Noticias de Muria\u00e9 e regi\u00e3o","og:type":"article","og:title":"Sicoob Credisudeste apoia o XVI Concurso Regional de Qualidade dos Caf\u00e9s das Matas de Minas - A Not\u00edcia Online","og:description":"O Sicoob Credisudeste apoiou o XVI Concurso Regional de Qualidade dos Caf\u00e9s das Matas de Minas \u2013 Regi\u00e3o de Muria\u00e9, que encerrou durante cerim\u00f4nia solene na manh\u00e3 da \u00faltima quinta-feira (19), no restaurante do SESC da cidade. Ap\u00f3s a abertura oficial, a programa\u00e7\u00e3o contou com uma palestra com o tema \u201cQualidade dos Caf\u00e9s da Safra","og:url":"https:\/\/anoticiaonline.com.br\/site\/sicoob-credisudeste-apoia-o-xvi-concurso-regional-de-qualidade-dos-cafes-das-matas-de-minas\/","og:image":"https:\/\/scontent-gig4-1.xx.fbcdn.net\/v\/t39.30808-1\/270437624_4564083193639691_6907940295614233970_n.jpg?stp=dst-jpg_s200x200_tt6&#038;_nc_cat=111&#038;ccb=1-7&#038;_nc_sid=f907e8&#038;_nc_ohc=SM1wRlP3lJwQ7kNvwEPuBYA&#038;_nc_oc=AdnqrjDN_BNjSSHWO-GbkIWH6fkGMLw4bqvL_NH6e2wMveX7G-rP2dAqsDSq1mJMOaY&#038;_nc_zt=24&#038;_nc_ht=scontent-gig4-1.xx&#038;_nc_gid=AoBFJeGrT1hVaew_6rchkQ&#038;oh=00_AfX7QmFGhQhG2jAllVgXCiM1ZrWgvtp80-Bfppyexh1QEg&#038;oe=689E923C","og:image:secure_url":"https:\/\/scontent-gig4-1.xx.fbcdn.net\/v\/t39.30808-1\/270437624_4564083193639691_6907940295614233970_n.jpg?stp=dst-jpg_s200x200_tt6&#038;_nc_cat=111&#038;ccb=1-7&#038;_nc_sid=f907e8&#038;_nc_ohc=SM1wRlP3lJwQ7kNvwEPuBYA&#038;_nc_oc=AdnqrjDN_BNjSSHWO-GbkIWH6fkGMLw4bqvL_NH6e2wMveX7G-rP2dAqsDSq1mJMOaY&#038;_nc_zt=24&#038;_nc_ht=scontent-gig4-1.xx&#038;_nc_gid=AoBFJeGrT1hVaew_6rchkQ&#038;oh=00_AfX7QmFGhQhG2jAllVgXCiM1ZrWgvtp80-Bfppyexh1QEg&#038;oe=689E923C","article:published_time":"2017-10-27T14:04:00+00:00","article:modified_time":"2017-10-27T14:18:45+00:00","twitter:card":"summary_large_image","twitter:title":"Sicoob Credisudeste apoia o XVI Concurso Regional de Qualidade dos Caf\u00e9s das Matas de Minas - A Not\u00edcia Online","twitter:description":"O Sicoob Credisudeste apoiou o XVI Concurso Regional de Qualidade dos Caf\u00e9s das Matas de Minas \u2013 Regi\u00e3o de Muria\u00e9, que encerrou durante cerim\u00f4nia solene na manh\u00e3 da \u00faltima quinta-feira (19), no restaurante do SESC da cidade. Ap\u00f3s a abertura oficial, a programa\u00e7\u00e3o contou com uma palestra com o tema \u201cQualidade dos Caf\u00e9s da Safra","twitter:image":"https:\/\/scontent-gig4-1.xx.fbcdn.net\/v\/t39.30808-1\/270437624_4564083193639691_6907940295614233970_n.jpg?stp=dst-jpg_s200x200_tt6&_nc_cat=111&ccb=1-7&_nc_sid=f907e8&_nc_ohc=SM1wRlP3lJwQ7kNvwEPuBYA&_nc_oc=AdnqrjDN_BNjSSHWO-GbkIWH6fkGMLw4bqvL_NH6e2wMveX7G-rP2dAqsDSq1mJMOaY&_nc_zt=24&_nc_ht=scontent-gig4-1.xx&_nc_gid=AoBFJeGrT1hVaew_6rchkQ&oh=00_AfX7QmFGhQhG2jAllVgXCiM1ZrWgvtp80-Bfppyexh1QEg&oe=689E923C"},"aioseo_meta_data":{"post_id":"43463","title":null,"description":null,"keywords":null,"keyphrases":null,"primary_term":null,"canonical_url":null,"og_title":null,"og_description":null,"og_object_type":"default","og_image_type":"default","og_image_url":null,"og_image_width":null,"og_image_height":null,"og_image_custom_url":null,"og_image_custom_fields":null,"og_video":null,"og_custom_url":null,"og_article_section":null,"og_article_tags":null,"twitter_use_og":false,"twitter_card":"default","twitter_image_type":"default","twitter_image_url":null,"twitter_image_custom_url":null,"twitter_image_custom_fields":null,"twitter_title":null,"twitter_description":null,"schema":{"blockGraphs":[],"customGraphs":[],"default":{"data":{"Article":[],"Course":[],"Dataset":[],"FAQPage":[],"Movie":[],"Person":[],"Product":[],"ProductReview":[],"Car":[],"Recipe":[],"Service":[],"SoftwareApplication":[],"WebPage":[]},"graphName":"","isEnabled":true},"graphs":[]},"schema_type":"default","schema_type_options":null,"pillar_content":false,"robots_default":true,"robots_noindex":false,"robots_noarchive":false,"robots_nosnippet":false,"robots_nofollow":false,"robots_noimageindex":false,"robots_noodp":false,"robots_notranslate":false,"robots_max_snippet":null,"robots_max_videopreview":null,"robots_max_imagepreview":"large","priority":null,"frequency":null,"local_seo":null,"breadcrumb_settings":null,"limit_modified_date":false,"ai":null,"created":"2025-08-16 19:42:46","updated":"2025-08-16 19:42:46","focus_keyword":null,"additional_keywords":null,"truseo_locale":null,"seo_analyzer_scan_date":null},"aioseo_breadcrumb":"<div class=\"aioseo-breadcrumbs\"><span class=\"aioseo-breadcrumb\">\n\t\t\t<a href=\"https:\/\/anoticiaonline.com.br\/site\" title=\"Home\">Home<\/a>\n\t\t<\/span><span class=\"aioseo-breadcrumb-separator\">&raquo;<\/span><span class=\"aioseo-breadcrumb\">\n\t\t\t<a href=\"https:\/\/anoticiaonline.com.br\/site\/categoria\/gerais\/\" title=\"Gerais\">Gerais<\/a>\n\t\t<\/span><span class=\"aioseo-breadcrumb-separator\">&raquo;<\/span><span class=\"aioseo-breadcrumb\">\n\t\t\tSicoob Credisudeste apoia o XVI Concurso Regional de Qualidade dos Caf\u00e9s das Matas de Minas\n\t\t<\/span><\/div>","aioseo_breadcrumb_json":[{"label":"Home","link":"https:\/\/anoticiaonline.com.br\/site"},{"label":"Gerais","link":"https:\/\/anoticiaonline.com.br\/site\/categoria\/gerais\/"},{"label":"Sicoob Credisudeste apoia o XVI Concurso Regional de Qualidade dos Caf\u00e9s das Matas de Minas","link":"https:\/\/anoticiaonline.com.br\/site\/sicoob-credisudeste-apoia-o-xvi-concurso-regional-de-qualidade-dos-cafes-das-matas-de-minas\/"}],"views":146,"_links":{"self":[{"href":"https:\/\/anoticiaonline.com.br\/site\/wp-json\/wp\/v2\/posts\/43463","targetHints":{"allow":["GET"]}}],"collection":[{"href":"https:\/\/anoticiaonline.com.br\/site\/wp-json\/wp\/v2\/posts"}],"about":[{"href":"https:\/\/anoticiaonline.com.br\/site\/wp-json\/wp\/v2\/types\/post"}],"author":[{"embeddable":true,"href":"https:\/\/anoticiaonline.com.br\/site\/wp-json\/wp\/v2\/users\/2"}],"replies":[{"embeddable":true,"href":"https:\/\/anoticiaonline.com.br\/site\/wp-json\/wp\/v2\/comments?post=43463"}],"version-history":[{"count":0,"href":"https:\/\/anoticiaonline.com.br\/site\/wp-json\/wp\/v2\/posts\/43463\/revisions"}],"wp:featuredmedia":[{"embeddable":true,"href":"https:\/\/anoticiaonline.com.br\/site\/wp-json\/wp\/v2\/media\/43555"}],"wp:attachment":[{"href":"https:\/\/anoticiaonline.com.br\/site\/wp-json\/wp\/v2\/media?parent=43463"}],"wp:term":[{"taxonomy":"category","embeddable":true,"href":"https:\/\/anoticiaonline.com.br\/site\/wp-json\/wp\/v2\/categories?post=43463"},{"taxonomy":"post_tag","embeddable":true,"href":"https:\/\/anoticiaonline.com.br\/site\/wp-json\/wp\/v2\/tags?post=43463"}],"curies":[{"name":"wp","href":"https:\/\/api.w.org\/{rel}","templated":true}]}}