{"id":43436,"date":"2017-10-27T10:46:43","date_gmt":"2017-10-27T13:46:43","guid":{"rendered":"http:\/\/anoticiaonline.com.br\/site\/?p=43436"},"modified":"2017-10-27T10:46:43","modified_gmt":"2017-10-27T13:46:43","slug":"jovem-muriaeense-lanca-livro-a-voz-de-minha-cadeira","status":"publish","type":"post","link":"https:\/\/anoticiaonline.com.br\/site\/jovem-muriaeense-lanca-livro-a-voz-de-minha-cadeira\/","title":{"rendered":"Jovem muriaeense lan\u00e7a livro \u201cA Voz de Minha Cadeira\u201d"},"content":{"rendered":"<p><a href=\"https:\/\/anoticiaonline.com.br\/site\/wp-content\/uploads\/2017\/10\/DSC_0200.jpg\"><img fetchpriority=\"high\" decoding=\"async\" class=\"aligncenter size-full wp-image-43437\" src=\"https:\/\/anoticiaonline.com.br\/site\/wp-content\/uploads\/2017\/10\/DSC_0200.jpg\" alt=\"\" width=\"640\" height=\"426\" srcset=\"https:\/\/anoticiaonline.com.br\/site\/wp-content\/uploads\/2017\/10\/DSC_0200.jpg 640w, https:\/\/anoticiaonline.com.br\/site\/wp-content\/uploads\/2017\/10\/DSC_0200-300x200.jpg 300w\" sizes=\"(max-width: 640px) 100vw, 640px\" \/><\/a> <a href=\"https:\/\/anoticiaonline.com.br\/site\/wp-content\/uploads\/2017\/10\/DSC_0421.jpg\"><img decoding=\"async\" class=\"aligncenter size-full wp-image-43438\" src=\"https:\/\/anoticiaonline.com.br\/site\/wp-content\/uploads\/2017\/10\/DSC_0421.jpg\" alt=\"\" width=\"640\" height=\"426\" srcset=\"https:\/\/anoticiaonline.com.br\/site\/wp-content\/uploads\/2017\/10\/DSC_0421.jpg 640w, https:\/\/anoticiaonline.com.br\/site\/wp-content\/uploads\/2017\/10\/DSC_0421-300x200.jpg 300w\" sizes=\"(max-width: 640px) 100vw, 640px\" \/><\/a>O jovem muriaeense, Vin\u00edcius Andrade Levate, de 18 anos, fez o lan\u00e7amento de seu primeiro livro \u201cA Voz de Minha Cadeira\u201d, na noite de sexta-feira (20), no Teatro Zaccaria Marques.<\/p>\n<p>Na abertura do evento, o jovem cantou, junto com amigos, m\u00fasicas compostas de sua autoria, al\u00e9m de uma can\u00e7\u00e3o da banda Legi\u00e3o Urbana, que emocionou toda a plateia.<\/p>\n<p>Vin\u00edcius, que \u00e9 cadeirante, disse que o livro cont\u00e9m textos de variados estilos, que v\u00e3o dos poemas \u00e0s cr\u00f4nicas, fala sobre as dificuldades enfrentadas pelos cadeirantes e tamb\u00e9m da paix\u00e3o do escritor pelos familiares, amigos, pela vida no campo, pelos cavalos e pela m\u00fasica.<\/p>\n<p>\u201cEstou muito feliz em receber, neste lan\u00e7amento, um p\u00fablico diverso. Sonhava em ver inclus\u00e3o na plateia. Eu fiz uma m\u00fasica para o Gabriel \u00c2ngelo, meu grande amigo, que esteve presente e n\u00e3o se comunica com a voz, mas com o cora\u00e7\u00e3o, com sentimentos. Sinto-me um ativista, pois expresso por ele verbalmente, questionando-o o que seu cora\u00e7\u00e3o tem a dizer. Acredito que ambos sonhamos com a acessibilidade e a mobilidade urbana em Muria\u00e9, principalmente, pela aten\u00e7\u00e3o do Poder P\u00fablico\u201d, conta.<\/p>\n<p>Vin\u00edcius aproveitou para agradecer o apoio dos pais, de sua prima B\u00e1rbara Andrade, toda a fam\u00edlia pelo apoio e disse que j\u00e1 est\u00e1 pensando em sua pr\u00f3xima publica\u00e7\u00e3o. \u201cQuero fazer uma compila\u00e7\u00e3o de outros textos que possuo e public\u00e1-los em breve\u201d, conta.<\/p>\n<p>Vin\u00edcius contou com a ajuda do pai, Carlos Fernando Alves Levate, para escrever os textos. \u201c\u00c9 uma satisfa\u00e7\u00e3o enorme poder realizar o sonho de nosso filho. Aproveitamos a Lei de Incentivo \u00e0 Cultura Alcyr Pires Vermelho para publicar os textos que ele me ditava. S\u00e3o textos maravilhosos que ir\u00e3o emocionar todos os leitores e at\u00e9 incentiv\u00e1-los a fazer aquilo que sempre sonharam, pois a limita\u00e7\u00e3o f\u00edsica do Vin\u00edcius nunca foi um impedimento para ele buscar a felicidade\u201d, diz o pai.<\/p>\n<p>Adriana de Paula Andrade, m\u00e3e do jovem, disse que o filho sempre gostou de inventar hist\u00f3rias e compor can\u00e7\u00f5es desde crian\u00e7a. \u201cFomos arquivando todos os textos e, quando surgiu a oportunidade, resolvemos public\u00e1-los contando com a aprova\u00e7\u00e3o e o incentivo da Lei Alcyr Pires Vermelho. Espero que o Vin\u00edcius seja um exemplo para demais cadeirantes ou qualquer outra pessoa que se sinta limitada e desmotivada a fazer aquilo que realmente gosta\u201d, conta.<\/p>\n<p>O autor pediu aos convidados alimentos n\u00e3o perec\u00edveis para que fossem doados ao Lar Ozanam. Ao final, foram, aproximadamente, 300 kg de alimentos arrecadados.<\/p>\n<p>O livro tem texto de Vin\u00edcius Andrade Levate; proponente, B\u00e1rbara Andrade Torres; corre\u00e7\u00e3o ortogr\u00e1fica de M\u00e1rcia Maria da Silva; fotografia de Flaviano Guin\u00e9; diagrama\u00e7\u00e3o de Mariana Mazzini Soldati Romero e impress\u00e3o da Juizforana Gr\u00e1fica e Editora.<\/p>\n<p><img decoding=\"async\" class=\"ngg_displayed_gallery mceItem\" src=\"https:\/\/anoticiaonline.com.br\/site\/nextgen-attach_to_post\/preview\/id--43461\" \/><\/p>\n","protected":false},"excerpt":{"rendered":"<p>O jovem muriaeense, Vin\u00edcius Andrade Levate, de 18 anos, fez o lan\u00e7amento de seu primeiro livro \u201cA Voz de Minha Cadeira\u201d, na noite de sexta-feira (20), no Teatro Zaccaria Marques. Na abertura do evento, o jovem cantou, junto com amigos, m\u00fasicas compostas de sua autoria, al\u00e9m de uma can\u00e7\u00e3o da banda Legi\u00e3o Urbana, que emocionou &#8230; <a title=\"Jovem muriaeense lan\u00e7a livro \u201cA Voz de Minha Cadeira\u201d\" class=\"read-more\" href=\"https:\/\/anoticiaonline.com.br\/site\/jovem-muriaeense-lanca-livro-a-voz-de-minha-cadeira\/\" aria-label=\"Read more about Jovem muriaeense lan\u00e7a livro \u201cA Voz de Minha Cadeira\u201d\">Ler mais<\/a><\/p>\n","protected":false},"author":2,"featured_media":43437,"comment_status":"open","ping_status":"open","sticky":false,"template":"","format":"standard","meta":{"_acf_changed":false,"_monsterinsights_skip_tracking":false,"footnotes":""},"categories":[1],"tags":[1410,1411,1415,1413,1414,1412],"class_list":["post-43436","post","type-post","status-publish","format-standard","has-post-thumbnail","hentry","category-gerais","tag-a-voz-de-minha-cadeira","tag-jovem-escritor","tag-lancamento-livro","tag-legiao-urbana","tag-teatro-zaccaria-marques","tag-vinicius-andrade-levate"],"acf":[],"aioseo_notices":[],"aioseo_head":"\n\t\t<!-- All in One SEO 5.0.0.1 - aioseo.com -->\n\t<meta name=\"description\" content=\"O jovem muriaeense, Vin\u00edcius Andrade Levate, de 18 anos, fez o lan\u00e7amento de seu primeiro livro \u201cA Voz de Minha Cadeira\u201d, na noite de sexta-feira (20), no Teatro Zaccaria Marques. Na abertura do evento, o jovem cantou, junto com amigos, m\u00fasicas compostas de sua autoria, al\u00e9m de uma can\u00e7\u00e3o da banda Legi\u00e3o Urbana, que emocionou\" \/>\n\t<meta name=\"robots\" content=\"max-image-preview:large\" \/>\n\t<meta name=\"author\" content=\"Juliana Laviola\"\/>\n\t<link rel=\"canonical\" href=\"https:\/\/anoticiaonline.com.br\/site\/jovem-muriaeense-lanca-livro-a-voz-de-minha-cadeira\/\" \/>\n\t<meta name=\"generator\" content=\"All in One SEO (AIOSEO) 5.0.0.1\" \/>\n\t\t<meta property=\"og:locale\" content=\"pt_BR\" \/>\n\t\t<meta property=\"og:site_name\" content=\"A Not\u00edcia Online - Noticias de Muria\u00e9 e regi\u00e3o\" \/>\n\t\t<meta property=\"og:type\" content=\"article\" \/>\n\t\t<meta property=\"og:title\" content=\"Jovem muriaeense lan\u00e7a livro \u201cA Voz de Minha Cadeira\u201d - A Not\u00edcia Online\" \/>\n\t\t<meta property=\"og:description\" content=\"O jovem muriaeense, Vin\u00edcius Andrade Levate, de 18 anos, fez o lan\u00e7amento de seu primeiro livro \u201cA Voz de Minha Cadeira\u201d, na noite de sexta-feira (20), no Teatro Zaccaria Marques. Na abertura do evento, o jovem cantou, junto com amigos, m\u00fasicas compostas de sua autoria, al\u00e9m de uma can\u00e7\u00e3o da banda Legi\u00e3o Urbana, que emocionou\" \/>\n\t\t<meta property=\"og:url\" content=\"https:\/\/anoticiaonline.com.br\/site\/jovem-muriaeense-lanca-livro-a-voz-de-minha-cadeira\/\" \/>\n\t\t<meta property=\"og:image\" content=\"https:\/\/scontent-gig4-1.xx.fbcdn.net\/v\/t39.30808-1\/270437624_4564083193639691_6907940295614233970_n.jpg?stp=dst-jpg_s200x200_tt6&#038;_nc_cat=111&#038;ccb=1-7&#038;_nc_sid=f907e8&#038;_nc_ohc=SM1wRlP3lJwQ7kNvwEPuBYA&#038;_nc_oc=AdnqrjDN_BNjSSHWO-GbkIWH6fkGMLw4bqvL_NH6e2wMveX7G-rP2dAqsDSq1mJMOaY&#038;_nc_zt=24&#038;_nc_ht=scontent-gig4-1.xx&#038;_nc_gid=AoBFJeGrT1hVaew_6rchkQ&#038;oh=00_AfX7QmFGhQhG2jAllVgXCiM1ZrWgvtp80-Bfppyexh1QEg&#038;oe=689E923C\" \/>\n\t\t<meta property=\"og:image:secure_url\" content=\"https:\/\/scontent-gig4-1.xx.fbcdn.net\/v\/t39.30808-1\/270437624_4564083193639691_6907940295614233970_n.jpg?stp=dst-jpg_s200x200_tt6&#038;_nc_cat=111&#038;ccb=1-7&#038;_nc_sid=f907e8&#038;_nc_ohc=SM1wRlP3lJwQ7kNvwEPuBYA&#038;_nc_oc=AdnqrjDN_BNjSSHWO-GbkIWH6fkGMLw4bqvL_NH6e2wMveX7G-rP2dAqsDSq1mJMOaY&#038;_nc_zt=24&#038;_nc_ht=scontent-gig4-1.xx&#038;_nc_gid=AoBFJeGrT1hVaew_6rchkQ&#038;oh=00_AfX7QmFGhQhG2jAllVgXCiM1ZrWgvtp80-Bfppyexh1QEg&#038;oe=689E923C\" \/>\n\t\t<meta property=\"article:published_time\" content=\"2017-10-27T13:46:43+00:00\" \/>\n\t\t<meta property=\"article:modified_time\" content=\"2017-10-27T13:46:43+00:00\" \/>\n\t\t<meta name=\"twitter:card\" content=\"summary_large_image\" \/>\n\t\t<meta name=\"twitter:title\" content=\"Jovem muriaeense lan\u00e7a livro \u201cA Voz de Minha Cadeira\u201d - A Not\u00edcia Online\" \/>\n\t\t<meta name=\"twitter:description\" content=\"O jovem muriaeense, Vin\u00edcius Andrade Levate, de 18 anos, fez o lan\u00e7amento de seu primeiro livro \u201cA Voz de Minha Cadeira\u201d, na noite de sexta-feira (20), no Teatro Zaccaria Marques. Na abertura do evento, o jovem cantou, junto com amigos, m\u00fasicas compostas de sua autoria, al\u00e9m de uma can\u00e7\u00e3o da banda Legi\u00e3o Urbana, que emocionou\" \/>\n\t\t<meta name=\"twitter:image\" content=\"https:\/\/scontent-gig4-1.xx.fbcdn.net\/v\/t39.30808-1\/270437624_4564083193639691_6907940295614233970_n.jpg?stp=dst-jpg_s200x200_tt6&amp;_nc_cat=111&amp;ccb=1-7&amp;_nc_sid=f907e8&amp;_nc_ohc=SM1wRlP3lJwQ7kNvwEPuBYA&amp;_nc_oc=AdnqrjDN_BNjSSHWO-GbkIWH6fkGMLw4bqvL_NH6e2wMveX7G-rP2dAqsDSq1mJMOaY&amp;_nc_zt=24&amp;_nc_ht=scontent-gig4-1.xx&amp;_nc_gid=AoBFJeGrT1hVaew_6rchkQ&amp;oh=00_AfX7QmFGhQhG2jAllVgXCiM1ZrWgvtp80-Bfppyexh1QEg&amp;oe=689E923C\" \/>\n\t\t<script type=\"application\/ld+json\" class=\"aioseo-schema\">\n\t\t\t{\"@context\":\"https:\\\/\\\/schema.org\",\"@graph\":[{\"@type\":\"BlogPosting\",\"@id\":\"https:\\\/\\\/anoticiaonline.com.br\\\/site\\\/jovem-muriaeense-lanca-livro-a-voz-de-minha-cadeira\\\/#blogposting\",\"name\":\"Jovem muriaeense lan\\u00e7a livro \\u201cA Voz de Minha Cadeira\\u201d - A Not\\u00edcia Online\",\"headline\":\"Jovem muriaeense lan\\u00e7a livro \\u201cA Voz de Minha Cadeira\\u201d\",\"author\":{\"@id\":\"https:\\\/\\\/anoticiaonline.com.br\\\/site\\\/author\\\/juliana\\\/#author\"},\"publisher\":{\"@id\":\"https:\\\/\\\/anoticiaonline.com.br\\\/site\\\/#organization\"},\"image\":{\"@type\":\"ImageObject\",\"url\":\"https:\\\/\\\/anoticiaonline.com.br\\\/site\\\/wp-content\\\/uploads\\\/2017\\\/10\\\/DSC_0200.jpg\",\"width\":640,\"height\":426},\"datePublished\":\"2017-10-27T10:46:43-03:00\",\"dateModified\":\"2017-10-27T10:46:43-03:00\",\"inLanguage\":\"pt-BR\",\"mainEntityOfPage\":{\"@id\":\"https:\\\/\\\/anoticiaonline.com.br\\\/site\\\/jovem-muriaeense-lanca-livro-a-voz-de-minha-cadeira\\\/#webpage\"},\"isPartOf\":{\"@id\":\"https:\\\/\\\/anoticiaonline.com.br\\\/site\\\/jovem-muriaeense-lanca-livro-a-voz-de-minha-cadeira\\\/#webpage\"},\"articleSection\":\"Gerais, A Voz de Minha Cadeira, jovem escritor, lan\\u00e7amento livro, Legi\\u00e3o Urbana, Teatro Zaccaria Marques, Vin\\u00edcius Andrade Levate\"},{\"@type\":\"BreadcrumbList\",\"@id\":\"https:\\\/\\\/anoticiaonline.com.br\\\/site\\\/jovem-muriaeense-lanca-livro-a-voz-de-minha-cadeira\\\/#breadcrumblist\",\"itemListElement\":[{\"@type\":\"ListItem\",\"@id\":\"https:\\\/\\\/anoticiaonline.com.br\\\/site#listItem\",\"position\":1,\"name\":\"Home\",\"item\":\"https:\\\/\\\/anoticiaonline.com.br\\\/site\",\"nextItem\":{\"@type\":\"ListItem\",\"@id\":\"https:\\\/\\\/anoticiaonline.com.br\\\/site\\\/categoria\\\/gerais\\\/#listItem\",\"name\":\"Gerais\"}},{\"@type\":\"ListItem\",\"@id\":\"https:\\\/\\\/anoticiaonline.com.br\\\/site\\\/categoria\\\/gerais\\\/#listItem\",\"position\":2,\"name\":\"Gerais\",\"item\":\"https:\\\/\\\/anoticiaonline.com.br\\\/site\\\/categoria\\\/gerais\\\/\",\"nextItem\":{\"@type\":\"ListItem\",\"@id\":\"https:\\\/\\\/anoticiaonline.com.br\\\/site\\\/jovem-muriaeense-lanca-livro-a-voz-de-minha-cadeira\\\/#listItem\",\"name\":\"Jovem muriaeense lan\\u00e7a livro \\u201cA Voz de Minha Cadeira\\u201d\"},\"previousItem\":{\"@type\":\"ListItem\",\"@id\":\"https:\\\/\\\/anoticiaonline.com.br\\\/site#listItem\",\"name\":\"Home\"}},{\"@type\":\"ListItem\",\"@id\":\"https:\\\/\\\/anoticiaonline.com.br\\\/site\\\/jovem-muriaeense-lanca-livro-a-voz-de-minha-cadeira\\\/#listItem\",\"position\":3,\"name\":\"Jovem muriaeense lan\\u00e7a livro \\u201cA Voz de Minha Cadeira\\u201d\",\"previousItem\":{\"@type\":\"ListItem\",\"@id\":\"https:\\\/\\\/anoticiaonline.com.br\\\/site\\\/categoria\\\/gerais\\\/#listItem\",\"name\":\"Gerais\"}}]},{\"@type\":\"Organization\",\"@id\":\"https:\\\/\\\/anoticiaonline.com.br\\\/site\\\/#organization\",\"name\":\"A Not\\u00edcia Online\",\"description\":\"Noticias de Muria\\u00e9 e regi\\u00e3o\",\"url\":\"https:\\\/\\\/anoticiaonline.com.br\\\/site\\\/\",\"logo\":{\"@type\":\"ImageObject\",\"url\":\"https:\\\/\\\/scontent-gig4-1.xx.fbcdn.net\\\/v\\\/t39.30808-1\\\/270437624_4564083193639691_6907940295614233970_n.jpg?stp=dst-jpg_s200x200_tt6&_nc_cat=111&ccb=1-7&_nc_sid=f907e8&_nc_ohc=SM1wRlP3lJwQ7kNvwEPuBYA&_nc_oc=AdnqrjDN_BNjSSHWO-GbkIWH6fkGMLw4bqvL_NH6e2wMveX7G-rP2dAqsDSq1mJMOaY&_nc_zt=24&_nc_ht=scontent-gig4-1.xx&_nc_gid=AoBFJeGrT1hVaew_6rchkQ&oh=00_AfX7QmFGhQhG2jAllVgXCiM1ZrWgvtp80-Bfppyexh1QEg&oe=689E923C\",\"@id\":\"https:\\\/\\\/anoticiaonline.com.br\\\/site\\\/jovem-muriaeense-lanca-livro-a-voz-de-minha-cadeira\\\/#organizationLogo\"},\"image\":{\"@id\":\"https:\\\/\\\/anoticiaonline.com.br\\\/site\\\/jovem-muriaeense-lanca-livro-a-voz-de-minha-cadeira\\\/#organizationLogo\"}},{\"@type\":\"Person\",\"@id\":\"https:\\\/\\\/anoticiaonline.com.br\\\/site\\\/author\\\/juliana\\\/#author\",\"url\":\"https:\\\/\\\/anoticiaonline.com.br\\\/site\\\/author\\\/juliana\\\/\",\"name\":\"Juliana Laviola\",\"image\":{\"@type\":\"ImageObject\",\"@id\":\"https:\\\/\\\/anoticiaonline.com.br\\\/site\\\/jovem-muriaeense-lanca-livro-a-voz-de-minha-cadeira\\\/#authorImage\",\"url\":\"https:\\\/\\\/secure.gravatar.com\\\/avatar\\\/b8d45f5c699b100dfaf0e543582f38f38bf94cb7ae3a5e9abf8d891a34773335?s=96&d=mm&r=g\",\"width\":96,\"height\":96,\"caption\":\"Juliana Laviola\"}},{\"@type\":\"WebPage\",\"@id\":\"https:\\\/\\\/anoticiaonline.com.br\\\/site\\\/jovem-muriaeense-lanca-livro-a-voz-de-minha-cadeira\\\/#webpage\",\"url\":\"https:\\\/\\\/anoticiaonline.com.br\\\/site\\\/jovem-muriaeense-lanca-livro-a-voz-de-minha-cadeira\\\/\",\"name\":\"Jovem muriaeense lan\\u00e7a livro \\u201cA Voz de Minha Cadeira\\u201d - A Not\\u00edcia Online\",\"description\":\"O jovem muriaeense, Vin\\u00edcius Andrade Levate, de 18 anos, fez o lan\\u00e7amento de seu primeiro livro \\u201cA Voz de Minha Cadeira\\u201d, na noite de sexta-feira (20), no Teatro Zaccaria Marques. Na abertura do evento, o jovem cantou, junto com amigos, m\\u00fasicas compostas de sua autoria, al\\u00e9m de uma can\\u00e7\\u00e3o da banda Legi\\u00e3o Urbana, que emocionou\",\"inLanguage\":\"pt-BR\",\"isPartOf\":{\"@id\":\"https:\\\/\\\/anoticiaonline.com.br\\\/site\\\/#website\"},\"breadcrumb\":{\"@id\":\"https:\\\/\\\/anoticiaonline.com.br\\\/site\\\/jovem-muriaeense-lanca-livro-a-voz-de-minha-cadeira\\\/#breadcrumblist\"},\"author\":{\"@id\":\"https:\\\/\\\/anoticiaonline.com.br\\\/site\\\/author\\\/juliana\\\/#author\"},\"creator\":{\"@id\":\"https:\\\/\\\/anoticiaonline.com.br\\\/site\\\/author\\\/juliana\\\/#author\"},\"image\":{\"@type\":\"ImageObject\",\"url\":\"https:\\\/\\\/anoticiaonline.com.br\\\/site\\\/wp-content\\\/uploads\\\/2017\\\/10\\\/DSC_0200.jpg\",\"@id\":\"https:\\\/\\\/anoticiaonline.com.br\\\/site\\\/jovem-muriaeense-lanca-livro-a-voz-de-minha-cadeira\\\/#mainImage\",\"width\":640,\"height\":426},\"primaryImageOfPage\":{\"@id\":\"https:\\\/\\\/anoticiaonline.com.br\\\/site\\\/jovem-muriaeense-lanca-livro-a-voz-de-minha-cadeira\\\/#mainImage\"},\"datePublished\":\"2017-10-27T10:46:43-03:00\",\"dateModified\":\"2017-10-27T10:46:43-03:00\"},{\"@type\":\"WebSite\",\"@id\":\"https:\\\/\\\/anoticiaonline.com.br\\\/site\\\/#website\",\"url\":\"https:\\\/\\\/anoticiaonline.com.br\\\/site\\\/\",\"name\":\"A Not\\u00edcia Online\",\"description\":\"Noticias de Muria\\u00e9 e regi\\u00e3o\",\"inLanguage\":\"pt-BR\",\"publisher\":{\"@id\":\"https:\\\/\\\/anoticiaonline.com.br\\\/site\\\/#organization\"}}]}\n\t\t<\/script>\n\t\t<!-- All in One SEO -->\n\n","aioseo_head_json":{"title":"Jovem muriaeense lan\u00e7a livro \u201cA Voz de Minha Cadeira\u201d - A Not\u00edcia Online","description":"O jovem muriaeense, Vin\u00edcius Andrade Levate, de 18 anos, fez o lan\u00e7amento de seu primeiro livro \u201cA Voz de Minha Cadeira\u201d, na noite de sexta-feira (20), no Teatro Zaccaria Marques. Na abertura do evento, o jovem cantou, junto com amigos, m\u00fasicas compostas de sua autoria, al\u00e9m de uma can\u00e7\u00e3o da banda Legi\u00e3o Urbana, que emocionou","canonical_url":"https:\/\/anoticiaonline.com.br\/site\/jovem-muriaeense-lanca-livro-a-voz-de-minha-cadeira\/","robots":"max-image-preview:large","keywords":"","webmasterTools":{"miscellaneous":""},"schema":{"@context":"https:\/\/schema.org","@graph":[{"@type":"BlogPosting","@id":"https:\/\/anoticiaonline.com.br\/site\/jovem-muriaeense-lanca-livro-a-voz-de-minha-cadeira\/#blogposting","name":"Jovem muriaeense lan\u00e7a livro \u201cA Voz de Minha Cadeira\u201d - A Not\u00edcia Online","headline":"Jovem muriaeense lan\u00e7a livro \u201cA Voz de Minha Cadeira\u201d","author":{"@id":"https:\/\/anoticiaonline.com.br\/site\/author\/juliana\/#author"},"publisher":{"@id":"https:\/\/anoticiaonline.com.br\/site\/#organization"},"image":{"@type":"ImageObject","url":"https:\/\/anoticiaonline.com.br\/site\/wp-content\/uploads\/2017\/10\/DSC_0200.jpg","width":640,"height":426},"datePublished":"2017-10-27T10:46:43-03:00","dateModified":"2017-10-27T10:46:43-03:00","inLanguage":"pt-BR","mainEntityOfPage":{"@id":"https:\/\/anoticiaonline.com.br\/site\/jovem-muriaeense-lanca-livro-a-voz-de-minha-cadeira\/#webpage"},"isPartOf":{"@id":"https:\/\/anoticiaonline.com.br\/site\/jovem-muriaeense-lanca-livro-a-voz-de-minha-cadeira\/#webpage"},"articleSection":"Gerais, A Voz de Minha Cadeira, jovem escritor, lan\u00e7amento livro, Legi\u00e3o Urbana, Teatro Zaccaria Marques, Vin\u00edcius Andrade Levate"},{"@type":"BreadcrumbList","@id":"https:\/\/anoticiaonline.com.br\/site\/jovem-muriaeense-lanca-livro-a-voz-de-minha-cadeira\/#breadcrumblist","itemListElement":[{"@type":"ListItem","@id":"https:\/\/anoticiaonline.com.br\/site#listItem","position":1,"name":"Home","item":"https:\/\/anoticiaonline.com.br\/site","nextItem":{"@type":"ListItem","@id":"https:\/\/anoticiaonline.com.br\/site\/categoria\/gerais\/#listItem","name":"Gerais"}},{"@type":"ListItem","@id":"https:\/\/anoticiaonline.com.br\/site\/categoria\/gerais\/#listItem","position":2,"name":"Gerais","item":"https:\/\/anoticiaonline.com.br\/site\/categoria\/gerais\/","nextItem":{"@type":"ListItem","@id":"https:\/\/anoticiaonline.com.br\/site\/jovem-muriaeense-lanca-livro-a-voz-de-minha-cadeira\/#listItem","name":"Jovem muriaeense lan\u00e7a livro \u201cA Voz de Minha Cadeira\u201d"},"previousItem":{"@type":"ListItem","@id":"https:\/\/anoticiaonline.com.br\/site#listItem","name":"Home"}},{"@type":"ListItem","@id":"https:\/\/anoticiaonline.com.br\/site\/jovem-muriaeense-lanca-livro-a-voz-de-minha-cadeira\/#listItem","position":3,"name":"Jovem muriaeense lan\u00e7a livro \u201cA Voz de Minha Cadeira\u201d","previousItem":{"@type":"ListItem","@id":"https:\/\/anoticiaonline.com.br\/site\/categoria\/gerais\/#listItem","name":"Gerais"}}]},{"@type":"Organization","@id":"https:\/\/anoticiaonline.com.br\/site\/#organization","name":"A Not\u00edcia Online","description":"Noticias de Muria\u00e9 e regi\u00e3o","url":"https:\/\/anoticiaonline.com.br\/site\/","logo":{"@type":"ImageObject","url":"https:\/\/scontent-gig4-1.xx.fbcdn.net\/v\/t39.30808-1\/270437624_4564083193639691_6907940295614233970_n.jpg?stp=dst-jpg_s200x200_tt6&_nc_cat=111&ccb=1-7&_nc_sid=f907e8&_nc_ohc=SM1wRlP3lJwQ7kNvwEPuBYA&_nc_oc=AdnqrjDN_BNjSSHWO-GbkIWH6fkGMLw4bqvL_NH6e2wMveX7G-rP2dAqsDSq1mJMOaY&_nc_zt=24&_nc_ht=scontent-gig4-1.xx&_nc_gid=AoBFJeGrT1hVaew_6rchkQ&oh=00_AfX7QmFGhQhG2jAllVgXCiM1ZrWgvtp80-Bfppyexh1QEg&oe=689E923C","@id":"https:\/\/anoticiaonline.com.br\/site\/jovem-muriaeense-lanca-livro-a-voz-de-minha-cadeira\/#organizationLogo"},"image":{"@id":"https:\/\/anoticiaonline.com.br\/site\/jovem-muriaeense-lanca-livro-a-voz-de-minha-cadeira\/#organizationLogo"}},{"@type":"Person","@id":"https:\/\/anoticiaonline.com.br\/site\/author\/juliana\/#author","url":"https:\/\/anoticiaonline.com.br\/site\/author\/juliana\/","name":"Juliana Laviola","image":{"@type":"ImageObject","@id":"https:\/\/anoticiaonline.com.br\/site\/jovem-muriaeense-lanca-livro-a-voz-de-minha-cadeira\/#authorImage","url":"https:\/\/secure.gravatar.com\/avatar\/b8d45f5c699b100dfaf0e543582f38f38bf94cb7ae3a5e9abf8d891a34773335?s=96&d=mm&r=g","width":96,"height":96,"caption":"Juliana Laviola"}},{"@type":"WebPage","@id":"https:\/\/anoticiaonline.com.br\/site\/jovem-muriaeense-lanca-livro-a-voz-de-minha-cadeira\/#webpage","url":"https:\/\/anoticiaonline.com.br\/site\/jovem-muriaeense-lanca-livro-a-voz-de-minha-cadeira\/","name":"Jovem muriaeense lan\u00e7a livro \u201cA Voz de Minha Cadeira\u201d - A Not\u00edcia Online","description":"O jovem muriaeense, Vin\u00edcius Andrade Levate, de 18 anos, fez o lan\u00e7amento de seu primeiro livro \u201cA Voz de Minha Cadeira\u201d, na noite de sexta-feira (20), no Teatro Zaccaria Marques. Na abertura do evento, o jovem cantou, junto com amigos, m\u00fasicas compostas de sua autoria, al\u00e9m de uma can\u00e7\u00e3o da banda Legi\u00e3o Urbana, que emocionou","inLanguage":"pt-BR","isPartOf":{"@id":"https:\/\/anoticiaonline.com.br\/site\/#website"},"breadcrumb":{"@id":"https:\/\/anoticiaonline.com.br\/site\/jovem-muriaeense-lanca-livro-a-voz-de-minha-cadeira\/#breadcrumblist"},"author":{"@id":"https:\/\/anoticiaonline.com.br\/site\/author\/juliana\/#author"},"creator":{"@id":"https:\/\/anoticiaonline.com.br\/site\/author\/juliana\/#author"},"image":{"@type":"ImageObject","url":"https:\/\/anoticiaonline.com.br\/site\/wp-content\/uploads\/2017\/10\/DSC_0200.jpg","@id":"https:\/\/anoticiaonline.com.br\/site\/jovem-muriaeense-lanca-livro-a-voz-de-minha-cadeira\/#mainImage","width":640,"height":426},"primaryImageOfPage":{"@id":"https:\/\/anoticiaonline.com.br\/site\/jovem-muriaeense-lanca-livro-a-voz-de-minha-cadeira\/#mainImage"},"datePublished":"2017-10-27T10:46:43-03:00","dateModified":"2017-10-27T10:46:43-03:00"},{"@type":"WebSite","@id":"https:\/\/anoticiaonline.com.br\/site\/#website","url":"https:\/\/anoticiaonline.com.br\/site\/","name":"A Not\u00edcia Online","description":"Noticias de Muria\u00e9 e regi\u00e3o","inLanguage":"pt-BR","publisher":{"@id":"https:\/\/anoticiaonline.com.br\/site\/#organization"}}]},"og:locale":"pt_BR","og:site_name":"A Not\u00edcia Online - Noticias de Muria\u00e9 e regi\u00e3o","og:type":"article","og:title":"Jovem muriaeense lan\u00e7a livro \u201cA Voz de Minha Cadeira\u201d - A Not\u00edcia Online","og:description":"O jovem muriaeense, Vin\u00edcius Andrade Levate, de 18 anos, fez o lan\u00e7amento de seu primeiro livro \u201cA Voz de Minha Cadeira\u201d, na noite de sexta-feira (20), no Teatro Zaccaria Marques. Na abertura do evento, o jovem cantou, junto com amigos, m\u00fasicas compostas de sua autoria, al\u00e9m de uma can\u00e7\u00e3o da banda Legi\u00e3o Urbana, que emocionou","og:url":"https:\/\/anoticiaonline.com.br\/site\/jovem-muriaeense-lanca-livro-a-voz-de-minha-cadeira\/","og:image":"https:\/\/scontent-gig4-1.xx.fbcdn.net\/v\/t39.30808-1\/270437624_4564083193639691_6907940295614233970_n.jpg?stp=dst-jpg_s200x200_tt6&#038;_nc_cat=111&#038;ccb=1-7&#038;_nc_sid=f907e8&#038;_nc_ohc=SM1wRlP3lJwQ7kNvwEPuBYA&#038;_nc_oc=AdnqrjDN_BNjSSHWO-GbkIWH6fkGMLw4bqvL_NH6e2wMveX7G-rP2dAqsDSq1mJMOaY&#038;_nc_zt=24&#038;_nc_ht=scontent-gig4-1.xx&#038;_nc_gid=AoBFJeGrT1hVaew_6rchkQ&#038;oh=00_AfX7QmFGhQhG2jAllVgXCiM1ZrWgvtp80-Bfppyexh1QEg&#038;oe=689E923C","og:image:secure_url":"https:\/\/scontent-gig4-1.xx.fbcdn.net\/v\/t39.30808-1\/270437624_4564083193639691_6907940295614233970_n.jpg?stp=dst-jpg_s200x200_tt6&#038;_nc_cat=111&#038;ccb=1-7&#038;_nc_sid=f907e8&#038;_nc_ohc=SM1wRlP3lJwQ7kNvwEPuBYA&#038;_nc_oc=AdnqrjDN_BNjSSHWO-GbkIWH6fkGMLw4bqvL_NH6e2wMveX7G-rP2dAqsDSq1mJMOaY&#038;_nc_zt=24&#038;_nc_ht=scontent-gig4-1.xx&#038;_nc_gid=AoBFJeGrT1hVaew_6rchkQ&#038;oh=00_AfX7QmFGhQhG2jAllVgXCiM1ZrWgvtp80-Bfppyexh1QEg&#038;oe=689E923C","article:published_time":"2017-10-27T13:46:43+00:00","article:modified_time":"2017-10-27T13:46:43+00:00","twitter:card":"summary_large_image","twitter:title":"Jovem muriaeense lan\u00e7a livro \u201cA Voz de Minha Cadeira\u201d - A Not\u00edcia Online","twitter:description":"O jovem muriaeense, Vin\u00edcius Andrade Levate, de 18 anos, fez o lan\u00e7amento de seu primeiro livro \u201cA Voz de Minha Cadeira\u201d, na noite de sexta-feira (20), no Teatro Zaccaria Marques. Na abertura do evento, o jovem cantou, junto com amigos, m\u00fasicas compostas de sua autoria, al\u00e9m de uma can\u00e7\u00e3o da banda Legi\u00e3o Urbana, que emocionou","twitter:image":"https:\/\/scontent-gig4-1.xx.fbcdn.net\/v\/t39.30808-1\/270437624_4564083193639691_6907940295614233970_n.jpg?stp=dst-jpg_s200x200_tt6&_nc_cat=111&ccb=1-7&_nc_sid=f907e8&_nc_ohc=SM1wRlP3lJwQ7kNvwEPuBYA&_nc_oc=AdnqrjDN_BNjSSHWO-GbkIWH6fkGMLw4bqvL_NH6e2wMveX7G-rP2dAqsDSq1mJMOaY&_nc_zt=24&_nc_ht=scontent-gig4-1.xx&_nc_gid=AoBFJeGrT1hVaew_6rchkQ&oh=00_AfX7QmFGhQhG2jAllVgXCiM1ZrWgvtp80-Bfppyexh1QEg&oe=689E923C"},"aioseo_meta_data":{"post_id":"43436","title":null,"description":null,"keywords":null,"keyphrases":null,"primary_term":null,"canonical_url":null,"og_title":null,"og_description":null,"og_object_type":"default","og_image_type":"default","og_image_url":null,"og_image_width":null,"og_image_height":null,"og_image_custom_url":null,"og_image_custom_fields":null,"og_video":null,"og_custom_url":null,"og_article_section":null,"og_article_tags":null,"twitter_use_og":false,"twitter_card":"default","twitter_image_type":"default","twitter_image_url":null,"twitter_image_custom_url":null,"twitter_image_custom_fields":null,"twitter_title":null,"twitter_description":null,"schema":{"blockGraphs":[],"customGraphs":[],"default":{"data":{"Article":[],"Course":[],"Dataset":[],"FAQPage":[],"Movie":[],"Person":[],"Product":[],"ProductReview":[],"Car":[],"Recipe":[],"Service":[],"SoftwareApplication":[],"WebPage":[]},"graphName":"","isEnabled":true},"graphs":[]},"schema_type":"default","schema_type_options":null,"pillar_content":false,"robots_default":true,"robots_noindex":false,"robots_noarchive":false,"robots_nosnippet":false,"robots_nofollow":false,"robots_noimageindex":false,"robots_noodp":false,"robots_notranslate":false,"robots_max_snippet":null,"robots_max_videopreview":null,"robots_max_imagepreview":"large","priority":null,"frequency":null,"local_seo":null,"breadcrumb_settings":null,"limit_modified_date":false,"ai":null,"created":"2025-08-16 19:42:46","updated":"2025-08-16 19:42:46","focus_keyword":null,"additional_keywords":null,"truseo_locale":null,"seo_analyzer_scan_date":null},"aioseo_breadcrumb":"<div class=\"aioseo-breadcrumbs\"><span class=\"aioseo-breadcrumb\">\n\t\t\t<a href=\"https:\/\/anoticiaonline.com.br\/site\" title=\"Home\">Home<\/a>\n\t\t<\/span><span class=\"aioseo-breadcrumb-separator\">&raquo;<\/span><span class=\"aioseo-breadcrumb\">\n\t\t\t<a href=\"https:\/\/anoticiaonline.com.br\/site\/categoria\/gerais\/\" title=\"Gerais\">Gerais<\/a>\n\t\t<\/span><span class=\"aioseo-breadcrumb-separator\">&raquo;<\/span><span class=\"aioseo-breadcrumb\">\n\t\t\tJovem muriaeense lan\u00e7a livro \u201cA Voz de Minha Cadeira\u201d\n\t\t<\/span><\/div>","aioseo_breadcrumb_json":[{"label":"Home","link":"https:\/\/anoticiaonline.com.br\/site"},{"label":"Gerais","link":"https:\/\/anoticiaonline.com.br\/site\/categoria\/gerais\/"},{"label":"Jovem muriaeense lan\u00e7a livro \u201cA Voz de Minha Cadeira\u201d","link":"https:\/\/anoticiaonline.com.br\/site\/jovem-muriaeense-lanca-livro-a-voz-de-minha-cadeira\/"}],"views":143,"_links":{"self":[{"href":"https:\/\/anoticiaonline.com.br\/site\/wp-json\/wp\/v2\/posts\/43436","targetHints":{"allow":["GET"]}}],"collection":[{"href":"https:\/\/anoticiaonline.com.br\/site\/wp-json\/wp\/v2\/posts"}],"about":[{"href":"https:\/\/anoticiaonline.com.br\/site\/wp-json\/wp\/v2\/types\/post"}],"author":[{"embeddable":true,"href":"https:\/\/anoticiaonline.com.br\/site\/wp-json\/wp\/v2\/users\/2"}],"replies":[{"embeddable":true,"href":"https:\/\/anoticiaonline.com.br\/site\/wp-json\/wp\/v2\/comments?post=43436"}],"version-history":[{"count":0,"href":"https:\/\/anoticiaonline.com.br\/site\/wp-json\/wp\/v2\/posts\/43436\/revisions"}],"wp:featuredmedia":[{"embeddable":true,"href":"https:\/\/anoticiaonline.com.br\/site\/wp-json\/wp\/v2\/media\/43437"}],"wp:attachment":[{"href":"https:\/\/anoticiaonline.com.br\/site\/wp-json\/wp\/v2\/media?parent=43436"}],"wp:term":[{"taxonomy":"category","embeddable":true,"href":"https:\/\/anoticiaonline.com.br\/site\/wp-json\/wp\/v2\/categories?post=43436"},{"taxonomy":"post_tag","embeddable":true,"href":"https:\/\/anoticiaonline.com.br\/site\/wp-json\/wp\/v2\/tags?post=43436"}],"curies":[{"name":"wp","href":"https:\/\/api.w.org\/{rel}","templated":true}]}}