{"id":43199,"date":"2017-10-27T09:54:40","date_gmt":"2017-10-27T12:54:40","guid":{"rendered":"http:\/\/anoticiaonline.com.br\/site\/?p=43199"},"modified":"2017-10-27T10:13:34","modified_gmt":"2017-10-27T13:13:34","slug":"43199-2","status":"publish","type":"post","link":"https:\/\/anoticiaonline.com.br\/site\/43199-2\/","title":{"rendered":"Casa de M\u00fasica Kids inaugura seu novo espa\u00e7o de musicaliza\u00e7\u00e3o"},"content":{"rendered":"<p><a href=\"https:\/\/anoticiaonline.com.br\/site\/wp-content\/uploads\/2017\/10\/DSC_0737.jpg\"><img fetchpriority=\"high\" decoding=\"async\" class=\"aligncenter size-full wp-image-43203\" src=\"https:\/\/anoticiaonline.com.br\/site\/wp-content\/uploads\/2017\/10\/DSC_0737.jpg\" alt=\"\" width=\"574\" height=\"383\" srcset=\"https:\/\/anoticiaonline.com.br\/site\/wp-content\/uploads\/2017\/10\/DSC_0737.jpg 574w, https:\/\/anoticiaonline.com.br\/site\/wp-content\/uploads\/2017\/10\/DSC_0737-300x200.jpg 300w\" sizes=\"(max-width: 574px) 100vw, 574px\" \/><\/a><a href=\"https:\/\/anoticiaonline.com.br\/site\/wp-content\/uploads\/2017\/10\/DSC_0690.jpg\"><img decoding=\"async\" class=\"aligncenter size-full wp-image-43202\" src=\"https:\/\/anoticiaonline.com.br\/site\/wp-content\/uploads\/2017\/10\/DSC_0690.jpg\" alt=\"\" width=\"640\" height=\"426\" srcset=\"https:\/\/anoticiaonline.com.br\/site\/wp-content\/uploads\/2017\/10\/DSC_0690.jpg 640w, https:\/\/anoticiaonline.com.br\/site\/wp-content\/uploads\/2017\/10\/DSC_0690-300x200.jpg 300w\" sizes=\"(max-width: 640px) 100vw, 640px\" \/><\/a><a href=\"https:\/\/anoticiaonline.com.br\/site\/wp-content\/uploads\/2017\/10\/DSC_0758.jpg\"><img decoding=\"async\" class=\"aligncenter size-full wp-image-43201\" src=\"https:\/\/anoticiaonline.com.br\/site\/wp-content\/uploads\/2017\/10\/DSC_0758.jpg\" alt=\"\" width=\"592\" height=\"394\" srcset=\"https:\/\/anoticiaonline.com.br\/site\/wp-content\/uploads\/2017\/10\/DSC_0758.jpg 592w, https:\/\/anoticiaonline.com.br\/site\/wp-content\/uploads\/2017\/10\/DSC_0758-300x200.jpg 300w\" sizes=\"(max-width: 592px) 100vw, 592px\" \/><\/a><a href=\"https:\/\/anoticiaonline.com.br\/site\/wp-content\/uploads\/2017\/10\/DSC_0542.jpg\"><img loading=\"lazy\" decoding=\"async\" class=\"aligncenter size-full wp-image-43200\" src=\"https:\/\/anoticiaonline.com.br\/site\/wp-content\/uploads\/2017\/10\/DSC_0542.jpg\" alt=\"\" width=\"640\" height=\"427\" srcset=\"https:\/\/anoticiaonline.com.br\/site\/wp-content\/uploads\/2017\/10\/DSC_0542.jpg 640w, https:\/\/anoticiaonline.com.br\/site\/wp-content\/uploads\/2017\/10\/DSC_0542-300x200.jpg 300w\" sizes=\"(max-width: 640px) 100vw, 640px\" \/><\/a>A Casa de M\u00fasica, que funciona h\u00e1 sete anos na cidade, ampliou suas instala\u00e7\u00f5es com a Casa de M\u00fasica Kids, que foi reinaugurada na manh\u00e3 de s\u00e1bado (21), na Pra\u00e7a S\u00e3o Paulo, n\u00famero 115, no centro. Na ocasi\u00e3o crian\u00e7as, acompanhadas de seus pais, participaram de um coffe-break, brincaram, cantaram e conheceram os instrumentos musicais da escola.<\/p>\n<p>A propriet\u00e1ria, Alessandra Faria de Castro Oliveira, disse que a m\u00fasica, quando aplicada a m\u00e9todos l\u00fadicos melhora o processo de aprendizagem da crian\u00e7a, promovendo o desenvolvimento social, afetivo, e cognitivo, al\u00e9m de tornar a crian\u00e7a sens\u00edvel e receptiva aos sons, apresentando o contato com o mundo musical.<\/p>\n<p>\u201cEste \u00e9 o trabalho que desenvolvemos aqui na Casa de M\u00fasica h\u00e1 sete anos, um trabalho inovador com grande parte do repert\u00f3rio autoral. Hoje com o sucesso e reconhecimento das nossas aulas, estamos reinaugurando um novo espa\u00e7o, mais amplo, moderno e confort\u00e1vel para melhor atend\u00ea-los\u201d, diz Alessandra.<\/p>\n<p>A\u00a0<strong>Casa <\/strong><strong>de <\/strong><strong>M\u00fasica<\/strong><strong>\u00a0<\/strong>vem se consolidando como principal casa de musicaliza\u00e7\u00e3o da cidade e, a\u00a0<strong>Casa de M\u00fasica Kids<\/strong>, que \u00e9 sua extens\u00e3o, surgiu h\u00e1 um ano pela necessidade de um trabalho especializado voltado para crian\u00e7as, entre 6 meses e 5 anos de idade.<\/p>\n<p>Informa\u00e7\u00f5es e matr\u00edculas: 32 3728-2720, Pra\u00e7a S\u00e3o Paulo, n\u00famero 115.<\/p>\n<p><img decoding=\"async\" class=\"ngg_displayed_gallery mceItem\" src=\"https:\/\/anoticiaonline.com.br\/site\/nextgen-attach_to_post\/preview\/id--43256\" \/><\/p>\n<p>&nbsp;<\/p>\n","protected":false},"excerpt":{"rendered":"<p>A Casa de M\u00fasica, que funciona h\u00e1 sete anos na cidade, ampliou suas instala\u00e7\u00f5es com a Casa de M\u00fasica Kids, que foi reinaugurada na manh\u00e3 de s\u00e1bado (21), na Pra\u00e7a S\u00e3o Paulo, n\u00famero 115, no centro. Na ocasi\u00e3o crian\u00e7as, acompanhadas de seus pais, participaram de um coffe-break, brincaram, cantaram e conheceram os instrumentos musicais da &#8230; <a title=\"Casa de M\u00fasica Kids inaugura seu novo espa\u00e7o de musicaliza\u00e7\u00e3o\" class=\"read-more\" href=\"https:\/\/anoticiaonline.com.br\/site\/43199-2\/\" aria-label=\"Read more about Casa de M\u00fasica Kids inaugura seu novo espa\u00e7o de musicaliza\u00e7\u00e3o\">Ler mais<\/a><\/p>\n","protected":false},"author":2,"featured_media":43200,"comment_status":"open","ping_status":"open","sticky":false,"template":"","format":"standard","meta":{"_acf_changed":false,"_monsterinsights_skip_tracking":false,"footnotes":""},"categories":[1],"tags":[1397,20,1398,1396],"class_list":["post-43199","post","type-post","status-publish","format-standard","has-post-thumbnail","hentry","category-gerais","tag-casa-de-musica-kids","tag-inauguracao","tag-metodos-ludicos","tag-praca-sao-paulo"],"acf":[],"aioseo_notices":[],"aioseo_head":"\n\t\t<!-- All in One SEO 5.0.0.1 - aioseo.com -->\n\t<meta name=\"description\" content=\"A Casa de M\u00fasica, que funciona h\u00e1 sete anos na cidade, ampliou suas instala\u00e7\u00f5es com a Casa de M\u00fasica Kids, que foi reinaugurada na manh\u00e3 de s\u00e1bado (21), na Pra\u00e7a S\u00e3o Paulo, n\u00famero 115, no centro. Na ocasi\u00e3o crian\u00e7as, acompanhadas de seus pais, participaram de um coffe-break, brincaram, cantaram e conheceram os instrumentos musicais da\" \/>\n\t<meta name=\"robots\" content=\"max-image-preview:large\" \/>\n\t<meta name=\"author\" content=\"Juliana Laviola\"\/>\n\t<link rel=\"canonical\" href=\"https:\/\/anoticiaonline.com.br\/site\/43199-2\/\" \/>\n\t<meta name=\"generator\" content=\"All in One SEO (AIOSEO) 5.0.0.1\" \/>\n\t\t<meta property=\"og:locale\" content=\"pt_BR\" \/>\n\t\t<meta property=\"og:site_name\" content=\"A Not\u00edcia Online - Noticias de Muria\u00e9 e regi\u00e3o\" \/>\n\t\t<meta property=\"og:type\" content=\"article\" \/>\n\t\t<meta property=\"og:title\" content=\"Casa de M\u00fasica Kids inaugura seu novo espa\u00e7o de musicaliza\u00e7\u00e3o - A Not\u00edcia Online\" \/>\n\t\t<meta property=\"og:description\" content=\"A Casa de M\u00fasica, que funciona h\u00e1 sete anos na cidade, ampliou suas instala\u00e7\u00f5es com a Casa de M\u00fasica Kids, que foi reinaugurada na manh\u00e3 de s\u00e1bado (21), na Pra\u00e7a S\u00e3o Paulo, n\u00famero 115, no centro. Na ocasi\u00e3o crian\u00e7as, acompanhadas de seus pais, participaram de um coffe-break, brincaram, cantaram e conheceram os instrumentos musicais da\" \/>\n\t\t<meta property=\"og:url\" content=\"https:\/\/anoticiaonline.com.br\/site\/43199-2\/\" \/>\n\t\t<meta property=\"og:image\" content=\"https:\/\/scontent-gig4-1.xx.fbcdn.net\/v\/t39.30808-1\/270437624_4564083193639691_6907940295614233970_n.jpg?stp=dst-jpg_s200x200_tt6&#038;_nc_cat=111&#038;ccb=1-7&#038;_nc_sid=f907e8&#038;_nc_ohc=SM1wRlP3lJwQ7kNvwEPuBYA&#038;_nc_oc=AdnqrjDN_BNjSSHWO-GbkIWH6fkGMLw4bqvL_NH6e2wMveX7G-rP2dAqsDSq1mJMOaY&#038;_nc_zt=24&#038;_nc_ht=scontent-gig4-1.xx&#038;_nc_gid=AoBFJeGrT1hVaew_6rchkQ&#038;oh=00_AfX7QmFGhQhG2jAllVgXCiM1ZrWgvtp80-Bfppyexh1QEg&#038;oe=689E923C\" \/>\n\t\t<meta property=\"og:image:secure_url\" content=\"https:\/\/scontent-gig4-1.xx.fbcdn.net\/v\/t39.30808-1\/270437624_4564083193639691_6907940295614233970_n.jpg?stp=dst-jpg_s200x200_tt6&#038;_nc_cat=111&#038;ccb=1-7&#038;_nc_sid=f907e8&#038;_nc_ohc=SM1wRlP3lJwQ7kNvwEPuBYA&#038;_nc_oc=AdnqrjDN_BNjSSHWO-GbkIWH6fkGMLw4bqvL_NH6e2wMveX7G-rP2dAqsDSq1mJMOaY&#038;_nc_zt=24&#038;_nc_ht=scontent-gig4-1.xx&#038;_nc_gid=AoBFJeGrT1hVaew_6rchkQ&#038;oh=00_AfX7QmFGhQhG2jAllVgXCiM1ZrWgvtp80-Bfppyexh1QEg&#038;oe=689E923C\" \/>\n\t\t<meta property=\"article:published_time\" content=\"2017-10-27T12:54:40+00:00\" \/>\n\t\t<meta property=\"article:modified_time\" content=\"2017-10-27T13:13:34+00:00\" \/>\n\t\t<meta name=\"twitter:card\" content=\"summary_large_image\" \/>\n\t\t<meta name=\"twitter:title\" content=\"Casa de M\u00fasica Kids inaugura seu novo espa\u00e7o de musicaliza\u00e7\u00e3o - A Not\u00edcia Online\" \/>\n\t\t<meta name=\"twitter:description\" content=\"A Casa de M\u00fasica, que funciona h\u00e1 sete anos na cidade, ampliou suas instala\u00e7\u00f5es com a Casa de M\u00fasica Kids, que foi reinaugurada na manh\u00e3 de s\u00e1bado (21), na Pra\u00e7a S\u00e3o Paulo, n\u00famero 115, no centro. Na ocasi\u00e3o crian\u00e7as, acompanhadas de seus pais, participaram de um coffe-break, brincaram, cantaram e conheceram os instrumentos musicais da\" \/>\n\t\t<meta name=\"twitter:image\" content=\"https:\/\/scontent-gig4-1.xx.fbcdn.net\/v\/t39.30808-1\/270437624_4564083193639691_6907940295614233970_n.jpg?stp=dst-jpg_s200x200_tt6&amp;_nc_cat=111&amp;ccb=1-7&amp;_nc_sid=f907e8&amp;_nc_ohc=SM1wRlP3lJwQ7kNvwEPuBYA&amp;_nc_oc=AdnqrjDN_BNjSSHWO-GbkIWH6fkGMLw4bqvL_NH6e2wMveX7G-rP2dAqsDSq1mJMOaY&amp;_nc_zt=24&amp;_nc_ht=scontent-gig4-1.xx&amp;_nc_gid=AoBFJeGrT1hVaew_6rchkQ&amp;oh=00_AfX7QmFGhQhG2jAllVgXCiM1ZrWgvtp80-Bfppyexh1QEg&amp;oe=689E923C\" \/>\n\t\t<script type=\"application\/ld+json\" class=\"aioseo-schema\">\n\t\t\t{\"@context\":\"https:\\\/\\\/schema.org\",\"@graph\":[{\"@type\":\"BlogPosting\",\"@id\":\"https:\\\/\\\/anoticiaonline.com.br\\\/site\\\/43199-2\\\/#blogposting\",\"name\":\"Casa de M\\u00fasica Kids inaugura seu novo espa\\u00e7o de musicaliza\\u00e7\\u00e3o - A Not\\u00edcia Online\",\"headline\":\"Casa de M\\u00fasica Kids inaugura seu novo espa\\u00e7o de musicaliza\\u00e7\\u00e3o\",\"author\":{\"@id\":\"https:\\\/\\\/anoticiaonline.com.br\\\/site\\\/author\\\/juliana\\\/#author\"},\"publisher\":{\"@id\":\"https:\\\/\\\/anoticiaonline.com.br\\\/site\\\/#organization\"},\"image\":{\"@type\":\"ImageObject\",\"url\":\"https:\\\/\\\/anoticiaonline.com.br\\\/site\\\/wp-content\\\/uploads\\\/2017\\\/10\\\/DSC_0542.jpg\",\"width\":640,\"height\":427},\"datePublished\":\"2017-10-27T09:54:40-03:00\",\"dateModified\":\"2017-10-27T10:13:34-03:00\",\"inLanguage\":\"pt-BR\",\"mainEntityOfPage\":{\"@id\":\"https:\\\/\\\/anoticiaonline.com.br\\\/site\\\/43199-2\\\/#webpage\"},\"isPartOf\":{\"@id\":\"https:\\\/\\\/anoticiaonline.com.br\\\/site\\\/43199-2\\\/#webpage\"},\"articleSection\":\"Gerais, Casa de M\\u00fasica Kids, inauguracao, m\\u00e9todos l\\u00fadicos, Pra\\u00e7a S\\u00e3o Paulo\"},{\"@type\":\"BreadcrumbList\",\"@id\":\"https:\\\/\\\/anoticiaonline.com.br\\\/site\\\/43199-2\\\/#breadcrumblist\",\"itemListElement\":[{\"@type\":\"ListItem\",\"@id\":\"https:\\\/\\\/anoticiaonline.com.br\\\/site#listItem\",\"position\":1,\"name\":\"Home\",\"item\":\"https:\\\/\\\/anoticiaonline.com.br\\\/site\",\"nextItem\":{\"@type\":\"ListItem\",\"@id\":\"https:\\\/\\\/anoticiaonline.com.br\\\/site\\\/categoria\\\/gerais\\\/#listItem\",\"name\":\"Gerais\"}},{\"@type\":\"ListItem\",\"@id\":\"https:\\\/\\\/anoticiaonline.com.br\\\/site\\\/categoria\\\/gerais\\\/#listItem\",\"position\":2,\"name\":\"Gerais\",\"item\":\"https:\\\/\\\/anoticiaonline.com.br\\\/site\\\/categoria\\\/gerais\\\/\",\"nextItem\":{\"@type\":\"ListItem\",\"@id\":\"https:\\\/\\\/anoticiaonline.com.br\\\/site\\\/43199-2\\\/#listItem\",\"name\":\"Casa de M\\u00fasica Kids inaugura seu novo espa\\u00e7o de musicaliza\\u00e7\\u00e3o\"},\"previousItem\":{\"@type\":\"ListItem\",\"@id\":\"https:\\\/\\\/anoticiaonline.com.br\\\/site#listItem\",\"name\":\"Home\"}},{\"@type\":\"ListItem\",\"@id\":\"https:\\\/\\\/anoticiaonline.com.br\\\/site\\\/43199-2\\\/#listItem\",\"position\":3,\"name\":\"Casa de M\\u00fasica Kids inaugura seu novo espa\\u00e7o de musicaliza\\u00e7\\u00e3o\",\"previousItem\":{\"@type\":\"ListItem\",\"@id\":\"https:\\\/\\\/anoticiaonline.com.br\\\/site\\\/categoria\\\/gerais\\\/#listItem\",\"name\":\"Gerais\"}}]},{\"@type\":\"Organization\",\"@id\":\"https:\\\/\\\/anoticiaonline.com.br\\\/site\\\/#organization\",\"name\":\"A Not\\u00edcia Online\",\"description\":\"Noticias de Muria\\u00e9 e regi\\u00e3o\",\"url\":\"https:\\\/\\\/anoticiaonline.com.br\\\/site\\\/\",\"logo\":{\"@type\":\"ImageObject\",\"url\":\"https:\\\/\\\/scontent-gig4-1.xx.fbcdn.net\\\/v\\\/t39.30808-1\\\/270437624_4564083193639691_6907940295614233970_n.jpg?stp=dst-jpg_s200x200_tt6&_nc_cat=111&ccb=1-7&_nc_sid=f907e8&_nc_ohc=SM1wRlP3lJwQ7kNvwEPuBYA&_nc_oc=AdnqrjDN_BNjSSHWO-GbkIWH6fkGMLw4bqvL_NH6e2wMveX7G-rP2dAqsDSq1mJMOaY&_nc_zt=24&_nc_ht=scontent-gig4-1.xx&_nc_gid=AoBFJeGrT1hVaew_6rchkQ&oh=00_AfX7QmFGhQhG2jAllVgXCiM1ZrWgvtp80-Bfppyexh1QEg&oe=689E923C\",\"@id\":\"https:\\\/\\\/anoticiaonline.com.br\\\/site\\\/43199-2\\\/#organizationLogo\"},\"image\":{\"@id\":\"https:\\\/\\\/anoticiaonline.com.br\\\/site\\\/43199-2\\\/#organizationLogo\"}},{\"@type\":\"Person\",\"@id\":\"https:\\\/\\\/anoticiaonline.com.br\\\/site\\\/author\\\/juliana\\\/#author\",\"url\":\"https:\\\/\\\/anoticiaonline.com.br\\\/site\\\/author\\\/juliana\\\/\",\"name\":\"Juliana Laviola\",\"image\":{\"@type\":\"ImageObject\",\"@id\":\"https:\\\/\\\/anoticiaonline.com.br\\\/site\\\/43199-2\\\/#authorImage\",\"url\":\"https:\\\/\\\/secure.gravatar.com\\\/avatar\\\/b8d45f5c699b100dfaf0e543582f38f38bf94cb7ae3a5e9abf8d891a34773335?s=96&d=mm&r=g\",\"width\":96,\"height\":96,\"caption\":\"Juliana Laviola\"}},{\"@type\":\"WebPage\",\"@id\":\"https:\\\/\\\/anoticiaonline.com.br\\\/site\\\/43199-2\\\/#webpage\",\"url\":\"https:\\\/\\\/anoticiaonline.com.br\\\/site\\\/43199-2\\\/\",\"name\":\"Casa de M\\u00fasica Kids inaugura seu novo espa\\u00e7o de musicaliza\\u00e7\\u00e3o - A Not\\u00edcia Online\",\"description\":\"A Casa de M\\u00fasica, que funciona h\\u00e1 sete anos na cidade, ampliou suas instala\\u00e7\\u00f5es com a Casa de M\\u00fasica Kids, que foi reinaugurada na manh\\u00e3 de s\\u00e1bado (21), na Pra\\u00e7a S\\u00e3o Paulo, n\\u00famero 115, no centro. Na ocasi\\u00e3o crian\\u00e7as, acompanhadas de seus pais, participaram de um coffe-break, brincaram, cantaram e conheceram os instrumentos musicais da\",\"inLanguage\":\"pt-BR\",\"isPartOf\":{\"@id\":\"https:\\\/\\\/anoticiaonline.com.br\\\/site\\\/#website\"},\"breadcrumb\":{\"@id\":\"https:\\\/\\\/anoticiaonline.com.br\\\/site\\\/43199-2\\\/#breadcrumblist\"},\"author\":{\"@id\":\"https:\\\/\\\/anoticiaonline.com.br\\\/site\\\/author\\\/juliana\\\/#author\"},\"creator\":{\"@id\":\"https:\\\/\\\/anoticiaonline.com.br\\\/site\\\/author\\\/juliana\\\/#author\"},\"image\":{\"@type\":\"ImageObject\",\"url\":\"https:\\\/\\\/anoticiaonline.com.br\\\/site\\\/wp-content\\\/uploads\\\/2017\\\/10\\\/DSC_0542.jpg\",\"@id\":\"https:\\\/\\\/anoticiaonline.com.br\\\/site\\\/43199-2\\\/#mainImage\",\"width\":640,\"height\":427},\"primaryImageOfPage\":{\"@id\":\"https:\\\/\\\/anoticiaonline.com.br\\\/site\\\/43199-2\\\/#mainImage\"},\"datePublished\":\"2017-10-27T09:54:40-03:00\",\"dateModified\":\"2017-10-27T10:13:34-03:00\"},{\"@type\":\"WebSite\",\"@id\":\"https:\\\/\\\/anoticiaonline.com.br\\\/site\\\/#website\",\"url\":\"https:\\\/\\\/anoticiaonline.com.br\\\/site\\\/\",\"name\":\"A Not\\u00edcia Online\",\"description\":\"Noticias de Muria\\u00e9 e regi\\u00e3o\",\"inLanguage\":\"pt-BR\",\"publisher\":{\"@id\":\"https:\\\/\\\/anoticiaonline.com.br\\\/site\\\/#organization\"}}]}\n\t\t<\/script>\n\t\t<!-- All in One SEO -->\n\n","aioseo_head_json":{"title":"Casa de M\u00fasica Kids inaugura seu novo espa\u00e7o de musicaliza\u00e7\u00e3o - A Not\u00edcia Online","description":"A Casa de M\u00fasica, que funciona h\u00e1 sete anos na cidade, ampliou suas instala\u00e7\u00f5es com a Casa de M\u00fasica Kids, que foi reinaugurada na manh\u00e3 de s\u00e1bado (21), na Pra\u00e7a S\u00e3o Paulo, n\u00famero 115, no centro. Na ocasi\u00e3o crian\u00e7as, acompanhadas de seus pais, participaram de um coffe-break, brincaram, cantaram e conheceram os instrumentos musicais da","canonical_url":"https:\/\/anoticiaonline.com.br\/site\/43199-2\/","robots":"max-image-preview:large","keywords":"","webmasterTools":{"miscellaneous":""},"schema":{"@context":"https:\/\/schema.org","@graph":[{"@type":"BlogPosting","@id":"https:\/\/anoticiaonline.com.br\/site\/43199-2\/#blogposting","name":"Casa de M\u00fasica Kids inaugura seu novo espa\u00e7o de musicaliza\u00e7\u00e3o - A Not\u00edcia Online","headline":"Casa de M\u00fasica Kids inaugura seu novo espa\u00e7o de musicaliza\u00e7\u00e3o","author":{"@id":"https:\/\/anoticiaonline.com.br\/site\/author\/juliana\/#author"},"publisher":{"@id":"https:\/\/anoticiaonline.com.br\/site\/#organization"},"image":{"@type":"ImageObject","url":"https:\/\/anoticiaonline.com.br\/site\/wp-content\/uploads\/2017\/10\/DSC_0542.jpg","width":640,"height":427},"datePublished":"2017-10-27T09:54:40-03:00","dateModified":"2017-10-27T10:13:34-03:00","inLanguage":"pt-BR","mainEntityOfPage":{"@id":"https:\/\/anoticiaonline.com.br\/site\/43199-2\/#webpage"},"isPartOf":{"@id":"https:\/\/anoticiaonline.com.br\/site\/43199-2\/#webpage"},"articleSection":"Gerais, Casa de M\u00fasica Kids, inauguracao, m\u00e9todos l\u00fadicos, Pra\u00e7a S\u00e3o Paulo"},{"@type":"BreadcrumbList","@id":"https:\/\/anoticiaonline.com.br\/site\/43199-2\/#breadcrumblist","itemListElement":[{"@type":"ListItem","@id":"https:\/\/anoticiaonline.com.br\/site#listItem","position":1,"name":"Home","item":"https:\/\/anoticiaonline.com.br\/site","nextItem":{"@type":"ListItem","@id":"https:\/\/anoticiaonline.com.br\/site\/categoria\/gerais\/#listItem","name":"Gerais"}},{"@type":"ListItem","@id":"https:\/\/anoticiaonline.com.br\/site\/categoria\/gerais\/#listItem","position":2,"name":"Gerais","item":"https:\/\/anoticiaonline.com.br\/site\/categoria\/gerais\/","nextItem":{"@type":"ListItem","@id":"https:\/\/anoticiaonline.com.br\/site\/43199-2\/#listItem","name":"Casa de M\u00fasica Kids inaugura seu novo espa\u00e7o de musicaliza\u00e7\u00e3o"},"previousItem":{"@type":"ListItem","@id":"https:\/\/anoticiaonline.com.br\/site#listItem","name":"Home"}},{"@type":"ListItem","@id":"https:\/\/anoticiaonline.com.br\/site\/43199-2\/#listItem","position":3,"name":"Casa de M\u00fasica Kids inaugura seu novo espa\u00e7o de musicaliza\u00e7\u00e3o","previousItem":{"@type":"ListItem","@id":"https:\/\/anoticiaonline.com.br\/site\/categoria\/gerais\/#listItem","name":"Gerais"}}]},{"@type":"Organization","@id":"https:\/\/anoticiaonline.com.br\/site\/#organization","name":"A Not\u00edcia Online","description":"Noticias de Muria\u00e9 e regi\u00e3o","url":"https:\/\/anoticiaonline.com.br\/site\/","logo":{"@type":"ImageObject","url":"https:\/\/scontent-gig4-1.xx.fbcdn.net\/v\/t39.30808-1\/270437624_4564083193639691_6907940295614233970_n.jpg?stp=dst-jpg_s200x200_tt6&_nc_cat=111&ccb=1-7&_nc_sid=f907e8&_nc_ohc=SM1wRlP3lJwQ7kNvwEPuBYA&_nc_oc=AdnqrjDN_BNjSSHWO-GbkIWH6fkGMLw4bqvL_NH6e2wMveX7G-rP2dAqsDSq1mJMOaY&_nc_zt=24&_nc_ht=scontent-gig4-1.xx&_nc_gid=AoBFJeGrT1hVaew_6rchkQ&oh=00_AfX7QmFGhQhG2jAllVgXCiM1ZrWgvtp80-Bfppyexh1QEg&oe=689E923C","@id":"https:\/\/anoticiaonline.com.br\/site\/43199-2\/#organizationLogo"},"image":{"@id":"https:\/\/anoticiaonline.com.br\/site\/43199-2\/#organizationLogo"}},{"@type":"Person","@id":"https:\/\/anoticiaonline.com.br\/site\/author\/juliana\/#author","url":"https:\/\/anoticiaonline.com.br\/site\/author\/juliana\/","name":"Juliana Laviola","image":{"@type":"ImageObject","@id":"https:\/\/anoticiaonline.com.br\/site\/43199-2\/#authorImage","url":"https:\/\/secure.gravatar.com\/avatar\/b8d45f5c699b100dfaf0e543582f38f38bf94cb7ae3a5e9abf8d891a34773335?s=96&d=mm&r=g","width":96,"height":96,"caption":"Juliana Laviola"}},{"@type":"WebPage","@id":"https:\/\/anoticiaonline.com.br\/site\/43199-2\/#webpage","url":"https:\/\/anoticiaonline.com.br\/site\/43199-2\/","name":"Casa de M\u00fasica Kids inaugura seu novo espa\u00e7o de musicaliza\u00e7\u00e3o - A Not\u00edcia Online","description":"A Casa de M\u00fasica, que funciona h\u00e1 sete anos na cidade, ampliou suas instala\u00e7\u00f5es com a Casa de M\u00fasica Kids, que foi reinaugurada na manh\u00e3 de s\u00e1bado (21), na Pra\u00e7a S\u00e3o Paulo, n\u00famero 115, no centro. Na ocasi\u00e3o crian\u00e7as, acompanhadas de seus pais, participaram de um coffe-break, brincaram, cantaram e conheceram os instrumentos musicais da","inLanguage":"pt-BR","isPartOf":{"@id":"https:\/\/anoticiaonline.com.br\/site\/#website"},"breadcrumb":{"@id":"https:\/\/anoticiaonline.com.br\/site\/43199-2\/#breadcrumblist"},"author":{"@id":"https:\/\/anoticiaonline.com.br\/site\/author\/juliana\/#author"},"creator":{"@id":"https:\/\/anoticiaonline.com.br\/site\/author\/juliana\/#author"},"image":{"@type":"ImageObject","url":"https:\/\/anoticiaonline.com.br\/site\/wp-content\/uploads\/2017\/10\/DSC_0542.jpg","@id":"https:\/\/anoticiaonline.com.br\/site\/43199-2\/#mainImage","width":640,"height":427},"primaryImageOfPage":{"@id":"https:\/\/anoticiaonline.com.br\/site\/43199-2\/#mainImage"},"datePublished":"2017-10-27T09:54:40-03:00","dateModified":"2017-10-27T10:13:34-03:00"},{"@type":"WebSite","@id":"https:\/\/anoticiaonline.com.br\/site\/#website","url":"https:\/\/anoticiaonline.com.br\/site\/","name":"A Not\u00edcia Online","description":"Noticias de Muria\u00e9 e regi\u00e3o","inLanguage":"pt-BR","publisher":{"@id":"https:\/\/anoticiaonline.com.br\/site\/#organization"}}]},"og:locale":"pt_BR","og:site_name":"A Not\u00edcia Online - Noticias de Muria\u00e9 e regi\u00e3o","og:type":"article","og:title":"Casa de M\u00fasica Kids inaugura seu novo espa\u00e7o de musicaliza\u00e7\u00e3o - A Not\u00edcia Online","og:description":"A Casa de M\u00fasica, que funciona h\u00e1 sete anos na cidade, ampliou suas instala\u00e7\u00f5es com a Casa de M\u00fasica Kids, que foi reinaugurada na manh\u00e3 de s\u00e1bado (21), na Pra\u00e7a S\u00e3o Paulo, n\u00famero 115, no centro. Na ocasi\u00e3o crian\u00e7as, acompanhadas de seus pais, participaram de um coffe-break, brincaram, cantaram e conheceram os instrumentos musicais da","og:url":"https:\/\/anoticiaonline.com.br\/site\/43199-2\/","og:image":"https:\/\/scontent-gig4-1.xx.fbcdn.net\/v\/t39.30808-1\/270437624_4564083193639691_6907940295614233970_n.jpg?stp=dst-jpg_s200x200_tt6&#038;_nc_cat=111&#038;ccb=1-7&#038;_nc_sid=f907e8&#038;_nc_ohc=SM1wRlP3lJwQ7kNvwEPuBYA&#038;_nc_oc=AdnqrjDN_BNjSSHWO-GbkIWH6fkGMLw4bqvL_NH6e2wMveX7G-rP2dAqsDSq1mJMOaY&#038;_nc_zt=24&#038;_nc_ht=scontent-gig4-1.xx&#038;_nc_gid=AoBFJeGrT1hVaew_6rchkQ&#038;oh=00_AfX7QmFGhQhG2jAllVgXCiM1ZrWgvtp80-Bfppyexh1QEg&#038;oe=689E923C","og:image:secure_url":"https:\/\/scontent-gig4-1.xx.fbcdn.net\/v\/t39.30808-1\/270437624_4564083193639691_6907940295614233970_n.jpg?stp=dst-jpg_s200x200_tt6&#038;_nc_cat=111&#038;ccb=1-7&#038;_nc_sid=f907e8&#038;_nc_ohc=SM1wRlP3lJwQ7kNvwEPuBYA&#038;_nc_oc=AdnqrjDN_BNjSSHWO-GbkIWH6fkGMLw4bqvL_NH6e2wMveX7G-rP2dAqsDSq1mJMOaY&#038;_nc_zt=24&#038;_nc_ht=scontent-gig4-1.xx&#038;_nc_gid=AoBFJeGrT1hVaew_6rchkQ&#038;oh=00_AfX7QmFGhQhG2jAllVgXCiM1ZrWgvtp80-Bfppyexh1QEg&#038;oe=689E923C","article:published_time":"2017-10-27T12:54:40+00:00","article:modified_time":"2017-10-27T13:13:34+00:00","twitter:card":"summary_large_image","twitter:title":"Casa de M\u00fasica Kids inaugura seu novo espa\u00e7o de musicaliza\u00e7\u00e3o - A Not\u00edcia Online","twitter:description":"A Casa de M\u00fasica, que funciona h\u00e1 sete anos na cidade, ampliou suas instala\u00e7\u00f5es com a Casa de M\u00fasica Kids, que foi reinaugurada na manh\u00e3 de s\u00e1bado (21), na Pra\u00e7a S\u00e3o Paulo, n\u00famero 115, no centro. Na ocasi\u00e3o crian\u00e7as, acompanhadas de seus pais, participaram de um coffe-break, brincaram, cantaram e conheceram os instrumentos musicais da","twitter:image":"https:\/\/scontent-gig4-1.xx.fbcdn.net\/v\/t39.30808-1\/270437624_4564083193639691_6907940295614233970_n.jpg?stp=dst-jpg_s200x200_tt6&_nc_cat=111&ccb=1-7&_nc_sid=f907e8&_nc_ohc=SM1wRlP3lJwQ7kNvwEPuBYA&_nc_oc=AdnqrjDN_BNjSSHWO-GbkIWH6fkGMLw4bqvL_NH6e2wMveX7G-rP2dAqsDSq1mJMOaY&_nc_zt=24&_nc_ht=scontent-gig4-1.xx&_nc_gid=AoBFJeGrT1hVaew_6rchkQ&oh=00_AfX7QmFGhQhG2jAllVgXCiM1ZrWgvtp80-Bfppyexh1QEg&oe=689E923C"},"aioseo_meta_data":{"post_id":"43199","title":null,"description":null,"keywords":null,"keyphrases":null,"primary_term":null,"canonical_url":null,"og_title":null,"og_description":null,"og_object_type":"default","og_image_type":"default","og_image_url":null,"og_image_width":null,"og_image_height":null,"og_image_custom_url":null,"og_image_custom_fields":null,"og_video":null,"og_custom_url":null,"og_article_section":null,"og_article_tags":null,"twitter_use_og":false,"twitter_card":"default","twitter_image_type":"default","twitter_image_url":null,"twitter_image_custom_url":null,"twitter_image_custom_fields":null,"twitter_title":null,"twitter_description":null,"schema":{"blockGraphs":[],"customGraphs":[],"default":{"data":{"Article":[],"Course":[],"Dataset":[],"FAQPage":[],"Movie":[],"Person":[],"Product":[],"ProductReview":[],"Car":[],"Recipe":[],"Service":[],"SoftwareApplication":[],"WebPage":[]},"graphName":"","isEnabled":true},"graphs":[]},"schema_type":"default","schema_type_options":null,"pillar_content":false,"robots_default":true,"robots_noindex":false,"robots_noarchive":false,"robots_nosnippet":false,"robots_nofollow":false,"robots_noimageindex":false,"robots_noodp":false,"robots_notranslate":false,"robots_max_snippet":null,"robots_max_videopreview":null,"robots_max_imagepreview":"large","priority":null,"frequency":null,"local_seo":null,"breadcrumb_settings":null,"limit_modified_date":false,"ai":null,"created":"2025-08-16 19:41:30","updated":"2025-08-16 19:41:30","focus_keyword":null,"additional_keywords":null,"truseo_locale":null,"seo_analyzer_scan_date":null},"aioseo_breadcrumb":"<div class=\"aioseo-breadcrumbs\"><span class=\"aioseo-breadcrumb\">\n\t\t\t<a href=\"https:\/\/anoticiaonline.com.br\/site\" title=\"Home\">Home<\/a>\n\t\t<\/span><span class=\"aioseo-breadcrumb-separator\">&raquo;<\/span><span class=\"aioseo-breadcrumb\">\n\t\t\t<a href=\"https:\/\/anoticiaonline.com.br\/site\/categoria\/gerais\/\" title=\"Gerais\">Gerais<\/a>\n\t\t<\/span><span class=\"aioseo-breadcrumb-separator\">&raquo;<\/span><span class=\"aioseo-breadcrumb\">\n\t\t\tCasa de M\u00fasica Kids inaugura seu novo espa\u00e7o de musicaliza\u00e7\u00e3o\n\t\t<\/span><\/div>","aioseo_breadcrumb_json":[{"label":"Home","link":"https:\/\/anoticiaonline.com.br\/site"},{"label":"Gerais","link":"https:\/\/anoticiaonline.com.br\/site\/categoria\/gerais\/"},{"label":"Casa de M\u00fasica Kids inaugura seu novo espa\u00e7o de musicaliza\u00e7\u00e3o","link":"https:\/\/anoticiaonline.com.br\/site\/43199-2\/"}],"views":176,"_links":{"self":[{"href":"https:\/\/anoticiaonline.com.br\/site\/wp-json\/wp\/v2\/posts\/43199","targetHints":{"allow":["GET"]}}],"collection":[{"href":"https:\/\/anoticiaonline.com.br\/site\/wp-json\/wp\/v2\/posts"}],"about":[{"href":"https:\/\/anoticiaonline.com.br\/site\/wp-json\/wp\/v2\/types\/post"}],"author":[{"embeddable":true,"href":"https:\/\/anoticiaonline.com.br\/site\/wp-json\/wp\/v2\/users\/2"}],"replies":[{"embeddable":true,"href":"https:\/\/anoticiaonline.com.br\/site\/wp-json\/wp\/v2\/comments?post=43199"}],"version-history":[{"count":0,"href":"https:\/\/anoticiaonline.com.br\/site\/wp-json\/wp\/v2\/posts\/43199\/revisions"}],"wp:featuredmedia":[{"embeddable":true,"href":"https:\/\/anoticiaonline.com.br\/site\/wp-json\/wp\/v2\/media\/43200"}],"wp:attachment":[{"href":"https:\/\/anoticiaonline.com.br\/site\/wp-json\/wp\/v2\/media?parent=43199"}],"wp:term":[{"taxonomy":"category","embeddable":true,"href":"https:\/\/anoticiaonline.com.br\/site\/wp-json\/wp\/v2\/categories?post=43199"},{"taxonomy":"post_tag","embeddable":true,"href":"https:\/\/anoticiaonline.com.br\/site\/wp-json\/wp\/v2\/tags?post=43199"}],"curies":[{"name":"wp","href":"https:\/\/api.w.org\/{rel}","templated":true}]}}