{"id":43081,"date":"2017-10-26T15:26:22","date_gmt":"2017-10-26T18:26:22","guid":{"rendered":"http:\/\/anoticiaonline.com.br\/site\/?p=43081"},"modified":"2017-10-26T15:26:22","modified_gmt":"2017-10-26T18:26:22","slug":"oab-minas-promove-ato-de-desagravo-publico-em-muriae","status":"publish","type":"post","link":"https:\/\/anoticiaonline.com.br\/site\/oab-minas-promove-ato-de-desagravo-publico-em-muriae\/","title":{"rendered":"OAB Minas promove ato de desagravo p\u00fablico em Muria\u00e9"},"content":{"rendered":"<p><em><a href=\"https:\/\/anoticiaonline.com.br\/site\/wp-content\/uploads\/2017\/10\/gavel-4.jpg\"><img fetchpriority=\"high\" decoding=\"async\" class=\"size-medium wp-image-43082 alignleft\" src=\"https:\/\/anoticiaonline.com.br\/site\/wp-content\/uploads\/2017\/10\/gavel-4-300x200.jpg\" alt=\"\" width=\"300\" height=\"200\" srcset=\"https:\/\/anoticiaonline.com.br\/site\/wp-content\/uploads\/2017\/10\/gavel-4-300x200.jpg 300w, https:\/\/anoticiaonline.com.br\/site\/wp-content\/uploads\/2017\/10\/gavel-4.jpg 640w\" sizes=\"(max-width: 300px) 100vw, 300px\" \/><\/a>Manifesto ser\u00e1 realizado em rep\u00fadio ao impedimento sofrido por advogado no munic\u00edpio<\/em><\/p>\n<p>A\u00a0OAB\u00a0Minas realizar\u00e1, na sexta-feira (27), em frente ao F\u00f3rum de Muria\u00e9, ato p\u00fablico de desagravo em defesa do advogado Mauro C\u00e9sar Rodrigues, impedido de ter acesso aos autos de um inqu\u00e9rito pela major da Pol\u00edcia Militar, K\u00eania Prates.<\/p>\n<p>O advogado Mauro C\u00e9sar Rodrigues conseguiu vistas ao processo somente ap\u00f3s a obten\u00e7\u00e3o de liminar por meio de mandato de seguran\u00e7a.<\/p>\n<p>Com a realiza\u00e7\u00e3o do manifesto p\u00fablico, a\u00a0OAB\u00a0Minas externa apoio ao profissional e repudia qualquer atitude que infrinja as prerrogativas dos advogados, assegurada pelo Estatuto da Advocacia.<\/p>\n<p>A\u00a0OAB\/MG, por meio de for\u00e7a-tarefa, realiza atos de defesa dos advogados que tenham sofrido qualquer tipo de impedimento, ofensa ou agress\u00e3o durante o exerc\u00edcio profissional, em v\u00e1rias cidades do estado.<\/p>\n<p>A necessidade da realiza\u00e7\u00e3o de manifesta\u00e7\u00f5es p\u00fablicas pela Ordem \u00e9 analisada pela C\u00e2mara de Desagravo P\u00fablico da seccional mineira.<\/p>\n","protected":false},"excerpt":{"rendered":"<p>Manifesto ser\u00e1 realizado em rep\u00fadio ao impedimento sofrido por advogado no munic\u00edpio A\u00a0OAB\u00a0Minas realizar\u00e1, na sexta-feira (27), em frente ao F\u00f3rum de Muria\u00e9, ato p\u00fablico de desagravo em defesa do advogado Mauro C\u00e9sar Rodrigues, impedido de ter acesso aos autos de um inqu\u00e9rito pela major da Pol\u00edcia Militar, K\u00eania Prates. O advogado Mauro C\u00e9sar Rodrigues &#8230; <a title=\"OAB Minas promove ato de desagravo p\u00fablico em Muria\u00e9\" class=\"read-more\" href=\"https:\/\/anoticiaonline.com.br\/site\/oab-minas-promove-ato-de-desagravo-publico-em-muriae\/\" aria-label=\"Read more about OAB Minas promove ato de desagravo p\u00fablico em Muria\u00e9\">Ler mais<\/a><\/p>\n","protected":false},"author":2,"featured_media":43082,"comment_status":"open","ping_status":"open","sticky":false,"template":"","format":"standard","meta":{"_acf_changed":false,"_monsterinsights_skip_tracking":false,"footnotes":""},"categories":[30],"tags":[1384,74,837],"class_list":["post-43081","post","type-post","status-publish","format-standard","has-post-thumbnail","hentry","category-muriae","tag-advogado","tag-muriae","tag-oab"],"acf":[],"aioseo_notices":[],"aioseo_head":"\n\t\t<!-- All in One SEO 5.0.0.1 - aioseo.com -->\n\t<meta name=\"description\" content=\"Manifesto ser\u00e1 realizado em rep\u00fadio ao impedimento sofrido por advogado no munic\u00edpio A OAB Minas realizar\u00e1, na sexta-feira (27), em frente ao F\u00f3rum de Muria\u00e9, ato p\u00fablico de desagravo em defesa do advogado Mauro C\u00e9sar Rodrigues, impedido de ter acesso aos autos de um inqu\u00e9rito pela major da Pol\u00edcia Militar, K\u00eania Prates. O advogado Mauro C\u00e9sar Rodrigues\" \/>\n\t<meta name=\"robots\" content=\"max-image-preview:large\" \/>\n\t<meta name=\"author\" content=\"Juliana Laviola\"\/>\n\t<link rel=\"canonical\" href=\"https:\/\/anoticiaonline.com.br\/site\/oab-minas-promove-ato-de-desagravo-publico-em-muriae\/\" \/>\n\t<meta name=\"generator\" content=\"All in One SEO (AIOSEO) 5.0.0.1\" \/>\n\t\t<meta property=\"og:locale\" content=\"pt_BR\" \/>\n\t\t<meta property=\"og:site_name\" content=\"A Not\u00edcia Online - Noticias de Muria\u00e9 e regi\u00e3o\" \/>\n\t\t<meta property=\"og:type\" content=\"article\" \/>\n\t\t<meta property=\"og:title\" content=\"OAB Minas promove ato de desagravo p\u00fablico em Muria\u00e9 - A Not\u00edcia Online\" \/>\n\t\t<meta property=\"og:description\" content=\"Manifesto ser\u00e1 realizado em rep\u00fadio ao impedimento sofrido por advogado no munic\u00edpio A OAB Minas realizar\u00e1, na sexta-feira (27), em frente ao F\u00f3rum de Muria\u00e9, ato p\u00fablico de desagravo em defesa do advogado Mauro C\u00e9sar Rodrigues, impedido de ter acesso aos autos de um inqu\u00e9rito pela major da Pol\u00edcia Militar, K\u00eania Prates. O advogado Mauro C\u00e9sar Rodrigues\" \/>\n\t\t<meta property=\"og:url\" content=\"https:\/\/anoticiaonline.com.br\/site\/oab-minas-promove-ato-de-desagravo-publico-em-muriae\/\" \/>\n\t\t<meta property=\"og:image\" content=\"https:\/\/scontent-gig4-1.xx.fbcdn.net\/v\/t39.30808-1\/270437624_4564083193639691_6907940295614233970_n.jpg?stp=dst-jpg_s200x200_tt6&#038;_nc_cat=111&#038;ccb=1-7&#038;_nc_sid=f907e8&#038;_nc_ohc=SM1wRlP3lJwQ7kNvwEPuBYA&#038;_nc_oc=AdnqrjDN_BNjSSHWO-GbkIWH6fkGMLw4bqvL_NH6e2wMveX7G-rP2dAqsDSq1mJMOaY&#038;_nc_zt=24&#038;_nc_ht=scontent-gig4-1.xx&#038;_nc_gid=AoBFJeGrT1hVaew_6rchkQ&#038;oh=00_AfX7QmFGhQhG2jAllVgXCiM1ZrWgvtp80-Bfppyexh1QEg&#038;oe=689E923C\" \/>\n\t\t<meta property=\"og:image:secure_url\" content=\"https:\/\/scontent-gig4-1.xx.fbcdn.net\/v\/t39.30808-1\/270437624_4564083193639691_6907940295614233970_n.jpg?stp=dst-jpg_s200x200_tt6&#038;_nc_cat=111&#038;ccb=1-7&#038;_nc_sid=f907e8&#038;_nc_ohc=SM1wRlP3lJwQ7kNvwEPuBYA&#038;_nc_oc=AdnqrjDN_BNjSSHWO-GbkIWH6fkGMLw4bqvL_NH6e2wMveX7G-rP2dAqsDSq1mJMOaY&#038;_nc_zt=24&#038;_nc_ht=scontent-gig4-1.xx&#038;_nc_gid=AoBFJeGrT1hVaew_6rchkQ&#038;oh=00_AfX7QmFGhQhG2jAllVgXCiM1ZrWgvtp80-Bfppyexh1QEg&#038;oe=689E923C\" \/>\n\t\t<meta property=\"article:published_time\" content=\"2017-10-26T18:26:22+00:00\" \/>\n\t\t<meta property=\"article:modified_time\" content=\"2017-10-26T18:26:22+00:00\" \/>\n\t\t<meta name=\"twitter:card\" content=\"summary_large_image\" \/>\n\t\t<meta name=\"twitter:title\" content=\"OAB Minas promove ato de desagravo p\u00fablico em Muria\u00e9 - A Not\u00edcia Online\" \/>\n\t\t<meta name=\"twitter:description\" content=\"Manifesto ser\u00e1 realizado em rep\u00fadio ao impedimento sofrido por advogado no munic\u00edpio A OAB Minas realizar\u00e1, na sexta-feira (27), em frente ao F\u00f3rum de Muria\u00e9, ato p\u00fablico de desagravo em defesa do advogado Mauro C\u00e9sar Rodrigues, impedido de ter acesso aos autos de um inqu\u00e9rito pela major da Pol\u00edcia Militar, K\u00eania Prates. O advogado Mauro C\u00e9sar Rodrigues\" \/>\n\t\t<meta name=\"twitter:image\" content=\"https:\/\/scontent-gig4-1.xx.fbcdn.net\/v\/t39.30808-1\/270437624_4564083193639691_6907940295614233970_n.jpg?stp=dst-jpg_s200x200_tt6&amp;_nc_cat=111&amp;ccb=1-7&amp;_nc_sid=f907e8&amp;_nc_ohc=SM1wRlP3lJwQ7kNvwEPuBYA&amp;_nc_oc=AdnqrjDN_BNjSSHWO-GbkIWH6fkGMLw4bqvL_NH6e2wMveX7G-rP2dAqsDSq1mJMOaY&amp;_nc_zt=24&amp;_nc_ht=scontent-gig4-1.xx&amp;_nc_gid=AoBFJeGrT1hVaew_6rchkQ&amp;oh=00_AfX7QmFGhQhG2jAllVgXCiM1ZrWgvtp80-Bfppyexh1QEg&amp;oe=689E923C\" \/>\n\t\t<script type=\"application\/ld+json\" class=\"aioseo-schema\">\n\t\t\t{\"@context\":\"https:\\\/\\\/schema.org\",\"@graph\":[{\"@type\":\"BlogPosting\",\"@id\":\"https:\\\/\\\/anoticiaonline.com.br\\\/site\\\/oab-minas-promove-ato-de-desagravo-publico-em-muriae\\\/#blogposting\",\"name\":\"OAB Minas promove ato de desagravo p\\u00fablico em Muria\\u00e9 - A Not\\u00edcia Online\",\"headline\":\"OAB Minas promove ato de desagravo p\\u00fablico em Muria\\u00e9\",\"author\":{\"@id\":\"https:\\\/\\\/anoticiaonline.com.br\\\/site\\\/author\\\/juliana\\\/#author\"},\"publisher\":{\"@id\":\"https:\\\/\\\/anoticiaonline.com.br\\\/site\\\/#organization\"},\"image\":{\"@type\":\"ImageObject\",\"url\":\"https:\\\/\\\/anoticiaonline.com.br\\\/site\\\/wp-content\\\/uploads\\\/2017\\\/10\\\/gavel-4.jpg\",\"width\":640,\"height\":427},\"datePublished\":\"2017-10-26T15:26:22-03:00\",\"dateModified\":\"2017-10-26T15:26:22-03:00\",\"inLanguage\":\"pt-BR\",\"mainEntityOfPage\":{\"@id\":\"https:\\\/\\\/anoticiaonline.com.br\\\/site\\\/oab-minas-promove-ato-de-desagravo-publico-em-muriae\\\/#webpage\"},\"isPartOf\":{\"@id\":\"https:\\\/\\\/anoticiaonline.com.br\\\/site\\\/oab-minas-promove-ato-de-desagravo-publico-em-muriae\\\/#webpage\"},\"articleSection\":\"Blog, advogado, Muria\\u00e9, oab\"},{\"@type\":\"BreadcrumbList\",\"@id\":\"https:\\\/\\\/anoticiaonline.com.br\\\/site\\\/oab-minas-promove-ato-de-desagravo-publico-em-muriae\\\/#breadcrumblist\",\"itemListElement\":[{\"@type\":\"ListItem\",\"@id\":\"https:\\\/\\\/anoticiaonline.com.br\\\/site#listItem\",\"position\":1,\"name\":\"Home\",\"item\":\"https:\\\/\\\/anoticiaonline.com.br\\\/site\",\"nextItem\":{\"@type\":\"ListItem\",\"@id\":\"https:\\\/\\\/anoticiaonline.com.br\\\/site\\\/categoria\\\/muriae\\\/#listItem\",\"name\":\"Blog\"}},{\"@type\":\"ListItem\",\"@id\":\"https:\\\/\\\/anoticiaonline.com.br\\\/site\\\/categoria\\\/muriae\\\/#listItem\",\"position\":2,\"name\":\"Blog\",\"item\":\"https:\\\/\\\/anoticiaonline.com.br\\\/site\\\/categoria\\\/muriae\\\/\",\"nextItem\":{\"@type\":\"ListItem\",\"@id\":\"https:\\\/\\\/anoticiaonline.com.br\\\/site\\\/oab-minas-promove-ato-de-desagravo-publico-em-muriae\\\/#listItem\",\"name\":\"OAB Minas promove ato de desagravo p\\u00fablico em Muria\\u00e9\"},\"previousItem\":{\"@type\":\"ListItem\",\"@id\":\"https:\\\/\\\/anoticiaonline.com.br\\\/site#listItem\",\"name\":\"Home\"}},{\"@type\":\"ListItem\",\"@id\":\"https:\\\/\\\/anoticiaonline.com.br\\\/site\\\/oab-minas-promove-ato-de-desagravo-publico-em-muriae\\\/#listItem\",\"position\":3,\"name\":\"OAB Minas promove ato de desagravo p\\u00fablico em Muria\\u00e9\",\"previousItem\":{\"@type\":\"ListItem\",\"@id\":\"https:\\\/\\\/anoticiaonline.com.br\\\/site\\\/categoria\\\/muriae\\\/#listItem\",\"name\":\"Blog\"}}]},{\"@type\":\"Organization\",\"@id\":\"https:\\\/\\\/anoticiaonline.com.br\\\/site\\\/#organization\",\"name\":\"A Not\\u00edcia Online\",\"description\":\"Noticias de Muria\\u00e9 e regi\\u00e3o\",\"url\":\"https:\\\/\\\/anoticiaonline.com.br\\\/site\\\/\",\"logo\":{\"@type\":\"ImageObject\",\"url\":\"https:\\\/\\\/scontent-gig4-1.xx.fbcdn.net\\\/v\\\/t39.30808-1\\\/270437624_4564083193639691_6907940295614233970_n.jpg?stp=dst-jpg_s200x200_tt6&_nc_cat=111&ccb=1-7&_nc_sid=f907e8&_nc_ohc=SM1wRlP3lJwQ7kNvwEPuBYA&_nc_oc=AdnqrjDN_BNjSSHWO-GbkIWH6fkGMLw4bqvL_NH6e2wMveX7G-rP2dAqsDSq1mJMOaY&_nc_zt=24&_nc_ht=scontent-gig4-1.xx&_nc_gid=AoBFJeGrT1hVaew_6rchkQ&oh=00_AfX7QmFGhQhG2jAllVgXCiM1ZrWgvtp80-Bfppyexh1QEg&oe=689E923C\",\"@id\":\"https:\\\/\\\/anoticiaonline.com.br\\\/site\\\/oab-minas-promove-ato-de-desagravo-publico-em-muriae\\\/#organizationLogo\"},\"image\":{\"@id\":\"https:\\\/\\\/anoticiaonline.com.br\\\/site\\\/oab-minas-promove-ato-de-desagravo-publico-em-muriae\\\/#organizationLogo\"}},{\"@type\":\"Person\",\"@id\":\"https:\\\/\\\/anoticiaonline.com.br\\\/site\\\/author\\\/juliana\\\/#author\",\"url\":\"https:\\\/\\\/anoticiaonline.com.br\\\/site\\\/author\\\/juliana\\\/\",\"name\":\"Juliana Laviola\",\"image\":{\"@type\":\"ImageObject\",\"@id\":\"https:\\\/\\\/anoticiaonline.com.br\\\/site\\\/oab-minas-promove-ato-de-desagravo-publico-em-muriae\\\/#authorImage\",\"url\":\"https:\\\/\\\/secure.gravatar.com\\\/avatar\\\/b8d45f5c699b100dfaf0e543582f38f38bf94cb7ae3a5e9abf8d891a34773335?s=96&d=mm&r=g\",\"width\":96,\"height\":96,\"caption\":\"Juliana Laviola\"}},{\"@type\":\"WebPage\",\"@id\":\"https:\\\/\\\/anoticiaonline.com.br\\\/site\\\/oab-minas-promove-ato-de-desagravo-publico-em-muriae\\\/#webpage\",\"url\":\"https:\\\/\\\/anoticiaonline.com.br\\\/site\\\/oab-minas-promove-ato-de-desagravo-publico-em-muriae\\\/\",\"name\":\"OAB Minas promove ato de desagravo p\\u00fablico em Muria\\u00e9 - A Not\\u00edcia Online\",\"description\":\"Manifesto ser\\u00e1 realizado em rep\\u00fadio ao impedimento sofrido por advogado no munic\\u00edpio A OAB Minas realizar\\u00e1, na sexta-feira (27), em frente ao F\\u00f3rum de Muria\\u00e9, ato p\\u00fablico de desagravo em defesa do advogado Mauro C\\u00e9sar Rodrigues, impedido de ter acesso aos autos de um inqu\\u00e9rito pela major da Pol\\u00edcia Militar, K\\u00eania Prates. O advogado Mauro C\\u00e9sar Rodrigues\",\"inLanguage\":\"pt-BR\",\"isPartOf\":{\"@id\":\"https:\\\/\\\/anoticiaonline.com.br\\\/site\\\/#website\"},\"breadcrumb\":{\"@id\":\"https:\\\/\\\/anoticiaonline.com.br\\\/site\\\/oab-minas-promove-ato-de-desagravo-publico-em-muriae\\\/#breadcrumblist\"},\"author\":{\"@id\":\"https:\\\/\\\/anoticiaonline.com.br\\\/site\\\/author\\\/juliana\\\/#author\"},\"creator\":{\"@id\":\"https:\\\/\\\/anoticiaonline.com.br\\\/site\\\/author\\\/juliana\\\/#author\"},\"image\":{\"@type\":\"ImageObject\",\"url\":\"https:\\\/\\\/anoticiaonline.com.br\\\/site\\\/wp-content\\\/uploads\\\/2017\\\/10\\\/gavel-4.jpg\",\"@id\":\"https:\\\/\\\/anoticiaonline.com.br\\\/site\\\/oab-minas-promove-ato-de-desagravo-publico-em-muriae\\\/#mainImage\",\"width\":640,\"height\":427},\"primaryImageOfPage\":{\"@id\":\"https:\\\/\\\/anoticiaonline.com.br\\\/site\\\/oab-minas-promove-ato-de-desagravo-publico-em-muriae\\\/#mainImage\"},\"datePublished\":\"2017-10-26T15:26:22-03:00\",\"dateModified\":\"2017-10-26T15:26:22-03:00\"},{\"@type\":\"WebSite\",\"@id\":\"https:\\\/\\\/anoticiaonline.com.br\\\/site\\\/#website\",\"url\":\"https:\\\/\\\/anoticiaonline.com.br\\\/site\\\/\",\"name\":\"A Not\\u00edcia Online\",\"description\":\"Noticias de Muria\\u00e9 e regi\\u00e3o\",\"inLanguage\":\"pt-BR\",\"publisher\":{\"@id\":\"https:\\\/\\\/anoticiaonline.com.br\\\/site\\\/#organization\"}}]}\n\t\t<\/script>\n\t\t<!-- All in One SEO -->\n\n","aioseo_head_json":{"title":"OAB Minas promove ato de desagravo p\u00fablico em Muria\u00e9 - A Not\u00edcia Online","description":"Manifesto ser\u00e1 realizado em rep\u00fadio ao impedimento sofrido por advogado no munic\u00edpio A OAB Minas realizar\u00e1, na sexta-feira (27), em frente ao F\u00f3rum de Muria\u00e9, ato p\u00fablico de desagravo em defesa do advogado Mauro C\u00e9sar Rodrigues, impedido de ter acesso aos autos de um inqu\u00e9rito pela major da Pol\u00edcia Militar, K\u00eania Prates. O advogado Mauro C\u00e9sar Rodrigues","canonical_url":"https:\/\/anoticiaonline.com.br\/site\/oab-minas-promove-ato-de-desagravo-publico-em-muriae\/","robots":"max-image-preview:large","keywords":"","webmasterTools":{"miscellaneous":""},"schema":{"@context":"https:\/\/schema.org","@graph":[{"@type":"BlogPosting","@id":"https:\/\/anoticiaonline.com.br\/site\/oab-minas-promove-ato-de-desagravo-publico-em-muriae\/#blogposting","name":"OAB Minas promove ato de desagravo p\u00fablico em Muria\u00e9 - A Not\u00edcia Online","headline":"OAB Minas promove ato de desagravo p\u00fablico em Muria\u00e9","author":{"@id":"https:\/\/anoticiaonline.com.br\/site\/author\/juliana\/#author"},"publisher":{"@id":"https:\/\/anoticiaonline.com.br\/site\/#organization"},"image":{"@type":"ImageObject","url":"https:\/\/anoticiaonline.com.br\/site\/wp-content\/uploads\/2017\/10\/gavel-4.jpg","width":640,"height":427},"datePublished":"2017-10-26T15:26:22-03:00","dateModified":"2017-10-26T15:26:22-03:00","inLanguage":"pt-BR","mainEntityOfPage":{"@id":"https:\/\/anoticiaonline.com.br\/site\/oab-minas-promove-ato-de-desagravo-publico-em-muriae\/#webpage"},"isPartOf":{"@id":"https:\/\/anoticiaonline.com.br\/site\/oab-minas-promove-ato-de-desagravo-publico-em-muriae\/#webpage"},"articleSection":"Blog, advogado, Muria\u00e9, oab"},{"@type":"BreadcrumbList","@id":"https:\/\/anoticiaonline.com.br\/site\/oab-minas-promove-ato-de-desagravo-publico-em-muriae\/#breadcrumblist","itemListElement":[{"@type":"ListItem","@id":"https:\/\/anoticiaonline.com.br\/site#listItem","position":1,"name":"Home","item":"https:\/\/anoticiaonline.com.br\/site","nextItem":{"@type":"ListItem","@id":"https:\/\/anoticiaonline.com.br\/site\/categoria\/muriae\/#listItem","name":"Blog"}},{"@type":"ListItem","@id":"https:\/\/anoticiaonline.com.br\/site\/categoria\/muriae\/#listItem","position":2,"name":"Blog","item":"https:\/\/anoticiaonline.com.br\/site\/categoria\/muriae\/","nextItem":{"@type":"ListItem","@id":"https:\/\/anoticiaonline.com.br\/site\/oab-minas-promove-ato-de-desagravo-publico-em-muriae\/#listItem","name":"OAB Minas promove ato de desagravo p\u00fablico em Muria\u00e9"},"previousItem":{"@type":"ListItem","@id":"https:\/\/anoticiaonline.com.br\/site#listItem","name":"Home"}},{"@type":"ListItem","@id":"https:\/\/anoticiaonline.com.br\/site\/oab-minas-promove-ato-de-desagravo-publico-em-muriae\/#listItem","position":3,"name":"OAB Minas promove ato de desagravo p\u00fablico em Muria\u00e9","previousItem":{"@type":"ListItem","@id":"https:\/\/anoticiaonline.com.br\/site\/categoria\/muriae\/#listItem","name":"Blog"}}]},{"@type":"Organization","@id":"https:\/\/anoticiaonline.com.br\/site\/#organization","name":"A Not\u00edcia Online","description":"Noticias de Muria\u00e9 e regi\u00e3o","url":"https:\/\/anoticiaonline.com.br\/site\/","logo":{"@type":"ImageObject","url":"https:\/\/scontent-gig4-1.xx.fbcdn.net\/v\/t39.30808-1\/270437624_4564083193639691_6907940295614233970_n.jpg?stp=dst-jpg_s200x200_tt6&_nc_cat=111&ccb=1-7&_nc_sid=f907e8&_nc_ohc=SM1wRlP3lJwQ7kNvwEPuBYA&_nc_oc=AdnqrjDN_BNjSSHWO-GbkIWH6fkGMLw4bqvL_NH6e2wMveX7G-rP2dAqsDSq1mJMOaY&_nc_zt=24&_nc_ht=scontent-gig4-1.xx&_nc_gid=AoBFJeGrT1hVaew_6rchkQ&oh=00_AfX7QmFGhQhG2jAllVgXCiM1ZrWgvtp80-Bfppyexh1QEg&oe=689E923C","@id":"https:\/\/anoticiaonline.com.br\/site\/oab-minas-promove-ato-de-desagravo-publico-em-muriae\/#organizationLogo"},"image":{"@id":"https:\/\/anoticiaonline.com.br\/site\/oab-minas-promove-ato-de-desagravo-publico-em-muriae\/#organizationLogo"}},{"@type":"Person","@id":"https:\/\/anoticiaonline.com.br\/site\/author\/juliana\/#author","url":"https:\/\/anoticiaonline.com.br\/site\/author\/juliana\/","name":"Juliana Laviola","image":{"@type":"ImageObject","@id":"https:\/\/anoticiaonline.com.br\/site\/oab-minas-promove-ato-de-desagravo-publico-em-muriae\/#authorImage","url":"https:\/\/secure.gravatar.com\/avatar\/b8d45f5c699b100dfaf0e543582f38f38bf94cb7ae3a5e9abf8d891a34773335?s=96&d=mm&r=g","width":96,"height":96,"caption":"Juliana Laviola"}},{"@type":"WebPage","@id":"https:\/\/anoticiaonline.com.br\/site\/oab-minas-promove-ato-de-desagravo-publico-em-muriae\/#webpage","url":"https:\/\/anoticiaonline.com.br\/site\/oab-minas-promove-ato-de-desagravo-publico-em-muriae\/","name":"OAB Minas promove ato de desagravo p\u00fablico em Muria\u00e9 - A Not\u00edcia Online","description":"Manifesto ser\u00e1 realizado em rep\u00fadio ao impedimento sofrido por advogado no munic\u00edpio A OAB Minas realizar\u00e1, na sexta-feira (27), em frente ao F\u00f3rum de Muria\u00e9, ato p\u00fablico de desagravo em defesa do advogado Mauro C\u00e9sar Rodrigues, impedido de ter acesso aos autos de um inqu\u00e9rito pela major da Pol\u00edcia Militar, K\u00eania Prates. O advogado Mauro C\u00e9sar Rodrigues","inLanguage":"pt-BR","isPartOf":{"@id":"https:\/\/anoticiaonline.com.br\/site\/#website"},"breadcrumb":{"@id":"https:\/\/anoticiaonline.com.br\/site\/oab-minas-promove-ato-de-desagravo-publico-em-muriae\/#breadcrumblist"},"author":{"@id":"https:\/\/anoticiaonline.com.br\/site\/author\/juliana\/#author"},"creator":{"@id":"https:\/\/anoticiaonline.com.br\/site\/author\/juliana\/#author"},"image":{"@type":"ImageObject","url":"https:\/\/anoticiaonline.com.br\/site\/wp-content\/uploads\/2017\/10\/gavel-4.jpg","@id":"https:\/\/anoticiaonline.com.br\/site\/oab-minas-promove-ato-de-desagravo-publico-em-muriae\/#mainImage","width":640,"height":427},"primaryImageOfPage":{"@id":"https:\/\/anoticiaonline.com.br\/site\/oab-minas-promove-ato-de-desagravo-publico-em-muriae\/#mainImage"},"datePublished":"2017-10-26T15:26:22-03:00","dateModified":"2017-10-26T15:26:22-03:00"},{"@type":"WebSite","@id":"https:\/\/anoticiaonline.com.br\/site\/#website","url":"https:\/\/anoticiaonline.com.br\/site\/","name":"A Not\u00edcia Online","description":"Noticias de Muria\u00e9 e regi\u00e3o","inLanguage":"pt-BR","publisher":{"@id":"https:\/\/anoticiaonline.com.br\/site\/#organization"}}]},"og:locale":"pt_BR","og:site_name":"A Not\u00edcia Online - Noticias de Muria\u00e9 e regi\u00e3o","og:type":"article","og:title":"OAB Minas promove ato de desagravo p\u00fablico em Muria\u00e9 - A Not\u00edcia Online","og:description":"Manifesto ser\u00e1 realizado em rep\u00fadio ao impedimento sofrido por advogado no munic\u00edpio A OAB Minas realizar\u00e1, na sexta-feira (27), em frente ao F\u00f3rum de Muria\u00e9, ato p\u00fablico de desagravo em defesa do advogado Mauro C\u00e9sar Rodrigues, impedido de ter acesso aos autos de um inqu\u00e9rito pela major da Pol\u00edcia Militar, K\u00eania Prates. O advogado Mauro C\u00e9sar Rodrigues","og:url":"https:\/\/anoticiaonline.com.br\/site\/oab-minas-promove-ato-de-desagravo-publico-em-muriae\/","og:image":"https:\/\/scontent-gig4-1.xx.fbcdn.net\/v\/t39.30808-1\/270437624_4564083193639691_6907940295614233970_n.jpg?stp=dst-jpg_s200x200_tt6&#038;_nc_cat=111&#038;ccb=1-7&#038;_nc_sid=f907e8&#038;_nc_ohc=SM1wRlP3lJwQ7kNvwEPuBYA&#038;_nc_oc=AdnqrjDN_BNjSSHWO-GbkIWH6fkGMLw4bqvL_NH6e2wMveX7G-rP2dAqsDSq1mJMOaY&#038;_nc_zt=24&#038;_nc_ht=scontent-gig4-1.xx&#038;_nc_gid=AoBFJeGrT1hVaew_6rchkQ&#038;oh=00_AfX7QmFGhQhG2jAllVgXCiM1ZrWgvtp80-Bfppyexh1QEg&#038;oe=689E923C","og:image:secure_url":"https:\/\/scontent-gig4-1.xx.fbcdn.net\/v\/t39.30808-1\/270437624_4564083193639691_6907940295614233970_n.jpg?stp=dst-jpg_s200x200_tt6&#038;_nc_cat=111&#038;ccb=1-7&#038;_nc_sid=f907e8&#038;_nc_ohc=SM1wRlP3lJwQ7kNvwEPuBYA&#038;_nc_oc=AdnqrjDN_BNjSSHWO-GbkIWH6fkGMLw4bqvL_NH6e2wMveX7G-rP2dAqsDSq1mJMOaY&#038;_nc_zt=24&#038;_nc_ht=scontent-gig4-1.xx&#038;_nc_gid=AoBFJeGrT1hVaew_6rchkQ&#038;oh=00_AfX7QmFGhQhG2jAllVgXCiM1ZrWgvtp80-Bfppyexh1QEg&#038;oe=689E923C","article:published_time":"2017-10-26T18:26:22+00:00","article:modified_time":"2017-10-26T18:26:22+00:00","twitter:card":"summary_large_image","twitter:title":"OAB Minas promove ato de desagravo p\u00fablico em Muria\u00e9 - A Not\u00edcia Online","twitter:description":"Manifesto ser\u00e1 realizado em rep\u00fadio ao impedimento sofrido por advogado no munic\u00edpio A OAB Minas realizar\u00e1, na sexta-feira (27), em frente ao F\u00f3rum de Muria\u00e9, ato p\u00fablico de desagravo em defesa do advogado Mauro C\u00e9sar Rodrigues, impedido de ter acesso aos autos de um inqu\u00e9rito pela major da Pol\u00edcia Militar, K\u00eania Prates. O advogado Mauro C\u00e9sar Rodrigues","twitter:image":"https:\/\/scontent-gig4-1.xx.fbcdn.net\/v\/t39.30808-1\/270437624_4564083193639691_6907940295614233970_n.jpg?stp=dst-jpg_s200x200_tt6&_nc_cat=111&ccb=1-7&_nc_sid=f907e8&_nc_ohc=SM1wRlP3lJwQ7kNvwEPuBYA&_nc_oc=AdnqrjDN_BNjSSHWO-GbkIWH6fkGMLw4bqvL_NH6e2wMveX7G-rP2dAqsDSq1mJMOaY&_nc_zt=24&_nc_ht=scontent-gig4-1.xx&_nc_gid=AoBFJeGrT1hVaew_6rchkQ&oh=00_AfX7QmFGhQhG2jAllVgXCiM1ZrWgvtp80-Bfppyexh1QEg&oe=689E923C"},"aioseo_meta_data":{"post_id":"43081","title":null,"description":null,"keywords":null,"keyphrases":null,"primary_term":null,"canonical_url":null,"og_title":null,"og_description":null,"og_object_type":"default","og_image_type":"default","og_image_url":null,"og_image_width":null,"og_image_height":null,"og_image_custom_url":null,"og_image_custom_fields":null,"og_video":null,"og_custom_url":null,"og_article_section":null,"og_article_tags":null,"twitter_use_og":false,"twitter_card":"default","twitter_image_type":"default","twitter_image_url":null,"twitter_image_custom_url":null,"twitter_image_custom_fields":null,"twitter_title":null,"twitter_description":null,"schema":{"blockGraphs":[],"customGraphs":[],"default":{"data":{"Article":[],"Course":[],"Dataset":[],"FAQPage":[],"Movie":[],"Person":[],"Product":[],"ProductReview":[],"Car":[],"Recipe":[],"Service":[],"SoftwareApplication":[],"WebPage":[]},"graphName":"","isEnabled":true},"graphs":[]},"schema_type":"default","schema_type_options":null,"pillar_content":false,"robots_default":true,"robots_noindex":false,"robots_noarchive":false,"robots_nosnippet":false,"robots_nofollow":false,"robots_noimageindex":false,"robots_noodp":false,"robots_notranslate":false,"robots_max_snippet":null,"robots_max_videopreview":null,"robots_max_imagepreview":"large","priority":null,"frequency":null,"local_seo":null,"breadcrumb_settings":null,"limit_modified_date":false,"ai":null,"created":"2025-08-16 19:41:30","updated":"2025-08-16 19:41:30","focus_keyword":null,"additional_keywords":null,"truseo_locale":null,"seo_analyzer_scan_date":null},"aioseo_breadcrumb":"<div class=\"aioseo-breadcrumbs\"><span class=\"aioseo-breadcrumb\">\n\t\t\t<a href=\"https:\/\/anoticiaonline.com.br\/site\" title=\"Home\">Home<\/a>\n\t\t<\/span><span class=\"aioseo-breadcrumb-separator\">&raquo;<\/span><span class=\"aioseo-breadcrumb\">\n\t\t\t<a href=\"https:\/\/anoticiaonline.com.br\/site\/categoria\/muriae\/\" title=\"Blog\">Blog<\/a>\n\t\t<\/span><span class=\"aioseo-breadcrumb-separator\">&raquo;<\/span><span class=\"aioseo-breadcrumb\">\n\t\t\tOAB Minas promove ato de desagravo p\u00fablico em Muria\u00e9\n\t\t<\/span><\/div>","aioseo_breadcrumb_json":[{"label":"Home","link":"https:\/\/anoticiaonline.com.br\/site"},{"label":"Blog","link":"https:\/\/anoticiaonline.com.br\/site\/categoria\/muriae\/"},{"label":"OAB Minas promove ato de desagravo p\u00fablico em Muria\u00e9","link":"https:\/\/anoticiaonline.com.br\/site\/oab-minas-promove-ato-de-desagravo-publico-em-muriae\/"}],"views":153,"_links":{"self":[{"href":"https:\/\/anoticiaonline.com.br\/site\/wp-json\/wp\/v2\/posts\/43081","targetHints":{"allow":["GET"]}}],"collection":[{"href":"https:\/\/anoticiaonline.com.br\/site\/wp-json\/wp\/v2\/posts"}],"about":[{"href":"https:\/\/anoticiaonline.com.br\/site\/wp-json\/wp\/v2\/types\/post"}],"author":[{"embeddable":true,"href":"https:\/\/anoticiaonline.com.br\/site\/wp-json\/wp\/v2\/users\/2"}],"replies":[{"embeddable":true,"href":"https:\/\/anoticiaonline.com.br\/site\/wp-json\/wp\/v2\/comments?post=43081"}],"version-history":[{"count":0,"href":"https:\/\/anoticiaonline.com.br\/site\/wp-json\/wp\/v2\/posts\/43081\/revisions"}],"wp:featuredmedia":[{"embeddable":true,"href":"https:\/\/anoticiaonline.com.br\/site\/wp-json\/wp\/v2\/media\/43082"}],"wp:attachment":[{"href":"https:\/\/anoticiaonline.com.br\/site\/wp-json\/wp\/v2\/media?parent=43081"}],"wp:term":[{"taxonomy":"category","embeddable":true,"href":"https:\/\/anoticiaonline.com.br\/site\/wp-json\/wp\/v2\/categories?post=43081"},{"taxonomy":"post_tag","embeddable":true,"href":"https:\/\/anoticiaonline.com.br\/site\/wp-json\/wp\/v2\/tags?post=43081"}],"curies":[{"name":"wp","href":"https:\/\/api.w.org\/{rel}","templated":true}]}}