{"id":43045,"date":"2017-10-23T15:15:45","date_gmt":"2017-10-23T18:15:45","guid":{"rendered":"http:\/\/anoticiaonline.com.br\/site\/?p=43045"},"modified":"2017-10-23T15:15:45","modified_gmt":"2017-10-23T18:15:45","slug":"sociarte-20-10","status":"publish","type":"post","link":"https:\/\/anoticiaonline.com.br\/site\/sociarte-20-10\/","title":{"rendered":"SOCIARTE 20.10"},"content":{"rendered":"<p><strong><a href=\"https:\/\/anoticiaonline.com.br\/site\/wp-content\/uploads\/2017\/10\/Comemora\u00e7\u00e3o-dupla.jpg\"><img fetchpriority=\"high\" decoding=\"async\" class=\"aligncenter wp-image-43046\" src=\"https:\/\/anoticiaonline.com.br\/site\/wp-content\/uploads\/2017\/10\/Comemora\u00e7\u00e3o-dupla.jpg\" alt=\"\" width=\"266\" height=\"400\" srcset=\"https:\/\/anoticiaonline.com.br\/site\/wp-content\/uploads\/2017\/10\/Comemora\u00e7\u00e3o-dupla.jpg 426w, https:\/\/anoticiaonline.com.br\/site\/wp-content\/uploads\/2017\/10\/Comemora\u00e7\u00e3o-dupla-200x300.jpg 200w\" sizes=\"(max-width: 266px) 100vw, 266px\" \/><\/a>Comemora\u00e7\u00e3o dupla<\/strong><\/p>\n<p>Os pais Fernando Oliveira e Regiane Bittencourt, da Drogaria Nova, comemoraram o anivers\u00e1rio de 10 anos de sua linda filha, Fernanda Bittencourt, juntamente com o batizado do ca\u00e7ula da fam\u00edlia, o fofo Lorenzo, no dia 15 de outubro, na Ch\u00e1cara do Fernando, na Gameleira. Felicidades para toda a fam\u00edlia! Clique cedido pela Foto Central.<\/p>\n<p><strong><a href=\"https:\/\/anoticiaonline.com.br\/site\/wp-content\/uploads\/2017\/10\/Casamento-Teresa-e-Devanir.jpg\"><img decoding=\"async\" class=\"aligncenter wp-image-43047\" src=\"https:\/\/anoticiaonline.com.br\/site\/wp-content\/uploads\/2017\/10\/Casamento-Teresa-e-Devanir.jpg\" alt=\"\" width=\"265\" height=\"400\" srcset=\"https:\/\/anoticiaonline.com.br\/site\/wp-content\/uploads\/2017\/10\/Casamento-Teresa-e-Devanir.jpg 424w, https:\/\/anoticiaonline.com.br\/site\/wp-content\/uploads\/2017\/10\/Casamento-Teresa-e-Devanir-199x300.jpg 199w\" sizes=\"(max-width: 265px) 100vw, 265px\" \/><\/a>Casamento Teresa e Devanir<\/strong><\/p>\n<p>Teresa Cristina Quint\u00e3o e Devanir da Silva Chaves uniram-se em matrim\u00f4nio na noite de s\u00e1bado (14), na Igreja S\u00e3o Francisco de Assis, no bairro S\u00e3o Francisco. A recep\u00e7\u00e3o aconteceu no Espa\u00e7o G\u00e1vea. Ela \u00e9 filha de Nilma e Wilton Quint\u00e3o (in memoriam); ele \u00e9 filho de Francisco Chaves (in memoriam) e Nair Chaves (in memoriam). Parab\u00e9ns ao casal!<\/p>\n<p><strong><a href=\"https:\/\/anoticiaonline.com.br\/site\/wp-content\/uploads\/2017\/10\/Batizado-de-Maria-J\u00falia.jpg\"><img decoding=\"async\" class=\"aligncenter wp-image-43048\" src=\"https:\/\/anoticiaonline.com.br\/site\/wp-content\/uploads\/2017\/10\/Batizado-de-Maria-J\u00falia.jpg\" alt=\"\" width=\"265\" height=\"400\" srcset=\"https:\/\/anoticiaonline.com.br\/site\/wp-content\/uploads\/2017\/10\/Batizado-de-Maria-J\u00falia.jpg 424w, https:\/\/anoticiaonline.com.br\/site\/wp-content\/uploads\/2017\/10\/Batizado-de-Maria-J\u00falia-199x300.jpg 199w\" sizes=\"(max-width: 265px) 100vw, 265px\" \/><\/a>Batizado de Maria J\u00falia<\/strong><\/p>\n<p>A linda Maria J\u00falia Soares Coelho, filha de Cleusa Ar\u00eades Soares e de Marcelo Coelho, foi batizada na Igreja Cat\u00f3lica do bairro Jo\u00e3o XXIII, no \u00faltimo domingo (15), ap\u00f3s a cerim\u00f4nia, fam\u00edlia, amigos e padrinhos se reuniram para uma animada comemora\u00e7\u00e3o. Felicidades, Maria J\u00falia! Foto gentilmente cedida pela Foto Central.<\/p>\n<p><strong><a href=\"https:\/\/anoticiaonline.com.br\/site\/wp-content\/uploads\/2017\/10\/5-anos-de-Arthur.jpg\"><img loading=\"lazy\" decoding=\"async\" class=\"aligncenter wp-image-43049\" src=\"https:\/\/anoticiaonline.com.br\/site\/wp-content\/uploads\/2017\/10\/5-anos-de-Arthur-300x211.jpg\" alt=\"\" width=\"400\" height=\"281\" srcset=\"https:\/\/anoticiaonline.com.br\/site\/wp-content\/uploads\/2017\/10\/5-anos-de-Arthur-300x211.jpg 300w, https:\/\/anoticiaonline.com.br\/site\/wp-content\/uploads\/2017\/10\/5-anos-de-Arthur.jpg 640w\" sizes=\"(max-width: 400px) 100vw, 400px\" \/><\/a>5 anos de Arthur<\/strong><\/p>\n<p>O gatinho Arthur Rodrigues Romero comemorou seu anivers\u00e1rio de 5 anos ao lados dos pais, Washington Romero e L\u00edvia Romero, fam\u00edlia e amigos, no quiosque da AABB. A festa, comemorada no s\u00e1bado (14), teve como tema Os Vingadores. Parab\u00e9ns. Arthur. Foto: Revele Photo.<\/p>\n<p><strong><a href=\"https:\/\/anoticiaonline.com.br\/site\/wp-content\/uploads\/2017\/10\/Parab\u00e9ns-Cristiane.jpg\"><img loading=\"lazy\" decoding=\"async\" class=\"aligncenter wp-image-43051\" src=\"https:\/\/anoticiaonline.com.br\/site\/wp-content\/uploads\/2017\/10\/Parab\u00e9ns-Cristiane-225x300.jpg\" alt=\"\" width=\"300\" height=\"400\" srcset=\"https:\/\/anoticiaonline.com.br\/site\/wp-content\/uploads\/2017\/10\/Parab\u00e9ns-Cristiane-225x300.jpg 225w, https:\/\/anoticiaonline.com.br\/site\/wp-content\/uploads\/2017\/10\/Parab\u00e9ns-Cristiane.jpg 480w\" sizes=\"(max-width: 300px) 100vw, 300px\" \/><\/a>Parab\u00e9ns, Cristiane<\/strong><\/p>\n<p>Nossa amiga, Cristiane Cassim, propriet\u00e1ria da Mix Lanches, completou idade nova na \u00faltima quarta-feira (18). N\u00f3s do jornal A Not\u00edcia desejamos muitas felicidades, sa\u00fade e sucesso em sua vida! Parab\u00e9ns!<\/p>\n<p><strong><a href=\"https:\/\/anoticiaonline.com.br\/site\/wp-content\/uploads\/2017\/10\/foto-Sonia.jpeg\"><img loading=\"lazy\" decoding=\"async\" class=\"aligncenter wp-image-43050\" src=\"https:\/\/anoticiaonline.com.br\/site\/wp-content\/uploads\/2017\/10\/foto-Sonia-300x200.jpeg\" alt=\"\" width=\"400\" height=\"267\" srcset=\"https:\/\/anoticiaonline.com.br\/site\/wp-content\/uploads\/2017\/10\/foto-Sonia-300x200.jpeg 300w, https:\/\/anoticiaonline.com.br\/site\/wp-content\/uploads\/2017\/10\/foto-Sonia.jpeg 640w\" sizes=\"(max-width: 400px) 100vw, 400px\" \/><\/a>Feliz A<\/strong><strong>nivers\u00e1rio, S\u00f4nia<\/strong><\/p>\n<p>A querida S\u00f4nia Maria Dias de Azevedo comemorou seu anivers\u00e1rio, no s\u00e1bado (14), ao lado de seus amigos e companheiras do Lions Clube Muria\u00e9 Helen Keller, durante a beneficente Noite \u00c1rabe, na AABB. Ela \u00e9 casada com Edmilson Terra de Azevedo e m\u00e3e de Ant\u00f4nio Azevedo Neto e Evelyn Dias de Azevedo. Felicidades, S\u00f4nia!<\/p>\n<p><strong><a href=\"https:\/\/anoticiaonline.com.br\/site\/wp-content\/uploads\/2017\/10\/Aniversariantes-da-semana.jpg\"><img loading=\"lazy\" decoding=\"async\" class=\"aligncenter wp-image-43052\" src=\"https:\/\/anoticiaonline.com.br\/site\/wp-content\/uploads\/2017\/10\/Aniversariantes-da-semana-300x200.jpg\" alt=\"\" width=\"400\" height=\"266\" srcset=\"https:\/\/anoticiaonline.com.br\/site\/wp-content\/uploads\/2017\/10\/Aniversariantes-da-semana-300x200.jpg 300w, https:\/\/anoticiaonline.com.br\/site\/wp-content\/uploads\/2017\/10\/Aniversariantes-da-semana.jpg 640w\" sizes=\"(max-width: 400px) 100vw, 400px\" \/><\/a>Aniversariantes da semana<\/strong><strong>\u00a0<\/strong><\/p>\n<p>Tamb\u00e9m durante a Noite \u00c1rabe, do Lions Clube Muria\u00e9 Helen Keller, as companheiras, Mar\u00edlia Pimentel Adriano (ponta esquerda), S\u00f4nia Maria Dias de Azevedo (de preto), Zilma Xavier de Souza (de rosa ao centro) e Suely Ribeiro Damas (de azul), aniversariantes da semana, comemoraram a idade nova, em grande estilo, durante a festa beneficente que aconteceu no s\u00e1bado (14), acompanhadas da presidente Wanderly Torres (esquerda) e Maria Ang\u00e9lica (ponta direita).<\/p>\n","protected":false},"excerpt":{"rendered":"<p>Comemora\u00e7\u00e3o dupla Os pais Fernando Oliveira e Regiane Bittencourt, da Drogaria Nova, comemoraram o anivers\u00e1rio de 10 anos de sua linda filha, Fernanda Bittencourt, juntamente com o batizado do ca\u00e7ula da fam\u00edlia, o fofo Lorenzo, no dia 15 de outubro, na Ch\u00e1cara do Fernando, na Gameleira. Felicidades para toda a fam\u00edlia! Clique cedido pela Foto &#8230; <a title=\"SOCIARTE 20.10\" class=\"read-more\" href=\"https:\/\/anoticiaonline.com.br\/site\/sociarte-20-10\/\" aria-label=\"Read more about SOCIARTE 20.10\">Ler mais<\/a><\/p>\n","protected":false},"author":2,"featured_media":0,"comment_status":"open","ping_status":"open","sticky":false,"template":"","format":"standard","meta":{"_acf_changed":false,"_monsterinsights_skip_tracking":false,"footnotes":""},"categories":[31,38],"tags":[],"class_list":["post-43045","post","type-post","status-publish","format-standard","hentry","category-colunistas","category-sociarte"],"acf":[],"aioseo_notices":[],"aioseo_head":"\n\t\t<!-- All in One SEO 5.0.0.1 - aioseo.com -->\n\t<meta name=\"description\" content=\"Comemora\u00e7\u00e3o dupla Os pais Fernando Oliveira e Regiane Bittencourt, da Drogaria Nova, comemoraram o anivers\u00e1rio de 10 anos de sua linda filha, Fernanda Bittencourt, juntamente com o batizado do ca\u00e7ula da fam\u00edlia, o fofo Lorenzo, no dia 15 de outubro, na Ch\u00e1cara do Fernando, na Gameleira. Felicidades para toda a fam\u00edlia! Clique cedido pela Foto\" \/>\n\t<meta name=\"robots\" content=\"max-image-preview:large\" \/>\n\t<meta name=\"author\" content=\"Juliana Laviola\"\/>\n\t<link rel=\"canonical\" href=\"https:\/\/anoticiaonline.com.br\/site\/sociarte-20-10\/\" \/>\n\t<meta name=\"generator\" content=\"All in One SEO (AIOSEO) 5.0.0.1\" \/>\n\t\t<meta property=\"og:locale\" content=\"pt_BR\" \/>\n\t\t<meta property=\"og:site_name\" content=\"A Not\u00edcia Online - Noticias de Muria\u00e9 e regi\u00e3o\" \/>\n\t\t<meta property=\"og:type\" content=\"article\" \/>\n\t\t<meta property=\"og:title\" content=\"SOCIARTE 20.10 - A Not\u00edcia Online\" \/>\n\t\t<meta property=\"og:description\" content=\"Comemora\u00e7\u00e3o dupla Os pais Fernando Oliveira e Regiane Bittencourt, da Drogaria Nova, comemoraram o anivers\u00e1rio de 10 anos de sua linda filha, Fernanda Bittencourt, juntamente com o batizado do ca\u00e7ula da fam\u00edlia, o fofo Lorenzo, no dia 15 de outubro, na Ch\u00e1cara do Fernando, na Gameleira. Felicidades para toda a fam\u00edlia! Clique cedido pela Foto\" \/>\n\t\t<meta property=\"og:url\" content=\"https:\/\/anoticiaonline.com.br\/site\/sociarte-20-10\/\" \/>\n\t\t<meta property=\"og:image\" content=\"https:\/\/scontent-gig4-1.xx.fbcdn.net\/v\/t39.30808-1\/270437624_4564083193639691_6907940295614233970_n.jpg?stp=dst-jpg_s200x200_tt6&#038;_nc_cat=111&#038;ccb=1-7&#038;_nc_sid=f907e8&#038;_nc_ohc=SM1wRlP3lJwQ7kNvwEPuBYA&#038;_nc_oc=AdnqrjDN_BNjSSHWO-GbkIWH6fkGMLw4bqvL_NH6e2wMveX7G-rP2dAqsDSq1mJMOaY&#038;_nc_zt=24&#038;_nc_ht=scontent-gig4-1.xx&#038;_nc_gid=AoBFJeGrT1hVaew_6rchkQ&#038;oh=00_AfX7QmFGhQhG2jAllVgXCiM1ZrWgvtp80-Bfppyexh1QEg&#038;oe=689E923C\" \/>\n\t\t<meta property=\"og:image:secure_url\" content=\"https:\/\/scontent-gig4-1.xx.fbcdn.net\/v\/t39.30808-1\/270437624_4564083193639691_6907940295614233970_n.jpg?stp=dst-jpg_s200x200_tt6&#038;_nc_cat=111&#038;ccb=1-7&#038;_nc_sid=f907e8&#038;_nc_ohc=SM1wRlP3lJwQ7kNvwEPuBYA&#038;_nc_oc=AdnqrjDN_BNjSSHWO-GbkIWH6fkGMLw4bqvL_NH6e2wMveX7G-rP2dAqsDSq1mJMOaY&#038;_nc_zt=24&#038;_nc_ht=scontent-gig4-1.xx&#038;_nc_gid=AoBFJeGrT1hVaew_6rchkQ&#038;oh=00_AfX7QmFGhQhG2jAllVgXCiM1ZrWgvtp80-Bfppyexh1QEg&#038;oe=689E923C\" \/>\n\t\t<meta property=\"article:published_time\" content=\"2017-10-23T18:15:45+00:00\" \/>\n\t\t<meta property=\"article:modified_time\" content=\"2017-10-23T18:15:45+00:00\" \/>\n\t\t<meta name=\"twitter:card\" content=\"summary_large_image\" \/>\n\t\t<meta name=\"twitter:title\" content=\"SOCIARTE 20.10 - A Not\u00edcia Online\" \/>\n\t\t<meta name=\"twitter:description\" content=\"Comemora\u00e7\u00e3o dupla Os pais Fernando Oliveira e Regiane Bittencourt, da Drogaria Nova, comemoraram o anivers\u00e1rio de 10 anos de sua linda filha, Fernanda Bittencourt, juntamente com o batizado do ca\u00e7ula da fam\u00edlia, o fofo Lorenzo, no dia 15 de outubro, na Ch\u00e1cara do Fernando, na Gameleira. Felicidades para toda a fam\u00edlia! Clique cedido pela Foto\" \/>\n\t\t<meta name=\"twitter:image\" content=\"https:\/\/scontent-gig4-1.xx.fbcdn.net\/v\/t39.30808-1\/270437624_4564083193639691_6907940295614233970_n.jpg?stp=dst-jpg_s200x200_tt6&amp;_nc_cat=111&amp;ccb=1-7&amp;_nc_sid=f907e8&amp;_nc_ohc=SM1wRlP3lJwQ7kNvwEPuBYA&amp;_nc_oc=AdnqrjDN_BNjSSHWO-GbkIWH6fkGMLw4bqvL_NH6e2wMveX7G-rP2dAqsDSq1mJMOaY&amp;_nc_zt=24&amp;_nc_ht=scontent-gig4-1.xx&amp;_nc_gid=AoBFJeGrT1hVaew_6rchkQ&amp;oh=00_AfX7QmFGhQhG2jAllVgXCiM1ZrWgvtp80-Bfppyexh1QEg&amp;oe=689E923C\" \/>\n\t\t<script type=\"application\/ld+json\" class=\"aioseo-schema\">\n\t\t\t{\"@context\":\"https:\\\/\\\/schema.org\",\"@graph\":[{\"@type\":\"BlogPosting\",\"@id\":\"https:\\\/\\\/anoticiaonline.com.br\\\/site\\\/sociarte-20-10\\\/#blogposting\",\"name\":\"SOCIARTE 20.10 - A Not\\u00edcia Online\",\"headline\":\"SOCIARTE 20.10\",\"author\":{\"@id\":\"https:\\\/\\\/anoticiaonline.com.br\\\/site\\\/author\\\/juliana\\\/#author\"},\"publisher\":{\"@id\":\"https:\\\/\\\/anoticiaonline.com.br\\\/site\\\/#organization\"},\"image\":{\"@type\":\"ImageObject\",\"url\":\"https:\\\/\\\/anoticiaonline.com.br\\\/site\\\/wp-content\\\/uploads\\\/2017\\\/10\\\/Comemora\\u00e7\\u00e3o-dupla.jpg\",\"@id\":\"https:\\\/\\\/anoticiaonline.com.br\\\/site\\\/sociarte-20-10\\\/#articleImage\",\"width\":426,\"height\":640},\"datePublished\":\"2017-10-23T15:15:45-03:00\",\"dateModified\":\"2017-10-23T15:15:45-03:00\",\"inLanguage\":\"pt-BR\",\"mainEntityOfPage\":{\"@id\":\"https:\\\/\\\/anoticiaonline.com.br\\\/site\\\/sociarte-20-10\\\/#webpage\"},\"isPartOf\":{\"@id\":\"https:\\\/\\\/anoticiaonline.com.br\\\/site\\\/sociarte-20-10\\\/#webpage\"},\"articleSection\":\"Colunistas, Sociarte\"},{\"@type\":\"BreadcrumbList\",\"@id\":\"https:\\\/\\\/anoticiaonline.com.br\\\/site\\\/sociarte-20-10\\\/#breadcrumblist\",\"itemListElement\":[{\"@type\":\"ListItem\",\"@id\":\"https:\\\/\\\/anoticiaonline.com.br\\\/site#listItem\",\"position\":1,\"name\":\"Home\",\"item\":\"https:\\\/\\\/anoticiaonline.com.br\\\/site\",\"nextItem\":{\"@type\":\"ListItem\",\"@id\":\"https:\\\/\\\/anoticiaonline.com.br\\\/site\\\/categoria\\\/colunistas\\\/#listItem\",\"name\":\"Colunistas\"}},{\"@type\":\"ListItem\",\"@id\":\"https:\\\/\\\/anoticiaonline.com.br\\\/site\\\/categoria\\\/colunistas\\\/#listItem\",\"position\":2,\"name\":\"Colunistas\",\"item\":\"https:\\\/\\\/anoticiaonline.com.br\\\/site\\\/categoria\\\/colunistas\\\/\",\"nextItem\":{\"@type\":\"ListItem\",\"@id\":\"https:\\\/\\\/anoticiaonline.com.br\\\/site\\\/categoria\\\/colunistas\\\/sociarte\\\/#listItem\",\"name\":\"Sociarte\"},\"previousItem\":{\"@type\":\"ListItem\",\"@id\":\"https:\\\/\\\/anoticiaonline.com.br\\\/site#listItem\",\"name\":\"Home\"}},{\"@type\":\"ListItem\",\"@id\":\"https:\\\/\\\/anoticiaonline.com.br\\\/site\\\/categoria\\\/colunistas\\\/sociarte\\\/#listItem\",\"position\":3,\"name\":\"Sociarte\",\"item\":\"https:\\\/\\\/anoticiaonline.com.br\\\/site\\\/categoria\\\/colunistas\\\/sociarte\\\/\",\"nextItem\":{\"@type\":\"ListItem\",\"@id\":\"https:\\\/\\\/anoticiaonline.com.br\\\/site\\\/sociarte-20-10\\\/#listItem\",\"name\":\"SOCIARTE 20.10\"},\"previousItem\":{\"@type\":\"ListItem\",\"@id\":\"https:\\\/\\\/anoticiaonline.com.br\\\/site\\\/categoria\\\/colunistas\\\/#listItem\",\"name\":\"Colunistas\"}},{\"@type\":\"ListItem\",\"@id\":\"https:\\\/\\\/anoticiaonline.com.br\\\/site\\\/sociarte-20-10\\\/#listItem\",\"position\":4,\"name\":\"SOCIARTE 20.10\",\"previousItem\":{\"@type\":\"ListItem\",\"@id\":\"https:\\\/\\\/anoticiaonline.com.br\\\/site\\\/categoria\\\/colunistas\\\/sociarte\\\/#listItem\",\"name\":\"Sociarte\"}}]},{\"@type\":\"Organization\",\"@id\":\"https:\\\/\\\/anoticiaonline.com.br\\\/site\\\/#organization\",\"name\":\"A Not\\u00edcia Online\",\"description\":\"Noticias de Muria\\u00e9 e regi\\u00e3o\",\"url\":\"https:\\\/\\\/anoticiaonline.com.br\\\/site\\\/\",\"logo\":{\"@type\":\"ImageObject\",\"url\":\"https:\\\/\\\/scontent-gig4-1.xx.fbcdn.net\\\/v\\\/t39.30808-1\\\/270437624_4564083193639691_6907940295614233970_n.jpg?stp=dst-jpg_s200x200_tt6&_nc_cat=111&ccb=1-7&_nc_sid=f907e8&_nc_ohc=SM1wRlP3lJwQ7kNvwEPuBYA&_nc_oc=AdnqrjDN_BNjSSHWO-GbkIWH6fkGMLw4bqvL_NH6e2wMveX7G-rP2dAqsDSq1mJMOaY&_nc_zt=24&_nc_ht=scontent-gig4-1.xx&_nc_gid=AoBFJeGrT1hVaew_6rchkQ&oh=00_AfX7QmFGhQhG2jAllVgXCiM1ZrWgvtp80-Bfppyexh1QEg&oe=689E923C\",\"@id\":\"https:\\\/\\\/anoticiaonline.com.br\\\/site\\\/sociarte-20-10\\\/#organizationLogo\"},\"image\":{\"@id\":\"https:\\\/\\\/anoticiaonline.com.br\\\/site\\\/sociarte-20-10\\\/#organizationLogo\"}},{\"@type\":\"Person\",\"@id\":\"https:\\\/\\\/anoticiaonline.com.br\\\/site\\\/author\\\/juliana\\\/#author\",\"url\":\"https:\\\/\\\/anoticiaonline.com.br\\\/site\\\/author\\\/juliana\\\/\",\"name\":\"Juliana Laviola\",\"image\":{\"@type\":\"ImageObject\",\"@id\":\"https:\\\/\\\/anoticiaonline.com.br\\\/site\\\/sociarte-20-10\\\/#authorImage\",\"url\":\"https:\\\/\\\/secure.gravatar.com\\\/avatar\\\/b8d45f5c699b100dfaf0e543582f38f38bf94cb7ae3a5e9abf8d891a34773335?s=96&d=mm&r=g\",\"width\":96,\"height\":96,\"caption\":\"Juliana Laviola\"}},{\"@type\":\"WebPage\",\"@id\":\"https:\\\/\\\/anoticiaonline.com.br\\\/site\\\/sociarte-20-10\\\/#webpage\",\"url\":\"https:\\\/\\\/anoticiaonline.com.br\\\/site\\\/sociarte-20-10\\\/\",\"name\":\"SOCIARTE 20.10 - A Not\\u00edcia Online\",\"description\":\"Comemora\\u00e7\\u00e3o dupla Os pais Fernando Oliveira e Regiane Bittencourt, da Drogaria Nova, comemoraram o anivers\\u00e1rio de 10 anos de sua linda filha, Fernanda Bittencourt, juntamente com o batizado do ca\\u00e7ula da fam\\u00edlia, o fofo Lorenzo, no dia 15 de outubro, na Ch\\u00e1cara do Fernando, na Gameleira. Felicidades para toda a fam\\u00edlia! Clique cedido pela Foto\",\"inLanguage\":\"pt-BR\",\"isPartOf\":{\"@id\":\"https:\\\/\\\/anoticiaonline.com.br\\\/site\\\/#website\"},\"breadcrumb\":{\"@id\":\"https:\\\/\\\/anoticiaonline.com.br\\\/site\\\/sociarte-20-10\\\/#breadcrumblist\"},\"author\":{\"@id\":\"https:\\\/\\\/anoticiaonline.com.br\\\/site\\\/author\\\/juliana\\\/#author\"},\"creator\":{\"@id\":\"https:\\\/\\\/anoticiaonline.com.br\\\/site\\\/author\\\/juliana\\\/#author\"},\"datePublished\":\"2017-10-23T15:15:45-03:00\",\"dateModified\":\"2017-10-23T15:15:45-03:00\"},{\"@type\":\"WebSite\",\"@id\":\"https:\\\/\\\/anoticiaonline.com.br\\\/site\\\/#website\",\"url\":\"https:\\\/\\\/anoticiaonline.com.br\\\/site\\\/\",\"name\":\"A Not\\u00edcia Online\",\"description\":\"Noticias de Muria\\u00e9 e regi\\u00e3o\",\"inLanguage\":\"pt-BR\",\"publisher\":{\"@id\":\"https:\\\/\\\/anoticiaonline.com.br\\\/site\\\/#organization\"}}]}\n\t\t<\/script>\n\t\t<!-- All in One SEO -->\n\n","aioseo_head_json":{"title":"SOCIARTE 20.10 - A Not\u00edcia Online","description":"Comemora\u00e7\u00e3o dupla Os pais Fernando Oliveira e Regiane Bittencourt, da Drogaria Nova, comemoraram o anivers\u00e1rio de 10 anos de sua linda filha, Fernanda Bittencourt, juntamente com o batizado do ca\u00e7ula da fam\u00edlia, o fofo Lorenzo, no dia 15 de outubro, na Ch\u00e1cara do Fernando, na Gameleira. Felicidades para toda a fam\u00edlia! Clique cedido pela Foto","canonical_url":"https:\/\/anoticiaonline.com.br\/site\/sociarte-20-10\/","robots":"max-image-preview:large","keywords":"","webmasterTools":{"miscellaneous":""},"schema":{"@context":"https:\/\/schema.org","@graph":[{"@type":"BlogPosting","@id":"https:\/\/anoticiaonline.com.br\/site\/sociarte-20-10\/#blogposting","name":"SOCIARTE 20.10 - A Not\u00edcia Online","headline":"SOCIARTE 20.10","author":{"@id":"https:\/\/anoticiaonline.com.br\/site\/author\/juliana\/#author"},"publisher":{"@id":"https:\/\/anoticiaonline.com.br\/site\/#organization"},"image":{"@type":"ImageObject","url":"https:\/\/anoticiaonline.com.br\/site\/wp-content\/uploads\/2017\/10\/Comemora\u00e7\u00e3o-dupla.jpg","@id":"https:\/\/anoticiaonline.com.br\/site\/sociarte-20-10\/#articleImage","width":426,"height":640},"datePublished":"2017-10-23T15:15:45-03:00","dateModified":"2017-10-23T15:15:45-03:00","inLanguage":"pt-BR","mainEntityOfPage":{"@id":"https:\/\/anoticiaonline.com.br\/site\/sociarte-20-10\/#webpage"},"isPartOf":{"@id":"https:\/\/anoticiaonline.com.br\/site\/sociarte-20-10\/#webpage"},"articleSection":"Colunistas, Sociarte"},{"@type":"BreadcrumbList","@id":"https:\/\/anoticiaonline.com.br\/site\/sociarte-20-10\/#breadcrumblist","itemListElement":[{"@type":"ListItem","@id":"https:\/\/anoticiaonline.com.br\/site#listItem","position":1,"name":"Home","item":"https:\/\/anoticiaonline.com.br\/site","nextItem":{"@type":"ListItem","@id":"https:\/\/anoticiaonline.com.br\/site\/categoria\/colunistas\/#listItem","name":"Colunistas"}},{"@type":"ListItem","@id":"https:\/\/anoticiaonline.com.br\/site\/categoria\/colunistas\/#listItem","position":2,"name":"Colunistas","item":"https:\/\/anoticiaonline.com.br\/site\/categoria\/colunistas\/","nextItem":{"@type":"ListItem","@id":"https:\/\/anoticiaonline.com.br\/site\/categoria\/colunistas\/sociarte\/#listItem","name":"Sociarte"},"previousItem":{"@type":"ListItem","@id":"https:\/\/anoticiaonline.com.br\/site#listItem","name":"Home"}},{"@type":"ListItem","@id":"https:\/\/anoticiaonline.com.br\/site\/categoria\/colunistas\/sociarte\/#listItem","position":3,"name":"Sociarte","item":"https:\/\/anoticiaonline.com.br\/site\/categoria\/colunistas\/sociarte\/","nextItem":{"@type":"ListItem","@id":"https:\/\/anoticiaonline.com.br\/site\/sociarte-20-10\/#listItem","name":"SOCIARTE 20.10"},"previousItem":{"@type":"ListItem","@id":"https:\/\/anoticiaonline.com.br\/site\/categoria\/colunistas\/#listItem","name":"Colunistas"}},{"@type":"ListItem","@id":"https:\/\/anoticiaonline.com.br\/site\/sociarte-20-10\/#listItem","position":4,"name":"SOCIARTE 20.10","previousItem":{"@type":"ListItem","@id":"https:\/\/anoticiaonline.com.br\/site\/categoria\/colunistas\/sociarte\/#listItem","name":"Sociarte"}}]},{"@type":"Organization","@id":"https:\/\/anoticiaonline.com.br\/site\/#organization","name":"A Not\u00edcia Online","description":"Noticias de Muria\u00e9 e regi\u00e3o","url":"https:\/\/anoticiaonline.com.br\/site\/","logo":{"@type":"ImageObject","url":"https:\/\/scontent-gig4-1.xx.fbcdn.net\/v\/t39.30808-1\/270437624_4564083193639691_6907940295614233970_n.jpg?stp=dst-jpg_s200x200_tt6&_nc_cat=111&ccb=1-7&_nc_sid=f907e8&_nc_ohc=SM1wRlP3lJwQ7kNvwEPuBYA&_nc_oc=AdnqrjDN_BNjSSHWO-GbkIWH6fkGMLw4bqvL_NH6e2wMveX7G-rP2dAqsDSq1mJMOaY&_nc_zt=24&_nc_ht=scontent-gig4-1.xx&_nc_gid=AoBFJeGrT1hVaew_6rchkQ&oh=00_AfX7QmFGhQhG2jAllVgXCiM1ZrWgvtp80-Bfppyexh1QEg&oe=689E923C","@id":"https:\/\/anoticiaonline.com.br\/site\/sociarte-20-10\/#organizationLogo"},"image":{"@id":"https:\/\/anoticiaonline.com.br\/site\/sociarte-20-10\/#organizationLogo"}},{"@type":"Person","@id":"https:\/\/anoticiaonline.com.br\/site\/author\/juliana\/#author","url":"https:\/\/anoticiaonline.com.br\/site\/author\/juliana\/","name":"Juliana Laviola","image":{"@type":"ImageObject","@id":"https:\/\/anoticiaonline.com.br\/site\/sociarte-20-10\/#authorImage","url":"https:\/\/secure.gravatar.com\/avatar\/b8d45f5c699b100dfaf0e543582f38f38bf94cb7ae3a5e9abf8d891a34773335?s=96&d=mm&r=g","width":96,"height":96,"caption":"Juliana Laviola"}},{"@type":"WebPage","@id":"https:\/\/anoticiaonline.com.br\/site\/sociarte-20-10\/#webpage","url":"https:\/\/anoticiaonline.com.br\/site\/sociarte-20-10\/","name":"SOCIARTE 20.10 - A Not\u00edcia Online","description":"Comemora\u00e7\u00e3o dupla Os pais Fernando Oliveira e Regiane Bittencourt, da Drogaria Nova, comemoraram o anivers\u00e1rio de 10 anos de sua linda filha, Fernanda Bittencourt, juntamente com o batizado do ca\u00e7ula da fam\u00edlia, o fofo Lorenzo, no dia 15 de outubro, na Ch\u00e1cara do Fernando, na Gameleira. Felicidades para toda a fam\u00edlia! Clique cedido pela Foto","inLanguage":"pt-BR","isPartOf":{"@id":"https:\/\/anoticiaonline.com.br\/site\/#website"},"breadcrumb":{"@id":"https:\/\/anoticiaonline.com.br\/site\/sociarte-20-10\/#breadcrumblist"},"author":{"@id":"https:\/\/anoticiaonline.com.br\/site\/author\/juliana\/#author"},"creator":{"@id":"https:\/\/anoticiaonline.com.br\/site\/author\/juliana\/#author"},"datePublished":"2017-10-23T15:15:45-03:00","dateModified":"2017-10-23T15:15:45-03:00"},{"@type":"WebSite","@id":"https:\/\/anoticiaonline.com.br\/site\/#website","url":"https:\/\/anoticiaonline.com.br\/site\/","name":"A Not\u00edcia Online","description":"Noticias de Muria\u00e9 e regi\u00e3o","inLanguage":"pt-BR","publisher":{"@id":"https:\/\/anoticiaonline.com.br\/site\/#organization"}}]},"og:locale":"pt_BR","og:site_name":"A Not\u00edcia Online - Noticias de Muria\u00e9 e regi\u00e3o","og:type":"article","og:title":"SOCIARTE 20.10 - A Not\u00edcia Online","og:description":"Comemora\u00e7\u00e3o dupla Os pais Fernando Oliveira e Regiane Bittencourt, da Drogaria Nova, comemoraram o anivers\u00e1rio de 10 anos de sua linda filha, Fernanda Bittencourt, juntamente com o batizado do ca\u00e7ula da fam\u00edlia, o fofo Lorenzo, no dia 15 de outubro, na Ch\u00e1cara do Fernando, na Gameleira. Felicidades para toda a fam\u00edlia! Clique cedido pela Foto","og:url":"https:\/\/anoticiaonline.com.br\/site\/sociarte-20-10\/","og:image":"https:\/\/scontent-gig4-1.xx.fbcdn.net\/v\/t39.30808-1\/270437624_4564083193639691_6907940295614233970_n.jpg?stp=dst-jpg_s200x200_tt6&#038;_nc_cat=111&#038;ccb=1-7&#038;_nc_sid=f907e8&#038;_nc_ohc=SM1wRlP3lJwQ7kNvwEPuBYA&#038;_nc_oc=AdnqrjDN_BNjSSHWO-GbkIWH6fkGMLw4bqvL_NH6e2wMveX7G-rP2dAqsDSq1mJMOaY&#038;_nc_zt=24&#038;_nc_ht=scontent-gig4-1.xx&#038;_nc_gid=AoBFJeGrT1hVaew_6rchkQ&#038;oh=00_AfX7QmFGhQhG2jAllVgXCiM1ZrWgvtp80-Bfppyexh1QEg&#038;oe=689E923C","og:image:secure_url":"https:\/\/scontent-gig4-1.xx.fbcdn.net\/v\/t39.30808-1\/270437624_4564083193639691_6907940295614233970_n.jpg?stp=dst-jpg_s200x200_tt6&#038;_nc_cat=111&#038;ccb=1-7&#038;_nc_sid=f907e8&#038;_nc_ohc=SM1wRlP3lJwQ7kNvwEPuBYA&#038;_nc_oc=AdnqrjDN_BNjSSHWO-GbkIWH6fkGMLw4bqvL_NH6e2wMveX7G-rP2dAqsDSq1mJMOaY&#038;_nc_zt=24&#038;_nc_ht=scontent-gig4-1.xx&#038;_nc_gid=AoBFJeGrT1hVaew_6rchkQ&#038;oh=00_AfX7QmFGhQhG2jAllVgXCiM1ZrWgvtp80-Bfppyexh1QEg&#038;oe=689E923C","article:published_time":"2017-10-23T18:15:45+00:00","article:modified_time":"2017-10-23T18:15:45+00:00","twitter:card":"summary_large_image","twitter:title":"SOCIARTE 20.10 - A Not\u00edcia Online","twitter:description":"Comemora\u00e7\u00e3o dupla Os pais Fernando Oliveira e Regiane Bittencourt, da Drogaria Nova, comemoraram o anivers\u00e1rio de 10 anos de sua linda filha, Fernanda Bittencourt, juntamente com o batizado do ca\u00e7ula da fam\u00edlia, o fofo Lorenzo, no dia 15 de outubro, na Ch\u00e1cara do Fernando, na Gameleira. Felicidades para toda a fam\u00edlia! Clique cedido pela Foto","twitter:image":"https:\/\/scontent-gig4-1.xx.fbcdn.net\/v\/t39.30808-1\/270437624_4564083193639691_6907940295614233970_n.jpg?stp=dst-jpg_s200x200_tt6&_nc_cat=111&ccb=1-7&_nc_sid=f907e8&_nc_ohc=SM1wRlP3lJwQ7kNvwEPuBYA&_nc_oc=AdnqrjDN_BNjSSHWO-GbkIWH6fkGMLw4bqvL_NH6e2wMveX7G-rP2dAqsDSq1mJMOaY&_nc_zt=24&_nc_ht=scontent-gig4-1.xx&_nc_gid=AoBFJeGrT1hVaew_6rchkQ&oh=00_AfX7QmFGhQhG2jAllVgXCiM1ZrWgvtp80-Bfppyexh1QEg&oe=689E923C"},"aioseo_meta_data":{"post_id":"43045","title":null,"description":null,"keywords":null,"keyphrases":null,"primary_term":null,"canonical_url":null,"og_title":null,"og_description":null,"og_object_type":"default","og_image_type":"default","og_image_url":null,"og_image_width":null,"og_image_height":null,"og_image_custom_url":null,"og_image_custom_fields":null,"og_video":null,"og_custom_url":null,"og_article_section":null,"og_article_tags":null,"twitter_use_og":false,"twitter_card":"default","twitter_image_type":"default","twitter_image_url":null,"twitter_image_custom_url":null,"twitter_image_custom_fields":null,"twitter_title":null,"twitter_description":null,"schema":{"blockGraphs":[],"customGraphs":[],"default":{"data":{"Article":[],"Course":[],"Dataset":[],"FAQPage":[],"Movie":[],"Person":[],"Product":[],"ProductReview":[],"Car":[],"Recipe":[],"Service":[],"SoftwareApplication":[],"WebPage":[]},"graphName":"","isEnabled":true},"graphs":[]},"schema_type":"default","schema_type_options":null,"pillar_content":false,"robots_default":true,"robots_noindex":false,"robots_noarchive":false,"robots_nosnippet":false,"robots_nofollow":false,"robots_noimageindex":false,"robots_noodp":false,"robots_notranslate":false,"robots_max_snippet":null,"robots_max_videopreview":null,"robots_max_imagepreview":"large","priority":null,"frequency":null,"local_seo":null,"breadcrumb_settings":null,"limit_modified_date":false,"ai":null,"created":"2025-08-16 19:40:32","updated":"2025-08-16 19:40:32","focus_keyword":null,"additional_keywords":null,"truseo_locale":null,"seo_analyzer_scan_date":null},"aioseo_breadcrumb":"<div class=\"aioseo-breadcrumbs\"><span class=\"aioseo-breadcrumb\">\n\t\t\t<a href=\"https:\/\/anoticiaonline.com.br\/site\" title=\"Home\">Home<\/a>\n\t\t<\/span><span class=\"aioseo-breadcrumb-separator\">&raquo;<\/span><span class=\"aioseo-breadcrumb\">\n\t\t\t<a href=\"https:\/\/anoticiaonline.com.br\/site\/categoria\/colunistas\/\" title=\"Colunistas\">Colunistas<\/a>\n\t\t<\/span><span class=\"aioseo-breadcrumb-separator\">&raquo;<\/span><span class=\"aioseo-breadcrumb\">\n\t\t\t<a href=\"https:\/\/anoticiaonline.com.br\/site\/categoria\/colunistas\/sociarte\/\" title=\"Sociarte\">Sociarte<\/a>\n\t\t<\/span><span class=\"aioseo-breadcrumb-separator\">&raquo;<\/span><span class=\"aioseo-breadcrumb\">\n\t\t\tSOCIARTE 20.10\n\t\t<\/span><\/div>","aioseo_breadcrumb_json":[{"label":"Home","link":"https:\/\/anoticiaonline.com.br\/site"},{"label":"Colunistas","link":"https:\/\/anoticiaonline.com.br\/site\/categoria\/colunistas\/"},{"label":"Sociarte","link":"https:\/\/anoticiaonline.com.br\/site\/categoria\/colunistas\/sociarte\/"},{"label":"SOCIARTE 20.10","link":"https:\/\/anoticiaonline.com.br\/site\/sociarte-20-10\/"}],"views":141,"_links":{"self":[{"href":"https:\/\/anoticiaonline.com.br\/site\/wp-json\/wp\/v2\/posts\/43045","targetHints":{"allow":["GET"]}}],"collection":[{"href":"https:\/\/anoticiaonline.com.br\/site\/wp-json\/wp\/v2\/posts"}],"about":[{"href":"https:\/\/anoticiaonline.com.br\/site\/wp-json\/wp\/v2\/types\/post"}],"author":[{"embeddable":true,"href":"https:\/\/anoticiaonline.com.br\/site\/wp-json\/wp\/v2\/users\/2"}],"replies":[{"embeddable":true,"href":"https:\/\/anoticiaonline.com.br\/site\/wp-json\/wp\/v2\/comments?post=43045"}],"version-history":[{"count":0,"href":"https:\/\/anoticiaonline.com.br\/site\/wp-json\/wp\/v2\/posts\/43045\/revisions"}],"wp:attachment":[{"href":"https:\/\/anoticiaonline.com.br\/site\/wp-json\/wp\/v2\/media?parent=43045"}],"wp:term":[{"taxonomy":"category","embeddable":true,"href":"https:\/\/anoticiaonline.com.br\/site\/wp-json\/wp\/v2\/categories?post=43045"},{"taxonomy":"post_tag","embeddable":true,"href":"https:\/\/anoticiaonline.com.br\/site\/wp-json\/wp\/v2\/tags?post=43045"}],"curies":[{"name":"wp","href":"https:\/\/api.w.org\/{rel}","templated":true}]}}