{"id":42950,"date":"2017-10-20T14:19:36","date_gmt":"2017-10-20T17:19:36","guid":{"rendered":"http:\/\/anoticiaonline.com.br\/site\/?p=42950"},"modified":"2017-10-24T15:23:10","modified_gmt":"2017-10-24T18:23:10","slug":"2a-edicao-da-copa-unifaminas-reune-academicos","status":"publish","type":"post","link":"https:\/\/anoticiaonline.com.br\/site\/2a-edicao-da-copa-unifaminas-reune-academicos\/","title":{"rendered":"2\u00aa edi\u00e7\u00e3o da Copa UNIFAMINAS"},"content":{"rendered":"<p><a href=\"https:\/\/anoticiaonline.com.br\/site\/wp-content\/uploads\/2017\/10\/DSC_0064.jpg\"><img fetchpriority=\"high\" decoding=\"async\" class=\"alignleft size-medium wp-image-42951\" src=\"https:\/\/anoticiaonline.com.br\/site\/wp-content\/uploads\/2017\/10\/DSC_0064-300x200.jpg\" alt=\"\" width=\"300\" height=\"200\" srcset=\"https:\/\/anoticiaonline.com.br\/site\/wp-content\/uploads\/2017\/10\/DSC_0064-300x200.jpg 300w, https:\/\/anoticiaonline.com.br\/site\/wp-content\/uploads\/2017\/10\/DSC_0064.jpg 640w\" sizes=\"(max-width: 300px) 100vw, 300px\" \/><\/a>No \u00faltimo dia 9, teve in\u00edcio a Copa UNIFAMINAS 2017, um evento no qual todos os cursos do Centro Universit\u00e1rio UNIFAMINAS se reuniram para mostrar suas habilidades no esporte e, tamb\u00e9m, na torcida.<\/p>\n<p>Esta \u00e9 a segunda edi\u00e7\u00e3o do evento que teve in\u00edcio em 2016, ainda em car\u00e1ter experimental que abordaram duas modalidades: o handebol feminino e o futsal masculino. De acordo com o coordenador do curso de Educa\u00e7\u00e3o F\u00edsica do Centro Universit\u00e1rio, Hely Toledo, este ano, a Copa UNIFAMINAS foi planejada com seis meses de anteced\u00eancia para que os alunos pudessem escolher suas modalidades prediletas.<\/p>\n<p>\u201cEste ano, o p\u00fablico masculino elegeu novamente o futsal e, as meninas, votaram no handebol que, para mim, particularmente, foi uma surpresa\u201d, conta.<\/p>\n<p>Hely disse tamb\u00e9m, que cada curso se organizou livremente para montar os times e que os universit\u00e1rios participaram de tr\u00eas dias de torneio (9 a 11 de outubro).<\/p>\n<p>\u201cAo todo foram 27 equipes resultando em uma Copa de muito sucesso. O objetivo principal da Copa UNIFAMINAS \u00e9 promover a integra\u00e7\u00e3o entre os alunos. Al\u00e9m de proporcionar a pr\u00e1tica de alguns acad\u00eamicos durante o evento, como aconteceu com os estudantes dos cursos de Enfermagem, Fisioterapia e Educa\u00e7\u00e3o F\u00edsica\u201d, diz o professor que aproveitou o momento para agradecer os coordenadores dos demais cursos, aos atletas que participaram do evento e aos mantenedores da Institui\u00e7\u00e3o.<\/p>\n<p>Nilton Freitas, coordenador de Extens\u00e3o do UNIFAMINAS, falou tamb\u00e9m sobre a import\u00e2ncia de realizar um evento esportivo no campus, que contribui com a socializa\u00e7\u00e3o da comunidade acad\u00eamica.<\/p>\n<p>\u201cA ideia \u00e9 fazer uso do esporte para que todos os alunos, de diferentes cursos, possam interagir de forma saud\u00e1vel e harmoniosa. Escolhemos estas datas por serem os dias que vieram logo ap\u00f3s a primeira bateria de provas do semestre, o que ajudou, ainda mais, no descanso dos alunos depois de uma rotina intensa de estudos\u201d, disse.<\/p>\n<p><strong>CONFIRA A GALEIRA DE FOTOS:<\/strong><\/p>\n<p><img decoding=\"async\" class=\"ngg_displayed_gallery mceItem\" src=\"https:\/\/anoticiaonline.com.br\/site\/nextgen-attach_to_post\/preview\/id--43011\" \/><\/p>\n","protected":false},"excerpt":{"rendered":"<p>No \u00faltimo dia 9, teve in\u00edcio a Copa UNIFAMINAS 2017, um evento no qual todos os cursos do Centro Universit\u00e1rio UNIFAMINAS se reuniram para mostrar suas habilidades no esporte e, tamb\u00e9m, na torcida. Esta \u00e9 a segunda edi\u00e7\u00e3o do evento que teve in\u00edcio em 2016, ainda em car\u00e1ter experimental que abordaram duas modalidades: o handebol &#8230; <a title=\"2\u00aa edi\u00e7\u00e3o da Copa UNIFAMINAS\" class=\"read-more\" href=\"https:\/\/anoticiaonline.com.br\/site\/2a-edicao-da-copa-unifaminas-reune-academicos\/\" aria-label=\"Read more about 2\u00aa edi\u00e7\u00e3o da Copa UNIFAMINAS\">Ler mais<\/a><\/p>\n","protected":false},"author":2,"featured_media":42952,"comment_status":"open","ping_status":"open","sticky":false,"template":"","format":"standard","meta":{"_acf_changed":false,"_monsterinsights_skip_tracking":false,"footnotes":""},"categories":[30,24],"tags":[1380,1379,48],"class_list":["post-42950","post","type-post","status-publish","format-standard","has-post-thumbnail","hentry","category-muriae","category-eventos","tag-academicos","tag-copa-unifaminas","tag-unifaminas"],"acf":[],"aioseo_notices":[],"aioseo_head":"\n\t\t<!-- All in One SEO 5.0.0.1 - aioseo.com -->\n\t<meta name=\"description\" content=\"No \u00faltimo dia 9, teve in\u00edcio a Copa UNIFAMINAS 2017, um evento no qual todos os cursos do Centro Universit\u00e1rio UNIFAMINAS se reuniram para mostrar suas habilidades no esporte e, tamb\u00e9m, na torcida. Esta \u00e9 a segunda edi\u00e7\u00e3o do evento que teve in\u00edcio em 2016, ainda em car\u00e1ter experimental que abordaram duas modalidades: o handebol\" \/>\n\t<meta name=\"robots\" content=\"max-image-preview:large\" \/>\n\t<meta name=\"author\" content=\"Juliana Laviola\"\/>\n\t<link rel=\"canonical\" href=\"https:\/\/anoticiaonline.com.br\/site\/2a-edicao-da-copa-unifaminas-reune-academicos\/\" \/>\n\t<meta name=\"generator\" content=\"All in One SEO (AIOSEO) 5.0.0.1\" \/>\n\t\t<meta property=\"og:locale\" content=\"pt_BR\" \/>\n\t\t<meta property=\"og:site_name\" content=\"A Not\u00edcia Online - Noticias de Muria\u00e9 e regi\u00e3o\" \/>\n\t\t<meta property=\"og:type\" content=\"article\" \/>\n\t\t<meta property=\"og:title\" content=\"2\u00aa edi\u00e7\u00e3o da Copa UNIFAMINAS - A Not\u00edcia Online\" \/>\n\t\t<meta property=\"og:description\" content=\"No \u00faltimo dia 9, teve in\u00edcio a Copa UNIFAMINAS 2017, um evento no qual todos os cursos do Centro Universit\u00e1rio UNIFAMINAS se reuniram para mostrar suas habilidades no esporte e, tamb\u00e9m, na torcida. Esta \u00e9 a segunda edi\u00e7\u00e3o do evento que teve in\u00edcio em 2016, ainda em car\u00e1ter experimental que abordaram duas modalidades: o handebol\" \/>\n\t\t<meta property=\"og:url\" content=\"https:\/\/anoticiaonline.com.br\/site\/2a-edicao-da-copa-unifaminas-reune-academicos\/\" \/>\n\t\t<meta property=\"og:image\" content=\"https:\/\/scontent-gig4-1.xx.fbcdn.net\/v\/t39.30808-1\/270437624_4564083193639691_6907940295614233970_n.jpg?stp=dst-jpg_s200x200_tt6&#038;_nc_cat=111&#038;ccb=1-7&#038;_nc_sid=f907e8&#038;_nc_ohc=SM1wRlP3lJwQ7kNvwEPuBYA&#038;_nc_oc=AdnqrjDN_BNjSSHWO-GbkIWH6fkGMLw4bqvL_NH6e2wMveX7G-rP2dAqsDSq1mJMOaY&#038;_nc_zt=24&#038;_nc_ht=scontent-gig4-1.xx&#038;_nc_gid=AoBFJeGrT1hVaew_6rchkQ&#038;oh=00_AfX7QmFGhQhG2jAllVgXCiM1ZrWgvtp80-Bfppyexh1QEg&#038;oe=689E923C\" \/>\n\t\t<meta property=\"og:image:secure_url\" content=\"https:\/\/scontent-gig4-1.xx.fbcdn.net\/v\/t39.30808-1\/270437624_4564083193639691_6907940295614233970_n.jpg?stp=dst-jpg_s200x200_tt6&#038;_nc_cat=111&#038;ccb=1-7&#038;_nc_sid=f907e8&#038;_nc_ohc=SM1wRlP3lJwQ7kNvwEPuBYA&#038;_nc_oc=AdnqrjDN_BNjSSHWO-GbkIWH6fkGMLw4bqvL_NH6e2wMveX7G-rP2dAqsDSq1mJMOaY&#038;_nc_zt=24&#038;_nc_ht=scontent-gig4-1.xx&#038;_nc_gid=AoBFJeGrT1hVaew_6rchkQ&#038;oh=00_AfX7QmFGhQhG2jAllVgXCiM1ZrWgvtp80-Bfppyexh1QEg&#038;oe=689E923C\" \/>\n\t\t<meta property=\"article:published_time\" content=\"2017-10-20T17:19:36+00:00\" \/>\n\t\t<meta property=\"article:modified_time\" content=\"2017-10-24T18:23:10+00:00\" \/>\n\t\t<meta name=\"twitter:card\" content=\"summary_large_image\" \/>\n\t\t<meta name=\"twitter:title\" content=\"2\u00aa edi\u00e7\u00e3o da Copa UNIFAMINAS - A Not\u00edcia Online\" \/>\n\t\t<meta name=\"twitter:description\" content=\"No \u00faltimo dia 9, teve in\u00edcio a Copa UNIFAMINAS 2017, um evento no qual todos os cursos do Centro Universit\u00e1rio UNIFAMINAS se reuniram para mostrar suas habilidades no esporte e, tamb\u00e9m, na torcida. Esta \u00e9 a segunda edi\u00e7\u00e3o do evento que teve in\u00edcio em 2016, ainda em car\u00e1ter experimental que abordaram duas modalidades: o handebol\" \/>\n\t\t<meta name=\"twitter:image\" content=\"https:\/\/scontent-gig4-1.xx.fbcdn.net\/v\/t39.30808-1\/270437624_4564083193639691_6907940295614233970_n.jpg?stp=dst-jpg_s200x200_tt6&amp;_nc_cat=111&amp;ccb=1-7&amp;_nc_sid=f907e8&amp;_nc_ohc=SM1wRlP3lJwQ7kNvwEPuBYA&amp;_nc_oc=AdnqrjDN_BNjSSHWO-GbkIWH6fkGMLw4bqvL_NH6e2wMveX7G-rP2dAqsDSq1mJMOaY&amp;_nc_zt=24&amp;_nc_ht=scontent-gig4-1.xx&amp;_nc_gid=AoBFJeGrT1hVaew_6rchkQ&amp;oh=00_AfX7QmFGhQhG2jAllVgXCiM1ZrWgvtp80-Bfppyexh1QEg&amp;oe=689E923C\" \/>\n\t\t<script type=\"application\/ld+json\" class=\"aioseo-schema\">\n\t\t\t{\"@context\":\"https:\\\/\\\/schema.org\",\"@graph\":[{\"@type\":\"BlogPosting\",\"@id\":\"https:\\\/\\\/anoticiaonline.com.br\\\/site\\\/2a-edicao-da-copa-unifaminas-reune-academicos\\\/#blogposting\",\"name\":\"2\\u00aa edi\\u00e7\\u00e3o da Copa UNIFAMINAS - A Not\\u00edcia Online\",\"headline\":\"2\\u00aa edi\\u00e7\\u00e3o da Copa UNIFAMINAS\",\"author\":{\"@id\":\"https:\\\/\\\/anoticiaonline.com.br\\\/site\\\/author\\\/juliana\\\/#author\"},\"publisher\":{\"@id\":\"https:\\\/\\\/anoticiaonline.com.br\\\/site\\\/#organization\"},\"image\":{\"@type\":\"ImageObject\",\"url\":\"https:\\\/\\\/anoticiaonline.com.br\\\/site\\\/wp-content\\\/uploads\\\/2017\\\/10\\\/DSC_0997.jpg\",\"width\":640,\"height\":427},\"datePublished\":\"2017-10-20T14:19:36-03:00\",\"dateModified\":\"2017-10-24T15:23:10-03:00\",\"inLanguage\":\"pt-BR\",\"mainEntityOfPage\":{\"@id\":\"https:\\\/\\\/anoticiaonline.com.br\\\/site\\\/2a-edicao-da-copa-unifaminas-reune-academicos\\\/#webpage\"},\"isPartOf\":{\"@id\":\"https:\\\/\\\/anoticiaonline.com.br\\\/site\\\/2a-edicao-da-copa-unifaminas-reune-academicos\\\/#webpage\"},\"articleSection\":\"Blog, Eventos, acad\\u00eamicos, Copa UNIFAMINAS, unifaminas\"},{\"@type\":\"BreadcrumbList\",\"@id\":\"https:\\\/\\\/anoticiaonline.com.br\\\/site\\\/2a-edicao-da-copa-unifaminas-reune-academicos\\\/#breadcrumblist\",\"itemListElement\":[{\"@type\":\"ListItem\",\"@id\":\"https:\\\/\\\/anoticiaonline.com.br\\\/site#listItem\",\"position\":1,\"name\":\"Home\",\"item\":\"https:\\\/\\\/anoticiaonline.com.br\\\/site\",\"nextItem\":{\"@type\":\"ListItem\",\"@id\":\"https:\\\/\\\/anoticiaonline.com.br\\\/site\\\/categoria\\\/eventos\\\/#listItem\",\"name\":\"Eventos\"}},{\"@type\":\"ListItem\",\"@id\":\"https:\\\/\\\/anoticiaonline.com.br\\\/site\\\/categoria\\\/eventos\\\/#listItem\",\"position\":2,\"name\":\"Eventos\",\"item\":\"https:\\\/\\\/anoticiaonline.com.br\\\/site\\\/categoria\\\/eventos\\\/\",\"nextItem\":{\"@type\":\"ListItem\",\"@id\":\"https:\\\/\\\/anoticiaonline.com.br\\\/site\\\/2a-edicao-da-copa-unifaminas-reune-academicos\\\/#listItem\",\"name\":\"2\\u00aa edi\\u00e7\\u00e3o da Copa UNIFAMINAS\"},\"previousItem\":{\"@type\":\"ListItem\",\"@id\":\"https:\\\/\\\/anoticiaonline.com.br\\\/site#listItem\",\"name\":\"Home\"}},{\"@type\":\"ListItem\",\"@id\":\"https:\\\/\\\/anoticiaonline.com.br\\\/site\\\/2a-edicao-da-copa-unifaminas-reune-academicos\\\/#listItem\",\"position\":3,\"name\":\"2\\u00aa edi\\u00e7\\u00e3o da Copa UNIFAMINAS\",\"previousItem\":{\"@type\":\"ListItem\",\"@id\":\"https:\\\/\\\/anoticiaonline.com.br\\\/site\\\/categoria\\\/eventos\\\/#listItem\",\"name\":\"Eventos\"}}]},{\"@type\":\"Organization\",\"@id\":\"https:\\\/\\\/anoticiaonline.com.br\\\/site\\\/#organization\",\"name\":\"A Not\\u00edcia Online\",\"description\":\"Noticias de Muria\\u00e9 e regi\\u00e3o\",\"url\":\"https:\\\/\\\/anoticiaonline.com.br\\\/site\\\/\",\"logo\":{\"@type\":\"ImageObject\",\"url\":\"https:\\\/\\\/scontent-gig4-1.xx.fbcdn.net\\\/v\\\/t39.30808-1\\\/270437624_4564083193639691_6907940295614233970_n.jpg?stp=dst-jpg_s200x200_tt6&_nc_cat=111&ccb=1-7&_nc_sid=f907e8&_nc_ohc=SM1wRlP3lJwQ7kNvwEPuBYA&_nc_oc=AdnqrjDN_BNjSSHWO-GbkIWH6fkGMLw4bqvL_NH6e2wMveX7G-rP2dAqsDSq1mJMOaY&_nc_zt=24&_nc_ht=scontent-gig4-1.xx&_nc_gid=AoBFJeGrT1hVaew_6rchkQ&oh=00_AfX7QmFGhQhG2jAllVgXCiM1ZrWgvtp80-Bfppyexh1QEg&oe=689E923C\",\"@id\":\"https:\\\/\\\/anoticiaonline.com.br\\\/site\\\/2a-edicao-da-copa-unifaminas-reune-academicos\\\/#organizationLogo\"},\"image\":{\"@id\":\"https:\\\/\\\/anoticiaonline.com.br\\\/site\\\/2a-edicao-da-copa-unifaminas-reune-academicos\\\/#organizationLogo\"}},{\"@type\":\"Person\",\"@id\":\"https:\\\/\\\/anoticiaonline.com.br\\\/site\\\/author\\\/juliana\\\/#author\",\"url\":\"https:\\\/\\\/anoticiaonline.com.br\\\/site\\\/author\\\/juliana\\\/\",\"name\":\"Juliana Laviola\",\"image\":{\"@type\":\"ImageObject\",\"@id\":\"https:\\\/\\\/anoticiaonline.com.br\\\/site\\\/2a-edicao-da-copa-unifaminas-reune-academicos\\\/#authorImage\",\"url\":\"https:\\\/\\\/secure.gravatar.com\\\/avatar\\\/b8d45f5c699b100dfaf0e543582f38f38bf94cb7ae3a5e9abf8d891a34773335?s=96&d=mm&r=g\",\"width\":96,\"height\":96,\"caption\":\"Juliana Laviola\"}},{\"@type\":\"WebPage\",\"@id\":\"https:\\\/\\\/anoticiaonline.com.br\\\/site\\\/2a-edicao-da-copa-unifaminas-reune-academicos\\\/#webpage\",\"url\":\"https:\\\/\\\/anoticiaonline.com.br\\\/site\\\/2a-edicao-da-copa-unifaminas-reune-academicos\\\/\",\"name\":\"2\\u00aa edi\\u00e7\\u00e3o da Copa UNIFAMINAS - A Not\\u00edcia Online\",\"description\":\"No \\u00faltimo dia 9, teve in\\u00edcio a Copa UNIFAMINAS 2017, um evento no qual todos os cursos do Centro Universit\\u00e1rio UNIFAMINAS se reuniram para mostrar suas habilidades no esporte e, tamb\\u00e9m, na torcida. Esta \\u00e9 a segunda edi\\u00e7\\u00e3o do evento que teve in\\u00edcio em 2016, ainda em car\\u00e1ter experimental que abordaram duas modalidades: o handebol\",\"inLanguage\":\"pt-BR\",\"isPartOf\":{\"@id\":\"https:\\\/\\\/anoticiaonline.com.br\\\/site\\\/#website\"},\"breadcrumb\":{\"@id\":\"https:\\\/\\\/anoticiaonline.com.br\\\/site\\\/2a-edicao-da-copa-unifaminas-reune-academicos\\\/#breadcrumblist\"},\"author\":{\"@id\":\"https:\\\/\\\/anoticiaonline.com.br\\\/site\\\/author\\\/juliana\\\/#author\"},\"creator\":{\"@id\":\"https:\\\/\\\/anoticiaonline.com.br\\\/site\\\/author\\\/juliana\\\/#author\"},\"image\":{\"@type\":\"ImageObject\",\"url\":\"https:\\\/\\\/anoticiaonline.com.br\\\/site\\\/wp-content\\\/uploads\\\/2017\\\/10\\\/DSC_0997.jpg\",\"@id\":\"https:\\\/\\\/anoticiaonline.com.br\\\/site\\\/2a-edicao-da-copa-unifaminas-reune-academicos\\\/#mainImage\",\"width\":640,\"height\":427},\"primaryImageOfPage\":{\"@id\":\"https:\\\/\\\/anoticiaonline.com.br\\\/site\\\/2a-edicao-da-copa-unifaminas-reune-academicos\\\/#mainImage\"},\"datePublished\":\"2017-10-20T14:19:36-03:00\",\"dateModified\":\"2017-10-24T15:23:10-03:00\"},{\"@type\":\"WebSite\",\"@id\":\"https:\\\/\\\/anoticiaonline.com.br\\\/site\\\/#website\",\"url\":\"https:\\\/\\\/anoticiaonline.com.br\\\/site\\\/\",\"name\":\"A Not\\u00edcia Online\",\"description\":\"Noticias de Muria\\u00e9 e regi\\u00e3o\",\"inLanguage\":\"pt-BR\",\"publisher\":{\"@id\":\"https:\\\/\\\/anoticiaonline.com.br\\\/site\\\/#organization\"}}]}\n\t\t<\/script>\n\t\t<!-- All in One SEO -->\n\n","aioseo_head_json":{"title":"2\u00aa edi\u00e7\u00e3o da Copa UNIFAMINAS - A Not\u00edcia Online","description":"No \u00faltimo dia 9, teve in\u00edcio a Copa UNIFAMINAS 2017, um evento no qual todos os cursos do Centro Universit\u00e1rio UNIFAMINAS se reuniram para mostrar suas habilidades no esporte e, tamb\u00e9m, na torcida. Esta \u00e9 a segunda edi\u00e7\u00e3o do evento que teve in\u00edcio em 2016, ainda em car\u00e1ter experimental que abordaram duas modalidades: o handebol","canonical_url":"https:\/\/anoticiaonline.com.br\/site\/2a-edicao-da-copa-unifaminas-reune-academicos\/","robots":"max-image-preview:large","keywords":"","webmasterTools":{"miscellaneous":""},"schema":{"@context":"https:\/\/schema.org","@graph":[{"@type":"BlogPosting","@id":"https:\/\/anoticiaonline.com.br\/site\/2a-edicao-da-copa-unifaminas-reune-academicos\/#blogposting","name":"2\u00aa edi\u00e7\u00e3o da Copa UNIFAMINAS - A Not\u00edcia Online","headline":"2\u00aa edi\u00e7\u00e3o da Copa UNIFAMINAS","author":{"@id":"https:\/\/anoticiaonline.com.br\/site\/author\/juliana\/#author"},"publisher":{"@id":"https:\/\/anoticiaonline.com.br\/site\/#organization"},"image":{"@type":"ImageObject","url":"https:\/\/anoticiaonline.com.br\/site\/wp-content\/uploads\/2017\/10\/DSC_0997.jpg","width":640,"height":427},"datePublished":"2017-10-20T14:19:36-03:00","dateModified":"2017-10-24T15:23:10-03:00","inLanguage":"pt-BR","mainEntityOfPage":{"@id":"https:\/\/anoticiaonline.com.br\/site\/2a-edicao-da-copa-unifaminas-reune-academicos\/#webpage"},"isPartOf":{"@id":"https:\/\/anoticiaonline.com.br\/site\/2a-edicao-da-copa-unifaminas-reune-academicos\/#webpage"},"articleSection":"Blog, Eventos, acad\u00eamicos, Copa UNIFAMINAS, unifaminas"},{"@type":"BreadcrumbList","@id":"https:\/\/anoticiaonline.com.br\/site\/2a-edicao-da-copa-unifaminas-reune-academicos\/#breadcrumblist","itemListElement":[{"@type":"ListItem","@id":"https:\/\/anoticiaonline.com.br\/site#listItem","position":1,"name":"Home","item":"https:\/\/anoticiaonline.com.br\/site","nextItem":{"@type":"ListItem","@id":"https:\/\/anoticiaonline.com.br\/site\/categoria\/eventos\/#listItem","name":"Eventos"}},{"@type":"ListItem","@id":"https:\/\/anoticiaonline.com.br\/site\/categoria\/eventos\/#listItem","position":2,"name":"Eventos","item":"https:\/\/anoticiaonline.com.br\/site\/categoria\/eventos\/","nextItem":{"@type":"ListItem","@id":"https:\/\/anoticiaonline.com.br\/site\/2a-edicao-da-copa-unifaminas-reune-academicos\/#listItem","name":"2\u00aa edi\u00e7\u00e3o da Copa UNIFAMINAS"},"previousItem":{"@type":"ListItem","@id":"https:\/\/anoticiaonline.com.br\/site#listItem","name":"Home"}},{"@type":"ListItem","@id":"https:\/\/anoticiaonline.com.br\/site\/2a-edicao-da-copa-unifaminas-reune-academicos\/#listItem","position":3,"name":"2\u00aa edi\u00e7\u00e3o da Copa UNIFAMINAS","previousItem":{"@type":"ListItem","@id":"https:\/\/anoticiaonline.com.br\/site\/categoria\/eventos\/#listItem","name":"Eventos"}}]},{"@type":"Organization","@id":"https:\/\/anoticiaonline.com.br\/site\/#organization","name":"A Not\u00edcia Online","description":"Noticias de Muria\u00e9 e regi\u00e3o","url":"https:\/\/anoticiaonline.com.br\/site\/","logo":{"@type":"ImageObject","url":"https:\/\/scontent-gig4-1.xx.fbcdn.net\/v\/t39.30808-1\/270437624_4564083193639691_6907940295614233970_n.jpg?stp=dst-jpg_s200x200_tt6&_nc_cat=111&ccb=1-7&_nc_sid=f907e8&_nc_ohc=SM1wRlP3lJwQ7kNvwEPuBYA&_nc_oc=AdnqrjDN_BNjSSHWO-GbkIWH6fkGMLw4bqvL_NH6e2wMveX7G-rP2dAqsDSq1mJMOaY&_nc_zt=24&_nc_ht=scontent-gig4-1.xx&_nc_gid=AoBFJeGrT1hVaew_6rchkQ&oh=00_AfX7QmFGhQhG2jAllVgXCiM1ZrWgvtp80-Bfppyexh1QEg&oe=689E923C","@id":"https:\/\/anoticiaonline.com.br\/site\/2a-edicao-da-copa-unifaminas-reune-academicos\/#organizationLogo"},"image":{"@id":"https:\/\/anoticiaonline.com.br\/site\/2a-edicao-da-copa-unifaminas-reune-academicos\/#organizationLogo"}},{"@type":"Person","@id":"https:\/\/anoticiaonline.com.br\/site\/author\/juliana\/#author","url":"https:\/\/anoticiaonline.com.br\/site\/author\/juliana\/","name":"Juliana Laviola","image":{"@type":"ImageObject","@id":"https:\/\/anoticiaonline.com.br\/site\/2a-edicao-da-copa-unifaminas-reune-academicos\/#authorImage","url":"https:\/\/secure.gravatar.com\/avatar\/b8d45f5c699b100dfaf0e543582f38f38bf94cb7ae3a5e9abf8d891a34773335?s=96&d=mm&r=g","width":96,"height":96,"caption":"Juliana Laviola"}},{"@type":"WebPage","@id":"https:\/\/anoticiaonline.com.br\/site\/2a-edicao-da-copa-unifaminas-reune-academicos\/#webpage","url":"https:\/\/anoticiaonline.com.br\/site\/2a-edicao-da-copa-unifaminas-reune-academicos\/","name":"2\u00aa edi\u00e7\u00e3o da Copa UNIFAMINAS - A Not\u00edcia Online","description":"No \u00faltimo dia 9, teve in\u00edcio a Copa UNIFAMINAS 2017, um evento no qual todos os cursos do Centro Universit\u00e1rio UNIFAMINAS se reuniram para mostrar suas habilidades no esporte e, tamb\u00e9m, na torcida. Esta \u00e9 a segunda edi\u00e7\u00e3o do evento que teve in\u00edcio em 2016, ainda em car\u00e1ter experimental que abordaram duas modalidades: o handebol","inLanguage":"pt-BR","isPartOf":{"@id":"https:\/\/anoticiaonline.com.br\/site\/#website"},"breadcrumb":{"@id":"https:\/\/anoticiaonline.com.br\/site\/2a-edicao-da-copa-unifaminas-reune-academicos\/#breadcrumblist"},"author":{"@id":"https:\/\/anoticiaonline.com.br\/site\/author\/juliana\/#author"},"creator":{"@id":"https:\/\/anoticiaonline.com.br\/site\/author\/juliana\/#author"},"image":{"@type":"ImageObject","url":"https:\/\/anoticiaonline.com.br\/site\/wp-content\/uploads\/2017\/10\/DSC_0997.jpg","@id":"https:\/\/anoticiaonline.com.br\/site\/2a-edicao-da-copa-unifaminas-reune-academicos\/#mainImage","width":640,"height":427},"primaryImageOfPage":{"@id":"https:\/\/anoticiaonline.com.br\/site\/2a-edicao-da-copa-unifaminas-reune-academicos\/#mainImage"},"datePublished":"2017-10-20T14:19:36-03:00","dateModified":"2017-10-24T15:23:10-03:00"},{"@type":"WebSite","@id":"https:\/\/anoticiaonline.com.br\/site\/#website","url":"https:\/\/anoticiaonline.com.br\/site\/","name":"A Not\u00edcia Online","description":"Noticias de Muria\u00e9 e regi\u00e3o","inLanguage":"pt-BR","publisher":{"@id":"https:\/\/anoticiaonline.com.br\/site\/#organization"}}]},"og:locale":"pt_BR","og:site_name":"A Not\u00edcia Online - Noticias de Muria\u00e9 e regi\u00e3o","og:type":"article","og:title":"2\u00aa edi\u00e7\u00e3o da Copa UNIFAMINAS - A Not\u00edcia Online","og:description":"No \u00faltimo dia 9, teve in\u00edcio a Copa UNIFAMINAS 2017, um evento no qual todos os cursos do Centro Universit\u00e1rio UNIFAMINAS se reuniram para mostrar suas habilidades no esporte e, tamb\u00e9m, na torcida. Esta \u00e9 a segunda edi\u00e7\u00e3o do evento que teve in\u00edcio em 2016, ainda em car\u00e1ter experimental que abordaram duas modalidades: o handebol","og:url":"https:\/\/anoticiaonline.com.br\/site\/2a-edicao-da-copa-unifaminas-reune-academicos\/","og:image":"https:\/\/scontent-gig4-1.xx.fbcdn.net\/v\/t39.30808-1\/270437624_4564083193639691_6907940295614233970_n.jpg?stp=dst-jpg_s200x200_tt6&#038;_nc_cat=111&#038;ccb=1-7&#038;_nc_sid=f907e8&#038;_nc_ohc=SM1wRlP3lJwQ7kNvwEPuBYA&#038;_nc_oc=AdnqrjDN_BNjSSHWO-GbkIWH6fkGMLw4bqvL_NH6e2wMveX7G-rP2dAqsDSq1mJMOaY&#038;_nc_zt=24&#038;_nc_ht=scontent-gig4-1.xx&#038;_nc_gid=AoBFJeGrT1hVaew_6rchkQ&#038;oh=00_AfX7QmFGhQhG2jAllVgXCiM1ZrWgvtp80-Bfppyexh1QEg&#038;oe=689E923C","og:image:secure_url":"https:\/\/scontent-gig4-1.xx.fbcdn.net\/v\/t39.30808-1\/270437624_4564083193639691_6907940295614233970_n.jpg?stp=dst-jpg_s200x200_tt6&#038;_nc_cat=111&#038;ccb=1-7&#038;_nc_sid=f907e8&#038;_nc_ohc=SM1wRlP3lJwQ7kNvwEPuBYA&#038;_nc_oc=AdnqrjDN_BNjSSHWO-GbkIWH6fkGMLw4bqvL_NH6e2wMveX7G-rP2dAqsDSq1mJMOaY&#038;_nc_zt=24&#038;_nc_ht=scontent-gig4-1.xx&#038;_nc_gid=AoBFJeGrT1hVaew_6rchkQ&#038;oh=00_AfX7QmFGhQhG2jAllVgXCiM1ZrWgvtp80-Bfppyexh1QEg&#038;oe=689E923C","article:published_time":"2017-10-20T17:19:36+00:00","article:modified_time":"2017-10-24T18:23:10+00:00","twitter:card":"summary_large_image","twitter:title":"2\u00aa edi\u00e7\u00e3o da Copa UNIFAMINAS - A Not\u00edcia Online","twitter:description":"No \u00faltimo dia 9, teve in\u00edcio a Copa UNIFAMINAS 2017, um evento no qual todos os cursos do Centro Universit\u00e1rio UNIFAMINAS se reuniram para mostrar suas habilidades no esporte e, tamb\u00e9m, na torcida. Esta \u00e9 a segunda edi\u00e7\u00e3o do evento que teve in\u00edcio em 2016, ainda em car\u00e1ter experimental que abordaram duas modalidades: o handebol","twitter:image":"https:\/\/scontent-gig4-1.xx.fbcdn.net\/v\/t39.30808-1\/270437624_4564083193639691_6907940295614233970_n.jpg?stp=dst-jpg_s200x200_tt6&_nc_cat=111&ccb=1-7&_nc_sid=f907e8&_nc_ohc=SM1wRlP3lJwQ7kNvwEPuBYA&_nc_oc=AdnqrjDN_BNjSSHWO-GbkIWH6fkGMLw4bqvL_NH6e2wMveX7G-rP2dAqsDSq1mJMOaY&_nc_zt=24&_nc_ht=scontent-gig4-1.xx&_nc_gid=AoBFJeGrT1hVaew_6rchkQ&oh=00_AfX7QmFGhQhG2jAllVgXCiM1ZrWgvtp80-Bfppyexh1QEg&oe=689E923C"},"aioseo_meta_data":{"post_id":"42950","title":null,"description":null,"keywords":null,"keyphrases":null,"primary_term":null,"canonical_url":null,"og_title":null,"og_description":null,"og_object_type":"default","og_image_type":"default","og_image_url":null,"og_image_width":null,"og_image_height":null,"og_image_custom_url":null,"og_image_custom_fields":null,"og_video":null,"og_custom_url":null,"og_article_section":null,"og_article_tags":null,"twitter_use_og":false,"twitter_card":"default","twitter_image_type":"default","twitter_image_url":null,"twitter_image_custom_url":null,"twitter_image_custom_fields":null,"twitter_title":null,"twitter_description":null,"schema":{"blockGraphs":[],"customGraphs":[],"default":{"data":{"Article":[],"Course":[],"Dataset":[],"FAQPage":[],"Movie":[],"Person":[],"Product":[],"ProductReview":[],"Car":[],"Recipe":[],"Service":[],"SoftwareApplication":[],"WebPage":[]},"graphName":"","isEnabled":true},"graphs":[]},"schema_type":"default","schema_type_options":null,"pillar_content":false,"robots_default":true,"robots_noindex":false,"robots_noarchive":false,"robots_nosnippet":false,"robots_nofollow":false,"robots_noimageindex":false,"robots_noodp":false,"robots_notranslate":false,"robots_max_snippet":null,"robots_max_videopreview":null,"robots_max_imagepreview":"large","priority":null,"frequency":null,"local_seo":null,"breadcrumb_settings":null,"limit_modified_date":false,"ai":null,"created":"2025-08-16 19:40:32","updated":"2025-08-16 19:40:32","focus_keyword":null,"additional_keywords":null,"truseo_locale":null,"seo_analyzer_scan_date":null},"aioseo_breadcrumb":"<div class=\"aioseo-breadcrumbs\"><span class=\"aioseo-breadcrumb\">\n\t\t\t<a href=\"https:\/\/anoticiaonline.com.br\/site\" title=\"Home\">Home<\/a>\n\t\t<\/span><span class=\"aioseo-breadcrumb-separator\">&raquo;<\/span><span class=\"aioseo-breadcrumb\">\n\t\t\t<a href=\"https:\/\/anoticiaonline.com.br\/site\/categoria\/eventos\/\" title=\"Eventos\">Eventos<\/a>\n\t\t<\/span><span class=\"aioseo-breadcrumb-separator\">&raquo;<\/span><span class=\"aioseo-breadcrumb\">\n\t\t\t2\u00aa edi\u00e7\u00e3o da Copa UNIFAMINAS\n\t\t<\/span><\/div>","aioseo_breadcrumb_json":[{"label":"Home","link":"https:\/\/anoticiaonline.com.br\/site"},{"label":"Eventos","link":"https:\/\/anoticiaonline.com.br\/site\/categoria\/eventos\/"},{"label":"2\u00aa edi\u00e7\u00e3o da Copa UNIFAMINAS","link":"https:\/\/anoticiaonline.com.br\/site\/2a-edicao-da-copa-unifaminas-reune-academicos\/"}],"views":103,"_links":{"self":[{"href":"https:\/\/anoticiaonline.com.br\/site\/wp-json\/wp\/v2\/posts\/42950","targetHints":{"allow":["GET"]}}],"collection":[{"href":"https:\/\/anoticiaonline.com.br\/site\/wp-json\/wp\/v2\/posts"}],"about":[{"href":"https:\/\/anoticiaonline.com.br\/site\/wp-json\/wp\/v2\/types\/post"}],"author":[{"embeddable":true,"href":"https:\/\/anoticiaonline.com.br\/site\/wp-json\/wp\/v2\/users\/2"}],"replies":[{"embeddable":true,"href":"https:\/\/anoticiaonline.com.br\/site\/wp-json\/wp\/v2\/comments?post=42950"}],"version-history":[{"count":0,"href":"https:\/\/anoticiaonline.com.br\/site\/wp-json\/wp\/v2\/posts\/42950\/revisions"}],"wp:featuredmedia":[{"embeddable":true,"href":"https:\/\/anoticiaonline.com.br\/site\/wp-json\/wp\/v2\/media\/42952"}],"wp:attachment":[{"href":"https:\/\/anoticiaonline.com.br\/site\/wp-json\/wp\/v2\/media?parent=42950"}],"wp:term":[{"taxonomy":"category","embeddable":true,"href":"https:\/\/anoticiaonline.com.br\/site\/wp-json\/wp\/v2\/categories?post=42950"},{"taxonomy":"post_tag","embeddable":true,"href":"https:\/\/anoticiaonline.com.br\/site\/wp-json\/wp\/v2\/tags?post=42950"}],"curies":[{"name":"wp","href":"https:\/\/api.w.org\/{rel}","templated":true}]}}