{"id":42865,"date":"2017-10-20T13:46:25","date_gmt":"2017-10-20T16:46:25","guid":{"rendered":"http:\/\/anoticiaonline.com.br\/site\/?p=42865"},"modified":"2017-10-27T11:16:27","modified_gmt":"2017-10-27T14:16:27","slug":"fazenda-fortaleza-realiza-sua-i-cavalgada","status":"publish","type":"post","link":"https:\/\/anoticiaonline.com.br\/site\/fazenda-fortaleza-realiza-sua-i-cavalgada\/","title":{"rendered":"Fazenda Fortaleza realiza sua I Cavalgada"},"content":{"rendered":"<p><a href=\"https:\/\/anoticiaonline.com.br\/site\/wp-content\/uploads\/2017\/10\/DSC_0839.jpg\"><img fetchpriority=\"high\" decoding=\"async\" class=\"alignleft size-medium wp-image-42866\" src=\"https:\/\/anoticiaonline.com.br\/site\/wp-content\/uploads\/2017\/10\/DSC_0839-300x200.jpg\" alt=\"\" width=\"300\" height=\"200\" srcset=\"https:\/\/anoticiaonline.com.br\/site\/wp-content\/uploads\/2017\/10\/DSC_0839-300x200.jpg 300w, https:\/\/anoticiaonline.com.br\/site\/wp-content\/uploads\/2017\/10\/DSC_0839.jpg 640w\" sizes=\"(max-width: 300px) 100vw, 300px\" \/><\/a>A Fazenda Fortaleza, propriedade de Ismar Nogueira Calcagno, localizada na zona rural de Muria\u00e9, realizou a primeira edi\u00e7\u00e3o de sua cavalgada beneficente, no domingo (15). O percurso teve come\u00e7ou na Fazenda Boa Vista, propriedade da senhora Ieda Monteiro de Castro, passou tamb\u00e9m pela Fazenda Eldorado e concluindo com almo\u00e7o, leil\u00e3o e show com a dupla Vinn\u00edcius &amp; Ademir.<\/p>\n<p>A I Cavalgada da Fazenda Fortaleza teve como objetivo realizar um leil\u00e3o beneficente em prol da restaura\u00e7\u00e3o da Capela de Santa Rita de C\u00e1ssia, constru\u00edda em 1947, que fica no local. Na ocasi\u00e3o, foram ofertados bezerros, muares, equ\u00eddeos e prendas.<\/p>\n<p>Ismar Nogueira, propriet\u00e1rio da Fazenda Fortaleza e idealizador do evento, disse que a ideia de realizar a cavalgada surgiu ap\u00f3s ter a oportunidade de visitar o continente europeu. \u201cObservei que, na Europa, as casas hist\u00f3ricas s\u00e3o preservadas para receber turistas. Estive, pela segunda vez, em Verona, na It\u00e1lia, onde percebi que as casas agregam valor ao turismo, onde toda a comunidade ganha\u201d, diz.<\/p>\n<p>Ismar conta que teve a oportunidade de conhecer Giani Carla, amante dos cavalos, que o ajudou a idealizar a I Cavalgada da Fazenda Fortaleza, com o intuito de restaurar a capela que foi muito \u00fatil para a regi\u00e3o. \u201cDessa forma, os ex-funcion\u00e1rios da fazenda, que foi do meu av\u00f4, me procuraram para me ajudar. Foi nesta capela que me casei e batizei meu filho\u201d.<\/p>\n<p>Ao falar com Dona Ieda, propriet\u00e1ria da Fazenda Boa Vista, sobre a ideia, Ismar conta que teve todo o apoio. \u201cPrecisamos restaurar a hist\u00f3ria de Muria\u00e9 e contribuir com a atividade tur\u00edstica e econ\u00f4mica local. Unimos tr\u00eas fazendas hist\u00f3ricas que s\u00e3o pr\u00f3ximas para fazer parte do circuito de 11,5 km\u201d, explica Ismar que aproveitou a oportunidade para agradecer todos \u00e0queles que participaram.<\/p>\n<p>\u201cAgrade\u00e7o, principalmente, \u00e0 Giani Carla, sua amiga Carla Simone, todos os cavaleiros, minha esposa e meu filho que participaram conosco\u201d, diz.<\/p>\n<p>Luciana Calcagno, esposa de Ismar, tamb\u00e9m aproveitou o momento para agradecer a todos os participantes, cavaleiros e organizadores da cavalgada.<\/p>\n<p>Tamb\u00e9m na ocasi\u00e3o, esteve a prima de Ismar e membro do Lions Helen Keller, Solange Nogueira, que parabenizou os organizadores pela iniciativa em contribuir com o turismo e a hist\u00f3ria do local.<\/p>\n<p><strong>CONFIRA A GALERIA DE FOTOS:<\/strong><\/p>\n<p><img decoding=\"async\" class=\"ngg_displayed_gallery mceItem\" src=\"https:\/\/anoticiaonline.com.br\/site\/nextgen-attach_to_post\/preview\/id--42930\" \/><\/p>\n","protected":false},"excerpt":{"rendered":"<p>A Fazenda Fortaleza, propriedade de Ismar Nogueira Calcagno, localizada na zona rural de Muria\u00e9, realizou a primeira edi\u00e7\u00e3o de sua cavalgada beneficente, no domingo (15). O percurso teve come\u00e7ou na Fazenda Boa Vista, propriedade da senhora Ieda Monteiro de Castro, passou tamb\u00e9m pela Fazenda Eldorado e concluindo com almo\u00e7o, leil\u00e3o e show com a dupla &#8230; <a title=\"Fazenda Fortaleza realiza sua I Cavalgada\" class=\"read-more\" href=\"https:\/\/anoticiaonline.com.br\/site\/fazenda-fortaleza-realiza-sua-i-cavalgada\/\" aria-label=\"Read more about Fazenda Fortaleza realiza sua I Cavalgada\">Ler mais<\/a><\/p>\n","protected":false},"author":2,"featured_media":42867,"comment_status":"open","ping_status":"open","sticky":false,"template":"","format":"standard","meta":{"_acf_changed":false,"_monsterinsights_skip_tracking":false,"footnotes":""},"categories":[30,24],"tags":[642,1375],"class_list":["post-42865","post","type-post","status-publish","format-standard","has-post-thumbnail","hentry","category-muriae","category-eventos","tag-cavalgada","tag-fazenda-fortaleza"],"acf":[],"aioseo_notices":[],"aioseo_head":"\n\t\t<!-- All in One SEO 5.0.0.1 - aioseo.com -->\n\t<meta name=\"description\" content=\"A Fazenda Fortaleza, propriedade de Ismar Nogueira Calcagno, localizada na zona rural de Muria\u00e9, realizou a primeira edi\u00e7\u00e3o de sua cavalgada beneficente, no domingo (15). O percurso teve come\u00e7ou na Fazenda Boa Vista, propriedade da senhora Ieda Monteiro de Castro, passou tamb\u00e9m pela Fazenda Eldorado e concluindo com almo\u00e7o, leil\u00e3o e show com a dupla\" \/>\n\t<meta name=\"robots\" content=\"max-image-preview:large\" \/>\n\t<meta name=\"author\" content=\"Juliana Laviola\"\/>\n\t<link rel=\"canonical\" href=\"https:\/\/anoticiaonline.com.br\/site\/fazenda-fortaleza-realiza-sua-i-cavalgada\/\" \/>\n\t<meta name=\"generator\" content=\"All in One SEO (AIOSEO) 5.0.0.1\" \/>\n\t\t<meta property=\"og:locale\" content=\"pt_BR\" \/>\n\t\t<meta property=\"og:site_name\" content=\"A Not\u00edcia Online - Noticias de Muria\u00e9 e regi\u00e3o\" \/>\n\t\t<meta property=\"og:type\" content=\"article\" \/>\n\t\t<meta property=\"og:title\" content=\"Fazenda Fortaleza realiza sua I Cavalgada - A Not\u00edcia Online\" \/>\n\t\t<meta property=\"og:description\" content=\"A Fazenda Fortaleza, propriedade de Ismar Nogueira Calcagno, localizada na zona rural de Muria\u00e9, realizou a primeira edi\u00e7\u00e3o de sua cavalgada beneficente, no domingo (15). O percurso teve come\u00e7ou na Fazenda Boa Vista, propriedade da senhora Ieda Monteiro de Castro, passou tamb\u00e9m pela Fazenda Eldorado e concluindo com almo\u00e7o, leil\u00e3o e show com a dupla\" \/>\n\t\t<meta property=\"og:url\" content=\"https:\/\/anoticiaonline.com.br\/site\/fazenda-fortaleza-realiza-sua-i-cavalgada\/\" \/>\n\t\t<meta property=\"og:image\" content=\"https:\/\/scontent-gig4-1.xx.fbcdn.net\/v\/t39.30808-1\/270437624_4564083193639691_6907940295614233970_n.jpg?stp=dst-jpg_s200x200_tt6&#038;_nc_cat=111&#038;ccb=1-7&#038;_nc_sid=f907e8&#038;_nc_ohc=SM1wRlP3lJwQ7kNvwEPuBYA&#038;_nc_oc=AdnqrjDN_BNjSSHWO-GbkIWH6fkGMLw4bqvL_NH6e2wMveX7G-rP2dAqsDSq1mJMOaY&#038;_nc_zt=24&#038;_nc_ht=scontent-gig4-1.xx&#038;_nc_gid=AoBFJeGrT1hVaew_6rchkQ&#038;oh=00_AfX7QmFGhQhG2jAllVgXCiM1ZrWgvtp80-Bfppyexh1QEg&#038;oe=689E923C\" \/>\n\t\t<meta property=\"og:image:secure_url\" content=\"https:\/\/scontent-gig4-1.xx.fbcdn.net\/v\/t39.30808-1\/270437624_4564083193639691_6907940295614233970_n.jpg?stp=dst-jpg_s200x200_tt6&#038;_nc_cat=111&#038;ccb=1-7&#038;_nc_sid=f907e8&#038;_nc_ohc=SM1wRlP3lJwQ7kNvwEPuBYA&#038;_nc_oc=AdnqrjDN_BNjSSHWO-GbkIWH6fkGMLw4bqvL_NH6e2wMveX7G-rP2dAqsDSq1mJMOaY&#038;_nc_zt=24&#038;_nc_ht=scontent-gig4-1.xx&#038;_nc_gid=AoBFJeGrT1hVaew_6rchkQ&#038;oh=00_AfX7QmFGhQhG2jAllVgXCiM1ZrWgvtp80-Bfppyexh1QEg&#038;oe=689E923C\" \/>\n\t\t<meta property=\"article:published_time\" content=\"2017-10-20T16:46:25+00:00\" \/>\n\t\t<meta property=\"article:modified_time\" content=\"2017-10-27T14:16:27+00:00\" \/>\n\t\t<meta name=\"twitter:card\" content=\"summary_large_image\" \/>\n\t\t<meta name=\"twitter:title\" content=\"Fazenda Fortaleza realiza sua I Cavalgada - A Not\u00edcia Online\" \/>\n\t\t<meta name=\"twitter:description\" content=\"A Fazenda Fortaleza, propriedade de Ismar Nogueira Calcagno, localizada na zona rural de Muria\u00e9, realizou a primeira edi\u00e7\u00e3o de sua cavalgada beneficente, no domingo (15). O percurso teve come\u00e7ou na Fazenda Boa Vista, propriedade da senhora Ieda Monteiro de Castro, passou tamb\u00e9m pela Fazenda Eldorado e concluindo com almo\u00e7o, leil\u00e3o e show com a dupla\" \/>\n\t\t<meta name=\"twitter:image\" content=\"https:\/\/scontent-gig4-1.xx.fbcdn.net\/v\/t39.30808-1\/270437624_4564083193639691_6907940295614233970_n.jpg?stp=dst-jpg_s200x200_tt6&amp;_nc_cat=111&amp;ccb=1-7&amp;_nc_sid=f907e8&amp;_nc_ohc=SM1wRlP3lJwQ7kNvwEPuBYA&amp;_nc_oc=AdnqrjDN_BNjSSHWO-GbkIWH6fkGMLw4bqvL_NH6e2wMveX7G-rP2dAqsDSq1mJMOaY&amp;_nc_zt=24&amp;_nc_ht=scontent-gig4-1.xx&amp;_nc_gid=AoBFJeGrT1hVaew_6rchkQ&amp;oh=00_AfX7QmFGhQhG2jAllVgXCiM1ZrWgvtp80-Bfppyexh1QEg&amp;oe=689E923C\" \/>\n\t\t<script type=\"application\/ld+json\" class=\"aioseo-schema\">\n\t\t\t{\"@context\":\"https:\\\/\\\/schema.org\",\"@graph\":[{\"@type\":\"BlogPosting\",\"@id\":\"https:\\\/\\\/anoticiaonline.com.br\\\/site\\\/fazenda-fortaleza-realiza-sua-i-cavalgada\\\/#blogposting\",\"name\":\"Fazenda Fortaleza realiza sua I Cavalgada - A Not\\u00edcia Online\",\"headline\":\"Fazenda Fortaleza realiza sua I Cavalgada\",\"author\":{\"@id\":\"https:\\\/\\\/anoticiaonline.com.br\\\/site\\\/author\\\/juliana\\\/#author\"},\"publisher\":{\"@id\":\"https:\\\/\\\/anoticiaonline.com.br\\\/site\\\/#organization\"},\"image\":{\"@type\":\"ImageObject\",\"url\":\"https:\\\/\\\/anoticiaonline.com.br\\\/site\\\/wp-content\\\/uploads\\\/2017\\\/10\\\/DSC_0839-1.jpg\",\"width\":640,\"height\":427},\"datePublished\":\"2017-10-20T13:46:25-03:00\",\"dateModified\":\"2017-10-27T11:16:27-03:00\",\"inLanguage\":\"pt-BR\",\"mainEntityOfPage\":{\"@id\":\"https:\\\/\\\/anoticiaonline.com.br\\\/site\\\/fazenda-fortaleza-realiza-sua-i-cavalgada\\\/#webpage\"},\"isPartOf\":{\"@id\":\"https:\\\/\\\/anoticiaonline.com.br\\\/site\\\/fazenda-fortaleza-realiza-sua-i-cavalgada\\\/#webpage\"},\"articleSection\":\"Blog, Eventos, cavalgada, Fazenda Fortaleza\"},{\"@type\":\"BreadcrumbList\",\"@id\":\"https:\\\/\\\/anoticiaonline.com.br\\\/site\\\/fazenda-fortaleza-realiza-sua-i-cavalgada\\\/#breadcrumblist\",\"itemListElement\":[{\"@type\":\"ListItem\",\"@id\":\"https:\\\/\\\/anoticiaonline.com.br\\\/site#listItem\",\"position\":1,\"name\":\"Home\",\"item\":\"https:\\\/\\\/anoticiaonline.com.br\\\/site\",\"nextItem\":{\"@type\":\"ListItem\",\"@id\":\"https:\\\/\\\/anoticiaonline.com.br\\\/site\\\/categoria\\\/eventos\\\/#listItem\",\"name\":\"Eventos\"}},{\"@type\":\"ListItem\",\"@id\":\"https:\\\/\\\/anoticiaonline.com.br\\\/site\\\/categoria\\\/eventos\\\/#listItem\",\"position\":2,\"name\":\"Eventos\",\"item\":\"https:\\\/\\\/anoticiaonline.com.br\\\/site\\\/categoria\\\/eventos\\\/\",\"nextItem\":{\"@type\":\"ListItem\",\"@id\":\"https:\\\/\\\/anoticiaonline.com.br\\\/site\\\/fazenda-fortaleza-realiza-sua-i-cavalgada\\\/#listItem\",\"name\":\"Fazenda Fortaleza realiza sua I Cavalgada\"},\"previousItem\":{\"@type\":\"ListItem\",\"@id\":\"https:\\\/\\\/anoticiaonline.com.br\\\/site#listItem\",\"name\":\"Home\"}},{\"@type\":\"ListItem\",\"@id\":\"https:\\\/\\\/anoticiaonline.com.br\\\/site\\\/fazenda-fortaleza-realiza-sua-i-cavalgada\\\/#listItem\",\"position\":3,\"name\":\"Fazenda Fortaleza realiza sua I Cavalgada\",\"previousItem\":{\"@type\":\"ListItem\",\"@id\":\"https:\\\/\\\/anoticiaonline.com.br\\\/site\\\/categoria\\\/eventos\\\/#listItem\",\"name\":\"Eventos\"}}]},{\"@type\":\"Organization\",\"@id\":\"https:\\\/\\\/anoticiaonline.com.br\\\/site\\\/#organization\",\"name\":\"A Not\\u00edcia Online\",\"description\":\"Noticias de Muria\\u00e9 e regi\\u00e3o\",\"url\":\"https:\\\/\\\/anoticiaonline.com.br\\\/site\\\/\",\"logo\":{\"@type\":\"ImageObject\",\"url\":\"https:\\\/\\\/scontent-gig4-1.xx.fbcdn.net\\\/v\\\/t39.30808-1\\\/270437624_4564083193639691_6907940295614233970_n.jpg?stp=dst-jpg_s200x200_tt6&_nc_cat=111&ccb=1-7&_nc_sid=f907e8&_nc_ohc=SM1wRlP3lJwQ7kNvwEPuBYA&_nc_oc=AdnqrjDN_BNjSSHWO-GbkIWH6fkGMLw4bqvL_NH6e2wMveX7G-rP2dAqsDSq1mJMOaY&_nc_zt=24&_nc_ht=scontent-gig4-1.xx&_nc_gid=AoBFJeGrT1hVaew_6rchkQ&oh=00_AfX7QmFGhQhG2jAllVgXCiM1ZrWgvtp80-Bfppyexh1QEg&oe=689E923C\",\"@id\":\"https:\\\/\\\/anoticiaonline.com.br\\\/site\\\/fazenda-fortaleza-realiza-sua-i-cavalgada\\\/#organizationLogo\"},\"image\":{\"@id\":\"https:\\\/\\\/anoticiaonline.com.br\\\/site\\\/fazenda-fortaleza-realiza-sua-i-cavalgada\\\/#organizationLogo\"}},{\"@type\":\"Person\",\"@id\":\"https:\\\/\\\/anoticiaonline.com.br\\\/site\\\/author\\\/juliana\\\/#author\",\"url\":\"https:\\\/\\\/anoticiaonline.com.br\\\/site\\\/author\\\/juliana\\\/\",\"name\":\"Juliana Laviola\",\"image\":{\"@type\":\"ImageObject\",\"@id\":\"https:\\\/\\\/anoticiaonline.com.br\\\/site\\\/fazenda-fortaleza-realiza-sua-i-cavalgada\\\/#authorImage\",\"url\":\"https:\\\/\\\/secure.gravatar.com\\\/avatar\\\/b8d45f5c699b100dfaf0e543582f38f38bf94cb7ae3a5e9abf8d891a34773335?s=96&d=mm&r=g\",\"width\":96,\"height\":96,\"caption\":\"Juliana Laviola\"}},{\"@type\":\"WebPage\",\"@id\":\"https:\\\/\\\/anoticiaonline.com.br\\\/site\\\/fazenda-fortaleza-realiza-sua-i-cavalgada\\\/#webpage\",\"url\":\"https:\\\/\\\/anoticiaonline.com.br\\\/site\\\/fazenda-fortaleza-realiza-sua-i-cavalgada\\\/\",\"name\":\"Fazenda Fortaleza realiza sua I Cavalgada - A Not\\u00edcia Online\",\"description\":\"A Fazenda Fortaleza, propriedade de Ismar Nogueira Calcagno, localizada na zona rural de Muria\\u00e9, realizou a primeira edi\\u00e7\\u00e3o de sua cavalgada beneficente, no domingo (15). O percurso teve come\\u00e7ou na Fazenda Boa Vista, propriedade da senhora Ieda Monteiro de Castro, passou tamb\\u00e9m pela Fazenda Eldorado e concluindo com almo\\u00e7o, leil\\u00e3o e show com a dupla\",\"inLanguage\":\"pt-BR\",\"isPartOf\":{\"@id\":\"https:\\\/\\\/anoticiaonline.com.br\\\/site\\\/#website\"},\"breadcrumb\":{\"@id\":\"https:\\\/\\\/anoticiaonline.com.br\\\/site\\\/fazenda-fortaleza-realiza-sua-i-cavalgada\\\/#breadcrumblist\"},\"author\":{\"@id\":\"https:\\\/\\\/anoticiaonline.com.br\\\/site\\\/author\\\/juliana\\\/#author\"},\"creator\":{\"@id\":\"https:\\\/\\\/anoticiaonline.com.br\\\/site\\\/author\\\/juliana\\\/#author\"},\"image\":{\"@type\":\"ImageObject\",\"url\":\"https:\\\/\\\/anoticiaonline.com.br\\\/site\\\/wp-content\\\/uploads\\\/2017\\\/10\\\/DSC_0839-1.jpg\",\"@id\":\"https:\\\/\\\/anoticiaonline.com.br\\\/site\\\/fazenda-fortaleza-realiza-sua-i-cavalgada\\\/#mainImage\",\"width\":640,\"height\":427},\"primaryImageOfPage\":{\"@id\":\"https:\\\/\\\/anoticiaonline.com.br\\\/site\\\/fazenda-fortaleza-realiza-sua-i-cavalgada\\\/#mainImage\"},\"datePublished\":\"2017-10-20T13:46:25-03:00\",\"dateModified\":\"2017-10-27T11:16:27-03:00\"},{\"@type\":\"WebSite\",\"@id\":\"https:\\\/\\\/anoticiaonline.com.br\\\/site\\\/#website\",\"url\":\"https:\\\/\\\/anoticiaonline.com.br\\\/site\\\/\",\"name\":\"A Not\\u00edcia Online\",\"description\":\"Noticias de Muria\\u00e9 e regi\\u00e3o\",\"inLanguage\":\"pt-BR\",\"publisher\":{\"@id\":\"https:\\\/\\\/anoticiaonline.com.br\\\/site\\\/#organization\"}}]}\n\t\t<\/script>\n\t\t<!-- All in One SEO -->\n\n","aioseo_head_json":{"title":"Fazenda Fortaleza realiza sua I Cavalgada - A Not\u00edcia Online","description":"A Fazenda Fortaleza, propriedade de Ismar Nogueira Calcagno, localizada na zona rural de Muria\u00e9, realizou a primeira edi\u00e7\u00e3o de sua cavalgada beneficente, no domingo (15). O percurso teve come\u00e7ou na Fazenda Boa Vista, propriedade da senhora Ieda Monteiro de Castro, passou tamb\u00e9m pela Fazenda Eldorado e concluindo com almo\u00e7o, leil\u00e3o e show com a dupla","canonical_url":"https:\/\/anoticiaonline.com.br\/site\/fazenda-fortaleza-realiza-sua-i-cavalgada\/","robots":"max-image-preview:large","keywords":"","webmasterTools":{"miscellaneous":""},"schema":{"@context":"https:\/\/schema.org","@graph":[{"@type":"BlogPosting","@id":"https:\/\/anoticiaonline.com.br\/site\/fazenda-fortaleza-realiza-sua-i-cavalgada\/#blogposting","name":"Fazenda Fortaleza realiza sua I Cavalgada - A Not\u00edcia Online","headline":"Fazenda Fortaleza realiza sua I Cavalgada","author":{"@id":"https:\/\/anoticiaonline.com.br\/site\/author\/juliana\/#author"},"publisher":{"@id":"https:\/\/anoticiaonline.com.br\/site\/#organization"},"image":{"@type":"ImageObject","url":"https:\/\/anoticiaonline.com.br\/site\/wp-content\/uploads\/2017\/10\/DSC_0839-1.jpg","width":640,"height":427},"datePublished":"2017-10-20T13:46:25-03:00","dateModified":"2017-10-27T11:16:27-03:00","inLanguage":"pt-BR","mainEntityOfPage":{"@id":"https:\/\/anoticiaonline.com.br\/site\/fazenda-fortaleza-realiza-sua-i-cavalgada\/#webpage"},"isPartOf":{"@id":"https:\/\/anoticiaonline.com.br\/site\/fazenda-fortaleza-realiza-sua-i-cavalgada\/#webpage"},"articleSection":"Blog, Eventos, cavalgada, Fazenda Fortaleza"},{"@type":"BreadcrumbList","@id":"https:\/\/anoticiaonline.com.br\/site\/fazenda-fortaleza-realiza-sua-i-cavalgada\/#breadcrumblist","itemListElement":[{"@type":"ListItem","@id":"https:\/\/anoticiaonline.com.br\/site#listItem","position":1,"name":"Home","item":"https:\/\/anoticiaonline.com.br\/site","nextItem":{"@type":"ListItem","@id":"https:\/\/anoticiaonline.com.br\/site\/categoria\/eventos\/#listItem","name":"Eventos"}},{"@type":"ListItem","@id":"https:\/\/anoticiaonline.com.br\/site\/categoria\/eventos\/#listItem","position":2,"name":"Eventos","item":"https:\/\/anoticiaonline.com.br\/site\/categoria\/eventos\/","nextItem":{"@type":"ListItem","@id":"https:\/\/anoticiaonline.com.br\/site\/fazenda-fortaleza-realiza-sua-i-cavalgada\/#listItem","name":"Fazenda Fortaleza realiza sua I Cavalgada"},"previousItem":{"@type":"ListItem","@id":"https:\/\/anoticiaonline.com.br\/site#listItem","name":"Home"}},{"@type":"ListItem","@id":"https:\/\/anoticiaonline.com.br\/site\/fazenda-fortaleza-realiza-sua-i-cavalgada\/#listItem","position":3,"name":"Fazenda Fortaleza realiza sua I Cavalgada","previousItem":{"@type":"ListItem","@id":"https:\/\/anoticiaonline.com.br\/site\/categoria\/eventos\/#listItem","name":"Eventos"}}]},{"@type":"Organization","@id":"https:\/\/anoticiaonline.com.br\/site\/#organization","name":"A Not\u00edcia Online","description":"Noticias de Muria\u00e9 e regi\u00e3o","url":"https:\/\/anoticiaonline.com.br\/site\/","logo":{"@type":"ImageObject","url":"https:\/\/scontent-gig4-1.xx.fbcdn.net\/v\/t39.30808-1\/270437624_4564083193639691_6907940295614233970_n.jpg?stp=dst-jpg_s200x200_tt6&_nc_cat=111&ccb=1-7&_nc_sid=f907e8&_nc_ohc=SM1wRlP3lJwQ7kNvwEPuBYA&_nc_oc=AdnqrjDN_BNjSSHWO-GbkIWH6fkGMLw4bqvL_NH6e2wMveX7G-rP2dAqsDSq1mJMOaY&_nc_zt=24&_nc_ht=scontent-gig4-1.xx&_nc_gid=AoBFJeGrT1hVaew_6rchkQ&oh=00_AfX7QmFGhQhG2jAllVgXCiM1ZrWgvtp80-Bfppyexh1QEg&oe=689E923C","@id":"https:\/\/anoticiaonline.com.br\/site\/fazenda-fortaleza-realiza-sua-i-cavalgada\/#organizationLogo"},"image":{"@id":"https:\/\/anoticiaonline.com.br\/site\/fazenda-fortaleza-realiza-sua-i-cavalgada\/#organizationLogo"}},{"@type":"Person","@id":"https:\/\/anoticiaonline.com.br\/site\/author\/juliana\/#author","url":"https:\/\/anoticiaonline.com.br\/site\/author\/juliana\/","name":"Juliana Laviola","image":{"@type":"ImageObject","@id":"https:\/\/anoticiaonline.com.br\/site\/fazenda-fortaleza-realiza-sua-i-cavalgada\/#authorImage","url":"https:\/\/secure.gravatar.com\/avatar\/b8d45f5c699b100dfaf0e543582f38f38bf94cb7ae3a5e9abf8d891a34773335?s=96&d=mm&r=g","width":96,"height":96,"caption":"Juliana Laviola"}},{"@type":"WebPage","@id":"https:\/\/anoticiaonline.com.br\/site\/fazenda-fortaleza-realiza-sua-i-cavalgada\/#webpage","url":"https:\/\/anoticiaonline.com.br\/site\/fazenda-fortaleza-realiza-sua-i-cavalgada\/","name":"Fazenda Fortaleza realiza sua I Cavalgada - A Not\u00edcia Online","description":"A Fazenda Fortaleza, propriedade de Ismar Nogueira Calcagno, localizada na zona rural de Muria\u00e9, realizou a primeira edi\u00e7\u00e3o de sua cavalgada beneficente, no domingo (15). O percurso teve come\u00e7ou na Fazenda Boa Vista, propriedade da senhora Ieda Monteiro de Castro, passou tamb\u00e9m pela Fazenda Eldorado e concluindo com almo\u00e7o, leil\u00e3o e show com a dupla","inLanguage":"pt-BR","isPartOf":{"@id":"https:\/\/anoticiaonline.com.br\/site\/#website"},"breadcrumb":{"@id":"https:\/\/anoticiaonline.com.br\/site\/fazenda-fortaleza-realiza-sua-i-cavalgada\/#breadcrumblist"},"author":{"@id":"https:\/\/anoticiaonline.com.br\/site\/author\/juliana\/#author"},"creator":{"@id":"https:\/\/anoticiaonline.com.br\/site\/author\/juliana\/#author"},"image":{"@type":"ImageObject","url":"https:\/\/anoticiaonline.com.br\/site\/wp-content\/uploads\/2017\/10\/DSC_0839-1.jpg","@id":"https:\/\/anoticiaonline.com.br\/site\/fazenda-fortaleza-realiza-sua-i-cavalgada\/#mainImage","width":640,"height":427},"primaryImageOfPage":{"@id":"https:\/\/anoticiaonline.com.br\/site\/fazenda-fortaleza-realiza-sua-i-cavalgada\/#mainImage"},"datePublished":"2017-10-20T13:46:25-03:00","dateModified":"2017-10-27T11:16:27-03:00"},{"@type":"WebSite","@id":"https:\/\/anoticiaonline.com.br\/site\/#website","url":"https:\/\/anoticiaonline.com.br\/site\/","name":"A Not\u00edcia Online","description":"Noticias de Muria\u00e9 e regi\u00e3o","inLanguage":"pt-BR","publisher":{"@id":"https:\/\/anoticiaonline.com.br\/site\/#organization"}}]},"og:locale":"pt_BR","og:site_name":"A Not\u00edcia Online - Noticias de Muria\u00e9 e regi\u00e3o","og:type":"article","og:title":"Fazenda Fortaleza realiza sua I Cavalgada - A Not\u00edcia Online","og:description":"A Fazenda Fortaleza, propriedade de Ismar Nogueira Calcagno, localizada na zona rural de Muria\u00e9, realizou a primeira edi\u00e7\u00e3o de sua cavalgada beneficente, no domingo (15). O percurso teve come\u00e7ou na Fazenda Boa Vista, propriedade da senhora Ieda Monteiro de Castro, passou tamb\u00e9m pela Fazenda Eldorado e concluindo com almo\u00e7o, leil\u00e3o e show com a dupla","og:url":"https:\/\/anoticiaonline.com.br\/site\/fazenda-fortaleza-realiza-sua-i-cavalgada\/","og:image":"https:\/\/scontent-gig4-1.xx.fbcdn.net\/v\/t39.30808-1\/270437624_4564083193639691_6907940295614233970_n.jpg?stp=dst-jpg_s200x200_tt6&#038;_nc_cat=111&#038;ccb=1-7&#038;_nc_sid=f907e8&#038;_nc_ohc=SM1wRlP3lJwQ7kNvwEPuBYA&#038;_nc_oc=AdnqrjDN_BNjSSHWO-GbkIWH6fkGMLw4bqvL_NH6e2wMveX7G-rP2dAqsDSq1mJMOaY&#038;_nc_zt=24&#038;_nc_ht=scontent-gig4-1.xx&#038;_nc_gid=AoBFJeGrT1hVaew_6rchkQ&#038;oh=00_AfX7QmFGhQhG2jAllVgXCiM1ZrWgvtp80-Bfppyexh1QEg&#038;oe=689E923C","og:image:secure_url":"https:\/\/scontent-gig4-1.xx.fbcdn.net\/v\/t39.30808-1\/270437624_4564083193639691_6907940295614233970_n.jpg?stp=dst-jpg_s200x200_tt6&#038;_nc_cat=111&#038;ccb=1-7&#038;_nc_sid=f907e8&#038;_nc_ohc=SM1wRlP3lJwQ7kNvwEPuBYA&#038;_nc_oc=AdnqrjDN_BNjSSHWO-GbkIWH6fkGMLw4bqvL_NH6e2wMveX7G-rP2dAqsDSq1mJMOaY&#038;_nc_zt=24&#038;_nc_ht=scontent-gig4-1.xx&#038;_nc_gid=AoBFJeGrT1hVaew_6rchkQ&#038;oh=00_AfX7QmFGhQhG2jAllVgXCiM1ZrWgvtp80-Bfppyexh1QEg&#038;oe=689E923C","article:published_time":"2017-10-20T16:46:25+00:00","article:modified_time":"2017-10-27T14:16:27+00:00","twitter:card":"summary_large_image","twitter:title":"Fazenda Fortaleza realiza sua I Cavalgada - A Not\u00edcia Online","twitter:description":"A Fazenda Fortaleza, propriedade de Ismar Nogueira Calcagno, localizada na zona rural de Muria\u00e9, realizou a primeira edi\u00e7\u00e3o de sua cavalgada beneficente, no domingo (15). O percurso teve come\u00e7ou na Fazenda Boa Vista, propriedade da senhora Ieda Monteiro de Castro, passou tamb\u00e9m pela Fazenda Eldorado e concluindo com almo\u00e7o, leil\u00e3o e show com a dupla","twitter:image":"https:\/\/scontent-gig4-1.xx.fbcdn.net\/v\/t39.30808-1\/270437624_4564083193639691_6907940295614233970_n.jpg?stp=dst-jpg_s200x200_tt6&_nc_cat=111&ccb=1-7&_nc_sid=f907e8&_nc_ohc=SM1wRlP3lJwQ7kNvwEPuBYA&_nc_oc=AdnqrjDN_BNjSSHWO-GbkIWH6fkGMLw4bqvL_NH6e2wMveX7G-rP2dAqsDSq1mJMOaY&_nc_zt=24&_nc_ht=scontent-gig4-1.xx&_nc_gid=AoBFJeGrT1hVaew_6rchkQ&oh=00_AfX7QmFGhQhG2jAllVgXCiM1ZrWgvtp80-Bfppyexh1QEg&oe=689E923C"},"aioseo_meta_data":{"post_id":"42865","title":null,"description":null,"keywords":null,"keyphrases":null,"primary_term":null,"canonical_url":null,"og_title":null,"og_description":null,"og_object_type":"default","og_image_type":"default","og_image_url":null,"og_image_width":null,"og_image_height":null,"og_image_custom_url":null,"og_image_custom_fields":null,"og_video":null,"og_custom_url":null,"og_article_section":null,"og_article_tags":null,"twitter_use_og":false,"twitter_card":"default","twitter_image_type":"default","twitter_image_url":null,"twitter_image_custom_url":null,"twitter_image_custom_fields":null,"twitter_title":null,"twitter_description":null,"schema":{"blockGraphs":[],"customGraphs":[],"default":{"data":{"Article":[],"Course":[],"Dataset":[],"FAQPage":[],"Movie":[],"Person":[],"Product":[],"ProductReview":[],"Car":[],"Recipe":[],"Service":[],"SoftwareApplication":[],"WebPage":[]},"graphName":"","isEnabled":true},"graphs":[]},"schema_type":"default","schema_type_options":null,"pillar_content":false,"robots_default":true,"robots_noindex":false,"robots_noarchive":false,"robots_nosnippet":false,"robots_nofollow":false,"robots_noimageindex":false,"robots_noodp":false,"robots_notranslate":false,"robots_max_snippet":null,"robots_max_videopreview":null,"robots_max_imagepreview":"large","priority":null,"frequency":null,"local_seo":null,"breadcrumb_settings":null,"limit_modified_date":false,"ai":null,"created":"2025-08-16 19:40:32","updated":"2025-08-16 19:40:32","focus_keyword":null,"additional_keywords":null,"truseo_locale":null,"seo_analyzer_scan_date":null},"aioseo_breadcrumb":"<div class=\"aioseo-breadcrumbs\"><span class=\"aioseo-breadcrumb\">\n\t\t\t<a href=\"https:\/\/anoticiaonline.com.br\/site\" title=\"Home\">Home<\/a>\n\t\t<\/span><span class=\"aioseo-breadcrumb-separator\">&raquo;<\/span><span class=\"aioseo-breadcrumb\">\n\t\t\t<a href=\"https:\/\/anoticiaonline.com.br\/site\/categoria\/eventos\/\" title=\"Eventos\">Eventos<\/a>\n\t\t<\/span><span class=\"aioseo-breadcrumb-separator\">&raquo;<\/span><span class=\"aioseo-breadcrumb\">\n\t\t\tFazenda Fortaleza realiza sua I Cavalgada\n\t\t<\/span><\/div>","aioseo_breadcrumb_json":[{"label":"Home","link":"https:\/\/anoticiaonline.com.br\/site"},{"label":"Eventos","link":"https:\/\/anoticiaonline.com.br\/site\/categoria\/eventos\/"},{"label":"Fazenda Fortaleza realiza sua I Cavalgada","link":"https:\/\/anoticiaonline.com.br\/site\/fazenda-fortaleza-realiza-sua-i-cavalgada\/"}],"views":271,"_links":{"self":[{"href":"https:\/\/anoticiaonline.com.br\/site\/wp-json\/wp\/v2\/posts\/42865","targetHints":{"allow":["GET"]}}],"collection":[{"href":"https:\/\/anoticiaonline.com.br\/site\/wp-json\/wp\/v2\/posts"}],"about":[{"href":"https:\/\/anoticiaonline.com.br\/site\/wp-json\/wp\/v2\/types\/post"}],"author":[{"embeddable":true,"href":"https:\/\/anoticiaonline.com.br\/site\/wp-json\/wp\/v2\/users\/2"}],"replies":[{"embeddable":true,"href":"https:\/\/anoticiaonline.com.br\/site\/wp-json\/wp\/v2\/comments?post=42865"}],"version-history":[{"count":0,"href":"https:\/\/anoticiaonline.com.br\/site\/wp-json\/wp\/v2\/posts\/42865\/revisions"}],"wp:featuredmedia":[{"embeddable":true,"href":"https:\/\/anoticiaonline.com.br\/site\/wp-json\/wp\/v2\/media\/42867"}],"wp:attachment":[{"href":"https:\/\/anoticiaonline.com.br\/site\/wp-json\/wp\/v2\/media?parent=42865"}],"wp:term":[{"taxonomy":"category","embeddable":true,"href":"https:\/\/anoticiaonline.com.br\/site\/wp-json\/wp\/v2\/categories?post=42865"},{"taxonomy":"post_tag","embeddable":true,"href":"https:\/\/anoticiaonline.com.br\/site\/wp-json\/wp\/v2\/tags?post=42865"}],"curies":[{"name":"wp","href":"https:\/\/api.w.org\/{rel}","templated":true}]}}