{"id":42685,"date":"2017-10-19T18:35:21","date_gmt":"2017-10-19T21:35:21","guid":{"rendered":"http:\/\/anoticiaonline.com.br\/site\/?p=42685"},"modified":"2017-10-19T18:35:21","modified_gmt":"2017-10-19T21:35:21","slug":"edmundo-animal-estara-em-muriae-no-dia-28-de-outubro","status":"publish","type":"post","link":"https:\/\/anoticiaonline.com.br\/site\/edmundo-animal-estara-em-muriae-no-dia-28-de-outubro\/","title":{"rendered":"Edmundo \u201cAnimal\u201d estar\u00e1 em Muria\u00e9 no dia 28 de outubro"},"content":{"rendered":"<figure id=\"attachment_42686\" aria-describedby=\"caption-attachment-42686\" style=\"width: 290px\" class=\"wp-caption alignleft\"><a href=\"https:\/\/anoticiaonline.com.br\/site\/wp-content\/uploads\/2017\/10\/Edmundo-\u201cAnimal\u201d-estar\u00e1-em-Muria\u00e9-no-dia-28-de-outubro.jpg\"><img fetchpriority=\"high\" decoding=\"async\" class=\"size-medium wp-image-42686\" src=\"https:\/\/anoticiaonline.com.br\/site\/wp-content\/uploads\/2017\/10\/Edmundo-\u201cAnimal\u201d-estar\u00e1-em-Muria\u00e9-no-dia-28-de-outubro-300x225.jpg\" alt=\"\" width=\"300\" height=\"225\" srcset=\"https:\/\/anoticiaonline.com.br\/site\/wp-content\/uploads\/2017\/10\/Edmundo-\u201cAnimal\u201d-estar\u00e1-em-Muria\u00e9-no-dia-28-de-outubro-300x225.jpg 300w, https:\/\/anoticiaonline.com.br\/site\/wp-content\/uploads\/2017\/10\/Edmundo-\u201cAnimal\u201d-estar\u00e1-em-Muria\u00e9-no-dia-28-de-outubro.jpg 640w\" sizes=\"(max-width: 300px) 100vw, 300px\" \/><\/a><figcaption id=\"caption-attachment-42686\" class=\"wp-caption-text\">Cr\u00e9ditos: www.bandnews.com.br<\/figcaption><\/figure>\n<p>Um dos maiores craques do futebol, Edmundo \u201cAnimal\u201d, \u00eddolo dos vasca\u00ednos, estar\u00e1 em Muria\u00e9, no dia 28 de outubro, para um evento com os f\u00e3s, amantes do esporte e do Vasco da Gama. O encontro acontecer\u00e1 no S\u00edtio do Adelmo, onde apenas torcedores, com a camisa do time carioca, ter\u00e3o acesso. Os ingressos limitados, que dever\u00e3o ser adquiridos antecipadamente, d\u00e3o direito tamb\u00e9m ao almo\u00e7o que ser\u00e1 servido no local.<\/p>\n<p>No evento, f\u00e3s poder\u00e3o tirar fotos, pedir aut\u00f3grafos e participar de um talk show com o jogador. Por v\u00eddeo, Edmundo enviou uma mensagem aos vasca\u00ednos de Muria\u00e9 convidando para o encontro que aguarda ansiosamente.<\/p>\n<p>Para adquirir os ingressos e informa\u00e7\u00f5es sobre o encontro, entre em contato pelo telefone: 32 9 8841-3953\/ 32 9 8873-0218.<\/p>\n","protected":false},"excerpt":{"rendered":"<p>Um dos maiores craques do futebol, Edmundo \u201cAnimal\u201d, \u00eddolo dos vasca\u00ednos, estar\u00e1 em Muria\u00e9, no dia 28 de outubro, para um evento com os f\u00e3s, amantes do esporte e do Vasco da Gama. O encontro acontecer\u00e1 no S\u00edtio do Adelmo, onde apenas torcedores, com a camisa do time carioca, ter\u00e3o acesso. Os ingressos limitados, que &#8230; <a title=\"Edmundo \u201cAnimal\u201d estar\u00e1 em Muria\u00e9 no dia 28 de outubro\" class=\"read-more\" href=\"https:\/\/anoticiaonline.com.br\/site\/edmundo-animal-estara-em-muriae-no-dia-28-de-outubro\/\" aria-label=\"Read more about Edmundo \u201cAnimal\u201d estar\u00e1 em Muria\u00e9 no dia 28 de outubro\">Ler mais<\/a><\/p>\n","protected":false},"author":2,"featured_media":42686,"comment_status":"open","ping_status":"open","sticky":false,"template":"","format":"standard","meta":{"_acf_changed":false,"_monsterinsights_skip_tracking":false,"footnotes":""},"categories":[30],"tags":[1368,74,3,867],"class_list":["post-42685","post","type-post","status-publish","format-standard","has-post-thumbnail","hentry","category-muriae","tag-edmundo","tag-muriae","tag-slide","tag-vasco"],"acf":[],"aioseo_notices":[],"aioseo_head":"\n\t\t<!-- All in One SEO 5.0.0.1 - aioseo.com -->\n\t<meta name=\"description\" content=\"Um dos maiores craques do futebol, Edmundo \u201cAnimal\u201d, \u00eddolo dos vasca\u00ednos, estar\u00e1 em Muria\u00e9, no dia 28 de outubro, para um evento com os f\u00e3s, amantes do esporte e do Vasco da Gama. O encontro acontecer\u00e1 no S\u00edtio do Adelmo, onde apenas torcedores, com a camisa do time carioca, ter\u00e3o acesso. Os ingressos limitados, que\" \/>\n\t<meta name=\"robots\" content=\"max-image-preview:large\" \/>\n\t<meta name=\"author\" content=\"Juliana Laviola\"\/>\n\t<link rel=\"canonical\" href=\"https:\/\/anoticiaonline.com.br\/site\/edmundo-animal-estara-em-muriae-no-dia-28-de-outubro\/\" \/>\n\t<meta name=\"generator\" content=\"All in One SEO (AIOSEO) 5.0.0.1\" \/>\n\t\t<meta property=\"og:locale\" content=\"pt_BR\" \/>\n\t\t<meta property=\"og:site_name\" content=\"A Not\u00edcia Online - Noticias de Muria\u00e9 e regi\u00e3o\" \/>\n\t\t<meta property=\"og:type\" content=\"article\" \/>\n\t\t<meta property=\"og:title\" content=\"Edmundo \u201cAnimal\u201d estar\u00e1 em Muria\u00e9 no dia 28 de outubro - A Not\u00edcia Online\" \/>\n\t\t<meta property=\"og:description\" content=\"Um dos maiores craques do futebol, Edmundo \u201cAnimal\u201d, \u00eddolo dos vasca\u00ednos, estar\u00e1 em Muria\u00e9, no dia 28 de outubro, para um evento com os f\u00e3s, amantes do esporte e do Vasco da Gama. O encontro acontecer\u00e1 no S\u00edtio do Adelmo, onde apenas torcedores, com a camisa do time carioca, ter\u00e3o acesso. Os ingressos limitados, que\" \/>\n\t\t<meta property=\"og:url\" content=\"https:\/\/anoticiaonline.com.br\/site\/edmundo-animal-estara-em-muriae-no-dia-28-de-outubro\/\" \/>\n\t\t<meta property=\"og:image\" content=\"https:\/\/scontent-gig4-1.xx.fbcdn.net\/v\/t39.30808-1\/270437624_4564083193639691_6907940295614233970_n.jpg?stp=dst-jpg_s200x200_tt6&#038;_nc_cat=111&#038;ccb=1-7&#038;_nc_sid=f907e8&#038;_nc_ohc=SM1wRlP3lJwQ7kNvwEPuBYA&#038;_nc_oc=AdnqrjDN_BNjSSHWO-GbkIWH6fkGMLw4bqvL_NH6e2wMveX7G-rP2dAqsDSq1mJMOaY&#038;_nc_zt=24&#038;_nc_ht=scontent-gig4-1.xx&#038;_nc_gid=AoBFJeGrT1hVaew_6rchkQ&#038;oh=00_AfX7QmFGhQhG2jAllVgXCiM1ZrWgvtp80-Bfppyexh1QEg&#038;oe=689E923C\" \/>\n\t\t<meta property=\"og:image:secure_url\" content=\"https:\/\/scontent-gig4-1.xx.fbcdn.net\/v\/t39.30808-1\/270437624_4564083193639691_6907940295614233970_n.jpg?stp=dst-jpg_s200x200_tt6&#038;_nc_cat=111&#038;ccb=1-7&#038;_nc_sid=f907e8&#038;_nc_ohc=SM1wRlP3lJwQ7kNvwEPuBYA&#038;_nc_oc=AdnqrjDN_BNjSSHWO-GbkIWH6fkGMLw4bqvL_NH6e2wMveX7G-rP2dAqsDSq1mJMOaY&#038;_nc_zt=24&#038;_nc_ht=scontent-gig4-1.xx&#038;_nc_gid=AoBFJeGrT1hVaew_6rchkQ&#038;oh=00_AfX7QmFGhQhG2jAllVgXCiM1ZrWgvtp80-Bfppyexh1QEg&#038;oe=689E923C\" \/>\n\t\t<meta property=\"article:published_time\" content=\"2017-10-19T21:35:21+00:00\" \/>\n\t\t<meta property=\"article:modified_time\" content=\"2017-10-19T21:35:21+00:00\" \/>\n\t\t<meta name=\"twitter:card\" content=\"summary_large_image\" \/>\n\t\t<meta name=\"twitter:title\" content=\"Edmundo \u201cAnimal\u201d estar\u00e1 em Muria\u00e9 no dia 28 de outubro - A Not\u00edcia Online\" \/>\n\t\t<meta name=\"twitter:description\" content=\"Um dos maiores craques do futebol, Edmundo \u201cAnimal\u201d, \u00eddolo dos vasca\u00ednos, estar\u00e1 em Muria\u00e9, no dia 28 de outubro, para um evento com os f\u00e3s, amantes do esporte e do Vasco da Gama. O encontro acontecer\u00e1 no S\u00edtio do Adelmo, onde apenas torcedores, com a camisa do time carioca, ter\u00e3o acesso. Os ingressos limitados, que\" \/>\n\t\t<meta name=\"twitter:image\" content=\"https:\/\/scontent-gig4-1.xx.fbcdn.net\/v\/t39.30808-1\/270437624_4564083193639691_6907940295614233970_n.jpg?stp=dst-jpg_s200x200_tt6&amp;_nc_cat=111&amp;ccb=1-7&amp;_nc_sid=f907e8&amp;_nc_ohc=SM1wRlP3lJwQ7kNvwEPuBYA&amp;_nc_oc=AdnqrjDN_BNjSSHWO-GbkIWH6fkGMLw4bqvL_NH6e2wMveX7G-rP2dAqsDSq1mJMOaY&amp;_nc_zt=24&amp;_nc_ht=scontent-gig4-1.xx&amp;_nc_gid=AoBFJeGrT1hVaew_6rchkQ&amp;oh=00_AfX7QmFGhQhG2jAllVgXCiM1ZrWgvtp80-Bfppyexh1QEg&amp;oe=689E923C\" \/>\n\t\t<script type=\"application\/ld+json\" class=\"aioseo-schema\">\n\t\t\t{\"@context\":\"https:\\\/\\\/schema.org\",\"@graph\":[{\"@type\":\"BlogPosting\",\"@id\":\"https:\\\/\\\/anoticiaonline.com.br\\\/site\\\/edmundo-animal-estara-em-muriae-no-dia-28-de-outubro\\\/#blogposting\",\"name\":\"Edmundo \\u201cAnimal\\u201d estar\\u00e1 em Muria\\u00e9 no dia 28 de outubro - A Not\\u00edcia Online\",\"headline\":\"Edmundo \\u201cAnimal\\u201d estar\\u00e1 em Muria\\u00e9 no dia 28 de outubro\",\"author\":{\"@id\":\"https:\\\/\\\/anoticiaonline.com.br\\\/site\\\/author\\\/juliana\\\/#author\"},\"publisher\":{\"@id\":\"https:\\\/\\\/anoticiaonline.com.br\\\/site\\\/#organization\"},\"image\":{\"@type\":\"ImageObject\",\"url\":\"https:\\\/\\\/anoticiaonline.com.br\\\/site\\\/wp-content\\\/uploads\\\/2017\\\/10\\\/Edmundo-\\u201cAnimal\\u201d-estar\\u00e1-em-Muria\\u00e9-no-dia-28-de-outubro.jpg\",\"width\":640,\"height\":480,\"caption\":\"Cr\\u00e9ditos: www.bandnews.com.br\"},\"datePublished\":\"2017-10-19T18:35:21-03:00\",\"dateModified\":\"2017-10-19T18:35:21-03:00\",\"inLanguage\":\"pt-BR\",\"mainEntityOfPage\":{\"@id\":\"https:\\\/\\\/anoticiaonline.com.br\\\/site\\\/edmundo-animal-estara-em-muriae-no-dia-28-de-outubro\\\/#webpage\"},\"isPartOf\":{\"@id\":\"https:\\\/\\\/anoticiaonline.com.br\\\/site\\\/edmundo-animal-estara-em-muriae-no-dia-28-de-outubro\\\/#webpage\"},\"articleSection\":\"Blog, edmundo, Muria\\u00e9, slide, Vasco\"},{\"@type\":\"BreadcrumbList\",\"@id\":\"https:\\\/\\\/anoticiaonline.com.br\\\/site\\\/edmundo-animal-estara-em-muriae-no-dia-28-de-outubro\\\/#breadcrumblist\",\"itemListElement\":[{\"@type\":\"ListItem\",\"@id\":\"https:\\\/\\\/anoticiaonline.com.br\\\/site#listItem\",\"position\":1,\"name\":\"Home\",\"item\":\"https:\\\/\\\/anoticiaonline.com.br\\\/site\",\"nextItem\":{\"@type\":\"ListItem\",\"@id\":\"https:\\\/\\\/anoticiaonline.com.br\\\/site\\\/categoria\\\/muriae\\\/#listItem\",\"name\":\"Blog\"}},{\"@type\":\"ListItem\",\"@id\":\"https:\\\/\\\/anoticiaonline.com.br\\\/site\\\/categoria\\\/muriae\\\/#listItem\",\"position\":2,\"name\":\"Blog\",\"item\":\"https:\\\/\\\/anoticiaonline.com.br\\\/site\\\/categoria\\\/muriae\\\/\",\"nextItem\":{\"@type\":\"ListItem\",\"@id\":\"https:\\\/\\\/anoticiaonline.com.br\\\/site\\\/edmundo-animal-estara-em-muriae-no-dia-28-de-outubro\\\/#listItem\",\"name\":\"Edmundo \\u201cAnimal\\u201d estar\\u00e1 em Muria\\u00e9 no dia 28 de outubro\"},\"previousItem\":{\"@type\":\"ListItem\",\"@id\":\"https:\\\/\\\/anoticiaonline.com.br\\\/site#listItem\",\"name\":\"Home\"}},{\"@type\":\"ListItem\",\"@id\":\"https:\\\/\\\/anoticiaonline.com.br\\\/site\\\/edmundo-animal-estara-em-muriae-no-dia-28-de-outubro\\\/#listItem\",\"position\":3,\"name\":\"Edmundo \\u201cAnimal\\u201d estar\\u00e1 em Muria\\u00e9 no dia 28 de outubro\",\"previousItem\":{\"@type\":\"ListItem\",\"@id\":\"https:\\\/\\\/anoticiaonline.com.br\\\/site\\\/categoria\\\/muriae\\\/#listItem\",\"name\":\"Blog\"}}]},{\"@type\":\"Organization\",\"@id\":\"https:\\\/\\\/anoticiaonline.com.br\\\/site\\\/#organization\",\"name\":\"A Not\\u00edcia Online\",\"description\":\"Noticias de Muria\\u00e9 e regi\\u00e3o\",\"url\":\"https:\\\/\\\/anoticiaonline.com.br\\\/site\\\/\",\"logo\":{\"@type\":\"ImageObject\",\"url\":\"https:\\\/\\\/scontent-gig4-1.xx.fbcdn.net\\\/v\\\/t39.30808-1\\\/270437624_4564083193639691_6907940295614233970_n.jpg?stp=dst-jpg_s200x200_tt6&_nc_cat=111&ccb=1-7&_nc_sid=f907e8&_nc_ohc=SM1wRlP3lJwQ7kNvwEPuBYA&_nc_oc=AdnqrjDN_BNjSSHWO-GbkIWH6fkGMLw4bqvL_NH6e2wMveX7G-rP2dAqsDSq1mJMOaY&_nc_zt=24&_nc_ht=scontent-gig4-1.xx&_nc_gid=AoBFJeGrT1hVaew_6rchkQ&oh=00_AfX7QmFGhQhG2jAllVgXCiM1ZrWgvtp80-Bfppyexh1QEg&oe=689E923C\",\"@id\":\"https:\\\/\\\/anoticiaonline.com.br\\\/site\\\/edmundo-animal-estara-em-muriae-no-dia-28-de-outubro\\\/#organizationLogo\"},\"image\":{\"@id\":\"https:\\\/\\\/anoticiaonline.com.br\\\/site\\\/edmundo-animal-estara-em-muriae-no-dia-28-de-outubro\\\/#organizationLogo\"}},{\"@type\":\"Person\",\"@id\":\"https:\\\/\\\/anoticiaonline.com.br\\\/site\\\/author\\\/juliana\\\/#author\",\"url\":\"https:\\\/\\\/anoticiaonline.com.br\\\/site\\\/author\\\/juliana\\\/\",\"name\":\"Juliana Laviola\",\"image\":{\"@type\":\"ImageObject\",\"@id\":\"https:\\\/\\\/anoticiaonline.com.br\\\/site\\\/edmundo-animal-estara-em-muriae-no-dia-28-de-outubro\\\/#authorImage\",\"url\":\"https:\\\/\\\/secure.gravatar.com\\\/avatar\\\/b8d45f5c699b100dfaf0e543582f38f38bf94cb7ae3a5e9abf8d891a34773335?s=96&d=mm&r=g\",\"width\":96,\"height\":96,\"caption\":\"Juliana Laviola\"}},{\"@type\":\"WebPage\",\"@id\":\"https:\\\/\\\/anoticiaonline.com.br\\\/site\\\/edmundo-animal-estara-em-muriae-no-dia-28-de-outubro\\\/#webpage\",\"url\":\"https:\\\/\\\/anoticiaonline.com.br\\\/site\\\/edmundo-animal-estara-em-muriae-no-dia-28-de-outubro\\\/\",\"name\":\"Edmundo \\u201cAnimal\\u201d estar\\u00e1 em Muria\\u00e9 no dia 28 de outubro - A Not\\u00edcia Online\",\"description\":\"Um dos maiores craques do futebol, Edmundo \\u201cAnimal\\u201d, \\u00eddolo dos vasca\\u00ednos, estar\\u00e1 em Muria\\u00e9, no dia 28 de outubro, para um evento com os f\\u00e3s, amantes do esporte e do Vasco da Gama. O encontro acontecer\\u00e1 no S\\u00edtio do Adelmo, onde apenas torcedores, com a camisa do time carioca, ter\\u00e3o acesso. Os ingressos limitados, que\",\"inLanguage\":\"pt-BR\",\"isPartOf\":{\"@id\":\"https:\\\/\\\/anoticiaonline.com.br\\\/site\\\/#website\"},\"breadcrumb\":{\"@id\":\"https:\\\/\\\/anoticiaonline.com.br\\\/site\\\/edmundo-animal-estara-em-muriae-no-dia-28-de-outubro\\\/#breadcrumblist\"},\"author\":{\"@id\":\"https:\\\/\\\/anoticiaonline.com.br\\\/site\\\/author\\\/juliana\\\/#author\"},\"creator\":{\"@id\":\"https:\\\/\\\/anoticiaonline.com.br\\\/site\\\/author\\\/juliana\\\/#author\"},\"image\":{\"@type\":\"ImageObject\",\"url\":\"https:\\\/\\\/anoticiaonline.com.br\\\/site\\\/wp-content\\\/uploads\\\/2017\\\/10\\\/Edmundo-\\u201cAnimal\\u201d-estar\\u00e1-em-Muria\\u00e9-no-dia-28-de-outubro.jpg\",\"@id\":\"https:\\\/\\\/anoticiaonline.com.br\\\/site\\\/edmundo-animal-estara-em-muriae-no-dia-28-de-outubro\\\/#mainImage\",\"width\":640,\"height\":480,\"caption\":\"Cr\\u00e9ditos: www.bandnews.com.br\"},\"primaryImageOfPage\":{\"@id\":\"https:\\\/\\\/anoticiaonline.com.br\\\/site\\\/edmundo-animal-estara-em-muriae-no-dia-28-de-outubro\\\/#mainImage\"},\"datePublished\":\"2017-10-19T18:35:21-03:00\",\"dateModified\":\"2017-10-19T18:35:21-03:00\"},{\"@type\":\"WebSite\",\"@id\":\"https:\\\/\\\/anoticiaonline.com.br\\\/site\\\/#website\",\"url\":\"https:\\\/\\\/anoticiaonline.com.br\\\/site\\\/\",\"name\":\"A Not\\u00edcia Online\",\"description\":\"Noticias de Muria\\u00e9 e regi\\u00e3o\",\"inLanguage\":\"pt-BR\",\"publisher\":{\"@id\":\"https:\\\/\\\/anoticiaonline.com.br\\\/site\\\/#organization\"}}]}\n\t\t<\/script>\n\t\t<!-- All in One SEO -->\n\n","aioseo_head_json":{"title":"Edmundo \u201cAnimal\u201d estar\u00e1 em Muria\u00e9 no dia 28 de outubro - A Not\u00edcia Online","description":"Um dos maiores craques do futebol, Edmundo \u201cAnimal\u201d, \u00eddolo dos vasca\u00ednos, estar\u00e1 em Muria\u00e9, no dia 28 de outubro, para um evento com os f\u00e3s, amantes do esporte e do Vasco da Gama. O encontro acontecer\u00e1 no S\u00edtio do Adelmo, onde apenas torcedores, com a camisa do time carioca, ter\u00e3o acesso. Os ingressos limitados, que","canonical_url":"https:\/\/anoticiaonline.com.br\/site\/edmundo-animal-estara-em-muriae-no-dia-28-de-outubro\/","robots":"max-image-preview:large","keywords":"","webmasterTools":{"miscellaneous":""},"schema":{"@context":"https:\/\/schema.org","@graph":[{"@type":"BlogPosting","@id":"https:\/\/anoticiaonline.com.br\/site\/edmundo-animal-estara-em-muriae-no-dia-28-de-outubro\/#blogposting","name":"Edmundo \u201cAnimal\u201d estar\u00e1 em Muria\u00e9 no dia 28 de outubro - A Not\u00edcia Online","headline":"Edmundo \u201cAnimal\u201d estar\u00e1 em Muria\u00e9 no dia 28 de outubro","author":{"@id":"https:\/\/anoticiaonline.com.br\/site\/author\/juliana\/#author"},"publisher":{"@id":"https:\/\/anoticiaonline.com.br\/site\/#organization"},"image":{"@type":"ImageObject","url":"https:\/\/anoticiaonline.com.br\/site\/wp-content\/uploads\/2017\/10\/Edmundo-\u201cAnimal\u201d-estar\u00e1-em-Muria\u00e9-no-dia-28-de-outubro.jpg","width":640,"height":480,"caption":"Cr\u00e9ditos: www.bandnews.com.br"},"datePublished":"2017-10-19T18:35:21-03:00","dateModified":"2017-10-19T18:35:21-03:00","inLanguage":"pt-BR","mainEntityOfPage":{"@id":"https:\/\/anoticiaonline.com.br\/site\/edmundo-animal-estara-em-muriae-no-dia-28-de-outubro\/#webpage"},"isPartOf":{"@id":"https:\/\/anoticiaonline.com.br\/site\/edmundo-animal-estara-em-muriae-no-dia-28-de-outubro\/#webpage"},"articleSection":"Blog, edmundo, Muria\u00e9, slide, Vasco"},{"@type":"BreadcrumbList","@id":"https:\/\/anoticiaonline.com.br\/site\/edmundo-animal-estara-em-muriae-no-dia-28-de-outubro\/#breadcrumblist","itemListElement":[{"@type":"ListItem","@id":"https:\/\/anoticiaonline.com.br\/site#listItem","position":1,"name":"Home","item":"https:\/\/anoticiaonline.com.br\/site","nextItem":{"@type":"ListItem","@id":"https:\/\/anoticiaonline.com.br\/site\/categoria\/muriae\/#listItem","name":"Blog"}},{"@type":"ListItem","@id":"https:\/\/anoticiaonline.com.br\/site\/categoria\/muriae\/#listItem","position":2,"name":"Blog","item":"https:\/\/anoticiaonline.com.br\/site\/categoria\/muriae\/","nextItem":{"@type":"ListItem","@id":"https:\/\/anoticiaonline.com.br\/site\/edmundo-animal-estara-em-muriae-no-dia-28-de-outubro\/#listItem","name":"Edmundo \u201cAnimal\u201d estar\u00e1 em Muria\u00e9 no dia 28 de outubro"},"previousItem":{"@type":"ListItem","@id":"https:\/\/anoticiaonline.com.br\/site#listItem","name":"Home"}},{"@type":"ListItem","@id":"https:\/\/anoticiaonline.com.br\/site\/edmundo-animal-estara-em-muriae-no-dia-28-de-outubro\/#listItem","position":3,"name":"Edmundo \u201cAnimal\u201d estar\u00e1 em Muria\u00e9 no dia 28 de outubro","previousItem":{"@type":"ListItem","@id":"https:\/\/anoticiaonline.com.br\/site\/categoria\/muriae\/#listItem","name":"Blog"}}]},{"@type":"Organization","@id":"https:\/\/anoticiaonline.com.br\/site\/#organization","name":"A Not\u00edcia Online","description":"Noticias de Muria\u00e9 e regi\u00e3o","url":"https:\/\/anoticiaonline.com.br\/site\/","logo":{"@type":"ImageObject","url":"https:\/\/scontent-gig4-1.xx.fbcdn.net\/v\/t39.30808-1\/270437624_4564083193639691_6907940295614233970_n.jpg?stp=dst-jpg_s200x200_tt6&_nc_cat=111&ccb=1-7&_nc_sid=f907e8&_nc_ohc=SM1wRlP3lJwQ7kNvwEPuBYA&_nc_oc=AdnqrjDN_BNjSSHWO-GbkIWH6fkGMLw4bqvL_NH6e2wMveX7G-rP2dAqsDSq1mJMOaY&_nc_zt=24&_nc_ht=scontent-gig4-1.xx&_nc_gid=AoBFJeGrT1hVaew_6rchkQ&oh=00_AfX7QmFGhQhG2jAllVgXCiM1ZrWgvtp80-Bfppyexh1QEg&oe=689E923C","@id":"https:\/\/anoticiaonline.com.br\/site\/edmundo-animal-estara-em-muriae-no-dia-28-de-outubro\/#organizationLogo"},"image":{"@id":"https:\/\/anoticiaonline.com.br\/site\/edmundo-animal-estara-em-muriae-no-dia-28-de-outubro\/#organizationLogo"}},{"@type":"Person","@id":"https:\/\/anoticiaonline.com.br\/site\/author\/juliana\/#author","url":"https:\/\/anoticiaonline.com.br\/site\/author\/juliana\/","name":"Juliana Laviola","image":{"@type":"ImageObject","@id":"https:\/\/anoticiaonline.com.br\/site\/edmundo-animal-estara-em-muriae-no-dia-28-de-outubro\/#authorImage","url":"https:\/\/secure.gravatar.com\/avatar\/b8d45f5c699b100dfaf0e543582f38f38bf94cb7ae3a5e9abf8d891a34773335?s=96&d=mm&r=g","width":96,"height":96,"caption":"Juliana Laviola"}},{"@type":"WebPage","@id":"https:\/\/anoticiaonline.com.br\/site\/edmundo-animal-estara-em-muriae-no-dia-28-de-outubro\/#webpage","url":"https:\/\/anoticiaonline.com.br\/site\/edmundo-animal-estara-em-muriae-no-dia-28-de-outubro\/","name":"Edmundo \u201cAnimal\u201d estar\u00e1 em Muria\u00e9 no dia 28 de outubro - A Not\u00edcia Online","description":"Um dos maiores craques do futebol, Edmundo \u201cAnimal\u201d, \u00eddolo dos vasca\u00ednos, estar\u00e1 em Muria\u00e9, no dia 28 de outubro, para um evento com os f\u00e3s, amantes do esporte e do Vasco da Gama. O encontro acontecer\u00e1 no S\u00edtio do Adelmo, onde apenas torcedores, com a camisa do time carioca, ter\u00e3o acesso. Os ingressos limitados, que","inLanguage":"pt-BR","isPartOf":{"@id":"https:\/\/anoticiaonline.com.br\/site\/#website"},"breadcrumb":{"@id":"https:\/\/anoticiaonline.com.br\/site\/edmundo-animal-estara-em-muriae-no-dia-28-de-outubro\/#breadcrumblist"},"author":{"@id":"https:\/\/anoticiaonline.com.br\/site\/author\/juliana\/#author"},"creator":{"@id":"https:\/\/anoticiaonline.com.br\/site\/author\/juliana\/#author"},"image":{"@type":"ImageObject","url":"https:\/\/anoticiaonline.com.br\/site\/wp-content\/uploads\/2017\/10\/Edmundo-\u201cAnimal\u201d-estar\u00e1-em-Muria\u00e9-no-dia-28-de-outubro.jpg","@id":"https:\/\/anoticiaonline.com.br\/site\/edmundo-animal-estara-em-muriae-no-dia-28-de-outubro\/#mainImage","width":640,"height":480,"caption":"Cr\u00e9ditos: www.bandnews.com.br"},"primaryImageOfPage":{"@id":"https:\/\/anoticiaonline.com.br\/site\/edmundo-animal-estara-em-muriae-no-dia-28-de-outubro\/#mainImage"},"datePublished":"2017-10-19T18:35:21-03:00","dateModified":"2017-10-19T18:35:21-03:00"},{"@type":"WebSite","@id":"https:\/\/anoticiaonline.com.br\/site\/#website","url":"https:\/\/anoticiaonline.com.br\/site\/","name":"A Not\u00edcia Online","description":"Noticias de Muria\u00e9 e regi\u00e3o","inLanguage":"pt-BR","publisher":{"@id":"https:\/\/anoticiaonline.com.br\/site\/#organization"}}]},"og:locale":"pt_BR","og:site_name":"A Not\u00edcia Online - Noticias de Muria\u00e9 e regi\u00e3o","og:type":"article","og:title":"Edmundo \u201cAnimal\u201d estar\u00e1 em Muria\u00e9 no dia 28 de outubro - A Not\u00edcia Online","og:description":"Um dos maiores craques do futebol, Edmundo \u201cAnimal\u201d, \u00eddolo dos vasca\u00ednos, estar\u00e1 em Muria\u00e9, no dia 28 de outubro, para um evento com os f\u00e3s, amantes do esporte e do Vasco da Gama. O encontro acontecer\u00e1 no S\u00edtio do Adelmo, onde apenas torcedores, com a camisa do time carioca, ter\u00e3o acesso. Os ingressos limitados, que","og:url":"https:\/\/anoticiaonline.com.br\/site\/edmundo-animal-estara-em-muriae-no-dia-28-de-outubro\/","og:image":"https:\/\/scontent-gig4-1.xx.fbcdn.net\/v\/t39.30808-1\/270437624_4564083193639691_6907940295614233970_n.jpg?stp=dst-jpg_s200x200_tt6&#038;_nc_cat=111&#038;ccb=1-7&#038;_nc_sid=f907e8&#038;_nc_ohc=SM1wRlP3lJwQ7kNvwEPuBYA&#038;_nc_oc=AdnqrjDN_BNjSSHWO-GbkIWH6fkGMLw4bqvL_NH6e2wMveX7G-rP2dAqsDSq1mJMOaY&#038;_nc_zt=24&#038;_nc_ht=scontent-gig4-1.xx&#038;_nc_gid=AoBFJeGrT1hVaew_6rchkQ&#038;oh=00_AfX7QmFGhQhG2jAllVgXCiM1ZrWgvtp80-Bfppyexh1QEg&#038;oe=689E923C","og:image:secure_url":"https:\/\/scontent-gig4-1.xx.fbcdn.net\/v\/t39.30808-1\/270437624_4564083193639691_6907940295614233970_n.jpg?stp=dst-jpg_s200x200_tt6&#038;_nc_cat=111&#038;ccb=1-7&#038;_nc_sid=f907e8&#038;_nc_ohc=SM1wRlP3lJwQ7kNvwEPuBYA&#038;_nc_oc=AdnqrjDN_BNjSSHWO-GbkIWH6fkGMLw4bqvL_NH6e2wMveX7G-rP2dAqsDSq1mJMOaY&#038;_nc_zt=24&#038;_nc_ht=scontent-gig4-1.xx&#038;_nc_gid=AoBFJeGrT1hVaew_6rchkQ&#038;oh=00_AfX7QmFGhQhG2jAllVgXCiM1ZrWgvtp80-Bfppyexh1QEg&#038;oe=689E923C","article:published_time":"2017-10-19T21:35:21+00:00","article:modified_time":"2017-10-19T21:35:21+00:00","twitter:card":"summary_large_image","twitter:title":"Edmundo \u201cAnimal\u201d estar\u00e1 em Muria\u00e9 no dia 28 de outubro - A Not\u00edcia Online","twitter:description":"Um dos maiores craques do futebol, Edmundo \u201cAnimal\u201d, \u00eddolo dos vasca\u00ednos, estar\u00e1 em Muria\u00e9, no dia 28 de outubro, para um evento com os f\u00e3s, amantes do esporte e do Vasco da Gama. O encontro acontecer\u00e1 no S\u00edtio do Adelmo, onde apenas torcedores, com a camisa do time carioca, ter\u00e3o acesso. Os ingressos limitados, que","twitter:image":"https:\/\/scontent-gig4-1.xx.fbcdn.net\/v\/t39.30808-1\/270437624_4564083193639691_6907940295614233970_n.jpg?stp=dst-jpg_s200x200_tt6&_nc_cat=111&ccb=1-7&_nc_sid=f907e8&_nc_ohc=SM1wRlP3lJwQ7kNvwEPuBYA&_nc_oc=AdnqrjDN_BNjSSHWO-GbkIWH6fkGMLw4bqvL_NH6e2wMveX7G-rP2dAqsDSq1mJMOaY&_nc_zt=24&_nc_ht=scontent-gig4-1.xx&_nc_gid=AoBFJeGrT1hVaew_6rchkQ&oh=00_AfX7QmFGhQhG2jAllVgXCiM1ZrWgvtp80-Bfppyexh1QEg&oe=689E923C"},"aioseo_meta_data":{"post_id":"42685","title":null,"description":null,"keywords":null,"keyphrases":null,"primary_term":null,"canonical_url":null,"og_title":null,"og_description":null,"og_object_type":"default","og_image_type":"default","og_image_url":null,"og_image_width":null,"og_image_height":null,"og_image_custom_url":null,"og_image_custom_fields":null,"og_video":null,"og_custom_url":null,"og_article_section":null,"og_article_tags":null,"twitter_use_og":false,"twitter_card":"default","twitter_image_type":"default","twitter_image_url":null,"twitter_image_custom_url":null,"twitter_image_custom_fields":null,"twitter_title":null,"twitter_description":null,"schema":{"blockGraphs":[],"customGraphs":[],"default":{"data":{"Article":[],"Course":[],"Dataset":[],"FAQPage":[],"Movie":[],"Person":[],"Product":[],"ProductReview":[],"Car":[],"Recipe":[],"Service":[],"SoftwareApplication":[],"WebPage":[]},"graphName":"","isEnabled":true},"graphs":[]},"schema_type":"default","schema_type_options":null,"pillar_content":false,"robots_default":true,"robots_noindex":false,"robots_noarchive":false,"robots_nosnippet":false,"robots_nofollow":false,"robots_noimageindex":false,"robots_noodp":false,"robots_notranslate":false,"robots_max_snippet":null,"robots_max_videopreview":null,"robots_max_imagepreview":"large","priority":null,"frequency":null,"local_seo":null,"breadcrumb_settings":null,"limit_modified_date":false,"ai":null,"created":"2025-08-16 19:39:30","updated":"2025-08-16 19:39:30","focus_keyword":null,"additional_keywords":null,"truseo_locale":null,"seo_analyzer_scan_date":null},"aioseo_breadcrumb":"<div class=\"aioseo-breadcrumbs\"><span class=\"aioseo-breadcrumb\">\n\t\t\t<a href=\"https:\/\/anoticiaonline.com.br\/site\" title=\"Home\">Home<\/a>\n\t\t<\/span><span class=\"aioseo-breadcrumb-separator\">&raquo;<\/span><span class=\"aioseo-breadcrumb\">\n\t\t\t<a href=\"https:\/\/anoticiaonline.com.br\/site\/categoria\/muriae\/\" title=\"Blog\">Blog<\/a>\n\t\t<\/span><span class=\"aioseo-breadcrumb-separator\">&raquo;<\/span><span class=\"aioseo-breadcrumb\">\n\t\t\tEdmundo \u201cAnimal\u201d estar\u00e1 em Muria\u00e9 no dia 28 de outubro\n\t\t<\/span><\/div>","aioseo_breadcrumb_json":[{"label":"Home","link":"https:\/\/anoticiaonline.com.br\/site"},{"label":"Blog","link":"https:\/\/anoticiaonline.com.br\/site\/categoria\/muriae\/"},{"label":"Edmundo \u201cAnimal\u201d estar\u00e1 em Muria\u00e9 no dia 28 de outubro","link":"https:\/\/anoticiaonline.com.br\/site\/edmundo-animal-estara-em-muriae-no-dia-28-de-outubro\/"}],"views":134,"_links":{"self":[{"href":"https:\/\/anoticiaonline.com.br\/site\/wp-json\/wp\/v2\/posts\/42685","targetHints":{"allow":["GET"]}}],"collection":[{"href":"https:\/\/anoticiaonline.com.br\/site\/wp-json\/wp\/v2\/posts"}],"about":[{"href":"https:\/\/anoticiaonline.com.br\/site\/wp-json\/wp\/v2\/types\/post"}],"author":[{"embeddable":true,"href":"https:\/\/anoticiaonline.com.br\/site\/wp-json\/wp\/v2\/users\/2"}],"replies":[{"embeddable":true,"href":"https:\/\/anoticiaonline.com.br\/site\/wp-json\/wp\/v2\/comments?post=42685"}],"version-history":[{"count":0,"href":"https:\/\/anoticiaonline.com.br\/site\/wp-json\/wp\/v2\/posts\/42685\/revisions"}],"wp:featuredmedia":[{"embeddable":true,"href":"https:\/\/anoticiaonline.com.br\/site\/wp-json\/wp\/v2\/media\/42686"}],"wp:attachment":[{"href":"https:\/\/anoticiaonline.com.br\/site\/wp-json\/wp\/v2\/media?parent=42685"}],"wp:term":[{"taxonomy":"category","embeddable":true,"href":"https:\/\/anoticiaonline.com.br\/site\/wp-json\/wp\/v2\/categories?post=42685"},{"taxonomy":"post_tag","embeddable":true,"href":"https:\/\/anoticiaonline.com.br\/site\/wp-json\/wp\/v2\/tags?post=42685"}],"curies":[{"name":"wp","href":"https:\/\/api.w.org\/{rel}","templated":true}]}}