{"id":42673,"date":"2017-10-19T18:12:25","date_gmt":"2017-10-19T21:12:25","guid":{"rendered":"http:\/\/anoticiaonline.com.br\/site\/?p=42673"},"modified":"2017-10-19T18:12:25","modified_gmt":"2017-10-19T21:12:25","slug":"cemiterio-e-limpo-para-receber-visitantes-no-dia-de-finados","status":"publish","type":"post","link":"https:\/\/anoticiaonline.com.br\/site\/cemiterio-e-limpo-para-receber-visitantes-no-dia-de-finados\/","title":{"rendered":"Cemit\u00e9rio \u00e9 limpo para receber visitantes no Dia de Finados"},"content":{"rendered":"<p><a href=\"https:\/\/anoticiaonline.com.br\/site\/wp-content\/uploads\/2017\/10\/Cemit\u00e9rio-\u00e9-limpo-para-receber-visitantes-no-Dia-de-Finados.jpg\"><img fetchpriority=\"high\" decoding=\"async\" class=\"size-medium wp-image-42674 alignleft\" src=\"https:\/\/anoticiaonline.com.br\/site\/wp-content\/uploads\/2017\/10\/Cemit\u00e9rio-\u00e9-limpo-para-receber-visitantes-no-Dia-de-Finados-300x200.jpg\" alt=\"\" width=\"300\" height=\"200\" srcset=\"https:\/\/anoticiaonline.com.br\/site\/wp-content\/uploads\/2017\/10\/Cemit\u00e9rio-\u00e9-limpo-para-receber-visitantes-no-Dia-de-Finados-300x200.jpg 300w, https:\/\/anoticiaonline.com.br\/site\/wp-content\/uploads\/2017\/10\/Cemit\u00e9rio-\u00e9-limpo-para-receber-visitantes-no-Dia-de-Finados.jpg 600w\" sizes=\"(max-width: 300px) 100vw, 300px\" \/><\/a>Come\u00e7ou nessa semana um mutir\u00e3o de limpeza no Cemit\u00e9rio Municipal de Muria\u00e9 para receber os visitantes que ir\u00e3o ao local no dia 2 de novembro, data em que se comemora o Dia de Finados. Dezenas de reeducandos da Penitenci\u00e1ria Dr. Manoel Martins Lisboa J\u00fanior realizam os servi\u00e7os de capina, varri\u00e7\u00e3o, caia\u00e7\u00e3o e retirada de entulho em todo espa\u00e7o.<\/p>\n<p>A limpeza acontecer\u00e1 nos pr\u00f3ximos dias e a previs\u00e3o \u00e9 de retirar 12 caminh\u00f5es de entulhos que ser\u00e3o levados para um local apropriado. As imedia\u00e7\u00f5es do cemit\u00e9rio tamb\u00e9m ser\u00e3o limpas pelos reeducandos. A previs\u00e3o \u00e9 que at\u00e9 o dia 1 de novembro os trabalhos sejam conclu\u00eddos.<\/p>\n<p>De acordo com a coordena\u00e7\u00e3o do cemit\u00e9rio Municipal, cerca de 20 mil pessoas passar\u00e3o pelo local. Os port\u00f5es ser\u00e3o abertos \u00e0s 6 da manh\u00e3 e fechar\u00e3o por volta das 18h. Durante o dia ser\u00e3o celebradas missas para os visitantes. A coordena\u00e7\u00e3o pede para que os visitantes optem pela utiliza\u00e7\u00e3o de cal\u00e7ados fechados. Os servidores estar\u00e3o de prontid\u00e3o no escrit\u00f3rio, durante todo o feriado, para passar informa\u00e7\u00f5es aos visitantes.<\/p>\n","protected":false},"excerpt":{"rendered":"<p>Come\u00e7ou nessa semana um mutir\u00e3o de limpeza no Cemit\u00e9rio Municipal de Muria\u00e9 para receber os visitantes que ir\u00e3o ao local no dia 2 de novembro, data em que se comemora o Dia de Finados. Dezenas de reeducandos da Penitenci\u00e1ria Dr. Manoel Martins Lisboa J\u00fanior realizam os servi\u00e7os de capina, varri\u00e7\u00e3o, caia\u00e7\u00e3o e retirada de entulho &#8230; <a title=\"Cemit\u00e9rio \u00e9 limpo para receber visitantes no Dia de Finados\" class=\"read-more\" href=\"https:\/\/anoticiaonline.com.br\/site\/cemiterio-e-limpo-para-receber-visitantes-no-dia-de-finados\/\" aria-label=\"Read more about Cemit\u00e9rio \u00e9 limpo para receber visitantes no Dia de Finados\">Ler mais<\/a><\/p>\n","protected":false},"author":2,"featured_media":42674,"comment_status":"open","ping_status":"open","sticky":false,"template":"","format":"standard","meta":{"_acf_changed":false,"_monsterinsights_skip_tracking":false,"footnotes":""},"categories":[30],"tags":[1363,1364,74,3],"class_list":["post-42673","post","type-post","status-publish","format-standard","has-post-thumbnail","hentry","category-muriae","tag-cemiterio","tag-finados","tag-muriae","tag-slide"],"acf":[],"aioseo_notices":[],"aioseo_head":"\n\t\t<!-- All in One SEO 5.0.0.1 - aioseo.com -->\n\t<meta name=\"description\" content=\"Come\u00e7ou nessa semana um mutir\u00e3o de limpeza no Cemit\u00e9rio Municipal de Muria\u00e9 para receber os visitantes que ir\u00e3o ao local no dia 2 de novembro, data em que se comemora o Dia de Finados. Dezenas de reeducandos da Penitenci\u00e1ria Dr. Manoel Martins Lisboa J\u00fanior realizam os servi\u00e7os de capina, varri\u00e7\u00e3o, caia\u00e7\u00e3o e retirada de entulho\" \/>\n\t<meta name=\"robots\" content=\"max-image-preview:large\" \/>\n\t<meta name=\"author\" content=\"Juliana Laviola\"\/>\n\t<link rel=\"canonical\" href=\"https:\/\/anoticiaonline.com.br\/site\/cemiterio-e-limpo-para-receber-visitantes-no-dia-de-finados\/\" \/>\n\t<meta name=\"generator\" content=\"All in One SEO (AIOSEO) 5.0.0.1\" \/>\n\t\t<meta property=\"og:locale\" content=\"pt_BR\" \/>\n\t\t<meta property=\"og:site_name\" content=\"A Not\u00edcia Online - Noticias de Muria\u00e9 e regi\u00e3o\" \/>\n\t\t<meta property=\"og:type\" content=\"article\" \/>\n\t\t<meta property=\"og:title\" content=\"Cemit\u00e9rio \u00e9 limpo para receber visitantes no Dia de Finados - A Not\u00edcia Online\" \/>\n\t\t<meta property=\"og:description\" content=\"Come\u00e7ou nessa semana um mutir\u00e3o de limpeza no Cemit\u00e9rio Municipal de Muria\u00e9 para receber os visitantes que ir\u00e3o ao local no dia 2 de novembro, data em que se comemora o Dia de Finados. Dezenas de reeducandos da Penitenci\u00e1ria Dr. Manoel Martins Lisboa J\u00fanior realizam os servi\u00e7os de capina, varri\u00e7\u00e3o, caia\u00e7\u00e3o e retirada de entulho\" \/>\n\t\t<meta property=\"og:url\" content=\"https:\/\/anoticiaonline.com.br\/site\/cemiterio-e-limpo-para-receber-visitantes-no-dia-de-finados\/\" \/>\n\t\t<meta property=\"og:image\" content=\"https:\/\/scontent-gig4-1.xx.fbcdn.net\/v\/t39.30808-1\/270437624_4564083193639691_6907940295614233970_n.jpg?stp=dst-jpg_s200x200_tt6&#038;_nc_cat=111&#038;ccb=1-7&#038;_nc_sid=f907e8&#038;_nc_ohc=SM1wRlP3lJwQ7kNvwEPuBYA&#038;_nc_oc=AdnqrjDN_BNjSSHWO-GbkIWH6fkGMLw4bqvL_NH6e2wMveX7G-rP2dAqsDSq1mJMOaY&#038;_nc_zt=24&#038;_nc_ht=scontent-gig4-1.xx&#038;_nc_gid=AoBFJeGrT1hVaew_6rchkQ&#038;oh=00_AfX7QmFGhQhG2jAllVgXCiM1ZrWgvtp80-Bfppyexh1QEg&#038;oe=689E923C\" \/>\n\t\t<meta property=\"og:image:secure_url\" content=\"https:\/\/scontent-gig4-1.xx.fbcdn.net\/v\/t39.30808-1\/270437624_4564083193639691_6907940295614233970_n.jpg?stp=dst-jpg_s200x200_tt6&#038;_nc_cat=111&#038;ccb=1-7&#038;_nc_sid=f907e8&#038;_nc_ohc=SM1wRlP3lJwQ7kNvwEPuBYA&#038;_nc_oc=AdnqrjDN_BNjSSHWO-GbkIWH6fkGMLw4bqvL_NH6e2wMveX7G-rP2dAqsDSq1mJMOaY&#038;_nc_zt=24&#038;_nc_ht=scontent-gig4-1.xx&#038;_nc_gid=AoBFJeGrT1hVaew_6rchkQ&#038;oh=00_AfX7QmFGhQhG2jAllVgXCiM1ZrWgvtp80-Bfppyexh1QEg&#038;oe=689E923C\" \/>\n\t\t<meta property=\"article:published_time\" content=\"2017-10-19T21:12:25+00:00\" \/>\n\t\t<meta property=\"article:modified_time\" content=\"2017-10-19T21:12:25+00:00\" \/>\n\t\t<meta name=\"twitter:card\" content=\"summary_large_image\" \/>\n\t\t<meta name=\"twitter:title\" content=\"Cemit\u00e9rio \u00e9 limpo para receber visitantes no Dia de Finados - A Not\u00edcia Online\" \/>\n\t\t<meta name=\"twitter:description\" content=\"Come\u00e7ou nessa semana um mutir\u00e3o de limpeza no Cemit\u00e9rio Municipal de Muria\u00e9 para receber os visitantes que ir\u00e3o ao local no dia 2 de novembro, data em que se comemora o Dia de Finados. Dezenas de reeducandos da Penitenci\u00e1ria Dr. Manoel Martins Lisboa J\u00fanior realizam os servi\u00e7os de capina, varri\u00e7\u00e3o, caia\u00e7\u00e3o e retirada de entulho\" \/>\n\t\t<meta name=\"twitter:image\" content=\"https:\/\/scontent-gig4-1.xx.fbcdn.net\/v\/t39.30808-1\/270437624_4564083193639691_6907940295614233970_n.jpg?stp=dst-jpg_s200x200_tt6&amp;_nc_cat=111&amp;ccb=1-7&amp;_nc_sid=f907e8&amp;_nc_ohc=SM1wRlP3lJwQ7kNvwEPuBYA&amp;_nc_oc=AdnqrjDN_BNjSSHWO-GbkIWH6fkGMLw4bqvL_NH6e2wMveX7G-rP2dAqsDSq1mJMOaY&amp;_nc_zt=24&amp;_nc_ht=scontent-gig4-1.xx&amp;_nc_gid=AoBFJeGrT1hVaew_6rchkQ&amp;oh=00_AfX7QmFGhQhG2jAllVgXCiM1ZrWgvtp80-Bfppyexh1QEg&amp;oe=689E923C\" \/>\n\t\t<script type=\"application\/ld+json\" class=\"aioseo-schema\">\n\t\t\t{\"@context\":\"https:\\\/\\\/schema.org\",\"@graph\":[{\"@type\":\"BlogPosting\",\"@id\":\"https:\\\/\\\/anoticiaonline.com.br\\\/site\\\/cemiterio-e-limpo-para-receber-visitantes-no-dia-de-finados\\\/#blogposting\",\"name\":\"Cemit\\u00e9rio \\u00e9 limpo para receber visitantes no Dia de Finados - A Not\\u00edcia Online\",\"headline\":\"Cemit\\u00e9rio \\u00e9 limpo para receber visitantes no Dia de Finados\",\"author\":{\"@id\":\"https:\\\/\\\/anoticiaonline.com.br\\\/site\\\/author\\\/juliana\\\/#author\"},\"publisher\":{\"@id\":\"https:\\\/\\\/anoticiaonline.com.br\\\/site\\\/#organization\"},\"image\":{\"@type\":\"ImageObject\",\"url\":\"https:\\\/\\\/anoticiaonline.com.br\\\/site\\\/wp-content\\\/uploads\\\/2017\\\/10\\\/Cemit\\u00e9rio-\\u00e9-limpo-para-receber-visitantes-no-Dia-de-Finados.jpg\",\"width\":600,\"height\":400},\"datePublished\":\"2017-10-19T18:12:25-03:00\",\"dateModified\":\"2017-10-19T18:12:25-03:00\",\"inLanguage\":\"pt-BR\",\"mainEntityOfPage\":{\"@id\":\"https:\\\/\\\/anoticiaonline.com.br\\\/site\\\/cemiterio-e-limpo-para-receber-visitantes-no-dia-de-finados\\\/#webpage\"},\"isPartOf\":{\"@id\":\"https:\\\/\\\/anoticiaonline.com.br\\\/site\\\/cemiterio-e-limpo-para-receber-visitantes-no-dia-de-finados\\\/#webpage\"},\"articleSection\":\"Blog, cemit\\u00e9rio, finados, Muria\\u00e9, slide\"},{\"@type\":\"BreadcrumbList\",\"@id\":\"https:\\\/\\\/anoticiaonline.com.br\\\/site\\\/cemiterio-e-limpo-para-receber-visitantes-no-dia-de-finados\\\/#breadcrumblist\",\"itemListElement\":[{\"@type\":\"ListItem\",\"@id\":\"https:\\\/\\\/anoticiaonline.com.br\\\/site#listItem\",\"position\":1,\"name\":\"Home\",\"item\":\"https:\\\/\\\/anoticiaonline.com.br\\\/site\",\"nextItem\":{\"@type\":\"ListItem\",\"@id\":\"https:\\\/\\\/anoticiaonline.com.br\\\/site\\\/categoria\\\/muriae\\\/#listItem\",\"name\":\"Blog\"}},{\"@type\":\"ListItem\",\"@id\":\"https:\\\/\\\/anoticiaonline.com.br\\\/site\\\/categoria\\\/muriae\\\/#listItem\",\"position\":2,\"name\":\"Blog\",\"item\":\"https:\\\/\\\/anoticiaonline.com.br\\\/site\\\/categoria\\\/muriae\\\/\",\"nextItem\":{\"@type\":\"ListItem\",\"@id\":\"https:\\\/\\\/anoticiaonline.com.br\\\/site\\\/cemiterio-e-limpo-para-receber-visitantes-no-dia-de-finados\\\/#listItem\",\"name\":\"Cemit\\u00e9rio \\u00e9 limpo para receber visitantes no Dia de Finados\"},\"previousItem\":{\"@type\":\"ListItem\",\"@id\":\"https:\\\/\\\/anoticiaonline.com.br\\\/site#listItem\",\"name\":\"Home\"}},{\"@type\":\"ListItem\",\"@id\":\"https:\\\/\\\/anoticiaonline.com.br\\\/site\\\/cemiterio-e-limpo-para-receber-visitantes-no-dia-de-finados\\\/#listItem\",\"position\":3,\"name\":\"Cemit\\u00e9rio \\u00e9 limpo para receber visitantes no Dia de Finados\",\"previousItem\":{\"@type\":\"ListItem\",\"@id\":\"https:\\\/\\\/anoticiaonline.com.br\\\/site\\\/categoria\\\/muriae\\\/#listItem\",\"name\":\"Blog\"}}]},{\"@type\":\"Organization\",\"@id\":\"https:\\\/\\\/anoticiaonline.com.br\\\/site\\\/#organization\",\"name\":\"A Not\\u00edcia Online\",\"description\":\"Noticias de Muria\\u00e9 e regi\\u00e3o\",\"url\":\"https:\\\/\\\/anoticiaonline.com.br\\\/site\\\/\",\"logo\":{\"@type\":\"ImageObject\",\"url\":\"https:\\\/\\\/scontent-gig4-1.xx.fbcdn.net\\\/v\\\/t39.30808-1\\\/270437624_4564083193639691_6907940295614233970_n.jpg?stp=dst-jpg_s200x200_tt6&_nc_cat=111&ccb=1-7&_nc_sid=f907e8&_nc_ohc=SM1wRlP3lJwQ7kNvwEPuBYA&_nc_oc=AdnqrjDN_BNjSSHWO-GbkIWH6fkGMLw4bqvL_NH6e2wMveX7G-rP2dAqsDSq1mJMOaY&_nc_zt=24&_nc_ht=scontent-gig4-1.xx&_nc_gid=AoBFJeGrT1hVaew_6rchkQ&oh=00_AfX7QmFGhQhG2jAllVgXCiM1ZrWgvtp80-Bfppyexh1QEg&oe=689E923C\",\"@id\":\"https:\\\/\\\/anoticiaonline.com.br\\\/site\\\/cemiterio-e-limpo-para-receber-visitantes-no-dia-de-finados\\\/#organizationLogo\"},\"image\":{\"@id\":\"https:\\\/\\\/anoticiaonline.com.br\\\/site\\\/cemiterio-e-limpo-para-receber-visitantes-no-dia-de-finados\\\/#organizationLogo\"}},{\"@type\":\"Person\",\"@id\":\"https:\\\/\\\/anoticiaonline.com.br\\\/site\\\/author\\\/juliana\\\/#author\",\"url\":\"https:\\\/\\\/anoticiaonline.com.br\\\/site\\\/author\\\/juliana\\\/\",\"name\":\"Juliana Laviola\",\"image\":{\"@type\":\"ImageObject\",\"@id\":\"https:\\\/\\\/anoticiaonline.com.br\\\/site\\\/cemiterio-e-limpo-para-receber-visitantes-no-dia-de-finados\\\/#authorImage\",\"url\":\"https:\\\/\\\/secure.gravatar.com\\\/avatar\\\/b8d45f5c699b100dfaf0e543582f38f38bf94cb7ae3a5e9abf8d891a34773335?s=96&d=mm&r=g\",\"width\":96,\"height\":96,\"caption\":\"Juliana Laviola\"}},{\"@type\":\"WebPage\",\"@id\":\"https:\\\/\\\/anoticiaonline.com.br\\\/site\\\/cemiterio-e-limpo-para-receber-visitantes-no-dia-de-finados\\\/#webpage\",\"url\":\"https:\\\/\\\/anoticiaonline.com.br\\\/site\\\/cemiterio-e-limpo-para-receber-visitantes-no-dia-de-finados\\\/\",\"name\":\"Cemit\\u00e9rio \\u00e9 limpo para receber visitantes no Dia de Finados - A Not\\u00edcia Online\",\"description\":\"Come\\u00e7ou nessa semana um mutir\\u00e3o de limpeza no Cemit\\u00e9rio Municipal de Muria\\u00e9 para receber os visitantes que ir\\u00e3o ao local no dia 2 de novembro, data em que se comemora o Dia de Finados. Dezenas de reeducandos da Penitenci\\u00e1ria Dr. Manoel Martins Lisboa J\\u00fanior realizam os servi\\u00e7os de capina, varri\\u00e7\\u00e3o, caia\\u00e7\\u00e3o e retirada de entulho\",\"inLanguage\":\"pt-BR\",\"isPartOf\":{\"@id\":\"https:\\\/\\\/anoticiaonline.com.br\\\/site\\\/#website\"},\"breadcrumb\":{\"@id\":\"https:\\\/\\\/anoticiaonline.com.br\\\/site\\\/cemiterio-e-limpo-para-receber-visitantes-no-dia-de-finados\\\/#breadcrumblist\"},\"author\":{\"@id\":\"https:\\\/\\\/anoticiaonline.com.br\\\/site\\\/author\\\/juliana\\\/#author\"},\"creator\":{\"@id\":\"https:\\\/\\\/anoticiaonline.com.br\\\/site\\\/author\\\/juliana\\\/#author\"},\"image\":{\"@type\":\"ImageObject\",\"url\":\"https:\\\/\\\/anoticiaonline.com.br\\\/site\\\/wp-content\\\/uploads\\\/2017\\\/10\\\/Cemit\\u00e9rio-\\u00e9-limpo-para-receber-visitantes-no-Dia-de-Finados.jpg\",\"@id\":\"https:\\\/\\\/anoticiaonline.com.br\\\/site\\\/cemiterio-e-limpo-para-receber-visitantes-no-dia-de-finados\\\/#mainImage\",\"width\":600,\"height\":400},\"primaryImageOfPage\":{\"@id\":\"https:\\\/\\\/anoticiaonline.com.br\\\/site\\\/cemiterio-e-limpo-para-receber-visitantes-no-dia-de-finados\\\/#mainImage\"},\"datePublished\":\"2017-10-19T18:12:25-03:00\",\"dateModified\":\"2017-10-19T18:12:25-03:00\"},{\"@type\":\"WebSite\",\"@id\":\"https:\\\/\\\/anoticiaonline.com.br\\\/site\\\/#website\",\"url\":\"https:\\\/\\\/anoticiaonline.com.br\\\/site\\\/\",\"name\":\"A Not\\u00edcia Online\",\"description\":\"Noticias de Muria\\u00e9 e regi\\u00e3o\",\"inLanguage\":\"pt-BR\",\"publisher\":{\"@id\":\"https:\\\/\\\/anoticiaonline.com.br\\\/site\\\/#organization\"}}]}\n\t\t<\/script>\n\t\t<!-- All in One SEO -->\n\n","aioseo_head_json":{"title":"Cemit\u00e9rio \u00e9 limpo para receber visitantes no Dia de Finados - A Not\u00edcia Online","description":"Come\u00e7ou nessa semana um mutir\u00e3o de limpeza no Cemit\u00e9rio Municipal de Muria\u00e9 para receber os visitantes que ir\u00e3o ao local no dia 2 de novembro, data em que se comemora o Dia de Finados. Dezenas de reeducandos da Penitenci\u00e1ria Dr. Manoel Martins Lisboa J\u00fanior realizam os servi\u00e7os de capina, varri\u00e7\u00e3o, caia\u00e7\u00e3o e retirada de entulho","canonical_url":"https:\/\/anoticiaonline.com.br\/site\/cemiterio-e-limpo-para-receber-visitantes-no-dia-de-finados\/","robots":"max-image-preview:large","keywords":"","webmasterTools":{"miscellaneous":""},"schema":{"@context":"https:\/\/schema.org","@graph":[{"@type":"BlogPosting","@id":"https:\/\/anoticiaonline.com.br\/site\/cemiterio-e-limpo-para-receber-visitantes-no-dia-de-finados\/#blogposting","name":"Cemit\u00e9rio \u00e9 limpo para receber visitantes no Dia de Finados - A Not\u00edcia Online","headline":"Cemit\u00e9rio \u00e9 limpo para receber visitantes no Dia de Finados","author":{"@id":"https:\/\/anoticiaonline.com.br\/site\/author\/juliana\/#author"},"publisher":{"@id":"https:\/\/anoticiaonline.com.br\/site\/#organization"},"image":{"@type":"ImageObject","url":"https:\/\/anoticiaonline.com.br\/site\/wp-content\/uploads\/2017\/10\/Cemit\u00e9rio-\u00e9-limpo-para-receber-visitantes-no-Dia-de-Finados.jpg","width":600,"height":400},"datePublished":"2017-10-19T18:12:25-03:00","dateModified":"2017-10-19T18:12:25-03:00","inLanguage":"pt-BR","mainEntityOfPage":{"@id":"https:\/\/anoticiaonline.com.br\/site\/cemiterio-e-limpo-para-receber-visitantes-no-dia-de-finados\/#webpage"},"isPartOf":{"@id":"https:\/\/anoticiaonline.com.br\/site\/cemiterio-e-limpo-para-receber-visitantes-no-dia-de-finados\/#webpage"},"articleSection":"Blog, cemit\u00e9rio, finados, Muria\u00e9, slide"},{"@type":"BreadcrumbList","@id":"https:\/\/anoticiaonline.com.br\/site\/cemiterio-e-limpo-para-receber-visitantes-no-dia-de-finados\/#breadcrumblist","itemListElement":[{"@type":"ListItem","@id":"https:\/\/anoticiaonline.com.br\/site#listItem","position":1,"name":"Home","item":"https:\/\/anoticiaonline.com.br\/site","nextItem":{"@type":"ListItem","@id":"https:\/\/anoticiaonline.com.br\/site\/categoria\/muriae\/#listItem","name":"Blog"}},{"@type":"ListItem","@id":"https:\/\/anoticiaonline.com.br\/site\/categoria\/muriae\/#listItem","position":2,"name":"Blog","item":"https:\/\/anoticiaonline.com.br\/site\/categoria\/muriae\/","nextItem":{"@type":"ListItem","@id":"https:\/\/anoticiaonline.com.br\/site\/cemiterio-e-limpo-para-receber-visitantes-no-dia-de-finados\/#listItem","name":"Cemit\u00e9rio \u00e9 limpo para receber visitantes no Dia de Finados"},"previousItem":{"@type":"ListItem","@id":"https:\/\/anoticiaonline.com.br\/site#listItem","name":"Home"}},{"@type":"ListItem","@id":"https:\/\/anoticiaonline.com.br\/site\/cemiterio-e-limpo-para-receber-visitantes-no-dia-de-finados\/#listItem","position":3,"name":"Cemit\u00e9rio \u00e9 limpo para receber visitantes no Dia de Finados","previousItem":{"@type":"ListItem","@id":"https:\/\/anoticiaonline.com.br\/site\/categoria\/muriae\/#listItem","name":"Blog"}}]},{"@type":"Organization","@id":"https:\/\/anoticiaonline.com.br\/site\/#organization","name":"A Not\u00edcia Online","description":"Noticias de Muria\u00e9 e regi\u00e3o","url":"https:\/\/anoticiaonline.com.br\/site\/","logo":{"@type":"ImageObject","url":"https:\/\/scontent-gig4-1.xx.fbcdn.net\/v\/t39.30808-1\/270437624_4564083193639691_6907940295614233970_n.jpg?stp=dst-jpg_s200x200_tt6&_nc_cat=111&ccb=1-7&_nc_sid=f907e8&_nc_ohc=SM1wRlP3lJwQ7kNvwEPuBYA&_nc_oc=AdnqrjDN_BNjSSHWO-GbkIWH6fkGMLw4bqvL_NH6e2wMveX7G-rP2dAqsDSq1mJMOaY&_nc_zt=24&_nc_ht=scontent-gig4-1.xx&_nc_gid=AoBFJeGrT1hVaew_6rchkQ&oh=00_AfX7QmFGhQhG2jAllVgXCiM1ZrWgvtp80-Bfppyexh1QEg&oe=689E923C","@id":"https:\/\/anoticiaonline.com.br\/site\/cemiterio-e-limpo-para-receber-visitantes-no-dia-de-finados\/#organizationLogo"},"image":{"@id":"https:\/\/anoticiaonline.com.br\/site\/cemiterio-e-limpo-para-receber-visitantes-no-dia-de-finados\/#organizationLogo"}},{"@type":"Person","@id":"https:\/\/anoticiaonline.com.br\/site\/author\/juliana\/#author","url":"https:\/\/anoticiaonline.com.br\/site\/author\/juliana\/","name":"Juliana Laviola","image":{"@type":"ImageObject","@id":"https:\/\/anoticiaonline.com.br\/site\/cemiterio-e-limpo-para-receber-visitantes-no-dia-de-finados\/#authorImage","url":"https:\/\/secure.gravatar.com\/avatar\/b8d45f5c699b100dfaf0e543582f38f38bf94cb7ae3a5e9abf8d891a34773335?s=96&d=mm&r=g","width":96,"height":96,"caption":"Juliana Laviola"}},{"@type":"WebPage","@id":"https:\/\/anoticiaonline.com.br\/site\/cemiterio-e-limpo-para-receber-visitantes-no-dia-de-finados\/#webpage","url":"https:\/\/anoticiaonline.com.br\/site\/cemiterio-e-limpo-para-receber-visitantes-no-dia-de-finados\/","name":"Cemit\u00e9rio \u00e9 limpo para receber visitantes no Dia de Finados - A Not\u00edcia Online","description":"Come\u00e7ou nessa semana um mutir\u00e3o de limpeza no Cemit\u00e9rio Municipal de Muria\u00e9 para receber os visitantes que ir\u00e3o ao local no dia 2 de novembro, data em que se comemora o Dia de Finados. Dezenas de reeducandos da Penitenci\u00e1ria Dr. Manoel Martins Lisboa J\u00fanior realizam os servi\u00e7os de capina, varri\u00e7\u00e3o, caia\u00e7\u00e3o e retirada de entulho","inLanguage":"pt-BR","isPartOf":{"@id":"https:\/\/anoticiaonline.com.br\/site\/#website"},"breadcrumb":{"@id":"https:\/\/anoticiaonline.com.br\/site\/cemiterio-e-limpo-para-receber-visitantes-no-dia-de-finados\/#breadcrumblist"},"author":{"@id":"https:\/\/anoticiaonline.com.br\/site\/author\/juliana\/#author"},"creator":{"@id":"https:\/\/anoticiaonline.com.br\/site\/author\/juliana\/#author"},"image":{"@type":"ImageObject","url":"https:\/\/anoticiaonline.com.br\/site\/wp-content\/uploads\/2017\/10\/Cemit\u00e9rio-\u00e9-limpo-para-receber-visitantes-no-Dia-de-Finados.jpg","@id":"https:\/\/anoticiaonline.com.br\/site\/cemiterio-e-limpo-para-receber-visitantes-no-dia-de-finados\/#mainImage","width":600,"height":400},"primaryImageOfPage":{"@id":"https:\/\/anoticiaonline.com.br\/site\/cemiterio-e-limpo-para-receber-visitantes-no-dia-de-finados\/#mainImage"},"datePublished":"2017-10-19T18:12:25-03:00","dateModified":"2017-10-19T18:12:25-03:00"},{"@type":"WebSite","@id":"https:\/\/anoticiaonline.com.br\/site\/#website","url":"https:\/\/anoticiaonline.com.br\/site\/","name":"A Not\u00edcia Online","description":"Noticias de Muria\u00e9 e regi\u00e3o","inLanguage":"pt-BR","publisher":{"@id":"https:\/\/anoticiaonline.com.br\/site\/#organization"}}]},"og:locale":"pt_BR","og:site_name":"A Not\u00edcia Online - Noticias de Muria\u00e9 e regi\u00e3o","og:type":"article","og:title":"Cemit\u00e9rio \u00e9 limpo para receber visitantes no Dia de Finados - A Not\u00edcia Online","og:description":"Come\u00e7ou nessa semana um mutir\u00e3o de limpeza no Cemit\u00e9rio Municipal de Muria\u00e9 para receber os visitantes que ir\u00e3o ao local no dia 2 de novembro, data em que se comemora o Dia de Finados. Dezenas de reeducandos da Penitenci\u00e1ria Dr. Manoel Martins Lisboa J\u00fanior realizam os servi\u00e7os de capina, varri\u00e7\u00e3o, caia\u00e7\u00e3o e retirada de entulho","og:url":"https:\/\/anoticiaonline.com.br\/site\/cemiterio-e-limpo-para-receber-visitantes-no-dia-de-finados\/","og:image":"https:\/\/scontent-gig4-1.xx.fbcdn.net\/v\/t39.30808-1\/270437624_4564083193639691_6907940295614233970_n.jpg?stp=dst-jpg_s200x200_tt6&#038;_nc_cat=111&#038;ccb=1-7&#038;_nc_sid=f907e8&#038;_nc_ohc=SM1wRlP3lJwQ7kNvwEPuBYA&#038;_nc_oc=AdnqrjDN_BNjSSHWO-GbkIWH6fkGMLw4bqvL_NH6e2wMveX7G-rP2dAqsDSq1mJMOaY&#038;_nc_zt=24&#038;_nc_ht=scontent-gig4-1.xx&#038;_nc_gid=AoBFJeGrT1hVaew_6rchkQ&#038;oh=00_AfX7QmFGhQhG2jAllVgXCiM1ZrWgvtp80-Bfppyexh1QEg&#038;oe=689E923C","og:image:secure_url":"https:\/\/scontent-gig4-1.xx.fbcdn.net\/v\/t39.30808-1\/270437624_4564083193639691_6907940295614233970_n.jpg?stp=dst-jpg_s200x200_tt6&#038;_nc_cat=111&#038;ccb=1-7&#038;_nc_sid=f907e8&#038;_nc_ohc=SM1wRlP3lJwQ7kNvwEPuBYA&#038;_nc_oc=AdnqrjDN_BNjSSHWO-GbkIWH6fkGMLw4bqvL_NH6e2wMveX7G-rP2dAqsDSq1mJMOaY&#038;_nc_zt=24&#038;_nc_ht=scontent-gig4-1.xx&#038;_nc_gid=AoBFJeGrT1hVaew_6rchkQ&#038;oh=00_AfX7QmFGhQhG2jAllVgXCiM1ZrWgvtp80-Bfppyexh1QEg&#038;oe=689E923C","article:published_time":"2017-10-19T21:12:25+00:00","article:modified_time":"2017-10-19T21:12:25+00:00","twitter:card":"summary_large_image","twitter:title":"Cemit\u00e9rio \u00e9 limpo para receber visitantes no Dia de Finados - A Not\u00edcia Online","twitter:description":"Come\u00e7ou nessa semana um mutir\u00e3o de limpeza no Cemit\u00e9rio Municipal de Muria\u00e9 para receber os visitantes que ir\u00e3o ao local no dia 2 de novembro, data em que se comemora o Dia de Finados. Dezenas de reeducandos da Penitenci\u00e1ria Dr. Manoel Martins Lisboa J\u00fanior realizam os servi\u00e7os de capina, varri\u00e7\u00e3o, caia\u00e7\u00e3o e retirada de entulho","twitter:image":"https:\/\/scontent-gig4-1.xx.fbcdn.net\/v\/t39.30808-1\/270437624_4564083193639691_6907940295614233970_n.jpg?stp=dst-jpg_s200x200_tt6&_nc_cat=111&ccb=1-7&_nc_sid=f907e8&_nc_ohc=SM1wRlP3lJwQ7kNvwEPuBYA&_nc_oc=AdnqrjDN_BNjSSHWO-GbkIWH6fkGMLw4bqvL_NH6e2wMveX7G-rP2dAqsDSq1mJMOaY&_nc_zt=24&_nc_ht=scontent-gig4-1.xx&_nc_gid=AoBFJeGrT1hVaew_6rchkQ&oh=00_AfX7QmFGhQhG2jAllVgXCiM1ZrWgvtp80-Bfppyexh1QEg&oe=689E923C"},"aioseo_meta_data":{"post_id":"42673","title":null,"description":null,"keywords":null,"keyphrases":null,"primary_term":null,"canonical_url":null,"og_title":null,"og_description":null,"og_object_type":"default","og_image_type":"default","og_image_url":null,"og_image_width":null,"og_image_height":null,"og_image_custom_url":null,"og_image_custom_fields":null,"og_video":null,"og_custom_url":null,"og_article_section":null,"og_article_tags":null,"twitter_use_og":false,"twitter_card":"default","twitter_image_type":"default","twitter_image_url":null,"twitter_image_custom_url":null,"twitter_image_custom_fields":null,"twitter_title":null,"twitter_description":null,"schema":{"blockGraphs":[],"customGraphs":[],"default":{"data":{"Article":[],"Course":[],"Dataset":[],"FAQPage":[],"Movie":[],"Person":[],"Product":[],"ProductReview":[],"Car":[],"Recipe":[],"Service":[],"SoftwareApplication":[],"WebPage":[]},"graphName":"","isEnabled":true},"graphs":[]},"schema_type":"default","schema_type_options":null,"pillar_content":false,"robots_default":true,"robots_noindex":false,"robots_noarchive":false,"robots_nosnippet":false,"robots_nofollow":false,"robots_noimageindex":false,"robots_noodp":false,"robots_notranslate":false,"robots_max_snippet":null,"robots_max_videopreview":null,"robots_max_imagepreview":"large","priority":null,"frequency":null,"local_seo":null,"breadcrumb_settings":null,"limit_modified_date":false,"ai":null,"created":"2025-08-16 19:39:29","updated":"2025-08-16 19:39:29","focus_keyword":null,"additional_keywords":null,"truseo_locale":null,"seo_analyzer_scan_date":null},"aioseo_breadcrumb":"<div class=\"aioseo-breadcrumbs\"><span class=\"aioseo-breadcrumb\">\n\t\t\t<a href=\"https:\/\/anoticiaonline.com.br\/site\" title=\"Home\">Home<\/a>\n\t\t<\/span><span class=\"aioseo-breadcrumb-separator\">&raquo;<\/span><span class=\"aioseo-breadcrumb\">\n\t\t\t<a href=\"https:\/\/anoticiaonline.com.br\/site\/categoria\/muriae\/\" title=\"Blog\">Blog<\/a>\n\t\t<\/span><span class=\"aioseo-breadcrumb-separator\">&raquo;<\/span><span class=\"aioseo-breadcrumb\">\n\t\t\tCemit\u00e9rio \u00e9 limpo para receber visitantes no Dia de Finados\n\t\t<\/span><\/div>","aioseo_breadcrumb_json":[{"label":"Home","link":"https:\/\/anoticiaonline.com.br\/site"},{"label":"Blog","link":"https:\/\/anoticiaonline.com.br\/site\/categoria\/muriae\/"},{"label":"Cemit\u00e9rio \u00e9 limpo para receber visitantes no Dia de Finados","link":"https:\/\/anoticiaonline.com.br\/site\/cemiterio-e-limpo-para-receber-visitantes-no-dia-de-finados\/"}],"views":153,"_links":{"self":[{"href":"https:\/\/anoticiaonline.com.br\/site\/wp-json\/wp\/v2\/posts\/42673","targetHints":{"allow":["GET"]}}],"collection":[{"href":"https:\/\/anoticiaonline.com.br\/site\/wp-json\/wp\/v2\/posts"}],"about":[{"href":"https:\/\/anoticiaonline.com.br\/site\/wp-json\/wp\/v2\/types\/post"}],"author":[{"embeddable":true,"href":"https:\/\/anoticiaonline.com.br\/site\/wp-json\/wp\/v2\/users\/2"}],"replies":[{"embeddable":true,"href":"https:\/\/anoticiaonline.com.br\/site\/wp-json\/wp\/v2\/comments?post=42673"}],"version-history":[{"count":0,"href":"https:\/\/anoticiaonline.com.br\/site\/wp-json\/wp\/v2\/posts\/42673\/revisions"}],"wp:featuredmedia":[{"embeddable":true,"href":"https:\/\/anoticiaonline.com.br\/site\/wp-json\/wp\/v2\/media\/42674"}],"wp:attachment":[{"href":"https:\/\/anoticiaonline.com.br\/site\/wp-json\/wp\/v2\/media?parent=42673"}],"wp:term":[{"taxonomy":"category","embeddable":true,"href":"https:\/\/anoticiaonline.com.br\/site\/wp-json\/wp\/v2\/categories?post=42673"},{"taxonomy":"post_tag","embeddable":true,"href":"https:\/\/anoticiaonline.com.br\/site\/wp-json\/wp\/v2\/tags?post=42673"}],"curies":[{"name":"wp","href":"https:\/\/api.w.org\/{rel}","templated":true}]}}